{"id":33527,"date":"2021-10-01T06:15:11","date_gmt":"2021-10-01T10:15:11","guid":{"rendered":"https:\/\/www.eldiario.net\/portal\/?p=33527"},"modified":"2021-10-01T06:15:11","modified_gmt":"2021-10-01T10:15:11","slug":"cox-asegura-que-lanchipa-debe-citar-a-camacho","status":"publish","type":"post","link":"https:\/\/www.eldiario.net\/portal\/2021\/10\/01\/cox-asegura-que-lanchipa-debe-citar-a-camacho\/","title":{"rendered":"Cox asegura que Lanchipa debe citar a Camacho"},"content":{"rendered":"<p>El ex defensor del pueblo de Cochabamba, hoy viceministro de R\u00e9gimen Interior, Nelson Cox, lament\u00f3 que el fiscal general, Juan Lanchipa, \u201cdilate\u201d la declaraci\u00f3n del gobernador de Santa Cruz, Luis Fernando Camacho, principal denunciado por el caso de supuesto golpe de Estado de 2019.<br \/>\n\u201cEl fiscal (Lanchipa) tiene que esclarecer ante la poblaci\u00f3n, a la luz del cumplimiento normativo, de todo lo que es la amplia jurisprudencia en procesos penales, deber\u00e1 demostrar por qu\u00e9 existe dejadez, negligencia u omisi\u00f3n en este caso, que est\u00e1 obstaculizando el acceso a la justicia de muchas v\u00edctimas\u201d, dijo Cox.<br \/>\nEn ese marco, manifest\u00f3 que la Asamblea Legislativa tendr\u00eda que remitir una petici\u00f3n de informe a Lanchipa para que explique los pormenores del proceso y la no citaci\u00f3n al principal denunciado del caso.<br \/>\n\u201c\u00bfDe qu\u00e9 privilegios goza para que hasta este momento no le llegue lo que son los criterios de persecuci\u00f3n penal objetiva que tiene el Ministerio P\u00fablico? \u00bfPor qu\u00e9 no se cumple con la citaci\u00f3n? \u00bfPor qu\u00e9 est\u00e1n dilatando tanto? (&#8230;) Quien no permite que avance y se cumplan los procedimientos, tiene un nivel de responsabilidad\u201d, sostuvo.<br \/>\nEn entrevista anterior con EL DIARIO, el abogado Eusebio Vera que patrocina a los ex jefes militares Jorge Terceros y Gonzalo Jarjury manifest\u00f3 que hab\u00edan solicitado la declaraci\u00f3n de Camacho, empero a la fecha no hay respuesta.<br \/>\nJos\u00e9 Luis y Luis Fernando Camacho, dos excomandantes de las Fuerzas Armadas y un excomandante de la Polic\u00eda fueron denunciados por la exdiputada del Movimiento al Socialismo (MAS) Lidia Patty el 28 de noviembre de 2020, por el presunto caso de golpe de Estado.<\/p>\n","protected":false},"excerpt":{"rendered":"<p>El ex defensor del pueblo de Cochabamba, hoy viceministro de R\u00e9gimen Interior, Nelson Cox, lament\u00f3 que el fiscal general, Juan Lanchipa, \u201cdilate\u201d la declaraci\u00f3n del gobernador de Santa Cruz, Luis Fernando Camacho, principal denunciado por el caso de supuesto golpe de Estado de 2019. \u201cEl fiscal (Lanchipa) tiene que esclarecer ante la poblaci\u00f3n, a la [&hellip;]<\/p>\n","protected":false},"author":1,"featured_media":33528,"comment_status":"closed","ping_status":"closed","sticky":false,"template":"","format":"standard","meta":{"_acf_changed":false,"footnotes":""},"categories":[39],"tags":[],"class_list":["post-33527","post","type-post","status-publish","format-standard","has-post-thumbnail","category-sociedad"],"acf":{"antetitulo":""},"yoast_head":"<!-- This site is optimized with the Yoast SEO plugin v28.4 - https:\/\/yoast.com\/product\/yoast-seo-wordpress\/ -->\n<title>Cox asegura que Lanchipa debe citar a Camacho - El Diario - Bolivia<\/title>\n<meta name=\"robots\" content=\"index, follow, max-snippet:-1, max-image-preview:large, max-video-preview:-1\" \/>\n<link rel=\"canonical\" href=\"https:\/\/www.eldiario.net\/portal\/2021\/10\/01\/cox-asegura-que-lanchipa-debe-citar-a-camacho\/\" \/>\n<meta property=\"og:locale\" content=\"es_ES\" \/>\n<meta property=\"og:type\" content=\"article\" \/>\n<meta property=\"og:title\" content=\"Cox asegura que Lanchipa debe citar a Camacho - El Diario - Bolivia\" \/>\n<meta property=\"og:description\" content=\"El ex defensor del pueblo de Cochabamba, hoy viceministro de R\u00e9gimen Interior, Nelson Cox, lament\u00f3 que el fiscal general, Juan Lanchipa, \u201cdilate\u201d la declaraci\u00f3n del gobernador de Santa Cruz, Luis Fernando Camacho, principal denunciado por el caso de supuesto golpe de Estado de 2019. \u201cEl fiscal (Lanchipa) tiene que esclarecer ante la poblaci\u00f3n, a la [&hellip;]\" \/>\n<meta property=\"og:url\" content=\"https:\/\/www.eldiario.net\/portal\/2021\/10\/01\/cox-asegura-que-lanchipa-debe-citar-a-camacho\/\" \/>\n<meta property=\"og:site_name\" content=\"El Diario - Bolivia\" \/>\n<meta property=\"article:publisher\" content=\"https:\/\/www.facebook.com\/eldiario.bolivia\/\" \/>\n<meta property=\"article:published_time\" content=\"2021-10-01T10:15:11+00:00\" \/>\n<meta name=\"author\" content=\"Jeanette\" \/>\n<meta name=\"twitter:card\" content=\"summary_large_image\" \/>\n<meta name=\"twitter:creator\" content=\"@eldiario_net\" \/>\n<meta name=\"twitter:site\" content=\"@eldiario_net\" \/>\n<meta name=\"twitter:label1\" content=\"Escrito por\" \/>\n\t<meta name=\"twitter:data1\" content=\"Jeanette\" \/>\n\t<meta name=\"twitter:label2\" content=\"Tiempo de lectura\" \/>\n\t<meta name=\"twitter:data2\" content=\"2 minutos\" \/>\n<script type=\"application\/ld+json\" class=\"yoast-schema-graph\">{\"@context\":\"https:\\\/\\\/schema.org\",\"@graph\":[{\"@type\":\"Article\",\"@id\":\"https:\\\/\\\/www.eldiario.net\\\/portal\\\/2021\\\/10\\\/01\\\/cox-asegura-que-lanchipa-debe-citar-a-camacho\\\/#article\",\"isPartOf\":{\"@id\":\"https:\\\/\\\/www.eldiario.net\\\/portal\\\/2021\\\/10\\\/01\\\/cox-asegura-que-lanchipa-debe-citar-a-camacho\\\/\"},\"author\":{\"name\":\"Jeanette\",\"@id\":\"https:\\\/\\\/www.eldiario.net\\\/portal\\\/#\\\/schema\\\/person\\\/2c57cf2b7a7ae032e449e4c9b1019eac\"},\"headline\":\"Cox asegura que Lanchipa debe citar a Camacho\",\"datePublished\":\"2021-10-01T10:15:11+00:00\",\"mainEntityOfPage\":{\"@id\":\"https:\\\/\\\/www.eldiario.net\\\/portal\\\/2021\\\/10\\\/01\\\/cox-asegura-que-lanchipa-debe-citar-a-camacho\\\/\"},\"wordCount\":284,\"publisher\":{\"@id\":\"https:\\\/\\\/www.eldiario.net\\\/portal\\\/#organization\"},\"image\":{\"@id\":\"https:\\\/\\\/www.eldiario.net\\\/portal\\\/2021\\\/10\\\/01\\\/cox-asegura-que-lanchipa-debe-citar-a-camacho\\\/#primaryimage\"},\"thumbnailUrl\":\"\",\"articleSection\":[\"Sociedad - Seguridad\"],\"inLanguage\":\"es\"},{\"@type\":\"WebPage\",\"@id\":\"https:\\\/\\\/www.eldiario.net\\\/portal\\\/2021\\\/10\\\/01\\\/cox-asegura-que-lanchipa-debe-citar-a-camacho\\\/\",\"url\":\"https:\\\/\\\/www.eldiario.net\\\/portal\\\/2021\\\/10\\\/01\\\/cox-asegura-que-lanchipa-debe-citar-a-camacho\\\/\",\"name\":\"Cox asegura que Lanchipa debe citar a Camacho - El Diario - Bolivia\",\"isPartOf\":{\"@id\":\"https:\\\/\\\/www.eldiario.net\\\/portal\\\/#website\"},\"primaryImageOfPage\":{\"@id\":\"https:\\\/\\\/www.eldiario.net\\\/portal\\\/2021\\\/10\\\/01\\\/cox-asegura-que-lanchipa-debe-citar-a-camacho\\\/#primaryimage\"},\"image\":{\"@id\":\"https:\\\/\\\/www.eldiario.net\\\/portal\\\/2021\\\/10\\\/01\\\/cox-asegura-que-lanchipa-debe-citar-a-camacho\\\/#primaryimage\"},\"thumbnailUrl\":\"\",\"datePublished\":\"2021-10-01T10:15:11+00:00\",\"breadcrumb\":{\"@id\":\"https:\\\/\\\/www.eldiario.net\\\/portal\\\/2021\\\/10\\\/01\\\/cox-asegura-que-lanchipa-debe-citar-a-camacho\\\/#breadcrumb\"},\"inLanguage\":\"es\",\"potentialAction\":[{\"@type\":\"ReadAction\",\"target\":[\"https:\\\/\\\/www.eldiario.net\\\/portal\\\/2021\\\/10\\\/01\\\/cox-asegura-que-lanchipa-debe-citar-a-camacho\\\/\"]}]},{\"@type\":\"ImageObject\",\"inLanguage\":\"es\",\"@id\":\"https:\\\/\\\/www.eldiario.net\\\/portal\\\/2021\\\/10\\\/01\\\/cox-asegura-que-lanchipa-debe-citar-a-camacho\\\/#primaryimage\",\"url\":\"\",\"contentUrl\":\"\"},{\"@type\":\"BreadcrumbList\",\"@id\":\"https:\\\/\\\/www.eldiario.net\\\/portal\\\/2021\\\/10\\\/01\\\/cox-asegura-que-lanchipa-debe-citar-a-camacho\\\/#breadcrumb\",\"itemListElement\":[{\"@type\":\"ListItem\",\"position\":1,\"name\":\"Portada\",\"item\":\"https:\\\/\\\/www.eldiario.net\\\/portal\\\/\"},{\"@type\":\"ListItem\",\"position\":2,\"name\":\"Cox asegura que Lanchipa debe citar a Camacho\"}]},{\"@type\":\"WebSite\",\"@id\":\"https:\\\/\\\/www.eldiario.net\\\/portal\\\/#website\",\"url\":\"https:\\\/\\\/www.eldiario.net\\\/portal\\\/\",\"name\":\"El Diario - Decano de la prensa nacional\",\"description\":\"El Diario - Decano de la prensa nacional\",\"publisher\":{\"@id\":\"https:\\\/\\\/www.eldiario.net\\\/portal\\\/#organization\"},\"potentialAction\":[{\"@type\":\"SearchAction\",\"target\":{\"@type\":\"EntryPoint\",\"urlTemplate\":\"https:\\\/\\\/www.eldiario.net\\\/portal\\\/?s={search_term_string}\"},\"query-input\":{\"@type\":\"PropertyValueSpecification\",\"valueRequired\":true,\"valueName\":\"search_term_string\"}}],\"inLanguage\":\"es\"},{\"@type\":\"Organization\",\"@id\":\"https:\\\/\\\/www.eldiario.net\\\/portal\\\/#organization\",\"name\":\"El Diario - Decano de la prensa nacional\",\"url\":\"https:\\\/\\\/www.eldiario.net\\\/portal\\\/\",\"logo\":{\"@type\":\"ImageObject\",\"inLanguage\":\"es\",\"@id\":\"https:\\\/\\\/www.eldiario.net\\\/portal\\\/#\\\/schema\\\/logo\\\/image\\\/\",\"url\":\"https:\\\/\\\/www.eldiario.net\\\/portal\\\/wp-content\\\/uploads\\\/2023\\\/07\\\/logo_ED.jpg\",\"contentUrl\":\"https:\\\/\\\/www.eldiario.net\\\/portal\\\/wp-content\\\/uploads\\\/2023\\\/07\\\/logo_ED.jpg\",\"width\":272,\"height\":52,\"caption\":\"El Diario - Decano de la prensa nacional\"},\"image\":{\"@id\":\"https:\\\/\\\/www.eldiario.net\\\/portal\\\/#\\\/schema\\\/logo\\\/image\\\/\"},\"sameAs\":[\"https:\\\/\\\/www.facebook.com\\\/eldiario.bolivia\\\/\",\"https:\\\/\\\/x.com\\\/eldiario_net\"]},{\"@type\":\"Person\",\"@id\":\"https:\\\/\\\/www.eldiario.net\\\/portal\\\/#\\\/schema\\\/person\\\/2c57cf2b7a7ae032e449e4c9b1019eac\",\"name\":\"Jeanette\",\"image\":{\"@type\":\"ImageObject\",\"inLanguage\":\"es\",\"@id\":\"https:\\\/\\\/secure.gravatar.com\\\/avatar\\\/3ea2118a5f7dad2b7138b1187a6b7ee55f160b9968b66013c3a3ef39dd7e5798?s=96&d=mm&r=g\",\"url\":\"https:\\\/\\\/secure.gravatar.com\\\/avatar\\\/3ea2118a5f7dad2b7138b1187a6b7ee55f160b9968b66013c3a3ef39dd7e5798?s=96&d=mm&r=g\",\"contentUrl\":\"https:\\\/\\\/secure.gravatar.com\\\/avatar\\\/3ea2118a5f7dad2b7138b1187a6b7ee55f160b9968b66013c3a3ef39dd7e5798?s=96&d=mm&r=g\",\"caption\":\"Jeanette\"},\"sameAs\":[\"https:\\\/\\\/www.eldiario.net\\\/portal\"],\"url\":\"https:\\\/\\\/www.eldiario.net\\\/portal\\\/author\\\/jeanette\\\/\"}]}<\/script>\n<!-- \/ Yoast SEO plugin. -->","yoast_head_json":{"title":"Cox asegura que Lanchipa debe citar a Camacho - El Diario - Bolivia","robots":{"index":"index","follow":"follow","max-snippet":"max-snippet:-1","max-image-preview":"max-image-preview:large","max-video-preview":"max-video-preview:-1"},"canonical":"https:\/\/www.eldiario.net\/portal\/2021\/10\/01\/cox-asegura-que-lanchipa-debe-citar-a-camacho\/","og_locale":"es_ES","og_type":"article","og_title":"Cox asegura que Lanchipa debe citar a Camacho - El Diario - Bolivia","og_description":"El ex defensor del pueblo de Cochabamba, hoy viceministro de R\u00e9gimen Interior, Nelson Cox, lament\u00f3 que el fiscal general, Juan Lanchipa, \u201cdilate\u201d la declaraci\u00f3n del gobernador de Santa Cruz, Luis Fernando Camacho, principal denunciado por el caso de supuesto golpe de Estado de 2019. \u201cEl fiscal (Lanchipa) tiene que esclarecer ante la poblaci\u00f3n, a la [&hellip;]","og_url":"https:\/\/www.eldiario.net\/portal\/2021\/10\/01\/cox-asegura-que-lanchipa-debe-citar-a-camacho\/","og_site_name":"El Diario - Bolivia","article_publisher":"https:\/\/www.facebook.com\/eldiario.bolivia\/","article_published_time":"2021-10-01T10:15:11+00:00","author":"Jeanette","twitter_card":"summary_large_image","twitter_creator":"@eldiario_net","twitter_site":"@eldiario_net","twitter_misc":{"Escrito por":"Jeanette","Tiempo de lectura":"2 minutos"},"schema":{"@context":"https:\/\/schema.org","@graph":[{"@type":"Article","@id":"https:\/\/www.eldiario.net\/portal\/2021\/10\/01\/cox-asegura-que-lanchipa-debe-citar-a-camacho\/#article","isPartOf":{"@id":"https:\/\/www.eldiario.net\/portal\/2021\/10\/01\/cox-asegura-que-lanchipa-debe-citar-a-camacho\/"},"author":{"name":"Jeanette","@id":"https:\/\/www.eldiario.net\/portal\/#\/schema\/person\/2c57cf2b7a7ae032e449e4c9b1019eac"},"headline":"Cox asegura que Lanchipa debe citar a Camacho","datePublished":"2021-10-01T10:15:11+00:00","mainEntityOfPage":{"@id":"https:\/\/www.eldiario.net\/portal\/2021\/10\/01\/cox-asegura-que-lanchipa-debe-citar-a-camacho\/"},"wordCount":284,"publisher":{"@id":"https:\/\/www.eldiario.net\/portal\/#organization"},"image":{"@id":"https:\/\/www.eldiario.net\/portal\/2021\/10\/01\/cox-asegura-que-lanchipa-debe-citar-a-camacho\/#primaryimage"},"thumbnailUrl":"","articleSection":["Sociedad - Seguridad"],"inLanguage":"es"},{"@type":"WebPage","@id":"https:\/\/www.eldiario.net\/portal\/2021\/10\/01\/cox-asegura-que-lanchipa-debe-citar-a-camacho\/","url":"https:\/\/www.eldiario.net\/portal\/2021\/10\/01\/cox-asegura-que-lanchipa-debe-citar-a-camacho\/","name":"Cox asegura que Lanchipa debe citar a Camacho - El Diario - Bolivia","isPartOf":{"@id":"https:\/\/www.eldiario.net\/portal\/#website"},"primaryImageOfPage":{"@id":"https:\/\/www.eldiario.net\/portal\/2021\/10\/01\/cox-asegura-que-lanchipa-debe-citar-a-camacho\/#primaryimage"},"image":{"@id":"https:\/\/www.eldiario.net\/portal\/2021\/10\/01\/cox-asegura-que-lanchipa-debe-citar-a-camacho\/#primaryimage"},"thumbnailUrl":"","datePublished":"2021-10-01T10:15:11+00:00","breadcrumb":{"@id":"https:\/\/www.eldiario.net\/portal\/2021\/10\/01\/cox-asegura-que-lanchipa-debe-citar-a-camacho\/#breadcrumb"},"inLanguage":"es","potentialAction":[{"@type":"ReadAction","target":["https:\/\/www.eldiario.net\/portal\/2021\/10\/01\/cox-asegura-que-lanchipa-debe-citar-a-camacho\/"]}]},{"@type":"ImageObject","inLanguage":"es","@id":"https:\/\/www.eldiario.net\/portal\/2021\/10\/01\/cox-asegura-que-lanchipa-debe-citar-a-camacho\/#primaryimage","url":"","contentUrl":""},{"@type":"BreadcrumbList","@id":"https:\/\/www.eldiario.net\/portal\/2021\/10\/01\/cox-asegura-que-lanchipa-debe-citar-a-camacho\/#breadcrumb","itemListElement":[{"@type":"ListItem","position":1,"name":"Portada","item":"https:\/\/www.eldiario.net\/portal\/"},{"@type":"ListItem","position":2,"name":"Cox asegura que Lanchipa debe citar a Camacho"}]},{"@type":"WebSite","@id":"https:\/\/www.eldiario.net\/portal\/#website","url":"https:\/\/www.eldiario.net\/portal\/","name":"El Diario - Decano de la prensa nacional","description":"El Diario - Decano de la prensa nacional","publisher":{"@id":"https:\/\/www.eldiario.net\/portal\/#organization"},"potentialAction":[{"@type":"SearchAction","target":{"@type":"EntryPoint","urlTemplate":"https:\/\/www.eldiario.net\/portal\/?s={search_term_string}"},"query-input":{"@type":"PropertyValueSpecification","valueRequired":true,"valueName":"search_term_string"}}],"inLanguage":"es"},{"@type":"Organization","@id":"https:\/\/www.eldiario.net\/portal\/#organization","name":"El Diario - Decano de la prensa nacional","url":"https:\/\/www.eldiario.net\/portal\/","logo":{"@type":"ImageObject","inLanguage":"es","@id":"https:\/\/www.eldiario.net\/portal\/#\/schema\/logo\/image\/","url":"https:\/\/www.eldiario.net\/portal\/wp-content\/uploads\/2023\/07\/logo_ED.jpg","contentUrl":"https:\/\/www.eldiario.net\/portal\/wp-content\/uploads\/2023\/07\/logo_ED.jpg","width":272,"height":52,"caption":"El Diario - Decano de la prensa nacional"},"image":{"@id":"https:\/\/www.eldiario.net\/portal\/#\/schema\/logo\/image\/"},"sameAs":["https:\/\/www.facebook.com\/eldiario.bolivia\/","https:\/\/x.com\/eldiario_net"]},{"@type":"Person","@id":"https:\/\/www.eldiario.net\/portal\/#\/schema\/person\/2c57cf2b7a7ae032e449e4c9b1019eac","name":"Jeanette","image":{"@type":"ImageObject","inLanguage":"es","@id":"https:\/\/secure.gravatar.com\/avatar\/3ea2118a5f7dad2b7138b1187a6b7ee55f160b9968b66013c3a3ef39dd7e5798?s=96&d=mm&r=g","url":"https:\/\/secure.gravatar.com\/avatar\/3ea2118a5f7dad2b7138b1187a6b7ee55f160b9968b66013c3a3ef39dd7e5798?s=96&d=mm&r=g","contentUrl":"https:\/\/secure.gravatar.com\/avatar\/3ea2118a5f7dad2b7138b1187a6b7ee55f160b9968b66013c3a3ef39dd7e5798?s=96&d=mm&r=g","caption":"Jeanette"},"sameAs":["https:\/\/www.eldiario.net\/portal"],"url":"https:\/\/www.eldiario.net\/portal\/author\/jeanette\/"}]}},"_links":{"self":[{"href":"https:\/\/www.eldiario.net\/portal\/wp-json\/wp\/v2\/posts\/33527","targetHints":{"allow":["GET"]}}],"collection":[{"href":"https:\/\/www.eldiario.net\/portal\/wp-json\/wp\/v2\/posts"}],"about":[{"href":"https:\/\/www.eldiario.net\/portal\/wp-json\/wp\/v2\/types\/post"}],"author":[{"embeddable":true,"href":"https:\/\/www.eldiario.net\/portal\/wp-json\/wp\/v2\/users\/1"}],"replies":[{"embeddable":true,"href":"https:\/\/www.eldiario.net\/portal\/wp-json\/wp\/v2\/comments?post=33527"}],"version-history":[{"count":0,"href":"https:\/\/www.eldiario.net\/portal\/wp-json\/wp\/v2\/posts\/33527\/revisions"}],"wp:attachment":[{"href":"https:\/\/www.eldiario.net\/portal\/wp-json\/wp\/v2\/media?parent=33527"}],"wp:term":[{"taxonomy":"category","embeddable":true,"href":"https:\/\/www.eldiario.net\/portal\/wp-json\/wp\/v2\/categories?post=33527"},{"taxonomy":"post_tag","embeddable":true,"href":"https:\/\/www.eldiario.net\/portal\/wp-json\/wp\/v2\/tags?post=33527"}],"curies":[{"name":"wp","href":"https:\/\/api.w.org\/{rel}","templated":true}]}}