{"id":33520,"date":"2021-10-01T06:13:50","date_gmt":"2021-10-01T10:13:50","guid":{"rendered":"https:\/\/www.eldiario.net\/portal\/?p=33520"},"modified":"2021-10-01T06:13:50","modified_gmt":"2021-10-01T10:13:50","slug":"herencia-sin-gas","status":"publish","type":"post","link":"https:\/\/www.eldiario.net\/portal\/2021\/10\/01\/herencia-sin-gas\/","title":{"rendered":"Herencia sin gas"},"content":{"rendered":"<p>Cuando estaba llegando el taladro petrolero que Hugo Ch\u00e1vez hab\u00eda decidido dar en alquiler al gobierno del cocalero Morales, los ind\u00edgenas de la regi\u00f3n de Lliquimuni, en el norte de La Paz, dijeron que no aceptaban la violaci\u00f3n de su territorio.<br \/>\nEra el a\u00f1o 2008 y el cocalero se opuso a que los ind\u00edgenas tuvieran el derecho a la \u201cconsulta previa\u201d, reconocido por las leyes. Y protest\u00f3 diciendo: \u201c\u00bfY entonces, de qu\u00e9 vamos a vivir?\u201d<br \/>\nLleg\u00f3 el taladro venezolano pero nunca fue usado por YPFB, aunque un a\u00f1o despu\u00e9s PDVSA hizo saber al Gobierno boliviano que las facturas del alquiler del equipo estaban corriendo y que en ese momento, con el taladro todav\u00eda sin desembalar, la deuda era de 6,5 millones de d\u00f3lares.<br \/>\nLo que pas\u00f3 despu\u00e9s permite sospechar que el cocalero encontr\u00f3 una respuesta a su pregunta: hab\u00eda que vivir de otras cositas para las cuales no se necesitan taladros petroleros. Y a eso se dedica en cuerpo y alma, aunque ahora ha agrandado su visi\u00f3n: piensa en la geopol\u00edtica de la coca y sus derivados.<br \/>\nEl taladro fue olvidado y Ch\u00e1vez entendi\u00f3 que el negocio estaba en otras cosas, aquellas que suger\u00eda el cocalero, con lo que todo el proyecto petrolero qued\u00f3 archivado para ambos pa\u00edses: PDVSA est\u00e1 ahora quebrada mientras que YPFB se ha quedado sin reservas de gas natural, pero el otro negocio va a toda vela.<br \/>\nHay un venezolano, de nombre Hugo Carvajal, que est\u00e1 haciendo revelaciones sobre c\u00f3mo funcion\u00f3 el negocio que los caudillos de ambos pa\u00edses hab\u00edan elegido para el destino de sus pa\u00edses. El \u201cPollo\u201d Carvajal es la pesadilla de todos los que participaron en lo que se llam\u00f3 el \u201cC\u00e1rtel de los Soles\u201d.<br \/>\nEn este momento, el problema del agotamiento de las reservas de gas crea en Bolivia un problema muy dif\u00edcil de resolver, ni siquiera echando mano a los recursos que genera la actividad econ\u00f3mica alternativa, porque es ilegal.<br \/>\nYPFB ha informado a ENDE que debe reducir el consumo de gas en las plantas termoel\u00e9ctricas porque el gas se est\u00e1 acabando a un ritmo muy acelerado.<br \/>\nEl cocalero Morales revel\u00f3 hace pocos d\u00edas que para \u00e9l \u201cla guerra de la coca fue m\u00e1s importante que la guerra del gas\u201d. Son las prioridades del caudillo.<br \/>\nEl presidente Luis Arce ha tomado el caso con demasiada ligereza: ha pedido no preocuparse por el agotamiento del gas, porque ahora el pa\u00eds tendr\u00e1 a su alcance energ\u00eda el\u00e9ctrica procedente de plantas e\u00f3licas y solares. El problema es que los ritmos no concuerdan: el gas se est\u00e1 agotando demasiado r\u00e1pido y las plantas e\u00f3licas y solares ni est\u00e1n en veremos.<br \/>\nY ni siquiera se quiere mencionar otra forma de energ\u00eda, como la nuclear, porque ese negocio est\u00e1 reservado para pa\u00edses amigos del masismo, con la explotaci\u00f3n \u2013y exportaci\u00f3n\u2013 de tantalio y torio.<\/p>\n<p><a href=\"https:\/\/www.eldiario.net\/portal\/wp-content\/uploads\/2021\/10\/Sin-titulo-1.jpg\"><img loading=\"lazy\" decoding=\"async\" class=\"aligncenter size-medium wp-image-33521\" src=\"https:\/\/www.eldiario.net\/portal\/wp-content\/uploads\/2021\/10\/Sin-titulo-1-300x60.jpg\" alt=\"\" width=\"300\" height=\"60\" \/><\/a><\/p>\n<p><img loading=\"lazy\" decoding=\"async\" class=\"alignleft size-full wp-image-33522\" src=\"https:\/\/www.eldiario.net\/portal\/wp-content\/uploads\/2021\/10\/PETROLEO.jpg\" alt=\"\" width=\"150\" height=\"196\" \/>PETR\u00d3LEO<\/p>\n<p>Informes internos de funcionarios del Gobierno central de China aseguran que se ha ordenado a las principales empresas energ\u00e9ticas estatales del pa\u00eds que \u201caseguraran los suministros para este invierno a toda costa\u00bb. La decisi\u00f3n responde a una serie de apagones en varias ciudades chinas y los efectos sobre el precio del petr\u00f3leo se han sentido de inmediato y podr\u00edan durar hasta que pase el invierno en el hemisferio norte.<\/p>\n<p>&nbsp;<\/p>\n<p>&nbsp;<\/p>\n<p><img loading=\"lazy\" decoding=\"async\" class=\"alignleft size-full wp-image-33523\" src=\"https:\/\/www.eldiario.net\/portal\/wp-content\/uploads\/2021\/10\/ORO.jpg\" alt=\"\" width=\"150\" height=\"191\" \/>ORO<\/p>\n<p>Los precios del oro subieron m\u00e1s del 2 % el jueves despu\u00e9s de que el d\u00f3lar cayera debido a las p\u00e9simas cifras de empleo semanales en Estados Unidos, pero esto no ser\u00e1 suficiente para revertir la tendencia del tercer trimestre que sigue siendo a la baja. Mientras tanto, en India, el principal mercado del oro que exporta Bolivia, el precio del oro se mantiene a la baja y lleg\u00f3 a su nivel m\u00e1s bajo en seis meses durante esta semana.<\/p>\n<p>&nbsp;<\/p>\n<p>&nbsp;<\/p>\n<p><img loading=\"lazy\" decoding=\"async\" class=\"alignleft size-full wp-image-33524\" src=\"https:\/\/www.eldiario.net\/portal\/wp-content\/uploads\/2021\/10\/ZINC.jpg\" alt=\"\" width=\"150\" height=\"192\" \/>ZINC<\/p>\n<p>Los apagones por falta de combustibles en las generadoras de electricidad de China han afectado de forma negativa al mercado de zinc del mundo. China es el principal consumidor mundial de zinc. De acuerdo con el plan de control dual de la ciudad de Xinghua, uno de los mayores centros de procesado de zinc en China, todas las empresas industriales han suspender operaciones el 16 de septiembre y no empezar\u00e1n de nuevo hasta el 8 de octubre.<\/p>\n<p>&nbsp;<\/p>\n<p>&nbsp;<\/p>\n<p><em><strong>3 de 4 venezolanos<\/strong><\/em><\/p>\n<p>El 76,6 % de la poblaci\u00f3n de Venezuela vive en condiciones de pobreza, seg\u00fan el estudio Encovi, el m\u00e1s importante del pa\u00eds. Esto quiere decir que m\u00e1s de 21 de los 28 millones de venezolanos que a\u00fan viven en el pa\u00eds son pobres. Entre 6 y 5 millones de venezolanos han migrado en los \u00faltimos 3 a\u00f1os escapando del socialismo del siglo XXI.<\/p>\n<p><em><strong>\u201cPenurias econ\u00f3micas\u201d<\/strong><\/em><\/p>\n<p>Argentina corre el riesgo de repetir sus penurias econ\u00f3micas, asegura una editorial del FT de Londres. \u201cSi Fern\u00e1ndez deciden aumentar el gasto adicional financiado con emisi\u00f3n monetaria, sin acordar con el FMI ni restaurar la confianza de las empresas para impulsar la inversi\u00f3n, se viene una crisis econ\u00f3mica y una derrota en las urnas\u201d.<\/p>\n<p><em><strong>Renegociar Camisea<\/strong><\/em><\/p>\n<p>La solicitud del Gobierno peruano de renegociar el contrato de concesi\u00f3n del Consorcio Camisea, de gas natural, ha generado olas en las bolsas de valores y la capacidad de conseguir financiamiento de las empresas que trabajan en el sector para invertir en exploraci\u00f3n. En Bolivia el proceso fue llamado nacionalizaci\u00f3n, pero el efecto es el mismo.<\/p>\n<p style=\"text-align: center;\">Lo bueno<br \/>\n***<br \/>\nEs que el Gobierno ha frenado la aprobaci\u00f3n de la ley de Legitimaci\u00f3n de Ganancias Il\u00edcitas en vista de las protestas de casi todos los sectores.<\/p>\n<p style=\"text-align: center;\">Lo malo<br \/>\n***<br \/>\nEs que la intenci\u00f3n de los estrategas del gobierno es aprobarla de todos modos para despojar de sus bienes a todos los que critican al masismo.<\/p>\n<p style=\"text-align: center;\">Lo feo<br \/>\n***<br \/>\nEs que son los gremiales y empresarios quienes expresan el criterio de la ciudadan\u00eda, mientras la oposici\u00f3n parlamentaria va muy lenta.<\/p>\n","protected":false},"excerpt":{"rendered":"<p>Cuando estaba llegando el taladro petrolero que Hugo Ch\u00e1vez hab\u00eda decidido dar en alquiler al gobierno del cocalero Morales, los ind\u00edgenas de la regi\u00f3n de Lliquimuni, en el norte de La Paz, dijeron que no aceptaban la violaci\u00f3n de su territorio. Era el a\u00f1o 2008 y el cocalero se opuso a que los ind\u00edgenas tuvieran [&hellip;]<\/p>\n","protected":false},"author":1,"featured_media":33525,"comment_status":"closed","ping_status":"closed","sticky":false,"template":"","format":"standard","meta":{"_acf_changed":false,"footnotes":""},"categories":[7],"tags":[],"class_list":["post-33520","post","type-post","status-publish","format-standard","has-post-thumbnail","category-economia"],"acf":{"antetitulo":""},"yoast_head":"<!-- This site is optimized with the Yoast SEO plugin v28.4 - https:\/\/yoast.com\/product\/yoast-seo-wordpress\/ -->\n<title>Herencia sin gas - El Diario - Bolivia<\/title>\n<meta name=\"robots\" content=\"index, follow, max-snippet:-1, max-image-preview:large, max-video-preview:-1\" \/>\n<link rel=\"canonical\" href=\"https:\/\/www.eldiario.net\/portal\/2021\/10\/01\/herencia-sin-gas\/\" \/>\n<meta property=\"og:locale\" content=\"es_ES\" \/>\n<meta property=\"og:type\" content=\"article\" \/>\n<meta property=\"og:title\" content=\"Herencia sin gas - El Diario - Bolivia\" \/>\n<meta property=\"og:description\" content=\"Cuando estaba llegando el taladro petrolero que Hugo Ch\u00e1vez hab\u00eda decidido dar en alquiler al gobierno del cocalero Morales, los ind\u00edgenas de la regi\u00f3n de Lliquimuni, en el norte de La Paz, dijeron que no aceptaban la violaci\u00f3n de su territorio. Era el a\u00f1o 2008 y el cocalero se opuso a que los ind\u00edgenas tuvieran [&hellip;]\" \/>\n<meta property=\"og:url\" content=\"https:\/\/www.eldiario.net\/portal\/2021\/10\/01\/herencia-sin-gas\/\" \/>\n<meta property=\"og:site_name\" content=\"El Diario - Bolivia\" \/>\n<meta property=\"article:publisher\" content=\"https:\/\/www.facebook.com\/eldiario.bolivia\/\" \/>\n<meta property=\"article:published_time\" content=\"2021-10-01T10:13:50+00:00\" \/>\n<meta property=\"og:image\" content=\"https:\/\/www.eldiario.net\/portal\/wp-content\/uploads\/2021\/10\/economia_v.jpg\" \/>\n\t<meta property=\"og:image:width\" content=\"1\" \/>\n\t<meta property=\"og:image:height\" content=\"1\" \/>\n\t<meta property=\"og:image:type\" content=\"image\/jpeg\" \/>\n<meta name=\"author\" content=\"Jeanette\" \/>\n<meta name=\"twitter:card\" content=\"summary_large_image\" \/>\n<meta name=\"twitter:creator\" content=\"@eldiario_net\" \/>\n<meta name=\"twitter:site\" content=\"@eldiario_net\" \/>\n<meta name=\"twitter:label1\" content=\"Escrito por\" \/>\n\t<meta name=\"twitter:data1\" content=\"Jeanette\" \/>\n\t<meta name=\"twitter:label2\" content=\"Tiempo de lectura\" \/>\n\t<meta name=\"twitter:data2\" content=\"6 minutos\" \/>\n<script type=\"application\/ld+json\" class=\"yoast-schema-graph\">{\"@context\":\"https:\\\/\\\/schema.org\",\"@graph\":[{\"@type\":\"Article\",\"@id\":\"https:\\\/\\\/www.eldiario.net\\\/portal\\\/2021\\\/10\\\/01\\\/herencia-sin-gas\\\/#article\",\"isPartOf\":{\"@id\":\"https:\\\/\\\/www.eldiario.net\\\/portal\\\/2021\\\/10\\\/01\\\/herencia-sin-gas\\\/\"},\"author\":{\"name\":\"Jeanette\",\"@id\":\"https:\\\/\\\/www.eldiario.net\\\/portal\\\/#\\\/schema\\\/person\\\/2c57cf2b7a7ae032e449e4c9b1019eac\"},\"headline\":\"Herencia sin gas\",\"datePublished\":\"2021-10-01T10:13:50+00:00\",\"mainEntityOfPage\":{\"@id\":\"https:\\\/\\\/www.eldiario.net\\\/portal\\\/2021\\\/10\\\/01\\\/herencia-sin-gas\\\/\"},\"wordCount\":1024,\"publisher\":{\"@id\":\"https:\\\/\\\/www.eldiario.net\\\/portal\\\/#organization\"},\"image\":{\"@id\":\"https:\\\/\\\/www.eldiario.net\\\/portal\\\/2021\\\/10\\\/01\\\/herencia-sin-gas\\\/#primaryimage\"},\"thumbnailUrl\":\"https:\\\/\\\/www.eldiario.net\\\/portal\\\/wp-content\\\/uploads\\\/2021\\\/10\\\/economia_v.jpg\",\"articleSection\":[\"Econom\u00eda\"],\"inLanguage\":\"es\"},{\"@type\":\"WebPage\",\"@id\":\"https:\\\/\\\/www.eldiario.net\\\/portal\\\/2021\\\/10\\\/01\\\/herencia-sin-gas\\\/\",\"url\":\"https:\\\/\\\/www.eldiario.net\\\/portal\\\/2021\\\/10\\\/01\\\/herencia-sin-gas\\\/\",\"name\":\"Herencia sin gas - El Diario - Bolivia\",\"isPartOf\":{\"@id\":\"https:\\\/\\\/www.eldiario.net\\\/portal\\\/#website\"},\"primaryImageOfPage\":{\"@id\":\"https:\\\/\\\/www.eldiario.net\\\/portal\\\/2021\\\/10\\\/01\\\/herencia-sin-gas\\\/#primaryimage\"},\"image\":{\"@id\":\"https:\\\/\\\/www.eldiario.net\\\/portal\\\/2021\\\/10\\\/01\\\/herencia-sin-gas\\\/#primaryimage\"},\"thumbnailUrl\":\"https:\\\/\\\/www.eldiario.net\\\/portal\\\/wp-content\\\/uploads\\\/2021\\\/10\\\/economia_v.jpg\",\"datePublished\":\"2021-10-01T10:13:50+00:00\",\"breadcrumb\":{\"@id\":\"https:\\\/\\\/www.eldiario.net\\\/portal\\\/2021\\\/10\\\/01\\\/herencia-sin-gas\\\/#breadcrumb\"},\"inLanguage\":\"es\",\"potentialAction\":[{\"@type\":\"ReadAction\",\"target\":[\"https:\\\/\\\/www.eldiario.net\\\/portal\\\/2021\\\/10\\\/01\\\/herencia-sin-gas\\\/\"]}]},{\"@type\":\"ImageObject\",\"inLanguage\":\"es\",\"@id\":\"https:\\\/\\\/www.eldiario.net\\\/portal\\\/2021\\\/10\\\/01\\\/herencia-sin-gas\\\/#primaryimage\",\"url\":\"https:\\\/\\\/www.eldiario.net\\\/portal\\\/wp-content\\\/uploads\\\/2021\\\/10\\\/economia_v.jpg\",\"contentUrl\":\"https:\\\/\\\/www.eldiario.net\\\/portal\\\/wp-content\\\/uploads\\\/2021\\\/10\\\/economia_v.jpg\"},{\"@type\":\"BreadcrumbList\",\"@id\":\"https:\\\/\\\/www.eldiario.net\\\/portal\\\/2021\\\/10\\\/01\\\/herencia-sin-gas\\\/#breadcrumb\",\"itemListElement\":[{\"@type\":\"ListItem\",\"position\":1,\"name\":\"Portada\",\"item\":\"https:\\\/\\\/www.eldiario.net\\\/portal\\\/\"},{\"@type\":\"ListItem\",\"position\":2,\"name\":\"Herencia sin gas\"}]},{\"@type\":\"WebSite\",\"@id\":\"https:\\\/\\\/www.eldiario.net\\\/portal\\\/#website\",\"url\":\"https:\\\/\\\/www.eldiario.net\\\/portal\\\/\",\"name\":\"El Diario - Decano de la prensa nacional\",\"description\":\"El Diario - Decano de la prensa nacional\",\"publisher\":{\"@id\":\"https:\\\/\\\/www.eldiario.net\\\/portal\\\/#organization\"},\"potentialAction\":[{\"@type\":\"SearchAction\",\"target\":{\"@type\":\"EntryPoint\",\"urlTemplate\":\"https:\\\/\\\/www.eldiario.net\\\/portal\\\/?s={search_term_string}\"},\"query-input\":{\"@type\":\"PropertyValueSpecification\",\"valueRequired\":true,\"valueName\":\"search_term_string\"}}],\"inLanguage\":\"es\"},{\"@type\":\"Organization\",\"@id\":\"https:\\\/\\\/www.eldiario.net\\\/portal\\\/#organization\",\"name\":\"El Diario - Decano de la prensa nacional\",\"url\":\"https:\\\/\\\/www.eldiario.net\\\/portal\\\/\",\"logo\":{\"@type\":\"ImageObject\",\"inLanguage\":\"es\",\"@id\":\"https:\\\/\\\/www.eldiario.net\\\/portal\\\/#\\\/schema\\\/logo\\\/image\\\/\",\"url\":\"https:\\\/\\\/www.eldiario.net\\\/portal\\\/wp-content\\\/uploads\\\/2023\\\/07\\\/logo_ED.jpg\",\"contentUrl\":\"https:\\\/\\\/www.eldiario.net\\\/portal\\\/wp-content\\\/uploads\\\/2023\\\/07\\\/logo_ED.jpg\",\"width\":272,\"height\":52,\"caption\":\"El Diario - Decano de la prensa nacional\"},\"image\":{\"@id\":\"https:\\\/\\\/www.eldiario.net\\\/portal\\\/#\\\/schema\\\/logo\\\/image\\\/\"},\"sameAs\":[\"https:\\\/\\\/www.facebook.com\\\/eldiario.bolivia\\\/\",\"https:\\\/\\\/x.com\\\/eldiario_net\"]},{\"@type\":\"Person\",\"@id\":\"https:\\\/\\\/www.eldiario.net\\\/portal\\\/#\\\/schema\\\/person\\\/2c57cf2b7a7ae032e449e4c9b1019eac\",\"name\":\"Jeanette\",\"image\":{\"@type\":\"ImageObject\",\"inLanguage\":\"es\",\"@id\":\"https:\\\/\\\/secure.gravatar.com\\\/avatar\\\/3ea2118a5f7dad2b7138b1187a6b7ee55f160b9968b66013c3a3ef39dd7e5798?s=96&d=mm&r=g\",\"url\":\"https:\\\/\\\/secure.gravatar.com\\\/avatar\\\/3ea2118a5f7dad2b7138b1187a6b7ee55f160b9968b66013c3a3ef39dd7e5798?s=96&d=mm&r=g\",\"contentUrl\":\"https:\\\/\\\/secure.gravatar.com\\\/avatar\\\/3ea2118a5f7dad2b7138b1187a6b7ee55f160b9968b66013c3a3ef39dd7e5798?s=96&d=mm&r=g\",\"caption\":\"Jeanette\"},\"sameAs\":[\"https:\\\/\\\/www.eldiario.net\\\/portal\"],\"url\":\"https:\\\/\\\/www.eldiario.net\\\/portal\\\/author\\\/jeanette\\\/\"}]}<\/script>\n<!-- \/ Yoast SEO plugin. -->","yoast_head_json":{"title":"Herencia sin gas - El Diario - Bolivia","robots":{"index":"index","follow":"follow","max-snippet":"max-snippet:-1","max-image-preview":"max-image-preview:large","max-video-preview":"max-video-preview:-1"},"canonical":"https:\/\/www.eldiario.net\/portal\/2021\/10\/01\/herencia-sin-gas\/","og_locale":"es_ES","og_type":"article","og_title":"Herencia sin gas - El Diario - Bolivia","og_description":"Cuando estaba llegando el taladro petrolero que Hugo Ch\u00e1vez hab\u00eda decidido dar en alquiler al gobierno del cocalero Morales, los ind\u00edgenas de la regi\u00f3n de Lliquimuni, en el norte de La Paz, dijeron que no aceptaban la violaci\u00f3n de su territorio. Era el a\u00f1o 2008 y el cocalero se opuso a que los ind\u00edgenas tuvieran [&hellip;]","og_url":"https:\/\/www.eldiario.net\/portal\/2021\/10\/01\/herencia-sin-gas\/","og_site_name":"El Diario - Bolivia","article_publisher":"https:\/\/www.facebook.com\/eldiario.bolivia\/","article_published_time":"2021-10-01T10:13:50+00:00","og_image":[{"url":"https:\/\/www.eldiario.net\/portal\/wp-content\/uploads\/2021\/10\/economia_v.jpg","width":1,"height":1,"type":"image\/jpeg"}],"author":"Jeanette","twitter_card":"summary_large_image","twitter_creator":"@eldiario_net","twitter_site":"@eldiario_net","twitter_misc":{"Escrito por":"Jeanette","Tiempo de lectura":"6 minutos"},"schema":{"@context":"https:\/\/schema.org","@graph":[{"@type":"Article","@id":"https:\/\/www.eldiario.net\/portal\/2021\/10\/01\/herencia-sin-gas\/#article","isPartOf":{"@id":"https:\/\/www.eldiario.net\/portal\/2021\/10\/01\/herencia-sin-gas\/"},"author":{"name":"Jeanette","@id":"https:\/\/www.eldiario.net\/portal\/#\/schema\/person\/2c57cf2b7a7ae032e449e4c9b1019eac"},"headline":"Herencia sin gas","datePublished":"2021-10-01T10:13:50+00:00","mainEntityOfPage":{"@id":"https:\/\/www.eldiario.net\/portal\/2021\/10\/01\/herencia-sin-gas\/"},"wordCount":1024,"publisher":{"@id":"https:\/\/www.eldiario.net\/portal\/#organization"},"image":{"@id":"https:\/\/www.eldiario.net\/portal\/2021\/10\/01\/herencia-sin-gas\/#primaryimage"},"thumbnailUrl":"https:\/\/www.eldiario.net\/portal\/wp-content\/uploads\/2021\/10\/economia_v.jpg","articleSection":["Econom\u00eda"],"inLanguage":"es"},{"@type":"WebPage","@id":"https:\/\/www.eldiario.net\/portal\/2021\/10\/01\/herencia-sin-gas\/","url":"https:\/\/www.eldiario.net\/portal\/2021\/10\/01\/herencia-sin-gas\/","name":"Herencia sin gas - El Diario - Bolivia","isPartOf":{"@id":"https:\/\/www.eldiario.net\/portal\/#website"},"primaryImageOfPage":{"@id":"https:\/\/www.eldiario.net\/portal\/2021\/10\/01\/herencia-sin-gas\/#primaryimage"},"image":{"@id":"https:\/\/www.eldiario.net\/portal\/2021\/10\/01\/herencia-sin-gas\/#primaryimage"},"thumbnailUrl":"https:\/\/www.eldiario.net\/portal\/wp-content\/uploads\/2021\/10\/economia_v.jpg","datePublished":"2021-10-01T10:13:50+00:00","breadcrumb":{"@id":"https:\/\/www.eldiario.net\/portal\/2021\/10\/01\/herencia-sin-gas\/#breadcrumb"},"inLanguage":"es","potentialAction":[{"@type":"ReadAction","target":["https:\/\/www.eldiario.net\/portal\/2021\/10\/01\/herencia-sin-gas\/"]}]},{"@type":"ImageObject","inLanguage":"es","@id":"https:\/\/www.eldiario.net\/portal\/2021\/10\/01\/herencia-sin-gas\/#primaryimage","url":"https:\/\/www.eldiario.net\/portal\/wp-content\/uploads\/2021\/10\/economia_v.jpg","contentUrl":"https:\/\/www.eldiario.net\/portal\/wp-content\/uploads\/2021\/10\/economia_v.jpg"},{"@type":"BreadcrumbList","@id":"https:\/\/www.eldiario.net\/portal\/2021\/10\/01\/herencia-sin-gas\/#breadcrumb","itemListElement":[{"@type":"ListItem","position":1,"name":"Portada","item":"https:\/\/www.eldiario.net\/portal\/"},{"@type":"ListItem","position":2,"name":"Herencia sin gas"}]},{"@type":"WebSite","@id":"https:\/\/www.eldiario.net\/portal\/#website","url":"https:\/\/www.eldiario.net\/portal\/","name":"El Diario - Decano de la prensa nacional","description":"El Diario - Decano de la prensa nacional","publisher":{"@id":"https:\/\/www.eldiario.net\/portal\/#organization"},"potentialAction":[{"@type":"SearchAction","target":{"@type":"EntryPoint","urlTemplate":"https:\/\/www.eldiario.net\/portal\/?s={search_term_string}"},"query-input":{"@type":"PropertyValueSpecification","valueRequired":true,"valueName":"search_term_string"}}],"inLanguage":"es"},{"@type":"Organization","@id":"https:\/\/www.eldiario.net\/portal\/#organization","name":"El Diario - Decano de la prensa nacional","url":"https:\/\/www.eldiario.net\/portal\/","logo":{"@type":"ImageObject","inLanguage":"es","@id":"https:\/\/www.eldiario.net\/portal\/#\/schema\/logo\/image\/","url":"https:\/\/www.eldiario.net\/portal\/wp-content\/uploads\/2023\/07\/logo_ED.jpg","contentUrl":"https:\/\/www.eldiario.net\/portal\/wp-content\/uploads\/2023\/07\/logo_ED.jpg","width":272,"height":52,"caption":"El Diario - Decano de la prensa nacional"},"image":{"@id":"https:\/\/www.eldiario.net\/portal\/#\/schema\/logo\/image\/"},"sameAs":["https:\/\/www.facebook.com\/eldiario.bolivia\/","https:\/\/x.com\/eldiario_net"]},{"@type":"Person","@id":"https:\/\/www.eldiario.net\/portal\/#\/schema\/person\/2c57cf2b7a7ae032e449e4c9b1019eac","name":"Jeanette","image":{"@type":"ImageObject","inLanguage":"es","@id":"https:\/\/secure.gravatar.com\/avatar\/3ea2118a5f7dad2b7138b1187a6b7ee55f160b9968b66013c3a3ef39dd7e5798?s=96&d=mm&r=g","url":"https:\/\/secure.gravatar.com\/avatar\/3ea2118a5f7dad2b7138b1187a6b7ee55f160b9968b66013c3a3ef39dd7e5798?s=96&d=mm&r=g","contentUrl":"https:\/\/secure.gravatar.com\/avatar\/3ea2118a5f7dad2b7138b1187a6b7ee55f160b9968b66013c3a3ef39dd7e5798?s=96&d=mm&r=g","caption":"Jeanette"},"sameAs":["https:\/\/www.eldiario.net\/portal"],"url":"https:\/\/www.eldiario.net\/portal\/author\/jeanette\/"}]}},"_links":{"self":[{"href":"https:\/\/www.eldiario.net\/portal\/wp-json\/wp\/v2\/posts\/33520","targetHints":{"allow":["GET"]}}],"collection":[{"href":"https:\/\/www.eldiario.net\/portal\/wp-json\/wp\/v2\/posts"}],"about":[{"href":"https:\/\/www.eldiario.net\/portal\/wp-json\/wp\/v2\/types\/post"}],"author":[{"embeddable":true,"href":"https:\/\/www.eldiario.net\/portal\/wp-json\/wp\/v2\/users\/1"}],"replies":[{"embeddable":true,"href":"https:\/\/www.eldiario.net\/portal\/wp-json\/wp\/v2\/comments?post=33520"}],"version-history":[{"count":0,"href":"https:\/\/www.eldiario.net\/portal\/wp-json\/wp\/v2\/posts\/33520\/revisions"}],"wp:featuredmedia":[{"embeddable":true,"href":"https:\/\/www.eldiario.net\/portal\/wp-json\/wp\/v2\/media\/33525"}],"wp:attachment":[{"href":"https:\/\/www.eldiario.net\/portal\/wp-json\/wp\/v2\/media?parent=33520"}],"wp:term":[{"taxonomy":"category","embeddable":true,"href":"https:\/\/www.eldiario.net\/portal\/wp-json\/wp\/v2\/categories?post=33520"},{"taxonomy":"post_tag","embeddable":true,"href":"https:\/\/www.eldiario.net\/portal\/wp-json\/wp\/v2\/tags?post=33520"}],"curies":[{"name":"wp","href":"https:\/\/api.w.org\/{rel}","templated":true}]}}