{"id":33518,"date":"2021-10-01T06:06:57","date_gmt":"2021-10-01T10:06:57","guid":{"rendered":"https:\/\/www.eldiario.net\/portal\/?p=33518"},"modified":"2021-10-01T06:06:57","modified_gmt":"2021-10-01T10:06:57","slug":"extremo-conflicto-de-la-coca-de-yungasextremo-conflicto-de-la-coca-de-yungas","status":"publish","type":"post","link":"https:\/\/www.eldiario.net\/portal\/2021\/10\/01\/extremo-conflicto-de-la-coca-de-yungasextremo-conflicto-de-la-coca-de-yungas\/","title":{"rendered":"Extremo conflicto de la coca de Yungas"},"content":{"rendered":"<p><em><span class=\"dropcap \" style=\"background-color: #ffffff; color: #000000; border-color: #ffffff;\">S<\/span>i en lo personal el acaparamiento de bienes y riquezas es inaceptable y ego\u00edsta, lo mismo ocurre por los potentados o consorcios corporativos, apart\u00e1ndose de lo humanamente solidario y correcto. En la administraci\u00f3n del Estado o de gobierno el equivalente puede ser el dominio e intervenci\u00f3n de toda actividad con finalidades totalitarias. El gobierno actual no se sacia con el acaparamiento de todo el Estado a cargo de sus militantes y lo repite por el control de las asociaciones y sindicatos vali\u00e9ndose de la divisi\u00f3n o de organizaciones paralelas a su servicio. Esta pr\u00e1ctica tiene reflejo en el \u00e1mbito cocalero de Yungas. Algunos ejemplos de este manejo lo vemos en las juntas vecinales, la CIDOB \u2013ahora en plena marcha hacia Santa Cruz\u2014 y al presente con la Asociaci\u00f3n de Productores de Coca (Adepcoca). <\/em><br \/>\n<em>Este problema se ha concentrado en dicha Asociaci\u00f3n desde hace m\u00e1s de un mes, hasta haber logrado la usurpaci\u00f3n de su sede en Villa F\u00e1tima, que es, adem\u00e1s, mercado de expendio de la hoja, reconocida por ley. Este tira y afloja se inicia con la elecci\u00f3n de Armin Lluta como presidente de Adepcoca, supuesto oponente al partido de gobierno. En la contienda electoral perdi\u00f3 una ciudadana yungue\u00f1a de las filas del MAS, quien inici\u00f3 la ofensiva contra Armin Lluta. <\/em><br \/>\n<em>El gobierno pretende de todos modos imponer su dominio entre los cocaleros \u2014en lo cual mucho tiene que ver Eduardo del Castillo, Ministro de Gobierno\u2014, para ese fin como por arte de magia hizo aparecer como titular de Adepcoca a Arnold Alanes, tercero en discordia. Aunque \u00e9ste dice haber vencido presuntamente por mayor\u00eda de votos. De la noche a la ma\u00f1ana, Alanes apareci\u00f3 como m\u00e1ximo dirigente de los cocaleros. Para sentar sus reales, acompa\u00f1ado de terceros asalt\u00f3 la sede en altas horas de la madrugada, dinamit\u00f3 la puerta principal, cometi\u00f3 desmanes y desaloj\u00f3 a los ocupantes del sector contrario. Se dice que el hecho estuvo apoyado por la Polic\u00eda. La represi\u00f3n se ha endurecido frente a los que intentan la retoma del local. La UTOP, en particular, se aleja de su misi\u00f3n de defensa de la sociedad y toma partido. <\/em><br \/>\n<em>Por otra `parte, la represi\u00f3n se ha convertido en asedio y ataque a los vecinos y a las viviendas de las once villas, involuntario escenario de los enfrentamientos con profusi\u00f3n indiscriminada de gases lacrim\u00f3genos, llegando a incendiar un piso de alg\u00fan edificio del lugar. Los vecinos se han manifestado portando banderas blancas, pero sin tregua ni consideraci\u00f3n son reprimidos por igual. El gobierno comete todo extremo a fin imponer su voluntad omn\u00edmoda, delatando su intencionalidad totalitaria.<\/em><\/p>\n","protected":false},"excerpt":{"rendered":"<p>Si en lo personal el acaparamiento de bienes y riquezas es inaceptable y ego\u00edsta, lo mismo ocurre por los potentados o consorcios corporativos, apart\u00e1ndose de lo humanamente solidario y correcto. En la administraci\u00f3n del Estado o de gobierno el equivalente puede ser el dominio e intervenci\u00f3n de toda actividad con finalidades totalitarias. El gobierno actual [&hellip;]<\/p>\n","protected":false},"author":1,"featured_media":0,"comment_status":"closed","ping_status":"closed","sticky":false,"template":"","format":"standard","meta":{"_acf_changed":false,"footnotes":""},"categories":[4],"tags":[],"class_list":["post-33518","post","type-post","status-publish","format-standard","category-editorial"],"acf":{"antetitulo":""},"yoast_head":"<!-- This site is optimized with the Yoast SEO plugin v28.4 - https:\/\/yoast.com\/product\/yoast-seo-wordpress\/ -->\n<title>Extremo conflicto de la coca de Yungas - El Diario - Bolivia<\/title>\n<meta name=\"robots\" content=\"index, follow, max-snippet:-1, max-image-preview:large, max-video-preview:-1\" \/>\n<link rel=\"canonical\" href=\"https:\/\/www.eldiario.net\/portal\/2021\/10\/01\/extremo-conflicto-de-la-coca-de-yungasextremo-conflicto-de-la-coca-de-yungas\/\" \/>\n<meta property=\"og:locale\" content=\"es_ES\" \/>\n<meta property=\"og:type\" content=\"article\" \/>\n<meta property=\"og:title\" content=\"Extremo conflicto de la coca de Yungas - El Diario - Bolivia\" \/>\n<meta property=\"og:description\" content=\"Si en lo personal el acaparamiento de bienes y riquezas es inaceptable y ego\u00edsta, lo mismo ocurre por los potentados o consorcios corporativos, apart\u00e1ndose de lo humanamente solidario y correcto. En la administraci\u00f3n del Estado o de gobierno el equivalente puede ser el dominio e intervenci\u00f3n de toda actividad con finalidades totalitarias. El gobierno actual [&hellip;]\" \/>\n<meta property=\"og:url\" content=\"https:\/\/www.eldiario.net\/portal\/2021\/10\/01\/extremo-conflicto-de-la-coca-de-yungasextremo-conflicto-de-la-coca-de-yungas\/\" \/>\n<meta property=\"og:site_name\" content=\"El Diario - Bolivia\" \/>\n<meta property=\"article:publisher\" content=\"https:\/\/www.facebook.com\/eldiario.bolivia\/\" \/>\n<meta property=\"article:published_time\" content=\"2021-10-01T10:06:57+00:00\" \/>\n<meta name=\"author\" content=\"Jeanette\" \/>\n<meta name=\"twitter:card\" content=\"summary_large_image\" \/>\n<meta name=\"twitter:creator\" content=\"@eldiario_net\" \/>\n<meta name=\"twitter:site\" content=\"@eldiario_net\" \/>\n<meta name=\"twitter:label1\" content=\"Escrito por\" \/>\n\t<meta name=\"twitter:data1\" content=\"Jeanette\" \/>\n\t<meta name=\"twitter:label2\" content=\"Tiempo de lectura\" \/>\n\t<meta name=\"twitter:data2\" content=\"2 minutos\" \/>\n<script type=\"application\/ld+json\" class=\"yoast-schema-graph\">{\"@context\":\"https:\\\/\\\/schema.org\",\"@graph\":[{\"@type\":\"Article\",\"@id\":\"https:\\\/\\\/www.eldiario.net\\\/portal\\\/2021\\\/10\\\/01\\\/extremo-conflicto-de-la-coca-de-yungasextremo-conflicto-de-la-coca-de-yungas\\\/#article\",\"isPartOf\":{\"@id\":\"https:\\\/\\\/www.eldiario.net\\\/portal\\\/2021\\\/10\\\/01\\\/extremo-conflicto-de-la-coca-de-yungasextremo-conflicto-de-la-coca-de-yungas\\\/\"},\"author\":{\"name\":\"Jeanette\",\"@id\":\"https:\\\/\\\/www.eldiario.net\\\/portal\\\/#\\\/schema\\\/person\\\/2c57cf2b7a7ae032e449e4c9b1019eac\"},\"headline\":\"Extremo conflicto de la coca de Yungas\",\"datePublished\":\"2021-10-01T10:06:57+00:00\",\"mainEntityOfPage\":{\"@id\":\"https:\\\/\\\/www.eldiario.net\\\/portal\\\/2021\\\/10\\\/01\\\/extremo-conflicto-de-la-coca-de-yungasextremo-conflicto-de-la-coca-de-yungas\\\/\"},\"wordCount\":463,\"publisher\":{\"@id\":\"https:\\\/\\\/www.eldiario.net\\\/portal\\\/#organization\"},\"articleSection\":[\"Editorial\"],\"inLanguage\":\"es\"},{\"@type\":\"WebPage\",\"@id\":\"https:\\\/\\\/www.eldiario.net\\\/portal\\\/2021\\\/10\\\/01\\\/extremo-conflicto-de-la-coca-de-yungasextremo-conflicto-de-la-coca-de-yungas\\\/\",\"url\":\"https:\\\/\\\/www.eldiario.net\\\/portal\\\/2021\\\/10\\\/01\\\/extremo-conflicto-de-la-coca-de-yungasextremo-conflicto-de-la-coca-de-yungas\\\/\",\"name\":\"Extremo conflicto de la coca de Yungas - El Diario - Bolivia\",\"isPartOf\":{\"@id\":\"https:\\\/\\\/www.eldiario.net\\\/portal\\\/#website\"},\"datePublished\":\"2021-10-01T10:06:57+00:00\",\"breadcrumb\":{\"@id\":\"https:\\\/\\\/www.eldiario.net\\\/portal\\\/2021\\\/10\\\/01\\\/extremo-conflicto-de-la-coca-de-yungasextremo-conflicto-de-la-coca-de-yungas\\\/#breadcrumb\"},\"inLanguage\":\"es\",\"potentialAction\":[{\"@type\":\"ReadAction\",\"target\":[\"https:\\\/\\\/www.eldiario.net\\\/portal\\\/2021\\\/10\\\/01\\\/extremo-conflicto-de-la-coca-de-yungasextremo-conflicto-de-la-coca-de-yungas\\\/\"]}]},{\"@type\":\"BreadcrumbList\",\"@id\":\"https:\\\/\\\/www.eldiario.net\\\/portal\\\/2021\\\/10\\\/01\\\/extremo-conflicto-de-la-coca-de-yungasextremo-conflicto-de-la-coca-de-yungas\\\/#breadcrumb\",\"itemListElement\":[{\"@type\":\"ListItem\",\"position\":1,\"name\":\"Portada\",\"item\":\"https:\\\/\\\/www.eldiario.net\\\/portal\\\/\"},{\"@type\":\"ListItem\",\"position\":2,\"name\":\"Extremo conflicto de la coca de Yungas\"}]},{\"@type\":\"WebSite\",\"@id\":\"https:\\\/\\\/www.eldiario.net\\\/portal\\\/#website\",\"url\":\"https:\\\/\\\/www.eldiario.net\\\/portal\\\/\",\"name\":\"El Diario - Decano de la prensa nacional\",\"description\":\"El Diario - Decano de la prensa nacional\",\"publisher\":{\"@id\":\"https:\\\/\\\/www.eldiario.net\\\/portal\\\/#organization\"},\"potentialAction\":[{\"@type\":\"SearchAction\",\"target\":{\"@type\":\"EntryPoint\",\"urlTemplate\":\"https:\\\/\\\/www.eldiario.net\\\/portal\\\/?s={search_term_string}\"},\"query-input\":{\"@type\":\"PropertyValueSpecification\",\"valueRequired\":true,\"valueName\":\"search_term_string\"}}],\"inLanguage\":\"es\"},{\"@type\":\"Organization\",\"@id\":\"https:\\\/\\\/www.eldiario.net\\\/portal\\\/#organization\",\"name\":\"El Diario - Decano de la prensa nacional\",\"url\":\"https:\\\/\\\/www.eldiario.net\\\/portal\\\/\",\"logo\":{\"@type\":\"ImageObject\",\"inLanguage\":\"es\",\"@id\":\"https:\\\/\\\/www.eldiario.net\\\/portal\\\/#\\\/schema\\\/logo\\\/image\\\/\",\"url\":\"https:\\\/\\\/www.eldiario.net\\\/portal\\\/wp-content\\\/uploads\\\/2023\\\/07\\\/logo_ED.jpg\",\"contentUrl\":\"https:\\\/\\\/www.eldiario.net\\\/portal\\\/wp-content\\\/uploads\\\/2023\\\/07\\\/logo_ED.jpg\",\"width\":272,\"height\":52,\"caption\":\"El Diario - Decano de la prensa nacional\"},\"image\":{\"@id\":\"https:\\\/\\\/www.eldiario.net\\\/portal\\\/#\\\/schema\\\/logo\\\/image\\\/\"},\"sameAs\":[\"https:\\\/\\\/www.facebook.com\\\/eldiario.bolivia\\\/\",\"https:\\\/\\\/x.com\\\/eldiario_net\"]},{\"@type\":\"Person\",\"@id\":\"https:\\\/\\\/www.eldiario.net\\\/portal\\\/#\\\/schema\\\/person\\\/2c57cf2b7a7ae032e449e4c9b1019eac\",\"name\":\"Jeanette\",\"image\":{\"@type\":\"ImageObject\",\"inLanguage\":\"es\",\"@id\":\"https:\\\/\\\/secure.gravatar.com\\\/avatar\\\/3ea2118a5f7dad2b7138b1187a6b7ee55f160b9968b66013c3a3ef39dd7e5798?s=96&d=mm&r=g\",\"url\":\"https:\\\/\\\/secure.gravatar.com\\\/avatar\\\/3ea2118a5f7dad2b7138b1187a6b7ee55f160b9968b66013c3a3ef39dd7e5798?s=96&d=mm&r=g\",\"contentUrl\":\"https:\\\/\\\/secure.gravatar.com\\\/avatar\\\/3ea2118a5f7dad2b7138b1187a6b7ee55f160b9968b66013c3a3ef39dd7e5798?s=96&d=mm&r=g\",\"caption\":\"Jeanette\"},\"sameAs\":[\"https:\\\/\\\/www.eldiario.net\\\/portal\"],\"url\":\"https:\\\/\\\/www.eldiario.net\\\/portal\\\/author\\\/jeanette\\\/\"}]}<\/script>\n<!-- \/ Yoast SEO plugin. -->","yoast_head_json":{"title":"Extremo conflicto de la coca de Yungas - El Diario - Bolivia","robots":{"index":"index","follow":"follow","max-snippet":"max-snippet:-1","max-image-preview":"max-image-preview:large","max-video-preview":"max-video-preview:-1"},"canonical":"https:\/\/www.eldiario.net\/portal\/2021\/10\/01\/extremo-conflicto-de-la-coca-de-yungasextremo-conflicto-de-la-coca-de-yungas\/","og_locale":"es_ES","og_type":"article","og_title":"Extremo conflicto de la coca de Yungas - El Diario - Bolivia","og_description":"Si en lo personal el acaparamiento de bienes y riquezas es inaceptable y ego\u00edsta, lo mismo ocurre por los potentados o consorcios corporativos, apart\u00e1ndose de lo humanamente solidario y correcto. En la administraci\u00f3n del Estado o de gobierno el equivalente puede ser el dominio e intervenci\u00f3n de toda actividad con finalidades totalitarias. El gobierno actual [&hellip;]","og_url":"https:\/\/www.eldiario.net\/portal\/2021\/10\/01\/extremo-conflicto-de-la-coca-de-yungasextremo-conflicto-de-la-coca-de-yungas\/","og_site_name":"El Diario - Bolivia","article_publisher":"https:\/\/www.facebook.com\/eldiario.bolivia\/","article_published_time":"2021-10-01T10:06:57+00:00","author":"Jeanette","twitter_card":"summary_large_image","twitter_creator":"@eldiario_net","twitter_site":"@eldiario_net","twitter_misc":{"Escrito por":"Jeanette","Tiempo de lectura":"2 minutos"},"schema":{"@context":"https:\/\/schema.org","@graph":[{"@type":"Article","@id":"https:\/\/www.eldiario.net\/portal\/2021\/10\/01\/extremo-conflicto-de-la-coca-de-yungasextremo-conflicto-de-la-coca-de-yungas\/#article","isPartOf":{"@id":"https:\/\/www.eldiario.net\/portal\/2021\/10\/01\/extremo-conflicto-de-la-coca-de-yungasextremo-conflicto-de-la-coca-de-yungas\/"},"author":{"name":"Jeanette","@id":"https:\/\/www.eldiario.net\/portal\/#\/schema\/person\/2c57cf2b7a7ae032e449e4c9b1019eac"},"headline":"Extremo conflicto de la coca de Yungas","datePublished":"2021-10-01T10:06:57+00:00","mainEntityOfPage":{"@id":"https:\/\/www.eldiario.net\/portal\/2021\/10\/01\/extremo-conflicto-de-la-coca-de-yungasextremo-conflicto-de-la-coca-de-yungas\/"},"wordCount":463,"publisher":{"@id":"https:\/\/www.eldiario.net\/portal\/#organization"},"articleSection":["Editorial"],"inLanguage":"es"},{"@type":"WebPage","@id":"https:\/\/www.eldiario.net\/portal\/2021\/10\/01\/extremo-conflicto-de-la-coca-de-yungasextremo-conflicto-de-la-coca-de-yungas\/","url":"https:\/\/www.eldiario.net\/portal\/2021\/10\/01\/extremo-conflicto-de-la-coca-de-yungasextremo-conflicto-de-la-coca-de-yungas\/","name":"Extremo conflicto de la coca de Yungas - El Diario - Bolivia","isPartOf":{"@id":"https:\/\/www.eldiario.net\/portal\/#website"},"datePublished":"2021-10-01T10:06:57+00:00","breadcrumb":{"@id":"https:\/\/www.eldiario.net\/portal\/2021\/10\/01\/extremo-conflicto-de-la-coca-de-yungasextremo-conflicto-de-la-coca-de-yungas\/#breadcrumb"},"inLanguage":"es","potentialAction":[{"@type":"ReadAction","target":["https:\/\/www.eldiario.net\/portal\/2021\/10\/01\/extremo-conflicto-de-la-coca-de-yungasextremo-conflicto-de-la-coca-de-yungas\/"]}]},{"@type":"BreadcrumbList","@id":"https:\/\/www.eldiario.net\/portal\/2021\/10\/01\/extremo-conflicto-de-la-coca-de-yungasextremo-conflicto-de-la-coca-de-yungas\/#breadcrumb","itemListElement":[{"@type":"ListItem","position":1,"name":"Portada","item":"https:\/\/www.eldiario.net\/portal\/"},{"@type":"ListItem","position":2,"name":"Extremo conflicto de la coca de Yungas"}]},{"@type":"WebSite","@id":"https:\/\/www.eldiario.net\/portal\/#website","url":"https:\/\/www.eldiario.net\/portal\/","name":"El Diario - Decano de la prensa nacional","description":"El Diario - Decano de la prensa nacional","publisher":{"@id":"https:\/\/www.eldiario.net\/portal\/#organization"},"potentialAction":[{"@type":"SearchAction","target":{"@type":"EntryPoint","urlTemplate":"https:\/\/www.eldiario.net\/portal\/?s={search_term_string}"},"query-input":{"@type":"PropertyValueSpecification","valueRequired":true,"valueName":"search_term_string"}}],"inLanguage":"es"},{"@type":"Organization","@id":"https:\/\/www.eldiario.net\/portal\/#organization","name":"El Diario - Decano de la prensa nacional","url":"https:\/\/www.eldiario.net\/portal\/","logo":{"@type":"ImageObject","inLanguage":"es","@id":"https:\/\/www.eldiario.net\/portal\/#\/schema\/logo\/image\/","url":"https:\/\/www.eldiario.net\/portal\/wp-content\/uploads\/2023\/07\/logo_ED.jpg","contentUrl":"https:\/\/www.eldiario.net\/portal\/wp-content\/uploads\/2023\/07\/logo_ED.jpg","width":272,"height":52,"caption":"El Diario - Decano de la prensa nacional"},"image":{"@id":"https:\/\/www.eldiario.net\/portal\/#\/schema\/logo\/image\/"},"sameAs":["https:\/\/www.facebook.com\/eldiario.bolivia\/","https:\/\/x.com\/eldiario_net"]},{"@type":"Person","@id":"https:\/\/www.eldiario.net\/portal\/#\/schema\/person\/2c57cf2b7a7ae032e449e4c9b1019eac","name":"Jeanette","image":{"@type":"ImageObject","inLanguage":"es","@id":"https:\/\/secure.gravatar.com\/avatar\/3ea2118a5f7dad2b7138b1187a6b7ee55f160b9968b66013c3a3ef39dd7e5798?s=96&d=mm&r=g","url":"https:\/\/secure.gravatar.com\/avatar\/3ea2118a5f7dad2b7138b1187a6b7ee55f160b9968b66013c3a3ef39dd7e5798?s=96&d=mm&r=g","contentUrl":"https:\/\/secure.gravatar.com\/avatar\/3ea2118a5f7dad2b7138b1187a6b7ee55f160b9968b66013c3a3ef39dd7e5798?s=96&d=mm&r=g","caption":"Jeanette"},"sameAs":["https:\/\/www.eldiario.net\/portal"],"url":"https:\/\/www.eldiario.net\/portal\/author\/jeanette\/"}]}},"_links":{"self":[{"href":"https:\/\/www.eldiario.net\/portal\/wp-json\/wp\/v2\/posts\/33518","targetHints":{"allow":["GET"]}}],"collection":[{"href":"https:\/\/www.eldiario.net\/portal\/wp-json\/wp\/v2\/posts"}],"about":[{"href":"https:\/\/www.eldiario.net\/portal\/wp-json\/wp\/v2\/types\/post"}],"author":[{"embeddable":true,"href":"https:\/\/www.eldiario.net\/portal\/wp-json\/wp\/v2\/users\/1"}],"replies":[{"embeddable":true,"href":"https:\/\/www.eldiario.net\/portal\/wp-json\/wp\/v2\/comments?post=33518"}],"version-history":[{"count":0,"href":"https:\/\/www.eldiario.net\/portal\/wp-json\/wp\/v2\/posts\/33518\/revisions"}],"wp:attachment":[{"href":"https:\/\/www.eldiario.net\/portal\/wp-json\/wp\/v2\/media?parent=33518"}],"wp:term":[{"taxonomy":"category","embeddable":true,"href":"https:\/\/www.eldiario.net\/portal\/wp-json\/wp\/v2\/categories?post=33518"},{"taxonomy":"post_tag","embeddable":true,"href":"https:\/\/www.eldiario.net\/portal\/wp-json\/wp\/v2\/tags?post=33518"}],"curies":[{"name":"wp","href":"https:\/\/api.w.org\/{rel}","templated":true}]}}