{"id":335088,"date":"2025-10-01T01:08:07","date_gmt":"2025-10-01T05:08:07","guid":{"rendered":"https:\/\/www.eldiario.net\/portal\/?p=335088"},"modified":"2025-09-30T23:10:45","modified_gmt":"2025-10-01T03:10:45","slug":"sibah-honra-la-existencia-con-pulsos-vitales","status":"publish","type":"post","link":"https:\/\/www.eldiario.net\/portal\/2025\/10\/01\/sibah-honra-la-existencia-con-pulsos-vitales\/","title":{"rendered":"Sibah honra la existencia  con \u201cPulsos vitales\u201d"},"content":{"rendered":"<p>La cantante y compositora boliviana Sibah brindar\u00e1 el concierto \u201cPulsos vitales\u201d este viernes 3 de octubre, a horas 19:30, en el auditorio Ecofuturo, ubicado en la avenida S\u00e1nchez Bustamante, calle 9 de Calacoto, zona sur de la ciudad. En la velada, Sibah presentar\u00e1 el video clip de su nuevo lanzamiento, \u201cRespirarte\u201d.<\/p>\n<p>\u201cPulsos Vitales nombra esa fuerza invisible que nos une y que, cuando se hace m\u00fasica, se vuelve celebraci\u00f3n de la vida. \u00abRespirarte\u00bb nace como un canto a la vida, a esa vibraci\u00f3n que nos recuerda que todo est\u00e1 conectado\u201d, afirm\u00f3 la artista.<\/p>\n<p>En este nuevo ciclo, Sibah presenta <em>Pulsos vitales<\/em>, \u201cun proyecto que honra la existencia como un regalo fr\u00e1gil y poderoso\u201d. \u201cDesde la experiencia \u00edntima de acompa\u00f1ar la vida y muerte, surge en m\u00ed una gratitud luminosa que se convierte en m\u00fasica. Canto para invocar sensibilidad, para cuidar lo que somos: aire, agua, tierra, memoria y latido compartido. A trav\u00e9s de la voz y la obra de un artista visual, invito a vivir una est\u00e9tica emocional simple y profunda, donde lo esencial es dejar que la vibraci\u00f3n del amor nos una. Me acompa\u00f1a con su instalaci\u00f3n el artista Iv\u00e1n C\u00e1ceres\u201d, explic\u00f3.<\/p>\n<p>\u00abPulsos vitales\u00bb es un espacio de encuentro, donde las voces se entrelazan para recordar que aun en la sombra, la vida resplandece, es una amalgama entre la obra art\u00edstica de Iv\u00e1n C\u00e1ceres y la voz de Sibah.<\/p>\n<p>\u201cCuando sue\u00f1o, escucho que quienes asistieron a \u00abPulsos vitales\u00bb encontraron un espacio donde lo \u00edntimo se transforma en celebraci\u00f3n.<\/p>\n<p>La canci\u00f3n \u00abRespirarte\u00bb, que all\u00ed se estrena, naci\u00f3 como un canto a la vida, a esa vibraci\u00f3n que nos recuerda que todo est\u00e1 conectado\u201d, coment\u00f3.<\/p>\n<p>Seg\u00fan la artista, \u201cPulsos vitales es una experiencia para dejarse tocar a trav\u00e9s del concierto, permitirse cantar, despertando alegr\u00eda y la sensaci\u00f3n de que este instante es un regalo que vale la pena vivir\u201d.<\/p>\n<p>Durante el concierto \u201cPulsos vitales\u201d, Sibah compartir\u00e1 por primera vez el videoclip de su nueva composici\u00f3n, <em>Respirarte<\/em>, una obra que nace como canto de vida que abraza la luz y la oscuridad como partes de un mismo ciclo, y que nos recuerda la unidad con el todo.<\/p>\n<p>El videoclip lo elabor\u00f3 Iv\u00e1n C\u00e1ceres tambi\u00e9n con im\u00e1genes tomadas por Remberto Cabezas. \u201cRespirarte\u201d fue grabada junto al bajista franc\u00e9s Laurent Pech y el percusionista Jacob Chaudeurge, tambi\u00e9n franc\u00e9s.<\/p>\n<p>\u201cDesde el arte, quiero acompa\u00f1ar el movimiento de quienes creen que la vida debe ser defendida. Que la m\u00fasica se convierta as\u00ed en semilla de conciencia y en un s\u00ed a la preservaci\u00f3n de la vida del mundo que compartimos\u201d, resalt\u00f3 la artista.<\/p>\n<p><strong>SOBRE SIBAH<\/strong><\/p>\n<p>Sibah es una cantante y compositora boliviana. Produjo y public\u00f3 seis discos y actualmente lanza el single titulado \u201cRespirarte\u201d.<\/p>\n<p>\u201cMe ocupa el amor en su amplitud, la conexi\u00f3n espiritual, el autoconocimiento. Soy apasionada por la voz y sus posibilidades, por ello tambi\u00e9n soy Coach Vocal desde hace m\u00e1s de 15 a\u00f1os entrenada en el Voice Master de M\u00e9xico, y tambi\u00e9n en el m\u00e9todo Complete Vocal Technique en Holanda y en talleres en el Congreso de Vocal Coaches en Nueva York, Estados Unidos\u201d, cont\u00f3.<\/p>\n<p>Sibah es parte del grupo de mujeres que cantan a capella: Voz Abierta, con quienes ha grabado otros 3 CDs.<\/p>\n<p>Es creadora y principal impulsora del movimiento de mujeres cantantes y compositoras \u201cNosotras Somos\u201d desde el 2012.\u00a0 Por a\u00f1os ha sido gestora de proyectos de desarrollo social, art\u00edstico y cultural.<\/p>\n<p>Su propuesta a lo largo de los a\u00f1os combin\u00f3 elementos del rock, jazz, blues, pop y baladas. Actualmente es envolvente en una combinaci\u00f3n indi-rock. Gan\u00f3 varios concursos y reconocimientos. El m\u00e1s reciente fue el Reconocimiento Camaral de la C\u00e1mara de Diputados de Bolivia por su trayectoria profesional dentro de la cultura musical, que le otorgaron en el a\u00f1o 2024, y otros como \u201cMejor canci\u00f3n Pop\u201d, del Home Music Awards en noviembre del 2023. En 2022 obtuvo el Reconocimiento de la Secretar\u00eda Municipal de Culturas y Turismo de La Paz por su aporte en su labor art\u00edstica y al desarrollo cultural. Tambi\u00e9n gan\u00f3 el Premio Plurinacional Eduardo Abaroa de Bolivia por \u201cMejor Composici\u00f3n en M\u00fasica Rock 2012\u201d, el tercer premio en 1998 en la Campa\u00f1a de Prevenci\u00f3n del SIDA y en 2010 la Red Cultural Mercosur seleccion\u00f3 por Bolivia su canci\u00f3n titulada \u201cAl Amanecer\u201d en la categor\u00eda Nuevas Tendencias de la M\u00fasica.<\/p>\n<p>Ha sido disertante sobre t\u00e9cnica vocal y mitos en el D\u00eda Mundial de la voz, junto a otorrinolaring\u00f3logos y foniatras del pa\u00eds.\u00a0 Por varios a\u00f1os fue invitada por diversos eventos relacionados con mujeres y particip\u00f3 y promovi\u00f3 varios de ellos.<\/p>\n<p><strong>SOBRE IV\u00c1N C\u00c1CERES <\/strong><\/p>\n<p>Arquitecto Artista visual\/Bol. Ha realizado desde 1998 exposiciones nacionales e internacionales, aboc\u00e1ndose a la investigacio\u0301n de la arquitectura y arte emergente desde diferentes filosof\u00edas contempor\u00e1neas.<\/p>\n<p>Cre\u00f3 mundos saturados de irrealidades psicolo\u0301gicas a partir del suen\u0303o, desprovistas de contexto narrativo a partir de soportes audiovisuales de mu\u0301ltiples formatos.<\/p>\n<p>\u201cAsumo el suelo como una observaci\u00f3n radical de un territorio con su polvo, vientos tragedias, maravillas, suen\u0303os que pesan sobre eso tan profundo que llamamos suelo\u201d, sostuvo.<\/p>\n<p>Entre sus exposiciones m\u00e1s recientes: Ganador de beca Pro Helvetia South Ame\u0301rica Suiza, Bolivia 2026,2025,2024\/Performance FMAC Ginebra, Espace Kugler y UTOPIANA, una residencia para artistas internacionales en Ginebra 2024\/ Seleccionado Residencia SAE Uruguay 2024\/Exposicio\u0301n Colectiva Galeri\u0301a Metropolitana Santiago de Chile 2024\/Seleccionado Bienal Santa Cruz, Bolivia 2023\/Seleccionado Bienal SACO Antofagasta, Chile 2023\/ 13a Bienal del Mercosur 2022 Brasil, Porto Alegre \/Centro de Arte Telemarken Skien, Noruega, 5 artistas\u00a0 Bolivianos Kunstraum Gallery LLC\/Nueva York\/\u00bbPossible Territory\u00bb2022\/ La orejona Primigenia Argentina Urra Residencia Buenos Aires 2019 \/ Arquitectura del tercer suen\u0303o Oswald de Andrade Oficina Cultural Sao Paulo SP. Brasil 2018\/ Exposicio\u0301n ADAM, Galeri\u0301a Dot Fiftyone, Miami, Estados Unidos de Ame\u0301rica 2018, entre otros. Ha recibido diferentes premios y reconocimientos a lo largo de su carrera.<\/p>\n\r\n                <style type=\"text\/css\">\r\n                    \r\n                    #tdi_1  .td-doubleSlider-2 .td-item1 {\r\n                        background: url(https:\/\/www.eldiario.net\/portal\/wp-content\/uploads\/2025\/09\/4-10-80x60.webp) 0 0 no-repeat;\r\n                    }\r\n                    #tdi_1  .td-doubleSlider-2 .td-item2 {\r\n                        background: url(https:\/\/www.eldiario.net\/portal\/wp-content\/uploads\/2025\/09\/2-13-80x60.webp) 0 0 no-repeat;\r\n                    }\r\n                    #tdi_1  .td-doubleSlider-2 .td-item3 {\r\n                        background: url(https:\/\/www.eldiario.net\/portal\/wp-content\/uploads\/2025\/09\/1-PRINCIPAL-14-80x60.webp) 0 0 no-repeat;\r\n                    }\r\n                    #tdi_1  .td-doubleSlider-2 .td-item4 {\r\n                        background: url(https:\/\/www.eldiario.net\/portal\/wp-content\/uploads\/2025\/09\/3-9-80x60.webp) 0 0 no-repeat;\r\n                    }\r\n                <\/style>\r\n\r\n                <div id=\"tdi_1\" class=\"td-gallery td-slide-on-2-columns\">\r\n                    <div class=\"post_td_gallery\">\r\n                        <div class=\"td-gallery-slide-top\">\r\n                           <div class=\"td-gallery-title\"><\/div>\r\n\r\n                            <div class=\"td-gallery-controls-wrapper\">\r\n                                <div class=\"td-gallery-slide-count\"><span class=\"td-gallery-slide-item-focus\">1<\/span> de 4<\/div>\r\n                                <div class=\"td-gallery-slide-prev-next-but\">\r\n                                    <i class = \"td-icon-left doubleSliderPrevButton\"><\/i>\r\n                                    <i class = \"td-icon-right doubleSliderNextButton\"><\/i>\r\n                                <\/div>\r\n                            <\/div>\r\n                        <\/div>\r\n\r\n                        <div class = \"td-doubleSlider-1 \">\r\n                            <div class = \"td-slider\">\r\n                                \r\n                    <div class = \"td-slide-item td-item1\">\r\n                        <figure class=\"td-slide-galery-figure td-slide-popup-gallery\">\r\n                            <a class=\"slide-gallery-image-link\" href=\"https:\/\/www.eldiario.net\/portal\/wp-content\/uploads\/2025\/09\/4-10.webp\" title=\"4\"  data-caption=\"\"  data-description=\"\">\r\n                                <img decoding=\"async\" src=\"https:\/\/www.eldiario.net\/portal\/wp-content\/uploads\/2025\/09\/4-10-432x420.webp\" srcset=\"https:\/\/www.eldiario.net\/portal\/wp-content\/uploads\/2025\/09\/4-10-432x420.webp 432w, https:\/\/www.eldiario.net\/portal\/wp-content\/uploads\/2025\/09\/4-10-300x292.webp 300w, https:\/\/www.eldiario.net\/portal\/wp-content\/uploads\/2025\/09\/4-10-150x146.webp 150w, https:\/\/www.eldiario.net\/portal\/wp-content\/uploads\/2025\/09\/4-10-696x677.webp 696w, https:\/\/www.eldiario.net\/portal\/wp-content\/uploads\/2025\/09\/4-10.webp 736w\" sizes=\"(max-width: 432px) 100vw, 432px\" alt=\"\">\r\n                            <\/a>\r\n                            \r\n                        <\/figure>\r\n                    <\/div>\r\n                    <div class = \"td-slide-item td-item2\">\r\n                        <figure class=\"td-slide-galery-figure td-slide-popup-gallery\">\r\n                            <a class=\"slide-gallery-image-link\" href=\"https:\/\/www.eldiario.net\/portal\/wp-content\/uploads\/2025\/09\/2-13.webp\" title=\"2\"  data-caption=\"\"  data-description=\"\">\r\n                                <img decoding=\"async\" src=\"https:\/\/www.eldiario.net\/portal\/wp-content\/uploads\/2025\/09\/2-13-630x420.webp\" srcset=\"https:\/\/www.eldiario.net\/portal\/wp-content\/uploads\/2025\/09\/2-13-630x420.webp 630w, https:\/\/www.eldiario.net\/portal\/wp-content\/uploads\/2025\/09\/2-13-300x200.webp 300w, https:\/\/www.eldiario.net\/portal\/wp-content\/uploads\/2025\/09\/2-13-1024x682.webp 1024w, https:\/\/www.eldiario.net\/portal\/wp-content\/uploads\/2025\/09\/2-13-768x512.webp 768w, https:\/\/www.eldiario.net\/portal\/wp-content\/uploads\/2025\/09\/2-13-150x100.webp 150w, https:\/\/www.eldiario.net\/portal\/wp-content\/uploads\/2025\/09\/2-13-696x464.webp 696w, https:\/\/www.eldiario.net\/portal\/wp-content\/uploads\/2025\/09\/2-13-1068x712.webp 1068w, https:\/\/www.eldiario.net\/portal\/wp-content\/uploads\/2025\/09\/2-13.webp 1280w\" sizes=\"(max-width: 630px) 100vw, 630px\" alt=\"\">\r\n                            <\/a>\r\n                            \r\n                        <\/figure>\r\n                    <\/div>\r\n                    <div class = \"td-slide-item td-item3\">\r\n                        <figure class=\"td-slide-galery-figure td-slide-popup-gallery\">\r\n                            <a class=\"slide-gallery-image-link\" href=\"https:\/\/www.eldiario.net\/portal\/wp-content\/uploads\/2025\/09\/1-PRINCIPAL-14.webp\" title=\"1-PRINCIPAL\"  data-caption=\"\"  data-description=\"\">\r\n                                <img decoding=\"async\" src=\"https:\/\/www.eldiario.net\/portal\/wp-content\/uploads\/2025\/09\/1-PRINCIPAL-14-630x420.webp\" srcset=\"https:\/\/www.eldiario.net\/portal\/wp-content\/uploads\/2025\/09\/1-PRINCIPAL-14-630x420.webp 630w, https:\/\/www.eldiario.net\/portal\/wp-content\/uploads\/2025\/09\/1-PRINCIPAL-14-300x200.webp 300w, https:\/\/www.eldiario.net\/portal\/wp-content\/uploads\/2025\/09\/1-PRINCIPAL-14-1024x683.webp 1024w, https:\/\/www.eldiario.net\/portal\/wp-content\/uploads\/2025\/09\/1-PRINCIPAL-14-768x512.webp 768w, https:\/\/www.eldiario.net\/portal\/wp-content\/uploads\/2025\/09\/1-PRINCIPAL-14-150x100.webp 150w, https:\/\/www.eldiario.net\/portal\/wp-content\/uploads\/2025\/09\/1-PRINCIPAL-14-696x464.webp 696w, https:\/\/www.eldiario.net\/portal\/wp-content\/uploads\/2025\/09\/1-PRINCIPAL-14-1068x712.webp 1068w, https:\/\/www.eldiario.net\/portal\/wp-content\/uploads\/2025\/09\/1-PRINCIPAL-14.webp 1440w\" sizes=\"(max-width: 630px) 100vw, 630px\" alt=\"\">\r\n                            <\/a>\r\n                            \r\n                        <\/figure>\r\n                    <\/div>\r\n                    <div class = \"td-slide-item td-item4\">\r\n                        <figure class=\"td-slide-galery-figure td-slide-popup-gallery\">\r\n                            <a class=\"slide-gallery-image-link\" href=\"https:\/\/www.eldiario.net\/portal\/wp-content\/uploads\/2025\/09\/3-9.webp\" title=\"3\"  data-caption=\"\"  data-description=\"\">\r\n                                <img decoding=\"async\" src=\"https:\/\/www.eldiario.net\/portal\/wp-content\/uploads\/2025\/09\/3-9-280x420.webp\" srcset=\"https:\/\/www.eldiario.net\/portal\/wp-content\/uploads\/2025\/09\/3-9-280x420.webp 280w, https:\/\/www.eldiario.net\/portal\/wp-content\/uploads\/2025\/09\/3-9-200x300.webp 200w, https:\/\/www.eldiario.net\/portal\/wp-content\/uploads\/2025\/09\/3-9-682x1024.webp 682w, https:\/\/www.eldiario.net\/portal\/wp-content\/uploads\/2025\/09\/3-9-768x1153.webp 768w, https:\/\/www.eldiario.net\/portal\/wp-content\/uploads\/2025\/09\/3-9-1023x1536.webp 1023w, https:\/\/www.eldiario.net\/portal\/wp-content\/uploads\/2025\/09\/3-9-150x225.webp 150w, https:\/\/www.eldiario.net\/portal\/wp-content\/uploads\/2025\/09\/3-9-300x450.webp 300w, https:\/\/www.eldiario.net\/portal\/wp-content\/uploads\/2025\/09\/3-9-696x1045.webp 696w, https:\/\/www.eldiario.net\/portal\/wp-content\/uploads\/2025\/09\/3-9.webp 1066w\" sizes=\"(max-width: 280px) 100vw, 280px\" alt=\"\">\r\n                            <\/a>\r\n                            \r\n                        <\/figure>\r\n                    <\/div>\r\n                            <\/div>\r\n                        <\/div>\r\n\r\n                        <div class = \"td-doubleSlider-2\">\r\n                            <div class = \"td-slider\">\r\n                                \r\n                    <div class = \"td-button td-item1\">\r\n                        <div class = \"td-border\"><\/div>\r\n                    <\/div>\r\n                    <div class = \"td-button td-item2\">\r\n                        <div class = \"td-border\"><\/div>\r\n                    <\/div>\r\n                    <div class = \"td-button td-item3\">\r\n                        <div class = \"td-border\"><\/div>\r\n                    <\/div>\r\n                    <div class = \"td-button td-item4\">\r\n                        <div class = \"td-border\"><\/div>\r\n                    <\/div>\r\n                            <\/div>\r\n                        <\/div>\r\n\r\n                    <\/div>\r\n\r\n                <\/div>\r\n                \n","protected":false},"excerpt":{"rendered":"<p>La cantante y compositora boliviana Sibah brindar\u00e1 el concierto \u201cPulsos vitales\u201d este viernes 3 de octubre, a horas 19:30, en el auditorio Ecofuturo, ubicado en la avenida S\u00e1nchez Bustamante, calle 9 de Calacoto, zona sur de la ciudad. En la velada, Sibah presentar\u00e1 el video clip de su nuevo lanzamiento, \u201cRespirarte\u201d. \u201cPulsos Vitales nombra esa [&hellip;]<\/p>\n","protected":false},"author":1,"featured_media":335091,"comment_status":"closed","ping_status":"open","sticky":false,"template":"","format":"standard","meta":{"_acf_changed":false,"footnotes":""},"categories":[41],"tags":[],"class_list":["post-335088","post","type-post","status-publish","format-standard","has-post-thumbnail","category-la-guia"],"acf":{"antetitulo":""},"yoast_head":"<!-- This site is optimized with the Yoast SEO plugin v28.4 - https:\/\/yoast.com\/product\/yoast-seo-wordpress\/ -->\n<title>Sibah honra la existencia con \u201cPulsos vitales\u201d - El Diario - Bolivia<\/title>\n<meta name=\"robots\" content=\"index, follow, max-snippet:-1, max-image-preview:large, max-video-preview:-1\" \/>\n<link rel=\"canonical\" href=\"https:\/\/www.eldiario.net\/portal\/2025\/10\/01\/sibah-honra-la-existencia-con-pulsos-vitales\/\" \/>\n<meta property=\"og:locale\" content=\"es_ES\" \/>\n<meta property=\"og:type\" content=\"article\" \/>\n<meta property=\"og:title\" content=\"Sibah honra la existencia con \u201cPulsos vitales\u201d - El Diario - Bolivia\" \/>\n<meta property=\"og:description\" content=\"La cantante y compositora boliviana Sibah brindar\u00e1 el concierto \u201cPulsos vitales\u201d este viernes 3 de octubre, a horas 19:30, en el auditorio Ecofuturo, ubicado en la avenida S\u00e1nchez Bustamante, calle 9 de Calacoto, zona sur de la ciudad. En la velada, Sibah presentar\u00e1 el video clip de su nuevo lanzamiento, \u201cRespirarte\u201d. \u201cPulsos Vitales nombra esa [&hellip;]\" \/>\n<meta property=\"og:url\" content=\"https:\/\/www.eldiario.net\/portal\/2025\/10\/01\/sibah-honra-la-existencia-con-pulsos-vitales\/\" \/>\n<meta property=\"og:site_name\" content=\"El Diario - Bolivia\" \/>\n<meta property=\"article:publisher\" content=\"https:\/\/www.facebook.com\/eldiario.bolivia\/\" \/>\n<meta property=\"article:published_time\" content=\"2025-10-01T05:08:07+00:00\" \/>\n<meta property=\"og:image\" content=\"https:\/\/www.eldiario.net\/portal\/wp-content\/uploads\/2025\/09\/1-PRINCIPAL-14.webp\" \/>\n\t<meta property=\"og:image:width\" content=\"1440\" \/>\n\t<meta property=\"og:image:height\" content=\"960\" \/>\n\t<meta property=\"og:image:type\" content=\"image\/webp\" \/>\n<meta name=\"author\" content=\"Jeanette\" \/>\n<meta name=\"twitter:card\" content=\"summary_large_image\" \/>\n<meta name=\"twitter:creator\" content=\"@eldiario_net\" \/>\n<meta name=\"twitter:site\" content=\"@eldiario_net\" \/>\n<meta name=\"twitter:label1\" content=\"Escrito por\" \/>\n\t<meta name=\"twitter:data1\" content=\"Jeanette\" \/>\n\t<meta name=\"twitter:label2\" content=\"Tiempo de lectura\" \/>\n\t<meta name=\"twitter:data2\" content=\"5 minutos\" \/>\n<script type=\"application\/ld+json\" class=\"yoast-schema-graph\">{\"@context\":\"https:\\\/\\\/schema.org\",\"@graph\":[{\"@type\":\"Article\",\"@id\":\"https:\\\/\\\/www.eldiario.net\\\/portal\\\/2025\\\/10\\\/01\\\/sibah-honra-la-existencia-con-pulsos-vitales\\\/#article\",\"isPartOf\":{\"@id\":\"https:\\\/\\\/www.eldiario.net\\\/portal\\\/2025\\\/10\\\/01\\\/sibah-honra-la-existencia-con-pulsos-vitales\\\/\"},\"author\":{\"name\":\"Jeanette\",\"@id\":\"https:\\\/\\\/www.eldiario.net\\\/portal\\\/#\\\/schema\\\/person\\\/2c57cf2b7a7ae032e449e4c9b1019eac\"},\"headline\":\"Sibah honra la existencia con \u201cPulsos vitales\u201d\",\"datePublished\":\"2025-10-01T05:08:07+00:00\",\"mainEntityOfPage\":{\"@id\":\"https:\\\/\\\/www.eldiario.net\\\/portal\\\/2025\\\/10\\\/01\\\/sibah-honra-la-existencia-con-pulsos-vitales\\\/\"},\"wordCount\":1035,\"publisher\":{\"@id\":\"https:\\\/\\\/www.eldiario.net\\\/portal\\\/#organization\"},\"image\":{\"@id\":\"https:\\\/\\\/www.eldiario.net\\\/portal\\\/2025\\\/10\\\/01\\\/sibah-honra-la-existencia-con-pulsos-vitales\\\/#primaryimage\"},\"thumbnailUrl\":\"https:\\\/\\\/www.eldiario.net\\\/portal\\\/wp-content\\\/uploads\\\/2025\\\/09\\\/1-PRINCIPAL-14.webp\",\"articleSection\":[\"La Gu\u00eda\"],\"inLanguage\":\"es\"},{\"@type\":\"WebPage\",\"@id\":\"https:\\\/\\\/www.eldiario.net\\\/portal\\\/2025\\\/10\\\/01\\\/sibah-honra-la-existencia-con-pulsos-vitales\\\/\",\"url\":\"https:\\\/\\\/www.eldiario.net\\\/portal\\\/2025\\\/10\\\/01\\\/sibah-honra-la-existencia-con-pulsos-vitales\\\/\",\"name\":\"Sibah honra la existencia con \u201cPulsos vitales\u201d - El Diario - Bolivia\",\"isPartOf\":{\"@id\":\"https:\\\/\\\/www.eldiario.net\\\/portal\\\/#website\"},\"primaryImageOfPage\":{\"@id\":\"https:\\\/\\\/www.eldiario.net\\\/portal\\\/2025\\\/10\\\/01\\\/sibah-honra-la-existencia-con-pulsos-vitales\\\/#primaryimage\"},\"image\":{\"@id\":\"https:\\\/\\\/www.eldiario.net\\\/portal\\\/2025\\\/10\\\/01\\\/sibah-honra-la-existencia-con-pulsos-vitales\\\/#primaryimage\"},\"thumbnailUrl\":\"https:\\\/\\\/www.eldiario.net\\\/portal\\\/wp-content\\\/uploads\\\/2025\\\/09\\\/1-PRINCIPAL-14.webp\",\"datePublished\":\"2025-10-01T05:08:07+00:00\",\"breadcrumb\":{\"@id\":\"https:\\\/\\\/www.eldiario.net\\\/portal\\\/2025\\\/10\\\/01\\\/sibah-honra-la-existencia-con-pulsos-vitales\\\/#breadcrumb\"},\"inLanguage\":\"es\",\"potentialAction\":[{\"@type\":\"ReadAction\",\"target\":[\"https:\\\/\\\/www.eldiario.net\\\/portal\\\/2025\\\/10\\\/01\\\/sibah-honra-la-existencia-con-pulsos-vitales\\\/\"]}]},{\"@type\":\"ImageObject\",\"inLanguage\":\"es\",\"@id\":\"https:\\\/\\\/www.eldiario.net\\\/portal\\\/2025\\\/10\\\/01\\\/sibah-honra-la-existencia-con-pulsos-vitales\\\/#primaryimage\",\"url\":\"https:\\\/\\\/www.eldiario.net\\\/portal\\\/wp-content\\\/uploads\\\/2025\\\/09\\\/1-PRINCIPAL-14.webp\",\"contentUrl\":\"https:\\\/\\\/www.eldiario.net\\\/portal\\\/wp-content\\\/uploads\\\/2025\\\/09\\\/1-PRINCIPAL-14.webp\",\"width\":1440,\"height\":960},{\"@type\":\"BreadcrumbList\",\"@id\":\"https:\\\/\\\/www.eldiario.net\\\/portal\\\/2025\\\/10\\\/01\\\/sibah-honra-la-existencia-con-pulsos-vitales\\\/#breadcrumb\",\"itemListElement\":[{\"@type\":\"ListItem\",\"position\":1,\"name\":\"Portada\",\"item\":\"https:\\\/\\\/www.eldiario.net\\\/portal\\\/\"},{\"@type\":\"ListItem\",\"position\":2,\"name\":\"Sibah honra la existencia con \u201cPulsos vitales\u201d\"}]},{\"@type\":\"WebSite\",\"@id\":\"https:\\\/\\\/www.eldiario.net\\\/portal\\\/#website\",\"url\":\"https:\\\/\\\/www.eldiario.net\\\/portal\\\/\",\"name\":\"El Diario - Decano de la prensa nacional\",\"description\":\"El Diario - Decano de la prensa nacional\",\"publisher\":{\"@id\":\"https:\\\/\\\/www.eldiario.net\\\/portal\\\/#organization\"},\"potentialAction\":[{\"@type\":\"SearchAction\",\"target\":{\"@type\":\"EntryPoint\",\"urlTemplate\":\"https:\\\/\\\/www.eldiario.net\\\/portal\\\/?s={search_term_string}\"},\"query-input\":{\"@type\":\"PropertyValueSpecification\",\"valueRequired\":true,\"valueName\":\"search_term_string\"}}],\"inLanguage\":\"es\"},{\"@type\":\"Organization\",\"@id\":\"https:\\\/\\\/www.eldiario.net\\\/portal\\\/#organization\",\"name\":\"El Diario - Decano de la prensa nacional\",\"url\":\"https:\\\/\\\/www.eldiario.net\\\/portal\\\/\",\"logo\":{\"@type\":\"ImageObject\",\"inLanguage\":\"es\",\"@id\":\"https:\\\/\\\/www.eldiario.net\\\/portal\\\/#\\\/schema\\\/logo\\\/image\\\/\",\"url\":\"https:\\\/\\\/www.eldiario.net\\\/portal\\\/wp-content\\\/uploads\\\/2023\\\/07\\\/logo_ED.jpg\",\"contentUrl\":\"https:\\\/\\\/www.eldiario.net\\\/portal\\\/wp-content\\\/uploads\\\/2023\\\/07\\\/logo_ED.jpg\",\"width\":272,\"height\":52,\"caption\":\"El Diario - Decano de la prensa nacional\"},\"image\":{\"@id\":\"https:\\\/\\\/www.eldiario.net\\\/portal\\\/#\\\/schema\\\/logo\\\/image\\\/\"},\"sameAs\":[\"https:\\\/\\\/www.facebook.com\\\/eldiario.bolivia\\\/\",\"https:\\\/\\\/x.com\\\/eldiario_net\"]},{\"@type\":\"Person\",\"@id\":\"https:\\\/\\\/www.eldiario.net\\\/portal\\\/#\\\/schema\\\/person\\\/2c57cf2b7a7ae032e449e4c9b1019eac\",\"name\":\"Jeanette\",\"image\":{\"@type\":\"ImageObject\",\"inLanguage\":\"es\",\"@id\":\"https:\\\/\\\/secure.gravatar.com\\\/avatar\\\/3ea2118a5f7dad2b7138b1187a6b7ee55f160b9968b66013c3a3ef39dd7e5798?s=96&d=mm&r=g\",\"url\":\"https:\\\/\\\/secure.gravatar.com\\\/avatar\\\/3ea2118a5f7dad2b7138b1187a6b7ee55f160b9968b66013c3a3ef39dd7e5798?s=96&d=mm&r=g\",\"contentUrl\":\"https:\\\/\\\/secure.gravatar.com\\\/avatar\\\/3ea2118a5f7dad2b7138b1187a6b7ee55f160b9968b66013c3a3ef39dd7e5798?s=96&d=mm&r=g\",\"caption\":\"Jeanette\"},\"sameAs\":[\"https:\\\/\\\/www.eldiario.net\\\/portal\"],\"url\":\"https:\\\/\\\/www.eldiario.net\\\/portal\\\/author\\\/jeanette\\\/\"}]}<\/script>\n<!-- \/ Yoast SEO plugin. -->","yoast_head_json":{"title":"Sibah honra la existencia con \u201cPulsos vitales\u201d - El Diario - Bolivia","robots":{"index":"index","follow":"follow","max-snippet":"max-snippet:-1","max-image-preview":"max-image-preview:large","max-video-preview":"max-video-preview:-1"},"canonical":"https:\/\/www.eldiario.net\/portal\/2025\/10\/01\/sibah-honra-la-existencia-con-pulsos-vitales\/","og_locale":"es_ES","og_type":"article","og_title":"Sibah honra la existencia con \u201cPulsos vitales\u201d - El Diario - Bolivia","og_description":"La cantante y compositora boliviana Sibah brindar\u00e1 el concierto \u201cPulsos vitales\u201d este viernes 3 de octubre, a horas 19:30, en el auditorio Ecofuturo, ubicado en la avenida S\u00e1nchez Bustamante, calle 9 de Calacoto, zona sur de la ciudad. En la velada, Sibah presentar\u00e1 el video clip de su nuevo lanzamiento, \u201cRespirarte\u201d. \u201cPulsos Vitales nombra esa [&hellip;]","og_url":"https:\/\/www.eldiario.net\/portal\/2025\/10\/01\/sibah-honra-la-existencia-con-pulsos-vitales\/","og_site_name":"El Diario - Bolivia","article_publisher":"https:\/\/www.facebook.com\/eldiario.bolivia\/","article_published_time":"2025-10-01T05:08:07+00:00","og_image":[{"width":1440,"height":960,"url":"https:\/\/www.eldiario.net\/portal\/wp-content\/uploads\/2025\/09\/1-PRINCIPAL-14.webp","type":"image\/webp"}],"author":"Jeanette","twitter_card":"summary_large_image","twitter_creator":"@eldiario_net","twitter_site":"@eldiario_net","twitter_misc":{"Escrito por":"Jeanette","Tiempo de lectura":"5 minutos"},"schema":{"@context":"https:\/\/schema.org","@graph":[{"@type":"Article","@id":"https:\/\/www.eldiario.net\/portal\/2025\/10\/01\/sibah-honra-la-existencia-con-pulsos-vitales\/#article","isPartOf":{"@id":"https:\/\/www.eldiario.net\/portal\/2025\/10\/01\/sibah-honra-la-existencia-con-pulsos-vitales\/"},"author":{"name":"Jeanette","@id":"https:\/\/www.eldiario.net\/portal\/#\/schema\/person\/2c57cf2b7a7ae032e449e4c9b1019eac"},"headline":"Sibah honra la existencia con \u201cPulsos vitales\u201d","datePublished":"2025-10-01T05:08:07+00:00","mainEntityOfPage":{"@id":"https:\/\/www.eldiario.net\/portal\/2025\/10\/01\/sibah-honra-la-existencia-con-pulsos-vitales\/"},"wordCount":1035,"publisher":{"@id":"https:\/\/www.eldiario.net\/portal\/#organization"},"image":{"@id":"https:\/\/www.eldiario.net\/portal\/2025\/10\/01\/sibah-honra-la-existencia-con-pulsos-vitales\/#primaryimage"},"thumbnailUrl":"https:\/\/www.eldiario.net\/portal\/wp-content\/uploads\/2025\/09\/1-PRINCIPAL-14.webp","articleSection":["La Gu\u00eda"],"inLanguage":"es"},{"@type":"WebPage","@id":"https:\/\/www.eldiario.net\/portal\/2025\/10\/01\/sibah-honra-la-existencia-con-pulsos-vitales\/","url":"https:\/\/www.eldiario.net\/portal\/2025\/10\/01\/sibah-honra-la-existencia-con-pulsos-vitales\/","name":"Sibah honra la existencia con \u201cPulsos vitales\u201d - El Diario - Bolivia","isPartOf":{"@id":"https:\/\/www.eldiario.net\/portal\/#website"},"primaryImageOfPage":{"@id":"https:\/\/www.eldiario.net\/portal\/2025\/10\/01\/sibah-honra-la-existencia-con-pulsos-vitales\/#primaryimage"},"image":{"@id":"https:\/\/www.eldiario.net\/portal\/2025\/10\/01\/sibah-honra-la-existencia-con-pulsos-vitales\/#primaryimage"},"thumbnailUrl":"https:\/\/www.eldiario.net\/portal\/wp-content\/uploads\/2025\/09\/1-PRINCIPAL-14.webp","datePublished":"2025-10-01T05:08:07+00:00","breadcrumb":{"@id":"https:\/\/www.eldiario.net\/portal\/2025\/10\/01\/sibah-honra-la-existencia-con-pulsos-vitales\/#breadcrumb"},"inLanguage":"es","potentialAction":[{"@type":"ReadAction","target":["https:\/\/www.eldiario.net\/portal\/2025\/10\/01\/sibah-honra-la-existencia-con-pulsos-vitales\/"]}]},{"@type":"ImageObject","inLanguage":"es","@id":"https:\/\/www.eldiario.net\/portal\/2025\/10\/01\/sibah-honra-la-existencia-con-pulsos-vitales\/#primaryimage","url":"https:\/\/www.eldiario.net\/portal\/wp-content\/uploads\/2025\/09\/1-PRINCIPAL-14.webp","contentUrl":"https:\/\/www.eldiario.net\/portal\/wp-content\/uploads\/2025\/09\/1-PRINCIPAL-14.webp","width":1440,"height":960},{"@type":"BreadcrumbList","@id":"https:\/\/www.eldiario.net\/portal\/2025\/10\/01\/sibah-honra-la-existencia-con-pulsos-vitales\/#breadcrumb","itemListElement":[{"@type":"ListItem","position":1,"name":"Portada","item":"https:\/\/www.eldiario.net\/portal\/"},{"@type":"ListItem","position":2,"name":"Sibah honra la existencia con \u201cPulsos vitales\u201d"}]},{"@type":"WebSite","@id":"https:\/\/www.eldiario.net\/portal\/#website","url":"https:\/\/www.eldiario.net\/portal\/","name":"El Diario - Decano de la prensa nacional","description":"El Diario - Decano de la prensa nacional","publisher":{"@id":"https:\/\/www.eldiario.net\/portal\/#organization"},"potentialAction":[{"@type":"SearchAction","target":{"@type":"EntryPoint","urlTemplate":"https:\/\/www.eldiario.net\/portal\/?s={search_term_string}"},"query-input":{"@type":"PropertyValueSpecification","valueRequired":true,"valueName":"search_term_string"}}],"inLanguage":"es"},{"@type":"Organization","@id":"https:\/\/www.eldiario.net\/portal\/#organization","name":"El Diario - Decano de la prensa nacional","url":"https:\/\/www.eldiario.net\/portal\/","logo":{"@type":"ImageObject","inLanguage":"es","@id":"https:\/\/www.eldiario.net\/portal\/#\/schema\/logo\/image\/","url":"https:\/\/www.eldiario.net\/portal\/wp-content\/uploads\/2023\/07\/logo_ED.jpg","contentUrl":"https:\/\/www.eldiario.net\/portal\/wp-content\/uploads\/2023\/07\/logo_ED.jpg","width":272,"height":52,"caption":"El Diario - Decano de la prensa nacional"},"image":{"@id":"https:\/\/www.eldiario.net\/portal\/#\/schema\/logo\/image\/"},"sameAs":["https:\/\/www.facebook.com\/eldiario.bolivia\/","https:\/\/x.com\/eldiario_net"]},{"@type":"Person","@id":"https:\/\/www.eldiario.net\/portal\/#\/schema\/person\/2c57cf2b7a7ae032e449e4c9b1019eac","name":"Jeanette","image":{"@type":"ImageObject","inLanguage":"es","@id":"https:\/\/secure.gravatar.com\/avatar\/3ea2118a5f7dad2b7138b1187a6b7ee55f160b9968b66013c3a3ef39dd7e5798?s=96&d=mm&r=g","url":"https:\/\/secure.gravatar.com\/avatar\/3ea2118a5f7dad2b7138b1187a6b7ee55f160b9968b66013c3a3ef39dd7e5798?s=96&d=mm&r=g","contentUrl":"https:\/\/secure.gravatar.com\/avatar\/3ea2118a5f7dad2b7138b1187a6b7ee55f160b9968b66013c3a3ef39dd7e5798?s=96&d=mm&r=g","caption":"Jeanette"},"sameAs":["https:\/\/www.eldiario.net\/portal"],"url":"https:\/\/www.eldiario.net\/portal\/author\/jeanette\/"}]}},"_links":{"self":[{"href":"https:\/\/www.eldiario.net\/portal\/wp-json\/wp\/v2\/posts\/335088","targetHints":{"allow":["GET"]}}],"collection":[{"href":"https:\/\/www.eldiario.net\/portal\/wp-json\/wp\/v2\/posts"}],"about":[{"href":"https:\/\/www.eldiario.net\/portal\/wp-json\/wp\/v2\/types\/post"}],"author":[{"embeddable":true,"href":"https:\/\/www.eldiario.net\/portal\/wp-json\/wp\/v2\/users\/1"}],"replies":[{"embeddable":true,"href":"https:\/\/www.eldiario.net\/portal\/wp-json\/wp\/v2\/comments?post=335088"}],"version-history":[{"count":1,"href":"https:\/\/www.eldiario.net\/portal\/wp-json\/wp\/v2\/posts\/335088\/revisions"}],"predecessor-version":[{"id":335093,"href":"https:\/\/www.eldiario.net\/portal\/wp-json\/wp\/v2\/posts\/335088\/revisions\/335093"}],"wp:featuredmedia":[{"embeddable":true,"href":"https:\/\/www.eldiario.net\/portal\/wp-json\/wp\/v2\/media\/335091"}],"wp:attachment":[{"href":"https:\/\/www.eldiario.net\/portal\/wp-json\/wp\/v2\/media?parent=335088"}],"wp:term":[{"taxonomy":"category","embeddable":true,"href":"https:\/\/www.eldiario.net\/portal\/wp-json\/wp\/v2\/categories?post=335088"},{"taxonomy":"post_tag","embeddable":true,"href":"https:\/\/www.eldiario.net\/portal\/wp-json\/wp\/v2\/tags?post=335088"}],"curies":[{"name":"wp","href":"https:\/\/api.w.org\/{rel}","templated":true}]}}