{"id":335063,"date":"2025-10-01T01:56:06","date_gmt":"2025-10-01T05:56:06","guid":{"rendered":"https:\/\/www.eldiario.net\/portal\/?p=335063"},"modified":"2025-09-30T22:56:50","modified_gmt":"2025-10-01T02:56:50","slug":"mbappe-y-kane-se-destacan-en-la-champions","status":"publish","type":"post","link":"https:\/\/www.eldiario.net\/portal\/2025\/10\/01\/mbappe-y-kane-se-destacan-en-la-champions\/","title":{"rendered":"Mbapp\u00e9 y Kane se destacan en la Champions"},"content":{"rendered":"<p>Kylian Mbapp\u00e9 firm\u00f3 una tripleta y Harry Kane estamp\u00f3 un doblete, con lo que los gigantes europeos Real Madrid y Bayern M\u00fanich se apuntaron ayer victorias aplastantes ante debutantes en la Liga de Campeones.<br \/>\nEl Madrid no dej\u00f3 entrever cualquier cansancio por su largo viaje a Kazajist\u00e1n al vapulear 5-0 a Kairat Almaty. El Bayern arras\u00f3 5-1 a Pafos en Chipre.<br \/>\nLiverpool sucumbi\u00f3 1-0 de visita a Galatasaray despu\u00e9s que el VAR revirti\u00f3 una decisi\u00f3n de penal a los 88 minutos. Victor Osimhen anot\u00f3 el gol de la victoria de Galatasaray al ejecutar un penal en la primera mitad.<br \/>\nEl Atl\u00e9tico de Madrid marc\u00f3 cinco goles por segundo partido seguido, esta vez para despachar 5-1 a Eintracht Frankfurt. Los colchoneros ven\u00edan de aniquilar 5-2 al Madrid el fin de semana en el derbi de la capital espa\u00f1ola. Diego Simeone, el t\u00e9cnico del Atl\u00e9tico, observ\u00f3 el duelo desde las gradas del Estadio Metropolitano al purgar su suspensi\u00f3n por un altercado con un aficionado de Liverpool en la primera fecha del torneo continental. Tottenham necesit\u00f3 un gol en propia puerta en los \u00faltimos minutos para escapar de con un empate 2-2. Fue el primer partido en casa del campe\u00f3n noruego en la fase principal de la competici\u00f3n.<br \/>\nJos\u00e9 Mourinho lanz\u00f3 un beso a los seguidores de Chelsea en su regreso a Stamford Bridge con Benfica, su nuevo equipo. La balanza del partido se inclin\u00f3 a favor de Chelsea por el autogol del volante colombiano Richard R\u00edos a los 18 minutos. Chelsea acab\u00f3 con 10 hombres tras la expulsi\u00f3n de Jo\u00e3o Pedro cerca del final. El delantero argentino Lautaro Mart\u00ednez factur\u00f3 dos goles en la victoria 3-0 del Inter de Mil\u00e1n como local ante Slavia Praga. El Olympique de Marsella dio cuenta 4-0 del visitante Ajax. Y Atalanta remont\u00f3 para vencer 2-1 a Club Brujas.<\/p>\n","protected":false},"excerpt":{"rendered":"<p>Kylian Mbapp\u00e9 firm\u00f3 una tripleta y Harry Kane estamp\u00f3 un doblete, con lo que los gigantes europeos Real Madrid y Bayern M\u00fanich se apuntaron ayer victorias aplastantes ante debutantes en la Liga de Campeones. El Madrid no dej\u00f3 entrever cualquier cansancio por su largo viaje a Kazajist\u00e1n al vapulear 5-0 a Kairat Almaty. El Bayern [&hellip;]<\/p>\n","protected":false},"author":1,"featured_media":335064,"comment_status":"closed","ping_status":"open","sticky":false,"template":"","format":"standard","meta":{"_acf_changed":false,"footnotes":""},"categories":[6],"tags":[],"class_list":["post-335063","post","type-post","status-publish","format-standard","has-post-thumbnail","category-deportes"],"acf":{"antetitulo":""},"yoast_head":"<!-- This site is optimized with the Yoast SEO plugin v28.4 - https:\/\/yoast.com\/product\/yoast-seo-wordpress\/ -->\n<title>Mbapp\u00e9 y Kane se destacan en la Champions - El Diario - Bolivia<\/title>\n<meta name=\"robots\" content=\"index, follow, max-snippet:-1, max-image-preview:large, max-video-preview:-1\" \/>\n<link rel=\"canonical\" href=\"https:\/\/www.eldiario.net\/portal\/2025\/10\/01\/mbappe-y-kane-se-destacan-en-la-champions\/\" \/>\n<meta property=\"og:locale\" content=\"es_ES\" \/>\n<meta property=\"og:type\" content=\"article\" \/>\n<meta property=\"og:title\" content=\"Mbapp\u00e9 y Kane se destacan en la Champions - El Diario - Bolivia\" \/>\n<meta property=\"og:description\" content=\"Kylian Mbapp\u00e9 firm\u00f3 una tripleta y Harry Kane estamp\u00f3 un doblete, con lo que los gigantes europeos Real Madrid y Bayern M\u00fanich se apuntaron ayer victorias aplastantes ante debutantes en la Liga de Campeones. El Madrid no dej\u00f3 entrever cualquier cansancio por su largo viaje a Kazajist\u00e1n al vapulear 5-0 a Kairat Almaty. El Bayern [&hellip;]\" \/>\n<meta property=\"og:url\" content=\"https:\/\/www.eldiario.net\/portal\/2025\/10\/01\/mbappe-y-kane-se-destacan-en-la-champions\/\" \/>\n<meta property=\"og:site_name\" content=\"El Diario - Bolivia\" \/>\n<meta property=\"article:publisher\" content=\"https:\/\/www.facebook.com\/eldiario.bolivia\/\" \/>\n<meta property=\"article:published_time\" content=\"2025-10-01T05:56:06+00:00\" \/>\n<meta property=\"og:image\" content=\"https:\/\/www.eldiario.net\/portal\/wp-content\/uploads\/2025\/09\/MBAPPE-2.webp\" \/>\n\t<meta property=\"og:image:width\" content=\"1200\" \/>\n\t<meta property=\"og:image:height\" content=\"675\" \/>\n\t<meta property=\"og:image:type\" content=\"image\/webp\" \/>\n<meta name=\"author\" content=\"Jeanette\" \/>\n<meta name=\"twitter:card\" content=\"summary_large_image\" \/>\n<meta name=\"twitter:creator\" content=\"@eldiario_net\" \/>\n<meta name=\"twitter:site\" content=\"@eldiario_net\" \/>\n<meta name=\"twitter:label1\" content=\"Escrito por\" \/>\n\t<meta name=\"twitter:data1\" content=\"Jeanette\" \/>\n\t<meta name=\"twitter:label2\" content=\"Tiempo de lectura\" \/>\n\t<meta name=\"twitter:data2\" content=\"2 minutos\" \/>\n<script type=\"application\/ld+json\" class=\"yoast-schema-graph\">{\"@context\":\"https:\\\/\\\/schema.org\",\"@graph\":[{\"@type\":\"Article\",\"@id\":\"https:\\\/\\\/www.eldiario.net\\\/portal\\\/2025\\\/10\\\/01\\\/mbappe-y-kane-se-destacan-en-la-champions\\\/#article\",\"isPartOf\":{\"@id\":\"https:\\\/\\\/www.eldiario.net\\\/portal\\\/2025\\\/10\\\/01\\\/mbappe-y-kane-se-destacan-en-la-champions\\\/\"},\"author\":{\"name\":\"Jeanette\",\"@id\":\"https:\\\/\\\/www.eldiario.net\\\/portal\\\/#\\\/schema\\\/person\\\/2c57cf2b7a7ae032e449e4c9b1019eac\"},\"headline\":\"Mbapp\u00e9 y Kane se destacan en la Champions\",\"datePublished\":\"2025-10-01T05:56:06+00:00\",\"mainEntityOfPage\":{\"@id\":\"https:\\\/\\\/www.eldiario.net\\\/portal\\\/2025\\\/10\\\/01\\\/mbappe-y-kane-se-destacan-en-la-champions\\\/\"},\"wordCount\":324,\"publisher\":{\"@id\":\"https:\\\/\\\/www.eldiario.net\\\/portal\\\/#organization\"},\"image\":{\"@id\":\"https:\\\/\\\/www.eldiario.net\\\/portal\\\/2025\\\/10\\\/01\\\/mbappe-y-kane-se-destacan-en-la-champions\\\/#primaryimage\"},\"thumbnailUrl\":\"https:\\\/\\\/www.eldiario.net\\\/portal\\\/wp-content\\\/uploads\\\/2025\\\/09\\\/MBAPPE-2.webp\",\"articleSection\":[\"Deportes\"],\"inLanguage\":\"es\"},{\"@type\":\"WebPage\",\"@id\":\"https:\\\/\\\/www.eldiario.net\\\/portal\\\/2025\\\/10\\\/01\\\/mbappe-y-kane-se-destacan-en-la-champions\\\/\",\"url\":\"https:\\\/\\\/www.eldiario.net\\\/portal\\\/2025\\\/10\\\/01\\\/mbappe-y-kane-se-destacan-en-la-champions\\\/\",\"name\":\"Mbapp\u00e9 y Kane se destacan en la Champions - El Diario - Bolivia\",\"isPartOf\":{\"@id\":\"https:\\\/\\\/www.eldiario.net\\\/portal\\\/#website\"},\"primaryImageOfPage\":{\"@id\":\"https:\\\/\\\/www.eldiario.net\\\/portal\\\/2025\\\/10\\\/01\\\/mbappe-y-kane-se-destacan-en-la-champions\\\/#primaryimage\"},\"image\":{\"@id\":\"https:\\\/\\\/www.eldiario.net\\\/portal\\\/2025\\\/10\\\/01\\\/mbappe-y-kane-se-destacan-en-la-champions\\\/#primaryimage\"},\"thumbnailUrl\":\"https:\\\/\\\/www.eldiario.net\\\/portal\\\/wp-content\\\/uploads\\\/2025\\\/09\\\/MBAPPE-2.webp\",\"datePublished\":\"2025-10-01T05:56:06+00:00\",\"breadcrumb\":{\"@id\":\"https:\\\/\\\/www.eldiario.net\\\/portal\\\/2025\\\/10\\\/01\\\/mbappe-y-kane-se-destacan-en-la-champions\\\/#breadcrumb\"},\"inLanguage\":\"es\",\"potentialAction\":[{\"@type\":\"ReadAction\",\"target\":[\"https:\\\/\\\/www.eldiario.net\\\/portal\\\/2025\\\/10\\\/01\\\/mbappe-y-kane-se-destacan-en-la-champions\\\/\"]}]},{\"@type\":\"ImageObject\",\"inLanguage\":\"es\",\"@id\":\"https:\\\/\\\/www.eldiario.net\\\/portal\\\/2025\\\/10\\\/01\\\/mbappe-y-kane-se-destacan-en-la-champions\\\/#primaryimage\",\"url\":\"https:\\\/\\\/www.eldiario.net\\\/portal\\\/wp-content\\\/uploads\\\/2025\\\/09\\\/MBAPPE-2.webp\",\"contentUrl\":\"https:\\\/\\\/www.eldiario.net\\\/portal\\\/wp-content\\\/uploads\\\/2025\\\/09\\\/MBAPPE-2.webp\",\"width\":1200,\"height\":675},{\"@type\":\"BreadcrumbList\",\"@id\":\"https:\\\/\\\/www.eldiario.net\\\/portal\\\/2025\\\/10\\\/01\\\/mbappe-y-kane-se-destacan-en-la-champions\\\/#breadcrumb\",\"itemListElement\":[{\"@type\":\"ListItem\",\"position\":1,\"name\":\"Portada\",\"item\":\"https:\\\/\\\/www.eldiario.net\\\/portal\\\/\"},{\"@type\":\"ListItem\",\"position\":2,\"name\":\"Mbapp\u00e9 y Kane se destacan en la Champions\"}]},{\"@type\":\"WebSite\",\"@id\":\"https:\\\/\\\/www.eldiario.net\\\/portal\\\/#website\",\"url\":\"https:\\\/\\\/www.eldiario.net\\\/portal\\\/\",\"name\":\"El Diario - Decano de la prensa nacional\",\"description\":\"El Diario - Decano de la prensa nacional\",\"publisher\":{\"@id\":\"https:\\\/\\\/www.eldiario.net\\\/portal\\\/#organization\"},\"potentialAction\":[{\"@type\":\"SearchAction\",\"target\":{\"@type\":\"EntryPoint\",\"urlTemplate\":\"https:\\\/\\\/www.eldiario.net\\\/portal\\\/?s={search_term_string}\"},\"query-input\":{\"@type\":\"PropertyValueSpecification\",\"valueRequired\":true,\"valueName\":\"search_term_string\"}}],\"inLanguage\":\"es\"},{\"@type\":\"Organization\",\"@id\":\"https:\\\/\\\/www.eldiario.net\\\/portal\\\/#organization\",\"name\":\"El Diario - Decano de la prensa nacional\",\"url\":\"https:\\\/\\\/www.eldiario.net\\\/portal\\\/\",\"logo\":{\"@type\":\"ImageObject\",\"inLanguage\":\"es\",\"@id\":\"https:\\\/\\\/www.eldiario.net\\\/portal\\\/#\\\/schema\\\/logo\\\/image\\\/\",\"url\":\"https:\\\/\\\/www.eldiario.net\\\/portal\\\/wp-content\\\/uploads\\\/2023\\\/07\\\/logo_ED.jpg\",\"contentUrl\":\"https:\\\/\\\/www.eldiario.net\\\/portal\\\/wp-content\\\/uploads\\\/2023\\\/07\\\/logo_ED.jpg\",\"width\":272,\"height\":52,\"caption\":\"El Diario - Decano de la prensa nacional\"},\"image\":{\"@id\":\"https:\\\/\\\/www.eldiario.net\\\/portal\\\/#\\\/schema\\\/logo\\\/image\\\/\"},\"sameAs\":[\"https:\\\/\\\/www.facebook.com\\\/eldiario.bolivia\\\/\",\"https:\\\/\\\/x.com\\\/eldiario_net\"]},{\"@type\":\"Person\",\"@id\":\"https:\\\/\\\/www.eldiario.net\\\/portal\\\/#\\\/schema\\\/person\\\/2c57cf2b7a7ae032e449e4c9b1019eac\",\"name\":\"Jeanette\",\"image\":{\"@type\":\"ImageObject\",\"inLanguage\":\"es\",\"@id\":\"https:\\\/\\\/secure.gravatar.com\\\/avatar\\\/3ea2118a5f7dad2b7138b1187a6b7ee55f160b9968b66013c3a3ef39dd7e5798?s=96&d=mm&r=g\",\"url\":\"https:\\\/\\\/secure.gravatar.com\\\/avatar\\\/3ea2118a5f7dad2b7138b1187a6b7ee55f160b9968b66013c3a3ef39dd7e5798?s=96&d=mm&r=g\",\"contentUrl\":\"https:\\\/\\\/secure.gravatar.com\\\/avatar\\\/3ea2118a5f7dad2b7138b1187a6b7ee55f160b9968b66013c3a3ef39dd7e5798?s=96&d=mm&r=g\",\"caption\":\"Jeanette\"},\"sameAs\":[\"https:\\\/\\\/www.eldiario.net\\\/portal\"],\"url\":\"https:\\\/\\\/www.eldiario.net\\\/portal\\\/author\\\/jeanette\\\/\"}]}<\/script>\n<!-- \/ Yoast SEO plugin. -->","yoast_head_json":{"title":"Mbapp\u00e9 y Kane se destacan en la Champions - El Diario - Bolivia","robots":{"index":"index","follow":"follow","max-snippet":"max-snippet:-1","max-image-preview":"max-image-preview:large","max-video-preview":"max-video-preview:-1"},"canonical":"https:\/\/www.eldiario.net\/portal\/2025\/10\/01\/mbappe-y-kane-se-destacan-en-la-champions\/","og_locale":"es_ES","og_type":"article","og_title":"Mbapp\u00e9 y Kane se destacan en la Champions - El Diario - Bolivia","og_description":"Kylian Mbapp\u00e9 firm\u00f3 una tripleta y Harry Kane estamp\u00f3 un doblete, con lo que los gigantes europeos Real Madrid y Bayern M\u00fanich se apuntaron ayer victorias aplastantes ante debutantes en la Liga de Campeones. El Madrid no dej\u00f3 entrever cualquier cansancio por su largo viaje a Kazajist\u00e1n al vapulear 5-0 a Kairat Almaty. El Bayern [&hellip;]","og_url":"https:\/\/www.eldiario.net\/portal\/2025\/10\/01\/mbappe-y-kane-se-destacan-en-la-champions\/","og_site_name":"El Diario - Bolivia","article_publisher":"https:\/\/www.facebook.com\/eldiario.bolivia\/","article_published_time":"2025-10-01T05:56:06+00:00","og_image":[{"width":1200,"height":675,"url":"https:\/\/www.eldiario.net\/portal\/wp-content\/uploads\/2025\/09\/MBAPPE-2.webp","type":"image\/webp"}],"author":"Jeanette","twitter_card":"summary_large_image","twitter_creator":"@eldiario_net","twitter_site":"@eldiario_net","twitter_misc":{"Escrito por":"Jeanette","Tiempo de lectura":"2 minutos"},"schema":{"@context":"https:\/\/schema.org","@graph":[{"@type":"Article","@id":"https:\/\/www.eldiario.net\/portal\/2025\/10\/01\/mbappe-y-kane-se-destacan-en-la-champions\/#article","isPartOf":{"@id":"https:\/\/www.eldiario.net\/portal\/2025\/10\/01\/mbappe-y-kane-se-destacan-en-la-champions\/"},"author":{"name":"Jeanette","@id":"https:\/\/www.eldiario.net\/portal\/#\/schema\/person\/2c57cf2b7a7ae032e449e4c9b1019eac"},"headline":"Mbapp\u00e9 y Kane se destacan en la Champions","datePublished":"2025-10-01T05:56:06+00:00","mainEntityOfPage":{"@id":"https:\/\/www.eldiario.net\/portal\/2025\/10\/01\/mbappe-y-kane-se-destacan-en-la-champions\/"},"wordCount":324,"publisher":{"@id":"https:\/\/www.eldiario.net\/portal\/#organization"},"image":{"@id":"https:\/\/www.eldiario.net\/portal\/2025\/10\/01\/mbappe-y-kane-se-destacan-en-la-champions\/#primaryimage"},"thumbnailUrl":"https:\/\/www.eldiario.net\/portal\/wp-content\/uploads\/2025\/09\/MBAPPE-2.webp","articleSection":["Deportes"],"inLanguage":"es"},{"@type":"WebPage","@id":"https:\/\/www.eldiario.net\/portal\/2025\/10\/01\/mbappe-y-kane-se-destacan-en-la-champions\/","url":"https:\/\/www.eldiario.net\/portal\/2025\/10\/01\/mbappe-y-kane-se-destacan-en-la-champions\/","name":"Mbapp\u00e9 y Kane se destacan en la Champions - El Diario - Bolivia","isPartOf":{"@id":"https:\/\/www.eldiario.net\/portal\/#website"},"primaryImageOfPage":{"@id":"https:\/\/www.eldiario.net\/portal\/2025\/10\/01\/mbappe-y-kane-se-destacan-en-la-champions\/#primaryimage"},"image":{"@id":"https:\/\/www.eldiario.net\/portal\/2025\/10\/01\/mbappe-y-kane-se-destacan-en-la-champions\/#primaryimage"},"thumbnailUrl":"https:\/\/www.eldiario.net\/portal\/wp-content\/uploads\/2025\/09\/MBAPPE-2.webp","datePublished":"2025-10-01T05:56:06+00:00","breadcrumb":{"@id":"https:\/\/www.eldiario.net\/portal\/2025\/10\/01\/mbappe-y-kane-se-destacan-en-la-champions\/#breadcrumb"},"inLanguage":"es","potentialAction":[{"@type":"ReadAction","target":["https:\/\/www.eldiario.net\/portal\/2025\/10\/01\/mbappe-y-kane-se-destacan-en-la-champions\/"]}]},{"@type":"ImageObject","inLanguage":"es","@id":"https:\/\/www.eldiario.net\/portal\/2025\/10\/01\/mbappe-y-kane-se-destacan-en-la-champions\/#primaryimage","url":"https:\/\/www.eldiario.net\/portal\/wp-content\/uploads\/2025\/09\/MBAPPE-2.webp","contentUrl":"https:\/\/www.eldiario.net\/portal\/wp-content\/uploads\/2025\/09\/MBAPPE-2.webp","width":1200,"height":675},{"@type":"BreadcrumbList","@id":"https:\/\/www.eldiario.net\/portal\/2025\/10\/01\/mbappe-y-kane-se-destacan-en-la-champions\/#breadcrumb","itemListElement":[{"@type":"ListItem","position":1,"name":"Portada","item":"https:\/\/www.eldiario.net\/portal\/"},{"@type":"ListItem","position":2,"name":"Mbapp\u00e9 y Kane se destacan en la Champions"}]},{"@type":"WebSite","@id":"https:\/\/www.eldiario.net\/portal\/#website","url":"https:\/\/www.eldiario.net\/portal\/","name":"El Diario - Decano de la prensa nacional","description":"El Diario - Decano de la prensa nacional","publisher":{"@id":"https:\/\/www.eldiario.net\/portal\/#organization"},"potentialAction":[{"@type":"SearchAction","target":{"@type":"EntryPoint","urlTemplate":"https:\/\/www.eldiario.net\/portal\/?s={search_term_string}"},"query-input":{"@type":"PropertyValueSpecification","valueRequired":true,"valueName":"search_term_string"}}],"inLanguage":"es"},{"@type":"Organization","@id":"https:\/\/www.eldiario.net\/portal\/#organization","name":"El Diario - Decano de la prensa nacional","url":"https:\/\/www.eldiario.net\/portal\/","logo":{"@type":"ImageObject","inLanguage":"es","@id":"https:\/\/www.eldiario.net\/portal\/#\/schema\/logo\/image\/","url":"https:\/\/www.eldiario.net\/portal\/wp-content\/uploads\/2023\/07\/logo_ED.jpg","contentUrl":"https:\/\/www.eldiario.net\/portal\/wp-content\/uploads\/2023\/07\/logo_ED.jpg","width":272,"height":52,"caption":"El Diario - Decano de la prensa nacional"},"image":{"@id":"https:\/\/www.eldiario.net\/portal\/#\/schema\/logo\/image\/"},"sameAs":["https:\/\/www.facebook.com\/eldiario.bolivia\/","https:\/\/x.com\/eldiario_net"]},{"@type":"Person","@id":"https:\/\/www.eldiario.net\/portal\/#\/schema\/person\/2c57cf2b7a7ae032e449e4c9b1019eac","name":"Jeanette","image":{"@type":"ImageObject","inLanguage":"es","@id":"https:\/\/secure.gravatar.com\/avatar\/3ea2118a5f7dad2b7138b1187a6b7ee55f160b9968b66013c3a3ef39dd7e5798?s=96&d=mm&r=g","url":"https:\/\/secure.gravatar.com\/avatar\/3ea2118a5f7dad2b7138b1187a6b7ee55f160b9968b66013c3a3ef39dd7e5798?s=96&d=mm&r=g","contentUrl":"https:\/\/secure.gravatar.com\/avatar\/3ea2118a5f7dad2b7138b1187a6b7ee55f160b9968b66013c3a3ef39dd7e5798?s=96&d=mm&r=g","caption":"Jeanette"},"sameAs":["https:\/\/www.eldiario.net\/portal"],"url":"https:\/\/www.eldiario.net\/portal\/author\/jeanette\/"}]}},"_links":{"self":[{"href":"https:\/\/www.eldiario.net\/portal\/wp-json\/wp\/v2\/posts\/335063","targetHints":{"allow":["GET"]}}],"collection":[{"href":"https:\/\/www.eldiario.net\/portal\/wp-json\/wp\/v2\/posts"}],"about":[{"href":"https:\/\/www.eldiario.net\/portal\/wp-json\/wp\/v2\/types\/post"}],"author":[{"embeddable":true,"href":"https:\/\/www.eldiario.net\/portal\/wp-json\/wp\/v2\/users\/1"}],"replies":[{"embeddable":true,"href":"https:\/\/www.eldiario.net\/portal\/wp-json\/wp\/v2\/comments?post=335063"}],"version-history":[{"count":1,"href":"https:\/\/www.eldiario.net\/portal\/wp-json\/wp\/v2\/posts\/335063\/revisions"}],"predecessor-version":[{"id":335065,"href":"https:\/\/www.eldiario.net\/portal\/wp-json\/wp\/v2\/posts\/335063\/revisions\/335065"}],"wp:featuredmedia":[{"embeddable":true,"href":"https:\/\/www.eldiario.net\/portal\/wp-json\/wp\/v2\/media\/335064"}],"wp:attachment":[{"href":"https:\/\/www.eldiario.net\/portal\/wp-json\/wp\/v2\/media?parent=335063"}],"wp:term":[{"taxonomy":"category","embeddable":true,"href":"https:\/\/www.eldiario.net\/portal\/wp-json\/wp\/v2\/categories?post=335063"},{"taxonomy":"post_tag","embeddable":true,"href":"https:\/\/www.eldiario.net\/portal\/wp-json\/wp\/v2\/tags?post=335063"}],"curies":[{"name":"wp","href":"https:\/\/api.w.org\/{rel}","templated":true}]}}