{"id":334753,"date":"2025-09-29T08:45:55","date_gmt":"2025-09-29T12:45:55","guid":{"rendered":"https:\/\/www.eldiario.net\/portal\/?p=334753"},"modified":"2025-09-29T08:45:55","modified_gmt":"2025-09-29T12:45:55","slug":"la-paz-transporte-bloquea-calle-campos-en-reclamo-por-calidad-de-gasolina-845","status":"publish","type":"post","link":"https:\/\/www.eldiario.net\/portal\/2025\/09\/29\/la-paz-transporte-bloquea-calle-campos-en-reclamo-por-calidad-de-gasolina-845\/","title":{"rendered":"La Paz: Transporte bloquea calle Campos en reclamo por calidad de gasolina (8:45)"},"content":{"rendered":"<p>La Paz amaneci\u00f3 este lunes con la calle Campos y esquina 20 de Octubre bloqueadas, en puertas de la Agencia Nacional de Hidrocarburos (ANH), en la zona de Sopocachi.<\/p>\n<p>La medida de presi\u00f3n provoca una fuerte congesti\u00f3n vehicular en la avenida 20 de Octubre, v\u00eda que conecta con la avenida Arce y facilita el ingreso al centro de la ciudad desde la zona sur.<\/p>\n<p>Los manifestantes pertenecen a la dirigencia del transporte urbano y exigen una reuni\u00f3n con la estatal para pedir que sean atendidas las denuncias acerca de la mala calidad de la gasolina que, aseguran, est\u00e1 da\u00f1ando sus veh\u00edculos.<\/p>\n<p>Advierten que, si no son atendidos en las pr\u00f3ximas horas, radicalizar\u00e1n sus medidas de protesta.<\/p>\n","protected":false},"excerpt":{"rendered":"<p>La Paz amaneci\u00f3 este lunes con la calle Campos y esquina 20 de Octubre bloqueadas, en puertas de la Agencia Nacional de Hidrocarburos (ANH), en la zona de Sopocachi. La medida de presi\u00f3n provoca una fuerte congesti\u00f3n vehicular en la avenida 20 de Octubre, v\u00eda que conecta con la avenida Arce y facilita el ingreso [&hellip;]<\/p>\n","protected":false},"author":7,"featured_media":334754,"comment_status":"closed","ping_status":"open","sticky":false,"template":"","format":"standard","meta":{"_acf_changed":false,"footnotes":""},"categories":[51],"tags":[],"class_list":["post-334753","post","type-post","status-publish","format-standard","has-post-thumbnail","category-ultima-hora"],"acf":{"antetitulo":""},"yoast_head":"<!-- This site is optimized with the Yoast SEO plugin v28.4 - https:\/\/yoast.com\/product\/yoast-seo-wordpress\/ -->\n<title>La Paz: Transporte bloquea calle Campos en reclamo por calidad de gasolina (8:45) - El Diario - Bolivia<\/title>\n<meta name=\"robots\" content=\"index, follow, max-snippet:-1, max-image-preview:large, max-video-preview:-1\" \/>\n<link rel=\"canonical\" href=\"https:\/\/www.eldiario.net\/portal\/2025\/09\/29\/la-paz-transporte-bloquea-calle-campos-en-reclamo-por-calidad-de-gasolina-845\/\" \/>\n<meta property=\"og:locale\" content=\"es_ES\" \/>\n<meta property=\"og:type\" content=\"article\" \/>\n<meta property=\"og:title\" content=\"La Paz: Transporte bloquea calle Campos en reclamo por calidad de gasolina (8:45) - El Diario - Bolivia\" \/>\n<meta property=\"og:description\" content=\"La Paz amaneci\u00f3 este lunes con la calle Campos y esquina 20 de Octubre bloqueadas, en puertas de la Agencia Nacional de Hidrocarburos (ANH), en la zona de Sopocachi. La medida de presi\u00f3n provoca una fuerte congesti\u00f3n vehicular en la avenida 20 de Octubre, v\u00eda que conecta con la avenida Arce y facilita el ingreso [&hellip;]\" \/>\n<meta property=\"og:url\" content=\"https:\/\/www.eldiario.net\/portal\/2025\/09\/29\/la-paz-transporte-bloquea-calle-campos-en-reclamo-por-calidad-de-gasolina-845\/\" \/>\n<meta property=\"og:site_name\" content=\"El Diario - Bolivia\" \/>\n<meta property=\"article:publisher\" content=\"https:\/\/www.facebook.com\/eldiario.bolivia\/\" \/>\n<meta property=\"article:published_time\" content=\"2025-09-29T12:45:55+00:00\" \/>\n<meta property=\"og:image\" content=\"https:\/\/www.eldiario.net\/portal\/wp-content\/uploads\/2025\/09\/anh-29.09.25-e1759149871596.jpg\" \/>\n\t<meta property=\"og:image:width\" content=\"280\" \/>\n\t<meta property=\"og:image:height\" content=\"373\" \/>\n\t<meta property=\"og:image:type\" content=\"image\/jpeg\" \/>\n<meta name=\"author\" content=\"Viviana Monrroy\" \/>\n<meta name=\"twitter:card\" content=\"summary_large_image\" \/>\n<meta name=\"twitter:creator\" content=\"@eldiario_net\" \/>\n<meta name=\"twitter:site\" content=\"@eldiario_net\" \/>\n<meta name=\"twitter:label1\" content=\"Escrito por\" \/>\n\t<meta name=\"twitter:data1\" content=\"Viviana Monrroy\" \/>\n\t<meta name=\"twitter:label2\" content=\"Tiempo de lectura\" \/>\n\t<meta name=\"twitter:data2\" content=\"1 minuto\" \/>\n<script type=\"application\/ld+json\" class=\"yoast-schema-graph\">{\"@context\":\"https:\\\/\\\/schema.org\",\"@graph\":[{\"@type\":\"Article\",\"@id\":\"https:\\\/\\\/www.eldiario.net\\\/portal\\\/2025\\\/09\\\/29\\\/la-paz-transporte-bloquea-calle-campos-en-reclamo-por-calidad-de-gasolina-845\\\/#article\",\"isPartOf\":{\"@id\":\"https:\\\/\\\/www.eldiario.net\\\/portal\\\/2025\\\/09\\\/29\\\/la-paz-transporte-bloquea-calle-campos-en-reclamo-por-calidad-de-gasolina-845\\\/\"},\"author\":{\"name\":\"Viviana Monrroy\",\"@id\":\"https:\\\/\\\/www.eldiario.net\\\/portal\\\/#\\\/schema\\\/person\\\/32cc89e801dfcbad3a54f91da7f2ea06\"},\"headline\":\"La Paz: Transporte bloquea calle Campos en reclamo por calidad de gasolina (8:45)\",\"datePublished\":\"2025-09-29T12:45:55+00:00\",\"mainEntityOfPage\":{\"@id\":\"https:\\\/\\\/www.eldiario.net\\\/portal\\\/2025\\\/09\\\/29\\\/la-paz-transporte-bloquea-calle-campos-en-reclamo-por-calidad-de-gasolina-845\\\/\"},\"wordCount\":134,\"publisher\":{\"@id\":\"https:\\\/\\\/www.eldiario.net\\\/portal\\\/#organization\"},\"image\":{\"@id\":\"https:\\\/\\\/www.eldiario.net\\\/portal\\\/2025\\\/09\\\/29\\\/la-paz-transporte-bloquea-calle-campos-en-reclamo-por-calidad-de-gasolina-845\\\/#primaryimage\"},\"thumbnailUrl\":\"https:\\\/\\\/www.eldiario.net\\\/portal\\\/wp-content\\\/uploads\\\/2025\\\/09\\\/anh-29.09.25-e1759149871596.jpg\",\"articleSection\":[\"\u00daltima Hora\"],\"inLanguage\":\"es\"},{\"@type\":\"WebPage\",\"@id\":\"https:\\\/\\\/www.eldiario.net\\\/portal\\\/2025\\\/09\\\/29\\\/la-paz-transporte-bloquea-calle-campos-en-reclamo-por-calidad-de-gasolina-845\\\/\",\"url\":\"https:\\\/\\\/www.eldiario.net\\\/portal\\\/2025\\\/09\\\/29\\\/la-paz-transporte-bloquea-calle-campos-en-reclamo-por-calidad-de-gasolina-845\\\/\",\"name\":\"La Paz: Transporte bloquea calle Campos en reclamo por calidad de gasolina (8:45) - El Diario - Bolivia\",\"isPartOf\":{\"@id\":\"https:\\\/\\\/www.eldiario.net\\\/portal\\\/#website\"},\"primaryImageOfPage\":{\"@id\":\"https:\\\/\\\/www.eldiario.net\\\/portal\\\/2025\\\/09\\\/29\\\/la-paz-transporte-bloquea-calle-campos-en-reclamo-por-calidad-de-gasolina-845\\\/#primaryimage\"},\"image\":{\"@id\":\"https:\\\/\\\/www.eldiario.net\\\/portal\\\/2025\\\/09\\\/29\\\/la-paz-transporte-bloquea-calle-campos-en-reclamo-por-calidad-de-gasolina-845\\\/#primaryimage\"},\"thumbnailUrl\":\"https:\\\/\\\/www.eldiario.net\\\/portal\\\/wp-content\\\/uploads\\\/2025\\\/09\\\/anh-29.09.25-e1759149871596.jpg\",\"datePublished\":\"2025-09-29T12:45:55+00:00\",\"breadcrumb\":{\"@id\":\"https:\\\/\\\/www.eldiario.net\\\/portal\\\/2025\\\/09\\\/29\\\/la-paz-transporte-bloquea-calle-campos-en-reclamo-por-calidad-de-gasolina-845\\\/#breadcrumb\"},\"inLanguage\":\"es\",\"potentialAction\":[{\"@type\":\"ReadAction\",\"target\":[\"https:\\\/\\\/www.eldiario.net\\\/portal\\\/2025\\\/09\\\/29\\\/la-paz-transporte-bloquea-calle-campos-en-reclamo-por-calidad-de-gasolina-845\\\/\"]}]},{\"@type\":\"ImageObject\",\"inLanguage\":\"es\",\"@id\":\"https:\\\/\\\/www.eldiario.net\\\/portal\\\/2025\\\/09\\\/29\\\/la-paz-transporte-bloquea-calle-campos-en-reclamo-por-calidad-de-gasolina-845\\\/#primaryimage\",\"url\":\"https:\\\/\\\/www.eldiario.net\\\/portal\\\/wp-content\\\/uploads\\\/2025\\\/09\\\/anh-29.09.25-e1759149871596.jpg\",\"contentUrl\":\"https:\\\/\\\/www.eldiario.net\\\/portal\\\/wp-content\\\/uploads\\\/2025\\\/09\\\/anh-29.09.25-e1759149871596.jpg\",\"width\":280,\"height\":373,\"caption\":\"Foto: RR.SS.\"},{\"@type\":\"BreadcrumbList\",\"@id\":\"https:\\\/\\\/www.eldiario.net\\\/portal\\\/2025\\\/09\\\/29\\\/la-paz-transporte-bloquea-calle-campos-en-reclamo-por-calidad-de-gasolina-845\\\/#breadcrumb\",\"itemListElement\":[{\"@type\":\"ListItem\",\"position\":1,\"name\":\"Portada\",\"item\":\"https:\\\/\\\/www.eldiario.net\\\/portal\\\/\"},{\"@type\":\"ListItem\",\"position\":2,\"name\":\"La Paz: Transporte bloquea calle Campos en reclamo por calidad de gasolina (8:45)\"}]},{\"@type\":\"WebSite\",\"@id\":\"https:\\\/\\\/www.eldiario.net\\\/portal\\\/#website\",\"url\":\"https:\\\/\\\/www.eldiario.net\\\/portal\\\/\",\"name\":\"El Diario - Decano de la prensa nacional\",\"description\":\"El Diario - Decano de la prensa nacional\",\"publisher\":{\"@id\":\"https:\\\/\\\/www.eldiario.net\\\/portal\\\/#organization\"},\"potentialAction\":[{\"@type\":\"SearchAction\",\"target\":{\"@type\":\"EntryPoint\",\"urlTemplate\":\"https:\\\/\\\/www.eldiario.net\\\/portal\\\/?s={search_term_string}\"},\"query-input\":{\"@type\":\"PropertyValueSpecification\",\"valueRequired\":true,\"valueName\":\"search_term_string\"}}],\"inLanguage\":\"es\"},{\"@type\":\"Organization\",\"@id\":\"https:\\\/\\\/www.eldiario.net\\\/portal\\\/#organization\",\"name\":\"El Diario - Decano de la prensa nacional\",\"url\":\"https:\\\/\\\/www.eldiario.net\\\/portal\\\/\",\"logo\":{\"@type\":\"ImageObject\",\"inLanguage\":\"es\",\"@id\":\"https:\\\/\\\/www.eldiario.net\\\/portal\\\/#\\\/schema\\\/logo\\\/image\\\/\",\"url\":\"https:\\\/\\\/www.eldiario.net\\\/portal\\\/wp-content\\\/uploads\\\/2023\\\/07\\\/logo_ED.jpg\",\"contentUrl\":\"https:\\\/\\\/www.eldiario.net\\\/portal\\\/wp-content\\\/uploads\\\/2023\\\/07\\\/logo_ED.jpg\",\"width\":272,\"height\":52,\"caption\":\"El Diario - Decano de la prensa nacional\"},\"image\":{\"@id\":\"https:\\\/\\\/www.eldiario.net\\\/portal\\\/#\\\/schema\\\/logo\\\/image\\\/\"},\"sameAs\":[\"https:\\\/\\\/www.facebook.com\\\/eldiario.bolivia\\\/\",\"https:\\\/\\\/x.com\\\/eldiario_net\"]},{\"@type\":\"Person\",\"@id\":\"https:\\\/\\\/www.eldiario.net\\\/portal\\\/#\\\/schema\\\/person\\\/32cc89e801dfcbad3a54f91da7f2ea06\",\"name\":\"Viviana Monrroy\",\"image\":{\"@type\":\"ImageObject\",\"inLanguage\":\"es\",\"@id\":\"https:\\\/\\\/secure.gravatar.com\\\/avatar\\\/dfd1611ed5600959a0e5a9754503b6c05d1dcf190010998e0363aee2ad98afca?s=96&d=mm&r=g\",\"url\":\"https:\\\/\\\/secure.gravatar.com\\\/avatar\\\/dfd1611ed5600959a0e5a9754503b6c05d1dcf190010998e0363aee2ad98afca?s=96&d=mm&r=g\",\"contentUrl\":\"https:\\\/\\\/secure.gravatar.com\\\/avatar\\\/dfd1611ed5600959a0e5a9754503b6c05d1dcf190010998e0363aee2ad98afca?s=96&d=mm&r=g\",\"caption\":\"Viviana Monrroy\"},\"sameAs\":[\"http:\\\/\\\/www.eldiario.net\"],\"url\":\"https:\\\/\\\/www.eldiario.net\\\/portal\\\/author\\\/vivianamonrroy\\\/\"}]}<\/script>\n<!-- \/ Yoast SEO plugin. -->","yoast_head_json":{"title":"La Paz: Transporte bloquea calle Campos en reclamo por calidad de gasolina (8:45) - El Diario - Bolivia","robots":{"index":"index","follow":"follow","max-snippet":"max-snippet:-1","max-image-preview":"max-image-preview:large","max-video-preview":"max-video-preview:-1"},"canonical":"https:\/\/www.eldiario.net\/portal\/2025\/09\/29\/la-paz-transporte-bloquea-calle-campos-en-reclamo-por-calidad-de-gasolina-845\/","og_locale":"es_ES","og_type":"article","og_title":"La Paz: Transporte bloquea calle Campos en reclamo por calidad de gasolina (8:45) - El Diario - Bolivia","og_description":"La Paz amaneci\u00f3 este lunes con la calle Campos y esquina 20 de Octubre bloqueadas, en puertas de la Agencia Nacional de Hidrocarburos (ANH), en la zona de Sopocachi. La medida de presi\u00f3n provoca una fuerte congesti\u00f3n vehicular en la avenida 20 de Octubre, v\u00eda que conecta con la avenida Arce y facilita el ingreso [&hellip;]","og_url":"https:\/\/www.eldiario.net\/portal\/2025\/09\/29\/la-paz-transporte-bloquea-calle-campos-en-reclamo-por-calidad-de-gasolina-845\/","og_site_name":"El Diario - Bolivia","article_publisher":"https:\/\/www.facebook.com\/eldiario.bolivia\/","article_published_time":"2025-09-29T12:45:55+00:00","og_image":[{"width":280,"height":373,"url":"https:\/\/www.eldiario.net\/portal\/wp-content\/uploads\/2025\/09\/anh-29.09.25-e1759149871596.jpg","type":"image\/jpeg"}],"author":"Viviana Monrroy","twitter_card":"summary_large_image","twitter_creator":"@eldiario_net","twitter_site":"@eldiario_net","twitter_misc":{"Escrito por":"Viviana Monrroy","Tiempo de lectura":"1 minuto"},"schema":{"@context":"https:\/\/schema.org","@graph":[{"@type":"Article","@id":"https:\/\/www.eldiario.net\/portal\/2025\/09\/29\/la-paz-transporte-bloquea-calle-campos-en-reclamo-por-calidad-de-gasolina-845\/#article","isPartOf":{"@id":"https:\/\/www.eldiario.net\/portal\/2025\/09\/29\/la-paz-transporte-bloquea-calle-campos-en-reclamo-por-calidad-de-gasolina-845\/"},"author":{"name":"Viviana Monrroy","@id":"https:\/\/www.eldiario.net\/portal\/#\/schema\/person\/32cc89e801dfcbad3a54f91da7f2ea06"},"headline":"La Paz: Transporte bloquea calle Campos en reclamo por calidad de gasolina (8:45)","datePublished":"2025-09-29T12:45:55+00:00","mainEntityOfPage":{"@id":"https:\/\/www.eldiario.net\/portal\/2025\/09\/29\/la-paz-transporte-bloquea-calle-campos-en-reclamo-por-calidad-de-gasolina-845\/"},"wordCount":134,"publisher":{"@id":"https:\/\/www.eldiario.net\/portal\/#organization"},"image":{"@id":"https:\/\/www.eldiario.net\/portal\/2025\/09\/29\/la-paz-transporte-bloquea-calle-campos-en-reclamo-por-calidad-de-gasolina-845\/#primaryimage"},"thumbnailUrl":"https:\/\/www.eldiario.net\/portal\/wp-content\/uploads\/2025\/09\/anh-29.09.25-e1759149871596.jpg","articleSection":["\u00daltima Hora"],"inLanguage":"es"},{"@type":"WebPage","@id":"https:\/\/www.eldiario.net\/portal\/2025\/09\/29\/la-paz-transporte-bloquea-calle-campos-en-reclamo-por-calidad-de-gasolina-845\/","url":"https:\/\/www.eldiario.net\/portal\/2025\/09\/29\/la-paz-transporte-bloquea-calle-campos-en-reclamo-por-calidad-de-gasolina-845\/","name":"La Paz: Transporte bloquea calle Campos en reclamo por calidad de gasolina (8:45) - El Diario - Bolivia","isPartOf":{"@id":"https:\/\/www.eldiario.net\/portal\/#website"},"primaryImageOfPage":{"@id":"https:\/\/www.eldiario.net\/portal\/2025\/09\/29\/la-paz-transporte-bloquea-calle-campos-en-reclamo-por-calidad-de-gasolina-845\/#primaryimage"},"image":{"@id":"https:\/\/www.eldiario.net\/portal\/2025\/09\/29\/la-paz-transporte-bloquea-calle-campos-en-reclamo-por-calidad-de-gasolina-845\/#primaryimage"},"thumbnailUrl":"https:\/\/www.eldiario.net\/portal\/wp-content\/uploads\/2025\/09\/anh-29.09.25-e1759149871596.jpg","datePublished":"2025-09-29T12:45:55+00:00","breadcrumb":{"@id":"https:\/\/www.eldiario.net\/portal\/2025\/09\/29\/la-paz-transporte-bloquea-calle-campos-en-reclamo-por-calidad-de-gasolina-845\/#breadcrumb"},"inLanguage":"es","potentialAction":[{"@type":"ReadAction","target":["https:\/\/www.eldiario.net\/portal\/2025\/09\/29\/la-paz-transporte-bloquea-calle-campos-en-reclamo-por-calidad-de-gasolina-845\/"]}]},{"@type":"ImageObject","inLanguage":"es","@id":"https:\/\/www.eldiario.net\/portal\/2025\/09\/29\/la-paz-transporte-bloquea-calle-campos-en-reclamo-por-calidad-de-gasolina-845\/#primaryimage","url":"https:\/\/www.eldiario.net\/portal\/wp-content\/uploads\/2025\/09\/anh-29.09.25-e1759149871596.jpg","contentUrl":"https:\/\/www.eldiario.net\/portal\/wp-content\/uploads\/2025\/09\/anh-29.09.25-e1759149871596.jpg","width":280,"height":373,"caption":"Foto: RR.SS."},{"@type":"BreadcrumbList","@id":"https:\/\/www.eldiario.net\/portal\/2025\/09\/29\/la-paz-transporte-bloquea-calle-campos-en-reclamo-por-calidad-de-gasolina-845\/#breadcrumb","itemListElement":[{"@type":"ListItem","position":1,"name":"Portada","item":"https:\/\/www.eldiario.net\/portal\/"},{"@type":"ListItem","position":2,"name":"La Paz: Transporte bloquea calle Campos en reclamo por calidad de gasolina (8:45)"}]},{"@type":"WebSite","@id":"https:\/\/www.eldiario.net\/portal\/#website","url":"https:\/\/www.eldiario.net\/portal\/","name":"El Diario - Decano de la prensa nacional","description":"El Diario - Decano de la prensa nacional","publisher":{"@id":"https:\/\/www.eldiario.net\/portal\/#organization"},"potentialAction":[{"@type":"SearchAction","target":{"@type":"EntryPoint","urlTemplate":"https:\/\/www.eldiario.net\/portal\/?s={search_term_string}"},"query-input":{"@type":"PropertyValueSpecification","valueRequired":true,"valueName":"search_term_string"}}],"inLanguage":"es"},{"@type":"Organization","@id":"https:\/\/www.eldiario.net\/portal\/#organization","name":"El Diario - Decano de la prensa nacional","url":"https:\/\/www.eldiario.net\/portal\/","logo":{"@type":"ImageObject","inLanguage":"es","@id":"https:\/\/www.eldiario.net\/portal\/#\/schema\/logo\/image\/","url":"https:\/\/www.eldiario.net\/portal\/wp-content\/uploads\/2023\/07\/logo_ED.jpg","contentUrl":"https:\/\/www.eldiario.net\/portal\/wp-content\/uploads\/2023\/07\/logo_ED.jpg","width":272,"height":52,"caption":"El Diario - Decano de la prensa nacional"},"image":{"@id":"https:\/\/www.eldiario.net\/portal\/#\/schema\/logo\/image\/"},"sameAs":["https:\/\/www.facebook.com\/eldiario.bolivia\/","https:\/\/x.com\/eldiario_net"]},{"@type":"Person","@id":"https:\/\/www.eldiario.net\/portal\/#\/schema\/person\/32cc89e801dfcbad3a54f91da7f2ea06","name":"Viviana Monrroy","image":{"@type":"ImageObject","inLanguage":"es","@id":"https:\/\/secure.gravatar.com\/avatar\/dfd1611ed5600959a0e5a9754503b6c05d1dcf190010998e0363aee2ad98afca?s=96&d=mm&r=g","url":"https:\/\/secure.gravatar.com\/avatar\/dfd1611ed5600959a0e5a9754503b6c05d1dcf190010998e0363aee2ad98afca?s=96&d=mm&r=g","contentUrl":"https:\/\/secure.gravatar.com\/avatar\/dfd1611ed5600959a0e5a9754503b6c05d1dcf190010998e0363aee2ad98afca?s=96&d=mm&r=g","caption":"Viviana Monrroy"},"sameAs":["http:\/\/www.eldiario.net"],"url":"https:\/\/www.eldiario.net\/portal\/author\/vivianamonrroy\/"}]}},"_links":{"self":[{"href":"https:\/\/www.eldiario.net\/portal\/wp-json\/wp\/v2\/posts\/334753","targetHints":{"allow":["GET"]}}],"collection":[{"href":"https:\/\/www.eldiario.net\/portal\/wp-json\/wp\/v2\/posts"}],"about":[{"href":"https:\/\/www.eldiario.net\/portal\/wp-json\/wp\/v2\/types\/post"}],"author":[{"embeddable":true,"href":"https:\/\/www.eldiario.net\/portal\/wp-json\/wp\/v2\/users\/7"}],"replies":[{"embeddable":true,"href":"https:\/\/www.eldiario.net\/portal\/wp-json\/wp\/v2\/comments?post=334753"}],"version-history":[{"count":1,"href":"https:\/\/www.eldiario.net\/portal\/wp-json\/wp\/v2\/posts\/334753\/revisions"}],"predecessor-version":[{"id":334755,"href":"https:\/\/www.eldiario.net\/portal\/wp-json\/wp\/v2\/posts\/334753\/revisions\/334755"}],"wp:featuredmedia":[{"embeddable":true,"href":"https:\/\/www.eldiario.net\/portal\/wp-json\/wp\/v2\/media\/334754"}],"wp:attachment":[{"href":"https:\/\/www.eldiario.net\/portal\/wp-json\/wp\/v2\/media?parent=334753"}],"wp:term":[{"taxonomy":"category","embeddable":true,"href":"https:\/\/www.eldiario.net\/portal\/wp-json\/wp\/v2\/categories?post=334753"},{"taxonomy":"post_tag","embeddable":true,"href":"https:\/\/www.eldiario.net\/portal\/wp-json\/wp\/v2\/tags?post=334753"}],"curies":[{"name":"wp","href":"https:\/\/api.w.org\/{rel}","templated":true}]}}