{"id":334743,"date":"2025-09-29T06:39:27","date_gmt":"2025-09-29T10:39:27","guid":{"rendered":"https:\/\/www.eldiario.net\/portal\/?p=334743"},"modified":"2025-09-29T06:39:27","modified_gmt":"2025-09-29T10:39:27","slug":"teatro-nuna-12-anos-en-el-epicentro-de-la-cultura-pacena","status":"publish","type":"post","link":"https:\/\/www.eldiario.net\/portal\/2025\/09\/29\/teatro-nuna-12-anos-en-el-epicentro-de-la-cultura-pacena\/","title":{"rendered":"Teatro Nuna: 12 a\u00f1os en el  epicentro de la cultura pace\u00f1a"},"content":{"rendered":"<p>Por Pedro Pablo Siles R.<\/p>\n<p>&nbsp;<\/p>\n<p>Ha pasado una docena de a\u00f1os desde que el Teatro Nuna abri\u00f3 sus puertas para el p\u00fablico de La Paz. Desde entonces, se ha constituido en uno de los centros culturales m\u00e1s relevantes de Bolivia y en un referente para la agenda cultural de la urbe pace\u00f1a.<\/p>\n<p>En octubre, el escenario m\u00e1s representativo de la Zona Sur ofrecer\u00e1 un men\u00fa especial de teatro, m\u00fasica y danza, celebrando sus primeros 12 a\u00f1os de existencia. Desde su fundaci\u00f3n, este refugio de las artes no ha dejado de reinventarse y de proyectarse hacia el futuro.<\/p>\n<p>La historia del Nuna ya es conocida por el atento p\u00fablico que frecuenta el espacio. Inspirado en los caf\u00e9-concerts de Montreal, Canad\u00e1, localidad en la que residi\u00f3 durante m\u00e1s de una d\u00e9cada, Luis Daniel Iturralde concibi\u00f3 un plan que cambiar\u00eda el escenario cultural de su propia ciudad.<\/p>\n<p>A lo largo de estos doce a\u00f1os, miles de asistentes han colmado los asientos de este auditorio, donde han podido disfrutar de danzas modernas y de bailes tradicionales; de teatro experimental o drama popular; de pasajes sinf\u00f3nicos y estampidas percutivas. La gran gama de propuestas y expresiones art\u00edsticas que convergen en el escenario del Nuna han dejado una huella imborrable en las retinas y en los corazones de cada espectador y de cada int\u00e9rprete.<\/p>\n<p>Desde luego, las alianzas y las colaboraciones han sido vitales en el camino del Nuna, que ha albergado varios de los encuentros m\u00e1s importantes de la agenda cultural pace\u00f1a, como el FITAZ, el FestiJazz, el Festival Yvyrasacha y Danz\u00e9nica, entre otros. Pero, sin duda, la joya de la corona es el Nuna Fest, que este a\u00f1o se llevar\u00e1 a cabo en octubre, con una programaci\u00f3n colmada de grandes momentos.<\/p>\n<p><strong>NUNAFEST, UN REFERENTE ANUAL DE LAS ARTES ESC\u00c9NICAS<\/strong><\/p>\n<p>\u201cEste a\u00f1o, por la coyuntura econ\u00f3mica y el festejo del Bicentenario, hemos optado por una cartelera de artistas nacionales en su totalidad. Ofreceremos precios muy accesibles y, al mismo tiempo, reuniremos a grandes representantes del teatro, la m\u00fasica y la danza, con el fin de regalar a nuestro p\u00fablico eventos culturales de primera, y de resaltar el virtuosismo y la creatividad nacional dentro de las artes vivas\u201d, coment\u00f3 Luis Daniel sobre los festejos por este aniversario.<\/p>\n<p>La semana festiva arranca el 7 de octubre con una obra inclasificable que conecta perfectamente la vocaci\u00f3n del Nuna como punto de encuentro entre vertientes art\u00edsticas diversas y muchas veces complementarias. La Compa\u00f1\u00eda Impresentable escenificar\u00e1 <em>Las Estaciones Del Trueno<\/em>, un viaje que explora la experimentaci\u00f3n vocal, la recreaci\u00f3n de paisajes sonoros en tiempo real y la teatralidad. La composici\u00f3n y la direcci\u00f3n de sonido est\u00e1n a cargo del reconocido m\u00fasico Oscar Garc\u00eda, quien adem\u00e1s encar\u00f3 la creaci\u00f3n art\u00edstica, la direcci\u00f3n y la gesti\u00f3n general junto a Francia Oblitas Baudevin. La producci\u00f3n est\u00e1 dirigida a un p\u00fablico mayor de 15 a\u00f1os y ha sido construida bajo el concepto de inclusividad, en especial hacia el p\u00fablico no vidente. El ensamble incluye a Alejandra Serrudo L\u00e1zaro, Gimmer Illanes, Konka J\u00e1uregui, Mat\u00edas Laguna, Francia Oblitas, Mariana Requena, Nebai R\u00edos y Jos\u00e9 Mar\u00eda Santalla.<\/p>\n<p>Los amantes de las artes dram\u00e1ticas podr\u00e1n disfrutar de dos obras singulares. En primer lugar, el 8 de octubre Chakana Teatro y Teatro Del Umbral presentan <em>Ave<\/em>, relato esc\u00e9nico escrito por Mariana Bredow. Bajo la direcci\u00f3n y puesta en escena de Lorenzo Ariel Mu\u00f1oz e interpretada por la misma autora, la historia desglosa la epifan\u00eda de percibir la totalidad de un ser que se despide de la vida, como un ave que despliega sus grandes alas. Se trata de una b\u00fasqueda que puede retrotraerse al antiguo ritual de Orfeo como canto colectivo de las almas ante la muerte.<\/p>\n<p>La segunda obra presente cerrando el Nunafest el 12 de octubre, titulada <em>El Libertador en su Abrigo de Madera<\/em>, se adentra en los \u00faltimos d\u00edas de Sim\u00f3n Bol\u00edvar, cuando dej\u00f3 el poder en Colombia para enfrentar su retiro final en Santa Martha. La puesta en escena estar\u00e1 a cargo del Teatro La Cueva, celebrando 25 a\u00f1os de trayectoria. Manuelita S\u00e1enz, la amante del libertador, junto a Jos\u00e9 Palacios, el hombre de confianza de Bol\u00edvar, narran los hechos que marcaron la culminaci\u00f3n de una carrera gloriosa. Act\u00faan: Claudia Ossio, Kike Gorena, Alejandro Pacho Gonz\u00e1lez, Dar\u00edo Torres y Francisco Barrios.<\/p>\n<p>La danza tambi\u00e9n contar\u00e1 con su propio ritual. El 9 de octubre Paso Libre Danzas Urbanas ofrecer\u00e1 una dosis de \u201cMixtura Boliviana 1.2\u201d, un recorrido por las mejores canciones bolivianas entre rock, pop, folk, hip hop y otros g\u00e9neros, acompa\u00f1adas por una gran variedad de danzas urbanas, t\u00e9cnicas, din\u00e1micas y coreograf\u00edas. Con 12 a\u00f1os de trayectoria en el \u00e1rea de las danzas urbanas, Paso Libre tuvo sus inicios en las calles y plazas de la ciudad de La Paz, con el prop\u00f3sito central de crear un grupo de baile original que rescate nuestra identidad cultural.<\/p>\n<p>En cuanto a la m\u00fasica, el p\u00fablico pace\u00f1o tendr\u00e1 dos opciones de primera categor\u00eda. El 10 de octubre, Erick Claros, uno de los m\u00e1ximos exponentes del folclore tarije\u00f1o, pisar\u00e1 el escenario del Nuna. El artista oriundo de Villa Montes ha logrado trascender las fronteras de Bolivia con una propuesta aut\u00e9ntica que contin\u00faa consolidando su proyecci\u00f3n internacional.<\/p>\n<p>Finalmente, el 11 de octubre se realizar\u00e1 la Noche de M\u00fasica Urbana. Tomar\u00e1n el escenario RezP, talentoso multi-instrumentista franco-boliviano que combina el poder\u00edo del hip hop con sonoridades andinas; Radio Cutipa (RaBeat, Ren\u00e9 Hamel, Valeria Milligan y Luis Daniel), formaci\u00f3n que fusiona m\u00fasica aut\u00f3ctona con sonidos modernos; y EnTuParla\u00b4NT (Greco Fyah Fu, Nios ND y Snoopah Dirty Sound), para cerrar los festejos con el poder\u00edo de sus beats y de su l\u00edrica contestataria.<\/p>\n<p>Ser\u00e1 una semana de arte y cultura en un espacio \u00fanico que te ofrece la ciudad de La Paz. Las entradas ya est\u00e1n disponibles en la p\u00e1gina web del teatro www.nunaespacioarte.com o en boleter\u00eda de mi\u00e9rcoles a domingo, de 16:30 a 20:30 horas.<\/p>\n\r\n                <style type=\"text\/css\">\r\n                    \r\n                    #tdi_1  .td-doubleSlider-2 .td-item1 {\r\n                        background: url(https:\/\/www.eldiario.net\/portal\/wp-content\/uploads\/2025\/09\/6-2-80x60.webp) 0 0 no-repeat;\r\n                    }\r\n                    #tdi_1  .td-doubleSlider-2 .td-item2 {\r\n                        background: url(https:\/\/www.eldiario.net\/portal\/wp-content\/uploads\/2025\/09\/1-PRINCIPAL-13-80x60.webp) 0 0 no-repeat;\r\n                    }\r\n                    #tdi_1  .td-doubleSlider-2 .td-item3 {\r\n                        background: url(https:\/\/www.eldiario.net\/portal\/wp-content\/uploads\/2025\/09\/2-11-80x60.webp) 0 0 no-repeat;\r\n                    }\r\n                    #tdi_1  .td-doubleSlider-2 .td-item4 {\r\n                        background: url(https:\/\/www.eldiario.net\/portal\/wp-content\/uploads\/2025\/09\/3-8-80x60.webp) 0 0 no-repeat;\r\n                    }\r\n                    #tdi_1  .td-doubleSlider-2 .td-item5 {\r\n                        background: url(https:\/\/www.eldiario.net\/portal\/wp-content\/uploads\/2025\/09\/4-7-80x60.webp) 0 0 no-repeat;\r\n                    }\r\n                    #tdi_1  .td-doubleSlider-2 .td-item6 {\r\n                        background: url(https:\/\/www.eldiario.net\/portal\/wp-content\/uploads\/2025\/09\/5-7-80x60.webp) 0 0 no-repeat;\r\n                    }\r\n                <\/style>\r\n\r\n                <div id=\"tdi_1\" class=\"td-gallery td-slide-on-2-columns\">\r\n                    <div class=\"post_td_gallery\">\r\n                        <div class=\"td-gallery-slide-top\">\r\n                           <div class=\"td-gallery-title\"><\/div>\r\n\r\n                            <div class=\"td-gallery-controls-wrapper\">\r\n                                <div class=\"td-gallery-slide-count\"><span class=\"td-gallery-slide-item-focus\">1<\/span> de 6<\/div>\r\n                                <div class=\"td-gallery-slide-prev-next-but\">\r\n                                    <i class = \"td-icon-left doubleSliderPrevButton\"><\/i>\r\n                                    <i class = \"td-icon-right doubleSliderNextButton\"><\/i>\r\n                                <\/div>\r\n                            <\/div>\r\n                        <\/div>\r\n\r\n                        <div class = \"td-doubleSlider-1 \">\r\n                            <div class = \"td-slider\">\r\n                                \r\n                    <div class = \"td-slide-item td-item1\">\r\n                        <figure class=\"td-slide-galery-figure td-slide-popup-gallery\">\r\n                            <a class=\"slide-gallery-image-link\" href=\"https:\/\/www.eldiario.net\/portal\/wp-content\/uploads\/2025\/09\/6-2.webp\" title=\"6\"  data-caption=\"\"  data-description=\"\">\r\n                                <img decoding=\"async\" src=\"https:\/\/www.eldiario.net\/portal\/wp-content\/uploads\/2025\/09\/6-2-630x420.webp\" srcset=\"https:\/\/www.eldiario.net\/portal\/wp-content\/uploads\/2025\/09\/6-2-630x420.webp 630w, https:\/\/www.eldiario.net\/portal\/wp-content\/uploads\/2025\/09\/6-2-300x200.webp 300w, https:\/\/www.eldiario.net\/portal\/wp-content\/uploads\/2025\/09\/6-2-1024x682.webp 1024w, https:\/\/www.eldiario.net\/portal\/wp-content\/uploads\/2025\/09\/6-2-768x512.webp 768w, https:\/\/www.eldiario.net\/portal\/wp-content\/uploads\/2025\/09\/6-2-150x100.webp 150w, https:\/\/www.eldiario.net\/portal\/wp-content\/uploads\/2025\/09\/6-2-696x464.webp 696w, https:\/\/www.eldiario.net\/portal\/wp-content\/uploads\/2025\/09\/6-2-1068x712.webp 1068w, https:\/\/www.eldiario.net\/portal\/wp-content\/uploads\/2025\/09\/6-2.webp 1280w\" sizes=\"(max-width: 630px) 100vw, 630px\" alt=\"\">\r\n                            <\/a>\r\n                            \r\n                        <\/figure>\r\n                    <\/div>\r\n                    <div class = \"td-slide-item td-item2\">\r\n                        <figure class=\"td-slide-galery-figure td-slide-popup-gallery\">\r\n                            <a class=\"slide-gallery-image-link\" href=\"https:\/\/www.eldiario.net\/portal\/wp-content\/uploads\/2025\/09\/1-PRINCIPAL-13.webp\" title=\"1-PRINCIPAL\"  data-caption=\"\"  data-description=\"\">\r\n                                <img decoding=\"async\" src=\"https:\/\/www.eldiario.net\/portal\/wp-content\/uploads\/2025\/09\/1-PRINCIPAL-13-632x420.webp\" srcset=\"https:\/\/www.eldiario.net\/portal\/wp-content\/uploads\/2025\/09\/1-PRINCIPAL-13-632x420.webp 632w, https:\/\/www.eldiario.net\/portal\/wp-content\/uploads\/2025\/09\/1-PRINCIPAL-13-300x199.webp 300w, https:\/\/www.eldiario.net\/portal\/wp-content\/uploads\/2025\/09\/1-PRINCIPAL-13-1024x680.webp 1024w, https:\/\/www.eldiario.net\/portal\/wp-content\/uploads\/2025\/09\/1-PRINCIPAL-13-768x510.webp 768w, https:\/\/www.eldiario.net\/portal\/wp-content\/uploads\/2025\/09\/1-PRINCIPAL-13-150x100.webp 150w, https:\/\/www.eldiario.net\/portal\/wp-content\/uploads\/2025\/09\/1-PRINCIPAL-13-696x462.webp 696w, https:\/\/www.eldiario.net\/portal\/wp-content\/uploads\/2025\/09\/1-PRINCIPAL-13-1068x709.webp 1068w, https:\/\/www.eldiario.net\/portal\/wp-content\/uploads\/2025\/09\/1-PRINCIPAL-13.webp 1280w\" sizes=\"(max-width: 632px) 100vw, 632px\" alt=\"\">\r\n                            <\/a>\r\n                            \r\n                        <\/figure>\r\n                    <\/div>\r\n                    <div class = \"td-slide-item td-item3\">\r\n                        <figure class=\"td-slide-galery-figure td-slide-popup-gallery\">\r\n                            <a class=\"slide-gallery-image-link\" href=\"https:\/\/www.eldiario.net\/portal\/wp-content\/uploads\/2025\/09\/2-11.webp\" title=\"2\"  data-caption=\"\"  data-description=\"\">\r\n                                <img decoding=\"async\" src=\"https:\/\/www.eldiario.net\/portal\/wp-content\/uploads\/2025\/09\/2-11-420x420.webp\" srcset=\"https:\/\/www.eldiario.net\/portal\/wp-content\/uploads\/2025\/09\/2-11-420x420.webp 420w, https:\/\/www.eldiario.net\/portal\/wp-content\/uploads\/2025\/09\/2-11-300x300.webp 300w, https:\/\/www.eldiario.net\/portal\/wp-content\/uploads\/2025\/09\/2-11-150x150.webp 150w, https:\/\/www.eldiario.net\/portal\/wp-content\/uploads\/2025\/09\/2-11-768x768.webp 768w, https:\/\/www.eldiario.net\/portal\/wp-content\/uploads\/2025\/09\/2-11-696x696.webp 696w, https:\/\/www.eldiario.net\/portal\/wp-content\/uploads\/2025\/09\/2-11.webp 864w\" sizes=\"(max-width: 420px) 100vw, 420px\" alt=\"\">\r\n                            <\/a>\r\n                            \r\n                        <\/figure>\r\n                    <\/div>\r\n                    <div class = \"td-slide-item td-item4\">\r\n                        <figure class=\"td-slide-galery-figure td-slide-popup-gallery\">\r\n                            <a class=\"slide-gallery-image-link\" href=\"https:\/\/www.eldiario.net\/portal\/wp-content\/uploads\/2025\/09\/3-8.webp\" title=\"3\"  data-caption=\"\"  data-description=\"\">\r\n                                <img decoding=\"async\" src=\"https:\/\/www.eldiario.net\/portal\/wp-content\/uploads\/2025\/09\/3-8-630x420.webp\" srcset=\"https:\/\/www.eldiario.net\/portal\/wp-content\/uploads\/2025\/09\/3-8-630x420.webp 630w, https:\/\/www.eldiario.net\/portal\/wp-content\/uploads\/2025\/09\/3-8-300x200.webp 300w, https:\/\/www.eldiario.net\/portal\/wp-content\/uploads\/2025\/09\/3-8-1024x682.webp 1024w, https:\/\/www.eldiario.net\/portal\/wp-content\/uploads\/2025\/09\/3-8-768x512.webp 768w, https:\/\/www.eldiario.net\/portal\/wp-content\/uploads\/2025\/09\/3-8-150x100.webp 150w, https:\/\/www.eldiario.net\/portal\/wp-content\/uploads\/2025\/09\/3-8-696x464.webp 696w, https:\/\/www.eldiario.net\/portal\/wp-content\/uploads\/2025\/09\/3-8-1068x712.webp 1068w, https:\/\/www.eldiario.net\/portal\/wp-content\/uploads\/2025\/09\/3-8.webp 1280w\" sizes=\"(max-width: 630px) 100vw, 630px\" alt=\"\">\r\n                            <\/a>\r\n                            \r\n                        <\/figure>\r\n                    <\/div>\r\n                    <div class = \"td-slide-item td-item5\">\r\n                        <figure class=\"td-slide-galery-figure td-slide-popup-gallery\">\r\n                            <a class=\"slide-gallery-image-link\" href=\"https:\/\/www.eldiario.net\/portal\/wp-content\/uploads\/2025\/09\/4-7.webp\" title=\"4\"  data-caption=\"\"  data-description=\"\">\r\n                                <img decoding=\"async\" src=\"https:\/\/www.eldiario.net\/portal\/wp-content\/uploads\/2025\/09\/4-7-632x420.webp\" srcset=\"https:\/\/www.eldiario.net\/portal\/wp-content\/uploads\/2025\/09\/4-7-632x420.webp 632w, https:\/\/www.eldiario.net\/portal\/wp-content\/uploads\/2025\/09\/4-7-300x199.webp 300w, https:\/\/www.eldiario.net\/portal\/wp-content\/uploads\/2025\/09\/4-7-1024x681.webp 1024w, https:\/\/www.eldiario.net\/portal\/wp-content\/uploads\/2025\/09\/4-7-768x511.webp 768w, https:\/\/www.eldiario.net\/portal\/wp-content\/uploads\/2025\/09\/4-7-150x100.webp 150w, https:\/\/www.eldiario.net\/portal\/wp-content\/uploads\/2025\/09\/4-7-696x463.webp 696w, https:\/\/www.eldiario.net\/portal\/wp-content\/uploads\/2025\/09\/4-7-1068x710.webp 1068w, https:\/\/www.eldiario.net\/portal\/wp-content\/uploads\/2025\/09\/4-7.webp 1280w\" sizes=\"(max-width: 632px) 100vw, 632px\" alt=\"\">\r\n                            <\/a>\r\n                            \r\n                        <\/figure>\r\n                    <\/div>\r\n                    <div class = \"td-slide-item td-item6\">\r\n                        <figure class=\"td-slide-galery-figure td-slide-popup-gallery\">\r\n                            <a class=\"slide-gallery-image-link\" href=\"https:\/\/www.eldiario.net\/portal\/wp-content\/uploads\/2025\/09\/5-7.webp\" title=\"5\"  data-caption=\"\"  data-description=\"\">\r\n                                <img decoding=\"async\" src=\"https:\/\/www.eldiario.net\/portal\/wp-content\/uploads\/2025\/09\/5-7-420x420.webp\" srcset=\"https:\/\/www.eldiario.net\/portal\/wp-content\/uploads\/2025\/09\/5-7-420x420.webp 420w, https:\/\/www.eldiario.net\/portal\/wp-content\/uploads\/2025\/09\/5-7-300x300.webp 300w, https:\/\/www.eldiario.net\/portal\/wp-content\/uploads\/2025\/09\/5-7-150x150.webp 150w, https:\/\/www.eldiario.net\/portal\/wp-content\/uploads\/2025\/09\/5-7-696x696.webp 696w, https:\/\/www.eldiario.net\/portal\/wp-content\/uploads\/2025\/09\/5-7.webp 701w\" sizes=\"(max-width: 420px) 100vw, 420px\" alt=\"\">\r\n                            <\/a>\r\n                            \r\n                        <\/figure>\r\n                    <\/div>\r\n                            <\/div>\r\n                        <\/div>\r\n\r\n                        <div class = \"td-doubleSlider-2\">\r\n                            <div class = \"td-slider\">\r\n                                \r\n                    <div class = \"td-button td-item1\">\r\n                        <div class = \"td-border\"><\/div>\r\n                    <\/div>\r\n                    <div class = \"td-button td-item2\">\r\n                        <div class = \"td-border\"><\/div>\r\n                    <\/div>\r\n                    <div class = \"td-button td-item3\">\r\n                        <div class = \"td-border\"><\/div>\r\n                    <\/div>\r\n                    <div class = \"td-button td-item4\">\r\n                        <div class = \"td-border\"><\/div>\r\n                    <\/div>\r\n                    <div class = \"td-button td-item5\">\r\n                        <div class = \"td-border\"><\/div>\r\n                    <\/div>\r\n                    <div class = \"td-button td-item6\">\r\n                        <div class = \"td-border\"><\/div>\r\n                    <\/div>\r\n                            <\/div>\r\n                        <\/div>\r\n\r\n                    <\/div>\r\n\r\n                <\/div>\r\n                \n","protected":false},"excerpt":{"rendered":"<p>Por Pedro Pablo Siles R. &nbsp; Ha pasado una docena de a\u00f1os desde que el Teatro Nuna abri\u00f3 sus puertas para el p\u00fablico de La Paz. Desde entonces, se ha constituido en uno de los centros culturales m\u00e1s relevantes de Bolivia y en un referente para la agenda cultural de la urbe pace\u00f1a. En octubre, [&hellip;]<\/p>\n","protected":false},"author":1,"featured_media":334745,"comment_status":"closed","ping_status":"open","sticky":false,"template":"","format":"standard","meta":{"_acf_changed":false,"footnotes":""},"categories":[41],"tags":[],"class_list":["post-334743","post","type-post","status-publish","format-standard","has-post-thumbnail","category-la-guia"],"acf":{"antetitulo":""},"yoast_head":"<!-- This site is optimized with the Yoast SEO plugin v28.4 - https:\/\/yoast.com\/product\/yoast-seo-wordpress\/ -->\n<title>Teatro Nuna: 12 a\u00f1os en el epicentro de la cultura pace\u00f1a - El Diario - Bolivia<\/title>\n<meta name=\"robots\" content=\"index, follow, max-snippet:-1, max-image-preview:large, max-video-preview:-1\" \/>\n<link rel=\"canonical\" href=\"https:\/\/www.eldiario.net\/portal\/2025\/09\/29\/teatro-nuna-12-anos-en-el-epicentro-de-la-cultura-pacena\/\" \/>\n<meta property=\"og:locale\" content=\"es_ES\" \/>\n<meta property=\"og:type\" content=\"article\" \/>\n<meta property=\"og:title\" content=\"Teatro Nuna: 12 a\u00f1os en el epicentro de la cultura pace\u00f1a - El Diario - Bolivia\" \/>\n<meta property=\"og:description\" content=\"Por Pedro Pablo Siles R. &nbsp; Ha pasado una docena de a\u00f1os desde que el Teatro Nuna abri\u00f3 sus puertas para el p\u00fablico de La Paz. Desde entonces, se ha constituido en uno de los centros culturales m\u00e1s relevantes de Bolivia y en un referente para la agenda cultural de la urbe pace\u00f1a. En octubre, [&hellip;]\" \/>\n<meta property=\"og:url\" content=\"https:\/\/www.eldiario.net\/portal\/2025\/09\/29\/teatro-nuna-12-anos-en-el-epicentro-de-la-cultura-pacena\/\" \/>\n<meta property=\"og:site_name\" content=\"El Diario - Bolivia\" \/>\n<meta property=\"article:publisher\" content=\"https:\/\/www.facebook.com\/eldiario.bolivia\/\" \/>\n<meta property=\"article:published_time\" content=\"2025-09-29T10:39:27+00:00\" \/>\n<meta property=\"og:image\" content=\"https:\/\/www.eldiario.net\/portal\/wp-content\/uploads\/2025\/09\/1-PRINCIPAL-13.webp\" \/>\n\t<meta property=\"og:image:width\" content=\"1280\" \/>\n\t<meta property=\"og:image:height\" content=\"850\" \/>\n\t<meta property=\"og:image:type\" content=\"image\/webp\" \/>\n<meta name=\"author\" content=\"Jeanette\" \/>\n<meta name=\"twitter:card\" content=\"summary_large_image\" \/>\n<meta name=\"twitter:creator\" content=\"@eldiario_net\" \/>\n<meta name=\"twitter:site\" content=\"@eldiario_net\" \/>\n<meta name=\"twitter:label1\" content=\"Escrito por\" \/>\n\t<meta name=\"twitter:data1\" content=\"Jeanette\" \/>\n\t<meta name=\"twitter:label2\" content=\"Tiempo de lectura\" \/>\n\t<meta name=\"twitter:data2\" content=\"5 minutos\" \/>\n<script type=\"application\/ld+json\" class=\"yoast-schema-graph\">{\"@context\":\"https:\\\/\\\/schema.org\",\"@graph\":[{\"@type\":\"Article\",\"@id\":\"https:\\\/\\\/www.eldiario.net\\\/portal\\\/2025\\\/09\\\/29\\\/teatro-nuna-12-anos-en-el-epicentro-de-la-cultura-pacena\\\/#article\",\"isPartOf\":{\"@id\":\"https:\\\/\\\/www.eldiario.net\\\/portal\\\/2025\\\/09\\\/29\\\/teatro-nuna-12-anos-en-el-epicentro-de-la-cultura-pacena\\\/\"},\"author\":{\"name\":\"Jeanette\",\"@id\":\"https:\\\/\\\/www.eldiario.net\\\/portal\\\/#\\\/schema\\\/person\\\/2c57cf2b7a7ae032e449e4c9b1019eac\"},\"headline\":\"Teatro Nuna: 12 a\u00f1os en el epicentro de la cultura pace\u00f1a\",\"datePublished\":\"2025-09-29T10:39:27+00:00\",\"mainEntityOfPage\":{\"@id\":\"https:\\\/\\\/www.eldiario.net\\\/portal\\\/2025\\\/09\\\/29\\\/teatro-nuna-12-anos-en-el-epicentro-de-la-cultura-pacena\\\/\"},\"wordCount\":1082,\"publisher\":{\"@id\":\"https:\\\/\\\/www.eldiario.net\\\/portal\\\/#organization\"},\"image\":{\"@id\":\"https:\\\/\\\/www.eldiario.net\\\/portal\\\/2025\\\/09\\\/29\\\/teatro-nuna-12-anos-en-el-epicentro-de-la-cultura-pacena\\\/#primaryimage\"},\"thumbnailUrl\":\"https:\\\/\\\/www.eldiario.net\\\/portal\\\/wp-content\\\/uploads\\\/2025\\\/09\\\/1-PRINCIPAL-13.webp\",\"articleSection\":[\"La Gu\u00eda\"],\"inLanguage\":\"es\"},{\"@type\":\"WebPage\",\"@id\":\"https:\\\/\\\/www.eldiario.net\\\/portal\\\/2025\\\/09\\\/29\\\/teatro-nuna-12-anos-en-el-epicentro-de-la-cultura-pacena\\\/\",\"url\":\"https:\\\/\\\/www.eldiario.net\\\/portal\\\/2025\\\/09\\\/29\\\/teatro-nuna-12-anos-en-el-epicentro-de-la-cultura-pacena\\\/\",\"name\":\"Teatro Nuna: 12 a\u00f1os en el epicentro de la cultura pace\u00f1a - El Diario - Bolivia\",\"isPartOf\":{\"@id\":\"https:\\\/\\\/www.eldiario.net\\\/portal\\\/#website\"},\"primaryImageOfPage\":{\"@id\":\"https:\\\/\\\/www.eldiario.net\\\/portal\\\/2025\\\/09\\\/29\\\/teatro-nuna-12-anos-en-el-epicentro-de-la-cultura-pacena\\\/#primaryimage\"},\"image\":{\"@id\":\"https:\\\/\\\/www.eldiario.net\\\/portal\\\/2025\\\/09\\\/29\\\/teatro-nuna-12-anos-en-el-epicentro-de-la-cultura-pacena\\\/#primaryimage\"},\"thumbnailUrl\":\"https:\\\/\\\/www.eldiario.net\\\/portal\\\/wp-content\\\/uploads\\\/2025\\\/09\\\/1-PRINCIPAL-13.webp\",\"datePublished\":\"2025-09-29T10:39:27+00:00\",\"breadcrumb\":{\"@id\":\"https:\\\/\\\/www.eldiario.net\\\/portal\\\/2025\\\/09\\\/29\\\/teatro-nuna-12-anos-en-el-epicentro-de-la-cultura-pacena\\\/#breadcrumb\"},\"inLanguage\":\"es\",\"potentialAction\":[{\"@type\":\"ReadAction\",\"target\":[\"https:\\\/\\\/www.eldiario.net\\\/portal\\\/2025\\\/09\\\/29\\\/teatro-nuna-12-anos-en-el-epicentro-de-la-cultura-pacena\\\/\"]}]},{\"@type\":\"ImageObject\",\"inLanguage\":\"es\",\"@id\":\"https:\\\/\\\/www.eldiario.net\\\/portal\\\/2025\\\/09\\\/29\\\/teatro-nuna-12-anos-en-el-epicentro-de-la-cultura-pacena\\\/#primaryimage\",\"url\":\"https:\\\/\\\/www.eldiario.net\\\/portal\\\/wp-content\\\/uploads\\\/2025\\\/09\\\/1-PRINCIPAL-13.webp\",\"contentUrl\":\"https:\\\/\\\/www.eldiario.net\\\/portal\\\/wp-content\\\/uploads\\\/2025\\\/09\\\/1-PRINCIPAL-13.webp\",\"width\":1280,\"height\":850},{\"@type\":\"BreadcrumbList\",\"@id\":\"https:\\\/\\\/www.eldiario.net\\\/portal\\\/2025\\\/09\\\/29\\\/teatro-nuna-12-anos-en-el-epicentro-de-la-cultura-pacena\\\/#breadcrumb\",\"itemListElement\":[{\"@type\":\"ListItem\",\"position\":1,\"name\":\"Portada\",\"item\":\"https:\\\/\\\/www.eldiario.net\\\/portal\\\/\"},{\"@type\":\"ListItem\",\"position\":2,\"name\":\"Teatro Nuna: 12 a\u00f1os en el epicentro de la cultura pace\u00f1a\"}]},{\"@type\":\"WebSite\",\"@id\":\"https:\\\/\\\/www.eldiario.net\\\/portal\\\/#website\",\"url\":\"https:\\\/\\\/www.eldiario.net\\\/portal\\\/\",\"name\":\"El Diario - Decano de la prensa nacional\",\"description\":\"El Diario - Decano de la prensa nacional\",\"publisher\":{\"@id\":\"https:\\\/\\\/www.eldiario.net\\\/portal\\\/#organization\"},\"potentialAction\":[{\"@type\":\"SearchAction\",\"target\":{\"@type\":\"EntryPoint\",\"urlTemplate\":\"https:\\\/\\\/www.eldiario.net\\\/portal\\\/?s={search_term_string}\"},\"query-input\":{\"@type\":\"PropertyValueSpecification\",\"valueRequired\":true,\"valueName\":\"search_term_string\"}}],\"inLanguage\":\"es\"},{\"@type\":\"Organization\",\"@id\":\"https:\\\/\\\/www.eldiario.net\\\/portal\\\/#organization\",\"name\":\"El Diario - Decano de la prensa nacional\",\"url\":\"https:\\\/\\\/www.eldiario.net\\\/portal\\\/\",\"logo\":{\"@type\":\"ImageObject\",\"inLanguage\":\"es\",\"@id\":\"https:\\\/\\\/www.eldiario.net\\\/portal\\\/#\\\/schema\\\/logo\\\/image\\\/\",\"url\":\"https:\\\/\\\/www.eldiario.net\\\/portal\\\/wp-content\\\/uploads\\\/2023\\\/07\\\/logo_ED.jpg\",\"contentUrl\":\"https:\\\/\\\/www.eldiario.net\\\/portal\\\/wp-content\\\/uploads\\\/2023\\\/07\\\/logo_ED.jpg\",\"width\":272,\"height\":52,\"caption\":\"El Diario - Decano de la prensa nacional\"},\"image\":{\"@id\":\"https:\\\/\\\/www.eldiario.net\\\/portal\\\/#\\\/schema\\\/logo\\\/image\\\/\"},\"sameAs\":[\"https:\\\/\\\/www.facebook.com\\\/eldiario.bolivia\\\/\",\"https:\\\/\\\/x.com\\\/eldiario_net\"]},{\"@type\":\"Person\",\"@id\":\"https:\\\/\\\/www.eldiario.net\\\/portal\\\/#\\\/schema\\\/person\\\/2c57cf2b7a7ae032e449e4c9b1019eac\",\"name\":\"Jeanette\",\"image\":{\"@type\":\"ImageObject\",\"inLanguage\":\"es\",\"@id\":\"https:\\\/\\\/secure.gravatar.com\\\/avatar\\\/3ea2118a5f7dad2b7138b1187a6b7ee55f160b9968b66013c3a3ef39dd7e5798?s=96&d=mm&r=g\",\"url\":\"https:\\\/\\\/secure.gravatar.com\\\/avatar\\\/3ea2118a5f7dad2b7138b1187a6b7ee55f160b9968b66013c3a3ef39dd7e5798?s=96&d=mm&r=g\",\"contentUrl\":\"https:\\\/\\\/secure.gravatar.com\\\/avatar\\\/3ea2118a5f7dad2b7138b1187a6b7ee55f160b9968b66013c3a3ef39dd7e5798?s=96&d=mm&r=g\",\"caption\":\"Jeanette\"},\"sameAs\":[\"https:\\\/\\\/www.eldiario.net\\\/portal\"],\"url\":\"https:\\\/\\\/www.eldiario.net\\\/portal\\\/author\\\/jeanette\\\/\"}]}<\/script>\n<!-- \/ Yoast SEO plugin. -->","yoast_head_json":{"title":"Teatro Nuna: 12 a\u00f1os en el epicentro de la cultura pace\u00f1a - El Diario - Bolivia","robots":{"index":"index","follow":"follow","max-snippet":"max-snippet:-1","max-image-preview":"max-image-preview:large","max-video-preview":"max-video-preview:-1"},"canonical":"https:\/\/www.eldiario.net\/portal\/2025\/09\/29\/teatro-nuna-12-anos-en-el-epicentro-de-la-cultura-pacena\/","og_locale":"es_ES","og_type":"article","og_title":"Teatro Nuna: 12 a\u00f1os en el epicentro de la cultura pace\u00f1a - El Diario - Bolivia","og_description":"Por Pedro Pablo Siles R. &nbsp; Ha pasado una docena de a\u00f1os desde que el Teatro Nuna abri\u00f3 sus puertas para el p\u00fablico de La Paz. Desde entonces, se ha constituido en uno de los centros culturales m\u00e1s relevantes de Bolivia y en un referente para la agenda cultural de la urbe pace\u00f1a. En octubre, [&hellip;]","og_url":"https:\/\/www.eldiario.net\/portal\/2025\/09\/29\/teatro-nuna-12-anos-en-el-epicentro-de-la-cultura-pacena\/","og_site_name":"El Diario - Bolivia","article_publisher":"https:\/\/www.facebook.com\/eldiario.bolivia\/","article_published_time":"2025-09-29T10:39:27+00:00","og_image":[{"width":1280,"height":850,"url":"https:\/\/www.eldiario.net\/portal\/wp-content\/uploads\/2025\/09\/1-PRINCIPAL-13.webp","type":"image\/webp"}],"author":"Jeanette","twitter_card":"summary_large_image","twitter_creator":"@eldiario_net","twitter_site":"@eldiario_net","twitter_misc":{"Escrito por":"Jeanette","Tiempo de lectura":"5 minutos"},"schema":{"@context":"https:\/\/schema.org","@graph":[{"@type":"Article","@id":"https:\/\/www.eldiario.net\/portal\/2025\/09\/29\/teatro-nuna-12-anos-en-el-epicentro-de-la-cultura-pacena\/#article","isPartOf":{"@id":"https:\/\/www.eldiario.net\/portal\/2025\/09\/29\/teatro-nuna-12-anos-en-el-epicentro-de-la-cultura-pacena\/"},"author":{"name":"Jeanette","@id":"https:\/\/www.eldiario.net\/portal\/#\/schema\/person\/2c57cf2b7a7ae032e449e4c9b1019eac"},"headline":"Teatro Nuna: 12 a\u00f1os en el epicentro de la cultura pace\u00f1a","datePublished":"2025-09-29T10:39:27+00:00","mainEntityOfPage":{"@id":"https:\/\/www.eldiario.net\/portal\/2025\/09\/29\/teatro-nuna-12-anos-en-el-epicentro-de-la-cultura-pacena\/"},"wordCount":1082,"publisher":{"@id":"https:\/\/www.eldiario.net\/portal\/#organization"},"image":{"@id":"https:\/\/www.eldiario.net\/portal\/2025\/09\/29\/teatro-nuna-12-anos-en-el-epicentro-de-la-cultura-pacena\/#primaryimage"},"thumbnailUrl":"https:\/\/www.eldiario.net\/portal\/wp-content\/uploads\/2025\/09\/1-PRINCIPAL-13.webp","articleSection":["La Gu\u00eda"],"inLanguage":"es"},{"@type":"WebPage","@id":"https:\/\/www.eldiario.net\/portal\/2025\/09\/29\/teatro-nuna-12-anos-en-el-epicentro-de-la-cultura-pacena\/","url":"https:\/\/www.eldiario.net\/portal\/2025\/09\/29\/teatro-nuna-12-anos-en-el-epicentro-de-la-cultura-pacena\/","name":"Teatro Nuna: 12 a\u00f1os en el epicentro de la cultura pace\u00f1a - El Diario - Bolivia","isPartOf":{"@id":"https:\/\/www.eldiario.net\/portal\/#website"},"primaryImageOfPage":{"@id":"https:\/\/www.eldiario.net\/portal\/2025\/09\/29\/teatro-nuna-12-anos-en-el-epicentro-de-la-cultura-pacena\/#primaryimage"},"image":{"@id":"https:\/\/www.eldiario.net\/portal\/2025\/09\/29\/teatro-nuna-12-anos-en-el-epicentro-de-la-cultura-pacena\/#primaryimage"},"thumbnailUrl":"https:\/\/www.eldiario.net\/portal\/wp-content\/uploads\/2025\/09\/1-PRINCIPAL-13.webp","datePublished":"2025-09-29T10:39:27+00:00","breadcrumb":{"@id":"https:\/\/www.eldiario.net\/portal\/2025\/09\/29\/teatro-nuna-12-anos-en-el-epicentro-de-la-cultura-pacena\/#breadcrumb"},"inLanguage":"es","potentialAction":[{"@type":"ReadAction","target":["https:\/\/www.eldiario.net\/portal\/2025\/09\/29\/teatro-nuna-12-anos-en-el-epicentro-de-la-cultura-pacena\/"]}]},{"@type":"ImageObject","inLanguage":"es","@id":"https:\/\/www.eldiario.net\/portal\/2025\/09\/29\/teatro-nuna-12-anos-en-el-epicentro-de-la-cultura-pacena\/#primaryimage","url":"https:\/\/www.eldiario.net\/portal\/wp-content\/uploads\/2025\/09\/1-PRINCIPAL-13.webp","contentUrl":"https:\/\/www.eldiario.net\/portal\/wp-content\/uploads\/2025\/09\/1-PRINCIPAL-13.webp","width":1280,"height":850},{"@type":"BreadcrumbList","@id":"https:\/\/www.eldiario.net\/portal\/2025\/09\/29\/teatro-nuna-12-anos-en-el-epicentro-de-la-cultura-pacena\/#breadcrumb","itemListElement":[{"@type":"ListItem","position":1,"name":"Portada","item":"https:\/\/www.eldiario.net\/portal\/"},{"@type":"ListItem","position":2,"name":"Teatro Nuna: 12 a\u00f1os en el epicentro de la cultura pace\u00f1a"}]},{"@type":"WebSite","@id":"https:\/\/www.eldiario.net\/portal\/#website","url":"https:\/\/www.eldiario.net\/portal\/","name":"El Diario - Decano de la prensa nacional","description":"El Diario - Decano de la prensa nacional","publisher":{"@id":"https:\/\/www.eldiario.net\/portal\/#organization"},"potentialAction":[{"@type":"SearchAction","target":{"@type":"EntryPoint","urlTemplate":"https:\/\/www.eldiario.net\/portal\/?s={search_term_string}"},"query-input":{"@type":"PropertyValueSpecification","valueRequired":true,"valueName":"search_term_string"}}],"inLanguage":"es"},{"@type":"Organization","@id":"https:\/\/www.eldiario.net\/portal\/#organization","name":"El Diario - Decano de la prensa nacional","url":"https:\/\/www.eldiario.net\/portal\/","logo":{"@type":"ImageObject","inLanguage":"es","@id":"https:\/\/www.eldiario.net\/portal\/#\/schema\/logo\/image\/","url":"https:\/\/www.eldiario.net\/portal\/wp-content\/uploads\/2023\/07\/logo_ED.jpg","contentUrl":"https:\/\/www.eldiario.net\/portal\/wp-content\/uploads\/2023\/07\/logo_ED.jpg","width":272,"height":52,"caption":"El Diario - Decano de la prensa nacional"},"image":{"@id":"https:\/\/www.eldiario.net\/portal\/#\/schema\/logo\/image\/"},"sameAs":["https:\/\/www.facebook.com\/eldiario.bolivia\/","https:\/\/x.com\/eldiario_net"]},{"@type":"Person","@id":"https:\/\/www.eldiario.net\/portal\/#\/schema\/person\/2c57cf2b7a7ae032e449e4c9b1019eac","name":"Jeanette","image":{"@type":"ImageObject","inLanguage":"es","@id":"https:\/\/secure.gravatar.com\/avatar\/3ea2118a5f7dad2b7138b1187a6b7ee55f160b9968b66013c3a3ef39dd7e5798?s=96&d=mm&r=g","url":"https:\/\/secure.gravatar.com\/avatar\/3ea2118a5f7dad2b7138b1187a6b7ee55f160b9968b66013c3a3ef39dd7e5798?s=96&d=mm&r=g","contentUrl":"https:\/\/secure.gravatar.com\/avatar\/3ea2118a5f7dad2b7138b1187a6b7ee55f160b9968b66013c3a3ef39dd7e5798?s=96&d=mm&r=g","caption":"Jeanette"},"sameAs":["https:\/\/www.eldiario.net\/portal"],"url":"https:\/\/www.eldiario.net\/portal\/author\/jeanette\/"}]}},"_links":{"self":[{"href":"https:\/\/www.eldiario.net\/portal\/wp-json\/wp\/v2\/posts\/334743","targetHints":{"allow":["GET"]}}],"collection":[{"href":"https:\/\/www.eldiario.net\/portal\/wp-json\/wp\/v2\/posts"}],"about":[{"href":"https:\/\/www.eldiario.net\/portal\/wp-json\/wp\/v2\/types\/post"}],"author":[{"embeddable":true,"href":"https:\/\/www.eldiario.net\/portal\/wp-json\/wp\/v2\/users\/1"}],"replies":[{"embeddable":true,"href":"https:\/\/www.eldiario.net\/portal\/wp-json\/wp\/v2\/comments?post=334743"}],"version-history":[{"count":1,"href":"https:\/\/www.eldiario.net\/portal\/wp-json\/wp\/v2\/posts\/334743\/revisions"}],"predecessor-version":[{"id":334750,"href":"https:\/\/www.eldiario.net\/portal\/wp-json\/wp\/v2\/posts\/334743\/revisions\/334750"}],"wp:featuredmedia":[{"embeddable":true,"href":"https:\/\/www.eldiario.net\/portal\/wp-json\/wp\/v2\/media\/334745"}],"wp:attachment":[{"href":"https:\/\/www.eldiario.net\/portal\/wp-json\/wp\/v2\/media?parent=334743"}],"wp:term":[{"taxonomy":"category","embeddable":true,"href":"https:\/\/www.eldiario.net\/portal\/wp-json\/wp\/v2\/categories?post=334743"},{"taxonomy":"post_tag","embeddable":true,"href":"https:\/\/www.eldiario.net\/portal\/wp-json\/wp\/v2\/tags?post=334743"}],"curies":[{"name":"wp","href":"https:\/\/api.w.org\/{rel}","templated":true}]}}