{"id":334740,"date":"2025-09-29T06:37:25","date_gmt":"2025-09-29T10:37:25","guid":{"rendered":"https:\/\/www.eldiario.net\/portal\/?p=334740"},"modified":"2025-09-29T06:37:25","modified_gmt":"2025-09-29T10:37:25","slug":"agua-potable-sanidad-y-conectividad-problemas-sin-solucion-en-potosi","status":"publish","type":"post","link":"https:\/\/www.eldiario.net\/portal\/2025\/09\/29\/agua-potable-sanidad-y-conectividad-problemas-sin-solucion-en-potosi\/","title":{"rendered":"Agua potable, sanidad y conectividad, problemas sin soluci\u00f3n en Potos\u00ed"},"content":{"rendered":"<p>La ciudad y el departamento de Potos\u00ed enfrentan una crisis estructural grave, profundizada por la corrupci\u00f3n de las autoridades y la inacci\u00f3n gubernamental que condena a la poblaci\u00f3n a vivir en condiciones precarias que rozan la negligencia afirm\u00f3, en entrevista con EL DIARIO, la asamble\u00edsta Azucena Fuertes, quien evidenci\u00f3 un patr\u00f3n persistente de mala gesti\u00f3n y desv\u00edo de recursos que vulnera los derechos b\u00e1sicos como el acceso al agua potable, a la salud y a una conectividad digna.<br \/>\n\u201cEn cuanto al agua, un recurso esencial, m\u00e1s de la mitad de la ciudad de Potos\u00ed sigue dependiendo exclusivamente de las lluvias para garantizar el suministro. Esta situaci\u00f3n explica que solo se cuente con las lagunas del Kari Kari, reservorios que datan del per\u00edodo colonial y que se han convertido en la principal fuente h\u00eddrica, vulnerable a la miner\u00eda clandestina que crece irresponsablemente\u201d, dijo.<br \/>\nKari Kari no solo est\u00e1 bajo la autoridad del municipio de Potos\u00ed, sino que tambi\u00e9n abarca parte del municipio de Chaqu\u00ed, lo que hace imprescindible una coordinaci\u00f3n intermunicipal que no se ha concretado. El extractivismo ilegal amenaza con destruir estas fuentes h\u00eddricas y agrava la sequ\u00eda end\u00e9mica en la regi\u00f3n.<br \/>\nEste problema no es nuevo. En 2017, cuando Fuertes era concejal, se identific\u00f3 la gravedad de la sequ\u00eda, comparable a la de los a\u00f1os 80, y se aprob\u00f3 un proyecto de provisi\u00f3n de agua para La Palca con una inversi\u00f3n de 25 millones de bolivianos. A pesar de que el presupuesto fue desembolsado \u00edntegramente, la poblaci\u00f3n no ha visto una sola gota de agua proveniente de esta obra. La Fiscal\u00eda abri\u00f3 una investigaci\u00f3n por corrupci\u00f3n, evidenciando que el proyecto fue mal ejecutado y que el dinero probablemente fue malversado, lo que ha dejado sin respuesta las necesidades urgentes de agua potable. Esta situaci\u00f3n refleja una negligencia gubernamental que afecta a los potosinos.<br \/>\nAdem\u00e1s, Potos\u00ed representa una anomal\u00eda en varios aspectos fundamentales del desarrollo urbano y social. La ciudad capital no cuenta con aeropuerto, por ello cualquier viajero desde La Paz debe desviarse obligatoriamente a Sucre y luego recorrer tres horas m\u00e1s por tierra.<br \/>\nLa otra alternativa, el viaje completamente terrestre desde La Paz, dura entre ocho y nueve horas, lo que dificulta la movilidad para temas comerciales y, de forma cr\u00edtica, en situaciones de emergencias m\u00e9dicas. En otros departamentos, la conectividad a\u00e9rea es clave para la gesti\u00f3n sanitaria, econ\u00f3mica y social, pero en Potos\u00ed, la ausencia de infraestructura a\u00e9rea agudiza la marginaci\u00f3n.<br \/>\nEn materia hospitalaria, Potos\u00ed es el \u00fanico departamento del pa\u00eds cuya capital no cuenta con un hospital de tercer nivel plenamente operativo.<br \/>\n\u201cEl Banco Interamericano de Desarrollo (BID) otorg\u00f3 un cr\u00e9dito para infraestructura, equipamiento y recursos humanos con el compromiso de que para finales de esta gesti\u00f3n el hospital estar\u00eda al 100% en funcionamiento. No obstante, eso no ocurre y se ha detectado corrupci\u00f3n en la contrataci\u00f3n y distribuci\u00f3n de personal m\u00e9dico. En vez de contratar especialistas calificados, se prioriz\u00f3 la contrataci\u00f3n de m\u00e9dicos generales y personal administrativo. Tambi\u00e9n se denunci\u00f3 la venta ilegal de art\u00edculos de salud que estaban destinados al Ministerio de Salud. La administraci\u00f3n del sector salud sufre nuevamente de irregularidades que perjudican directamente el acceso a servicios adecuados para la poblaci\u00f3n\u201d, sostuvo.<br \/>\nAgreg\u00f3 que los planes de inversi\u00f3n municipal y departamental tampoco reflejan prioridades reales. Para la gesti\u00f3n 2026, el presupuesto aprobado asciende a 1.113 millones de bolivianos, aunque ning\u00fan proyecto nuevo aparece incluido; solo se planifican obras de continuidad, destac\u00e1ndose una desproporcionada cantidad de iniciativas para construir canchas de c\u00e9sped sint\u00e9tico.<br \/>\n\u201cEstas canchas, seg\u00fan los alcaldes, responden a demandas sociales, pero el sobreprecio denunciado en estos proyectos es escandaloso. Por ejemplo, una cancha en la regi\u00f3n de L\u00edpez, cerca de la frontera con Chile, cuesta lo mismo que una ubicada a media hora de la ciudad, en San Antonio, siendo estas obras prioritariamente lucrativas para actores vinculados a la corrupci\u00f3n\u201d. manifest\u00f3.<br \/>\nEn esa l\u00ednea, seg\u00fan Fuertes, la Gobernaci\u00f3n, que es constitucionalmente responsable de competencias departamentales, est\u00e1 ejecutando estas canchas pese a que la ley establece que son de competencia municipal. Esta situaci\u00f3n se consolid\u00f3 mediante una ley impulsada por el gobernador y aprobada por la mayor\u00eda del Movimiento al Socialismo (MAS).<br \/>\nLa norma obliga a que estas canchas solo puedan financiarse con recursos de la Gobernaci\u00f3n, secuestrando as\u00ed una pol\u00edtica deportiva que deber\u00eda ser municipal, mientras otras necesidades fundamentales quedan sin atenci\u00f3n.<br \/>\n\u201cNo solo eso, la Gobernaci\u00f3n no ha priorizado otras obras de impacto social y econ\u00f3mico, como carreteras de doble v\u00eda que mejoren la comunicaci\u00f3n y el comercio, ni una morgue digna, lo que provoca que los fallecidos permanezcan en los patios de los hospitales, un horror que averg\u00fcenza a toda la sociedad. Mientras tanto, municipios tur\u00edsticos clave, como Uyuni, cuentan con sistemas de alcantarillado adecuados. Potos\u00ed no logra resolver las demandas elementales de saneamiento\u201d, puntualiz\u00f3.<br \/>\n\u201cEstos datos y denuncias expresan un patr\u00f3n grave: Potos\u00ed tiene dinero para inversi\u00f3n p\u00fablica, incluso m\u00e1s que los departamentos de La Paz y Santa Cruz, pero no tiene capacidad ni voluntad pol\u00edtica para gestionar ni el agua ni la basura. Las prioridades distorsionadas, la corrupci\u00f3n activa y la sobreexplotaci\u00f3n irresponsable del medio ambiente convierten a Potos\u00ed en un ejemplo de desigualdad y abandono estatal\u201d, revel\u00f3.<br \/>\nLa asamble\u00edsta Fuertes indic\u00f3 que hipot\u00e9ticamente se estar\u00edan priorizando proyectos donde se puede generar corrupci\u00f3n.<br \/>\n\u201cSe requiere con urgencia transparencia, rendici\u00f3n de cuentas y un compromiso genuino por revertir las condiciones de exclusi\u00f3n que la poblaci\u00f3n potosina viene padeciendo por a\u00f1os\u201d, finaliz\u00f3.<\/p>\n","protected":false},"excerpt":{"rendered":"<p>La ciudad y el departamento de Potos\u00ed enfrentan una crisis estructural grave, profundizada por la corrupci\u00f3n de las autoridades y la inacci\u00f3n gubernamental que condena a la poblaci\u00f3n a vivir en condiciones precarias que rozan la negligencia afirm\u00f3, en entrevista con EL DIARIO, la asamble\u00edsta Azucena Fuertes, quien evidenci\u00f3 un patr\u00f3n persistente de mala gesti\u00f3n [&hellip;]<\/p>\n","protected":false},"author":1,"featured_media":334741,"comment_status":"closed","ping_status":"open","sticky":false,"template":"","format":"standard","meta":{"_acf_changed":false,"footnotes":""},"categories":[12],"tags":[],"class_list":["post-334740","post","type-post","status-publish","format-standard","has-post-thumbnail","category-nacional"],"acf":{"antetitulo":"Asamble\u00edsta Azucena Fuertes afirma"},"yoast_head":"<!-- This site is optimized with the Yoast SEO plugin v28.4 - https:\/\/yoast.com\/product\/yoast-seo-wordpress\/ -->\n<title>Agua potable, sanidad y conectividad, problemas sin soluci\u00f3n en Potos\u00ed - El Diario - Bolivia<\/title>\n<meta name=\"robots\" content=\"index, follow, max-snippet:-1, max-image-preview:large, max-video-preview:-1\" \/>\n<link rel=\"canonical\" href=\"https:\/\/www.eldiario.net\/portal\/2025\/09\/29\/agua-potable-sanidad-y-conectividad-problemas-sin-solucion-en-potosi\/\" \/>\n<meta property=\"og:locale\" content=\"es_ES\" \/>\n<meta property=\"og:type\" content=\"article\" \/>\n<meta property=\"og:title\" content=\"Agua potable, sanidad y conectividad, problemas sin soluci\u00f3n en Potos\u00ed - El Diario - Bolivia\" \/>\n<meta property=\"og:description\" content=\"La ciudad y el departamento de Potos\u00ed enfrentan una crisis estructural grave, profundizada por la corrupci\u00f3n de las autoridades y la inacci\u00f3n gubernamental que condena a la poblaci\u00f3n a vivir en condiciones precarias que rozan la negligencia afirm\u00f3, en entrevista con EL DIARIO, la asamble\u00edsta Azucena Fuertes, quien evidenci\u00f3 un patr\u00f3n persistente de mala gesti\u00f3n [&hellip;]\" \/>\n<meta property=\"og:url\" content=\"https:\/\/www.eldiario.net\/portal\/2025\/09\/29\/agua-potable-sanidad-y-conectividad-problemas-sin-solucion-en-potosi\/\" \/>\n<meta property=\"og:site_name\" content=\"El Diario - Bolivia\" \/>\n<meta property=\"article:publisher\" content=\"https:\/\/www.facebook.com\/eldiario.bolivia\/\" \/>\n<meta property=\"article:published_time\" content=\"2025-09-29T10:37:25+00:00\" \/>\n<meta property=\"og:image\" content=\"https:\/\/www.eldiario.net\/portal\/wp-content\/uploads\/2025\/09\/10-NAL-1.webp\" \/>\n\t<meta property=\"og:image:width\" content=\"296\" \/>\n\t<meta property=\"og:image:height\" content=\"171\" \/>\n\t<meta property=\"og:image:type\" content=\"image\/webp\" \/>\n<meta name=\"author\" content=\"Jeanette\" \/>\n<meta name=\"twitter:card\" content=\"summary_large_image\" \/>\n<meta name=\"twitter:creator\" content=\"@eldiario_net\" \/>\n<meta name=\"twitter:site\" content=\"@eldiario_net\" \/>\n<meta name=\"twitter:label1\" content=\"Escrito por\" \/>\n\t<meta name=\"twitter:data1\" content=\"Jeanette\" \/>\n\t<meta name=\"twitter:label2\" content=\"Tiempo de lectura\" \/>\n\t<meta name=\"twitter:data2\" content=\"5 minutos\" \/>\n<script type=\"application\/ld+json\" class=\"yoast-schema-graph\">{\"@context\":\"https:\\\/\\\/schema.org\",\"@graph\":[{\"@type\":\"Article\",\"@id\":\"https:\\\/\\\/www.eldiario.net\\\/portal\\\/2025\\\/09\\\/29\\\/agua-potable-sanidad-y-conectividad-problemas-sin-solucion-en-potosi\\\/#article\",\"isPartOf\":{\"@id\":\"https:\\\/\\\/www.eldiario.net\\\/portal\\\/2025\\\/09\\\/29\\\/agua-potable-sanidad-y-conectividad-problemas-sin-solucion-en-potosi\\\/\"},\"author\":{\"name\":\"Jeanette\",\"@id\":\"https:\\\/\\\/www.eldiario.net\\\/portal\\\/#\\\/schema\\\/person\\\/2c57cf2b7a7ae032e449e4c9b1019eac\"},\"headline\":\"Agua potable, sanidad y conectividad, problemas sin soluci\u00f3n en Potos\u00ed\",\"datePublished\":\"2025-09-29T10:37:25+00:00\",\"mainEntityOfPage\":{\"@id\":\"https:\\\/\\\/www.eldiario.net\\\/portal\\\/2025\\\/09\\\/29\\\/agua-potable-sanidad-y-conectividad-problemas-sin-solucion-en-potosi\\\/\"},\"wordCount\":1000,\"publisher\":{\"@id\":\"https:\\\/\\\/www.eldiario.net\\\/portal\\\/#organization\"},\"image\":{\"@id\":\"https:\\\/\\\/www.eldiario.net\\\/portal\\\/2025\\\/09\\\/29\\\/agua-potable-sanidad-y-conectividad-problemas-sin-solucion-en-potosi\\\/#primaryimage\"},\"thumbnailUrl\":\"https:\\\/\\\/www.eldiario.net\\\/portal\\\/wp-content\\\/uploads\\\/2025\\\/09\\\/10-NAL-1.webp\",\"articleSection\":[\"Nacional\"],\"inLanguage\":\"es\"},{\"@type\":\"WebPage\",\"@id\":\"https:\\\/\\\/www.eldiario.net\\\/portal\\\/2025\\\/09\\\/29\\\/agua-potable-sanidad-y-conectividad-problemas-sin-solucion-en-potosi\\\/\",\"url\":\"https:\\\/\\\/www.eldiario.net\\\/portal\\\/2025\\\/09\\\/29\\\/agua-potable-sanidad-y-conectividad-problemas-sin-solucion-en-potosi\\\/\",\"name\":\"Agua potable, sanidad y conectividad, problemas sin soluci\u00f3n en Potos\u00ed - El Diario - Bolivia\",\"isPartOf\":{\"@id\":\"https:\\\/\\\/www.eldiario.net\\\/portal\\\/#website\"},\"primaryImageOfPage\":{\"@id\":\"https:\\\/\\\/www.eldiario.net\\\/portal\\\/2025\\\/09\\\/29\\\/agua-potable-sanidad-y-conectividad-problemas-sin-solucion-en-potosi\\\/#primaryimage\"},\"image\":{\"@id\":\"https:\\\/\\\/www.eldiario.net\\\/portal\\\/2025\\\/09\\\/29\\\/agua-potable-sanidad-y-conectividad-problemas-sin-solucion-en-potosi\\\/#primaryimage\"},\"thumbnailUrl\":\"https:\\\/\\\/www.eldiario.net\\\/portal\\\/wp-content\\\/uploads\\\/2025\\\/09\\\/10-NAL-1.webp\",\"datePublished\":\"2025-09-29T10:37:25+00:00\",\"breadcrumb\":{\"@id\":\"https:\\\/\\\/www.eldiario.net\\\/portal\\\/2025\\\/09\\\/29\\\/agua-potable-sanidad-y-conectividad-problemas-sin-solucion-en-potosi\\\/#breadcrumb\"},\"inLanguage\":\"es\",\"potentialAction\":[{\"@type\":\"ReadAction\",\"target\":[\"https:\\\/\\\/www.eldiario.net\\\/portal\\\/2025\\\/09\\\/29\\\/agua-potable-sanidad-y-conectividad-problemas-sin-solucion-en-potosi\\\/\"]}]},{\"@type\":\"ImageObject\",\"inLanguage\":\"es\",\"@id\":\"https:\\\/\\\/www.eldiario.net\\\/portal\\\/2025\\\/09\\\/29\\\/agua-potable-sanidad-y-conectividad-problemas-sin-solucion-en-potosi\\\/#primaryimage\",\"url\":\"https:\\\/\\\/www.eldiario.net\\\/portal\\\/wp-content\\\/uploads\\\/2025\\\/09\\\/10-NAL-1.webp\",\"contentUrl\":\"https:\\\/\\\/www.eldiario.net\\\/portal\\\/wp-content\\\/uploads\\\/2025\\\/09\\\/10-NAL-1.webp\",\"width\":296,\"height\":171,\"caption\":\"LA ASAMBLE\u00cdSTA POTOSINA, AZUCENA FUERTES.\"},{\"@type\":\"BreadcrumbList\",\"@id\":\"https:\\\/\\\/www.eldiario.net\\\/portal\\\/2025\\\/09\\\/29\\\/agua-potable-sanidad-y-conectividad-problemas-sin-solucion-en-potosi\\\/#breadcrumb\",\"itemListElement\":[{\"@type\":\"ListItem\",\"position\":1,\"name\":\"Portada\",\"item\":\"https:\\\/\\\/www.eldiario.net\\\/portal\\\/\"},{\"@type\":\"ListItem\",\"position\":2,\"name\":\"Agua potable, sanidad y conectividad, problemas sin soluci\u00f3n en Potos\u00ed\"}]},{\"@type\":\"WebSite\",\"@id\":\"https:\\\/\\\/www.eldiario.net\\\/portal\\\/#website\",\"url\":\"https:\\\/\\\/www.eldiario.net\\\/portal\\\/\",\"name\":\"El Diario - Decano de la prensa nacional\",\"description\":\"El Diario - Decano de la prensa nacional\",\"publisher\":{\"@id\":\"https:\\\/\\\/www.eldiario.net\\\/portal\\\/#organization\"},\"potentialAction\":[{\"@type\":\"SearchAction\",\"target\":{\"@type\":\"EntryPoint\",\"urlTemplate\":\"https:\\\/\\\/www.eldiario.net\\\/portal\\\/?s={search_term_string}\"},\"query-input\":{\"@type\":\"PropertyValueSpecification\",\"valueRequired\":true,\"valueName\":\"search_term_string\"}}],\"inLanguage\":\"es\"},{\"@type\":\"Organization\",\"@id\":\"https:\\\/\\\/www.eldiario.net\\\/portal\\\/#organization\",\"name\":\"El Diario - Decano de la prensa nacional\",\"url\":\"https:\\\/\\\/www.eldiario.net\\\/portal\\\/\",\"logo\":{\"@type\":\"ImageObject\",\"inLanguage\":\"es\",\"@id\":\"https:\\\/\\\/www.eldiario.net\\\/portal\\\/#\\\/schema\\\/logo\\\/image\\\/\",\"url\":\"https:\\\/\\\/www.eldiario.net\\\/portal\\\/wp-content\\\/uploads\\\/2023\\\/07\\\/logo_ED.jpg\",\"contentUrl\":\"https:\\\/\\\/www.eldiario.net\\\/portal\\\/wp-content\\\/uploads\\\/2023\\\/07\\\/logo_ED.jpg\",\"width\":272,\"height\":52,\"caption\":\"El Diario - Decano de la prensa nacional\"},\"image\":{\"@id\":\"https:\\\/\\\/www.eldiario.net\\\/portal\\\/#\\\/schema\\\/logo\\\/image\\\/\"},\"sameAs\":[\"https:\\\/\\\/www.facebook.com\\\/eldiario.bolivia\\\/\",\"https:\\\/\\\/x.com\\\/eldiario_net\"]},{\"@type\":\"Person\",\"@id\":\"https:\\\/\\\/www.eldiario.net\\\/portal\\\/#\\\/schema\\\/person\\\/2c57cf2b7a7ae032e449e4c9b1019eac\",\"name\":\"Jeanette\",\"image\":{\"@type\":\"ImageObject\",\"inLanguage\":\"es\",\"@id\":\"https:\\\/\\\/secure.gravatar.com\\\/avatar\\\/3ea2118a5f7dad2b7138b1187a6b7ee55f160b9968b66013c3a3ef39dd7e5798?s=96&d=mm&r=g\",\"url\":\"https:\\\/\\\/secure.gravatar.com\\\/avatar\\\/3ea2118a5f7dad2b7138b1187a6b7ee55f160b9968b66013c3a3ef39dd7e5798?s=96&d=mm&r=g\",\"contentUrl\":\"https:\\\/\\\/secure.gravatar.com\\\/avatar\\\/3ea2118a5f7dad2b7138b1187a6b7ee55f160b9968b66013c3a3ef39dd7e5798?s=96&d=mm&r=g\",\"caption\":\"Jeanette\"},\"sameAs\":[\"https:\\\/\\\/www.eldiario.net\\\/portal\"],\"url\":\"https:\\\/\\\/www.eldiario.net\\\/portal\\\/author\\\/jeanette\\\/\"}]}<\/script>\n<!-- \/ Yoast SEO plugin. -->","yoast_head_json":{"title":"Agua potable, sanidad y conectividad, problemas sin soluci\u00f3n en Potos\u00ed - El Diario - Bolivia","robots":{"index":"index","follow":"follow","max-snippet":"max-snippet:-1","max-image-preview":"max-image-preview:large","max-video-preview":"max-video-preview:-1"},"canonical":"https:\/\/www.eldiario.net\/portal\/2025\/09\/29\/agua-potable-sanidad-y-conectividad-problemas-sin-solucion-en-potosi\/","og_locale":"es_ES","og_type":"article","og_title":"Agua potable, sanidad y conectividad, problemas sin soluci\u00f3n en Potos\u00ed - El Diario - Bolivia","og_description":"La ciudad y el departamento de Potos\u00ed enfrentan una crisis estructural grave, profundizada por la corrupci\u00f3n de las autoridades y la inacci\u00f3n gubernamental que condena a la poblaci\u00f3n a vivir en condiciones precarias que rozan la negligencia afirm\u00f3, en entrevista con EL DIARIO, la asamble\u00edsta Azucena Fuertes, quien evidenci\u00f3 un patr\u00f3n persistente de mala gesti\u00f3n [&hellip;]","og_url":"https:\/\/www.eldiario.net\/portal\/2025\/09\/29\/agua-potable-sanidad-y-conectividad-problemas-sin-solucion-en-potosi\/","og_site_name":"El Diario - Bolivia","article_publisher":"https:\/\/www.facebook.com\/eldiario.bolivia\/","article_published_time":"2025-09-29T10:37:25+00:00","og_image":[{"width":296,"height":171,"url":"https:\/\/www.eldiario.net\/portal\/wp-content\/uploads\/2025\/09\/10-NAL-1.webp","type":"image\/webp"}],"author":"Jeanette","twitter_card":"summary_large_image","twitter_creator":"@eldiario_net","twitter_site":"@eldiario_net","twitter_misc":{"Escrito por":"Jeanette","Tiempo de lectura":"5 minutos"},"schema":{"@context":"https:\/\/schema.org","@graph":[{"@type":"Article","@id":"https:\/\/www.eldiario.net\/portal\/2025\/09\/29\/agua-potable-sanidad-y-conectividad-problemas-sin-solucion-en-potosi\/#article","isPartOf":{"@id":"https:\/\/www.eldiario.net\/portal\/2025\/09\/29\/agua-potable-sanidad-y-conectividad-problemas-sin-solucion-en-potosi\/"},"author":{"name":"Jeanette","@id":"https:\/\/www.eldiario.net\/portal\/#\/schema\/person\/2c57cf2b7a7ae032e449e4c9b1019eac"},"headline":"Agua potable, sanidad y conectividad, problemas sin soluci\u00f3n en Potos\u00ed","datePublished":"2025-09-29T10:37:25+00:00","mainEntityOfPage":{"@id":"https:\/\/www.eldiario.net\/portal\/2025\/09\/29\/agua-potable-sanidad-y-conectividad-problemas-sin-solucion-en-potosi\/"},"wordCount":1000,"publisher":{"@id":"https:\/\/www.eldiario.net\/portal\/#organization"},"image":{"@id":"https:\/\/www.eldiario.net\/portal\/2025\/09\/29\/agua-potable-sanidad-y-conectividad-problemas-sin-solucion-en-potosi\/#primaryimage"},"thumbnailUrl":"https:\/\/www.eldiario.net\/portal\/wp-content\/uploads\/2025\/09\/10-NAL-1.webp","articleSection":["Nacional"],"inLanguage":"es"},{"@type":"WebPage","@id":"https:\/\/www.eldiario.net\/portal\/2025\/09\/29\/agua-potable-sanidad-y-conectividad-problemas-sin-solucion-en-potosi\/","url":"https:\/\/www.eldiario.net\/portal\/2025\/09\/29\/agua-potable-sanidad-y-conectividad-problemas-sin-solucion-en-potosi\/","name":"Agua potable, sanidad y conectividad, problemas sin soluci\u00f3n en Potos\u00ed - El Diario - Bolivia","isPartOf":{"@id":"https:\/\/www.eldiario.net\/portal\/#website"},"primaryImageOfPage":{"@id":"https:\/\/www.eldiario.net\/portal\/2025\/09\/29\/agua-potable-sanidad-y-conectividad-problemas-sin-solucion-en-potosi\/#primaryimage"},"image":{"@id":"https:\/\/www.eldiario.net\/portal\/2025\/09\/29\/agua-potable-sanidad-y-conectividad-problemas-sin-solucion-en-potosi\/#primaryimage"},"thumbnailUrl":"https:\/\/www.eldiario.net\/portal\/wp-content\/uploads\/2025\/09\/10-NAL-1.webp","datePublished":"2025-09-29T10:37:25+00:00","breadcrumb":{"@id":"https:\/\/www.eldiario.net\/portal\/2025\/09\/29\/agua-potable-sanidad-y-conectividad-problemas-sin-solucion-en-potosi\/#breadcrumb"},"inLanguage":"es","potentialAction":[{"@type":"ReadAction","target":["https:\/\/www.eldiario.net\/portal\/2025\/09\/29\/agua-potable-sanidad-y-conectividad-problemas-sin-solucion-en-potosi\/"]}]},{"@type":"ImageObject","inLanguage":"es","@id":"https:\/\/www.eldiario.net\/portal\/2025\/09\/29\/agua-potable-sanidad-y-conectividad-problemas-sin-solucion-en-potosi\/#primaryimage","url":"https:\/\/www.eldiario.net\/portal\/wp-content\/uploads\/2025\/09\/10-NAL-1.webp","contentUrl":"https:\/\/www.eldiario.net\/portal\/wp-content\/uploads\/2025\/09\/10-NAL-1.webp","width":296,"height":171,"caption":"LA ASAMBLE\u00cdSTA POTOSINA, AZUCENA FUERTES."},{"@type":"BreadcrumbList","@id":"https:\/\/www.eldiario.net\/portal\/2025\/09\/29\/agua-potable-sanidad-y-conectividad-problemas-sin-solucion-en-potosi\/#breadcrumb","itemListElement":[{"@type":"ListItem","position":1,"name":"Portada","item":"https:\/\/www.eldiario.net\/portal\/"},{"@type":"ListItem","position":2,"name":"Agua potable, sanidad y conectividad, problemas sin soluci\u00f3n en Potos\u00ed"}]},{"@type":"WebSite","@id":"https:\/\/www.eldiario.net\/portal\/#website","url":"https:\/\/www.eldiario.net\/portal\/","name":"El Diario - Decano de la prensa nacional","description":"El Diario - Decano de la prensa nacional","publisher":{"@id":"https:\/\/www.eldiario.net\/portal\/#organization"},"potentialAction":[{"@type":"SearchAction","target":{"@type":"EntryPoint","urlTemplate":"https:\/\/www.eldiario.net\/portal\/?s={search_term_string}"},"query-input":{"@type":"PropertyValueSpecification","valueRequired":true,"valueName":"search_term_string"}}],"inLanguage":"es"},{"@type":"Organization","@id":"https:\/\/www.eldiario.net\/portal\/#organization","name":"El Diario - Decano de la prensa nacional","url":"https:\/\/www.eldiario.net\/portal\/","logo":{"@type":"ImageObject","inLanguage":"es","@id":"https:\/\/www.eldiario.net\/portal\/#\/schema\/logo\/image\/","url":"https:\/\/www.eldiario.net\/portal\/wp-content\/uploads\/2023\/07\/logo_ED.jpg","contentUrl":"https:\/\/www.eldiario.net\/portal\/wp-content\/uploads\/2023\/07\/logo_ED.jpg","width":272,"height":52,"caption":"El Diario - Decano de la prensa nacional"},"image":{"@id":"https:\/\/www.eldiario.net\/portal\/#\/schema\/logo\/image\/"},"sameAs":["https:\/\/www.facebook.com\/eldiario.bolivia\/","https:\/\/x.com\/eldiario_net"]},{"@type":"Person","@id":"https:\/\/www.eldiario.net\/portal\/#\/schema\/person\/2c57cf2b7a7ae032e449e4c9b1019eac","name":"Jeanette","image":{"@type":"ImageObject","inLanguage":"es","@id":"https:\/\/secure.gravatar.com\/avatar\/3ea2118a5f7dad2b7138b1187a6b7ee55f160b9968b66013c3a3ef39dd7e5798?s=96&d=mm&r=g","url":"https:\/\/secure.gravatar.com\/avatar\/3ea2118a5f7dad2b7138b1187a6b7ee55f160b9968b66013c3a3ef39dd7e5798?s=96&d=mm&r=g","contentUrl":"https:\/\/secure.gravatar.com\/avatar\/3ea2118a5f7dad2b7138b1187a6b7ee55f160b9968b66013c3a3ef39dd7e5798?s=96&d=mm&r=g","caption":"Jeanette"},"sameAs":["https:\/\/www.eldiario.net\/portal"],"url":"https:\/\/www.eldiario.net\/portal\/author\/jeanette\/"}]}},"_links":{"self":[{"href":"https:\/\/www.eldiario.net\/portal\/wp-json\/wp\/v2\/posts\/334740","targetHints":{"allow":["GET"]}}],"collection":[{"href":"https:\/\/www.eldiario.net\/portal\/wp-json\/wp\/v2\/posts"}],"about":[{"href":"https:\/\/www.eldiario.net\/portal\/wp-json\/wp\/v2\/types\/post"}],"author":[{"embeddable":true,"href":"https:\/\/www.eldiario.net\/portal\/wp-json\/wp\/v2\/users\/1"}],"replies":[{"embeddable":true,"href":"https:\/\/www.eldiario.net\/portal\/wp-json\/wp\/v2\/comments?post=334740"}],"version-history":[{"count":1,"href":"https:\/\/www.eldiario.net\/portal\/wp-json\/wp\/v2\/posts\/334740\/revisions"}],"predecessor-version":[{"id":334742,"href":"https:\/\/www.eldiario.net\/portal\/wp-json\/wp\/v2\/posts\/334740\/revisions\/334742"}],"wp:featuredmedia":[{"embeddable":true,"href":"https:\/\/www.eldiario.net\/portal\/wp-json\/wp\/v2\/media\/334741"}],"wp:attachment":[{"href":"https:\/\/www.eldiario.net\/portal\/wp-json\/wp\/v2\/media?parent=334740"}],"wp:term":[{"taxonomy":"category","embeddable":true,"href":"https:\/\/www.eldiario.net\/portal\/wp-json\/wp\/v2\/categories?post=334740"},{"taxonomy":"post_tag","embeddable":true,"href":"https:\/\/www.eldiario.net\/portal\/wp-json\/wp\/v2\/tags?post=334740"}],"curies":[{"name":"wp","href":"https:\/\/api.w.org\/{rel}","templated":true}]}}