{"id":334738,"date":"2025-09-29T06:36:41","date_gmt":"2025-09-29T10:36:41","guid":{"rendered":"https:\/\/www.eldiario.net\/portal\/?p=334738"},"modified":"2025-09-29T06:36:41","modified_gmt":"2025-09-29T10:36:41","slug":"el-amor-en-el-siglo-xxi-menos-sexo-mas-alienacion","status":"publish","type":"post","link":"https:\/\/www.eldiario.net\/portal\/2025\/09\/29\/el-amor-en-el-siglo-xxi-menos-sexo-mas-alienacion\/","title":{"rendered":"El amor en el Siglo XXI:  menos sexo, m\u00e1s alienaci\u00f3n"},"content":{"rendered":"<p>Varios estudios que indican, contra lo que podr\u00edamos suponer, que los j\u00f3venes de hoy tienen menos sexo que los de ayer. S\u00ed: el libertinaje postmoderno y las relaciones l\u00edquidas no son necesariamente sin\u00f3nimo de m\u00e1s sexo ni, mucho menos, de relaciones sexuales espiritualmente satisfactorias. Supongo que este fen\u00f3meno obedece a muchas causas, pero yo apuntar\u00e9 solo dos. Antes, hasta hace un par de siglos o algunas d\u00e9cadas, los j\u00f3venes se casaban mucho m\u00e1s j\u00f3venes y en matrimonios que seguramente \u2014para bien o mal\u2014 duraban \u201cpara siempre\u201d, o por lo menos m\u00e1s tiempo que los de ahora. Esas dos condiciones, el casarse j\u00f3venes y la idea de un compromiso m\u00e1s s\u00f3lido, hac\u00edan que las relaciones sexuales fueran m\u00e1s numerosas y m\u00e1s satisfactorias espiritualmente hablando. Por \u00faltimo, podemos decir que el pragmatismo o la vida utilitaria actual eluden o desechan los ritos del erotismo.<br \/>\nLos fen\u00f3menos de alienaci\u00f3n digital tambi\u00e9n ahondan el problema. Cada vez vivimos m\u00e1s tiempo en l\u00ednea, frente a una pantalla luminosa. Una videollamada de WhatsApp, una conferencia de Zoom o una seguidilla de \u201clikes\u201d en Instagram, hoy pueden ser tenidas como \u201ccitas rom\u00e1nticas\u201d, en vez de aquellas veladas en las que \u2014en un caf\u00e9, en el parque o en un zagu\u00e1n oscuro\u2014 nuestros abuelos o bisabuelos se ve\u00edan a los ojos, se recitaban alguna poes\u00eda, se acariciaban las manos y luego se iban a una habitaci\u00f3n y desencadenaban tremendos se\u00edsmos de amor. Actualmente, eso es cada d\u00eda m\u00e1s escaso.<br \/>\nAlguna vez escuchamos que nuestros bisabuelos o tatarabuelos hab\u00edan descubierto el amor a los doce o trece a\u00f1os\u2026 Hoy, la media de edad en que los j\u00f3venes lo descubren, sobre todo en los pa\u00edses m\u00e1s desarrollados \u2014sociedades industrializadas y digitales\u2014 es de m\u00e1s a\u00f1os. Millenials y la Generaci\u00f3n Z, por diversos motivos como insolvencia econ\u00f3mica, pornograf\u00eda al alcance de un m\u00f3vil, carencia de vivienda propia o relaciones de pareja inestables o poco convencionales, experimentan el amor m\u00e1s tarde y menos que nuestros heroicos ancestros fornicadores, amantes hasta el delirio. (Como dato ilustrativo, podemos decir que el genio de la literatura V\u00edctor Hugo fue un fauno de campeonato que hizo el amor a su esposa nueve veces en la noche de bodas.)<br \/>\nGran paradoja: antes, el tab\u00fa sobre el sexo, pero mucho sexo; ahora, m\u00e1s libertad para hablar sobre sexo, menos sexo.<br \/>\nVivimos en un mundo saturado de opciones y demasiado complejo de entender. \u00bfLa culpa est\u00e1 en el capitalismo? \u00bfEn el consumismo? \u00bfEn la tard\u00eda emancipaci\u00f3n de los j\u00f3venes? \u00bfEn la cultura de masas? \u00bfEn la abyecci\u00f3n que insuflan en la sexualidad las tendencias postmodernistas? Puede que en todo eso. Lo importante es darse cuenta de la presencia del fen\u00f3meno. No obstante, no creo que haya por qu\u00e9 preocuparse demasiado: cada tiempo hist\u00f3rico tiene sus caracter\u00edsticas, con sus posibilidades y limitaciones. Sufrimiento y dicha se distribuyen en cada \u00e9poca, con (y por) sus propias normas culturales y costumbres. El reto est\u00e1 en recuperar los aspectos razonables de la familia y las conexiones no necesariamente sexuales, pero s\u00ed comunitarias y sociales que dan a la vida ciertos matices que no pueden darle los algoritmos o las aplicaciones de citas.<br \/>\n\u201cEl ocaso de nuestra imagen del amor ser\u00eda una cat\u00e1strofe mayor que el derrumbe de nuestros sistemas econ\u00f3micos y pol\u00edticos: ser\u00eda el fin de nuestra civilizaci\u00f3n\u201d, dijo Octavio Paz en La llama doble (1993). En cierto sentido, lo comparto. \u201cSi pensamos en t\u00e9rminos morales, vivimos en la edad del fango\u201d, escribi\u00f3 en el mismo ensayo. Podr\u00edamos asegurar que la modernidad, con toda su artiller\u00eda de fen\u00f3menos subsecuentes, corrompi\u00f3 la imagen del amor y la llev\u00f3 a lo que la masa tiene por cursi o anticuado; la conversi\u00f3n del sexo en un modo de complacencia carnal solamente podr\u00eda ser un ejemplo de ello. Aceleraci\u00f3n y cultura de masas son algunos factores que contribuyen a esa degradaci\u00f3n.<br \/>\nLa suerte del amor es inseparable de la suerte de la democracia y la civilizaci\u00f3n, en el m\u00e1s noble sentido que estas dos palabras puedan tener. De su preservaci\u00f3n depender\u00e1 la subsistencia de estructuras sociales y pol\u00edticas y, sobre todo, la supervivencia del individuo o la persona, no como un ser que respira solamente o vegeta, sino como un ser que siente y vive por un ideal. \u201c\u00bfQu\u00e9 lugar tiene el amor en un mundo como el nuestro?\u201d, pregunta Octavio Paz.<\/p>\n<p>Ignacio Vera de Rada es polit\u00f3logo y comunicador social.<\/p>\n","protected":false},"excerpt":{"rendered":"<p>Varios estudios que indican, contra lo que podr\u00edamos suponer, que los j\u00f3venes de hoy tienen menos sexo que los de ayer. S\u00ed: el libertinaje postmoderno y las relaciones l\u00edquidas no son necesariamente sin\u00f3nimo de m\u00e1s sexo ni, mucho menos, de relaciones sexuales espiritualmente satisfactorias. Supongo que este fen\u00f3meno obedece a muchas causas, pero yo apuntar\u00e9 [&hellip;]<\/p>\n","protected":false},"author":1,"featured_media":158964,"comment_status":"closed","ping_status":"open","sticky":false,"template":"","format":"standard","meta":{"_acf_changed":false,"footnotes":""},"categories":[9],"tags":[],"class_list":["post-334738","post","type-post","status-publish","format-standard","has-post-thumbnail","category-opinion"],"acf":{"antetitulo":"La espada en la palabra"},"yoast_head":"<!-- This site is optimized with the Yoast SEO plugin v28.4 - https:\/\/yoast.com\/product\/yoast-seo-wordpress\/ -->\n<title>El amor en el Siglo XXI: menos sexo, m\u00e1s alienaci\u00f3n - El Diario - Bolivia<\/title>\n<meta name=\"robots\" content=\"index, follow, max-snippet:-1, max-image-preview:large, max-video-preview:-1\" \/>\n<link rel=\"canonical\" href=\"https:\/\/www.eldiario.net\/portal\/2025\/09\/29\/el-amor-en-el-siglo-xxi-menos-sexo-mas-alienacion\/\" \/>\n<meta property=\"og:locale\" content=\"es_ES\" \/>\n<meta property=\"og:type\" content=\"article\" \/>\n<meta property=\"og:title\" content=\"El amor en el Siglo XXI: menos sexo, m\u00e1s alienaci\u00f3n - El Diario - Bolivia\" \/>\n<meta property=\"og:description\" content=\"Varios estudios que indican, contra lo que podr\u00edamos suponer, que los j\u00f3venes de hoy tienen menos sexo que los de ayer. S\u00ed: el libertinaje postmoderno y las relaciones l\u00edquidas no son necesariamente sin\u00f3nimo de m\u00e1s sexo ni, mucho menos, de relaciones sexuales espiritualmente satisfactorias. Supongo que este fen\u00f3meno obedece a muchas causas, pero yo apuntar\u00e9 [&hellip;]\" \/>\n<meta property=\"og:url\" content=\"https:\/\/www.eldiario.net\/portal\/2025\/09\/29\/el-amor-en-el-siglo-xxi-menos-sexo-mas-alienacion\/\" \/>\n<meta property=\"og:site_name\" content=\"El Diario - Bolivia\" \/>\n<meta property=\"article:publisher\" content=\"https:\/\/www.facebook.com\/eldiario.bolivia\/\" \/>\n<meta property=\"article:published_time\" content=\"2025-09-29T10:36:41+00:00\" \/>\n<meta property=\"og:image\" content=\"https:\/\/www.eldiario.net\/portal\/wp-content\/uploads\/2023\/06\/Ignacio-Vera-de-Rada-1.jpg\" \/>\n\t<meta property=\"og:image:width\" content=\"1200\" \/>\n\t<meta property=\"og:image:height\" content=\"628\" \/>\n\t<meta property=\"og:image:type\" content=\"image\/jpeg\" \/>\n<meta name=\"author\" content=\"Jeanette\" \/>\n<meta name=\"twitter:card\" content=\"summary_large_image\" \/>\n<meta name=\"twitter:creator\" content=\"@eldiario_net\" \/>\n<meta name=\"twitter:site\" content=\"@eldiario_net\" \/>\n<meta name=\"twitter:label1\" content=\"Escrito por\" \/>\n\t<meta name=\"twitter:data1\" content=\"Jeanette\" \/>\n\t<meta name=\"twitter:label2\" content=\"Tiempo de lectura\" \/>\n\t<meta name=\"twitter:data2\" content=\"4 minutos\" \/>\n<script type=\"application\/ld+json\" class=\"yoast-schema-graph\">{\"@context\":\"https:\\\/\\\/schema.org\",\"@graph\":[{\"@type\":\"Article\",\"@id\":\"https:\\\/\\\/www.eldiario.net\\\/portal\\\/2025\\\/09\\\/29\\\/el-amor-en-el-siglo-xxi-menos-sexo-mas-alienacion\\\/#article\",\"isPartOf\":{\"@id\":\"https:\\\/\\\/www.eldiario.net\\\/portal\\\/2025\\\/09\\\/29\\\/el-amor-en-el-siglo-xxi-menos-sexo-mas-alienacion\\\/\"},\"author\":{\"name\":\"Jeanette\",\"@id\":\"https:\\\/\\\/www.eldiario.net\\\/portal\\\/#\\\/schema\\\/person\\\/2c57cf2b7a7ae032e449e4c9b1019eac\"},\"headline\":\"El amor en el Siglo XXI: menos sexo, m\u00e1s alienaci\u00f3n\",\"datePublished\":\"2025-09-29T10:36:41+00:00\",\"mainEntityOfPage\":{\"@id\":\"https:\\\/\\\/www.eldiario.net\\\/portal\\\/2025\\\/09\\\/29\\\/el-amor-en-el-siglo-xxi-menos-sexo-mas-alienacion\\\/\"},\"wordCount\":805,\"publisher\":{\"@id\":\"https:\\\/\\\/www.eldiario.net\\\/portal\\\/#organization\"},\"image\":{\"@id\":\"https:\\\/\\\/www.eldiario.net\\\/portal\\\/2025\\\/09\\\/29\\\/el-amor-en-el-siglo-xxi-menos-sexo-mas-alienacion\\\/#primaryimage\"},\"thumbnailUrl\":\"https:\\\/\\\/www.eldiario.net\\\/portal\\\/wp-content\\\/uploads\\\/2023\\\/06\\\/Ignacio-Vera-de-Rada-1.jpg\",\"articleSection\":[\"Opini\u00f3n\"],\"inLanguage\":\"es\"},{\"@type\":\"WebPage\",\"@id\":\"https:\\\/\\\/www.eldiario.net\\\/portal\\\/2025\\\/09\\\/29\\\/el-amor-en-el-siglo-xxi-menos-sexo-mas-alienacion\\\/\",\"url\":\"https:\\\/\\\/www.eldiario.net\\\/portal\\\/2025\\\/09\\\/29\\\/el-amor-en-el-siglo-xxi-menos-sexo-mas-alienacion\\\/\",\"name\":\"El amor en el Siglo XXI: menos sexo, m\u00e1s alienaci\u00f3n - El Diario - Bolivia\",\"isPartOf\":{\"@id\":\"https:\\\/\\\/www.eldiario.net\\\/portal\\\/#website\"},\"primaryImageOfPage\":{\"@id\":\"https:\\\/\\\/www.eldiario.net\\\/portal\\\/2025\\\/09\\\/29\\\/el-amor-en-el-siglo-xxi-menos-sexo-mas-alienacion\\\/#primaryimage\"},\"image\":{\"@id\":\"https:\\\/\\\/www.eldiario.net\\\/portal\\\/2025\\\/09\\\/29\\\/el-amor-en-el-siglo-xxi-menos-sexo-mas-alienacion\\\/#primaryimage\"},\"thumbnailUrl\":\"https:\\\/\\\/www.eldiario.net\\\/portal\\\/wp-content\\\/uploads\\\/2023\\\/06\\\/Ignacio-Vera-de-Rada-1.jpg\",\"datePublished\":\"2025-09-29T10:36:41+00:00\",\"breadcrumb\":{\"@id\":\"https:\\\/\\\/www.eldiario.net\\\/portal\\\/2025\\\/09\\\/29\\\/el-amor-en-el-siglo-xxi-menos-sexo-mas-alienacion\\\/#breadcrumb\"},\"inLanguage\":\"es\",\"potentialAction\":[{\"@type\":\"ReadAction\",\"target\":[\"https:\\\/\\\/www.eldiario.net\\\/portal\\\/2025\\\/09\\\/29\\\/el-amor-en-el-siglo-xxi-menos-sexo-mas-alienacion\\\/\"]}]},{\"@type\":\"ImageObject\",\"inLanguage\":\"es\",\"@id\":\"https:\\\/\\\/www.eldiario.net\\\/portal\\\/2025\\\/09\\\/29\\\/el-amor-en-el-siglo-xxi-menos-sexo-mas-alienacion\\\/#primaryimage\",\"url\":\"https:\\\/\\\/www.eldiario.net\\\/portal\\\/wp-content\\\/uploads\\\/2023\\\/06\\\/Ignacio-Vera-de-Rada-1.jpg\",\"contentUrl\":\"https:\\\/\\\/www.eldiario.net\\\/portal\\\/wp-content\\\/uploads\\\/2023\\\/06\\\/Ignacio-Vera-de-Rada-1.jpg\",\"width\":1200,\"height\":628,\"caption\":\"Ignacio Vera de Rada\"},{\"@type\":\"BreadcrumbList\",\"@id\":\"https:\\\/\\\/www.eldiario.net\\\/portal\\\/2025\\\/09\\\/29\\\/el-amor-en-el-siglo-xxi-menos-sexo-mas-alienacion\\\/#breadcrumb\",\"itemListElement\":[{\"@type\":\"ListItem\",\"position\":1,\"name\":\"Portada\",\"item\":\"https:\\\/\\\/www.eldiario.net\\\/portal\\\/\"},{\"@type\":\"ListItem\",\"position\":2,\"name\":\"El amor en el Siglo XXI: menos sexo, m\u00e1s alienaci\u00f3n\"}]},{\"@type\":\"WebSite\",\"@id\":\"https:\\\/\\\/www.eldiario.net\\\/portal\\\/#website\",\"url\":\"https:\\\/\\\/www.eldiario.net\\\/portal\\\/\",\"name\":\"El Diario - Decano de la prensa nacional\",\"description\":\"El Diario - Decano de la prensa nacional\",\"publisher\":{\"@id\":\"https:\\\/\\\/www.eldiario.net\\\/portal\\\/#organization\"},\"potentialAction\":[{\"@type\":\"SearchAction\",\"target\":{\"@type\":\"EntryPoint\",\"urlTemplate\":\"https:\\\/\\\/www.eldiario.net\\\/portal\\\/?s={search_term_string}\"},\"query-input\":{\"@type\":\"PropertyValueSpecification\",\"valueRequired\":true,\"valueName\":\"search_term_string\"}}],\"inLanguage\":\"es\"},{\"@type\":\"Organization\",\"@id\":\"https:\\\/\\\/www.eldiario.net\\\/portal\\\/#organization\",\"name\":\"El Diario - Decano de la prensa nacional\",\"url\":\"https:\\\/\\\/www.eldiario.net\\\/portal\\\/\",\"logo\":{\"@type\":\"ImageObject\",\"inLanguage\":\"es\",\"@id\":\"https:\\\/\\\/www.eldiario.net\\\/portal\\\/#\\\/schema\\\/logo\\\/image\\\/\",\"url\":\"https:\\\/\\\/www.eldiario.net\\\/portal\\\/wp-content\\\/uploads\\\/2023\\\/07\\\/logo_ED.jpg\",\"contentUrl\":\"https:\\\/\\\/www.eldiario.net\\\/portal\\\/wp-content\\\/uploads\\\/2023\\\/07\\\/logo_ED.jpg\",\"width\":272,\"height\":52,\"caption\":\"El Diario - Decano de la prensa nacional\"},\"image\":{\"@id\":\"https:\\\/\\\/www.eldiario.net\\\/portal\\\/#\\\/schema\\\/logo\\\/image\\\/\"},\"sameAs\":[\"https:\\\/\\\/www.facebook.com\\\/eldiario.bolivia\\\/\",\"https:\\\/\\\/x.com\\\/eldiario_net\"]},{\"@type\":\"Person\",\"@id\":\"https:\\\/\\\/www.eldiario.net\\\/portal\\\/#\\\/schema\\\/person\\\/2c57cf2b7a7ae032e449e4c9b1019eac\",\"name\":\"Jeanette\",\"image\":{\"@type\":\"ImageObject\",\"inLanguage\":\"es\",\"@id\":\"https:\\\/\\\/secure.gravatar.com\\\/avatar\\\/3ea2118a5f7dad2b7138b1187a6b7ee55f160b9968b66013c3a3ef39dd7e5798?s=96&d=mm&r=g\",\"url\":\"https:\\\/\\\/secure.gravatar.com\\\/avatar\\\/3ea2118a5f7dad2b7138b1187a6b7ee55f160b9968b66013c3a3ef39dd7e5798?s=96&d=mm&r=g\",\"contentUrl\":\"https:\\\/\\\/secure.gravatar.com\\\/avatar\\\/3ea2118a5f7dad2b7138b1187a6b7ee55f160b9968b66013c3a3ef39dd7e5798?s=96&d=mm&r=g\",\"caption\":\"Jeanette\"},\"sameAs\":[\"https:\\\/\\\/www.eldiario.net\\\/portal\"],\"url\":\"https:\\\/\\\/www.eldiario.net\\\/portal\\\/author\\\/jeanette\\\/\"}]}<\/script>\n<!-- \/ Yoast SEO plugin. -->","yoast_head_json":{"title":"El amor en el Siglo XXI: menos sexo, m\u00e1s alienaci\u00f3n - El Diario - Bolivia","robots":{"index":"index","follow":"follow","max-snippet":"max-snippet:-1","max-image-preview":"max-image-preview:large","max-video-preview":"max-video-preview:-1"},"canonical":"https:\/\/www.eldiario.net\/portal\/2025\/09\/29\/el-amor-en-el-siglo-xxi-menos-sexo-mas-alienacion\/","og_locale":"es_ES","og_type":"article","og_title":"El amor en el Siglo XXI: menos sexo, m\u00e1s alienaci\u00f3n - El Diario - Bolivia","og_description":"Varios estudios que indican, contra lo que podr\u00edamos suponer, que los j\u00f3venes de hoy tienen menos sexo que los de ayer. S\u00ed: el libertinaje postmoderno y las relaciones l\u00edquidas no son necesariamente sin\u00f3nimo de m\u00e1s sexo ni, mucho menos, de relaciones sexuales espiritualmente satisfactorias. Supongo que este fen\u00f3meno obedece a muchas causas, pero yo apuntar\u00e9 [&hellip;]","og_url":"https:\/\/www.eldiario.net\/portal\/2025\/09\/29\/el-amor-en-el-siglo-xxi-menos-sexo-mas-alienacion\/","og_site_name":"El Diario - Bolivia","article_publisher":"https:\/\/www.facebook.com\/eldiario.bolivia\/","article_published_time":"2025-09-29T10:36:41+00:00","og_image":[{"width":1200,"height":628,"url":"https:\/\/www.eldiario.net\/portal\/wp-content\/uploads\/2023\/06\/Ignacio-Vera-de-Rada-1.jpg","type":"image\/jpeg"}],"author":"Jeanette","twitter_card":"summary_large_image","twitter_creator":"@eldiario_net","twitter_site":"@eldiario_net","twitter_misc":{"Escrito por":"Jeanette","Tiempo de lectura":"4 minutos"},"schema":{"@context":"https:\/\/schema.org","@graph":[{"@type":"Article","@id":"https:\/\/www.eldiario.net\/portal\/2025\/09\/29\/el-amor-en-el-siglo-xxi-menos-sexo-mas-alienacion\/#article","isPartOf":{"@id":"https:\/\/www.eldiario.net\/portal\/2025\/09\/29\/el-amor-en-el-siglo-xxi-menos-sexo-mas-alienacion\/"},"author":{"name":"Jeanette","@id":"https:\/\/www.eldiario.net\/portal\/#\/schema\/person\/2c57cf2b7a7ae032e449e4c9b1019eac"},"headline":"El amor en el Siglo XXI: menos sexo, m\u00e1s alienaci\u00f3n","datePublished":"2025-09-29T10:36:41+00:00","mainEntityOfPage":{"@id":"https:\/\/www.eldiario.net\/portal\/2025\/09\/29\/el-amor-en-el-siglo-xxi-menos-sexo-mas-alienacion\/"},"wordCount":805,"publisher":{"@id":"https:\/\/www.eldiario.net\/portal\/#organization"},"image":{"@id":"https:\/\/www.eldiario.net\/portal\/2025\/09\/29\/el-amor-en-el-siglo-xxi-menos-sexo-mas-alienacion\/#primaryimage"},"thumbnailUrl":"https:\/\/www.eldiario.net\/portal\/wp-content\/uploads\/2023\/06\/Ignacio-Vera-de-Rada-1.jpg","articleSection":["Opini\u00f3n"],"inLanguage":"es"},{"@type":"WebPage","@id":"https:\/\/www.eldiario.net\/portal\/2025\/09\/29\/el-amor-en-el-siglo-xxi-menos-sexo-mas-alienacion\/","url":"https:\/\/www.eldiario.net\/portal\/2025\/09\/29\/el-amor-en-el-siglo-xxi-menos-sexo-mas-alienacion\/","name":"El amor en el Siglo XXI: menos sexo, m\u00e1s alienaci\u00f3n - El Diario - Bolivia","isPartOf":{"@id":"https:\/\/www.eldiario.net\/portal\/#website"},"primaryImageOfPage":{"@id":"https:\/\/www.eldiario.net\/portal\/2025\/09\/29\/el-amor-en-el-siglo-xxi-menos-sexo-mas-alienacion\/#primaryimage"},"image":{"@id":"https:\/\/www.eldiario.net\/portal\/2025\/09\/29\/el-amor-en-el-siglo-xxi-menos-sexo-mas-alienacion\/#primaryimage"},"thumbnailUrl":"https:\/\/www.eldiario.net\/portal\/wp-content\/uploads\/2023\/06\/Ignacio-Vera-de-Rada-1.jpg","datePublished":"2025-09-29T10:36:41+00:00","breadcrumb":{"@id":"https:\/\/www.eldiario.net\/portal\/2025\/09\/29\/el-amor-en-el-siglo-xxi-menos-sexo-mas-alienacion\/#breadcrumb"},"inLanguage":"es","potentialAction":[{"@type":"ReadAction","target":["https:\/\/www.eldiario.net\/portal\/2025\/09\/29\/el-amor-en-el-siglo-xxi-menos-sexo-mas-alienacion\/"]}]},{"@type":"ImageObject","inLanguage":"es","@id":"https:\/\/www.eldiario.net\/portal\/2025\/09\/29\/el-amor-en-el-siglo-xxi-menos-sexo-mas-alienacion\/#primaryimage","url":"https:\/\/www.eldiario.net\/portal\/wp-content\/uploads\/2023\/06\/Ignacio-Vera-de-Rada-1.jpg","contentUrl":"https:\/\/www.eldiario.net\/portal\/wp-content\/uploads\/2023\/06\/Ignacio-Vera-de-Rada-1.jpg","width":1200,"height":628,"caption":"Ignacio Vera de Rada"},{"@type":"BreadcrumbList","@id":"https:\/\/www.eldiario.net\/portal\/2025\/09\/29\/el-amor-en-el-siglo-xxi-menos-sexo-mas-alienacion\/#breadcrumb","itemListElement":[{"@type":"ListItem","position":1,"name":"Portada","item":"https:\/\/www.eldiario.net\/portal\/"},{"@type":"ListItem","position":2,"name":"El amor en el Siglo XXI: menos sexo, m\u00e1s alienaci\u00f3n"}]},{"@type":"WebSite","@id":"https:\/\/www.eldiario.net\/portal\/#website","url":"https:\/\/www.eldiario.net\/portal\/","name":"El Diario - Decano de la prensa nacional","description":"El Diario - Decano de la prensa nacional","publisher":{"@id":"https:\/\/www.eldiario.net\/portal\/#organization"},"potentialAction":[{"@type":"SearchAction","target":{"@type":"EntryPoint","urlTemplate":"https:\/\/www.eldiario.net\/portal\/?s={search_term_string}"},"query-input":{"@type":"PropertyValueSpecification","valueRequired":true,"valueName":"search_term_string"}}],"inLanguage":"es"},{"@type":"Organization","@id":"https:\/\/www.eldiario.net\/portal\/#organization","name":"El Diario - Decano de la prensa nacional","url":"https:\/\/www.eldiario.net\/portal\/","logo":{"@type":"ImageObject","inLanguage":"es","@id":"https:\/\/www.eldiario.net\/portal\/#\/schema\/logo\/image\/","url":"https:\/\/www.eldiario.net\/portal\/wp-content\/uploads\/2023\/07\/logo_ED.jpg","contentUrl":"https:\/\/www.eldiario.net\/portal\/wp-content\/uploads\/2023\/07\/logo_ED.jpg","width":272,"height":52,"caption":"El Diario - Decano de la prensa nacional"},"image":{"@id":"https:\/\/www.eldiario.net\/portal\/#\/schema\/logo\/image\/"},"sameAs":["https:\/\/www.facebook.com\/eldiario.bolivia\/","https:\/\/x.com\/eldiario_net"]},{"@type":"Person","@id":"https:\/\/www.eldiario.net\/portal\/#\/schema\/person\/2c57cf2b7a7ae032e449e4c9b1019eac","name":"Jeanette","image":{"@type":"ImageObject","inLanguage":"es","@id":"https:\/\/secure.gravatar.com\/avatar\/3ea2118a5f7dad2b7138b1187a6b7ee55f160b9968b66013c3a3ef39dd7e5798?s=96&d=mm&r=g","url":"https:\/\/secure.gravatar.com\/avatar\/3ea2118a5f7dad2b7138b1187a6b7ee55f160b9968b66013c3a3ef39dd7e5798?s=96&d=mm&r=g","contentUrl":"https:\/\/secure.gravatar.com\/avatar\/3ea2118a5f7dad2b7138b1187a6b7ee55f160b9968b66013c3a3ef39dd7e5798?s=96&d=mm&r=g","caption":"Jeanette"},"sameAs":["https:\/\/www.eldiario.net\/portal"],"url":"https:\/\/www.eldiario.net\/portal\/author\/jeanette\/"}]}},"_links":{"self":[{"href":"https:\/\/www.eldiario.net\/portal\/wp-json\/wp\/v2\/posts\/334738","targetHints":{"allow":["GET"]}}],"collection":[{"href":"https:\/\/www.eldiario.net\/portal\/wp-json\/wp\/v2\/posts"}],"about":[{"href":"https:\/\/www.eldiario.net\/portal\/wp-json\/wp\/v2\/types\/post"}],"author":[{"embeddable":true,"href":"https:\/\/www.eldiario.net\/portal\/wp-json\/wp\/v2\/users\/1"}],"replies":[{"embeddable":true,"href":"https:\/\/www.eldiario.net\/portal\/wp-json\/wp\/v2\/comments?post=334738"}],"version-history":[{"count":1,"href":"https:\/\/www.eldiario.net\/portal\/wp-json\/wp\/v2\/posts\/334738\/revisions"}],"predecessor-version":[{"id":334739,"href":"https:\/\/www.eldiario.net\/portal\/wp-json\/wp\/v2\/posts\/334738\/revisions\/334739"}],"wp:featuredmedia":[{"embeddable":true,"href":"https:\/\/www.eldiario.net\/portal\/wp-json\/wp\/v2\/media\/158964"}],"wp:attachment":[{"href":"https:\/\/www.eldiario.net\/portal\/wp-json\/wp\/v2\/media?parent=334738"}],"wp:term":[{"taxonomy":"category","embeddable":true,"href":"https:\/\/www.eldiario.net\/portal\/wp-json\/wp\/v2\/categories?post=334738"},{"taxonomy":"post_tag","embeddable":true,"href":"https:\/\/www.eldiario.net\/portal\/wp-json\/wp\/v2\/tags?post=334738"}],"curies":[{"name":"wp","href":"https:\/\/api.w.org\/{rel}","templated":true}]}}