{"id":334533,"date":"2025-09-29T00:56:11","date_gmt":"2025-09-29T04:56:11","guid":{"rendered":"https:\/\/www.eldiario.net\/portal\/?p=334533"},"modified":"2025-09-28T21:56:45","modified_gmt":"2025-09-29T01:56:45","slug":"mas-de-200-expertos-en-inteligencia-artificial-instan-a-establecer-lineas-rojas-antes-de-2026","status":"publish","type":"post","link":"https:\/\/www.eldiario.net\/portal\/2025\/09\/29\/mas-de-200-expertos-en-inteligencia-artificial-instan-a-establecer-lineas-rojas-antes-de-2026\/","title":{"rendered":"M\u00e1s de 200 expertos en inteligencia artificial instan a establecer \u201cl\u00edneas rojas\u201d antes de 2026"},"content":{"rendered":"<p>Un grupo de m\u00e1s de 200 cient\u00edficos, diplom\u00e1ticos, l\u00edderes tecnol\u00f3gicos y premios Nobel ha emitido un llamado global para establecer l\u00edmites claros en el desarrollo de la inteligencia artificial. En una carta dirigida a la Organizaci\u00f3n de las Naciones Unidas, los firmantes solicitan la creaci\u00f3n de un organismo internacional que supervise y regule el avance de esta tecnolog\u00eda, con el objetivo de anticiparse a los riesgos que, seg\u00fan los expertos, son cada vez m\u00e1s evidentes.<\/p>\n<p>La iniciativa, respaldada por representantes de m\u00e1s de 70 organizaciones de todo el mundo, busca alcanzar un consenso internacional sobre lo que la IA no deber\u00eda hacer bajo ninguna circunstancia. \u201cLa idea no es reaccionar despu\u00e9s de que ocurra un incidente, sino prevenir riesgos potenciales e irreversibles a gran escala\u201d, explic\u00f3 Charbel-Rapha\u00ebl Segerie, director del Centro para la Seguridad de la IA en Francia, durante una reuni\u00f3n con medios, citada por The Verge.<\/p>\n<p>Segerie inst\u00f3 a los pa\u00edses a encontrar puntos de acuerdo: \u201cSi las naciones no pueden consensuar lo que desean para la IA, al menos deber\u00edan coincidir en lo que esta nunca debe permitir\u201d.<\/p>\n<p>Entre las voces destacadas se encuentra Maria Ressa, Premio Nobel de la Paz 2021, quien se\u00f1al\u00f3 la responsabilidad de las grandes empresas tecnol\u00f3gicas en el desarrollo de la IA. Ressa pidi\u00f3 que estas compa\u00f1\u00edas abandonen su \u201cimpunidad\u201d y comiencen a rendir cuentas a nivel global.<\/p>\n<p>Niki Iliadis, director de gobernanza global de IA en The Future Society, fue m\u00e1s all\u00e1 al exigir una escalabilidad responsable de los negocios vinculados a la inteligencia artificial en el corto plazo. A largo plazo, propuso la creaci\u00f3n de una \u201cinstituci\u00f3n global independiente\u201d encargada de definir y vigilar las \u201cl\u00edneas rojas\u201d de esta tecnolog\u00eda.<\/p>\n<p>Stuart Russell, profesor de inform\u00e1tica en la Universidad de California, Berkeley, y especialista en IA, compar\u00f3 el desarrollo de esta tecnolog\u00eda con el de la energ\u00eda nuclear. \u201cAs\u00ed como los pioneros de la energ\u00eda nuclear no construyeron centrales hasta saber c\u00f3mo evitar explosiones, la industria de la IA debe seguir un camino distinto, basado en la seguridad desde el inicio\u201d, afirm\u00f3. Russell tambi\u00e9n subray\u00f3 que establecer l\u00edmites no frenar\u00eda la innovaci\u00f3n, y advirti\u00f3 sobre los riesgos de utilizar tecnolog\u00edas a\u00fan no comprendidas completamente, como la Inteligencia Artificial General (AGI).<\/p>\n<p>Ahmet \u00dcz\u00fcmc\u00fc, ex director general de la Organizaci\u00f3n para la Prohibici\u00f3n de las Armas Qu\u00edmicas, alert\u00f3 sobre los peligros de combinar sistemas de IA con \u00e1mbitos sensibles como armamento nuclear, vigilancia masiva o suplantaci\u00f3n de identidades reales.<\/p>\n<p>Aunque el llamado ha generado atenci\u00f3n internacional, la propuesta para crear un organismo regulador no ser\u00e1 debatida en la Asamblea General de la ONU hasta finales de 2026, cuando se espera que se someta a votaci\u00f3n una resoluci\u00f3n formal.<\/p>\n","protected":false},"excerpt":{"rendered":"<p>Un grupo de m\u00e1s de 200 cient\u00edficos, diplom\u00e1ticos, l\u00edderes tecnol\u00f3gicos y premios Nobel ha emitido un llamado global para establecer l\u00edmites claros en el desarrollo de la inteligencia artificial. En una carta dirigida a la Organizaci\u00f3n de las Naciones Unidas, los firmantes solicitan la creaci\u00f3n de un organismo internacional que supervise y regule el avance [&hellip;]<\/p>\n","protected":false},"author":1,"featured_media":334534,"comment_status":"closed","ping_status":"open","sticky":false,"template":"","format":"standard","meta":{"_acf_changed":false,"footnotes":""},"categories":[46],"tags":[],"class_list":["post-334533","post","type-post","status-publish","format-standard","has-post-thumbnail","category-ciencia-computacion"],"acf":{"antetitulo":""},"yoast_head":"<!-- This site is optimized with the Yoast SEO plugin v28.4 - https:\/\/yoast.com\/product\/yoast-seo-wordpress\/ -->\n<title>M\u00e1s de 200 expertos en inteligencia artificial instan a establecer \u201cl\u00edneas rojas\u201d antes de 2026 - El Diario - Bolivia<\/title>\n<meta name=\"robots\" content=\"index, follow, max-snippet:-1, max-image-preview:large, max-video-preview:-1\" \/>\n<link rel=\"canonical\" href=\"https:\/\/www.eldiario.net\/portal\/2025\/09\/29\/mas-de-200-expertos-en-inteligencia-artificial-instan-a-establecer-lineas-rojas-antes-de-2026\/\" \/>\n<meta property=\"og:locale\" content=\"es_ES\" \/>\n<meta property=\"og:type\" content=\"article\" \/>\n<meta property=\"og:title\" content=\"M\u00e1s de 200 expertos en inteligencia artificial instan a establecer \u201cl\u00edneas rojas\u201d antes de 2026 - El Diario - Bolivia\" \/>\n<meta property=\"og:description\" content=\"Un grupo de m\u00e1s de 200 cient\u00edficos, diplom\u00e1ticos, l\u00edderes tecnol\u00f3gicos y premios Nobel ha emitido un llamado global para establecer l\u00edmites claros en el desarrollo de la inteligencia artificial. En una carta dirigida a la Organizaci\u00f3n de las Naciones Unidas, los firmantes solicitan la creaci\u00f3n de un organismo internacional que supervise y regule el avance [&hellip;]\" \/>\n<meta property=\"og:url\" content=\"https:\/\/www.eldiario.net\/portal\/2025\/09\/29\/mas-de-200-expertos-en-inteligencia-artificial-instan-a-establecer-lineas-rojas-antes-de-2026\/\" \/>\n<meta property=\"og:site_name\" content=\"El Diario - Bolivia\" \/>\n<meta property=\"article:publisher\" content=\"https:\/\/www.facebook.com\/eldiario.bolivia\/\" \/>\n<meta property=\"article:published_time\" content=\"2025-09-29T04:56:11+00:00\" \/>\n<meta property=\"og:image\" content=\"https:\/\/www.eldiario.net\/portal\/wp-content\/uploads\/2025\/09\/8-A-2.webp\" \/>\n\t<meta property=\"og:image:width\" content=\"1229\" \/>\n\t<meta property=\"og:image:height\" content=\"819\" \/>\n\t<meta property=\"og:image:type\" content=\"image\/webp\" \/>\n<meta name=\"author\" content=\"Jeanette\" \/>\n<meta name=\"twitter:card\" content=\"summary_large_image\" \/>\n<meta name=\"twitter:creator\" content=\"@eldiario_net\" \/>\n<meta name=\"twitter:site\" content=\"@eldiario_net\" \/>\n<meta name=\"twitter:label1\" content=\"Escrito por\" \/>\n\t<meta name=\"twitter:data1\" content=\"Jeanette\" \/>\n\t<meta name=\"twitter:label2\" content=\"Tiempo de lectura\" \/>\n\t<meta name=\"twitter:data2\" content=\"3 minutos\" \/>\n<script type=\"application\/ld+json\" class=\"yoast-schema-graph\">{\"@context\":\"https:\\\/\\\/schema.org\",\"@graph\":[{\"@type\":\"Article\",\"@id\":\"https:\\\/\\\/www.eldiario.net\\\/portal\\\/2025\\\/09\\\/29\\\/mas-de-200-expertos-en-inteligencia-artificial-instan-a-establecer-lineas-rojas-antes-de-2026\\\/#article\",\"isPartOf\":{\"@id\":\"https:\\\/\\\/www.eldiario.net\\\/portal\\\/2025\\\/09\\\/29\\\/mas-de-200-expertos-en-inteligencia-artificial-instan-a-establecer-lineas-rojas-antes-de-2026\\\/\"},\"author\":{\"name\":\"Jeanette\",\"@id\":\"https:\\\/\\\/www.eldiario.net\\\/portal\\\/#\\\/schema\\\/person\\\/2c57cf2b7a7ae032e449e4c9b1019eac\"},\"headline\":\"M\u00e1s de 200 expertos en inteligencia artificial instan a establecer \u201cl\u00edneas rojas\u201d antes de 2026\",\"datePublished\":\"2025-09-29T04:56:11+00:00\",\"mainEntityOfPage\":{\"@id\":\"https:\\\/\\\/www.eldiario.net\\\/portal\\\/2025\\\/09\\\/29\\\/mas-de-200-expertos-en-inteligencia-artificial-instan-a-establecer-lineas-rojas-antes-de-2026\\\/\"},\"wordCount\":501,\"publisher\":{\"@id\":\"https:\\\/\\\/www.eldiario.net\\\/portal\\\/#organization\"},\"image\":{\"@id\":\"https:\\\/\\\/www.eldiario.net\\\/portal\\\/2025\\\/09\\\/29\\\/mas-de-200-expertos-en-inteligencia-artificial-instan-a-establecer-lineas-rojas-antes-de-2026\\\/#primaryimage\"},\"thumbnailUrl\":\"https:\\\/\\\/www.eldiario.net\\\/portal\\\/wp-content\\\/uploads\\\/2025\\\/09\\\/8-A-2.webp\",\"articleSection\":[\"Ciencia y Computaci\u00f3n\"],\"inLanguage\":\"es\"},{\"@type\":\"WebPage\",\"@id\":\"https:\\\/\\\/www.eldiario.net\\\/portal\\\/2025\\\/09\\\/29\\\/mas-de-200-expertos-en-inteligencia-artificial-instan-a-establecer-lineas-rojas-antes-de-2026\\\/\",\"url\":\"https:\\\/\\\/www.eldiario.net\\\/portal\\\/2025\\\/09\\\/29\\\/mas-de-200-expertos-en-inteligencia-artificial-instan-a-establecer-lineas-rojas-antes-de-2026\\\/\",\"name\":\"M\u00e1s de 200 expertos en inteligencia artificial instan a establecer \u201cl\u00edneas rojas\u201d antes de 2026 - El Diario - Bolivia\",\"isPartOf\":{\"@id\":\"https:\\\/\\\/www.eldiario.net\\\/portal\\\/#website\"},\"primaryImageOfPage\":{\"@id\":\"https:\\\/\\\/www.eldiario.net\\\/portal\\\/2025\\\/09\\\/29\\\/mas-de-200-expertos-en-inteligencia-artificial-instan-a-establecer-lineas-rojas-antes-de-2026\\\/#primaryimage\"},\"image\":{\"@id\":\"https:\\\/\\\/www.eldiario.net\\\/portal\\\/2025\\\/09\\\/29\\\/mas-de-200-expertos-en-inteligencia-artificial-instan-a-establecer-lineas-rojas-antes-de-2026\\\/#primaryimage\"},\"thumbnailUrl\":\"https:\\\/\\\/www.eldiario.net\\\/portal\\\/wp-content\\\/uploads\\\/2025\\\/09\\\/8-A-2.webp\",\"datePublished\":\"2025-09-29T04:56:11+00:00\",\"breadcrumb\":{\"@id\":\"https:\\\/\\\/www.eldiario.net\\\/portal\\\/2025\\\/09\\\/29\\\/mas-de-200-expertos-en-inteligencia-artificial-instan-a-establecer-lineas-rojas-antes-de-2026\\\/#breadcrumb\"},\"inLanguage\":\"es\",\"potentialAction\":[{\"@type\":\"ReadAction\",\"target\":[\"https:\\\/\\\/www.eldiario.net\\\/portal\\\/2025\\\/09\\\/29\\\/mas-de-200-expertos-en-inteligencia-artificial-instan-a-establecer-lineas-rojas-antes-de-2026\\\/\"]}]},{\"@type\":\"ImageObject\",\"inLanguage\":\"es\",\"@id\":\"https:\\\/\\\/www.eldiario.net\\\/portal\\\/2025\\\/09\\\/29\\\/mas-de-200-expertos-en-inteligencia-artificial-instan-a-establecer-lineas-rojas-antes-de-2026\\\/#primaryimage\",\"url\":\"https:\\\/\\\/www.eldiario.net\\\/portal\\\/wp-content\\\/uploads\\\/2025\\\/09\\\/8-A-2.webp\",\"contentUrl\":\"https:\\\/\\\/www.eldiario.net\\\/portal\\\/wp-content\\\/uploads\\\/2025\\\/09\\\/8-A-2.webp\",\"width\":1229,\"height\":819},{\"@type\":\"BreadcrumbList\",\"@id\":\"https:\\\/\\\/www.eldiario.net\\\/portal\\\/2025\\\/09\\\/29\\\/mas-de-200-expertos-en-inteligencia-artificial-instan-a-establecer-lineas-rojas-antes-de-2026\\\/#breadcrumb\",\"itemListElement\":[{\"@type\":\"ListItem\",\"position\":1,\"name\":\"Portada\",\"item\":\"https:\\\/\\\/www.eldiario.net\\\/portal\\\/\"},{\"@type\":\"ListItem\",\"position\":2,\"name\":\"M\u00e1s de 200 expertos en inteligencia artificial instan a establecer \u201cl\u00edneas rojas\u201d antes de 2026\"}]},{\"@type\":\"WebSite\",\"@id\":\"https:\\\/\\\/www.eldiario.net\\\/portal\\\/#website\",\"url\":\"https:\\\/\\\/www.eldiario.net\\\/portal\\\/\",\"name\":\"El Diario - Decano de la prensa nacional\",\"description\":\"El Diario - Decano de la prensa nacional\",\"publisher\":{\"@id\":\"https:\\\/\\\/www.eldiario.net\\\/portal\\\/#organization\"},\"potentialAction\":[{\"@type\":\"SearchAction\",\"target\":{\"@type\":\"EntryPoint\",\"urlTemplate\":\"https:\\\/\\\/www.eldiario.net\\\/portal\\\/?s={search_term_string}\"},\"query-input\":{\"@type\":\"PropertyValueSpecification\",\"valueRequired\":true,\"valueName\":\"search_term_string\"}}],\"inLanguage\":\"es\"},{\"@type\":\"Organization\",\"@id\":\"https:\\\/\\\/www.eldiario.net\\\/portal\\\/#organization\",\"name\":\"El Diario - Decano de la prensa nacional\",\"url\":\"https:\\\/\\\/www.eldiario.net\\\/portal\\\/\",\"logo\":{\"@type\":\"ImageObject\",\"inLanguage\":\"es\",\"@id\":\"https:\\\/\\\/www.eldiario.net\\\/portal\\\/#\\\/schema\\\/logo\\\/image\\\/\",\"url\":\"https:\\\/\\\/www.eldiario.net\\\/portal\\\/wp-content\\\/uploads\\\/2023\\\/07\\\/logo_ED.jpg\",\"contentUrl\":\"https:\\\/\\\/www.eldiario.net\\\/portal\\\/wp-content\\\/uploads\\\/2023\\\/07\\\/logo_ED.jpg\",\"width\":272,\"height\":52,\"caption\":\"El Diario - Decano de la prensa nacional\"},\"image\":{\"@id\":\"https:\\\/\\\/www.eldiario.net\\\/portal\\\/#\\\/schema\\\/logo\\\/image\\\/\"},\"sameAs\":[\"https:\\\/\\\/www.facebook.com\\\/eldiario.bolivia\\\/\",\"https:\\\/\\\/x.com\\\/eldiario_net\"]},{\"@type\":\"Person\",\"@id\":\"https:\\\/\\\/www.eldiario.net\\\/portal\\\/#\\\/schema\\\/person\\\/2c57cf2b7a7ae032e449e4c9b1019eac\",\"name\":\"Jeanette\",\"image\":{\"@type\":\"ImageObject\",\"inLanguage\":\"es\",\"@id\":\"https:\\\/\\\/secure.gravatar.com\\\/avatar\\\/3ea2118a5f7dad2b7138b1187a6b7ee55f160b9968b66013c3a3ef39dd7e5798?s=96&d=mm&r=g\",\"url\":\"https:\\\/\\\/secure.gravatar.com\\\/avatar\\\/3ea2118a5f7dad2b7138b1187a6b7ee55f160b9968b66013c3a3ef39dd7e5798?s=96&d=mm&r=g\",\"contentUrl\":\"https:\\\/\\\/secure.gravatar.com\\\/avatar\\\/3ea2118a5f7dad2b7138b1187a6b7ee55f160b9968b66013c3a3ef39dd7e5798?s=96&d=mm&r=g\",\"caption\":\"Jeanette\"},\"sameAs\":[\"https:\\\/\\\/www.eldiario.net\\\/portal\"],\"url\":\"https:\\\/\\\/www.eldiario.net\\\/portal\\\/author\\\/jeanette\\\/\"}]}<\/script>\n<!-- \/ Yoast SEO plugin. -->","yoast_head_json":{"title":"M\u00e1s de 200 expertos en inteligencia artificial instan a establecer \u201cl\u00edneas rojas\u201d antes de 2026 - El Diario - Bolivia","robots":{"index":"index","follow":"follow","max-snippet":"max-snippet:-1","max-image-preview":"max-image-preview:large","max-video-preview":"max-video-preview:-1"},"canonical":"https:\/\/www.eldiario.net\/portal\/2025\/09\/29\/mas-de-200-expertos-en-inteligencia-artificial-instan-a-establecer-lineas-rojas-antes-de-2026\/","og_locale":"es_ES","og_type":"article","og_title":"M\u00e1s de 200 expertos en inteligencia artificial instan a establecer \u201cl\u00edneas rojas\u201d antes de 2026 - El Diario - Bolivia","og_description":"Un grupo de m\u00e1s de 200 cient\u00edficos, diplom\u00e1ticos, l\u00edderes tecnol\u00f3gicos y premios Nobel ha emitido un llamado global para establecer l\u00edmites claros en el desarrollo de la inteligencia artificial. En una carta dirigida a la Organizaci\u00f3n de las Naciones Unidas, los firmantes solicitan la creaci\u00f3n de un organismo internacional que supervise y regule el avance [&hellip;]","og_url":"https:\/\/www.eldiario.net\/portal\/2025\/09\/29\/mas-de-200-expertos-en-inteligencia-artificial-instan-a-establecer-lineas-rojas-antes-de-2026\/","og_site_name":"El Diario - Bolivia","article_publisher":"https:\/\/www.facebook.com\/eldiario.bolivia\/","article_published_time":"2025-09-29T04:56:11+00:00","og_image":[{"width":1229,"height":819,"url":"https:\/\/www.eldiario.net\/portal\/wp-content\/uploads\/2025\/09\/8-A-2.webp","type":"image\/webp"}],"author":"Jeanette","twitter_card":"summary_large_image","twitter_creator":"@eldiario_net","twitter_site":"@eldiario_net","twitter_misc":{"Escrito por":"Jeanette","Tiempo de lectura":"3 minutos"},"schema":{"@context":"https:\/\/schema.org","@graph":[{"@type":"Article","@id":"https:\/\/www.eldiario.net\/portal\/2025\/09\/29\/mas-de-200-expertos-en-inteligencia-artificial-instan-a-establecer-lineas-rojas-antes-de-2026\/#article","isPartOf":{"@id":"https:\/\/www.eldiario.net\/portal\/2025\/09\/29\/mas-de-200-expertos-en-inteligencia-artificial-instan-a-establecer-lineas-rojas-antes-de-2026\/"},"author":{"name":"Jeanette","@id":"https:\/\/www.eldiario.net\/portal\/#\/schema\/person\/2c57cf2b7a7ae032e449e4c9b1019eac"},"headline":"M\u00e1s de 200 expertos en inteligencia artificial instan a establecer \u201cl\u00edneas rojas\u201d antes de 2026","datePublished":"2025-09-29T04:56:11+00:00","mainEntityOfPage":{"@id":"https:\/\/www.eldiario.net\/portal\/2025\/09\/29\/mas-de-200-expertos-en-inteligencia-artificial-instan-a-establecer-lineas-rojas-antes-de-2026\/"},"wordCount":501,"publisher":{"@id":"https:\/\/www.eldiario.net\/portal\/#organization"},"image":{"@id":"https:\/\/www.eldiario.net\/portal\/2025\/09\/29\/mas-de-200-expertos-en-inteligencia-artificial-instan-a-establecer-lineas-rojas-antes-de-2026\/#primaryimage"},"thumbnailUrl":"https:\/\/www.eldiario.net\/portal\/wp-content\/uploads\/2025\/09\/8-A-2.webp","articleSection":["Ciencia y Computaci\u00f3n"],"inLanguage":"es"},{"@type":"WebPage","@id":"https:\/\/www.eldiario.net\/portal\/2025\/09\/29\/mas-de-200-expertos-en-inteligencia-artificial-instan-a-establecer-lineas-rojas-antes-de-2026\/","url":"https:\/\/www.eldiario.net\/portal\/2025\/09\/29\/mas-de-200-expertos-en-inteligencia-artificial-instan-a-establecer-lineas-rojas-antes-de-2026\/","name":"M\u00e1s de 200 expertos en inteligencia artificial instan a establecer \u201cl\u00edneas rojas\u201d antes de 2026 - El Diario - Bolivia","isPartOf":{"@id":"https:\/\/www.eldiario.net\/portal\/#website"},"primaryImageOfPage":{"@id":"https:\/\/www.eldiario.net\/portal\/2025\/09\/29\/mas-de-200-expertos-en-inteligencia-artificial-instan-a-establecer-lineas-rojas-antes-de-2026\/#primaryimage"},"image":{"@id":"https:\/\/www.eldiario.net\/portal\/2025\/09\/29\/mas-de-200-expertos-en-inteligencia-artificial-instan-a-establecer-lineas-rojas-antes-de-2026\/#primaryimage"},"thumbnailUrl":"https:\/\/www.eldiario.net\/portal\/wp-content\/uploads\/2025\/09\/8-A-2.webp","datePublished":"2025-09-29T04:56:11+00:00","breadcrumb":{"@id":"https:\/\/www.eldiario.net\/portal\/2025\/09\/29\/mas-de-200-expertos-en-inteligencia-artificial-instan-a-establecer-lineas-rojas-antes-de-2026\/#breadcrumb"},"inLanguage":"es","potentialAction":[{"@type":"ReadAction","target":["https:\/\/www.eldiario.net\/portal\/2025\/09\/29\/mas-de-200-expertos-en-inteligencia-artificial-instan-a-establecer-lineas-rojas-antes-de-2026\/"]}]},{"@type":"ImageObject","inLanguage":"es","@id":"https:\/\/www.eldiario.net\/portal\/2025\/09\/29\/mas-de-200-expertos-en-inteligencia-artificial-instan-a-establecer-lineas-rojas-antes-de-2026\/#primaryimage","url":"https:\/\/www.eldiario.net\/portal\/wp-content\/uploads\/2025\/09\/8-A-2.webp","contentUrl":"https:\/\/www.eldiario.net\/portal\/wp-content\/uploads\/2025\/09\/8-A-2.webp","width":1229,"height":819},{"@type":"BreadcrumbList","@id":"https:\/\/www.eldiario.net\/portal\/2025\/09\/29\/mas-de-200-expertos-en-inteligencia-artificial-instan-a-establecer-lineas-rojas-antes-de-2026\/#breadcrumb","itemListElement":[{"@type":"ListItem","position":1,"name":"Portada","item":"https:\/\/www.eldiario.net\/portal\/"},{"@type":"ListItem","position":2,"name":"M\u00e1s de 200 expertos en inteligencia artificial instan a establecer \u201cl\u00edneas rojas\u201d antes de 2026"}]},{"@type":"WebSite","@id":"https:\/\/www.eldiario.net\/portal\/#website","url":"https:\/\/www.eldiario.net\/portal\/","name":"El Diario - Decano de la prensa nacional","description":"El Diario - Decano de la prensa nacional","publisher":{"@id":"https:\/\/www.eldiario.net\/portal\/#organization"},"potentialAction":[{"@type":"SearchAction","target":{"@type":"EntryPoint","urlTemplate":"https:\/\/www.eldiario.net\/portal\/?s={search_term_string}"},"query-input":{"@type":"PropertyValueSpecification","valueRequired":true,"valueName":"search_term_string"}}],"inLanguage":"es"},{"@type":"Organization","@id":"https:\/\/www.eldiario.net\/portal\/#organization","name":"El Diario - Decano de la prensa nacional","url":"https:\/\/www.eldiario.net\/portal\/","logo":{"@type":"ImageObject","inLanguage":"es","@id":"https:\/\/www.eldiario.net\/portal\/#\/schema\/logo\/image\/","url":"https:\/\/www.eldiario.net\/portal\/wp-content\/uploads\/2023\/07\/logo_ED.jpg","contentUrl":"https:\/\/www.eldiario.net\/portal\/wp-content\/uploads\/2023\/07\/logo_ED.jpg","width":272,"height":52,"caption":"El Diario - Decano de la prensa nacional"},"image":{"@id":"https:\/\/www.eldiario.net\/portal\/#\/schema\/logo\/image\/"},"sameAs":["https:\/\/www.facebook.com\/eldiario.bolivia\/","https:\/\/x.com\/eldiario_net"]},{"@type":"Person","@id":"https:\/\/www.eldiario.net\/portal\/#\/schema\/person\/2c57cf2b7a7ae032e449e4c9b1019eac","name":"Jeanette","image":{"@type":"ImageObject","inLanguage":"es","@id":"https:\/\/secure.gravatar.com\/avatar\/3ea2118a5f7dad2b7138b1187a6b7ee55f160b9968b66013c3a3ef39dd7e5798?s=96&d=mm&r=g","url":"https:\/\/secure.gravatar.com\/avatar\/3ea2118a5f7dad2b7138b1187a6b7ee55f160b9968b66013c3a3ef39dd7e5798?s=96&d=mm&r=g","contentUrl":"https:\/\/secure.gravatar.com\/avatar\/3ea2118a5f7dad2b7138b1187a6b7ee55f160b9968b66013c3a3ef39dd7e5798?s=96&d=mm&r=g","caption":"Jeanette"},"sameAs":["https:\/\/www.eldiario.net\/portal"],"url":"https:\/\/www.eldiario.net\/portal\/author\/jeanette\/"}]}},"_links":{"self":[{"href":"https:\/\/www.eldiario.net\/portal\/wp-json\/wp\/v2\/posts\/334533","targetHints":{"allow":["GET"]}}],"collection":[{"href":"https:\/\/www.eldiario.net\/portal\/wp-json\/wp\/v2\/posts"}],"about":[{"href":"https:\/\/www.eldiario.net\/portal\/wp-json\/wp\/v2\/types\/post"}],"author":[{"embeddable":true,"href":"https:\/\/www.eldiario.net\/portal\/wp-json\/wp\/v2\/users\/1"}],"replies":[{"embeddable":true,"href":"https:\/\/www.eldiario.net\/portal\/wp-json\/wp\/v2\/comments?post=334533"}],"version-history":[{"count":1,"href":"https:\/\/www.eldiario.net\/portal\/wp-json\/wp\/v2\/posts\/334533\/revisions"}],"predecessor-version":[{"id":334535,"href":"https:\/\/www.eldiario.net\/portal\/wp-json\/wp\/v2\/posts\/334533\/revisions\/334535"}],"wp:featuredmedia":[{"embeddable":true,"href":"https:\/\/www.eldiario.net\/portal\/wp-json\/wp\/v2\/media\/334534"}],"wp:attachment":[{"href":"https:\/\/www.eldiario.net\/portal\/wp-json\/wp\/v2\/media?parent=334533"}],"wp:term":[{"taxonomy":"category","embeddable":true,"href":"https:\/\/www.eldiario.net\/portal\/wp-json\/wp\/v2\/categories?post=334533"},{"taxonomy":"post_tag","embeddable":true,"href":"https:\/\/www.eldiario.net\/portal\/wp-json\/wp\/v2\/tags?post=334533"}],"curies":[{"name":"wp","href":"https:\/\/api.w.org\/{rel}","templated":true}]}}