{"id":334124,"date":"2025-09-27T00:26:24","date_gmt":"2025-09-27T04:26:24","guid":{"rendered":"https:\/\/www.eldiario.net\/portal\/?p=334124"},"modified":"2025-09-26T21:26:59","modified_gmt":"2025-09-27T01:26:59","slug":"como-disminuir-las-ganas-de-beber-2","status":"publish","type":"post","link":"https:\/\/www.eldiario.net\/portal\/2025\/09\/27\/como-disminuir-las-ganas-de-beber-2\/","title":{"rendered":"C\u00f3mo disminuir las ganas de beber"},"content":{"rendered":"<p>Las palabras del d\u00eda:<\/p>\n<p>\u201cCualquier recurso o herramienta mental que pueda disminuir el dolor de la familia o de las personas que beben deber\u00eda ser probado, pues es solo un ejercicio mental\u201d.<\/p>\n<p>Los impulsos de beber suelen provenir de im\u00e1genes mentales conscientes o subconscientes y pueden atenuarse de la siguiente manera: cuando descubrimos una imagen mental que nos incita a beber podemos pintar mentalmente esa imagen con el color celeste intenso y brillante, debemos darle la vuelta a la imagen y pintarle la otra cara de color rosa o rosado suave y una vez pintada la imagen con estos dos colores, procede a darle una orden mental que diga: \u201cimagen mental, vu\u00e9lvete peque\u00f1ita, m\u00e1s peque\u00f1ita\u201d.<br \/>\nHay que repetir el ejercicio varias veces sobre todo cuando vienen los deseos de beber.<br \/>\nHay un principio en programaci\u00f3n neuroling\u00fc\u00edstica que dice: si se cambia la estructura de una imagen, cambia el significado de la imagen y en consecuencia, cambia la compulsi\u00f3n.<br \/>\nCualquier persona que con sinceridad desee disminuir su deseo de beber, puede hacer el ejercicio y ver si funciona; as\u00ed que ya lo sabe, puede utilizarse el ejercicio para disminuir cualquier deseo compulsivo de beber y funciona en la medida en que se practique el ejercicio y si tiene alg\u00fan pariente o amigo al que quisiera ayudar puede hacerle llegar este art\u00edculo.<br \/>\nAs\u00ed que ya lo sabe, si pinta sus im\u00e1genes indeseables de la forma en que hoy estamos aprendiendo, podr\u00e1 modificar sus experiencias dolorosas o sus recuerdos dolorosos que le lastimen el alma. Nos vemos en los siguientes art\u00edculos que ser\u00e1 publicado en su peri\u00f3dico preferido, EL DIARIO de Bolivia.<\/p>\n","protected":false},"excerpt":{"rendered":"<p>Las palabras del d\u00eda: \u201cCualquier recurso o herramienta mental que pueda disminuir el dolor de la familia o de las personas que beben deber\u00eda ser probado, pues es solo un ejercicio mental\u201d. Los impulsos de beber suelen provenir de im\u00e1genes mentales conscientes o subconscientes y pueden atenuarse de la siguiente manera: cuando descubrimos una imagen [&hellip;]<\/p>\n","protected":false},"author":1,"featured_media":276391,"comment_status":"closed","ping_status":"open","sticky":false,"template":"","format":"standard","meta":{"_acf_changed":false,"footnotes":""},"categories":[8],"tags":[],"class_list":["post-334124","post","type-post","status-publish","format-standard","has-post-thumbnail","category-cultural"],"acf":{"antetitulo":""},"yoast_head":"<!-- This site is optimized with the Yoast SEO plugin v28.4 - https:\/\/yoast.com\/product\/yoast-seo-wordpress\/ -->\n<title>C\u00f3mo disminuir las ganas de beber - El Diario - Bolivia<\/title>\n<meta name=\"robots\" content=\"index, follow, max-snippet:-1, max-image-preview:large, max-video-preview:-1\" \/>\n<link rel=\"canonical\" href=\"https:\/\/www.eldiario.net\/portal\/2025\/09\/27\/como-disminuir-las-ganas-de-beber-2\/\" \/>\n<meta property=\"og:locale\" content=\"es_ES\" \/>\n<meta property=\"og:type\" content=\"article\" \/>\n<meta property=\"og:title\" content=\"C\u00f3mo disminuir las ganas de beber - El Diario - Bolivia\" \/>\n<meta property=\"og:description\" content=\"Las palabras del d\u00eda: \u201cCualquier recurso o herramienta mental que pueda disminuir el dolor de la familia o de las personas que beben deber\u00eda ser probado, pues es solo un ejercicio mental\u201d. Los impulsos de beber suelen provenir de im\u00e1genes mentales conscientes o subconscientes y pueden atenuarse de la siguiente manera: cuando descubrimos una imagen [&hellip;]\" \/>\n<meta property=\"og:url\" content=\"https:\/\/www.eldiario.net\/portal\/2025\/09\/27\/como-disminuir-las-ganas-de-beber-2\/\" \/>\n<meta property=\"og:site_name\" content=\"El Diario - Bolivia\" \/>\n<meta property=\"article:publisher\" content=\"https:\/\/www.facebook.com\/eldiario.bolivia\/\" \/>\n<meta property=\"article:published_time\" content=\"2025-09-27T04:26:24+00:00\" \/>\n<meta property=\"og:image\" content=\"https:\/\/www.eldiario.net\/portal\/wp-content\/uploads\/2025\/01\/Eduardo-Kucharsky-Asport-2.jpg\" \/>\n\t<meta property=\"og:image:width\" content=\"896\" \/>\n\t<meta property=\"og:image:height\" content=\"687\" \/>\n\t<meta property=\"og:image:type\" content=\"image\/jpeg\" \/>\n<meta name=\"author\" content=\"Jeanette\" \/>\n<meta name=\"twitter:card\" content=\"summary_large_image\" \/>\n<meta name=\"twitter:creator\" content=\"@eldiario_net\" \/>\n<meta name=\"twitter:site\" content=\"@eldiario_net\" \/>\n<meta name=\"twitter:label1\" content=\"Escrito por\" \/>\n\t<meta name=\"twitter:data1\" content=\"Jeanette\" \/>\n\t<meta name=\"twitter:label2\" content=\"Tiempo de lectura\" \/>\n\t<meta name=\"twitter:data2\" content=\"2 minutos\" \/>\n<script type=\"application\/ld+json\" class=\"yoast-schema-graph\">{\"@context\":\"https:\\\/\\\/schema.org\",\"@graph\":[{\"@type\":\"Article\",\"@id\":\"https:\\\/\\\/www.eldiario.net\\\/portal\\\/2025\\\/09\\\/27\\\/como-disminuir-las-ganas-de-beber-2\\\/#article\",\"isPartOf\":{\"@id\":\"https:\\\/\\\/www.eldiario.net\\\/portal\\\/2025\\\/09\\\/27\\\/como-disminuir-las-ganas-de-beber-2\\\/\"},\"author\":{\"name\":\"Jeanette\",\"@id\":\"https:\\\/\\\/www.eldiario.net\\\/portal\\\/#\\\/schema\\\/person\\\/2c57cf2b7a7ae032e449e4c9b1019eac\"},\"headline\":\"C\u00f3mo disminuir las ganas de beber\",\"datePublished\":\"2025-09-27T04:26:24+00:00\",\"mainEntityOfPage\":{\"@id\":\"https:\\\/\\\/www.eldiario.net\\\/portal\\\/2025\\\/09\\\/27\\\/como-disminuir-las-ganas-de-beber-2\\\/\"},\"wordCount\":291,\"publisher\":{\"@id\":\"https:\\\/\\\/www.eldiario.net\\\/portal\\\/#organization\"},\"image\":{\"@id\":\"https:\\\/\\\/www.eldiario.net\\\/portal\\\/2025\\\/09\\\/27\\\/como-disminuir-las-ganas-de-beber-2\\\/#primaryimage\"},\"thumbnailUrl\":\"https:\\\/\\\/www.eldiario.net\\\/portal\\\/wp-content\\\/uploads\\\/2025\\\/01\\\/Eduardo-Kucharsky-Asport-2.jpg\",\"articleSection\":[\"Cultural\"],\"inLanguage\":\"es\"},{\"@type\":\"WebPage\",\"@id\":\"https:\\\/\\\/www.eldiario.net\\\/portal\\\/2025\\\/09\\\/27\\\/como-disminuir-las-ganas-de-beber-2\\\/\",\"url\":\"https:\\\/\\\/www.eldiario.net\\\/portal\\\/2025\\\/09\\\/27\\\/como-disminuir-las-ganas-de-beber-2\\\/\",\"name\":\"C\u00f3mo disminuir las ganas de beber - El Diario - Bolivia\",\"isPartOf\":{\"@id\":\"https:\\\/\\\/www.eldiario.net\\\/portal\\\/#website\"},\"primaryImageOfPage\":{\"@id\":\"https:\\\/\\\/www.eldiario.net\\\/portal\\\/2025\\\/09\\\/27\\\/como-disminuir-las-ganas-de-beber-2\\\/#primaryimage\"},\"image\":{\"@id\":\"https:\\\/\\\/www.eldiario.net\\\/portal\\\/2025\\\/09\\\/27\\\/como-disminuir-las-ganas-de-beber-2\\\/#primaryimage\"},\"thumbnailUrl\":\"https:\\\/\\\/www.eldiario.net\\\/portal\\\/wp-content\\\/uploads\\\/2025\\\/01\\\/Eduardo-Kucharsky-Asport-2.jpg\",\"datePublished\":\"2025-09-27T04:26:24+00:00\",\"breadcrumb\":{\"@id\":\"https:\\\/\\\/www.eldiario.net\\\/portal\\\/2025\\\/09\\\/27\\\/como-disminuir-las-ganas-de-beber-2\\\/#breadcrumb\"},\"inLanguage\":\"es\",\"potentialAction\":[{\"@type\":\"ReadAction\",\"target\":[\"https:\\\/\\\/www.eldiario.net\\\/portal\\\/2025\\\/09\\\/27\\\/como-disminuir-las-ganas-de-beber-2\\\/\"]}]},{\"@type\":\"ImageObject\",\"inLanguage\":\"es\",\"@id\":\"https:\\\/\\\/www.eldiario.net\\\/portal\\\/2025\\\/09\\\/27\\\/como-disminuir-las-ganas-de-beber-2\\\/#primaryimage\",\"url\":\"https:\\\/\\\/www.eldiario.net\\\/portal\\\/wp-content\\\/uploads\\\/2025\\\/01\\\/Eduardo-Kucharsky-Asport-2.jpg\",\"contentUrl\":\"https:\\\/\\\/www.eldiario.net\\\/portal\\\/wp-content\\\/uploads\\\/2025\\\/01\\\/Eduardo-Kucharsky-Asport-2.jpg\",\"width\":896,\"height\":687,\"caption\":\"Eduar\u00addo Ku\u00adcharsky As\u00adport\"},{\"@type\":\"BreadcrumbList\",\"@id\":\"https:\\\/\\\/www.eldiario.net\\\/portal\\\/2025\\\/09\\\/27\\\/como-disminuir-las-ganas-de-beber-2\\\/#breadcrumb\",\"itemListElement\":[{\"@type\":\"ListItem\",\"position\":1,\"name\":\"Portada\",\"item\":\"https:\\\/\\\/www.eldiario.net\\\/portal\\\/\"},{\"@type\":\"ListItem\",\"position\":2,\"name\":\"C\u00f3mo disminuir las ganas de beber\"}]},{\"@type\":\"WebSite\",\"@id\":\"https:\\\/\\\/www.eldiario.net\\\/portal\\\/#website\",\"url\":\"https:\\\/\\\/www.eldiario.net\\\/portal\\\/\",\"name\":\"El Diario - Decano de la prensa nacional\",\"description\":\"El Diario - Decano de la prensa nacional\",\"publisher\":{\"@id\":\"https:\\\/\\\/www.eldiario.net\\\/portal\\\/#organization\"},\"potentialAction\":[{\"@type\":\"SearchAction\",\"target\":{\"@type\":\"EntryPoint\",\"urlTemplate\":\"https:\\\/\\\/www.eldiario.net\\\/portal\\\/?s={search_term_string}\"},\"query-input\":{\"@type\":\"PropertyValueSpecification\",\"valueRequired\":true,\"valueName\":\"search_term_string\"}}],\"inLanguage\":\"es\"},{\"@type\":\"Organization\",\"@id\":\"https:\\\/\\\/www.eldiario.net\\\/portal\\\/#organization\",\"name\":\"El Diario - Decano de la prensa nacional\",\"url\":\"https:\\\/\\\/www.eldiario.net\\\/portal\\\/\",\"logo\":{\"@type\":\"ImageObject\",\"inLanguage\":\"es\",\"@id\":\"https:\\\/\\\/www.eldiario.net\\\/portal\\\/#\\\/schema\\\/logo\\\/image\\\/\",\"url\":\"https:\\\/\\\/www.eldiario.net\\\/portal\\\/wp-content\\\/uploads\\\/2023\\\/07\\\/logo_ED.jpg\",\"contentUrl\":\"https:\\\/\\\/www.eldiario.net\\\/portal\\\/wp-content\\\/uploads\\\/2023\\\/07\\\/logo_ED.jpg\",\"width\":272,\"height\":52,\"caption\":\"El Diario - Decano de la prensa nacional\"},\"image\":{\"@id\":\"https:\\\/\\\/www.eldiario.net\\\/portal\\\/#\\\/schema\\\/logo\\\/image\\\/\"},\"sameAs\":[\"https:\\\/\\\/www.facebook.com\\\/eldiario.bolivia\\\/\",\"https:\\\/\\\/x.com\\\/eldiario_net\"]},{\"@type\":\"Person\",\"@id\":\"https:\\\/\\\/www.eldiario.net\\\/portal\\\/#\\\/schema\\\/person\\\/2c57cf2b7a7ae032e449e4c9b1019eac\",\"name\":\"Jeanette\",\"image\":{\"@type\":\"ImageObject\",\"inLanguage\":\"es\",\"@id\":\"https:\\\/\\\/secure.gravatar.com\\\/avatar\\\/3ea2118a5f7dad2b7138b1187a6b7ee55f160b9968b66013c3a3ef39dd7e5798?s=96&d=mm&r=g\",\"url\":\"https:\\\/\\\/secure.gravatar.com\\\/avatar\\\/3ea2118a5f7dad2b7138b1187a6b7ee55f160b9968b66013c3a3ef39dd7e5798?s=96&d=mm&r=g\",\"contentUrl\":\"https:\\\/\\\/secure.gravatar.com\\\/avatar\\\/3ea2118a5f7dad2b7138b1187a6b7ee55f160b9968b66013c3a3ef39dd7e5798?s=96&d=mm&r=g\",\"caption\":\"Jeanette\"},\"sameAs\":[\"https:\\\/\\\/www.eldiario.net\\\/portal\"],\"url\":\"https:\\\/\\\/www.eldiario.net\\\/portal\\\/author\\\/jeanette\\\/\"}]}<\/script>\n<!-- \/ Yoast SEO plugin. -->","yoast_head_json":{"title":"C\u00f3mo disminuir las ganas de beber - El Diario - Bolivia","robots":{"index":"index","follow":"follow","max-snippet":"max-snippet:-1","max-image-preview":"max-image-preview:large","max-video-preview":"max-video-preview:-1"},"canonical":"https:\/\/www.eldiario.net\/portal\/2025\/09\/27\/como-disminuir-las-ganas-de-beber-2\/","og_locale":"es_ES","og_type":"article","og_title":"C\u00f3mo disminuir las ganas de beber - El Diario - Bolivia","og_description":"Las palabras del d\u00eda: \u201cCualquier recurso o herramienta mental que pueda disminuir el dolor de la familia o de las personas que beben deber\u00eda ser probado, pues es solo un ejercicio mental\u201d. Los impulsos de beber suelen provenir de im\u00e1genes mentales conscientes o subconscientes y pueden atenuarse de la siguiente manera: cuando descubrimos una imagen [&hellip;]","og_url":"https:\/\/www.eldiario.net\/portal\/2025\/09\/27\/como-disminuir-las-ganas-de-beber-2\/","og_site_name":"El Diario - Bolivia","article_publisher":"https:\/\/www.facebook.com\/eldiario.bolivia\/","article_published_time":"2025-09-27T04:26:24+00:00","og_image":[{"width":896,"height":687,"url":"https:\/\/www.eldiario.net\/portal\/wp-content\/uploads\/2025\/01\/Eduardo-Kucharsky-Asport-2.jpg","type":"image\/jpeg"}],"author":"Jeanette","twitter_card":"summary_large_image","twitter_creator":"@eldiario_net","twitter_site":"@eldiario_net","twitter_misc":{"Escrito por":"Jeanette","Tiempo de lectura":"2 minutos"},"schema":{"@context":"https:\/\/schema.org","@graph":[{"@type":"Article","@id":"https:\/\/www.eldiario.net\/portal\/2025\/09\/27\/como-disminuir-las-ganas-de-beber-2\/#article","isPartOf":{"@id":"https:\/\/www.eldiario.net\/portal\/2025\/09\/27\/como-disminuir-las-ganas-de-beber-2\/"},"author":{"name":"Jeanette","@id":"https:\/\/www.eldiario.net\/portal\/#\/schema\/person\/2c57cf2b7a7ae032e449e4c9b1019eac"},"headline":"C\u00f3mo disminuir las ganas de beber","datePublished":"2025-09-27T04:26:24+00:00","mainEntityOfPage":{"@id":"https:\/\/www.eldiario.net\/portal\/2025\/09\/27\/como-disminuir-las-ganas-de-beber-2\/"},"wordCount":291,"publisher":{"@id":"https:\/\/www.eldiario.net\/portal\/#organization"},"image":{"@id":"https:\/\/www.eldiario.net\/portal\/2025\/09\/27\/como-disminuir-las-ganas-de-beber-2\/#primaryimage"},"thumbnailUrl":"https:\/\/www.eldiario.net\/portal\/wp-content\/uploads\/2025\/01\/Eduardo-Kucharsky-Asport-2.jpg","articleSection":["Cultural"],"inLanguage":"es"},{"@type":"WebPage","@id":"https:\/\/www.eldiario.net\/portal\/2025\/09\/27\/como-disminuir-las-ganas-de-beber-2\/","url":"https:\/\/www.eldiario.net\/portal\/2025\/09\/27\/como-disminuir-las-ganas-de-beber-2\/","name":"C\u00f3mo disminuir las ganas de beber - El Diario - Bolivia","isPartOf":{"@id":"https:\/\/www.eldiario.net\/portal\/#website"},"primaryImageOfPage":{"@id":"https:\/\/www.eldiario.net\/portal\/2025\/09\/27\/como-disminuir-las-ganas-de-beber-2\/#primaryimage"},"image":{"@id":"https:\/\/www.eldiario.net\/portal\/2025\/09\/27\/como-disminuir-las-ganas-de-beber-2\/#primaryimage"},"thumbnailUrl":"https:\/\/www.eldiario.net\/portal\/wp-content\/uploads\/2025\/01\/Eduardo-Kucharsky-Asport-2.jpg","datePublished":"2025-09-27T04:26:24+00:00","breadcrumb":{"@id":"https:\/\/www.eldiario.net\/portal\/2025\/09\/27\/como-disminuir-las-ganas-de-beber-2\/#breadcrumb"},"inLanguage":"es","potentialAction":[{"@type":"ReadAction","target":["https:\/\/www.eldiario.net\/portal\/2025\/09\/27\/como-disminuir-las-ganas-de-beber-2\/"]}]},{"@type":"ImageObject","inLanguage":"es","@id":"https:\/\/www.eldiario.net\/portal\/2025\/09\/27\/como-disminuir-las-ganas-de-beber-2\/#primaryimage","url":"https:\/\/www.eldiario.net\/portal\/wp-content\/uploads\/2025\/01\/Eduardo-Kucharsky-Asport-2.jpg","contentUrl":"https:\/\/www.eldiario.net\/portal\/wp-content\/uploads\/2025\/01\/Eduardo-Kucharsky-Asport-2.jpg","width":896,"height":687,"caption":"Eduar\u00addo Ku\u00adcharsky As\u00adport"},{"@type":"BreadcrumbList","@id":"https:\/\/www.eldiario.net\/portal\/2025\/09\/27\/como-disminuir-las-ganas-de-beber-2\/#breadcrumb","itemListElement":[{"@type":"ListItem","position":1,"name":"Portada","item":"https:\/\/www.eldiario.net\/portal\/"},{"@type":"ListItem","position":2,"name":"C\u00f3mo disminuir las ganas de beber"}]},{"@type":"WebSite","@id":"https:\/\/www.eldiario.net\/portal\/#website","url":"https:\/\/www.eldiario.net\/portal\/","name":"El Diario - Decano de la prensa nacional","description":"El Diario - Decano de la prensa nacional","publisher":{"@id":"https:\/\/www.eldiario.net\/portal\/#organization"},"potentialAction":[{"@type":"SearchAction","target":{"@type":"EntryPoint","urlTemplate":"https:\/\/www.eldiario.net\/portal\/?s={search_term_string}"},"query-input":{"@type":"PropertyValueSpecification","valueRequired":true,"valueName":"search_term_string"}}],"inLanguage":"es"},{"@type":"Organization","@id":"https:\/\/www.eldiario.net\/portal\/#organization","name":"El Diario - Decano de la prensa nacional","url":"https:\/\/www.eldiario.net\/portal\/","logo":{"@type":"ImageObject","inLanguage":"es","@id":"https:\/\/www.eldiario.net\/portal\/#\/schema\/logo\/image\/","url":"https:\/\/www.eldiario.net\/portal\/wp-content\/uploads\/2023\/07\/logo_ED.jpg","contentUrl":"https:\/\/www.eldiario.net\/portal\/wp-content\/uploads\/2023\/07\/logo_ED.jpg","width":272,"height":52,"caption":"El Diario - Decano de la prensa nacional"},"image":{"@id":"https:\/\/www.eldiario.net\/portal\/#\/schema\/logo\/image\/"},"sameAs":["https:\/\/www.facebook.com\/eldiario.bolivia\/","https:\/\/x.com\/eldiario_net"]},{"@type":"Person","@id":"https:\/\/www.eldiario.net\/portal\/#\/schema\/person\/2c57cf2b7a7ae032e449e4c9b1019eac","name":"Jeanette","image":{"@type":"ImageObject","inLanguage":"es","@id":"https:\/\/secure.gravatar.com\/avatar\/3ea2118a5f7dad2b7138b1187a6b7ee55f160b9968b66013c3a3ef39dd7e5798?s=96&d=mm&r=g","url":"https:\/\/secure.gravatar.com\/avatar\/3ea2118a5f7dad2b7138b1187a6b7ee55f160b9968b66013c3a3ef39dd7e5798?s=96&d=mm&r=g","contentUrl":"https:\/\/secure.gravatar.com\/avatar\/3ea2118a5f7dad2b7138b1187a6b7ee55f160b9968b66013c3a3ef39dd7e5798?s=96&d=mm&r=g","caption":"Jeanette"},"sameAs":["https:\/\/www.eldiario.net\/portal"],"url":"https:\/\/www.eldiario.net\/portal\/author\/jeanette\/"}]}},"_links":{"self":[{"href":"https:\/\/www.eldiario.net\/portal\/wp-json\/wp\/v2\/posts\/334124","targetHints":{"allow":["GET"]}}],"collection":[{"href":"https:\/\/www.eldiario.net\/portal\/wp-json\/wp\/v2\/posts"}],"about":[{"href":"https:\/\/www.eldiario.net\/portal\/wp-json\/wp\/v2\/types\/post"}],"author":[{"embeddable":true,"href":"https:\/\/www.eldiario.net\/portal\/wp-json\/wp\/v2\/users\/1"}],"replies":[{"embeddable":true,"href":"https:\/\/www.eldiario.net\/portal\/wp-json\/wp\/v2\/comments?post=334124"}],"version-history":[{"count":1,"href":"https:\/\/www.eldiario.net\/portal\/wp-json\/wp\/v2\/posts\/334124\/revisions"}],"predecessor-version":[{"id":334125,"href":"https:\/\/www.eldiario.net\/portal\/wp-json\/wp\/v2\/posts\/334124\/revisions\/334125"}],"wp:featuredmedia":[{"embeddable":true,"href":"https:\/\/www.eldiario.net\/portal\/wp-json\/wp\/v2\/media\/276391"}],"wp:attachment":[{"href":"https:\/\/www.eldiario.net\/portal\/wp-json\/wp\/v2\/media?parent=334124"}],"wp:term":[{"taxonomy":"category","embeddable":true,"href":"https:\/\/www.eldiario.net\/portal\/wp-json\/wp\/v2\/categories?post=334124"},{"taxonomy":"post_tag","embeddable":true,"href":"https:\/\/www.eldiario.net\/portal\/wp-json\/wp\/v2\/tags?post=334124"}],"curies":[{"name":"wp","href":"https:\/\/api.w.org\/{rel}","templated":true}]}}