{"id":334112,"date":"2025-09-27T00:16:07","date_gmt":"2025-09-27T04:16:07","guid":{"rendered":"https:\/\/www.eldiario.net\/portal\/?p=334112"},"modified":"2025-09-26T21:18:20","modified_gmt":"2025-09-27T01:18:20","slug":"se-estrena-en-la-paz-la-comedia-de-suspenso-las-luchonas-invisibles","status":"publish","type":"post","link":"https:\/\/www.eldiario.net\/portal\/2025\/09\/27\/se-estrena-en-la-paz-la-comedia-de-suspenso-las-luchonas-invisibles\/","title":{"rendered":"Se estrena en La Paz la comedia de  suspenso \u201cLas luchonas invisibles\u201d"},"content":{"rendered":"<p>\u201cLas luchonas invisibles\u201d, as\u00ed se llama la nueva y audaz obra teatral de Tamayo Producciones que ser\u00e1 presentada el mi\u00e9rcoles 1 y jueves 2 de octubre, a horas 19:30, en el Espacio K\u00fau Inti (calle 15 de Calacoto, en el Bosque Boulevard, zona sur de la ciudad).<\/p>\n<p>La propuesta esc\u00e9nica combina el suspenso y la comedia en un formato innovador, donde el museo se convierte en una met\u00e1fora de las estructuras que buscan silenciar las luchas de las mujeres.<\/p>\n<p>La obra es una de las ganadoras del FOCUART 2025 en la categor\u00eda Desarrollo Creativo y Producci\u00f3n Art\u00edstica e invitada por el \u201cFestival Mujeres en Escena\u201d, de Cochabamba, en el marco del D\u00eda de la Mujer Boliviana.<\/p>\n<p><strong>SINOPSIS<\/strong><\/p>\n<p>\u00a1El museo est\u00e1 vivo y sus hero\u00ednas han despertado!<\/p>\n<p>Tres mujeres atrapadas en un museo que est\u00e1 a punto de cerrar para siempre, reciben la orden de crear una exposici\u00f3n imposible o todo desaparece. Sin recursos, con deudas y mucho miedo, se ven forzadas a intentarlo. Pero en el proceso, algo se descontrola. Entre secretos, rabia y un humor \u00e1cido, su lucha por sobrevivir se volver\u00e1 peligrosa. En esta lucha Jenifer L\u00f3pez, Juana Azurduy, Lady Di, una enfermera de guerra y Gregoria Apaza cobran vida para ayudarlas en su misi\u00f3n imposible. \u00bfHasta d\u00f3nde se puede llegar para no perderlo todo?<\/p>\n<p><strong>UNA EXPERIENCIA TEATRAL \u00daNICA<\/strong><\/p>\n<p>Seg\u00fan la nota de prensa de \u201cLas luchonas invisibles\u201d, la obra desaf\u00eda los formatos tradicionales. Con una estructura fragmentaria y perform\u00e1tica, simula una exposici\u00f3n muse\u00edstica interactiva donde el p\u00fablico es parte del recorrido. La puesta en escena integra teatro tradicional, instalaciones art\u00edsticas, videoarte, mapping y proyecciones, creando un universo tan rid\u00edculo como veros\u00edmil. El tono oscila entre lo c\u00f3mico y lo tr\u00e1gico, utilizando la s\u00e1tira y lo absurdo.<\/p>\n<p>El elenco est\u00e1 compuesto por Alejandra Quiroz, Claudia Ossio y Graciela Tamayo, actrices de amplia trayectoria y reconocimiento en la escena teatral nacional e internacional, especialistas en comedia f\u00edsica, clown y teatro experimental.<\/p>\n<p>\u00abEsta obra nace de observar las luchas silenciosas que libran miles de mujeres todos los d\u00edas. Lejos del estereotipo, nuestras &#8216;luchonas&#8217; son mujeres reales, atrapadas en un sistema que las ignora hasta que deciden rebelarse. Usamos el humor principalmente. Es un delirio, una s\u00e1tira, pero, sobre todo, un acto de resistencia esc\u00e9nica\u00bb, explica Graciela Tamayo Rocha, dramaturga y directora.<\/p>\n<p><strong>FICHA ART\u00cdSTICA<\/strong><\/p>\n<ul>\n<li>Dramaturgia y Direcci\u00f3n General: Graciela Tamayo Rocha (Premio Peter Traves\u00ed 2019, 2020; Menci\u00f3n Costa Du Rels 2022).<\/li>\n<li>Direcci\u00f3n Art\u00edstica y Puesta en Escena: Ramiro Mendoza Quisbert (Teatro para el Buen Vivir).<\/li>\n<li>Elenco: Claudia Ossio (Phajsi Teatro), Alejandra Quiroz (Mam\u00e1 Cumbia) y Graciela Tamayo.<\/li>\n<li>Composici\u00f3n Sonora: Valeria Illanes Villegas.<\/li>\n<li>Escenograf\u00eda e Instalaciones: Luis Aduviri.<\/li>\n<li>Vestuario: Victoria Suaznabar.<\/li>\n<li>Producci\u00f3n: Tamayo Producciones.<\/li>\n<\/ul>\n<p>Entradas:<\/p>\n<p>PREVENTA: 50 Bs.<\/p>\n<p>EN PUERTA: 60 Bs.<\/p>\n<p>Compra en Superticket: https:\/\/superticket.bo\/Las-Luchonas-Invisibles\/<\/p>\n<p>O por WhatsApp: https:\/\/wa.me\/59167311194<\/p>\n<p><strong>ACERCA DE TAMAYO PRODUCCIONES<\/strong><\/p>\n<p>Tamayo Producciones es un colectivo art\u00edstico independiente y autosostenible con una trayectoria destacada desde 2017. Sus obras, que abordan tem\u00e1ticas de g\u00e9nero, violencia y empoderamiento femenino, han sido reconocidas con premios nacionales como el Peter Traves\u00ed y el Eduardo Abaroa. Ha participado en festivales en Bolivia, Per\u00fa y otros pa\u00edses. \u201cLas luchonas invisibles\u201d es su proyecto m\u00e1s reciente.<\/p>\n<p><strong>DIRECTORA Y AUTORA: GRACIELA TAMAYO ROCHA\u00a0\u00a0\u00a0 <\/strong><\/p>\n<p>Graciela Tamayo es comunicadora, especialista en gesti\u00f3n cultural y g\u00e9nero. Gan\u00f3 los Premios Peter Traves\u00ed (2019, 2020) y Costa Du Rels (2022). Realiz\u00f3 sus estudios en Bolivia y Argentina. Particip\u00f3 en m\u00e1s de 30 puestas en escena.<\/p>\n<p>Efectu\u00f3 trabajo para diferentes pa\u00edses en pel\u00edculas, cortometrajes, series de televisi\u00f3n, infomerciales, radionovelas y spots publicitarios.<\/p>\n<p>Sus proyectos realizados con tem\u00e1ticas de g\u00e9nero, violencia hacia la mujer, trabajo sexual, patriarcado, machismo y empoderamiento femenino son: Sutura Dominguera, La Polic\u00eda tambi\u00e9n llora, El amor se ha estido, 3 noches sin dormir: El despertar de una soltera, Marionetas del Amor y 4 d\u00e9cadas y \u00bd La historia sin fin de un vestido de flores.<\/p>\n<p><strong>Direcci\u00f3n art\u00edstica y puesta en escena: Ramiro Mendoza Quisbert\u00a0\u00a0\u00a0\u00a0\u00a0\u00a0 <\/strong><\/p>\n<p>Ramiro Mendoza es polit\u00f3logo y comunicador. Fundador de Teatro para el Buen Vivir. Lleva 10 a\u00f1os en las artes esc\u00e9nicas interculturales. Realiz\u00f3 encuentros de investigaci\u00f3n y creaci\u00f3n esc\u00e9nica con cosmolog\u00edas amerindias. Trabaj\u00f3 como periodista, locutor radial, docente universitario y profesor de teatro. Particip\u00f3 en obras de teatro, cine, danza y performance. Actualmente, investiga con teatro no antropoc\u00e9ntrico, cuerpo ritual y escrituras no humanas.<\/p>\n<p><strong>Actriz: Alejandra Quiroz Montecinos\u00a0 <\/strong><\/p>\n<p>Alejandra Quiroz es especialista en clown, m\u00e1scaras y comedia f\u00edsica. Crea personajes absurdos con base en investigaci\u00f3n corporal.<\/p>\n<p>Boliviana y actriz independiente, es directora del atelier de m\u00e1scaras Arte Mashara, directora pedag\u00f3gica de los seminarios teatrales de Tercer Timbr3, parte de la Escuela Teatral Jallalla, creadora del colectivo Mam\u00e1 Cumbia Teatro e integrante de la compa\u00f1\u00eda Tabla Roja.<\/p>\n<p>Es investigadora del universo de la comedia f\u00edsica, el clown y las m\u00e1scaras. Formada en Argentina, ha profundizado la investigaci\u00f3n sobre el actor comediante y el movimiento. Su obra \u201cBit\u00e1cora de un viaje que nunca empez\u00f3\u201d obtuvo el segundo lugar del Premio de dramaturgia Adolfo Costa du Rels 2015. Realiz\u00f3 el dise\u00f1o de vestuario para la obra Tinkunakama con la que gan\u00f3 el premio Ra\u00fal Salmon de la Barra 2019 a mejor dise\u00f1o de vestuario.<\/p>\n<p><strong>Actriz: Claudia Ossio Ferreyra\u00a0\u00a0\u00a0 <\/strong><\/p>\n<p>Actriz, Pedagoga Teatral, Instructora de Yoga y performer. Directora de Phajsi Teatro (Premio Ra\u00fal Salm\u00f3n 2012, 2022).<\/p>\n<p>Es fundadora de la agrupaci\u00f3n de teatro experimental Desnudoteatro, parte del colectivo multidisciplinario Gelida Amantis y miembro del laboratorio de movimiento Maguey Teatro. Ha cursado la Escuela de Clown y tambi\u00e9n estudi\u00f3 Danza Contempor\u00e1nea y ciencias de la educaci\u00f3n. Tiene un diplomado de Yoga Gathasta, Hatha y Raja Yoga, Yoga Yogismo e hizo cursos y talleres de dramaturgia.<\/p>\n<p>Es fundadora de la agrupaci\u00f3n Phajsi Teatro, con la que obtuvo el Primer Premio en el Concurso Municipal \u201cRa\u00fal Salmon de la Barra\u201d con la obra \u201cHiladas\u201d 2012 y con la obra\u00a0 \u201cKafka y la mu\u00f1eca voladora\u201d en el a\u00f1o 2022.<\/p>\n<p>Como pedagoga teatral, trabaja con ni\u00f1os y ni\u00f1as, adolescentes, mujeres, adultos y poblaciones en situaci\u00f3n vulnerable. Actualmente es profesora del Proyecto Arte Escuela, Triskel y Despertares.<\/p>\n\r\n                <style type=\"text\/css\">\r\n                    \r\n                    #tdi_1  .td-doubleSlider-2 .td-item1 {\r\n                        background: url(https:\/\/www.eldiario.net\/portal\/wp-content\/uploads\/2025\/09\/1-PRINCIPAL-12-80x60.webp) 0 0 no-repeat;\r\n                    }\r\n                    #tdi_1  .td-doubleSlider-2 .td-item2 {\r\n                        background: url(https:\/\/www.eldiario.net\/portal\/wp-content\/uploads\/2025\/09\/2-10-80x60.webp) 0 0 no-repeat;\r\n                    }\r\n                    #tdi_1  .td-doubleSlider-2 .td-item3 {\r\n                        background: url(https:\/\/www.eldiario.net\/portal\/wp-content\/uploads\/2025\/09\/3-7-80x60.webp) 0 0 no-repeat;\r\n                    }\r\n                    #tdi_1  .td-doubleSlider-2 .td-item4 {\r\n                        background: url(https:\/\/www.eldiario.net\/portal\/wp-content\/uploads\/2025\/09\/4-9-80x60.webp) 0 0 no-repeat;\r\n                    }\r\n                    #tdi_1  .td-doubleSlider-2 .td-item5 {\r\n                        background: url(https:\/\/www.eldiario.net\/portal\/wp-content\/uploads\/2025\/09\/5.-Alejandra-Quiroz-80x60.webp) 0 0 no-repeat;\r\n                    }\r\n                    #tdi_1  .td-doubleSlider-2 .td-item6 {\r\n                        background: url(https:\/\/www.eldiario.net\/portal\/wp-content\/uploads\/2025\/09\/6.-Claudia-Ossio-80x60.webp) 0 0 no-repeat;\r\n                    }\r\n                    #tdi_1  .td-doubleSlider-2 .td-item7 {\r\n                        background: url(https:\/\/www.eldiario.net\/portal\/wp-content\/uploads\/2025\/09\/7.-Graciela-Tamayo-80x60.webp) 0 0 no-repeat;\r\n                    }\r\n                    #tdi_1  .td-doubleSlider-2 .td-item8 {\r\n                        background: url(https:\/\/www.eldiario.net\/portal\/wp-content\/uploads\/2025\/09\/8-2-80x60.webp) 0 0 no-repeat;\r\n                    }\r\n                <\/style>\r\n\r\n                <div id=\"tdi_1\" class=\"td-gallery td-slide-on-2-columns\">\r\n                    <div class=\"post_td_gallery\">\r\n                        <div class=\"td-gallery-slide-top\">\r\n                           <div class=\"td-gallery-title\"><\/div>\r\n\r\n                            <div class=\"td-gallery-controls-wrapper\">\r\n                                <div class=\"td-gallery-slide-count\"><span class=\"td-gallery-slide-item-focus\">1<\/span> de 8<\/div>\r\n                                <div class=\"td-gallery-slide-prev-next-but\">\r\n                                    <i class = \"td-icon-left doubleSliderPrevButton\"><\/i>\r\n                                    <i class = \"td-icon-right doubleSliderNextButton\"><\/i>\r\n                                <\/div>\r\n                            <\/div>\r\n                        <\/div>\r\n\r\n                        <div class = \"td-doubleSlider-1 \">\r\n                            <div class = \"td-slider\">\r\n                                \r\n                    <div class = \"td-slide-item td-item1\">\r\n                        <figure class=\"td-slide-galery-figure td-slide-popup-gallery\">\r\n                            <a class=\"slide-gallery-image-link\" href=\"https:\/\/www.eldiario.net\/portal\/wp-content\/uploads\/2025\/09\/1-PRINCIPAL-12.webp\" title=\"1-PRINCIPAL\"  data-caption=\"\"  data-description=\"\">\r\n                                <img decoding=\"async\" src=\"https:\/\/www.eldiario.net\/portal\/wp-content\/uploads\/2025\/09\/1-PRINCIPAL-12-630x420.webp\" srcset=\"https:\/\/www.eldiario.net\/portal\/wp-content\/uploads\/2025\/09\/1-PRINCIPAL-12-630x420.webp 630w, https:\/\/www.eldiario.net\/portal\/wp-content\/uploads\/2025\/09\/1-PRINCIPAL-12-300x200.webp 300w, https:\/\/www.eldiario.net\/portal\/wp-content\/uploads\/2025\/09\/1-PRINCIPAL-12-1024x683.webp 1024w, https:\/\/www.eldiario.net\/portal\/wp-content\/uploads\/2025\/09\/1-PRINCIPAL-12-768x512.webp 768w, https:\/\/www.eldiario.net\/portal\/wp-content\/uploads\/2025\/09\/1-PRINCIPAL-12-150x100.webp 150w, https:\/\/www.eldiario.net\/portal\/wp-content\/uploads\/2025\/09\/1-PRINCIPAL-12-696x464.webp 696w, https:\/\/www.eldiario.net\/portal\/wp-content\/uploads\/2025\/09\/1-PRINCIPAL-12-1068x712.webp 1068w, https:\/\/www.eldiario.net\/portal\/wp-content\/uploads\/2025\/09\/1-PRINCIPAL-12.webp 1200w\" sizes=\"(max-width: 630px) 100vw, 630px\" alt=\"\">\r\n                            <\/a>\r\n                            \r\n                        <\/figure>\r\n                    <\/div>\r\n                    <div class = \"td-slide-item td-item2\">\r\n                        <figure class=\"td-slide-galery-figure td-slide-popup-gallery\">\r\n                            <a class=\"slide-gallery-image-link\" href=\"https:\/\/www.eldiario.net\/portal\/wp-content\/uploads\/2025\/09\/2-10.webp\" title=\"2\"  data-caption=\"\"  data-description=\"\">\r\n                                <img decoding=\"async\" src=\"https:\/\/www.eldiario.net\/portal\/wp-content\/uploads\/2025\/09\/2-10-630x420.webp\" srcset=\"https:\/\/www.eldiario.net\/portal\/wp-content\/uploads\/2025\/09\/2-10-630x420.webp 630w, https:\/\/www.eldiario.net\/portal\/wp-content\/uploads\/2025\/09\/2-10-300x200.webp 300w, https:\/\/www.eldiario.net\/portal\/wp-content\/uploads\/2025\/09\/2-10-1024x683.webp 1024w, https:\/\/www.eldiario.net\/portal\/wp-content\/uploads\/2025\/09\/2-10-768x512.webp 768w, https:\/\/www.eldiario.net\/portal\/wp-content\/uploads\/2025\/09\/2-10-150x100.webp 150w, https:\/\/www.eldiario.net\/portal\/wp-content\/uploads\/2025\/09\/2-10-696x464.webp 696w, https:\/\/www.eldiario.net\/portal\/wp-content\/uploads\/2025\/09\/2-10-1068x712.webp 1068w, https:\/\/www.eldiario.net\/portal\/wp-content\/uploads\/2025\/09\/2-10.webp 1200w\" sizes=\"(max-width: 630px) 100vw, 630px\" alt=\"\">\r\n                            <\/a>\r\n                            \r\n                        <\/figure>\r\n                    <\/div>\r\n                    <div class = \"td-slide-item td-item3\">\r\n                        <figure class=\"td-slide-galery-figure td-slide-popup-gallery\">\r\n                            <a class=\"slide-gallery-image-link\" href=\"https:\/\/www.eldiario.net\/portal\/wp-content\/uploads\/2025\/09\/3-7.webp\" title=\"3\"  data-caption=\"\"  data-description=\"\">\r\n                                <img decoding=\"async\" src=\"https:\/\/www.eldiario.net\/portal\/wp-content\/uploads\/2025\/09\/3-7-630x420.webp\" srcset=\"https:\/\/www.eldiario.net\/portal\/wp-content\/uploads\/2025\/09\/3-7-630x420.webp 630w, https:\/\/www.eldiario.net\/portal\/wp-content\/uploads\/2025\/09\/3-7-300x200.webp 300w, https:\/\/www.eldiario.net\/portal\/wp-content\/uploads\/2025\/09\/3-7-1024x683.webp 1024w, https:\/\/www.eldiario.net\/portal\/wp-content\/uploads\/2025\/09\/3-7-768x512.webp 768w, https:\/\/www.eldiario.net\/portal\/wp-content\/uploads\/2025\/09\/3-7-150x100.webp 150w, https:\/\/www.eldiario.net\/portal\/wp-content\/uploads\/2025\/09\/3-7-696x464.webp 696w, https:\/\/www.eldiario.net\/portal\/wp-content\/uploads\/2025\/09\/3-7-1068x712.webp 1068w, https:\/\/www.eldiario.net\/portal\/wp-content\/uploads\/2025\/09\/3-7.webp 1200w\" sizes=\"(max-width: 630px) 100vw, 630px\" alt=\"\">\r\n                            <\/a>\r\n                            \r\n                        <\/figure>\r\n                    <\/div>\r\n                    <div class = \"td-slide-item td-item4\">\r\n                        <figure class=\"td-slide-galery-figure td-slide-popup-gallery\">\r\n                            <a class=\"slide-gallery-image-link\" href=\"https:\/\/www.eldiario.net\/portal\/wp-content\/uploads\/2025\/09\/4-9.webp\" title=\"4-(9)\"  data-caption=\"\"  data-description=\"\">\r\n                                <img decoding=\"async\" src=\"https:\/\/www.eldiario.net\/portal\/wp-content\/uploads\/2025\/09\/4-9-630x420.webp\" srcset=\"https:\/\/www.eldiario.net\/portal\/wp-content\/uploads\/2025\/09\/4-9-630x420.webp 630w, https:\/\/www.eldiario.net\/portal\/wp-content\/uploads\/2025\/09\/4-9-300x200.webp 300w, https:\/\/www.eldiario.net\/portal\/wp-content\/uploads\/2025\/09\/4-9-1024x683.webp 1024w, https:\/\/www.eldiario.net\/portal\/wp-content\/uploads\/2025\/09\/4-9-768x512.webp 768w, https:\/\/www.eldiario.net\/portal\/wp-content\/uploads\/2025\/09\/4-9-150x100.webp 150w, https:\/\/www.eldiario.net\/portal\/wp-content\/uploads\/2025\/09\/4-9-696x464.webp 696w, https:\/\/www.eldiario.net\/portal\/wp-content\/uploads\/2025\/09\/4-9-1068x712.webp 1068w, https:\/\/www.eldiario.net\/portal\/wp-content\/uploads\/2025\/09\/4-9.webp 1200w\" sizes=\"(max-width: 630px) 100vw, 630px\" alt=\"\">\r\n                            <\/a>\r\n                            \r\n                        <\/figure>\r\n                    <\/div>\r\n                    <div class = \"td-slide-item td-item5\">\r\n                        <figure class=\"td-slide-galery-figure td-slide-popup-gallery\">\r\n                            <a class=\"slide-gallery-image-link\" href=\"https:\/\/www.eldiario.net\/portal\/wp-content\/uploads\/2025\/09\/5.-Alejandra-Quiroz.webp\" title=\"5.-Alejandra-Quiroz\"  data-caption=\"\"  data-description=\"\">\r\n                                <img decoding=\"async\" src=\"https:\/\/www.eldiario.net\/portal\/wp-content\/uploads\/2025\/09\/5.-Alejandra-Quiroz-277x420.webp\" srcset=\"https:\/\/www.eldiario.net\/portal\/wp-content\/uploads\/2025\/09\/5.-Alejandra-Quiroz-277x420.webp 277w, https:\/\/www.eldiario.net\/portal\/wp-content\/uploads\/2025\/09\/5.-Alejandra-Quiroz-198x300.webp 198w, https:\/\/www.eldiario.net\/portal\/wp-content\/uploads\/2025\/09\/5.-Alejandra-Quiroz-150x227.webp 150w, https:\/\/www.eldiario.net\/portal\/wp-content\/uploads\/2025\/09\/5.-Alejandra-Quiroz-300x455.webp 300w, https:\/\/www.eldiario.net\/portal\/wp-content\/uploads\/2025\/09\/5.-Alejandra-Quiroz.webp 450w\" sizes=\"(max-width: 277px) 100vw, 277px\" alt=\"\">\r\n                            <\/a>\r\n                            \r\n                        <\/figure>\r\n                    <\/div>\r\n                    <div class = \"td-slide-item td-item6\">\r\n                        <figure class=\"td-slide-galery-figure td-slide-popup-gallery\">\r\n                            <a class=\"slide-gallery-image-link\" href=\"https:\/\/www.eldiario.net\/portal\/wp-content\/uploads\/2025\/09\/6.-Claudia-Ossio.webp\" title=\"6.-Claudia-Ossio\"  data-caption=\"\"  data-description=\"\">\r\n                                <img decoding=\"async\" src=\"https:\/\/www.eldiario.net\/portal\/wp-content\/uploads\/2025\/09\/6.-Claudia-Ossio-417x420.webp\" srcset=\"https:\/\/www.eldiario.net\/portal\/wp-content\/uploads\/2025\/09\/6.-Claudia-Ossio-417x420.webp 417w, https:\/\/www.eldiario.net\/portal\/wp-content\/uploads\/2025\/09\/6.-Claudia-Ossio-298x300.webp 298w, https:\/\/www.eldiario.net\/portal\/wp-content\/uploads\/2025\/09\/6.-Claudia-Ossio-1017x1024.webp 1017w, https:\/\/www.eldiario.net\/portal\/wp-content\/uploads\/2025\/09\/6.-Claudia-Ossio-150x151.webp 150w, https:\/\/www.eldiario.net\/portal\/wp-content\/uploads\/2025\/09\/6.-Claudia-Ossio-768x773.webp 768w, https:\/\/www.eldiario.net\/portal\/wp-content\/uploads\/2025\/09\/6.-Claudia-Ossio-300x302.webp 300w, https:\/\/www.eldiario.net\/portal\/wp-content\/uploads\/2025\/09\/6.-Claudia-Ossio-696x701.webp 696w, https:\/\/www.eldiario.net\/portal\/wp-content\/uploads\/2025\/09\/6.-Claudia-Ossio-1068x1076.webp 1068w, https:\/\/www.eldiario.net\/portal\/wp-content\/uploads\/2025\/09\/6.-Claudia-Ossio.webp 1271w\" sizes=\"(max-width: 417px) 100vw, 417px\" alt=\"\">\r\n                            <\/a>\r\n                            \r\n                        <\/figure>\r\n                    <\/div>\r\n                    <div class = \"td-slide-item td-item7\">\r\n                        <figure class=\"td-slide-galery-figure td-slide-popup-gallery\">\r\n                            <a class=\"slide-gallery-image-link\" href=\"https:\/\/www.eldiario.net\/portal\/wp-content\/uploads\/2025\/09\/7.-Graciela-Tamayo.webp\" title=\"7.-Graciela-Tamayo\"  data-caption=\"\"  data-description=\"\">\r\n                                <img decoding=\"async\" src=\"https:\/\/www.eldiario.net\/portal\/wp-content\/uploads\/2025\/09\/7.-Graciela-Tamayo-423x420.webp\" srcset=\"https:\/\/www.eldiario.net\/portal\/wp-content\/uploads\/2025\/09\/7.-Graciela-Tamayo-423x420.webp 423w, https:\/\/www.eldiario.net\/portal\/wp-content\/uploads\/2025\/09\/7.-Graciela-Tamayo-300x298.webp 300w, https:\/\/www.eldiario.net\/portal\/wp-content\/uploads\/2025\/09\/7.-Graciela-Tamayo-150x149.webp 150w, https:\/\/www.eldiario.net\/portal\/wp-content\/uploads\/2025\/09\/7.-Graciela-Tamayo-768x762.webp 768w, https:\/\/www.eldiario.net\/portal\/wp-content\/uploads\/2025\/09\/7.-Graciela-Tamayo-696x691.webp 696w, https:\/\/www.eldiario.net\/portal\/wp-content\/uploads\/2025\/09\/7.-Graciela-Tamayo.webp 806w\" sizes=\"(max-width: 423px) 100vw, 423px\" alt=\"\">\r\n                            <\/a>\r\n                            \r\n                        <\/figure>\r\n                    <\/div>\r\n                    <div class = \"td-slide-item td-item8\">\r\n                        <figure class=\"td-slide-galery-figure td-slide-popup-gallery\">\r\n                            <a class=\"slide-gallery-image-link\" href=\"https:\/\/www.eldiario.net\/portal\/wp-content\/uploads\/2025\/09\/8-2.webp\" title=\"8-(2)\"  data-caption=\"\"  data-description=\"\">\r\n                                <img decoding=\"async\" src=\"https:\/\/www.eldiario.net\/portal\/wp-content\/uploads\/2025\/09\/8-2-630x420.webp\" srcset=\"https:\/\/www.eldiario.net\/portal\/wp-content\/uploads\/2025\/09\/8-2-630x420.webp 630w, https:\/\/www.eldiario.net\/portal\/wp-content\/uploads\/2025\/09\/8-2-300x200.webp 300w, https:\/\/www.eldiario.net\/portal\/wp-content\/uploads\/2025\/09\/8-2-1024x683.webp 1024w, https:\/\/www.eldiario.net\/portal\/wp-content\/uploads\/2025\/09\/8-2-768x512.webp 768w, https:\/\/www.eldiario.net\/portal\/wp-content\/uploads\/2025\/09\/8-2-150x100.webp 150w, https:\/\/www.eldiario.net\/portal\/wp-content\/uploads\/2025\/09\/8-2-696x464.webp 696w, https:\/\/www.eldiario.net\/portal\/wp-content\/uploads\/2025\/09\/8-2-1068x712.webp 1068w, https:\/\/www.eldiario.net\/portal\/wp-content\/uploads\/2025\/09\/8-2.webp 1200w\" sizes=\"(max-width: 630px) 100vw, 630px\" alt=\"\">\r\n                            <\/a>\r\n                            \r\n                        <\/figure>\r\n                    <\/div>\r\n                            <\/div>\r\n                        <\/div>\r\n\r\n                        <div class = \"td-doubleSlider-2\">\r\n                            <div class = \"td-slider\">\r\n                                \r\n                    <div class = \"td-button td-item1\">\r\n                        <div class = \"td-border\"><\/div>\r\n                    <\/div>\r\n                    <div class = \"td-button td-item2\">\r\n                        <div class = \"td-border\"><\/div>\r\n                    <\/div>\r\n                    <div class = \"td-button td-item3\">\r\n                        <div class = \"td-border\"><\/div>\r\n                    <\/div>\r\n                    <div class = \"td-button td-item4\">\r\n                        <div class = \"td-border\"><\/div>\r\n                    <\/div>\r\n                    <div class = \"td-button td-item5\">\r\n                        <div class = \"td-border\"><\/div>\r\n                    <\/div>\r\n                    <div class = \"td-button td-item6\">\r\n                        <div class = \"td-border\"><\/div>\r\n                    <\/div>\r\n                    <div class = \"td-button td-item7\">\r\n                        <div class = \"td-border\"><\/div>\r\n                    <\/div>\r\n                    <div class = \"td-button td-item8\">\r\n                        <div class = \"td-border\"><\/div>\r\n                    <\/div>\r\n                            <\/div>\r\n                        <\/div>\r\n\r\n                    <\/div>\r\n\r\n                <\/div>\r\n                \n","protected":false},"excerpt":{"rendered":"<p>\u201cLas luchonas invisibles\u201d, as\u00ed se llama la nueva y audaz obra teatral de Tamayo Producciones que ser\u00e1 presentada el mi\u00e9rcoles 1 y jueves 2 de octubre, a horas 19:30, en el Espacio K\u00fau Inti (calle 15 de Calacoto, en el Bosque Boulevard, zona sur de la ciudad). La propuesta esc\u00e9nica combina el suspenso y la [&hellip;]<\/p>\n","protected":false},"author":1,"featured_media":334113,"comment_status":"closed","ping_status":"open","sticky":false,"template":"","format":"standard","meta":{"_acf_changed":false,"footnotes":""},"categories":[41],"tags":[],"class_list":["post-334112","post","type-post","status-publish","format-standard","has-post-thumbnail","category-la-guia"],"acf":{"antetitulo":""},"yoast_head":"<!-- This site is optimized with the Yoast SEO plugin v28.4 - https:\/\/yoast.com\/product\/yoast-seo-wordpress\/ -->\n<title>Se estrena en La Paz la comedia de suspenso \u201cLas luchonas invisibles\u201d - El Diario - Bolivia<\/title>\n<meta name=\"robots\" content=\"index, follow, max-snippet:-1, max-image-preview:large, max-video-preview:-1\" \/>\n<link rel=\"canonical\" href=\"https:\/\/www.eldiario.net\/portal\/2025\/09\/27\/se-estrena-en-la-paz-la-comedia-de-suspenso-las-luchonas-invisibles\/\" \/>\n<meta property=\"og:locale\" content=\"es_ES\" \/>\n<meta property=\"og:type\" content=\"article\" \/>\n<meta property=\"og:title\" content=\"Se estrena en La Paz la comedia de suspenso \u201cLas luchonas invisibles\u201d - El Diario - Bolivia\" \/>\n<meta property=\"og:description\" content=\"\u201cLas luchonas invisibles\u201d, as\u00ed se llama la nueva y audaz obra teatral de Tamayo Producciones que ser\u00e1 presentada el mi\u00e9rcoles 1 y jueves 2 de octubre, a horas 19:30, en el Espacio K\u00fau Inti (calle 15 de Calacoto, en el Bosque Boulevard, zona sur de la ciudad). La propuesta esc\u00e9nica combina el suspenso y la [&hellip;]\" \/>\n<meta property=\"og:url\" content=\"https:\/\/www.eldiario.net\/portal\/2025\/09\/27\/se-estrena-en-la-paz-la-comedia-de-suspenso-las-luchonas-invisibles\/\" \/>\n<meta property=\"og:site_name\" content=\"El Diario - Bolivia\" \/>\n<meta property=\"article:publisher\" content=\"https:\/\/www.facebook.com\/eldiario.bolivia\/\" \/>\n<meta property=\"article:published_time\" content=\"2025-09-27T04:16:07+00:00\" \/>\n<meta property=\"og:image\" content=\"https:\/\/www.eldiario.net\/portal\/wp-content\/uploads\/2025\/09\/1-PRINCIPAL-12.webp\" \/>\n\t<meta property=\"og:image:width\" content=\"1200\" \/>\n\t<meta property=\"og:image:height\" content=\"800\" \/>\n\t<meta property=\"og:image:type\" content=\"image\/webp\" \/>\n<meta name=\"author\" content=\"Jeanette\" \/>\n<meta name=\"twitter:card\" content=\"summary_large_image\" \/>\n<meta name=\"twitter:creator\" content=\"@eldiario_net\" \/>\n<meta name=\"twitter:site\" content=\"@eldiario_net\" \/>\n<meta name=\"twitter:label1\" content=\"Escrito por\" \/>\n\t<meta name=\"twitter:data1\" content=\"Jeanette\" \/>\n\t<meta name=\"twitter:label2\" content=\"Tiempo de lectura\" \/>\n\t<meta name=\"twitter:data2\" content=\"5 minutos\" \/>\n<script type=\"application\/ld+json\" class=\"yoast-schema-graph\">{\"@context\":\"https:\\\/\\\/schema.org\",\"@graph\":[{\"@type\":\"Article\",\"@id\":\"https:\\\/\\\/www.eldiario.net\\\/portal\\\/2025\\\/09\\\/27\\\/se-estrena-en-la-paz-la-comedia-de-suspenso-las-luchonas-invisibles\\\/#article\",\"isPartOf\":{\"@id\":\"https:\\\/\\\/www.eldiario.net\\\/portal\\\/2025\\\/09\\\/27\\\/se-estrena-en-la-paz-la-comedia-de-suspenso-las-luchonas-invisibles\\\/\"},\"author\":{\"name\":\"Jeanette\",\"@id\":\"https:\\\/\\\/www.eldiario.net\\\/portal\\\/#\\\/schema\\\/person\\\/2c57cf2b7a7ae032e449e4c9b1019eac\"},\"headline\":\"Se estrena en La Paz la comedia de suspenso \u201cLas luchonas invisibles\u201d\",\"datePublished\":\"2025-09-27T04:16:07+00:00\",\"mainEntityOfPage\":{\"@id\":\"https:\\\/\\\/www.eldiario.net\\\/portal\\\/2025\\\/09\\\/27\\\/se-estrena-en-la-paz-la-comedia-de-suspenso-las-luchonas-invisibles\\\/\"},\"wordCount\":1080,\"publisher\":{\"@id\":\"https:\\\/\\\/www.eldiario.net\\\/portal\\\/#organization\"},\"image\":{\"@id\":\"https:\\\/\\\/www.eldiario.net\\\/portal\\\/2025\\\/09\\\/27\\\/se-estrena-en-la-paz-la-comedia-de-suspenso-las-luchonas-invisibles\\\/#primaryimage\"},\"thumbnailUrl\":\"https:\\\/\\\/www.eldiario.net\\\/portal\\\/wp-content\\\/uploads\\\/2025\\\/09\\\/1-PRINCIPAL-12.webp\",\"articleSection\":[\"La Gu\u00eda\"],\"inLanguage\":\"es\"},{\"@type\":\"WebPage\",\"@id\":\"https:\\\/\\\/www.eldiario.net\\\/portal\\\/2025\\\/09\\\/27\\\/se-estrena-en-la-paz-la-comedia-de-suspenso-las-luchonas-invisibles\\\/\",\"url\":\"https:\\\/\\\/www.eldiario.net\\\/portal\\\/2025\\\/09\\\/27\\\/se-estrena-en-la-paz-la-comedia-de-suspenso-las-luchonas-invisibles\\\/\",\"name\":\"Se estrena en La Paz la comedia de suspenso \u201cLas luchonas invisibles\u201d - El Diario - Bolivia\",\"isPartOf\":{\"@id\":\"https:\\\/\\\/www.eldiario.net\\\/portal\\\/#website\"},\"primaryImageOfPage\":{\"@id\":\"https:\\\/\\\/www.eldiario.net\\\/portal\\\/2025\\\/09\\\/27\\\/se-estrena-en-la-paz-la-comedia-de-suspenso-las-luchonas-invisibles\\\/#primaryimage\"},\"image\":{\"@id\":\"https:\\\/\\\/www.eldiario.net\\\/portal\\\/2025\\\/09\\\/27\\\/se-estrena-en-la-paz-la-comedia-de-suspenso-las-luchonas-invisibles\\\/#primaryimage\"},\"thumbnailUrl\":\"https:\\\/\\\/www.eldiario.net\\\/portal\\\/wp-content\\\/uploads\\\/2025\\\/09\\\/1-PRINCIPAL-12.webp\",\"datePublished\":\"2025-09-27T04:16:07+00:00\",\"breadcrumb\":{\"@id\":\"https:\\\/\\\/www.eldiario.net\\\/portal\\\/2025\\\/09\\\/27\\\/se-estrena-en-la-paz-la-comedia-de-suspenso-las-luchonas-invisibles\\\/#breadcrumb\"},\"inLanguage\":\"es\",\"potentialAction\":[{\"@type\":\"ReadAction\",\"target\":[\"https:\\\/\\\/www.eldiario.net\\\/portal\\\/2025\\\/09\\\/27\\\/se-estrena-en-la-paz-la-comedia-de-suspenso-las-luchonas-invisibles\\\/\"]}]},{\"@type\":\"ImageObject\",\"inLanguage\":\"es\",\"@id\":\"https:\\\/\\\/www.eldiario.net\\\/portal\\\/2025\\\/09\\\/27\\\/se-estrena-en-la-paz-la-comedia-de-suspenso-las-luchonas-invisibles\\\/#primaryimage\",\"url\":\"https:\\\/\\\/www.eldiario.net\\\/portal\\\/wp-content\\\/uploads\\\/2025\\\/09\\\/1-PRINCIPAL-12.webp\",\"contentUrl\":\"https:\\\/\\\/www.eldiario.net\\\/portal\\\/wp-content\\\/uploads\\\/2025\\\/09\\\/1-PRINCIPAL-12.webp\",\"width\":1200,\"height\":800},{\"@type\":\"BreadcrumbList\",\"@id\":\"https:\\\/\\\/www.eldiario.net\\\/portal\\\/2025\\\/09\\\/27\\\/se-estrena-en-la-paz-la-comedia-de-suspenso-las-luchonas-invisibles\\\/#breadcrumb\",\"itemListElement\":[{\"@type\":\"ListItem\",\"position\":1,\"name\":\"Portada\",\"item\":\"https:\\\/\\\/www.eldiario.net\\\/portal\\\/\"},{\"@type\":\"ListItem\",\"position\":2,\"name\":\"Se estrena en La Paz la comedia de suspenso \u201cLas luchonas invisibles\u201d\"}]},{\"@type\":\"WebSite\",\"@id\":\"https:\\\/\\\/www.eldiario.net\\\/portal\\\/#website\",\"url\":\"https:\\\/\\\/www.eldiario.net\\\/portal\\\/\",\"name\":\"El Diario - Decano de la prensa nacional\",\"description\":\"El Diario - Decano de la prensa nacional\",\"publisher\":{\"@id\":\"https:\\\/\\\/www.eldiario.net\\\/portal\\\/#organization\"},\"potentialAction\":[{\"@type\":\"SearchAction\",\"target\":{\"@type\":\"EntryPoint\",\"urlTemplate\":\"https:\\\/\\\/www.eldiario.net\\\/portal\\\/?s={search_term_string}\"},\"query-input\":{\"@type\":\"PropertyValueSpecification\",\"valueRequired\":true,\"valueName\":\"search_term_string\"}}],\"inLanguage\":\"es\"},{\"@type\":\"Organization\",\"@id\":\"https:\\\/\\\/www.eldiario.net\\\/portal\\\/#organization\",\"name\":\"El Diario - Decano de la prensa nacional\",\"url\":\"https:\\\/\\\/www.eldiario.net\\\/portal\\\/\",\"logo\":{\"@type\":\"ImageObject\",\"inLanguage\":\"es\",\"@id\":\"https:\\\/\\\/www.eldiario.net\\\/portal\\\/#\\\/schema\\\/logo\\\/image\\\/\",\"url\":\"https:\\\/\\\/www.eldiario.net\\\/portal\\\/wp-content\\\/uploads\\\/2023\\\/07\\\/logo_ED.jpg\",\"contentUrl\":\"https:\\\/\\\/www.eldiario.net\\\/portal\\\/wp-content\\\/uploads\\\/2023\\\/07\\\/logo_ED.jpg\",\"width\":272,\"height\":52,\"caption\":\"El Diario - Decano de la prensa nacional\"},\"image\":{\"@id\":\"https:\\\/\\\/www.eldiario.net\\\/portal\\\/#\\\/schema\\\/logo\\\/image\\\/\"},\"sameAs\":[\"https:\\\/\\\/www.facebook.com\\\/eldiario.bolivia\\\/\",\"https:\\\/\\\/x.com\\\/eldiario_net\"]},{\"@type\":\"Person\",\"@id\":\"https:\\\/\\\/www.eldiario.net\\\/portal\\\/#\\\/schema\\\/person\\\/2c57cf2b7a7ae032e449e4c9b1019eac\",\"name\":\"Jeanette\",\"image\":{\"@type\":\"ImageObject\",\"inLanguage\":\"es\",\"@id\":\"https:\\\/\\\/secure.gravatar.com\\\/avatar\\\/3ea2118a5f7dad2b7138b1187a6b7ee55f160b9968b66013c3a3ef39dd7e5798?s=96&d=mm&r=g\",\"url\":\"https:\\\/\\\/secure.gravatar.com\\\/avatar\\\/3ea2118a5f7dad2b7138b1187a6b7ee55f160b9968b66013c3a3ef39dd7e5798?s=96&d=mm&r=g\",\"contentUrl\":\"https:\\\/\\\/secure.gravatar.com\\\/avatar\\\/3ea2118a5f7dad2b7138b1187a6b7ee55f160b9968b66013c3a3ef39dd7e5798?s=96&d=mm&r=g\",\"caption\":\"Jeanette\"},\"sameAs\":[\"https:\\\/\\\/www.eldiario.net\\\/portal\"],\"url\":\"https:\\\/\\\/www.eldiario.net\\\/portal\\\/author\\\/jeanette\\\/\"}]}<\/script>\n<!-- \/ Yoast SEO plugin. -->","yoast_head_json":{"title":"Se estrena en La Paz la comedia de suspenso \u201cLas luchonas invisibles\u201d - El Diario - Bolivia","robots":{"index":"index","follow":"follow","max-snippet":"max-snippet:-1","max-image-preview":"max-image-preview:large","max-video-preview":"max-video-preview:-1"},"canonical":"https:\/\/www.eldiario.net\/portal\/2025\/09\/27\/se-estrena-en-la-paz-la-comedia-de-suspenso-las-luchonas-invisibles\/","og_locale":"es_ES","og_type":"article","og_title":"Se estrena en La Paz la comedia de suspenso \u201cLas luchonas invisibles\u201d - El Diario - Bolivia","og_description":"\u201cLas luchonas invisibles\u201d, as\u00ed se llama la nueva y audaz obra teatral de Tamayo Producciones que ser\u00e1 presentada el mi\u00e9rcoles 1 y jueves 2 de octubre, a horas 19:30, en el Espacio K\u00fau Inti (calle 15 de Calacoto, en el Bosque Boulevard, zona sur de la ciudad). La propuesta esc\u00e9nica combina el suspenso y la [&hellip;]","og_url":"https:\/\/www.eldiario.net\/portal\/2025\/09\/27\/se-estrena-en-la-paz-la-comedia-de-suspenso-las-luchonas-invisibles\/","og_site_name":"El Diario - Bolivia","article_publisher":"https:\/\/www.facebook.com\/eldiario.bolivia\/","article_published_time":"2025-09-27T04:16:07+00:00","og_image":[{"width":1200,"height":800,"url":"https:\/\/www.eldiario.net\/portal\/wp-content\/uploads\/2025\/09\/1-PRINCIPAL-12.webp","type":"image\/webp"}],"author":"Jeanette","twitter_card":"summary_large_image","twitter_creator":"@eldiario_net","twitter_site":"@eldiario_net","twitter_misc":{"Escrito por":"Jeanette","Tiempo de lectura":"5 minutos"},"schema":{"@context":"https:\/\/schema.org","@graph":[{"@type":"Article","@id":"https:\/\/www.eldiario.net\/portal\/2025\/09\/27\/se-estrena-en-la-paz-la-comedia-de-suspenso-las-luchonas-invisibles\/#article","isPartOf":{"@id":"https:\/\/www.eldiario.net\/portal\/2025\/09\/27\/se-estrena-en-la-paz-la-comedia-de-suspenso-las-luchonas-invisibles\/"},"author":{"name":"Jeanette","@id":"https:\/\/www.eldiario.net\/portal\/#\/schema\/person\/2c57cf2b7a7ae032e449e4c9b1019eac"},"headline":"Se estrena en La Paz la comedia de suspenso \u201cLas luchonas invisibles\u201d","datePublished":"2025-09-27T04:16:07+00:00","mainEntityOfPage":{"@id":"https:\/\/www.eldiario.net\/portal\/2025\/09\/27\/se-estrena-en-la-paz-la-comedia-de-suspenso-las-luchonas-invisibles\/"},"wordCount":1080,"publisher":{"@id":"https:\/\/www.eldiario.net\/portal\/#organization"},"image":{"@id":"https:\/\/www.eldiario.net\/portal\/2025\/09\/27\/se-estrena-en-la-paz-la-comedia-de-suspenso-las-luchonas-invisibles\/#primaryimage"},"thumbnailUrl":"https:\/\/www.eldiario.net\/portal\/wp-content\/uploads\/2025\/09\/1-PRINCIPAL-12.webp","articleSection":["La Gu\u00eda"],"inLanguage":"es"},{"@type":"WebPage","@id":"https:\/\/www.eldiario.net\/portal\/2025\/09\/27\/se-estrena-en-la-paz-la-comedia-de-suspenso-las-luchonas-invisibles\/","url":"https:\/\/www.eldiario.net\/portal\/2025\/09\/27\/se-estrena-en-la-paz-la-comedia-de-suspenso-las-luchonas-invisibles\/","name":"Se estrena en La Paz la comedia de suspenso \u201cLas luchonas invisibles\u201d - El Diario - Bolivia","isPartOf":{"@id":"https:\/\/www.eldiario.net\/portal\/#website"},"primaryImageOfPage":{"@id":"https:\/\/www.eldiario.net\/portal\/2025\/09\/27\/se-estrena-en-la-paz-la-comedia-de-suspenso-las-luchonas-invisibles\/#primaryimage"},"image":{"@id":"https:\/\/www.eldiario.net\/portal\/2025\/09\/27\/se-estrena-en-la-paz-la-comedia-de-suspenso-las-luchonas-invisibles\/#primaryimage"},"thumbnailUrl":"https:\/\/www.eldiario.net\/portal\/wp-content\/uploads\/2025\/09\/1-PRINCIPAL-12.webp","datePublished":"2025-09-27T04:16:07+00:00","breadcrumb":{"@id":"https:\/\/www.eldiario.net\/portal\/2025\/09\/27\/se-estrena-en-la-paz-la-comedia-de-suspenso-las-luchonas-invisibles\/#breadcrumb"},"inLanguage":"es","potentialAction":[{"@type":"ReadAction","target":["https:\/\/www.eldiario.net\/portal\/2025\/09\/27\/se-estrena-en-la-paz-la-comedia-de-suspenso-las-luchonas-invisibles\/"]}]},{"@type":"ImageObject","inLanguage":"es","@id":"https:\/\/www.eldiario.net\/portal\/2025\/09\/27\/se-estrena-en-la-paz-la-comedia-de-suspenso-las-luchonas-invisibles\/#primaryimage","url":"https:\/\/www.eldiario.net\/portal\/wp-content\/uploads\/2025\/09\/1-PRINCIPAL-12.webp","contentUrl":"https:\/\/www.eldiario.net\/portal\/wp-content\/uploads\/2025\/09\/1-PRINCIPAL-12.webp","width":1200,"height":800},{"@type":"BreadcrumbList","@id":"https:\/\/www.eldiario.net\/portal\/2025\/09\/27\/se-estrena-en-la-paz-la-comedia-de-suspenso-las-luchonas-invisibles\/#breadcrumb","itemListElement":[{"@type":"ListItem","position":1,"name":"Portada","item":"https:\/\/www.eldiario.net\/portal\/"},{"@type":"ListItem","position":2,"name":"Se estrena en La Paz la comedia de suspenso \u201cLas luchonas invisibles\u201d"}]},{"@type":"WebSite","@id":"https:\/\/www.eldiario.net\/portal\/#website","url":"https:\/\/www.eldiario.net\/portal\/","name":"El Diario - Decano de la prensa nacional","description":"El Diario - Decano de la prensa nacional","publisher":{"@id":"https:\/\/www.eldiario.net\/portal\/#organization"},"potentialAction":[{"@type":"SearchAction","target":{"@type":"EntryPoint","urlTemplate":"https:\/\/www.eldiario.net\/portal\/?s={search_term_string}"},"query-input":{"@type":"PropertyValueSpecification","valueRequired":true,"valueName":"search_term_string"}}],"inLanguage":"es"},{"@type":"Organization","@id":"https:\/\/www.eldiario.net\/portal\/#organization","name":"El Diario - Decano de la prensa nacional","url":"https:\/\/www.eldiario.net\/portal\/","logo":{"@type":"ImageObject","inLanguage":"es","@id":"https:\/\/www.eldiario.net\/portal\/#\/schema\/logo\/image\/","url":"https:\/\/www.eldiario.net\/portal\/wp-content\/uploads\/2023\/07\/logo_ED.jpg","contentUrl":"https:\/\/www.eldiario.net\/portal\/wp-content\/uploads\/2023\/07\/logo_ED.jpg","width":272,"height":52,"caption":"El Diario - Decano de la prensa nacional"},"image":{"@id":"https:\/\/www.eldiario.net\/portal\/#\/schema\/logo\/image\/"},"sameAs":["https:\/\/www.facebook.com\/eldiario.bolivia\/","https:\/\/x.com\/eldiario_net"]},{"@type":"Person","@id":"https:\/\/www.eldiario.net\/portal\/#\/schema\/person\/2c57cf2b7a7ae032e449e4c9b1019eac","name":"Jeanette","image":{"@type":"ImageObject","inLanguage":"es","@id":"https:\/\/secure.gravatar.com\/avatar\/3ea2118a5f7dad2b7138b1187a6b7ee55f160b9968b66013c3a3ef39dd7e5798?s=96&d=mm&r=g","url":"https:\/\/secure.gravatar.com\/avatar\/3ea2118a5f7dad2b7138b1187a6b7ee55f160b9968b66013c3a3ef39dd7e5798?s=96&d=mm&r=g","contentUrl":"https:\/\/secure.gravatar.com\/avatar\/3ea2118a5f7dad2b7138b1187a6b7ee55f160b9968b66013c3a3ef39dd7e5798?s=96&d=mm&r=g","caption":"Jeanette"},"sameAs":["https:\/\/www.eldiario.net\/portal"],"url":"https:\/\/www.eldiario.net\/portal\/author\/jeanette\/"}]}},"_links":{"self":[{"href":"https:\/\/www.eldiario.net\/portal\/wp-json\/wp\/v2\/posts\/334112","targetHints":{"allow":["GET"]}}],"collection":[{"href":"https:\/\/www.eldiario.net\/portal\/wp-json\/wp\/v2\/posts"}],"about":[{"href":"https:\/\/www.eldiario.net\/portal\/wp-json\/wp\/v2\/types\/post"}],"author":[{"embeddable":true,"href":"https:\/\/www.eldiario.net\/portal\/wp-json\/wp\/v2\/users\/1"}],"replies":[{"embeddable":true,"href":"https:\/\/www.eldiario.net\/portal\/wp-json\/wp\/v2\/comments?post=334112"}],"version-history":[{"count":1,"href":"https:\/\/www.eldiario.net\/portal\/wp-json\/wp\/v2\/posts\/334112\/revisions"}],"predecessor-version":[{"id":334121,"href":"https:\/\/www.eldiario.net\/portal\/wp-json\/wp\/v2\/posts\/334112\/revisions\/334121"}],"wp:featuredmedia":[{"embeddable":true,"href":"https:\/\/www.eldiario.net\/portal\/wp-json\/wp\/v2\/media\/334113"}],"wp:attachment":[{"href":"https:\/\/www.eldiario.net\/portal\/wp-json\/wp\/v2\/media?parent=334112"}],"wp:term":[{"taxonomy":"category","embeddable":true,"href":"https:\/\/www.eldiario.net\/portal\/wp-json\/wp\/v2\/categories?post=334112"},{"taxonomy":"post_tag","embeddable":true,"href":"https:\/\/www.eldiario.net\/portal\/wp-json\/wp\/v2\/tags?post=334112"}],"curies":[{"name":"wp","href":"https:\/\/api.w.org\/{rel}","templated":true}]}}