{"id":333901,"date":"2025-09-26T00:05:58","date_gmt":"2025-09-26T04:05:58","guid":{"rendered":"https:\/\/www.eldiario.net\/portal\/?p=333901"},"modified":"2025-09-25T23:08:10","modified_gmt":"2025-09-26T03:08:10","slug":"casa-de-moneda-vive-noche-de-museo-y-personajes","status":"publish","type":"post","link":"https:\/\/www.eldiario.net\/portal\/2025\/09\/26\/casa-de-moneda-vive-noche-de-museo-y-personajes\/","title":{"rendered":"Casa de Moneda vive \u201cNoche de Museo y personajes\u201d"},"content":{"rendered":"<p>La Casa Nacional de Moneda (CNM) abrir\u00e1 sus puertas hoy, viernes 26 de septiembre, desde las 17:00 horas, con la \u201cNoche del Museo y sus personajes\u201d, actividad que incluir\u00e1 la final de la 8va. versi\u00f3n del \u201cConcurso Cuenta Leyendas\u201d y que permitir\u00e1 a los visitantes vivir las historias en escena, a trav\u00e9s de dramatizaciones y narraciones tradicionales en un recorrido nocturno por las salas del museo.<br \/>\nDurante la velada, el p\u00fablico podr\u00e1 presenciar escenificaciones a cargo del personal del repositorio nacional, quienes recrear\u00e1n sucesos principales del proceso fundacional de Bolivia, as\u00ed como escenas dedicadas a los arquitectos responsables de la construcci\u00f3n de la segunda ceca potosina, mostrando la importancia de la arquitectura colonial para el desarrollo econ\u00f3mico y cultural de Potos\u00ed. Estas representaciones combinan narraci\u00f3n, actuaci\u00f3n y ambientaci\u00f3n, mostrando a los visitantes una experiencia educativa e interactiva.<br \/>\nAdem\u00e1s, se suman las escenificaciones de los cinco finalistas de la 8va. versi\u00f3n del \u201cConcurso Cuenta Leyendas\u201d que en esta gesti\u00f3n cont\u00f3 con la participaci\u00f3n de 75 estudiantes, quienes presentaron relatos potosinos y bolivianos en formato oral. La biblioteca de la Casa Nacional de Moneda facilit\u00f3 material de apoyo, incluyendo textos fundamentales como Cr\u00f3nicas Potosinas de Modesto Omiste Tinajeros y Vicente Gregorio Quesada, Potos\u00ed: Tradiciones y Leyendas de Delio Alcaraz Mas\u00edas, entre otros, asegurando una correcta preparaci\u00f3n de los j\u00f3venes narradores.<br \/>\nLa fase clasificatoria se desarroll\u00f3 del 12 al 19 de septiembre, tras la cual se seleccionaron cinco finalistas para la gran final. Durante este per\u00edodo, los participantes recibieron talleres de capacitaci\u00f3n en artes esc\u00e9nicas, donde aprendieron narraci\u00f3n, expresi\u00f3n corporal, manejo de voz y adaptaci\u00f3n de textos para presentaciones de hasta diez minutos. La final se llevar\u00e1 a cabo el viernes 26 de septiembre, en el marco de la \u201cNoche del Museo y sus personajes\u201d.<br \/>\nEl jurado que acompa\u00f1\u00f3 en el proceso y que estar\u00e1 en la final est\u00e1 compuesto por representantes de elencos teatrales como Wi\u00f1ay, El Sol y el Elenco Teatral de la Universidad Privada Domingo Savio, quienes evaluar\u00e1n criterios como adaptaci\u00f3n de la obra, creatividad, dominio del escenario, expresi\u00f3n corporal y manejo de la voz. La premiaci\u00f3n de los tres primeros lugares se realizar\u00e1 el martes 30 de septiembre, a partir de las 10:00 horas, en un acto p\u00fablico donde se dar\u00e1 a conocer el veredicto final y se reconocer\u00e1 el esfuerzo de los j\u00f3venes narradores.<br \/>\nLa \u201cNoche del Museo y sus personajes\u201d est\u00e1 dise\u00f1ada para que cada sala del museo se transforme en un escenario vivo.<br \/>\nLa jornada se realiza en el marco del Bicentenario de Bolivia, a\u00f1o en que se busca conmemorar las ra\u00edces del pa\u00eds, rescatar las voces del pasado y revalorizar las tradiciones que fortalecen la identidad nacional.<br \/>\nPIE FOTO<\/p>\n<p>&nbsp;<\/p>\n","protected":false},"excerpt":{"rendered":"<p>La Casa Nacional de Moneda (CNM) abrir\u00e1 sus puertas hoy, viernes 26 de septiembre, desde las 17:00 horas, con la \u201cNoche del Museo y sus personajes\u201d, actividad que incluir\u00e1 la final de la 8va. versi\u00f3n del \u201cConcurso Cuenta Leyendas\u201d y que permitir\u00e1 a los visitantes vivir las historias en escena, a trav\u00e9s de dramatizaciones y [&hellip;]<\/p>\n","protected":false},"author":1,"featured_media":333902,"comment_status":"closed","ping_status":"open","sticky":false,"template":"","format":"standard","meta":{"_acf_changed":false,"footnotes":""},"categories":[8],"tags":[],"class_list":["post-333901","post","type-post","status-publish","format-standard","has-post-thumbnail","category-cultural"],"acf":{"antetitulo":"Potos\u00ed"},"yoast_head":"<!-- This site is optimized with the Yoast SEO plugin v28.4 - https:\/\/yoast.com\/product\/yoast-seo-wordpress\/ -->\n<title>Casa de Moneda vive \u201cNoche de Museo y personajes\u201d - El Diario - Bolivia<\/title>\n<meta name=\"robots\" content=\"index, follow, max-snippet:-1, max-image-preview:large, max-video-preview:-1\" \/>\n<link rel=\"canonical\" href=\"https:\/\/www.eldiario.net\/portal\/2025\/09\/26\/casa-de-moneda-vive-noche-de-museo-y-personajes\/\" \/>\n<meta property=\"og:locale\" content=\"es_ES\" \/>\n<meta property=\"og:type\" content=\"article\" \/>\n<meta property=\"og:title\" content=\"Casa de Moneda vive \u201cNoche de Museo y personajes\u201d - El Diario - Bolivia\" \/>\n<meta property=\"og:description\" content=\"La Casa Nacional de Moneda (CNM) abrir\u00e1 sus puertas hoy, viernes 26 de septiembre, desde las 17:00 horas, con la \u201cNoche del Museo y sus personajes\u201d, actividad que incluir\u00e1 la final de la 8va. versi\u00f3n del \u201cConcurso Cuenta Leyendas\u201d y que permitir\u00e1 a los visitantes vivir las historias en escena, a trav\u00e9s de dramatizaciones y [&hellip;]\" \/>\n<meta property=\"og:url\" content=\"https:\/\/www.eldiario.net\/portal\/2025\/09\/26\/casa-de-moneda-vive-noche-de-museo-y-personajes\/\" \/>\n<meta property=\"og:site_name\" content=\"El Diario - Bolivia\" \/>\n<meta property=\"article:publisher\" content=\"https:\/\/www.facebook.com\/eldiario.bolivia\/\" \/>\n<meta property=\"article:published_time\" content=\"2025-09-26T04:05:58+00:00\" \/>\n<meta property=\"og:image\" content=\"https:\/\/www.eldiario.net\/portal\/wp-content\/uploads\/2025\/09\/MONEDA.webp\" \/>\n\t<meta property=\"og:image:width\" content=\"1280\" \/>\n\t<meta property=\"og:image:height\" content=\"853\" \/>\n\t<meta property=\"og:image:type\" content=\"image\/webp\" \/>\n<meta name=\"author\" content=\"Jeanette\" \/>\n<meta name=\"twitter:card\" content=\"summary_large_image\" \/>\n<meta name=\"twitter:creator\" content=\"@eldiario_net\" \/>\n<meta name=\"twitter:site\" content=\"@eldiario_net\" \/>\n<meta name=\"twitter:label1\" content=\"Escrito por\" \/>\n\t<meta name=\"twitter:data1\" content=\"Jeanette\" \/>\n\t<meta name=\"twitter:label2\" content=\"Tiempo de lectura\" \/>\n\t<meta name=\"twitter:data2\" content=\"3 minutos\" \/>\n<script type=\"application\/ld+json\" class=\"yoast-schema-graph\">{\"@context\":\"https:\\\/\\\/schema.org\",\"@graph\":[{\"@type\":\"Article\",\"@id\":\"https:\\\/\\\/www.eldiario.net\\\/portal\\\/2025\\\/09\\\/26\\\/casa-de-moneda-vive-noche-de-museo-y-personajes\\\/#article\",\"isPartOf\":{\"@id\":\"https:\\\/\\\/www.eldiario.net\\\/portal\\\/2025\\\/09\\\/26\\\/casa-de-moneda-vive-noche-de-museo-y-personajes\\\/\"},\"author\":{\"name\":\"Jeanette\",\"@id\":\"https:\\\/\\\/www.eldiario.net\\\/portal\\\/#\\\/schema\\\/person\\\/2c57cf2b7a7ae032e449e4c9b1019eac\"},\"headline\":\"Casa de Moneda vive \u201cNoche de Museo y personajes\u201d\",\"datePublished\":\"2025-09-26T04:05:58+00:00\",\"mainEntityOfPage\":{\"@id\":\"https:\\\/\\\/www.eldiario.net\\\/portal\\\/2025\\\/09\\\/26\\\/casa-de-moneda-vive-noche-de-museo-y-personajes\\\/\"},\"wordCount\":480,\"publisher\":{\"@id\":\"https:\\\/\\\/www.eldiario.net\\\/portal\\\/#organization\"},\"image\":{\"@id\":\"https:\\\/\\\/www.eldiario.net\\\/portal\\\/2025\\\/09\\\/26\\\/casa-de-moneda-vive-noche-de-museo-y-personajes\\\/#primaryimage\"},\"thumbnailUrl\":\"https:\\\/\\\/www.eldiario.net\\\/portal\\\/wp-content\\\/uploads\\\/2025\\\/09\\\/MONEDA.webp\",\"articleSection\":[\"Cultural\"],\"inLanguage\":\"es\"},{\"@type\":\"WebPage\",\"@id\":\"https:\\\/\\\/www.eldiario.net\\\/portal\\\/2025\\\/09\\\/26\\\/casa-de-moneda-vive-noche-de-museo-y-personajes\\\/\",\"url\":\"https:\\\/\\\/www.eldiario.net\\\/portal\\\/2025\\\/09\\\/26\\\/casa-de-moneda-vive-noche-de-museo-y-personajes\\\/\",\"name\":\"Casa de Moneda vive \u201cNoche de Museo y personajes\u201d - El Diario - Bolivia\",\"isPartOf\":{\"@id\":\"https:\\\/\\\/www.eldiario.net\\\/portal\\\/#website\"},\"primaryImageOfPage\":{\"@id\":\"https:\\\/\\\/www.eldiario.net\\\/portal\\\/2025\\\/09\\\/26\\\/casa-de-moneda-vive-noche-de-museo-y-personajes\\\/#primaryimage\"},\"image\":{\"@id\":\"https:\\\/\\\/www.eldiario.net\\\/portal\\\/2025\\\/09\\\/26\\\/casa-de-moneda-vive-noche-de-museo-y-personajes\\\/#primaryimage\"},\"thumbnailUrl\":\"https:\\\/\\\/www.eldiario.net\\\/portal\\\/wp-content\\\/uploads\\\/2025\\\/09\\\/MONEDA.webp\",\"datePublished\":\"2025-09-26T04:05:58+00:00\",\"breadcrumb\":{\"@id\":\"https:\\\/\\\/www.eldiario.net\\\/portal\\\/2025\\\/09\\\/26\\\/casa-de-moneda-vive-noche-de-museo-y-personajes\\\/#breadcrumb\"},\"inLanguage\":\"es\",\"potentialAction\":[{\"@type\":\"ReadAction\",\"target\":[\"https:\\\/\\\/www.eldiario.net\\\/portal\\\/2025\\\/09\\\/26\\\/casa-de-moneda-vive-noche-de-museo-y-personajes\\\/\"]}]},{\"@type\":\"ImageObject\",\"inLanguage\":\"es\",\"@id\":\"https:\\\/\\\/www.eldiario.net\\\/portal\\\/2025\\\/09\\\/26\\\/casa-de-moneda-vive-noche-de-museo-y-personajes\\\/#primaryimage\",\"url\":\"https:\\\/\\\/www.eldiario.net\\\/portal\\\/wp-content\\\/uploads\\\/2025\\\/09\\\/MONEDA.webp\",\"contentUrl\":\"https:\\\/\\\/www.eldiario.net\\\/portal\\\/wp-content\\\/uploads\\\/2025\\\/09\\\/MONEDA.webp\",\"width\":1280,\"height\":853,\"caption\":\"LA CASA NACIONAL DE MONEDA REAFIRMA SU PAPEL COMO ESPACIO DE PRESERVACI\u00d3N PATRIMONIAL Y PROMOCI\u00d3N CULTURAL.\"},{\"@type\":\"BreadcrumbList\",\"@id\":\"https:\\\/\\\/www.eldiario.net\\\/portal\\\/2025\\\/09\\\/26\\\/casa-de-moneda-vive-noche-de-museo-y-personajes\\\/#breadcrumb\",\"itemListElement\":[{\"@type\":\"ListItem\",\"position\":1,\"name\":\"Portada\",\"item\":\"https:\\\/\\\/www.eldiario.net\\\/portal\\\/\"},{\"@type\":\"ListItem\",\"position\":2,\"name\":\"Casa de Moneda vive \u201cNoche de Museo y personajes\u201d\"}]},{\"@type\":\"WebSite\",\"@id\":\"https:\\\/\\\/www.eldiario.net\\\/portal\\\/#website\",\"url\":\"https:\\\/\\\/www.eldiario.net\\\/portal\\\/\",\"name\":\"El Diario - Decano de la prensa nacional\",\"description\":\"El Diario - Decano de la prensa nacional\",\"publisher\":{\"@id\":\"https:\\\/\\\/www.eldiario.net\\\/portal\\\/#organization\"},\"potentialAction\":[{\"@type\":\"SearchAction\",\"target\":{\"@type\":\"EntryPoint\",\"urlTemplate\":\"https:\\\/\\\/www.eldiario.net\\\/portal\\\/?s={search_term_string}\"},\"query-input\":{\"@type\":\"PropertyValueSpecification\",\"valueRequired\":true,\"valueName\":\"search_term_string\"}}],\"inLanguage\":\"es\"},{\"@type\":\"Organization\",\"@id\":\"https:\\\/\\\/www.eldiario.net\\\/portal\\\/#organization\",\"name\":\"El Diario - Decano de la prensa nacional\",\"url\":\"https:\\\/\\\/www.eldiario.net\\\/portal\\\/\",\"logo\":{\"@type\":\"ImageObject\",\"inLanguage\":\"es\",\"@id\":\"https:\\\/\\\/www.eldiario.net\\\/portal\\\/#\\\/schema\\\/logo\\\/image\\\/\",\"url\":\"https:\\\/\\\/www.eldiario.net\\\/portal\\\/wp-content\\\/uploads\\\/2023\\\/07\\\/logo_ED.jpg\",\"contentUrl\":\"https:\\\/\\\/www.eldiario.net\\\/portal\\\/wp-content\\\/uploads\\\/2023\\\/07\\\/logo_ED.jpg\",\"width\":272,\"height\":52,\"caption\":\"El Diario - Decano de la prensa nacional\"},\"image\":{\"@id\":\"https:\\\/\\\/www.eldiario.net\\\/portal\\\/#\\\/schema\\\/logo\\\/image\\\/\"},\"sameAs\":[\"https:\\\/\\\/www.facebook.com\\\/eldiario.bolivia\\\/\",\"https:\\\/\\\/x.com\\\/eldiario_net\"]},{\"@type\":\"Person\",\"@id\":\"https:\\\/\\\/www.eldiario.net\\\/portal\\\/#\\\/schema\\\/person\\\/2c57cf2b7a7ae032e449e4c9b1019eac\",\"name\":\"Jeanette\",\"image\":{\"@type\":\"ImageObject\",\"inLanguage\":\"es\",\"@id\":\"https:\\\/\\\/secure.gravatar.com\\\/avatar\\\/3ea2118a5f7dad2b7138b1187a6b7ee55f160b9968b66013c3a3ef39dd7e5798?s=96&d=mm&r=g\",\"url\":\"https:\\\/\\\/secure.gravatar.com\\\/avatar\\\/3ea2118a5f7dad2b7138b1187a6b7ee55f160b9968b66013c3a3ef39dd7e5798?s=96&d=mm&r=g\",\"contentUrl\":\"https:\\\/\\\/secure.gravatar.com\\\/avatar\\\/3ea2118a5f7dad2b7138b1187a6b7ee55f160b9968b66013c3a3ef39dd7e5798?s=96&d=mm&r=g\",\"caption\":\"Jeanette\"},\"sameAs\":[\"https:\\\/\\\/www.eldiario.net\\\/portal\"],\"url\":\"https:\\\/\\\/www.eldiario.net\\\/portal\\\/author\\\/jeanette\\\/\"}]}<\/script>\n<!-- \/ Yoast SEO plugin. -->","yoast_head_json":{"title":"Casa de Moneda vive \u201cNoche de Museo y personajes\u201d - El Diario - Bolivia","robots":{"index":"index","follow":"follow","max-snippet":"max-snippet:-1","max-image-preview":"max-image-preview:large","max-video-preview":"max-video-preview:-1"},"canonical":"https:\/\/www.eldiario.net\/portal\/2025\/09\/26\/casa-de-moneda-vive-noche-de-museo-y-personajes\/","og_locale":"es_ES","og_type":"article","og_title":"Casa de Moneda vive \u201cNoche de Museo y personajes\u201d - El Diario - Bolivia","og_description":"La Casa Nacional de Moneda (CNM) abrir\u00e1 sus puertas hoy, viernes 26 de septiembre, desde las 17:00 horas, con la \u201cNoche del Museo y sus personajes\u201d, actividad que incluir\u00e1 la final de la 8va. versi\u00f3n del \u201cConcurso Cuenta Leyendas\u201d y que permitir\u00e1 a los visitantes vivir las historias en escena, a trav\u00e9s de dramatizaciones y [&hellip;]","og_url":"https:\/\/www.eldiario.net\/portal\/2025\/09\/26\/casa-de-moneda-vive-noche-de-museo-y-personajes\/","og_site_name":"El Diario - Bolivia","article_publisher":"https:\/\/www.facebook.com\/eldiario.bolivia\/","article_published_time":"2025-09-26T04:05:58+00:00","og_image":[{"width":1280,"height":853,"url":"https:\/\/www.eldiario.net\/portal\/wp-content\/uploads\/2025\/09\/MONEDA.webp","type":"image\/webp"}],"author":"Jeanette","twitter_card":"summary_large_image","twitter_creator":"@eldiario_net","twitter_site":"@eldiario_net","twitter_misc":{"Escrito por":"Jeanette","Tiempo de lectura":"3 minutos"},"schema":{"@context":"https:\/\/schema.org","@graph":[{"@type":"Article","@id":"https:\/\/www.eldiario.net\/portal\/2025\/09\/26\/casa-de-moneda-vive-noche-de-museo-y-personajes\/#article","isPartOf":{"@id":"https:\/\/www.eldiario.net\/portal\/2025\/09\/26\/casa-de-moneda-vive-noche-de-museo-y-personajes\/"},"author":{"name":"Jeanette","@id":"https:\/\/www.eldiario.net\/portal\/#\/schema\/person\/2c57cf2b7a7ae032e449e4c9b1019eac"},"headline":"Casa de Moneda vive \u201cNoche de Museo y personajes\u201d","datePublished":"2025-09-26T04:05:58+00:00","mainEntityOfPage":{"@id":"https:\/\/www.eldiario.net\/portal\/2025\/09\/26\/casa-de-moneda-vive-noche-de-museo-y-personajes\/"},"wordCount":480,"publisher":{"@id":"https:\/\/www.eldiario.net\/portal\/#organization"},"image":{"@id":"https:\/\/www.eldiario.net\/portal\/2025\/09\/26\/casa-de-moneda-vive-noche-de-museo-y-personajes\/#primaryimage"},"thumbnailUrl":"https:\/\/www.eldiario.net\/portal\/wp-content\/uploads\/2025\/09\/MONEDA.webp","articleSection":["Cultural"],"inLanguage":"es"},{"@type":"WebPage","@id":"https:\/\/www.eldiario.net\/portal\/2025\/09\/26\/casa-de-moneda-vive-noche-de-museo-y-personajes\/","url":"https:\/\/www.eldiario.net\/portal\/2025\/09\/26\/casa-de-moneda-vive-noche-de-museo-y-personajes\/","name":"Casa de Moneda vive \u201cNoche de Museo y personajes\u201d - El Diario - Bolivia","isPartOf":{"@id":"https:\/\/www.eldiario.net\/portal\/#website"},"primaryImageOfPage":{"@id":"https:\/\/www.eldiario.net\/portal\/2025\/09\/26\/casa-de-moneda-vive-noche-de-museo-y-personajes\/#primaryimage"},"image":{"@id":"https:\/\/www.eldiario.net\/portal\/2025\/09\/26\/casa-de-moneda-vive-noche-de-museo-y-personajes\/#primaryimage"},"thumbnailUrl":"https:\/\/www.eldiario.net\/portal\/wp-content\/uploads\/2025\/09\/MONEDA.webp","datePublished":"2025-09-26T04:05:58+00:00","breadcrumb":{"@id":"https:\/\/www.eldiario.net\/portal\/2025\/09\/26\/casa-de-moneda-vive-noche-de-museo-y-personajes\/#breadcrumb"},"inLanguage":"es","potentialAction":[{"@type":"ReadAction","target":["https:\/\/www.eldiario.net\/portal\/2025\/09\/26\/casa-de-moneda-vive-noche-de-museo-y-personajes\/"]}]},{"@type":"ImageObject","inLanguage":"es","@id":"https:\/\/www.eldiario.net\/portal\/2025\/09\/26\/casa-de-moneda-vive-noche-de-museo-y-personajes\/#primaryimage","url":"https:\/\/www.eldiario.net\/portal\/wp-content\/uploads\/2025\/09\/MONEDA.webp","contentUrl":"https:\/\/www.eldiario.net\/portal\/wp-content\/uploads\/2025\/09\/MONEDA.webp","width":1280,"height":853,"caption":"LA CASA NACIONAL DE MONEDA REAFIRMA SU PAPEL COMO ESPACIO DE PRESERVACI\u00d3N PATRIMONIAL Y PROMOCI\u00d3N CULTURAL."},{"@type":"BreadcrumbList","@id":"https:\/\/www.eldiario.net\/portal\/2025\/09\/26\/casa-de-moneda-vive-noche-de-museo-y-personajes\/#breadcrumb","itemListElement":[{"@type":"ListItem","position":1,"name":"Portada","item":"https:\/\/www.eldiario.net\/portal\/"},{"@type":"ListItem","position":2,"name":"Casa de Moneda vive \u201cNoche de Museo y personajes\u201d"}]},{"@type":"WebSite","@id":"https:\/\/www.eldiario.net\/portal\/#website","url":"https:\/\/www.eldiario.net\/portal\/","name":"El Diario - Decano de la prensa nacional","description":"El Diario - Decano de la prensa nacional","publisher":{"@id":"https:\/\/www.eldiario.net\/portal\/#organization"},"potentialAction":[{"@type":"SearchAction","target":{"@type":"EntryPoint","urlTemplate":"https:\/\/www.eldiario.net\/portal\/?s={search_term_string}"},"query-input":{"@type":"PropertyValueSpecification","valueRequired":true,"valueName":"search_term_string"}}],"inLanguage":"es"},{"@type":"Organization","@id":"https:\/\/www.eldiario.net\/portal\/#organization","name":"El Diario - Decano de la prensa nacional","url":"https:\/\/www.eldiario.net\/portal\/","logo":{"@type":"ImageObject","inLanguage":"es","@id":"https:\/\/www.eldiario.net\/portal\/#\/schema\/logo\/image\/","url":"https:\/\/www.eldiario.net\/portal\/wp-content\/uploads\/2023\/07\/logo_ED.jpg","contentUrl":"https:\/\/www.eldiario.net\/portal\/wp-content\/uploads\/2023\/07\/logo_ED.jpg","width":272,"height":52,"caption":"El Diario - Decano de la prensa nacional"},"image":{"@id":"https:\/\/www.eldiario.net\/portal\/#\/schema\/logo\/image\/"},"sameAs":["https:\/\/www.facebook.com\/eldiario.bolivia\/","https:\/\/x.com\/eldiario_net"]},{"@type":"Person","@id":"https:\/\/www.eldiario.net\/portal\/#\/schema\/person\/2c57cf2b7a7ae032e449e4c9b1019eac","name":"Jeanette","image":{"@type":"ImageObject","inLanguage":"es","@id":"https:\/\/secure.gravatar.com\/avatar\/3ea2118a5f7dad2b7138b1187a6b7ee55f160b9968b66013c3a3ef39dd7e5798?s=96&d=mm&r=g","url":"https:\/\/secure.gravatar.com\/avatar\/3ea2118a5f7dad2b7138b1187a6b7ee55f160b9968b66013c3a3ef39dd7e5798?s=96&d=mm&r=g","contentUrl":"https:\/\/secure.gravatar.com\/avatar\/3ea2118a5f7dad2b7138b1187a6b7ee55f160b9968b66013c3a3ef39dd7e5798?s=96&d=mm&r=g","caption":"Jeanette"},"sameAs":["https:\/\/www.eldiario.net\/portal"],"url":"https:\/\/www.eldiario.net\/portal\/author\/jeanette\/"}]}},"_links":{"self":[{"href":"https:\/\/www.eldiario.net\/portal\/wp-json\/wp\/v2\/posts\/333901","targetHints":{"allow":["GET"]}}],"collection":[{"href":"https:\/\/www.eldiario.net\/portal\/wp-json\/wp\/v2\/posts"}],"about":[{"href":"https:\/\/www.eldiario.net\/portal\/wp-json\/wp\/v2\/types\/post"}],"author":[{"embeddable":true,"href":"https:\/\/www.eldiario.net\/portal\/wp-json\/wp\/v2\/users\/1"}],"replies":[{"embeddable":true,"href":"https:\/\/www.eldiario.net\/portal\/wp-json\/wp\/v2\/comments?post=333901"}],"version-history":[{"count":1,"href":"https:\/\/www.eldiario.net\/portal\/wp-json\/wp\/v2\/posts\/333901\/revisions"}],"predecessor-version":[{"id":333903,"href":"https:\/\/www.eldiario.net\/portal\/wp-json\/wp\/v2\/posts\/333901\/revisions\/333903"}],"wp:featuredmedia":[{"embeddable":true,"href":"https:\/\/www.eldiario.net\/portal\/wp-json\/wp\/v2\/media\/333902"}],"wp:attachment":[{"href":"https:\/\/www.eldiario.net\/portal\/wp-json\/wp\/v2\/media?parent=333901"}],"wp:term":[{"taxonomy":"category","embeddable":true,"href":"https:\/\/www.eldiario.net\/portal\/wp-json\/wp\/v2\/categories?post=333901"},{"taxonomy":"post_tag","embeddable":true,"href":"https:\/\/www.eldiario.net\/portal\/wp-json\/wp\/v2\/tags?post=333901"}],"curies":[{"name":"wp","href":"https:\/\/api.w.org\/{rel}","templated":true}]}}