{"id":333824,"date":"2025-09-26T00:39:55","date_gmt":"2025-09-26T04:39:55","guid":{"rendered":"https:\/\/www.eldiario.net\/portal\/?p=333824"},"modified":"2025-09-25T22:44:53","modified_gmt":"2025-09-26T02:44:53","slug":"emotiva-celebracion-de-la-independencia-de-mexico","status":"publish","type":"post","link":"https:\/\/www.eldiario.net\/portal\/2025\/09\/26\/emotiva-celebracion-de-la-independencia-de-mexico\/","title":{"rendered":"Emotiva celebraci\u00f3n de la Independencia de M\u00e9xico"},"content":{"rendered":"<p>Los jardines de La Paz Golf Club de Mallasilla se vistieron de verde, blanco y rojo para celebrar el 215 aniversario del inicio de la independencia de M\u00e9xico. El embajador Eduardo Sosa Cu\u00e9vas y su esposa, Luciana Iovine, fueron los anfitriones de este evento que congreg\u00f3 a centenares de personalidades del quehacer nacional y a la comunidad mexicana, creando un lazo de uni\u00f3n y nostalgia.<br \/>\nLa ceremonia conmemor\u00f3 el hist\u00f3rico Grito de Dolores de 1810 y honr\u00f3 a los valientes que dieron su vida por la libertad. El discurso del embajador destac\u00f3 a los h\u00e9roes Miguel Hidalgo, Jos\u00e9 Mar\u00eda Morelos y Vicente Guerrero, y en particular, a las hero\u00ednas Josefa Ortiz de Dom\u00ednguez y Leona Vicario, reconociendo su papel crucial. Resalt\u00f3 tambi\u00e9n el significado de la bandera mexicana, con el \u00e1guila devorando la serpiente como s\u00edmbolo de la capacidad de la naci\u00f3n para transformar la adversidad en fuerza.<br \/>\nEl diplom\u00e1tico tambi\u00e9n enfatiz\u00f3 la rica historia de M\u00e9xico, construida a partir de la herencia prehisp\u00e1nica, el esplendor colonial y un presente que combina tradici\u00f3n y modernidad, adem\u00e1s de subrayar la importancia de la identidad sincr\u00e9tica mexicana, \u00abque se lleva en el himno, el sabor del mole y la cochinita pibil, y en el sonido de un mariachi\u00bb. El festejo patrio cobr\u00f3 un significado especial, cuando el Embajador celebr\u00f3 tambi\u00e9n por los 200 a\u00f1os de vida de Bolivia, \u00abpa\u00eds hermano, unido por la historia y el sue\u00f1o de justicia social\u00bb.<br \/>\nLa celebraci\u00f3n, patrocinada por empresas como Grupo Minero Sinchi Huayra, Jos\u00e9 Cuervo, Cerveza Corona, CBN, Coca Cola, paletas Yucat\u00e1n, entre otros, cont\u00f3 con la m\u00fasica de Alejandra Pareja y el Ensamble Sariri, Mariachi Los Reales y Rey y su Tumbao. El embajador Sosa agradeci\u00f3 a los asistentes y colaboradores, reafirmando que ser mexicano no depende del lugar, sino del amor a la patria. La celebraci\u00f3n culmin\u00f3 con un solemne brindis por ambas naciones y el tradicional Grito de Independencia, que hizo vibrar los corazones de todos los presentes, quienes, posteriormente, disfrutaron de un almuerzo buffet de patillos mexicanos.<br \/>\nEn representaci\u00f3n del Gobierno boliviano, pronunci\u00f3 un discurso el viceministro de Comercio Exterior e Integraci\u00f3n, Hu\u00e1scar Ajata.<\/p>\n\r\n                <style type=\"text\/css\">\r\n                    \r\n                    #tdi_1  .td-doubleSlider-2 .td-item1 {\r\n                        background: url(https:\/\/www.eldiario.net\/portal\/wp-content\/uploads\/2025\/09\/DSC_1314-80x60.webp) 0 0 no-repeat;\r\n                    }\r\n                    #tdi_1  .td-doubleSlider-2 .td-item2 {\r\n                        background: url(https:\/\/www.eldiario.net\/portal\/wp-content\/uploads\/2025\/09\/DSC_1317-80x60.webp) 0 0 no-repeat;\r\n                    }\r\n                    #tdi_1  .td-doubleSlider-2 .td-item3 {\r\n                        background: url(https:\/\/www.eldiario.net\/portal\/wp-content\/uploads\/2025\/09\/DSC_1319-80x60.webp) 0 0 no-repeat;\r\n                    }\r\n                    #tdi_1  .td-doubleSlider-2 .td-item4 {\r\n                        background: url(https:\/\/www.eldiario.net\/portal\/wp-content\/uploads\/2025\/09\/DSC_1323-80x60.webp) 0 0 no-repeat;\r\n                    }\r\n                    #tdi_1  .td-doubleSlider-2 .td-item5 {\r\n                        background: url(https:\/\/www.eldiario.net\/portal\/wp-content\/uploads\/2025\/09\/DSC_1336-80x60.webp) 0 0 no-repeat;\r\n                    }\r\n                    #tdi_1  .td-doubleSlider-2 .td-item6 {\r\n                        background: url(https:\/\/www.eldiario.net\/portal\/wp-content\/uploads\/2025\/09\/DSC_1383-80x60.webp) 0 0 no-repeat;\r\n                    }\r\n                    #tdi_1  .td-doubleSlider-2 .td-item7 {\r\n                        background: url(https:\/\/www.eldiario.net\/portal\/wp-content\/uploads\/2025\/09\/DSC_1450-80x60.webp) 0 0 no-repeat;\r\n                    }\r\n                    #tdi_1  .td-doubleSlider-2 .td-item8 {\r\n                        background: url(https:\/\/www.eldiario.net\/portal\/wp-content\/uploads\/2025\/09\/DSC_1454-80x60.webp) 0 0 no-repeat;\r\n                    }\r\n                    #tdi_1  .td-doubleSlider-2 .td-item9 {\r\n                        background: url(https:\/\/www.eldiario.net\/portal\/wp-content\/uploads\/2025\/09\/DSC_1464-80x60.webp) 0 0 no-repeat;\r\n                    }\r\n                    #tdi_1  .td-doubleSlider-2 .td-item10 {\r\n                        background: url(https:\/\/www.eldiario.net\/portal\/wp-content\/uploads\/2025\/09\/DSC_1236-80x60.webp) 0 0 no-repeat;\r\n                    }\r\n                    #tdi_1  .td-doubleSlider-2 .td-item11 {\r\n                        background: url(https:\/\/www.eldiario.net\/portal\/wp-content\/uploads\/2025\/09\/DSC_1256-80x60.webp) 0 0 no-repeat;\r\n                    }\r\n                    #tdi_1  .td-doubleSlider-2 .td-item12 {\r\n                        background: url(https:\/\/www.eldiario.net\/portal\/wp-content\/uploads\/2025\/09\/DSC_1271-80x60.webp) 0 0 no-repeat;\r\n                    }\r\n                    #tdi_1  .td-doubleSlider-2 .td-item13 {\r\n                        background: url(https:\/\/www.eldiario.net\/portal\/wp-content\/uploads\/2025\/09\/DSC_1274-80x60.webp) 0 0 no-repeat;\r\n                    }\r\n                    #tdi_1  .td-doubleSlider-2 .td-item14 {\r\n                        background: url(https:\/\/www.eldiario.net\/portal\/wp-content\/uploads\/2025\/09\/DSC_1276-80x60.webp) 0 0 no-repeat;\r\n                    }\r\n                    #tdi_1  .td-doubleSlider-2 .td-item15 {\r\n                        background: url(https:\/\/www.eldiario.net\/portal\/wp-content\/uploads\/2025\/09\/DSC_1281-80x60.webp) 0 0 no-repeat;\r\n                    }\r\n                    #tdi_1  .td-doubleSlider-2 .td-item16 {\r\n                        background: url(https:\/\/www.eldiario.net\/portal\/wp-content\/uploads\/2025\/09\/DSC_1283-80x60.webp) 0 0 no-repeat;\r\n                    }\r\n                    #tdi_1  .td-doubleSlider-2 .td-item17 {\r\n                        background: url(https:\/\/www.eldiario.net\/portal\/wp-content\/uploads\/2025\/09\/DSC_1290-80x60.webp) 0 0 no-repeat;\r\n                    }\r\n                    #tdi_1  .td-doubleSlider-2 .td-item18 {\r\n                        background: url(https:\/\/www.eldiario.net\/portal\/wp-content\/uploads\/2025\/09\/DSC_1294-80x60.webp) 0 0 no-repeat;\r\n                    }\r\n                    #tdi_1  .td-doubleSlider-2 .td-item19 {\r\n                        background: url(https:\/\/www.eldiario.net\/portal\/wp-content\/uploads\/2025\/09\/DSC_1296-80x60.webp) 0 0 no-repeat;\r\n                    }\r\n                    #tdi_1  .td-doubleSlider-2 .td-item20 {\r\n                        background: url(https:\/\/www.eldiario.net\/portal\/wp-content\/uploads\/2025\/09\/DSC_1299-80x60.webp) 0 0 no-repeat;\r\n                    }\r\n                    #tdi_1  .td-doubleSlider-2 .td-item21 {\r\n                        background: url(https:\/\/www.eldiario.net\/portal\/wp-content\/uploads\/2025\/09\/DSC_1302-80x60.webp) 0 0 no-repeat;\r\n                    }\r\n                    #tdi_1  .td-doubleSlider-2 .td-item22 {\r\n                        background: url(https:\/\/www.eldiario.net\/portal\/wp-content\/uploads\/2025\/09\/DSC_1304-80x60.webp) 0 0 no-repeat;\r\n                    }\r\n                    #tdi_1  .td-doubleSlider-2 .td-item23 {\r\n                        background: url(https:\/\/www.eldiario.net\/portal\/wp-content\/uploads\/2025\/09\/DSC_1306-80x60.webp) 0 0 no-repeat;\r\n                    }\r\n                    #tdi_1  .td-doubleSlider-2 .td-item24 {\r\n                        background: url(https:\/\/www.eldiario.net\/portal\/wp-content\/uploads\/2025\/09\/DSC_1311-80x60.webp) 0 0 no-repeat;\r\n                    }\r\n                <\/style>\r\n\r\n                <div id=\"tdi_1\" class=\"td-gallery td-slide-on-2-columns\">\r\n                    <div class=\"post_td_gallery\">\r\n                        <div class=\"td-gallery-slide-top\">\r\n                           <div class=\"td-gallery-title\"><\/div>\r\n\r\n                            <div class=\"td-gallery-controls-wrapper\">\r\n                                <div class=\"td-gallery-slide-count\"><span class=\"td-gallery-slide-item-focus\">1<\/span> de 24<\/div>\r\n                                <div class=\"td-gallery-slide-prev-next-but\">\r\n                                    <i class = \"td-icon-left doubleSliderPrevButton\"><\/i>\r\n                                    <i class = \"td-icon-right doubleSliderNextButton\"><\/i>\r\n                                <\/div>\r\n                            <\/div>\r\n                        <\/div>\r\n\r\n                        <div class = \"td-doubleSlider-1 \">\r\n                            <div class = \"td-slider\">\r\n                                \r\n                    <div class = \"td-slide-item td-item1\">\r\n                        <figure class=\"td-slide-galery-figure td-slide-popup-gallery\">\r\n                            <a class=\"slide-gallery-image-link\" href=\"https:\/\/www.eldiario.net\/portal\/wp-content\/uploads\/2025\/09\/DSC_1314.webp\" title=\"DSC_1314\"  data-caption=\"\"  data-description=\"\">\r\n                                <img decoding=\"async\" src=\"https:\/\/www.eldiario.net\/portal\/wp-content\/uploads\/2025\/09\/DSC_1314-629x420.webp\" srcset=\"https:\/\/www.eldiario.net\/portal\/wp-content\/uploads\/2025\/09\/DSC_1314-629x420.webp 629w, https:\/\/www.eldiario.net\/portal\/wp-content\/uploads\/2025\/09\/DSC_1314-300x200.webp 300w, https:\/\/www.eldiario.net\/portal\/wp-content\/uploads\/2025\/09\/DSC_1314-1024x684.webp 1024w, https:\/\/www.eldiario.net\/portal\/wp-content\/uploads\/2025\/09\/DSC_1314-768x513.webp 768w, https:\/\/www.eldiario.net\/portal\/wp-content\/uploads\/2025\/09\/DSC_1314-150x100.webp 150w, https:\/\/www.eldiario.net\/portal\/wp-content\/uploads\/2025\/09\/DSC_1314-696x465.webp 696w, https:\/\/www.eldiario.net\/portal\/wp-content\/uploads\/2025\/09\/DSC_1314-1068x713.webp 1068w, https:\/\/www.eldiario.net\/portal\/wp-content\/uploads\/2025\/09\/DSC_1314.webp 1200w\" sizes=\"(max-width: 629px) 100vw, 629px\" alt=\"\">\r\n                            <\/a>\r\n                            \r\n                        <\/figure>\r\n                    <\/div>\r\n                    <div class = \"td-slide-item td-item2\">\r\n                        <figure class=\"td-slide-galery-figure td-slide-popup-gallery\">\r\n                            <a class=\"slide-gallery-image-link\" href=\"https:\/\/www.eldiario.net\/portal\/wp-content\/uploads\/2025\/09\/DSC_1317.webp\" title=\"DSC_1317\"  data-caption=\"C\u00c9SAR GONZ\u00c1LEZ, VICENTE ROMERO Y EVELIA ARIAS.\"  data-description=\"\">\r\n                                <img decoding=\"async\" src=\"https:\/\/www.eldiario.net\/portal\/wp-content\/uploads\/2025\/09\/DSC_1317-629x420.webp\" srcset=\"https:\/\/www.eldiario.net\/portal\/wp-content\/uploads\/2025\/09\/DSC_1317-629x420.webp 629w, https:\/\/www.eldiario.net\/portal\/wp-content\/uploads\/2025\/09\/DSC_1317-300x200.webp 300w, https:\/\/www.eldiario.net\/portal\/wp-content\/uploads\/2025\/09\/DSC_1317-1024x684.webp 1024w, https:\/\/www.eldiario.net\/portal\/wp-content\/uploads\/2025\/09\/DSC_1317-768x513.webp 768w, https:\/\/www.eldiario.net\/portal\/wp-content\/uploads\/2025\/09\/DSC_1317-150x100.webp 150w, https:\/\/www.eldiario.net\/portal\/wp-content\/uploads\/2025\/09\/DSC_1317-696x465.webp 696w, https:\/\/www.eldiario.net\/portal\/wp-content\/uploads\/2025\/09\/DSC_1317-1068x713.webp 1068w, https:\/\/www.eldiario.net\/portal\/wp-content\/uploads\/2025\/09\/DSC_1317.webp 1200w\" sizes=\"(max-width: 629px) 100vw, 629px\" alt=\"\">\r\n                            <\/a>\r\n                            <figcaption class = \"td-slide-caption td-gallery-slide-content\"><div class = \"td-gallery-slide-copywrite\">C\u00c9SAR GONZ\u00c1LEZ, VICENTE ROMERO Y EVELIA ARIAS.<\/div><\/figcaption>\r\n                        <\/figure>\r\n                    <\/div>\r\n                    <div class = \"td-slide-item td-item3\">\r\n                        <figure class=\"td-slide-galery-figure td-slide-popup-gallery\">\r\n                            <a class=\"slide-gallery-image-link\" href=\"https:\/\/www.eldiario.net\/portal\/wp-content\/uploads\/2025\/09\/DSC_1319.webp\" title=\"DSC_1319\"  data-caption=\"JOE TORDELLA Y GUILLEM MANSO.\"  data-description=\"\">\r\n                                <img decoding=\"async\" src=\"https:\/\/www.eldiario.net\/portal\/wp-content\/uploads\/2025\/09\/DSC_1319-629x420.webp\" srcset=\"https:\/\/www.eldiario.net\/portal\/wp-content\/uploads\/2025\/09\/DSC_1319-629x420.webp 629w, https:\/\/www.eldiario.net\/portal\/wp-content\/uploads\/2025\/09\/DSC_1319-300x200.webp 300w, https:\/\/www.eldiario.net\/portal\/wp-content\/uploads\/2025\/09\/DSC_1319-1024x684.webp 1024w, https:\/\/www.eldiario.net\/portal\/wp-content\/uploads\/2025\/09\/DSC_1319-768x513.webp 768w, https:\/\/www.eldiario.net\/portal\/wp-content\/uploads\/2025\/09\/DSC_1319-150x100.webp 150w, https:\/\/www.eldiario.net\/portal\/wp-content\/uploads\/2025\/09\/DSC_1319-696x465.webp 696w, https:\/\/www.eldiario.net\/portal\/wp-content\/uploads\/2025\/09\/DSC_1319-1068x713.webp 1068w, https:\/\/www.eldiario.net\/portal\/wp-content\/uploads\/2025\/09\/DSC_1319.webp 1200w\" sizes=\"(max-width: 629px) 100vw, 629px\" alt=\"\">\r\n                            <\/a>\r\n                            <figcaption class = \"td-slide-caption td-gallery-slide-content\"><div class = \"td-gallery-slide-copywrite\">JOE TORDELLA Y GUILLEM MANSO.<\/div><\/figcaption>\r\n                        <\/figure>\r\n                    <\/div>\r\n                    <div class = \"td-slide-item td-item4\">\r\n                        <figure class=\"td-slide-galery-figure td-slide-popup-gallery\">\r\n                            <a class=\"slide-gallery-image-link\" href=\"https:\/\/www.eldiario.net\/portal\/wp-content\/uploads\/2025\/09\/DSC_1323.webp\" title=\"DSC_1323\"  data-caption=\"EMBAJADORES FERNANDO MARR (URUGUAY), MARCELO MASSONI (ARGENTINA), JAUME SEGURA (UE), CATALINA OLIVERO DE MASSONI; OLIVIER FONTAN (FRANCIA), Y JOS\u00c9 SCHULZ (ALEMANIA).\"  data-description=\"\">\r\n                                <img decoding=\"async\" src=\"https:\/\/www.eldiario.net\/portal\/wp-content\/uploads\/2025\/09\/DSC_1323-629x420.webp\" srcset=\"https:\/\/www.eldiario.net\/portal\/wp-content\/uploads\/2025\/09\/DSC_1323-629x420.webp 629w, https:\/\/www.eldiario.net\/portal\/wp-content\/uploads\/2025\/09\/DSC_1323-300x200.webp 300w, https:\/\/www.eldiario.net\/portal\/wp-content\/uploads\/2025\/09\/DSC_1323-1024x684.webp 1024w, https:\/\/www.eldiario.net\/portal\/wp-content\/uploads\/2025\/09\/DSC_1323-768x513.webp 768w, https:\/\/www.eldiario.net\/portal\/wp-content\/uploads\/2025\/09\/DSC_1323-150x100.webp 150w, https:\/\/www.eldiario.net\/portal\/wp-content\/uploads\/2025\/09\/DSC_1323-696x465.webp 696w, https:\/\/www.eldiario.net\/portal\/wp-content\/uploads\/2025\/09\/DSC_1323-1068x713.webp 1068w, https:\/\/www.eldiario.net\/portal\/wp-content\/uploads\/2025\/09\/DSC_1323.webp 1200w\" sizes=\"(max-width: 629px) 100vw, 629px\" alt=\"\">\r\n                            <\/a>\r\n                            <figcaption class = \"td-slide-caption td-gallery-slide-content\"><div class = \"td-gallery-slide-copywrite\">EMBAJADORES FERNANDO MARR (URUGUAY), MARCELO MASSONI (ARGENTINA), JAUME SEGURA (UE), CATALINA OLIVERO DE MASSONI; OLIVIER FONTAN (FRANCIA), Y JOS\u00c9 SCHULZ (ALEMANIA).<\/div><\/figcaption>\r\n                        <\/figure>\r\n                    <\/div>\r\n                    <div class = \"td-slide-item td-item5\">\r\n                        <figure class=\"td-slide-galery-figure td-slide-popup-gallery\">\r\n                            <a class=\"slide-gallery-image-link\" href=\"https:\/\/www.eldiario.net\/portal\/wp-content\/uploads\/2025\/09\/DSC_1336.webp\" title=\"DSC_1336\"  data-caption=\"HU\u00c1SCAR AJATA, VICEMINISTRO DE COM. EXTERIOR; EDUARDO SOSA, EMBAJADOR M\u00c9XICO; FERNANDO P\u00c9REZ, VICEMINISTTRO GESTI\u00d3N CONSULAR; LUIS SAAVEDRA, C\u00d3NSUL HONORARIO DE M\u00c9XICO EN  SANTQ CRUZ; MONS. FERM\u00cdN SOSA, NUNCIO APOST\u00d3LICO DE SU SANTIDAD, Y LUCIANA IOVINE, ESPOSA DEL EMBAJADOR\"  data-description=\"\">\r\n                                <img decoding=\"async\" src=\"https:\/\/www.eldiario.net\/portal\/wp-content\/uploads\/2025\/09\/DSC_1336-629x420.webp\" srcset=\"https:\/\/www.eldiario.net\/portal\/wp-content\/uploads\/2025\/09\/DSC_1336-629x420.webp 629w, https:\/\/www.eldiario.net\/portal\/wp-content\/uploads\/2025\/09\/DSC_1336-300x200.webp 300w, https:\/\/www.eldiario.net\/portal\/wp-content\/uploads\/2025\/09\/DSC_1336-1024x684.webp 1024w, https:\/\/www.eldiario.net\/portal\/wp-content\/uploads\/2025\/09\/DSC_1336-768x513.webp 768w, https:\/\/www.eldiario.net\/portal\/wp-content\/uploads\/2025\/09\/DSC_1336-150x100.webp 150w, https:\/\/www.eldiario.net\/portal\/wp-content\/uploads\/2025\/09\/DSC_1336-696x465.webp 696w, https:\/\/www.eldiario.net\/portal\/wp-content\/uploads\/2025\/09\/DSC_1336-1068x713.webp 1068w, https:\/\/www.eldiario.net\/portal\/wp-content\/uploads\/2025\/09\/DSC_1336.webp 1200w\" sizes=\"(max-width: 629px) 100vw, 629px\" alt=\"\">\r\n                            <\/a>\r\n                            <figcaption class = \"td-slide-caption td-gallery-slide-content\"><div class = \"td-gallery-slide-copywrite\">HU\u00c1SCAR AJATA, VICEMINISTRO DE COM. EXTERIOR; EDUARDO SOSA, EMBAJADOR M\u00c9XICO; FERNANDO P\u00c9REZ, VICEMINISTTRO GESTI\u00d3N CONSULAR; LUIS SAAVEDRA, C\u00d3NSUL HONORARIO DE M\u00c9XICO EN  SANTQ CRUZ; MONS. FERM\u00cdN SOSA, NUNCIO APOST\u00d3LICO DE SU SANTIDAD, Y LUCIANA IOVINE, ESPOSA DEL EMBAJADOR<\/div><\/figcaption>\r\n                        <\/figure>\r\n                    <\/div>\r\n                    <div class = \"td-slide-item td-item6\">\r\n                        <figure class=\"td-slide-galery-figure td-slide-popup-gallery\">\r\n                            <a class=\"slide-gallery-image-link\" href=\"https:\/\/www.eldiario.net\/portal\/wp-content\/uploads\/2025\/09\/DSC_1383.webp\" title=\"DSC_1383\"  data-caption=\" EDUARDO SOSA, EMBAJADOR DE LOS ESTADOS UNIDOS MEXICANOS.\"  data-description=\"\">\r\n                                <img decoding=\"async\" src=\"https:\/\/www.eldiario.net\/portal\/wp-content\/uploads\/2025\/09\/DSC_1383-629x420.webp\" srcset=\"https:\/\/www.eldiario.net\/portal\/wp-content\/uploads\/2025\/09\/DSC_1383-629x420.webp 629w, https:\/\/www.eldiario.net\/portal\/wp-content\/uploads\/2025\/09\/DSC_1383-300x200.webp 300w, https:\/\/www.eldiario.net\/portal\/wp-content\/uploads\/2025\/09\/DSC_1383-1024x684.webp 1024w, https:\/\/www.eldiario.net\/portal\/wp-content\/uploads\/2025\/09\/DSC_1383-768x513.webp 768w, https:\/\/www.eldiario.net\/portal\/wp-content\/uploads\/2025\/09\/DSC_1383-150x100.webp 150w, https:\/\/www.eldiario.net\/portal\/wp-content\/uploads\/2025\/09\/DSC_1383-696x465.webp 696w, https:\/\/www.eldiario.net\/portal\/wp-content\/uploads\/2025\/09\/DSC_1383-1068x713.webp 1068w, https:\/\/www.eldiario.net\/portal\/wp-content\/uploads\/2025\/09\/DSC_1383.webp 1200w\" sizes=\"(max-width: 629px) 100vw, 629px\" alt=\"\">\r\n                            <\/a>\r\n                            <figcaption class = \"td-slide-caption td-gallery-slide-content\"><div class = \"td-gallery-slide-copywrite\"> EDUARDO SOSA, EMBAJADOR DE LOS ESTADOS UNIDOS MEXICANOS.<\/div><\/figcaption>\r\n                        <\/figure>\r\n                    <\/div>\r\n                    <div class = \"td-slide-item td-item7\">\r\n                        <figure class=\"td-slide-galery-figure td-slide-popup-gallery\">\r\n                            <a class=\"slide-gallery-image-link\" href=\"https:\/\/www.eldiario.net\/portal\/wp-content\/uploads\/2025\/09\/DSC_1450.webp\" title=\"DSC_1450\"  data-caption=\"EMBAJADORES JAUME SEGURA, FABIO MESSINEO, LOS ANFITRIONES, SILVIA ABELLO DE MESSINEO Y HENRIQUE SOBREIRA, EMBAJADOR BRASIL.\"  data-description=\"\">\r\n                                <img decoding=\"async\" src=\"https:\/\/www.eldiario.net\/portal\/wp-content\/uploads\/2025\/09\/DSC_1450-629x420.webp\" srcset=\"https:\/\/www.eldiario.net\/portal\/wp-content\/uploads\/2025\/09\/DSC_1450-629x420.webp 629w, https:\/\/www.eldiario.net\/portal\/wp-content\/uploads\/2025\/09\/DSC_1450-300x200.webp 300w, https:\/\/www.eldiario.net\/portal\/wp-content\/uploads\/2025\/09\/DSC_1450-1024x684.webp 1024w, https:\/\/www.eldiario.net\/portal\/wp-content\/uploads\/2025\/09\/DSC_1450-768x513.webp 768w, https:\/\/www.eldiario.net\/portal\/wp-content\/uploads\/2025\/09\/DSC_1450-150x100.webp 150w, https:\/\/www.eldiario.net\/portal\/wp-content\/uploads\/2025\/09\/DSC_1450-696x465.webp 696w, https:\/\/www.eldiario.net\/portal\/wp-content\/uploads\/2025\/09\/DSC_1450-1068x713.webp 1068w, https:\/\/www.eldiario.net\/portal\/wp-content\/uploads\/2025\/09\/DSC_1450.webp 1200w\" sizes=\"(max-width: 629px) 100vw, 629px\" alt=\"\">\r\n                            <\/a>\r\n                            <figcaption class = \"td-slide-caption td-gallery-slide-content\"><div class = \"td-gallery-slide-copywrite\">EMBAJADORES JAUME SEGURA, FABIO MESSINEO, LOS ANFITRIONES, SILVIA ABELLO DE MESSINEO Y HENRIQUE SOBREIRA, EMBAJADOR BRASIL.<\/div><\/figcaption>\r\n                        <\/figure>\r\n                    <\/div>\r\n                    <div class = \"td-slide-item td-item8\">\r\n                        <figure class=\"td-slide-galery-figure td-slide-popup-gallery\">\r\n                            <a class=\"slide-gallery-image-link\" href=\"https:\/\/www.eldiario.net\/portal\/wp-content\/uploads\/2025\/09\/DSC_1454.webp\" title=\"DSC_1454\"  data-caption=\"\"  data-description=\"\">\r\n                                <img decoding=\"async\" src=\"https:\/\/www.eldiario.net\/portal\/wp-content\/uploads\/2025\/09\/DSC_1454-629x420.webp\" srcset=\"https:\/\/www.eldiario.net\/portal\/wp-content\/uploads\/2025\/09\/DSC_1454-629x420.webp 629w, https:\/\/www.eldiario.net\/portal\/wp-content\/uploads\/2025\/09\/DSC_1454-300x200.webp 300w, https:\/\/www.eldiario.net\/portal\/wp-content\/uploads\/2025\/09\/DSC_1454-1024x684.webp 1024w, https:\/\/www.eldiario.net\/portal\/wp-content\/uploads\/2025\/09\/DSC_1454-768x513.webp 768w, https:\/\/www.eldiario.net\/portal\/wp-content\/uploads\/2025\/09\/DSC_1454-150x100.webp 150w, https:\/\/www.eldiario.net\/portal\/wp-content\/uploads\/2025\/09\/DSC_1454-696x465.webp 696w, https:\/\/www.eldiario.net\/portal\/wp-content\/uploads\/2025\/09\/DSC_1454-1068x713.webp 1068w, https:\/\/www.eldiario.net\/portal\/wp-content\/uploads\/2025\/09\/DSC_1454.webp 1200w\" sizes=\"(max-width: 629px) 100vw, 629px\" alt=\"\">\r\n                            <\/a>\r\n                            \r\n                        <\/figure>\r\n                    <\/div>\r\n                    <div class = \"td-slide-item td-item9\">\r\n                        <figure class=\"td-slide-galery-figure td-slide-popup-gallery\">\r\n                            <a class=\"slide-gallery-image-link\" href=\"https:\/\/www.eldiario.net\/portal\/wp-content\/uploads\/2025\/09\/DSC_1464.webp\" title=\"DSC_1464\"  data-caption=\"ENTRE LA CONCURRENCIA PABLO CAMACHO, ROBERTO ZENTENO, CYNTHIA ARAMAYO, C\u00c9SAR DOCKWEILER, MARIO PAREDES Y JUAN PABLO DE LA ROCHA.\"  data-description=\"\">\r\n                                <img decoding=\"async\" src=\"https:\/\/www.eldiario.net\/portal\/wp-content\/uploads\/2025\/09\/DSC_1464-629x420.webp\" srcset=\"https:\/\/www.eldiario.net\/portal\/wp-content\/uploads\/2025\/09\/DSC_1464-629x420.webp 629w, https:\/\/www.eldiario.net\/portal\/wp-content\/uploads\/2025\/09\/DSC_1464-300x200.webp 300w, https:\/\/www.eldiario.net\/portal\/wp-content\/uploads\/2025\/09\/DSC_1464-1024x684.webp 1024w, https:\/\/www.eldiario.net\/portal\/wp-content\/uploads\/2025\/09\/DSC_1464-768x513.webp 768w, https:\/\/www.eldiario.net\/portal\/wp-content\/uploads\/2025\/09\/DSC_1464-150x100.webp 150w, https:\/\/www.eldiario.net\/portal\/wp-content\/uploads\/2025\/09\/DSC_1464-696x465.webp 696w, https:\/\/www.eldiario.net\/portal\/wp-content\/uploads\/2025\/09\/DSC_1464-1068x713.webp 1068w, https:\/\/www.eldiario.net\/portal\/wp-content\/uploads\/2025\/09\/DSC_1464.webp 1200w\" sizes=\"(max-width: 629px) 100vw, 629px\" alt=\"\">\r\n                            <\/a>\r\n                            <figcaption class = \"td-slide-caption td-gallery-slide-content\"><div class = \"td-gallery-slide-copywrite\">ENTRE LA CONCURRENCIA PABLO CAMACHO, ROBERTO ZENTENO, CYNTHIA ARAMAYO, C\u00c9SAR DOCKWEILER, MARIO PAREDES Y JUAN PABLO DE LA ROCHA.<\/div><\/figcaption>\r\n                        <\/figure>\r\n                    <\/div>\r\n                    <div class = \"td-slide-item td-item10\">\r\n                        <figure class=\"td-slide-galery-figure td-slide-popup-gallery\">\r\n                            <a class=\"slide-gallery-image-link\" href=\"https:\/\/www.eldiario.net\/portal\/wp-content\/uploads\/2025\/09\/DSC_1236.webp\" title=\"DSC_1236\"  data-caption=\"LA COMITIVA MEXICANA: LUIS ANCONA, JEFE CANCILLER\u00cdA, Y LOS  EMBAJADORES LUCIANA Y  EDUARDO SOSA.\"  data-description=\"\">\r\n                                <img decoding=\"async\" src=\"https:\/\/www.eldiario.net\/portal\/wp-content\/uploads\/2025\/09\/DSC_1236-629x420.webp\" srcset=\"https:\/\/www.eldiario.net\/portal\/wp-content\/uploads\/2025\/09\/DSC_1236-629x420.webp 629w, https:\/\/www.eldiario.net\/portal\/wp-content\/uploads\/2025\/09\/DSC_1236-300x200.webp 300w, https:\/\/www.eldiario.net\/portal\/wp-content\/uploads\/2025\/09\/DSC_1236-1024x684.webp 1024w, https:\/\/www.eldiario.net\/portal\/wp-content\/uploads\/2025\/09\/DSC_1236-768x513.webp 768w, https:\/\/www.eldiario.net\/portal\/wp-content\/uploads\/2025\/09\/DSC_1236-150x100.webp 150w, https:\/\/www.eldiario.net\/portal\/wp-content\/uploads\/2025\/09\/DSC_1236-696x465.webp 696w, https:\/\/www.eldiario.net\/portal\/wp-content\/uploads\/2025\/09\/DSC_1236-1068x713.webp 1068w, https:\/\/www.eldiario.net\/portal\/wp-content\/uploads\/2025\/09\/DSC_1236.webp 1200w\" sizes=\"(max-width: 629px) 100vw, 629px\" alt=\"\">\r\n                            <\/a>\r\n                            <figcaption class = \"td-slide-caption td-gallery-slide-content\"><div class = \"td-gallery-slide-copywrite\">LA COMITIVA MEXICANA: LUIS ANCONA, JEFE CANCILLER\u00cdA, Y LOS  EMBAJADORES LUCIANA Y  EDUARDO SOSA.<\/div><\/figcaption>\r\n                        <\/figure>\r\n                    <\/div>\r\n                    <div class = \"td-slide-item td-item11\">\r\n                        <figure class=\"td-slide-galery-figure td-slide-popup-gallery\">\r\n                            <a class=\"slide-gallery-image-link\" href=\"https:\/\/www.eldiario.net\/portal\/wp-content\/uploads\/2025\/09\/DSC_1256.webp\" title=\"DSC_1256\"  data-caption=\"WANG LIANG, EMBAJADOR DE CH INA, LOS EMBAJADORES DE M\u00c9XICO Y WANG HAONAN.\"  data-description=\"\">\r\n                                <img decoding=\"async\" src=\"https:\/\/www.eldiario.net\/portal\/wp-content\/uploads\/2025\/09\/DSC_1256-629x420.webp\" srcset=\"https:\/\/www.eldiario.net\/portal\/wp-content\/uploads\/2025\/09\/DSC_1256-629x420.webp 629w, https:\/\/www.eldiario.net\/portal\/wp-content\/uploads\/2025\/09\/DSC_1256-300x200.webp 300w, https:\/\/www.eldiario.net\/portal\/wp-content\/uploads\/2025\/09\/DSC_1256-1024x684.webp 1024w, https:\/\/www.eldiario.net\/portal\/wp-content\/uploads\/2025\/09\/DSC_1256-768x513.webp 768w, https:\/\/www.eldiario.net\/portal\/wp-content\/uploads\/2025\/09\/DSC_1256-150x100.webp 150w, https:\/\/www.eldiario.net\/portal\/wp-content\/uploads\/2025\/09\/DSC_1256-696x465.webp 696w, https:\/\/www.eldiario.net\/portal\/wp-content\/uploads\/2025\/09\/DSC_1256-1068x713.webp 1068w, https:\/\/www.eldiario.net\/portal\/wp-content\/uploads\/2025\/09\/DSC_1256.webp 1200w\" sizes=\"(max-width: 629px) 100vw, 629px\" alt=\"\">\r\n                            <\/a>\r\n                            <figcaption class = \"td-slide-caption td-gallery-slide-content\"><div class = \"td-gallery-slide-copywrite\">WANG LIANG, EMBAJADOR DE CH INA, LOS EMBAJADORES DE M\u00c9XICO Y WANG HAONAN.<\/div><\/figcaption>\r\n                        <\/figure>\r\n                    <\/div>\r\n                    <div class = \"td-slide-item td-item12\">\r\n                        <figure class=\"td-slide-galery-figure td-slide-popup-gallery\">\r\n                            <a class=\"slide-gallery-image-link\" href=\"https:\/\/www.eldiario.net\/portal\/wp-content\/uploads\/2025\/09\/DSC_1271.webp\" title=\"DSC_1271\"  data-caption=\"\"  data-description=\"\">\r\n                                <img decoding=\"async\" src=\"https:\/\/www.eldiario.net\/portal\/wp-content\/uploads\/2025\/09\/DSC_1271-629x420.webp\" srcset=\"https:\/\/www.eldiario.net\/portal\/wp-content\/uploads\/2025\/09\/DSC_1271-629x420.webp 629w, https:\/\/www.eldiario.net\/portal\/wp-content\/uploads\/2025\/09\/DSC_1271-300x200.webp 300w, https:\/\/www.eldiario.net\/portal\/wp-content\/uploads\/2025\/09\/DSC_1271-1024x684.webp 1024w, https:\/\/www.eldiario.net\/portal\/wp-content\/uploads\/2025\/09\/DSC_1271-768x513.webp 768w, https:\/\/www.eldiario.net\/portal\/wp-content\/uploads\/2025\/09\/DSC_1271-150x100.webp 150w, https:\/\/www.eldiario.net\/portal\/wp-content\/uploads\/2025\/09\/DSC_1271-696x465.webp 696w, https:\/\/www.eldiario.net\/portal\/wp-content\/uploads\/2025\/09\/DSC_1271-1068x713.webp 1068w, https:\/\/www.eldiario.net\/portal\/wp-content\/uploads\/2025\/09\/DSC_1271.webp 1200w\" sizes=\"(max-width: 629px) 100vw, 629px\" alt=\"\">\r\n                            <\/a>\r\n                            \r\n                        <\/figure>\r\n                    <\/div>\r\n                    <div class = \"td-slide-item td-item13\">\r\n                        <figure class=\"td-slide-galery-figure td-slide-popup-gallery\">\r\n                            <a class=\"slide-gallery-image-link\" href=\"https:\/\/www.eldiario.net\/portal\/wp-content\/uploads\/2025\/09\/DSC_1274.webp\" title=\"DSC_1274\"  data-caption=\"CNL. ROCHA, AGREGADO BRASIL, Y SU ESPOSA JULIANA, LILIAN CAMPELO Y CNL. CAMPELO, ASESOR MILITAR.\"  data-description=\"\">\r\n                                <img decoding=\"async\" src=\"https:\/\/www.eldiario.net\/portal\/wp-content\/uploads\/2025\/09\/DSC_1274-629x420.webp\" srcset=\"https:\/\/www.eldiario.net\/portal\/wp-content\/uploads\/2025\/09\/DSC_1274-629x420.webp 629w, https:\/\/www.eldiario.net\/portal\/wp-content\/uploads\/2025\/09\/DSC_1274-300x200.webp 300w, https:\/\/www.eldiario.net\/portal\/wp-content\/uploads\/2025\/09\/DSC_1274-1024x684.webp 1024w, https:\/\/www.eldiario.net\/portal\/wp-content\/uploads\/2025\/09\/DSC_1274-768x513.webp 768w, https:\/\/www.eldiario.net\/portal\/wp-content\/uploads\/2025\/09\/DSC_1274-150x100.webp 150w, https:\/\/www.eldiario.net\/portal\/wp-content\/uploads\/2025\/09\/DSC_1274-696x465.webp 696w, https:\/\/www.eldiario.net\/portal\/wp-content\/uploads\/2025\/09\/DSC_1274-1068x713.webp 1068w, https:\/\/www.eldiario.net\/portal\/wp-content\/uploads\/2025\/09\/DSC_1274.webp 1200w\" sizes=\"(max-width: 629px) 100vw, 629px\" alt=\"\">\r\n                            <\/a>\r\n                            <figcaption class = \"td-slide-caption td-gallery-slide-content\"><div class = \"td-gallery-slide-copywrite\">CNL. ROCHA, AGREGADO BRASIL, Y SU ESPOSA JULIANA, LILIAN CAMPELO Y CNL. CAMPELO, ASESOR MILITAR.<\/div><\/figcaption>\r\n                        <\/figure>\r\n                    <\/div>\r\n                    <div class = \"td-slide-item td-item14\">\r\n                        <figure class=\"td-slide-galery-figure td-slide-popup-gallery\">\r\n                            <a class=\"slide-gallery-image-link\" href=\"https:\/\/www.eldiario.net\/portal\/wp-content\/uploads\/2025\/09\/DSC_1276.webp\" title=\"DSC_1276\"  data-caption=\"SOF ING. PEDRO JARA, RANULFO D\u00cdAZ, C\u00d3NSUL; ESTELA ARMOA, MINISTRA, Y ANTOLIN CORONEL, DE LA MISI\u00d3N PARAGUAYA, RESPECTIVAMENTE.\"  data-description=\"\">\r\n                                <img decoding=\"async\" src=\"https:\/\/www.eldiario.net\/portal\/wp-content\/uploads\/2025\/09\/DSC_1276-629x420.webp\" srcset=\"https:\/\/www.eldiario.net\/portal\/wp-content\/uploads\/2025\/09\/DSC_1276-629x420.webp 629w, https:\/\/www.eldiario.net\/portal\/wp-content\/uploads\/2025\/09\/DSC_1276-300x200.webp 300w, https:\/\/www.eldiario.net\/portal\/wp-content\/uploads\/2025\/09\/DSC_1276-1024x684.webp 1024w, https:\/\/www.eldiario.net\/portal\/wp-content\/uploads\/2025\/09\/DSC_1276-768x513.webp 768w, https:\/\/www.eldiario.net\/portal\/wp-content\/uploads\/2025\/09\/DSC_1276-150x100.webp 150w, https:\/\/www.eldiario.net\/portal\/wp-content\/uploads\/2025\/09\/DSC_1276-696x465.webp 696w, https:\/\/www.eldiario.net\/portal\/wp-content\/uploads\/2025\/09\/DSC_1276-1068x713.webp 1068w, https:\/\/www.eldiario.net\/portal\/wp-content\/uploads\/2025\/09\/DSC_1276.webp 1200w\" sizes=\"(max-width: 629px) 100vw, 629px\" alt=\"\">\r\n                            <\/a>\r\n                            <figcaption class = \"td-slide-caption td-gallery-slide-content\"><div class = \"td-gallery-slide-copywrite\">SOF ING. PEDRO JARA, RANULFO D\u00cdAZ, C\u00d3NSUL; ESTELA ARMOA, MINISTRA, Y ANTOLIN CORONEL, DE LA MISI\u00d3N PARAGUAYA, RESPECTIVAMENTE.<\/div><\/figcaption>\r\n                        <\/figure>\r\n                    <\/div>\r\n                    <div class = \"td-slide-item td-item15\">\r\n                        <figure class=\"td-slide-galery-figure td-slide-popup-gallery\">\r\n                            <a class=\"slide-gallery-image-link\" href=\"https:\/\/www.eldiario.net\/portal\/wp-content\/uploads\/2025\/09\/DSC_1281.webp\" title=\"DSC_1281\"  data-caption=\"EMBAJADORES SARA PAULINO (REP. DOMINICANA), C\u00c9SAR TR\u00d3MPIZ (VENEZUELA) Y ANDREY KRYSANOV, MIN. CONS. RUSIA.\"  data-description=\"\">\r\n                                <img decoding=\"async\" src=\"https:\/\/www.eldiario.net\/portal\/wp-content\/uploads\/2025\/09\/DSC_1281-629x420.webp\" srcset=\"https:\/\/www.eldiario.net\/portal\/wp-content\/uploads\/2025\/09\/DSC_1281-629x420.webp 629w, https:\/\/www.eldiario.net\/portal\/wp-content\/uploads\/2025\/09\/DSC_1281-300x200.webp 300w, https:\/\/www.eldiario.net\/portal\/wp-content\/uploads\/2025\/09\/DSC_1281-1024x684.webp 1024w, https:\/\/www.eldiario.net\/portal\/wp-content\/uploads\/2025\/09\/DSC_1281-768x513.webp 768w, https:\/\/www.eldiario.net\/portal\/wp-content\/uploads\/2025\/09\/DSC_1281-150x100.webp 150w, https:\/\/www.eldiario.net\/portal\/wp-content\/uploads\/2025\/09\/DSC_1281-696x465.webp 696w, https:\/\/www.eldiario.net\/portal\/wp-content\/uploads\/2025\/09\/DSC_1281-1068x713.webp 1068w, https:\/\/www.eldiario.net\/portal\/wp-content\/uploads\/2025\/09\/DSC_1281.webp 1200w\" sizes=\"(max-width: 629px) 100vw, 629px\" alt=\"\">\r\n                            <\/a>\r\n                            <figcaption class = \"td-slide-caption td-gallery-slide-content\"><div class = \"td-gallery-slide-copywrite\">EMBAJADORES SARA PAULINO (REP. DOMINICANA), C\u00c9SAR TR\u00d3MPIZ (VENEZUELA) Y ANDREY KRYSANOV, MIN. CONS. RUSIA.<\/div><\/figcaption>\r\n                        <\/figure>\r\n                    <\/div>\r\n                    <div class = \"td-slide-item td-item16\">\r\n                        <figure class=\"td-slide-galery-figure td-slide-popup-gallery\">\r\n                            <a class=\"slide-gallery-image-link\" href=\"https:\/\/www.eldiario.net\/portal\/wp-content\/uploads\/2025\/09\/DSC_1283.webp\" title=\"DSC_1283\"  data-caption=\"WILMA ALANOCA, JAVIER ZAVALETA Y AMANCAYA CHOQUE.\"  data-description=\"\">\r\n                                <img decoding=\"async\" src=\"https:\/\/www.eldiario.net\/portal\/wp-content\/uploads\/2025\/09\/DSC_1283-629x420.webp\" srcset=\"https:\/\/www.eldiario.net\/portal\/wp-content\/uploads\/2025\/09\/DSC_1283-629x420.webp 629w, https:\/\/www.eldiario.net\/portal\/wp-content\/uploads\/2025\/09\/DSC_1283-300x200.webp 300w, https:\/\/www.eldiario.net\/portal\/wp-content\/uploads\/2025\/09\/DSC_1283-1024x684.webp 1024w, https:\/\/www.eldiario.net\/portal\/wp-content\/uploads\/2025\/09\/DSC_1283-768x513.webp 768w, https:\/\/www.eldiario.net\/portal\/wp-content\/uploads\/2025\/09\/DSC_1283-150x100.webp 150w, https:\/\/www.eldiario.net\/portal\/wp-content\/uploads\/2025\/09\/DSC_1283-696x465.webp 696w, https:\/\/www.eldiario.net\/portal\/wp-content\/uploads\/2025\/09\/DSC_1283-1068x713.webp 1068w, https:\/\/www.eldiario.net\/portal\/wp-content\/uploads\/2025\/09\/DSC_1283.webp 1200w\" sizes=\"(max-width: 629px) 100vw, 629px\" alt=\"\">\r\n                            <\/a>\r\n                            <figcaption class = \"td-slide-caption td-gallery-slide-content\"><div class = \"td-gallery-slide-copywrite\">WILMA ALANOCA, JAVIER ZAVALETA Y AMANCAYA CHOQUE.<\/div><\/figcaption>\r\n                        <\/figure>\r\n                    <\/div>\r\n                    <div class = \"td-slide-item td-item17\">\r\n                        <figure class=\"td-slide-galery-figure td-slide-popup-gallery\">\r\n                            <a class=\"slide-gallery-image-link\" href=\"https:\/\/www.eldiario.net\/portal\/wp-content\/uploads\/2025\/09\/DSC_1290.webp\" title=\"DSC_1290\"  data-caption=\"JULIA VASCHENKO Y CLAUDIA L.\"  data-description=\"\">\r\n                                <img decoding=\"async\" src=\"https:\/\/www.eldiario.net\/portal\/wp-content\/uploads\/2025\/09\/DSC_1290-629x420.webp\" srcset=\"https:\/\/www.eldiario.net\/portal\/wp-content\/uploads\/2025\/09\/DSC_1290-629x420.webp 629w, https:\/\/www.eldiario.net\/portal\/wp-content\/uploads\/2025\/09\/DSC_1290-300x200.webp 300w, https:\/\/www.eldiario.net\/portal\/wp-content\/uploads\/2025\/09\/DSC_1290-1024x684.webp 1024w, https:\/\/www.eldiario.net\/portal\/wp-content\/uploads\/2025\/09\/DSC_1290-768x513.webp 768w, https:\/\/www.eldiario.net\/portal\/wp-content\/uploads\/2025\/09\/DSC_1290-150x100.webp 150w, https:\/\/www.eldiario.net\/portal\/wp-content\/uploads\/2025\/09\/DSC_1290-696x465.webp 696w, https:\/\/www.eldiario.net\/portal\/wp-content\/uploads\/2025\/09\/DSC_1290-1068x713.webp 1068w, https:\/\/www.eldiario.net\/portal\/wp-content\/uploads\/2025\/09\/DSC_1290.webp 1200w\" sizes=\"(max-width: 629px) 100vw, 629px\" alt=\"\">\r\n                            <\/a>\r\n                            <figcaption class = \"td-slide-caption td-gallery-slide-content\"><div class = \"td-gallery-slide-copywrite\">JULIA VASCHENKO Y CLAUDIA L.<\/div><\/figcaption>\r\n                        <\/figure>\r\n                    <\/div>\r\n                    <div class = \"td-slide-item td-item18\">\r\n                        <figure class=\"td-slide-galery-figure td-slide-popup-gallery\">\r\n                            <a class=\"slide-gallery-image-link\" href=\"https:\/\/www.eldiario.net\/portal\/wp-content\/uploads\/2025\/09\/DSC_1294.webp\" title=\"DSC_1294\"  data-caption=\"LAURA BREA, DEANNA CANEDO Y ROC\u00cdO BALDIVIEZO.\"  data-description=\"\">\r\n                                <img decoding=\"async\" src=\"https:\/\/www.eldiario.net\/portal\/wp-content\/uploads\/2025\/09\/DSC_1294-629x420.webp\" srcset=\"https:\/\/www.eldiario.net\/portal\/wp-content\/uploads\/2025\/09\/DSC_1294-629x420.webp 629w, https:\/\/www.eldiario.net\/portal\/wp-content\/uploads\/2025\/09\/DSC_1294-300x200.webp 300w, https:\/\/www.eldiario.net\/portal\/wp-content\/uploads\/2025\/09\/DSC_1294-1024x684.webp 1024w, https:\/\/www.eldiario.net\/portal\/wp-content\/uploads\/2025\/09\/DSC_1294-768x513.webp 768w, https:\/\/www.eldiario.net\/portal\/wp-content\/uploads\/2025\/09\/DSC_1294-150x100.webp 150w, https:\/\/www.eldiario.net\/portal\/wp-content\/uploads\/2025\/09\/DSC_1294-696x465.webp 696w, https:\/\/www.eldiario.net\/portal\/wp-content\/uploads\/2025\/09\/DSC_1294-1068x713.webp 1068w, https:\/\/www.eldiario.net\/portal\/wp-content\/uploads\/2025\/09\/DSC_1294.webp 1200w\" sizes=\"(max-width: 629px) 100vw, 629px\" alt=\"\">\r\n                            <\/a>\r\n                            <figcaption class = \"td-slide-caption td-gallery-slide-content\"><div class = \"td-gallery-slide-copywrite\">LAURA BREA, DEANNA CANEDO Y ROC\u00cdO BALDIVIEZO.<\/div><\/figcaption>\r\n                        <\/figure>\r\n                    <\/div>\r\n                    <div class = \"td-slide-item td-item19\">\r\n                        <figure class=\"td-slide-galery-figure td-slide-popup-gallery\">\r\n                            <a class=\"slide-gallery-image-link\" href=\"https:\/\/www.eldiario.net\/portal\/wp-content\/uploads\/2025\/09\/DSC_1296.webp\" title=\"DSC_1296\"  data-caption=\"GONZALO ARAN\u00cdBAR Y ANA CRISTINA DE ARAN\u00cdBAR.\"  data-description=\"\">\r\n                                <img decoding=\"async\" src=\"https:\/\/www.eldiario.net\/portal\/wp-content\/uploads\/2025\/09\/DSC_1296-629x420.webp\" srcset=\"https:\/\/www.eldiario.net\/portal\/wp-content\/uploads\/2025\/09\/DSC_1296-629x420.webp 629w, https:\/\/www.eldiario.net\/portal\/wp-content\/uploads\/2025\/09\/DSC_1296-300x200.webp 300w, https:\/\/www.eldiario.net\/portal\/wp-content\/uploads\/2025\/09\/DSC_1296-1024x684.webp 1024w, https:\/\/www.eldiario.net\/portal\/wp-content\/uploads\/2025\/09\/DSC_1296-768x513.webp 768w, https:\/\/www.eldiario.net\/portal\/wp-content\/uploads\/2025\/09\/DSC_1296-150x100.webp 150w, https:\/\/www.eldiario.net\/portal\/wp-content\/uploads\/2025\/09\/DSC_1296-696x465.webp 696w, https:\/\/www.eldiario.net\/portal\/wp-content\/uploads\/2025\/09\/DSC_1296-1068x713.webp 1068w, https:\/\/www.eldiario.net\/portal\/wp-content\/uploads\/2025\/09\/DSC_1296.webp 1200w\" sizes=\"(max-width: 629px) 100vw, 629px\" alt=\"\">\r\n                            <\/a>\r\n                            <figcaption class = \"td-slide-caption td-gallery-slide-content\"><div class = \"td-gallery-slide-copywrite\">GONZALO ARAN\u00cdBAR Y ANA CRISTINA DE ARAN\u00cdBAR.<\/div><\/figcaption>\r\n                        <\/figure>\r\n                    <\/div>\r\n                    <div class = \"td-slide-item td-item20\">\r\n                        <figure class=\"td-slide-galery-figure td-slide-popup-gallery\">\r\n                            <a class=\"slide-gallery-image-link\" href=\"https:\/\/www.eldiario.net\/portal\/wp-content\/uploads\/2025\/09\/DSC_1299.webp\" title=\"DSC_1299\"  data-caption=\"LUIS SAAVEDRA, MA. OLIVIA VACA Y GERARDO LICONA.\"  data-description=\"\">\r\n                                <img decoding=\"async\" src=\"https:\/\/www.eldiario.net\/portal\/wp-content\/uploads\/2025\/09\/DSC_1299-629x420.webp\" srcset=\"https:\/\/www.eldiario.net\/portal\/wp-content\/uploads\/2025\/09\/DSC_1299-629x420.webp 629w, https:\/\/www.eldiario.net\/portal\/wp-content\/uploads\/2025\/09\/DSC_1299-300x200.webp 300w, https:\/\/www.eldiario.net\/portal\/wp-content\/uploads\/2025\/09\/DSC_1299-1024x684.webp 1024w, https:\/\/www.eldiario.net\/portal\/wp-content\/uploads\/2025\/09\/DSC_1299-768x513.webp 768w, https:\/\/www.eldiario.net\/portal\/wp-content\/uploads\/2025\/09\/DSC_1299-150x100.webp 150w, https:\/\/www.eldiario.net\/portal\/wp-content\/uploads\/2025\/09\/DSC_1299-696x465.webp 696w, https:\/\/www.eldiario.net\/portal\/wp-content\/uploads\/2025\/09\/DSC_1299-1068x713.webp 1068w, https:\/\/www.eldiario.net\/portal\/wp-content\/uploads\/2025\/09\/DSC_1299.webp 1200w\" sizes=\"(max-width: 629px) 100vw, 629px\" alt=\"\">\r\n                            <\/a>\r\n                            <figcaption class = \"td-slide-caption td-gallery-slide-content\"><div class = \"td-gallery-slide-copywrite\">LUIS SAAVEDRA, MA. OLIVIA VACA Y GERARDO LICONA.<\/div><\/figcaption>\r\n                        <\/figure>\r\n                    <\/div>\r\n                    <div class = \"td-slide-item td-item21\">\r\n                        <figure class=\"td-slide-galery-figure td-slide-popup-gallery\">\r\n                            <a class=\"slide-gallery-image-link\" href=\"https:\/\/www.eldiario.net\/portal\/wp-content\/uploads\/2025\/09\/DSC_1302.webp\" title=\"DSC_1302\"  data-caption=\"EMBAJADORES HIROSHI ONOMURA (JAP\u00d3N) Y JANG LEE (COREA), MAR\u00cdA EUGENIA GARC\u00cdA, EVELYN SAMO Y DIEGO ARTEAGA.\"  data-description=\"\">\r\n                                <img decoding=\"async\" src=\"https:\/\/www.eldiario.net\/portal\/wp-content\/uploads\/2025\/09\/DSC_1302-629x420.webp\" srcset=\"https:\/\/www.eldiario.net\/portal\/wp-content\/uploads\/2025\/09\/DSC_1302-629x420.webp 629w, https:\/\/www.eldiario.net\/portal\/wp-content\/uploads\/2025\/09\/DSC_1302-300x200.webp 300w, https:\/\/www.eldiario.net\/portal\/wp-content\/uploads\/2025\/09\/DSC_1302-1024x684.webp 1024w, https:\/\/www.eldiario.net\/portal\/wp-content\/uploads\/2025\/09\/DSC_1302-768x513.webp 768w, https:\/\/www.eldiario.net\/portal\/wp-content\/uploads\/2025\/09\/DSC_1302-150x100.webp 150w, https:\/\/www.eldiario.net\/portal\/wp-content\/uploads\/2025\/09\/DSC_1302-696x465.webp 696w, https:\/\/www.eldiario.net\/portal\/wp-content\/uploads\/2025\/09\/DSC_1302-1068x713.webp 1068w, https:\/\/www.eldiario.net\/portal\/wp-content\/uploads\/2025\/09\/DSC_1302.webp 1200w\" sizes=\"(max-width: 629px) 100vw, 629px\" alt=\"\">\r\n                            <\/a>\r\n                            <figcaption class = \"td-slide-caption td-gallery-slide-content\"><div class = \"td-gallery-slide-copywrite\">EMBAJADORES HIROSHI ONOMURA (JAP\u00d3N) Y JANG LEE (COREA), MAR\u00cdA EUGENIA GARC\u00cdA, EVELYN SAMO Y DIEGO ARTEAGA.<\/div><\/figcaption>\r\n                        <\/figure>\r\n                    <\/div>\r\n                    <div class = \"td-slide-item td-item22\">\r\n                        <figure class=\"td-slide-galery-figure td-slide-popup-gallery\">\r\n                            <a class=\"slide-gallery-image-link\" href=\"https:\/\/www.eldiario.net\/portal\/wp-content\/uploads\/2025\/09\/DSC_1304.webp\" title=\"DSC_1304\"  data-caption=\"\"  data-description=\"\">\r\n                                <img decoding=\"async\" src=\"https:\/\/www.eldiario.net\/portal\/wp-content\/uploads\/2025\/09\/DSC_1304-629x420.webp\" srcset=\"https:\/\/www.eldiario.net\/portal\/wp-content\/uploads\/2025\/09\/DSC_1304-629x420.webp 629w, https:\/\/www.eldiario.net\/portal\/wp-content\/uploads\/2025\/09\/DSC_1304-300x200.webp 300w, https:\/\/www.eldiario.net\/portal\/wp-content\/uploads\/2025\/09\/DSC_1304-1024x684.webp 1024w, https:\/\/www.eldiario.net\/portal\/wp-content\/uploads\/2025\/09\/DSC_1304-768x513.webp 768w, https:\/\/www.eldiario.net\/portal\/wp-content\/uploads\/2025\/09\/DSC_1304-150x100.webp 150w, https:\/\/www.eldiario.net\/portal\/wp-content\/uploads\/2025\/09\/DSC_1304-696x465.webp 696w, https:\/\/www.eldiario.net\/portal\/wp-content\/uploads\/2025\/09\/DSC_1304-1068x713.webp 1068w, https:\/\/www.eldiario.net\/portal\/wp-content\/uploads\/2025\/09\/DSC_1304.webp 1200w\" sizes=\"(max-width: 629px) 100vw, 629px\" alt=\"\">\r\n                            <\/a>\r\n                            \r\n                        <\/figure>\r\n                    <\/div>\r\n                    <div class = \"td-slide-item td-item23\">\r\n                        <figure class=\"td-slide-galery-figure td-slide-popup-gallery\">\r\n                            <a class=\"slide-gallery-image-link\" href=\"https:\/\/www.eldiario.net\/portal\/wp-content\/uploads\/2025\/09\/DSC_1306.webp\" title=\"DSC_1306\"  data-caption=\"\"  data-description=\"\">\r\n                                <img decoding=\"async\" src=\"https:\/\/www.eldiario.net\/portal\/wp-content\/uploads\/2025\/09\/DSC_1306-629x420.webp\" srcset=\"https:\/\/www.eldiario.net\/portal\/wp-content\/uploads\/2025\/09\/DSC_1306-629x420.webp 629w, https:\/\/www.eldiario.net\/portal\/wp-content\/uploads\/2025\/09\/DSC_1306-300x200.webp 300w, https:\/\/www.eldiario.net\/portal\/wp-content\/uploads\/2025\/09\/DSC_1306-1024x684.webp 1024w, https:\/\/www.eldiario.net\/portal\/wp-content\/uploads\/2025\/09\/DSC_1306-768x513.webp 768w, https:\/\/www.eldiario.net\/portal\/wp-content\/uploads\/2025\/09\/DSC_1306-150x100.webp 150w, https:\/\/www.eldiario.net\/portal\/wp-content\/uploads\/2025\/09\/DSC_1306-696x465.webp 696w, https:\/\/www.eldiario.net\/portal\/wp-content\/uploads\/2025\/09\/DSC_1306-1068x713.webp 1068w, https:\/\/www.eldiario.net\/portal\/wp-content\/uploads\/2025\/09\/DSC_1306.webp 1200w\" sizes=\"(max-width: 629px) 100vw, 629px\" alt=\"\">\r\n                            <\/a>\r\n                            \r\n                        <\/figure>\r\n                    <\/div>\r\n                    <div class = \"td-slide-item td-item24\">\r\n                        <figure class=\"td-slide-galery-figure td-slide-popup-gallery\">\r\n                            <a class=\"slide-gallery-image-link\" href=\"https:\/\/www.eldiario.net\/portal\/wp-content\/uploads\/2025\/09\/DSC_1311.webp\" title=\"DSC_1311\"  data-caption=\"YU UCHIDA, ALEJANDRO PRUDENCIO, GUILLEM MANSO Y REIKO YAMADA.\"  data-description=\"\">\r\n                                <img decoding=\"async\" src=\"https:\/\/www.eldiario.net\/portal\/wp-content\/uploads\/2025\/09\/DSC_1311-629x420.webp\" srcset=\"https:\/\/www.eldiario.net\/portal\/wp-content\/uploads\/2025\/09\/DSC_1311-629x420.webp 629w, https:\/\/www.eldiario.net\/portal\/wp-content\/uploads\/2025\/09\/DSC_1311-300x200.webp 300w, https:\/\/www.eldiario.net\/portal\/wp-content\/uploads\/2025\/09\/DSC_1311-1024x684.webp 1024w, https:\/\/www.eldiario.net\/portal\/wp-content\/uploads\/2025\/09\/DSC_1311-768x513.webp 768w, https:\/\/www.eldiario.net\/portal\/wp-content\/uploads\/2025\/09\/DSC_1311-150x100.webp 150w, https:\/\/www.eldiario.net\/portal\/wp-content\/uploads\/2025\/09\/DSC_1311-696x465.webp 696w, https:\/\/www.eldiario.net\/portal\/wp-content\/uploads\/2025\/09\/DSC_1311-1068x713.webp 1068w, https:\/\/www.eldiario.net\/portal\/wp-content\/uploads\/2025\/09\/DSC_1311.webp 1200w\" sizes=\"(max-width: 629px) 100vw, 629px\" alt=\"\">\r\n                            <\/a>\r\n                            <figcaption class = \"td-slide-caption td-gallery-slide-content\"><div class = \"td-gallery-slide-copywrite\">YU UCHIDA, ALEJANDRO PRUDENCIO, GUILLEM MANSO Y REIKO YAMADA.<\/div><\/figcaption>\r\n                        <\/figure>\r\n                    <\/div>\r\n                            <\/div>\r\n                        <\/div>\r\n\r\n                        <div class = \"td-doubleSlider-2\">\r\n                            <div class = \"td-slider\">\r\n                                \r\n                    <div class = \"td-button td-item1\">\r\n                        <div class = \"td-border\"><\/div>\r\n                    <\/div>\r\n                    <div class = \"td-button td-item2\">\r\n                        <div class = \"td-border\"><\/div>\r\n                    <\/div>\r\n                    <div class = \"td-button td-item3\">\r\n                        <div class = \"td-border\"><\/div>\r\n                    <\/div>\r\n                    <div class = \"td-button td-item4\">\r\n                        <div class = \"td-border\"><\/div>\r\n                    <\/div>\r\n                    <div class = \"td-button td-item5\">\r\n                        <div class = \"td-border\"><\/div>\r\n                    <\/div>\r\n                    <div class = \"td-button td-item6\">\r\n                        <div class = \"td-border\"><\/div>\r\n                    <\/div>\r\n                    <div class = \"td-button td-item7\">\r\n                        <div class = \"td-border\"><\/div>\r\n                    <\/div>\r\n                    <div class = \"td-button td-item8\">\r\n                        <div class = \"td-border\"><\/div>\r\n                    <\/div>\r\n                    <div class = \"td-button td-item9\">\r\n                        <div class = \"td-border\"><\/div>\r\n                    <\/div>\r\n                    <div class = \"td-button td-item10\">\r\n                        <div class = \"td-border\"><\/div>\r\n                    <\/div>\r\n                    <div class = \"td-button td-item11\">\r\n                        <div class = \"td-border\"><\/div>\r\n                    <\/div>\r\n                    <div class = \"td-button td-item12\">\r\n                        <div class = \"td-border\"><\/div>\r\n                    <\/div>\r\n                    <div class = \"td-button td-item13\">\r\n                        <div class = \"td-border\"><\/div>\r\n                    <\/div>\r\n                    <div class = \"td-button td-item14\">\r\n                        <div class = \"td-border\"><\/div>\r\n                    <\/div>\r\n                    <div class = \"td-button td-item15\">\r\n                        <div class = \"td-border\"><\/div>\r\n                    <\/div>\r\n                    <div class = \"td-button td-item16\">\r\n                        <div class = \"td-border\"><\/div>\r\n                    <\/div>\r\n                    <div class = \"td-button td-item17\">\r\n                        <div class = \"td-border\"><\/div>\r\n                    <\/div>\r\n                    <div class = \"td-button td-item18\">\r\n                        <div class = \"td-border\"><\/div>\r\n                    <\/div>\r\n                    <div class = \"td-button td-item19\">\r\n                        <div class = \"td-border\"><\/div>\r\n                    <\/div>\r\n                    <div class = \"td-button td-item20\">\r\n                        <div class = \"td-border\"><\/div>\r\n                    <\/div>\r\n                    <div class = \"td-button td-item21\">\r\n                        <div class = \"td-border\"><\/div>\r\n                    <\/div>\r\n                    <div class = \"td-button td-item22\">\r\n                        <div class = \"td-border\"><\/div>\r\n                    <\/div>\r\n                    <div class = \"td-button td-item23\">\r\n                        <div class = \"td-border\"><\/div>\r\n                    <\/div>\r\n                    <div class = \"td-button td-item24\">\r\n                        <div class = \"td-border\"><\/div>\r\n                    <\/div>\r\n                            <\/div>\r\n                        <\/div>\r\n\r\n                    <\/div>\r\n\r\n                <\/div>\r\n                \n","protected":false},"excerpt":{"rendered":"<p>Los jardines de La Paz Golf Club de Mallasilla se vistieron de verde, blanco y rojo para celebrar el 215 aniversario del inicio de la independencia de M\u00e9xico. El embajador Eduardo Sosa Cu\u00e9vas y su esposa, Luciana Iovine, fueron los anfitriones de este evento que congreg\u00f3 a centenares de personalidades del quehacer nacional y a [&hellip;]<\/p>\n","protected":false},"author":1,"featured_media":333829,"comment_status":"closed","ping_status":"open","sticky":false,"template":"","format":"standard","meta":{"_acf_changed":false,"footnotes":""},"categories":[40],"tags":[],"class_list":["post-333824","post","type-post","status-publish","format-standard","has-post-thumbnail","category-sociales"],"acf":{"antetitulo":""},"yoast_head":"<!-- This site is optimized with the Yoast SEO plugin v28.4 - https:\/\/yoast.com\/product\/yoast-seo-wordpress\/ -->\n<title>Emotiva celebraci\u00f3n de la Independencia de M\u00e9xico - El Diario - Bolivia<\/title>\n<meta name=\"robots\" content=\"index, follow, max-snippet:-1, max-image-preview:large, max-video-preview:-1\" \/>\n<link rel=\"canonical\" href=\"https:\/\/www.eldiario.net\/portal\/2025\/09\/26\/emotiva-celebracion-de-la-independencia-de-mexico\/\" \/>\n<meta property=\"og:locale\" content=\"es_ES\" \/>\n<meta property=\"og:type\" content=\"article\" \/>\n<meta property=\"og:title\" content=\"Emotiva celebraci\u00f3n de la Independencia de M\u00e9xico - El Diario - Bolivia\" \/>\n<meta property=\"og:description\" content=\"Los jardines de La Paz Golf Club de Mallasilla se vistieron de verde, blanco y rojo para celebrar el 215 aniversario del inicio de la independencia de M\u00e9xico. El embajador Eduardo Sosa Cu\u00e9vas y su esposa, Luciana Iovine, fueron los anfitriones de este evento que congreg\u00f3 a centenares de personalidades del quehacer nacional y a [&hellip;]\" \/>\n<meta property=\"og:url\" content=\"https:\/\/www.eldiario.net\/portal\/2025\/09\/26\/emotiva-celebracion-de-la-independencia-de-mexico\/\" \/>\n<meta property=\"og:site_name\" content=\"El Diario - Bolivia\" \/>\n<meta property=\"article:publisher\" content=\"https:\/\/www.facebook.com\/eldiario.bolivia\/\" \/>\n<meta property=\"article:published_time\" content=\"2025-09-26T04:39:55+00:00\" \/>\n<meta property=\"og:image\" content=\"https:\/\/www.eldiario.net\/portal\/wp-content\/uploads\/2025\/09\/DSC_1336.webp\" \/>\n\t<meta property=\"og:image:width\" content=\"1200\" \/>\n\t<meta property=\"og:image:height\" content=\"801\" \/>\n\t<meta property=\"og:image:type\" content=\"image\/webp\" \/>\n<meta name=\"author\" content=\"Jeanette\" \/>\n<meta name=\"twitter:card\" content=\"summary_large_image\" \/>\n<meta name=\"twitter:creator\" content=\"@eldiario_net\" \/>\n<meta name=\"twitter:site\" content=\"@eldiario_net\" \/>\n<meta name=\"twitter:label1\" content=\"Escrito por\" \/>\n\t<meta name=\"twitter:data1\" content=\"Jeanette\" \/>\n\t<meta name=\"twitter:label2\" content=\"Tiempo de lectura\" \/>\n\t<meta name=\"twitter:data2\" content=\"2 minutos\" \/>\n<script type=\"application\/ld+json\" class=\"yoast-schema-graph\">{\"@context\":\"https:\\\/\\\/schema.org\",\"@graph\":[{\"@type\":\"Article\",\"@id\":\"https:\\\/\\\/www.eldiario.net\\\/portal\\\/2025\\\/09\\\/26\\\/emotiva-celebracion-de-la-independencia-de-mexico\\\/#article\",\"isPartOf\":{\"@id\":\"https:\\\/\\\/www.eldiario.net\\\/portal\\\/2025\\\/09\\\/26\\\/emotiva-celebracion-de-la-independencia-de-mexico\\\/\"},\"author\":{\"name\":\"Jeanette\",\"@id\":\"https:\\\/\\\/www.eldiario.net\\\/portal\\\/#\\\/schema\\\/person\\\/2c57cf2b7a7ae032e449e4c9b1019eac\"},\"headline\":\"Emotiva celebraci\u00f3n de la Independencia de M\u00e9xico\",\"datePublished\":\"2025-09-26T04:39:55+00:00\",\"mainEntityOfPage\":{\"@id\":\"https:\\\/\\\/www.eldiario.net\\\/portal\\\/2025\\\/09\\\/26\\\/emotiva-celebracion-de-la-independencia-de-mexico\\\/\"},\"wordCount\":397,\"publisher\":{\"@id\":\"https:\\\/\\\/www.eldiario.net\\\/portal\\\/#organization\"},\"image\":{\"@id\":\"https:\\\/\\\/www.eldiario.net\\\/portal\\\/2025\\\/09\\\/26\\\/emotiva-celebracion-de-la-independencia-de-mexico\\\/#primaryimage\"},\"thumbnailUrl\":\"https:\\\/\\\/www.eldiario.net\\\/portal\\\/wp-content\\\/uploads\\\/2025\\\/09\\\/DSC_1336.webp\",\"articleSection\":[\"Sociales\"],\"inLanguage\":\"es\"},{\"@type\":\"WebPage\",\"@id\":\"https:\\\/\\\/www.eldiario.net\\\/portal\\\/2025\\\/09\\\/26\\\/emotiva-celebracion-de-la-independencia-de-mexico\\\/\",\"url\":\"https:\\\/\\\/www.eldiario.net\\\/portal\\\/2025\\\/09\\\/26\\\/emotiva-celebracion-de-la-independencia-de-mexico\\\/\",\"name\":\"Emotiva celebraci\u00f3n de la Independencia de M\u00e9xico - El Diario - Bolivia\",\"isPartOf\":{\"@id\":\"https:\\\/\\\/www.eldiario.net\\\/portal\\\/#website\"},\"primaryImageOfPage\":{\"@id\":\"https:\\\/\\\/www.eldiario.net\\\/portal\\\/2025\\\/09\\\/26\\\/emotiva-celebracion-de-la-independencia-de-mexico\\\/#primaryimage\"},\"image\":{\"@id\":\"https:\\\/\\\/www.eldiario.net\\\/portal\\\/2025\\\/09\\\/26\\\/emotiva-celebracion-de-la-independencia-de-mexico\\\/#primaryimage\"},\"thumbnailUrl\":\"https:\\\/\\\/www.eldiario.net\\\/portal\\\/wp-content\\\/uploads\\\/2025\\\/09\\\/DSC_1336.webp\",\"datePublished\":\"2025-09-26T04:39:55+00:00\",\"breadcrumb\":{\"@id\":\"https:\\\/\\\/www.eldiario.net\\\/portal\\\/2025\\\/09\\\/26\\\/emotiva-celebracion-de-la-independencia-de-mexico\\\/#breadcrumb\"},\"inLanguage\":\"es\",\"potentialAction\":[{\"@type\":\"ReadAction\",\"target\":[\"https:\\\/\\\/www.eldiario.net\\\/portal\\\/2025\\\/09\\\/26\\\/emotiva-celebracion-de-la-independencia-de-mexico\\\/\"]}]},{\"@type\":\"ImageObject\",\"inLanguage\":\"es\",\"@id\":\"https:\\\/\\\/www.eldiario.net\\\/portal\\\/2025\\\/09\\\/26\\\/emotiva-celebracion-de-la-independencia-de-mexico\\\/#primaryimage\",\"url\":\"https:\\\/\\\/www.eldiario.net\\\/portal\\\/wp-content\\\/uploads\\\/2025\\\/09\\\/DSC_1336.webp\",\"contentUrl\":\"https:\\\/\\\/www.eldiario.net\\\/portal\\\/wp-content\\\/uploads\\\/2025\\\/09\\\/DSC_1336.webp\",\"width\":1200,\"height\":801,\"caption\":\"HU\u00c1SCAR AJATA, VICEMINISTRO DE COM. EXTERIOR; EDUARDO SOSA, EMBAJADOR M\u00c9XICO; FERNANDO P\u00c9REZ, VICEMINISTTRO GESTI\u00d3N CONSULAR; LUIS SAAVEDRA, C\u00d3NSUL HONORARIO DE M\u00c9XICO EN SANTQ CRUZ; MONS. FERM\u00cdN SOSA, NUNCIO APOST\u00d3LICO DE SU SANTIDAD, Y LUCIANA IOVINE, ESPOSA DEL EMBAJADOR\"},{\"@type\":\"BreadcrumbList\",\"@id\":\"https:\\\/\\\/www.eldiario.net\\\/portal\\\/2025\\\/09\\\/26\\\/emotiva-celebracion-de-la-independencia-de-mexico\\\/#breadcrumb\",\"itemListElement\":[{\"@type\":\"ListItem\",\"position\":1,\"name\":\"Portada\",\"item\":\"https:\\\/\\\/www.eldiario.net\\\/portal\\\/\"},{\"@type\":\"ListItem\",\"position\":2,\"name\":\"Emotiva celebraci\u00f3n de la Independencia de M\u00e9xico\"}]},{\"@type\":\"WebSite\",\"@id\":\"https:\\\/\\\/www.eldiario.net\\\/portal\\\/#website\",\"url\":\"https:\\\/\\\/www.eldiario.net\\\/portal\\\/\",\"name\":\"El Diario - Decano de la prensa nacional\",\"description\":\"El Diario - Decano de la prensa nacional\",\"publisher\":{\"@id\":\"https:\\\/\\\/www.eldiario.net\\\/portal\\\/#organization\"},\"potentialAction\":[{\"@type\":\"SearchAction\",\"target\":{\"@type\":\"EntryPoint\",\"urlTemplate\":\"https:\\\/\\\/www.eldiario.net\\\/portal\\\/?s={search_term_string}\"},\"query-input\":{\"@type\":\"PropertyValueSpecification\",\"valueRequired\":true,\"valueName\":\"search_term_string\"}}],\"inLanguage\":\"es\"},{\"@type\":\"Organization\",\"@id\":\"https:\\\/\\\/www.eldiario.net\\\/portal\\\/#organization\",\"name\":\"El Diario - Decano de la prensa nacional\",\"url\":\"https:\\\/\\\/www.eldiario.net\\\/portal\\\/\",\"logo\":{\"@type\":\"ImageObject\",\"inLanguage\":\"es\",\"@id\":\"https:\\\/\\\/www.eldiario.net\\\/portal\\\/#\\\/schema\\\/logo\\\/image\\\/\",\"url\":\"https:\\\/\\\/www.eldiario.net\\\/portal\\\/wp-content\\\/uploads\\\/2023\\\/07\\\/logo_ED.jpg\",\"contentUrl\":\"https:\\\/\\\/www.eldiario.net\\\/portal\\\/wp-content\\\/uploads\\\/2023\\\/07\\\/logo_ED.jpg\",\"width\":272,\"height\":52,\"caption\":\"El Diario - Decano de la prensa nacional\"},\"image\":{\"@id\":\"https:\\\/\\\/www.eldiario.net\\\/portal\\\/#\\\/schema\\\/logo\\\/image\\\/\"},\"sameAs\":[\"https:\\\/\\\/www.facebook.com\\\/eldiario.bolivia\\\/\",\"https:\\\/\\\/x.com\\\/eldiario_net\"]},{\"@type\":\"Person\",\"@id\":\"https:\\\/\\\/www.eldiario.net\\\/portal\\\/#\\\/schema\\\/person\\\/2c57cf2b7a7ae032e449e4c9b1019eac\",\"name\":\"Jeanette\",\"image\":{\"@type\":\"ImageObject\",\"inLanguage\":\"es\",\"@id\":\"https:\\\/\\\/secure.gravatar.com\\\/avatar\\\/3ea2118a5f7dad2b7138b1187a6b7ee55f160b9968b66013c3a3ef39dd7e5798?s=96&d=mm&r=g\",\"url\":\"https:\\\/\\\/secure.gravatar.com\\\/avatar\\\/3ea2118a5f7dad2b7138b1187a6b7ee55f160b9968b66013c3a3ef39dd7e5798?s=96&d=mm&r=g\",\"contentUrl\":\"https:\\\/\\\/secure.gravatar.com\\\/avatar\\\/3ea2118a5f7dad2b7138b1187a6b7ee55f160b9968b66013c3a3ef39dd7e5798?s=96&d=mm&r=g\",\"caption\":\"Jeanette\"},\"sameAs\":[\"https:\\\/\\\/www.eldiario.net\\\/portal\"],\"url\":\"https:\\\/\\\/www.eldiario.net\\\/portal\\\/author\\\/jeanette\\\/\"}]}<\/script>\n<!-- \/ Yoast SEO plugin. -->","yoast_head_json":{"title":"Emotiva celebraci\u00f3n de la Independencia de M\u00e9xico - El Diario - Bolivia","robots":{"index":"index","follow":"follow","max-snippet":"max-snippet:-1","max-image-preview":"max-image-preview:large","max-video-preview":"max-video-preview:-1"},"canonical":"https:\/\/www.eldiario.net\/portal\/2025\/09\/26\/emotiva-celebracion-de-la-independencia-de-mexico\/","og_locale":"es_ES","og_type":"article","og_title":"Emotiva celebraci\u00f3n de la Independencia de M\u00e9xico - El Diario - Bolivia","og_description":"Los jardines de La Paz Golf Club de Mallasilla se vistieron de verde, blanco y rojo para celebrar el 215 aniversario del inicio de la independencia de M\u00e9xico. El embajador Eduardo Sosa Cu\u00e9vas y su esposa, Luciana Iovine, fueron los anfitriones de este evento que congreg\u00f3 a centenares de personalidades del quehacer nacional y a [&hellip;]","og_url":"https:\/\/www.eldiario.net\/portal\/2025\/09\/26\/emotiva-celebracion-de-la-independencia-de-mexico\/","og_site_name":"El Diario - Bolivia","article_publisher":"https:\/\/www.facebook.com\/eldiario.bolivia\/","article_published_time":"2025-09-26T04:39:55+00:00","og_image":[{"width":1200,"height":801,"url":"https:\/\/www.eldiario.net\/portal\/wp-content\/uploads\/2025\/09\/DSC_1336.webp","type":"image\/webp"}],"author":"Jeanette","twitter_card":"summary_large_image","twitter_creator":"@eldiario_net","twitter_site":"@eldiario_net","twitter_misc":{"Escrito por":"Jeanette","Tiempo de lectura":"2 minutos"},"schema":{"@context":"https:\/\/schema.org","@graph":[{"@type":"Article","@id":"https:\/\/www.eldiario.net\/portal\/2025\/09\/26\/emotiva-celebracion-de-la-independencia-de-mexico\/#article","isPartOf":{"@id":"https:\/\/www.eldiario.net\/portal\/2025\/09\/26\/emotiva-celebracion-de-la-independencia-de-mexico\/"},"author":{"name":"Jeanette","@id":"https:\/\/www.eldiario.net\/portal\/#\/schema\/person\/2c57cf2b7a7ae032e449e4c9b1019eac"},"headline":"Emotiva celebraci\u00f3n de la Independencia de M\u00e9xico","datePublished":"2025-09-26T04:39:55+00:00","mainEntityOfPage":{"@id":"https:\/\/www.eldiario.net\/portal\/2025\/09\/26\/emotiva-celebracion-de-la-independencia-de-mexico\/"},"wordCount":397,"publisher":{"@id":"https:\/\/www.eldiario.net\/portal\/#organization"},"image":{"@id":"https:\/\/www.eldiario.net\/portal\/2025\/09\/26\/emotiva-celebracion-de-la-independencia-de-mexico\/#primaryimage"},"thumbnailUrl":"https:\/\/www.eldiario.net\/portal\/wp-content\/uploads\/2025\/09\/DSC_1336.webp","articleSection":["Sociales"],"inLanguage":"es"},{"@type":"WebPage","@id":"https:\/\/www.eldiario.net\/portal\/2025\/09\/26\/emotiva-celebracion-de-la-independencia-de-mexico\/","url":"https:\/\/www.eldiario.net\/portal\/2025\/09\/26\/emotiva-celebracion-de-la-independencia-de-mexico\/","name":"Emotiva celebraci\u00f3n de la Independencia de M\u00e9xico - El Diario - Bolivia","isPartOf":{"@id":"https:\/\/www.eldiario.net\/portal\/#website"},"primaryImageOfPage":{"@id":"https:\/\/www.eldiario.net\/portal\/2025\/09\/26\/emotiva-celebracion-de-la-independencia-de-mexico\/#primaryimage"},"image":{"@id":"https:\/\/www.eldiario.net\/portal\/2025\/09\/26\/emotiva-celebracion-de-la-independencia-de-mexico\/#primaryimage"},"thumbnailUrl":"https:\/\/www.eldiario.net\/portal\/wp-content\/uploads\/2025\/09\/DSC_1336.webp","datePublished":"2025-09-26T04:39:55+00:00","breadcrumb":{"@id":"https:\/\/www.eldiario.net\/portal\/2025\/09\/26\/emotiva-celebracion-de-la-independencia-de-mexico\/#breadcrumb"},"inLanguage":"es","potentialAction":[{"@type":"ReadAction","target":["https:\/\/www.eldiario.net\/portal\/2025\/09\/26\/emotiva-celebracion-de-la-independencia-de-mexico\/"]}]},{"@type":"ImageObject","inLanguage":"es","@id":"https:\/\/www.eldiario.net\/portal\/2025\/09\/26\/emotiva-celebracion-de-la-independencia-de-mexico\/#primaryimage","url":"https:\/\/www.eldiario.net\/portal\/wp-content\/uploads\/2025\/09\/DSC_1336.webp","contentUrl":"https:\/\/www.eldiario.net\/portal\/wp-content\/uploads\/2025\/09\/DSC_1336.webp","width":1200,"height":801,"caption":"HU\u00c1SCAR AJATA, VICEMINISTRO DE COM. EXTERIOR; EDUARDO SOSA, EMBAJADOR M\u00c9XICO; FERNANDO P\u00c9REZ, VICEMINISTTRO GESTI\u00d3N CONSULAR; LUIS SAAVEDRA, C\u00d3NSUL HONORARIO DE M\u00c9XICO EN SANTQ CRUZ; MONS. FERM\u00cdN SOSA, NUNCIO APOST\u00d3LICO DE SU SANTIDAD, Y LUCIANA IOVINE, ESPOSA DEL EMBAJADOR"},{"@type":"BreadcrumbList","@id":"https:\/\/www.eldiario.net\/portal\/2025\/09\/26\/emotiva-celebracion-de-la-independencia-de-mexico\/#breadcrumb","itemListElement":[{"@type":"ListItem","position":1,"name":"Portada","item":"https:\/\/www.eldiario.net\/portal\/"},{"@type":"ListItem","position":2,"name":"Emotiva celebraci\u00f3n de la Independencia de M\u00e9xico"}]},{"@type":"WebSite","@id":"https:\/\/www.eldiario.net\/portal\/#website","url":"https:\/\/www.eldiario.net\/portal\/","name":"El Diario - Decano de la prensa nacional","description":"El Diario - Decano de la prensa nacional","publisher":{"@id":"https:\/\/www.eldiario.net\/portal\/#organization"},"potentialAction":[{"@type":"SearchAction","target":{"@type":"EntryPoint","urlTemplate":"https:\/\/www.eldiario.net\/portal\/?s={search_term_string}"},"query-input":{"@type":"PropertyValueSpecification","valueRequired":true,"valueName":"search_term_string"}}],"inLanguage":"es"},{"@type":"Organization","@id":"https:\/\/www.eldiario.net\/portal\/#organization","name":"El Diario - Decano de la prensa nacional","url":"https:\/\/www.eldiario.net\/portal\/","logo":{"@type":"ImageObject","inLanguage":"es","@id":"https:\/\/www.eldiario.net\/portal\/#\/schema\/logo\/image\/","url":"https:\/\/www.eldiario.net\/portal\/wp-content\/uploads\/2023\/07\/logo_ED.jpg","contentUrl":"https:\/\/www.eldiario.net\/portal\/wp-content\/uploads\/2023\/07\/logo_ED.jpg","width":272,"height":52,"caption":"El Diario - Decano de la prensa nacional"},"image":{"@id":"https:\/\/www.eldiario.net\/portal\/#\/schema\/logo\/image\/"},"sameAs":["https:\/\/www.facebook.com\/eldiario.bolivia\/","https:\/\/x.com\/eldiario_net"]},{"@type":"Person","@id":"https:\/\/www.eldiario.net\/portal\/#\/schema\/person\/2c57cf2b7a7ae032e449e4c9b1019eac","name":"Jeanette","image":{"@type":"ImageObject","inLanguage":"es","@id":"https:\/\/secure.gravatar.com\/avatar\/3ea2118a5f7dad2b7138b1187a6b7ee55f160b9968b66013c3a3ef39dd7e5798?s=96&d=mm&r=g","url":"https:\/\/secure.gravatar.com\/avatar\/3ea2118a5f7dad2b7138b1187a6b7ee55f160b9968b66013c3a3ef39dd7e5798?s=96&d=mm&r=g","contentUrl":"https:\/\/secure.gravatar.com\/avatar\/3ea2118a5f7dad2b7138b1187a6b7ee55f160b9968b66013c3a3ef39dd7e5798?s=96&d=mm&r=g","caption":"Jeanette"},"sameAs":["https:\/\/www.eldiario.net\/portal"],"url":"https:\/\/www.eldiario.net\/portal\/author\/jeanette\/"}]}},"_links":{"self":[{"href":"https:\/\/www.eldiario.net\/portal\/wp-json\/wp\/v2\/posts\/333824","targetHints":{"allow":["GET"]}}],"collection":[{"href":"https:\/\/www.eldiario.net\/portal\/wp-json\/wp\/v2\/posts"}],"about":[{"href":"https:\/\/www.eldiario.net\/portal\/wp-json\/wp\/v2\/types\/post"}],"author":[{"embeddable":true,"href":"https:\/\/www.eldiario.net\/portal\/wp-json\/wp\/v2\/users\/1"}],"replies":[{"embeddable":true,"href":"https:\/\/www.eldiario.net\/portal\/wp-json\/wp\/v2\/comments?post=333824"}],"version-history":[{"count":1,"href":"https:\/\/www.eldiario.net\/portal\/wp-json\/wp\/v2\/posts\/333824\/revisions"}],"predecessor-version":[{"id":333849,"href":"https:\/\/www.eldiario.net\/portal\/wp-json\/wp\/v2\/posts\/333824\/revisions\/333849"}],"wp:featuredmedia":[{"embeddable":true,"href":"https:\/\/www.eldiario.net\/portal\/wp-json\/wp\/v2\/media\/333829"}],"wp:attachment":[{"href":"https:\/\/www.eldiario.net\/portal\/wp-json\/wp\/v2\/media?parent=333824"}],"wp:term":[{"taxonomy":"category","embeddable":true,"href":"https:\/\/www.eldiario.net\/portal\/wp-json\/wp\/v2\/categories?post=333824"},{"taxonomy":"post_tag","embeddable":true,"href":"https:\/\/www.eldiario.net\/portal\/wp-json\/wp\/v2\/tags?post=333824"}],"curies":[{"name":"wp","href":"https:\/\/api.w.org\/{rel}","templated":true}]}}