{"id":333814,"date":"2025-09-26T00:22:59","date_gmt":"2025-09-26T04:22:59","guid":{"rendered":"https:\/\/www.eldiario.net\/portal\/?p=333814"},"modified":"2025-09-25T22:25:20","modified_gmt":"2025-09-26T02:25:20","slug":"festival-coroico-internacional-2025-rinde-homenaje-a-ivan-barrientos","status":"publish","type":"post","link":"https:\/\/www.eldiario.net\/portal\/2025\/09\/26\/festival-coroico-internacional-2025-rinde-homenaje-a-ivan-barrientos\/","title":{"rendered":"Festival Coroico Internacional 2025  rinde homenaje a Iv\u00e1n Barrientos"},"content":{"rendered":"<p>El Festival Folkl\u00f3rico Coroico Internacional 2025 rendir\u00e1 un merecido homenaje al desaparecido maestro Iv\u00e1n Barrientos Murillo, destacado ingeniero de sonido, m\u00fasico y productor boliviano.<\/p>\n<p>Barrientos fue art\u00edfice y co-fundador del evento, que este viernes 26 y s\u00e1bado 27 de septiembre reunir\u00e1 en su s\u00e9ptima versi\u00f3n a grandes agrupaciones musicales en la hermosa poblaci\u00f3n de Coroico.<\/p>\n<p>Este a\u00f1o el festival tendr\u00e1 un concurso internacional, con artistas de Bolivia, Ecuador, Chile y Argentina, y la siguiente cartelera:<\/p>\n<p><strong>Viernes 26 de septiembre<\/strong><\/p>\n<p>Llajtaymanta, Esther Marisol, Kunan Runa, El Bagualito e Histeria.<\/p>\n<p><strong>S\u00e1bado 27 de septiembre<\/strong><\/p>\n<p>Chila Jatun, Quirqui\u00f1a, Tupay, Sangre Cumbiera y Euphoria.<\/p>\n<p>\u201cAmigos de La Paz, de Bolivia y el mundo entero, invitamos a todos a que participen del 7mo. Festival Coroico Internacional este 26 y 27 de septiembre en Coroico, primer destino tur\u00edstico del pa\u00eds, a disfrutar de la mejor m\u00fasica y disfrutar adem\u00e1s del paisaje, de la regi\u00f3n y de la gastronom\u00eda. Las entradas est\u00e1n a la venta en las agencias Discolandia, en Acuario SRL en la zona sur y por las plataformas de Superticket. Nos vemos en Coroico\u201d, anunci\u00f3 Rilver Herbas, fundador del festival y director de la Fundaci\u00f3n Kjarkas.<\/p>\n<p><strong>FESTIVAL FOLKL\u00d3RICO INTERNACIONAL COROICO 2025 VERSI\u00d3N: IV\u00c1N BARRIENTOS MURILLO<\/strong><\/p>\n<p>Iv\u00e1n Barrientos dej\u00f3 un vac\u00edo muy grande tras su sensible fallecimiento, el 17 de agosto del a\u00f1o 2022.<\/p>\n<p>Su partida gener\u00f3 diversas muestras de dolor en el medio art\u00edstico nacional e internacional y es que no era para menos. Por las manos y o\u00eddos de este extraordinario ingeniero de sonido, m\u00fasico y productor boliviano pasaron los trabajos discogr\u00e1ficos de los Kjarkas, Llajtaymanta, Grupo Femenino Bolivia, Lapsus, Veneno y La Bamba, entre otros conjuntos nacionales, que fueron galardonados con discos de Oro y Platino.<\/p>\n<p>Adem\u00e1s de ser bajista por casi dos d\u00e9cadas de los Kjarkas, fue compositor de innumerables \u00e9xitos de la m\u00fasica boliviana, como la cumbia \u201cTanto amor\u201d, interpretada por Weimar Delgado y popularizada por el grupo La Bamba. Pero tambi\u00e9n otro de sus m\u00e9ritos fue haber fundado precisamente el Festival Folkl\u00f3rico Coroico Internacional junto a Rilver Herbas.<\/p>\n<p>Al recordar un a\u00f1o de su muerte, La Gu\u00eda convers\u00f3 con Rilver Herbas, director de la Fundaci\u00f3n Kjarkas y amigo personal de Iv\u00e1n, para que nos hable sobre el aporte que dej\u00f3 el desaparecido y querido artista boliviano, con quien tambi\u00e9n trabaj\u00f3 en varios proyectos musicales. Y esto fue lo que nos cont\u00f3 en aquella oportunidad.<\/p>\n<p><strong>LG: \u00bfCu\u00e1n grande es el vac\u00edo que dej\u00f3 Iv\u00e1n Barrientos?<\/strong><\/p>\n<p>R: En el mundo art\u00edstico, de la grabaci\u00f3n de fonogramas, realmente dej\u00f3 un vac\u00edo muy grande. Iv\u00e1n no solo grababa, sino que como ingeniero de sonido de estudio dirig\u00eda las grabaciones y adem\u00e1s aportaba con su creatividad en arreglos, con ideas nuevas y, sobre todo, cuidaba la calidad de las grabaciones porque ten\u00eda o\u00eddo absoluto. Seguramente lo extra\u00f1an muchos grupos musicales.<\/p>\n<p><strong>LG: \u00bfQu\u00e9 destacas m\u00e1s de la faceta musical de Iv\u00e1n?, \u00bfcu\u00e1l fue su mayor aporte a la m\u00fasica?<\/strong><\/p>\n<p>R: Realmente nuestro querido Iv\u00e1n era multifac\u00e9tico.\u00a0 Ejecutaba varios instrumentos musicales, sobre todo el bajo electr\u00f3nico, instrumento con el que acompa\u00f1\u00f3 a varias agrupaciones musicales. Adem\u00e1s de todo, considero que su mayor aporte fue grabar m\u00e1s de 8.000 obras musicales, participando como ingeniero de sonido, grabando su bajo y aportando con sus composiciones, como \u201cTanto amor\u201d, que fue un \u00e9xito en Sudam\u00e9rica.<\/p>\n<p><strong>LG: \u00bfQu\u00e9 proyectos emprendieron juntos? <\/strong><\/p>\n<p>R: Tuve la dicha de ser amigo y hermano de tantos proyectos junto a Iv\u00e1n Barrientos. Compart\u00edamos la misma filosof\u00eda. \u00c9ramos so\u00f1adores y elud\u00edamos el pragmatismo para plasmar sue\u00f1os dif\u00edciles. Creamos juntos el Centro Cultural Kjarkas, por el af\u00e1n de integraci\u00f3n nacional y la ansiada unificaci\u00f3n del folklore boliviano. Lanzamos el grupo Prendados y tambi\u00e9n me apoy\u00f3 decididamente en las grabaciones del grupo Diverso, as\u00ed como en la creaci\u00f3n de Los Trim\u00e1nticos, como en otros proyectos, todos sin fines de lucro.<\/p>\n<p><strong>LG: \u00bfY qu\u00e9 resaltas de la participaci\u00f3n de Iv\u00e1n en los Kjarkas?<\/strong><\/p>\n<p>R: Con los Kjarkas se hizo visible la calidad profesional de Iv\u00e1n. Grab\u00f3 los \u00faltimos 5 discos, en los que la exigencia por conseguir la excelencia en el sonido fue lograda en forma meticulosa. Adem\u00e1s de ello, Iv\u00e1n se convirti\u00f3 oficialmente en el bajista de los Kjarkas y asesor directo del sonido \u201cen vivo\u201d.<\/p>\n<p><strong>LG: \u00bfC\u00f3mo lo definir\u00edas en pocas palabras? <\/strong><\/p>\n<p>R: Como un ser humano excepcional, m\u00fasico por antonomasia, un amigo en toda la expresi\u00f3n de la palabra\u2026 realmente nos dej\u00f3 un gran vac\u00edo.<\/p>\n<p><strong>LG: \u00bfQu\u00e9 signific\u00f3 para ti Iv\u00e1n? <\/strong><\/p>\n<p>R: Iv\u00e1n era mi hermano. Llenaba la vida de mucha gente, era mi mayor apoyo, mi confidente, c\u00f3mplice en tantas luchas. Me ayud\u00f3 a caminar en el lado del bien. Su muerte fue una gran p\u00e9rdida, un vac\u00edo inmenso.<\/p>\n<p><strong>EL M\u00daSICO<\/strong><\/p>\n<p>Iv\u00e1n Barrientos Murillo naci\u00f3 el 17 de octubre de 1966 en Tupiza, Potos\u00ed, pero se consideraba \u201cm\u00e1s pace\u00f1o que nadie\u201d porque casi desde que recordaba, siempre vivi\u00f3 en La Paz, seg\u00fan cont\u00f3 en la entrevista que le hizo el entonces suplemento Tu Gu\u00eda del peri\u00f3dico EL DIARIO.<\/p>\n<p>Naci\u00f3 en el seno de una familia de m\u00fasicos, lo que le gui\u00f3 por el camino del arte, en el que destac\u00f3 por su calidad interpretativa.<\/p>\n<p>Iv\u00e1n se defin\u00eda como una persona pac\u00edfica y de car\u00e1cter tranquilo. Y asegur\u00f3 en aquella oportunidad que uno de sus defectos era que siempre fue demasiado pasivo.<\/p>\n<p>Padre de Ver\u00f3nica, Fernanda y Mateo, sus adorables hijos, estuvo casado con Crisel Mart\u00ednez, quien lo acompa\u00f1\u00f3 hasta su fallecimiento en Cochabamba, ciudad donde residi\u00f3 en los \u00faltimos a\u00f1os.<\/p>\n<p>Tras 15 a\u00f1os de trayectoria art\u00edstica y una notable carrera como ingeniero de sonido, en octubre del a\u00f1o 2000 se dio su debut internacional con los Kjarkas, grupo en el que estuvo mucho tiempo.<\/p>\n<p>\u201cMe siento muy comprometido con ellos, sentimental y musicalmente. Estoy dispuesto a dar lo mejor de mi arte. Estoy feliz de estar en el primer grupo folkl\u00f3rico del pa\u00eds\u201d, dec\u00eda en ese entonces Iv\u00e1n.<\/p>\n<p>Y el resto es historia. Una hermosa historia de \u00e9xitos, triunfos, viajes, inolvidables momentos, conciertos y mucha hermandad con sus otrora compa\u00f1eros de m\u00fasica.<\/p>\n<p>\u201cDescansa en paz, Iv\u00e1n, Ivancito, Ivancho, Ivanch\u00edn, Inge\u2026. Nos haces mucha falta\u201d, es parte de los mensajes que siempre expresan m\u00fasicos, amigos y familiares del sonidista y artista boliviano, del que no se cansan de destacar su \u201cprofesionalismo, talento, buen o\u00eddo, apasionamiento, sencillez y humildad\u201d.<\/p>\n\r\n                <style type=\"text\/css\">\r\n                    \r\n                    #tdi_1  .td-doubleSlider-2 .td-item1 {\r\n                        background: url(https:\/\/www.eldiario.net\/portal\/wp-content\/uploads\/2025\/09\/5.-Llajtaymanta--80x60.webp) 0 0 no-repeat;\r\n                    }\r\n                    #tdi_1  .td-doubleSlider-2 .td-item2 {\r\n                        background: url(https:\/\/www.eldiario.net\/portal\/wp-content\/uploads\/2025\/09\/1-1-80x60.webp) 0 0 no-repeat;\r\n                    }\r\n                    #tdi_1  .td-doubleSlider-2 .td-item3 {\r\n                        background: url(https:\/\/www.eldiario.net\/portal\/wp-content\/uploads\/2025\/09\/2-9-80x60.webp) 0 0 no-repeat;\r\n                    }\r\n                    #tdi_1  .td-doubleSlider-2 .td-item4 {\r\n                        background: url(https:\/\/www.eldiario.net\/portal\/wp-content\/uploads\/2025\/09\/3-6-80x60.webp) 0 0 no-repeat;\r\n                    }\r\n                    #tdi_1  .td-doubleSlider-2 .td-item5 {\r\n                        background: url(https:\/\/www.eldiario.net\/portal\/wp-content\/uploads\/2025\/09\/4.-Tupay-80x60.webp) 0 0 no-repeat;\r\n                    }\r\n                    #tdi_1  .td-doubleSlider-2 .td-item6 {\r\n                        background: url(https:\/\/www.eldiario.net\/portal\/wp-content\/uploads\/2025\/09\/6.-Quirquina-80x60.webp) 0 0 no-repeat;\r\n                    }\r\n                    #tdi_1  .td-doubleSlider-2 .td-item7 {\r\n                        background: url(https:\/\/www.eldiario.net\/portal\/wp-content\/uploads\/2025\/09\/7.-Histeria-80x60.webp) 0 0 no-repeat;\r\n                    }\r\n                    #tdi_1  .td-doubleSlider-2 .td-item8 {\r\n                        background: url(https:\/\/www.eldiario.net\/portal\/wp-content\/uploads\/2025\/09\/8.-Chila-Jatun-80x60.webp) 0 0 no-repeat;\r\n                    }\r\n                <\/style>\r\n\r\n                <div id=\"tdi_1\" class=\"td-gallery td-slide-on-2-columns\">\r\n                    <div class=\"post_td_gallery\">\r\n                        <div class=\"td-gallery-slide-top\">\r\n                           <div class=\"td-gallery-title\"><\/div>\r\n\r\n                            <div class=\"td-gallery-controls-wrapper\">\r\n                                <div class=\"td-gallery-slide-count\"><span class=\"td-gallery-slide-item-focus\">1<\/span> de 8<\/div>\r\n                                <div class=\"td-gallery-slide-prev-next-but\">\r\n                                    <i class = \"td-icon-left doubleSliderPrevButton\"><\/i>\r\n                                    <i class = \"td-icon-right doubleSliderNextButton\"><\/i>\r\n                                <\/div>\r\n                            <\/div>\r\n                        <\/div>\r\n\r\n                        <div class = \"td-doubleSlider-1 \">\r\n                            <div class = \"td-slider\">\r\n                                \r\n                    <div class = \"td-slide-item td-item1\">\r\n                        <figure class=\"td-slide-galery-figure td-slide-popup-gallery\">\r\n                            <a class=\"slide-gallery-image-link\" href=\"https:\/\/www.eldiario.net\/portal\/wp-content\/uploads\/2025\/09\/5.-Llajtaymanta-.webp\" title=\"5.-Llajtaymanta-\"  data-caption=\"\"  data-description=\"\">\r\n                                <img decoding=\"async\" src=\"https:\/\/www.eldiario.net\/portal\/wp-content\/uploads\/2025\/09\/5.-Llajtaymanta--508x420.webp\" srcset=\"https:\/\/www.eldiario.net\/portal\/wp-content\/uploads\/2025\/09\/5.-Llajtaymanta--508x420.webp 508w, https:\/\/www.eldiario.net\/portal\/wp-content\/uploads\/2025\/09\/5.-Llajtaymanta--300x248.webp 300w, https:\/\/www.eldiario.net\/portal\/wp-content\/uploads\/2025\/09\/5.-Llajtaymanta--1024x846.webp 1024w, https:\/\/www.eldiario.net\/portal\/wp-content\/uploads\/2025\/09\/5.-Llajtaymanta--768x635.webp 768w, https:\/\/www.eldiario.net\/portal\/wp-content\/uploads\/2025\/09\/5.-Llajtaymanta--150x124.webp 150w, https:\/\/www.eldiario.net\/portal\/wp-content\/uploads\/2025\/09\/5.-Llajtaymanta--696x575.webp 696w, https:\/\/www.eldiario.net\/portal\/wp-content\/uploads\/2025\/09\/5.-Llajtaymanta--1068x883.webp 1068w, https:\/\/www.eldiario.net\/portal\/wp-content\/uploads\/2025\/09\/5.-Llajtaymanta-.webp 1280w\" sizes=\"(max-width: 508px) 100vw, 508px\" alt=\"\">\r\n                            <\/a>\r\n                            \r\n                        <\/figure>\r\n                    <\/div>\r\n                    <div class = \"td-slide-item td-item2\">\r\n                        <figure class=\"td-slide-galery-figure td-slide-popup-gallery\">\r\n                            <a class=\"slide-gallery-image-link\" href=\"https:\/\/www.eldiario.net\/portal\/wp-content\/uploads\/2025\/09\/1-1.webp\" title=\"1\"  data-caption=\"\"  data-description=\"\">\r\n                                <img decoding=\"async\" src=\"https:\/\/www.eldiario.net\/portal\/wp-content\/uploads\/2025\/09\/1-1-578x420.webp\" srcset=\"https:\/\/www.eldiario.net\/portal\/wp-content\/uploads\/2025\/09\/1-1-578x420.webp 578w, https:\/\/www.eldiario.net\/portal\/wp-content\/uploads\/2025\/09\/1-1-300x218.webp 300w, https:\/\/www.eldiario.net\/portal\/wp-content\/uploads\/2025\/09\/1-1-1024x744.webp 1024w, https:\/\/www.eldiario.net\/portal\/wp-content\/uploads\/2025\/09\/1-1-768x558.webp 768w, https:\/\/www.eldiario.net\/portal\/wp-content\/uploads\/2025\/09\/1-1-150x109.webp 150w, https:\/\/www.eldiario.net\/portal\/wp-content\/uploads\/2025\/09\/1-1-696x506.webp 696w, https:\/\/www.eldiario.net\/portal\/wp-content\/uploads\/2025\/09\/1-1-1068x776.webp 1068w, https:\/\/www.eldiario.net\/portal\/wp-content\/uploads\/2025\/09\/1-1.webp 1200w\" sizes=\"(max-width: 578px) 100vw, 578px\" alt=\"\">\r\n                            <\/a>\r\n                            \r\n                        <\/figure>\r\n                    <\/div>\r\n                    <div class = \"td-slide-item td-item3\">\r\n                        <figure class=\"td-slide-galery-figure td-slide-popup-gallery\">\r\n                            <a class=\"slide-gallery-image-link\" href=\"https:\/\/www.eldiario.net\/portal\/wp-content\/uploads\/2025\/09\/2-9.webp\" title=\"2\"  data-caption=\"\"  data-description=\"\">\r\n                                <img decoding=\"async\" src=\"https:\/\/www.eldiario.net\/portal\/wp-content\/uploads\/2025\/09\/2-9-632x420.webp\" srcset=\"https:\/\/www.eldiario.net\/portal\/wp-content\/uploads\/2025\/09\/2-9-632x420.webp 632w, https:\/\/www.eldiario.net\/portal\/wp-content\/uploads\/2025\/09\/2-9-300x199.webp 300w, https:\/\/www.eldiario.net\/portal\/wp-content\/uploads\/2025\/09\/2-9-1024x680.webp 1024w, https:\/\/www.eldiario.net\/portal\/wp-content\/uploads\/2025\/09\/2-9-768x510.webp 768w, https:\/\/www.eldiario.net\/portal\/wp-content\/uploads\/2025\/09\/2-9-150x100.webp 150w, https:\/\/www.eldiario.net\/portal\/wp-content\/uploads\/2025\/09\/2-9-696x462.webp 696w, https:\/\/www.eldiario.net\/portal\/wp-content\/uploads\/2025\/09\/2-9-1068x709.webp 1068w, https:\/\/www.eldiario.net\/portal\/wp-content\/uploads\/2025\/09\/2-9.webp 1200w\" sizes=\"(max-width: 632px) 100vw, 632px\" alt=\"\">\r\n                            <\/a>\r\n                            \r\n                        <\/figure>\r\n                    <\/div>\r\n                    <div class = \"td-slide-item td-item4\">\r\n                        <figure class=\"td-slide-galery-figure td-slide-popup-gallery\">\r\n                            <a class=\"slide-gallery-image-link\" href=\"https:\/\/www.eldiario.net\/portal\/wp-content\/uploads\/2025\/09\/3-6.webp\" title=\"3\"  data-caption=\"\"  data-description=\"\">\r\n                                <img decoding=\"async\" src=\"https:\/\/www.eldiario.net\/portal\/wp-content\/uploads\/2025\/09\/3-6-630x420.webp\" srcset=\"https:\/\/www.eldiario.net\/portal\/wp-content\/uploads\/2025\/09\/3-6-630x420.webp 630w, https:\/\/www.eldiario.net\/portal\/wp-content\/uploads\/2025\/09\/3-6-300x200.webp 300w, https:\/\/www.eldiario.net\/portal\/wp-content\/uploads\/2025\/09\/3-6-1024x683.webp 1024w, https:\/\/www.eldiario.net\/portal\/wp-content\/uploads\/2025\/09\/3-6-768x512.webp 768w, https:\/\/www.eldiario.net\/portal\/wp-content\/uploads\/2025\/09\/3-6-150x100.webp 150w, https:\/\/www.eldiario.net\/portal\/wp-content\/uploads\/2025\/09\/3-6-696x464.webp 696w, https:\/\/www.eldiario.net\/portal\/wp-content\/uploads\/2025\/09\/3-6-1068x712.webp 1068w, https:\/\/www.eldiario.net\/portal\/wp-content\/uploads\/2025\/09\/3-6.webp 1200w\" sizes=\"(max-width: 630px) 100vw, 630px\" alt=\"\">\r\n                            <\/a>\r\n                            \r\n                        <\/figure>\r\n                    <\/div>\r\n                    <div class = \"td-slide-item td-item5\">\r\n                        <figure class=\"td-slide-galery-figure td-slide-popup-gallery\">\r\n                            <a class=\"slide-gallery-image-link\" href=\"https:\/\/www.eldiario.net\/portal\/wp-content\/uploads\/2025\/09\/4.-Tupay.webp\" title=\"4.-Tupay\"  data-caption=\"\"  data-description=\"\">\r\n                                <img decoding=\"async\" src=\"https:\/\/www.eldiario.net\/portal\/wp-content\/uploads\/2025\/09\/4.-Tupay-631x420.webp\" srcset=\"https:\/\/www.eldiario.net\/portal\/wp-content\/uploads\/2025\/09\/4.-Tupay-631x420.webp 631w, https:\/\/www.eldiario.net\/portal\/wp-content\/uploads\/2025\/09\/4.-Tupay-300x200.webp 300w, https:\/\/www.eldiario.net\/portal\/wp-content\/uploads\/2025\/09\/4.-Tupay-768x512.webp 768w, https:\/\/www.eldiario.net\/portal\/wp-content\/uploads\/2025\/09\/4.-Tupay-150x100.webp 150w, https:\/\/www.eldiario.net\/portal\/wp-content\/uploads\/2025\/09\/4.-Tupay-696x464.webp 696w, https:\/\/www.eldiario.net\/portal\/wp-content\/uploads\/2025\/09\/4.-Tupay.webp 1024w\" sizes=\"(max-width: 631px) 100vw, 631px\" alt=\"\">\r\n                            <\/a>\r\n                            \r\n                        <\/figure>\r\n                    <\/div>\r\n                    <div class = \"td-slide-item td-item6\">\r\n                        <figure class=\"td-slide-galery-figure td-slide-popup-gallery\">\r\n                            <a class=\"slide-gallery-image-link\" href=\"https:\/\/www.eldiario.net\/portal\/wp-content\/uploads\/2025\/09\/6.-Quirquina.webp\" title=\"6. Quirqui\u00f1a\"  data-caption=\"\"  data-description=\"\">\r\n                                <img decoding=\"async\" src=\"https:\/\/www.eldiario.net\/portal\/wp-content\/uploads\/2025\/09\/6.-Quirquina-631x420.webp\" srcset=\"https:\/\/www.eldiario.net\/portal\/wp-content\/uploads\/2025\/09\/6.-Quirquina-631x420.webp 631w, https:\/\/www.eldiario.net\/portal\/wp-content\/uploads\/2025\/09\/6.-Quirquina-300x200.webp 300w, https:\/\/www.eldiario.net\/portal\/wp-content\/uploads\/2025\/09\/6.-Quirquina-1024x682.webp 1024w, https:\/\/www.eldiario.net\/portal\/wp-content\/uploads\/2025\/09\/6.-Quirquina-768x511.webp 768w, https:\/\/www.eldiario.net\/portal\/wp-content\/uploads\/2025\/09\/6.-Quirquina-1536x1023.webp 1536w, https:\/\/www.eldiario.net\/portal\/wp-content\/uploads\/2025\/09\/6.-Quirquina-150x100.webp 150w, https:\/\/www.eldiario.net\/portal\/wp-content\/uploads\/2025\/09\/6.-Quirquina-696x463.webp 696w, https:\/\/www.eldiario.net\/portal\/wp-content\/uploads\/2025\/09\/6.-Quirquina-1068x711.webp 1068w, https:\/\/www.eldiario.net\/portal\/wp-content\/uploads\/2025\/09\/6.-Quirquina.webp 1873w\" sizes=\"(max-width: 631px) 100vw, 631px\" alt=\"\">\r\n                            <\/a>\r\n                            \r\n                        <\/figure>\r\n                    <\/div>\r\n                    <div class = \"td-slide-item td-item7\">\r\n                        <figure class=\"td-slide-galery-figure td-slide-popup-gallery\">\r\n                            <a class=\"slide-gallery-image-link\" href=\"https:\/\/www.eldiario.net\/portal\/wp-content\/uploads\/2025\/09\/7.-Histeria.webp\" title=\"7. Histeria\"  data-caption=\"\"  data-description=\"\">\r\n                                <img decoding=\"async\" src=\"https:\/\/www.eldiario.net\/portal\/wp-content\/uploads\/2025\/09\/7.-Histeria-645x420.webp\" srcset=\"https:\/\/www.eldiario.net\/portal\/wp-content\/uploads\/2025\/09\/7.-Histeria-645x420.webp 645w, https:\/\/www.eldiario.net\/portal\/wp-content\/uploads\/2025\/09\/7.-Histeria-300x195.webp 300w, https:\/\/www.eldiario.net\/portal\/wp-content\/uploads\/2025\/09\/7.-Histeria-150x98.webp 150w, https:\/\/www.eldiario.net\/portal\/wp-content\/uploads\/2025\/09\/7.-Histeria-696x453.webp 696w, https:\/\/www.eldiario.net\/portal\/wp-content\/uploads\/2025\/09\/7.-Histeria.webp 726w\" sizes=\"(max-width: 645px) 100vw, 645px\" alt=\"\">\r\n                            <\/a>\r\n                            \r\n                        <\/figure>\r\n                    <\/div>\r\n                    <div class = \"td-slide-item td-item8\">\r\n                        <figure class=\"td-slide-galery-figure td-slide-popup-gallery\">\r\n                            <a class=\"slide-gallery-image-link\" href=\"https:\/\/www.eldiario.net\/portal\/wp-content\/uploads\/2025\/09\/8.-Chila-Jatun.webp\" title=\"8. Chila Jatun\"  data-caption=\"\"  data-description=\"\">\r\n                                <img decoding=\"async\" src=\"https:\/\/www.eldiario.net\/portal\/wp-content\/uploads\/2025\/09\/8.-Chila-Jatun-804x420.webp\" srcset=\"https:\/\/www.eldiario.net\/portal\/wp-content\/uploads\/2025\/09\/8.-Chila-Jatun-804x420.webp 804w, https:\/\/www.eldiario.net\/portal\/wp-content\/uploads\/2025\/09\/8.-Chila-Jatun-300x157.webp 300w, https:\/\/www.eldiario.net\/portal\/wp-content\/uploads\/2025\/09\/8.-Chila-Jatun-768x401.webp 768w, https:\/\/www.eldiario.net\/portal\/wp-content\/uploads\/2025\/09\/8.-Chila-Jatun-150x78.webp 150w, https:\/\/www.eldiario.net\/portal\/wp-content\/uploads\/2025\/09\/8.-Chila-Jatun-696x363.webp 696w, https:\/\/www.eldiario.net\/portal\/wp-content\/uploads\/2025\/09\/8.-Chila-Jatun.webp 856w\" sizes=\"(max-width: 804px) 100vw, 804px\" alt=\"\">\r\n                            <\/a>\r\n                            \r\n                        <\/figure>\r\n                    <\/div>\r\n                            <\/div>\r\n                        <\/div>\r\n\r\n                        <div class = \"td-doubleSlider-2\">\r\n                            <div class = \"td-slider\">\r\n                                \r\n                    <div class = \"td-button td-item1\">\r\n                        <div class = \"td-border\"><\/div>\r\n                    <\/div>\r\n                    <div class = \"td-button td-item2\">\r\n                        <div class = \"td-border\"><\/div>\r\n                    <\/div>\r\n                    <div class = \"td-button td-item3\">\r\n                        <div class = \"td-border\"><\/div>\r\n                    <\/div>\r\n                    <div class = \"td-button td-item4\">\r\n                        <div class = \"td-border\"><\/div>\r\n                    <\/div>\r\n                    <div class = \"td-button td-item5\">\r\n                        <div class = \"td-border\"><\/div>\r\n                    <\/div>\r\n                    <div class = \"td-button td-item6\">\r\n                        <div class = \"td-border\"><\/div>\r\n                    <\/div>\r\n                    <div class = \"td-button td-item7\">\r\n                        <div class = \"td-border\"><\/div>\r\n                    <\/div>\r\n                    <div class = \"td-button td-item8\">\r\n                        <div class = \"td-border\"><\/div>\r\n                    <\/div>\r\n                            <\/div>\r\n                        <\/div>\r\n\r\n                    <\/div>\r\n\r\n                <\/div>\r\n                \n","protected":false},"excerpt":{"rendered":"<p>El Festival Folkl\u00f3rico Coroico Internacional 2025 rendir\u00e1 un merecido homenaje al desaparecido maestro Iv\u00e1n Barrientos Murillo, destacado ingeniero de sonido, m\u00fasico y productor boliviano. Barrientos fue art\u00edfice y co-fundador del evento, que este viernes 26 y s\u00e1bado 27 de septiembre reunir\u00e1 en su s\u00e9ptima versi\u00f3n a grandes agrupaciones musicales en la hermosa poblaci\u00f3n de Coroico. [&hellip;]<\/p>\n","protected":false},"author":1,"featured_media":333816,"comment_status":"closed","ping_status":"open","sticky":false,"template":"","format":"standard","meta":{"_acf_changed":false,"footnotes":""},"categories":[41],"tags":[],"class_list":["post-333814","post","type-post","status-publish","format-standard","has-post-thumbnail","category-la-guia"],"acf":{"antetitulo":""},"yoast_head":"<!-- This site is optimized with the Yoast SEO plugin v28.4 - https:\/\/yoast.com\/product\/yoast-seo-wordpress\/ -->\n<title>Festival Coroico Internacional 2025 rinde homenaje a Iv\u00e1n Barrientos - El Diario - Bolivia<\/title>\n<meta name=\"robots\" content=\"index, follow, max-snippet:-1, max-image-preview:large, max-video-preview:-1\" \/>\n<link rel=\"canonical\" href=\"https:\/\/www.eldiario.net\/portal\/2025\/09\/26\/festival-coroico-internacional-2025-rinde-homenaje-a-ivan-barrientos\/\" \/>\n<meta property=\"og:locale\" content=\"es_ES\" \/>\n<meta property=\"og:type\" content=\"article\" \/>\n<meta property=\"og:title\" content=\"Festival Coroico Internacional 2025 rinde homenaje a Iv\u00e1n Barrientos - El Diario - Bolivia\" \/>\n<meta property=\"og:description\" content=\"El Festival Folkl\u00f3rico Coroico Internacional 2025 rendir\u00e1 un merecido homenaje al desaparecido maestro Iv\u00e1n Barrientos Murillo, destacado ingeniero de sonido, m\u00fasico y productor boliviano. Barrientos fue art\u00edfice y co-fundador del evento, que este viernes 26 y s\u00e1bado 27 de septiembre reunir\u00e1 en su s\u00e9ptima versi\u00f3n a grandes agrupaciones musicales en la hermosa poblaci\u00f3n de Coroico. [&hellip;]\" \/>\n<meta property=\"og:url\" content=\"https:\/\/www.eldiario.net\/portal\/2025\/09\/26\/festival-coroico-internacional-2025-rinde-homenaje-a-ivan-barrientos\/\" \/>\n<meta property=\"og:site_name\" content=\"El Diario - Bolivia\" \/>\n<meta property=\"article:publisher\" content=\"https:\/\/www.facebook.com\/eldiario.bolivia\/\" \/>\n<meta property=\"article:published_time\" content=\"2025-09-26T04:22:59+00:00\" \/>\n<meta property=\"og:image\" content=\"https:\/\/www.eldiario.net\/portal\/wp-content\/uploads\/2025\/09\/1-1.webp\" \/>\n\t<meta property=\"og:image:width\" content=\"1200\" \/>\n\t<meta property=\"og:image:height\" content=\"872\" \/>\n\t<meta property=\"og:image:type\" content=\"image\/webp\" \/>\n<meta name=\"author\" content=\"Jeanette\" \/>\n<meta name=\"twitter:card\" content=\"summary_large_image\" \/>\n<meta name=\"twitter:creator\" content=\"@eldiario_net\" \/>\n<meta name=\"twitter:site\" content=\"@eldiario_net\" \/>\n<meta name=\"twitter:label1\" content=\"Escrito por\" \/>\n\t<meta name=\"twitter:data1\" content=\"Jeanette\" \/>\n\t<meta name=\"twitter:label2\" content=\"Tiempo de lectura\" \/>\n\t<meta name=\"twitter:data2\" content=\"5 minutos\" \/>\n<script type=\"application\/ld+json\" class=\"yoast-schema-graph\">{\"@context\":\"https:\\\/\\\/schema.org\",\"@graph\":[{\"@type\":\"Article\",\"@id\":\"https:\\\/\\\/www.eldiario.net\\\/portal\\\/2025\\\/09\\\/26\\\/festival-coroico-internacional-2025-rinde-homenaje-a-ivan-barrientos\\\/#article\",\"isPartOf\":{\"@id\":\"https:\\\/\\\/www.eldiario.net\\\/portal\\\/2025\\\/09\\\/26\\\/festival-coroico-internacional-2025-rinde-homenaje-a-ivan-barrientos\\\/\"},\"author\":{\"name\":\"Jeanette\",\"@id\":\"https:\\\/\\\/www.eldiario.net\\\/portal\\\/#\\\/schema\\\/person\\\/2c57cf2b7a7ae032e449e4c9b1019eac\"},\"headline\":\"Festival Coroico Internacional 2025 rinde homenaje a Iv\u00e1n Barrientos\",\"datePublished\":\"2025-09-26T04:22:59+00:00\",\"mainEntityOfPage\":{\"@id\":\"https:\\\/\\\/www.eldiario.net\\\/portal\\\/2025\\\/09\\\/26\\\/festival-coroico-internacional-2025-rinde-homenaje-a-ivan-barrientos\\\/\"},\"wordCount\":1161,\"publisher\":{\"@id\":\"https:\\\/\\\/www.eldiario.net\\\/portal\\\/#organization\"},\"image\":{\"@id\":\"https:\\\/\\\/www.eldiario.net\\\/portal\\\/2025\\\/09\\\/26\\\/festival-coroico-internacional-2025-rinde-homenaje-a-ivan-barrientos\\\/#primaryimage\"},\"thumbnailUrl\":\"https:\\\/\\\/www.eldiario.net\\\/portal\\\/wp-content\\\/uploads\\\/2025\\\/09\\\/1-1.webp\",\"articleSection\":[\"La Gu\u00eda\"],\"inLanguage\":\"es\"},{\"@type\":\"WebPage\",\"@id\":\"https:\\\/\\\/www.eldiario.net\\\/portal\\\/2025\\\/09\\\/26\\\/festival-coroico-internacional-2025-rinde-homenaje-a-ivan-barrientos\\\/\",\"url\":\"https:\\\/\\\/www.eldiario.net\\\/portal\\\/2025\\\/09\\\/26\\\/festival-coroico-internacional-2025-rinde-homenaje-a-ivan-barrientos\\\/\",\"name\":\"Festival Coroico Internacional 2025 rinde homenaje a Iv\u00e1n Barrientos - El Diario - Bolivia\",\"isPartOf\":{\"@id\":\"https:\\\/\\\/www.eldiario.net\\\/portal\\\/#website\"},\"primaryImageOfPage\":{\"@id\":\"https:\\\/\\\/www.eldiario.net\\\/portal\\\/2025\\\/09\\\/26\\\/festival-coroico-internacional-2025-rinde-homenaje-a-ivan-barrientos\\\/#primaryimage\"},\"image\":{\"@id\":\"https:\\\/\\\/www.eldiario.net\\\/portal\\\/2025\\\/09\\\/26\\\/festival-coroico-internacional-2025-rinde-homenaje-a-ivan-barrientos\\\/#primaryimage\"},\"thumbnailUrl\":\"https:\\\/\\\/www.eldiario.net\\\/portal\\\/wp-content\\\/uploads\\\/2025\\\/09\\\/1-1.webp\",\"datePublished\":\"2025-09-26T04:22:59+00:00\",\"breadcrumb\":{\"@id\":\"https:\\\/\\\/www.eldiario.net\\\/portal\\\/2025\\\/09\\\/26\\\/festival-coroico-internacional-2025-rinde-homenaje-a-ivan-barrientos\\\/#breadcrumb\"},\"inLanguage\":\"es\",\"potentialAction\":[{\"@type\":\"ReadAction\",\"target\":[\"https:\\\/\\\/www.eldiario.net\\\/portal\\\/2025\\\/09\\\/26\\\/festival-coroico-internacional-2025-rinde-homenaje-a-ivan-barrientos\\\/\"]}]},{\"@type\":\"ImageObject\",\"inLanguage\":\"es\",\"@id\":\"https:\\\/\\\/www.eldiario.net\\\/portal\\\/2025\\\/09\\\/26\\\/festival-coroico-internacional-2025-rinde-homenaje-a-ivan-barrientos\\\/#primaryimage\",\"url\":\"https:\\\/\\\/www.eldiario.net\\\/portal\\\/wp-content\\\/uploads\\\/2025\\\/09\\\/1-1.webp\",\"contentUrl\":\"https:\\\/\\\/www.eldiario.net\\\/portal\\\/wp-content\\\/uploads\\\/2025\\\/09\\\/1-1.webp\",\"width\":1200,\"height\":872},{\"@type\":\"BreadcrumbList\",\"@id\":\"https:\\\/\\\/www.eldiario.net\\\/portal\\\/2025\\\/09\\\/26\\\/festival-coroico-internacional-2025-rinde-homenaje-a-ivan-barrientos\\\/#breadcrumb\",\"itemListElement\":[{\"@type\":\"ListItem\",\"position\":1,\"name\":\"Portada\",\"item\":\"https:\\\/\\\/www.eldiario.net\\\/portal\\\/\"},{\"@type\":\"ListItem\",\"position\":2,\"name\":\"Festival Coroico Internacional 2025 rinde homenaje a Iv\u00e1n Barrientos\"}]},{\"@type\":\"WebSite\",\"@id\":\"https:\\\/\\\/www.eldiario.net\\\/portal\\\/#website\",\"url\":\"https:\\\/\\\/www.eldiario.net\\\/portal\\\/\",\"name\":\"El Diario - Decano de la prensa nacional\",\"description\":\"El Diario - Decano de la prensa nacional\",\"publisher\":{\"@id\":\"https:\\\/\\\/www.eldiario.net\\\/portal\\\/#organization\"},\"potentialAction\":[{\"@type\":\"SearchAction\",\"target\":{\"@type\":\"EntryPoint\",\"urlTemplate\":\"https:\\\/\\\/www.eldiario.net\\\/portal\\\/?s={search_term_string}\"},\"query-input\":{\"@type\":\"PropertyValueSpecification\",\"valueRequired\":true,\"valueName\":\"search_term_string\"}}],\"inLanguage\":\"es\"},{\"@type\":\"Organization\",\"@id\":\"https:\\\/\\\/www.eldiario.net\\\/portal\\\/#organization\",\"name\":\"El Diario - Decano de la prensa nacional\",\"url\":\"https:\\\/\\\/www.eldiario.net\\\/portal\\\/\",\"logo\":{\"@type\":\"ImageObject\",\"inLanguage\":\"es\",\"@id\":\"https:\\\/\\\/www.eldiario.net\\\/portal\\\/#\\\/schema\\\/logo\\\/image\\\/\",\"url\":\"https:\\\/\\\/www.eldiario.net\\\/portal\\\/wp-content\\\/uploads\\\/2023\\\/07\\\/logo_ED.jpg\",\"contentUrl\":\"https:\\\/\\\/www.eldiario.net\\\/portal\\\/wp-content\\\/uploads\\\/2023\\\/07\\\/logo_ED.jpg\",\"width\":272,\"height\":52,\"caption\":\"El Diario - Decano de la prensa nacional\"},\"image\":{\"@id\":\"https:\\\/\\\/www.eldiario.net\\\/portal\\\/#\\\/schema\\\/logo\\\/image\\\/\"},\"sameAs\":[\"https:\\\/\\\/www.facebook.com\\\/eldiario.bolivia\\\/\",\"https:\\\/\\\/x.com\\\/eldiario_net\"]},{\"@type\":\"Person\",\"@id\":\"https:\\\/\\\/www.eldiario.net\\\/portal\\\/#\\\/schema\\\/person\\\/2c57cf2b7a7ae032e449e4c9b1019eac\",\"name\":\"Jeanette\",\"image\":{\"@type\":\"ImageObject\",\"inLanguage\":\"es\",\"@id\":\"https:\\\/\\\/secure.gravatar.com\\\/avatar\\\/3ea2118a5f7dad2b7138b1187a6b7ee55f160b9968b66013c3a3ef39dd7e5798?s=96&d=mm&r=g\",\"url\":\"https:\\\/\\\/secure.gravatar.com\\\/avatar\\\/3ea2118a5f7dad2b7138b1187a6b7ee55f160b9968b66013c3a3ef39dd7e5798?s=96&d=mm&r=g\",\"contentUrl\":\"https:\\\/\\\/secure.gravatar.com\\\/avatar\\\/3ea2118a5f7dad2b7138b1187a6b7ee55f160b9968b66013c3a3ef39dd7e5798?s=96&d=mm&r=g\",\"caption\":\"Jeanette\"},\"sameAs\":[\"https:\\\/\\\/www.eldiario.net\\\/portal\"],\"url\":\"https:\\\/\\\/www.eldiario.net\\\/portal\\\/author\\\/jeanette\\\/\"}]}<\/script>\n<!-- \/ Yoast SEO plugin. -->","yoast_head_json":{"title":"Festival Coroico Internacional 2025 rinde homenaje a Iv\u00e1n Barrientos - El Diario - Bolivia","robots":{"index":"index","follow":"follow","max-snippet":"max-snippet:-1","max-image-preview":"max-image-preview:large","max-video-preview":"max-video-preview:-1"},"canonical":"https:\/\/www.eldiario.net\/portal\/2025\/09\/26\/festival-coroico-internacional-2025-rinde-homenaje-a-ivan-barrientos\/","og_locale":"es_ES","og_type":"article","og_title":"Festival Coroico Internacional 2025 rinde homenaje a Iv\u00e1n Barrientos - El Diario - Bolivia","og_description":"El Festival Folkl\u00f3rico Coroico Internacional 2025 rendir\u00e1 un merecido homenaje al desaparecido maestro Iv\u00e1n Barrientos Murillo, destacado ingeniero de sonido, m\u00fasico y productor boliviano. Barrientos fue art\u00edfice y co-fundador del evento, que este viernes 26 y s\u00e1bado 27 de septiembre reunir\u00e1 en su s\u00e9ptima versi\u00f3n a grandes agrupaciones musicales en la hermosa poblaci\u00f3n de Coroico. [&hellip;]","og_url":"https:\/\/www.eldiario.net\/portal\/2025\/09\/26\/festival-coroico-internacional-2025-rinde-homenaje-a-ivan-barrientos\/","og_site_name":"El Diario - Bolivia","article_publisher":"https:\/\/www.facebook.com\/eldiario.bolivia\/","article_published_time":"2025-09-26T04:22:59+00:00","og_image":[{"width":1200,"height":872,"url":"https:\/\/www.eldiario.net\/portal\/wp-content\/uploads\/2025\/09\/1-1.webp","type":"image\/webp"}],"author":"Jeanette","twitter_card":"summary_large_image","twitter_creator":"@eldiario_net","twitter_site":"@eldiario_net","twitter_misc":{"Escrito por":"Jeanette","Tiempo de lectura":"5 minutos"},"schema":{"@context":"https:\/\/schema.org","@graph":[{"@type":"Article","@id":"https:\/\/www.eldiario.net\/portal\/2025\/09\/26\/festival-coroico-internacional-2025-rinde-homenaje-a-ivan-barrientos\/#article","isPartOf":{"@id":"https:\/\/www.eldiario.net\/portal\/2025\/09\/26\/festival-coroico-internacional-2025-rinde-homenaje-a-ivan-barrientos\/"},"author":{"name":"Jeanette","@id":"https:\/\/www.eldiario.net\/portal\/#\/schema\/person\/2c57cf2b7a7ae032e449e4c9b1019eac"},"headline":"Festival Coroico Internacional 2025 rinde homenaje a Iv\u00e1n Barrientos","datePublished":"2025-09-26T04:22:59+00:00","mainEntityOfPage":{"@id":"https:\/\/www.eldiario.net\/portal\/2025\/09\/26\/festival-coroico-internacional-2025-rinde-homenaje-a-ivan-barrientos\/"},"wordCount":1161,"publisher":{"@id":"https:\/\/www.eldiario.net\/portal\/#organization"},"image":{"@id":"https:\/\/www.eldiario.net\/portal\/2025\/09\/26\/festival-coroico-internacional-2025-rinde-homenaje-a-ivan-barrientos\/#primaryimage"},"thumbnailUrl":"https:\/\/www.eldiario.net\/portal\/wp-content\/uploads\/2025\/09\/1-1.webp","articleSection":["La Gu\u00eda"],"inLanguage":"es"},{"@type":"WebPage","@id":"https:\/\/www.eldiario.net\/portal\/2025\/09\/26\/festival-coroico-internacional-2025-rinde-homenaje-a-ivan-barrientos\/","url":"https:\/\/www.eldiario.net\/portal\/2025\/09\/26\/festival-coroico-internacional-2025-rinde-homenaje-a-ivan-barrientos\/","name":"Festival Coroico Internacional 2025 rinde homenaje a Iv\u00e1n Barrientos - El Diario - Bolivia","isPartOf":{"@id":"https:\/\/www.eldiario.net\/portal\/#website"},"primaryImageOfPage":{"@id":"https:\/\/www.eldiario.net\/portal\/2025\/09\/26\/festival-coroico-internacional-2025-rinde-homenaje-a-ivan-barrientos\/#primaryimage"},"image":{"@id":"https:\/\/www.eldiario.net\/portal\/2025\/09\/26\/festival-coroico-internacional-2025-rinde-homenaje-a-ivan-barrientos\/#primaryimage"},"thumbnailUrl":"https:\/\/www.eldiario.net\/portal\/wp-content\/uploads\/2025\/09\/1-1.webp","datePublished":"2025-09-26T04:22:59+00:00","breadcrumb":{"@id":"https:\/\/www.eldiario.net\/portal\/2025\/09\/26\/festival-coroico-internacional-2025-rinde-homenaje-a-ivan-barrientos\/#breadcrumb"},"inLanguage":"es","potentialAction":[{"@type":"ReadAction","target":["https:\/\/www.eldiario.net\/portal\/2025\/09\/26\/festival-coroico-internacional-2025-rinde-homenaje-a-ivan-barrientos\/"]}]},{"@type":"ImageObject","inLanguage":"es","@id":"https:\/\/www.eldiario.net\/portal\/2025\/09\/26\/festival-coroico-internacional-2025-rinde-homenaje-a-ivan-barrientos\/#primaryimage","url":"https:\/\/www.eldiario.net\/portal\/wp-content\/uploads\/2025\/09\/1-1.webp","contentUrl":"https:\/\/www.eldiario.net\/portal\/wp-content\/uploads\/2025\/09\/1-1.webp","width":1200,"height":872},{"@type":"BreadcrumbList","@id":"https:\/\/www.eldiario.net\/portal\/2025\/09\/26\/festival-coroico-internacional-2025-rinde-homenaje-a-ivan-barrientos\/#breadcrumb","itemListElement":[{"@type":"ListItem","position":1,"name":"Portada","item":"https:\/\/www.eldiario.net\/portal\/"},{"@type":"ListItem","position":2,"name":"Festival Coroico Internacional 2025 rinde homenaje a Iv\u00e1n Barrientos"}]},{"@type":"WebSite","@id":"https:\/\/www.eldiario.net\/portal\/#website","url":"https:\/\/www.eldiario.net\/portal\/","name":"El Diario - Decano de la prensa nacional","description":"El Diario - Decano de la prensa nacional","publisher":{"@id":"https:\/\/www.eldiario.net\/portal\/#organization"},"potentialAction":[{"@type":"SearchAction","target":{"@type":"EntryPoint","urlTemplate":"https:\/\/www.eldiario.net\/portal\/?s={search_term_string}"},"query-input":{"@type":"PropertyValueSpecification","valueRequired":true,"valueName":"search_term_string"}}],"inLanguage":"es"},{"@type":"Organization","@id":"https:\/\/www.eldiario.net\/portal\/#organization","name":"El Diario - Decano de la prensa nacional","url":"https:\/\/www.eldiario.net\/portal\/","logo":{"@type":"ImageObject","inLanguage":"es","@id":"https:\/\/www.eldiario.net\/portal\/#\/schema\/logo\/image\/","url":"https:\/\/www.eldiario.net\/portal\/wp-content\/uploads\/2023\/07\/logo_ED.jpg","contentUrl":"https:\/\/www.eldiario.net\/portal\/wp-content\/uploads\/2023\/07\/logo_ED.jpg","width":272,"height":52,"caption":"El Diario - Decano de la prensa nacional"},"image":{"@id":"https:\/\/www.eldiario.net\/portal\/#\/schema\/logo\/image\/"},"sameAs":["https:\/\/www.facebook.com\/eldiario.bolivia\/","https:\/\/x.com\/eldiario_net"]},{"@type":"Person","@id":"https:\/\/www.eldiario.net\/portal\/#\/schema\/person\/2c57cf2b7a7ae032e449e4c9b1019eac","name":"Jeanette","image":{"@type":"ImageObject","inLanguage":"es","@id":"https:\/\/secure.gravatar.com\/avatar\/3ea2118a5f7dad2b7138b1187a6b7ee55f160b9968b66013c3a3ef39dd7e5798?s=96&d=mm&r=g","url":"https:\/\/secure.gravatar.com\/avatar\/3ea2118a5f7dad2b7138b1187a6b7ee55f160b9968b66013c3a3ef39dd7e5798?s=96&d=mm&r=g","contentUrl":"https:\/\/secure.gravatar.com\/avatar\/3ea2118a5f7dad2b7138b1187a6b7ee55f160b9968b66013c3a3ef39dd7e5798?s=96&d=mm&r=g","caption":"Jeanette"},"sameAs":["https:\/\/www.eldiario.net\/portal"],"url":"https:\/\/www.eldiario.net\/portal\/author\/jeanette\/"}]}},"_links":{"self":[{"href":"https:\/\/www.eldiario.net\/portal\/wp-json\/wp\/v2\/posts\/333814","targetHints":{"allow":["GET"]}}],"collection":[{"href":"https:\/\/www.eldiario.net\/portal\/wp-json\/wp\/v2\/posts"}],"about":[{"href":"https:\/\/www.eldiario.net\/portal\/wp-json\/wp\/v2\/types\/post"}],"author":[{"embeddable":true,"href":"https:\/\/www.eldiario.net\/portal\/wp-json\/wp\/v2\/users\/1"}],"replies":[{"embeddable":true,"href":"https:\/\/www.eldiario.net\/portal\/wp-json\/wp\/v2\/comments?post=333814"}],"version-history":[{"count":1,"href":"https:\/\/www.eldiario.net\/portal\/wp-json\/wp\/v2\/posts\/333814\/revisions"}],"predecessor-version":[{"id":333823,"href":"https:\/\/www.eldiario.net\/portal\/wp-json\/wp\/v2\/posts\/333814\/revisions\/333823"}],"wp:featuredmedia":[{"embeddable":true,"href":"https:\/\/www.eldiario.net\/portal\/wp-json\/wp\/v2\/media\/333816"}],"wp:attachment":[{"href":"https:\/\/www.eldiario.net\/portal\/wp-json\/wp\/v2\/media?parent=333814"}],"wp:term":[{"taxonomy":"category","embeddable":true,"href":"https:\/\/www.eldiario.net\/portal\/wp-json\/wp\/v2\/categories?post=333814"},{"taxonomy":"post_tag","embeddable":true,"href":"https:\/\/www.eldiario.net\/portal\/wp-json\/wp\/v2\/tags?post=333814"}],"curies":[{"name":"wp","href":"https:\/\/api.w.org\/{rel}","templated":true}]}}