{"id":333555,"date":"2025-09-24T08:54:01","date_gmt":"2025-09-24T12:54:01","guid":{"rendered":"https:\/\/www.eldiario.net\/portal\/?p=333555"},"modified":"2025-09-24T08:54:01","modified_gmt":"2025-09-24T12:54:01","slug":"santa-cruz-recuerda-su-lucha-por-la-libertad-y-pando-conmemora-su-creacion-852","status":"publish","type":"post","link":"https:\/\/www.eldiario.net\/portal\/2025\/09\/24\/santa-cruz-recuerda-su-lucha-por-la-libertad-y-pando-conmemora-su-creacion-852\/","title":{"rendered":"Santa Cruz recuerda su lucha por la libertad y Pando conmemora su creaci\u00f3n (8:52)"},"content":{"rendered":"<p>Santa Cruz conmemora este 24 de septiembre el Grito Libertario de 1810, fecha que marc\u00f3 su decisi\u00f3n de romper con el dominio espa\u00f1ol y formar una junta de gobierno propia. Este hito es recordado como el inicio del camino hacia la independencia y la construcci\u00f3n de una identidad cruce\u00f1a.<\/p>\n<p>La ciudad, fundada en 1561 por \u00d1uflo de Chaves, pas\u00f3 de ser un asentamiento colonial a convertirse en el motor econ\u00f3mico de Bolivia. Cada a\u00f1o, la Plaza 24 de Septiembre se convierte en el epicentro de desfiles, actos c\u00edvicos y celebraciones que reafirman el orgullo de los cruce\u00f1os y su compromiso con el desarrollo de la regi\u00f3n y del pa\u00eds.<\/p>\n<p>Por otro lado, el departamento de Pando conmemora en la misma fecha su creaci\u00f3n en 1938, durante el gobierno de Germ\u00e1n Busch, en homenaje al expresidente Jos\u00e9 Manuel Pando. La fecha recuerda la incorporaci\u00f3n de esta regi\u00f3n amaz\u00f3nica como noveno departamento de Bolivia.<\/p>\n<p>Su capital, Cobija, es la ciudad m\u00e1s poblada y concentra gran parte de la actividad econ\u00f3mica y social. Pando es el departamento menos poblado del pa\u00eds, con clima tropical, vasta selva amaz\u00f3nica y r\u00edos que marcan su geograf\u00eda.<\/p>\n","protected":false},"excerpt":{"rendered":"<p>Santa Cruz conmemora este 24 de septiembre el Grito Libertario de 1810, fecha que marc\u00f3 su decisi\u00f3n de romper con el dominio espa\u00f1ol y formar una junta de gobierno propia. Este hito es recordado como el inicio del camino hacia la independencia y la construcci\u00f3n de una identidad cruce\u00f1a. La ciudad, fundada en 1561 por [&hellip;]<\/p>\n","protected":false},"author":7,"featured_media":333556,"comment_status":"closed","ping_status":"open","sticky":false,"template":"","format":"standard","meta":{"_acf_changed":false,"footnotes":""},"categories":[51],"tags":[],"class_list":["post-333555","post","type-post","status-publish","format-standard","has-post-thumbnail","category-ultima-hora"],"acf":{"antetitulo":""},"yoast_head":"<!-- This site is optimized with the Yoast SEO plugin v28.4 - https:\/\/yoast.com\/product\/yoast-seo-wordpress\/ -->\n<title>Santa Cruz recuerda su lucha por la libertad y Pando conmemora su creaci\u00f3n (8:52) - El Diario - Bolivia<\/title>\n<meta name=\"robots\" content=\"index, follow, max-snippet:-1, max-image-preview:large, max-video-preview:-1\" \/>\n<link rel=\"canonical\" href=\"https:\/\/www.eldiario.net\/portal\/2025\/09\/24\/santa-cruz-recuerda-su-lucha-por-la-libertad-y-pando-conmemora-su-creacion-852\/\" \/>\n<meta property=\"og:locale\" content=\"es_ES\" \/>\n<meta property=\"og:type\" content=\"article\" \/>\n<meta property=\"og:title\" content=\"Santa Cruz recuerda su lucha por la libertad y Pando conmemora su creaci\u00f3n (8:52) - El Diario - Bolivia\" \/>\n<meta property=\"og:description\" content=\"Santa Cruz conmemora este 24 de septiembre el Grito Libertario de 1810, fecha que marc\u00f3 su decisi\u00f3n de romper con el dominio espa\u00f1ol y formar una junta de gobierno propia. Este hito es recordado como el inicio del camino hacia la independencia y la construcci\u00f3n de una identidad cruce\u00f1a. La ciudad, fundada en 1561 por [&hellip;]\" \/>\n<meta property=\"og:url\" content=\"https:\/\/www.eldiario.net\/portal\/2025\/09\/24\/santa-cruz-recuerda-su-lucha-por-la-libertad-y-pando-conmemora-su-creacion-852\/\" \/>\n<meta property=\"og:site_name\" content=\"El Diario - Bolivia\" \/>\n<meta property=\"article:publisher\" content=\"https:\/\/www.facebook.com\/eldiario.bolivia\/\" \/>\n<meta property=\"article:published_time\" content=\"2025-09-24T12:54:01+00:00\" \/>\n<meta property=\"og:image\" content=\"https:\/\/www.eldiario.net\/portal\/wp-content\/uploads\/2025\/09\/pando-santa-cruz-24.09.25-e1758718419835.png\" \/>\n\t<meta property=\"og:image:width\" content=\"350\" \/>\n\t<meta property=\"og:image:height\" content=\"245\" \/>\n\t<meta property=\"og:image:type\" content=\"image\/png\" \/>\n<meta name=\"author\" content=\"Viviana Monrroy\" \/>\n<meta name=\"twitter:card\" content=\"summary_large_image\" \/>\n<meta name=\"twitter:creator\" content=\"@eldiario_net\" \/>\n<meta name=\"twitter:site\" content=\"@eldiario_net\" \/>\n<meta name=\"twitter:label1\" content=\"Escrito por\" \/>\n\t<meta name=\"twitter:data1\" content=\"Viviana Monrroy\" \/>\n\t<meta name=\"twitter:label2\" content=\"Tiempo de lectura\" \/>\n\t<meta name=\"twitter:data2\" content=\"2 minutos\" \/>\n<script type=\"application\/ld+json\" class=\"yoast-schema-graph\">{\"@context\":\"https:\\\/\\\/schema.org\",\"@graph\":[{\"@type\":\"Article\",\"@id\":\"https:\\\/\\\/www.eldiario.net\\\/portal\\\/2025\\\/09\\\/24\\\/santa-cruz-recuerda-su-lucha-por-la-libertad-y-pando-conmemora-su-creacion-852\\\/#article\",\"isPartOf\":{\"@id\":\"https:\\\/\\\/www.eldiario.net\\\/portal\\\/2025\\\/09\\\/24\\\/santa-cruz-recuerda-su-lucha-por-la-libertad-y-pando-conmemora-su-creacion-852\\\/\"},\"author\":{\"name\":\"Viviana Monrroy\",\"@id\":\"https:\\\/\\\/www.eldiario.net\\\/portal\\\/#\\\/schema\\\/person\\\/32cc89e801dfcbad3a54f91da7f2ea06\"},\"headline\":\"Santa Cruz recuerda su lucha por la libertad y Pando conmemora su creaci\u00f3n (8:52)\",\"datePublished\":\"2025-09-24T12:54:01+00:00\",\"mainEntityOfPage\":{\"@id\":\"https:\\\/\\\/www.eldiario.net\\\/portal\\\/2025\\\/09\\\/24\\\/santa-cruz-recuerda-su-lucha-por-la-libertad-y-pando-conmemora-su-creacion-852\\\/\"},\"wordCount\":220,\"publisher\":{\"@id\":\"https:\\\/\\\/www.eldiario.net\\\/portal\\\/#organization\"},\"image\":{\"@id\":\"https:\\\/\\\/www.eldiario.net\\\/portal\\\/2025\\\/09\\\/24\\\/santa-cruz-recuerda-su-lucha-por-la-libertad-y-pando-conmemora-su-creacion-852\\\/#primaryimage\"},\"thumbnailUrl\":\"https:\\\/\\\/www.eldiario.net\\\/portal\\\/wp-content\\\/uploads\\\/2025\\\/09\\\/pando-santa-cruz-24.09.25-e1758718419835.png\",\"articleSection\":[\"\u00daltima Hora\"],\"inLanguage\":\"es\"},{\"@type\":\"WebPage\",\"@id\":\"https:\\\/\\\/www.eldiario.net\\\/portal\\\/2025\\\/09\\\/24\\\/santa-cruz-recuerda-su-lucha-por-la-libertad-y-pando-conmemora-su-creacion-852\\\/\",\"url\":\"https:\\\/\\\/www.eldiario.net\\\/portal\\\/2025\\\/09\\\/24\\\/santa-cruz-recuerda-su-lucha-por-la-libertad-y-pando-conmemora-su-creacion-852\\\/\",\"name\":\"Santa Cruz recuerda su lucha por la libertad y Pando conmemora su creaci\u00f3n (8:52) - El Diario - Bolivia\",\"isPartOf\":{\"@id\":\"https:\\\/\\\/www.eldiario.net\\\/portal\\\/#website\"},\"primaryImageOfPage\":{\"@id\":\"https:\\\/\\\/www.eldiario.net\\\/portal\\\/2025\\\/09\\\/24\\\/santa-cruz-recuerda-su-lucha-por-la-libertad-y-pando-conmemora-su-creacion-852\\\/#primaryimage\"},\"image\":{\"@id\":\"https:\\\/\\\/www.eldiario.net\\\/portal\\\/2025\\\/09\\\/24\\\/santa-cruz-recuerda-su-lucha-por-la-libertad-y-pando-conmemora-su-creacion-852\\\/#primaryimage\"},\"thumbnailUrl\":\"https:\\\/\\\/www.eldiario.net\\\/portal\\\/wp-content\\\/uploads\\\/2025\\\/09\\\/pando-santa-cruz-24.09.25-e1758718419835.png\",\"datePublished\":\"2025-09-24T12:54:01+00:00\",\"breadcrumb\":{\"@id\":\"https:\\\/\\\/www.eldiario.net\\\/portal\\\/2025\\\/09\\\/24\\\/santa-cruz-recuerda-su-lucha-por-la-libertad-y-pando-conmemora-su-creacion-852\\\/#breadcrumb\"},\"inLanguage\":\"es\",\"potentialAction\":[{\"@type\":\"ReadAction\",\"target\":[\"https:\\\/\\\/www.eldiario.net\\\/portal\\\/2025\\\/09\\\/24\\\/santa-cruz-recuerda-su-lucha-por-la-libertad-y-pando-conmemora-su-creacion-852\\\/\"]}]},{\"@type\":\"ImageObject\",\"inLanguage\":\"es\",\"@id\":\"https:\\\/\\\/www.eldiario.net\\\/portal\\\/2025\\\/09\\\/24\\\/santa-cruz-recuerda-su-lucha-por-la-libertad-y-pando-conmemora-su-creacion-852\\\/#primaryimage\",\"url\":\"https:\\\/\\\/www.eldiario.net\\\/portal\\\/wp-content\\\/uploads\\\/2025\\\/09\\\/pando-santa-cruz-24.09.25-e1758718419835.png\",\"contentUrl\":\"https:\\\/\\\/www.eldiario.net\\\/portal\\\/wp-content\\\/uploads\\\/2025\\\/09\\\/pando-santa-cruz-24.09.25-e1758718419835.png\",\"width\":350,\"height\":245},{\"@type\":\"BreadcrumbList\",\"@id\":\"https:\\\/\\\/www.eldiario.net\\\/portal\\\/2025\\\/09\\\/24\\\/santa-cruz-recuerda-su-lucha-por-la-libertad-y-pando-conmemora-su-creacion-852\\\/#breadcrumb\",\"itemListElement\":[{\"@type\":\"ListItem\",\"position\":1,\"name\":\"Portada\",\"item\":\"https:\\\/\\\/www.eldiario.net\\\/portal\\\/\"},{\"@type\":\"ListItem\",\"position\":2,\"name\":\"Santa Cruz recuerda su lucha por la libertad y Pando conmemora su creaci\u00f3n (8:52)\"}]},{\"@type\":\"WebSite\",\"@id\":\"https:\\\/\\\/www.eldiario.net\\\/portal\\\/#website\",\"url\":\"https:\\\/\\\/www.eldiario.net\\\/portal\\\/\",\"name\":\"El Diario - Decano de la prensa nacional\",\"description\":\"El Diario - Decano de la prensa nacional\",\"publisher\":{\"@id\":\"https:\\\/\\\/www.eldiario.net\\\/portal\\\/#organization\"},\"potentialAction\":[{\"@type\":\"SearchAction\",\"target\":{\"@type\":\"EntryPoint\",\"urlTemplate\":\"https:\\\/\\\/www.eldiario.net\\\/portal\\\/?s={search_term_string}\"},\"query-input\":{\"@type\":\"PropertyValueSpecification\",\"valueRequired\":true,\"valueName\":\"search_term_string\"}}],\"inLanguage\":\"es\"},{\"@type\":\"Organization\",\"@id\":\"https:\\\/\\\/www.eldiario.net\\\/portal\\\/#organization\",\"name\":\"El Diario - Decano de la prensa nacional\",\"url\":\"https:\\\/\\\/www.eldiario.net\\\/portal\\\/\",\"logo\":{\"@type\":\"ImageObject\",\"inLanguage\":\"es\",\"@id\":\"https:\\\/\\\/www.eldiario.net\\\/portal\\\/#\\\/schema\\\/logo\\\/image\\\/\",\"url\":\"https:\\\/\\\/www.eldiario.net\\\/portal\\\/wp-content\\\/uploads\\\/2023\\\/07\\\/logo_ED.jpg\",\"contentUrl\":\"https:\\\/\\\/www.eldiario.net\\\/portal\\\/wp-content\\\/uploads\\\/2023\\\/07\\\/logo_ED.jpg\",\"width\":272,\"height\":52,\"caption\":\"El Diario - Decano de la prensa nacional\"},\"image\":{\"@id\":\"https:\\\/\\\/www.eldiario.net\\\/portal\\\/#\\\/schema\\\/logo\\\/image\\\/\"},\"sameAs\":[\"https:\\\/\\\/www.facebook.com\\\/eldiario.bolivia\\\/\",\"https:\\\/\\\/x.com\\\/eldiario_net\"]},{\"@type\":\"Person\",\"@id\":\"https:\\\/\\\/www.eldiario.net\\\/portal\\\/#\\\/schema\\\/person\\\/32cc89e801dfcbad3a54f91da7f2ea06\",\"name\":\"Viviana Monrroy\",\"image\":{\"@type\":\"ImageObject\",\"inLanguage\":\"es\",\"@id\":\"https:\\\/\\\/secure.gravatar.com\\\/avatar\\\/dfd1611ed5600959a0e5a9754503b6c05d1dcf190010998e0363aee2ad98afca?s=96&d=mm&r=g\",\"url\":\"https:\\\/\\\/secure.gravatar.com\\\/avatar\\\/dfd1611ed5600959a0e5a9754503b6c05d1dcf190010998e0363aee2ad98afca?s=96&d=mm&r=g\",\"contentUrl\":\"https:\\\/\\\/secure.gravatar.com\\\/avatar\\\/dfd1611ed5600959a0e5a9754503b6c05d1dcf190010998e0363aee2ad98afca?s=96&d=mm&r=g\",\"caption\":\"Viviana Monrroy\"},\"sameAs\":[\"http:\\\/\\\/www.eldiario.net\"],\"url\":\"https:\\\/\\\/www.eldiario.net\\\/portal\\\/author\\\/vivianamonrroy\\\/\"}]}<\/script>\n<!-- \/ Yoast SEO plugin. -->","yoast_head_json":{"title":"Santa Cruz recuerda su lucha por la libertad y Pando conmemora su creaci\u00f3n (8:52) - El Diario - Bolivia","robots":{"index":"index","follow":"follow","max-snippet":"max-snippet:-1","max-image-preview":"max-image-preview:large","max-video-preview":"max-video-preview:-1"},"canonical":"https:\/\/www.eldiario.net\/portal\/2025\/09\/24\/santa-cruz-recuerda-su-lucha-por-la-libertad-y-pando-conmemora-su-creacion-852\/","og_locale":"es_ES","og_type":"article","og_title":"Santa Cruz recuerda su lucha por la libertad y Pando conmemora su creaci\u00f3n (8:52) - El Diario - Bolivia","og_description":"Santa Cruz conmemora este 24 de septiembre el Grito Libertario de 1810, fecha que marc\u00f3 su decisi\u00f3n de romper con el dominio espa\u00f1ol y formar una junta de gobierno propia. Este hito es recordado como el inicio del camino hacia la independencia y la construcci\u00f3n de una identidad cruce\u00f1a. La ciudad, fundada en 1561 por [&hellip;]","og_url":"https:\/\/www.eldiario.net\/portal\/2025\/09\/24\/santa-cruz-recuerda-su-lucha-por-la-libertad-y-pando-conmemora-su-creacion-852\/","og_site_name":"El Diario - Bolivia","article_publisher":"https:\/\/www.facebook.com\/eldiario.bolivia\/","article_published_time":"2025-09-24T12:54:01+00:00","og_image":[{"width":350,"height":245,"url":"https:\/\/www.eldiario.net\/portal\/wp-content\/uploads\/2025\/09\/pando-santa-cruz-24.09.25-e1758718419835.png","type":"image\/png"}],"author":"Viviana Monrroy","twitter_card":"summary_large_image","twitter_creator":"@eldiario_net","twitter_site":"@eldiario_net","twitter_misc":{"Escrito por":"Viviana Monrroy","Tiempo de lectura":"2 minutos"},"schema":{"@context":"https:\/\/schema.org","@graph":[{"@type":"Article","@id":"https:\/\/www.eldiario.net\/portal\/2025\/09\/24\/santa-cruz-recuerda-su-lucha-por-la-libertad-y-pando-conmemora-su-creacion-852\/#article","isPartOf":{"@id":"https:\/\/www.eldiario.net\/portal\/2025\/09\/24\/santa-cruz-recuerda-su-lucha-por-la-libertad-y-pando-conmemora-su-creacion-852\/"},"author":{"name":"Viviana Monrroy","@id":"https:\/\/www.eldiario.net\/portal\/#\/schema\/person\/32cc89e801dfcbad3a54f91da7f2ea06"},"headline":"Santa Cruz recuerda su lucha por la libertad y Pando conmemora su creaci\u00f3n (8:52)","datePublished":"2025-09-24T12:54:01+00:00","mainEntityOfPage":{"@id":"https:\/\/www.eldiario.net\/portal\/2025\/09\/24\/santa-cruz-recuerda-su-lucha-por-la-libertad-y-pando-conmemora-su-creacion-852\/"},"wordCount":220,"publisher":{"@id":"https:\/\/www.eldiario.net\/portal\/#organization"},"image":{"@id":"https:\/\/www.eldiario.net\/portal\/2025\/09\/24\/santa-cruz-recuerda-su-lucha-por-la-libertad-y-pando-conmemora-su-creacion-852\/#primaryimage"},"thumbnailUrl":"https:\/\/www.eldiario.net\/portal\/wp-content\/uploads\/2025\/09\/pando-santa-cruz-24.09.25-e1758718419835.png","articleSection":["\u00daltima Hora"],"inLanguage":"es"},{"@type":"WebPage","@id":"https:\/\/www.eldiario.net\/portal\/2025\/09\/24\/santa-cruz-recuerda-su-lucha-por-la-libertad-y-pando-conmemora-su-creacion-852\/","url":"https:\/\/www.eldiario.net\/portal\/2025\/09\/24\/santa-cruz-recuerda-su-lucha-por-la-libertad-y-pando-conmemora-su-creacion-852\/","name":"Santa Cruz recuerda su lucha por la libertad y Pando conmemora su creaci\u00f3n (8:52) - El Diario - Bolivia","isPartOf":{"@id":"https:\/\/www.eldiario.net\/portal\/#website"},"primaryImageOfPage":{"@id":"https:\/\/www.eldiario.net\/portal\/2025\/09\/24\/santa-cruz-recuerda-su-lucha-por-la-libertad-y-pando-conmemora-su-creacion-852\/#primaryimage"},"image":{"@id":"https:\/\/www.eldiario.net\/portal\/2025\/09\/24\/santa-cruz-recuerda-su-lucha-por-la-libertad-y-pando-conmemora-su-creacion-852\/#primaryimage"},"thumbnailUrl":"https:\/\/www.eldiario.net\/portal\/wp-content\/uploads\/2025\/09\/pando-santa-cruz-24.09.25-e1758718419835.png","datePublished":"2025-09-24T12:54:01+00:00","breadcrumb":{"@id":"https:\/\/www.eldiario.net\/portal\/2025\/09\/24\/santa-cruz-recuerda-su-lucha-por-la-libertad-y-pando-conmemora-su-creacion-852\/#breadcrumb"},"inLanguage":"es","potentialAction":[{"@type":"ReadAction","target":["https:\/\/www.eldiario.net\/portal\/2025\/09\/24\/santa-cruz-recuerda-su-lucha-por-la-libertad-y-pando-conmemora-su-creacion-852\/"]}]},{"@type":"ImageObject","inLanguage":"es","@id":"https:\/\/www.eldiario.net\/portal\/2025\/09\/24\/santa-cruz-recuerda-su-lucha-por-la-libertad-y-pando-conmemora-su-creacion-852\/#primaryimage","url":"https:\/\/www.eldiario.net\/portal\/wp-content\/uploads\/2025\/09\/pando-santa-cruz-24.09.25-e1758718419835.png","contentUrl":"https:\/\/www.eldiario.net\/portal\/wp-content\/uploads\/2025\/09\/pando-santa-cruz-24.09.25-e1758718419835.png","width":350,"height":245},{"@type":"BreadcrumbList","@id":"https:\/\/www.eldiario.net\/portal\/2025\/09\/24\/santa-cruz-recuerda-su-lucha-por-la-libertad-y-pando-conmemora-su-creacion-852\/#breadcrumb","itemListElement":[{"@type":"ListItem","position":1,"name":"Portada","item":"https:\/\/www.eldiario.net\/portal\/"},{"@type":"ListItem","position":2,"name":"Santa Cruz recuerda su lucha por la libertad y Pando conmemora su creaci\u00f3n (8:52)"}]},{"@type":"WebSite","@id":"https:\/\/www.eldiario.net\/portal\/#website","url":"https:\/\/www.eldiario.net\/portal\/","name":"El Diario - Decano de la prensa nacional","description":"El Diario - Decano de la prensa nacional","publisher":{"@id":"https:\/\/www.eldiario.net\/portal\/#organization"},"potentialAction":[{"@type":"SearchAction","target":{"@type":"EntryPoint","urlTemplate":"https:\/\/www.eldiario.net\/portal\/?s={search_term_string}"},"query-input":{"@type":"PropertyValueSpecification","valueRequired":true,"valueName":"search_term_string"}}],"inLanguage":"es"},{"@type":"Organization","@id":"https:\/\/www.eldiario.net\/portal\/#organization","name":"El Diario - Decano de la prensa nacional","url":"https:\/\/www.eldiario.net\/portal\/","logo":{"@type":"ImageObject","inLanguage":"es","@id":"https:\/\/www.eldiario.net\/portal\/#\/schema\/logo\/image\/","url":"https:\/\/www.eldiario.net\/portal\/wp-content\/uploads\/2023\/07\/logo_ED.jpg","contentUrl":"https:\/\/www.eldiario.net\/portal\/wp-content\/uploads\/2023\/07\/logo_ED.jpg","width":272,"height":52,"caption":"El Diario - Decano de la prensa nacional"},"image":{"@id":"https:\/\/www.eldiario.net\/portal\/#\/schema\/logo\/image\/"},"sameAs":["https:\/\/www.facebook.com\/eldiario.bolivia\/","https:\/\/x.com\/eldiario_net"]},{"@type":"Person","@id":"https:\/\/www.eldiario.net\/portal\/#\/schema\/person\/32cc89e801dfcbad3a54f91da7f2ea06","name":"Viviana Monrroy","image":{"@type":"ImageObject","inLanguage":"es","@id":"https:\/\/secure.gravatar.com\/avatar\/dfd1611ed5600959a0e5a9754503b6c05d1dcf190010998e0363aee2ad98afca?s=96&d=mm&r=g","url":"https:\/\/secure.gravatar.com\/avatar\/dfd1611ed5600959a0e5a9754503b6c05d1dcf190010998e0363aee2ad98afca?s=96&d=mm&r=g","contentUrl":"https:\/\/secure.gravatar.com\/avatar\/dfd1611ed5600959a0e5a9754503b6c05d1dcf190010998e0363aee2ad98afca?s=96&d=mm&r=g","caption":"Viviana Monrroy"},"sameAs":["http:\/\/www.eldiario.net"],"url":"https:\/\/www.eldiario.net\/portal\/author\/vivianamonrroy\/"}]}},"_links":{"self":[{"href":"https:\/\/www.eldiario.net\/portal\/wp-json\/wp\/v2\/posts\/333555","targetHints":{"allow":["GET"]}}],"collection":[{"href":"https:\/\/www.eldiario.net\/portal\/wp-json\/wp\/v2\/posts"}],"about":[{"href":"https:\/\/www.eldiario.net\/portal\/wp-json\/wp\/v2\/types\/post"}],"author":[{"embeddable":true,"href":"https:\/\/www.eldiario.net\/portal\/wp-json\/wp\/v2\/users\/7"}],"replies":[{"embeddable":true,"href":"https:\/\/www.eldiario.net\/portal\/wp-json\/wp\/v2\/comments?post=333555"}],"version-history":[{"count":1,"href":"https:\/\/www.eldiario.net\/portal\/wp-json\/wp\/v2\/posts\/333555\/revisions"}],"predecessor-version":[{"id":333557,"href":"https:\/\/www.eldiario.net\/portal\/wp-json\/wp\/v2\/posts\/333555\/revisions\/333557"}],"wp:featuredmedia":[{"embeddable":true,"href":"https:\/\/www.eldiario.net\/portal\/wp-json\/wp\/v2\/media\/333556"}],"wp:attachment":[{"href":"https:\/\/www.eldiario.net\/portal\/wp-json\/wp\/v2\/media?parent=333555"}],"wp:term":[{"taxonomy":"category","embeddable":true,"href":"https:\/\/www.eldiario.net\/portal\/wp-json\/wp\/v2\/categories?post=333555"},{"taxonomy":"post_tag","embeddable":true,"href":"https:\/\/www.eldiario.net\/portal\/wp-json\/wp\/v2\/tags?post=333555"}],"curies":[{"name":"wp","href":"https:\/\/api.w.org\/{rel}","templated":true}]}}