{"id":333543,"date":"2025-09-24T06:27:56","date_gmt":"2025-09-24T10:27:56","guid":{"rendered":"https:\/\/www.eldiario.net\/portal\/?p=333543"},"modified":"2025-09-24T06:27:56","modified_gmt":"2025-09-24T10:27:56","slug":"santa-cruz-esta-lista-para-liderar-el-futuro-de-bolivia","status":"publish","type":"post","link":"https:\/\/www.eldiario.net\/portal\/2025\/09\/24\/santa-cruz-esta-lista-para-liderar-el-futuro-de-bolivia\/","title":{"rendered":"Santa Cruz est\u00e1 lista para  liderar el futuro de Bolivia"},"content":{"rendered":"<p>En el marco de la Sesi\u00f3n de Honor por los 215 a\u00f1os de la gesta libertaria, el presidente de la Asamblea Legislativa Departamental (ALD) de Santa Cruz, Antonio Talam\u00e1s, en su discurso destac\u00f3 el legado hist\u00f3rico de los cruce\u00f1os, la importancia de la democracia y los desaf\u00edos econ\u00f3micos que enfrenta Bolivia, reafirmando el compromiso de la Asamblea con la autonom\u00eda y el desarrollo regional.<br \/>\nEl presidente de la ALD reafirm\u00f3 el rol protag\u00f3nico de la regi\u00f3n en el futuro del pa\u00eds: \u201cQueremos un pa\u00eds donde la autonom\u00eda no sea letra muerta, sino motor de desarrollo. Desde aqu\u00ed reafirmamos que Santa Cruz est\u00e1 lista para liderar el futuro de Bolivia\u201d.<br \/>\nDefendi\u00f3 la necesidad de un nuevo pacto fiscal y denunci\u00f3 la falta de transferencias de recursos por parte del \u00d3rgano Ejecutivo de la Gobernaci\u00f3n.<br \/>\nEn el acto, tambi\u00e9n se rindi\u00f3 homenaje p\u00f3stumo al exalcalde Percy Fern\u00e1ndez A\u00f1ez, y se entregaron reconocimientos a la C\u00e1mara de la Construcci\u00f3n de Santa Cruz y al Hospital Universitario Hern\u00e1ndez Vera.<br \/>\nGOBERNADOR<br \/>\nEl gobernador Luis Fernando Camacho, ante la consulta de la prensa sobre las nuevas autoridades de gobierno que asumir\u00e1n sus cargos en pocos d\u00edas, reiter\u00f3 que se luchar\u00e1 por el presupuesto de Santa Cruz.<br \/>\n\u201cEn primer lugar, trabajaremos por el pacto fiscal y lucharemos por el federalismo, este \u00faltimo que fue, el que iniciamos en la Gobernaci\u00f3n, pero lamentablemente me secuestraron y no lo logramos consolidar\u201d, manifest\u00f3. (Santa Cruz, agencias)<\/p>\n\r\n                <style type=\"text\/css\">\r\n                    \r\n                    #tdi_1  .td-doubleSlider-2 .td-item1 {\r\n                        background: url(https:\/\/www.eldiario.net\/portal\/wp-content\/uploads\/2025\/09\/13-NALCOLOR-80x60.webp) 0 0 no-repeat;\r\n                    }\r\n                    #tdi_1  .td-doubleSlider-2 .td-item2 {\r\n                        background: url(https:\/\/www.eldiario.net\/portal\/wp-content\/uploads\/2025\/09\/10-NAL-COLOR-7-80x60.webp) 0 0 no-repeat;\r\n                    }\r\n                    #tdi_1  .td-doubleSlider-2 .td-item3 {\r\n                        background: url(https:\/\/www.eldiario.net\/portal\/wp-content\/uploads\/2025\/09\/11-NAL-COLOR-5-80x60.webp) 0 0 no-repeat;\r\n                    }\r\n                <\/style>\r\n\r\n                <div id=\"tdi_1\" class=\"td-gallery td-slide-on-2-columns\">\r\n                    <div class=\"post_td_gallery\">\r\n                        <div class=\"td-gallery-slide-top\">\r\n                           <div class=\"td-gallery-title\"><\/div>\r\n\r\n                            <div class=\"td-gallery-controls-wrapper\">\r\n                                <div class=\"td-gallery-slide-count\"><span class=\"td-gallery-slide-item-focus\">1<\/span> de 3<\/div>\r\n                                <div class=\"td-gallery-slide-prev-next-but\">\r\n                                    <i class = \"td-icon-left doubleSliderPrevButton\"><\/i>\r\n                                    <i class = \"td-icon-right doubleSliderNextButton\"><\/i>\r\n                                <\/div>\r\n                            <\/div>\r\n                        <\/div>\r\n\r\n                        <div class = \"td-doubleSlider-1 \">\r\n                            <div class = \"td-slider\">\r\n                                \r\n                    <div class = \"td-slide-item td-item1\">\r\n                        <figure class=\"td-slide-galery-figure td-slide-popup-gallery\">\r\n                            <a class=\"slide-gallery-image-link\" href=\"https:\/\/www.eldiario.net\/portal\/wp-content\/uploads\/2025\/09\/13-NALCOLOR.webp\" title=\"13-NALCOLOR\"  data-caption=\" LOS ACTOS CONMEMORATIVOS POR LA EFEM\u00e9RIDE CRUCE\u00d1A CONTINUAR\u00c1N HOY.\"  data-description=\"\">\r\n                                <img decoding=\"async\" src=\"https:\/\/www.eldiario.net\/portal\/wp-content\/uploads\/2025\/09\/13-NALCOLOR-986x420.webp\" srcset=\"https:\/\/www.eldiario.net\/portal\/wp-content\/uploads\/2025\/09\/13-NALCOLOR-986x420.webp 986w, https:\/\/www.eldiario.net\/portal\/wp-content\/uploads\/2025\/09\/13-NALCOLOR-300x128.webp 300w, https:\/\/www.eldiario.net\/portal\/wp-content\/uploads\/2025\/09\/13-NALCOLOR-768x327.webp 768w, https:\/\/www.eldiario.net\/portal\/wp-content\/uploads\/2025\/09\/13-NALCOLOR-150x64.webp 150w, https:\/\/www.eldiario.net\/portal\/wp-content\/uploads\/2025\/09\/13-NALCOLOR-696x296.webp 696w, https:\/\/www.eldiario.net\/portal\/wp-content\/uploads\/2025\/09\/13-NALCOLOR.webp 1024w\" sizes=\"(max-width: 986px) 100vw, 986px\" alt=\"\">\r\n                            <\/a>\r\n                            <figcaption class = \"td-slide-caption td-gallery-slide-content\"><div class = \"td-gallery-slide-copywrite\"> LOS ACTOS CONMEMORATIVOS POR LA EFEM\u00e9RIDE CRUCE\u00d1A CONTINUAR\u00c1N HOY.<\/div><\/figcaption>\r\n                        <\/figure>\r\n                    <\/div>\r\n                    <div class = \"td-slide-item td-item2\">\r\n                        <figure class=\"td-slide-galery-figure td-slide-popup-gallery\">\r\n                            <a class=\"slide-gallery-image-link\" href=\"https:\/\/www.eldiario.net\/portal\/wp-content\/uploads\/2025\/09\/10-NAL-COLOR-7.webp\" title=\"10-NAL-COLOR\"  data-caption=\"EL PRESIDENTE DE LA ASAMBLEA LEGISLATIVA DEPARTAMENTAL DE SANTA CRUZ, ANTONIO TALAM\u00c1S.\"  data-description=\"\">\r\n                                <img decoding=\"async\" src=\"https:\/\/www.eldiario.net\/portal\/wp-content\/uploads\/2025\/09\/10-NAL-COLOR-7-631x420.webp\" srcset=\"https:\/\/www.eldiario.net\/portal\/wp-content\/uploads\/2025\/09\/10-NAL-COLOR-7-631x420.webp 631w, https:\/\/www.eldiario.net\/portal\/wp-content\/uploads\/2025\/09\/10-NAL-COLOR-7-300x200.webp 300w, https:\/\/www.eldiario.net\/portal\/wp-content\/uploads\/2025\/09\/10-NAL-COLOR-7-768x512.webp 768w, https:\/\/www.eldiario.net\/portal\/wp-content\/uploads\/2025\/09\/10-NAL-COLOR-7-150x100.webp 150w, https:\/\/www.eldiario.net\/portal\/wp-content\/uploads\/2025\/09\/10-NAL-COLOR-7-696x464.webp 696w, https:\/\/www.eldiario.net\/portal\/wp-content\/uploads\/2025\/09\/10-NAL-COLOR-7.webp 1024w\" sizes=\"(max-width: 631px) 100vw, 631px\" alt=\"\">\r\n                            <\/a>\r\n                            <figcaption class = \"td-slide-caption td-gallery-slide-content\"><div class = \"td-gallery-slide-copywrite\">EL PRESIDENTE DE LA ASAMBLEA LEGISLATIVA DEPARTAMENTAL DE SANTA CRUZ, ANTONIO TALAM\u00c1S.<\/div><\/figcaption>\r\n                        <\/figure>\r\n                    <\/div>\r\n                    <div class = \"td-slide-item td-item3\">\r\n                        <figure class=\"td-slide-galery-figure td-slide-popup-gallery\">\r\n                            <a class=\"slide-gallery-image-link\" href=\"https:\/\/www.eldiario.net\/portal\/wp-content\/uploads\/2025\/09\/11-NAL-COLOR-5.webp\" title=\"11-NAL-COLOR\"  data-caption=\"GOBERNADOR DE SANTA CRUZ, LUIS FERNANDO CAMACHO.\"  data-description=\"\">\r\n                                <img decoding=\"async\" src=\"https:\/\/www.eldiario.net\/portal\/wp-content\/uploads\/2025\/09\/11-NAL-COLOR-5-631x420.webp\" srcset=\"https:\/\/www.eldiario.net\/portal\/wp-content\/uploads\/2025\/09\/11-NAL-COLOR-5-631x420.webp 631w, https:\/\/www.eldiario.net\/portal\/wp-content\/uploads\/2025\/09\/11-NAL-COLOR-5-300x200.webp 300w, https:\/\/www.eldiario.net\/portal\/wp-content\/uploads\/2025\/09\/11-NAL-COLOR-5-768x512.webp 768w, https:\/\/www.eldiario.net\/portal\/wp-content\/uploads\/2025\/09\/11-NAL-COLOR-5-150x100.webp 150w, https:\/\/www.eldiario.net\/portal\/wp-content\/uploads\/2025\/09\/11-NAL-COLOR-5-696x464.webp 696w, https:\/\/www.eldiario.net\/portal\/wp-content\/uploads\/2025\/09\/11-NAL-COLOR-5.webp 1024w\" sizes=\"(max-width: 631px) 100vw, 631px\" alt=\"\">\r\n                            <\/a>\r\n                            <figcaption class = \"td-slide-caption td-gallery-slide-content\"><div class = \"td-gallery-slide-copywrite\">GOBERNADOR DE SANTA CRUZ, LUIS FERNANDO CAMACHO.<\/div><\/figcaption>\r\n                        <\/figure>\r\n                    <\/div>\r\n                            <\/div>\r\n                        <\/div>\r\n\r\n                        <div class = \"td-doubleSlider-2\">\r\n                            <div class = \"td-slider\">\r\n                                \r\n                    <div class = \"td-button td-item1\">\r\n                        <div class = \"td-border\"><\/div>\r\n                    <\/div>\r\n                    <div class = \"td-button td-item2\">\r\n                        <div class = \"td-border\"><\/div>\r\n                    <\/div>\r\n                    <div class = \"td-button td-item3\">\r\n                        <div class = \"td-border\"><\/div>\r\n                    <\/div>\r\n                            <\/div>\r\n                        <\/div>\r\n\r\n                    <\/div>\r\n\r\n                <\/div>\r\n                \n","protected":false},"excerpt":{"rendered":"<p>En el marco de la Sesi\u00f3n de Honor por los 215 a\u00f1os de la gesta libertaria, el presidente de la Asamblea Legislativa Departamental (ALD) de Santa Cruz, Antonio Talam\u00e1s, en su discurso destac\u00f3 el legado hist\u00f3rico de los cruce\u00f1os, la importancia de la democracia y los desaf\u00edos econ\u00f3micos que enfrenta Bolivia, reafirmando el compromiso de [&hellip;]<\/p>\n","protected":false},"author":1,"featured_media":333544,"comment_status":"closed","ping_status":"open","sticky":false,"template":"","format":"standard","meta":{"_acf_changed":false,"footnotes":""},"categories":[12],"tags":[],"class_list":["post-333543","post","type-post","status-publish","format-standard","has-post-thumbnail","category-nacional"],"acf":{"antetitulo":"Afirman sus autoridades en los 215 a\u00f1os de la efem\u00e9ride cruce\u00f1a"},"yoast_head":"<!-- This site is optimized with the Yoast SEO plugin v28.4 - https:\/\/yoast.com\/product\/yoast-seo-wordpress\/ -->\n<title>Santa Cruz est\u00e1 lista para liderar el futuro de Bolivia - El Diario - Bolivia<\/title>\n<meta name=\"robots\" content=\"index, follow, max-snippet:-1, max-image-preview:large, max-video-preview:-1\" \/>\n<link rel=\"canonical\" href=\"https:\/\/www.eldiario.net\/portal\/2025\/09\/24\/santa-cruz-esta-lista-para-liderar-el-futuro-de-bolivia\/\" \/>\n<meta property=\"og:locale\" content=\"es_ES\" \/>\n<meta property=\"og:type\" content=\"article\" \/>\n<meta property=\"og:title\" content=\"Santa Cruz est\u00e1 lista para liderar el futuro de Bolivia - El Diario - Bolivia\" \/>\n<meta property=\"og:description\" content=\"En el marco de la Sesi\u00f3n de Honor por los 215 a\u00f1os de la gesta libertaria, el presidente de la Asamblea Legislativa Departamental (ALD) de Santa Cruz, Antonio Talam\u00e1s, en su discurso destac\u00f3 el legado hist\u00f3rico de los cruce\u00f1os, la importancia de la democracia y los desaf\u00edos econ\u00f3micos que enfrenta Bolivia, reafirmando el compromiso de [&hellip;]\" \/>\n<meta property=\"og:url\" content=\"https:\/\/www.eldiario.net\/portal\/2025\/09\/24\/santa-cruz-esta-lista-para-liderar-el-futuro-de-bolivia\/\" \/>\n<meta property=\"og:site_name\" content=\"El Diario - Bolivia\" \/>\n<meta property=\"article:publisher\" content=\"https:\/\/www.facebook.com\/eldiario.bolivia\/\" \/>\n<meta property=\"article:published_time\" content=\"2025-09-24T10:27:56+00:00\" \/>\n<meta property=\"og:image\" content=\"https:\/\/www.eldiario.net\/portal\/wp-content\/uploads\/2025\/09\/13-NALCOLOR.webp\" \/>\n\t<meta property=\"og:image:width\" content=\"1024\" \/>\n\t<meta property=\"og:image:height\" content=\"436\" \/>\n\t<meta property=\"og:image:type\" content=\"image\/webp\" \/>\n<meta name=\"author\" content=\"Jeanette\" \/>\n<meta name=\"twitter:card\" content=\"summary_large_image\" \/>\n<meta name=\"twitter:creator\" content=\"@eldiario_net\" \/>\n<meta name=\"twitter:site\" content=\"@eldiario_net\" \/>\n<meta name=\"twitter:label1\" content=\"Escrito por\" \/>\n\t<meta name=\"twitter:data1\" content=\"Jeanette\" \/>\n\t<meta name=\"twitter:label2\" content=\"Tiempo de lectura\" \/>\n\t<meta name=\"twitter:data2\" content=\"2 minutos\" \/>\n<script type=\"application\/ld+json\" class=\"yoast-schema-graph\">{\"@context\":\"https:\\\/\\\/schema.org\",\"@graph\":[{\"@type\":\"Article\",\"@id\":\"https:\\\/\\\/www.eldiario.net\\\/portal\\\/2025\\\/09\\\/24\\\/santa-cruz-esta-lista-para-liderar-el-futuro-de-bolivia\\\/#article\",\"isPartOf\":{\"@id\":\"https:\\\/\\\/www.eldiario.net\\\/portal\\\/2025\\\/09\\\/24\\\/santa-cruz-esta-lista-para-liderar-el-futuro-de-bolivia\\\/\"},\"author\":{\"name\":\"Jeanette\",\"@id\":\"https:\\\/\\\/www.eldiario.net\\\/portal\\\/#\\\/schema\\\/person\\\/2c57cf2b7a7ae032e449e4c9b1019eac\"},\"headline\":\"Santa Cruz est\u00e1 lista para liderar el futuro de Bolivia\",\"datePublished\":\"2025-09-24T10:27:56+00:00\",\"mainEntityOfPage\":{\"@id\":\"https:\\\/\\\/www.eldiario.net\\\/portal\\\/2025\\\/09\\\/24\\\/santa-cruz-esta-lista-para-liderar-el-futuro-de-bolivia\\\/\"},\"wordCount\":278,\"publisher\":{\"@id\":\"https:\\\/\\\/www.eldiario.net\\\/portal\\\/#organization\"},\"image\":{\"@id\":\"https:\\\/\\\/www.eldiario.net\\\/portal\\\/2025\\\/09\\\/24\\\/santa-cruz-esta-lista-para-liderar-el-futuro-de-bolivia\\\/#primaryimage\"},\"thumbnailUrl\":\"https:\\\/\\\/www.eldiario.net\\\/portal\\\/wp-content\\\/uploads\\\/2025\\\/09\\\/13-NALCOLOR.webp\",\"articleSection\":[\"Nacional\"],\"inLanguage\":\"es\"},{\"@type\":\"WebPage\",\"@id\":\"https:\\\/\\\/www.eldiario.net\\\/portal\\\/2025\\\/09\\\/24\\\/santa-cruz-esta-lista-para-liderar-el-futuro-de-bolivia\\\/\",\"url\":\"https:\\\/\\\/www.eldiario.net\\\/portal\\\/2025\\\/09\\\/24\\\/santa-cruz-esta-lista-para-liderar-el-futuro-de-bolivia\\\/\",\"name\":\"Santa Cruz est\u00e1 lista para liderar el futuro de Bolivia - El Diario - Bolivia\",\"isPartOf\":{\"@id\":\"https:\\\/\\\/www.eldiario.net\\\/portal\\\/#website\"},\"primaryImageOfPage\":{\"@id\":\"https:\\\/\\\/www.eldiario.net\\\/portal\\\/2025\\\/09\\\/24\\\/santa-cruz-esta-lista-para-liderar-el-futuro-de-bolivia\\\/#primaryimage\"},\"image\":{\"@id\":\"https:\\\/\\\/www.eldiario.net\\\/portal\\\/2025\\\/09\\\/24\\\/santa-cruz-esta-lista-para-liderar-el-futuro-de-bolivia\\\/#primaryimage\"},\"thumbnailUrl\":\"https:\\\/\\\/www.eldiario.net\\\/portal\\\/wp-content\\\/uploads\\\/2025\\\/09\\\/13-NALCOLOR.webp\",\"datePublished\":\"2025-09-24T10:27:56+00:00\",\"breadcrumb\":{\"@id\":\"https:\\\/\\\/www.eldiario.net\\\/portal\\\/2025\\\/09\\\/24\\\/santa-cruz-esta-lista-para-liderar-el-futuro-de-bolivia\\\/#breadcrumb\"},\"inLanguage\":\"es\",\"potentialAction\":[{\"@type\":\"ReadAction\",\"target\":[\"https:\\\/\\\/www.eldiario.net\\\/portal\\\/2025\\\/09\\\/24\\\/santa-cruz-esta-lista-para-liderar-el-futuro-de-bolivia\\\/\"]}]},{\"@type\":\"ImageObject\",\"inLanguage\":\"es\",\"@id\":\"https:\\\/\\\/www.eldiario.net\\\/portal\\\/2025\\\/09\\\/24\\\/santa-cruz-esta-lista-para-liderar-el-futuro-de-bolivia\\\/#primaryimage\",\"url\":\"https:\\\/\\\/www.eldiario.net\\\/portal\\\/wp-content\\\/uploads\\\/2025\\\/09\\\/13-NALCOLOR.webp\",\"contentUrl\":\"https:\\\/\\\/www.eldiario.net\\\/portal\\\/wp-content\\\/uploads\\\/2025\\\/09\\\/13-NALCOLOR.webp\",\"width\":1024,\"height\":436,\"caption\":\"LOS ACTOS CONMEMORATIVOS POR LA EFEM\u00e9RIDE CRUCE\u00d1A CONTINUAR\u00c1N HOY.\"},{\"@type\":\"BreadcrumbList\",\"@id\":\"https:\\\/\\\/www.eldiario.net\\\/portal\\\/2025\\\/09\\\/24\\\/santa-cruz-esta-lista-para-liderar-el-futuro-de-bolivia\\\/#breadcrumb\",\"itemListElement\":[{\"@type\":\"ListItem\",\"position\":1,\"name\":\"Portada\",\"item\":\"https:\\\/\\\/www.eldiario.net\\\/portal\\\/\"},{\"@type\":\"ListItem\",\"position\":2,\"name\":\"Santa Cruz est\u00e1 lista para liderar el futuro de Bolivia\"}]},{\"@type\":\"WebSite\",\"@id\":\"https:\\\/\\\/www.eldiario.net\\\/portal\\\/#website\",\"url\":\"https:\\\/\\\/www.eldiario.net\\\/portal\\\/\",\"name\":\"El Diario - Decano de la prensa nacional\",\"description\":\"El Diario - Decano de la prensa nacional\",\"publisher\":{\"@id\":\"https:\\\/\\\/www.eldiario.net\\\/portal\\\/#organization\"},\"potentialAction\":[{\"@type\":\"SearchAction\",\"target\":{\"@type\":\"EntryPoint\",\"urlTemplate\":\"https:\\\/\\\/www.eldiario.net\\\/portal\\\/?s={search_term_string}\"},\"query-input\":{\"@type\":\"PropertyValueSpecification\",\"valueRequired\":true,\"valueName\":\"search_term_string\"}}],\"inLanguage\":\"es\"},{\"@type\":\"Organization\",\"@id\":\"https:\\\/\\\/www.eldiario.net\\\/portal\\\/#organization\",\"name\":\"El Diario - Decano de la prensa nacional\",\"url\":\"https:\\\/\\\/www.eldiario.net\\\/portal\\\/\",\"logo\":{\"@type\":\"ImageObject\",\"inLanguage\":\"es\",\"@id\":\"https:\\\/\\\/www.eldiario.net\\\/portal\\\/#\\\/schema\\\/logo\\\/image\\\/\",\"url\":\"https:\\\/\\\/www.eldiario.net\\\/portal\\\/wp-content\\\/uploads\\\/2023\\\/07\\\/logo_ED.jpg\",\"contentUrl\":\"https:\\\/\\\/www.eldiario.net\\\/portal\\\/wp-content\\\/uploads\\\/2023\\\/07\\\/logo_ED.jpg\",\"width\":272,\"height\":52,\"caption\":\"El Diario - Decano de la prensa nacional\"},\"image\":{\"@id\":\"https:\\\/\\\/www.eldiario.net\\\/portal\\\/#\\\/schema\\\/logo\\\/image\\\/\"},\"sameAs\":[\"https:\\\/\\\/www.facebook.com\\\/eldiario.bolivia\\\/\",\"https:\\\/\\\/x.com\\\/eldiario_net\"]},{\"@type\":\"Person\",\"@id\":\"https:\\\/\\\/www.eldiario.net\\\/portal\\\/#\\\/schema\\\/person\\\/2c57cf2b7a7ae032e449e4c9b1019eac\",\"name\":\"Jeanette\",\"image\":{\"@type\":\"ImageObject\",\"inLanguage\":\"es\",\"@id\":\"https:\\\/\\\/secure.gravatar.com\\\/avatar\\\/3ea2118a5f7dad2b7138b1187a6b7ee55f160b9968b66013c3a3ef39dd7e5798?s=96&d=mm&r=g\",\"url\":\"https:\\\/\\\/secure.gravatar.com\\\/avatar\\\/3ea2118a5f7dad2b7138b1187a6b7ee55f160b9968b66013c3a3ef39dd7e5798?s=96&d=mm&r=g\",\"contentUrl\":\"https:\\\/\\\/secure.gravatar.com\\\/avatar\\\/3ea2118a5f7dad2b7138b1187a6b7ee55f160b9968b66013c3a3ef39dd7e5798?s=96&d=mm&r=g\",\"caption\":\"Jeanette\"},\"sameAs\":[\"https:\\\/\\\/www.eldiario.net\\\/portal\"],\"url\":\"https:\\\/\\\/www.eldiario.net\\\/portal\\\/author\\\/jeanette\\\/\"}]}<\/script>\n<!-- \/ Yoast SEO plugin. -->","yoast_head_json":{"title":"Santa Cruz est\u00e1 lista para liderar el futuro de Bolivia - El Diario - Bolivia","robots":{"index":"index","follow":"follow","max-snippet":"max-snippet:-1","max-image-preview":"max-image-preview:large","max-video-preview":"max-video-preview:-1"},"canonical":"https:\/\/www.eldiario.net\/portal\/2025\/09\/24\/santa-cruz-esta-lista-para-liderar-el-futuro-de-bolivia\/","og_locale":"es_ES","og_type":"article","og_title":"Santa Cruz est\u00e1 lista para liderar el futuro de Bolivia - El Diario - Bolivia","og_description":"En el marco de la Sesi\u00f3n de Honor por los 215 a\u00f1os de la gesta libertaria, el presidente de la Asamblea Legislativa Departamental (ALD) de Santa Cruz, Antonio Talam\u00e1s, en su discurso destac\u00f3 el legado hist\u00f3rico de los cruce\u00f1os, la importancia de la democracia y los desaf\u00edos econ\u00f3micos que enfrenta Bolivia, reafirmando el compromiso de [&hellip;]","og_url":"https:\/\/www.eldiario.net\/portal\/2025\/09\/24\/santa-cruz-esta-lista-para-liderar-el-futuro-de-bolivia\/","og_site_name":"El Diario - Bolivia","article_publisher":"https:\/\/www.facebook.com\/eldiario.bolivia\/","article_published_time":"2025-09-24T10:27:56+00:00","og_image":[{"width":1024,"height":436,"url":"https:\/\/www.eldiario.net\/portal\/wp-content\/uploads\/2025\/09\/13-NALCOLOR.webp","type":"image\/webp"}],"author":"Jeanette","twitter_card":"summary_large_image","twitter_creator":"@eldiario_net","twitter_site":"@eldiario_net","twitter_misc":{"Escrito por":"Jeanette","Tiempo de lectura":"2 minutos"},"schema":{"@context":"https:\/\/schema.org","@graph":[{"@type":"Article","@id":"https:\/\/www.eldiario.net\/portal\/2025\/09\/24\/santa-cruz-esta-lista-para-liderar-el-futuro-de-bolivia\/#article","isPartOf":{"@id":"https:\/\/www.eldiario.net\/portal\/2025\/09\/24\/santa-cruz-esta-lista-para-liderar-el-futuro-de-bolivia\/"},"author":{"name":"Jeanette","@id":"https:\/\/www.eldiario.net\/portal\/#\/schema\/person\/2c57cf2b7a7ae032e449e4c9b1019eac"},"headline":"Santa Cruz est\u00e1 lista para liderar el futuro de Bolivia","datePublished":"2025-09-24T10:27:56+00:00","mainEntityOfPage":{"@id":"https:\/\/www.eldiario.net\/portal\/2025\/09\/24\/santa-cruz-esta-lista-para-liderar-el-futuro-de-bolivia\/"},"wordCount":278,"publisher":{"@id":"https:\/\/www.eldiario.net\/portal\/#organization"},"image":{"@id":"https:\/\/www.eldiario.net\/portal\/2025\/09\/24\/santa-cruz-esta-lista-para-liderar-el-futuro-de-bolivia\/#primaryimage"},"thumbnailUrl":"https:\/\/www.eldiario.net\/portal\/wp-content\/uploads\/2025\/09\/13-NALCOLOR.webp","articleSection":["Nacional"],"inLanguage":"es"},{"@type":"WebPage","@id":"https:\/\/www.eldiario.net\/portal\/2025\/09\/24\/santa-cruz-esta-lista-para-liderar-el-futuro-de-bolivia\/","url":"https:\/\/www.eldiario.net\/portal\/2025\/09\/24\/santa-cruz-esta-lista-para-liderar-el-futuro-de-bolivia\/","name":"Santa Cruz est\u00e1 lista para liderar el futuro de Bolivia - El Diario - Bolivia","isPartOf":{"@id":"https:\/\/www.eldiario.net\/portal\/#website"},"primaryImageOfPage":{"@id":"https:\/\/www.eldiario.net\/portal\/2025\/09\/24\/santa-cruz-esta-lista-para-liderar-el-futuro-de-bolivia\/#primaryimage"},"image":{"@id":"https:\/\/www.eldiario.net\/portal\/2025\/09\/24\/santa-cruz-esta-lista-para-liderar-el-futuro-de-bolivia\/#primaryimage"},"thumbnailUrl":"https:\/\/www.eldiario.net\/portal\/wp-content\/uploads\/2025\/09\/13-NALCOLOR.webp","datePublished":"2025-09-24T10:27:56+00:00","breadcrumb":{"@id":"https:\/\/www.eldiario.net\/portal\/2025\/09\/24\/santa-cruz-esta-lista-para-liderar-el-futuro-de-bolivia\/#breadcrumb"},"inLanguage":"es","potentialAction":[{"@type":"ReadAction","target":["https:\/\/www.eldiario.net\/portal\/2025\/09\/24\/santa-cruz-esta-lista-para-liderar-el-futuro-de-bolivia\/"]}]},{"@type":"ImageObject","inLanguage":"es","@id":"https:\/\/www.eldiario.net\/portal\/2025\/09\/24\/santa-cruz-esta-lista-para-liderar-el-futuro-de-bolivia\/#primaryimage","url":"https:\/\/www.eldiario.net\/portal\/wp-content\/uploads\/2025\/09\/13-NALCOLOR.webp","contentUrl":"https:\/\/www.eldiario.net\/portal\/wp-content\/uploads\/2025\/09\/13-NALCOLOR.webp","width":1024,"height":436,"caption":"LOS ACTOS CONMEMORATIVOS POR LA EFEM\u00e9RIDE CRUCE\u00d1A CONTINUAR\u00c1N HOY."},{"@type":"BreadcrumbList","@id":"https:\/\/www.eldiario.net\/portal\/2025\/09\/24\/santa-cruz-esta-lista-para-liderar-el-futuro-de-bolivia\/#breadcrumb","itemListElement":[{"@type":"ListItem","position":1,"name":"Portada","item":"https:\/\/www.eldiario.net\/portal\/"},{"@type":"ListItem","position":2,"name":"Santa Cruz est\u00e1 lista para liderar el futuro de Bolivia"}]},{"@type":"WebSite","@id":"https:\/\/www.eldiario.net\/portal\/#website","url":"https:\/\/www.eldiario.net\/portal\/","name":"El Diario - Decano de la prensa nacional","description":"El Diario - Decano de la prensa nacional","publisher":{"@id":"https:\/\/www.eldiario.net\/portal\/#organization"},"potentialAction":[{"@type":"SearchAction","target":{"@type":"EntryPoint","urlTemplate":"https:\/\/www.eldiario.net\/portal\/?s={search_term_string}"},"query-input":{"@type":"PropertyValueSpecification","valueRequired":true,"valueName":"search_term_string"}}],"inLanguage":"es"},{"@type":"Organization","@id":"https:\/\/www.eldiario.net\/portal\/#organization","name":"El Diario - Decano de la prensa nacional","url":"https:\/\/www.eldiario.net\/portal\/","logo":{"@type":"ImageObject","inLanguage":"es","@id":"https:\/\/www.eldiario.net\/portal\/#\/schema\/logo\/image\/","url":"https:\/\/www.eldiario.net\/portal\/wp-content\/uploads\/2023\/07\/logo_ED.jpg","contentUrl":"https:\/\/www.eldiario.net\/portal\/wp-content\/uploads\/2023\/07\/logo_ED.jpg","width":272,"height":52,"caption":"El Diario - Decano de la prensa nacional"},"image":{"@id":"https:\/\/www.eldiario.net\/portal\/#\/schema\/logo\/image\/"},"sameAs":["https:\/\/www.facebook.com\/eldiario.bolivia\/","https:\/\/x.com\/eldiario_net"]},{"@type":"Person","@id":"https:\/\/www.eldiario.net\/portal\/#\/schema\/person\/2c57cf2b7a7ae032e449e4c9b1019eac","name":"Jeanette","image":{"@type":"ImageObject","inLanguage":"es","@id":"https:\/\/secure.gravatar.com\/avatar\/3ea2118a5f7dad2b7138b1187a6b7ee55f160b9968b66013c3a3ef39dd7e5798?s=96&d=mm&r=g","url":"https:\/\/secure.gravatar.com\/avatar\/3ea2118a5f7dad2b7138b1187a6b7ee55f160b9968b66013c3a3ef39dd7e5798?s=96&d=mm&r=g","contentUrl":"https:\/\/secure.gravatar.com\/avatar\/3ea2118a5f7dad2b7138b1187a6b7ee55f160b9968b66013c3a3ef39dd7e5798?s=96&d=mm&r=g","caption":"Jeanette"},"sameAs":["https:\/\/www.eldiario.net\/portal"],"url":"https:\/\/www.eldiario.net\/portal\/author\/jeanette\/"}]}},"_links":{"self":[{"href":"https:\/\/www.eldiario.net\/portal\/wp-json\/wp\/v2\/posts\/333543","targetHints":{"allow":["GET"]}}],"collection":[{"href":"https:\/\/www.eldiario.net\/portal\/wp-json\/wp\/v2\/posts"}],"about":[{"href":"https:\/\/www.eldiario.net\/portal\/wp-json\/wp\/v2\/types\/post"}],"author":[{"embeddable":true,"href":"https:\/\/www.eldiario.net\/portal\/wp-json\/wp\/v2\/users\/1"}],"replies":[{"embeddable":true,"href":"https:\/\/www.eldiario.net\/portal\/wp-json\/wp\/v2\/comments?post=333543"}],"version-history":[{"count":1,"href":"https:\/\/www.eldiario.net\/portal\/wp-json\/wp\/v2\/posts\/333543\/revisions"}],"predecessor-version":[{"id":333547,"href":"https:\/\/www.eldiario.net\/portal\/wp-json\/wp\/v2\/posts\/333543\/revisions\/333547"}],"wp:featuredmedia":[{"embeddable":true,"href":"https:\/\/www.eldiario.net\/portal\/wp-json\/wp\/v2\/media\/333544"}],"wp:attachment":[{"href":"https:\/\/www.eldiario.net\/portal\/wp-json\/wp\/v2\/media?parent=333543"}],"wp:term":[{"taxonomy":"category","embeddable":true,"href":"https:\/\/www.eldiario.net\/portal\/wp-json\/wp\/v2\/categories?post=333543"},{"taxonomy":"post_tag","embeddable":true,"href":"https:\/\/www.eldiario.net\/portal\/wp-json\/wp\/v2\/tags?post=333543"}],"curies":[{"name":"wp","href":"https:\/\/api.w.org\/{rel}","templated":true}]}}