{"id":333356,"date":"2025-09-24T00:55:43","date_gmt":"2025-09-24T04:55:43","guid":{"rendered":"https:\/\/www.eldiario.net\/portal\/?p=333356"},"modified":"2025-09-23T19:57:48","modified_gmt":"2025-09-23T23:57:48","slug":"cabo-de-ano-con-la-compania-nacional-de-comedias-realidades","status":"publish","type":"post","link":"https:\/\/www.eldiario.net\/portal\/2025\/09\/24\/cabo-de-ano-con-la-compania-nacional-de-comedias-realidades\/","title":{"rendered":"\u201cCabo de A\u00f1o\u201d con la Compa\u00f1\u00eda  Nacional de Comedias Realidades"},"content":{"rendered":"<p>La Compa\u00f1\u00eda Nacional de Comedias Realidades, que dirige Ra\u00fal Villarroel, llevar\u00e1 a escena \u201cCabo de A\u00f1o\u201d, una de las tradiciones m\u00e1s enraizadas en el pa\u00eds.<\/p>\n<p>El argumento fue adecuado para esta ceremonia con escenas totalmente divertidas y muy acorde con esta celebraci\u00f3n, dijo Villarroel.<\/p>\n<p>La obra cuenta la historia de don Sim\u00f3n (Junior Achu), un hombre de la clase media, casado, con dos hijos, que llevaba una vida relativamente feliz, hasta que tiene que enfrentarse con sus decisiones que no siempre son buenas. A contrapartida, do\u00f1a Pilarica (Karla Mamani), mujer con principios s\u00f3lidos, trata de sobrellevar el comportamiento de sus hijos Graciela (Ruth Tristan) y Coquito (Manuel Barrionuevo), quienes, apart\u00e1ndose de las buenas costumbres, llevan una vida disipada y disparatada.<\/p>\n<p>Dolores, la comadre (Brenda Beltr\u00e1n), aparece en la vida de ellos y se complica la situaci\u00f3n ya, que seg\u00fan ella, Sim\u00f3n esconde un secreto. Todo este embrollo de intriga y celos es sobrellevado de manera divertida y c\u00f3mica por el curita Jer\u00f3nimo, conocido personaje al que da vida Ra\u00fal Villarroel, quien con su acostumbrado humor hace de <em>Cabo de A\u00f1o<\/em> una obra entretenida y jocosa. En un vuelco inesperado, por motivos totalmente extra\u00f1os, se produce el deceso de don Sim\u00f3n y es ah\u00ed que comienza un tire y afloje entre los interesados, todos tratando a su turno de buscar un culpable. Luego de cumplirse el a\u00f1o de su fallecimiento, el padre Jer\u00f3nimo insiste en realizar la misa de cabo de a\u00f1o y luego una gran recepci\u00f3n, donde m\u00e1s o menos tendr\u00edan que estar unos trecientos invitados, con una gran orquesta. Esto para beneficio del cura, a quien le gusta este tipo de acontecimientos, donde da rienda suelta a su algarab\u00eda. Una vez realizada la ceremonia del cabo de a\u00f1o, en la que los dolientes eligen a sus padrinos para que les ayuden a cambiarse de ropa y mientras el local tambi\u00e9n se viste de colores vivos, ocurre algo inesperado, que hace que los invitados se enteren de secretos e indiscreciones que Dolores y Sim\u00f3n ocultaban.<\/p>\n<p>Completan el elenco en roles menores: Ramiro Espejo, Paola Vi\u00f1ola, Maricruz Pumarino, Adolfo Flores, Willy Quiroga y otros talentosos actores.<\/p>\n<p>\u201cCabo de A\u00f1o (Sacada de luto) es una obra llena de humor, risas, intrigas, enredos, todo matizado con la m\u00fasica de Los Chaskas, grupo folkl\u00f3rico con m\u00e1s de sesenta a\u00f1os en los escenarios bajo la direcci\u00f3n del gran Percy Bellido\u201d, anunci\u00f3 Ra\u00fal Villarroel.<\/p>\n<p>Esta comedia dram\u00e1tica ser\u00e1 presentada en el Teatro Municipal \u201cAlberto Saavedra P\u00e9rez\u201d el s\u00e1bado 27 de septiembre, en funci\u00f3n de tanda (horas 19:30), y el domingo 28, en matin\u00e9 (16:00) y tanda (19:30 horas).<\/p>\n<p>Las entradas ya pueden ser adquiridas mediante la aplicaci\u00f3n de SuperTicket o escribiendo o llamando al WhatsApp: 75259176.<\/p>\n<p>Director y actor, Ra\u00fal Villarroel cumplir\u00e1 en 2026 cincuenta a\u00f1o de permanente actividad teatral, habiendo trabajado con los principales exponentes del teatro de las d\u00e9cadas de los 70, 80, 90, hasta que fund\u00f3 la Compa\u00f1\u00eda Nacional de Comedias Realidades que, sin lugar a dudas, se ha convertido en el \u00fanico elenco en el pa\u00eds que lleva el teatro pace\u00f1o a m\u00e1s de treinta regiones del territorio nacional, entre ciudades, ciudades peque\u00f1as o pueblos. Alguna vez, Ra\u00fal manifest\u00f3: \u201cDonde haya un teatro est\u00e1 Realidades\u2026\u201d. Y vaya que es as\u00ed.<\/p>\n<p>Para celebrar sus Bodas de Oro en el teatro, Villarroel adelant\u00f3 que hay la intenci\u00f3n de invitar para el pr\u00f3ximo a\u00f1o a una conocida actriz mexicana para que sea parte de Realidades y as\u00ed poner en escena una comedia para presentarla en varios teatros del pa\u00eds.<\/p>\n<p>Contactos. Facebok: Compa\u00f1\u00eda Nacional de Comedias Realidades y Ra\u00fal Villarroel Arana<\/p>\n<p>TikTok: Ra\u00fal Villarroel o Curita Jer\u00f3nimo<\/p>\n<p><strong>PARA RECORDAR<\/strong><\/p>\n<p>La Compa\u00f1\u00eda Nacional de Comedias Realidades naci\u00f3 el 7 de marzo de 1988 de la mano de su director, Ra\u00fal Villarroel. Desde entonces el trabajo fue constante, llevando sus obras a teatros del pa\u00eds.<\/p>\n<p>A lo largo de estos a\u00f1os, Realidades fue integrada por los m\u00e1s renombrados actores del teatro nacional que a su paso pusieron su talento para que el elenco contin\u00fae por el sendero del \u00e9xito, record\u00f3 Villarroel en una anterior entrevista con La Gu\u00eda. La compa\u00f1\u00eda present\u00f3 m\u00e1s de sesenta obras y muchas de ellas se mantuvieron varios a\u00f1os en cartelera.<\/p>\n<p>Estar 37 a\u00f1os en las tablas es una gran satisfacci\u00f3n para Realidades, \u201cporque aquello que empez\u00f3 como una obra m\u00e1s y con un nombre como Realidades, hoy es un elenco consolidado y reconocido a nivel nacional. Somos el \u00fanico elenco del pa\u00eds que est\u00e1 en ciudades, grandes, peque\u00f1as y pueblos. All\u00ed donde haya un teatro, est\u00e1 Realidades. Adem\u00e1s que tambi\u00e9n sirvi\u00f3 de escuela a muchos actores que ahora est\u00e1n en lugares privilegiados en diferentes ciudades. Fueron parte de Realidades los actores m\u00e1s representativos del teatro pace\u00f1o, all\u00e1 por los a\u00f1os 80,90 y parte del 2000\u201d, resalt\u00f3 el director y actor nacional.<\/p>\n<p>El g\u00e9nero que el grupo maneja es el del teatro social costumbrista, que es el que mayor aceptaci\u00f3n tiene y por eso la mayor\u00eda de sus obras se concentra en vivencias de tipo social urbano.<\/p>\n<p>Entre los \u00e9xitos del grupo a lo largo de estos a\u00f1os sobresalen puestas en escena como Raza de Bronce, Socavones de Angustia, Juan de la Rosa, Coca\u00edna, Pasaporte al infierno, El Zambo Salvito, Dos compadres sinverg\u00fcenzas, Juanita est\u00e1 embarazada, se busca al culpable, El \u00faltimo huay\u00f1o, Esta ahijada no es mi ahijada, Un \u00f1o\u00f1o para dos hermanas (que tuvo como actor invitado a Edgar Vivar) y muchas otras. Realidades tambi\u00e9n incursion\u00f3 en el g\u00e9nero del teatro er\u00f3tico, presentando obras que a su vez tuvieron aceptaci\u00f3n del p\u00fablico.<\/p>\n<p>\u201cTodas las obras son importantes. Pero la primera que fue el inicio de todo y que la llevo siempre como una de las m\u00e1s importantes es <em>Caparelly, \u00bfc\u00f3mo andamos por casa?<\/em> Luego obras como <em>K\u2018ochalita de mi vida<\/em>, que se mantuvo por m\u00e1s de diez a\u00f1os en cartelera en todo el pa\u00eds y muchas veces presentada hasta cuatro temporadas en el mismo lugar con m\u00e1s tres mil funciones para p\u00fablico y colegios (\u2026)\u201d,\u00a0 record\u00f3 Ra\u00fal Villarroel, quien obtuvo el Premio Maya a la trayectoria.<\/p>\n<p>A partir del a\u00f1o 2000, Realidades comienza a trajinar por los escenarios nacionales con obras que tuvieron tambi\u00e9n mucho \u00e9xito, como la taquillera K\u00b4ochalita de mi vida, La hermana dinamita, Compadres vemos, corazones no sabemos, Si no soy el padre, \u00bfqui\u00e9n es el padre?, El curita pistolas, Por vos vidita, y muchas m\u00e1s\u2026<\/p>\n\r\n                <style type=\"text\/css\">\r\n                    \r\n                    #tdi_1  .td-doubleSlider-2 .td-item1 {\r\n                        background: url(https:\/\/www.eldiario.net\/portal\/wp-content\/uploads\/2025\/09\/9-1-1-80x60.webp) 0 0 no-repeat;\r\n                    }\r\n                    #tdi_1  .td-doubleSlider-2 .td-item2 {\r\n                        background: url(https:\/\/www.eldiario.net\/portal\/wp-content\/uploads\/2025\/09\/1-PRINCIPAL-11-80x60.webp) 0 0 no-repeat;\r\n                    }\r\n                    #tdi_1  .td-doubleSlider-2 .td-item3 {\r\n                        background: url(https:\/\/www.eldiario.net\/portal\/wp-content\/uploads\/2025\/09\/2-1-4-80x60.webp) 0 0 no-repeat;\r\n                    }\r\n                    #tdi_1  .td-doubleSlider-2 .td-item4 {\r\n                        background: url(https:\/\/www.eldiario.net\/portal\/wp-content\/uploads\/2025\/09\/3-pie-de-foto-Raul-Villarroel--80x60.webp) 0 0 no-repeat;\r\n                    }\r\n                    #tdi_1  .td-doubleSlider-2 .td-item5 {\r\n                        background: url(https:\/\/www.eldiario.net\/portal\/wp-content\/uploads\/2025\/09\/4-Los-Chaskas-80x60.webp) 0 0 no-repeat;\r\n                    }\r\n                    #tdi_1  .td-doubleSlider-2 .td-item6 {\r\n                        background: url(https:\/\/www.eldiario.net\/portal\/wp-content\/uploads\/2025\/09\/5-1-3-80x60.webp) 0 0 no-repeat;\r\n                    }\r\n                    #tdi_1  .td-doubleSlider-2 .td-item7 {\r\n                        background: url(https:\/\/www.eldiario.net\/portal\/wp-content\/uploads\/2025\/09\/6-1-4-80x60.webp) 0 0 no-repeat;\r\n                    }\r\n                    #tdi_1  .td-doubleSlider-2 .td-item8 {\r\n                        background: url(https:\/\/www.eldiario.net\/portal\/wp-content\/uploads\/2025\/09\/7-1-2-80x60.webp) 0 0 no-repeat;\r\n                    }\r\n                    #tdi_1  .td-doubleSlider-2 .td-item9 {\r\n                        background: url(https:\/\/www.eldiario.net\/portal\/wp-content\/uploads\/2025\/09\/8-1-2-80x60.webp) 0 0 no-repeat;\r\n                    }\r\n                <\/style>\r\n\r\n                <div id=\"tdi_1\" class=\"td-gallery td-slide-on-2-columns\">\r\n                    <div class=\"post_td_gallery\">\r\n                        <div class=\"td-gallery-slide-top\">\r\n                           <div class=\"td-gallery-title\"><\/div>\r\n\r\n                            <div class=\"td-gallery-controls-wrapper\">\r\n                                <div class=\"td-gallery-slide-count\"><span class=\"td-gallery-slide-item-focus\">1<\/span> de 9<\/div>\r\n                                <div class=\"td-gallery-slide-prev-next-but\">\r\n                                    <i class = \"td-icon-left doubleSliderPrevButton\"><\/i>\r\n                                    <i class = \"td-icon-right doubleSliderNextButton\"><\/i>\r\n                                <\/div>\r\n                            <\/div>\r\n                        <\/div>\r\n\r\n                        <div class = \"td-doubleSlider-1 \">\r\n                            <div class = \"td-slider\">\r\n                                \r\n                    <div class = \"td-slide-item td-item1\">\r\n                        <figure class=\"td-slide-galery-figure td-slide-popup-gallery\">\r\n                            <a class=\"slide-gallery-image-link\" href=\"https:\/\/www.eldiario.net\/portal\/wp-content\/uploads\/2025\/09\/9-1-1.webp\" title=\"9-\"  data-caption=\"\"  data-description=\"\">\r\n                                <img decoding=\"async\" src=\"https:\/\/www.eldiario.net\/portal\/wp-content\/uploads\/2025\/09\/9-1-1-560x420.webp\" srcset=\"https:\/\/www.eldiario.net\/portal\/wp-content\/uploads\/2025\/09\/9-1-1-560x420.webp 560w, https:\/\/www.eldiario.net\/portal\/wp-content\/uploads\/2025\/09\/9-1-1-300x225.webp 300w, https:\/\/www.eldiario.net\/portal\/wp-content\/uploads\/2025\/09\/9-1-1-1024x768.webp 1024w, https:\/\/www.eldiario.net\/portal\/wp-content\/uploads\/2025\/09\/9-1-1-768x576.webp 768w, https:\/\/www.eldiario.net\/portal\/wp-content\/uploads\/2025\/09\/9-1-1-1536x1153.webp 1536w, https:\/\/www.eldiario.net\/portal\/wp-content\/uploads\/2025\/09\/9-1-1-80x60.webp 80w, https:\/\/www.eldiario.net\/portal\/wp-content\/uploads\/2025\/09\/9-1-1-150x113.webp 150w, https:\/\/www.eldiario.net\/portal\/wp-content\/uploads\/2025\/09\/9-1-1-696x522.webp 696w, https:\/\/www.eldiario.net\/portal\/wp-content\/uploads\/2025\/09\/9-1-1-1068x802.webp 1068w, https:\/\/www.eldiario.net\/portal\/wp-content\/uploads\/2025\/09\/9-1-1.webp 1599w\" sizes=\"(max-width: 560px) 100vw, 560px\" alt=\"\">\r\n                            <\/a>\r\n                            \r\n                        <\/figure>\r\n                    <\/div>\r\n                    <div class = \"td-slide-item td-item2\">\r\n                        <figure class=\"td-slide-galery-figure td-slide-popup-gallery\">\r\n                            <a class=\"slide-gallery-image-link\" href=\"https:\/\/www.eldiario.net\/portal\/wp-content\/uploads\/2025\/09\/1-PRINCIPAL-11.webp\" title=\"1-PRINCIPAL\"  data-caption=\"\"  data-description=\"\">\r\n                                <img decoding=\"async\" src=\"https:\/\/www.eldiario.net\/portal\/wp-content\/uploads\/2025\/09\/1-PRINCIPAL-11-466x420.webp\" srcset=\"https:\/\/www.eldiario.net\/portal\/wp-content\/uploads\/2025\/09\/1-PRINCIPAL-11-466x420.webp 466w, https:\/\/www.eldiario.net\/portal\/wp-content\/uploads\/2025\/09\/1-PRINCIPAL-11-300x270.webp 300w, https:\/\/www.eldiario.net\/portal\/wp-content\/uploads\/2025\/09\/1-PRINCIPAL-11-1024x923.webp 1024w, https:\/\/www.eldiario.net\/portal\/wp-content\/uploads\/2025\/09\/1-PRINCIPAL-11-768x692.webp 768w, https:\/\/www.eldiario.net\/portal\/wp-content\/uploads\/2025\/09\/1-PRINCIPAL-11-1536x1384.webp 1536w, https:\/\/www.eldiario.net\/portal\/wp-content\/uploads\/2025\/09\/1-PRINCIPAL-11-150x135.webp 150w, https:\/\/www.eldiario.net\/portal\/wp-content\/uploads\/2025\/09\/1-PRINCIPAL-11-696x627.webp 696w, https:\/\/www.eldiario.net\/portal\/wp-content\/uploads\/2025\/09\/1-PRINCIPAL-11-1068x962.webp 1068w, https:\/\/www.eldiario.net\/portal\/wp-content\/uploads\/2025\/09\/1-PRINCIPAL-11.webp 1599w\" sizes=\"(max-width: 466px) 100vw, 466px\" alt=\"\">\r\n                            <\/a>\r\n                            \r\n                        <\/figure>\r\n                    <\/div>\r\n                    <div class = \"td-slide-item td-item3\">\r\n                        <figure class=\"td-slide-galery-figure td-slide-popup-gallery\">\r\n                            <a class=\"slide-gallery-image-link\" href=\"https:\/\/www.eldiario.net\/portal\/wp-content\/uploads\/2025\/09\/2-1-4.webp\" title=\"2-\"  data-caption=\"\"  data-description=\"\">\r\n                                <img decoding=\"async\" src=\"https:\/\/www.eldiario.net\/portal\/wp-content\/uploads\/2025\/09\/2-1-4-500x420.webp\" srcset=\"https:\/\/www.eldiario.net\/portal\/wp-content\/uploads\/2025\/09\/2-1-4-500x420.webp 500w, https:\/\/www.eldiario.net\/portal\/wp-content\/uploads\/2025\/09\/2-1-4-300x252.webp 300w, https:\/\/www.eldiario.net\/portal\/wp-content\/uploads\/2025\/09\/2-1-4-1024x859.webp 1024w, https:\/\/www.eldiario.net\/portal\/wp-content\/uploads\/2025\/09\/2-1-4-768x645.webp 768w, https:\/\/www.eldiario.net\/portal\/wp-content\/uploads\/2025\/09\/2-1-4-150x126.webp 150w, https:\/\/www.eldiario.net\/portal\/wp-content\/uploads\/2025\/09\/2-1-4-696x584.webp 696w, https:\/\/www.eldiario.net\/portal\/wp-content\/uploads\/2025\/09\/2-1-4-1068x896.webp 1068w, https:\/\/www.eldiario.net\/portal\/wp-content\/uploads\/2025\/09\/2-1-4.webp 1356w\" sizes=\"(max-width: 500px) 100vw, 500px\" alt=\"\">\r\n                            <\/a>\r\n                            \r\n                        <\/figure>\r\n                    <\/div>\r\n                    <div class = \"td-slide-item td-item4\">\r\n                        <figure class=\"td-slide-galery-figure td-slide-popup-gallery\">\r\n                            <a class=\"slide-gallery-image-link\" href=\"https:\/\/www.eldiario.net\/portal\/wp-content\/uploads\/2025\/09\/3-pie-de-foto-Raul-Villarroel-.webp\" title=\"3 pie de foto Ra\u00fal Villarroel-\"  data-caption=\"\"  data-description=\"\">\r\n                                <img decoding=\"async\" src=\"https:\/\/www.eldiario.net\/portal\/wp-content\/uploads\/2025\/09\/3-pie-de-foto-Raul-Villarroel--426x420.webp\" srcset=\"https:\/\/www.eldiario.net\/portal\/wp-content\/uploads\/2025\/09\/3-pie-de-foto-Raul-Villarroel--426x420.webp 426w, https:\/\/www.eldiario.net\/portal\/wp-content\/uploads\/2025\/09\/3-pie-de-foto-Raul-Villarroel--300x296.webp 300w, https:\/\/www.eldiario.net\/portal\/wp-content\/uploads\/2025\/09\/3-pie-de-foto-Raul-Villarroel--1024x1010.webp 1024w, https:\/\/www.eldiario.net\/portal\/wp-content\/uploads\/2025\/09\/3-pie-de-foto-Raul-Villarroel--768x757.webp 768w, https:\/\/www.eldiario.net\/portal\/wp-content\/uploads\/2025\/09\/3-pie-de-foto-Raul-Villarroel--1536x1515.webp 1536w, https:\/\/www.eldiario.net\/portal\/wp-content\/uploads\/2025\/09\/3-pie-de-foto-Raul-Villarroel--150x148.webp 150w, https:\/\/www.eldiario.net\/portal\/wp-content\/uploads\/2025\/09\/3-pie-de-foto-Raul-Villarroel--696x686.webp 696w, https:\/\/www.eldiario.net\/portal\/wp-content\/uploads\/2025\/09\/3-pie-de-foto-Raul-Villarroel--1068x1053.webp 1068w, https:\/\/www.eldiario.net\/portal\/wp-content\/uploads\/2025\/09\/3-pie-de-foto-Raul-Villarroel-.webp 1599w\" sizes=\"(max-width: 426px) 100vw, 426px\" alt=\"\">\r\n                            <\/a>\r\n                            \r\n                        <\/figure>\r\n                    <\/div>\r\n                    <div class = \"td-slide-item td-item5\">\r\n                        <figure class=\"td-slide-galery-figure td-slide-popup-gallery\">\r\n                            <a class=\"slide-gallery-image-link\" href=\"https:\/\/www.eldiario.net\/portal\/wp-content\/uploads\/2025\/09\/4-Los-Chaskas.webp\" title=\"4 Los Chaskas\"  data-caption=\"\"  data-description=\"\">\r\n                                <img decoding=\"async\" src=\"https:\/\/www.eldiario.net\/portal\/wp-content\/uploads\/2025\/09\/4-Los-Chaskas-461x420.webp\" srcset=\"https:\/\/www.eldiario.net\/portal\/wp-content\/uploads\/2025\/09\/4-Los-Chaskas-461x420.webp 461w, https:\/\/www.eldiario.net\/portal\/wp-content\/uploads\/2025\/09\/4-Los-Chaskas-300x273.webp 300w, https:\/\/www.eldiario.net\/portal\/wp-content\/uploads\/2025\/09\/4-Los-Chaskas-1024x932.webp 1024w, https:\/\/www.eldiario.net\/portal\/wp-content\/uploads\/2025\/09\/4-Los-Chaskas-768x699.webp 768w, https:\/\/www.eldiario.net\/portal\/wp-content\/uploads\/2025\/09\/4-Los-Chaskas-1536x1399.webp 1536w, https:\/\/www.eldiario.net\/portal\/wp-content\/uploads\/2025\/09\/4-Los-Chaskas-150x137.webp 150w, https:\/\/www.eldiario.net\/portal\/wp-content\/uploads\/2025\/09\/4-Los-Chaskas-696x634.webp 696w, https:\/\/www.eldiario.net\/portal\/wp-content\/uploads\/2025\/09\/4-Los-Chaskas-1068x972.webp 1068w, https:\/\/www.eldiario.net\/portal\/wp-content\/uploads\/2025\/09\/4-Los-Chaskas.webp 1599w\" sizes=\"(max-width: 461px) 100vw, 461px\" alt=\"\">\r\n                            <\/a>\r\n                            \r\n                        <\/figure>\r\n                    <\/div>\r\n                    <div class = \"td-slide-item td-item6\">\r\n                        <figure class=\"td-slide-galery-figure td-slide-popup-gallery\">\r\n                            <a class=\"slide-gallery-image-link\" href=\"https:\/\/www.eldiario.net\/portal\/wp-content\/uploads\/2025\/09\/5-1-3.webp\" title=\"5-\"  data-caption=\"\"  data-description=\"\">\r\n                                <img decoding=\"async\" src=\"https:\/\/www.eldiario.net\/portal\/wp-content\/uploads\/2025\/09\/5-1-3-560x420.webp\" srcset=\"https:\/\/www.eldiario.net\/portal\/wp-content\/uploads\/2025\/09\/5-1-3-560x420.webp 560w, https:\/\/www.eldiario.net\/portal\/wp-content\/uploads\/2025\/09\/5-1-3-300x225.webp 300w, https:\/\/www.eldiario.net\/portal\/wp-content\/uploads\/2025\/09\/5-1-3-1024x768.webp 1024w, https:\/\/www.eldiario.net\/portal\/wp-content\/uploads\/2025\/09\/5-1-3-768x576.webp 768w, https:\/\/www.eldiario.net\/portal\/wp-content\/uploads\/2025\/09\/5-1-3-80x60.webp 80w, https:\/\/www.eldiario.net\/portal\/wp-content\/uploads\/2025\/09\/5-1-3-150x113.webp 150w, https:\/\/www.eldiario.net\/portal\/wp-content\/uploads\/2025\/09\/5-1-3-696x522.webp 696w, https:\/\/www.eldiario.net\/portal\/wp-content\/uploads\/2025\/09\/5-1-3-1068x801.webp 1068w, https:\/\/www.eldiario.net\/portal\/wp-content\/uploads\/2025\/09\/5-1-3.webp 1280w\" sizes=\"(max-width: 560px) 100vw, 560px\" alt=\"\">\r\n                            <\/a>\r\n                            \r\n                        <\/figure>\r\n                    <\/div>\r\n                    <div class = \"td-slide-item td-item7\">\r\n                        <figure class=\"td-slide-galery-figure td-slide-popup-gallery\">\r\n                            <a class=\"slide-gallery-image-link\" href=\"https:\/\/www.eldiario.net\/portal\/wp-content\/uploads\/2025\/09\/6-1-4.webp\" title=\"6-\"  data-caption=\"\"  data-description=\"\">\r\n                                <img decoding=\"async\" src=\"https:\/\/www.eldiario.net\/portal\/wp-content\/uploads\/2025\/09\/6-1-4-560x420.webp\" srcset=\"https:\/\/www.eldiario.net\/portal\/wp-content\/uploads\/2025\/09\/6-1-4-560x420.webp 560w, https:\/\/www.eldiario.net\/portal\/wp-content\/uploads\/2025\/09\/6-1-4-300x225.webp 300w, https:\/\/www.eldiario.net\/portal\/wp-content\/uploads\/2025\/09\/6-1-4-1024x768.webp 1024w, https:\/\/www.eldiario.net\/portal\/wp-content\/uploads\/2025\/09\/6-1-4-768x576.webp 768w, https:\/\/www.eldiario.net\/portal\/wp-content\/uploads\/2025\/09\/6-1-4-80x60.webp 80w, https:\/\/www.eldiario.net\/portal\/wp-content\/uploads\/2025\/09\/6-1-4-150x113.webp 150w, https:\/\/www.eldiario.net\/portal\/wp-content\/uploads\/2025\/09\/6-1-4-696x522.webp 696w, https:\/\/www.eldiario.net\/portal\/wp-content\/uploads\/2025\/09\/6-1-4-1068x801.webp 1068w, https:\/\/www.eldiario.net\/portal\/wp-content\/uploads\/2025\/09\/6-1-4.webp 1280w\" sizes=\"(max-width: 560px) 100vw, 560px\" alt=\"\">\r\n                            <\/a>\r\n                            \r\n                        <\/figure>\r\n                    <\/div>\r\n                    <div class = \"td-slide-item td-item8\">\r\n                        <figure class=\"td-slide-galery-figure td-slide-popup-gallery\">\r\n                            <a class=\"slide-gallery-image-link\" href=\"https:\/\/www.eldiario.net\/portal\/wp-content\/uploads\/2025\/09\/7-1-2.webp\" title=\"7-\"  data-caption=\"\"  data-description=\"\">\r\n                                <img decoding=\"async\" src=\"https:\/\/www.eldiario.net\/portal\/wp-content\/uploads\/2025\/09\/7-1-2-560x420.webp\" srcset=\"https:\/\/www.eldiario.net\/portal\/wp-content\/uploads\/2025\/09\/7-1-2-560x420.webp 560w, https:\/\/www.eldiario.net\/portal\/wp-content\/uploads\/2025\/09\/7-1-2-300x225.webp 300w, https:\/\/www.eldiario.net\/portal\/wp-content\/uploads\/2025\/09\/7-1-2-1024x768.webp 1024w, https:\/\/www.eldiario.net\/portal\/wp-content\/uploads\/2025\/09\/7-1-2-768x576.webp 768w, https:\/\/www.eldiario.net\/portal\/wp-content\/uploads\/2025\/09\/7-1-2-1536x1153.webp 1536w, https:\/\/www.eldiario.net\/portal\/wp-content\/uploads\/2025\/09\/7-1-2-80x60.webp 80w, https:\/\/www.eldiario.net\/portal\/wp-content\/uploads\/2025\/09\/7-1-2-150x113.webp 150w, https:\/\/www.eldiario.net\/portal\/wp-content\/uploads\/2025\/09\/7-1-2-696x522.webp 696w, https:\/\/www.eldiario.net\/portal\/wp-content\/uploads\/2025\/09\/7-1-2-1068x802.webp 1068w, https:\/\/www.eldiario.net\/portal\/wp-content\/uploads\/2025\/09\/7-1-2.webp 1599w\" sizes=\"(max-width: 560px) 100vw, 560px\" alt=\"\">\r\n                            <\/a>\r\n                            \r\n                        <\/figure>\r\n                    <\/div>\r\n                    <div class = \"td-slide-item td-item9\">\r\n                        <figure class=\"td-slide-galery-figure td-slide-popup-gallery\">\r\n                            <a class=\"slide-gallery-image-link\" href=\"https:\/\/www.eldiario.net\/portal\/wp-content\/uploads\/2025\/09\/8-1-2.webp\" title=\"8-\"  data-caption=\"\"  data-description=\"\">\r\n                                <img decoding=\"async\" src=\"https:\/\/www.eldiario.net\/portal\/wp-content\/uploads\/2025\/09\/8-1-2-560x420.webp\" srcset=\"https:\/\/www.eldiario.net\/portal\/wp-content\/uploads\/2025\/09\/8-1-2-560x420.webp 560w, https:\/\/www.eldiario.net\/portal\/wp-content\/uploads\/2025\/09\/8-1-2-300x225.webp 300w, https:\/\/www.eldiario.net\/portal\/wp-content\/uploads\/2025\/09\/8-1-2-1024x768.webp 1024w, https:\/\/www.eldiario.net\/portal\/wp-content\/uploads\/2025\/09\/8-1-2-768x576.webp 768w, https:\/\/www.eldiario.net\/portal\/wp-content\/uploads\/2025\/09\/8-1-2-1536x1153.webp 1536w, https:\/\/www.eldiario.net\/portal\/wp-content\/uploads\/2025\/09\/8-1-2-80x60.webp 80w, https:\/\/www.eldiario.net\/portal\/wp-content\/uploads\/2025\/09\/8-1-2-150x113.webp 150w, https:\/\/www.eldiario.net\/portal\/wp-content\/uploads\/2025\/09\/8-1-2-696x522.webp 696w, https:\/\/www.eldiario.net\/portal\/wp-content\/uploads\/2025\/09\/8-1-2-1068x802.webp 1068w, https:\/\/www.eldiario.net\/portal\/wp-content\/uploads\/2025\/09\/8-1-2.webp 1599w\" sizes=\"(max-width: 560px) 100vw, 560px\" alt=\"\">\r\n                            <\/a>\r\n                            \r\n                        <\/figure>\r\n                    <\/div>\r\n                            <\/div>\r\n                        <\/div>\r\n\r\n                        <div class = \"td-doubleSlider-2\">\r\n                            <div class = \"td-slider\">\r\n                                \r\n                    <div class = \"td-button td-item1\">\r\n                        <div class = \"td-border\"><\/div>\r\n                    <\/div>\r\n                    <div class = \"td-button td-item2\">\r\n                        <div class = \"td-border\"><\/div>\r\n                    <\/div>\r\n                    <div class = \"td-button td-item3\">\r\n                        <div class = \"td-border\"><\/div>\r\n                    <\/div>\r\n                    <div class = \"td-button td-item4\">\r\n                        <div class = \"td-border\"><\/div>\r\n                    <\/div>\r\n                    <div class = \"td-button td-item5\">\r\n                        <div class = \"td-border\"><\/div>\r\n                    <\/div>\r\n                    <div class = \"td-button td-item6\">\r\n                        <div class = \"td-border\"><\/div>\r\n                    <\/div>\r\n                    <div class = \"td-button td-item7\">\r\n                        <div class = \"td-border\"><\/div>\r\n                    <\/div>\r\n                    <div class = \"td-button td-item8\">\r\n                        <div class = \"td-border\"><\/div>\r\n                    <\/div>\r\n                    <div class = \"td-button td-item9\">\r\n                        <div class = \"td-border\"><\/div>\r\n                    <\/div>\r\n                            <\/div>\r\n                        <\/div>\r\n\r\n                    <\/div>\r\n\r\n                <\/div>\r\n                \n","protected":false},"excerpt":{"rendered":"<p>La Compa\u00f1\u00eda Nacional de Comedias Realidades, que dirige Ra\u00fal Villarroel, llevar\u00e1 a escena \u201cCabo de A\u00f1o\u201d, una de las tradiciones m\u00e1s enraizadas en el pa\u00eds. El argumento fue adecuado para esta ceremonia con escenas totalmente divertidas y muy acorde con esta celebraci\u00f3n, dijo Villarroel. La obra cuenta la historia de don Sim\u00f3n (Junior Achu), un [&hellip;]<\/p>\n","protected":false},"author":1,"featured_media":333358,"comment_status":"closed","ping_status":"open","sticky":false,"template":"","format":"standard","meta":{"_acf_changed":false,"footnotes":""},"categories":[41],"tags":[],"class_list":["post-333356","post","type-post","status-publish","format-standard","has-post-thumbnail","category-la-guia"],"acf":{"antetitulo":""},"yoast_head":"<!-- This site is optimized with the Yoast SEO plugin v28.4 - https:\/\/yoast.com\/product\/yoast-seo-wordpress\/ -->\n<title>\u201cCabo de A\u00f1o\u201d con la Compa\u00f1\u00eda Nacional de Comedias Realidades - El Diario - Bolivia<\/title>\n<meta name=\"robots\" content=\"index, follow, max-snippet:-1, max-image-preview:large, max-video-preview:-1\" \/>\n<link rel=\"canonical\" href=\"https:\/\/www.eldiario.net\/portal\/2025\/09\/24\/cabo-de-ano-con-la-compania-nacional-de-comedias-realidades\/\" \/>\n<meta property=\"og:locale\" content=\"es_ES\" \/>\n<meta property=\"og:type\" content=\"article\" \/>\n<meta property=\"og:title\" content=\"\u201cCabo de A\u00f1o\u201d con la Compa\u00f1\u00eda Nacional de Comedias Realidades - El Diario - Bolivia\" \/>\n<meta property=\"og:description\" content=\"La Compa\u00f1\u00eda Nacional de Comedias Realidades, que dirige Ra\u00fal Villarroel, llevar\u00e1 a escena \u201cCabo de A\u00f1o\u201d, una de las tradiciones m\u00e1s enraizadas en el pa\u00eds. El argumento fue adecuado para esta ceremonia con escenas totalmente divertidas y muy acorde con esta celebraci\u00f3n, dijo Villarroel. La obra cuenta la historia de don Sim\u00f3n (Junior Achu), un [&hellip;]\" \/>\n<meta property=\"og:url\" content=\"https:\/\/www.eldiario.net\/portal\/2025\/09\/24\/cabo-de-ano-con-la-compania-nacional-de-comedias-realidades\/\" \/>\n<meta property=\"og:site_name\" content=\"El Diario - Bolivia\" \/>\n<meta property=\"article:publisher\" content=\"https:\/\/www.facebook.com\/eldiario.bolivia\/\" \/>\n<meta property=\"article:published_time\" content=\"2025-09-24T04:55:43+00:00\" \/>\n<meta property=\"og:image\" content=\"https:\/\/www.eldiario.net\/portal\/wp-content\/uploads\/2025\/09\/1-PRINCIPAL-11.webp\" \/>\n\t<meta property=\"og:image:width\" content=\"1599\" \/>\n\t<meta property=\"og:image:height\" content=\"1441\" \/>\n\t<meta property=\"og:image:type\" content=\"image\/webp\" \/>\n<meta name=\"author\" content=\"Jeanette\" \/>\n<meta name=\"twitter:card\" content=\"summary_large_image\" \/>\n<meta name=\"twitter:creator\" content=\"@eldiario_net\" \/>\n<meta name=\"twitter:site\" content=\"@eldiario_net\" \/>\n<meta name=\"twitter:label1\" content=\"Escrito por\" \/>\n\t<meta name=\"twitter:data1\" content=\"Jeanette\" \/>\n\t<meta name=\"twitter:label2\" content=\"Tiempo de lectura\" \/>\n\t<meta name=\"twitter:data2\" content=\"6 minutos\" \/>\n<script type=\"application\/ld+json\" class=\"yoast-schema-graph\">{\"@context\":\"https:\\\/\\\/schema.org\",\"@graph\":[{\"@type\":\"Article\",\"@id\":\"https:\\\/\\\/www.eldiario.net\\\/portal\\\/2025\\\/09\\\/24\\\/cabo-de-ano-con-la-compania-nacional-de-comedias-realidades\\\/#article\",\"isPartOf\":{\"@id\":\"https:\\\/\\\/www.eldiario.net\\\/portal\\\/2025\\\/09\\\/24\\\/cabo-de-ano-con-la-compania-nacional-de-comedias-realidades\\\/\"},\"author\":{\"name\":\"Jeanette\",\"@id\":\"https:\\\/\\\/www.eldiario.net\\\/portal\\\/#\\\/schema\\\/person\\\/2c57cf2b7a7ae032e449e4c9b1019eac\"},\"headline\":\"\u201cCabo de A\u00f1o\u201d con la Compa\u00f1\u00eda Nacional de Comedias Realidades\",\"datePublished\":\"2025-09-24T04:55:43+00:00\",\"mainEntityOfPage\":{\"@id\":\"https:\\\/\\\/www.eldiario.net\\\/portal\\\/2025\\\/09\\\/24\\\/cabo-de-ano-con-la-compania-nacional-de-comedias-realidades\\\/\"},\"wordCount\":1169,\"publisher\":{\"@id\":\"https:\\\/\\\/www.eldiario.net\\\/portal\\\/#organization\"},\"image\":{\"@id\":\"https:\\\/\\\/www.eldiario.net\\\/portal\\\/2025\\\/09\\\/24\\\/cabo-de-ano-con-la-compania-nacional-de-comedias-realidades\\\/#primaryimage\"},\"thumbnailUrl\":\"https:\\\/\\\/www.eldiario.net\\\/portal\\\/wp-content\\\/uploads\\\/2025\\\/09\\\/1-PRINCIPAL-11.webp\",\"articleSection\":[\"La Gu\u00eda\"],\"inLanguage\":\"es\"},{\"@type\":\"WebPage\",\"@id\":\"https:\\\/\\\/www.eldiario.net\\\/portal\\\/2025\\\/09\\\/24\\\/cabo-de-ano-con-la-compania-nacional-de-comedias-realidades\\\/\",\"url\":\"https:\\\/\\\/www.eldiario.net\\\/portal\\\/2025\\\/09\\\/24\\\/cabo-de-ano-con-la-compania-nacional-de-comedias-realidades\\\/\",\"name\":\"\u201cCabo de A\u00f1o\u201d con la Compa\u00f1\u00eda Nacional de Comedias Realidades - El Diario - Bolivia\",\"isPartOf\":{\"@id\":\"https:\\\/\\\/www.eldiario.net\\\/portal\\\/#website\"},\"primaryImageOfPage\":{\"@id\":\"https:\\\/\\\/www.eldiario.net\\\/portal\\\/2025\\\/09\\\/24\\\/cabo-de-ano-con-la-compania-nacional-de-comedias-realidades\\\/#primaryimage\"},\"image\":{\"@id\":\"https:\\\/\\\/www.eldiario.net\\\/portal\\\/2025\\\/09\\\/24\\\/cabo-de-ano-con-la-compania-nacional-de-comedias-realidades\\\/#primaryimage\"},\"thumbnailUrl\":\"https:\\\/\\\/www.eldiario.net\\\/portal\\\/wp-content\\\/uploads\\\/2025\\\/09\\\/1-PRINCIPAL-11.webp\",\"datePublished\":\"2025-09-24T04:55:43+00:00\",\"breadcrumb\":{\"@id\":\"https:\\\/\\\/www.eldiario.net\\\/portal\\\/2025\\\/09\\\/24\\\/cabo-de-ano-con-la-compania-nacional-de-comedias-realidades\\\/#breadcrumb\"},\"inLanguage\":\"es\",\"potentialAction\":[{\"@type\":\"ReadAction\",\"target\":[\"https:\\\/\\\/www.eldiario.net\\\/portal\\\/2025\\\/09\\\/24\\\/cabo-de-ano-con-la-compania-nacional-de-comedias-realidades\\\/\"]}]},{\"@type\":\"ImageObject\",\"inLanguage\":\"es\",\"@id\":\"https:\\\/\\\/www.eldiario.net\\\/portal\\\/2025\\\/09\\\/24\\\/cabo-de-ano-con-la-compania-nacional-de-comedias-realidades\\\/#primaryimage\",\"url\":\"https:\\\/\\\/www.eldiario.net\\\/portal\\\/wp-content\\\/uploads\\\/2025\\\/09\\\/1-PRINCIPAL-11.webp\",\"contentUrl\":\"https:\\\/\\\/www.eldiario.net\\\/portal\\\/wp-content\\\/uploads\\\/2025\\\/09\\\/1-PRINCIPAL-11.webp\",\"width\":1599,\"height\":1441},{\"@type\":\"BreadcrumbList\",\"@id\":\"https:\\\/\\\/www.eldiario.net\\\/portal\\\/2025\\\/09\\\/24\\\/cabo-de-ano-con-la-compania-nacional-de-comedias-realidades\\\/#breadcrumb\",\"itemListElement\":[{\"@type\":\"ListItem\",\"position\":1,\"name\":\"Portada\",\"item\":\"https:\\\/\\\/www.eldiario.net\\\/portal\\\/\"},{\"@type\":\"ListItem\",\"position\":2,\"name\":\"\u201cCabo de A\u00f1o\u201d con la Compa\u00f1\u00eda Nacional de Comedias Realidades\"}]},{\"@type\":\"WebSite\",\"@id\":\"https:\\\/\\\/www.eldiario.net\\\/portal\\\/#website\",\"url\":\"https:\\\/\\\/www.eldiario.net\\\/portal\\\/\",\"name\":\"El Diario - Decano de la prensa nacional\",\"description\":\"El Diario - Decano de la prensa nacional\",\"publisher\":{\"@id\":\"https:\\\/\\\/www.eldiario.net\\\/portal\\\/#organization\"},\"potentialAction\":[{\"@type\":\"SearchAction\",\"target\":{\"@type\":\"EntryPoint\",\"urlTemplate\":\"https:\\\/\\\/www.eldiario.net\\\/portal\\\/?s={search_term_string}\"},\"query-input\":{\"@type\":\"PropertyValueSpecification\",\"valueRequired\":true,\"valueName\":\"search_term_string\"}}],\"inLanguage\":\"es\"},{\"@type\":\"Organization\",\"@id\":\"https:\\\/\\\/www.eldiario.net\\\/portal\\\/#organization\",\"name\":\"El Diario - Decano de la prensa nacional\",\"url\":\"https:\\\/\\\/www.eldiario.net\\\/portal\\\/\",\"logo\":{\"@type\":\"ImageObject\",\"inLanguage\":\"es\",\"@id\":\"https:\\\/\\\/www.eldiario.net\\\/portal\\\/#\\\/schema\\\/logo\\\/image\\\/\",\"url\":\"https:\\\/\\\/www.eldiario.net\\\/portal\\\/wp-content\\\/uploads\\\/2023\\\/07\\\/logo_ED.jpg\",\"contentUrl\":\"https:\\\/\\\/www.eldiario.net\\\/portal\\\/wp-content\\\/uploads\\\/2023\\\/07\\\/logo_ED.jpg\",\"width\":272,\"height\":52,\"caption\":\"El Diario - Decano de la prensa nacional\"},\"image\":{\"@id\":\"https:\\\/\\\/www.eldiario.net\\\/portal\\\/#\\\/schema\\\/logo\\\/image\\\/\"},\"sameAs\":[\"https:\\\/\\\/www.facebook.com\\\/eldiario.bolivia\\\/\",\"https:\\\/\\\/x.com\\\/eldiario_net\"]},{\"@type\":\"Person\",\"@id\":\"https:\\\/\\\/www.eldiario.net\\\/portal\\\/#\\\/schema\\\/person\\\/2c57cf2b7a7ae032e449e4c9b1019eac\",\"name\":\"Jeanette\",\"image\":{\"@type\":\"ImageObject\",\"inLanguage\":\"es\",\"@id\":\"https:\\\/\\\/secure.gravatar.com\\\/avatar\\\/3ea2118a5f7dad2b7138b1187a6b7ee55f160b9968b66013c3a3ef39dd7e5798?s=96&d=mm&r=g\",\"url\":\"https:\\\/\\\/secure.gravatar.com\\\/avatar\\\/3ea2118a5f7dad2b7138b1187a6b7ee55f160b9968b66013c3a3ef39dd7e5798?s=96&d=mm&r=g\",\"contentUrl\":\"https:\\\/\\\/secure.gravatar.com\\\/avatar\\\/3ea2118a5f7dad2b7138b1187a6b7ee55f160b9968b66013c3a3ef39dd7e5798?s=96&d=mm&r=g\",\"caption\":\"Jeanette\"},\"sameAs\":[\"https:\\\/\\\/www.eldiario.net\\\/portal\"],\"url\":\"https:\\\/\\\/www.eldiario.net\\\/portal\\\/author\\\/jeanette\\\/\"}]}<\/script>\n<!-- \/ Yoast SEO plugin. -->","yoast_head_json":{"title":"\u201cCabo de A\u00f1o\u201d con la Compa\u00f1\u00eda Nacional de Comedias Realidades - El Diario - Bolivia","robots":{"index":"index","follow":"follow","max-snippet":"max-snippet:-1","max-image-preview":"max-image-preview:large","max-video-preview":"max-video-preview:-1"},"canonical":"https:\/\/www.eldiario.net\/portal\/2025\/09\/24\/cabo-de-ano-con-la-compania-nacional-de-comedias-realidades\/","og_locale":"es_ES","og_type":"article","og_title":"\u201cCabo de A\u00f1o\u201d con la Compa\u00f1\u00eda Nacional de Comedias Realidades - El Diario - Bolivia","og_description":"La Compa\u00f1\u00eda Nacional de Comedias Realidades, que dirige Ra\u00fal Villarroel, llevar\u00e1 a escena \u201cCabo de A\u00f1o\u201d, una de las tradiciones m\u00e1s enraizadas en el pa\u00eds. El argumento fue adecuado para esta ceremonia con escenas totalmente divertidas y muy acorde con esta celebraci\u00f3n, dijo Villarroel. La obra cuenta la historia de don Sim\u00f3n (Junior Achu), un [&hellip;]","og_url":"https:\/\/www.eldiario.net\/portal\/2025\/09\/24\/cabo-de-ano-con-la-compania-nacional-de-comedias-realidades\/","og_site_name":"El Diario - Bolivia","article_publisher":"https:\/\/www.facebook.com\/eldiario.bolivia\/","article_published_time":"2025-09-24T04:55:43+00:00","og_image":[{"width":1599,"height":1441,"url":"https:\/\/www.eldiario.net\/portal\/wp-content\/uploads\/2025\/09\/1-PRINCIPAL-11.webp","type":"image\/webp"}],"author":"Jeanette","twitter_card":"summary_large_image","twitter_creator":"@eldiario_net","twitter_site":"@eldiario_net","twitter_misc":{"Escrito por":"Jeanette","Tiempo de lectura":"6 minutos"},"schema":{"@context":"https:\/\/schema.org","@graph":[{"@type":"Article","@id":"https:\/\/www.eldiario.net\/portal\/2025\/09\/24\/cabo-de-ano-con-la-compania-nacional-de-comedias-realidades\/#article","isPartOf":{"@id":"https:\/\/www.eldiario.net\/portal\/2025\/09\/24\/cabo-de-ano-con-la-compania-nacional-de-comedias-realidades\/"},"author":{"name":"Jeanette","@id":"https:\/\/www.eldiario.net\/portal\/#\/schema\/person\/2c57cf2b7a7ae032e449e4c9b1019eac"},"headline":"\u201cCabo de A\u00f1o\u201d con la Compa\u00f1\u00eda Nacional de Comedias Realidades","datePublished":"2025-09-24T04:55:43+00:00","mainEntityOfPage":{"@id":"https:\/\/www.eldiario.net\/portal\/2025\/09\/24\/cabo-de-ano-con-la-compania-nacional-de-comedias-realidades\/"},"wordCount":1169,"publisher":{"@id":"https:\/\/www.eldiario.net\/portal\/#organization"},"image":{"@id":"https:\/\/www.eldiario.net\/portal\/2025\/09\/24\/cabo-de-ano-con-la-compania-nacional-de-comedias-realidades\/#primaryimage"},"thumbnailUrl":"https:\/\/www.eldiario.net\/portal\/wp-content\/uploads\/2025\/09\/1-PRINCIPAL-11.webp","articleSection":["La Gu\u00eda"],"inLanguage":"es"},{"@type":"WebPage","@id":"https:\/\/www.eldiario.net\/portal\/2025\/09\/24\/cabo-de-ano-con-la-compania-nacional-de-comedias-realidades\/","url":"https:\/\/www.eldiario.net\/portal\/2025\/09\/24\/cabo-de-ano-con-la-compania-nacional-de-comedias-realidades\/","name":"\u201cCabo de A\u00f1o\u201d con la Compa\u00f1\u00eda Nacional de Comedias Realidades - El Diario - Bolivia","isPartOf":{"@id":"https:\/\/www.eldiario.net\/portal\/#website"},"primaryImageOfPage":{"@id":"https:\/\/www.eldiario.net\/portal\/2025\/09\/24\/cabo-de-ano-con-la-compania-nacional-de-comedias-realidades\/#primaryimage"},"image":{"@id":"https:\/\/www.eldiario.net\/portal\/2025\/09\/24\/cabo-de-ano-con-la-compania-nacional-de-comedias-realidades\/#primaryimage"},"thumbnailUrl":"https:\/\/www.eldiario.net\/portal\/wp-content\/uploads\/2025\/09\/1-PRINCIPAL-11.webp","datePublished":"2025-09-24T04:55:43+00:00","breadcrumb":{"@id":"https:\/\/www.eldiario.net\/portal\/2025\/09\/24\/cabo-de-ano-con-la-compania-nacional-de-comedias-realidades\/#breadcrumb"},"inLanguage":"es","potentialAction":[{"@type":"ReadAction","target":["https:\/\/www.eldiario.net\/portal\/2025\/09\/24\/cabo-de-ano-con-la-compania-nacional-de-comedias-realidades\/"]}]},{"@type":"ImageObject","inLanguage":"es","@id":"https:\/\/www.eldiario.net\/portal\/2025\/09\/24\/cabo-de-ano-con-la-compania-nacional-de-comedias-realidades\/#primaryimage","url":"https:\/\/www.eldiario.net\/portal\/wp-content\/uploads\/2025\/09\/1-PRINCIPAL-11.webp","contentUrl":"https:\/\/www.eldiario.net\/portal\/wp-content\/uploads\/2025\/09\/1-PRINCIPAL-11.webp","width":1599,"height":1441},{"@type":"BreadcrumbList","@id":"https:\/\/www.eldiario.net\/portal\/2025\/09\/24\/cabo-de-ano-con-la-compania-nacional-de-comedias-realidades\/#breadcrumb","itemListElement":[{"@type":"ListItem","position":1,"name":"Portada","item":"https:\/\/www.eldiario.net\/portal\/"},{"@type":"ListItem","position":2,"name":"\u201cCabo de A\u00f1o\u201d con la Compa\u00f1\u00eda Nacional de Comedias Realidades"}]},{"@type":"WebSite","@id":"https:\/\/www.eldiario.net\/portal\/#website","url":"https:\/\/www.eldiario.net\/portal\/","name":"El Diario - Decano de la prensa nacional","description":"El Diario - Decano de la prensa nacional","publisher":{"@id":"https:\/\/www.eldiario.net\/portal\/#organization"},"potentialAction":[{"@type":"SearchAction","target":{"@type":"EntryPoint","urlTemplate":"https:\/\/www.eldiario.net\/portal\/?s={search_term_string}"},"query-input":{"@type":"PropertyValueSpecification","valueRequired":true,"valueName":"search_term_string"}}],"inLanguage":"es"},{"@type":"Organization","@id":"https:\/\/www.eldiario.net\/portal\/#organization","name":"El Diario - Decano de la prensa nacional","url":"https:\/\/www.eldiario.net\/portal\/","logo":{"@type":"ImageObject","inLanguage":"es","@id":"https:\/\/www.eldiario.net\/portal\/#\/schema\/logo\/image\/","url":"https:\/\/www.eldiario.net\/portal\/wp-content\/uploads\/2023\/07\/logo_ED.jpg","contentUrl":"https:\/\/www.eldiario.net\/portal\/wp-content\/uploads\/2023\/07\/logo_ED.jpg","width":272,"height":52,"caption":"El Diario - Decano de la prensa nacional"},"image":{"@id":"https:\/\/www.eldiario.net\/portal\/#\/schema\/logo\/image\/"},"sameAs":["https:\/\/www.facebook.com\/eldiario.bolivia\/","https:\/\/x.com\/eldiario_net"]},{"@type":"Person","@id":"https:\/\/www.eldiario.net\/portal\/#\/schema\/person\/2c57cf2b7a7ae032e449e4c9b1019eac","name":"Jeanette","image":{"@type":"ImageObject","inLanguage":"es","@id":"https:\/\/secure.gravatar.com\/avatar\/3ea2118a5f7dad2b7138b1187a6b7ee55f160b9968b66013c3a3ef39dd7e5798?s=96&d=mm&r=g","url":"https:\/\/secure.gravatar.com\/avatar\/3ea2118a5f7dad2b7138b1187a6b7ee55f160b9968b66013c3a3ef39dd7e5798?s=96&d=mm&r=g","contentUrl":"https:\/\/secure.gravatar.com\/avatar\/3ea2118a5f7dad2b7138b1187a6b7ee55f160b9968b66013c3a3ef39dd7e5798?s=96&d=mm&r=g","caption":"Jeanette"},"sameAs":["https:\/\/www.eldiario.net\/portal"],"url":"https:\/\/www.eldiario.net\/portal\/author\/jeanette\/"}]}},"_links":{"self":[{"href":"https:\/\/www.eldiario.net\/portal\/wp-json\/wp\/v2\/posts\/333356","targetHints":{"allow":["GET"]}}],"collection":[{"href":"https:\/\/www.eldiario.net\/portal\/wp-json\/wp\/v2\/posts"}],"about":[{"href":"https:\/\/www.eldiario.net\/portal\/wp-json\/wp\/v2\/types\/post"}],"author":[{"embeddable":true,"href":"https:\/\/www.eldiario.net\/portal\/wp-json\/wp\/v2\/users\/1"}],"replies":[{"embeddable":true,"href":"https:\/\/www.eldiario.net\/portal\/wp-json\/wp\/v2\/comments?post=333356"}],"version-history":[{"count":1,"href":"https:\/\/www.eldiario.net\/portal\/wp-json\/wp\/v2\/posts\/333356\/revisions"}],"predecessor-version":[{"id":333366,"href":"https:\/\/www.eldiario.net\/portal\/wp-json\/wp\/v2\/posts\/333356\/revisions\/333366"}],"wp:featuredmedia":[{"embeddable":true,"href":"https:\/\/www.eldiario.net\/portal\/wp-json\/wp\/v2\/media\/333358"}],"wp:attachment":[{"href":"https:\/\/www.eldiario.net\/portal\/wp-json\/wp\/v2\/media?parent=333356"}],"wp:term":[{"taxonomy":"category","embeddable":true,"href":"https:\/\/www.eldiario.net\/portal\/wp-json\/wp\/v2\/categories?post=333356"},{"taxonomy":"post_tag","embeddable":true,"href":"https:\/\/www.eldiario.net\/portal\/wp-json\/wp\/v2\/tags?post=333356"}],"curies":[{"name":"wp","href":"https:\/\/api.w.org\/{rel}","templated":true}]}}