{"id":333351,"date":"2025-09-24T00:48:15","date_gmt":"2025-09-24T04:48:15","guid":{"rendered":"https:\/\/www.eldiario.net\/portal\/?p=333351"},"modified":"2025-09-24T11:37:38","modified_gmt":"2025-09-24T15:37:38","slug":"ximena-barrientos-habla-sobre-las-oportunidades-con-china","status":"publish","type":"post","link":"https:\/\/www.eldiario.net\/portal\/2025\/09\/24\/ximena-barrientos-habla-sobre-las-oportunidades-con-china\/","title":{"rendered":"Ximena Barrientos habla sobre las oportunidades con China"},"content":{"rendered":"<p>Por Susana Guti\u00e9rrez<\/p>\n<p>En un mundo cada vez m\u00e1s interconectado, la relaci\u00f3n entre Bolivia y China alcanza un hito hist\u00f3rico: 40 a\u00f1os de lazos diplom\u00e1ticos.<\/p>\n<p>Como parte de las diversas actividades conmemorativas de esta importante fecha, la <strong>C\u00e1mara Boliviana-China<\/strong>, junto a la <strong>Embajada de la Rep\u00fablica Popular China<\/strong>, ha organizado un foro internacional titulado <strong>\u00abBolivia-China de 40 a 40: Oportunidades que transforman\u00bb<\/strong>. El evento cont\u00f3 con la participaci\u00f3n de expositores de primer nivel, l\u00edderes empresariales y autoridades de ambos pa\u00edses, incluyendo al embajador <strong>Wang Liang<\/strong>, quienes compartieron su visi\u00f3n sobre nuevas oportunidades de cooperaci\u00f3n e inversi\u00f3n. Para profundizar en las perspectivas que se proyectan para el futuro de esta relaci\u00f3n estrat\u00e9gica, conversamos con la presidenta de la C\u00e1mara, <strong>Ximena Barrientos<\/strong>.<\/p>\n<p><strong>El reciente foro \u00abBolivia-China de 40 a 40\u00bb celebra un hito trascendental en las relaciones bilaterales. \u00bfC\u00f3mo resumir\u00eda estos 40 a\u00f1os y cu\u00e1l es la visi\u00f3n que proyectan para el futuro?<\/strong><\/p>\n<p>Es muy dif\u00edcil resumir una relaci\u00f3n de 40 a\u00f1os en minutos, pero como dice Lao Tse, \u00abpara andar el camino de los mil Li, hay que dar el primer paso\u00bb. En estas cuatro d\u00e9cadas, hemos avanzado mucho, dando pasos firmes y superando obst\u00e1culos. En este foro, nos enfocamos en los logros puntuales y en nuestra visi\u00f3n a futuro dentro del marco de la Franja y la Ruta. Queremos transformar y fortalecer nuestra relaci\u00f3n para los pr\u00f3ximos 40 a\u00f1os.<\/p>\n<p><strong>Usted destaca la amistad como el pilar fundamental de esta relaci\u00f3n. \u00bfPodr\u00eda darnos ejemplos concretos de c\u00f3mo se ha consolidado?<\/strong><\/p>\n<p>La amistad es el ligamento m\u00e1s fuerte para construir un futuro de seguridad y esperanza. Un claro ejemplo es el hermanamiento de tres ciudades de Bolivia con provincias chinas, lo que ha permitido la consolidaci\u00f3n de proyectos de desarrollo con beneficios mutuos. Adem\u00e1s, la C\u00e1mara Boliviana-China, que en 2025 cumplir\u00e1 21 a\u00f1os, ha trabajado ininterrumpidamente para acercar a nuestros pueblos. Hemos logrado introducir la ense\u00f1anza del idioma mandar\u00edn, organizar viajes empresariales y atraer empresas chinas a Bolivia.<\/p>\n<p><strong>M\u00e1s all\u00e1 de los acuerdos diplom\u00e1ticos y comerciales, \u00bfcree que existen lazos culturales o hist\u00f3ricos menos explorados que revelan una conexi\u00f3n m\u00e1s profunda entre nuestros pa\u00edses?<\/strong><\/p>\n<p>Definitivamente. Hay una sorprendente similitud en algunas poblaciones bolivianas como Potos\u00ed, que podr\u00eda confundirse con el T\u00edbet. Este punto es muy importante porque sugiere que nuestras relaciones datan de mucho antes de los 40 a\u00f1os, lo que convierte esta conexi\u00f3n en un \u00abencuentro de una familia separada por la distancia y el tiempo\u00bb.<\/p>\n<p><strong>Pasando al \u00e1mbito acad\u00e9mico, \u00bfqu\u00e9 avances se han logrado?<\/strong><\/p>\n<p>En el campo acad\u00e9mico se han dado grandes saltos. En la d\u00e9cada de los 90 cuando me estaba yendo a estudiar a China, era algo como un viaje a otro planeta, lejano, misterioso y desconocido, todo esto ha cambiado, no solo por el desarrollo de la tecnolog\u00eda, sino tambi\u00e9n por el vigoroso ascenso en la econom\u00eda China.<\/p>\n<p>Hemos firmado acuerdos con diferentes universidades: en Cochabamba contamos con un instituto Confucio gracias a la firma de un convenio con la Universidad de San Sim\u00f3n.<\/p>\n<p>En Santa Cruz se ha firmado un convenio entre la Universidad Tecnol\u00f3gica Privada de Santa Cruz UTEPSA con la universidad de Chengdu, para trabajar en intercambios acad\u00e9micos, investigaci\u00f3n y transferencia de tecnolog\u00eda.<\/p>\n<p>Se ha introducido la ense\u00f1anza del idioma mandar\u00edn en la curr\u00edcula de un colegio internacional desde el a\u00f1o 2010.<\/p>\n<p>Estos acuerdos son los que debemos seguir trabajando, porque tenemos un campo mucho m\u00e1s grande por desarrollar, fomentar la\u00a0 investigaci\u00f3n en diferentes \u00e1reas promoviendo el intercambio entre universidades.<\/p>\n<p>El rol de las universidades es fuente de la cultura de un pueblo. Es dif\u00edcil imaginar el desarrollo de un Estado si no se tiene por delante la iluminaci\u00f3n del conocimiento.<\/p>\n<p><strong>El foro se llama \u00abOportunidades que Transforman\u00bb. \u00bfCu\u00e1les son los principales campos de oportunidad que han identificado?<\/strong><\/p>\n<p>Tenemos \u00e1reas clave como la salud, el turismo, las exportaciones, la transici\u00f3n energ\u00e9tica y otro proyecto que debemos impulsar son los ferrocarriles.<\/p>\n<p>En salud, Bolivia cuenta con una diversidad de pisos agr\u00edcolas y con diferentes riquezas de suelo. Debemos ingresar en el cultivo de plantas medicinales para cubrir los mercados del Asia que tienden a consumir productos ecol\u00f3gicos.<\/p>\n<p>Crear un Instituto de investigaci\u00f3n y cultivo\u00a0\u00a0 de plantas medicinales, para su difusi\u00f3n, como alternativa complementaria y de ninguna manera sustitutiva a la medicina occidental. Debemos poner a Bolivia como punto piloto, dada su diversidad de suelos, de climas y su situaci\u00f3n geogr\u00e1fica, como centro del Continente Sur, para un f\u00e1cil intercambio de medicinas naturales con todos los pueblos del mundo.<\/p>\n<p><strong>\u00bfEn el sector tur\u00edstico, de exportaciones y de transici\u00f3n energ\u00e9tica?<\/strong><\/p>\n<p>Bolivia es un pa\u00eds de grades riquezas, no solamente por su biodiversidad de paisajes, sino por la riqueza de su expresi\u00f3n cultural. Nuestros paisajes, folklore, danzas, m\u00fasica, tejidos y sabores son un tesoro abundante.<\/p>\n<p>Bolivia debe generar pol\u00edticas de promoci\u00f3n y declarar un destino tur\u00edstico para visitantes chinos.<\/p>\n<p>En cuanto a las exportaciones, China es un mercado inagotable y Bolivia es un pa\u00eds que tiene mucho por ofertar, debemos trabajar en exportar no solo materias primas, sino productos terminados o semiterminados.<\/p>\n<p>Otro campo de oportunidad clave es la transici\u00f3n energ\u00e9tica. Hemos llegado a una situaci\u00f3n en que Bolivia debe desarrollar energ\u00edas alternativas y China est\u00e1 liderando en el mundo en la utilizaci\u00f3n de energ\u00edas como e\u00f3lica, solar y energ\u00edas hidroel\u00e9ctricas.<\/p>\n<p><strong>Finalmente, usted ha destacado la importancia de los ferrocarriles. \u00bfPor qu\u00e9 es este proyecto tan vital para Bolivia?<\/strong><\/p>\n<p>Bolivia pese a ser un pa\u00eds con grandes riquezas en todos los aspectos, se encuentra desarticulada, quebrada en sus comunicaciones.<\/p>\n<p>Debemos consolidar nuestro rol geopol\u00edtico y todo el continente debe ser unificado por un sistema ferroviario que incuestionablemente es el transporte, m\u00e1s econ\u00f3mico, ecol\u00f3gico y garantizado para transportar mercanc\u00edas de todos los confines a la China y de la China.<\/p>\n<p>La base para abordar tanto desde un punto de vista de integraci\u00f3n comercial e industrial es el de las comunicaciones. Mientras los pueblos no se encuentren unidos en una comunicaci\u00f3n f\u00e9rrea, es imposible hablar de integraci\u00f3n cultural, industrial y econ\u00f3mica.<\/p>\n<p>Toda integraci\u00f3n econ\u00f3mica solo es posible cuando existen fluidas conexiones para mover personas y mercanc\u00edas. Las relaciones son producto de acuerdos de verdadero inter\u00e9s y \u00e9ste es uno de esos.<\/p>\n<p><strong>Su visi\u00f3n para el futuro se basa en la amistad y el beneficio mutuo. \u00bfCu\u00e1l es el mensaje final de este foro?<\/strong><\/p>\n<p>Nuestras relaciones de acercamiento con China y el trabajo de la C\u00e1mara debe estar orientado en programas de cooperaci\u00f3n y ganancia compartida conociendo el esp\u00edritu de los pueblos.<\/p>\n<p>Se trata de un trabajo de todos, porque como ense\u00f1a Lao Tse, \u00abla unidad es la base de la prosperidad\u00bb.<\/p>\n\r\n                <style type=\"text\/css\">\r\n                    \r\n                    #tdi_1  .td-doubleSlider-2 .td-item1 {\r\n                        background: url(https:\/\/www.eldiario.net\/portal\/wp-content\/uploads\/2025\/09\/NOTA-1-FOTO-2-3-80x60.webp) 0 0 no-repeat;\r\n                    }\r\n                    #tdi_1  .td-doubleSlider-2 .td-item2 {\r\n                        background: url(https:\/\/www.eldiario.net\/portal\/wp-content\/uploads\/2025\/09\/NOTA-1-FOTO-3-3-80x60.webp) 0 0 no-repeat;\r\n                    }\r\n                    #tdi_1  .td-doubleSlider-2 .td-item3 {\r\n                        background: url(https:\/\/www.eldiario.net\/portal\/wp-content\/uploads\/2025\/09\/NOTA-1-FOTO-1-3-80x60.webp) 0 0 no-repeat;\r\n                    }\r\n                <\/style>\r\n\r\n                <div id=\"tdi_1\" class=\"td-gallery td-slide-on-2-columns\">\r\n                    <div class=\"post_td_gallery\">\r\n                        <div class=\"td-gallery-slide-top\">\r\n                           <div class=\"td-gallery-title\"><\/div>\r\n\r\n                            <div class=\"td-gallery-controls-wrapper\">\r\n                                <div class=\"td-gallery-slide-count\"><span class=\"td-gallery-slide-item-focus\">1<\/span> de 3<\/div>\r\n                                <div class=\"td-gallery-slide-prev-next-but\">\r\n                                    <i class = \"td-icon-left doubleSliderPrevButton\"><\/i>\r\n                                    <i class = \"td-icon-right doubleSliderNextButton\"><\/i>\r\n                                <\/div>\r\n                            <\/div>\r\n                        <\/div>\r\n\r\n                        <div class = \"td-doubleSlider-1 \">\r\n                            <div class = \"td-slider\">\r\n                                \r\n                    <div class = \"td-slide-item td-item1\">\r\n                        <figure class=\"td-slide-galery-figure td-slide-popup-gallery\">\r\n                            <a class=\"slide-gallery-image-link\" href=\"https:\/\/www.eldiario.net\/portal\/wp-content\/uploads\/2025\/09\/NOTA-1-FOTO-2-3.webp\" title=\"NOTA 1 FOTO 2\"  data-caption=\"PARTE DE LOS EXPOSITORES: RICARDO S\u00c1NCHEZ DE LOZADA, MAR\u00cdA LOURDES BENAVIDES, PABLO BOZO, EMBAJADOR WANG LIANG, XIMENA BARRIENTOS E IV\u00c1N ALEJANDRO VALVERDE.\"  data-description=\"\">\r\n                                <img decoding=\"async\" src=\"https:\/\/www.eldiario.net\/portal\/wp-content\/uploads\/2025\/09\/NOTA-1-FOTO-2-3-629x420.webp\" srcset=\"https:\/\/www.eldiario.net\/portal\/wp-content\/uploads\/2025\/09\/NOTA-1-FOTO-2-3-629x420.webp 629w, https:\/\/www.eldiario.net\/portal\/wp-content\/uploads\/2025\/09\/NOTA-1-FOTO-2-3-300x200.webp 300w, https:\/\/www.eldiario.net\/portal\/wp-content\/uploads\/2025\/09\/NOTA-1-FOTO-2-3-768x513.webp 768w, https:\/\/www.eldiario.net\/portal\/wp-content\/uploads\/2025\/09\/NOTA-1-FOTO-2-3-150x100.webp 150w, https:\/\/www.eldiario.net\/portal\/wp-content\/uploads\/2025\/09\/NOTA-1-FOTO-2-3-696x465.webp 696w, https:\/\/www.eldiario.net\/portal\/wp-content\/uploads\/2025\/09\/NOTA-1-FOTO-2-3.webp 900w\" sizes=\"(max-width: 629px) 100vw, 629px\" alt=\"\">\r\n                            <\/a>\r\n                            <figcaption class = \"td-slide-caption td-gallery-slide-content\"><div class = \"td-gallery-slide-copywrite\">PARTE DE LOS EXPOSITORES: RICARDO S\u00c1NCHEZ DE LOZADA, MAR\u00cdA LOURDES BENAVIDES, PABLO BOZO, EMBAJADOR WANG LIANG, XIMENA BARRIENTOS E IV\u00c1N ALEJANDRO VALVERDE.<\/div><\/figcaption>\r\n                        <\/figure>\r\n                    <\/div>\r\n                    <div class = \"td-slide-item td-item2\">\r\n                        <figure class=\"td-slide-galery-figure td-slide-popup-gallery\">\r\n                            <a class=\"slide-gallery-image-link\" href=\"https:\/\/www.eldiario.net\/portal\/wp-content\/uploads\/2025\/09\/NOTA-1-FOTO-3-3.webp\" title=\"NOTA 1 FOTO 3\"  data-caption=\"\"  data-description=\"\">\r\n                                <img decoding=\"async\" src=\"https:\/\/www.eldiario.net\/portal\/wp-content\/uploads\/2025\/09\/NOTA-1-FOTO-3-3-629x420.webp\" srcset=\"https:\/\/www.eldiario.net\/portal\/wp-content\/uploads\/2025\/09\/NOTA-1-FOTO-3-3-629x420.webp 629w, https:\/\/www.eldiario.net\/portal\/wp-content\/uploads\/2025\/09\/NOTA-1-FOTO-3-3-300x200.webp 300w, https:\/\/www.eldiario.net\/portal\/wp-content\/uploads\/2025\/09\/NOTA-1-FOTO-3-3-768x513.webp 768w, https:\/\/www.eldiario.net\/portal\/wp-content\/uploads\/2025\/09\/NOTA-1-FOTO-3-3-150x100.webp 150w, https:\/\/www.eldiario.net\/portal\/wp-content\/uploads\/2025\/09\/NOTA-1-FOTO-3-3-696x465.webp 696w, https:\/\/www.eldiario.net\/portal\/wp-content\/uploads\/2025\/09\/NOTA-1-FOTO-3-3.webp 900w\" sizes=\"(max-width: 629px) 100vw, 629px\" alt=\"\">\r\n                            <\/a>\r\n                            \r\n                        <\/figure>\r\n                    <\/div>\r\n                    <div class = \"td-slide-item td-item3\">\r\n                        <figure class=\"td-slide-galery-figure td-slide-popup-gallery\">\r\n                            <a class=\"slide-gallery-image-link\" href=\"https:\/\/www.eldiario.net\/portal\/wp-content\/uploads\/2025\/09\/NOTA-1-FOTO-1-3.webp\" title=\"NOTA 1 FOTO 1\"  data-caption=\"XIMENA BARRIENTOS, PRESIDENTA DE LA C\u00c1MARA BOLIVIANA- CHINA.\"  data-description=\"\">\r\n                                <img decoding=\"async\" src=\"https:\/\/www.eldiario.net\/portal\/wp-content\/uploads\/2025\/09\/NOTA-1-FOTO-1-3-280x420.webp\" srcset=\"https:\/\/www.eldiario.net\/portal\/wp-content\/uploads\/2025\/09\/NOTA-1-FOTO-1-3-280x420.webp 280w, https:\/\/www.eldiario.net\/portal\/wp-content\/uploads\/2025\/09\/NOTA-1-FOTO-1-3-200x300.webp 200w, https:\/\/www.eldiario.net\/portal\/wp-content\/uploads\/2025\/09\/NOTA-1-FOTO-1-3-150x225.webp 150w, https:\/\/www.eldiario.net\/portal\/wp-content\/uploads\/2025\/09\/NOTA-1-FOTO-1-3-300x450.webp 300w, https:\/\/www.eldiario.net\/portal\/wp-content\/uploads\/2025\/09\/NOTA-1-FOTO-1-3.webp 600w\" sizes=\"(max-width: 280px) 100vw, 280px\" alt=\"\">\r\n                            <\/a>\r\n                            <figcaption class = \"td-slide-caption td-gallery-slide-content\"><div class = \"td-gallery-slide-copywrite\">XIMENA BARRIENTOS, PRESIDENTA DE LA C\u00c1MARA BOLIVIANA- CHINA.<\/div><\/figcaption>\r\n                        <\/figure>\r\n                    <\/div>\r\n                            <\/div>\r\n                        <\/div>\r\n\r\n                        <div class = \"td-doubleSlider-2\">\r\n                            <div class = \"td-slider\">\r\n                                \r\n                    <div class = \"td-button td-item1\">\r\n                        <div class = \"td-border\"><\/div>\r\n                    <\/div>\r\n                    <div class = \"td-button td-item2\">\r\n                        <div class = \"td-border\"><\/div>\r\n                    <\/div>\r\n                    <div class = \"td-button td-item3\">\r\n                        <div class = \"td-border\"><\/div>\r\n                    <\/div>\r\n                            <\/div>\r\n                        <\/div>\r\n\r\n                    <\/div>\r\n\r\n                <\/div>\r\n                \n","protected":false},"excerpt":{"rendered":"<p>Por Susana Guti\u00e9rrez En un mundo cada vez m\u00e1s interconectado, la relaci\u00f3n entre Bolivia y China alcanza un hito hist\u00f3rico: 40 a\u00f1os de lazos diplom\u00e1ticos. Como parte de las diversas actividades conmemorativas de esta importante fecha, la C\u00e1mara Boliviana-China, junto a la Embajada de la Rep\u00fablica Popular China, ha organizado un foro internacional titulado \u00abBolivia-China [&hellip;]<\/p>\n","protected":false},"author":1,"featured_media":333352,"comment_status":"closed","ping_status":"open","sticky":false,"template":"","format":"standard","meta":{"_acf_changed":false,"footnotes":""},"categories":[42],"tags":[],"class_list":["post-333351","post","type-post","status-publish","format-standard","has-post-thumbnail","category-femenina"],"acf":{"antetitulo":"La visi\u00f3n que transforma"},"yoast_head":"<!-- This site is optimized with the Yoast SEO plugin v28.4 - https:\/\/yoast.com\/product\/yoast-seo-wordpress\/ -->\n<title>Ximena Barrientos habla sobre las oportunidades con China - El Diario - Bolivia<\/title>\n<meta name=\"robots\" content=\"index, follow, max-snippet:-1, max-image-preview:large, max-video-preview:-1\" \/>\n<link rel=\"canonical\" href=\"https:\/\/www.eldiario.net\/portal\/2025\/09\/24\/ximena-barrientos-habla-sobre-las-oportunidades-con-china\/\" \/>\n<meta property=\"og:locale\" content=\"es_ES\" \/>\n<meta property=\"og:type\" content=\"article\" \/>\n<meta property=\"og:title\" content=\"Ximena Barrientos habla sobre las oportunidades con China - El Diario - Bolivia\" \/>\n<meta property=\"og:description\" content=\"Por Susana Guti\u00e9rrez En un mundo cada vez m\u00e1s interconectado, la relaci\u00f3n entre Bolivia y China alcanza un hito hist\u00f3rico: 40 a\u00f1os de lazos diplom\u00e1ticos. Como parte de las diversas actividades conmemorativas de esta importante fecha, la C\u00e1mara Boliviana-China, junto a la Embajada de la Rep\u00fablica Popular China, ha organizado un foro internacional titulado \u00abBolivia-China [&hellip;]\" \/>\n<meta property=\"og:url\" content=\"https:\/\/www.eldiario.net\/portal\/2025\/09\/24\/ximena-barrientos-habla-sobre-las-oportunidades-con-china\/\" \/>\n<meta property=\"og:site_name\" content=\"El Diario - Bolivia\" \/>\n<meta property=\"article:publisher\" content=\"https:\/\/www.facebook.com\/eldiario.bolivia\/\" \/>\n<meta property=\"article:published_time\" content=\"2025-09-24T04:48:15+00:00\" \/>\n<meta property=\"article:modified_time\" content=\"2025-09-24T15:37:38+00:00\" \/>\n<meta property=\"og:image\" content=\"https:\/\/www.eldiario.net\/portal\/wp-content\/uploads\/2025\/09\/NOTA-1-FOTO-2-3.webp\" \/>\n\t<meta property=\"og:image:width\" content=\"900\" \/>\n\t<meta property=\"og:image:height\" content=\"601\" \/>\n\t<meta property=\"og:image:type\" content=\"image\/webp\" \/>\n<meta name=\"author\" content=\"Jeanette\" \/>\n<meta name=\"twitter:card\" content=\"summary_large_image\" \/>\n<meta name=\"twitter:creator\" content=\"@eldiario_net\" \/>\n<meta name=\"twitter:site\" content=\"@eldiario_net\" \/>\n<meta name=\"twitter:label1\" content=\"Escrito por\" \/>\n\t<meta name=\"twitter:data1\" content=\"Jeanette\" \/>\n\t<meta name=\"twitter:label2\" content=\"Tiempo de lectura\" \/>\n\t<meta name=\"twitter:data2\" content=\"6 minutos\" \/>\n<script type=\"application\/ld+json\" class=\"yoast-schema-graph\">{\"@context\":\"https:\\\/\\\/schema.org\",\"@graph\":[{\"@type\":\"Article\",\"@id\":\"https:\\\/\\\/www.eldiario.net\\\/portal\\\/2025\\\/09\\\/24\\\/ximena-barrientos-habla-sobre-las-oportunidades-con-china\\\/#article\",\"isPartOf\":{\"@id\":\"https:\\\/\\\/www.eldiario.net\\\/portal\\\/2025\\\/09\\\/24\\\/ximena-barrientos-habla-sobre-las-oportunidades-con-china\\\/\"},\"author\":{\"name\":\"Jeanette\",\"@id\":\"https:\\\/\\\/www.eldiario.net\\\/portal\\\/#\\\/schema\\\/person\\\/2c57cf2b7a7ae032e449e4c9b1019eac\"},\"headline\":\"Ximena Barrientos habla sobre las oportunidades con China\",\"datePublished\":\"2025-09-24T04:48:15+00:00\",\"dateModified\":\"2025-09-24T15:37:38+00:00\",\"mainEntityOfPage\":{\"@id\":\"https:\\\/\\\/www.eldiario.net\\\/portal\\\/2025\\\/09\\\/24\\\/ximena-barrientos-habla-sobre-las-oportunidades-con-china\\\/\"},\"wordCount\":1215,\"publisher\":{\"@id\":\"https:\\\/\\\/www.eldiario.net\\\/portal\\\/#organization\"},\"image\":{\"@id\":\"https:\\\/\\\/www.eldiario.net\\\/portal\\\/2025\\\/09\\\/24\\\/ximena-barrientos-habla-sobre-las-oportunidades-con-china\\\/#primaryimage\"},\"thumbnailUrl\":\"https:\\\/\\\/www.eldiario.net\\\/portal\\\/wp-content\\\/uploads\\\/2025\\\/09\\\/NOTA-1-FOTO-2-3.webp\",\"articleSection\":[\"Femenina\"],\"inLanguage\":\"es\"},{\"@type\":\"WebPage\",\"@id\":\"https:\\\/\\\/www.eldiario.net\\\/portal\\\/2025\\\/09\\\/24\\\/ximena-barrientos-habla-sobre-las-oportunidades-con-china\\\/\",\"url\":\"https:\\\/\\\/www.eldiario.net\\\/portal\\\/2025\\\/09\\\/24\\\/ximena-barrientos-habla-sobre-las-oportunidades-con-china\\\/\",\"name\":\"Ximena Barrientos habla sobre las oportunidades con China - El Diario - Bolivia\",\"isPartOf\":{\"@id\":\"https:\\\/\\\/www.eldiario.net\\\/portal\\\/#website\"},\"primaryImageOfPage\":{\"@id\":\"https:\\\/\\\/www.eldiario.net\\\/portal\\\/2025\\\/09\\\/24\\\/ximena-barrientos-habla-sobre-las-oportunidades-con-china\\\/#primaryimage\"},\"image\":{\"@id\":\"https:\\\/\\\/www.eldiario.net\\\/portal\\\/2025\\\/09\\\/24\\\/ximena-barrientos-habla-sobre-las-oportunidades-con-china\\\/#primaryimage\"},\"thumbnailUrl\":\"https:\\\/\\\/www.eldiario.net\\\/portal\\\/wp-content\\\/uploads\\\/2025\\\/09\\\/NOTA-1-FOTO-2-3.webp\",\"datePublished\":\"2025-09-24T04:48:15+00:00\",\"dateModified\":\"2025-09-24T15:37:38+00:00\",\"breadcrumb\":{\"@id\":\"https:\\\/\\\/www.eldiario.net\\\/portal\\\/2025\\\/09\\\/24\\\/ximena-barrientos-habla-sobre-las-oportunidades-con-china\\\/#breadcrumb\"},\"inLanguage\":\"es\",\"potentialAction\":[{\"@type\":\"ReadAction\",\"target\":[\"https:\\\/\\\/www.eldiario.net\\\/portal\\\/2025\\\/09\\\/24\\\/ximena-barrientos-habla-sobre-las-oportunidades-con-china\\\/\"]}]},{\"@type\":\"ImageObject\",\"inLanguage\":\"es\",\"@id\":\"https:\\\/\\\/www.eldiario.net\\\/portal\\\/2025\\\/09\\\/24\\\/ximena-barrientos-habla-sobre-las-oportunidades-con-china\\\/#primaryimage\",\"url\":\"https:\\\/\\\/www.eldiario.net\\\/portal\\\/wp-content\\\/uploads\\\/2025\\\/09\\\/NOTA-1-FOTO-2-3.webp\",\"contentUrl\":\"https:\\\/\\\/www.eldiario.net\\\/portal\\\/wp-content\\\/uploads\\\/2025\\\/09\\\/NOTA-1-FOTO-2-3.webp\",\"width\":900,\"height\":601,\"caption\":\"PARTE DE LOS EXPOSITORES: RICARDO S\u00c1NCHEZ DE LOZADA, MAR\u00cdA LOURDES BENAVIDES, PABLO BOZO, EMBAJADOR WANG LIANG, XIMENA BARRIENTOS E IV\u00c1N ALEJANDRO VALVERDE.\"},{\"@type\":\"BreadcrumbList\",\"@id\":\"https:\\\/\\\/www.eldiario.net\\\/portal\\\/2025\\\/09\\\/24\\\/ximena-barrientos-habla-sobre-las-oportunidades-con-china\\\/#breadcrumb\",\"itemListElement\":[{\"@type\":\"ListItem\",\"position\":1,\"name\":\"Portada\",\"item\":\"https:\\\/\\\/www.eldiario.net\\\/portal\\\/\"},{\"@type\":\"ListItem\",\"position\":2,\"name\":\"Ximena Barrientos habla sobre las oportunidades con China\"}]},{\"@type\":\"WebSite\",\"@id\":\"https:\\\/\\\/www.eldiario.net\\\/portal\\\/#website\",\"url\":\"https:\\\/\\\/www.eldiario.net\\\/portal\\\/\",\"name\":\"El Diario - Decano de la prensa nacional\",\"description\":\"El Diario - Decano de la prensa nacional\",\"publisher\":{\"@id\":\"https:\\\/\\\/www.eldiario.net\\\/portal\\\/#organization\"},\"potentialAction\":[{\"@type\":\"SearchAction\",\"target\":{\"@type\":\"EntryPoint\",\"urlTemplate\":\"https:\\\/\\\/www.eldiario.net\\\/portal\\\/?s={search_term_string}\"},\"query-input\":{\"@type\":\"PropertyValueSpecification\",\"valueRequired\":true,\"valueName\":\"search_term_string\"}}],\"inLanguage\":\"es\"},{\"@type\":\"Organization\",\"@id\":\"https:\\\/\\\/www.eldiario.net\\\/portal\\\/#organization\",\"name\":\"El Diario - Decano de la prensa nacional\",\"url\":\"https:\\\/\\\/www.eldiario.net\\\/portal\\\/\",\"logo\":{\"@type\":\"ImageObject\",\"inLanguage\":\"es\",\"@id\":\"https:\\\/\\\/www.eldiario.net\\\/portal\\\/#\\\/schema\\\/logo\\\/image\\\/\",\"url\":\"https:\\\/\\\/www.eldiario.net\\\/portal\\\/wp-content\\\/uploads\\\/2023\\\/07\\\/logo_ED.jpg\",\"contentUrl\":\"https:\\\/\\\/www.eldiario.net\\\/portal\\\/wp-content\\\/uploads\\\/2023\\\/07\\\/logo_ED.jpg\",\"width\":272,\"height\":52,\"caption\":\"El Diario - Decano de la prensa nacional\"},\"image\":{\"@id\":\"https:\\\/\\\/www.eldiario.net\\\/portal\\\/#\\\/schema\\\/logo\\\/image\\\/\"},\"sameAs\":[\"https:\\\/\\\/www.facebook.com\\\/eldiario.bolivia\\\/\",\"https:\\\/\\\/x.com\\\/eldiario_net\"]},{\"@type\":\"Person\",\"@id\":\"https:\\\/\\\/www.eldiario.net\\\/portal\\\/#\\\/schema\\\/person\\\/2c57cf2b7a7ae032e449e4c9b1019eac\",\"name\":\"Jeanette\",\"image\":{\"@type\":\"ImageObject\",\"inLanguage\":\"es\",\"@id\":\"https:\\\/\\\/secure.gravatar.com\\\/avatar\\\/3ea2118a5f7dad2b7138b1187a6b7ee55f160b9968b66013c3a3ef39dd7e5798?s=96&d=mm&r=g\",\"url\":\"https:\\\/\\\/secure.gravatar.com\\\/avatar\\\/3ea2118a5f7dad2b7138b1187a6b7ee55f160b9968b66013c3a3ef39dd7e5798?s=96&d=mm&r=g\",\"contentUrl\":\"https:\\\/\\\/secure.gravatar.com\\\/avatar\\\/3ea2118a5f7dad2b7138b1187a6b7ee55f160b9968b66013c3a3ef39dd7e5798?s=96&d=mm&r=g\",\"caption\":\"Jeanette\"},\"sameAs\":[\"https:\\\/\\\/www.eldiario.net\\\/portal\"],\"url\":\"https:\\\/\\\/www.eldiario.net\\\/portal\\\/author\\\/jeanette\\\/\"}]}<\/script>\n<!-- \/ Yoast SEO plugin. -->","yoast_head_json":{"title":"Ximena Barrientos habla sobre las oportunidades con China - El Diario - Bolivia","robots":{"index":"index","follow":"follow","max-snippet":"max-snippet:-1","max-image-preview":"max-image-preview:large","max-video-preview":"max-video-preview:-1"},"canonical":"https:\/\/www.eldiario.net\/portal\/2025\/09\/24\/ximena-barrientos-habla-sobre-las-oportunidades-con-china\/","og_locale":"es_ES","og_type":"article","og_title":"Ximena Barrientos habla sobre las oportunidades con China - El Diario - Bolivia","og_description":"Por Susana Guti\u00e9rrez En un mundo cada vez m\u00e1s interconectado, la relaci\u00f3n entre Bolivia y China alcanza un hito hist\u00f3rico: 40 a\u00f1os de lazos diplom\u00e1ticos. Como parte de las diversas actividades conmemorativas de esta importante fecha, la C\u00e1mara Boliviana-China, junto a la Embajada de la Rep\u00fablica Popular China, ha organizado un foro internacional titulado \u00abBolivia-China [&hellip;]","og_url":"https:\/\/www.eldiario.net\/portal\/2025\/09\/24\/ximena-barrientos-habla-sobre-las-oportunidades-con-china\/","og_site_name":"El Diario - Bolivia","article_publisher":"https:\/\/www.facebook.com\/eldiario.bolivia\/","article_published_time":"2025-09-24T04:48:15+00:00","article_modified_time":"2025-09-24T15:37:38+00:00","og_image":[{"width":900,"height":601,"url":"https:\/\/www.eldiario.net\/portal\/wp-content\/uploads\/2025\/09\/NOTA-1-FOTO-2-3.webp","type":"image\/webp"}],"author":"Jeanette","twitter_card":"summary_large_image","twitter_creator":"@eldiario_net","twitter_site":"@eldiario_net","twitter_misc":{"Escrito por":"Jeanette","Tiempo de lectura":"6 minutos"},"schema":{"@context":"https:\/\/schema.org","@graph":[{"@type":"Article","@id":"https:\/\/www.eldiario.net\/portal\/2025\/09\/24\/ximena-barrientos-habla-sobre-las-oportunidades-con-china\/#article","isPartOf":{"@id":"https:\/\/www.eldiario.net\/portal\/2025\/09\/24\/ximena-barrientos-habla-sobre-las-oportunidades-con-china\/"},"author":{"name":"Jeanette","@id":"https:\/\/www.eldiario.net\/portal\/#\/schema\/person\/2c57cf2b7a7ae032e449e4c9b1019eac"},"headline":"Ximena Barrientos habla sobre las oportunidades con China","datePublished":"2025-09-24T04:48:15+00:00","dateModified":"2025-09-24T15:37:38+00:00","mainEntityOfPage":{"@id":"https:\/\/www.eldiario.net\/portal\/2025\/09\/24\/ximena-barrientos-habla-sobre-las-oportunidades-con-china\/"},"wordCount":1215,"publisher":{"@id":"https:\/\/www.eldiario.net\/portal\/#organization"},"image":{"@id":"https:\/\/www.eldiario.net\/portal\/2025\/09\/24\/ximena-barrientos-habla-sobre-las-oportunidades-con-china\/#primaryimage"},"thumbnailUrl":"https:\/\/www.eldiario.net\/portal\/wp-content\/uploads\/2025\/09\/NOTA-1-FOTO-2-3.webp","articleSection":["Femenina"],"inLanguage":"es"},{"@type":"WebPage","@id":"https:\/\/www.eldiario.net\/portal\/2025\/09\/24\/ximena-barrientos-habla-sobre-las-oportunidades-con-china\/","url":"https:\/\/www.eldiario.net\/portal\/2025\/09\/24\/ximena-barrientos-habla-sobre-las-oportunidades-con-china\/","name":"Ximena Barrientos habla sobre las oportunidades con China - El Diario - Bolivia","isPartOf":{"@id":"https:\/\/www.eldiario.net\/portal\/#website"},"primaryImageOfPage":{"@id":"https:\/\/www.eldiario.net\/portal\/2025\/09\/24\/ximena-barrientos-habla-sobre-las-oportunidades-con-china\/#primaryimage"},"image":{"@id":"https:\/\/www.eldiario.net\/portal\/2025\/09\/24\/ximena-barrientos-habla-sobre-las-oportunidades-con-china\/#primaryimage"},"thumbnailUrl":"https:\/\/www.eldiario.net\/portal\/wp-content\/uploads\/2025\/09\/NOTA-1-FOTO-2-3.webp","datePublished":"2025-09-24T04:48:15+00:00","dateModified":"2025-09-24T15:37:38+00:00","breadcrumb":{"@id":"https:\/\/www.eldiario.net\/portal\/2025\/09\/24\/ximena-barrientos-habla-sobre-las-oportunidades-con-china\/#breadcrumb"},"inLanguage":"es","potentialAction":[{"@type":"ReadAction","target":["https:\/\/www.eldiario.net\/portal\/2025\/09\/24\/ximena-barrientos-habla-sobre-las-oportunidades-con-china\/"]}]},{"@type":"ImageObject","inLanguage":"es","@id":"https:\/\/www.eldiario.net\/portal\/2025\/09\/24\/ximena-barrientos-habla-sobre-las-oportunidades-con-china\/#primaryimage","url":"https:\/\/www.eldiario.net\/portal\/wp-content\/uploads\/2025\/09\/NOTA-1-FOTO-2-3.webp","contentUrl":"https:\/\/www.eldiario.net\/portal\/wp-content\/uploads\/2025\/09\/NOTA-1-FOTO-2-3.webp","width":900,"height":601,"caption":"PARTE DE LOS EXPOSITORES: RICARDO S\u00c1NCHEZ DE LOZADA, MAR\u00cdA LOURDES BENAVIDES, PABLO BOZO, EMBAJADOR WANG LIANG, XIMENA BARRIENTOS E IV\u00c1N ALEJANDRO VALVERDE."},{"@type":"BreadcrumbList","@id":"https:\/\/www.eldiario.net\/portal\/2025\/09\/24\/ximena-barrientos-habla-sobre-las-oportunidades-con-china\/#breadcrumb","itemListElement":[{"@type":"ListItem","position":1,"name":"Portada","item":"https:\/\/www.eldiario.net\/portal\/"},{"@type":"ListItem","position":2,"name":"Ximena Barrientos habla sobre las oportunidades con China"}]},{"@type":"WebSite","@id":"https:\/\/www.eldiario.net\/portal\/#website","url":"https:\/\/www.eldiario.net\/portal\/","name":"El Diario - Decano de la prensa nacional","description":"El Diario - Decano de la prensa nacional","publisher":{"@id":"https:\/\/www.eldiario.net\/portal\/#organization"},"potentialAction":[{"@type":"SearchAction","target":{"@type":"EntryPoint","urlTemplate":"https:\/\/www.eldiario.net\/portal\/?s={search_term_string}"},"query-input":{"@type":"PropertyValueSpecification","valueRequired":true,"valueName":"search_term_string"}}],"inLanguage":"es"},{"@type":"Organization","@id":"https:\/\/www.eldiario.net\/portal\/#organization","name":"El Diario - Decano de la prensa nacional","url":"https:\/\/www.eldiario.net\/portal\/","logo":{"@type":"ImageObject","inLanguage":"es","@id":"https:\/\/www.eldiario.net\/portal\/#\/schema\/logo\/image\/","url":"https:\/\/www.eldiario.net\/portal\/wp-content\/uploads\/2023\/07\/logo_ED.jpg","contentUrl":"https:\/\/www.eldiario.net\/portal\/wp-content\/uploads\/2023\/07\/logo_ED.jpg","width":272,"height":52,"caption":"El Diario - Decano de la prensa nacional"},"image":{"@id":"https:\/\/www.eldiario.net\/portal\/#\/schema\/logo\/image\/"},"sameAs":["https:\/\/www.facebook.com\/eldiario.bolivia\/","https:\/\/x.com\/eldiario_net"]},{"@type":"Person","@id":"https:\/\/www.eldiario.net\/portal\/#\/schema\/person\/2c57cf2b7a7ae032e449e4c9b1019eac","name":"Jeanette","image":{"@type":"ImageObject","inLanguage":"es","@id":"https:\/\/secure.gravatar.com\/avatar\/3ea2118a5f7dad2b7138b1187a6b7ee55f160b9968b66013c3a3ef39dd7e5798?s=96&d=mm&r=g","url":"https:\/\/secure.gravatar.com\/avatar\/3ea2118a5f7dad2b7138b1187a6b7ee55f160b9968b66013c3a3ef39dd7e5798?s=96&d=mm&r=g","contentUrl":"https:\/\/secure.gravatar.com\/avatar\/3ea2118a5f7dad2b7138b1187a6b7ee55f160b9968b66013c3a3ef39dd7e5798?s=96&d=mm&r=g","caption":"Jeanette"},"sameAs":["https:\/\/www.eldiario.net\/portal"],"url":"https:\/\/www.eldiario.net\/portal\/author\/jeanette\/"}]}},"_links":{"self":[{"href":"https:\/\/www.eldiario.net\/portal\/wp-json\/wp\/v2\/posts\/333351","targetHints":{"allow":["GET"]}}],"collection":[{"href":"https:\/\/www.eldiario.net\/portal\/wp-json\/wp\/v2\/posts"}],"about":[{"href":"https:\/\/www.eldiario.net\/portal\/wp-json\/wp\/v2\/types\/post"}],"author":[{"embeddable":true,"href":"https:\/\/www.eldiario.net\/portal\/wp-json\/wp\/v2\/users\/1"}],"replies":[{"embeddable":true,"href":"https:\/\/www.eldiario.net\/portal\/wp-json\/wp\/v2\/comments?post=333351"}],"version-history":[{"count":3,"href":"https:\/\/www.eldiario.net\/portal\/wp-json\/wp\/v2\/posts\/333351\/revisions"}],"predecessor-version":[{"id":333569,"href":"https:\/\/www.eldiario.net\/portal\/wp-json\/wp\/v2\/posts\/333351\/revisions\/333569"}],"wp:featuredmedia":[{"embeddable":true,"href":"https:\/\/www.eldiario.net\/portal\/wp-json\/wp\/v2\/media\/333352"}],"wp:attachment":[{"href":"https:\/\/www.eldiario.net\/portal\/wp-json\/wp\/v2\/media?parent=333351"}],"wp:term":[{"taxonomy":"category","embeddable":true,"href":"https:\/\/www.eldiario.net\/portal\/wp-json\/wp\/v2\/categories?post=333351"},{"taxonomy":"post_tag","embeddable":true,"href":"https:\/\/www.eldiario.net\/portal\/wp-json\/wp\/v2\/tags?post=333351"}],"curies":[{"name":"wp","href":"https:\/\/api.w.org\/{rel}","templated":true}]}}