{"id":332936,"date":"2025-09-22T00:15:15","date_gmt":"2025-09-22T04:15:15","guid":{"rendered":"https:\/\/www.eldiario.net\/portal\/?p=332936"},"modified":"2025-09-21T20:24:53","modified_gmt":"2025-09-22T00:24:53","slug":"jenny-cardenas-en-concierto-el-amor-en-tiempos-de-primavera","status":"publish","type":"post","link":"https:\/\/www.eldiario.net\/portal\/2025\/09\/22\/jenny-cardenas-en-concierto-el-amor-en-tiempos-de-primavera\/","title":{"rendered":"Jenny C\u00e1rdenas en concierto: \u201cEl  amor en tiempos de primavera\u201d"},"content":{"rendered":"<p>La cantautora boliviana Jenny C\u00e1rdenas, la voz que celebra el amor y la vida, presentar\u00e1 el concierto \u201cEl amor en tiempos de primavera\u201d el jueves 25 de septiembre en el Espacio K\u00fau Inti. Este espect\u00e1culo promete ser una celebraci\u00f3n de la m\u00fasica latinoamericana, con un conjunto de canciones nuevas y tradicionales que exploran el tema del amor y la renovaci\u00f3n, seg\u00fan anuncia la nota de prensa del evento.<\/p>\n<p>Jenny C\u00e1rdenas es una artista con una destacada trayectoria en la m\u00fasica boliviana y latinoamericana. Ha sido invitada a cantar en Europa, Canad\u00e1 y Am\u00e9rica Latina, compartiendo escenario con destacadas figuras de la m\u00fasica a nivel mundial, como Silvio Rodr\u00edguez, Mercedes Sosa y \u00c1ngel Parra. Ha grabado 10 discos, destacando sus investigaciones sobre la m\u00fasica de la Guerra del Chaco y la Revoluci\u00f3n Nacional de 1952 en Bolivia.<\/p>\n<p><strong>UN CONCIERTO QUE CELEBRA EL AMOR Y LA PRIMAVERA<\/strong><\/p>\n<p>El concierto \u201cEl amor en tiempos de primavera\u201d ser\u00e1 una especial oportunidad para que Jenny C\u00e1rdenas comparta su visi\u00f3n sobre el amor y la vida a trav\u00e9s de la m\u00fasica. La cantautora ofrecer\u00e1 en esta ocasi\u00f3n un espect\u00e1culo emotivo y apasionado que fusiona la m\u00fasica tradicional boliviana con ritmos contempor\u00e1neos.<\/p>\n<p>El grupo que acompa\u00f1ar\u00e1 a C\u00e1rdenas en este concierto est\u00e1 conformado por experimentados y talentosos m\u00fasicos que han trabajado con algunos de los artistas m\u00e1s destacados de Bolivia.<\/p>\n<p>Nos referimos a Rodrigo G\u00f3mez en el piano, Luis Alarc\u00f3n en los vientos (flauta y saxo), Leo Miranda en el contrabajo, \u00c1lvaro Ib\u00e1\u00f1ez en el bandone\u00f3n y los hermanos Giovanni y Johnatan Encinas en la percusi\u00f3n. Los coros estar\u00e1n a cargo de Alejandra Wayar\u00a0 y Susy Arce.<\/p>\n<p>Con habilidad y pasi\u00f3n, ellos ayudar\u00e1n a crear un ambiente m\u00e1gico que har\u00e1 que el p\u00fablico se sienta transportado a un mundo de emociones y sentimientos.<\/p>\n<p><strong>UN CONCIERTO QUE NO TE PUEDES PERDER<\/strong><\/p>\n<p>\u201cSi eres un amante de la m\u00fasica latinoamericana, no te puedes perder el concierto de Jenny C\u00e1rdenas. Con su voz emotiva y su talento para fusionar ritmos tradicionales con sonidos contempor\u00e1neos, ella ofrecer\u00e1 un espect\u00e1culo inolvidable que te har\u00e1 sentir vivo y conectado con la m\u00fasica.<\/p>\n<p><strong>Detalles del Concierto<\/strong><\/p>\n<ul>\n<li>Fecha: Jueves 25 de septiembre<\/li>\n<li>Hora: 19:30<\/li>\n<li>Lugar: Espacio K\u00fau Inti (Calle 15 Calacoto, El Bosque Boulevard, zona sur de la ciudad)<\/li>\n<\/ul>\n<p>Esperamos verte el jueves 25 de septiembre en el Espacio K\u00fau Inti. \u00a1No te pierdas esta oportunidad de disfrutar de la m\u00fasica emotiva y apasionada de esta talentosa cantautora boliviana!\u201d, destaca la nota de prensa del concierto \u201cEl amor en tiempos de primavera\u201d.<\/p>\n<p>Las entradas las pueden adquirir en el link SuperTicket en el WhatsApp 77112345 y en los puntos de venta f\u00edsicos SUPERTICKET ESPACIO K\u00daU INTI<\/p>\n<p>El Bosque Boulevard, Calle 15 de Calacoto.<\/p>\n<p>https:\/\/maps.app.goo.gl\/h4BCNWnr8Npxp8H16<\/p>\n<p>Martes a Domingo de 11:00 a 14:30 y de 15:30 a 20:00<\/p>\n<p>SUPERTICKET CINEBOL<\/p>\n<p>El Alto, Ciudad Sat\u00e9lite, Av. Alfredo Sanjin\u00e9s 500<\/p>\n<p>https:\/\/goo.gl\/maps\/h7C3nen89xG1amYw9<\/p>\n<p>Martes a Domingo de 10:00 a 20:30<\/p>\n<p>SUPERTICKET CENTRO LA PAZ<\/p>\n<p>Plaza del Estudiante, Av. Villaz\u00f3n 1940 Piso 6 of. 601 C<\/p>\n<p>https:\/\/goo.gl\/maps\/guKYkhYbjj7D4A7H8<\/p>\n<p>Lunes a Viernes de 9:00 a 12:30 y 14:30 a 18:30<\/p>\n<p>S\u00e1bados de 9:00 a 12:30<\/p>\n<p>Para m\u00e1s informaci\u00f3n, llamar al n\u00famero de celular: 70543667.<\/p>\n<p><strong>UNA ARTISTA QUE TRANSCIENDE FRONTERAS<\/strong><\/p>\n<p>Jenny C\u00e1rdenas Villanueva naci\u00f3 en la ciudad de La Paz, Bolivia. Es cantautora, music\u00f3loga, guitarrista y soci\u00f3loga. Es una artista que ha trascendido fronteras y ha demostrado ser una verdadera embajadora de la m\u00fasica boliviana, conquistando el coraz\u00f3n de audiencias en todo el mundo.<\/p>\n<p>Ha recibido varios premios y reconocimientos por su trabajo art\u00edstico, incluyendo el premio Lira de Oro, el m\u00e1s alto reconocimiento que se otorga a m\u00fasicos en Bolivia. Tambi\u00e9n ha sido invitada por la Orquesta Sinf\u00f3nica Nacional de Bolivia en tres oportunidades para presentar m\u00fasica de su autor\u00eda.<\/p>\n<p><strong>Discograf\u00eda<\/strong><\/p>\n<p>Jenny C\u00e1rdenas ha grabado 10 discos, incluyendo:<\/p>\n<ul>\n<li>M\u00fasica Hist\u00f3rica de Bolivia. El Abrazo de Paz.<\/li>\n<li>Cambio de Estaci\u00f3n.<\/li>\n<li>Compositoras de Am\u00e9rica Latina.<\/li>\n<\/ul>\n\r\n                <style type=\"text\/css\">\r\n                    \r\n                    #tdi_1  .td-doubleSlider-2 .td-item1 {\r\n                        background: url(https:\/\/www.eldiario.net\/portal\/wp-content\/uploads\/2025\/09\/5-6-80x60.webp) 0 0 no-repeat;\r\n                    }\r\n                    #tdi_1  .td-doubleSlider-2 .td-item2 {\r\n                        background: url(https:\/\/www.eldiario.net\/portal\/wp-content\/uploads\/2025\/09\/1-PRINCIPAL-10-80x60.webp) 0 0 no-repeat;\r\n                    }\r\n                    #tdi_1  .td-doubleSlider-2 .td-item3 {\r\n                        background: url(https:\/\/www.eldiario.net\/portal\/wp-content\/uploads\/2025\/09\/2-1-3-80x60.webp) 0 0 no-repeat;\r\n                    }\r\n                    #tdi_1  .td-doubleSlider-2 .td-item4 {\r\n                        background: url(https:\/\/www.eldiario.net\/portal\/wp-content\/uploads\/2025\/09\/3-5-80x60.webp) 0 0 no-repeat;\r\n                    }\r\n                    #tdi_1  .td-doubleSlider-2 .td-item5 {\r\n                        background: url(https:\/\/www.eldiario.net\/portal\/wp-content\/uploads\/2025\/09\/4-6-80x60.webp) 0 0 no-repeat;\r\n                    }\r\n                <\/style>\r\n\r\n                <div id=\"tdi_1\" class=\"td-gallery td-slide-on-2-columns\">\r\n                    <div class=\"post_td_gallery\">\r\n                        <div class=\"td-gallery-slide-top\">\r\n                           <div class=\"td-gallery-title\"><\/div>\r\n\r\n                            <div class=\"td-gallery-controls-wrapper\">\r\n                                <div class=\"td-gallery-slide-count\"><span class=\"td-gallery-slide-item-focus\">1<\/span> de 5<\/div>\r\n                                <div class=\"td-gallery-slide-prev-next-but\">\r\n                                    <i class = \"td-icon-left doubleSliderPrevButton\"><\/i>\r\n                                    <i class = \"td-icon-right doubleSliderNextButton\"><\/i>\r\n                                <\/div>\r\n                            <\/div>\r\n                        <\/div>\r\n\r\n                        <div class = \"td-doubleSlider-1 \">\r\n                            <div class = \"td-slider\">\r\n                                \r\n                    <div class = \"td-slide-item td-item1\">\r\n                        <figure class=\"td-slide-galery-figure td-slide-popup-gallery\">\r\n                            <a class=\"slide-gallery-image-link\" href=\"https:\/\/www.eldiario.net\/portal\/wp-content\/uploads\/2025\/09\/5-6.webp\" title=\"5\"  data-caption=\"\"  data-description=\"\">\r\n                                <img decoding=\"async\" src=\"https:\/\/www.eldiario.net\/portal\/wp-content\/uploads\/2025\/09\/5-6-420x420.webp\" srcset=\"https:\/\/www.eldiario.net\/portal\/wp-content\/uploads\/2025\/09\/5-6-420x420.webp 420w, https:\/\/www.eldiario.net\/portal\/wp-content\/uploads\/2025\/09\/5-6-300x300.webp 300w, https:\/\/www.eldiario.net\/portal\/wp-content\/uploads\/2025\/09\/5-6-150x150.webp 150w, https:\/\/www.eldiario.net\/portal\/wp-content\/uploads\/2025\/09\/5-6-768x768.webp 768w, https:\/\/www.eldiario.net\/portal\/wp-content\/uploads\/2025\/09\/5-6-696x696.webp 696w, https:\/\/www.eldiario.net\/portal\/wp-content\/uploads\/2025\/09\/5-6.webp 938w\" sizes=\"(max-width: 420px) 100vw, 420px\" alt=\"\">\r\n                            <\/a>\r\n                            \r\n                        <\/figure>\r\n                    <\/div>\r\n                    <div class = \"td-slide-item td-item2\">\r\n                        <figure class=\"td-slide-galery-figure td-slide-popup-gallery\">\r\n                            <a class=\"slide-gallery-image-link\" href=\"https:\/\/www.eldiario.net\/portal\/wp-content\/uploads\/2025\/09\/1-PRINCIPAL-10.webp\" title=\"1-PRINCIPAL\"  data-caption=\"\"  data-description=\"\">\r\n                                <img decoding=\"async\" src=\"https:\/\/www.eldiario.net\/portal\/wp-content\/uploads\/2025\/09\/1-PRINCIPAL-10-630x420.webp\" srcset=\"https:\/\/www.eldiario.net\/portal\/wp-content\/uploads\/2025\/09\/1-PRINCIPAL-10-630x420.webp 630w, https:\/\/www.eldiario.net\/portal\/wp-content\/uploads\/2025\/09\/1-PRINCIPAL-10-300x200.webp 300w, https:\/\/www.eldiario.net\/portal\/wp-content\/uploads\/2025\/09\/1-PRINCIPAL-10-1024x682.webp 1024w, https:\/\/www.eldiario.net\/portal\/wp-content\/uploads\/2025\/09\/1-PRINCIPAL-10-768x512.webp 768w, https:\/\/www.eldiario.net\/portal\/wp-content\/uploads\/2025\/09\/1-PRINCIPAL-10-150x100.webp 150w, https:\/\/www.eldiario.net\/portal\/wp-content\/uploads\/2025\/09\/1-PRINCIPAL-10-696x464.webp 696w, https:\/\/www.eldiario.net\/portal\/wp-content\/uploads\/2025\/09\/1-PRINCIPAL-10-1068x712.webp 1068w, https:\/\/www.eldiario.net\/portal\/wp-content\/uploads\/2025\/09\/1-PRINCIPAL-10.webp 1418w\" sizes=\"(max-width: 630px) 100vw, 630px\" alt=\"\">\r\n                            <\/a>\r\n                            \r\n                        <\/figure>\r\n                    <\/div>\r\n                    <div class = \"td-slide-item td-item3\">\r\n                        <figure class=\"td-slide-galery-figure td-slide-popup-gallery\">\r\n                            <a class=\"slide-gallery-image-link\" href=\"https:\/\/www.eldiario.net\/portal\/wp-content\/uploads\/2025\/09\/2-1-3.webp\" title=\"2-\"  data-caption=\"\"  data-description=\"\">\r\n                                <img decoding=\"async\" src=\"https:\/\/www.eldiario.net\/portal\/wp-content\/uploads\/2025\/09\/2-1-3-630x420.webp\" srcset=\"https:\/\/www.eldiario.net\/portal\/wp-content\/uploads\/2025\/09\/2-1-3-630x420.webp 630w, https:\/\/www.eldiario.net\/portal\/wp-content\/uploads\/2025\/09\/2-1-3-300x200.webp 300w, https:\/\/www.eldiario.net\/portal\/wp-content\/uploads\/2025\/09\/2-1-3-1024x683.webp 1024w, https:\/\/www.eldiario.net\/portal\/wp-content\/uploads\/2025\/09\/2-1-3-768x512.webp 768w, https:\/\/www.eldiario.net\/portal\/wp-content\/uploads\/2025\/09\/2-1-3-150x100.webp 150w, https:\/\/www.eldiario.net\/portal\/wp-content\/uploads\/2025\/09\/2-1-3-696x464.webp 696w, https:\/\/www.eldiario.net\/portal\/wp-content\/uploads\/2025\/09\/2-1-3-1068x712.webp 1068w, https:\/\/www.eldiario.net\/portal\/wp-content\/uploads\/2025\/09\/2-1-3.webp 1200w\" sizes=\"(max-width: 630px) 100vw, 630px\" alt=\"\">\r\n                            <\/a>\r\n                            \r\n                        <\/figure>\r\n                    <\/div>\r\n                    <div class = \"td-slide-item td-item4\">\r\n                        <figure class=\"td-slide-galery-figure td-slide-popup-gallery\">\r\n                            <a class=\"slide-gallery-image-link\" href=\"https:\/\/www.eldiario.net\/portal\/wp-content\/uploads\/2025\/09\/3-5.webp\" title=\"3\"  data-caption=\"\"  data-description=\"\">\r\n                                <img decoding=\"async\" src=\"https:\/\/www.eldiario.net\/portal\/wp-content\/uploads\/2025\/09\/3-5-420x420.webp\" srcset=\"https:\/\/www.eldiario.net\/portal\/wp-content\/uploads\/2025\/09\/3-5-420x420.webp 420w, https:\/\/www.eldiario.net\/portal\/wp-content\/uploads\/2025\/09\/3-5-300x300.webp 300w, https:\/\/www.eldiario.net\/portal\/wp-content\/uploads\/2025\/09\/3-5-1024x1024.webp 1024w, https:\/\/www.eldiario.net\/portal\/wp-content\/uploads\/2025\/09\/3-5-150x150.webp 150w, https:\/\/www.eldiario.net\/portal\/wp-content\/uploads\/2025\/09\/3-5-768x768.webp 768w, https:\/\/www.eldiario.net\/portal\/wp-content\/uploads\/2025\/09\/3-5-696x696.webp 696w, https:\/\/www.eldiario.net\/portal\/wp-content\/uploads\/2025\/09\/3-5-1068x1068.webp 1068w, https:\/\/www.eldiario.net\/portal\/wp-content\/uploads\/2025\/09\/3-5.webp 1092w\" sizes=\"(max-width: 420px) 100vw, 420px\" alt=\"\">\r\n                            <\/a>\r\n                            \r\n                        <\/figure>\r\n                    <\/div>\r\n                    <div class = \"td-slide-item td-item5\">\r\n                        <figure class=\"td-slide-galery-figure td-slide-popup-gallery\">\r\n                            <a class=\"slide-gallery-image-link\" href=\"https:\/\/www.eldiario.net\/portal\/wp-content\/uploads\/2025\/09\/4-6.webp\" title=\"4\"  data-caption=\"\"  data-description=\"\">\r\n                                <img decoding=\"async\" src=\"https:\/\/www.eldiario.net\/portal\/wp-content\/uploads\/2025\/09\/4-6-420x420.webp\" srcset=\"https:\/\/www.eldiario.net\/portal\/wp-content\/uploads\/2025\/09\/4-6-420x420.webp 420w, https:\/\/www.eldiario.net\/portal\/wp-content\/uploads\/2025\/09\/4-6-300x300.webp 300w, https:\/\/www.eldiario.net\/portal\/wp-content\/uploads\/2025\/09\/4-6-150x150.webp 150w, https:\/\/www.eldiario.net\/portal\/wp-content\/uploads\/2025\/09\/4-6-768x767.webp 768w, https:\/\/www.eldiario.net\/portal\/wp-content\/uploads\/2025\/09\/4-6-696x695.webp 696w, https:\/\/www.eldiario.net\/portal\/wp-content\/uploads\/2025\/09\/4-6.webp 863w\" sizes=\"(max-width: 420px) 100vw, 420px\" alt=\"\">\r\n                            <\/a>\r\n                            \r\n                        <\/figure>\r\n                    <\/div>\r\n                            <\/div>\r\n                        <\/div>\r\n\r\n                        <div class = \"td-doubleSlider-2\">\r\n                            <div class = \"td-slider\">\r\n                                \r\n                    <div class = \"td-button td-item1\">\r\n                        <div class = \"td-border\"><\/div>\r\n                    <\/div>\r\n                    <div class = \"td-button td-item2\">\r\n                        <div class = \"td-border\"><\/div>\r\n                    <\/div>\r\n                    <div class = \"td-button td-item3\">\r\n                        <div class = \"td-border\"><\/div>\r\n                    <\/div>\r\n                    <div class = \"td-button td-item4\">\r\n                        <div class = \"td-border\"><\/div>\r\n                    <\/div>\r\n                    <div class = \"td-button td-item5\">\r\n                        <div class = \"td-border\"><\/div>\r\n                    <\/div>\r\n                            <\/div>\r\n                        <\/div>\r\n\r\n                    <\/div>\r\n\r\n                <\/div>\r\n                \n","protected":false},"excerpt":{"rendered":"<p>La cantautora boliviana Jenny C\u00e1rdenas, la voz que celebra el amor y la vida, presentar\u00e1 el concierto \u201cEl amor en tiempos de primavera\u201d el jueves 25 de septiembre en el Espacio K\u00fau Inti. Este espect\u00e1culo promete ser una celebraci\u00f3n de la m\u00fasica latinoamericana, con un conjunto de canciones nuevas y tradicionales que exploran el tema [&hellip;]<\/p>\n","protected":false},"author":1,"featured_media":332938,"comment_status":"closed","ping_status":"open","sticky":false,"template":"","format":"standard","meta":{"_acf_changed":false,"footnotes":""},"categories":[41],"tags":[],"class_list":["post-332936","post","type-post","status-publish","format-standard","has-post-thumbnail","category-la-guia"],"acf":{"antetitulo":""},"yoast_head":"<!-- This site is optimized with the Yoast SEO plugin v28.4 - https:\/\/yoast.com\/product\/yoast-seo-wordpress\/ -->\n<title>Jenny C\u00e1rdenas en concierto: \u201cEl amor en tiempos de primavera\u201d - El Diario - Bolivia<\/title>\n<meta name=\"robots\" content=\"index, follow, max-snippet:-1, max-image-preview:large, max-video-preview:-1\" \/>\n<link rel=\"canonical\" href=\"https:\/\/www.eldiario.net\/portal\/2025\/09\/22\/jenny-cardenas-en-concierto-el-amor-en-tiempos-de-primavera\/\" \/>\n<meta property=\"og:locale\" content=\"es_ES\" \/>\n<meta property=\"og:type\" content=\"article\" \/>\n<meta property=\"og:title\" content=\"Jenny C\u00e1rdenas en concierto: \u201cEl amor en tiempos de primavera\u201d - El Diario - Bolivia\" \/>\n<meta property=\"og:description\" content=\"La cantautora boliviana Jenny C\u00e1rdenas, la voz que celebra el amor y la vida, presentar\u00e1 el concierto \u201cEl amor en tiempos de primavera\u201d el jueves 25 de septiembre en el Espacio K\u00fau Inti. Este espect\u00e1culo promete ser una celebraci\u00f3n de la m\u00fasica latinoamericana, con un conjunto de canciones nuevas y tradicionales que exploran el tema [&hellip;]\" \/>\n<meta property=\"og:url\" content=\"https:\/\/www.eldiario.net\/portal\/2025\/09\/22\/jenny-cardenas-en-concierto-el-amor-en-tiempos-de-primavera\/\" \/>\n<meta property=\"og:site_name\" content=\"El Diario - Bolivia\" \/>\n<meta property=\"article:publisher\" content=\"https:\/\/www.facebook.com\/eldiario.bolivia\/\" \/>\n<meta property=\"article:published_time\" content=\"2025-09-22T04:15:15+00:00\" \/>\n<meta property=\"og:image\" content=\"https:\/\/www.eldiario.net\/portal\/wp-content\/uploads\/2025\/09\/1-PRINCIPAL-10.webp\" \/>\n\t<meta property=\"og:image:width\" content=\"1418\" \/>\n\t<meta property=\"og:image:height\" content=\"945\" \/>\n\t<meta property=\"og:image:type\" content=\"image\/webp\" \/>\n<meta name=\"author\" content=\"Jeanette\" \/>\n<meta name=\"twitter:card\" content=\"summary_large_image\" \/>\n<meta name=\"twitter:creator\" content=\"@eldiario_net\" \/>\n<meta name=\"twitter:site\" content=\"@eldiario_net\" \/>\n<meta name=\"twitter:label1\" content=\"Escrito por\" \/>\n\t<meta name=\"twitter:data1\" content=\"Jeanette\" \/>\n\t<meta name=\"twitter:label2\" content=\"Tiempo de lectura\" \/>\n\t<meta name=\"twitter:data2\" content=\"4 minutos\" \/>\n<script type=\"application\/ld+json\" class=\"yoast-schema-graph\">{\"@context\":\"https:\\\/\\\/schema.org\",\"@graph\":[{\"@type\":\"Article\",\"@id\":\"https:\\\/\\\/www.eldiario.net\\\/portal\\\/2025\\\/09\\\/22\\\/jenny-cardenas-en-concierto-el-amor-en-tiempos-de-primavera\\\/#article\",\"isPartOf\":{\"@id\":\"https:\\\/\\\/www.eldiario.net\\\/portal\\\/2025\\\/09\\\/22\\\/jenny-cardenas-en-concierto-el-amor-en-tiempos-de-primavera\\\/\"},\"author\":{\"name\":\"Jeanette\",\"@id\":\"https:\\\/\\\/www.eldiario.net\\\/portal\\\/#\\\/schema\\\/person\\\/2c57cf2b7a7ae032e449e4c9b1019eac\"},\"headline\":\"Jenny C\u00e1rdenas en concierto: \u201cEl amor en tiempos de primavera\u201d\",\"datePublished\":\"2025-09-22T04:15:15+00:00\",\"mainEntityOfPage\":{\"@id\":\"https:\\\/\\\/www.eldiario.net\\\/portal\\\/2025\\\/09\\\/22\\\/jenny-cardenas-en-concierto-el-amor-en-tiempos-de-primavera\\\/\"},\"wordCount\":726,\"publisher\":{\"@id\":\"https:\\\/\\\/www.eldiario.net\\\/portal\\\/#organization\"},\"image\":{\"@id\":\"https:\\\/\\\/www.eldiario.net\\\/portal\\\/2025\\\/09\\\/22\\\/jenny-cardenas-en-concierto-el-amor-en-tiempos-de-primavera\\\/#primaryimage\"},\"thumbnailUrl\":\"https:\\\/\\\/www.eldiario.net\\\/portal\\\/wp-content\\\/uploads\\\/2025\\\/09\\\/1-PRINCIPAL-10.webp\",\"articleSection\":[\"La Gu\u00eda\"],\"inLanguage\":\"es\"},{\"@type\":\"WebPage\",\"@id\":\"https:\\\/\\\/www.eldiario.net\\\/portal\\\/2025\\\/09\\\/22\\\/jenny-cardenas-en-concierto-el-amor-en-tiempos-de-primavera\\\/\",\"url\":\"https:\\\/\\\/www.eldiario.net\\\/portal\\\/2025\\\/09\\\/22\\\/jenny-cardenas-en-concierto-el-amor-en-tiempos-de-primavera\\\/\",\"name\":\"Jenny C\u00e1rdenas en concierto: \u201cEl amor en tiempos de primavera\u201d - El Diario - Bolivia\",\"isPartOf\":{\"@id\":\"https:\\\/\\\/www.eldiario.net\\\/portal\\\/#website\"},\"primaryImageOfPage\":{\"@id\":\"https:\\\/\\\/www.eldiario.net\\\/portal\\\/2025\\\/09\\\/22\\\/jenny-cardenas-en-concierto-el-amor-en-tiempos-de-primavera\\\/#primaryimage\"},\"image\":{\"@id\":\"https:\\\/\\\/www.eldiario.net\\\/portal\\\/2025\\\/09\\\/22\\\/jenny-cardenas-en-concierto-el-amor-en-tiempos-de-primavera\\\/#primaryimage\"},\"thumbnailUrl\":\"https:\\\/\\\/www.eldiario.net\\\/portal\\\/wp-content\\\/uploads\\\/2025\\\/09\\\/1-PRINCIPAL-10.webp\",\"datePublished\":\"2025-09-22T04:15:15+00:00\",\"breadcrumb\":{\"@id\":\"https:\\\/\\\/www.eldiario.net\\\/portal\\\/2025\\\/09\\\/22\\\/jenny-cardenas-en-concierto-el-amor-en-tiempos-de-primavera\\\/#breadcrumb\"},\"inLanguage\":\"es\",\"potentialAction\":[{\"@type\":\"ReadAction\",\"target\":[\"https:\\\/\\\/www.eldiario.net\\\/portal\\\/2025\\\/09\\\/22\\\/jenny-cardenas-en-concierto-el-amor-en-tiempos-de-primavera\\\/\"]}]},{\"@type\":\"ImageObject\",\"inLanguage\":\"es\",\"@id\":\"https:\\\/\\\/www.eldiario.net\\\/portal\\\/2025\\\/09\\\/22\\\/jenny-cardenas-en-concierto-el-amor-en-tiempos-de-primavera\\\/#primaryimage\",\"url\":\"https:\\\/\\\/www.eldiario.net\\\/portal\\\/wp-content\\\/uploads\\\/2025\\\/09\\\/1-PRINCIPAL-10.webp\",\"contentUrl\":\"https:\\\/\\\/www.eldiario.net\\\/portal\\\/wp-content\\\/uploads\\\/2025\\\/09\\\/1-PRINCIPAL-10.webp\",\"width\":1418,\"height\":945},{\"@type\":\"BreadcrumbList\",\"@id\":\"https:\\\/\\\/www.eldiario.net\\\/portal\\\/2025\\\/09\\\/22\\\/jenny-cardenas-en-concierto-el-amor-en-tiempos-de-primavera\\\/#breadcrumb\",\"itemListElement\":[{\"@type\":\"ListItem\",\"position\":1,\"name\":\"Portada\",\"item\":\"https:\\\/\\\/www.eldiario.net\\\/portal\\\/\"},{\"@type\":\"ListItem\",\"position\":2,\"name\":\"Jenny C\u00e1rdenas en concierto: \u201cEl amor en tiempos de primavera\u201d\"}]},{\"@type\":\"WebSite\",\"@id\":\"https:\\\/\\\/www.eldiario.net\\\/portal\\\/#website\",\"url\":\"https:\\\/\\\/www.eldiario.net\\\/portal\\\/\",\"name\":\"El Diario - Decano de la prensa nacional\",\"description\":\"El Diario - Decano de la prensa nacional\",\"publisher\":{\"@id\":\"https:\\\/\\\/www.eldiario.net\\\/portal\\\/#organization\"},\"potentialAction\":[{\"@type\":\"SearchAction\",\"target\":{\"@type\":\"EntryPoint\",\"urlTemplate\":\"https:\\\/\\\/www.eldiario.net\\\/portal\\\/?s={search_term_string}\"},\"query-input\":{\"@type\":\"PropertyValueSpecification\",\"valueRequired\":true,\"valueName\":\"search_term_string\"}}],\"inLanguage\":\"es\"},{\"@type\":\"Organization\",\"@id\":\"https:\\\/\\\/www.eldiario.net\\\/portal\\\/#organization\",\"name\":\"El Diario - Decano de la prensa nacional\",\"url\":\"https:\\\/\\\/www.eldiario.net\\\/portal\\\/\",\"logo\":{\"@type\":\"ImageObject\",\"inLanguage\":\"es\",\"@id\":\"https:\\\/\\\/www.eldiario.net\\\/portal\\\/#\\\/schema\\\/logo\\\/image\\\/\",\"url\":\"https:\\\/\\\/www.eldiario.net\\\/portal\\\/wp-content\\\/uploads\\\/2023\\\/07\\\/logo_ED.jpg\",\"contentUrl\":\"https:\\\/\\\/www.eldiario.net\\\/portal\\\/wp-content\\\/uploads\\\/2023\\\/07\\\/logo_ED.jpg\",\"width\":272,\"height\":52,\"caption\":\"El Diario - Decano de la prensa nacional\"},\"image\":{\"@id\":\"https:\\\/\\\/www.eldiario.net\\\/portal\\\/#\\\/schema\\\/logo\\\/image\\\/\"},\"sameAs\":[\"https:\\\/\\\/www.facebook.com\\\/eldiario.bolivia\\\/\",\"https:\\\/\\\/x.com\\\/eldiario_net\"]},{\"@type\":\"Person\",\"@id\":\"https:\\\/\\\/www.eldiario.net\\\/portal\\\/#\\\/schema\\\/person\\\/2c57cf2b7a7ae032e449e4c9b1019eac\",\"name\":\"Jeanette\",\"image\":{\"@type\":\"ImageObject\",\"inLanguage\":\"es\",\"@id\":\"https:\\\/\\\/secure.gravatar.com\\\/avatar\\\/3ea2118a5f7dad2b7138b1187a6b7ee55f160b9968b66013c3a3ef39dd7e5798?s=96&d=mm&r=g\",\"url\":\"https:\\\/\\\/secure.gravatar.com\\\/avatar\\\/3ea2118a5f7dad2b7138b1187a6b7ee55f160b9968b66013c3a3ef39dd7e5798?s=96&d=mm&r=g\",\"contentUrl\":\"https:\\\/\\\/secure.gravatar.com\\\/avatar\\\/3ea2118a5f7dad2b7138b1187a6b7ee55f160b9968b66013c3a3ef39dd7e5798?s=96&d=mm&r=g\",\"caption\":\"Jeanette\"},\"sameAs\":[\"https:\\\/\\\/www.eldiario.net\\\/portal\"],\"url\":\"https:\\\/\\\/www.eldiario.net\\\/portal\\\/author\\\/jeanette\\\/\"}]}<\/script>\n<!-- \/ Yoast SEO plugin. -->","yoast_head_json":{"title":"Jenny C\u00e1rdenas en concierto: \u201cEl amor en tiempos de primavera\u201d - El Diario - Bolivia","robots":{"index":"index","follow":"follow","max-snippet":"max-snippet:-1","max-image-preview":"max-image-preview:large","max-video-preview":"max-video-preview:-1"},"canonical":"https:\/\/www.eldiario.net\/portal\/2025\/09\/22\/jenny-cardenas-en-concierto-el-amor-en-tiempos-de-primavera\/","og_locale":"es_ES","og_type":"article","og_title":"Jenny C\u00e1rdenas en concierto: \u201cEl amor en tiempos de primavera\u201d - El Diario - Bolivia","og_description":"La cantautora boliviana Jenny C\u00e1rdenas, la voz que celebra el amor y la vida, presentar\u00e1 el concierto \u201cEl amor en tiempos de primavera\u201d el jueves 25 de septiembre en el Espacio K\u00fau Inti. Este espect\u00e1culo promete ser una celebraci\u00f3n de la m\u00fasica latinoamericana, con un conjunto de canciones nuevas y tradicionales que exploran el tema [&hellip;]","og_url":"https:\/\/www.eldiario.net\/portal\/2025\/09\/22\/jenny-cardenas-en-concierto-el-amor-en-tiempos-de-primavera\/","og_site_name":"El Diario - Bolivia","article_publisher":"https:\/\/www.facebook.com\/eldiario.bolivia\/","article_published_time":"2025-09-22T04:15:15+00:00","og_image":[{"width":1418,"height":945,"url":"https:\/\/www.eldiario.net\/portal\/wp-content\/uploads\/2025\/09\/1-PRINCIPAL-10.webp","type":"image\/webp"}],"author":"Jeanette","twitter_card":"summary_large_image","twitter_creator":"@eldiario_net","twitter_site":"@eldiario_net","twitter_misc":{"Escrito por":"Jeanette","Tiempo de lectura":"4 minutos"},"schema":{"@context":"https:\/\/schema.org","@graph":[{"@type":"Article","@id":"https:\/\/www.eldiario.net\/portal\/2025\/09\/22\/jenny-cardenas-en-concierto-el-amor-en-tiempos-de-primavera\/#article","isPartOf":{"@id":"https:\/\/www.eldiario.net\/portal\/2025\/09\/22\/jenny-cardenas-en-concierto-el-amor-en-tiempos-de-primavera\/"},"author":{"name":"Jeanette","@id":"https:\/\/www.eldiario.net\/portal\/#\/schema\/person\/2c57cf2b7a7ae032e449e4c9b1019eac"},"headline":"Jenny C\u00e1rdenas en concierto: \u201cEl amor en tiempos de primavera\u201d","datePublished":"2025-09-22T04:15:15+00:00","mainEntityOfPage":{"@id":"https:\/\/www.eldiario.net\/portal\/2025\/09\/22\/jenny-cardenas-en-concierto-el-amor-en-tiempos-de-primavera\/"},"wordCount":726,"publisher":{"@id":"https:\/\/www.eldiario.net\/portal\/#organization"},"image":{"@id":"https:\/\/www.eldiario.net\/portal\/2025\/09\/22\/jenny-cardenas-en-concierto-el-amor-en-tiempos-de-primavera\/#primaryimage"},"thumbnailUrl":"https:\/\/www.eldiario.net\/portal\/wp-content\/uploads\/2025\/09\/1-PRINCIPAL-10.webp","articleSection":["La Gu\u00eda"],"inLanguage":"es"},{"@type":"WebPage","@id":"https:\/\/www.eldiario.net\/portal\/2025\/09\/22\/jenny-cardenas-en-concierto-el-amor-en-tiempos-de-primavera\/","url":"https:\/\/www.eldiario.net\/portal\/2025\/09\/22\/jenny-cardenas-en-concierto-el-amor-en-tiempos-de-primavera\/","name":"Jenny C\u00e1rdenas en concierto: \u201cEl amor en tiempos de primavera\u201d - El Diario - Bolivia","isPartOf":{"@id":"https:\/\/www.eldiario.net\/portal\/#website"},"primaryImageOfPage":{"@id":"https:\/\/www.eldiario.net\/portal\/2025\/09\/22\/jenny-cardenas-en-concierto-el-amor-en-tiempos-de-primavera\/#primaryimage"},"image":{"@id":"https:\/\/www.eldiario.net\/portal\/2025\/09\/22\/jenny-cardenas-en-concierto-el-amor-en-tiempos-de-primavera\/#primaryimage"},"thumbnailUrl":"https:\/\/www.eldiario.net\/portal\/wp-content\/uploads\/2025\/09\/1-PRINCIPAL-10.webp","datePublished":"2025-09-22T04:15:15+00:00","breadcrumb":{"@id":"https:\/\/www.eldiario.net\/portal\/2025\/09\/22\/jenny-cardenas-en-concierto-el-amor-en-tiempos-de-primavera\/#breadcrumb"},"inLanguage":"es","potentialAction":[{"@type":"ReadAction","target":["https:\/\/www.eldiario.net\/portal\/2025\/09\/22\/jenny-cardenas-en-concierto-el-amor-en-tiempos-de-primavera\/"]}]},{"@type":"ImageObject","inLanguage":"es","@id":"https:\/\/www.eldiario.net\/portal\/2025\/09\/22\/jenny-cardenas-en-concierto-el-amor-en-tiempos-de-primavera\/#primaryimage","url":"https:\/\/www.eldiario.net\/portal\/wp-content\/uploads\/2025\/09\/1-PRINCIPAL-10.webp","contentUrl":"https:\/\/www.eldiario.net\/portal\/wp-content\/uploads\/2025\/09\/1-PRINCIPAL-10.webp","width":1418,"height":945},{"@type":"BreadcrumbList","@id":"https:\/\/www.eldiario.net\/portal\/2025\/09\/22\/jenny-cardenas-en-concierto-el-amor-en-tiempos-de-primavera\/#breadcrumb","itemListElement":[{"@type":"ListItem","position":1,"name":"Portada","item":"https:\/\/www.eldiario.net\/portal\/"},{"@type":"ListItem","position":2,"name":"Jenny C\u00e1rdenas en concierto: \u201cEl amor en tiempos de primavera\u201d"}]},{"@type":"WebSite","@id":"https:\/\/www.eldiario.net\/portal\/#website","url":"https:\/\/www.eldiario.net\/portal\/","name":"El Diario - Decano de la prensa nacional","description":"El Diario - Decano de la prensa nacional","publisher":{"@id":"https:\/\/www.eldiario.net\/portal\/#organization"},"potentialAction":[{"@type":"SearchAction","target":{"@type":"EntryPoint","urlTemplate":"https:\/\/www.eldiario.net\/portal\/?s={search_term_string}"},"query-input":{"@type":"PropertyValueSpecification","valueRequired":true,"valueName":"search_term_string"}}],"inLanguage":"es"},{"@type":"Organization","@id":"https:\/\/www.eldiario.net\/portal\/#organization","name":"El Diario - Decano de la prensa nacional","url":"https:\/\/www.eldiario.net\/portal\/","logo":{"@type":"ImageObject","inLanguage":"es","@id":"https:\/\/www.eldiario.net\/portal\/#\/schema\/logo\/image\/","url":"https:\/\/www.eldiario.net\/portal\/wp-content\/uploads\/2023\/07\/logo_ED.jpg","contentUrl":"https:\/\/www.eldiario.net\/portal\/wp-content\/uploads\/2023\/07\/logo_ED.jpg","width":272,"height":52,"caption":"El Diario - Decano de la prensa nacional"},"image":{"@id":"https:\/\/www.eldiario.net\/portal\/#\/schema\/logo\/image\/"},"sameAs":["https:\/\/www.facebook.com\/eldiario.bolivia\/","https:\/\/x.com\/eldiario_net"]},{"@type":"Person","@id":"https:\/\/www.eldiario.net\/portal\/#\/schema\/person\/2c57cf2b7a7ae032e449e4c9b1019eac","name":"Jeanette","image":{"@type":"ImageObject","inLanguage":"es","@id":"https:\/\/secure.gravatar.com\/avatar\/3ea2118a5f7dad2b7138b1187a6b7ee55f160b9968b66013c3a3ef39dd7e5798?s=96&d=mm&r=g","url":"https:\/\/secure.gravatar.com\/avatar\/3ea2118a5f7dad2b7138b1187a6b7ee55f160b9968b66013c3a3ef39dd7e5798?s=96&d=mm&r=g","contentUrl":"https:\/\/secure.gravatar.com\/avatar\/3ea2118a5f7dad2b7138b1187a6b7ee55f160b9968b66013c3a3ef39dd7e5798?s=96&d=mm&r=g","caption":"Jeanette"},"sameAs":["https:\/\/www.eldiario.net\/portal"],"url":"https:\/\/www.eldiario.net\/portal\/author\/jeanette\/"}]}},"_links":{"self":[{"href":"https:\/\/www.eldiario.net\/portal\/wp-json\/wp\/v2\/posts\/332936","targetHints":{"allow":["GET"]}}],"collection":[{"href":"https:\/\/www.eldiario.net\/portal\/wp-json\/wp\/v2\/posts"}],"about":[{"href":"https:\/\/www.eldiario.net\/portal\/wp-json\/wp\/v2\/types\/post"}],"author":[{"embeddable":true,"href":"https:\/\/www.eldiario.net\/portal\/wp-json\/wp\/v2\/users\/1"}],"replies":[{"embeddable":true,"href":"https:\/\/www.eldiario.net\/portal\/wp-json\/wp\/v2\/comments?post=332936"}],"version-history":[{"count":1,"href":"https:\/\/www.eldiario.net\/portal\/wp-json\/wp\/v2\/posts\/332936\/revisions"}],"predecessor-version":[{"id":332942,"href":"https:\/\/www.eldiario.net\/portal\/wp-json\/wp\/v2\/posts\/332936\/revisions\/332942"}],"wp:featuredmedia":[{"embeddable":true,"href":"https:\/\/www.eldiario.net\/portal\/wp-json\/wp\/v2\/media\/332938"}],"wp:attachment":[{"href":"https:\/\/www.eldiario.net\/portal\/wp-json\/wp\/v2\/media?parent=332936"}],"wp:term":[{"taxonomy":"category","embeddable":true,"href":"https:\/\/www.eldiario.net\/portal\/wp-json\/wp\/v2\/categories?post=332936"},{"taxonomy":"post_tag","embeddable":true,"href":"https:\/\/www.eldiario.net\/portal\/wp-json\/wp\/v2\/tags?post=332936"}],"curies":[{"name":"wp","href":"https:\/\/api.w.org\/{rel}","templated":true}]}}