{"id":332611,"date":"2025-09-20T07:41:08","date_gmt":"2025-09-20T11:41:08","guid":{"rendered":"https:\/\/www.eldiario.net\/portal\/?p=332611"},"modified":"2025-09-20T07:41:08","modified_gmt":"2025-09-20T11:41:08","slug":"la-hija-condor-fue-bien-recibida-en-el-festival-de-cine-de-toronto","status":"publish","type":"post","link":"https:\/\/www.eldiario.net\/portal\/2025\/09\/20\/la-hija-condor-fue-bien-recibida-en-el-festival-de-cine-de-toronto\/","title":{"rendered":"La Hija C\u00f3ndor fue bien recibida en el Festival de Cine de Toronto"},"content":{"rendered":"<p>La noche del martes 9 de septiembre, el cine boliviano alcanz\u00f3 un nuevo hito con el estreno mundial de <em>La Hija C\u00f3ndor<\/em> en el Festival Internacional de Cine de Toronto (TIFF, por sus siglas en ingl\u00e9s), uno de los encuentros cinematogr\u00e1ficos m\u00e1s influyentes en la actualidad.<\/p>\n<p>Dirigida por el cochabambino \u00c1lvaro Olmos Torrico, <em>La Hija C\u00f3ndor<\/em> se convirti\u00f3 en la primera pel\u00edcula nacional de ficci\u00f3n en ser presentada en este prestigioso escenario, donde fue muy bien recibida.<\/p>\n<p>Tras su paso por la 50\u00aa edici\u00f3n del Festival de Toronto, la coproducci\u00f3n entre Bolivia, Per\u00fa y Uruguay continuar\u00e1 su recorrido por diversos festivales internacionales, antes de llegar a las pantallas bolivianas el pr\u00f3ximo a\u00f1o.<\/p>\n<p>\u00abEl estreno mundial en Toronto significa mucho, porque es uno de los festivales m\u00e1s importantes del mundo junto con Cannes, Berl\u00edn y Venecia. Entonces, estar ac\u00e1 es incre\u00edble, porque tampoco es muy habitual para el cine boliviano. Nunca una ficci\u00f3n hecha en Bolivia se ha estrenado en este festival y son pocas las pel\u00edculas bolivianas que han estado en festivales de esta envergadura. As\u00ed que para nosotros es un motivo de orgullo, de alegr\u00eda y tambi\u00e9n de satisfacci\u00f3n. Sobre todo por el cine latinoamericano que estamos viniendo a representar\u201d, dijo Olmos desde la sede del festival.<\/p>\n<p>La cinta tiene como productores a Cecilia Sueiro, Diego Sarmiento, Rodrigo Moreira e Iris Ocampo, adem\u00e1s del productor ejecutivo Aniceto Arroyo; y cuenta con la participaci\u00f3n de las actrices Mar\u00eda Magdalena Sanizo y Marisol Vallejo, como protagonistas, y Nely Huayta, Alisson Jim\u00e9nez y Gregoria Maldonado.<\/p>\n<p><em>La Hija C\u00f3ndor<\/em> sigue la historia de una joven partera quechua que les canta a las mujeres embarazadas y les calma el dolor a trav\u00e9s de su canto. Su madre, una partera veterana, entiende este don como un milagro otorgado por los dioses. Influenciada por su mejor amiga, y despu\u00e9s de conocer de cerca a un grupo de artistas musicales de la ciudad, la joven decide marcharse para intentar ser cantante.<\/p>\n<p>\u201cHa sido sorprendente la reacci\u00f3n del p\u00fablico, tambi\u00e9n la cr\u00edtica. Hay comentarios muy alentadores y est\u00e1n, sobre todo, muy sorprendidos con el trabajo de fotograf\u00eda y del lenguaje audiovisual. La pel\u00edcula ha sido muy bien recibida, mejor de lo que esper\u00e1bamos\u201d, agreg\u00f3 el director respecto a que el reciente estreno es un medidor de c\u00f3mo se vivir\u00e1n otras proyecciones. \u201cNos confirma que tenemos una pel\u00edcula a la altura de este festival, a la altura de grandes cines, grandes teatros y p\u00fablicos muy exigentes. As\u00ed que estamos muy contentos por ese lado\u201d, sostuvo.<\/p>\n<p>El filme fue seleccionado para la secci\u00f3n Centrepiece (la muestra central de cine internacional) del prestigioso festival internacional. Ser parte de esta secci\u00f3n implica entrar en el radar de la cr\u00edtica internacional, distribuidores y plataformas, abriendo una puerta clave para la circulaci\u00f3n global de la obra.<\/p>\n<p>\u201cYo sab\u00eda que ten\u00eda un buen producto y que iba a tener un buen recibimiento, pero las reacciones que est\u00e1 generando a nivel de circuito de festivales, del\u00a0 circuito de distribuci\u00f3n, es mucho mayor del que me esperaba. Por tanto, ya mis expectativas han sido superadas y todo lo nuevo que aparezca con la pel\u00edcula es para m\u00ed tambi\u00e9n algo novedoso en mi carrera y voy aprendiendo de una nueva forma de entender y promover una pel\u00edcula. Estoy m\u00e1s que satisfecho\u201d, destac\u00f3 Olmos.<\/p>\n<p>Luego de Toronto (con una premier que reuni\u00f3 a alrededor de 400 espectadores), <em>La Hija C\u00f3ndor<\/em> se presentar\u00e1 en el Festival Internacional de Cine de Vancouver (Canad\u00e1), el Festival de Cine Latinoamericano de Biarritz (Francia) y otros importantes eventos del s\u00e9ptimo arte que pronto har\u00e1n el anuncio oficial. El filme cuenta con el apoyo del programa nacional Sue\u00f1o Bicentenario, adem\u00e1s de Ibermedia y Visions Sud Est. Durante su desarrollo, fue premiada en las secciones Work in Progress de Ventana Sur y Cinelatino Toulouse, entre otros.<\/p>\n<p><strong>SINOPSIS DE LA PEL\u00cdCULA<\/strong><\/p>\n<p>Clara es una joven quechua de 19 a\u00f1os que vive en medio de monta\u00f1as de Los Andes junto a su anciana madre adoptiva Ana (70). Ana es la partera de las comunidades quechuas de la zona. Clara, por designio tradicional, pues un rayo cay\u00f3 sobre ella cuando era ni\u00f1a, es la heredera del conocimiento y aprendiz de partera, rol que est\u00e1 destinado para personas elegidas por los Achachilas (Ancestros). Despu\u00e9s de que Clara escapa del seno de Ana rumbo a la ciudad para ser cantante de huay\u00f1o cumbia, la comunidad empieza a sufrir la muerte misteriosa de animales y fracaso en sus cultivos, los cuales son atribuidos a la partida de Clara. Para recuperar la calma y equilibrio en la comunidad, Ana emprende un viaje a la ciudad para buscar a Clara y traerla de vuelta a las monta\u00f1as para que pueda cumplir con el destino de partera tradicional que le encargaron los ancestros, pero Clara se<\/p>\n<p>niega a retornar\u2026<\/p>\n<p><strong>EL DIRECTOR<\/strong><\/p>\n<p>\u00c1lvaro Olmos Torrico naci\u00f3 en Cochabamba, Bolivia. Su \u00f3pera prima fue \u2018Wi\u00f1ay\u2019 (2019) y ha producido tanto documentales como largometrajes de ficci\u00f3n, incluyendo \u2018Los de Abajo\u2019 de Alejandro Quiroga (Mar del Plata IFF, 2022) y \u2018The Visitor\u2019 de Mart\u00edn Boulocq (Tribeca, 2022). Es el fundador de BoliviaCine.com, la primera plataforma SVOD (video bajo demanda por suscripci\u00f3n) dedicada al cine boliviano. <em>La Hija C\u00f3ndor<\/em> es su segundo largometraje.<\/p>\n\r\n                <style type=\"text\/css\">\r\n                    \r\n                    #tdi_1  .td-doubleSlider-2 .td-item1 {\r\n                        background: url(https:\/\/www.eldiario.net\/portal\/wp-content\/uploads\/2025\/09\/2-7-80x60.webp) 0 0 no-repeat;\r\n                    }\r\n                    #tdi_1  .td-doubleSlider-2 .td-item2 {\r\n                        background: url(https:\/\/www.eldiario.net\/portal\/wp-content\/uploads\/2025\/09\/3-4-80x60.webp) 0 0 no-repeat;\r\n                    }\r\n                    #tdi_1  .td-doubleSlider-2 .td-item3 {\r\n                        background: url(https:\/\/www.eldiario.net\/portal\/wp-content\/uploads\/2025\/09\/4-4-80x60.webp) 0 0 no-repeat;\r\n                    }\r\n                    #tdi_1  .td-doubleSlider-2 .td-item4 {\r\n                        background: url(https:\/\/www.eldiario.net\/portal\/wp-content\/uploads\/2025\/09\/5-5-80x60.webp) 0 0 no-repeat;\r\n                    }\r\n                    #tdi_1  .td-doubleSlider-2 .td-item5 {\r\n                        background: url(https:\/\/www.eldiario.net\/portal\/wp-content\/uploads\/2025\/09\/6-1-80x60.webp) 0 0 no-repeat;\r\n                    }\r\n                    #tdi_1  .td-doubleSlider-2 .td-item6 {\r\n                        background: url(https:\/\/www.eldiario.net\/portal\/wp-content\/uploads\/2025\/09\/7-2-80x60.webp) 0 0 no-repeat;\r\n                    }\r\n                    #tdi_1  .td-doubleSlider-2 .td-item7 {\r\n                        background: url(https:\/\/www.eldiario.net\/portal\/wp-content\/uploads\/2025\/09\/1-PRINCIPAL-9-80x60.webp) 0 0 no-repeat;\r\n                    }\r\n                <\/style>\r\n\r\n                <div id=\"tdi_1\" class=\"td-gallery td-slide-on-2-columns\">\r\n                    <div class=\"post_td_gallery\">\r\n                        <div class=\"td-gallery-slide-top\">\r\n                           <div class=\"td-gallery-title\"><\/div>\r\n\r\n                            <div class=\"td-gallery-controls-wrapper\">\r\n                                <div class=\"td-gallery-slide-count\"><span class=\"td-gallery-slide-item-focus\">1<\/span> de 7<\/div>\r\n                                <div class=\"td-gallery-slide-prev-next-but\">\r\n                                    <i class = \"td-icon-left doubleSliderPrevButton\"><\/i>\r\n                                    <i class = \"td-icon-right doubleSliderNextButton\"><\/i>\r\n                                <\/div>\r\n                            <\/div>\r\n                        <\/div>\r\n\r\n                        <div class = \"td-doubleSlider-1 \">\r\n                            <div class = \"td-slider\">\r\n                                \r\n                    <div class = \"td-slide-item td-item1\">\r\n                        <figure class=\"td-slide-galery-figure td-slide-popup-gallery\">\r\n                            <a class=\"slide-gallery-image-link\" href=\"https:\/\/www.eldiario.net\/portal\/wp-content\/uploads\/2025\/09\/2-7.webp\" title=\"2\"  data-caption=\"\"  data-description=\"\">\r\n                                <img decoding=\"async\" src=\"https:\/\/www.eldiario.net\/portal\/wp-content\/uploads\/2025\/09\/2-7-315x420.webp\" srcset=\"https:\/\/www.eldiario.net\/portal\/wp-content\/uploads\/2025\/09\/2-7-315x420.webp 315w, https:\/\/www.eldiario.net\/portal\/wp-content\/uploads\/2025\/09\/2-7-225x300.webp 225w, https:\/\/www.eldiario.net\/portal\/wp-content\/uploads\/2025\/09\/2-7-768x1024.webp 768w, https:\/\/www.eldiario.net\/portal\/wp-content\/uploads\/2025\/09\/2-7-1152x1536.webp 1152w, https:\/\/www.eldiario.net\/portal\/wp-content\/uploads\/2025\/09\/2-7-150x200.webp 150w, https:\/\/www.eldiario.net\/portal\/wp-content\/uploads\/2025\/09\/2-7-300x400.webp 300w, https:\/\/www.eldiario.net\/portal\/wp-content\/uploads\/2025\/09\/2-7-696x928.webp 696w, https:\/\/www.eldiario.net\/portal\/wp-content\/uploads\/2025\/09\/2-7-1068x1424.webp 1068w, https:\/\/www.eldiario.net\/portal\/wp-content\/uploads\/2025\/09\/2-7.webp 1200w\" sizes=\"(max-width: 315px) 100vw, 315px\" alt=\"\">\r\n                            <\/a>\r\n                            \r\n                        <\/figure>\r\n                    <\/div>\r\n                    <div class = \"td-slide-item td-item2\">\r\n                        <figure class=\"td-slide-galery-figure td-slide-popup-gallery\">\r\n                            <a class=\"slide-gallery-image-link\" href=\"https:\/\/www.eldiario.net\/portal\/wp-content\/uploads\/2025\/09\/3-4.webp\" title=\"3\"  data-caption=\"\"  data-description=\"\">\r\n                                <img decoding=\"async\" src=\"https:\/\/www.eldiario.net\/portal\/wp-content\/uploads\/2025\/09\/3-4-560x420.webp\" srcset=\"https:\/\/www.eldiario.net\/portal\/wp-content\/uploads\/2025\/09\/3-4-560x420.webp 560w, https:\/\/www.eldiario.net\/portal\/wp-content\/uploads\/2025\/09\/3-4-300x225.webp 300w, https:\/\/www.eldiario.net\/portal\/wp-content\/uploads\/2025\/09\/3-4-1024x768.webp 1024w, https:\/\/www.eldiario.net\/portal\/wp-content\/uploads\/2025\/09\/3-4-768x576.webp 768w, https:\/\/www.eldiario.net\/portal\/wp-content\/uploads\/2025\/09\/3-4-80x60.webp 80w, https:\/\/www.eldiario.net\/portal\/wp-content\/uploads\/2025\/09\/3-4-150x113.webp 150w, https:\/\/www.eldiario.net\/portal\/wp-content\/uploads\/2025\/09\/3-4-696x522.webp 696w, https:\/\/www.eldiario.net\/portal\/wp-content\/uploads\/2025\/09\/3-4-1068x801.webp 1068w, https:\/\/www.eldiario.net\/portal\/wp-content\/uploads\/2025\/09\/3-4.webp 1280w\" sizes=\"(max-width: 560px) 100vw, 560px\" alt=\"\">\r\n                            <\/a>\r\n                            \r\n                        <\/figure>\r\n                    <\/div>\r\n                    <div class = \"td-slide-item td-item3\">\r\n                        <figure class=\"td-slide-galery-figure td-slide-popup-gallery\">\r\n                            <a class=\"slide-gallery-image-link\" href=\"https:\/\/www.eldiario.net\/portal\/wp-content\/uploads\/2025\/09\/4-4.webp\" title=\"4\"  data-caption=\"\"  data-description=\"\">\r\n                                <img decoding=\"async\" src=\"https:\/\/www.eldiario.net\/portal\/wp-content\/uploads\/2025\/09\/4-4-560x420.webp\" srcset=\"https:\/\/www.eldiario.net\/portal\/wp-content\/uploads\/2025\/09\/4-4-560x420.webp 560w, https:\/\/www.eldiario.net\/portal\/wp-content\/uploads\/2025\/09\/4-4-300x225.webp 300w, https:\/\/www.eldiario.net\/portal\/wp-content\/uploads\/2025\/09\/4-4-1024x768.webp 1024w, https:\/\/www.eldiario.net\/portal\/wp-content\/uploads\/2025\/09\/4-4-768x576.webp 768w, https:\/\/www.eldiario.net\/portal\/wp-content\/uploads\/2025\/09\/4-4-80x60.webp 80w, https:\/\/www.eldiario.net\/portal\/wp-content\/uploads\/2025\/09\/4-4-150x113.webp 150w, https:\/\/www.eldiario.net\/portal\/wp-content\/uploads\/2025\/09\/4-4-696x522.webp 696w, https:\/\/www.eldiario.net\/portal\/wp-content\/uploads\/2025\/09\/4-4-1068x801.webp 1068w, https:\/\/www.eldiario.net\/portal\/wp-content\/uploads\/2025\/09\/4-4.webp 1280w\" sizes=\"(max-width: 560px) 100vw, 560px\" alt=\"\">\r\n                            <\/a>\r\n                            \r\n                        <\/figure>\r\n                    <\/div>\r\n                    <div class = \"td-slide-item td-item4\">\r\n                        <figure class=\"td-slide-galery-figure td-slide-popup-gallery\">\r\n                            <a class=\"slide-gallery-image-link\" href=\"https:\/\/www.eldiario.net\/portal\/wp-content\/uploads\/2025\/09\/5-5.webp\" title=\"5\"  data-caption=\"\"  data-description=\"\">\r\n                                <img decoding=\"async\" src=\"https:\/\/www.eldiario.net\/portal\/wp-content\/uploads\/2025\/09\/5-5-694x420.webp\" srcset=\"https:\/\/www.eldiario.net\/portal\/wp-content\/uploads\/2025\/09\/5-5-694x420.webp 694w, https:\/\/www.eldiario.net\/portal\/wp-content\/uploads\/2025\/09\/5-5-300x182.webp 300w, https:\/\/www.eldiario.net\/portal\/wp-content\/uploads\/2025\/09\/5-5-768x465.webp 768w, https:\/\/www.eldiario.net\/portal\/wp-content\/uploads\/2025\/09\/5-5-150x91.webp 150w, https:\/\/www.eldiario.net\/portal\/wp-content\/uploads\/2025\/09\/5-5-696x421.webp 696w, https:\/\/www.eldiario.net\/portal\/wp-content\/uploads\/2025\/09\/5-5.webp 900w\" sizes=\"(max-width: 694px) 100vw, 694px\" alt=\"\">\r\n                            <\/a>\r\n                            \r\n                        <\/figure>\r\n                    <\/div>\r\n                    <div class = \"td-slide-item td-item5\">\r\n                        <figure class=\"td-slide-galery-figure td-slide-popup-gallery\">\r\n                            <a class=\"slide-gallery-image-link\" href=\"https:\/\/www.eldiario.net\/portal\/wp-content\/uploads\/2025\/09\/6-1.webp\" title=\"6\"  data-caption=\"\"  data-description=\"\">\r\n                                <img decoding=\"async\" src=\"https:\/\/www.eldiario.net\/portal\/wp-content\/uploads\/2025\/09\/6-1-236x420.webp\" srcset=\"https:\/\/www.eldiario.net\/portal\/wp-content\/uploads\/2025\/09\/6-1-236x420.webp 236w, https:\/\/www.eldiario.net\/portal\/wp-content\/uploads\/2025\/09\/6-1-169x300.webp 169w, https:\/\/www.eldiario.net\/portal\/wp-content\/uploads\/2025\/09\/6-1-576x1024.webp 576w, https:\/\/www.eldiario.net\/portal\/wp-content\/uploads\/2025\/09\/6-1-768x1365.webp 768w, https:\/\/www.eldiario.net\/portal\/wp-content\/uploads\/2025\/09\/6-1-864x1536.webp 864w, https:\/\/www.eldiario.net\/portal\/wp-content\/uploads\/2025\/09\/6-1-150x267.webp 150w, https:\/\/www.eldiario.net\/portal\/wp-content\/uploads\/2025\/09\/6-1-300x533.webp 300w, https:\/\/www.eldiario.net\/portal\/wp-content\/uploads\/2025\/09\/6-1-696x1237.webp 696w, https:\/\/www.eldiario.net\/portal\/wp-content\/uploads\/2025\/09\/6-1.webp 900w\" sizes=\"(max-width: 236px) 100vw, 236px\" alt=\"\">\r\n                            <\/a>\r\n                            \r\n                        <\/figure>\r\n                    <\/div>\r\n                    <div class = \"td-slide-item td-item6\">\r\n                        <figure class=\"td-slide-galery-figure td-slide-popup-gallery\">\r\n                            <a class=\"slide-gallery-image-link\" href=\"https:\/\/www.eldiario.net\/portal\/wp-content\/uploads\/2025\/09\/7-2.webp\" title=\"7\"  data-caption=\"\"  data-description=\"\">\r\n                                <img decoding=\"async\" src=\"https:\/\/www.eldiario.net\/portal\/wp-content\/uploads\/2025\/09\/7-2-335x420.webp\" srcset=\"https:\/\/www.eldiario.net\/portal\/wp-content\/uploads\/2025\/09\/7-2-335x420.webp 335w, https:\/\/www.eldiario.net\/portal\/wp-content\/uploads\/2025\/09\/7-2-239x300.webp 239w, https:\/\/www.eldiario.net\/portal\/wp-content\/uploads\/2025\/09\/7-2-816x1024.webp 816w, https:\/\/www.eldiario.net\/portal\/wp-content\/uploads\/2025\/09\/7-2-768x964.webp 768w, https:\/\/www.eldiario.net\/portal\/wp-content\/uploads\/2025\/09\/7-2-150x188.webp 150w, https:\/\/www.eldiario.net\/portal\/wp-content\/uploads\/2025\/09\/7-2-300x376.webp 300w, https:\/\/www.eldiario.net\/portal\/wp-content\/uploads\/2025\/09\/7-2-696x873.webp 696w, https:\/\/www.eldiario.net\/portal\/wp-content\/uploads\/2025\/09\/7-2.webp 859w\" sizes=\"(max-width: 335px) 100vw, 335px\" alt=\"\">\r\n                            <\/a>\r\n                            \r\n                        <\/figure>\r\n                    <\/div>\r\n                    <div class = \"td-slide-item td-item7\">\r\n                        <figure class=\"td-slide-galery-figure td-slide-popup-gallery\">\r\n                            <a class=\"slide-gallery-image-link\" href=\"https:\/\/www.eldiario.net\/portal\/wp-content\/uploads\/2025\/09\/1-PRINCIPAL-9.webp\" title=\"1-PRINCIPAL\"  data-caption=\"\"  data-description=\"\">\r\n                                <img decoding=\"async\" src=\"https:\/\/www.eldiario.net\/portal\/wp-content\/uploads\/2025\/09\/1-PRINCIPAL-9-317x420.webp\" srcset=\"https:\/\/www.eldiario.net\/portal\/wp-content\/uploads\/2025\/09\/1-PRINCIPAL-9-317x420.webp 317w, https:\/\/www.eldiario.net\/portal\/wp-content\/uploads\/2025\/09\/1-PRINCIPAL-9-226x300.webp 226w, https:\/\/www.eldiario.net\/portal\/wp-content\/uploads\/2025\/09\/1-PRINCIPAL-9-772x1024.webp 772w, https:\/\/www.eldiario.net\/portal\/wp-content\/uploads\/2025\/09\/1-PRINCIPAL-9-768x1019.webp 768w, https:\/\/www.eldiario.net\/portal\/wp-content\/uploads\/2025\/09\/1-PRINCIPAL-9-1158x1536.webp 1158w, https:\/\/www.eldiario.net\/portal\/wp-content\/uploads\/2025\/09\/1-PRINCIPAL-9-150x199.webp 150w, https:\/\/www.eldiario.net\/portal\/wp-content\/uploads\/2025\/09\/1-PRINCIPAL-9-300x398.webp 300w, https:\/\/www.eldiario.net\/portal\/wp-content\/uploads\/2025\/09\/1-PRINCIPAL-9-696x923.webp 696w, https:\/\/www.eldiario.net\/portal\/wp-content\/uploads\/2025\/09\/1-PRINCIPAL-9-1068x1417.webp 1068w, https:\/\/www.eldiario.net\/portal\/wp-content\/uploads\/2025\/09\/1-PRINCIPAL-9.webp 1206w\" sizes=\"(max-width: 317px) 100vw, 317px\" alt=\"\">\r\n                            <\/a>\r\n                            \r\n                        <\/figure>\r\n                    <\/div>\r\n                            <\/div>\r\n                        <\/div>\r\n\r\n                        <div class = \"td-doubleSlider-2\">\r\n                            <div class = \"td-slider\">\r\n                                \r\n                    <div class = \"td-button td-item1\">\r\n                        <div class = \"td-border\"><\/div>\r\n                    <\/div>\r\n                    <div class = \"td-button td-item2\">\r\n                        <div class = \"td-border\"><\/div>\r\n                    <\/div>\r\n                    <div class = \"td-button td-item3\">\r\n                        <div class = \"td-border\"><\/div>\r\n                    <\/div>\r\n                    <div class = \"td-button td-item4\">\r\n                        <div class = \"td-border\"><\/div>\r\n                    <\/div>\r\n                    <div class = \"td-button td-item5\">\r\n                        <div class = \"td-border\"><\/div>\r\n                    <\/div>\r\n                    <div class = \"td-button td-item6\">\r\n                        <div class = \"td-border\"><\/div>\r\n                    <\/div>\r\n                    <div class = \"td-button td-item7\">\r\n                        <div class = \"td-border\"><\/div>\r\n                    <\/div>\r\n                            <\/div>\r\n                        <\/div>\r\n\r\n                    <\/div>\r\n\r\n                <\/div>\r\n                \n","protected":false},"excerpt":{"rendered":"<p>La noche del martes 9 de septiembre, el cine boliviano alcanz\u00f3 un nuevo hito con el estreno mundial de La Hija C\u00f3ndor en el Festival Internacional de Cine de Toronto (TIFF, por sus siglas en ingl\u00e9s), uno de los encuentros cinematogr\u00e1ficos m\u00e1s influyentes en la actualidad. Dirigida por el cochabambino \u00c1lvaro Olmos Torrico, La Hija [&hellip;]<\/p>\n","protected":false},"author":1,"featured_media":332618,"comment_status":"closed","ping_status":"open","sticky":false,"template":"","format":"standard","meta":{"_acf_changed":false,"footnotes":""},"categories":[41],"tags":[],"class_list":["post-332611","post","type-post","status-publish","format-standard","has-post-thumbnail","category-la-guia"],"acf":{"antetitulo":""},"yoast_head":"<!-- This site is optimized with the Yoast SEO plugin v28.4 - https:\/\/yoast.com\/product\/yoast-seo-wordpress\/ -->\n<title>La Hija C\u00f3ndor fue bien recibida en el Festival de Cine de Toronto - El Diario - Bolivia<\/title>\n<meta name=\"robots\" content=\"index, follow, max-snippet:-1, max-image-preview:large, max-video-preview:-1\" \/>\n<link rel=\"canonical\" href=\"https:\/\/www.eldiario.net\/portal\/2025\/09\/20\/la-hija-condor-fue-bien-recibida-en-el-festival-de-cine-de-toronto\/\" \/>\n<meta property=\"og:locale\" content=\"es_ES\" \/>\n<meta property=\"og:type\" content=\"article\" \/>\n<meta property=\"og:title\" content=\"La Hija C\u00f3ndor fue bien recibida en el Festival de Cine de Toronto - El Diario - Bolivia\" \/>\n<meta property=\"og:description\" content=\"La noche del martes 9 de septiembre, el cine boliviano alcanz\u00f3 un nuevo hito con el estreno mundial de La Hija C\u00f3ndor en el Festival Internacional de Cine de Toronto (TIFF, por sus siglas en ingl\u00e9s), uno de los encuentros cinematogr\u00e1ficos m\u00e1s influyentes en la actualidad. Dirigida por el cochabambino \u00c1lvaro Olmos Torrico, La Hija [&hellip;]\" \/>\n<meta property=\"og:url\" content=\"https:\/\/www.eldiario.net\/portal\/2025\/09\/20\/la-hija-condor-fue-bien-recibida-en-el-festival-de-cine-de-toronto\/\" \/>\n<meta property=\"og:site_name\" content=\"El Diario - Bolivia\" \/>\n<meta property=\"article:publisher\" content=\"https:\/\/www.facebook.com\/eldiario.bolivia\/\" \/>\n<meta property=\"article:published_time\" content=\"2025-09-20T11:41:08+00:00\" \/>\n<meta property=\"og:image\" content=\"https:\/\/www.eldiario.net\/portal\/wp-content\/uploads\/2025\/09\/1-PRINCIPAL-9.webp\" \/>\n\t<meta property=\"og:image:width\" content=\"1206\" \/>\n\t<meta property=\"og:image:height\" content=\"1600\" \/>\n\t<meta property=\"og:image:type\" content=\"image\/webp\" \/>\n<meta name=\"author\" content=\"Jeanette\" \/>\n<meta name=\"twitter:card\" content=\"summary_large_image\" \/>\n<meta name=\"twitter:creator\" content=\"@eldiario_net\" \/>\n<meta name=\"twitter:site\" content=\"@eldiario_net\" \/>\n<meta name=\"twitter:label1\" content=\"Escrito por\" \/>\n\t<meta name=\"twitter:data1\" content=\"Jeanette\" \/>\n\t<meta name=\"twitter:label2\" content=\"Tiempo de lectura\" \/>\n\t<meta name=\"twitter:data2\" content=\"5 minutos\" \/>\n<script type=\"application\/ld+json\" class=\"yoast-schema-graph\">{\"@context\":\"https:\\\/\\\/schema.org\",\"@graph\":[{\"@type\":\"Article\",\"@id\":\"https:\\\/\\\/www.eldiario.net\\\/portal\\\/2025\\\/09\\\/20\\\/la-hija-condor-fue-bien-recibida-en-el-festival-de-cine-de-toronto\\\/#article\",\"isPartOf\":{\"@id\":\"https:\\\/\\\/www.eldiario.net\\\/portal\\\/2025\\\/09\\\/20\\\/la-hija-condor-fue-bien-recibida-en-el-festival-de-cine-de-toronto\\\/\"},\"author\":{\"name\":\"Jeanette\",\"@id\":\"https:\\\/\\\/www.eldiario.net\\\/portal\\\/#\\\/schema\\\/person\\\/f46445640444750d7d753ccd04ae01b7\"},\"headline\":\"La Hija C\u00f3ndor fue bien recibida en el Festival de Cine de Toronto\",\"datePublished\":\"2025-09-20T11:41:08+00:00\",\"mainEntityOfPage\":{\"@id\":\"https:\\\/\\\/www.eldiario.net\\\/portal\\\/2025\\\/09\\\/20\\\/la-hija-condor-fue-bien-recibida-en-el-festival-de-cine-de-toronto\\\/\"},\"wordCount\":945,\"publisher\":{\"@id\":\"https:\\\/\\\/www.eldiario.net\\\/portal\\\/#organization\"},\"image\":{\"@id\":\"https:\\\/\\\/www.eldiario.net\\\/portal\\\/2025\\\/09\\\/20\\\/la-hija-condor-fue-bien-recibida-en-el-festival-de-cine-de-toronto\\\/#primaryimage\"},\"thumbnailUrl\":\"https:\\\/\\\/www.eldiario.net\\\/portal\\\/wp-content\\\/uploads\\\/2025\\\/09\\\/1-PRINCIPAL-9.webp\",\"articleSection\":[\"La Gu\u00eda\"],\"inLanguage\":\"es\"},{\"@type\":\"WebPage\",\"@id\":\"https:\\\/\\\/www.eldiario.net\\\/portal\\\/2025\\\/09\\\/20\\\/la-hija-condor-fue-bien-recibida-en-el-festival-de-cine-de-toronto\\\/\",\"url\":\"https:\\\/\\\/www.eldiario.net\\\/portal\\\/2025\\\/09\\\/20\\\/la-hija-condor-fue-bien-recibida-en-el-festival-de-cine-de-toronto\\\/\",\"name\":\"La Hija C\u00f3ndor fue bien recibida en el Festival de Cine de Toronto - El Diario - Bolivia\",\"isPartOf\":{\"@id\":\"https:\\\/\\\/www.eldiario.net\\\/portal\\\/#website\"},\"primaryImageOfPage\":{\"@id\":\"https:\\\/\\\/www.eldiario.net\\\/portal\\\/2025\\\/09\\\/20\\\/la-hija-condor-fue-bien-recibida-en-el-festival-de-cine-de-toronto\\\/#primaryimage\"},\"image\":{\"@id\":\"https:\\\/\\\/www.eldiario.net\\\/portal\\\/2025\\\/09\\\/20\\\/la-hija-condor-fue-bien-recibida-en-el-festival-de-cine-de-toronto\\\/#primaryimage\"},\"thumbnailUrl\":\"https:\\\/\\\/www.eldiario.net\\\/portal\\\/wp-content\\\/uploads\\\/2025\\\/09\\\/1-PRINCIPAL-9.webp\",\"datePublished\":\"2025-09-20T11:41:08+00:00\",\"breadcrumb\":{\"@id\":\"https:\\\/\\\/www.eldiario.net\\\/portal\\\/2025\\\/09\\\/20\\\/la-hija-condor-fue-bien-recibida-en-el-festival-de-cine-de-toronto\\\/#breadcrumb\"},\"inLanguage\":\"es\",\"potentialAction\":[{\"@type\":\"ReadAction\",\"target\":[\"https:\\\/\\\/www.eldiario.net\\\/portal\\\/2025\\\/09\\\/20\\\/la-hija-condor-fue-bien-recibida-en-el-festival-de-cine-de-toronto\\\/\"]}]},{\"@type\":\"ImageObject\",\"inLanguage\":\"es\",\"@id\":\"https:\\\/\\\/www.eldiario.net\\\/portal\\\/2025\\\/09\\\/20\\\/la-hija-condor-fue-bien-recibida-en-el-festival-de-cine-de-toronto\\\/#primaryimage\",\"url\":\"https:\\\/\\\/www.eldiario.net\\\/portal\\\/wp-content\\\/uploads\\\/2025\\\/09\\\/1-PRINCIPAL-9.webp\",\"contentUrl\":\"https:\\\/\\\/www.eldiario.net\\\/portal\\\/wp-content\\\/uploads\\\/2025\\\/09\\\/1-PRINCIPAL-9.webp\",\"width\":1206,\"height\":1600},{\"@type\":\"BreadcrumbList\",\"@id\":\"https:\\\/\\\/www.eldiario.net\\\/portal\\\/2025\\\/09\\\/20\\\/la-hija-condor-fue-bien-recibida-en-el-festival-de-cine-de-toronto\\\/#breadcrumb\",\"itemListElement\":[{\"@type\":\"ListItem\",\"position\":1,\"name\":\"Portada\",\"item\":\"https:\\\/\\\/www.eldiario.net\\\/portal\\\/\"},{\"@type\":\"ListItem\",\"position\":2,\"name\":\"La Hija C\u00f3ndor fue bien recibida en el Festival de Cine de Toronto\"}]},{\"@type\":\"WebSite\",\"@id\":\"https:\\\/\\\/www.eldiario.net\\\/portal\\\/#website\",\"url\":\"https:\\\/\\\/www.eldiario.net\\\/portal\\\/\",\"name\":\"El Diario - Decano de la prensa nacional\",\"description\":\"El Diario - Decano de la prensa nacional\",\"publisher\":{\"@id\":\"https:\\\/\\\/www.eldiario.net\\\/portal\\\/#organization\"},\"potentialAction\":[{\"@type\":\"SearchAction\",\"target\":{\"@type\":\"EntryPoint\",\"urlTemplate\":\"https:\\\/\\\/www.eldiario.net\\\/portal\\\/?s={search_term_string}\"},\"query-input\":{\"@type\":\"PropertyValueSpecification\",\"valueRequired\":true,\"valueName\":\"search_term_string\"}}],\"inLanguage\":\"es\"},{\"@type\":\"Organization\",\"@id\":\"https:\\\/\\\/www.eldiario.net\\\/portal\\\/#organization\",\"name\":\"El Diario - Decano de la prensa nacional\",\"url\":\"https:\\\/\\\/www.eldiario.net\\\/portal\\\/\",\"logo\":{\"@type\":\"ImageObject\",\"inLanguage\":\"es\",\"@id\":\"https:\\\/\\\/www.eldiario.net\\\/portal\\\/#\\\/schema\\\/logo\\\/image\\\/\",\"url\":\"https:\\\/\\\/www.eldiario.net\\\/portal\\\/wp-content\\\/uploads\\\/2023\\\/07\\\/logo_ED.jpg\",\"contentUrl\":\"https:\\\/\\\/www.eldiario.net\\\/portal\\\/wp-content\\\/uploads\\\/2023\\\/07\\\/logo_ED.jpg\",\"width\":272,\"height\":52,\"caption\":\"El Diario - Decano de la prensa nacional\"},\"image\":{\"@id\":\"https:\\\/\\\/www.eldiario.net\\\/portal\\\/#\\\/schema\\\/logo\\\/image\\\/\"},\"sameAs\":[\"https:\\\/\\\/www.facebook.com\\\/eldiario.bolivia\\\/\",\"https:\\\/\\\/x.com\\\/eldiario_net\"]},{\"@type\":\"Person\",\"@id\":\"https:\\\/\\\/www.eldiario.net\\\/portal\\\/#\\\/schema\\\/person\\\/f46445640444750d7d753ccd04ae01b7\",\"name\":\"Jeanette\",\"image\":{\"@type\":\"ImageObject\",\"inLanguage\":\"es\",\"@id\":\"https:\\\/\\\/secure.gravatar.com\\\/avatar\\\/3ea2118a5f7dad2b7138b1187a6b7ee55f160b9968b66013c3a3ef39dd7e5798?s=96&d=mm&r=g\",\"url\":\"https:\\\/\\\/secure.gravatar.com\\\/avatar\\\/3ea2118a5f7dad2b7138b1187a6b7ee55f160b9968b66013c3a3ef39dd7e5798?s=96&d=mm&r=g\",\"contentUrl\":\"https:\\\/\\\/secure.gravatar.com\\\/avatar\\\/3ea2118a5f7dad2b7138b1187a6b7ee55f160b9968b66013c3a3ef39dd7e5798?s=96&d=mm&r=g\",\"caption\":\"Jeanette\"},\"sameAs\":[\"https:\\\/\\\/www.eldiario.net\\\/portal\"],\"url\":\"https:\\\/\\\/www.eldiario.net\\\/portal\\\/author\\\/jeanette\\\/\"}]}<\/script>\n<!-- \/ Yoast SEO plugin. -->","yoast_head_json":{"title":"La Hija C\u00f3ndor fue bien recibida en el Festival de Cine de Toronto - El Diario - Bolivia","robots":{"index":"index","follow":"follow","max-snippet":"max-snippet:-1","max-image-preview":"max-image-preview:large","max-video-preview":"max-video-preview:-1"},"canonical":"https:\/\/www.eldiario.net\/portal\/2025\/09\/20\/la-hija-condor-fue-bien-recibida-en-el-festival-de-cine-de-toronto\/","og_locale":"es_ES","og_type":"article","og_title":"La Hija C\u00f3ndor fue bien recibida en el Festival de Cine de Toronto - El Diario - Bolivia","og_description":"La noche del martes 9 de septiembre, el cine boliviano alcanz\u00f3 un nuevo hito con el estreno mundial de La Hija C\u00f3ndor en el Festival Internacional de Cine de Toronto (TIFF, por sus siglas en ingl\u00e9s), uno de los encuentros cinematogr\u00e1ficos m\u00e1s influyentes en la actualidad. Dirigida por el cochabambino \u00c1lvaro Olmos Torrico, La Hija [&hellip;]","og_url":"https:\/\/www.eldiario.net\/portal\/2025\/09\/20\/la-hija-condor-fue-bien-recibida-en-el-festival-de-cine-de-toronto\/","og_site_name":"El Diario - Bolivia","article_publisher":"https:\/\/www.facebook.com\/eldiario.bolivia\/","article_published_time":"2025-09-20T11:41:08+00:00","og_image":[{"width":1206,"height":1600,"url":"https:\/\/www.eldiario.net\/portal\/wp-content\/uploads\/2025\/09\/1-PRINCIPAL-9.webp","type":"image\/webp"}],"author":"Jeanette","twitter_card":"summary_large_image","twitter_creator":"@eldiario_net","twitter_site":"@eldiario_net","twitter_misc":{"Escrito por":"Jeanette","Tiempo de lectura":"5 minutos"},"schema":{"@context":"https:\/\/schema.org","@graph":[{"@type":"Article","@id":"https:\/\/www.eldiario.net\/portal\/2025\/09\/20\/la-hija-condor-fue-bien-recibida-en-el-festival-de-cine-de-toronto\/#article","isPartOf":{"@id":"https:\/\/www.eldiario.net\/portal\/2025\/09\/20\/la-hija-condor-fue-bien-recibida-en-el-festival-de-cine-de-toronto\/"},"author":{"name":"Jeanette","@id":"https:\/\/www.eldiario.net\/portal\/#\/schema\/person\/f46445640444750d7d753ccd04ae01b7"},"headline":"La Hija C\u00f3ndor fue bien recibida en el Festival de Cine de Toronto","datePublished":"2025-09-20T11:41:08+00:00","mainEntityOfPage":{"@id":"https:\/\/www.eldiario.net\/portal\/2025\/09\/20\/la-hija-condor-fue-bien-recibida-en-el-festival-de-cine-de-toronto\/"},"wordCount":945,"publisher":{"@id":"https:\/\/www.eldiario.net\/portal\/#organization"},"image":{"@id":"https:\/\/www.eldiario.net\/portal\/2025\/09\/20\/la-hija-condor-fue-bien-recibida-en-el-festival-de-cine-de-toronto\/#primaryimage"},"thumbnailUrl":"https:\/\/www.eldiario.net\/portal\/wp-content\/uploads\/2025\/09\/1-PRINCIPAL-9.webp","articleSection":["La Gu\u00eda"],"inLanguage":"es"},{"@type":"WebPage","@id":"https:\/\/www.eldiario.net\/portal\/2025\/09\/20\/la-hija-condor-fue-bien-recibida-en-el-festival-de-cine-de-toronto\/","url":"https:\/\/www.eldiario.net\/portal\/2025\/09\/20\/la-hija-condor-fue-bien-recibida-en-el-festival-de-cine-de-toronto\/","name":"La Hija C\u00f3ndor fue bien recibida en el Festival de Cine de Toronto - El Diario - Bolivia","isPartOf":{"@id":"https:\/\/www.eldiario.net\/portal\/#website"},"primaryImageOfPage":{"@id":"https:\/\/www.eldiario.net\/portal\/2025\/09\/20\/la-hija-condor-fue-bien-recibida-en-el-festival-de-cine-de-toronto\/#primaryimage"},"image":{"@id":"https:\/\/www.eldiario.net\/portal\/2025\/09\/20\/la-hija-condor-fue-bien-recibida-en-el-festival-de-cine-de-toronto\/#primaryimage"},"thumbnailUrl":"https:\/\/www.eldiario.net\/portal\/wp-content\/uploads\/2025\/09\/1-PRINCIPAL-9.webp","datePublished":"2025-09-20T11:41:08+00:00","breadcrumb":{"@id":"https:\/\/www.eldiario.net\/portal\/2025\/09\/20\/la-hija-condor-fue-bien-recibida-en-el-festival-de-cine-de-toronto\/#breadcrumb"},"inLanguage":"es","potentialAction":[{"@type":"ReadAction","target":["https:\/\/www.eldiario.net\/portal\/2025\/09\/20\/la-hija-condor-fue-bien-recibida-en-el-festival-de-cine-de-toronto\/"]}]},{"@type":"ImageObject","inLanguage":"es","@id":"https:\/\/www.eldiario.net\/portal\/2025\/09\/20\/la-hija-condor-fue-bien-recibida-en-el-festival-de-cine-de-toronto\/#primaryimage","url":"https:\/\/www.eldiario.net\/portal\/wp-content\/uploads\/2025\/09\/1-PRINCIPAL-9.webp","contentUrl":"https:\/\/www.eldiario.net\/portal\/wp-content\/uploads\/2025\/09\/1-PRINCIPAL-9.webp","width":1206,"height":1600},{"@type":"BreadcrumbList","@id":"https:\/\/www.eldiario.net\/portal\/2025\/09\/20\/la-hija-condor-fue-bien-recibida-en-el-festival-de-cine-de-toronto\/#breadcrumb","itemListElement":[{"@type":"ListItem","position":1,"name":"Portada","item":"https:\/\/www.eldiario.net\/portal\/"},{"@type":"ListItem","position":2,"name":"La Hija C\u00f3ndor fue bien recibida en el Festival de Cine de Toronto"}]},{"@type":"WebSite","@id":"https:\/\/www.eldiario.net\/portal\/#website","url":"https:\/\/www.eldiario.net\/portal\/","name":"El Diario - Decano de la prensa nacional","description":"El Diario - Decano de la prensa nacional","publisher":{"@id":"https:\/\/www.eldiario.net\/portal\/#organization"},"potentialAction":[{"@type":"SearchAction","target":{"@type":"EntryPoint","urlTemplate":"https:\/\/www.eldiario.net\/portal\/?s={search_term_string}"},"query-input":{"@type":"PropertyValueSpecification","valueRequired":true,"valueName":"search_term_string"}}],"inLanguage":"es"},{"@type":"Organization","@id":"https:\/\/www.eldiario.net\/portal\/#organization","name":"El Diario - Decano de la prensa nacional","url":"https:\/\/www.eldiario.net\/portal\/","logo":{"@type":"ImageObject","inLanguage":"es","@id":"https:\/\/www.eldiario.net\/portal\/#\/schema\/logo\/image\/","url":"https:\/\/www.eldiario.net\/portal\/wp-content\/uploads\/2023\/07\/logo_ED.jpg","contentUrl":"https:\/\/www.eldiario.net\/portal\/wp-content\/uploads\/2023\/07\/logo_ED.jpg","width":272,"height":52,"caption":"El Diario - Decano de la prensa nacional"},"image":{"@id":"https:\/\/www.eldiario.net\/portal\/#\/schema\/logo\/image\/"},"sameAs":["https:\/\/www.facebook.com\/eldiario.bolivia\/","https:\/\/x.com\/eldiario_net"]},{"@type":"Person","@id":"https:\/\/www.eldiario.net\/portal\/#\/schema\/person\/f46445640444750d7d753ccd04ae01b7","name":"Jeanette","image":{"@type":"ImageObject","inLanguage":"es","@id":"https:\/\/secure.gravatar.com\/avatar\/3ea2118a5f7dad2b7138b1187a6b7ee55f160b9968b66013c3a3ef39dd7e5798?s=96&d=mm&r=g","url":"https:\/\/secure.gravatar.com\/avatar\/3ea2118a5f7dad2b7138b1187a6b7ee55f160b9968b66013c3a3ef39dd7e5798?s=96&d=mm&r=g","contentUrl":"https:\/\/secure.gravatar.com\/avatar\/3ea2118a5f7dad2b7138b1187a6b7ee55f160b9968b66013c3a3ef39dd7e5798?s=96&d=mm&r=g","caption":"Jeanette"},"sameAs":["https:\/\/www.eldiario.net\/portal"],"url":"https:\/\/www.eldiario.net\/portal\/author\/jeanette\/"}]}},"_links":{"self":[{"href":"https:\/\/www.eldiario.net\/portal\/wp-json\/wp\/v2\/posts\/332611","targetHints":{"allow":["GET"]}}],"collection":[{"href":"https:\/\/www.eldiario.net\/portal\/wp-json\/wp\/v2\/posts"}],"about":[{"href":"https:\/\/www.eldiario.net\/portal\/wp-json\/wp\/v2\/types\/post"}],"author":[{"embeddable":true,"href":"https:\/\/www.eldiario.net\/portal\/wp-json\/wp\/v2\/users\/1"}],"replies":[{"embeddable":true,"href":"https:\/\/www.eldiario.net\/portal\/wp-json\/wp\/v2\/comments?post=332611"}],"version-history":[{"count":1,"href":"https:\/\/www.eldiario.net\/portal\/wp-json\/wp\/v2\/posts\/332611\/revisions"}],"predecessor-version":[{"id":332619,"href":"https:\/\/www.eldiario.net\/portal\/wp-json\/wp\/v2\/posts\/332611\/revisions\/332619"}],"wp:featuredmedia":[{"embeddable":true,"href":"https:\/\/www.eldiario.net\/portal\/wp-json\/wp\/v2\/media\/332618"}],"wp:attachment":[{"href":"https:\/\/www.eldiario.net\/portal\/wp-json\/wp\/v2\/media?parent=332611"}],"wp:term":[{"taxonomy":"category","embeddable":true,"href":"https:\/\/www.eldiario.net\/portal\/wp-json\/wp\/v2\/categories?post=332611"},{"taxonomy":"post_tag","embeddable":true,"href":"https:\/\/www.eldiario.net\/portal\/wp-json\/wp\/v2\/tags?post=332611"}],"curies":[{"name":"wp","href":"https:\/\/api.w.org\/{rel}","templated":true}]}}