{"id":332609,"date":"2025-09-20T07:37:00","date_gmt":"2025-09-20T11:37:00","guid":{"rendered":"https:\/\/www.eldiario.net\/portal\/?p=332609"},"modified":"2025-09-20T07:37:00","modified_gmt":"2025-09-20T11:37:00","slug":"longevidad-vivir-mas-mas-y-mas","status":"publish","type":"post","link":"https:\/\/www.eldiario.net\/portal\/2025\/09\/20\/longevidad-vivir-mas-mas-y-mas\/","title":{"rendered":"Longevidad: vivir m\u00e1s, m\u00e1s y m\u00e1s\u2026"},"content":{"rendered":"<p>Hace varios miles de a\u00f1os la esperanza de vida de los seres humanos era mucho menor. Por ejemplo, en el Paleol\u00edtico la probabilidad de morir siendo ni\u00f1o era muy alta, y si se lograba rebasar los 15 a\u00f1os se pod\u00eda llegar hasta los 50 m\u00e1s o menos, edad en que los achaques, resultado del esfuerzo f\u00edsico y la mala alimentaci\u00f3n, comenzaban a minar la salud de la persona hasta matarla en poco tiempo. Las mujeres ten\u00edan una mortalidad m\u00e1s alta por las posibles complicaciones durante el parto. Durante el Neol\u00edtico y hasta el Siglo XVIII, curiosamente la esperanza de vida fue menor debido a epidemias, enfermedades, guerras y la divisi\u00f3n del trabajo, que causaron la miseria de millones. Pero desde ese siglo, el del Iluminismo, el ser humano fue utilizando la t\u00e9cnica y la ciencia para, entre otras cosas, prolongar su vida; casi todo descubrimiento fue siendo utilizado en su propio beneficio, lo cual contribuy\u00f3 a que su salud se robusteciera y la esperanza de vida se prolongara. Hoy la esperanza de vida al nacer en todo el mundo es de unos 73 a\u00f1os. \u00bfA cu\u00e1nto llegar\u00e1 dentro de unos 100 o 200 a\u00f1os?<br \/>\nLa historia no es determinista; todo puede suceder en ella. Por tanto, podr\u00eda ser que en el futuro sobrevenga una pandemia letal o una guerra de dimensiones inimaginables, eventos que reducir\u00edan dr\u00e1sticamente la esperanza de vida. Pero si con algo de optimismo suponemos que tales calamidades no sobrevendr\u00e1n, podr\u00edamos asegurar que la esperanza de vida seguir\u00e1 incrementando gradualmente y que el ser humano, por su af\u00e1n de buscar la juventud eterna, ir\u00e1 consiguiendo poco a poco extender su periodo vital. En este sentido, cabe hacer un an\u00e1lisis demogr\u00e1fico no solo cuantitativo o estad\u00edstico, sino tambi\u00e9n uno filos\u00f3fico, pues la prolongaci\u00f3n de la vida del humano en la Tierra deber\u00eda suscitarnos un n\u00famero de preguntas existenciales. \u00bfPara qu\u00e9 vivir m\u00e1s, si la felicidad o la plenitud vital parece estar tan lejos, como las estuvieron ayer para nuestros ancestros? \u00bfCon qu\u00e9 fin se vive m\u00e1s, si millones de ancianos no tienen vidas de calidad o, por enfermedades degenerativas del cerebro, se van desvinculando de la realidad circundante? \u00bfVivir m\u00e1s tiempo nos hace m\u00e1s felices o tiene un valor en s\u00ed mismo?<br \/>\nHace unos d\u00edas, la BBC inform\u00f3 que Jap\u00f3n alcanz\u00f3 la extraordinaria cifra de 100 mil centenarios: 87.784 mil mujeres y 11.979 varones. A su vez, es una de las sociedades que m\u00e1s r\u00e1pido est\u00e1n envejeciendo debido a la baja de la natalidad; ya no porque los beb\u00e9s mueran, por supuesto, sino porque ahora las parejas ya no desean tenerlos. (La misma tendencia se muestra en varios pa\u00edses de Europa.) La raz\u00f3n del \u201cmilagro\u201d japon\u00e9s, que nace en una sociedad que hace solo 80 a\u00f1os experiment\u00f3 una de las m\u00e1s oscuras facetas de la raz\u00f3n instrumental (la bomba at\u00f3mica), est\u00e1 en que este pa\u00eds promueve h\u00e1bitos saludables: comida sana y ejercicios f\u00edsicos en grupo, entre otros.<br \/>\nVarios pensadores, como Horkheimer y Adorno, ya advirtieron hace d\u00e9cadas que el ser humano puede hacer todo con tal de autoconservarse; sin embargo, es una acci\u00f3n que se da como en piloto autom\u00e1tico: lo hace por el hecho de hacerlo, sin mucho cuestionamiento trascendental. La gente no desea morir, pero no sabe muy bien por qu\u00e9. \u00bfLa vida es mejor que la muerte? Siempre\u2026 Pero \u00bfrealmente por qu\u00e9? No habr\u00eda que dejar de lado el dato de que Jap\u00f3n, donde la vida se est\u00e1 prolongando, tambi\u00e9n presenta una de las tasas m\u00e1s altas de suicidios a nivel mundial\u2026 por depresi\u00f3n, presi\u00f3n social o crisis existenciales.<br \/>\nAlgunos historiadores y fil\u00f3sofos como Jos\u00e9 Antonio Marina plantean la idea de que, poco a poco, toda la humanidad va convergiendo hacia una misma civilizaci\u00f3n, en la cual existen algunas caracter\u00edsticas o tendencias comunes, como la reducci\u00f3n de la reproducci\u00f3n humana. De esta manera, podr\u00edamos imaginar una futura sociedad eminentemente longeva. Bien: \u00bfc\u00f3mo ser\u00eda en sus caracter\u00edsticas laborales o educativas, adem\u00e1s de sociales y pol\u00edticas? \u00bfC\u00f3mo ser\u00eda la vida en el hogar, con varias generaciones en los hogares, o en los parques y en el transporte p\u00fablico?<br \/>\nSeg\u00fan proyecciones de la ONU, unas 720 mil personas centenarias habitan el globo, y aunque estos datos han sido objeto de muchas cr\u00edticas, no cabe duda de que cada vez habr\u00e1 m\u00e1s gente que est\u00e9 soplando cien velitas en el pastel de cumplea\u00f1os (si es que tienen fuerzas para ello). Cabe, por tanto, hacernos preguntas profundas que nos aclaren el panorama de hacia d\u00f3nde vamos como mundo y qu\u00e9 es lo que deseamos con la prolongaci\u00f3n de la vida humana en la Tierra.<\/p>\n<p>Ignacio Vera de Rada es polit\u00f3logo y comunicador social.<\/p>\n","protected":false},"excerpt":{"rendered":"<p>Hace varios miles de a\u00f1os la esperanza de vida de los seres humanos era mucho menor. Por ejemplo, en el Paleol\u00edtico la probabilidad de morir siendo ni\u00f1o era muy alta, y si se lograba rebasar los 15 a\u00f1os se pod\u00eda llegar hasta los 50 m\u00e1s o menos, edad en que los achaques, resultado del esfuerzo [&hellip;]<\/p>\n","protected":false},"author":1,"featured_media":158964,"comment_status":"closed","ping_status":"open","sticky":false,"template":"","format":"standard","meta":{"_acf_changed":false,"footnotes":""},"categories":[9],"tags":[],"class_list":["post-332609","post","type-post","status-publish","format-standard","has-post-thumbnail","category-opinion"],"acf":{"antetitulo":"La espada en la palabra"},"yoast_head":"<!-- This site is optimized with the Yoast SEO plugin v28.4 - https:\/\/yoast.com\/product\/yoast-seo-wordpress\/ -->\n<title>Longevidad: vivir m\u00e1s, m\u00e1s y m\u00e1s\u2026 - El Diario - Bolivia<\/title>\n<meta name=\"robots\" content=\"index, follow, max-snippet:-1, max-image-preview:large, max-video-preview:-1\" \/>\n<link rel=\"canonical\" href=\"https:\/\/www.eldiario.net\/portal\/2025\/09\/20\/longevidad-vivir-mas-mas-y-mas\/\" \/>\n<meta property=\"og:locale\" content=\"es_ES\" \/>\n<meta property=\"og:type\" content=\"article\" \/>\n<meta property=\"og:title\" content=\"Longevidad: vivir m\u00e1s, m\u00e1s y m\u00e1s\u2026 - El Diario - Bolivia\" \/>\n<meta property=\"og:description\" content=\"Hace varios miles de a\u00f1os la esperanza de vida de los seres humanos era mucho menor. Por ejemplo, en el Paleol\u00edtico la probabilidad de morir siendo ni\u00f1o era muy alta, y si se lograba rebasar los 15 a\u00f1os se pod\u00eda llegar hasta los 50 m\u00e1s o menos, edad en que los achaques, resultado del esfuerzo [&hellip;]\" \/>\n<meta property=\"og:url\" content=\"https:\/\/www.eldiario.net\/portal\/2025\/09\/20\/longevidad-vivir-mas-mas-y-mas\/\" \/>\n<meta property=\"og:site_name\" content=\"El Diario - Bolivia\" \/>\n<meta property=\"article:publisher\" content=\"https:\/\/www.facebook.com\/eldiario.bolivia\/\" \/>\n<meta property=\"article:published_time\" content=\"2025-09-20T11:37:00+00:00\" \/>\n<meta property=\"og:image\" content=\"https:\/\/www.eldiario.net\/portal\/wp-content\/uploads\/2023\/06\/Ignacio-Vera-de-Rada-1.jpg\" \/>\n\t<meta property=\"og:image:width\" content=\"1200\" \/>\n\t<meta property=\"og:image:height\" content=\"628\" \/>\n\t<meta property=\"og:image:type\" content=\"image\/jpeg\" \/>\n<meta name=\"author\" content=\"Jeanette\" \/>\n<meta name=\"twitter:card\" content=\"summary_large_image\" \/>\n<meta name=\"twitter:creator\" content=\"@eldiario_net\" \/>\n<meta name=\"twitter:site\" content=\"@eldiario_net\" \/>\n<meta name=\"twitter:label1\" content=\"Escrito por\" \/>\n\t<meta name=\"twitter:data1\" content=\"Jeanette\" \/>\n\t<meta name=\"twitter:label2\" content=\"Tiempo de lectura\" \/>\n\t<meta name=\"twitter:data2\" content=\"4 minutos\" \/>\n<script type=\"application\/ld+json\" class=\"yoast-schema-graph\">{\"@context\":\"https:\\\/\\\/schema.org\",\"@graph\":[{\"@type\":\"Article\",\"@id\":\"https:\\\/\\\/www.eldiario.net\\\/portal\\\/2025\\\/09\\\/20\\\/longevidad-vivir-mas-mas-y-mas\\\/#article\",\"isPartOf\":{\"@id\":\"https:\\\/\\\/www.eldiario.net\\\/portal\\\/2025\\\/09\\\/20\\\/longevidad-vivir-mas-mas-y-mas\\\/\"},\"author\":{\"name\":\"Jeanette\",\"@id\":\"https:\\\/\\\/www.eldiario.net\\\/portal\\\/#\\\/schema\\\/person\\\/f46445640444750d7d753ccd04ae01b7\"},\"headline\":\"Longevidad: vivir m\u00e1s, m\u00e1s y m\u00e1s\u2026\",\"datePublished\":\"2025-09-20T11:37:00+00:00\",\"mainEntityOfPage\":{\"@id\":\"https:\\\/\\\/www.eldiario.net\\\/portal\\\/2025\\\/09\\\/20\\\/longevidad-vivir-mas-mas-y-mas\\\/\"},\"wordCount\":851,\"publisher\":{\"@id\":\"https:\\\/\\\/www.eldiario.net\\\/portal\\\/#organization\"},\"image\":{\"@id\":\"https:\\\/\\\/www.eldiario.net\\\/portal\\\/2025\\\/09\\\/20\\\/longevidad-vivir-mas-mas-y-mas\\\/#primaryimage\"},\"thumbnailUrl\":\"https:\\\/\\\/www.eldiario.net\\\/portal\\\/wp-content\\\/uploads\\\/2023\\\/06\\\/Ignacio-Vera-de-Rada-1.jpg\",\"articleSection\":[\"Opini\u00f3n\"],\"inLanguage\":\"es\"},{\"@type\":\"WebPage\",\"@id\":\"https:\\\/\\\/www.eldiario.net\\\/portal\\\/2025\\\/09\\\/20\\\/longevidad-vivir-mas-mas-y-mas\\\/\",\"url\":\"https:\\\/\\\/www.eldiario.net\\\/portal\\\/2025\\\/09\\\/20\\\/longevidad-vivir-mas-mas-y-mas\\\/\",\"name\":\"Longevidad: vivir m\u00e1s, m\u00e1s y m\u00e1s\u2026 - El Diario - Bolivia\",\"isPartOf\":{\"@id\":\"https:\\\/\\\/www.eldiario.net\\\/portal\\\/#website\"},\"primaryImageOfPage\":{\"@id\":\"https:\\\/\\\/www.eldiario.net\\\/portal\\\/2025\\\/09\\\/20\\\/longevidad-vivir-mas-mas-y-mas\\\/#primaryimage\"},\"image\":{\"@id\":\"https:\\\/\\\/www.eldiario.net\\\/portal\\\/2025\\\/09\\\/20\\\/longevidad-vivir-mas-mas-y-mas\\\/#primaryimage\"},\"thumbnailUrl\":\"https:\\\/\\\/www.eldiario.net\\\/portal\\\/wp-content\\\/uploads\\\/2023\\\/06\\\/Ignacio-Vera-de-Rada-1.jpg\",\"datePublished\":\"2025-09-20T11:37:00+00:00\",\"breadcrumb\":{\"@id\":\"https:\\\/\\\/www.eldiario.net\\\/portal\\\/2025\\\/09\\\/20\\\/longevidad-vivir-mas-mas-y-mas\\\/#breadcrumb\"},\"inLanguage\":\"es\",\"potentialAction\":[{\"@type\":\"ReadAction\",\"target\":[\"https:\\\/\\\/www.eldiario.net\\\/portal\\\/2025\\\/09\\\/20\\\/longevidad-vivir-mas-mas-y-mas\\\/\"]}]},{\"@type\":\"ImageObject\",\"inLanguage\":\"es\",\"@id\":\"https:\\\/\\\/www.eldiario.net\\\/portal\\\/2025\\\/09\\\/20\\\/longevidad-vivir-mas-mas-y-mas\\\/#primaryimage\",\"url\":\"https:\\\/\\\/www.eldiario.net\\\/portal\\\/wp-content\\\/uploads\\\/2023\\\/06\\\/Ignacio-Vera-de-Rada-1.jpg\",\"contentUrl\":\"https:\\\/\\\/www.eldiario.net\\\/portal\\\/wp-content\\\/uploads\\\/2023\\\/06\\\/Ignacio-Vera-de-Rada-1.jpg\",\"width\":1200,\"height\":628,\"caption\":\"Ignacio Vera de Rada\"},{\"@type\":\"BreadcrumbList\",\"@id\":\"https:\\\/\\\/www.eldiario.net\\\/portal\\\/2025\\\/09\\\/20\\\/longevidad-vivir-mas-mas-y-mas\\\/#breadcrumb\",\"itemListElement\":[{\"@type\":\"ListItem\",\"position\":1,\"name\":\"Portada\",\"item\":\"https:\\\/\\\/www.eldiario.net\\\/portal\\\/\"},{\"@type\":\"ListItem\",\"position\":2,\"name\":\"Longevidad: vivir m\u00e1s, m\u00e1s y m\u00e1s\u2026\"}]},{\"@type\":\"WebSite\",\"@id\":\"https:\\\/\\\/www.eldiario.net\\\/portal\\\/#website\",\"url\":\"https:\\\/\\\/www.eldiario.net\\\/portal\\\/\",\"name\":\"El Diario - Decano de la prensa nacional\",\"description\":\"El Diario - Decano de la prensa nacional\",\"publisher\":{\"@id\":\"https:\\\/\\\/www.eldiario.net\\\/portal\\\/#organization\"},\"potentialAction\":[{\"@type\":\"SearchAction\",\"target\":{\"@type\":\"EntryPoint\",\"urlTemplate\":\"https:\\\/\\\/www.eldiario.net\\\/portal\\\/?s={search_term_string}\"},\"query-input\":{\"@type\":\"PropertyValueSpecification\",\"valueRequired\":true,\"valueName\":\"search_term_string\"}}],\"inLanguage\":\"es\"},{\"@type\":\"Organization\",\"@id\":\"https:\\\/\\\/www.eldiario.net\\\/portal\\\/#organization\",\"name\":\"El Diario - Decano de la prensa nacional\",\"url\":\"https:\\\/\\\/www.eldiario.net\\\/portal\\\/\",\"logo\":{\"@type\":\"ImageObject\",\"inLanguage\":\"es\",\"@id\":\"https:\\\/\\\/www.eldiario.net\\\/portal\\\/#\\\/schema\\\/logo\\\/image\\\/\",\"url\":\"https:\\\/\\\/www.eldiario.net\\\/portal\\\/wp-content\\\/uploads\\\/2023\\\/07\\\/logo_ED.jpg\",\"contentUrl\":\"https:\\\/\\\/www.eldiario.net\\\/portal\\\/wp-content\\\/uploads\\\/2023\\\/07\\\/logo_ED.jpg\",\"width\":272,\"height\":52,\"caption\":\"El Diario - Decano de la prensa nacional\"},\"image\":{\"@id\":\"https:\\\/\\\/www.eldiario.net\\\/portal\\\/#\\\/schema\\\/logo\\\/image\\\/\"},\"sameAs\":[\"https:\\\/\\\/www.facebook.com\\\/eldiario.bolivia\\\/\",\"https:\\\/\\\/x.com\\\/eldiario_net\"]},{\"@type\":\"Person\",\"@id\":\"https:\\\/\\\/www.eldiario.net\\\/portal\\\/#\\\/schema\\\/person\\\/f46445640444750d7d753ccd04ae01b7\",\"name\":\"Jeanette\",\"image\":{\"@type\":\"ImageObject\",\"inLanguage\":\"es\",\"@id\":\"https:\\\/\\\/secure.gravatar.com\\\/avatar\\\/3ea2118a5f7dad2b7138b1187a6b7ee55f160b9968b66013c3a3ef39dd7e5798?s=96&d=mm&r=g\",\"url\":\"https:\\\/\\\/secure.gravatar.com\\\/avatar\\\/3ea2118a5f7dad2b7138b1187a6b7ee55f160b9968b66013c3a3ef39dd7e5798?s=96&d=mm&r=g\",\"contentUrl\":\"https:\\\/\\\/secure.gravatar.com\\\/avatar\\\/3ea2118a5f7dad2b7138b1187a6b7ee55f160b9968b66013c3a3ef39dd7e5798?s=96&d=mm&r=g\",\"caption\":\"Jeanette\"},\"sameAs\":[\"https:\\\/\\\/www.eldiario.net\\\/portal\"],\"url\":\"https:\\\/\\\/www.eldiario.net\\\/portal\\\/author\\\/jeanette\\\/\"}]}<\/script>\n<!-- \/ Yoast SEO plugin. -->","yoast_head_json":{"title":"Longevidad: vivir m\u00e1s, m\u00e1s y m\u00e1s\u2026 - El Diario - Bolivia","robots":{"index":"index","follow":"follow","max-snippet":"max-snippet:-1","max-image-preview":"max-image-preview:large","max-video-preview":"max-video-preview:-1"},"canonical":"https:\/\/www.eldiario.net\/portal\/2025\/09\/20\/longevidad-vivir-mas-mas-y-mas\/","og_locale":"es_ES","og_type":"article","og_title":"Longevidad: vivir m\u00e1s, m\u00e1s y m\u00e1s\u2026 - El Diario - Bolivia","og_description":"Hace varios miles de a\u00f1os la esperanza de vida de los seres humanos era mucho menor. Por ejemplo, en el Paleol\u00edtico la probabilidad de morir siendo ni\u00f1o era muy alta, y si se lograba rebasar los 15 a\u00f1os se pod\u00eda llegar hasta los 50 m\u00e1s o menos, edad en que los achaques, resultado del esfuerzo [&hellip;]","og_url":"https:\/\/www.eldiario.net\/portal\/2025\/09\/20\/longevidad-vivir-mas-mas-y-mas\/","og_site_name":"El Diario - Bolivia","article_publisher":"https:\/\/www.facebook.com\/eldiario.bolivia\/","article_published_time":"2025-09-20T11:37:00+00:00","og_image":[{"width":1200,"height":628,"url":"https:\/\/www.eldiario.net\/portal\/wp-content\/uploads\/2023\/06\/Ignacio-Vera-de-Rada-1.jpg","type":"image\/jpeg"}],"author":"Jeanette","twitter_card":"summary_large_image","twitter_creator":"@eldiario_net","twitter_site":"@eldiario_net","twitter_misc":{"Escrito por":"Jeanette","Tiempo de lectura":"4 minutos"},"schema":{"@context":"https:\/\/schema.org","@graph":[{"@type":"Article","@id":"https:\/\/www.eldiario.net\/portal\/2025\/09\/20\/longevidad-vivir-mas-mas-y-mas\/#article","isPartOf":{"@id":"https:\/\/www.eldiario.net\/portal\/2025\/09\/20\/longevidad-vivir-mas-mas-y-mas\/"},"author":{"name":"Jeanette","@id":"https:\/\/www.eldiario.net\/portal\/#\/schema\/person\/f46445640444750d7d753ccd04ae01b7"},"headline":"Longevidad: vivir m\u00e1s, m\u00e1s y m\u00e1s\u2026","datePublished":"2025-09-20T11:37:00+00:00","mainEntityOfPage":{"@id":"https:\/\/www.eldiario.net\/portal\/2025\/09\/20\/longevidad-vivir-mas-mas-y-mas\/"},"wordCount":851,"publisher":{"@id":"https:\/\/www.eldiario.net\/portal\/#organization"},"image":{"@id":"https:\/\/www.eldiario.net\/portal\/2025\/09\/20\/longevidad-vivir-mas-mas-y-mas\/#primaryimage"},"thumbnailUrl":"https:\/\/www.eldiario.net\/portal\/wp-content\/uploads\/2023\/06\/Ignacio-Vera-de-Rada-1.jpg","articleSection":["Opini\u00f3n"],"inLanguage":"es"},{"@type":"WebPage","@id":"https:\/\/www.eldiario.net\/portal\/2025\/09\/20\/longevidad-vivir-mas-mas-y-mas\/","url":"https:\/\/www.eldiario.net\/portal\/2025\/09\/20\/longevidad-vivir-mas-mas-y-mas\/","name":"Longevidad: vivir m\u00e1s, m\u00e1s y m\u00e1s\u2026 - El Diario - Bolivia","isPartOf":{"@id":"https:\/\/www.eldiario.net\/portal\/#website"},"primaryImageOfPage":{"@id":"https:\/\/www.eldiario.net\/portal\/2025\/09\/20\/longevidad-vivir-mas-mas-y-mas\/#primaryimage"},"image":{"@id":"https:\/\/www.eldiario.net\/portal\/2025\/09\/20\/longevidad-vivir-mas-mas-y-mas\/#primaryimage"},"thumbnailUrl":"https:\/\/www.eldiario.net\/portal\/wp-content\/uploads\/2023\/06\/Ignacio-Vera-de-Rada-1.jpg","datePublished":"2025-09-20T11:37:00+00:00","breadcrumb":{"@id":"https:\/\/www.eldiario.net\/portal\/2025\/09\/20\/longevidad-vivir-mas-mas-y-mas\/#breadcrumb"},"inLanguage":"es","potentialAction":[{"@type":"ReadAction","target":["https:\/\/www.eldiario.net\/portal\/2025\/09\/20\/longevidad-vivir-mas-mas-y-mas\/"]}]},{"@type":"ImageObject","inLanguage":"es","@id":"https:\/\/www.eldiario.net\/portal\/2025\/09\/20\/longevidad-vivir-mas-mas-y-mas\/#primaryimage","url":"https:\/\/www.eldiario.net\/portal\/wp-content\/uploads\/2023\/06\/Ignacio-Vera-de-Rada-1.jpg","contentUrl":"https:\/\/www.eldiario.net\/portal\/wp-content\/uploads\/2023\/06\/Ignacio-Vera-de-Rada-1.jpg","width":1200,"height":628,"caption":"Ignacio Vera de Rada"},{"@type":"BreadcrumbList","@id":"https:\/\/www.eldiario.net\/portal\/2025\/09\/20\/longevidad-vivir-mas-mas-y-mas\/#breadcrumb","itemListElement":[{"@type":"ListItem","position":1,"name":"Portada","item":"https:\/\/www.eldiario.net\/portal\/"},{"@type":"ListItem","position":2,"name":"Longevidad: vivir m\u00e1s, m\u00e1s y m\u00e1s\u2026"}]},{"@type":"WebSite","@id":"https:\/\/www.eldiario.net\/portal\/#website","url":"https:\/\/www.eldiario.net\/portal\/","name":"El Diario - Decano de la prensa nacional","description":"El Diario - Decano de la prensa nacional","publisher":{"@id":"https:\/\/www.eldiario.net\/portal\/#organization"},"potentialAction":[{"@type":"SearchAction","target":{"@type":"EntryPoint","urlTemplate":"https:\/\/www.eldiario.net\/portal\/?s={search_term_string}"},"query-input":{"@type":"PropertyValueSpecification","valueRequired":true,"valueName":"search_term_string"}}],"inLanguage":"es"},{"@type":"Organization","@id":"https:\/\/www.eldiario.net\/portal\/#organization","name":"El Diario - Decano de la prensa nacional","url":"https:\/\/www.eldiario.net\/portal\/","logo":{"@type":"ImageObject","inLanguage":"es","@id":"https:\/\/www.eldiario.net\/portal\/#\/schema\/logo\/image\/","url":"https:\/\/www.eldiario.net\/portal\/wp-content\/uploads\/2023\/07\/logo_ED.jpg","contentUrl":"https:\/\/www.eldiario.net\/portal\/wp-content\/uploads\/2023\/07\/logo_ED.jpg","width":272,"height":52,"caption":"El Diario - Decano de la prensa nacional"},"image":{"@id":"https:\/\/www.eldiario.net\/portal\/#\/schema\/logo\/image\/"},"sameAs":["https:\/\/www.facebook.com\/eldiario.bolivia\/","https:\/\/x.com\/eldiario_net"]},{"@type":"Person","@id":"https:\/\/www.eldiario.net\/portal\/#\/schema\/person\/f46445640444750d7d753ccd04ae01b7","name":"Jeanette","image":{"@type":"ImageObject","inLanguage":"es","@id":"https:\/\/secure.gravatar.com\/avatar\/3ea2118a5f7dad2b7138b1187a6b7ee55f160b9968b66013c3a3ef39dd7e5798?s=96&d=mm&r=g","url":"https:\/\/secure.gravatar.com\/avatar\/3ea2118a5f7dad2b7138b1187a6b7ee55f160b9968b66013c3a3ef39dd7e5798?s=96&d=mm&r=g","contentUrl":"https:\/\/secure.gravatar.com\/avatar\/3ea2118a5f7dad2b7138b1187a6b7ee55f160b9968b66013c3a3ef39dd7e5798?s=96&d=mm&r=g","caption":"Jeanette"},"sameAs":["https:\/\/www.eldiario.net\/portal"],"url":"https:\/\/www.eldiario.net\/portal\/author\/jeanette\/"}]}},"_links":{"self":[{"href":"https:\/\/www.eldiario.net\/portal\/wp-json\/wp\/v2\/posts\/332609","targetHints":{"allow":["GET"]}}],"collection":[{"href":"https:\/\/www.eldiario.net\/portal\/wp-json\/wp\/v2\/posts"}],"about":[{"href":"https:\/\/www.eldiario.net\/portal\/wp-json\/wp\/v2\/types\/post"}],"author":[{"embeddable":true,"href":"https:\/\/www.eldiario.net\/portal\/wp-json\/wp\/v2\/users\/1"}],"replies":[{"embeddable":true,"href":"https:\/\/www.eldiario.net\/portal\/wp-json\/wp\/v2\/comments?post=332609"}],"version-history":[{"count":1,"href":"https:\/\/www.eldiario.net\/portal\/wp-json\/wp\/v2\/posts\/332609\/revisions"}],"predecessor-version":[{"id":332610,"href":"https:\/\/www.eldiario.net\/portal\/wp-json\/wp\/v2\/posts\/332609\/revisions\/332610"}],"wp:featuredmedia":[{"embeddable":true,"href":"https:\/\/www.eldiario.net\/portal\/wp-json\/wp\/v2\/media\/158964"}],"wp:attachment":[{"href":"https:\/\/www.eldiario.net\/portal\/wp-json\/wp\/v2\/media?parent=332609"}],"wp:term":[{"taxonomy":"category","embeddable":true,"href":"https:\/\/www.eldiario.net\/portal\/wp-json\/wp\/v2\/categories?post=332609"},{"taxonomy":"post_tag","embeddable":true,"href":"https:\/\/www.eldiario.net\/portal\/wp-json\/wp\/v2\/tags?post=332609"}],"curies":[{"name":"wp","href":"https:\/\/api.w.org\/{rel}","templated":true}]}}