{"id":332607,"date":"2025-09-20T07:36:34","date_gmt":"2025-09-20T11:36:34","guid":{"rendered":"https:\/\/www.eldiario.net\/portal\/?p=332607"},"modified":"2025-09-20T07:36:34","modified_gmt":"2025-09-20T11:36:34","slug":"guerra-sucia-o-torpes-declaraciones","status":"publish","type":"post","link":"https:\/\/www.eldiario.net\/portal\/2025\/09\/20\/guerra-sucia-o-torpes-declaraciones\/","title":{"rendered":"\u00bfGuerra sucia o torpes declaraciones?"},"content":{"rendered":"<p>Hace medio siglo &#8211;despu\u00e9s de los a\u00f1os de resistencia a las dictaduras, de la hist\u00f3rica Huelga de Hambre de 18 d\u00edas, de la victoria por tres veces consecutivas de un frente de izquierda y de las multitudinarias manifestaciones populares&#8211; el 14 de julio de 1985, el general Hugo Banzer Su\u00e1rez gan\u00f3 las elecciones con medio mill\u00f3n de votos.<br \/>\n\u00bfPor qu\u00e9 pudo triunfar en las urnas el antiguo dictador? En 1978, el banzerismo no hab\u00eda podido vencer ni con un enorme fraude en las urnas rurales. En un quinquenio, triunf\u00f3. En una d\u00e9cada, presidi\u00f3 un gobierno constitucional.<br \/>\nEn el olvido quedaron los siete a\u00f1os de violaci\u00f3n de los Derechos Humanos, los desaparecidos, los asesinados, los encarcelados, los perseguidos. Quedaban borrosas las denuncias sobre la deuda externa, el derroche de los recursos ingresados en un boom de precios de los minerales.<br \/>\nEl fracaso de la gesti\u00f3n de la izquierda en el poder fue contundente. La promesa de solucionar los problemas en 100 d\u00edas qued\u00f3 rid\u00edcula. El Movimiento de la Izquierda Revolucionaria (MIR) cometi\u00f3 errores que hundieron a\u00fan m\u00e1s las finanzas p\u00fablicas y la econom\u00eda de los hogares. Filem\u00f3n Esc\u00f3bar, d\u00e9cadas despu\u00e9s, realiz\u00f3 una autocr\u00edtica del rol del movimiento obrero en el desgaste de la Unidad Democr\u00e1tica Popular (UDP).<br \/>\nHern\u00e1n Siles Zuazo tuvo que acortar su mandato. Su sucesor fue V\u00edctor Paz Estenssoro, quien implement\u00f3 la Nueva Pol\u00edtica Econ\u00f3mica a trav\u00e9s del DS 21.060 con los resultados que han sido analizados estos d\u00edas por expertos y economistas.<br \/>\nGuillermo Bedregal Guti\u00e9rrez, corresponsable de la Masacre de Todos Santos, volvi\u00f3 a ser ministro. Miles de trabajadores quedaron sin trabajo. Adi\u00f3s a las mujeres que ayunaron para lograr las libertades para todos. Los militares gozan del 100% de jubilaci\u00f3n. La izquierda se redujo a un par de diputados, unos cambiaron de bando y otros refugiaron su desilusi\u00f3n en el alcohol o en alguna ONG.<br \/>\nLos periodistas quedaron desconcertados. Era m\u00e1s f\u00e1cil identificar en las dictaduras al enemigo principal; luchar, organizar cadenas radiales, sacar publicaciones clandestinas, ayudar a difundir las convocatorias sindicales. En la democracia se impuso la banalidad.<br \/>\nEn 2016, los bolivianos se auto convocaron en un inmenso movimiento civil para derrotar a un gobierno autoritario que quer\u00eda perpetuarse en el poder. Aun con estrategias oscuras para esconder la victoria del NO a la reelecci\u00f3n, fue imposible taparla.<br \/>\nEn los siguientes a\u00f1os Evo Morales, \u00c1lvaro Garc\u00eda Linera, Juan Ram\u00f3n Quintana, Sacha Llorenti, Teresa Morales, Alfredo Rada, Hugo Moldiz H\u00e9ctor Arce Zaconeta, Adriana Salvatierra, Eusebio Gironda, Jos\u00e9 Luis Gringo Gonz\u00e1les y todo un aparato de abogados, de periodistas, de pol\u00edticos inventaron una c\u00fapula legal para justificar la re re re candidatura de Morales-Garc\u00eda Linera.<br \/>\nEn 2019, otra vez la poblaci\u00f3n se auto convoc\u00f3. Fue mucho m\u00e1s all\u00e1 de los c\u00e1lculos de pol\u00edticos. Las abuelas, las madres, las guaguas fueron la vanguardia de una in\u00e9dita movilizaci\u00f3n que cubri\u00f3 todo el pa\u00eds. Pititas y banderas tricolores derrotaron a las bandas de sicarios y pandilleros. Los periodistas cubrieron la epopeya.<br \/>\n\u00bfPara qu\u00e9? Para que asuma un gobierno transitorio constitucional que pronto mostr\u00f3 m\u00e1s angurria que sus antecesores. Jeanine A\u00f1ez fue valiente, pero ingenua y hasta c\u00f3mplice con el saqueo de funcionarios, de militantes de partidos que no hab\u00edan logrado ni el 5% de los votos, de personajes que no conoc\u00edan el funcionamiento de la administraci\u00f3n p\u00fablica.<br \/>\nEl derrotado Movimiento al Socialismo retorn\u00f3 triunfante con m\u00e1s de 50% de votos, un amplio respaldo internacional y una enorme sed de venganza. El ministro Iv\u00e1n Lima encabez\u00f3 la persecuci\u00f3n a todo sospechoso; burl\u00f3 la normativa para apresar a una expresidenta. El l\u00edder c\u00edvico potosino que hab\u00eda dado rostro al movimiento ciudadano fue encerrado en la c\u00e1rcel destinada a los delincuentes m\u00e1s peligrosos. El gobernador electo de Santa Cruz fue secuestrado. Eduardo Del Castillo apres\u00f3 a la dirigencia cocalera yungue\u00f1a. Lo que quedaba del sindicalismo independiente fue desmantelado. Los \u00faltimos medios de prensa con voz diferente a la oficial fueron comprados, censurados, acogotados.<br \/>\nEn estos d\u00edas, despu\u00e9s de la resistencia de 20 a\u00f1os, otra vez el provenir asoma siniestro. Vuelve el discurso acusando de los males a los \u201cgringos\u201d, a los \u201cricos\u201d, a la \u201cMedia Luna\u201d. Rodrigo Paz declar\u00f3: \u201cno permitiremos que le roben el voto al pueblo\u201d. Consider\u00f3 que una conspiraci\u00f3n de los poderosos busca evitar una posible victoria de su binomio. \u00bfLes suena ese tono de amenazas?<br \/>\nLo peor. Vuelve la narrativa contra la libertad de prensa, contra los periodistas, contra los medios. Vuelven los pretextos de \u201cguerra sucia\u201d para silenciar los comentarios sobre las declaraciones torpes del (no) capit\u00e1n de polic\u00eda Edman Lara. \u00bfAcaso resistimos dos d\u00e9cadas para prolongar el autoritarismo?<\/p>\n","protected":false},"excerpt":{"rendered":"<p>Hace medio siglo &#8211;despu\u00e9s de los a\u00f1os de resistencia a las dictaduras, de la hist\u00f3rica Huelga de Hambre de 18 d\u00edas, de la victoria por tres veces consecutivas de un frente de izquierda y de las multitudinarias manifestaciones populares&#8211; el 14 de julio de 1985, el general Hugo Banzer Su\u00e1rez gan\u00f3 las elecciones con medio [&hellip;]<\/p>\n","protected":false},"author":1,"featured_media":157862,"comment_status":"closed","ping_status":"open","sticky":false,"template":"","format":"standard","meta":{"_acf_changed":false,"footnotes":""},"categories":[9],"tags":[],"class_list":["post-332607","post","type-post","status-publish","format-standard","has-post-thumbnail","category-opinion"],"acf":{"antetitulo":"Desde la tierra"},"yoast_head":"<!-- This site is optimized with the Yoast SEO plugin v28.4 - https:\/\/yoast.com\/product\/yoast-seo-wordpress\/ -->\n<title>\u00bfGuerra sucia o torpes declaraciones? - El Diario - Bolivia<\/title>\n<meta name=\"robots\" content=\"index, follow, max-snippet:-1, max-image-preview:large, max-video-preview:-1\" \/>\n<link rel=\"canonical\" href=\"https:\/\/www.eldiario.net\/portal\/2025\/09\/20\/guerra-sucia-o-torpes-declaraciones\/\" \/>\n<meta property=\"og:locale\" content=\"es_ES\" \/>\n<meta property=\"og:type\" content=\"article\" \/>\n<meta property=\"og:title\" content=\"\u00bfGuerra sucia o torpes declaraciones? - El Diario - Bolivia\" \/>\n<meta property=\"og:description\" content=\"Hace medio siglo &#8211;despu\u00e9s de los a\u00f1os de resistencia a las dictaduras, de la hist\u00f3rica Huelga de Hambre de 18 d\u00edas, de la victoria por tres veces consecutivas de un frente de izquierda y de las multitudinarias manifestaciones populares&#8211; el 14 de julio de 1985, el general Hugo Banzer Su\u00e1rez gan\u00f3 las elecciones con medio [&hellip;]\" \/>\n<meta property=\"og:url\" content=\"https:\/\/www.eldiario.net\/portal\/2025\/09\/20\/guerra-sucia-o-torpes-declaraciones\/\" \/>\n<meta property=\"og:site_name\" content=\"El Diario - Bolivia\" \/>\n<meta property=\"article:publisher\" content=\"https:\/\/www.facebook.com\/eldiario.bolivia\/\" \/>\n<meta property=\"article:published_time\" content=\"2025-09-20T11:36:34+00:00\" \/>\n<meta property=\"og:image\" content=\"https:\/\/www.eldiario.net\/portal\/wp-content\/uploads\/2023\/06\/Lupe-Cajias.jpg\" \/>\n\t<meta property=\"og:image:width\" content=\"1200\" \/>\n\t<meta property=\"og:image:height\" content=\"628\" \/>\n\t<meta property=\"og:image:type\" content=\"image\/jpeg\" \/>\n<meta name=\"author\" content=\"Jeanette\" \/>\n<meta name=\"twitter:card\" content=\"summary_large_image\" \/>\n<meta name=\"twitter:creator\" content=\"@eldiario_net\" \/>\n<meta name=\"twitter:site\" content=\"@eldiario_net\" \/>\n<meta name=\"twitter:label1\" content=\"Escrito por\" \/>\n\t<meta name=\"twitter:data1\" content=\"Jeanette\" \/>\n\t<meta name=\"twitter:label2\" content=\"Tiempo de lectura\" \/>\n\t<meta name=\"twitter:data2\" content=\"4 minutos\" \/>\n<script type=\"application\/ld+json\" class=\"yoast-schema-graph\">{\"@context\":\"https:\\\/\\\/schema.org\",\"@graph\":[{\"@type\":\"Article\",\"@id\":\"https:\\\/\\\/www.eldiario.net\\\/portal\\\/2025\\\/09\\\/20\\\/guerra-sucia-o-torpes-declaraciones\\\/#article\",\"isPartOf\":{\"@id\":\"https:\\\/\\\/www.eldiario.net\\\/portal\\\/2025\\\/09\\\/20\\\/guerra-sucia-o-torpes-declaraciones\\\/\"},\"author\":{\"name\":\"Jeanette\",\"@id\":\"https:\\\/\\\/www.eldiario.net\\\/portal\\\/#\\\/schema\\\/person\\\/f46445640444750d7d753ccd04ae01b7\"},\"headline\":\"\u00bfGuerra sucia o torpes declaraciones?\",\"datePublished\":\"2025-09-20T11:36:34+00:00\",\"mainEntityOfPage\":{\"@id\":\"https:\\\/\\\/www.eldiario.net\\\/portal\\\/2025\\\/09\\\/20\\\/guerra-sucia-o-torpes-declaraciones\\\/\"},\"wordCount\":828,\"publisher\":{\"@id\":\"https:\\\/\\\/www.eldiario.net\\\/portal\\\/#organization\"},\"image\":{\"@id\":\"https:\\\/\\\/www.eldiario.net\\\/portal\\\/2025\\\/09\\\/20\\\/guerra-sucia-o-torpes-declaraciones\\\/#primaryimage\"},\"thumbnailUrl\":\"https:\\\/\\\/www.eldiario.net\\\/portal\\\/wp-content\\\/uploads\\\/2023\\\/06\\\/Lupe-Cajias.jpg\",\"articleSection\":[\"Opini\u00f3n\"],\"inLanguage\":\"es\"},{\"@type\":\"WebPage\",\"@id\":\"https:\\\/\\\/www.eldiario.net\\\/portal\\\/2025\\\/09\\\/20\\\/guerra-sucia-o-torpes-declaraciones\\\/\",\"url\":\"https:\\\/\\\/www.eldiario.net\\\/portal\\\/2025\\\/09\\\/20\\\/guerra-sucia-o-torpes-declaraciones\\\/\",\"name\":\"\u00bfGuerra sucia o torpes declaraciones? - El Diario - Bolivia\",\"isPartOf\":{\"@id\":\"https:\\\/\\\/www.eldiario.net\\\/portal\\\/#website\"},\"primaryImageOfPage\":{\"@id\":\"https:\\\/\\\/www.eldiario.net\\\/portal\\\/2025\\\/09\\\/20\\\/guerra-sucia-o-torpes-declaraciones\\\/#primaryimage\"},\"image\":{\"@id\":\"https:\\\/\\\/www.eldiario.net\\\/portal\\\/2025\\\/09\\\/20\\\/guerra-sucia-o-torpes-declaraciones\\\/#primaryimage\"},\"thumbnailUrl\":\"https:\\\/\\\/www.eldiario.net\\\/portal\\\/wp-content\\\/uploads\\\/2023\\\/06\\\/Lupe-Cajias.jpg\",\"datePublished\":\"2025-09-20T11:36:34+00:00\",\"breadcrumb\":{\"@id\":\"https:\\\/\\\/www.eldiario.net\\\/portal\\\/2025\\\/09\\\/20\\\/guerra-sucia-o-torpes-declaraciones\\\/#breadcrumb\"},\"inLanguage\":\"es\",\"potentialAction\":[{\"@type\":\"ReadAction\",\"target\":[\"https:\\\/\\\/www.eldiario.net\\\/portal\\\/2025\\\/09\\\/20\\\/guerra-sucia-o-torpes-declaraciones\\\/\"]}]},{\"@type\":\"ImageObject\",\"inLanguage\":\"es\",\"@id\":\"https:\\\/\\\/www.eldiario.net\\\/portal\\\/2025\\\/09\\\/20\\\/guerra-sucia-o-torpes-declaraciones\\\/#primaryimage\",\"url\":\"https:\\\/\\\/www.eldiario.net\\\/portal\\\/wp-content\\\/uploads\\\/2023\\\/06\\\/Lupe-Cajias.jpg\",\"contentUrl\":\"https:\\\/\\\/www.eldiario.net\\\/portal\\\/wp-content\\\/uploads\\\/2023\\\/06\\\/Lupe-Cajias.jpg\",\"width\":1200,\"height\":628,\"caption\":\"Lupe Caj\u00edas\"},{\"@type\":\"BreadcrumbList\",\"@id\":\"https:\\\/\\\/www.eldiario.net\\\/portal\\\/2025\\\/09\\\/20\\\/guerra-sucia-o-torpes-declaraciones\\\/#breadcrumb\",\"itemListElement\":[{\"@type\":\"ListItem\",\"position\":1,\"name\":\"Portada\",\"item\":\"https:\\\/\\\/www.eldiario.net\\\/portal\\\/\"},{\"@type\":\"ListItem\",\"position\":2,\"name\":\"\u00bfGuerra sucia o torpes declaraciones?\"}]},{\"@type\":\"WebSite\",\"@id\":\"https:\\\/\\\/www.eldiario.net\\\/portal\\\/#website\",\"url\":\"https:\\\/\\\/www.eldiario.net\\\/portal\\\/\",\"name\":\"El Diario - Decano de la prensa nacional\",\"description\":\"El Diario - Decano de la prensa nacional\",\"publisher\":{\"@id\":\"https:\\\/\\\/www.eldiario.net\\\/portal\\\/#organization\"},\"potentialAction\":[{\"@type\":\"SearchAction\",\"target\":{\"@type\":\"EntryPoint\",\"urlTemplate\":\"https:\\\/\\\/www.eldiario.net\\\/portal\\\/?s={search_term_string}\"},\"query-input\":{\"@type\":\"PropertyValueSpecification\",\"valueRequired\":true,\"valueName\":\"search_term_string\"}}],\"inLanguage\":\"es\"},{\"@type\":\"Organization\",\"@id\":\"https:\\\/\\\/www.eldiario.net\\\/portal\\\/#organization\",\"name\":\"El Diario - Decano de la prensa nacional\",\"url\":\"https:\\\/\\\/www.eldiario.net\\\/portal\\\/\",\"logo\":{\"@type\":\"ImageObject\",\"inLanguage\":\"es\",\"@id\":\"https:\\\/\\\/www.eldiario.net\\\/portal\\\/#\\\/schema\\\/logo\\\/image\\\/\",\"url\":\"https:\\\/\\\/www.eldiario.net\\\/portal\\\/wp-content\\\/uploads\\\/2023\\\/07\\\/logo_ED.jpg\",\"contentUrl\":\"https:\\\/\\\/www.eldiario.net\\\/portal\\\/wp-content\\\/uploads\\\/2023\\\/07\\\/logo_ED.jpg\",\"width\":272,\"height\":52,\"caption\":\"El Diario - Decano de la prensa nacional\"},\"image\":{\"@id\":\"https:\\\/\\\/www.eldiario.net\\\/portal\\\/#\\\/schema\\\/logo\\\/image\\\/\"},\"sameAs\":[\"https:\\\/\\\/www.facebook.com\\\/eldiario.bolivia\\\/\",\"https:\\\/\\\/x.com\\\/eldiario_net\"]},{\"@type\":\"Person\",\"@id\":\"https:\\\/\\\/www.eldiario.net\\\/portal\\\/#\\\/schema\\\/person\\\/f46445640444750d7d753ccd04ae01b7\",\"name\":\"Jeanette\",\"image\":{\"@type\":\"ImageObject\",\"inLanguage\":\"es\",\"@id\":\"https:\\\/\\\/secure.gravatar.com\\\/avatar\\\/3ea2118a5f7dad2b7138b1187a6b7ee55f160b9968b66013c3a3ef39dd7e5798?s=96&d=mm&r=g\",\"url\":\"https:\\\/\\\/secure.gravatar.com\\\/avatar\\\/3ea2118a5f7dad2b7138b1187a6b7ee55f160b9968b66013c3a3ef39dd7e5798?s=96&d=mm&r=g\",\"contentUrl\":\"https:\\\/\\\/secure.gravatar.com\\\/avatar\\\/3ea2118a5f7dad2b7138b1187a6b7ee55f160b9968b66013c3a3ef39dd7e5798?s=96&d=mm&r=g\",\"caption\":\"Jeanette\"},\"sameAs\":[\"https:\\\/\\\/www.eldiario.net\\\/portal\"],\"url\":\"https:\\\/\\\/www.eldiario.net\\\/portal\\\/author\\\/jeanette\\\/\"}]}<\/script>\n<!-- \/ Yoast SEO plugin. -->","yoast_head_json":{"title":"\u00bfGuerra sucia o torpes declaraciones? - El Diario - Bolivia","robots":{"index":"index","follow":"follow","max-snippet":"max-snippet:-1","max-image-preview":"max-image-preview:large","max-video-preview":"max-video-preview:-1"},"canonical":"https:\/\/www.eldiario.net\/portal\/2025\/09\/20\/guerra-sucia-o-torpes-declaraciones\/","og_locale":"es_ES","og_type":"article","og_title":"\u00bfGuerra sucia o torpes declaraciones? - El Diario - Bolivia","og_description":"Hace medio siglo &#8211;despu\u00e9s de los a\u00f1os de resistencia a las dictaduras, de la hist\u00f3rica Huelga de Hambre de 18 d\u00edas, de la victoria por tres veces consecutivas de un frente de izquierda y de las multitudinarias manifestaciones populares&#8211; el 14 de julio de 1985, el general Hugo Banzer Su\u00e1rez gan\u00f3 las elecciones con medio [&hellip;]","og_url":"https:\/\/www.eldiario.net\/portal\/2025\/09\/20\/guerra-sucia-o-torpes-declaraciones\/","og_site_name":"El Diario - Bolivia","article_publisher":"https:\/\/www.facebook.com\/eldiario.bolivia\/","article_published_time":"2025-09-20T11:36:34+00:00","og_image":[{"width":1200,"height":628,"url":"https:\/\/www.eldiario.net\/portal\/wp-content\/uploads\/2023\/06\/Lupe-Cajias.jpg","type":"image\/jpeg"}],"author":"Jeanette","twitter_card":"summary_large_image","twitter_creator":"@eldiario_net","twitter_site":"@eldiario_net","twitter_misc":{"Escrito por":"Jeanette","Tiempo de lectura":"4 minutos"},"schema":{"@context":"https:\/\/schema.org","@graph":[{"@type":"Article","@id":"https:\/\/www.eldiario.net\/portal\/2025\/09\/20\/guerra-sucia-o-torpes-declaraciones\/#article","isPartOf":{"@id":"https:\/\/www.eldiario.net\/portal\/2025\/09\/20\/guerra-sucia-o-torpes-declaraciones\/"},"author":{"name":"Jeanette","@id":"https:\/\/www.eldiario.net\/portal\/#\/schema\/person\/f46445640444750d7d753ccd04ae01b7"},"headline":"\u00bfGuerra sucia o torpes declaraciones?","datePublished":"2025-09-20T11:36:34+00:00","mainEntityOfPage":{"@id":"https:\/\/www.eldiario.net\/portal\/2025\/09\/20\/guerra-sucia-o-torpes-declaraciones\/"},"wordCount":828,"publisher":{"@id":"https:\/\/www.eldiario.net\/portal\/#organization"},"image":{"@id":"https:\/\/www.eldiario.net\/portal\/2025\/09\/20\/guerra-sucia-o-torpes-declaraciones\/#primaryimage"},"thumbnailUrl":"https:\/\/www.eldiario.net\/portal\/wp-content\/uploads\/2023\/06\/Lupe-Cajias.jpg","articleSection":["Opini\u00f3n"],"inLanguage":"es"},{"@type":"WebPage","@id":"https:\/\/www.eldiario.net\/portal\/2025\/09\/20\/guerra-sucia-o-torpes-declaraciones\/","url":"https:\/\/www.eldiario.net\/portal\/2025\/09\/20\/guerra-sucia-o-torpes-declaraciones\/","name":"\u00bfGuerra sucia o torpes declaraciones? - El Diario - Bolivia","isPartOf":{"@id":"https:\/\/www.eldiario.net\/portal\/#website"},"primaryImageOfPage":{"@id":"https:\/\/www.eldiario.net\/portal\/2025\/09\/20\/guerra-sucia-o-torpes-declaraciones\/#primaryimage"},"image":{"@id":"https:\/\/www.eldiario.net\/portal\/2025\/09\/20\/guerra-sucia-o-torpes-declaraciones\/#primaryimage"},"thumbnailUrl":"https:\/\/www.eldiario.net\/portal\/wp-content\/uploads\/2023\/06\/Lupe-Cajias.jpg","datePublished":"2025-09-20T11:36:34+00:00","breadcrumb":{"@id":"https:\/\/www.eldiario.net\/portal\/2025\/09\/20\/guerra-sucia-o-torpes-declaraciones\/#breadcrumb"},"inLanguage":"es","potentialAction":[{"@type":"ReadAction","target":["https:\/\/www.eldiario.net\/portal\/2025\/09\/20\/guerra-sucia-o-torpes-declaraciones\/"]}]},{"@type":"ImageObject","inLanguage":"es","@id":"https:\/\/www.eldiario.net\/portal\/2025\/09\/20\/guerra-sucia-o-torpes-declaraciones\/#primaryimage","url":"https:\/\/www.eldiario.net\/portal\/wp-content\/uploads\/2023\/06\/Lupe-Cajias.jpg","contentUrl":"https:\/\/www.eldiario.net\/portal\/wp-content\/uploads\/2023\/06\/Lupe-Cajias.jpg","width":1200,"height":628,"caption":"Lupe Caj\u00edas"},{"@type":"BreadcrumbList","@id":"https:\/\/www.eldiario.net\/portal\/2025\/09\/20\/guerra-sucia-o-torpes-declaraciones\/#breadcrumb","itemListElement":[{"@type":"ListItem","position":1,"name":"Portada","item":"https:\/\/www.eldiario.net\/portal\/"},{"@type":"ListItem","position":2,"name":"\u00bfGuerra sucia o torpes declaraciones?"}]},{"@type":"WebSite","@id":"https:\/\/www.eldiario.net\/portal\/#website","url":"https:\/\/www.eldiario.net\/portal\/","name":"El Diario - Decano de la prensa nacional","description":"El Diario - Decano de la prensa nacional","publisher":{"@id":"https:\/\/www.eldiario.net\/portal\/#organization"},"potentialAction":[{"@type":"SearchAction","target":{"@type":"EntryPoint","urlTemplate":"https:\/\/www.eldiario.net\/portal\/?s={search_term_string}"},"query-input":{"@type":"PropertyValueSpecification","valueRequired":true,"valueName":"search_term_string"}}],"inLanguage":"es"},{"@type":"Organization","@id":"https:\/\/www.eldiario.net\/portal\/#organization","name":"El Diario - Decano de la prensa nacional","url":"https:\/\/www.eldiario.net\/portal\/","logo":{"@type":"ImageObject","inLanguage":"es","@id":"https:\/\/www.eldiario.net\/portal\/#\/schema\/logo\/image\/","url":"https:\/\/www.eldiario.net\/portal\/wp-content\/uploads\/2023\/07\/logo_ED.jpg","contentUrl":"https:\/\/www.eldiario.net\/portal\/wp-content\/uploads\/2023\/07\/logo_ED.jpg","width":272,"height":52,"caption":"El Diario - Decano de la prensa nacional"},"image":{"@id":"https:\/\/www.eldiario.net\/portal\/#\/schema\/logo\/image\/"},"sameAs":["https:\/\/www.facebook.com\/eldiario.bolivia\/","https:\/\/x.com\/eldiario_net"]},{"@type":"Person","@id":"https:\/\/www.eldiario.net\/portal\/#\/schema\/person\/f46445640444750d7d753ccd04ae01b7","name":"Jeanette","image":{"@type":"ImageObject","inLanguage":"es","@id":"https:\/\/secure.gravatar.com\/avatar\/3ea2118a5f7dad2b7138b1187a6b7ee55f160b9968b66013c3a3ef39dd7e5798?s=96&d=mm&r=g","url":"https:\/\/secure.gravatar.com\/avatar\/3ea2118a5f7dad2b7138b1187a6b7ee55f160b9968b66013c3a3ef39dd7e5798?s=96&d=mm&r=g","contentUrl":"https:\/\/secure.gravatar.com\/avatar\/3ea2118a5f7dad2b7138b1187a6b7ee55f160b9968b66013c3a3ef39dd7e5798?s=96&d=mm&r=g","caption":"Jeanette"},"sameAs":["https:\/\/www.eldiario.net\/portal"],"url":"https:\/\/www.eldiario.net\/portal\/author\/jeanette\/"}]}},"_links":{"self":[{"href":"https:\/\/www.eldiario.net\/portal\/wp-json\/wp\/v2\/posts\/332607","targetHints":{"allow":["GET"]}}],"collection":[{"href":"https:\/\/www.eldiario.net\/portal\/wp-json\/wp\/v2\/posts"}],"about":[{"href":"https:\/\/www.eldiario.net\/portal\/wp-json\/wp\/v2\/types\/post"}],"author":[{"embeddable":true,"href":"https:\/\/www.eldiario.net\/portal\/wp-json\/wp\/v2\/users\/1"}],"replies":[{"embeddable":true,"href":"https:\/\/www.eldiario.net\/portal\/wp-json\/wp\/v2\/comments?post=332607"}],"version-history":[{"count":1,"href":"https:\/\/www.eldiario.net\/portal\/wp-json\/wp\/v2\/posts\/332607\/revisions"}],"predecessor-version":[{"id":332608,"href":"https:\/\/www.eldiario.net\/portal\/wp-json\/wp\/v2\/posts\/332607\/revisions\/332608"}],"wp:featuredmedia":[{"embeddable":true,"href":"https:\/\/www.eldiario.net\/portal\/wp-json\/wp\/v2\/media\/157862"}],"wp:attachment":[{"href":"https:\/\/www.eldiario.net\/portal\/wp-json\/wp\/v2\/media?parent=332607"}],"wp:term":[{"taxonomy":"category","embeddable":true,"href":"https:\/\/www.eldiario.net\/portal\/wp-json\/wp\/v2\/categories?post=332607"},{"taxonomy":"post_tag","embeddable":true,"href":"https:\/\/www.eldiario.net\/portal\/wp-json\/wp\/v2\/tags?post=332607"}],"curies":[{"name":"wp","href":"https:\/\/api.w.org\/{rel}","templated":true}]}}