{"id":332602,"date":"2025-09-20T07:35:25","date_gmt":"2025-09-20T11:35:25","guid":{"rendered":"https:\/\/www.eldiario.net\/portal\/?p=332602"},"modified":"2025-09-20T07:35:25","modified_gmt":"2025-09-20T11:35:25","slug":"nacionalizacion-de-autos-chutos-traera-mas-perjuicio-que-beneficio","status":"publish","type":"post","link":"https:\/\/www.eldiario.net\/portal\/2025\/09\/20\/nacionalizacion-de-autos-chutos-traera-mas-perjuicio-que-beneficio\/","title":{"rendered":"Nacionalizaci\u00f3n de autos \u201cchutos\u201d  traer\u00e1 m\u00e1s perjuicio que beneficio"},"content":{"rendered":"<p>La nacionalizaci\u00f3n de los autos \u201cchutos\u201d (indocumentados), anunciado por candidatos a la presidencia, traer\u00e1 m\u00e1s perjuicio que beneficio. Los veh\u00edculos ilegales en el pa\u00eds generar\u00e1n una gran p\u00e9rdida econ\u00f3mica y la medida afectar\u00e1 a m\u00e1s de 10.000 fuentes laborales directas, afirm\u00f3 el gerente general de la C\u00e1mara Automotor Boliviana, Luis Encinas, en contacto con la prensa.<br \/>\nTras el anuncio de legalizar autos \u201cchutos\u201d por parte de Rodrigo Paz y Edman Lara del Partido Dem\u00f3crata Cristiano (PDC), y que ya tuvo un roce a nivel internacional, pues la informaci\u00f3n caus\u00f3 incremento de robos de veh\u00edculos en Chile, lo que provoc\u00f3 protestas de parte de autoridades y candidatos en el vecino pa\u00eds.<br \/>\nLa C\u00e1mara Automotor Boliviana rechaza una nueva nacionalizaci\u00f3n, debido al da\u00f1o econ\u00f3mico y social que provocar\u00e1 a Bolivia. El representante del sector inform\u00f3 que en 2013 se aplic\u00f3 esta medida y se ten\u00eda que recabar un monto, por el pago de 1.400 d\u00f3lares por m\u00f3vil, y ahora el PDC busca recaudar alrededor de 1.000 millones de d\u00f3lares con una cuota de 2.000.<br \/>\nSin embargo, explic\u00f3 que, si bien se hizo la nacionalizaci\u00f3n, pero por temas econ\u00f3micos, los propietarios pidieron diferimiento. Pagaron la primera cuota y el saldo, el Estado no logr\u00f3 cobrar debido a que los veh\u00edculos fueron transferidos a terceros; por lo tanto, no se logr\u00f3 alcanzar la recaudaci\u00f3n proyectada.<br \/>\nA eso hay que sumar la depreciaci\u00f3n que se registrar\u00e1 de los veh\u00edculos, que adquirieron las personas de forma legal de las importadoras, ya que los permisos para la internaci\u00f3n de los autos tendr\u00e1n un precio bajo, acot\u00f3.<br \/>\nRecord\u00f3 que el sector informal llega a 86%, porque el Gobierno estrangula al 14% del sector formal por las acciones del Estado. \u201cEn Bolivia es dif\u00edcil ser formal\u201d, apunt\u00f3.<br \/>\nPor ello pidi\u00f3 a los partidos en carrera que dejen de hacer ese tipo de propuestas y no vayan contra la normativa boliviana. Indic\u00f3 que invitaron a los candidatos para que reciban la informaci\u00f3n sobre las consecuencias de la nacionalizaci\u00f3n y el impacto negativo en el sector formal.<br \/>\nParque automotor<br \/>\nMientras el parque automotor se va renovando en el mundo, en Bolivia est\u00e1 envejeciendo, seg\u00fan los \u00faltimos datos estad\u00edsticos del Instituto Nacional de Estad\u00edstica (INE), hay veh\u00edculos de m\u00e1s de 52 a\u00f1os que siguen circulando y prestando servicio p\u00fablico, lament\u00f3.<br \/>\nSe\u00f1al\u00f3 que la revisi\u00f3n t\u00e9cnica vehicular hubiera frenado la circulaci\u00f3n de modelos antiguos, pero lamentablemente las revisiones no se hacen como deber\u00eda ser, sino que se compran los documentos.<br \/>\nDatos<br \/>\nAsimismo, por dos pasos fronterizos de Chile, Parinacota y Tarapac\u00e1, se registra un contrabando de 2.500 millones de d\u00f3lares, el 70% ingresa a Bolivia, y de este porcentaje, el 60% representa el ingreso de autos \u201cchutos\u201d, cuya cifra bordear\u00eda los 1.000 millones, cada a\u00f1o.<br \/>\nPuntualiz\u00f3 que alrededor de 400 mil veh\u00edculos estar\u00edan en circulaci\u00f3n y casi un mill\u00f3n listos para ser vendidos. Dijo que el sector importador automotriz mueve alrededor de 3.000 millones de d\u00f3lares anualmente y en tributos pagan cerca de 500 millones.<br \/>\nContrabando<br \/>\nLa C\u00e1mara Nacional de Industrias (CNI) expres\u00f3 su preocupaci\u00f3n por el desmedido crecimiento del contrabando en el pa\u00eds y plante\u00f3 a los parlamentarios electos una reforma a la Ley 2492 del C\u00f3digo Tributario, seg\u00fan Radio Fides Bolivia divulgado en su cuenta @GrupoFides.<br \/>\nPara el asesor econ\u00f3mico de la CNI, Hugo Siles, esa normativa resulta actualmente \u201cbenigna\u201d con quienes est\u00e1n involucrados en este delito, que ya tiene car\u00e1cter internacional, sostuvo en la cuenta @GrupoFides.<br \/>\nImpuestos<br \/>\nEl representante de la C\u00e1mara asegur\u00f3 que ser\u00eda importante que se aplique las mismas medidas que se implementaron para la importaci\u00f3n de autos el\u00e9ctricos, es decir, reducir el gravamen arancelario, bajar el impuesto entre 40% a 50%, para hacer m\u00e1s accesible la compra de un veh\u00edculo cero kil\u00f3metros.<br \/>\nA pesar de la medida, el costo de los autos el\u00e9ctricos todav\u00eda no son accesibles, pues en algunos casos el valor est\u00e1 por encima de los autos de combustible f\u00f3sil.<\/p>\n<p>&nbsp;<\/p>\n","protected":false},"excerpt":{"rendered":"<p>La nacionalizaci\u00f3n de los autos \u201cchutos\u201d (indocumentados), anunciado por candidatos a la presidencia, traer\u00e1 m\u00e1s perjuicio que beneficio. Los veh\u00edculos ilegales en el pa\u00eds generar\u00e1n una gran p\u00e9rdida econ\u00f3mica y la medida afectar\u00e1 a m\u00e1s de 10.000 fuentes laborales directas, afirm\u00f3 el gerente general de la C\u00e1mara Automotor Boliviana, Luis Encinas, en contacto con la [&hellip;]<\/p>\n","protected":false},"author":1,"featured_media":332603,"comment_status":"closed","ping_status":"open","sticky":false,"template":"","format":"standard","meta":{"_acf_changed":false,"footnotes":""},"categories":[7],"tags":[],"class_list":["post-332602","post","type-post","status-publish","format-standard","has-post-thumbnail","category-economia"],"acf":{"antetitulo":""},"yoast_head":"<!-- This site is optimized with the Yoast SEO plugin v28.4 - https:\/\/yoast.com\/product\/yoast-seo-wordpress\/ -->\n<title>Nacionalizaci\u00f3n de autos \u201cchutos\u201d traer\u00e1 m\u00e1s perjuicio que beneficio - El Diario - Bolivia<\/title>\n<meta name=\"robots\" content=\"index, follow, max-snippet:-1, max-image-preview:large, max-video-preview:-1\" \/>\n<link rel=\"canonical\" href=\"https:\/\/www.eldiario.net\/portal\/2025\/09\/20\/nacionalizacion-de-autos-chutos-traera-mas-perjuicio-que-beneficio\/\" \/>\n<meta property=\"og:locale\" content=\"es_ES\" \/>\n<meta property=\"og:type\" content=\"article\" \/>\n<meta property=\"og:title\" content=\"Nacionalizaci\u00f3n de autos \u201cchutos\u201d traer\u00e1 m\u00e1s perjuicio que beneficio - El Diario - Bolivia\" \/>\n<meta property=\"og:description\" content=\"La nacionalizaci\u00f3n de los autos \u201cchutos\u201d (indocumentados), anunciado por candidatos a la presidencia, traer\u00e1 m\u00e1s perjuicio que beneficio. Los veh\u00edculos ilegales en el pa\u00eds generar\u00e1n una gran p\u00e9rdida econ\u00f3mica y la medida afectar\u00e1 a m\u00e1s de 10.000 fuentes laborales directas, afirm\u00f3 el gerente general de la C\u00e1mara Automotor Boliviana, Luis Encinas, en contacto con la [&hellip;]\" \/>\n<meta property=\"og:url\" content=\"https:\/\/www.eldiario.net\/portal\/2025\/09\/20\/nacionalizacion-de-autos-chutos-traera-mas-perjuicio-que-beneficio\/\" \/>\n<meta property=\"og:site_name\" content=\"El Diario - Bolivia\" \/>\n<meta property=\"article:publisher\" content=\"https:\/\/www.facebook.com\/eldiario.bolivia\/\" \/>\n<meta property=\"article:published_time\" content=\"2025-09-20T11:35:25+00:00\" \/>\n<meta property=\"og:image\" content=\"https:\/\/www.eldiario.net\/portal\/wp-content\/uploads\/2025\/09\/chutos.webp\" \/>\n\t<meta property=\"og:image:width\" content=\"1124\" \/>\n\t<meta property=\"og:image:height\" content=\"750\" \/>\n\t<meta property=\"og:image:type\" content=\"image\/webp\" \/>\n<meta name=\"author\" content=\"Jeanette\" \/>\n<meta name=\"twitter:card\" content=\"summary_large_image\" \/>\n<meta name=\"twitter:creator\" content=\"@eldiario_net\" \/>\n<meta name=\"twitter:site\" content=\"@eldiario_net\" \/>\n<meta name=\"twitter:label1\" content=\"Escrito por\" \/>\n\t<meta name=\"twitter:data1\" content=\"Jeanette\" \/>\n\t<meta name=\"twitter:label2\" content=\"Tiempo de lectura\" \/>\n\t<meta name=\"twitter:data2\" content=\"4 minutos\" \/>\n<script type=\"application\/ld+json\" class=\"yoast-schema-graph\">{\"@context\":\"https:\\\/\\\/schema.org\",\"@graph\":[{\"@type\":\"Article\",\"@id\":\"https:\\\/\\\/www.eldiario.net\\\/portal\\\/2025\\\/09\\\/20\\\/nacionalizacion-de-autos-chutos-traera-mas-perjuicio-que-beneficio\\\/#article\",\"isPartOf\":{\"@id\":\"https:\\\/\\\/www.eldiario.net\\\/portal\\\/2025\\\/09\\\/20\\\/nacionalizacion-de-autos-chutos-traera-mas-perjuicio-que-beneficio\\\/\"},\"author\":{\"name\":\"Jeanette\",\"@id\":\"https:\\\/\\\/www.eldiario.net\\\/portal\\\/#\\\/schema\\\/person\\\/f46445640444750d7d753ccd04ae01b7\"},\"headline\":\"Nacionalizaci\u00f3n de autos \u201cchutos\u201d traer\u00e1 m\u00e1s perjuicio que beneficio\",\"datePublished\":\"2025-09-20T11:35:25+00:00\",\"mainEntityOfPage\":{\"@id\":\"https:\\\/\\\/www.eldiario.net\\\/portal\\\/2025\\\/09\\\/20\\\/nacionalizacion-de-autos-chutos-traera-mas-perjuicio-que-beneficio\\\/\"},\"wordCount\":709,\"publisher\":{\"@id\":\"https:\\\/\\\/www.eldiario.net\\\/portal\\\/#organization\"},\"image\":{\"@id\":\"https:\\\/\\\/www.eldiario.net\\\/portal\\\/2025\\\/09\\\/20\\\/nacionalizacion-de-autos-chutos-traera-mas-perjuicio-que-beneficio\\\/#primaryimage\"},\"thumbnailUrl\":\"https:\\\/\\\/www.eldiario.net\\\/portal\\\/wp-content\\\/uploads\\\/2025\\\/09\\\/chutos.webp\",\"articleSection\":[\"Econom\u00eda\"],\"inLanguage\":\"es\"},{\"@type\":\"WebPage\",\"@id\":\"https:\\\/\\\/www.eldiario.net\\\/portal\\\/2025\\\/09\\\/20\\\/nacionalizacion-de-autos-chutos-traera-mas-perjuicio-que-beneficio\\\/\",\"url\":\"https:\\\/\\\/www.eldiario.net\\\/portal\\\/2025\\\/09\\\/20\\\/nacionalizacion-de-autos-chutos-traera-mas-perjuicio-que-beneficio\\\/\",\"name\":\"Nacionalizaci\u00f3n de autos \u201cchutos\u201d traer\u00e1 m\u00e1s perjuicio que beneficio - El Diario - Bolivia\",\"isPartOf\":{\"@id\":\"https:\\\/\\\/www.eldiario.net\\\/portal\\\/#website\"},\"primaryImageOfPage\":{\"@id\":\"https:\\\/\\\/www.eldiario.net\\\/portal\\\/2025\\\/09\\\/20\\\/nacionalizacion-de-autos-chutos-traera-mas-perjuicio-que-beneficio\\\/#primaryimage\"},\"image\":{\"@id\":\"https:\\\/\\\/www.eldiario.net\\\/portal\\\/2025\\\/09\\\/20\\\/nacionalizacion-de-autos-chutos-traera-mas-perjuicio-que-beneficio\\\/#primaryimage\"},\"thumbnailUrl\":\"https:\\\/\\\/www.eldiario.net\\\/portal\\\/wp-content\\\/uploads\\\/2025\\\/09\\\/chutos.webp\",\"datePublished\":\"2025-09-20T11:35:25+00:00\",\"breadcrumb\":{\"@id\":\"https:\\\/\\\/www.eldiario.net\\\/portal\\\/2025\\\/09\\\/20\\\/nacionalizacion-de-autos-chutos-traera-mas-perjuicio-que-beneficio\\\/#breadcrumb\"},\"inLanguage\":\"es\",\"potentialAction\":[{\"@type\":\"ReadAction\",\"target\":[\"https:\\\/\\\/www.eldiario.net\\\/portal\\\/2025\\\/09\\\/20\\\/nacionalizacion-de-autos-chutos-traera-mas-perjuicio-que-beneficio\\\/\"]}]},{\"@type\":\"ImageObject\",\"inLanguage\":\"es\",\"@id\":\"https:\\\/\\\/www.eldiario.net\\\/portal\\\/2025\\\/09\\\/20\\\/nacionalizacion-de-autos-chutos-traera-mas-perjuicio-que-beneficio\\\/#primaryimage\",\"url\":\"https:\\\/\\\/www.eldiario.net\\\/portal\\\/wp-content\\\/uploads\\\/2025\\\/09\\\/chutos.webp\",\"contentUrl\":\"https:\\\/\\\/www.eldiario.net\\\/portal\\\/wp-content\\\/uploads\\\/2025\\\/09\\\/chutos.webp\",\"width\":1124,\"height\":750,\"caption\":\"El parque automotor va creciendo. La nacionalizaci\u00f3n traer\u00e1 m\u00e1s problemas que beneficios.\"},{\"@type\":\"BreadcrumbList\",\"@id\":\"https:\\\/\\\/www.eldiario.net\\\/portal\\\/2025\\\/09\\\/20\\\/nacionalizacion-de-autos-chutos-traera-mas-perjuicio-que-beneficio\\\/#breadcrumb\",\"itemListElement\":[{\"@type\":\"ListItem\",\"position\":1,\"name\":\"Portada\",\"item\":\"https:\\\/\\\/www.eldiario.net\\\/portal\\\/\"},{\"@type\":\"ListItem\",\"position\":2,\"name\":\"Nacionalizaci\u00f3n de autos \u201cchutos\u201d traer\u00e1 m\u00e1s perjuicio que beneficio\"}]},{\"@type\":\"WebSite\",\"@id\":\"https:\\\/\\\/www.eldiario.net\\\/portal\\\/#website\",\"url\":\"https:\\\/\\\/www.eldiario.net\\\/portal\\\/\",\"name\":\"El Diario - Decano de la prensa nacional\",\"description\":\"El Diario - Decano de la prensa nacional\",\"publisher\":{\"@id\":\"https:\\\/\\\/www.eldiario.net\\\/portal\\\/#organization\"},\"potentialAction\":[{\"@type\":\"SearchAction\",\"target\":{\"@type\":\"EntryPoint\",\"urlTemplate\":\"https:\\\/\\\/www.eldiario.net\\\/portal\\\/?s={search_term_string}\"},\"query-input\":{\"@type\":\"PropertyValueSpecification\",\"valueRequired\":true,\"valueName\":\"search_term_string\"}}],\"inLanguage\":\"es\"},{\"@type\":\"Organization\",\"@id\":\"https:\\\/\\\/www.eldiario.net\\\/portal\\\/#organization\",\"name\":\"El Diario - Decano de la prensa nacional\",\"url\":\"https:\\\/\\\/www.eldiario.net\\\/portal\\\/\",\"logo\":{\"@type\":\"ImageObject\",\"inLanguage\":\"es\",\"@id\":\"https:\\\/\\\/www.eldiario.net\\\/portal\\\/#\\\/schema\\\/logo\\\/image\\\/\",\"url\":\"https:\\\/\\\/www.eldiario.net\\\/portal\\\/wp-content\\\/uploads\\\/2023\\\/07\\\/logo_ED.jpg\",\"contentUrl\":\"https:\\\/\\\/www.eldiario.net\\\/portal\\\/wp-content\\\/uploads\\\/2023\\\/07\\\/logo_ED.jpg\",\"width\":272,\"height\":52,\"caption\":\"El Diario - Decano de la prensa nacional\"},\"image\":{\"@id\":\"https:\\\/\\\/www.eldiario.net\\\/portal\\\/#\\\/schema\\\/logo\\\/image\\\/\"},\"sameAs\":[\"https:\\\/\\\/www.facebook.com\\\/eldiario.bolivia\\\/\",\"https:\\\/\\\/x.com\\\/eldiario_net\"]},{\"@type\":\"Person\",\"@id\":\"https:\\\/\\\/www.eldiario.net\\\/portal\\\/#\\\/schema\\\/person\\\/f46445640444750d7d753ccd04ae01b7\",\"name\":\"Jeanette\",\"image\":{\"@type\":\"ImageObject\",\"inLanguage\":\"es\",\"@id\":\"https:\\\/\\\/secure.gravatar.com\\\/avatar\\\/3ea2118a5f7dad2b7138b1187a6b7ee55f160b9968b66013c3a3ef39dd7e5798?s=96&d=mm&r=g\",\"url\":\"https:\\\/\\\/secure.gravatar.com\\\/avatar\\\/3ea2118a5f7dad2b7138b1187a6b7ee55f160b9968b66013c3a3ef39dd7e5798?s=96&d=mm&r=g\",\"contentUrl\":\"https:\\\/\\\/secure.gravatar.com\\\/avatar\\\/3ea2118a5f7dad2b7138b1187a6b7ee55f160b9968b66013c3a3ef39dd7e5798?s=96&d=mm&r=g\",\"caption\":\"Jeanette\"},\"sameAs\":[\"https:\\\/\\\/www.eldiario.net\\\/portal\"],\"url\":\"https:\\\/\\\/www.eldiario.net\\\/portal\\\/author\\\/jeanette\\\/\"}]}<\/script>\n<!-- \/ Yoast SEO plugin. -->","yoast_head_json":{"title":"Nacionalizaci\u00f3n de autos \u201cchutos\u201d traer\u00e1 m\u00e1s perjuicio que beneficio - El Diario - Bolivia","robots":{"index":"index","follow":"follow","max-snippet":"max-snippet:-1","max-image-preview":"max-image-preview:large","max-video-preview":"max-video-preview:-1"},"canonical":"https:\/\/www.eldiario.net\/portal\/2025\/09\/20\/nacionalizacion-de-autos-chutos-traera-mas-perjuicio-que-beneficio\/","og_locale":"es_ES","og_type":"article","og_title":"Nacionalizaci\u00f3n de autos \u201cchutos\u201d traer\u00e1 m\u00e1s perjuicio que beneficio - El Diario - Bolivia","og_description":"La nacionalizaci\u00f3n de los autos \u201cchutos\u201d (indocumentados), anunciado por candidatos a la presidencia, traer\u00e1 m\u00e1s perjuicio que beneficio. Los veh\u00edculos ilegales en el pa\u00eds generar\u00e1n una gran p\u00e9rdida econ\u00f3mica y la medida afectar\u00e1 a m\u00e1s de 10.000 fuentes laborales directas, afirm\u00f3 el gerente general de la C\u00e1mara Automotor Boliviana, Luis Encinas, en contacto con la [&hellip;]","og_url":"https:\/\/www.eldiario.net\/portal\/2025\/09\/20\/nacionalizacion-de-autos-chutos-traera-mas-perjuicio-que-beneficio\/","og_site_name":"El Diario - Bolivia","article_publisher":"https:\/\/www.facebook.com\/eldiario.bolivia\/","article_published_time":"2025-09-20T11:35:25+00:00","og_image":[{"width":1124,"height":750,"url":"https:\/\/www.eldiario.net\/portal\/wp-content\/uploads\/2025\/09\/chutos.webp","type":"image\/webp"}],"author":"Jeanette","twitter_card":"summary_large_image","twitter_creator":"@eldiario_net","twitter_site":"@eldiario_net","twitter_misc":{"Escrito por":"Jeanette","Tiempo de lectura":"4 minutos"},"schema":{"@context":"https:\/\/schema.org","@graph":[{"@type":"Article","@id":"https:\/\/www.eldiario.net\/portal\/2025\/09\/20\/nacionalizacion-de-autos-chutos-traera-mas-perjuicio-que-beneficio\/#article","isPartOf":{"@id":"https:\/\/www.eldiario.net\/portal\/2025\/09\/20\/nacionalizacion-de-autos-chutos-traera-mas-perjuicio-que-beneficio\/"},"author":{"name":"Jeanette","@id":"https:\/\/www.eldiario.net\/portal\/#\/schema\/person\/f46445640444750d7d753ccd04ae01b7"},"headline":"Nacionalizaci\u00f3n de autos \u201cchutos\u201d traer\u00e1 m\u00e1s perjuicio que beneficio","datePublished":"2025-09-20T11:35:25+00:00","mainEntityOfPage":{"@id":"https:\/\/www.eldiario.net\/portal\/2025\/09\/20\/nacionalizacion-de-autos-chutos-traera-mas-perjuicio-que-beneficio\/"},"wordCount":709,"publisher":{"@id":"https:\/\/www.eldiario.net\/portal\/#organization"},"image":{"@id":"https:\/\/www.eldiario.net\/portal\/2025\/09\/20\/nacionalizacion-de-autos-chutos-traera-mas-perjuicio-que-beneficio\/#primaryimage"},"thumbnailUrl":"https:\/\/www.eldiario.net\/portal\/wp-content\/uploads\/2025\/09\/chutos.webp","articleSection":["Econom\u00eda"],"inLanguage":"es"},{"@type":"WebPage","@id":"https:\/\/www.eldiario.net\/portal\/2025\/09\/20\/nacionalizacion-de-autos-chutos-traera-mas-perjuicio-que-beneficio\/","url":"https:\/\/www.eldiario.net\/portal\/2025\/09\/20\/nacionalizacion-de-autos-chutos-traera-mas-perjuicio-que-beneficio\/","name":"Nacionalizaci\u00f3n de autos \u201cchutos\u201d traer\u00e1 m\u00e1s perjuicio que beneficio - El Diario - Bolivia","isPartOf":{"@id":"https:\/\/www.eldiario.net\/portal\/#website"},"primaryImageOfPage":{"@id":"https:\/\/www.eldiario.net\/portal\/2025\/09\/20\/nacionalizacion-de-autos-chutos-traera-mas-perjuicio-que-beneficio\/#primaryimage"},"image":{"@id":"https:\/\/www.eldiario.net\/portal\/2025\/09\/20\/nacionalizacion-de-autos-chutos-traera-mas-perjuicio-que-beneficio\/#primaryimage"},"thumbnailUrl":"https:\/\/www.eldiario.net\/portal\/wp-content\/uploads\/2025\/09\/chutos.webp","datePublished":"2025-09-20T11:35:25+00:00","breadcrumb":{"@id":"https:\/\/www.eldiario.net\/portal\/2025\/09\/20\/nacionalizacion-de-autos-chutos-traera-mas-perjuicio-que-beneficio\/#breadcrumb"},"inLanguage":"es","potentialAction":[{"@type":"ReadAction","target":["https:\/\/www.eldiario.net\/portal\/2025\/09\/20\/nacionalizacion-de-autos-chutos-traera-mas-perjuicio-que-beneficio\/"]}]},{"@type":"ImageObject","inLanguage":"es","@id":"https:\/\/www.eldiario.net\/portal\/2025\/09\/20\/nacionalizacion-de-autos-chutos-traera-mas-perjuicio-que-beneficio\/#primaryimage","url":"https:\/\/www.eldiario.net\/portal\/wp-content\/uploads\/2025\/09\/chutos.webp","contentUrl":"https:\/\/www.eldiario.net\/portal\/wp-content\/uploads\/2025\/09\/chutos.webp","width":1124,"height":750,"caption":"El parque automotor va creciendo. La nacionalizaci\u00f3n traer\u00e1 m\u00e1s problemas que beneficios."},{"@type":"BreadcrumbList","@id":"https:\/\/www.eldiario.net\/portal\/2025\/09\/20\/nacionalizacion-de-autos-chutos-traera-mas-perjuicio-que-beneficio\/#breadcrumb","itemListElement":[{"@type":"ListItem","position":1,"name":"Portada","item":"https:\/\/www.eldiario.net\/portal\/"},{"@type":"ListItem","position":2,"name":"Nacionalizaci\u00f3n de autos \u201cchutos\u201d traer\u00e1 m\u00e1s perjuicio que beneficio"}]},{"@type":"WebSite","@id":"https:\/\/www.eldiario.net\/portal\/#website","url":"https:\/\/www.eldiario.net\/portal\/","name":"El Diario - Decano de la prensa nacional","description":"El Diario - Decano de la prensa nacional","publisher":{"@id":"https:\/\/www.eldiario.net\/portal\/#organization"},"potentialAction":[{"@type":"SearchAction","target":{"@type":"EntryPoint","urlTemplate":"https:\/\/www.eldiario.net\/portal\/?s={search_term_string}"},"query-input":{"@type":"PropertyValueSpecification","valueRequired":true,"valueName":"search_term_string"}}],"inLanguage":"es"},{"@type":"Organization","@id":"https:\/\/www.eldiario.net\/portal\/#organization","name":"El Diario - Decano de la prensa nacional","url":"https:\/\/www.eldiario.net\/portal\/","logo":{"@type":"ImageObject","inLanguage":"es","@id":"https:\/\/www.eldiario.net\/portal\/#\/schema\/logo\/image\/","url":"https:\/\/www.eldiario.net\/portal\/wp-content\/uploads\/2023\/07\/logo_ED.jpg","contentUrl":"https:\/\/www.eldiario.net\/portal\/wp-content\/uploads\/2023\/07\/logo_ED.jpg","width":272,"height":52,"caption":"El Diario - Decano de la prensa nacional"},"image":{"@id":"https:\/\/www.eldiario.net\/portal\/#\/schema\/logo\/image\/"},"sameAs":["https:\/\/www.facebook.com\/eldiario.bolivia\/","https:\/\/x.com\/eldiario_net"]},{"@type":"Person","@id":"https:\/\/www.eldiario.net\/portal\/#\/schema\/person\/f46445640444750d7d753ccd04ae01b7","name":"Jeanette","image":{"@type":"ImageObject","inLanguage":"es","@id":"https:\/\/secure.gravatar.com\/avatar\/3ea2118a5f7dad2b7138b1187a6b7ee55f160b9968b66013c3a3ef39dd7e5798?s=96&d=mm&r=g","url":"https:\/\/secure.gravatar.com\/avatar\/3ea2118a5f7dad2b7138b1187a6b7ee55f160b9968b66013c3a3ef39dd7e5798?s=96&d=mm&r=g","contentUrl":"https:\/\/secure.gravatar.com\/avatar\/3ea2118a5f7dad2b7138b1187a6b7ee55f160b9968b66013c3a3ef39dd7e5798?s=96&d=mm&r=g","caption":"Jeanette"},"sameAs":["https:\/\/www.eldiario.net\/portal"],"url":"https:\/\/www.eldiario.net\/portal\/author\/jeanette\/"}]}},"_links":{"self":[{"href":"https:\/\/www.eldiario.net\/portal\/wp-json\/wp\/v2\/posts\/332602","targetHints":{"allow":["GET"]}}],"collection":[{"href":"https:\/\/www.eldiario.net\/portal\/wp-json\/wp\/v2\/posts"}],"about":[{"href":"https:\/\/www.eldiario.net\/portal\/wp-json\/wp\/v2\/types\/post"}],"author":[{"embeddable":true,"href":"https:\/\/www.eldiario.net\/portal\/wp-json\/wp\/v2\/users\/1"}],"replies":[{"embeddable":true,"href":"https:\/\/www.eldiario.net\/portal\/wp-json\/wp\/v2\/comments?post=332602"}],"version-history":[{"count":1,"href":"https:\/\/www.eldiario.net\/portal\/wp-json\/wp\/v2\/posts\/332602\/revisions"}],"predecessor-version":[{"id":332604,"href":"https:\/\/www.eldiario.net\/portal\/wp-json\/wp\/v2\/posts\/332602\/revisions\/332604"}],"wp:featuredmedia":[{"embeddable":true,"href":"https:\/\/www.eldiario.net\/portal\/wp-json\/wp\/v2\/media\/332603"}],"wp:attachment":[{"href":"https:\/\/www.eldiario.net\/portal\/wp-json\/wp\/v2\/media?parent=332602"}],"wp:term":[{"taxonomy":"category","embeddable":true,"href":"https:\/\/www.eldiario.net\/portal\/wp-json\/wp\/v2\/categories?post=332602"},{"taxonomy":"post_tag","embeddable":true,"href":"https:\/\/www.eldiario.net\/portal\/wp-json\/wp\/v2\/tags?post=332602"}],"curies":[{"name":"wp","href":"https:\/\/api.w.org\/{rel}","templated":true}]}}