{"id":332599,"date":"2025-09-20T07:34:44","date_gmt":"2025-09-20T11:34:44","guid":{"rendered":"https:\/\/www.eldiario.net\/portal\/?p=332599"},"modified":"2025-09-20T07:34:44","modified_gmt":"2025-09-20T11:34:44","slug":"solo-distribuyeron-52-millones-de-litros-de-diesel-a-agropecuarios","status":"publish","type":"post","link":"https:\/\/www.eldiario.net\/portal\/2025\/09\/20\/solo-distribuyeron-52-millones-de-litros-de-diesel-a-agropecuarios\/","title":{"rendered":"S\u00f3lo distribuyeron 52 millones de  litros de di\u00e9sel a agropecuarios"},"content":{"rendered":"<p>El Gobierno nacional distribuy\u00f3 al sector agropecuario 52 millones de litros de di\u00e9sel subvencionado, de los 70 millones de litros solicitados para la producci\u00f3n de la campa\u00f1a agr\u00edcola de invierno que est\u00e1 por concluir y el restante pone en riesgo el trabajo.<br \/>\n\u201cEl sector ha solicitado 70 millones de litros para la producci\u00f3n de la campa\u00f1a de invierno, de esos 70 millones solo quedan distribuir 18 millones para completar lo que es la cosecha estos \u00faltimos meses que nos toca de esta campa\u00f1a de invierno\u201d, indic\u00f3.<br \/>\nTeniendo en cuenta esa entrega, la autoridad afirm\u00f3 que el Gobierno nacional garantiza el suficiente y necesario di\u00e9sel con subvenci\u00f3n del Estado para la producci\u00f3n de alimentos y la canasta familiar.<br \/>\nA la cabeza del ministro de Hidrocarburos y Energ\u00edas, Alejandro Gallardo y su equipo t\u00e9cnico, Yacimientos Petrol\u00edferos Fiscales Bolivianos (YPFB) se reuni\u00f3 con el sector productivo, principalmente del oriente.<br \/>\nEl agro del oriente requiri\u00f3 los vol\u00famenes de di\u00e9sel necesarios para la cosecha y la preparaci\u00f3n de suelos para la pr\u00f3xima campa\u00f1a agr\u00edcola de verano. Por ello, se firmaron acuerdos y se definieron cantidades y puntos de distribuci\u00f3n para el sector.<br \/>\nSe eval\u00faa si se cumplen esos acuerdos y, caso contrario, se prev\u00e9 volver a reunirse la pr\u00f3xima semana.<br \/>\n\u201cSi es necesario volver a reunirnos y reestructurar la distribuci\u00f3n de di\u00e9sel (&#8230;) para la campa\u00f1a de invierno que estamos concluyendo y para la campa\u00f1a de verano que vamos a iniciar\u201d, mencion\u00f3 Flores.<br \/>\nPero el sector productivo no s\u00f3lo requiere di\u00e9sel para la cosecha de invierno, sino tambi\u00e9n para la siembra y la campa\u00f1a de verano, adem\u00e1s la Asociaci\u00f3n de Productores de Oleaginosas y Trigo (Anapo) advirti\u00f3 que la falta de combustible pone en riesgo la siembra del 80% de los alimentos.<\/p>\n","protected":false},"excerpt":{"rendered":"<p>El Gobierno nacional distribuy\u00f3 al sector agropecuario 52 millones de litros de di\u00e9sel subvencionado, de los 70 millones de litros solicitados para la producci\u00f3n de la campa\u00f1a agr\u00edcola de invierno que est\u00e1 por concluir y el restante pone en riesgo el trabajo. \u201cEl sector ha solicitado 70 millones de litros para la producci\u00f3n de la [&hellip;]<\/p>\n","protected":false},"author":1,"featured_media":332600,"comment_status":"closed","ping_status":"open","sticky":false,"template":"","format":"standard","meta":{"_acf_changed":false,"footnotes":""},"categories":[7],"tags":[],"class_list":["post-332599","post","type-post","status-publish","format-standard","has-post-thumbnail","category-economia"],"acf":{"antetitulo":"De los 70 millones comprometidos"},"yoast_head":"<!-- This site is optimized with the Yoast SEO plugin v28.4 - https:\/\/yoast.com\/product\/yoast-seo-wordpress\/ -->\n<title>S\u00f3lo distribuyeron 52 millones de litros de di\u00e9sel a agropecuarios - El Diario - Bolivia<\/title>\n<meta name=\"robots\" content=\"index, follow, max-snippet:-1, max-image-preview:large, max-video-preview:-1\" \/>\n<link rel=\"canonical\" href=\"https:\/\/www.eldiario.net\/portal\/2025\/09\/20\/solo-distribuyeron-52-millones-de-litros-de-diesel-a-agropecuarios\/\" \/>\n<meta property=\"og:locale\" content=\"es_ES\" \/>\n<meta property=\"og:type\" content=\"article\" \/>\n<meta property=\"og:title\" content=\"S\u00f3lo distribuyeron 52 millones de litros de di\u00e9sel a agropecuarios - El Diario - Bolivia\" \/>\n<meta property=\"og:description\" content=\"El Gobierno nacional distribuy\u00f3 al sector agropecuario 52 millones de litros de di\u00e9sel subvencionado, de los 70 millones de litros solicitados para la producci\u00f3n de la campa\u00f1a agr\u00edcola de invierno que est\u00e1 por concluir y el restante pone en riesgo el trabajo. \u201cEl sector ha solicitado 70 millones de litros para la producci\u00f3n de la [&hellip;]\" \/>\n<meta property=\"og:url\" content=\"https:\/\/www.eldiario.net\/portal\/2025\/09\/20\/solo-distribuyeron-52-millones-de-litros-de-diesel-a-agropecuarios\/\" \/>\n<meta property=\"og:site_name\" content=\"El Diario - Bolivia\" \/>\n<meta property=\"article:publisher\" content=\"https:\/\/www.facebook.com\/eldiario.bolivia\/\" \/>\n<meta property=\"article:published_time\" content=\"2025-09-20T11:34:44+00:00\" \/>\n<meta property=\"og:image\" content=\"https:\/\/www.eldiario.net\/portal\/wp-content\/uploads\/2025\/09\/agro.webp\" \/>\n\t<meta property=\"og:image:width\" content=\"960\" \/>\n\t<meta property=\"og:image:height\" content=\"611\" \/>\n\t<meta property=\"og:image:type\" content=\"image\/webp\" \/>\n<meta name=\"author\" content=\"Jeanette\" \/>\n<meta name=\"twitter:card\" content=\"summary_large_image\" \/>\n<meta name=\"twitter:creator\" content=\"@eldiario_net\" \/>\n<meta name=\"twitter:site\" content=\"@eldiario_net\" \/>\n<meta name=\"twitter:label1\" content=\"Escrito por\" \/>\n\t<meta name=\"twitter:data1\" content=\"Jeanette\" \/>\n\t<meta name=\"twitter:label2\" content=\"Tiempo de lectura\" \/>\n\t<meta name=\"twitter:data2\" content=\"2 minutos\" \/>\n<script type=\"application\/ld+json\" class=\"yoast-schema-graph\">{\"@context\":\"https:\\\/\\\/schema.org\",\"@graph\":[{\"@type\":\"Article\",\"@id\":\"https:\\\/\\\/www.eldiario.net\\\/portal\\\/2025\\\/09\\\/20\\\/solo-distribuyeron-52-millones-de-litros-de-diesel-a-agropecuarios\\\/#article\",\"isPartOf\":{\"@id\":\"https:\\\/\\\/www.eldiario.net\\\/portal\\\/2025\\\/09\\\/20\\\/solo-distribuyeron-52-millones-de-litros-de-diesel-a-agropecuarios\\\/\"},\"author\":{\"name\":\"Jeanette\",\"@id\":\"https:\\\/\\\/www.eldiario.net\\\/portal\\\/#\\\/schema\\\/person\\\/f46445640444750d7d753ccd04ae01b7\"},\"headline\":\"S\u00f3lo distribuyeron 52 millones de litros de di\u00e9sel a agropecuarios\",\"datePublished\":\"2025-09-20T11:34:44+00:00\",\"mainEntityOfPage\":{\"@id\":\"https:\\\/\\\/www.eldiario.net\\\/portal\\\/2025\\\/09\\\/20\\\/solo-distribuyeron-52-millones-de-litros-de-diesel-a-agropecuarios\\\/\"},\"wordCount\":323,\"publisher\":{\"@id\":\"https:\\\/\\\/www.eldiario.net\\\/portal\\\/#organization\"},\"image\":{\"@id\":\"https:\\\/\\\/www.eldiario.net\\\/portal\\\/2025\\\/09\\\/20\\\/solo-distribuyeron-52-millones-de-litros-de-diesel-a-agropecuarios\\\/#primaryimage\"},\"thumbnailUrl\":\"https:\\\/\\\/www.eldiario.net\\\/portal\\\/wp-content\\\/uploads\\\/2025\\\/09\\\/agro.webp\",\"articleSection\":[\"Econom\u00eda\"],\"inLanguage\":\"es\"},{\"@type\":\"WebPage\",\"@id\":\"https:\\\/\\\/www.eldiario.net\\\/portal\\\/2025\\\/09\\\/20\\\/solo-distribuyeron-52-millones-de-litros-de-diesel-a-agropecuarios\\\/\",\"url\":\"https:\\\/\\\/www.eldiario.net\\\/portal\\\/2025\\\/09\\\/20\\\/solo-distribuyeron-52-millones-de-litros-de-diesel-a-agropecuarios\\\/\",\"name\":\"S\u00f3lo distribuyeron 52 millones de litros de di\u00e9sel a agropecuarios - El Diario - Bolivia\",\"isPartOf\":{\"@id\":\"https:\\\/\\\/www.eldiario.net\\\/portal\\\/#website\"},\"primaryImageOfPage\":{\"@id\":\"https:\\\/\\\/www.eldiario.net\\\/portal\\\/2025\\\/09\\\/20\\\/solo-distribuyeron-52-millones-de-litros-de-diesel-a-agropecuarios\\\/#primaryimage\"},\"image\":{\"@id\":\"https:\\\/\\\/www.eldiario.net\\\/portal\\\/2025\\\/09\\\/20\\\/solo-distribuyeron-52-millones-de-litros-de-diesel-a-agropecuarios\\\/#primaryimage\"},\"thumbnailUrl\":\"https:\\\/\\\/www.eldiario.net\\\/portal\\\/wp-content\\\/uploads\\\/2025\\\/09\\\/agro.webp\",\"datePublished\":\"2025-09-20T11:34:44+00:00\",\"breadcrumb\":{\"@id\":\"https:\\\/\\\/www.eldiario.net\\\/portal\\\/2025\\\/09\\\/20\\\/solo-distribuyeron-52-millones-de-litros-de-diesel-a-agropecuarios\\\/#breadcrumb\"},\"inLanguage\":\"es\",\"potentialAction\":[{\"@type\":\"ReadAction\",\"target\":[\"https:\\\/\\\/www.eldiario.net\\\/portal\\\/2025\\\/09\\\/20\\\/solo-distribuyeron-52-millones-de-litros-de-diesel-a-agropecuarios\\\/\"]}]},{\"@type\":\"ImageObject\",\"inLanguage\":\"es\",\"@id\":\"https:\\\/\\\/www.eldiario.net\\\/portal\\\/2025\\\/09\\\/20\\\/solo-distribuyeron-52-millones-de-litros-de-diesel-a-agropecuarios\\\/#primaryimage\",\"url\":\"https:\\\/\\\/www.eldiario.net\\\/portal\\\/wp-content\\\/uploads\\\/2025\\\/09\\\/agro.webp\",\"contentUrl\":\"https:\\\/\\\/www.eldiario.net\\\/portal\\\/wp-content\\\/uploads\\\/2025\\\/09\\\/agro.webp\",\"width\":960,\"height\":611,\"caption\":\"maquinaria operando en el campo.\"},{\"@type\":\"BreadcrumbList\",\"@id\":\"https:\\\/\\\/www.eldiario.net\\\/portal\\\/2025\\\/09\\\/20\\\/solo-distribuyeron-52-millones-de-litros-de-diesel-a-agropecuarios\\\/#breadcrumb\",\"itemListElement\":[{\"@type\":\"ListItem\",\"position\":1,\"name\":\"Portada\",\"item\":\"https:\\\/\\\/www.eldiario.net\\\/portal\\\/\"},{\"@type\":\"ListItem\",\"position\":2,\"name\":\"S\u00f3lo distribuyeron 52 millones de litros de di\u00e9sel a agropecuarios\"}]},{\"@type\":\"WebSite\",\"@id\":\"https:\\\/\\\/www.eldiario.net\\\/portal\\\/#website\",\"url\":\"https:\\\/\\\/www.eldiario.net\\\/portal\\\/\",\"name\":\"El Diario - Decano de la prensa nacional\",\"description\":\"El Diario - Decano de la prensa nacional\",\"publisher\":{\"@id\":\"https:\\\/\\\/www.eldiario.net\\\/portal\\\/#organization\"},\"potentialAction\":[{\"@type\":\"SearchAction\",\"target\":{\"@type\":\"EntryPoint\",\"urlTemplate\":\"https:\\\/\\\/www.eldiario.net\\\/portal\\\/?s={search_term_string}\"},\"query-input\":{\"@type\":\"PropertyValueSpecification\",\"valueRequired\":true,\"valueName\":\"search_term_string\"}}],\"inLanguage\":\"es\"},{\"@type\":\"Organization\",\"@id\":\"https:\\\/\\\/www.eldiario.net\\\/portal\\\/#organization\",\"name\":\"El Diario - Decano de la prensa nacional\",\"url\":\"https:\\\/\\\/www.eldiario.net\\\/portal\\\/\",\"logo\":{\"@type\":\"ImageObject\",\"inLanguage\":\"es\",\"@id\":\"https:\\\/\\\/www.eldiario.net\\\/portal\\\/#\\\/schema\\\/logo\\\/image\\\/\",\"url\":\"https:\\\/\\\/www.eldiario.net\\\/portal\\\/wp-content\\\/uploads\\\/2023\\\/07\\\/logo_ED.jpg\",\"contentUrl\":\"https:\\\/\\\/www.eldiario.net\\\/portal\\\/wp-content\\\/uploads\\\/2023\\\/07\\\/logo_ED.jpg\",\"width\":272,\"height\":52,\"caption\":\"El Diario - Decano de la prensa nacional\"},\"image\":{\"@id\":\"https:\\\/\\\/www.eldiario.net\\\/portal\\\/#\\\/schema\\\/logo\\\/image\\\/\"},\"sameAs\":[\"https:\\\/\\\/www.facebook.com\\\/eldiario.bolivia\\\/\",\"https:\\\/\\\/x.com\\\/eldiario_net\"]},{\"@type\":\"Person\",\"@id\":\"https:\\\/\\\/www.eldiario.net\\\/portal\\\/#\\\/schema\\\/person\\\/f46445640444750d7d753ccd04ae01b7\",\"name\":\"Jeanette\",\"image\":{\"@type\":\"ImageObject\",\"inLanguage\":\"es\",\"@id\":\"https:\\\/\\\/secure.gravatar.com\\\/avatar\\\/3ea2118a5f7dad2b7138b1187a6b7ee55f160b9968b66013c3a3ef39dd7e5798?s=96&d=mm&r=g\",\"url\":\"https:\\\/\\\/secure.gravatar.com\\\/avatar\\\/3ea2118a5f7dad2b7138b1187a6b7ee55f160b9968b66013c3a3ef39dd7e5798?s=96&d=mm&r=g\",\"contentUrl\":\"https:\\\/\\\/secure.gravatar.com\\\/avatar\\\/3ea2118a5f7dad2b7138b1187a6b7ee55f160b9968b66013c3a3ef39dd7e5798?s=96&d=mm&r=g\",\"caption\":\"Jeanette\"},\"sameAs\":[\"https:\\\/\\\/www.eldiario.net\\\/portal\"],\"url\":\"https:\\\/\\\/www.eldiario.net\\\/portal\\\/author\\\/jeanette\\\/\"}]}<\/script>\n<!-- \/ Yoast SEO plugin. -->","yoast_head_json":{"title":"S\u00f3lo distribuyeron 52 millones de litros de di\u00e9sel a agropecuarios - El Diario - Bolivia","robots":{"index":"index","follow":"follow","max-snippet":"max-snippet:-1","max-image-preview":"max-image-preview:large","max-video-preview":"max-video-preview:-1"},"canonical":"https:\/\/www.eldiario.net\/portal\/2025\/09\/20\/solo-distribuyeron-52-millones-de-litros-de-diesel-a-agropecuarios\/","og_locale":"es_ES","og_type":"article","og_title":"S\u00f3lo distribuyeron 52 millones de litros de di\u00e9sel a agropecuarios - El Diario - Bolivia","og_description":"El Gobierno nacional distribuy\u00f3 al sector agropecuario 52 millones de litros de di\u00e9sel subvencionado, de los 70 millones de litros solicitados para la producci\u00f3n de la campa\u00f1a agr\u00edcola de invierno que est\u00e1 por concluir y el restante pone en riesgo el trabajo. \u201cEl sector ha solicitado 70 millones de litros para la producci\u00f3n de la [&hellip;]","og_url":"https:\/\/www.eldiario.net\/portal\/2025\/09\/20\/solo-distribuyeron-52-millones-de-litros-de-diesel-a-agropecuarios\/","og_site_name":"El Diario - Bolivia","article_publisher":"https:\/\/www.facebook.com\/eldiario.bolivia\/","article_published_time":"2025-09-20T11:34:44+00:00","og_image":[{"width":960,"height":611,"url":"https:\/\/www.eldiario.net\/portal\/wp-content\/uploads\/2025\/09\/agro.webp","type":"image\/webp"}],"author":"Jeanette","twitter_card":"summary_large_image","twitter_creator":"@eldiario_net","twitter_site":"@eldiario_net","twitter_misc":{"Escrito por":"Jeanette","Tiempo de lectura":"2 minutos"},"schema":{"@context":"https:\/\/schema.org","@graph":[{"@type":"Article","@id":"https:\/\/www.eldiario.net\/portal\/2025\/09\/20\/solo-distribuyeron-52-millones-de-litros-de-diesel-a-agropecuarios\/#article","isPartOf":{"@id":"https:\/\/www.eldiario.net\/portal\/2025\/09\/20\/solo-distribuyeron-52-millones-de-litros-de-diesel-a-agropecuarios\/"},"author":{"name":"Jeanette","@id":"https:\/\/www.eldiario.net\/portal\/#\/schema\/person\/f46445640444750d7d753ccd04ae01b7"},"headline":"S\u00f3lo distribuyeron 52 millones de litros de di\u00e9sel a agropecuarios","datePublished":"2025-09-20T11:34:44+00:00","mainEntityOfPage":{"@id":"https:\/\/www.eldiario.net\/portal\/2025\/09\/20\/solo-distribuyeron-52-millones-de-litros-de-diesel-a-agropecuarios\/"},"wordCount":323,"publisher":{"@id":"https:\/\/www.eldiario.net\/portal\/#organization"},"image":{"@id":"https:\/\/www.eldiario.net\/portal\/2025\/09\/20\/solo-distribuyeron-52-millones-de-litros-de-diesel-a-agropecuarios\/#primaryimage"},"thumbnailUrl":"https:\/\/www.eldiario.net\/portal\/wp-content\/uploads\/2025\/09\/agro.webp","articleSection":["Econom\u00eda"],"inLanguage":"es"},{"@type":"WebPage","@id":"https:\/\/www.eldiario.net\/portal\/2025\/09\/20\/solo-distribuyeron-52-millones-de-litros-de-diesel-a-agropecuarios\/","url":"https:\/\/www.eldiario.net\/portal\/2025\/09\/20\/solo-distribuyeron-52-millones-de-litros-de-diesel-a-agropecuarios\/","name":"S\u00f3lo distribuyeron 52 millones de litros de di\u00e9sel a agropecuarios - El Diario - Bolivia","isPartOf":{"@id":"https:\/\/www.eldiario.net\/portal\/#website"},"primaryImageOfPage":{"@id":"https:\/\/www.eldiario.net\/portal\/2025\/09\/20\/solo-distribuyeron-52-millones-de-litros-de-diesel-a-agropecuarios\/#primaryimage"},"image":{"@id":"https:\/\/www.eldiario.net\/portal\/2025\/09\/20\/solo-distribuyeron-52-millones-de-litros-de-diesel-a-agropecuarios\/#primaryimage"},"thumbnailUrl":"https:\/\/www.eldiario.net\/portal\/wp-content\/uploads\/2025\/09\/agro.webp","datePublished":"2025-09-20T11:34:44+00:00","breadcrumb":{"@id":"https:\/\/www.eldiario.net\/portal\/2025\/09\/20\/solo-distribuyeron-52-millones-de-litros-de-diesel-a-agropecuarios\/#breadcrumb"},"inLanguage":"es","potentialAction":[{"@type":"ReadAction","target":["https:\/\/www.eldiario.net\/portal\/2025\/09\/20\/solo-distribuyeron-52-millones-de-litros-de-diesel-a-agropecuarios\/"]}]},{"@type":"ImageObject","inLanguage":"es","@id":"https:\/\/www.eldiario.net\/portal\/2025\/09\/20\/solo-distribuyeron-52-millones-de-litros-de-diesel-a-agropecuarios\/#primaryimage","url":"https:\/\/www.eldiario.net\/portal\/wp-content\/uploads\/2025\/09\/agro.webp","contentUrl":"https:\/\/www.eldiario.net\/portal\/wp-content\/uploads\/2025\/09\/agro.webp","width":960,"height":611,"caption":"maquinaria operando en el campo."},{"@type":"BreadcrumbList","@id":"https:\/\/www.eldiario.net\/portal\/2025\/09\/20\/solo-distribuyeron-52-millones-de-litros-de-diesel-a-agropecuarios\/#breadcrumb","itemListElement":[{"@type":"ListItem","position":1,"name":"Portada","item":"https:\/\/www.eldiario.net\/portal\/"},{"@type":"ListItem","position":2,"name":"S\u00f3lo distribuyeron 52 millones de litros de di\u00e9sel a agropecuarios"}]},{"@type":"WebSite","@id":"https:\/\/www.eldiario.net\/portal\/#website","url":"https:\/\/www.eldiario.net\/portal\/","name":"El Diario - Decano de la prensa nacional","description":"El Diario - Decano de la prensa nacional","publisher":{"@id":"https:\/\/www.eldiario.net\/portal\/#organization"},"potentialAction":[{"@type":"SearchAction","target":{"@type":"EntryPoint","urlTemplate":"https:\/\/www.eldiario.net\/portal\/?s={search_term_string}"},"query-input":{"@type":"PropertyValueSpecification","valueRequired":true,"valueName":"search_term_string"}}],"inLanguage":"es"},{"@type":"Organization","@id":"https:\/\/www.eldiario.net\/portal\/#organization","name":"El Diario - Decano de la prensa nacional","url":"https:\/\/www.eldiario.net\/portal\/","logo":{"@type":"ImageObject","inLanguage":"es","@id":"https:\/\/www.eldiario.net\/portal\/#\/schema\/logo\/image\/","url":"https:\/\/www.eldiario.net\/portal\/wp-content\/uploads\/2023\/07\/logo_ED.jpg","contentUrl":"https:\/\/www.eldiario.net\/portal\/wp-content\/uploads\/2023\/07\/logo_ED.jpg","width":272,"height":52,"caption":"El Diario - Decano de la prensa nacional"},"image":{"@id":"https:\/\/www.eldiario.net\/portal\/#\/schema\/logo\/image\/"},"sameAs":["https:\/\/www.facebook.com\/eldiario.bolivia\/","https:\/\/x.com\/eldiario_net"]},{"@type":"Person","@id":"https:\/\/www.eldiario.net\/portal\/#\/schema\/person\/f46445640444750d7d753ccd04ae01b7","name":"Jeanette","image":{"@type":"ImageObject","inLanguage":"es","@id":"https:\/\/secure.gravatar.com\/avatar\/3ea2118a5f7dad2b7138b1187a6b7ee55f160b9968b66013c3a3ef39dd7e5798?s=96&d=mm&r=g","url":"https:\/\/secure.gravatar.com\/avatar\/3ea2118a5f7dad2b7138b1187a6b7ee55f160b9968b66013c3a3ef39dd7e5798?s=96&d=mm&r=g","contentUrl":"https:\/\/secure.gravatar.com\/avatar\/3ea2118a5f7dad2b7138b1187a6b7ee55f160b9968b66013c3a3ef39dd7e5798?s=96&d=mm&r=g","caption":"Jeanette"},"sameAs":["https:\/\/www.eldiario.net\/portal"],"url":"https:\/\/www.eldiario.net\/portal\/author\/jeanette\/"}]}},"_links":{"self":[{"href":"https:\/\/www.eldiario.net\/portal\/wp-json\/wp\/v2\/posts\/332599","targetHints":{"allow":["GET"]}}],"collection":[{"href":"https:\/\/www.eldiario.net\/portal\/wp-json\/wp\/v2\/posts"}],"about":[{"href":"https:\/\/www.eldiario.net\/portal\/wp-json\/wp\/v2\/types\/post"}],"author":[{"embeddable":true,"href":"https:\/\/www.eldiario.net\/portal\/wp-json\/wp\/v2\/users\/1"}],"replies":[{"embeddable":true,"href":"https:\/\/www.eldiario.net\/portal\/wp-json\/wp\/v2\/comments?post=332599"}],"version-history":[{"count":1,"href":"https:\/\/www.eldiario.net\/portal\/wp-json\/wp\/v2\/posts\/332599\/revisions"}],"predecessor-version":[{"id":332601,"href":"https:\/\/www.eldiario.net\/portal\/wp-json\/wp\/v2\/posts\/332599\/revisions\/332601"}],"wp:featuredmedia":[{"embeddable":true,"href":"https:\/\/www.eldiario.net\/portal\/wp-json\/wp\/v2\/media\/332600"}],"wp:attachment":[{"href":"https:\/\/www.eldiario.net\/portal\/wp-json\/wp\/v2\/media?parent=332599"}],"wp:term":[{"taxonomy":"category","embeddable":true,"href":"https:\/\/www.eldiario.net\/portal\/wp-json\/wp\/v2\/categories?post=332599"},{"taxonomy":"post_tag","embeddable":true,"href":"https:\/\/www.eldiario.net\/portal\/wp-json\/wp\/v2\/tags?post=332599"}],"curies":[{"name":"wp","href":"https:\/\/api.w.org\/{rel}","templated":true}]}}