{"id":332593,"date":"2025-09-20T07:33:18","date_gmt":"2025-09-20T11:33:18","guid":{"rendered":"https:\/\/www.eldiario.net\/portal\/?p=332593"},"modified":"2025-09-20T07:33:18","modified_gmt":"2025-09-20T11:33:18","slug":"tigo-y-boa-con-servicios-observados-y-usuarios-indefensos","status":"publish","type":"post","link":"https:\/\/www.eldiario.net\/portal\/2025\/09\/20\/tigo-y-boa-con-servicios-observados-y-usuarios-indefensos\/","title":{"rendered":"TIGO y BoA con servicios  observados y usuarios indefensos"},"content":{"rendered":"<p>Nuevamente los servicios de TIGO y BoA est\u00e1n en la mira debido a la observaci\u00f3n que hacen los usuarios, quienes se sienten indefensos ante la actitud de ambas empresas y lamentan que no haya autoridad que salga en su defensa y hacer cumplir la normativa.<br \/>\nDesde hace tiempo Boliviana de Aviaci\u00f3n (BoA) no cumple sus horarios, y cada vez lo retrasa o los cancela, esto provoca perjuicio al pasajero y la entidad responsable, la Autoridad de Regulaci\u00f3n y Fiscalizaci\u00f3n de Transporte y Telecomunicaciones (ATT), todav\u00eda no se pronunci\u00f3 al respecto.<br \/>\nEn la cuenta X, internautas siguen quej\u00e1ndose por los retrasos y cambios de horarios arbitrarios que hace la l\u00ednea a\u00e9rea estatal; lamentan que no se tomen acciones.<br \/>\nD\u00edas atr\u00e1s, el gerente de BoA inform\u00f3 que tienen menos aviones por la falta de d\u00f3lares, ya que toda su flotilla es alquilada en d\u00f3lares y al no contar oportunamente con la divisa, no pueden renovar los contratos.<br \/>\n\u201cMe pas\u00f3 lo mismo. Estuve en La Paz entre 23-29 ago. BOA me cambi\u00f3 4 veces el vuelo, el mismo d\u00eda de vuelo, tanto de ida desde Baires como de vuelta desde La Paz. M\u00e1s de 12h de demora en ambas direcciones. \u00a1Pa\u00eds vecino!\u201d, escribi\u00f3 Grace Bedoya en su cuenta @GraceBedoya4.<br \/>\n\u201cEl vuelo que ten\u00eda que salir hoy a las 8:30, lo pasaron a las 16, luego a 19 y ahora a las 22&#8230;\u201d, public\u00f3 Andr\u00e9s Pucci en su cuenta @andrespucci.<br \/>\nPero no s\u00f3lo es la l\u00ednea a\u00e9rea estatal, sino tambi\u00e9n otras empresas de servicios, como TIGO, que maneja las tarifas a su antojo y el desahogo de los usuarios lo hacen a trav\u00e9s de las redes sociales, en donde indican que otra vez subi\u00f3, no obstante, el servicio deficiente no cambi\u00f3.<br \/>\nEn su momento, los economistas indicaron que la desinstitucionalizaci\u00f3n en las entidades p\u00fablicas provoc\u00f3 que personas no aptas para cargos del Estado sean nombradas, y ante el desconocimiento del manejo de las instituciones, la regulaci\u00f3n y fiscalizaci\u00f3n queda en el olvido con perjuicio de los usuarios.<\/p>\n","protected":false},"excerpt":{"rendered":"<p>Nuevamente los servicios de TIGO y BoA est\u00e1n en la mira debido a la observaci\u00f3n que hacen los usuarios, quienes se sienten indefensos ante la actitud de ambas empresas y lamentan que no haya autoridad que salga en su defensa y hacer cumplir la normativa. Desde hace tiempo Boliviana de Aviaci\u00f3n (BoA) no cumple sus [&hellip;]<\/p>\n","protected":false},"author":1,"featured_media":332594,"comment_status":"closed","ping_status":"open","sticky":false,"template":"","format":"standard","meta":{"_acf_changed":false,"footnotes":""},"categories":[7],"tags":[],"class_list":["post-332593","post","type-post","status-publish","format-standard","has-post-thumbnail","category-economia"],"acf":{"antetitulo":""},"yoast_head":"<!-- This site is optimized with the Yoast SEO plugin v28.4 - https:\/\/yoast.com\/product\/yoast-seo-wordpress\/ -->\n<title>TIGO y BoA con servicios observados y usuarios indefensos - El Diario - Bolivia<\/title>\n<meta name=\"robots\" content=\"index, follow, max-snippet:-1, max-image-preview:large, max-video-preview:-1\" \/>\n<link rel=\"canonical\" href=\"https:\/\/www.eldiario.net\/portal\/2025\/09\/20\/tigo-y-boa-con-servicios-observados-y-usuarios-indefensos\/\" \/>\n<meta property=\"og:locale\" content=\"es_ES\" \/>\n<meta property=\"og:type\" content=\"article\" \/>\n<meta property=\"og:title\" content=\"TIGO y BoA con servicios observados y usuarios indefensos - El Diario - Bolivia\" \/>\n<meta property=\"og:description\" content=\"Nuevamente los servicios de TIGO y BoA est\u00e1n en la mira debido a la observaci\u00f3n que hacen los usuarios, quienes se sienten indefensos ante la actitud de ambas empresas y lamentan que no haya autoridad que salga en su defensa y hacer cumplir la normativa. Desde hace tiempo Boliviana de Aviaci\u00f3n (BoA) no cumple sus [&hellip;]\" \/>\n<meta property=\"og:url\" content=\"https:\/\/www.eldiario.net\/portal\/2025\/09\/20\/tigo-y-boa-con-servicios-observados-y-usuarios-indefensos\/\" \/>\n<meta property=\"og:site_name\" content=\"El Diario - Bolivia\" \/>\n<meta property=\"article:publisher\" content=\"https:\/\/www.facebook.com\/eldiario.bolivia\/\" \/>\n<meta property=\"article:published_time\" content=\"2025-09-20T11:33:18+00:00\" \/>\n<meta property=\"og:image\" content=\"https:\/\/www.eldiario.net\/portal\/wp-content\/uploads\/2025\/09\/BoA.webp\" \/>\n\t<meta property=\"og:image:width\" content=\"300\" \/>\n\t<meta property=\"og:image:height\" content=\"168\" \/>\n\t<meta property=\"og:image:type\" content=\"image\/webp\" \/>\n<meta name=\"author\" content=\"Jeanette\" \/>\n<meta name=\"twitter:card\" content=\"summary_large_image\" \/>\n<meta name=\"twitter:creator\" content=\"@eldiario_net\" \/>\n<meta name=\"twitter:site\" content=\"@eldiario_net\" \/>\n<meta name=\"twitter:label1\" content=\"Escrito por\" \/>\n\t<meta name=\"twitter:data1\" content=\"Jeanette\" \/>\n\t<meta name=\"twitter:label2\" content=\"Tiempo de lectura\" \/>\n\t<meta name=\"twitter:data2\" content=\"2 minutos\" \/>\n<script type=\"application\/ld+json\" class=\"yoast-schema-graph\">{\"@context\":\"https:\\\/\\\/schema.org\",\"@graph\":[{\"@type\":\"Article\",\"@id\":\"https:\\\/\\\/www.eldiario.net\\\/portal\\\/2025\\\/09\\\/20\\\/tigo-y-boa-con-servicios-observados-y-usuarios-indefensos\\\/#article\",\"isPartOf\":{\"@id\":\"https:\\\/\\\/www.eldiario.net\\\/portal\\\/2025\\\/09\\\/20\\\/tigo-y-boa-con-servicios-observados-y-usuarios-indefensos\\\/\"},\"author\":{\"name\":\"Jeanette\",\"@id\":\"https:\\\/\\\/www.eldiario.net\\\/portal\\\/#\\\/schema\\\/person\\\/f46445640444750d7d753ccd04ae01b7\"},\"headline\":\"TIGO y BoA con servicios observados y usuarios indefensos\",\"datePublished\":\"2025-09-20T11:33:18+00:00\",\"mainEntityOfPage\":{\"@id\":\"https:\\\/\\\/www.eldiario.net\\\/portal\\\/2025\\\/09\\\/20\\\/tigo-y-boa-con-servicios-observados-y-usuarios-indefensos\\\/\"},\"wordCount\":364,\"publisher\":{\"@id\":\"https:\\\/\\\/www.eldiario.net\\\/portal\\\/#organization\"},\"image\":{\"@id\":\"https:\\\/\\\/www.eldiario.net\\\/portal\\\/2025\\\/09\\\/20\\\/tigo-y-boa-con-servicios-observados-y-usuarios-indefensos\\\/#primaryimage\"},\"thumbnailUrl\":\"https:\\\/\\\/www.eldiario.net\\\/portal\\\/wp-content\\\/uploads\\\/2025\\\/09\\\/BoA.webp\",\"articleSection\":[\"Econom\u00eda\"],\"inLanguage\":\"es\"},{\"@type\":\"WebPage\",\"@id\":\"https:\\\/\\\/www.eldiario.net\\\/portal\\\/2025\\\/09\\\/20\\\/tigo-y-boa-con-servicios-observados-y-usuarios-indefensos\\\/\",\"url\":\"https:\\\/\\\/www.eldiario.net\\\/portal\\\/2025\\\/09\\\/20\\\/tigo-y-boa-con-servicios-observados-y-usuarios-indefensos\\\/\",\"name\":\"TIGO y BoA con servicios observados y usuarios indefensos - El Diario - Bolivia\",\"isPartOf\":{\"@id\":\"https:\\\/\\\/www.eldiario.net\\\/portal\\\/#website\"},\"primaryImageOfPage\":{\"@id\":\"https:\\\/\\\/www.eldiario.net\\\/portal\\\/2025\\\/09\\\/20\\\/tigo-y-boa-con-servicios-observados-y-usuarios-indefensos\\\/#primaryimage\"},\"image\":{\"@id\":\"https:\\\/\\\/www.eldiario.net\\\/portal\\\/2025\\\/09\\\/20\\\/tigo-y-boa-con-servicios-observados-y-usuarios-indefensos\\\/#primaryimage\"},\"thumbnailUrl\":\"https:\\\/\\\/www.eldiario.net\\\/portal\\\/wp-content\\\/uploads\\\/2025\\\/09\\\/BoA.webp\",\"datePublished\":\"2025-09-20T11:33:18+00:00\",\"breadcrumb\":{\"@id\":\"https:\\\/\\\/www.eldiario.net\\\/portal\\\/2025\\\/09\\\/20\\\/tigo-y-boa-con-servicios-observados-y-usuarios-indefensos\\\/#breadcrumb\"},\"inLanguage\":\"es\",\"potentialAction\":[{\"@type\":\"ReadAction\",\"target\":[\"https:\\\/\\\/www.eldiario.net\\\/portal\\\/2025\\\/09\\\/20\\\/tigo-y-boa-con-servicios-observados-y-usuarios-indefensos\\\/\"]}]},{\"@type\":\"ImageObject\",\"inLanguage\":\"es\",\"@id\":\"https:\\\/\\\/www.eldiario.net\\\/portal\\\/2025\\\/09\\\/20\\\/tigo-y-boa-con-servicios-observados-y-usuarios-indefensos\\\/#primaryimage\",\"url\":\"https:\\\/\\\/www.eldiario.net\\\/portal\\\/wp-content\\\/uploads\\\/2025\\\/09\\\/BoA.webp\",\"contentUrl\":\"https:\\\/\\\/www.eldiario.net\\\/portal\\\/wp-content\\\/uploads\\\/2025\\\/09\\\/BoA.webp\",\"width\":300,\"height\":168,\"caption\":\"servicios de BoA en observaci\u00f3n.\"},{\"@type\":\"BreadcrumbList\",\"@id\":\"https:\\\/\\\/www.eldiario.net\\\/portal\\\/2025\\\/09\\\/20\\\/tigo-y-boa-con-servicios-observados-y-usuarios-indefensos\\\/#breadcrumb\",\"itemListElement\":[{\"@type\":\"ListItem\",\"position\":1,\"name\":\"Portada\",\"item\":\"https:\\\/\\\/www.eldiario.net\\\/portal\\\/\"},{\"@type\":\"ListItem\",\"position\":2,\"name\":\"TIGO y BoA con servicios observados y usuarios indefensos\"}]},{\"@type\":\"WebSite\",\"@id\":\"https:\\\/\\\/www.eldiario.net\\\/portal\\\/#website\",\"url\":\"https:\\\/\\\/www.eldiario.net\\\/portal\\\/\",\"name\":\"El Diario - Decano de la prensa nacional\",\"description\":\"El Diario - Decano de la prensa nacional\",\"publisher\":{\"@id\":\"https:\\\/\\\/www.eldiario.net\\\/portal\\\/#organization\"},\"potentialAction\":[{\"@type\":\"SearchAction\",\"target\":{\"@type\":\"EntryPoint\",\"urlTemplate\":\"https:\\\/\\\/www.eldiario.net\\\/portal\\\/?s={search_term_string}\"},\"query-input\":{\"@type\":\"PropertyValueSpecification\",\"valueRequired\":true,\"valueName\":\"search_term_string\"}}],\"inLanguage\":\"es\"},{\"@type\":\"Organization\",\"@id\":\"https:\\\/\\\/www.eldiario.net\\\/portal\\\/#organization\",\"name\":\"El Diario - Decano de la prensa nacional\",\"url\":\"https:\\\/\\\/www.eldiario.net\\\/portal\\\/\",\"logo\":{\"@type\":\"ImageObject\",\"inLanguage\":\"es\",\"@id\":\"https:\\\/\\\/www.eldiario.net\\\/portal\\\/#\\\/schema\\\/logo\\\/image\\\/\",\"url\":\"https:\\\/\\\/www.eldiario.net\\\/portal\\\/wp-content\\\/uploads\\\/2023\\\/07\\\/logo_ED.jpg\",\"contentUrl\":\"https:\\\/\\\/www.eldiario.net\\\/portal\\\/wp-content\\\/uploads\\\/2023\\\/07\\\/logo_ED.jpg\",\"width\":272,\"height\":52,\"caption\":\"El Diario - Decano de la prensa nacional\"},\"image\":{\"@id\":\"https:\\\/\\\/www.eldiario.net\\\/portal\\\/#\\\/schema\\\/logo\\\/image\\\/\"},\"sameAs\":[\"https:\\\/\\\/www.facebook.com\\\/eldiario.bolivia\\\/\",\"https:\\\/\\\/x.com\\\/eldiario_net\"]},{\"@type\":\"Person\",\"@id\":\"https:\\\/\\\/www.eldiario.net\\\/portal\\\/#\\\/schema\\\/person\\\/f46445640444750d7d753ccd04ae01b7\",\"name\":\"Jeanette\",\"image\":{\"@type\":\"ImageObject\",\"inLanguage\":\"es\",\"@id\":\"https:\\\/\\\/secure.gravatar.com\\\/avatar\\\/3ea2118a5f7dad2b7138b1187a6b7ee55f160b9968b66013c3a3ef39dd7e5798?s=96&d=mm&r=g\",\"url\":\"https:\\\/\\\/secure.gravatar.com\\\/avatar\\\/3ea2118a5f7dad2b7138b1187a6b7ee55f160b9968b66013c3a3ef39dd7e5798?s=96&d=mm&r=g\",\"contentUrl\":\"https:\\\/\\\/secure.gravatar.com\\\/avatar\\\/3ea2118a5f7dad2b7138b1187a6b7ee55f160b9968b66013c3a3ef39dd7e5798?s=96&d=mm&r=g\",\"caption\":\"Jeanette\"},\"sameAs\":[\"https:\\\/\\\/www.eldiario.net\\\/portal\"],\"url\":\"https:\\\/\\\/www.eldiario.net\\\/portal\\\/author\\\/jeanette\\\/\"}]}<\/script>\n<!-- \/ Yoast SEO plugin. -->","yoast_head_json":{"title":"TIGO y BoA con servicios observados y usuarios indefensos - El Diario - Bolivia","robots":{"index":"index","follow":"follow","max-snippet":"max-snippet:-1","max-image-preview":"max-image-preview:large","max-video-preview":"max-video-preview:-1"},"canonical":"https:\/\/www.eldiario.net\/portal\/2025\/09\/20\/tigo-y-boa-con-servicios-observados-y-usuarios-indefensos\/","og_locale":"es_ES","og_type":"article","og_title":"TIGO y BoA con servicios observados y usuarios indefensos - El Diario - Bolivia","og_description":"Nuevamente los servicios de TIGO y BoA est\u00e1n en la mira debido a la observaci\u00f3n que hacen los usuarios, quienes se sienten indefensos ante la actitud de ambas empresas y lamentan que no haya autoridad que salga en su defensa y hacer cumplir la normativa. Desde hace tiempo Boliviana de Aviaci\u00f3n (BoA) no cumple sus [&hellip;]","og_url":"https:\/\/www.eldiario.net\/portal\/2025\/09\/20\/tigo-y-boa-con-servicios-observados-y-usuarios-indefensos\/","og_site_name":"El Diario - Bolivia","article_publisher":"https:\/\/www.facebook.com\/eldiario.bolivia\/","article_published_time":"2025-09-20T11:33:18+00:00","og_image":[{"width":300,"height":168,"url":"https:\/\/www.eldiario.net\/portal\/wp-content\/uploads\/2025\/09\/BoA.webp","type":"image\/webp"}],"author":"Jeanette","twitter_card":"summary_large_image","twitter_creator":"@eldiario_net","twitter_site":"@eldiario_net","twitter_misc":{"Escrito por":"Jeanette","Tiempo de lectura":"2 minutos"},"schema":{"@context":"https:\/\/schema.org","@graph":[{"@type":"Article","@id":"https:\/\/www.eldiario.net\/portal\/2025\/09\/20\/tigo-y-boa-con-servicios-observados-y-usuarios-indefensos\/#article","isPartOf":{"@id":"https:\/\/www.eldiario.net\/portal\/2025\/09\/20\/tigo-y-boa-con-servicios-observados-y-usuarios-indefensos\/"},"author":{"name":"Jeanette","@id":"https:\/\/www.eldiario.net\/portal\/#\/schema\/person\/f46445640444750d7d753ccd04ae01b7"},"headline":"TIGO y BoA con servicios observados y usuarios indefensos","datePublished":"2025-09-20T11:33:18+00:00","mainEntityOfPage":{"@id":"https:\/\/www.eldiario.net\/portal\/2025\/09\/20\/tigo-y-boa-con-servicios-observados-y-usuarios-indefensos\/"},"wordCount":364,"publisher":{"@id":"https:\/\/www.eldiario.net\/portal\/#organization"},"image":{"@id":"https:\/\/www.eldiario.net\/portal\/2025\/09\/20\/tigo-y-boa-con-servicios-observados-y-usuarios-indefensos\/#primaryimage"},"thumbnailUrl":"https:\/\/www.eldiario.net\/portal\/wp-content\/uploads\/2025\/09\/BoA.webp","articleSection":["Econom\u00eda"],"inLanguage":"es"},{"@type":"WebPage","@id":"https:\/\/www.eldiario.net\/portal\/2025\/09\/20\/tigo-y-boa-con-servicios-observados-y-usuarios-indefensos\/","url":"https:\/\/www.eldiario.net\/portal\/2025\/09\/20\/tigo-y-boa-con-servicios-observados-y-usuarios-indefensos\/","name":"TIGO y BoA con servicios observados y usuarios indefensos - El Diario - Bolivia","isPartOf":{"@id":"https:\/\/www.eldiario.net\/portal\/#website"},"primaryImageOfPage":{"@id":"https:\/\/www.eldiario.net\/portal\/2025\/09\/20\/tigo-y-boa-con-servicios-observados-y-usuarios-indefensos\/#primaryimage"},"image":{"@id":"https:\/\/www.eldiario.net\/portal\/2025\/09\/20\/tigo-y-boa-con-servicios-observados-y-usuarios-indefensos\/#primaryimage"},"thumbnailUrl":"https:\/\/www.eldiario.net\/portal\/wp-content\/uploads\/2025\/09\/BoA.webp","datePublished":"2025-09-20T11:33:18+00:00","breadcrumb":{"@id":"https:\/\/www.eldiario.net\/portal\/2025\/09\/20\/tigo-y-boa-con-servicios-observados-y-usuarios-indefensos\/#breadcrumb"},"inLanguage":"es","potentialAction":[{"@type":"ReadAction","target":["https:\/\/www.eldiario.net\/portal\/2025\/09\/20\/tigo-y-boa-con-servicios-observados-y-usuarios-indefensos\/"]}]},{"@type":"ImageObject","inLanguage":"es","@id":"https:\/\/www.eldiario.net\/portal\/2025\/09\/20\/tigo-y-boa-con-servicios-observados-y-usuarios-indefensos\/#primaryimage","url":"https:\/\/www.eldiario.net\/portal\/wp-content\/uploads\/2025\/09\/BoA.webp","contentUrl":"https:\/\/www.eldiario.net\/portal\/wp-content\/uploads\/2025\/09\/BoA.webp","width":300,"height":168,"caption":"servicios de BoA en observaci\u00f3n."},{"@type":"BreadcrumbList","@id":"https:\/\/www.eldiario.net\/portal\/2025\/09\/20\/tigo-y-boa-con-servicios-observados-y-usuarios-indefensos\/#breadcrumb","itemListElement":[{"@type":"ListItem","position":1,"name":"Portada","item":"https:\/\/www.eldiario.net\/portal\/"},{"@type":"ListItem","position":2,"name":"TIGO y BoA con servicios observados y usuarios indefensos"}]},{"@type":"WebSite","@id":"https:\/\/www.eldiario.net\/portal\/#website","url":"https:\/\/www.eldiario.net\/portal\/","name":"El Diario - Decano de la prensa nacional","description":"El Diario - Decano de la prensa nacional","publisher":{"@id":"https:\/\/www.eldiario.net\/portal\/#organization"},"potentialAction":[{"@type":"SearchAction","target":{"@type":"EntryPoint","urlTemplate":"https:\/\/www.eldiario.net\/portal\/?s={search_term_string}"},"query-input":{"@type":"PropertyValueSpecification","valueRequired":true,"valueName":"search_term_string"}}],"inLanguage":"es"},{"@type":"Organization","@id":"https:\/\/www.eldiario.net\/portal\/#organization","name":"El Diario - Decano de la prensa nacional","url":"https:\/\/www.eldiario.net\/portal\/","logo":{"@type":"ImageObject","inLanguage":"es","@id":"https:\/\/www.eldiario.net\/portal\/#\/schema\/logo\/image\/","url":"https:\/\/www.eldiario.net\/portal\/wp-content\/uploads\/2023\/07\/logo_ED.jpg","contentUrl":"https:\/\/www.eldiario.net\/portal\/wp-content\/uploads\/2023\/07\/logo_ED.jpg","width":272,"height":52,"caption":"El Diario - Decano de la prensa nacional"},"image":{"@id":"https:\/\/www.eldiario.net\/portal\/#\/schema\/logo\/image\/"},"sameAs":["https:\/\/www.facebook.com\/eldiario.bolivia\/","https:\/\/x.com\/eldiario_net"]},{"@type":"Person","@id":"https:\/\/www.eldiario.net\/portal\/#\/schema\/person\/f46445640444750d7d753ccd04ae01b7","name":"Jeanette","image":{"@type":"ImageObject","inLanguage":"es","@id":"https:\/\/secure.gravatar.com\/avatar\/3ea2118a5f7dad2b7138b1187a6b7ee55f160b9968b66013c3a3ef39dd7e5798?s=96&d=mm&r=g","url":"https:\/\/secure.gravatar.com\/avatar\/3ea2118a5f7dad2b7138b1187a6b7ee55f160b9968b66013c3a3ef39dd7e5798?s=96&d=mm&r=g","contentUrl":"https:\/\/secure.gravatar.com\/avatar\/3ea2118a5f7dad2b7138b1187a6b7ee55f160b9968b66013c3a3ef39dd7e5798?s=96&d=mm&r=g","caption":"Jeanette"},"sameAs":["https:\/\/www.eldiario.net\/portal"],"url":"https:\/\/www.eldiario.net\/portal\/author\/jeanette\/"}]}},"_links":{"self":[{"href":"https:\/\/www.eldiario.net\/portal\/wp-json\/wp\/v2\/posts\/332593","targetHints":{"allow":["GET"]}}],"collection":[{"href":"https:\/\/www.eldiario.net\/portal\/wp-json\/wp\/v2\/posts"}],"about":[{"href":"https:\/\/www.eldiario.net\/portal\/wp-json\/wp\/v2\/types\/post"}],"author":[{"embeddable":true,"href":"https:\/\/www.eldiario.net\/portal\/wp-json\/wp\/v2\/users\/1"}],"replies":[{"embeddable":true,"href":"https:\/\/www.eldiario.net\/portal\/wp-json\/wp\/v2\/comments?post=332593"}],"version-history":[{"count":1,"href":"https:\/\/www.eldiario.net\/portal\/wp-json\/wp\/v2\/posts\/332593\/revisions"}],"predecessor-version":[{"id":332595,"href":"https:\/\/www.eldiario.net\/portal\/wp-json\/wp\/v2\/posts\/332593\/revisions\/332595"}],"wp:featuredmedia":[{"embeddable":true,"href":"https:\/\/www.eldiario.net\/portal\/wp-json\/wp\/v2\/media\/332594"}],"wp:attachment":[{"href":"https:\/\/www.eldiario.net\/portal\/wp-json\/wp\/v2\/media?parent=332593"}],"wp:term":[{"taxonomy":"category","embeddable":true,"href":"https:\/\/www.eldiario.net\/portal\/wp-json\/wp\/v2\/categories?post=332593"},{"taxonomy":"post_tag","embeddable":true,"href":"https:\/\/www.eldiario.net\/portal\/wp-json\/wp\/v2\/tags?post=332593"}],"curies":[{"name":"wp","href":"https:\/\/api.w.org\/{rel}","templated":true}]}}