{"id":332588,"date":"2025-09-20T07:30:20","date_gmt":"2025-09-20T11:30:20","guid":{"rendered":"https:\/\/www.eldiario.net\/portal\/?p=332588"},"modified":"2025-09-20T07:30:20","modified_gmt":"2025-09-20T11:30:20","slug":"las-urgentes-tareas-del-proximo-gobierno-3","status":"publish","type":"post","link":"https:\/\/www.eldiario.net\/portal\/2025\/09\/20\/las-urgentes-tareas-del-proximo-gobierno-3\/","title":{"rendered":"Las urgentes tareas del pr\u00f3ximo gobierno"},"content":{"rendered":"<p>Parte III<\/p>\n<p>La filosof\u00eda pol\u00edtica nos ense\u00f1a que el Estado tiene por finalidad el \u201cbien com\u00fan\u201d y para cumplir esta finalidad, efect\u00faa varias funciones y actividades. Estas son servicios que presta el Estado, a trav\u00e9s de pol\u00edticas dise\u00f1adas y ejecutadas por el gobierno que lo administra. Estos servicios resultan de mucha importancia, porque tienen que ver con los requerimientos de la sociedad en su vida cotidiana, como los servicios de salud, educaci\u00f3n, justicia, seguridad (interna y externa), adem\u00e1s de otros.<br \/>\nEstos requerimientos de la sociedad, por su importancia han sido catalogados como de pol\u00edtica social e incluso son considerados derechos fundamentales de los individuos, e internacionalmente como derechos humanos. Es decir que los individuos de toda sociedad, deben gozar de los derechos a la salud, educaci\u00f3n, justicia, etc.<br \/>\nEl pr\u00f3ximo gobierno que ser\u00e1 elegido por el voto ciudadano el 19 de octubre pr\u00f3ximo, entre sus tareas, luego de encarar el problema econ\u00f3mico, debe atender estos requerimientos sociales, que hacen al desarrollo de los individuos en la sociedad y, por su car\u00e1cter, son de urgente atenci\u00f3n.<br \/>\nLa prestaci\u00f3n de salud, como dispone el Sistema de Salud, est\u00e1 a cargo del Estado como salud p\u00fablica y de la prestaci\u00f3n privada, la primera gratuita y la segunda onerosa. De acuerdo a las normas constitucionales, todos tenemos acceso a la salud, pero este servicio en nuestro medio, resulta de dif\u00edcil acceso, debido a las limitaciones del servicio, por deficiencia en recursos humanos, instalaciones hospitalarias, f\u00e1rmacos etc. Y para acceder al servicio p\u00fablico, el paciente debe ir de madrugada a conseguir una ficha de atenci\u00f3n. Si acaso tuvo acceso, los ex\u00e1menes y pruebas necesarias son atendidas en semanas.<br \/>\nSiguiendo a otros pa\u00edses vecinos, se ha establecido el Servicio \u00danico de Salud (SUS), por el cual todos los habitantes que se inscriban en el mismo, tienen acceso a los servicios p\u00fablicos de salud. Sin embargo, el servicio resulta poco efectivo, pues ha aumentado la demanda, pero no se ha provisto una mejora de los servicios, y las carencias se dan debido a que los recursos econ\u00f3micos dispuestos, son insuficientes.<br \/>\nEl pr\u00f3ximo gobierno tambi\u00e9n tiene que hacer una reforma del sistema educativo, pues la ley Avelino Si\u00f1ani del r\u00e9gimen populista, ha desvirtuado los fines y objetivos que se hab\u00edan establecido en reformas anteriores, dando al sistema un fuerte car\u00e1cter \u00e9tnico cultural. Se debe comenzar por el redise\u00f1o del curr\u00edculo educativo, para que los estudiantes est\u00e9n capacitados para desarrollarse en un tiempo en el que el conocimiento y la tecnolog\u00eda, mueven al mundo.<br \/>\nNo obstante, no se debe dejar de lado el estudio de nuestras ra\u00edces, de culturas milenarias e hispanas, sin desconocer que, si bien somos herederos del pasado ancestral, tambi\u00e9n nos hemos alimentado de la cultura de occidente, que hoy se ha impuesto en todo el mundo, hasta en sociedades de fuerte tradici\u00f3n cultural propia, como los pa\u00edses asi\u00e1ticos y de otras partes, una cultura rica en artes, ciencia y filosof\u00eda.<br \/>\nLa educaci\u00f3n superior requiere un profundo cambio, pues es este nivel el que forma a los profesionales y t\u00e9cnicos que deben construir la sociedad. Pero el nivel acad\u00e9mico de las universidades es bajo, se ha entrado en un esquema del facilismo, y salen de las universidades centenares de profesionales deficientemente preparados. En las universidades privadas las licenciaturas se hacen en cuatro a\u00f1os y los post grados, dependen de quien puede pagarlos. En general, en todo el sistema educativo se tiene que aumentar las horas aula, con sistemas pedag\u00f3gicos modernos, educadores bien formados y bajo una permanente evaluaci\u00f3n al sistema.<br \/>\nNo olvidemos que uno de los padres del Estado norteamericano, Benjam\u00edn Franklin, sentenci\u00f3: \u201cla inversi\u00f3n que m\u00e1s rinde es en la educaci\u00f3n\u201d. El desarrollo y progreso de las naciones, depende en buena medida del nivel cultural de los pueblos, pues s\u00f3lo una buena educaci\u00f3n, nos sacar\u00e1 del estancamiento y el atraso, y nos har\u00e1 verdaderamente libres.<\/p>\n<p>El autor es Abogado, Polit\u00f3logo, escritor y docente universitario.<\/p>\n","protected":false},"excerpt":{"rendered":"<p>Parte III La filosof\u00eda pol\u00edtica nos ense\u00f1a que el Estado tiene por finalidad el \u201cbien com\u00fan\u201d y para cumplir esta finalidad, efect\u00faa varias funciones y actividades. Estas son servicios que presta el Estado, a trav\u00e9s de pol\u00edticas dise\u00f1adas y ejecutadas por el gobierno que lo administra. Estos servicios resultan de mucha importancia, porque tienen que [&hellip;]<\/p>\n","protected":false},"author":1,"featured_media":157872,"comment_status":"closed","ping_status":"open","sticky":false,"template":"","format":"standard","meta":{"_acf_changed":false,"footnotes":""},"categories":[9],"tags":[],"class_list":["post-332588","post","type-post","status-publish","format-standard","has-post-thumbnail","category-opinion"],"acf":{"antetitulo":""},"yoast_head":"<!-- This site is optimized with the Yoast SEO plugin v28.4 - https:\/\/yoast.com\/product\/yoast-seo-wordpress\/ -->\n<title>Las urgentes tareas del pr\u00f3ximo gobierno - El Diario - Bolivia<\/title>\n<meta name=\"robots\" content=\"index, follow, max-snippet:-1, max-image-preview:large, max-video-preview:-1\" \/>\n<link rel=\"canonical\" href=\"https:\/\/www.eldiario.net\/portal\/2025\/09\/20\/las-urgentes-tareas-del-proximo-gobierno-3\/\" \/>\n<meta property=\"og:locale\" content=\"es_ES\" \/>\n<meta property=\"og:type\" content=\"article\" \/>\n<meta property=\"og:title\" content=\"Las urgentes tareas del pr\u00f3ximo gobierno - El Diario - Bolivia\" \/>\n<meta property=\"og:description\" content=\"Parte III La filosof\u00eda pol\u00edtica nos ense\u00f1a que el Estado tiene por finalidad el \u201cbien com\u00fan\u201d y para cumplir esta finalidad, efect\u00faa varias funciones y actividades. Estas son servicios que presta el Estado, a trav\u00e9s de pol\u00edticas dise\u00f1adas y ejecutadas por el gobierno que lo administra. Estos servicios resultan de mucha importancia, porque tienen que [&hellip;]\" \/>\n<meta property=\"og:url\" content=\"https:\/\/www.eldiario.net\/portal\/2025\/09\/20\/las-urgentes-tareas-del-proximo-gobierno-3\/\" \/>\n<meta property=\"og:site_name\" content=\"El Diario - Bolivia\" \/>\n<meta property=\"article:publisher\" content=\"https:\/\/www.facebook.com\/eldiario.bolivia\/\" \/>\n<meta property=\"article:published_time\" content=\"2025-09-20T11:30:20+00:00\" \/>\n<meta property=\"og:image\" content=\"https:\/\/www.eldiario.net\/portal\/wp-content\/uploads\/2023\/06\/Eric-L.-Cardenas-del-Castillo.jpg\" \/>\n\t<meta property=\"og:image:width\" content=\"1200\" \/>\n\t<meta property=\"og:image:height\" content=\"628\" \/>\n\t<meta property=\"og:image:type\" content=\"image\/jpeg\" \/>\n<meta name=\"author\" content=\"Jeanette\" \/>\n<meta name=\"twitter:card\" content=\"summary_large_image\" \/>\n<meta name=\"twitter:creator\" content=\"@eldiario_net\" \/>\n<meta name=\"twitter:site\" content=\"@eldiario_net\" \/>\n<meta name=\"twitter:label1\" content=\"Escrito por\" \/>\n\t<meta name=\"twitter:data1\" content=\"Jeanette\" \/>\n\t<meta name=\"twitter:label2\" content=\"Tiempo de lectura\" \/>\n\t<meta name=\"twitter:data2\" content=\"4 minutos\" \/>\n<script type=\"application\/ld+json\" class=\"yoast-schema-graph\">{\"@context\":\"https:\\\/\\\/schema.org\",\"@graph\":[{\"@type\":\"Article\",\"@id\":\"https:\\\/\\\/www.eldiario.net\\\/portal\\\/2025\\\/09\\\/20\\\/las-urgentes-tareas-del-proximo-gobierno-3\\\/#article\",\"isPartOf\":{\"@id\":\"https:\\\/\\\/www.eldiario.net\\\/portal\\\/2025\\\/09\\\/20\\\/las-urgentes-tareas-del-proximo-gobierno-3\\\/\"},\"author\":{\"name\":\"Jeanette\",\"@id\":\"https:\\\/\\\/www.eldiario.net\\\/portal\\\/#\\\/schema\\\/person\\\/f46445640444750d7d753ccd04ae01b7\"},\"headline\":\"Las urgentes tareas del pr\u00f3ximo gobierno\",\"datePublished\":\"2025-09-20T11:30:20+00:00\",\"mainEntityOfPage\":{\"@id\":\"https:\\\/\\\/www.eldiario.net\\\/portal\\\/2025\\\/09\\\/20\\\/las-urgentes-tareas-del-proximo-gobierno-3\\\/\"},\"wordCount\":712,\"publisher\":{\"@id\":\"https:\\\/\\\/www.eldiario.net\\\/portal\\\/#organization\"},\"image\":{\"@id\":\"https:\\\/\\\/www.eldiario.net\\\/portal\\\/2025\\\/09\\\/20\\\/las-urgentes-tareas-del-proximo-gobierno-3\\\/#primaryimage\"},\"thumbnailUrl\":\"https:\\\/\\\/www.eldiario.net\\\/portal\\\/wp-content\\\/uploads\\\/2023\\\/06\\\/Eric-L.-Cardenas-del-Castillo.jpg\",\"articleSection\":[\"Opini\u00f3n\"],\"inLanguage\":\"es\"},{\"@type\":\"WebPage\",\"@id\":\"https:\\\/\\\/www.eldiario.net\\\/portal\\\/2025\\\/09\\\/20\\\/las-urgentes-tareas-del-proximo-gobierno-3\\\/\",\"url\":\"https:\\\/\\\/www.eldiario.net\\\/portal\\\/2025\\\/09\\\/20\\\/las-urgentes-tareas-del-proximo-gobierno-3\\\/\",\"name\":\"Las urgentes tareas del pr\u00f3ximo gobierno - El Diario - Bolivia\",\"isPartOf\":{\"@id\":\"https:\\\/\\\/www.eldiario.net\\\/portal\\\/#website\"},\"primaryImageOfPage\":{\"@id\":\"https:\\\/\\\/www.eldiario.net\\\/portal\\\/2025\\\/09\\\/20\\\/las-urgentes-tareas-del-proximo-gobierno-3\\\/#primaryimage\"},\"image\":{\"@id\":\"https:\\\/\\\/www.eldiario.net\\\/portal\\\/2025\\\/09\\\/20\\\/las-urgentes-tareas-del-proximo-gobierno-3\\\/#primaryimage\"},\"thumbnailUrl\":\"https:\\\/\\\/www.eldiario.net\\\/portal\\\/wp-content\\\/uploads\\\/2023\\\/06\\\/Eric-L.-Cardenas-del-Castillo.jpg\",\"datePublished\":\"2025-09-20T11:30:20+00:00\",\"breadcrumb\":{\"@id\":\"https:\\\/\\\/www.eldiario.net\\\/portal\\\/2025\\\/09\\\/20\\\/las-urgentes-tareas-del-proximo-gobierno-3\\\/#breadcrumb\"},\"inLanguage\":\"es\",\"potentialAction\":[{\"@type\":\"ReadAction\",\"target\":[\"https:\\\/\\\/www.eldiario.net\\\/portal\\\/2025\\\/09\\\/20\\\/las-urgentes-tareas-del-proximo-gobierno-3\\\/\"]}]},{\"@type\":\"ImageObject\",\"inLanguage\":\"es\",\"@id\":\"https:\\\/\\\/www.eldiario.net\\\/portal\\\/2025\\\/09\\\/20\\\/las-urgentes-tareas-del-proximo-gobierno-3\\\/#primaryimage\",\"url\":\"https:\\\/\\\/www.eldiario.net\\\/portal\\\/wp-content\\\/uploads\\\/2023\\\/06\\\/Eric-L.-Cardenas-del-Castillo.jpg\",\"contentUrl\":\"https:\\\/\\\/www.eldiario.net\\\/portal\\\/wp-content\\\/uploads\\\/2023\\\/06\\\/Eric-L.-Cardenas-del-Castillo.jpg\",\"width\":1200,\"height\":628,\"caption\":\"Eric L. C\u00e1rdenas del Castillo\"},{\"@type\":\"BreadcrumbList\",\"@id\":\"https:\\\/\\\/www.eldiario.net\\\/portal\\\/2025\\\/09\\\/20\\\/las-urgentes-tareas-del-proximo-gobierno-3\\\/#breadcrumb\",\"itemListElement\":[{\"@type\":\"ListItem\",\"position\":1,\"name\":\"Portada\",\"item\":\"https:\\\/\\\/www.eldiario.net\\\/portal\\\/\"},{\"@type\":\"ListItem\",\"position\":2,\"name\":\"Las urgentes tareas del pr\u00f3ximo gobierno\"}]},{\"@type\":\"WebSite\",\"@id\":\"https:\\\/\\\/www.eldiario.net\\\/portal\\\/#website\",\"url\":\"https:\\\/\\\/www.eldiario.net\\\/portal\\\/\",\"name\":\"El Diario - Decano de la prensa nacional\",\"description\":\"El Diario - Decano de la prensa nacional\",\"publisher\":{\"@id\":\"https:\\\/\\\/www.eldiario.net\\\/portal\\\/#organization\"},\"potentialAction\":[{\"@type\":\"SearchAction\",\"target\":{\"@type\":\"EntryPoint\",\"urlTemplate\":\"https:\\\/\\\/www.eldiario.net\\\/portal\\\/?s={search_term_string}\"},\"query-input\":{\"@type\":\"PropertyValueSpecification\",\"valueRequired\":true,\"valueName\":\"search_term_string\"}}],\"inLanguage\":\"es\"},{\"@type\":\"Organization\",\"@id\":\"https:\\\/\\\/www.eldiario.net\\\/portal\\\/#organization\",\"name\":\"El Diario - Decano de la prensa nacional\",\"url\":\"https:\\\/\\\/www.eldiario.net\\\/portal\\\/\",\"logo\":{\"@type\":\"ImageObject\",\"inLanguage\":\"es\",\"@id\":\"https:\\\/\\\/www.eldiario.net\\\/portal\\\/#\\\/schema\\\/logo\\\/image\\\/\",\"url\":\"https:\\\/\\\/www.eldiario.net\\\/portal\\\/wp-content\\\/uploads\\\/2023\\\/07\\\/logo_ED.jpg\",\"contentUrl\":\"https:\\\/\\\/www.eldiario.net\\\/portal\\\/wp-content\\\/uploads\\\/2023\\\/07\\\/logo_ED.jpg\",\"width\":272,\"height\":52,\"caption\":\"El Diario - Decano de la prensa nacional\"},\"image\":{\"@id\":\"https:\\\/\\\/www.eldiario.net\\\/portal\\\/#\\\/schema\\\/logo\\\/image\\\/\"},\"sameAs\":[\"https:\\\/\\\/www.facebook.com\\\/eldiario.bolivia\\\/\",\"https:\\\/\\\/x.com\\\/eldiario_net\"]},{\"@type\":\"Person\",\"@id\":\"https:\\\/\\\/www.eldiario.net\\\/portal\\\/#\\\/schema\\\/person\\\/f46445640444750d7d753ccd04ae01b7\",\"name\":\"Jeanette\",\"image\":{\"@type\":\"ImageObject\",\"inLanguage\":\"es\",\"@id\":\"https:\\\/\\\/secure.gravatar.com\\\/avatar\\\/3ea2118a5f7dad2b7138b1187a6b7ee55f160b9968b66013c3a3ef39dd7e5798?s=96&d=mm&r=g\",\"url\":\"https:\\\/\\\/secure.gravatar.com\\\/avatar\\\/3ea2118a5f7dad2b7138b1187a6b7ee55f160b9968b66013c3a3ef39dd7e5798?s=96&d=mm&r=g\",\"contentUrl\":\"https:\\\/\\\/secure.gravatar.com\\\/avatar\\\/3ea2118a5f7dad2b7138b1187a6b7ee55f160b9968b66013c3a3ef39dd7e5798?s=96&d=mm&r=g\",\"caption\":\"Jeanette\"},\"sameAs\":[\"https:\\\/\\\/www.eldiario.net\\\/portal\"],\"url\":\"https:\\\/\\\/www.eldiario.net\\\/portal\\\/author\\\/jeanette\\\/\"}]}<\/script>\n<!-- \/ Yoast SEO plugin. -->","yoast_head_json":{"title":"Las urgentes tareas del pr\u00f3ximo gobierno - El Diario - Bolivia","robots":{"index":"index","follow":"follow","max-snippet":"max-snippet:-1","max-image-preview":"max-image-preview:large","max-video-preview":"max-video-preview:-1"},"canonical":"https:\/\/www.eldiario.net\/portal\/2025\/09\/20\/las-urgentes-tareas-del-proximo-gobierno-3\/","og_locale":"es_ES","og_type":"article","og_title":"Las urgentes tareas del pr\u00f3ximo gobierno - El Diario - Bolivia","og_description":"Parte III La filosof\u00eda pol\u00edtica nos ense\u00f1a que el Estado tiene por finalidad el \u201cbien com\u00fan\u201d y para cumplir esta finalidad, efect\u00faa varias funciones y actividades. Estas son servicios que presta el Estado, a trav\u00e9s de pol\u00edticas dise\u00f1adas y ejecutadas por el gobierno que lo administra. Estos servicios resultan de mucha importancia, porque tienen que [&hellip;]","og_url":"https:\/\/www.eldiario.net\/portal\/2025\/09\/20\/las-urgentes-tareas-del-proximo-gobierno-3\/","og_site_name":"El Diario - Bolivia","article_publisher":"https:\/\/www.facebook.com\/eldiario.bolivia\/","article_published_time":"2025-09-20T11:30:20+00:00","og_image":[{"width":1200,"height":628,"url":"https:\/\/www.eldiario.net\/portal\/wp-content\/uploads\/2023\/06\/Eric-L.-Cardenas-del-Castillo.jpg","type":"image\/jpeg"}],"author":"Jeanette","twitter_card":"summary_large_image","twitter_creator":"@eldiario_net","twitter_site":"@eldiario_net","twitter_misc":{"Escrito por":"Jeanette","Tiempo de lectura":"4 minutos"},"schema":{"@context":"https:\/\/schema.org","@graph":[{"@type":"Article","@id":"https:\/\/www.eldiario.net\/portal\/2025\/09\/20\/las-urgentes-tareas-del-proximo-gobierno-3\/#article","isPartOf":{"@id":"https:\/\/www.eldiario.net\/portal\/2025\/09\/20\/las-urgentes-tareas-del-proximo-gobierno-3\/"},"author":{"name":"Jeanette","@id":"https:\/\/www.eldiario.net\/portal\/#\/schema\/person\/f46445640444750d7d753ccd04ae01b7"},"headline":"Las urgentes tareas del pr\u00f3ximo gobierno","datePublished":"2025-09-20T11:30:20+00:00","mainEntityOfPage":{"@id":"https:\/\/www.eldiario.net\/portal\/2025\/09\/20\/las-urgentes-tareas-del-proximo-gobierno-3\/"},"wordCount":712,"publisher":{"@id":"https:\/\/www.eldiario.net\/portal\/#organization"},"image":{"@id":"https:\/\/www.eldiario.net\/portal\/2025\/09\/20\/las-urgentes-tareas-del-proximo-gobierno-3\/#primaryimage"},"thumbnailUrl":"https:\/\/www.eldiario.net\/portal\/wp-content\/uploads\/2023\/06\/Eric-L.-Cardenas-del-Castillo.jpg","articleSection":["Opini\u00f3n"],"inLanguage":"es"},{"@type":"WebPage","@id":"https:\/\/www.eldiario.net\/portal\/2025\/09\/20\/las-urgentes-tareas-del-proximo-gobierno-3\/","url":"https:\/\/www.eldiario.net\/portal\/2025\/09\/20\/las-urgentes-tareas-del-proximo-gobierno-3\/","name":"Las urgentes tareas del pr\u00f3ximo gobierno - El Diario - Bolivia","isPartOf":{"@id":"https:\/\/www.eldiario.net\/portal\/#website"},"primaryImageOfPage":{"@id":"https:\/\/www.eldiario.net\/portal\/2025\/09\/20\/las-urgentes-tareas-del-proximo-gobierno-3\/#primaryimage"},"image":{"@id":"https:\/\/www.eldiario.net\/portal\/2025\/09\/20\/las-urgentes-tareas-del-proximo-gobierno-3\/#primaryimage"},"thumbnailUrl":"https:\/\/www.eldiario.net\/portal\/wp-content\/uploads\/2023\/06\/Eric-L.-Cardenas-del-Castillo.jpg","datePublished":"2025-09-20T11:30:20+00:00","breadcrumb":{"@id":"https:\/\/www.eldiario.net\/portal\/2025\/09\/20\/las-urgentes-tareas-del-proximo-gobierno-3\/#breadcrumb"},"inLanguage":"es","potentialAction":[{"@type":"ReadAction","target":["https:\/\/www.eldiario.net\/portal\/2025\/09\/20\/las-urgentes-tareas-del-proximo-gobierno-3\/"]}]},{"@type":"ImageObject","inLanguage":"es","@id":"https:\/\/www.eldiario.net\/portal\/2025\/09\/20\/las-urgentes-tareas-del-proximo-gobierno-3\/#primaryimage","url":"https:\/\/www.eldiario.net\/portal\/wp-content\/uploads\/2023\/06\/Eric-L.-Cardenas-del-Castillo.jpg","contentUrl":"https:\/\/www.eldiario.net\/portal\/wp-content\/uploads\/2023\/06\/Eric-L.-Cardenas-del-Castillo.jpg","width":1200,"height":628,"caption":"Eric L. C\u00e1rdenas del Castillo"},{"@type":"BreadcrumbList","@id":"https:\/\/www.eldiario.net\/portal\/2025\/09\/20\/las-urgentes-tareas-del-proximo-gobierno-3\/#breadcrumb","itemListElement":[{"@type":"ListItem","position":1,"name":"Portada","item":"https:\/\/www.eldiario.net\/portal\/"},{"@type":"ListItem","position":2,"name":"Las urgentes tareas del pr\u00f3ximo gobierno"}]},{"@type":"WebSite","@id":"https:\/\/www.eldiario.net\/portal\/#website","url":"https:\/\/www.eldiario.net\/portal\/","name":"El Diario - Decano de la prensa nacional","description":"El Diario - Decano de la prensa nacional","publisher":{"@id":"https:\/\/www.eldiario.net\/portal\/#organization"},"potentialAction":[{"@type":"SearchAction","target":{"@type":"EntryPoint","urlTemplate":"https:\/\/www.eldiario.net\/portal\/?s={search_term_string}"},"query-input":{"@type":"PropertyValueSpecification","valueRequired":true,"valueName":"search_term_string"}}],"inLanguage":"es"},{"@type":"Organization","@id":"https:\/\/www.eldiario.net\/portal\/#organization","name":"El Diario - Decano de la prensa nacional","url":"https:\/\/www.eldiario.net\/portal\/","logo":{"@type":"ImageObject","inLanguage":"es","@id":"https:\/\/www.eldiario.net\/portal\/#\/schema\/logo\/image\/","url":"https:\/\/www.eldiario.net\/portal\/wp-content\/uploads\/2023\/07\/logo_ED.jpg","contentUrl":"https:\/\/www.eldiario.net\/portal\/wp-content\/uploads\/2023\/07\/logo_ED.jpg","width":272,"height":52,"caption":"El Diario - Decano de la prensa nacional"},"image":{"@id":"https:\/\/www.eldiario.net\/portal\/#\/schema\/logo\/image\/"},"sameAs":["https:\/\/www.facebook.com\/eldiario.bolivia\/","https:\/\/x.com\/eldiario_net"]},{"@type":"Person","@id":"https:\/\/www.eldiario.net\/portal\/#\/schema\/person\/f46445640444750d7d753ccd04ae01b7","name":"Jeanette","image":{"@type":"ImageObject","inLanguage":"es","@id":"https:\/\/secure.gravatar.com\/avatar\/3ea2118a5f7dad2b7138b1187a6b7ee55f160b9968b66013c3a3ef39dd7e5798?s=96&d=mm&r=g","url":"https:\/\/secure.gravatar.com\/avatar\/3ea2118a5f7dad2b7138b1187a6b7ee55f160b9968b66013c3a3ef39dd7e5798?s=96&d=mm&r=g","contentUrl":"https:\/\/secure.gravatar.com\/avatar\/3ea2118a5f7dad2b7138b1187a6b7ee55f160b9968b66013c3a3ef39dd7e5798?s=96&d=mm&r=g","caption":"Jeanette"},"sameAs":["https:\/\/www.eldiario.net\/portal"],"url":"https:\/\/www.eldiario.net\/portal\/author\/jeanette\/"}]}},"_links":{"self":[{"href":"https:\/\/www.eldiario.net\/portal\/wp-json\/wp\/v2\/posts\/332588","targetHints":{"allow":["GET"]}}],"collection":[{"href":"https:\/\/www.eldiario.net\/portal\/wp-json\/wp\/v2\/posts"}],"about":[{"href":"https:\/\/www.eldiario.net\/portal\/wp-json\/wp\/v2\/types\/post"}],"author":[{"embeddable":true,"href":"https:\/\/www.eldiario.net\/portal\/wp-json\/wp\/v2\/users\/1"}],"replies":[{"embeddable":true,"href":"https:\/\/www.eldiario.net\/portal\/wp-json\/wp\/v2\/comments?post=332588"}],"version-history":[{"count":1,"href":"https:\/\/www.eldiario.net\/portal\/wp-json\/wp\/v2\/posts\/332588\/revisions"}],"predecessor-version":[{"id":332589,"href":"https:\/\/www.eldiario.net\/portal\/wp-json\/wp\/v2\/posts\/332588\/revisions\/332589"}],"wp:featuredmedia":[{"embeddable":true,"href":"https:\/\/www.eldiario.net\/portal\/wp-json\/wp\/v2\/media\/157872"}],"wp:attachment":[{"href":"https:\/\/www.eldiario.net\/portal\/wp-json\/wp\/v2\/media?parent=332588"}],"wp:term":[{"taxonomy":"category","embeddable":true,"href":"https:\/\/www.eldiario.net\/portal\/wp-json\/wp\/v2\/categories?post=332588"},{"taxonomy":"post_tag","embeddable":true,"href":"https:\/\/www.eldiario.net\/portal\/wp-json\/wp\/v2\/tags?post=332588"}],"curies":[{"name":"wp","href":"https:\/\/api.w.org\/{rel}","templated":true}]}}