{"id":332584,"date":"2025-09-20T07:29:23","date_gmt":"2025-09-20T11:29:23","guid":{"rendered":"https:\/\/www.eldiario.net\/portal\/?p=332584"},"modified":"2025-09-20T07:29:23","modified_gmt":"2025-09-20T11:29:23","slug":"bolivia-en-la-primera-conferencia-de-desarme","status":"publish","type":"post","link":"https:\/\/www.eldiario.net\/portal\/2025\/09\/20\/bolivia-en-la-primera-conferencia-de-desarme\/","title":{"rendered":"Bolivia en la primera Conferencia de Desarme"},"content":{"rendered":"<p>Durante el per\u00edodo denominado \u201centreguerras\u201d o \u201cinterbellum\u201d entre 1918 a 1939, la humanidad busc\u00f3 construir un camino de la paz y del desarme, para ello la comunidad internacional convoc\u00f3 en Ginebra (Suiza) a la primera Conferencia Internacional de Desarme, tambi\u00e9n conocida como \u2018Conferencia General para la Limitaci\u00f3n y Reducci\u00f3n de Armamentos\u2019. En dicho encuentro, Bolivia estuvo representada inicialmente por los destacados diplom\u00e1ticos y escritores Alberto Ostria Guti\u00e9rrez, Adolfo Costa du Rels y como asesor militar el Tte. Cnel. V\u00edctor Serrano.<br \/>\nLa primera fase de dicha reuni\u00f3n inici\u00f3 el 6 de febrero y concluy\u00f3 el 24 de julio de 1932. Este escenario represent\u00f3 para la diplomacia boliviana una valiosa oportunidad para impulsar una negociaci\u00f3n pac\u00edfica sobre el diferendo territorial con el Paraguay por el Chaco, aunque el tema central del encuentro fue el desarme europeo.<br \/>\nEn este marco, la delegaci\u00f3n boliviana tuvo una participaci\u00f3n destacada. Costa du Rels, presidi\u00f3 en varias ocasiones la comisi\u00f3n a\u00e9rea, mientras que el militar Serrano se encarg\u00f3 de seguir las labores del grupo que estudiaba el desarme terrestre. Como resultado de las deliberaciones, la comisi\u00f3n general aprob\u00f3 una resoluci\u00f3n que estableci\u00f3 un programa de acci\u00f3n futura.<br \/>\nA todo esto la delegaci\u00f3n paraguaya no asisti\u00f3, sobre ello Costa du Rels inform\u00f3 al entonces Secretario de la Liga de Naciones, el 13 de agosto de 1932: \u201cQuiero subrayar el hecho de que la ausencia del Paraguay de la Conferencia del Desarme no puede excusarse por una raz\u00f3n de orden pecuniario, la cual firmada por mi honorable contradictor era del todo inesperada. Por otra parte, no se trate de acordar m\u00e1s tarde una adhesi\u00f3n plat\u00f3nica a las decisiones de la nombrada Conferencia\u2026\u201d. (Memoria presentada al Congreso de 1934, p\u00e1g. 343).<br \/>\nParalelamente, en el Chaco se llev\u00f3 a cabo el incidente de Laguna Chuquisaca entre fuerzas paraguayas y bolivianas, esto ocasion\u00f3 que Costa du Rels presente un conjunto de documentos sobre la posici\u00f3n de Bolivia.<br \/>\nSobre esta primera fase, Costa du Rels escribi\u00f3 al entonces canciller boliviano, Juan Mar\u00eda Zalles, el 25 de agosto de 1932: \u201c\u2026se ha dicho que la Conferencia del Desarme no ha hecho nada en seis meses. S\u00ed, pero ha madurado los esp\u00edritus, a tal punto que lo que en febrero hubiera parecido magnifico, resulta inocuo en julio. \u00bfNo es as\u00ed como todos los grandes acontecimientos hist\u00f3ricos se han preparado?\u201d.<br \/>\nMeses m\u00e1s tarde, en febrero de 1933, durante la nueva etapa de la Conferencia, la delegaci\u00f3n boliviana present\u00f3 un alegato que expuso: \u201c\u2026elementos irrefutables de informaci\u00f3n, que, principiando con una preparaci\u00f3n intensa de guerra por parte del Paraguay, ha culminado con el retiro de dicho pa\u00eds de las negociaciones entabladas ente la Comisi\u00f3n de Neutrales\u201d, escribi\u00f3 Costa du Rels, al entonces ministro de Relaciones Exteriores, Demetrio Canelas.<br \/>\nA modo de conclusi\u00f3n, este episodio poco conocido de nuestra historia diplom\u00e1tica muestra c\u00f3mo Bolivia particip\u00f3 activamente en la primera Conferencia de Desarme y testimonia c\u00f3mo dio a conocer su posici\u00f3n en espacios multilaterales.<\/p>\n","protected":false},"excerpt":{"rendered":"<p>Durante el per\u00edodo denominado \u201centreguerras\u201d o \u201cinterbellum\u201d entre 1918 a 1939, la humanidad busc\u00f3 construir un camino de la paz y del desarme, para ello la comunidad internacional convoc\u00f3 en Ginebra (Suiza) a la primera Conferencia Internacional de Desarme, tambi\u00e9n conocida como \u2018Conferencia General para la Limitaci\u00f3n y Reducci\u00f3n de Armamentos\u2019. En dicho encuentro, Bolivia [&hellip;]<\/p>\n","protected":false},"author":1,"featured_media":259492,"comment_status":"closed","ping_status":"open","sticky":false,"template":"","format":"standard","meta":{"_acf_changed":false,"footnotes":""},"categories":[9],"tags":[],"class_list":["post-332584","post","type-post","status-publish","format-standard","has-post-thumbnail","category-opinion"],"acf":{"antetitulo":""},"yoast_head":"<!-- This site is optimized with the Yoast SEO plugin v28.4 - https:\/\/yoast.com\/product\/yoast-seo-wordpress\/ -->\n<title>Bolivia en la primera Conferencia de Desarme - El Diario - Bolivia<\/title>\n<meta name=\"robots\" content=\"index, follow, max-snippet:-1, max-image-preview:large, max-video-preview:-1\" \/>\n<link rel=\"canonical\" href=\"https:\/\/www.eldiario.net\/portal\/2025\/09\/20\/bolivia-en-la-primera-conferencia-de-desarme\/\" \/>\n<meta property=\"og:locale\" content=\"es_ES\" \/>\n<meta property=\"og:type\" content=\"article\" \/>\n<meta property=\"og:title\" content=\"Bolivia en la primera Conferencia de Desarme - El Diario - Bolivia\" \/>\n<meta property=\"og:description\" content=\"Durante el per\u00edodo denominado \u201centreguerras\u201d o \u201cinterbellum\u201d entre 1918 a 1939, la humanidad busc\u00f3 construir un camino de la paz y del desarme, para ello la comunidad internacional convoc\u00f3 en Ginebra (Suiza) a la primera Conferencia Internacional de Desarme, tambi\u00e9n conocida como \u2018Conferencia General para la Limitaci\u00f3n y Reducci\u00f3n de Armamentos\u2019. En dicho encuentro, Bolivia [&hellip;]\" \/>\n<meta property=\"og:url\" content=\"https:\/\/www.eldiario.net\/portal\/2025\/09\/20\/bolivia-en-la-primera-conferencia-de-desarme\/\" \/>\n<meta property=\"og:site_name\" content=\"El Diario - Bolivia\" \/>\n<meta property=\"article:publisher\" content=\"https:\/\/www.facebook.com\/eldiario.bolivia\/\" \/>\n<meta property=\"article:published_time\" content=\"2025-09-20T11:29:23+00:00\" \/>\n<meta property=\"og:image\" content=\"https:\/\/www.eldiario.net\/portal\/wp-content\/uploads\/2024\/11\/Jose-Pradel-B.jpg\" \/>\n\t<meta property=\"og:image:width\" content=\"1200\" \/>\n\t<meta property=\"og:image:height\" content=\"628\" \/>\n\t<meta property=\"og:image:type\" content=\"image\/jpeg\" \/>\n<meta name=\"author\" content=\"Jeanette\" \/>\n<meta name=\"twitter:card\" content=\"summary_large_image\" \/>\n<meta name=\"twitter:creator\" content=\"@eldiario_net\" \/>\n<meta name=\"twitter:site\" content=\"@eldiario_net\" \/>\n<meta name=\"twitter:label1\" content=\"Escrito por\" \/>\n\t<meta name=\"twitter:data1\" content=\"Jeanette\" \/>\n\t<meta name=\"twitter:label2\" content=\"Tiempo de lectura\" \/>\n\t<meta name=\"twitter:data2\" content=\"3 minutos\" \/>\n<script type=\"application\/ld+json\" class=\"yoast-schema-graph\">{\"@context\":\"https:\\\/\\\/schema.org\",\"@graph\":[{\"@type\":\"Article\",\"@id\":\"https:\\\/\\\/www.eldiario.net\\\/portal\\\/2025\\\/09\\\/20\\\/bolivia-en-la-primera-conferencia-de-desarme\\\/#article\",\"isPartOf\":{\"@id\":\"https:\\\/\\\/www.eldiario.net\\\/portal\\\/2025\\\/09\\\/20\\\/bolivia-en-la-primera-conferencia-de-desarme\\\/\"},\"author\":{\"name\":\"Jeanette\",\"@id\":\"https:\\\/\\\/www.eldiario.net\\\/portal\\\/#\\\/schema\\\/person\\\/f46445640444750d7d753ccd04ae01b7\"},\"headline\":\"Bolivia en la primera Conferencia de Desarme\",\"datePublished\":\"2025-09-20T11:29:23+00:00\",\"mainEntityOfPage\":{\"@id\":\"https:\\\/\\\/www.eldiario.net\\\/portal\\\/2025\\\/09\\\/20\\\/bolivia-en-la-primera-conferencia-de-desarme\\\/\"},\"wordCount\":518,\"publisher\":{\"@id\":\"https:\\\/\\\/www.eldiario.net\\\/portal\\\/#organization\"},\"image\":{\"@id\":\"https:\\\/\\\/www.eldiario.net\\\/portal\\\/2025\\\/09\\\/20\\\/bolivia-en-la-primera-conferencia-de-desarme\\\/#primaryimage\"},\"thumbnailUrl\":\"https:\\\/\\\/www.eldiario.net\\\/portal\\\/wp-content\\\/uploads\\\/2024\\\/11\\\/Jose-Pradel-B.jpg\",\"articleSection\":[\"Opini\u00f3n\"],\"inLanguage\":\"es\"},{\"@type\":\"WebPage\",\"@id\":\"https:\\\/\\\/www.eldiario.net\\\/portal\\\/2025\\\/09\\\/20\\\/bolivia-en-la-primera-conferencia-de-desarme\\\/\",\"url\":\"https:\\\/\\\/www.eldiario.net\\\/portal\\\/2025\\\/09\\\/20\\\/bolivia-en-la-primera-conferencia-de-desarme\\\/\",\"name\":\"Bolivia en la primera Conferencia de Desarme - El Diario - Bolivia\",\"isPartOf\":{\"@id\":\"https:\\\/\\\/www.eldiario.net\\\/portal\\\/#website\"},\"primaryImageOfPage\":{\"@id\":\"https:\\\/\\\/www.eldiario.net\\\/portal\\\/2025\\\/09\\\/20\\\/bolivia-en-la-primera-conferencia-de-desarme\\\/#primaryimage\"},\"image\":{\"@id\":\"https:\\\/\\\/www.eldiario.net\\\/portal\\\/2025\\\/09\\\/20\\\/bolivia-en-la-primera-conferencia-de-desarme\\\/#primaryimage\"},\"thumbnailUrl\":\"https:\\\/\\\/www.eldiario.net\\\/portal\\\/wp-content\\\/uploads\\\/2024\\\/11\\\/Jose-Pradel-B.jpg\",\"datePublished\":\"2025-09-20T11:29:23+00:00\",\"breadcrumb\":{\"@id\":\"https:\\\/\\\/www.eldiario.net\\\/portal\\\/2025\\\/09\\\/20\\\/bolivia-en-la-primera-conferencia-de-desarme\\\/#breadcrumb\"},\"inLanguage\":\"es\",\"potentialAction\":[{\"@type\":\"ReadAction\",\"target\":[\"https:\\\/\\\/www.eldiario.net\\\/portal\\\/2025\\\/09\\\/20\\\/bolivia-en-la-primera-conferencia-de-desarme\\\/\"]}]},{\"@type\":\"ImageObject\",\"inLanguage\":\"es\",\"@id\":\"https:\\\/\\\/www.eldiario.net\\\/portal\\\/2025\\\/09\\\/20\\\/bolivia-en-la-primera-conferencia-de-desarme\\\/#primaryimage\",\"url\":\"https:\\\/\\\/www.eldiario.net\\\/portal\\\/wp-content\\\/uploads\\\/2024\\\/11\\\/Jose-Pradel-B.jpg\",\"contentUrl\":\"https:\\\/\\\/www.eldiario.net\\\/portal\\\/wp-content\\\/uploads\\\/2024\\\/11\\\/Jose-Pradel-B.jpg\",\"width\":1200,\"height\":628},{\"@type\":\"BreadcrumbList\",\"@id\":\"https:\\\/\\\/www.eldiario.net\\\/portal\\\/2025\\\/09\\\/20\\\/bolivia-en-la-primera-conferencia-de-desarme\\\/#breadcrumb\",\"itemListElement\":[{\"@type\":\"ListItem\",\"position\":1,\"name\":\"Portada\",\"item\":\"https:\\\/\\\/www.eldiario.net\\\/portal\\\/\"},{\"@type\":\"ListItem\",\"position\":2,\"name\":\"Bolivia en la primera Conferencia de Desarme\"}]},{\"@type\":\"WebSite\",\"@id\":\"https:\\\/\\\/www.eldiario.net\\\/portal\\\/#website\",\"url\":\"https:\\\/\\\/www.eldiario.net\\\/portal\\\/\",\"name\":\"El Diario - Decano de la prensa nacional\",\"description\":\"El Diario - Decano de la prensa nacional\",\"publisher\":{\"@id\":\"https:\\\/\\\/www.eldiario.net\\\/portal\\\/#organization\"},\"potentialAction\":[{\"@type\":\"SearchAction\",\"target\":{\"@type\":\"EntryPoint\",\"urlTemplate\":\"https:\\\/\\\/www.eldiario.net\\\/portal\\\/?s={search_term_string}\"},\"query-input\":{\"@type\":\"PropertyValueSpecification\",\"valueRequired\":true,\"valueName\":\"search_term_string\"}}],\"inLanguage\":\"es\"},{\"@type\":\"Organization\",\"@id\":\"https:\\\/\\\/www.eldiario.net\\\/portal\\\/#organization\",\"name\":\"El Diario - Decano de la prensa nacional\",\"url\":\"https:\\\/\\\/www.eldiario.net\\\/portal\\\/\",\"logo\":{\"@type\":\"ImageObject\",\"inLanguage\":\"es\",\"@id\":\"https:\\\/\\\/www.eldiario.net\\\/portal\\\/#\\\/schema\\\/logo\\\/image\\\/\",\"url\":\"https:\\\/\\\/www.eldiario.net\\\/portal\\\/wp-content\\\/uploads\\\/2023\\\/07\\\/logo_ED.jpg\",\"contentUrl\":\"https:\\\/\\\/www.eldiario.net\\\/portal\\\/wp-content\\\/uploads\\\/2023\\\/07\\\/logo_ED.jpg\",\"width\":272,\"height\":52,\"caption\":\"El Diario - Decano de la prensa nacional\"},\"image\":{\"@id\":\"https:\\\/\\\/www.eldiario.net\\\/portal\\\/#\\\/schema\\\/logo\\\/image\\\/\"},\"sameAs\":[\"https:\\\/\\\/www.facebook.com\\\/eldiario.bolivia\\\/\",\"https:\\\/\\\/x.com\\\/eldiario_net\"]},{\"@type\":\"Person\",\"@id\":\"https:\\\/\\\/www.eldiario.net\\\/portal\\\/#\\\/schema\\\/person\\\/f46445640444750d7d753ccd04ae01b7\",\"name\":\"Jeanette\",\"image\":{\"@type\":\"ImageObject\",\"inLanguage\":\"es\",\"@id\":\"https:\\\/\\\/secure.gravatar.com\\\/avatar\\\/3ea2118a5f7dad2b7138b1187a6b7ee55f160b9968b66013c3a3ef39dd7e5798?s=96&d=mm&r=g\",\"url\":\"https:\\\/\\\/secure.gravatar.com\\\/avatar\\\/3ea2118a5f7dad2b7138b1187a6b7ee55f160b9968b66013c3a3ef39dd7e5798?s=96&d=mm&r=g\",\"contentUrl\":\"https:\\\/\\\/secure.gravatar.com\\\/avatar\\\/3ea2118a5f7dad2b7138b1187a6b7ee55f160b9968b66013c3a3ef39dd7e5798?s=96&d=mm&r=g\",\"caption\":\"Jeanette\"},\"sameAs\":[\"https:\\\/\\\/www.eldiario.net\\\/portal\"],\"url\":\"https:\\\/\\\/www.eldiario.net\\\/portal\\\/author\\\/jeanette\\\/\"}]}<\/script>\n<!-- \/ Yoast SEO plugin. -->","yoast_head_json":{"title":"Bolivia en la primera Conferencia de Desarme - El Diario - Bolivia","robots":{"index":"index","follow":"follow","max-snippet":"max-snippet:-1","max-image-preview":"max-image-preview:large","max-video-preview":"max-video-preview:-1"},"canonical":"https:\/\/www.eldiario.net\/portal\/2025\/09\/20\/bolivia-en-la-primera-conferencia-de-desarme\/","og_locale":"es_ES","og_type":"article","og_title":"Bolivia en la primera Conferencia de Desarme - El Diario - Bolivia","og_description":"Durante el per\u00edodo denominado \u201centreguerras\u201d o \u201cinterbellum\u201d entre 1918 a 1939, la humanidad busc\u00f3 construir un camino de la paz y del desarme, para ello la comunidad internacional convoc\u00f3 en Ginebra (Suiza) a la primera Conferencia Internacional de Desarme, tambi\u00e9n conocida como \u2018Conferencia General para la Limitaci\u00f3n y Reducci\u00f3n de Armamentos\u2019. En dicho encuentro, Bolivia [&hellip;]","og_url":"https:\/\/www.eldiario.net\/portal\/2025\/09\/20\/bolivia-en-la-primera-conferencia-de-desarme\/","og_site_name":"El Diario - Bolivia","article_publisher":"https:\/\/www.facebook.com\/eldiario.bolivia\/","article_published_time":"2025-09-20T11:29:23+00:00","og_image":[{"width":1200,"height":628,"url":"https:\/\/www.eldiario.net\/portal\/wp-content\/uploads\/2024\/11\/Jose-Pradel-B.jpg","type":"image\/jpeg"}],"author":"Jeanette","twitter_card":"summary_large_image","twitter_creator":"@eldiario_net","twitter_site":"@eldiario_net","twitter_misc":{"Escrito por":"Jeanette","Tiempo de lectura":"3 minutos"},"schema":{"@context":"https:\/\/schema.org","@graph":[{"@type":"Article","@id":"https:\/\/www.eldiario.net\/portal\/2025\/09\/20\/bolivia-en-la-primera-conferencia-de-desarme\/#article","isPartOf":{"@id":"https:\/\/www.eldiario.net\/portal\/2025\/09\/20\/bolivia-en-la-primera-conferencia-de-desarme\/"},"author":{"name":"Jeanette","@id":"https:\/\/www.eldiario.net\/portal\/#\/schema\/person\/f46445640444750d7d753ccd04ae01b7"},"headline":"Bolivia en la primera Conferencia de Desarme","datePublished":"2025-09-20T11:29:23+00:00","mainEntityOfPage":{"@id":"https:\/\/www.eldiario.net\/portal\/2025\/09\/20\/bolivia-en-la-primera-conferencia-de-desarme\/"},"wordCount":518,"publisher":{"@id":"https:\/\/www.eldiario.net\/portal\/#organization"},"image":{"@id":"https:\/\/www.eldiario.net\/portal\/2025\/09\/20\/bolivia-en-la-primera-conferencia-de-desarme\/#primaryimage"},"thumbnailUrl":"https:\/\/www.eldiario.net\/portal\/wp-content\/uploads\/2024\/11\/Jose-Pradel-B.jpg","articleSection":["Opini\u00f3n"],"inLanguage":"es"},{"@type":"WebPage","@id":"https:\/\/www.eldiario.net\/portal\/2025\/09\/20\/bolivia-en-la-primera-conferencia-de-desarme\/","url":"https:\/\/www.eldiario.net\/portal\/2025\/09\/20\/bolivia-en-la-primera-conferencia-de-desarme\/","name":"Bolivia en la primera Conferencia de Desarme - El Diario - Bolivia","isPartOf":{"@id":"https:\/\/www.eldiario.net\/portal\/#website"},"primaryImageOfPage":{"@id":"https:\/\/www.eldiario.net\/portal\/2025\/09\/20\/bolivia-en-la-primera-conferencia-de-desarme\/#primaryimage"},"image":{"@id":"https:\/\/www.eldiario.net\/portal\/2025\/09\/20\/bolivia-en-la-primera-conferencia-de-desarme\/#primaryimage"},"thumbnailUrl":"https:\/\/www.eldiario.net\/portal\/wp-content\/uploads\/2024\/11\/Jose-Pradel-B.jpg","datePublished":"2025-09-20T11:29:23+00:00","breadcrumb":{"@id":"https:\/\/www.eldiario.net\/portal\/2025\/09\/20\/bolivia-en-la-primera-conferencia-de-desarme\/#breadcrumb"},"inLanguage":"es","potentialAction":[{"@type":"ReadAction","target":["https:\/\/www.eldiario.net\/portal\/2025\/09\/20\/bolivia-en-la-primera-conferencia-de-desarme\/"]}]},{"@type":"ImageObject","inLanguage":"es","@id":"https:\/\/www.eldiario.net\/portal\/2025\/09\/20\/bolivia-en-la-primera-conferencia-de-desarme\/#primaryimage","url":"https:\/\/www.eldiario.net\/portal\/wp-content\/uploads\/2024\/11\/Jose-Pradel-B.jpg","contentUrl":"https:\/\/www.eldiario.net\/portal\/wp-content\/uploads\/2024\/11\/Jose-Pradel-B.jpg","width":1200,"height":628},{"@type":"BreadcrumbList","@id":"https:\/\/www.eldiario.net\/portal\/2025\/09\/20\/bolivia-en-la-primera-conferencia-de-desarme\/#breadcrumb","itemListElement":[{"@type":"ListItem","position":1,"name":"Portada","item":"https:\/\/www.eldiario.net\/portal\/"},{"@type":"ListItem","position":2,"name":"Bolivia en la primera Conferencia de Desarme"}]},{"@type":"WebSite","@id":"https:\/\/www.eldiario.net\/portal\/#website","url":"https:\/\/www.eldiario.net\/portal\/","name":"El Diario - Decano de la prensa nacional","description":"El Diario - Decano de la prensa nacional","publisher":{"@id":"https:\/\/www.eldiario.net\/portal\/#organization"},"potentialAction":[{"@type":"SearchAction","target":{"@type":"EntryPoint","urlTemplate":"https:\/\/www.eldiario.net\/portal\/?s={search_term_string}"},"query-input":{"@type":"PropertyValueSpecification","valueRequired":true,"valueName":"search_term_string"}}],"inLanguage":"es"},{"@type":"Organization","@id":"https:\/\/www.eldiario.net\/portal\/#organization","name":"El Diario - Decano de la prensa nacional","url":"https:\/\/www.eldiario.net\/portal\/","logo":{"@type":"ImageObject","inLanguage":"es","@id":"https:\/\/www.eldiario.net\/portal\/#\/schema\/logo\/image\/","url":"https:\/\/www.eldiario.net\/portal\/wp-content\/uploads\/2023\/07\/logo_ED.jpg","contentUrl":"https:\/\/www.eldiario.net\/portal\/wp-content\/uploads\/2023\/07\/logo_ED.jpg","width":272,"height":52,"caption":"El Diario - Decano de la prensa nacional"},"image":{"@id":"https:\/\/www.eldiario.net\/portal\/#\/schema\/logo\/image\/"},"sameAs":["https:\/\/www.facebook.com\/eldiario.bolivia\/","https:\/\/x.com\/eldiario_net"]},{"@type":"Person","@id":"https:\/\/www.eldiario.net\/portal\/#\/schema\/person\/f46445640444750d7d753ccd04ae01b7","name":"Jeanette","image":{"@type":"ImageObject","inLanguage":"es","@id":"https:\/\/secure.gravatar.com\/avatar\/3ea2118a5f7dad2b7138b1187a6b7ee55f160b9968b66013c3a3ef39dd7e5798?s=96&d=mm&r=g","url":"https:\/\/secure.gravatar.com\/avatar\/3ea2118a5f7dad2b7138b1187a6b7ee55f160b9968b66013c3a3ef39dd7e5798?s=96&d=mm&r=g","contentUrl":"https:\/\/secure.gravatar.com\/avatar\/3ea2118a5f7dad2b7138b1187a6b7ee55f160b9968b66013c3a3ef39dd7e5798?s=96&d=mm&r=g","caption":"Jeanette"},"sameAs":["https:\/\/www.eldiario.net\/portal"],"url":"https:\/\/www.eldiario.net\/portal\/author\/jeanette\/"}]}},"_links":{"self":[{"href":"https:\/\/www.eldiario.net\/portal\/wp-json\/wp\/v2\/posts\/332584","targetHints":{"allow":["GET"]}}],"collection":[{"href":"https:\/\/www.eldiario.net\/portal\/wp-json\/wp\/v2\/posts"}],"about":[{"href":"https:\/\/www.eldiario.net\/portal\/wp-json\/wp\/v2\/types\/post"}],"author":[{"embeddable":true,"href":"https:\/\/www.eldiario.net\/portal\/wp-json\/wp\/v2\/users\/1"}],"replies":[{"embeddable":true,"href":"https:\/\/www.eldiario.net\/portal\/wp-json\/wp\/v2\/comments?post=332584"}],"version-history":[{"count":1,"href":"https:\/\/www.eldiario.net\/portal\/wp-json\/wp\/v2\/posts\/332584\/revisions"}],"predecessor-version":[{"id":332585,"href":"https:\/\/www.eldiario.net\/portal\/wp-json\/wp\/v2\/posts\/332584\/revisions\/332585"}],"wp:featuredmedia":[{"embeddable":true,"href":"https:\/\/www.eldiario.net\/portal\/wp-json\/wp\/v2\/media\/259492"}],"wp:attachment":[{"href":"https:\/\/www.eldiario.net\/portal\/wp-json\/wp\/v2\/media?parent=332584"}],"wp:term":[{"taxonomy":"category","embeddable":true,"href":"https:\/\/www.eldiario.net\/portal\/wp-json\/wp\/v2\/categories?post=332584"},{"taxonomy":"post_tag","embeddable":true,"href":"https:\/\/www.eldiario.net\/portal\/wp-json\/wp\/v2\/tags?post=332584"}],"curies":[{"name":"wp","href":"https:\/\/api.w.org\/{rel}","templated":true}]}}