{"id":332396,"date":"2025-09-19T05:57:53","date_gmt":"2025-09-19T09:57:53","guid":{"rendered":"https:\/\/www.eldiario.net\/portal\/?p=332396"},"modified":"2025-09-19T05:57:53","modified_gmt":"2025-09-19T09:57:53","slug":"falta-de-diesel-pone-en-riesgo-la-produccion-alimenticia","status":"publish","type":"post","link":"https:\/\/www.eldiario.net\/portal\/2025\/09\/19\/falta-de-diesel-pone-en-riesgo-la-produccion-alimenticia\/","title":{"rendered":"Falta de di\u00e9sel pone en riesgo la producci\u00f3n alimenticia"},"content":{"rendered":"<p>La Asociaci\u00f3n de Productores de Oleaginosas y Trigo (Anapo) hizo conocer su preocupaci\u00f3n por la incertidumbre en el abastecimiento de combustible, que afecta al sector agr\u00edcola, con di\u00e9sel o\u00edl para peque\u00f1os productores, pero principalmente del di\u00e9sel ULS, destinado a medianos y grandes productores.<br \/>\nEl presidente de Anapo, Abraham Nogales, advierte que esta situaci\u00f3n cr\u00edtica pone en riesgo la producci\u00f3n de 350 mil hect\u00e1reas de soya ya sembradas en el norte integrado, cuya cosecha debe comenzar en octubre y que representa una inversi\u00f3n de 300 millones de d\u00f3lares. Adem\u00e1s, est\u00e1 afectando el inicio de labores agr\u00edcolas de preparaci\u00f3n de suelos para la campa\u00f1a de verano 2025-2026, que es la m\u00e1s importante del pa\u00eds, en la que se proyecta sembrar 1,5 millones de hect\u00e1reas, con cultivos de soya, ma\u00edz y sorgo, con una inversi\u00f3n estimada de mil millones de d\u00f3lares.<br \/>\nNogales explic\u00f3 que el problema de incertidumbre en la provisi\u00f3n de di\u00e9sel, se arrastra desde noviembre de 2024, cuando comenz\u00f3 a escasear el carburante provisto por Yacimientos Petrol\u00edferos Fiscales Bolivianos (YPFB) a los productores que compran de forma directa y retiran desde la Refiner\u00eda de Palmasola. La provisi\u00f3n continu\u00f3 irregular desde principios de a\u00f1o y se ha agravado desde mediados de agosto hasta la fecha.<br \/>\n\u201cLa incertidumbre en la provisi\u00f3n de di\u00e9sel abri\u00f3 espacio para que se masifique el agio, la especulaci\u00f3n y la reventa de combustible, con lo que se conoce como mercado negro\u201d, manifest\u00f3.<br \/>\nSe\u00f1al\u00f3, seg\u00fan Eju!, que es prioridad que las autoridades de Gobierno solucionen lo antes posible esta crisis de abastecimiento de di\u00e9sel que existe para el sector agropecuario, porque se est\u00e1 poniendo en riesgo la producci\u00f3n de alimentos para el pa\u00eds y por otra parte, los excedentes que son destinados a las exportaciones y que significan el ingreso de divisas.<\/p>\n<p>&nbsp;<\/p>\n<p>&nbsp;<\/p>\n<p>&nbsp;<\/p>\n<p>&nbsp;<\/p>\n<p>.<\/p>\n","protected":false},"excerpt":{"rendered":"<p>La Asociaci\u00f3n de Productores de Oleaginosas y Trigo (Anapo) hizo conocer su preocupaci\u00f3n por la incertidumbre en el abastecimiento de combustible, que afecta al sector agr\u00edcola, con di\u00e9sel o\u00edl para peque\u00f1os productores, pero principalmente del di\u00e9sel ULS, destinado a medianos y grandes productores. El presidente de Anapo, Abraham Nogales, advierte que esta situaci\u00f3n cr\u00edtica pone [&hellip;]<\/p>\n","protected":false},"author":1,"featured_media":332397,"comment_status":"closed","ping_status":"open","sticky":false,"template":"","format":"standard","meta":{"_acf_changed":false,"footnotes":""},"categories":[17],"tags":[],"class_list":["post-332396","post","type-post","status-publish","format-standard","has-post-thumbnail","category-principal"],"acf":{"antetitulo":"Anapo: es la siembra m\u00e1s importante del pa\u00eds"},"yoast_head":"<!-- This site is optimized with the Yoast SEO plugin v28.4 - https:\/\/yoast.com\/product\/yoast-seo-wordpress\/ -->\n<title>Falta de di\u00e9sel pone en riesgo la producci\u00f3n alimenticia - El Diario - Bolivia<\/title>\n<meta name=\"robots\" content=\"index, follow, max-snippet:-1, max-image-preview:large, max-video-preview:-1\" \/>\n<link rel=\"canonical\" href=\"https:\/\/www.eldiario.net\/portal\/2025\/09\/19\/falta-de-diesel-pone-en-riesgo-la-produccion-alimenticia\/\" \/>\n<meta property=\"og:locale\" content=\"es_ES\" \/>\n<meta property=\"og:type\" content=\"article\" \/>\n<meta property=\"og:title\" content=\"Falta de di\u00e9sel pone en riesgo la producci\u00f3n alimenticia - El Diario - Bolivia\" \/>\n<meta property=\"og:description\" content=\"La Asociaci\u00f3n de Productores de Oleaginosas y Trigo (Anapo) hizo conocer su preocupaci\u00f3n por la incertidumbre en el abastecimiento de combustible, que afecta al sector agr\u00edcola, con di\u00e9sel o\u00edl para peque\u00f1os productores, pero principalmente del di\u00e9sel ULS, destinado a medianos y grandes productores. El presidente de Anapo, Abraham Nogales, advierte que esta situaci\u00f3n cr\u00edtica pone [&hellip;]\" \/>\n<meta property=\"og:url\" content=\"https:\/\/www.eldiario.net\/portal\/2025\/09\/19\/falta-de-diesel-pone-en-riesgo-la-produccion-alimenticia\/\" \/>\n<meta property=\"og:site_name\" content=\"El Diario - Bolivia\" \/>\n<meta property=\"article:publisher\" content=\"https:\/\/www.facebook.com\/eldiario.bolivia\/\" \/>\n<meta property=\"article:published_time\" content=\"2025-09-19T09:57:53+00:00\" \/>\n<meta property=\"og:image\" content=\"https:\/\/www.eldiario.net\/portal\/wp-content\/uploads\/2025\/09\/P-1-15-cm-x-11-2.webp\" \/>\n\t<meta property=\"og:image:width\" content=\"690\" \/>\n\t<meta property=\"og:image:height\" content=\"450\" \/>\n\t<meta property=\"og:image:type\" content=\"image\/webp\" \/>\n<meta name=\"author\" content=\"Jeanette\" \/>\n<meta name=\"twitter:card\" content=\"summary_large_image\" \/>\n<meta name=\"twitter:creator\" content=\"@eldiario_net\" \/>\n<meta name=\"twitter:site\" content=\"@eldiario_net\" \/>\n<meta name=\"twitter:label1\" content=\"Escrito por\" \/>\n\t<meta name=\"twitter:data1\" content=\"Jeanette\" \/>\n\t<meta name=\"twitter:label2\" content=\"Tiempo de lectura\" \/>\n\t<meta name=\"twitter:data2\" content=\"2 minutos\" \/>\n<script type=\"application\/ld+json\" class=\"yoast-schema-graph\">{\"@context\":\"https:\\\/\\\/schema.org\",\"@graph\":[{\"@type\":\"Article\",\"@id\":\"https:\\\/\\\/www.eldiario.net\\\/portal\\\/2025\\\/09\\\/19\\\/falta-de-diesel-pone-en-riesgo-la-produccion-alimenticia\\\/#article\",\"isPartOf\":{\"@id\":\"https:\\\/\\\/www.eldiario.net\\\/portal\\\/2025\\\/09\\\/19\\\/falta-de-diesel-pone-en-riesgo-la-produccion-alimenticia\\\/\"},\"author\":{\"name\":\"Jeanette\",\"@id\":\"https:\\\/\\\/www.eldiario.net\\\/portal\\\/#\\\/schema\\\/person\\\/2c57cf2b7a7ae032e449e4c9b1019eac\"},\"headline\":\"Falta de di\u00e9sel pone en riesgo la producci\u00f3n alimenticia\",\"datePublished\":\"2025-09-19T09:57:53+00:00\",\"mainEntityOfPage\":{\"@id\":\"https:\\\/\\\/www.eldiario.net\\\/portal\\\/2025\\\/09\\\/19\\\/falta-de-diesel-pone-en-riesgo-la-produccion-alimenticia\\\/\"},\"wordCount\":341,\"publisher\":{\"@id\":\"https:\\\/\\\/www.eldiario.net\\\/portal\\\/#organization\"},\"image\":{\"@id\":\"https:\\\/\\\/www.eldiario.net\\\/portal\\\/2025\\\/09\\\/19\\\/falta-de-diesel-pone-en-riesgo-la-produccion-alimenticia\\\/#primaryimage\"},\"thumbnailUrl\":\"https:\\\/\\\/www.eldiario.net\\\/portal\\\/wp-content\\\/uploads\\\/2025\\\/09\\\/P-1-15-cm-x-11-2.webp\",\"articleSection\":[\"Principal\"],\"inLanguage\":\"es\"},{\"@type\":\"WebPage\",\"@id\":\"https:\\\/\\\/www.eldiario.net\\\/portal\\\/2025\\\/09\\\/19\\\/falta-de-diesel-pone-en-riesgo-la-produccion-alimenticia\\\/\",\"url\":\"https:\\\/\\\/www.eldiario.net\\\/portal\\\/2025\\\/09\\\/19\\\/falta-de-diesel-pone-en-riesgo-la-produccion-alimenticia\\\/\",\"name\":\"Falta de di\u00e9sel pone en riesgo la producci\u00f3n alimenticia - El Diario - Bolivia\",\"isPartOf\":{\"@id\":\"https:\\\/\\\/www.eldiario.net\\\/portal\\\/#website\"},\"primaryImageOfPage\":{\"@id\":\"https:\\\/\\\/www.eldiario.net\\\/portal\\\/2025\\\/09\\\/19\\\/falta-de-diesel-pone-en-riesgo-la-produccion-alimenticia\\\/#primaryimage\"},\"image\":{\"@id\":\"https:\\\/\\\/www.eldiario.net\\\/portal\\\/2025\\\/09\\\/19\\\/falta-de-diesel-pone-en-riesgo-la-produccion-alimenticia\\\/#primaryimage\"},\"thumbnailUrl\":\"https:\\\/\\\/www.eldiario.net\\\/portal\\\/wp-content\\\/uploads\\\/2025\\\/09\\\/P-1-15-cm-x-11-2.webp\",\"datePublished\":\"2025-09-19T09:57:53+00:00\",\"breadcrumb\":{\"@id\":\"https:\\\/\\\/www.eldiario.net\\\/portal\\\/2025\\\/09\\\/19\\\/falta-de-diesel-pone-en-riesgo-la-produccion-alimenticia\\\/#breadcrumb\"},\"inLanguage\":\"es\",\"potentialAction\":[{\"@type\":\"ReadAction\",\"target\":[\"https:\\\/\\\/www.eldiario.net\\\/portal\\\/2025\\\/09\\\/19\\\/falta-de-diesel-pone-en-riesgo-la-produccion-alimenticia\\\/\"]}]},{\"@type\":\"ImageObject\",\"inLanguage\":\"es\",\"@id\":\"https:\\\/\\\/www.eldiario.net\\\/portal\\\/2025\\\/09\\\/19\\\/falta-de-diesel-pone-en-riesgo-la-produccion-alimenticia\\\/#primaryimage\",\"url\":\"https:\\\/\\\/www.eldiario.net\\\/portal\\\/wp-content\\\/uploads\\\/2025\\\/09\\\/P-1-15-cm-x-11-2.webp\",\"contentUrl\":\"https:\\\/\\\/www.eldiario.net\\\/portal\\\/wp-content\\\/uploads\\\/2025\\\/09\\\/P-1-15-cm-x-11-2.webp\",\"width\":690,\"height\":450,\"caption\":\"El desabastecimiento del combustible puede afectar el inicio de la campa\u00f1a de verano 2025-2026.\"},{\"@type\":\"BreadcrumbList\",\"@id\":\"https:\\\/\\\/www.eldiario.net\\\/portal\\\/2025\\\/09\\\/19\\\/falta-de-diesel-pone-en-riesgo-la-produccion-alimenticia\\\/#breadcrumb\",\"itemListElement\":[{\"@type\":\"ListItem\",\"position\":1,\"name\":\"Portada\",\"item\":\"https:\\\/\\\/www.eldiario.net\\\/portal\\\/\"},{\"@type\":\"ListItem\",\"position\":2,\"name\":\"Falta de di\u00e9sel pone en riesgo la producci\u00f3n alimenticia\"}]},{\"@type\":\"WebSite\",\"@id\":\"https:\\\/\\\/www.eldiario.net\\\/portal\\\/#website\",\"url\":\"https:\\\/\\\/www.eldiario.net\\\/portal\\\/\",\"name\":\"El Diario - Decano de la prensa nacional\",\"description\":\"El Diario - Decano de la prensa nacional\",\"publisher\":{\"@id\":\"https:\\\/\\\/www.eldiario.net\\\/portal\\\/#organization\"},\"potentialAction\":[{\"@type\":\"SearchAction\",\"target\":{\"@type\":\"EntryPoint\",\"urlTemplate\":\"https:\\\/\\\/www.eldiario.net\\\/portal\\\/?s={search_term_string}\"},\"query-input\":{\"@type\":\"PropertyValueSpecification\",\"valueRequired\":true,\"valueName\":\"search_term_string\"}}],\"inLanguage\":\"es\"},{\"@type\":\"Organization\",\"@id\":\"https:\\\/\\\/www.eldiario.net\\\/portal\\\/#organization\",\"name\":\"El Diario - Decano de la prensa nacional\",\"url\":\"https:\\\/\\\/www.eldiario.net\\\/portal\\\/\",\"logo\":{\"@type\":\"ImageObject\",\"inLanguage\":\"es\",\"@id\":\"https:\\\/\\\/www.eldiario.net\\\/portal\\\/#\\\/schema\\\/logo\\\/image\\\/\",\"url\":\"https:\\\/\\\/www.eldiario.net\\\/portal\\\/wp-content\\\/uploads\\\/2023\\\/07\\\/logo_ED.jpg\",\"contentUrl\":\"https:\\\/\\\/www.eldiario.net\\\/portal\\\/wp-content\\\/uploads\\\/2023\\\/07\\\/logo_ED.jpg\",\"width\":272,\"height\":52,\"caption\":\"El Diario - Decano de la prensa nacional\"},\"image\":{\"@id\":\"https:\\\/\\\/www.eldiario.net\\\/portal\\\/#\\\/schema\\\/logo\\\/image\\\/\"},\"sameAs\":[\"https:\\\/\\\/www.facebook.com\\\/eldiario.bolivia\\\/\",\"https:\\\/\\\/x.com\\\/eldiario_net\"]},{\"@type\":\"Person\",\"@id\":\"https:\\\/\\\/www.eldiario.net\\\/portal\\\/#\\\/schema\\\/person\\\/2c57cf2b7a7ae032e449e4c9b1019eac\",\"name\":\"Jeanette\",\"image\":{\"@type\":\"ImageObject\",\"inLanguage\":\"es\",\"@id\":\"https:\\\/\\\/secure.gravatar.com\\\/avatar\\\/3ea2118a5f7dad2b7138b1187a6b7ee55f160b9968b66013c3a3ef39dd7e5798?s=96&d=mm&r=g\",\"url\":\"https:\\\/\\\/secure.gravatar.com\\\/avatar\\\/3ea2118a5f7dad2b7138b1187a6b7ee55f160b9968b66013c3a3ef39dd7e5798?s=96&d=mm&r=g\",\"contentUrl\":\"https:\\\/\\\/secure.gravatar.com\\\/avatar\\\/3ea2118a5f7dad2b7138b1187a6b7ee55f160b9968b66013c3a3ef39dd7e5798?s=96&d=mm&r=g\",\"caption\":\"Jeanette\"},\"sameAs\":[\"https:\\\/\\\/www.eldiario.net\\\/portal\"],\"url\":\"https:\\\/\\\/www.eldiario.net\\\/portal\\\/author\\\/jeanette\\\/\"}]}<\/script>\n<!-- \/ Yoast SEO plugin. -->","yoast_head_json":{"title":"Falta de di\u00e9sel pone en riesgo la producci\u00f3n alimenticia - El Diario - Bolivia","robots":{"index":"index","follow":"follow","max-snippet":"max-snippet:-1","max-image-preview":"max-image-preview:large","max-video-preview":"max-video-preview:-1"},"canonical":"https:\/\/www.eldiario.net\/portal\/2025\/09\/19\/falta-de-diesel-pone-en-riesgo-la-produccion-alimenticia\/","og_locale":"es_ES","og_type":"article","og_title":"Falta de di\u00e9sel pone en riesgo la producci\u00f3n alimenticia - El Diario - Bolivia","og_description":"La Asociaci\u00f3n de Productores de Oleaginosas y Trigo (Anapo) hizo conocer su preocupaci\u00f3n por la incertidumbre en el abastecimiento de combustible, que afecta al sector agr\u00edcola, con di\u00e9sel o\u00edl para peque\u00f1os productores, pero principalmente del di\u00e9sel ULS, destinado a medianos y grandes productores. El presidente de Anapo, Abraham Nogales, advierte que esta situaci\u00f3n cr\u00edtica pone [&hellip;]","og_url":"https:\/\/www.eldiario.net\/portal\/2025\/09\/19\/falta-de-diesel-pone-en-riesgo-la-produccion-alimenticia\/","og_site_name":"El Diario - Bolivia","article_publisher":"https:\/\/www.facebook.com\/eldiario.bolivia\/","article_published_time":"2025-09-19T09:57:53+00:00","og_image":[{"width":690,"height":450,"url":"https:\/\/www.eldiario.net\/portal\/wp-content\/uploads\/2025\/09\/P-1-15-cm-x-11-2.webp","type":"image\/webp"}],"author":"Jeanette","twitter_card":"summary_large_image","twitter_creator":"@eldiario_net","twitter_site":"@eldiario_net","twitter_misc":{"Escrito por":"Jeanette","Tiempo de lectura":"2 minutos"},"schema":{"@context":"https:\/\/schema.org","@graph":[{"@type":"Article","@id":"https:\/\/www.eldiario.net\/portal\/2025\/09\/19\/falta-de-diesel-pone-en-riesgo-la-produccion-alimenticia\/#article","isPartOf":{"@id":"https:\/\/www.eldiario.net\/portal\/2025\/09\/19\/falta-de-diesel-pone-en-riesgo-la-produccion-alimenticia\/"},"author":{"name":"Jeanette","@id":"https:\/\/www.eldiario.net\/portal\/#\/schema\/person\/2c57cf2b7a7ae032e449e4c9b1019eac"},"headline":"Falta de di\u00e9sel pone en riesgo la producci\u00f3n alimenticia","datePublished":"2025-09-19T09:57:53+00:00","mainEntityOfPage":{"@id":"https:\/\/www.eldiario.net\/portal\/2025\/09\/19\/falta-de-diesel-pone-en-riesgo-la-produccion-alimenticia\/"},"wordCount":341,"publisher":{"@id":"https:\/\/www.eldiario.net\/portal\/#organization"},"image":{"@id":"https:\/\/www.eldiario.net\/portal\/2025\/09\/19\/falta-de-diesel-pone-en-riesgo-la-produccion-alimenticia\/#primaryimage"},"thumbnailUrl":"https:\/\/www.eldiario.net\/portal\/wp-content\/uploads\/2025\/09\/P-1-15-cm-x-11-2.webp","articleSection":["Principal"],"inLanguage":"es"},{"@type":"WebPage","@id":"https:\/\/www.eldiario.net\/portal\/2025\/09\/19\/falta-de-diesel-pone-en-riesgo-la-produccion-alimenticia\/","url":"https:\/\/www.eldiario.net\/portal\/2025\/09\/19\/falta-de-diesel-pone-en-riesgo-la-produccion-alimenticia\/","name":"Falta de di\u00e9sel pone en riesgo la producci\u00f3n alimenticia - El Diario - Bolivia","isPartOf":{"@id":"https:\/\/www.eldiario.net\/portal\/#website"},"primaryImageOfPage":{"@id":"https:\/\/www.eldiario.net\/portal\/2025\/09\/19\/falta-de-diesel-pone-en-riesgo-la-produccion-alimenticia\/#primaryimage"},"image":{"@id":"https:\/\/www.eldiario.net\/portal\/2025\/09\/19\/falta-de-diesel-pone-en-riesgo-la-produccion-alimenticia\/#primaryimage"},"thumbnailUrl":"https:\/\/www.eldiario.net\/portal\/wp-content\/uploads\/2025\/09\/P-1-15-cm-x-11-2.webp","datePublished":"2025-09-19T09:57:53+00:00","breadcrumb":{"@id":"https:\/\/www.eldiario.net\/portal\/2025\/09\/19\/falta-de-diesel-pone-en-riesgo-la-produccion-alimenticia\/#breadcrumb"},"inLanguage":"es","potentialAction":[{"@type":"ReadAction","target":["https:\/\/www.eldiario.net\/portal\/2025\/09\/19\/falta-de-diesel-pone-en-riesgo-la-produccion-alimenticia\/"]}]},{"@type":"ImageObject","inLanguage":"es","@id":"https:\/\/www.eldiario.net\/portal\/2025\/09\/19\/falta-de-diesel-pone-en-riesgo-la-produccion-alimenticia\/#primaryimage","url":"https:\/\/www.eldiario.net\/portal\/wp-content\/uploads\/2025\/09\/P-1-15-cm-x-11-2.webp","contentUrl":"https:\/\/www.eldiario.net\/portal\/wp-content\/uploads\/2025\/09\/P-1-15-cm-x-11-2.webp","width":690,"height":450,"caption":"El desabastecimiento del combustible puede afectar el inicio de la campa\u00f1a de verano 2025-2026."},{"@type":"BreadcrumbList","@id":"https:\/\/www.eldiario.net\/portal\/2025\/09\/19\/falta-de-diesel-pone-en-riesgo-la-produccion-alimenticia\/#breadcrumb","itemListElement":[{"@type":"ListItem","position":1,"name":"Portada","item":"https:\/\/www.eldiario.net\/portal\/"},{"@type":"ListItem","position":2,"name":"Falta de di\u00e9sel pone en riesgo la producci\u00f3n alimenticia"}]},{"@type":"WebSite","@id":"https:\/\/www.eldiario.net\/portal\/#website","url":"https:\/\/www.eldiario.net\/portal\/","name":"El Diario - Decano de la prensa nacional","description":"El Diario - Decano de la prensa nacional","publisher":{"@id":"https:\/\/www.eldiario.net\/portal\/#organization"},"potentialAction":[{"@type":"SearchAction","target":{"@type":"EntryPoint","urlTemplate":"https:\/\/www.eldiario.net\/portal\/?s={search_term_string}"},"query-input":{"@type":"PropertyValueSpecification","valueRequired":true,"valueName":"search_term_string"}}],"inLanguage":"es"},{"@type":"Organization","@id":"https:\/\/www.eldiario.net\/portal\/#organization","name":"El Diario - Decano de la prensa nacional","url":"https:\/\/www.eldiario.net\/portal\/","logo":{"@type":"ImageObject","inLanguage":"es","@id":"https:\/\/www.eldiario.net\/portal\/#\/schema\/logo\/image\/","url":"https:\/\/www.eldiario.net\/portal\/wp-content\/uploads\/2023\/07\/logo_ED.jpg","contentUrl":"https:\/\/www.eldiario.net\/portal\/wp-content\/uploads\/2023\/07\/logo_ED.jpg","width":272,"height":52,"caption":"El Diario - Decano de la prensa nacional"},"image":{"@id":"https:\/\/www.eldiario.net\/portal\/#\/schema\/logo\/image\/"},"sameAs":["https:\/\/www.facebook.com\/eldiario.bolivia\/","https:\/\/x.com\/eldiario_net"]},{"@type":"Person","@id":"https:\/\/www.eldiario.net\/portal\/#\/schema\/person\/2c57cf2b7a7ae032e449e4c9b1019eac","name":"Jeanette","image":{"@type":"ImageObject","inLanguage":"es","@id":"https:\/\/secure.gravatar.com\/avatar\/3ea2118a5f7dad2b7138b1187a6b7ee55f160b9968b66013c3a3ef39dd7e5798?s=96&d=mm&r=g","url":"https:\/\/secure.gravatar.com\/avatar\/3ea2118a5f7dad2b7138b1187a6b7ee55f160b9968b66013c3a3ef39dd7e5798?s=96&d=mm&r=g","contentUrl":"https:\/\/secure.gravatar.com\/avatar\/3ea2118a5f7dad2b7138b1187a6b7ee55f160b9968b66013c3a3ef39dd7e5798?s=96&d=mm&r=g","caption":"Jeanette"},"sameAs":["https:\/\/www.eldiario.net\/portal"],"url":"https:\/\/www.eldiario.net\/portal\/author\/jeanette\/"}]}},"_links":{"self":[{"href":"https:\/\/www.eldiario.net\/portal\/wp-json\/wp\/v2\/posts\/332396","targetHints":{"allow":["GET"]}}],"collection":[{"href":"https:\/\/www.eldiario.net\/portal\/wp-json\/wp\/v2\/posts"}],"about":[{"href":"https:\/\/www.eldiario.net\/portal\/wp-json\/wp\/v2\/types\/post"}],"author":[{"embeddable":true,"href":"https:\/\/www.eldiario.net\/portal\/wp-json\/wp\/v2\/users\/1"}],"replies":[{"embeddable":true,"href":"https:\/\/www.eldiario.net\/portal\/wp-json\/wp\/v2\/comments?post=332396"}],"version-history":[{"count":1,"href":"https:\/\/www.eldiario.net\/portal\/wp-json\/wp\/v2\/posts\/332396\/revisions"}],"predecessor-version":[{"id":332398,"href":"https:\/\/www.eldiario.net\/portal\/wp-json\/wp\/v2\/posts\/332396\/revisions\/332398"}],"wp:featuredmedia":[{"embeddable":true,"href":"https:\/\/www.eldiario.net\/portal\/wp-json\/wp\/v2\/media\/332397"}],"wp:attachment":[{"href":"https:\/\/www.eldiario.net\/portal\/wp-json\/wp\/v2\/media?parent=332396"}],"wp:term":[{"taxonomy":"category","embeddable":true,"href":"https:\/\/www.eldiario.net\/portal\/wp-json\/wp\/v2\/categories?post=332396"},{"taxonomy":"post_tag","embeddable":true,"href":"https:\/\/www.eldiario.net\/portal\/wp-json\/wp\/v2\/tags?post=332396"}],"curies":[{"name":"wp","href":"https:\/\/api.w.org\/{rel}","templated":true}]}}