{"id":332385,"date":"2025-09-19T05:54:13","date_gmt":"2025-09-19T09:54:13","guid":{"rendered":"https:\/\/www.eldiario.net\/portal\/?p=332385"},"modified":"2025-09-19T05:54:13","modified_gmt":"2025-09-19T09:54:13","slug":"trump-y-starmer-firman-acuerdo-tecnologico","status":"publish","type":"post","link":"https:\/\/www.eldiario.net\/portal\/2025\/09\/19\/trump-y-starmer-firman-acuerdo-tecnologico\/","title":{"rendered":"Trump y Starmer  firman acuerdo tecnol\u00f3gico"},"content":{"rendered":"<p>El presidente de Estados Unidos, Donald Trump, elogi\u00f3 el \u201cv\u00ednculo inquebrantable\u201d de su pa\u00eds con Reino Unido, mientras firmaba junto al primer ministro brit\u00e1nico Keir Starmer un importante acuerdo tecnol\u00f3gico en el \u00faltimo d\u00eda de su visita oficial.<br \/>\nTras la fastuosa recepci\u00f3n de la familia real brit\u00e1nica en el castillo de Windsor el mi\u00e9rcoles, Trump se reuni\u00f3 ayer con Starmer para abordar las relaciones comerciales o los conflictos en Ucrania y Gaza.<br \/>\nEl encuentro tuvo lugar en Chequers, a 70 km de Londres, en la residencia campestre del mandatario brit\u00e1nico.<br \/>\nEn la ceremonia de firma del acuerdo tecnol\u00f3gico, a la que asistieron numerosos directores ejecutivos de empresas tecnol\u00f3gicas estadounidenses, el l\u00edder laborista brit\u00e1nico afirm\u00f3 que tanto \u00e9l como Trump son \u201cl\u00edderes que genuinamente se agradan mutuamente\u201d. (AFP)<\/p>\n<p>&nbsp;<\/p>\n","protected":false},"excerpt":{"rendered":"<p>El presidente de Estados Unidos, Donald Trump, elogi\u00f3 el \u201cv\u00ednculo inquebrantable\u201d de su pa\u00eds con Reino Unido, mientras firmaba junto al primer ministro brit\u00e1nico Keir Starmer un importante acuerdo tecnol\u00f3gico en el \u00faltimo d\u00eda de su visita oficial. Tras la fastuosa recepci\u00f3n de la familia real brit\u00e1nica en el castillo de Windsor el mi\u00e9rcoles, Trump [&hellip;]<\/p>\n","protected":false},"author":1,"featured_media":194807,"comment_status":"closed","ping_status":"open","sticky":false,"template":"","format":"standard","meta":{"_acf_changed":false,"footnotes":""},"categories":[15],"tags":[],"class_list":["post-332385","post","type-post","status-publish","format-standard","has-post-thumbnail","category-portada"],"acf":{"antetitulo":"Califican de hist\u00f3rico"},"yoast_head":"<!-- This site is optimized with the Yoast SEO plugin v28.4 - https:\/\/yoast.com\/product\/yoast-seo-wordpress\/ -->\n<title>Trump y Starmer firman acuerdo tecnol\u00f3gico - El Diario - Bolivia<\/title>\n<meta name=\"robots\" content=\"index, follow, max-snippet:-1, max-image-preview:large, max-video-preview:-1\" \/>\n<link rel=\"canonical\" href=\"https:\/\/www.eldiario.net\/portal\/2025\/09\/19\/trump-y-starmer-firman-acuerdo-tecnologico\/\" \/>\n<meta property=\"og:locale\" content=\"es_ES\" \/>\n<meta property=\"og:type\" content=\"article\" \/>\n<meta property=\"og:title\" content=\"Trump y Starmer firman acuerdo tecnol\u00f3gico - El Diario - Bolivia\" \/>\n<meta property=\"og:description\" content=\"El presidente de Estados Unidos, Donald Trump, elogi\u00f3 el \u201cv\u00ednculo inquebrantable\u201d de su pa\u00eds con Reino Unido, mientras firmaba junto al primer ministro brit\u00e1nico Keir Starmer un importante acuerdo tecnol\u00f3gico en el \u00faltimo d\u00eda de su visita oficial. Tras la fastuosa recepci\u00f3n de la familia real brit\u00e1nica en el castillo de Windsor el mi\u00e9rcoles, Trump [&hellip;]\" \/>\n<meta property=\"og:url\" content=\"https:\/\/www.eldiario.net\/portal\/2025\/09\/19\/trump-y-starmer-firman-acuerdo-tecnologico\/\" \/>\n<meta property=\"og:site_name\" content=\"El Diario - Bolivia\" \/>\n<meta property=\"article:publisher\" content=\"https:\/\/www.facebook.com\/eldiario.bolivia\/\" \/>\n<meta property=\"article:published_time\" content=\"2025-09-19T09:54:13+00:00\" \/>\n<meta property=\"og:image\" content=\"https:\/\/www.eldiario.net\/portal\/wp-content\/uploads\/2023\/12\/portada.jpg\" \/>\n\t<meta property=\"og:image:width\" content=\"800\" \/>\n\t<meta property=\"og:image:height\" content=\"500\" \/>\n\t<meta property=\"og:image:type\" content=\"image\/jpeg\" \/>\n<meta name=\"author\" content=\"Jeanette\" \/>\n<meta name=\"twitter:card\" content=\"summary_large_image\" \/>\n<meta name=\"twitter:creator\" content=\"@eldiario_net\" \/>\n<meta name=\"twitter:site\" content=\"@eldiario_net\" \/>\n<meta name=\"twitter:label1\" content=\"Escrito por\" \/>\n\t<meta name=\"twitter:data1\" content=\"Jeanette\" \/>\n\t<meta name=\"twitter:label2\" content=\"Tiempo de lectura\" \/>\n\t<meta name=\"twitter:data2\" content=\"1 minuto\" \/>\n<script type=\"application\/ld+json\" class=\"yoast-schema-graph\">{\"@context\":\"https:\\\/\\\/schema.org\",\"@graph\":[{\"@type\":\"Article\",\"@id\":\"https:\\\/\\\/www.eldiario.net\\\/portal\\\/2025\\\/09\\\/19\\\/trump-y-starmer-firman-acuerdo-tecnologico\\\/#article\",\"isPartOf\":{\"@id\":\"https:\\\/\\\/www.eldiario.net\\\/portal\\\/2025\\\/09\\\/19\\\/trump-y-starmer-firman-acuerdo-tecnologico\\\/\"},\"author\":{\"name\":\"Jeanette\",\"@id\":\"https:\\\/\\\/www.eldiario.net\\\/portal\\\/#\\\/schema\\\/person\\\/2c57cf2b7a7ae032e449e4c9b1019eac\"},\"headline\":\"Trump y Starmer firman acuerdo tecnol\u00f3gico\",\"datePublished\":\"2025-09-19T09:54:13+00:00\",\"mainEntityOfPage\":{\"@id\":\"https:\\\/\\\/www.eldiario.net\\\/portal\\\/2025\\\/09\\\/19\\\/trump-y-starmer-firman-acuerdo-tecnologico\\\/\"},\"wordCount\":148,\"publisher\":{\"@id\":\"https:\\\/\\\/www.eldiario.net\\\/portal\\\/#organization\"},\"image\":{\"@id\":\"https:\\\/\\\/www.eldiario.net\\\/portal\\\/2025\\\/09\\\/19\\\/trump-y-starmer-firman-acuerdo-tecnologico\\\/#primaryimage\"},\"thumbnailUrl\":\"https:\\\/\\\/www.eldiario.net\\\/portal\\\/wp-content\\\/uploads\\\/2023\\\/12\\\/portada.jpg\",\"articleSection\":[\"Portada\"],\"inLanguage\":\"es\"},{\"@type\":\"WebPage\",\"@id\":\"https:\\\/\\\/www.eldiario.net\\\/portal\\\/2025\\\/09\\\/19\\\/trump-y-starmer-firman-acuerdo-tecnologico\\\/\",\"url\":\"https:\\\/\\\/www.eldiario.net\\\/portal\\\/2025\\\/09\\\/19\\\/trump-y-starmer-firman-acuerdo-tecnologico\\\/\",\"name\":\"Trump y Starmer firman acuerdo tecnol\u00f3gico - El Diario - Bolivia\",\"isPartOf\":{\"@id\":\"https:\\\/\\\/www.eldiario.net\\\/portal\\\/#website\"},\"primaryImageOfPage\":{\"@id\":\"https:\\\/\\\/www.eldiario.net\\\/portal\\\/2025\\\/09\\\/19\\\/trump-y-starmer-firman-acuerdo-tecnologico\\\/#primaryimage\"},\"image\":{\"@id\":\"https:\\\/\\\/www.eldiario.net\\\/portal\\\/2025\\\/09\\\/19\\\/trump-y-starmer-firman-acuerdo-tecnologico\\\/#primaryimage\"},\"thumbnailUrl\":\"https:\\\/\\\/www.eldiario.net\\\/portal\\\/wp-content\\\/uploads\\\/2023\\\/12\\\/portada.jpg\",\"datePublished\":\"2025-09-19T09:54:13+00:00\",\"breadcrumb\":{\"@id\":\"https:\\\/\\\/www.eldiario.net\\\/portal\\\/2025\\\/09\\\/19\\\/trump-y-starmer-firman-acuerdo-tecnologico\\\/#breadcrumb\"},\"inLanguage\":\"es\",\"potentialAction\":[{\"@type\":\"ReadAction\",\"target\":[\"https:\\\/\\\/www.eldiario.net\\\/portal\\\/2025\\\/09\\\/19\\\/trump-y-starmer-firman-acuerdo-tecnologico\\\/\"]}]},{\"@type\":\"ImageObject\",\"inLanguage\":\"es\",\"@id\":\"https:\\\/\\\/www.eldiario.net\\\/portal\\\/2025\\\/09\\\/19\\\/trump-y-starmer-firman-acuerdo-tecnologico\\\/#primaryimage\",\"url\":\"https:\\\/\\\/www.eldiario.net\\\/portal\\\/wp-content\\\/uploads\\\/2023\\\/12\\\/portada.jpg\",\"contentUrl\":\"https:\\\/\\\/www.eldiario.net\\\/portal\\\/wp-content\\\/uploads\\\/2023\\\/12\\\/portada.jpg\",\"width\":800,\"height\":500},{\"@type\":\"BreadcrumbList\",\"@id\":\"https:\\\/\\\/www.eldiario.net\\\/portal\\\/2025\\\/09\\\/19\\\/trump-y-starmer-firman-acuerdo-tecnologico\\\/#breadcrumb\",\"itemListElement\":[{\"@type\":\"ListItem\",\"position\":1,\"name\":\"Portada\",\"item\":\"https:\\\/\\\/www.eldiario.net\\\/portal\\\/\"},{\"@type\":\"ListItem\",\"position\":2,\"name\":\"Trump y Starmer firman acuerdo tecnol\u00f3gico\"}]},{\"@type\":\"WebSite\",\"@id\":\"https:\\\/\\\/www.eldiario.net\\\/portal\\\/#website\",\"url\":\"https:\\\/\\\/www.eldiario.net\\\/portal\\\/\",\"name\":\"El Diario - Decano de la prensa nacional\",\"description\":\"El Diario - Decano de la prensa nacional\",\"publisher\":{\"@id\":\"https:\\\/\\\/www.eldiario.net\\\/portal\\\/#organization\"},\"potentialAction\":[{\"@type\":\"SearchAction\",\"target\":{\"@type\":\"EntryPoint\",\"urlTemplate\":\"https:\\\/\\\/www.eldiario.net\\\/portal\\\/?s={search_term_string}\"},\"query-input\":{\"@type\":\"PropertyValueSpecification\",\"valueRequired\":true,\"valueName\":\"search_term_string\"}}],\"inLanguage\":\"es\"},{\"@type\":\"Organization\",\"@id\":\"https:\\\/\\\/www.eldiario.net\\\/portal\\\/#organization\",\"name\":\"El Diario - Decano de la prensa nacional\",\"url\":\"https:\\\/\\\/www.eldiario.net\\\/portal\\\/\",\"logo\":{\"@type\":\"ImageObject\",\"inLanguage\":\"es\",\"@id\":\"https:\\\/\\\/www.eldiario.net\\\/portal\\\/#\\\/schema\\\/logo\\\/image\\\/\",\"url\":\"https:\\\/\\\/www.eldiario.net\\\/portal\\\/wp-content\\\/uploads\\\/2023\\\/07\\\/logo_ED.jpg\",\"contentUrl\":\"https:\\\/\\\/www.eldiario.net\\\/portal\\\/wp-content\\\/uploads\\\/2023\\\/07\\\/logo_ED.jpg\",\"width\":272,\"height\":52,\"caption\":\"El Diario - Decano de la prensa nacional\"},\"image\":{\"@id\":\"https:\\\/\\\/www.eldiario.net\\\/portal\\\/#\\\/schema\\\/logo\\\/image\\\/\"},\"sameAs\":[\"https:\\\/\\\/www.facebook.com\\\/eldiario.bolivia\\\/\",\"https:\\\/\\\/x.com\\\/eldiario_net\"]},{\"@type\":\"Person\",\"@id\":\"https:\\\/\\\/www.eldiario.net\\\/portal\\\/#\\\/schema\\\/person\\\/2c57cf2b7a7ae032e449e4c9b1019eac\",\"name\":\"Jeanette\",\"image\":{\"@type\":\"ImageObject\",\"inLanguage\":\"es\",\"@id\":\"https:\\\/\\\/secure.gravatar.com\\\/avatar\\\/3ea2118a5f7dad2b7138b1187a6b7ee55f160b9968b66013c3a3ef39dd7e5798?s=96&d=mm&r=g\",\"url\":\"https:\\\/\\\/secure.gravatar.com\\\/avatar\\\/3ea2118a5f7dad2b7138b1187a6b7ee55f160b9968b66013c3a3ef39dd7e5798?s=96&d=mm&r=g\",\"contentUrl\":\"https:\\\/\\\/secure.gravatar.com\\\/avatar\\\/3ea2118a5f7dad2b7138b1187a6b7ee55f160b9968b66013c3a3ef39dd7e5798?s=96&d=mm&r=g\",\"caption\":\"Jeanette\"},\"sameAs\":[\"https:\\\/\\\/www.eldiario.net\\\/portal\"],\"url\":\"https:\\\/\\\/www.eldiario.net\\\/portal\\\/author\\\/jeanette\\\/\"}]}<\/script>\n<!-- \/ Yoast SEO plugin. -->","yoast_head_json":{"title":"Trump y Starmer firman acuerdo tecnol\u00f3gico - El Diario - Bolivia","robots":{"index":"index","follow":"follow","max-snippet":"max-snippet:-1","max-image-preview":"max-image-preview:large","max-video-preview":"max-video-preview:-1"},"canonical":"https:\/\/www.eldiario.net\/portal\/2025\/09\/19\/trump-y-starmer-firman-acuerdo-tecnologico\/","og_locale":"es_ES","og_type":"article","og_title":"Trump y Starmer firman acuerdo tecnol\u00f3gico - El Diario - Bolivia","og_description":"El presidente de Estados Unidos, Donald Trump, elogi\u00f3 el \u201cv\u00ednculo inquebrantable\u201d de su pa\u00eds con Reino Unido, mientras firmaba junto al primer ministro brit\u00e1nico Keir Starmer un importante acuerdo tecnol\u00f3gico en el \u00faltimo d\u00eda de su visita oficial. Tras la fastuosa recepci\u00f3n de la familia real brit\u00e1nica en el castillo de Windsor el mi\u00e9rcoles, Trump [&hellip;]","og_url":"https:\/\/www.eldiario.net\/portal\/2025\/09\/19\/trump-y-starmer-firman-acuerdo-tecnologico\/","og_site_name":"El Diario - Bolivia","article_publisher":"https:\/\/www.facebook.com\/eldiario.bolivia\/","article_published_time":"2025-09-19T09:54:13+00:00","og_image":[{"width":800,"height":500,"url":"https:\/\/www.eldiario.net\/portal\/wp-content\/uploads\/2023\/12\/portada.jpg","type":"image\/jpeg"}],"author":"Jeanette","twitter_card":"summary_large_image","twitter_creator":"@eldiario_net","twitter_site":"@eldiario_net","twitter_misc":{"Escrito por":"Jeanette","Tiempo de lectura":"1 minuto"},"schema":{"@context":"https:\/\/schema.org","@graph":[{"@type":"Article","@id":"https:\/\/www.eldiario.net\/portal\/2025\/09\/19\/trump-y-starmer-firman-acuerdo-tecnologico\/#article","isPartOf":{"@id":"https:\/\/www.eldiario.net\/portal\/2025\/09\/19\/trump-y-starmer-firman-acuerdo-tecnologico\/"},"author":{"name":"Jeanette","@id":"https:\/\/www.eldiario.net\/portal\/#\/schema\/person\/2c57cf2b7a7ae032e449e4c9b1019eac"},"headline":"Trump y Starmer firman acuerdo tecnol\u00f3gico","datePublished":"2025-09-19T09:54:13+00:00","mainEntityOfPage":{"@id":"https:\/\/www.eldiario.net\/portal\/2025\/09\/19\/trump-y-starmer-firman-acuerdo-tecnologico\/"},"wordCount":148,"publisher":{"@id":"https:\/\/www.eldiario.net\/portal\/#organization"},"image":{"@id":"https:\/\/www.eldiario.net\/portal\/2025\/09\/19\/trump-y-starmer-firman-acuerdo-tecnologico\/#primaryimage"},"thumbnailUrl":"https:\/\/www.eldiario.net\/portal\/wp-content\/uploads\/2023\/12\/portada.jpg","articleSection":["Portada"],"inLanguage":"es"},{"@type":"WebPage","@id":"https:\/\/www.eldiario.net\/portal\/2025\/09\/19\/trump-y-starmer-firman-acuerdo-tecnologico\/","url":"https:\/\/www.eldiario.net\/portal\/2025\/09\/19\/trump-y-starmer-firman-acuerdo-tecnologico\/","name":"Trump y Starmer firman acuerdo tecnol\u00f3gico - El Diario - Bolivia","isPartOf":{"@id":"https:\/\/www.eldiario.net\/portal\/#website"},"primaryImageOfPage":{"@id":"https:\/\/www.eldiario.net\/portal\/2025\/09\/19\/trump-y-starmer-firman-acuerdo-tecnologico\/#primaryimage"},"image":{"@id":"https:\/\/www.eldiario.net\/portal\/2025\/09\/19\/trump-y-starmer-firman-acuerdo-tecnologico\/#primaryimage"},"thumbnailUrl":"https:\/\/www.eldiario.net\/portal\/wp-content\/uploads\/2023\/12\/portada.jpg","datePublished":"2025-09-19T09:54:13+00:00","breadcrumb":{"@id":"https:\/\/www.eldiario.net\/portal\/2025\/09\/19\/trump-y-starmer-firman-acuerdo-tecnologico\/#breadcrumb"},"inLanguage":"es","potentialAction":[{"@type":"ReadAction","target":["https:\/\/www.eldiario.net\/portal\/2025\/09\/19\/trump-y-starmer-firman-acuerdo-tecnologico\/"]}]},{"@type":"ImageObject","inLanguage":"es","@id":"https:\/\/www.eldiario.net\/portal\/2025\/09\/19\/trump-y-starmer-firman-acuerdo-tecnologico\/#primaryimage","url":"https:\/\/www.eldiario.net\/portal\/wp-content\/uploads\/2023\/12\/portada.jpg","contentUrl":"https:\/\/www.eldiario.net\/portal\/wp-content\/uploads\/2023\/12\/portada.jpg","width":800,"height":500},{"@type":"BreadcrumbList","@id":"https:\/\/www.eldiario.net\/portal\/2025\/09\/19\/trump-y-starmer-firman-acuerdo-tecnologico\/#breadcrumb","itemListElement":[{"@type":"ListItem","position":1,"name":"Portada","item":"https:\/\/www.eldiario.net\/portal\/"},{"@type":"ListItem","position":2,"name":"Trump y Starmer firman acuerdo tecnol\u00f3gico"}]},{"@type":"WebSite","@id":"https:\/\/www.eldiario.net\/portal\/#website","url":"https:\/\/www.eldiario.net\/portal\/","name":"El Diario - Decano de la prensa nacional","description":"El Diario - Decano de la prensa nacional","publisher":{"@id":"https:\/\/www.eldiario.net\/portal\/#organization"},"potentialAction":[{"@type":"SearchAction","target":{"@type":"EntryPoint","urlTemplate":"https:\/\/www.eldiario.net\/portal\/?s={search_term_string}"},"query-input":{"@type":"PropertyValueSpecification","valueRequired":true,"valueName":"search_term_string"}}],"inLanguage":"es"},{"@type":"Organization","@id":"https:\/\/www.eldiario.net\/portal\/#organization","name":"El Diario - Decano de la prensa nacional","url":"https:\/\/www.eldiario.net\/portal\/","logo":{"@type":"ImageObject","inLanguage":"es","@id":"https:\/\/www.eldiario.net\/portal\/#\/schema\/logo\/image\/","url":"https:\/\/www.eldiario.net\/portal\/wp-content\/uploads\/2023\/07\/logo_ED.jpg","contentUrl":"https:\/\/www.eldiario.net\/portal\/wp-content\/uploads\/2023\/07\/logo_ED.jpg","width":272,"height":52,"caption":"El Diario - Decano de la prensa nacional"},"image":{"@id":"https:\/\/www.eldiario.net\/portal\/#\/schema\/logo\/image\/"},"sameAs":["https:\/\/www.facebook.com\/eldiario.bolivia\/","https:\/\/x.com\/eldiario_net"]},{"@type":"Person","@id":"https:\/\/www.eldiario.net\/portal\/#\/schema\/person\/2c57cf2b7a7ae032e449e4c9b1019eac","name":"Jeanette","image":{"@type":"ImageObject","inLanguage":"es","@id":"https:\/\/secure.gravatar.com\/avatar\/3ea2118a5f7dad2b7138b1187a6b7ee55f160b9968b66013c3a3ef39dd7e5798?s=96&d=mm&r=g","url":"https:\/\/secure.gravatar.com\/avatar\/3ea2118a5f7dad2b7138b1187a6b7ee55f160b9968b66013c3a3ef39dd7e5798?s=96&d=mm&r=g","contentUrl":"https:\/\/secure.gravatar.com\/avatar\/3ea2118a5f7dad2b7138b1187a6b7ee55f160b9968b66013c3a3ef39dd7e5798?s=96&d=mm&r=g","caption":"Jeanette"},"sameAs":["https:\/\/www.eldiario.net\/portal"],"url":"https:\/\/www.eldiario.net\/portal\/author\/jeanette\/"}]}},"_links":{"self":[{"href":"https:\/\/www.eldiario.net\/portal\/wp-json\/wp\/v2\/posts\/332385","targetHints":{"allow":["GET"]}}],"collection":[{"href":"https:\/\/www.eldiario.net\/portal\/wp-json\/wp\/v2\/posts"}],"about":[{"href":"https:\/\/www.eldiario.net\/portal\/wp-json\/wp\/v2\/types\/post"}],"author":[{"embeddable":true,"href":"https:\/\/www.eldiario.net\/portal\/wp-json\/wp\/v2\/users\/1"}],"replies":[{"embeddable":true,"href":"https:\/\/www.eldiario.net\/portal\/wp-json\/wp\/v2\/comments?post=332385"}],"version-history":[{"count":1,"href":"https:\/\/www.eldiario.net\/portal\/wp-json\/wp\/v2\/posts\/332385\/revisions"}],"predecessor-version":[{"id":332386,"href":"https:\/\/www.eldiario.net\/portal\/wp-json\/wp\/v2\/posts\/332385\/revisions\/332386"}],"wp:featuredmedia":[{"embeddable":true,"href":"https:\/\/www.eldiario.net\/portal\/wp-json\/wp\/v2\/media\/194807"}],"wp:attachment":[{"href":"https:\/\/www.eldiario.net\/portal\/wp-json\/wp\/v2\/media?parent=332385"}],"wp:term":[{"taxonomy":"category","embeddable":true,"href":"https:\/\/www.eldiario.net\/portal\/wp-json\/wp\/v2\/categories?post=332385"},{"taxonomy":"post_tag","embeddable":true,"href":"https:\/\/www.eldiario.net\/portal\/wp-json\/wp\/v2\/tags?post=332385"}],"curies":[{"name":"wp","href":"https:\/\/api.w.org\/{rel}","templated":true}]}}