{"id":332374,"date":"2025-09-19T05:49:21","date_gmt":"2025-09-19T09:49:21","guid":{"rendered":"https:\/\/www.eldiario.net\/portal\/?p=332374"},"modified":"2025-09-19T05:49:21","modified_gmt":"2025-09-19T09:49:21","slug":"trump-y-starmer-firman-acuerdo-de-apoyo-comercial-y-tecnologico","status":"publish","type":"post","link":"https:\/\/www.eldiario.net\/portal\/2025\/09\/19\/trump-y-starmer-firman-acuerdo-de-apoyo-comercial-y-tecnologico\/","title":{"rendered":"Trump y Starmer firman acuerdo de apoyo comercial y tecnol\u00f3gico"},"content":{"rendered":"<p>Con el sonido de gaitas tradicionales escocesas, el presidente Donald Trump lleg\u00f3 en limusina a Chequers, la casa de campo del primer ministro brit\u00e1nico, Keir Starmer. Un encuentro que marca su segundo d\u00eda de visita oficial a Reino Unido y cuya columna vertebral es la firma de acuerdos econ\u00f3micos multimillonarios.<br \/>\nUna jornada menos pomposa que la ofrecida por el Rey Carlos III un d\u00eda antes, que incluy\u00f3 paseo en carruajes, y desfile a\u00e9reo y banquete de lujo, pero que definitivamente ser\u00e1 m\u00e1s provechosa. Esta reuni\u00f3n en Chequers es pragm\u00e1tica y comercial. A la medida de Trump.<br \/>\nDonald Trump y Keir Starmer firmaron lo que ambos consideraron un \u201cacuerdo hist\u00f3rico\u201d para impulsar la cooperaci\u00f3n de sus pa\u00edses en los \u00e1mbitos de la inteligencia artificial, la computaci\u00f3n cu\u00e1ntica y la energ\u00eda nuclear. El pacto incluye una filial brit\u00e1nica de Stargate, un proyecto de infraestructura de Inteligencia Artificial (IA) respaldado por Trump y liderado por OpenAI, y una serie de centros de datos de IA en todo el Reino Unido.<br \/>\nEl Gobierno brit\u00e1nico confirm\u00f3 ayer los compromisos de inversi\u00f3n de compa\u00f1\u00edas estadounidenses por una cifra r\u00e9cord de 150.000 millones de libras, unos 173.000 millones de euros. Hablamos, por ejemplo, del gigante tecnol\u00f3gico Google, que invertir\u00e1 5.000 millones de libras en el Reino Unido en los pr\u00f3ximos dos a\u00f1os, principalmente en investigaci\u00f3n y desarrollo, lo que incluye la instalaci\u00f3n de su laboratorio de inteligencia artificial, Google DeepMind. Tambi\u00e9n se cuentan los 30.000 millones de d\u00f3lares que aportar\u00e1 Microsoft para proyectos ambiciosos como la construcci\u00f3n del supercomputador m\u00e1s grande de Reino Unido.<br \/>\nDonald Trump y Keir Starmer encabezaron igualmente una recepci\u00f3n con actores econ\u00f3micos, entre los que se encuentran los directivos del grupo industrial Rolls Royce y del gigante farmac\u00e9utico brit\u00e1nico GSK. Este \u00faltimo tiene previsto invertir 30.000 millones de d\u00f3lares en cinco a\u00f1os al otro lado del Atl\u00e1ntico. Una medida que, sin duda, le saca una sonrisa al presidente estadounidense.<br \/>\nLa v\u00edspera, Trump ya hab\u00eda compartido el banquete real con directivos del sector tecnol\u00f3gico &#8211; Apple, OpenAI, Nvidia, lo que demuestra la importancia del aspecto econ\u00f3mico de esta visita de Estado.<\/p>\n<p>ARANCELES Y GUERRAS<br \/>\nNo todo es miel sobre hojuelas, por supuesto. A nivel de aranceles, Donald Trump no parece dar su brazo a torcer. El primer Ministro, Keir Starmer, mantiene la esperanza de que Reino Unido obtenga una exenci\u00f3n del 25% aplicado al acero brit\u00e1nico, prometida a principios de mayo. Pero no hay se\u00f1ales de que se aplique en lo inmediato.<br \/>\nM\u00e1s all\u00e1 de las inversiones y los acuerdos comerciales, hay un tema que no puede faltar en la mesa: las guerras de Ucrania y Gaza. Los l\u00edderes tienen posiciones que no coinciden en diferentes aspectos.<br \/>\nStarmer anunci\u00f3 que el Reino Unido reconocer\u00e1 oficialmente un Estado palestino a finales de este mes, lo que cae como un ba\u00f1o de agua fr\u00eda al mejor amigo de Israel. De hecho, Trump amenaz\u00f3 con penalizar a Canad\u00e1 durante las negociaciones comerciales por tomar una medida similar. Francia tambi\u00e9n est\u00e1 en la mira.<br \/>\nCon respecto a Ucrania, Londres sigue cerrando filas contra Rusia, especialmente despu\u00e9s de las \u00faltimas incursiones de drones rusos en los espacios a\u00e9reos de Polonia y Rumania, que debieron ser derribados con ayuda de la OTAN.<br \/>\nTrump, por su parte, hizo declaraciones minimizando el hecho y calific\u00e1ndolo como un \u201cposible accidente\u201d. El presidente estadounidense expres\u00f3 su frustraci\u00f3n con el presidente ruso Vladimir Putin, pero no cumpli\u00f3 sus amenazas de imponer nuevas sanciones a Rusia por eludir las negociaciones de paz. El martes, Trump pareci\u00f3 responsabilizar al presidente ucraniano Volodimir Zelensky, se\u00f1alando: \u201cVa a tener que llegar a un acuerdo\u201d.<br \/>\nQuiz\u00e1s los obsequios oficiales suavicen esta parte de las conversaciones: Starmer regalar\u00e1 a los Trump una cesta de picnic con mermeladas caseras elaboradas con frambuesas cultivadas en su casa de campo. Qui\u00e9n sabe. Despu\u00e9s de todo, el az\u00facar tambi\u00e9n puede ser parte del soft power. (RFI)<\/p>\n","protected":false},"excerpt":{"rendered":"<p>Con el sonido de gaitas tradicionales escocesas, el presidente Donald Trump lleg\u00f3 en limusina a Chequers, la casa de campo del primer ministro brit\u00e1nico, Keir Starmer. Un encuentro que marca su segundo d\u00eda de visita oficial a Reino Unido y cuya columna vertebral es la firma de acuerdos econ\u00f3micos multimillonarios. Una jornada menos pomposa que [&hellip;]<\/p>\n","protected":false},"author":1,"featured_media":194703,"comment_status":"closed","ping_status":"open","sticky":false,"template":"","format":"standard","meta":{"_acf_changed":false,"footnotes":""},"categories":[3],"tags":[],"class_list":["post-332374","post","type-post","status-publish","format-standard","has-post-thumbnail","category-internacional"],"acf":{"antetitulo":""},"yoast_head":"<!-- This site is optimized with the Yoast SEO plugin v28.4 - https:\/\/yoast.com\/product\/yoast-seo-wordpress\/ -->\n<title>Trump y Starmer firman acuerdo de apoyo comercial y tecnol\u00f3gico - El Diario - Bolivia<\/title>\n<meta name=\"robots\" content=\"index, follow, max-snippet:-1, max-image-preview:large, max-video-preview:-1\" \/>\n<link rel=\"canonical\" href=\"https:\/\/www.eldiario.net\/portal\/2025\/09\/19\/trump-y-starmer-firman-acuerdo-de-apoyo-comercial-y-tecnologico\/\" \/>\n<meta property=\"og:locale\" content=\"es_ES\" \/>\n<meta property=\"og:type\" content=\"article\" \/>\n<meta property=\"og:title\" content=\"Trump y Starmer firman acuerdo de apoyo comercial y tecnol\u00f3gico - El Diario - Bolivia\" \/>\n<meta property=\"og:description\" content=\"Con el sonido de gaitas tradicionales escocesas, el presidente Donald Trump lleg\u00f3 en limusina a Chequers, la casa de campo del primer ministro brit\u00e1nico, Keir Starmer. Un encuentro que marca su segundo d\u00eda de visita oficial a Reino Unido y cuya columna vertebral es la firma de acuerdos econ\u00f3micos multimillonarios. Una jornada menos pomposa que [&hellip;]\" \/>\n<meta property=\"og:url\" content=\"https:\/\/www.eldiario.net\/portal\/2025\/09\/19\/trump-y-starmer-firman-acuerdo-de-apoyo-comercial-y-tecnologico\/\" \/>\n<meta property=\"og:site_name\" content=\"El Diario - Bolivia\" \/>\n<meta property=\"article:publisher\" content=\"https:\/\/www.facebook.com\/eldiario.bolivia\/\" \/>\n<meta property=\"article:published_time\" content=\"2025-09-19T09:49:21+00:00\" \/>\n<meta property=\"og:image\" content=\"https:\/\/www.eldiario.net\/portal\/wp-content\/uploads\/2023\/12\/Internacional.jpg\" \/>\n\t<meta property=\"og:image:width\" content=\"800\" \/>\n\t<meta property=\"og:image:height\" content=\"500\" \/>\n\t<meta property=\"og:image:type\" content=\"image\/jpeg\" \/>\n<meta name=\"author\" content=\"Jeanette\" \/>\n<meta name=\"twitter:card\" content=\"summary_large_image\" \/>\n<meta name=\"twitter:creator\" content=\"@eldiario_net\" \/>\n<meta name=\"twitter:site\" content=\"@eldiario_net\" \/>\n<meta name=\"twitter:label1\" content=\"Escrito por\" \/>\n\t<meta name=\"twitter:data1\" content=\"Jeanette\" \/>\n\t<meta name=\"twitter:label2\" content=\"Tiempo de lectura\" \/>\n\t<meta name=\"twitter:data2\" content=\"4 minutos\" \/>\n<script type=\"application\/ld+json\" class=\"yoast-schema-graph\">{\"@context\":\"https:\\\/\\\/schema.org\",\"@graph\":[{\"@type\":\"Article\",\"@id\":\"https:\\\/\\\/www.eldiario.net\\\/portal\\\/2025\\\/09\\\/19\\\/trump-y-starmer-firman-acuerdo-de-apoyo-comercial-y-tecnologico\\\/#article\",\"isPartOf\":{\"@id\":\"https:\\\/\\\/www.eldiario.net\\\/portal\\\/2025\\\/09\\\/19\\\/trump-y-starmer-firman-acuerdo-de-apoyo-comercial-y-tecnologico\\\/\"},\"author\":{\"name\":\"Jeanette\",\"@id\":\"https:\\\/\\\/www.eldiario.net\\\/portal\\\/#\\\/schema\\\/person\\\/2c57cf2b7a7ae032e449e4c9b1019eac\"},\"headline\":\"Trump y Starmer firman acuerdo de apoyo comercial y tecnol\u00f3gico\",\"datePublished\":\"2025-09-19T09:49:21+00:00\",\"mainEntityOfPage\":{\"@id\":\"https:\\\/\\\/www.eldiario.net\\\/portal\\\/2025\\\/09\\\/19\\\/trump-y-starmer-firman-acuerdo-de-apoyo-comercial-y-tecnologico\\\/\"},\"wordCount\":703,\"publisher\":{\"@id\":\"https:\\\/\\\/www.eldiario.net\\\/portal\\\/#organization\"},\"image\":{\"@id\":\"https:\\\/\\\/www.eldiario.net\\\/portal\\\/2025\\\/09\\\/19\\\/trump-y-starmer-firman-acuerdo-de-apoyo-comercial-y-tecnologico\\\/#primaryimage\"},\"thumbnailUrl\":\"https:\\\/\\\/www.eldiario.net\\\/portal\\\/wp-content\\\/uploads\\\/2023\\\/12\\\/Internacional.jpg\",\"articleSection\":[\"Internacional\"],\"inLanguage\":\"es\"},{\"@type\":\"WebPage\",\"@id\":\"https:\\\/\\\/www.eldiario.net\\\/portal\\\/2025\\\/09\\\/19\\\/trump-y-starmer-firman-acuerdo-de-apoyo-comercial-y-tecnologico\\\/\",\"url\":\"https:\\\/\\\/www.eldiario.net\\\/portal\\\/2025\\\/09\\\/19\\\/trump-y-starmer-firman-acuerdo-de-apoyo-comercial-y-tecnologico\\\/\",\"name\":\"Trump y Starmer firman acuerdo de apoyo comercial y tecnol\u00f3gico - El Diario - Bolivia\",\"isPartOf\":{\"@id\":\"https:\\\/\\\/www.eldiario.net\\\/portal\\\/#website\"},\"primaryImageOfPage\":{\"@id\":\"https:\\\/\\\/www.eldiario.net\\\/portal\\\/2025\\\/09\\\/19\\\/trump-y-starmer-firman-acuerdo-de-apoyo-comercial-y-tecnologico\\\/#primaryimage\"},\"image\":{\"@id\":\"https:\\\/\\\/www.eldiario.net\\\/portal\\\/2025\\\/09\\\/19\\\/trump-y-starmer-firman-acuerdo-de-apoyo-comercial-y-tecnologico\\\/#primaryimage\"},\"thumbnailUrl\":\"https:\\\/\\\/www.eldiario.net\\\/portal\\\/wp-content\\\/uploads\\\/2023\\\/12\\\/Internacional.jpg\",\"datePublished\":\"2025-09-19T09:49:21+00:00\",\"breadcrumb\":{\"@id\":\"https:\\\/\\\/www.eldiario.net\\\/portal\\\/2025\\\/09\\\/19\\\/trump-y-starmer-firman-acuerdo-de-apoyo-comercial-y-tecnologico\\\/#breadcrumb\"},\"inLanguage\":\"es\",\"potentialAction\":[{\"@type\":\"ReadAction\",\"target\":[\"https:\\\/\\\/www.eldiario.net\\\/portal\\\/2025\\\/09\\\/19\\\/trump-y-starmer-firman-acuerdo-de-apoyo-comercial-y-tecnologico\\\/\"]}]},{\"@type\":\"ImageObject\",\"inLanguage\":\"es\",\"@id\":\"https:\\\/\\\/www.eldiario.net\\\/portal\\\/2025\\\/09\\\/19\\\/trump-y-starmer-firman-acuerdo-de-apoyo-comercial-y-tecnologico\\\/#primaryimage\",\"url\":\"https:\\\/\\\/www.eldiario.net\\\/portal\\\/wp-content\\\/uploads\\\/2023\\\/12\\\/Internacional.jpg\",\"contentUrl\":\"https:\\\/\\\/www.eldiario.net\\\/portal\\\/wp-content\\\/uploads\\\/2023\\\/12\\\/Internacional.jpg\",\"width\":800,\"height\":500},{\"@type\":\"BreadcrumbList\",\"@id\":\"https:\\\/\\\/www.eldiario.net\\\/portal\\\/2025\\\/09\\\/19\\\/trump-y-starmer-firman-acuerdo-de-apoyo-comercial-y-tecnologico\\\/#breadcrumb\",\"itemListElement\":[{\"@type\":\"ListItem\",\"position\":1,\"name\":\"Portada\",\"item\":\"https:\\\/\\\/www.eldiario.net\\\/portal\\\/\"},{\"@type\":\"ListItem\",\"position\":2,\"name\":\"Trump y Starmer firman acuerdo de apoyo comercial y tecnol\u00f3gico\"}]},{\"@type\":\"WebSite\",\"@id\":\"https:\\\/\\\/www.eldiario.net\\\/portal\\\/#website\",\"url\":\"https:\\\/\\\/www.eldiario.net\\\/portal\\\/\",\"name\":\"El Diario - Decano de la prensa nacional\",\"description\":\"El Diario - Decano de la prensa nacional\",\"publisher\":{\"@id\":\"https:\\\/\\\/www.eldiario.net\\\/portal\\\/#organization\"},\"potentialAction\":[{\"@type\":\"SearchAction\",\"target\":{\"@type\":\"EntryPoint\",\"urlTemplate\":\"https:\\\/\\\/www.eldiario.net\\\/portal\\\/?s={search_term_string}\"},\"query-input\":{\"@type\":\"PropertyValueSpecification\",\"valueRequired\":true,\"valueName\":\"search_term_string\"}}],\"inLanguage\":\"es\"},{\"@type\":\"Organization\",\"@id\":\"https:\\\/\\\/www.eldiario.net\\\/portal\\\/#organization\",\"name\":\"El Diario - Decano de la prensa nacional\",\"url\":\"https:\\\/\\\/www.eldiario.net\\\/portal\\\/\",\"logo\":{\"@type\":\"ImageObject\",\"inLanguage\":\"es\",\"@id\":\"https:\\\/\\\/www.eldiario.net\\\/portal\\\/#\\\/schema\\\/logo\\\/image\\\/\",\"url\":\"https:\\\/\\\/www.eldiario.net\\\/portal\\\/wp-content\\\/uploads\\\/2023\\\/07\\\/logo_ED.jpg\",\"contentUrl\":\"https:\\\/\\\/www.eldiario.net\\\/portal\\\/wp-content\\\/uploads\\\/2023\\\/07\\\/logo_ED.jpg\",\"width\":272,\"height\":52,\"caption\":\"El Diario - Decano de la prensa nacional\"},\"image\":{\"@id\":\"https:\\\/\\\/www.eldiario.net\\\/portal\\\/#\\\/schema\\\/logo\\\/image\\\/\"},\"sameAs\":[\"https:\\\/\\\/www.facebook.com\\\/eldiario.bolivia\\\/\",\"https:\\\/\\\/x.com\\\/eldiario_net\"]},{\"@type\":\"Person\",\"@id\":\"https:\\\/\\\/www.eldiario.net\\\/portal\\\/#\\\/schema\\\/person\\\/2c57cf2b7a7ae032e449e4c9b1019eac\",\"name\":\"Jeanette\",\"image\":{\"@type\":\"ImageObject\",\"inLanguage\":\"es\",\"@id\":\"https:\\\/\\\/secure.gravatar.com\\\/avatar\\\/3ea2118a5f7dad2b7138b1187a6b7ee55f160b9968b66013c3a3ef39dd7e5798?s=96&d=mm&r=g\",\"url\":\"https:\\\/\\\/secure.gravatar.com\\\/avatar\\\/3ea2118a5f7dad2b7138b1187a6b7ee55f160b9968b66013c3a3ef39dd7e5798?s=96&d=mm&r=g\",\"contentUrl\":\"https:\\\/\\\/secure.gravatar.com\\\/avatar\\\/3ea2118a5f7dad2b7138b1187a6b7ee55f160b9968b66013c3a3ef39dd7e5798?s=96&d=mm&r=g\",\"caption\":\"Jeanette\"},\"sameAs\":[\"https:\\\/\\\/www.eldiario.net\\\/portal\"],\"url\":\"https:\\\/\\\/www.eldiario.net\\\/portal\\\/author\\\/jeanette\\\/\"}]}<\/script>\n<!-- \/ Yoast SEO plugin. -->","yoast_head_json":{"title":"Trump y Starmer firman acuerdo de apoyo comercial y tecnol\u00f3gico - El Diario - Bolivia","robots":{"index":"index","follow":"follow","max-snippet":"max-snippet:-1","max-image-preview":"max-image-preview:large","max-video-preview":"max-video-preview:-1"},"canonical":"https:\/\/www.eldiario.net\/portal\/2025\/09\/19\/trump-y-starmer-firman-acuerdo-de-apoyo-comercial-y-tecnologico\/","og_locale":"es_ES","og_type":"article","og_title":"Trump y Starmer firman acuerdo de apoyo comercial y tecnol\u00f3gico - El Diario - Bolivia","og_description":"Con el sonido de gaitas tradicionales escocesas, el presidente Donald Trump lleg\u00f3 en limusina a Chequers, la casa de campo del primer ministro brit\u00e1nico, Keir Starmer. Un encuentro que marca su segundo d\u00eda de visita oficial a Reino Unido y cuya columna vertebral es la firma de acuerdos econ\u00f3micos multimillonarios. Una jornada menos pomposa que [&hellip;]","og_url":"https:\/\/www.eldiario.net\/portal\/2025\/09\/19\/trump-y-starmer-firman-acuerdo-de-apoyo-comercial-y-tecnologico\/","og_site_name":"El Diario - Bolivia","article_publisher":"https:\/\/www.facebook.com\/eldiario.bolivia\/","article_published_time":"2025-09-19T09:49:21+00:00","og_image":[{"width":800,"height":500,"url":"https:\/\/www.eldiario.net\/portal\/wp-content\/uploads\/2023\/12\/Internacional.jpg","type":"image\/jpeg"}],"author":"Jeanette","twitter_card":"summary_large_image","twitter_creator":"@eldiario_net","twitter_site":"@eldiario_net","twitter_misc":{"Escrito por":"Jeanette","Tiempo de lectura":"4 minutos"},"schema":{"@context":"https:\/\/schema.org","@graph":[{"@type":"Article","@id":"https:\/\/www.eldiario.net\/portal\/2025\/09\/19\/trump-y-starmer-firman-acuerdo-de-apoyo-comercial-y-tecnologico\/#article","isPartOf":{"@id":"https:\/\/www.eldiario.net\/portal\/2025\/09\/19\/trump-y-starmer-firman-acuerdo-de-apoyo-comercial-y-tecnologico\/"},"author":{"name":"Jeanette","@id":"https:\/\/www.eldiario.net\/portal\/#\/schema\/person\/2c57cf2b7a7ae032e449e4c9b1019eac"},"headline":"Trump y Starmer firman acuerdo de apoyo comercial y tecnol\u00f3gico","datePublished":"2025-09-19T09:49:21+00:00","mainEntityOfPage":{"@id":"https:\/\/www.eldiario.net\/portal\/2025\/09\/19\/trump-y-starmer-firman-acuerdo-de-apoyo-comercial-y-tecnologico\/"},"wordCount":703,"publisher":{"@id":"https:\/\/www.eldiario.net\/portal\/#organization"},"image":{"@id":"https:\/\/www.eldiario.net\/portal\/2025\/09\/19\/trump-y-starmer-firman-acuerdo-de-apoyo-comercial-y-tecnologico\/#primaryimage"},"thumbnailUrl":"https:\/\/www.eldiario.net\/portal\/wp-content\/uploads\/2023\/12\/Internacional.jpg","articleSection":["Internacional"],"inLanguage":"es"},{"@type":"WebPage","@id":"https:\/\/www.eldiario.net\/portal\/2025\/09\/19\/trump-y-starmer-firman-acuerdo-de-apoyo-comercial-y-tecnologico\/","url":"https:\/\/www.eldiario.net\/portal\/2025\/09\/19\/trump-y-starmer-firman-acuerdo-de-apoyo-comercial-y-tecnologico\/","name":"Trump y Starmer firman acuerdo de apoyo comercial y tecnol\u00f3gico - El Diario - Bolivia","isPartOf":{"@id":"https:\/\/www.eldiario.net\/portal\/#website"},"primaryImageOfPage":{"@id":"https:\/\/www.eldiario.net\/portal\/2025\/09\/19\/trump-y-starmer-firman-acuerdo-de-apoyo-comercial-y-tecnologico\/#primaryimage"},"image":{"@id":"https:\/\/www.eldiario.net\/portal\/2025\/09\/19\/trump-y-starmer-firman-acuerdo-de-apoyo-comercial-y-tecnologico\/#primaryimage"},"thumbnailUrl":"https:\/\/www.eldiario.net\/portal\/wp-content\/uploads\/2023\/12\/Internacional.jpg","datePublished":"2025-09-19T09:49:21+00:00","breadcrumb":{"@id":"https:\/\/www.eldiario.net\/portal\/2025\/09\/19\/trump-y-starmer-firman-acuerdo-de-apoyo-comercial-y-tecnologico\/#breadcrumb"},"inLanguage":"es","potentialAction":[{"@type":"ReadAction","target":["https:\/\/www.eldiario.net\/portal\/2025\/09\/19\/trump-y-starmer-firman-acuerdo-de-apoyo-comercial-y-tecnologico\/"]}]},{"@type":"ImageObject","inLanguage":"es","@id":"https:\/\/www.eldiario.net\/portal\/2025\/09\/19\/trump-y-starmer-firman-acuerdo-de-apoyo-comercial-y-tecnologico\/#primaryimage","url":"https:\/\/www.eldiario.net\/portal\/wp-content\/uploads\/2023\/12\/Internacional.jpg","contentUrl":"https:\/\/www.eldiario.net\/portal\/wp-content\/uploads\/2023\/12\/Internacional.jpg","width":800,"height":500},{"@type":"BreadcrumbList","@id":"https:\/\/www.eldiario.net\/portal\/2025\/09\/19\/trump-y-starmer-firman-acuerdo-de-apoyo-comercial-y-tecnologico\/#breadcrumb","itemListElement":[{"@type":"ListItem","position":1,"name":"Portada","item":"https:\/\/www.eldiario.net\/portal\/"},{"@type":"ListItem","position":2,"name":"Trump y Starmer firman acuerdo de apoyo comercial y tecnol\u00f3gico"}]},{"@type":"WebSite","@id":"https:\/\/www.eldiario.net\/portal\/#website","url":"https:\/\/www.eldiario.net\/portal\/","name":"El Diario - Decano de la prensa nacional","description":"El Diario - Decano de la prensa nacional","publisher":{"@id":"https:\/\/www.eldiario.net\/portal\/#organization"},"potentialAction":[{"@type":"SearchAction","target":{"@type":"EntryPoint","urlTemplate":"https:\/\/www.eldiario.net\/portal\/?s={search_term_string}"},"query-input":{"@type":"PropertyValueSpecification","valueRequired":true,"valueName":"search_term_string"}}],"inLanguage":"es"},{"@type":"Organization","@id":"https:\/\/www.eldiario.net\/portal\/#organization","name":"El Diario - Decano de la prensa nacional","url":"https:\/\/www.eldiario.net\/portal\/","logo":{"@type":"ImageObject","inLanguage":"es","@id":"https:\/\/www.eldiario.net\/portal\/#\/schema\/logo\/image\/","url":"https:\/\/www.eldiario.net\/portal\/wp-content\/uploads\/2023\/07\/logo_ED.jpg","contentUrl":"https:\/\/www.eldiario.net\/portal\/wp-content\/uploads\/2023\/07\/logo_ED.jpg","width":272,"height":52,"caption":"El Diario - Decano de la prensa nacional"},"image":{"@id":"https:\/\/www.eldiario.net\/portal\/#\/schema\/logo\/image\/"},"sameAs":["https:\/\/www.facebook.com\/eldiario.bolivia\/","https:\/\/x.com\/eldiario_net"]},{"@type":"Person","@id":"https:\/\/www.eldiario.net\/portal\/#\/schema\/person\/2c57cf2b7a7ae032e449e4c9b1019eac","name":"Jeanette","image":{"@type":"ImageObject","inLanguage":"es","@id":"https:\/\/secure.gravatar.com\/avatar\/3ea2118a5f7dad2b7138b1187a6b7ee55f160b9968b66013c3a3ef39dd7e5798?s=96&d=mm&r=g","url":"https:\/\/secure.gravatar.com\/avatar\/3ea2118a5f7dad2b7138b1187a6b7ee55f160b9968b66013c3a3ef39dd7e5798?s=96&d=mm&r=g","contentUrl":"https:\/\/secure.gravatar.com\/avatar\/3ea2118a5f7dad2b7138b1187a6b7ee55f160b9968b66013c3a3ef39dd7e5798?s=96&d=mm&r=g","caption":"Jeanette"},"sameAs":["https:\/\/www.eldiario.net\/portal"],"url":"https:\/\/www.eldiario.net\/portal\/author\/jeanette\/"}]}},"_links":{"self":[{"href":"https:\/\/www.eldiario.net\/portal\/wp-json\/wp\/v2\/posts\/332374","targetHints":{"allow":["GET"]}}],"collection":[{"href":"https:\/\/www.eldiario.net\/portal\/wp-json\/wp\/v2\/posts"}],"about":[{"href":"https:\/\/www.eldiario.net\/portal\/wp-json\/wp\/v2\/types\/post"}],"author":[{"embeddable":true,"href":"https:\/\/www.eldiario.net\/portal\/wp-json\/wp\/v2\/users\/1"}],"replies":[{"embeddable":true,"href":"https:\/\/www.eldiario.net\/portal\/wp-json\/wp\/v2\/comments?post=332374"}],"version-history":[{"count":1,"href":"https:\/\/www.eldiario.net\/portal\/wp-json\/wp\/v2\/posts\/332374\/revisions"}],"predecessor-version":[{"id":332375,"href":"https:\/\/www.eldiario.net\/portal\/wp-json\/wp\/v2\/posts\/332374\/revisions\/332375"}],"wp:featuredmedia":[{"embeddable":true,"href":"https:\/\/www.eldiario.net\/portal\/wp-json\/wp\/v2\/media\/194703"}],"wp:attachment":[{"href":"https:\/\/www.eldiario.net\/portal\/wp-json\/wp\/v2\/media?parent=332374"}],"wp:term":[{"taxonomy":"category","embeddable":true,"href":"https:\/\/www.eldiario.net\/portal\/wp-json\/wp\/v2\/categories?post=332374"},{"taxonomy":"post_tag","embeddable":true,"href":"https:\/\/www.eldiario.net\/portal\/wp-json\/wp\/v2\/tags?post=332374"}],"curies":[{"name":"wp","href":"https:\/\/api.w.org\/{rel}","templated":true}]}}