{"id":332369,"date":"2025-09-19T05:47:42","date_gmt":"2025-09-19T09:47:42","guid":{"rendered":"https:\/\/www.eldiario.net\/portal\/?p=332369"},"modified":"2025-09-19T05:47:42","modified_gmt":"2025-09-19T09:47:42","slug":"polonia-busca-asesoramiento-ucraniano-en-uso-de-drones","status":"publish","type":"post","link":"https:\/\/www.eldiario.net\/portal\/2025\/09\/19\/polonia-busca-asesoramiento-ucraniano-en-uso-de-drones\/","title":{"rendered":"Polonia busca asesoramiento ucraniano en uso de drones"},"content":{"rendered":"<p>El jefe de defensa de Polonia viaj\u00f3 a Kiev ayer en busca de ayuda ucraniana para desarrollar las capacidades de guerra con drones de su pa\u00eds, poco m\u00e1s de una semana despu\u00e9s de que drones rusos ingresaran al espacio a\u00e9reo polaco y expusieran la vulnerabilidad de la OTAN a la guerra con drones.<br \/>\nLos drones utilizados para defensa y ataque tomaron un papel central en el campo de batalla en los m\u00e1s de tres a\u00f1os desde que Rusia invadi\u00f3 Ucrania, transformando la forma en que se libran las guerras, los pa\u00edses est\u00e1n ansiosos por dominar una tecnolog\u00eda de combate nueva y en r\u00e1pido desarrollo.<br \/>\n\u201cFirmaremos un acuerdo sobre cooperaci\u00f3n entre los ministerios de Defensa, pero tambi\u00e9n adquiriremos capacidades en lo que respecta a la operaci\u00f3n de drones\u201d, se\u00f1al\u00f3 el ministro polaco de Defensa, W\u0142adys\u0142aw Kosiniak-Kamysz, en comentarios publicados en el sitio web del Ministerio polaco de Defensa.<br \/>\nLa incursi\u00f3n rusa de la semana pasada, que provoc\u00f3 que la OTAN enviara aviones de combate para derribar los drones, aument\u00f3 las tensiones en Europa del Este. La guerra entre Rusia y Ucrania continu\u00f3 a pesar de meses de esfuerzos de Estados Unidos para detenerla, incluyendo una reuni\u00f3n cumbre entre Estados Unidos y Rusia en Alaska.<br \/>\nLa incursi\u00f3n agrav\u00f3 las preocupaciones de que la guerra pueda extenderse m\u00e1s all\u00e1 de Ucrania.<br \/>\nLa OTAN anunci\u00f3 que estaba fortaleciendo su postura defensiva en su flanco oriental que limita con Bielorrusia, Rusia y Ucrania.<br \/>\nMientras tanto, Mosc\u00fa exhibi\u00f3 su poder militar convencional y nuclear en ejercicios con Bielorrusia planificados con mucho tiempo de antelaci\u00f3n, que alimentaron las preocupaciones occidentales sobre las intenciones de Rusia.<br \/>\nPor su parte, las defensas antia\u00e9reas de Ucrania derribaron o bloquearon 48 de los 75 drones rusos lanzados contra el pa\u00eds durante la noche, inform\u00f3 la fuerza a\u00e9rea ayer.<br \/>\nLa infraestructura ferroviaria volvi\u00f3 a sufrir impactos, dentro de un patr\u00f3n reciente de ataques.<br \/>\nEl presidente ucraniano, Volodimir Zelenski, sostuvo el mi\u00e9rcoles que los ataques a la infraestructura energ\u00e9tica y ferroviaria est\u00e1n destinados a interrumpir las l\u00edneas de suministro y crear tensi\u00f3n social. (Independent en Espa\u00f1ol)<\/p>\n","protected":false},"excerpt":{"rendered":"<p>El jefe de defensa de Polonia viaj\u00f3 a Kiev ayer en busca de ayuda ucraniana para desarrollar las capacidades de guerra con drones de su pa\u00eds, poco m\u00e1s de una semana despu\u00e9s de que drones rusos ingresaran al espacio a\u00e9reo polaco y expusieran la vulnerabilidad de la OTAN a la guerra con drones. Los drones [&hellip;]<\/p>\n","protected":false},"author":1,"featured_media":194703,"comment_status":"closed","ping_status":"open","sticky":false,"template":"","format":"standard","meta":{"_acf_changed":false,"footnotes":""},"categories":[3],"tags":[],"class_list":["post-332369","post","type-post","status-publish","format-standard","has-post-thumbnail","category-internacional"],"acf":{"antetitulo":""},"yoast_head":"<!-- This site is optimized with the Yoast SEO plugin v28.4 - https:\/\/yoast.com\/product\/yoast-seo-wordpress\/ -->\n<title>Polonia busca asesoramiento ucraniano en uso de drones - El Diario - Bolivia<\/title>\n<meta name=\"robots\" content=\"index, follow, max-snippet:-1, max-image-preview:large, max-video-preview:-1\" \/>\n<link rel=\"canonical\" href=\"https:\/\/www.eldiario.net\/portal\/2025\/09\/19\/polonia-busca-asesoramiento-ucraniano-en-uso-de-drones\/\" \/>\n<meta property=\"og:locale\" content=\"es_ES\" \/>\n<meta property=\"og:type\" content=\"article\" \/>\n<meta property=\"og:title\" content=\"Polonia busca asesoramiento ucraniano en uso de drones - El Diario - Bolivia\" \/>\n<meta property=\"og:description\" content=\"El jefe de defensa de Polonia viaj\u00f3 a Kiev ayer en busca de ayuda ucraniana para desarrollar las capacidades de guerra con drones de su pa\u00eds, poco m\u00e1s de una semana despu\u00e9s de que drones rusos ingresaran al espacio a\u00e9reo polaco y expusieran la vulnerabilidad de la OTAN a la guerra con drones. Los drones [&hellip;]\" \/>\n<meta property=\"og:url\" content=\"https:\/\/www.eldiario.net\/portal\/2025\/09\/19\/polonia-busca-asesoramiento-ucraniano-en-uso-de-drones\/\" \/>\n<meta property=\"og:site_name\" content=\"El Diario - Bolivia\" \/>\n<meta property=\"article:publisher\" content=\"https:\/\/www.facebook.com\/eldiario.bolivia\/\" \/>\n<meta property=\"article:published_time\" content=\"2025-09-19T09:47:42+00:00\" \/>\n<meta property=\"og:image\" content=\"https:\/\/www.eldiario.net\/portal\/wp-content\/uploads\/2023\/12\/Internacional.jpg\" \/>\n\t<meta property=\"og:image:width\" content=\"800\" \/>\n\t<meta property=\"og:image:height\" content=\"500\" \/>\n\t<meta property=\"og:image:type\" content=\"image\/jpeg\" \/>\n<meta name=\"author\" content=\"Jeanette\" \/>\n<meta name=\"twitter:card\" content=\"summary_large_image\" \/>\n<meta name=\"twitter:creator\" content=\"@eldiario_net\" \/>\n<meta name=\"twitter:site\" content=\"@eldiario_net\" \/>\n<meta name=\"twitter:label1\" content=\"Escrito por\" \/>\n\t<meta name=\"twitter:data1\" content=\"Jeanette\" \/>\n\t<meta name=\"twitter:label2\" content=\"Tiempo de lectura\" \/>\n\t<meta name=\"twitter:data2\" content=\"2 minutos\" \/>\n<script type=\"application\/ld+json\" class=\"yoast-schema-graph\">{\"@context\":\"https:\\\/\\\/schema.org\",\"@graph\":[{\"@type\":\"Article\",\"@id\":\"https:\\\/\\\/www.eldiario.net\\\/portal\\\/2025\\\/09\\\/19\\\/polonia-busca-asesoramiento-ucraniano-en-uso-de-drones\\\/#article\",\"isPartOf\":{\"@id\":\"https:\\\/\\\/www.eldiario.net\\\/portal\\\/2025\\\/09\\\/19\\\/polonia-busca-asesoramiento-ucraniano-en-uso-de-drones\\\/\"},\"author\":{\"name\":\"Jeanette\",\"@id\":\"https:\\\/\\\/www.eldiario.net\\\/portal\\\/#\\\/schema\\\/person\\\/f46445640444750d7d753ccd04ae01b7\"},\"headline\":\"Polonia busca asesoramiento ucraniano en uso de drones\",\"datePublished\":\"2025-09-19T09:47:42+00:00\",\"mainEntityOfPage\":{\"@id\":\"https:\\\/\\\/www.eldiario.net\\\/portal\\\/2025\\\/09\\\/19\\\/polonia-busca-asesoramiento-ucraniano-en-uso-de-drones\\\/\"},\"wordCount\":380,\"publisher\":{\"@id\":\"https:\\\/\\\/www.eldiario.net\\\/portal\\\/#organization\"},\"image\":{\"@id\":\"https:\\\/\\\/www.eldiario.net\\\/portal\\\/2025\\\/09\\\/19\\\/polonia-busca-asesoramiento-ucraniano-en-uso-de-drones\\\/#primaryimage\"},\"thumbnailUrl\":\"https:\\\/\\\/www.eldiario.net\\\/portal\\\/wp-content\\\/uploads\\\/2023\\\/12\\\/Internacional.jpg\",\"articleSection\":[\"Internacional\"],\"inLanguage\":\"es\"},{\"@type\":\"WebPage\",\"@id\":\"https:\\\/\\\/www.eldiario.net\\\/portal\\\/2025\\\/09\\\/19\\\/polonia-busca-asesoramiento-ucraniano-en-uso-de-drones\\\/\",\"url\":\"https:\\\/\\\/www.eldiario.net\\\/portal\\\/2025\\\/09\\\/19\\\/polonia-busca-asesoramiento-ucraniano-en-uso-de-drones\\\/\",\"name\":\"Polonia busca asesoramiento ucraniano en uso de drones - El Diario - Bolivia\",\"isPartOf\":{\"@id\":\"https:\\\/\\\/www.eldiario.net\\\/portal\\\/#website\"},\"primaryImageOfPage\":{\"@id\":\"https:\\\/\\\/www.eldiario.net\\\/portal\\\/2025\\\/09\\\/19\\\/polonia-busca-asesoramiento-ucraniano-en-uso-de-drones\\\/#primaryimage\"},\"image\":{\"@id\":\"https:\\\/\\\/www.eldiario.net\\\/portal\\\/2025\\\/09\\\/19\\\/polonia-busca-asesoramiento-ucraniano-en-uso-de-drones\\\/#primaryimage\"},\"thumbnailUrl\":\"https:\\\/\\\/www.eldiario.net\\\/portal\\\/wp-content\\\/uploads\\\/2023\\\/12\\\/Internacional.jpg\",\"datePublished\":\"2025-09-19T09:47:42+00:00\",\"breadcrumb\":{\"@id\":\"https:\\\/\\\/www.eldiario.net\\\/portal\\\/2025\\\/09\\\/19\\\/polonia-busca-asesoramiento-ucraniano-en-uso-de-drones\\\/#breadcrumb\"},\"inLanguage\":\"es\",\"potentialAction\":[{\"@type\":\"ReadAction\",\"target\":[\"https:\\\/\\\/www.eldiario.net\\\/portal\\\/2025\\\/09\\\/19\\\/polonia-busca-asesoramiento-ucraniano-en-uso-de-drones\\\/\"]}]},{\"@type\":\"ImageObject\",\"inLanguage\":\"es\",\"@id\":\"https:\\\/\\\/www.eldiario.net\\\/portal\\\/2025\\\/09\\\/19\\\/polonia-busca-asesoramiento-ucraniano-en-uso-de-drones\\\/#primaryimage\",\"url\":\"https:\\\/\\\/www.eldiario.net\\\/portal\\\/wp-content\\\/uploads\\\/2023\\\/12\\\/Internacional.jpg\",\"contentUrl\":\"https:\\\/\\\/www.eldiario.net\\\/portal\\\/wp-content\\\/uploads\\\/2023\\\/12\\\/Internacional.jpg\",\"width\":800,\"height\":500},{\"@type\":\"BreadcrumbList\",\"@id\":\"https:\\\/\\\/www.eldiario.net\\\/portal\\\/2025\\\/09\\\/19\\\/polonia-busca-asesoramiento-ucraniano-en-uso-de-drones\\\/#breadcrumb\",\"itemListElement\":[{\"@type\":\"ListItem\",\"position\":1,\"name\":\"Portada\",\"item\":\"https:\\\/\\\/www.eldiario.net\\\/portal\\\/\"},{\"@type\":\"ListItem\",\"position\":2,\"name\":\"Polonia busca asesoramiento ucraniano en uso de drones\"}]},{\"@type\":\"WebSite\",\"@id\":\"https:\\\/\\\/www.eldiario.net\\\/portal\\\/#website\",\"url\":\"https:\\\/\\\/www.eldiario.net\\\/portal\\\/\",\"name\":\"El Diario - Decano de la prensa nacional\",\"description\":\"El Diario - Decano de la prensa nacional\",\"publisher\":{\"@id\":\"https:\\\/\\\/www.eldiario.net\\\/portal\\\/#organization\"},\"potentialAction\":[{\"@type\":\"SearchAction\",\"target\":{\"@type\":\"EntryPoint\",\"urlTemplate\":\"https:\\\/\\\/www.eldiario.net\\\/portal\\\/?s={search_term_string}\"},\"query-input\":{\"@type\":\"PropertyValueSpecification\",\"valueRequired\":true,\"valueName\":\"search_term_string\"}}],\"inLanguage\":\"es\"},{\"@type\":\"Organization\",\"@id\":\"https:\\\/\\\/www.eldiario.net\\\/portal\\\/#organization\",\"name\":\"El Diario - Decano de la prensa nacional\",\"url\":\"https:\\\/\\\/www.eldiario.net\\\/portal\\\/\",\"logo\":{\"@type\":\"ImageObject\",\"inLanguage\":\"es\",\"@id\":\"https:\\\/\\\/www.eldiario.net\\\/portal\\\/#\\\/schema\\\/logo\\\/image\\\/\",\"url\":\"https:\\\/\\\/www.eldiario.net\\\/portal\\\/wp-content\\\/uploads\\\/2023\\\/07\\\/logo_ED.jpg\",\"contentUrl\":\"https:\\\/\\\/www.eldiario.net\\\/portal\\\/wp-content\\\/uploads\\\/2023\\\/07\\\/logo_ED.jpg\",\"width\":272,\"height\":52,\"caption\":\"El Diario - Decano de la prensa nacional\"},\"image\":{\"@id\":\"https:\\\/\\\/www.eldiario.net\\\/portal\\\/#\\\/schema\\\/logo\\\/image\\\/\"},\"sameAs\":[\"https:\\\/\\\/www.facebook.com\\\/eldiario.bolivia\\\/\",\"https:\\\/\\\/x.com\\\/eldiario_net\"]},{\"@type\":\"Person\",\"@id\":\"https:\\\/\\\/www.eldiario.net\\\/portal\\\/#\\\/schema\\\/person\\\/f46445640444750d7d753ccd04ae01b7\",\"name\":\"Jeanette\",\"image\":{\"@type\":\"ImageObject\",\"inLanguage\":\"es\",\"@id\":\"https:\\\/\\\/secure.gravatar.com\\\/avatar\\\/3ea2118a5f7dad2b7138b1187a6b7ee55f160b9968b66013c3a3ef39dd7e5798?s=96&d=mm&r=g\",\"url\":\"https:\\\/\\\/secure.gravatar.com\\\/avatar\\\/3ea2118a5f7dad2b7138b1187a6b7ee55f160b9968b66013c3a3ef39dd7e5798?s=96&d=mm&r=g\",\"contentUrl\":\"https:\\\/\\\/secure.gravatar.com\\\/avatar\\\/3ea2118a5f7dad2b7138b1187a6b7ee55f160b9968b66013c3a3ef39dd7e5798?s=96&d=mm&r=g\",\"caption\":\"Jeanette\"},\"sameAs\":[\"https:\\\/\\\/www.eldiario.net\\\/portal\"],\"url\":\"https:\\\/\\\/www.eldiario.net\\\/portal\\\/author\\\/jeanette\\\/\"}]}<\/script>\n<!-- \/ Yoast SEO plugin. -->","yoast_head_json":{"title":"Polonia busca asesoramiento ucraniano en uso de drones - El Diario - Bolivia","robots":{"index":"index","follow":"follow","max-snippet":"max-snippet:-1","max-image-preview":"max-image-preview:large","max-video-preview":"max-video-preview:-1"},"canonical":"https:\/\/www.eldiario.net\/portal\/2025\/09\/19\/polonia-busca-asesoramiento-ucraniano-en-uso-de-drones\/","og_locale":"es_ES","og_type":"article","og_title":"Polonia busca asesoramiento ucraniano en uso de drones - El Diario - Bolivia","og_description":"El jefe de defensa de Polonia viaj\u00f3 a Kiev ayer en busca de ayuda ucraniana para desarrollar las capacidades de guerra con drones de su pa\u00eds, poco m\u00e1s de una semana despu\u00e9s de que drones rusos ingresaran al espacio a\u00e9reo polaco y expusieran la vulnerabilidad de la OTAN a la guerra con drones. Los drones [&hellip;]","og_url":"https:\/\/www.eldiario.net\/portal\/2025\/09\/19\/polonia-busca-asesoramiento-ucraniano-en-uso-de-drones\/","og_site_name":"El Diario - Bolivia","article_publisher":"https:\/\/www.facebook.com\/eldiario.bolivia\/","article_published_time":"2025-09-19T09:47:42+00:00","og_image":[{"width":800,"height":500,"url":"https:\/\/www.eldiario.net\/portal\/wp-content\/uploads\/2023\/12\/Internacional.jpg","type":"image\/jpeg"}],"author":"Jeanette","twitter_card":"summary_large_image","twitter_creator":"@eldiario_net","twitter_site":"@eldiario_net","twitter_misc":{"Escrito por":"Jeanette","Tiempo de lectura":"2 minutos"},"schema":{"@context":"https:\/\/schema.org","@graph":[{"@type":"Article","@id":"https:\/\/www.eldiario.net\/portal\/2025\/09\/19\/polonia-busca-asesoramiento-ucraniano-en-uso-de-drones\/#article","isPartOf":{"@id":"https:\/\/www.eldiario.net\/portal\/2025\/09\/19\/polonia-busca-asesoramiento-ucraniano-en-uso-de-drones\/"},"author":{"name":"Jeanette","@id":"https:\/\/www.eldiario.net\/portal\/#\/schema\/person\/f46445640444750d7d753ccd04ae01b7"},"headline":"Polonia busca asesoramiento ucraniano en uso de drones","datePublished":"2025-09-19T09:47:42+00:00","mainEntityOfPage":{"@id":"https:\/\/www.eldiario.net\/portal\/2025\/09\/19\/polonia-busca-asesoramiento-ucraniano-en-uso-de-drones\/"},"wordCount":380,"publisher":{"@id":"https:\/\/www.eldiario.net\/portal\/#organization"},"image":{"@id":"https:\/\/www.eldiario.net\/portal\/2025\/09\/19\/polonia-busca-asesoramiento-ucraniano-en-uso-de-drones\/#primaryimage"},"thumbnailUrl":"https:\/\/www.eldiario.net\/portal\/wp-content\/uploads\/2023\/12\/Internacional.jpg","articleSection":["Internacional"],"inLanguage":"es"},{"@type":"WebPage","@id":"https:\/\/www.eldiario.net\/portal\/2025\/09\/19\/polonia-busca-asesoramiento-ucraniano-en-uso-de-drones\/","url":"https:\/\/www.eldiario.net\/portal\/2025\/09\/19\/polonia-busca-asesoramiento-ucraniano-en-uso-de-drones\/","name":"Polonia busca asesoramiento ucraniano en uso de drones - El Diario - Bolivia","isPartOf":{"@id":"https:\/\/www.eldiario.net\/portal\/#website"},"primaryImageOfPage":{"@id":"https:\/\/www.eldiario.net\/portal\/2025\/09\/19\/polonia-busca-asesoramiento-ucraniano-en-uso-de-drones\/#primaryimage"},"image":{"@id":"https:\/\/www.eldiario.net\/portal\/2025\/09\/19\/polonia-busca-asesoramiento-ucraniano-en-uso-de-drones\/#primaryimage"},"thumbnailUrl":"https:\/\/www.eldiario.net\/portal\/wp-content\/uploads\/2023\/12\/Internacional.jpg","datePublished":"2025-09-19T09:47:42+00:00","breadcrumb":{"@id":"https:\/\/www.eldiario.net\/portal\/2025\/09\/19\/polonia-busca-asesoramiento-ucraniano-en-uso-de-drones\/#breadcrumb"},"inLanguage":"es","potentialAction":[{"@type":"ReadAction","target":["https:\/\/www.eldiario.net\/portal\/2025\/09\/19\/polonia-busca-asesoramiento-ucraniano-en-uso-de-drones\/"]}]},{"@type":"ImageObject","inLanguage":"es","@id":"https:\/\/www.eldiario.net\/portal\/2025\/09\/19\/polonia-busca-asesoramiento-ucraniano-en-uso-de-drones\/#primaryimage","url":"https:\/\/www.eldiario.net\/portal\/wp-content\/uploads\/2023\/12\/Internacional.jpg","contentUrl":"https:\/\/www.eldiario.net\/portal\/wp-content\/uploads\/2023\/12\/Internacional.jpg","width":800,"height":500},{"@type":"BreadcrumbList","@id":"https:\/\/www.eldiario.net\/portal\/2025\/09\/19\/polonia-busca-asesoramiento-ucraniano-en-uso-de-drones\/#breadcrumb","itemListElement":[{"@type":"ListItem","position":1,"name":"Portada","item":"https:\/\/www.eldiario.net\/portal\/"},{"@type":"ListItem","position":2,"name":"Polonia busca asesoramiento ucraniano en uso de drones"}]},{"@type":"WebSite","@id":"https:\/\/www.eldiario.net\/portal\/#website","url":"https:\/\/www.eldiario.net\/portal\/","name":"El Diario - Decano de la prensa nacional","description":"El Diario - Decano de la prensa nacional","publisher":{"@id":"https:\/\/www.eldiario.net\/portal\/#organization"},"potentialAction":[{"@type":"SearchAction","target":{"@type":"EntryPoint","urlTemplate":"https:\/\/www.eldiario.net\/portal\/?s={search_term_string}"},"query-input":{"@type":"PropertyValueSpecification","valueRequired":true,"valueName":"search_term_string"}}],"inLanguage":"es"},{"@type":"Organization","@id":"https:\/\/www.eldiario.net\/portal\/#organization","name":"El Diario - Decano de la prensa nacional","url":"https:\/\/www.eldiario.net\/portal\/","logo":{"@type":"ImageObject","inLanguage":"es","@id":"https:\/\/www.eldiario.net\/portal\/#\/schema\/logo\/image\/","url":"https:\/\/www.eldiario.net\/portal\/wp-content\/uploads\/2023\/07\/logo_ED.jpg","contentUrl":"https:\/\/www.eldiario.net\/portal\/wp-content\/uploads\/2023\/07\/logo_ED.jpg","width":272,"height":52,"caption":"El Diario - Decano de la prensa nacional"},"image":{"@id":"https:\/\/www.eldiario.net\/portal\/#\/schema\/logo\/image\/"},"sameAs":["https:\/\/www.facebook.com\/eldiario.bolivia\/","https:\/\/x.com\/eldiario_net"]},{"@type":"Person","@id":"https:\/\/www.eldiario.net\/portal\/#\/schema\/person\/f46445640444750d7d753ccd04ae01b7","name":"Jeanette","image":{"@type":"ImageObject","inLanguage":"es","@id":"https:\/\/secure.gravatar.com\/avatar\/3ea2118a5f7dad2b7138b1187a6b7ee55f160b9968b66013c3a3ef39dd7e5798?s=96&d=mm&r=g","url":"https:\/\/secure.gravatar.com\/avatar\/3ea2118a5f7dad2b7138b1187a6b7ee55f160b9968b66013c3a3ef39dd7e5798?s=96&d=mm&r=g","contentUrl":"https:\/\/secure.gravatar.com\/avatar\/3ea2118a5f7dad2b7138b1187a6b7ee55f160b9968b66013c3a3ef39dd7e5798?s=96&d=mm&r=g","caption":"Jeanette"},"sameAs":["https:\/\/www.eldiario.net\/portal"],"url":"https:\/\/www.eldiario.net\/portal\/author\/jeanette\/"}]}},"_links":{"self":[{"href":"https:\/\/www.eldiario.net\/portal\/wp-json\/wp\/v2\/posts\/332369","targetHints":{"allow":["GET"]}}],"collection":[{"href":"https:\/\/www.eldiario.net\/portal\/wp-json\/wp\/v2\/posts"}],"about":[{"href":"https:\/\/www.eldiario.net\/portal\/wp-json\/wp\/v2\/types\/post"}],"author":[{"embeddable":true,"href":"https:\/\/www.eldiario.net\/portal\/wp-json\/wp\/v2\/users\/1"}],"replies":[{"embeddable":true,"href":"https:\/\/www.eldiario.net\/portal\/wp-json\/wp\/v2\/comments?post=332369"}],"version-history":[{"count":1,"href":"https:\/\/www.eldiario.net\/portal\/wp-json\/wp\/v2\/posts\/332369\/revisions"}],"predecessor-version":[{"id":332370,"href":"https:\/\/www.eldiario.net\/portal\/wp-json\/wp\/v2\/posts\/332369\/revisions\/332370"}],"wp:featuredmedia":[{"embeddable":true,"href":"https:\/\/www.eldiario.net\/portal\/wp-json\/wp\/v2\/media\/194703"}],"wp:attachment":[{"href":"https:\/\/www.eldiario.net\/portal\/wp-json\/wp\/v2\/media?parent=332369"}],"wp:term":[{"taxonomy":"category","embeddable":true,"href":"https:\/\/www.eldiario.net\/portal\/wp-json\/wp\/v2\/categories?post=332369"},{"taxonomy":"post_tag","embeddable":true,"href":"https:\/\/www.eldiario.net\/portal\/wp-json\/wp\/v2\/tags?post=332369"}],"curies":[{"name":"wp","href":"https:\/\/api.w.org\/{rel}","templated":true}]}}