{"id":332353,"date":"2025-09-19T01:54:00","date_gmt":"2025-09-19T05:54:00","guid":{"rendered":"https:\/\/www.eldiario.net\/portal\/?p=332353"},"modified":"2025-09-18T23:54:36","modified_gmt":"2025-09-19T03:54:36","slug":"recuerdos-de-un-soldado-del-colorao-2","status":"publish","type":"post","link":"https:\/\/www.eldiario.net\/portal\/2025\/09\/19\/recuerdos-de-un-soldado-del-colorao-2\/","title":{"rendered":"Recuerdos de un soldado del \u201cColorao\u201d"},"content":{"rendered":"<p>Para ninguno de los que llegamos con el \u201cColorao\u201d Mercado a Santa Cruz en el a\u00f1o 1813, era desconocido ni el clima ni el paisaje. Est\u00e1bamos cambiando del fr\u00edo y la aridez de la monta\u00f1a por la llanura ardiente y exuberante, pero el paisaje era el mismo que vimos en Paraguay, en Corrientes, Misiones y en las poblaciones que estaban a la vera del r\u00edo Paran\u00e1, donde tuvimos que incursionar en busca del enemigo.<br \/>\nLos aguaceros en la \u00e9poca de lluvias eran semejantes tambi\u00e9n, a los de mi tierra, porque ca\u00edan trombas de agua durante horas y lo inundaban todo y pon\u00edan furiosos a unos inocentes arroyitos que de golpe se convert\u00edan en peligrosos torrentes. Me hac\u00eda recuerdo a los turbiones ruidosos del Pira\u00ed, arrastrando enormes troncos, que vi en mi ni\u00f1ez, cuando, pasada la furia del agua, al atravesarlo, los caballos se atascaban y se hund\u00edan en el barro haci\u00e9ndonos caer y mojar.<br \/>\nArboledas tupidas, bejucos colgantes, barbechos espinosos donde viv\u00eda la venenosa \u201cyoperojobobo\u201d, as\u00ed como campos verdes y h\u00famedos, a veces con ganado, era lo que mir\u00e1bamos los del Ej\u00e9rcito del Norte. Y palmeras de todas las clases, como el motac\u00fa, el tota\u00ed, la jatata, el cusi, esbeltas y generosas con sus hojas y sus frutos. Las flores eran muy bellas y en algunos montes h\u00famedos se encontraban magn\u00edficas orqu\u00eddeas de diversas formas y buganvillas de colores intensos que atra\u00edan a las abejas y a las mariposas. Me recordaba a la deliciosa miel que produc\u00eda y a las orqu\u00eddeas que criaba con amor uno de mis t\u00edos en su quinta de Cotoca.<br \/>\nMi esp\u00edritu militar que todo lo miraba como en un campo para batallar y matar al enemigo, se rend\u00eda ante la belleza. Sab\u00eda cu\u00e1n diferente era que eso se poblara de flores y no de cruces. Antes de llegar a Santa Cruz, todos los rancher\u00edos, que no pasaban de una decena de casas en cada lugar, estaban hechas de barro y \u201chumbac\u00e1\u201d y techadas con hojas de motac\u00fa o jatata, donde no faltaba el tac\u00fa en el patio, el olor a humo, las ollas ennegrecidas por el tiempo, los muchachitos desnudos y petacudos y unos perros flacos y ladradores.<br \/>\nMuy familiares desde mi ni\u00f1ez y juventud eran los animales que encontraba a nuestro paso por pampas y montes: jochis, hurinas, tatuces, antas, puercos troperos, pavas de todo tipo, perdices y otras aves deliciosas para comer. Al tigre no le vi la cara porque ese gato sanguinario huye del bullicio, aunque encontramos muchos restos de ganado a medio devorar por el hambriento. El surub\u00ed, el pac\u00fa y el bagre, que hab\u00eda comido en mi casa materna, ten\u00edan hasta el mismo nombre en Asunci\u00f3n y en Corrientes.<br \/>\nNi hablar en cuanto a la hospitalidad de los cruce\u00f1os y los pueblos de la Guarania, porque yo cre\u00eda que era \u00fanica. Aunque advert\u00ed que se asustaban un poco cuando miraban sables y lanzas. En Santa Cruz le ten\u00edan miedo al ej\u00e9rcito argentino, por lo que hab\u00eda ocurrido con los caudales en la Casa de la Moneda, en Potos\u00ed, pero los moradores sal\u00edan de sus chacos y de sus chozas a ofrecerles a los jefes algo de beber o de comer. No pod\u00edan invitarnos a toda la tropa, pero siempre nos daban agua fresca de los pauros, joco o yuca, para entretener el est\u00f3mago, y nos se\u00f1alaban las sombras donde pod\u00edamos descansar sin soportar el calor que en ciertas horas era infernal. A los oficiales les invitaban chicha camba, sin alcohol, y generalmente un locro sencillo con charque, yuca y arroz. Siempre, al partir, el \u201cColorao\u201d les dejaba algunos quintos o unos v\u00edveres, que los recib\u00edan agradecidos.<br \/>\nVimos que las mujeres tambi\u00e9n eran parecidas, comparando a las \u201cpeladas\u201d blancas de Santa Cruz con las de otras ciudades ribere\u00f1as del Paran\u00e1, espa\u00f1olas por los cuatro costados o con alguna mezcla guaran\u00ed que las embellec\u00eda m\u00e1s a\u00fan. Esbeltas, graciosas, de hermosas cabelleras, vestidas ligeramente, y muy gentiles. El coronel Mercado dec\u00eda que las cruce\u00f1as eran las mujeres m\u00e1s lindas que hab\u00eda en todo el Alto Per\u00fa y ciertamente no ment\u00eda. Las muchachas campesinas eran muy atractivas y los soldados nos volv\u00edamos locos por ellas.<br \/>\nPero volver a la tierra, sentir su olor a lluvia o el solazo que mataba hasta las garrapatas, fue una bendici\u00f3n; mucho m\u00e1s ante la patasca que me com\u00ed donde mamita, con un vaso de guarapo, y la siesta feliz en la vieja hamaca chiquitana.<\/p>\n","protected":false},"excerpt":{"rendered":"<p>Para ninguno de los que llegamos con el \u201cColorao\u201d Mercado a Santa Cruz en el a\u00f1o 1813, era desconocido ni el clima ni el paisaje. Est\u00e1bamos cambiando del fr\u00edo y la aridez de la monta\u00f1a por la llanura ardiente y exuberante, pero el paisaje era el mismo que vimos en Paraguay, en Corrientes, Misiones y [&hellip;]<\/p>\n","protected":false},"author":1,"featured_media":157472,"comment_status":"closed","ping_status":"open","sticky":false,"template":"","format":"standard","meta":{"_acf_changed":false,"footnotes":""},"categories":[9],"tags":[],"class_list":["post-332353","post","type-post","status-publish","format-standard","has-post-thumbnail","category-opinion"],"acf":{"antetitulo":""},"yoast_head":"<!-- This site is optimized with the Yoast SEO plugin v28.3 - https:\/\/yoast.com\/product\/yoast-seo-wordpress\/ -->\n<title>Recuerdos de un soldado del \u201cColorao\u201d - El Diario - Bolivia<\/title>\n<meta name=\"robots\" content=\"index, follow, max-snippet:-1, max-image-preview:large, max-video-preview:-1\" \/>\n<link rel=\"canonical\" href=\"https:\/\/www.eldiario.net\/portal\/2025\/09\/19\/recuerdos-de-un-soldado-del-colorao-2\/\" \/>\n<meta property=\"og:locale\" content=\"es_ES\" \/>\n<meta property=\"og:type\" content=\"article\" \/>\n<meta property=\"og:title\" content=\"Recuerdos de un soldado del \u201cColorao\u201d - El Diario - Bolivia\" \/>\n<meta property=\"og:description\" content=\"Para ninguno de los que llegamos con el \u201cColorao\u201d Mercado a Santa Cruz en el a\u00f1o 1813, era desconocido ni el clima ni el paisaje. Est\u00e1bamos cambiando del fr\u00edo y la aridez de la monta\u00f1a por la llanura ardiente y exuberante, pero el paisaje era el mismo que vimos en Paraguay, en Corrientes, Misiones y [&hellip;]\" \/>\n<meta property=\"og:url\" content=\"https:\/\/www.eldiario.net\/portal\/2025\/09\/19\/recuerdos-de-un-soldado-del-colorao-2\/\" \/>\n<meta property=\"og:site_name\" content=\"El Diario - Bolivia\" \/>\n<meta property=\"article:publisher\" content=\"https:\/\/www.facebook.com\/eldiario.bolivia\/\" \/>\n<meta property=\"article:published_time\" content=\"2025-09-19T05:54:00+00:00\" \/>\n<meta property=\"og:image\" content=\"https:\/\/www.eldiario.net\/portal\/wp-content\/uploads\/2023\/06\/Manfredo-Kempff-Suarez.jpg\" \/>\n\t<meta property=\"og:image:width\" content=\"1200\" \/>\n\t<meta property=\"og:image:height\" content=\"628\" \/>\n\t<meta property=\"og:image:type\" content=\"image\/jpeg\" \/>\n<meta name=\"author\" content=\"Jeanette\" \/>\n<meta name=\"twitter:card\" content=\"summary_large_image\" \/>\n<meta name=\"twitter:creator\" content=\"@eldiario_net\" \/>\n<meta name=\"twitter:site\" content=\"@eldiario_net\" \/>\n<meta name=\"twitter:label1\" content=\"Escrito por\" \/>\n\t<meta name=\"twitter:data1\" content=\"Jeanette\" \/>\n\t<meta name=\"twitter:label2\" content=\"Tiempo de lectura\" \/>\n\t<meta name=\"twitter:data2\" content=\"4 minutos\" \/>\n<script type=\"application\/ld+json\" class=\"yoast-schema-graph\">{\"@context\":\"https:\\\/\\\/schema.org\",\"@graph\":[{\"@type\":\"Article\",\"@id\":\"https:\\\/\\\/www.eldiario.net\\\/portal\\\/2025\\\/09\\\/19\\\/recuerdos-de-un-soldado-del-colorao-2\\\/#article\",\"isPartOf\":{\"@id\":\"https:\\\/\\\/www.eldiario.net\\\/portal\\\/2025\\\/09\\\/19\\\/recuerdos-de-un-soldado-del-colorao-2\\\/\"},\"author\":{\"name\":\"Jeanette\",\"@id\":\"https:\\\/\\\/www.eldiario.net\\\/portal\\\/#\\\/schema\\\/person\\\/f46445640444750d7d753ccd04ae01b7\"},\"headline\":\"Recuerdos de un soldado del \u201cColorao\u201d\",\"datePublished\":\"2025-09-19T05:54:00+00:00\",\"mainEntityOfPage\":{\"@id\":\"https:\\\/\\\/www.eldiario.net\\\/portal\\\/2025\\\/09\\\/19\\\/recuerdos-de-un-soldado-del-colorao-2\\\/\"},\"wordCount\":800,\"publisher\":{\"@id\":\"https:\\\/\\\/www.eldiario.net\\\/portal\\\/#organization\"},\"image\":{\"@id\":\"https:\\\/\\\/www.eldiario.net\\\/portal\\\/2025\\\/09\\\/19\\\/recuerdos-de-un-soldado-del-colorao-2\\\/#primaryimage\"},\"thumbnailUrl\":\"https:\\\/\\\/www.eldiario.net\\\/portal\\\/wp-content\\\/uploads\\\/2023\\\/06\\\/Manfredo-Kempff-Suarez.jpg\",\"articleSection\":[\"Opini\u00f3n\"],\"inLanguage\":\"es\"},{\"@type\":\"WebPage\",\"@id\":\"https:\\\/\\\/www.eldiario.net\\\/portal\\\/2025\\\/09\\\/19\\\/recuerdos-de-un-soldado-del-colorao-2\\\/\",\"url\":\"https:\\\/\\\/www.eldiario.net\\\/portal\\\/2025\\\/09\\\/19\\\/recuerdos-de-un-soldado-del-colorao-2\\\/\",\"name\":\"Recuerdos de un soldado del \u201cColorao\u201d - El Diario - Bolivia\",\"isPartOf\":{\"@id\":\"https:\\\/\\\/www.eldiario.net\\\/portal\\\/#website\"},\"primaryImageOfPage\":{\"@id\":\"https:\\\/\\\/www.eldiario.net\\\/portal\\\/2025\\\/09\\\/19\\\/recuerdos-de-un-soldado-del-colorao-2\\\/#primaryimage\"},\"image\":{\"@id\":\"https:\\\/\\\/www.eldiario.net\\\/portal\\\/2025\\\/09\\\/19\\\/recuerdos-de-un-soldado-del-colorao-2\\\/#primaryimage\"},\"thumbnailUrl\":\"https:\\\/\\\/www.eldiario.net\\\/portal\\\/wp-content\\\/uploads\\\/2023\\\/06\\\/Manfredo-Kempff-Suarez.jpg\",\"datePublished\":\"2025-09-19T05:54:00+00:00\",\"breadcrumb\":{\"@id\":\"https:\\\/\\\/www.eldiario.net\\\/portal\\\/2025\\\/09\\\/19\\\/recuerdos-de-un-soldado-del-colorao-2\\\/#breadcrumb\"},\"inLanguage\":\"es\",\"potentialAction\":[{\"@type\":\"ReadAction\",\"target\":[\"https:\\\/\\\/www.eldiario.net\\\/portal\\\/2025\\\/09\\\/19\\\/recuerdos-de-un-soldado-del-colorao-2\\\/\"]}]},{\"@type\":\"ImageObject\",\"inLanguage\":\"es\",\"@id\":\"https:\\\/\\\/www.eldiario.net\\\/portal\\\/2025\\\/09\\\/19\\\/recuerdos-de-un-soldado-del-colorao-2\\\/#primaryimage\",\"url\":\"https:\\\/\\\/www.eldiario.net\\\/portal\\\/wp-content\\\/uploads\\\/2023\\\/06\\\/Manfredo-Kempff-Suarez.jpg\",\"contentUrl\":\"https:\\\/\\\/www.eldiario.net\\\/portal\\\/wp-content\\\/uploads\\\/2023\\\/06\\\/Manfredo-Kempff-Suarez.jpg\",\"width\":1200,\"height\":628},{\"@type\":\"BreadcrumbList\",\"@id\":\"https:\\\/\\\/www.eldiario.net\\\/portal\\\/2025\\\/09\\\/19\\\/recuerdos-de-un-soldado-del-colorao-2\\\/#breadcrumb\",\"itemListElement\":[{\"@type\":\"ListItem\",\"position\":1,\"name\":\"Portada\",\"item\":\"https:\\\/\\\/www.eldiario.net\\\/portal\\\/\"},{\"@type\":\"ListItem\",\"position\":2,\"name\":\"Recuerdos de un soldado del \u201cColorao\u201d\"}]},{\"@type\":\"WebSite\",\"@id\":\"https:\\\/\\\/www.eldiario.net\\\/portal\\\/#website\",\"url\":\"https:\\\/\\\/www.eldiario.net\\\/portal\\\/\",\"name\":\"El Diario - Decano de la prensa nacional\",\"description\":\"El Diario - Decano de la prensa nacional\",\"publisher\":{\"@id\":\"https:\\\/\\\/www.eldiario.net\\\/portal\\\/#organization\"},\"potentialAction\":[{\"@type\":\"SearchAction\",\"target\":{\"@type\":\"EntryPoint\",\"urlTemplate\":\"https:\\\/\\\/www.eldiario.net\\\/portal\\\/?s={search_term_string}\"},\"query-input\":{\"@type\":\"PropertyValueSpecification\",\"valueRequired\":true,\"valueName\":\"search_term_string\"}}],\"inLanguage\":\"es\"},{\"@type\":\"Organization\",\"@id\":\"https:\\\/\\\/www.eldiario.net\\\/portal\\\/#organization\",\"name\":\"El Diario - Decano de la prensa nacional\",\"url\":\"https:\\\/\\\/www.eldiario.net\\\/portal\\\/\",\"logo\":{\"@type\":\"ImageObject\",\"inLanguage\":\"es\",\"@id\":\"https:\\\/\\\/www.eldiario.net\\\/portal\\\/#\\\/schema\\\/logo\\\/image\\\/\",\"url\":\"https:\\\/\\\/www.eldiario.net\\\/portal\\\/wp-content\\\/uploads\\\/2023\\\/07\\\/logo_ED.jpg\",\"contentUrl\":\"https:\\\/\\\/www.eldiario.net\\\/portal\\\/wp-content\\\/uploads\\\/2023\\\/07\\\/logo_ED.jpg\",\"width\":272,\"height\":52,\"caption\":\"El Diario - Decano de la prensa nacional\"},\"image\":{\"@id\":\"https:\\\/\\\/www.eldiario.net\\\/portal\\\/#\\\/schema\\\/logo\\\/image\\\/\"},\"sameAs\":[\"https:\\\/\\\/www.facebook.com\\\/eldiario.bolivia\\\/\",\"https:\\\/\\\/x.com\\\/eldiario_net\"]},{\"@type\":\"Person\",\"@id\":\"https:\\\/\\\/www.eldiario.net\\\/portal\\\/#\\\/schema\\\/person\\\/f46445640444750d7d753ccd04ae01b7\",\"name\":\"Jeanette\",\"image\":{\"@type\":\"ImageObject\",\"inLanguage\":\"es\",\"@id\":\"https:\\\/\\\/secure.gravatar.com\\\/avatar\\\/3ea2118a5f7dad2b7138b1187a6b7ee55f160b9968b66013c3a3ef39dd7e5798?s=96&d=mm&r=g\",\"url\":\"https:\\\/\\\/secure.gravatar.com\\\/avatar\\\/3ea2118a5f7dad2b7138b1187a6b7ee55f160b9968b66013c3a3ef39dd7e5798?s=96&d=mm&r=g\",\"contentUrl\":\"https:\\\/\\\/secure.gravatar.com\\\/avatar\\\/3ea2118a5f7dad2b7138b1187a6b7ee55f160b9968b66013c3a3ef39dd7e5798?s=96&d=mm&r=g\",\"caption\":\"Jeanette\"},\"sameAs\":[\"https:\\\/\\\/www.eldiario.net\\\/portal\"],\"url\":\"https:\\\/\\\/www.eldiario.net\\\/portal\\\/author\\\/jeanette\\\/\"}]}<\/script>\n<!-- \/ Yoast SEO plugin. -->","yoast_head_json":{"title":"Recuerdos de un soldado del \u201cColorao\u201d - El Diario - Bolivia","robots":{"index":"index","follow":"follow","max-snippet":"max-snippet:-1","max-image-preview":"max-image-preview:large","max-video-preview":"max-video-preview:-1"},"canonical":"https:\/\/www.eldiario.net\/portal\/2025\/09\/19\/recuerdos-de-un-soldado-del-colorao-2\/","og_locale":"es_ES","og_type":"article","og_title":"Recuerdos de un soldado del \u201cColorao\u201d - El Diario - Bolivia","og_description":"Para ninguno de los que llegamos con el \u201cColorao\u201d Mercado a Santa Cruz en el a\u00f1o 1813, era desconocido ni el clima ni el paisaje. Est\u00e1bamos cambiando del fr\u00edo y la aridez de la monta\u00f1a por la llanura ardiente y exuberante, pero el paisaje era el mismo que vimos en Paraguay, en Corrientes, Misiones y [&hellip;]","og_url":"https:\/\/www.eldiario.net\/portal\/2025\/09\/19\/recuerdos-de-un-soldado-del-colorao-2\/","og_site_name":"El Diario - Bolivia","article_publisher":"https:\/\/www.facebook.com\/eldiario.bolivia\/","article_published_time":"2025-09-19T05:54:00+00:00","og_image":[{"width":1200,"height":628,"url":"https:\/\/www.eldiario.net\/portal\/wp-content\/uploads\/2023\/06\/Manfredo-Kempff-Suarez.jpg","type":"image\/jpeg"}],"author":"Jeanette","twitter_card":"summary_large_image","twitter_creator":"@eldiario_net","twitter_site":"@eldiario_net","twitter_misc":{"Escrito por":"Jeanette","Tiempo de lectura":"4 minutos"},"schema":{"@context":"https:\/\/schema.org","@graph":[{"@type":"Article","@id":"https:\/\/www.eldiario.net\/portal\/2025\/09\/19\/recuerdos-de-un-soldado-del-colorao-2\/#article","isPartOf":{"@id":"https:\/\/www.eldiario.net\/portal\/2025\/09\/19\/recuerdos-de-un-soldado-del-colorao-2\/"},"author":{"name":"Jeanette","@id":"https:\/\/www.eldiario.net\/portal\/#\/schema\/person\/f46445640444750d7d753ccd04ae01b7"},"headline":"Recuerdos de un soldado del \u201cColorao\u201d","datePublished":"2025-09-19T05:54:00+00:00","mainEntityOfPage":{"@id":"https:\/\/www.eldiario.net\/portal\/2025\/09\/19\/recuerdos-de-un-soldado-del-colorao-2\/"},"wordCount":800,"publisher":{"@id":"https:\/\/www.eldiario.net\/portal\/#organization"},"image":{"@id":"https:\/\/www.eldiario.net\/portal\/2025\/09\/19\/recuerdos-de-un-soldado-del-colorao-2\/#primaryimage"},"thumbnailUrl":"https:\/\/www.eldiario.net\/portal\/wp-content\/uploads\/2023\/06\/Manfredo-Kempff-Suarez.jpg","articleSection":["Opini\u00f3n"],"inLanguage":"es"},{"@type":"WebPage","@id":"https:\/\/www.eldiario.net\/portal\/2025\/09\/19\/recuerdos-de-un-soldado-del-colorao-2\/","url":"https:\/\/www.eldiario.net\/portal\/2025\/09\/19\/recuerdos-de-un-soldado-del-colorao-2\/","name":"Recuerdos de un soldado del \u201cColorao\u201d - El Diario - Bolivia","isPartOf":{"@id":"https:\/\/www.eldiario.net\/portal\/#website"},"primaryImageOfPage":{"@id":"https:\/\/www.eldiario.net\/portal\/2025\/09\/19\/recuerdos-de-un-soldado-del-colorao-2\/#primaryimage"},"image":{"@id":"https:\/\/www.eldiario.net\/portal\/2025\/09\/19\/recuerdos-de-un-soldado-del-colorao-2\/#primaryimage"},"thumbnailUrl":"https:\/\/www.eldiario.net\/portal\/wp-content\/uploads\/2023\/06\/Manfredo-Kempff-Suarez.jpg","datePublished":"2025-09-19T05:54:00+00:00","breadcrumb":{"@id":"https:\/\/www.eldiario.net\/portal\/2025\/09\/19\/recuerdos-de-un-soldado-del-colorao-2\/#breadcrumb"},"inLanguage":"es","potentialAction":[{"@type":"ReadAction","target":["https:\/\/www.eldiario.net\/portal\/2025\/09\/19\/recuerdos-de-un-soldado-del-colorao-2\/"]}]},{"@type":"ImageObject","inLanguage":"es","@id":"https:\/\/www.eldiario.net\/portal\/2025\/09\/19\/recuerdos-de-un-soldado-del-colorao-2\/#primaryimage","url":"https:\/\/www.eldiario.net\/portal\/wp-content\/uploads\/2023\/06\/Manfredo-Kempff-Suarez.jpg","contentUrl":"https:\/\/www.eldiario.net\/portal\/wp-content\/uploads\/2023\/06\/Manfredo-Kempff-Suarez.jpg","width":1200,"height":628},{"@type":"BreadcrumbList","@id":"https:\/\/www.eldiario.net\/portal\/2025\/09\/19\/recuerdos-de-un-soldado-del-colorao-2\/#breadcrumb","itemListElement":[{"@type":"ListItem","position":1,"name":"Portada","item":"https:\/\/www.eldiario.net\/portal\/"},{"@type":"ListItem","position":2,"name":"Recuerdos de un soldado del \u201cColorao\u201d"}]},{"@type":"WebSite","@id":"https:\/\/www.eldiario.net\/portal\/#website","url":"https:\/\/www.eldiario.net\/portal\/","name":"El Diario - Decano de la prensa nacional","description":"El Diario - Decano de la prensa nacional","publisher":{"@id":"https:\/\/www.eldiario.net\/portal\/#organization"},"potentialAction":[{"@type":"SearchAction","target":{"@type":"EntryPoint","urlTemplate":"https:\/\/www.eldiario.net\/portal\/?s={search_term_string}"},"query-input":{"@type":"PropertyValueSpecification","valueRequired":true,"valueName":"search_term_string"}}],"inLanguage":"es"},{"@type":"Organization","@id":"https:\/\/www.eldiario.net\/portal\/#organization","name":"El Diario - Decano de la prensa nacional","url":"https:\/\/www.eldiario.net\/portal\/","logo":{"@type":"ImageObject","inLanguage":"es","@id":"https:\/\/www.eldiario.net\/portal\/#\/schema\/logo\/image\/","url":"https:\/\/www.eldiario.net\/portal\/wp-content\/uploads\/2023\/07\/logo_ED.jpg","contentUrl":"https:\/\/www.eldiario.net\/portal\/wp-content\/uploads\/2023\/07\/logo_ED.jpg","width":272,"height":52,"caption":"El Diario - Decano de la prensa nacional"},"image":{"@id":"https:\/\/www.eldiario.net\/portal\/#\/schema\/logo\/image\/"},"sameAs":["https:\/\/www.facebook.com\/eldiario.bolivia\/","https:\/\/x.com\/eldiario_net"]},{"@type":"Person","@id":"https:\/\/www.eldiario.net\/portal\/#\/schema\/person\/f46445640444750d7d753ccd04ae01b7","name":"Jeanette","image":{"@type":"ImageObject","inLanguage":"es","@id":"https:\/\/secure.gravatar.com\/avatar\/3ea2118a5f7dad2b7138b1187a6b7ee55f160b9968b66013c3a3ef39dd7e5798?s=96&d=mm&r=g","url":"https:\/\/secure.gravatar.com\/avatar\/3ea2118a5f7dad2b7138b1187a6b7ee55f160b9968b66013c3a3ef39dd7e5798?s=96&d=mm&r=g","contentUrl":"https:\/\/secure.gravatar.com\/avatar\/3ea2118a5f7dad2b7138b1187a6b7ee55f160b9968b66013c3a3ef39dd7e5798?s=96&d=mm&r=g","caption":"Jeanette"},"sameAs":["https:\/\/www.eldiario.net\/portal"],"url":"https:\/\/www.eldiario.net\/portal\/author\/jeanette\/"}]}},"_links":{"self":[{"href":"https:\/\/www.eldiario.net\/portal\/wp-json\/wp\/v2\/posts\/332353","targetHints":{"allow":["GET"]}}],"collection":[{"href":"https:\/\/www.eldiario.net\/portal\/wp-json\/wp\/v2\/posts"}],"about":[{"href":"https:\/\/www.eldiario.net\/portal\/wp-json\/wp\/v2\/types\/post"}],"author":[{"embeddable":true,"href":"https:\/\/www.eldiario.net\/portal\/wp-json\/wp\/v2\/users\/1"}],"replies":[{"embeddable":true,"href":"https:\/\/www.eldiario.net\/portal\/wp-json\/wp\/v2\/comments?post=332353"}],"version-history":[{"count":1,"href":"https:\/\/www.eldiario.net\/portal\/wp-json\/wp\/v2\/posts\/332353\/revisions"}],"predecessor-version":[{"id":332354,"href":"https:\/\/www.eldiario.net\/portal\/wp-json\/wp\/v2\/posts\/332353\/revisions\/332354"}],"wp:featuredmedia":[{"embeddable":true,"href":"https:\/\/www.eldiario.net\/portal\/wp-json\/wp\/v2\/media\/157472"}],"wp:attachment":[{"href":"https:\/\/www.eldiario.net\/portal\/wp-json\/wp\/v2\/media?parent=332353"}],"wp:term":[{"taxonomy":"category","embeddable":true,"href":"https:\/\/www.eldiario.net\/portal\/wp-json\/wp\/v2\/categories?post=332353"},{"taxonomy":"post_tag","embeddable":true,"href":"https:\/\/www.eldiario.net\/portal\/wp-json\/wp\/v2\/tags?post=332353"}],"curies":[{"name":"wp","href":"https:\/\/api.w.org\/{rel}","templated":true}]}}