{"id":332349,"date":"2025-09-19T01:52:46","date_gmt":"2025-09-19T05:52:46","guid":{"rendered":"https:\/\/www.eldiario.net\/portal\/?p=332349"},"modified":"2025-09-18T23:53:21","modified_gmt":"2025-09-19T03:53:21","slug":"ia-para-transformar-la-educacion-vial","status":"publish","type":"post","link":"https:\/\/www.eldiario.net\/portal\/2025\/09\/19\/ia-para-transformar-la-educacion-vial\/","title":{"rendered":"IA para transformar la educaci\u00f3n vial"},"content":{"rendered":"<p>La seguridad vial en Bolivia atraviesa una crisis silenciosa. Las cifras de siniestros de tr\u00e1nsito deber\u00edan alarmarnos. Seg\u00fan datos tanto del INE como de Tr\u00e1nsito, en 2024 hubo en el pa\u00eds 18.304 accidentes de tr\u00e1nsito, un leve descenso respecto al a\u00f1o anterior, pero con mayor letalidad. Los hechos fueron m\u00e1s graves y dejaron 15.817 personas heridas, un 5,09% m\u00e1s que en 2023, seg\u00fan el Observatorio Boliviano de Seguridad Ciudadana y Lucha contra las Drogas. Entre las v\u00edctimas, al menos 1.580 eran ni\u00f1os y adolescentes, lo que refleja falta de prevenci\u00f3n, que golpea a los sectores m\u00e1s vulnerables.<br \/>\nEl costo econ\u00f3mico no es menor. La aseguradora estatal Univida report\u00f3 m\u00e1s de Bs 101 millones desembolsados por el SOAT en 2024, monto que representa no solo gasto financiero, sino tambi\u00e9n un indicador del drama humano detr\u00e1s de cada siniestro. La Organizaci\u00f3n Mundial de la Salud (OMS) recuerda que cada a\u00f1o mueren en el mundo 1,19 millones de personas por hechos viales, lo que convierte al tr\u00e1nsito en una de las principales causas de muerte evitable.<br \/>\nPor ello, Bolivia no puede seguir apostando \u00fanicamente a campa\u00f1as o planes tradicionales a corto plazo o controles espor\u00e1dicos. La educaci\u00f3n vial debe ser pilar central. Y la Inteligencia Artificial (IA) puede convertirse en un aliado estrat\u00e9gico. No hablamos de ciencia ficci\u00f3n, sino de herramientas que ya se aplican en otros pa\u00edses y que podr\u00edan adaptarse al contexto nacional.<br \/>\nHay al menos seis l\u00edneas de acci\u00f3n posibles. La primera es la implementaci\u00f3n de aulas viales inteligentes en escuelas y colegios, con chatbots pedag\u00f3gicos que ense\u00f1en normas de tr\u00e1nsito en castellano, quechua, aimara y guaran\u00ed, adaptando las lecciones al ritmo de aprendizaje de cada estudiante. En segundo lugar, los simuladores de realidad virtual con IA permitir\u00edan que aspirantes a la licencia de conducir o choferes del transporte p\u00fablico enfrenten escenarios de riesgo sin exponer vidas reales, midiendo su tiempo de reacci\u00f3n y sus decisiones en cruces, climas adversos o situaciones de fatiga.<br \/>\nUna tercera apuesta es el uso de plataformas m\u00f3viles con m\u00f3dulos cortos y adaptativos para capacitar a transportistas y conductores profesionales. Estos sistemas pueden incluso detectar patrones de conducci\u00f3n riesgosa a partir de registros telem\u00e1ticos y sugerir correcciones en tiempo real. La cuarta apuesta ser\u00eda la anal\u00edtica predictiva que, al integrar datos de Polic\u00eda, hospitales y aseguradoras, anticipe cu\u00e1les son las zonas y horarios con mayor riesgo de accidentes, permitiendo planificar campa\u00f1as y controles m\u00e1s focalizados.<br \/>\nA ello se suman propuestas innovadoras como la auditor\u00eda escolar segura, mediante visi\u00f3n computarizada, que eval\u00fae el tr\u00e1nsito alrededor de las unidades educativas, para ajustar se\u00f1alizaci\u00f3n y medidas de protecci\u00f3n. La producci\u00f3n de campa\u00f1as educativas generadas por IA, capaces de dise\u00f1ar mensajes diferenciados para adolescentes, motociclistas o transportistas, evaluando cu\u00e1l narrativa es m\u00e1s efectiva para cambiar comportamientos.<br \/>\nPara avanzar en esta agenda se requiere voluntad pol\u00edtica, inversi\u00f3n p\u00fablica y coordinaci\u00f3n interinstitucional. El Decreto Supremo 2.079 ya mandata fortalecer la seguridad vial con est\u00e1ndares internacionales, lo que abre un marco normativo adecuado. El desaf\u00edo est\u00e1 en que el Ministerio de Educaci\u00f3n, la Polic\u00eda de Tr\u00e1nsito, las aseguradoras, los municipios y las universidades trabajen de forma conjunta, con transparencia en el uso de datos y auditor\u00edas \u00e9ticas para evitar sesgos o vulneraci\u00f3n de la privacidad.<br \/>\nLos beneficios ser\u00edan visibles en poco tiempo: reducci\u00f3n de infracciones graves, menos lesionados en zonas escolares y un mayor conocimiento vial en estudiantes y conductores. Pero, sobre todo, estar\u00edamos formando una nueva cultura ciudadana que entienda la seguridad vial como una responsabilidad compartida y no como un tr\u00e1mite m\u00e1s\u2026<\/p>\n","protected":false},"excerpt":{"rendered":"<p>La seguridad vial en Bolivia atraviesa una crisis silenciosa. Las cifras de siniestros de tr\u00e1nsito deber\u00edan alarmarnos. Seg\u00fan datos tanto del INE como de Tr\u00e1nsito, en 2024 hubo en el pa\u00eds 18.304 accidentes de tr\u00e1nsito, un leve descenso respecto al a\u00f1o anterior, pero con mayor letalidad. Los hechos fueron m\u00e1s graves y dejaron 15.817 personas [&hellip;]<\/p>\n","protected":false},"author":1,"featured_media":194790,"comment_status":"closed","ping_status":"open","sticky":false,"template":"","format":"standard","meta":{"_acf_changed":false,"footnotes":""},"categories":[9],"tags":[],"class_list":["post-332349","post","type-post","status-publish","format-standard","has-post-thumbnail","category-opinion"],"acf":{"antetitulo":""},"yoast_head":"<!-- This site is optimized with the Yoast SEO plugin v28.3 - https:\/\/yoast.com\/product\/yoast-seo-wordpress\/ -->\n<title>IA para transformar la educaci\u00f3n vial - El Diario - Bolivia<\/title>\n<meta name=\"robots\" content=\"index, follow, max-snippet:-1, max-image-preview:large, max-video-preview:-1\" \/>\n<link rel=\"canonical\" href=\"https:\/\/www.eldiario.net\/portal\/2025\/09\/19\/ia-para-transformar-la-educacion-vial\/\" \/>\n<meta property=\"og:locale\" content=\"es_ES\" \/>\n<meta property=\"og:type\" content=\"article\" \/>\n<meta property=\"og:title\" content=\"IA para transformar la educaci\u00f3n vial - El Diario - Bolivia\" \/>\n<meta property=\"og:description\" content=\"La seguridad vial en Bolivia atraviesa una crisis silenciosa. Las cifras de siniestros de tr\u00e1nsito deber\u00edan alarmarnos. Seg\u00fan datos tanto del INE como de Tr\u00e1nsito, en 2024 hubo en el pa\u00eds 18.304 accidentes de tr\u00e1nsito, un leve descenso respecto al a\u00f1o anterior, pero con mayor letalidad. Los hechos fueron m\u00e1s graves y dejaron 15.817 personas [&hellip;]\" \/>\n<meta property=\"og:url\" content=\"https:\/\/www.eldiario.net\/portal\/2025\/09\/19\/ia-para-transformar-la-educacion-vial\/\" \/>\n<meta property=\"og:site_name\" content=\"El Diario - Bolivia\" \/>\n<meta property=\"article:publisher\" content=\"https:\/\/www.facebook.com\/eldiario.bolivia\/\" \/>\n<meta property=\"article:published_time\" content=\"2025-09-19T05:52:46+00:00\" \/>\n<meta property=\"og:image\" content=\"https:\/\/www.eldiario.net\/portal\/wp-content\/uploads\/2023\/12\/Opinion.jpg\" \/>\n\t<meta property=\"og:image:width\" content=\"800\" \/>\n\t<meta property=\"og:image:height\" content=\"500\" \/>\n\t<meta property=\"og:image:type\" content=\"image\/jpeg\" \/>\n<meta name=\"author\" content=\"Jeanette\" \/>\n<meta name=\"twitter:card\" content=\"summary_large_image\" \/>\n<meta name=\"twitter:creator\" content=\"@eldiario_net\" \/>\n<meta name=\"twitter:site\" content=\"@eldiario_net\" \/>\n<meta name=\"twitter:label1\" content=\"Escrito por\" \/>\n\t<meta name=\"twitter:data1\" content=\"Jeanette\" \/>\n\t<meta name=\"twitter:label2\" content=\"Tiempo de lectura\" \/>\n\t<meta name=\"twitter:data2\" content=\"3 minutos\" \/>\n<script type=\"application\/ld+json\" class=\"yoast-schema-graph\">{\"@context\":\"https:\\\/\\\/schema.org\",\"@graph\":[{\"@type\":\"Article\",\"@id\":\"https:\\\/\\\/www.eldiario.net\\\/portal\\\/2025\\\/09\\\/19\\\/ia-para-transformar-la-educacion-vial\\\/#article\",\"isPartOf\":{\"@id\":\"https:\\\/\\\/www.eldiario.net\\\/portal\\\/2025\\\/09\\\/19\\\/ia-para-transformar-la-educacion-vial\\\/\"},\"author\":{\"name\":\"Jeanette\",\"@id\":\"https:\\\/\\\/www.eldiario.net\\\/portal\\\/#\\\/schema\\\/person\\\/f46445640444750d7d753ccd04ae01b7\"},\"headline\":\"IA para transformar la educaci\u00f3n vial\",\"datePublished\":\"2025-09-19T05:52:46+00:00\",\"mainEntityOfPage\":{\"@id\":\"https:\\\/\\\/www.eldiario.net\\\/portal\\\/2025\\\/09\\\/19\\\/ia-para-transformar-la-educacion-vial\\\/\"},\"wordCount\":654,\"publisher\":{\"@id\":\"https:\\\/\\\/www.eldiario.net\\\/portal\\\/#organization\"},\"image\":{\"@id\":\"https:\\\/\\\/www.eldiario.net\\\/portal\\\/2025\\\/09\\\/19\\\/ia-para-transformar-la-educacion-vial\\\/#primaryimage\"},\"thumbnailUrl\":\"https:\\\/\\\/www.eldiario.net\\\/portal\\\/wp-content\\\/uploads\\\/2023\\\/12\\\/Opinion.jpg\",\"articleSection\":[\"Opini\u00f3n\"],\"inLanguage\":\"es\"},{\"@type\":\"WebPage\",\"@id\":\"https:\\\/\\\/www.eldiario.net\\\/portal\\\/2025\\\/09\\\/19\\\/ia-para-transformar-la-educacion-vial\\\/\",\"url\":\"https:\\\/\\\/www.eldiario.net\\\/portal\\\/2025\\\/09\\\/19\\\/ia-para-transformar-la-educacion-vial\\\/\",\"name\":\"IA para transformar la educaci\u00f3n vial - El Diario - Bolivia\",\"isPartOf\":{\"@id\":\"https:\\\/\\\/www.eldiario.net\\\/portal\\\/#website\"},\"primaryImageOfPage\":{\"@id\":\"https:\\\/\\\/www.eldiario.net\\\/portal\\\/2025\\\/09\\\/19\\\/ia-para-transformar-la-educacion-vial\\\/#primaryimage\"},\"image\":{\"@id\":\"https:\\\/\\\/www.eldiario.net\\\/portal\\\/2025\\\/09\\\/19\\\/ia-para-transformar-la-educacion-vial\\\/#primaryimage\"},\"thumbnailUrl\":\"https:\\\/\\\/www.eldiario.net\\\/portal\\\/wp-content\\\/uploads\\\/2023\\\/12\\\/Opinion.jpg\",\"datePublished\":\"2025-09-19T05:52:46+00:00\",\"breadcrumb\":{\"@id\":\"https:\\\/\\\/www.eldiario.net\\\/portal\\\/2025\\\/09\\\/19\\\/ia-para-transformar-la-educacion-vial\\\/#breadcrumb\"},\"inLanguage\":\"es\",\"potentialAction\":[{\"@type\":\"ReadAction\",\"target\":[\"https:\\\/\\\/www.eldiario.net\\\/portal\\\/2025\\\/09\\\/19\\\/ia-para-transformar-la-educacion-vial\\\/\"]}]},{\"@type\":\"ImageObject\",\"inLanguage\":\"es\",\"@id\":\"https:\\\/\\\/www.eldiario.net\\\/portal\\\/2025\\\/09\\\/19\\\/ia-para-transformar-la-educacion-vial\\\/#primaryimage\",\"url\":\"https:\\\/\\\/www.eldiario.net\\\/portal\\\/wp-content\\\/uploads\\\/2023\\\/12\\\/Opinion.jpg\",\"contentUrl\":\"https:\\\/\\\/www.eldiario.net\\\/portal\\\/wp-content\\\/uploads\\\/2023\\\/12\\\/Opinion.jpg\",\"width\":800,\"height\":500},{\"@type\":\"BreadcrumbList\",\"@id\":\"https:\\\/\\\/www.eldiario.net\\\/portal\\\/2025\\\/09\\\/19\\\/ia-para-transformar-la-educacion-vial\\\/#breadcrumb\",\"itemListElement\":[{\"@type\":\"ListItem\",\"position\":1,\"name\":\"Portada\",\"item\":\"https:\\\/\\\/www.eldiario.net\\\/portal\\\/\"},{\"@type\":\"ListItem\",\"position\":2,\"name\":\"IA para transformar la educaci\u00f3n vial\"}]},{\"@type\":\"WebSite\",\"@id\":\"https:\\\/\\\/www.eldiario.net\\\/portal\\\/#website\",\"url\":\"https:\\\/\\\/www.eldiario.net\\\/portal\\\/\",\"name\":\"El Diario - Decano de la prensa nacional\",\"description\":\"El Diario - Decano de la prensa nacional\",\"publisher\":{\"@id\":\"https:\\\/\\\/www.eldiario.net\\\/portal\\\/#organization\"},\"potentialAction\":[{\"@type\":\"SearchAction\",\"target\":{\"@type\":\"EntryPoint\",\"urlTemplate\":\"https:\\\/\\\/www.eldiario.net\\\/portal\\\/?s={search_term_string}\"},\"query-input\":{\"@type\":\"PropertyValueSpecification\",\"valueRequired\":true,\"valueName\":\"search_term_string\"}}],\"inLanguage\":\"es\"},{\"@type\":\"Organization\",\"@id\":\"https:\\\/\\\/www.eldiario.net\\\/portal\\\/#organization\",\"name\":\"El Diario - Decano de la prensa nacional\",\"url\":\"https:\\\/\\\/www.eldiario.net\\\/portal\\\/\",\"logo\":{\"@type\":\"ImageObject\",\"inLanguage\":\"es\",\"@id\":\"https:\\\/\\\/www.eldiario.net\\\/portal\\\/#\\\/schema\\\/logo\\\/image\\\/\",\"url\":\"https:\\\/\\\/www.eldiario.net\\\/portal\\\/wp-content\\\/uploads\\\/2023\\\/07\\\/logo_ED.jpg\",\"contentUrl\":\"https:\\\/\\\/www.eldiario.net\\\/portal\\\/wp-content\\\/uploads\\\/2023\\\/07\\\/logo_ED.jpg\",\"width\":272,\"height\":52,\"caption\":\"El Diario - Decano de la prensa nacional\"},\"image\":{\"@id\":\"https:\\\/\\\/www.eldiario.net\\\/portal\\\/#\\\/schema\\\/logo\\\/image\\\/\"},\"sameAs\":[\"https:\\\/\\\/www.facebook.com\\\/eldiario.bolivia\\\/\",\"https:\\\/\\\/x.com\\\/eldiario_net\"]},{\"@type\":\"Person\",\"@id\":\"https:\\\/\\\/www.eldiario.net\\\/portal\\\/#\\\/schema\\\/person\\\/f46445640444750d7d753ccd04ae01b7\",\"name\":\"Jeanette\",\"image\":{\"@type\":\"ImageObject\",\"inLanguage\":\"es\",\"@id\":\"https:\\\/\\\/secure.gravatar.com\\\/avatar\\\/3ea2118a5f7dad2b7138b1187a6b7ee55f160b9968b66013c3a3ef39dd7e5798?s=96&d=mm&r=g\",\"url\":\"https:\\\/\\\/secure.gravatar.com\\\/avatar\\\/3ea2118a5f7dad2b7138b1187a6b7ee55f160b9968b66013c3a3ef39dd7e5798?s=96&d=mm&r=g\",\"contentUrl\":\"https:\\\/\\\/secure.gravatar.com\\\/avatar\\\/3ea2118a5f7dad2b7138b1187a6b7ee55f160b9968b66013c3a3ef39dd7e5798?s=96&d=mm&r=g\",\"caption\":\"Jeanette\"},\"sameAs\":[\"https:\\\/\\\/www.eldiario.net\\\/portal\"],\"url\":\"https:\\\/\\\/www.eldiario.net\\\/portal\\\/author\\\/jeanette\\\/\"}]}<\/script>\n<!-- \/ Yoast SEO plugin. -->","yoast_head_json":{"title":"IA para transformar la educaci\u00f3n vial - El Diario - Bolivia","robots":{"index":"index","follow":"follow","max-snippet":"max-snippet:-1","max-image-preview":"max-image-preview:large","max-video-preview":"max-video-preview:-1"},"canonical":"https:\/\/www.eldiario.net\/portal\/2025\/09\/19\/ia-para-transformar-la-educacion-vial\/","og_locale":"es_ES","og_type":"article","og_title":"IA para transformar la educaci\u00f3n vial - El Diario - Bolivia","og_description":"La seguridad vial en Bolivia atraviesa una crisis silenciosa. Las cifras de siniestros de tr\u00e1nsito deber\u00edan alarmarnos. Seg\u00fan datos tanto del INE como de Tr\u00e1nsito, en 2024 hubo en el pa\u00eds 18.304 accidentes de tr\u00e1nsito, un leve descenso respecto al a\u00f1o anterior, pero con mayor letalidad. Los hechos fueron m\u00e1s graves y dejaron 15.817 personas [&hellip;]","og_url":"https:\/\/www.eldiario.net\/portal\/2025\/09\/19\/ia-para-transformar-la-educacion-vial\/","og_site_name":"El Diario - Bolivia","article_publisher":"https:\/\/www.facebook.com\/eldiario.bolivia\/","article_published_time":"2025-09-19T05:52:46+00:00","og_image":[{"width":800,"height":500,"url":"https:\/\/www.eldiario.net\/portal\/wp-content\/uploads\/2023\/12\/Opinion.jpg","type":"image\/jpeg"}],"author":"Jeanette","twitter_card":"summary_large_image","twitter_creator":"@eldiario_net","twitter_site":"@eldiario_net","twitter_misc":{"Escrito por":"Jeanette","Tiempo de lectura":"3 minutos"},"schema":{"@context":"https:\/\/schema.org","@graph":[{"@type":"Article","@id":"https:\/\/www.eldiario.net\/portal\/2025\/09\/19\/ia-para-transformar-la-educacion-vial\/#article","isPartOf":{"@id":"https:\/\/www.eldiario.net\/portal\/2025\/09\/19\/ia-para-transformar-la-educacion-vial\/"},"author":{"name":"Jeanette","@id":"https:\/\/www.eldiario.net\/portal\/#\/schema\/person\/f46445640444750d7d753ccd04ae01b7"},"headline":"IA para transformar la educaci\u00f3n vial","datePublished":"2025-09-19T05:52:46+00:00","mainEntityOfPage":{"@id":"https:\/\/www.eldiario.net\/portal\/2025\/09\/19\/ia-para-transformar-la-educacion-vial\/"},"wordCount":654,"publisher":{"@id":"https:\/\/www.eldiario.net\/portal\/#organization"},"image":{"@id":"https:\/\/www.eldiario.net\/portal\/2025\/09\/19\/ia-para-transformar-la-educacion-vial\/#primaryimage"},"thumbnailUrl":"https:\/\/www.eldiario.net\/portal\/wp-content\/uploads\/2023\/12\/Opinion.jpg","articleSection":["Opini\u00f3n"],"inLanguage":"es"},{"@type":"WebPage","@id":"https:\/\/www.eldiario.net\/portal\/2025\/09\/19\/ia-para-transformar-la-educacion-vial\/","url":"https:\/\/www.eldiario.net\/portal\/2025\/09\/19\/ia-para-transformar-la-educacion-vial\/","name":"IA para transformar la educaci\u00f3n vial - El Diario - Bolivia","isPartOf":{"@id":"https:\/\/www.eldiario.net\/portal\/#website"},"primaryImageOfPage":{"@id":"https:\/\/www.eldiario.net\/portal\/2025\/09\/19\/ia-para-transformar-la-educacion-vial\/#primaryimage"},"image":{"@id":"https:\/\/www.eldiario.net\/portal\/2025\/09\/19\/ia-para-transformar-la-educacion-vial\/#primaryimage"},"thumbnailUrl":"https:\/\/www.eldiario.net\/portal\/wp-content\/uploads\/2023\/12\/Opinion.jpg","datePublished":"2025-09-19T05:52:46+00:00","breadcrumb":{"@id":"https:\/\/www.eldiario.net\/portal\/2025\/09\/19\/ia-para-transformar-la-educacion-vial\/#breadcrumb"},"inLanguage":"es","potentialAction":[{"@type":"ReadAction","target":["https:\/\/www.eldiario.net\/portal\/2025\/09\/19\/ia-para-transformar-la-educacion-vial\/"]}]},{"@type":"ImageObject","inLanguage":"es","@id":"https:\/\/www.eldiario.net\/portal\/2025\/09\/19\/ia-para-transformar-la-educacion-vial\/#primaryimage","url":"https:\/\/www.eldiario.net\/portal\/wp-content\/uploads\/2023\/12\/Opinion.jpg","contentUrl":"https:\/\/www.eldiario.net\/portal\/wp-content\/uploads\/2023\/12\/Opinion.jpg","width":800,"height":500},{"@type":"BreadcrumbList","@id":"https:\/\/www.eldiario.net\/portal\/2025\/09\/19\/ia-para-transformar-la-educacion-vial\/#breadcrumb","itemListElement":[{"@type":"ListItem","position":1,"name":"Portada","item":"https:\/\/www.eldiario.net\/portal\/"},{"@type":"ListItem","position":2,"name":"IA para transformar la educaci\u00f3n vial"}]},{"@type":"WebSite","@id":"https:\/\/www.eldiario.net\/portal\/#website","url":"https:\/\/www.eldiario.net\/portal\/","name":"El Diario - Decano de la prensa nacional","description":"El Diario - Decano de la prensa nacional","publisher":{"@id":"https:\/\/www.eldiario.net\/portal\/#organization"},"potentialAction":[{"@type":"SearchAction","target":{"@type":"EntryPoint","urlTemplate":"https:\/\/www.eldiario.net\/portal\/?s={search_term_string}"},"query-input":{"@type":"PropertyValueSpecification","valueRequired":true,"valueName":"search_term_string"}}],"inLanguage":"es"},{"@type":"Organization","@id":"https:\/\/www.eldiario.net\/portal\/#organization","name":"El Diario - Decano de la prensa nacional","url":"https:\/\/www.eldiario.net\/portal\/","logo":{"@type":"ImageObject","inLanguage":"es","@id":"https:\/\/www.eldiario.net\/portal\/#\/schema\/logo\/image\/","url":"https:\/\/www.eldiario.net\/portal\/wp-content\/uploads\/2023\/07\/logo_ED.jpg","contentUrl":"https:\/\/www.eldiario.net\/portal\/wp-content\/uploads\/2023\/07\/logo_ED.jpg","width":272,"height":52,"caption":"El Diario - Decano de la prensa nacional"},"image":{"@id":"https:\/\/www.eldiario.net\/portal\/#\/schema\/logo\/image\/"},"sameAs":["https:\/\/www.facebook.com\/eldiario.bolivia\/","https:\/\/x.com\/eldiario_net"]},{"@type":"Person","@id":"https:\/\/www.eldiario.net\/portal\/#\/schema\/person\/f46445640444750d7d753ccd04ae01b7","name":"Jeanette","image":{"@type":"ImageObject","inLanguage":"es","@id":"https:\/\/secure.gravatar.com\/avatar\/3ea2118a5f7dad2b7138b1187a6b7ee55f160b9968b66013c3a3ef39dd7e5798?s=96&d=mm&r=g","url":"https:\/\/secure.gravatar.com\/avatar\/3ea2118a5f7dad2b7138b1187a6b7ee55f160b9968b66013c3a3ef39dd7e5798?s=96&d=mm&r=g","contentUrl":"https:\/\/secure.gravatar.com\/avatar\/3ea2118a5f7dad2b7138b1187a6b7ee55f160b9968b66013c3a3ef39dd7e5798?s=96&d=mm&r=g","caption":"Jeanette"},"sameAs":["https:\/\/www.eldiario.net\/portal"],"url":"https:\/\/www.eldiario.net\/portal\/author\/jeanette\/"}]}},"_links":{"self":[{"href":"https:\/\/www.eldiario.net\/portal\/wp-json\/wp\/v2\/posts\/332349","targetHints":{"allow":["GET"]}}],"collection":[{"href":"https:\/\/www.eldiario.net\/portal\/wp-json\/wp\/v2\/posts"}],"about":[{"href":"https:\/\/www.eldiario.net\/portal\/wp-json\/wp\/v2\/types\/post"}],"author":[{"embeddable":true,"href":"https:\/\/www.eldiario.net\/portal\/wp-json\/wp\/v2\/users\/1"}],"replies":[{"embeddable":true,"href":"https:\/\/www.eldiario.net\/portal\/wp-json\/wp\/v2\/comments?post=332349"}],"version-history":[{"count":1,"href":"https:\/\/www.eldiario.net\/portal\/wp-json\/wp\/v2\/posts\/332349\/revisions"}],"predecessor-version":[{"id":332350,"href":"https:\/\/www.eldiario.net\/portal\/wp-json\/wp\/v2\/posts\/332349\/revisions\/332350"}],"wp:featuredmedia":[{"embeddable":true,"href":"https:\/\/www.eldiario.net\/portal\/wp-json\/wp\/v2\/media\/194790"}],"wp:attachment":[{"href":"https:\/\/www.eldiario.net\/portal\/wp-json\/wp\/v2\/media?parent=332349"}],"wp:term":[{"taxonomy":"category","embeddable":true,"href":"https:\/\/www.eldiario.net\/portal\/wp-json\/wp\/v2\/categories?post=332349"},{"taxonomy":"post_tag","embeddable":true,"href":"https:\/\/www.eldiario.net\/portal\/wp-json\/wp\/v2\/tags?post=332349"}],"curies":[{"name":"wp","href":"https:\/\/api.w.org\/{rel}","templated":true}]}}