{"id":332346,"date":"2025-09-19T01:51:33","date_gmt":"2025-09-19T05:51:33","guid":{"rendered":"https:\/\/www.eldiario.net\/portal\/?p=332346"},"modified":"2025-09-18T23:52:32","modified_gmt":"2025-09-19T03:52:32","slug":"nuevo-gobierno-con-3-desafios-que-debe-encarar-desde-inicio-de-su-gestion","status":"publish","type":"post","link":"https:\/\/www.eldiario.net\/portal\/2025\/09\/19\/nuevo-gobierno-con-3-desafios-que-debe-encarar-desde-inicio-de-su-gestion\/","title":{"rendered":"Nuevo gobierno con 3 desaf\u00edos que  debe encarar desde inicio de su gesti\u00f3n"},"content":{"rendered":"<p>Gobierno que asuma la conducci\u00f3n del pa\u00eds en noviembre debe reducir el gasto, estabilizar el d\u00f3lar y abastecer combustibles al mercado interno, para de esta manera iniciar un proceso de estabilizaci\u00f3n de la econom\u00eda y generar una contracci\u00f3n monetaria para frenar la inflaci\u00f3n y la p\u00e9rdida del poder adquisitivo del boliviano.<br \/>\nPara el economista y docente de la Universidad T\u00e9cnica de Oruro (UTO), Ernesto Bernal, lo primero que debe hacer la pr\u00f3xima administraci\u00f3n de Gobierno es reducir el d\u00e9ficit fiscal, luego estabilizar el d\u00f3lar, y record\u00f3 que la inflaci\u00f3n es un problema monetario, por lo tanto, debe iniciarse un proceso de contracci\u00f3n monetaria.<br \/>\nEntretanto, el presidente del Colegio Departamental de Economistas de Tarija, Fernando Romero, apunta a los desaf\u00edos que tendr\u00e1 el nuevo gobierno que gane la segunda vuelta el pr\u00f3ximo 19 de octubre, la inflaci\u00f3n, la falta de d\u00f3lares y el desabastecimiento de carburantes.<br \/>\nSostiene que esos problemas que enfrenta la econom\u00eda nacional fueron causa del elevado gasto p\u00fablico, que dio lugar un d\u00e9ficit fiscal de 11 a\u00f1os consecutivos, por lo que tiene que resolverse, mediante medidas de shock o pol\u00edticas graduales.<br \/>\n\u201cLo que queda claro, es que la estabilizaci\u00f3n de la econom\u00eda boliviana requerir\u00e1 de liquidez, que puede venir del Fondo Monetario Internacional (FMI)\u201d, reflexion\u00f3.<br \/>\n\u201cLa inflaci\u00f3n, la falta de d\u00f3lares y el desabastecimiento de carburantes, van de la mano, sino tiene d\u00f3lares no puedes importar y si no tienes d\u00f3lares, dif\u00edcil estabilizar el mercado cambiario\u201d, explic\u00f3.<br \/>\nRecord\u00f3 la aplicaci\u00f3n de mecanismos de estabilizaci\u00f3n de la moneda estadounidense para un respaldo financiero, por lo que los cr\u00e9ditos externos jugar\u00e1n un papel importante.<br \/>\n\u201cPero tambi\u00e9n la gobernanza tendr\u00e1 su peso en la estabilizaci\u00f3n de la econom\u00eda nacional\u201d, acot\u00f3.<\/p>\n<p>Se\u00f1ales<br \/>\nEl analista econ\u00f3mico Dar\u00edo Monasterio afirm\u00f3 que el nuevo gobierno debe dar se\u00f1ales claras a los bolivianos y a los potenciales inversionistas, de un cambio en la pol\u00edtica econ\u00f3mica, con un giro de 180 grados, es decir, reducir la intervenci\u00f3n del Estado en la econom\u00eda y eliminar la restricci\u00f3n a las exportaciones, as\u00ed como intervenir en las empresas p\u00fablicas deficitarias.<br \/>\nTambi\u00e9n implementar la institucionalidad en las entidades p\u00fablicas. La eliminaci\u00f3n del d\u00e9ficit fiscal ser\u00e1 una se\u00f1al importante para la imagen del pa\u00eds a nivel internacional, por las acciones que tomar\u00e1 el nuevo gobierno, como ordenar las cuentas y transparentar las mismas, cuyas medidas mejorar\u00e1n las expectativas de la gente y de los inversionistas.<br \/>\nEl siguiente paso por sincerar el precio del d\u00f3lar, debido a que todos saben que el cambio oficial s\u00f3lo est\u00e1 en el papel, ya que la econom\u00eda se rige por el valor del mercado paralelo. Por ello, Monasterio se\u00f1al\u00f3 que se debe tomar acciones para que el mercado formal sea el referente y no el de la calle.<br \/>\nAdem\u00e1s, indic\u00f3 que de entrada no se podr\u00e1 aplicar medidas con referencia al tipo de cambio, porque primero se debe trabajar en la confianza de los bolivianos con pol\u00edticas cre\u00edbles y tomar\u00e1 entre 3 a 6 meses.<br \/>\nSin embargo, el analista econ\u00f3mico Gonzalo Ch\u00e1vez, en sus redes sociales, sostuvo que el tiempo que tomar\u00e1 reconstruir la econom\u00eda nacional ser\u00e1 largo.<br \/>\nPara el consultor energ\u00e9tico \u00c1lvaro R\u00edos, el nuevo gobierno deber\u00e1 trabajar en abastecer al mercado con carburantes y estabilizar la moneda, as\u00ed como paralelamente eliminar la subvenci\u00f3n.<\/p>\n<p>Inflaci\u00f3n<br \/>\nBolivia ha presentado en julio y agosto una desaceleraci\u00f3n en su inflaci\u00f3n, pero sus datos acumulados (24,15%) e interanuales (18,09%) siguen siendo elevados, entre los m\u00e1s altos de la regi\u00f3n. A pesar de la rebaja coyuntural del d\u00f3lar y una 2da vuelta presidencial entre opositores, la presi\u00f3n inflacionaria no ha cedido.<br \/>\nPara frenar y controlar la inflaci\u00f3n, se deber\u00e1 buscar liquidez externa para estabilizar el mercado cambiario y garantizar la provisi\u00f3n de carburantes. Si bien las medidas de reajuste estructural (subvenci\u00f3n, tipo de cambio, d\u00e9ficit fiscal) es lo recomendable, hay que ser mesurados con su implementaci\u00f3n y sus efectos sobre la poblaci\u00f3n, en un escenario pol\u00edtico y social muy vol\u00e1til e incierto, analiz\u00f3.<br \/>\n\u201cEn Sudam\u00e9rica, al no haber datos oficiales y actualizados de Venezuela a agosto, Argentina lidera este ranking de inflaci\u00f3n interanual (33,6%), seguido por Bolivia (24,15%) y m\u00e1s alejado se encuentra Colombia (5,1%). Los pa\u00edses menos inflacionarios ser\u00edan Per\u00fa (1,11%) y Ecuador (0,81%), cuya situaci\u00f3n de este \u00faltimo seguro se revertir\u00e1 por la reciente eliminaci\u00f3n de la subvenci\u00f3n de di\u00e9sel, que generar\u00e1 presiones inflacionarias\u201d, concluy\u00f3.<\/p>\n","protected":false},"excerpt":{"rendered":"<p>Gobierno que asuma la conducci\u00f3n del pa\u00eds en noviembre debe reducir el gasto, estabilizar el d\u00f3lar y abastecer combustibles al mercado interno, para de esta manera iniciar un proceso de estabilizaci\u00f3n de la econom\u00eda y generar una contracci\u00f3n monetaria para frenar la inflaci\u00f3n y la p\u00e9rdida del poder adquisitivo del boliviano. Para el economista y [&hellip;]<\/p>\n","protected":false},"author":1,"featured_media":332347,"comment_status":"closed","ping_status":"open","sticky":false,"template":"","format":"standard","meta":{"_acf_changed":false,"footnotes":""},"categories":[7],"tags":[],"class_list":["post-332346","post","type-post","status-publish","format-standard","has-post-thumbnail","category-economia"],"acf":{"antetitulo":""},"yoast_head":"<!-- This site is optimized with the Yoast SEO plugin v28.3 - https:\/\/yoast.com\/product\/yoast-seo-wordpress\/ -->\n<title>Nuevo gobierno con 3 desaf\u00edos que debe encarar desde inicio de su gesti\u00f3n - El Diario - Bolivia<\/title>\n<meta name=\"robots\" content=\"index, follow, max-snippet:-1, max-image-preview:large, max-video-preview:-1\" \/>\n<link rel=\"canonical\" href=\"https:\/\/www.eldiario.net\/portal\/2025\/09\/19\/nuevo-gobierno-con-3-desafios-que-debe-encarar-desde-inicio-de-su-gestion\/\" \/>\n<meta property=\"og:locale\" content=\"es_ES\" \/>\n<meta property=\"og:type\" content=\"article\" \/>\n<meta property=\"og:title\" content=\"Nuevo gobierno con 3 desaf\u00edos que debe encarar desde inicio de su gesti\u00f3n - El Diario - Bolivia\" \/>\n<meta property=\"og:description\" content=\"Gobierno que asuma la conducci\u00f3n del pa\u00eds en noviembre debe reducir el gasto, estabilizar el d\u00f3lar y abastecer combustibles al mercado interno, para de esta manera iniciar un proceso de estabilizaci\u00f3n de la econom\u00eda y generar una contracci\u00f3n monetaria para frenar la inflaci\u00f3n y la p\u00e9rdida del poder adquisitivo del boliviano. Para el economista y [&hellip;]\" \/>\n<meta property=\"og:url\" content=\"https:\/\/www.eldiario.net\/portal\/2025\/09\/19\/nuevo-gobierno-con-3-desafios-que-debe-encarar-desde-inicio-de-su-gestion\/\" \/>\n<meta property=\"og:site_name\" content=\"El Diario - Bolivia\" \/>\n<meta property=\"article:publisher\" content=\"https:\/\/www.facebook.com\/eldiario.bolivia\/\" \/>\n<meta property=\"article:published_time\" content=\"2025-09-19T05:51:33+00:00\" \/>\n<meta property=\"og:image\" content=\"https:\/\/www.eldiario.net\/portal\/wp-content\/uploads\/2025\/09\/nuevo.webp\" \/>\n\t<meta property=\"og:image:width\" content=\"509\" \/>\n\t<meta property=\"og:image:height\" content=\"649\" \/>\n\t<meta property=\"og:image:type\" content=\"image\/webp\" \/>\n<meta name=\"author\" content=\"Jeanette\" \/>\n<meta name=\"twitter:card\" content=\"summary_large_image\" \/>\n<meta name=\"twitter:creator\" content=\"@eldiario_net\" \/>\n<meta name=\"twitter:site\" content=\"@eldiario_net\" \/>\n<meta name=\"twitter:label1\" content=\"Escrito por\" \/>\n\t<meta name=\"twitter:data1\" content=\"Jeanette\" \/>\n\t<meta name=\"twitter:label2\" content=\"Tiempo de lectura\" \/>\n\t<meta name=\"twitter:data2\" content=\"4 minutos\" \/>\n<script type=\"application\/ld+json\" class=\"yoast-schema-graph\">{\"@context\":\"https:\\\/\\\/schema.org\",\"@graph\":[{\"@type\":\"Article\",\"@id\":\"https:\\\/\\\/www.eldiario.net\\\/portal\\\/2025\\\/09\\\/19\\\/nuevo-gobierno-con-3-desafios-que-debe-encarar-desde-inicio-de-su-gestion\\\/#article\",\"isPartOf\":{\"@id\":\"https:\\\/\\\/www.eldiario.net\\\/portal\\\/2025\\\/09\\\/19\\\/nuevo-gobierno-con-3-desafios-que-debe-encarar-desde-inicio-de-su-gestion\\\/\"},\"author\":{\"name\":\"Jeanette\",\"@id\":\"https:\\\/\\\/www.eldiario.net\\\/portal\\\/#\\\/schema\\\/person\\\/f46445640444750d7d753ccd04ae01b7\"},\"headline\":\"Nuevo gobierno con 3 desaf\u00edos que debe encarar desde inicio de su gesti\u00f3n\",\"datePublished\":\"2025-09-19T05:51:33+00:00\",\"mainEntityOfPage\":{\"@id\":\"https:\\\/\\\/www.eldiario.net\\\/portal\\\/2025\\\/09\\\/19\\\/nuevo-gobierno-con-3-desafios-que-debe-encarar-desde-inicio-de-su-gestion\\\/\"},\"wordCount\":810,\"publisher\":{\"@id\":\"https:\\\/\\\/www.eldiario.net\\\/portal\\\/#organization\"},\"image\":{\"@id\":\"https:\\\/\\\/www.eldiario.net\\\/portal\\\/2025\\\/09\\\/19\\\/nuevo-gobierno-con-3-desafios-que-debe-encarar-desde-inicio-de-su-gestion\\\/#primaryimage\"},\"thumbnailUrl\":\"https:\\\/\\\/www.eldiario.net\\\/portal\\\/wp-content\\\/uploads\\\/2025\\\/09\\\/nuevo.webp\",\"articleSection\":[\"Econom\u00eda\"],\"inLanguage\":\"es\"},{\"@type\":\"WebPage\",\"@id\":\"https:\\\/\\\/www.eldiario.net\\\/portal\\\/2025\\\/09\\\/19\\\/nuevo-gobierno-con-3-desafios-que-debe-encarar-desde-inicio-de-su-gestion\\\/\",\"url\":\"https:\\\/\\\/www.eldiario.net\\\/portal\\\/2025\\\/09\\\/19\\\/nuevo-gobierno-con-3-desafios-que-debe-encarar-desde-inicio-de-su-gestion\\\/\",\"name\":\"Nuevo gobierno con 3 desaf\u00edos que debe encarar desde inicio de su gesti\u00f3n - El Diario - Bolivia\",\"isPartOf\":{\"@id\":\"https:\\\/\\\/www.eldiario.net\\\/portal\\\/#website\"},\"primaryImageOfPage\":{\"@id\":\"https:\\\/\\\/www.eldiario.net\\\/portal\\\/2025\\\/09\\\/19\\\/nuevo-gobierno-con-3-desafios-que-debe-encarar-desde-inicio-de-su-gestion\\\/#primaryimage\"},\"image\":{\"@id\":\"https:\\\/\\\/www.eldiario.net\\\/portal\\\/2025\\\/09\\\/19\\\/nuevo-gobierno-con-3-desafios-que-debe-encarar-desde-inicio-de-su-gestion\\\/#primaryimage\"},\"thumbnailUrl\":\"https:\\\/\\\/www.eldiario.net\\\/portal\\\/wp-content\\\/uploads\\\/2025\\\/09\\\/nuevo.webp\",\"datePublished\":\"2025-09-19T05:51:33+00:00\",\"breadcrumb\":{\"@id\":\"https:\\\/\\\/www.eldiario.net\\\/portal\\\/2025\\\/09\\\/19\\\/nuevo-gobierno-con-3-desafios-que-debe-encarar-desde-inicio-de-su-gestion\\\/#breadcrumb\"},\"inLanguage\":\"es\",\"potentialAction\":[{\"@type\":\"ReadAction\",\"target\":[\"https:\\\/\\\/www.eldiario.net\\\/portal\\\/2025\\\/09\\\/19\\\/nuevo-gobierno-con-3-desafios-que-debe-encarar-desde-inicio-de-su-gestion\\\/\"]}]},{\"@type\":\"ImageObject\",\"inLanguage\":\"es\",\"@id\":\"https:\\\/\\\/www.eldiario.net\\\/portal\\\/2025\\\/09\\\/19\\\/nuevo-gobierno-con-3-desafios-que-debe-encarar-desde-inicio-de-su-gestion\\\/#primaryimage\",\"url\":\"https:\\\/\\\/www.eldiario.net\\\/portal\\\/wp-content\\\/uploads\\\/2025\\\/09\\\/nuevo.webp\",\"contentUrl\":\"https:\\\/\\\/www.eldiario.net\\\/portal\\\/wp-content\\\/uploads\\\/2025\\\/09\\\/nuevo.webp\",\"width\":509,\"height\":649,\"caption\":\"Bolivia entre las econom\u00edas m\u00e1s inflacionarias.\"},{\"@type\":\"BreadcrumbList\",\"@id\":\"https:\\\/\\\/www.eldiario.net\\\/portal\\\/2025\\\/09\\\/19\\\/nuevo-gobierno-con-3-desafios-que-debe-encarar-desde-inicio-de-su-gestion\\\/#breadcrumb\",\"itemListElement\":[{\"@type\":\"ListItem\",\"position\":1,\"name\":\"Portada\",\"item\":\"https:\\\/\\\/www.eldiario.net\\\/portal\\\/\"},{\"@type\":\"ListItem\",\"position\":2,\"name\":\"Nuevo gobierno con 3 desaf\u00edos que debe encarar desde inicio de su gesti\u00f3n\"}]},{\"@type\":\"WebSite\",\"@id\":\"https:\\\/\\\/www.eldiario.net\\\/portal\\\/#website\",\"url\":\"https:\\\/\\\/www.eldiario.net\\\/portal\\\/\",\"name\":\"El Diario - Decano de la prensa nacional\",\"description\":\"El Diario - Decano de la prensa nacional\",\"publisher\":{\"@id\":\"https:\\\/\\\/www.eldiario.net\\\/portal\\\/#organization\"},\"potentialAction\":[{\"@type\":\"SearchAction\",\"target\":{\"@type\":\"EntryPoint\",\"urlTemplate\":\"https:\\\/\\\/www.eldiario.net\\\/portal\\\/?s={search_term_string}\"},\"query-input\":{\"@type\":\"PropertyValueSpecification\",\"valueRequired\":true,\"valueName\":\"search_term_string\"}}],\"inLanguage\":\"es\"},{\"@type\":\"Organization\",\"@id\":\"https:\\\/\\\/www.eldiario.net\\\/portal\\\/#organization\",\"name\":\"El Diario - Decano de la prensa nacional\",\"url\":\"https:\\\/\\\/www.eldiario.net\\\/portal\\\/\",\"logo\":{\"@type\":\"ImageObject\",\"inLanguage\":\"es\",\"@id\":\"https:\\\/\\\/www.eldiario.net\\\/portal\\\/#\\\/schema\\\/logo\\\/image\\\/\",\"url\":\"https:\\\/\\\/www.eldiario.net\\\/portal\\\/wp-content\\\/uploads\\\/2023\\\/07\\\/logo_ED.jpg\",\"contentUrl\":\"https:\\\/\\\/www.eldiario.net\\\/portal\\\/wp-content\\\/uploads\\\/2023\\\/07\\\/logo_ED.jpg\",\"width\":272,\"height\":52,\"caption\":\"El Diario - Decano de la prensa nacional\"},\"image\":{\"@id\":\"https:\\\/\\\/www.eldiario.net\\\/portal\\\/#\\\/schema\\\/logo\\\/image\\\/\"},\"sameAs\":[\"https:\\\/\\\/www.facebook.com\\\/eldiario.bolivia\\\/\",\"https:\\\/\\\/x.com\\\/eldiario_net\"]},{\"@type\":\"Person\",\"@id\":\"https:\\\/\\\/www.eldiario.net\\\/portal\\\/#\\\/schema\\\/person\\\/f46445640444750d7d753ccd04ae01b7\",\"name\":\"Jeanette\",\"image\":{\"@type\":\"ImageObject\",\"inLanguage\":\"es\",\"@id\":\"https:\\\/\\\/secure.gravatar.com\\\/avatar\\\/3ea2118a5f7dad2b7138b1187a6b7ee55f160b9968b66013c3a3ef39dd7e5798?s=96&d=mm&r=g\",\"url\":\"https:\\\/\\\/secure.gravatar.com\\\/avatar\\\/3ea2118a5f7dad2b7138b1187a6b7ee55f160b9968b66013c3a3ef39dd7e5798?s=96&d=mm&r=g\",\"contentUrl\":\"https:\\\/\\\/secure.gravatar.com\\\/avatar\\\/3ea2118a5f7dad2b7138b1187a6b7ee55f160b9968b66013c3a3ef39dd7e5798?s=96&d=mm&r=g\",\"caption\":\"Jeanette\"},\"sameAs\":[\"https:\\\/\\\/www.eldiario.net\\\/portal\"],\"url\":\"https:\\\/\\\/www.eldiario.net\\\/portal\\\/author\\\/jeanette\\\/\"}]}<\/script>\n<!-- \/ Yoast SEO plugin. -->","yoast_head_json":{"title":"Nuevo gobierno con 3 desaf\u00edos que debe encarar desde inicio de su gesti\u00f3n - El Diario - Bolivia","robots":{"index":"index","follow":"follow","max-snippet":"max-snippet:-1","max-image-preview":"max-image-preview:large","max-video-preview":"max-video-preview:-1"},"canonical":"https:\/\/www.eldiario.net\/portal\/2025\/09\/19\/nuevo-gobierno-con-3-desafios-que-debe-encarar-desde-inicio-de-su-gestion\/","og_locale":"es_ES","og_type":"article","og_title":"Nuevo gobierno con 3 desaf\u00edos que debe encarar desde inicio de su gesti\u00f3n - El Diario - Bolivia","og_description":"Gobierno que asuma la conducci\u00f3n del pa\u00eds en noviembre debe reducir el gasto, estabilizar el d\u00f3lar y abastecer combustibles al mercado interno, para de esta manera iniciar un proceso de estabilizaci\u00f3n de la econom\u00eda y generar una contracci\u00f3n monetaria para frenar la inflaci\u00f3n y la p\u00e9rdida del poder adquisitivo del boliviano. Para el economista y [&hellip;]","og_url":"https:\/\/www.eldiario.net\/portal\/2025\/09\/19\/nuevo-gobierno-con-3-desafios-que-debe-encarar-desde-inicio-de-su-gestion\/","og_site_name":"El Diario - Bolivia","article_publisher":"https:\/\/www.facebook.com\/eldiario.bolivia\/","article_published_time":"2025-09-19T05:51:33+00:00","og_image":[{"width":509,"height":649,"url":"https:\/\/www.eldiario.net\/portal\/wp-content\/uploads\/2025\/09\/nuevo.webp","type":"image\/webp"}],"author":"Jeanette","twitter_card":"summary_large_image","twitter_creator":"@eldiario_net","twitter_site":"@eldiario_net","twitter_misc":{"Escrito por":"Jeanette","Tiempo de lectura":"4 minutos"},"schema":{"@context":"https:\/\/schema.org","@graph":[{"@type":"Article","@id":"https:\/\/www.eldiario.net\/portal\/2025\/09\/19\/nuevo-gobierno-con-3-desafios-que-debe-encarar-desde-inicio-de-su-gestion\/#article","isPartOf":{"@id":"https:\/\/www.eldiario.net\/portal\/2025\/09\/19\/nuevo-gobierno-con-3-desafios-que-debe-encarar-desde-inicio-de-su-gestion\/"},"author":{"name":"Jeanette","@id":"https:\/\/www.eldiario.net\/portal\/#\/schema\/person\/f46445640444750d7d753ccd04ae01b7"},"headline":"Nuevo gobierno con 3 desaf\u00edos que debe encarar desde inicio de su gesti\u00f3n","datePublished":"2025-09-19T05:51:33+00:00","mainEntityOfPage":{"@id":"https:\/\/www.eldiario.net\/portal\/2025\/09\/19\/nuevo-gobierno-con-3-desafios-que-debe-encarar-desde-inicio-de-su-gestion\/"},"wordCount":810,"publisher":{"@id":"https:\/\/www.eldiario.net\/portal\/#organization"},"image":{"@id":"https:\/\/www.eldiario.net\/portal\/2025\/09\/19\/nuevo-gobierno-con-3-desafios-que-debe-encarar-desde-inicio-de-su-gestion\/#primaryimage"},"thumbnailUrl":"https:\/\/www.eldiario.net\/portal\/wp-content\/uploads\/2025\/09\/nuevo.webp","articleSection":["Econom\u00eda"],"inLanguage":"es"},{"@type":"WebPage","@id":"https:\/\/www.eldiario.net\/portal\/2025\/09\/19\/nuevo-gobierno-con-3-desafios-que-debe-encarar-desde-inicio-de-su-gestion\/","url":"https:\/\/www.eldiario.net\/portal\/2025\/09\/19\/nuevo-gobierno-con-3-desafios-que-debe-encarar-desde-inicio-de-su-gestion\/","name":"Nuevo gobierno con 3 desaf\u00edos que debe encarar desde inicio de su gesti\u00f3n - El Diario - Bolivia","isPartOf":{"@id":"https:\/\/www.eldiario.net\/portal\/#website"},"primaryImageOfPage":{"@id":"https:\/\/www.eldiario.net\/portal\/2025\/09\/19\/nuevo-gobierno-con-3-desafios-que-debe-encarar-desde-inicio-de-su-gestion\/#primaryimage"},"image":{"@id":"https:\/\/www.eldiario.net\/portal\/2025\/09\/19\/nuevo-gobierno-con-3-desafios-que-debe-encarar-desde-inicio-de-su-gestion\/#primaryimage"},"thumbnailUrl":"https:\/\/www.eldiario.net\/portal\/wp-content\/uploads\/2025\/09\/nuevo.webp","datePublished":"2025-09-19T05:51:33+00:00","breadcrumb":{"@id":"https:\/\/www.eldiario.net\/portal\/2025\/09\/19\/nuevo-gobierno-con-3-desafios-que-debe-encarar-desde-inicio-de-su-gestion\/#breadcrumb"},"inLanguage":"es","potentialAction":[{"@type":"ReadAction","target":["https:\/\/www.eldiario.net\/portal\/2025\/09\/19\/nuevo-gobierno-con-3-desafios-que-debe-encarar-desde-inicio-de-su-gestion\/"]}]},{"@type":"ImageObject","inLanguage":"es","@id":"https:\/\/www.eldiario.net\/portal\/2025\/09\/19\/nuevo-gobierno-con-3-desafios-que-debe-encarar-desde-inicio-de-su-gestion\/#primaryimage","url":"https:\/\/www.eldiario.net\/portal\/wp-content\/uploads\/2025\/09\/nuevo.webp","contentUrl":"https:\/\/www.eldiario.net\/portal\/wp-content\/uploads\/2025\/09\/nuevo.webp","width":509,"height":649,"caption":"Bolivia entre las econom\u00edas m\u00e1s inflacionarias."},{"@type":"BreadcrumbList","@id":"https:\/\/www.eldiario.net\/portal\/2025\/09\/19\/nuevo-gobierno-con-3-desafios-que-debe-encarar-desde-inicio-de-su-gestion\/#breadcrumb","itemListElement":[{"@type":"ListItem","position":1,"name":"Portada","item":"https:\/\/www.eldiario.net\/portal\/"},{"@type":"ListItem","position":2,"name":"Nuevo gobierno con 3 desaf\u00edos que debe encarar desde inicio de su gesti\u00f3n"}]},{"@type":"WebSite","@id":"https:\/\/www.eldiario.net\/portal\/#website","url":"https:\/\/www.eldiario.net\/portal\/","name":"El Diario - Decano de la prensa nacional","description":"El Diario - Decano de la prensa nacional","publisher":{"@id":"https:\/\/www.eldiario.net\/portal\/#organization"},"potentialAction":[{"@type":"SearchAction","target":{"@type":"EntryPoint","urlTemplate":"https:\/\/www.eldiario.net\/portal\/?s={search_term_string}"},"query-input":{"@type":"PropertyValueSpecification","valueRequired":true,"valueName":"search_term_string"}}],"inLanguage":"es"},{"@type":"Organization","@id":"https:\/\/www.eldiario.net\/portal\/#organization","name":"El Diario - Decano de la prensa nacional","url":"https:\/\/www.eldiario.net\/portal\/","logo":{"@type":"ImageObject","inLanguage":"es","@id":"https:\/\/www.eldiario.net\/portal\/#\/schema\/logo\/image\/","url":"https:\/\/www.eldiario.net\/portal\/wp-content\/uploads\/2023\/07\/logo_ED.jpg","contentUrl":"https:\/\/www.eldiario.net\/portal\/wp-content\/uploads\/2023\/07\/logo_ED.jpg","width":272,"height":52,"caption":"El Diario - Decano de la prensa nacional"},"image":{"@id":"https:\/\/www.eldiario.net\/portal\/#\/schema\/logo\/image\/"},"sameAs":["https:\/\/www.facebook.com\/eldiario.bolivia\/","https:\/\/x.com\/eldiario_net"]},{"@type":"Person","@id":"https:\/\/www.eldiario.net\/portal\/#\/schema\/person\/f46445640444750d7d753ccd04ae01b7","name":"Jeanette","image":{"@type":"ImageObject","inLanguage":"es","@id":"https:\/\/secure.gravatar.com\/avatar\/3ea2118a5f7dad2b7138b1187a6b7ee55f160b9968b66013c3a3ef39dd7e5798?s=96&d=mm&r=g","url":"https:\/\/secure.gravatar.com\/avatar\/3ea2118a5f7dad2b7138b1187a6b7ee55f160b9968b66013c3a3ef39dd7e5798?s=96&d=mm&r=g","contentUrl":"https:\/\/secure.gravatar.com\/avatar\/3ea2118a5f7dad2b7138b1187a6b7ee55f160b9968b66013c3a3ef39dd7e5798?s=96&d=mm&r=g","caption":"Jeanette"},"sameAs":["https:\/\/www.eldiario.net\/portal"],"url":"https:\/\/www.eldiario.net\/portal\/author\/jeanette\/"}]}},"_links":{"self":[{"href":"https:\/\/www.eldiario.net\/portal\/wp-json\/wp\/v2\/posts\/332346","targetHints":{"allow":["GET"]}}],"collection":[{"href":"https:\/\/www.eldiario.net\/portal\/wp-json\/wp\/v2\/posts"}],"about":[{"href":"https:\/\/www.eldiario.net\/portal\/wp-json\/wp\/v2\/types\/post"}],"author":[{"embeddable":true,"href":"https:\/\/www.eldiario.net\/portal\/wp-json\/wp\/v2\/users\/1"}],"replies":[{"embeddable":true,"href":"https:\/\/www.eldiario.net\/portal\/wp-json\/wp\/v2\/comments?post=332346"}],"version-history":[{"count":1,"href":"https:\/\/www.eldiario.net\/portal\/wp-json\/wp\/v2\/posts\/332346\/revisions"}],"predecessor-version":[{"id":332348,"href":"https:\/\/www.eldiario.net\/portal\/wp-json\/wp\/v2\/posts\/332346\/revisions\/332348"}],"wp:featuredmedia":[{"embeddable":true,"href":"https:\/\/www.eldiario.net\/portal\/wp-json\/wp\/v2\/media\/332347"}],"wp:attachment":[{"href":"https:\/\/www.eldiario.net\/portal\/wp-json\/wp\/v2\/media?parent=332346"}],"wp:term":[{"taxonomy":"category","embeddable":true,"href":"https:\/\/www.eldiario.net\/portal\/wp-json\/wp\/v2\/categories?post=332346"},{"taxonomy":"post_tag","embeddable":true,"href":"https:\/\/www.eldiario.net\/portal\/wp-json\/wp\/v2\/tags?post=332346"}],"curies":[{"name":"wp","href":"https:\/\/api.w.org\/{rel}","templated":true}]}}