{"id":332340,"date":"2025-09-19T01:48:38","date_gmt":"2025-09-19T05:48:38","guid":{"rendered":"https:\/\/www.eldiario.net\/portal\/?p=332340"},"modified":"2025-09-18T23:49:14","modified_gmt":"2025-09-19T03:49:14","slug":"cual-candidato-podra-llevar-a-evo-ante-la-justicia","status":"publish","type":"post","link":"https:\/\/www.eldiario.net\/portal\/2025\/09\/19\/cual-candidato-podra-llevar-a-evo-ante-la-justicia\/","title":{"rendered":"\u00bfCu\u00e1l candidato podr\u00e1 llevar a Evo ante la justicia?"},"content":{"rendered":"<p>Una de las preguntas m\u00e1s recurrentes en la \u00faltima elecci\u00f3n fue cu\u00e1l ser\u00eda la postura adoptada respecto a Evo Morales. La gran mayor\u00eda de candidatos afirmaron que har\u00edan cumplir la ley y lo llevar\u00edan ante la justicia. Respecto a los dos que quedan en carrera, Quiroga ha afirmado que meter\u00eda preso a Evo sin titubeos, mientras que Paz, en un tono m\u00e1s cauteloso, ha dicho que har\u00e1 cumplir la ley. De una u otra forma, ambos dan a entender que Evo ser\u00e1 aprehendido; mas, de los dichos a la pr\u00e1ctica hay mucha diferencia y debemos analizar si alguno de los dos lograr\u00e1 esa \u201chaza\u00f1a\u201d.<br \/>\nMi primera impresi\u00f3n es que ninguno de los dos podr\u00e1 meter preso a Evo: es factible que lo dejen refugiado en el Tr\u00f3pico de Cochabamba o bien que faciliten su escape a otro pa\u00eds. Lo que m\u00e1s me extra\u00f1a es que Evo est\u00e1 tranquilo en el Chapare; no se nota la preocupaci\u00f3n de alguien que podr\u00eda pasar a estar en prisi\u00f3n, como si supiera con total calma que ambos candidatos lo dejar\u00e1n intacto.<br \/>\nEncarcelar a Evo no es f\u00e1cil y podr\u00eda ser el detonante de m\u00faltiples convulsiones y, posiblemente, de una ca\u00edda prematura del siguiente gobierno. En pol\u00edtica, para actuar de manera contundente se deben tener una serie de factores a favor; de lo contrario se corre el riesgo de \u201cperderlo todo\u201d.<br \/>\nSi bien Morales es el pol\u00edtico m\u00e1s repudiado en muchos sectores de Bolivia, tambi\u00e9n es el \u00fanico que cuenta con militancia leal. El porcentaje de voto nulo en las \u00faltimas elecciones y la ca\u00edda del MAS muestran c\u00f3mo Evo sigue siendo un l\u00edder poderoso. No hablamos de una Jeanine A\u00f1ez, a quien apresar fue \u201cpan comido\u201d; Evo cuenta con respaldo en ciertos sectores de la poblaci\u00f3n y llevarlo ante la justicia ser\u00e1 un desaf\u00edo.<br \/>\nEl gobierno que busque \u201ccumplir la ley\u201d debe ser fuerte; en caso contrario, la operaci\u00f3n de encarcelamiento de Evo puede resultarle bastante cara. Cuando hablamos del sector cocalero no hablamos de un sector pac\u00edfico, sino de uno ca\u00f3tico y combativo que ha puesto a muchos gobiernos en jaque. Hoy cuentan con mucho m\u00e1s poder que antes y son, sin dudas, uno de los sectores m\u00e1s fuertes; vencerlos ser\u00e1 una tarea compleja.<br \/>\nReitero mi idea: encarcelar a Evo debe ser obra de un gobierno fuerte, pero tambi\u00e9n se necesita un presidente con car\u00e1cter, capaz de asumir el costo social respectivo. Paz es el que tiene m\u00e1s chances de contar con un gobierno fuerte, mientras que, para muchos (yo no), Quiroga ser\u00eda quien m\u00e1s car\u00e1cter tiene de los dos y quien encarcelar\u00eda a Evo.<br \/>\nEl gobierno fuerte solo puede tenerlo Paz, tal como van las cosas; mas eso no basta. Respecto al car\u00e1cter, para m\u00ed ninguno de los dos lo tiene totalmente, ni el perfil necesario para traer orden. Paz en sus intervenciones siempre se ha mostrado conciliador y no muestra rasgos de ser alguien combativo y contundente. Quiroga, por su parte, si bien parece contar con m\u00e1s \u201ccar\u00e1cter\u201d, tiene la desventaja de que en m\u00faltiples ocasiones dice algo y termina haciendo otra cosa. Por otra parte, su posici\u00f3n de \u201cpe\u00f3n\u201d ante organismos internacionales y la comunidad internacional lo limita a las disposiciones externas, lo que har\u00eda dif\u00edcil imponer orden si el caos legara a escalar.<br \/>\nNinguno de los dos candidatos me da la impresi\u00f3n de poder llevar a Evo ante la justicia; m\u00e1s all\u00e1 de un gobierno fuerte, se necesita ser contundente y estar dispuesto a asumir el costo social. Me temo que ambos dejar\u00e1n a Morales tranquilo en el Tr\u00f3pico o le facilitar\u00e1n un escape.<br \/>\nRepito: no es una tarea sencilla llevar al criminal Morales ante la justicia; peor a\u00fan para un gobierno que deber\u00e1 afrontar una grave crisis: cualquier error puede provocar convulsiones y una renuncia prematura. Espero equivocarme.<\/p>\n<p>Fabianfreirel060901@gmail.com<\/p>\n","protected":false},"excerpt":{"rendered":"<p>Una de las preguntas m\u00e1s recurrentes en la \u00faltima elecci\u00f3n fue cu\u00e1l ser\u00eda la postura adoptada respecto a Evo Morales. La gran mayor\u00eda de candidatos afirmaron que har\u00edan cumplir la ley y lo llevar\u00edan ante la justicia. Respecto a los dos que quedan en carrera, Quiroga ha afirmado que meter\u00eda preso a Evo sin titubeos, [&hellip;]<\/p>\n","protected":false},"author":1,"featured_media":161834,"comment_status":"closed","ping_status":"open","sticky":false,"template":"","format":"standard","meta":{"_acf_changed":false,"footnotes":""},"categories":[9],"tags":[],"class_list":["post-332340","post","type-post","status-publish","format-standard","has-post-thumbnail","category-opinion"],"acf":{"antetitulo":""},"yoast_head":"<!-- This site is optimized with the Yoast SEO plugin v28.3 - https:\/\/yoast.com\/product\/yoast-seo-wordpress\/ -->\n<title>\u00bfCu\u00e1l candidato podr\u00e1 llevar a Evo ante la justicia? - El Diario - Bolivia<\/title>\n<meta name=\"robots\" content=\"index, follow, max-snippet:-1, max-image-preview:large, max-video-preview:-1\" \/>\n<link rel=\"canonical\" href=\"https:\/\/www.eldiario.net\/portal\/2025\/09\/19\/cual-candidato-podra-llevar-a-evo-ante-la-justicia\/\" \/>\n<meta property=\"og:locale\" content=\"es_ES\" \/>\n<meta property=\"og:type\" content=\"article\" \/>\n<meta property=\"og:title\" content=\"\u00bfCu\u00e1l candidato podr\u00e1 llevar a Evo ante la justicia? - El Diario - Bolivia\" \/>\n<meta property=\"og:description\" content=\"Una de las preguntas m\u00e1s recurrentes en la \u00faltima elecci\u00f3n fue cu\u00e1l ser\u00eda la postura adoptada respecto a Evo Morales. La gran mayor\u00eda de candidatos afirmaron que har\u00edan cumplir la ley y lo llevar\u00edan ante la justicia. Respecto a los dos que quedan en carrera, Quiroga ha afirmado que meter\u00eda preso a Evo sin titubeos, [&hellip;]\" \/>\n<meta property=\"og:url\" content=\"https:\/\/www.eldiario.net\/portal\/2025\/09\/19\/cual-candidato-podra-llevar-a-evo-ante-la-justicia\/\" \/>\n<meta property=\"og:site_name\" content=\"El Diario - Bolivia\" \/>\n<meta property=\"article:publisher\" content=\"https:\/\/www.facebook.com\/eldiario.bolivia\/\" \/>\n<meta property=\"article:published_time\" content=\"2025-09-19T05:48:38+00:00\" \/>\n<meta property=\"og:image\" content=\"https:\/\/www.eldiario.net\/portal\/wp-content\/uploads\/2023\/06\/Fabian-Freire.jpg\" \/>\n\t<meta property=\"og:image:width\" content=\"1200\" \/>\n\t<meta property=\"og:image:height\" content=\"628\" \/>\n\t<meta property=\"og:image:type\" content=\"image\/jpeg\" \/>\n<meta name=\"author\" content=\"Jeanette\" \/>\n<meta name=\"twitter:card\" content=\"summary_large_image\" \/>\n<meta name=\"twitter:creator\" content=\"@eldiario_net\" \/>\n<meta name=\"twitter:site\" content=\"@eldiario_net\" \/>\n<meta name=\"twitter:label1\" content=\"Escrito por\" \/>\n\t<meta name=\"twitter:data1\" content=\"Jeanette\" \/>\n\t<meta name=\"twitter:label2\" content=\"Tiempo de lectura\" \/>\n\t<meta name=\"twitter:data2\" content=\"4 minutos\" \/>\n<script type=\"application\/ld+json\" class=\"yoast-schema-graph\">{\"@context\":\"https:\\\/\\\/schema.org\",\"@graph\":[{\"@type\":\"Article\",\"@id\":\"https:\\\/\\\/www.eldiario.net\\\/portal\\\/2025\\\/09\\\/19\\\/cual-candidato-podra-llevar-a-evo-ante-la-justicia\\\/#article\",\"isPartOf\":{\"@id\":\"https:\\\/\\\/www.eldiario.net\\\/portal\\\/2025\\\/09\\\/19\\\/cual-candidato-podra-llevar-a-evo-ante-la-justicia\\\/\"},\"author\":{\"name\":\"Jeanette\",\"@id\":\"https:\\\/\\\/www.eldiario.net\\\/portal\\\/#\\\/schema\\\/person\\\/f46445640444750d7d753ccd04ae01b7\"},\"headline\":\"\u00bfCu\u00e1l candidato podr\u00e1 llevar a Evo ante la justicia?\",\"datePublished\":\"2025-09-19T05:48:38+00:00\",\"mainEntityOfPage\":{\"@id\":\"https:\\\/\\\/www.eldiario.net\\\/portal\\\/2025\\\/09\\\/19\\\/cual-candidato-podra-llevar-a-evo-ante-la-justicia\\\/\"},\"wordCount\":703,\"publisher\":{\"@id\":\"https:\\\/\\\/www.eldiario.net\\\/portal\\\/#organization\"},\"image\":{\"@id\":\"https:\\\/\\\/www.eldiario.net\\\/portal\\\/2025\\\/09\\\/19\\\/cual-candidato-podra-llevar-a-evo-ante-la-justicia\\\/#primaryimage\"},\"thumbnailUrl\":\"https:\\\/\\\/www.eldiario.net\\\/portal\\\/wp-content\\\/uploads\\\/2023\\\/06\\\/Fabian-Freire.jpg\",\"articleSection\":[\"Opini\u00f3n\"],\"inLanguage\":\"es\"},{\"@type\":\"WebPage\",\"@id\":\"https:\\\/\\\/www.eldiario.net\\\/portal\\\/2025\\\/09\\\/19\\\/cual-candidato-podra-llevar-a-evo-ante-la-justicia\\\/\",\"url\":\"https:\\\/\\\/www.eldiario.net\\\/portal\\\/2025\\\/09\\\/19\\\/cual-candidato-podra-llevar-a-evo-ante-la-justicia\\\/\",\"name\":\"\u00bfCu\u00e1l candidato podr\u00e1 llevar a Evo ante la justicia? - El Diario - Bolivia\",\"isPartOf\":{\"@id\":\"https:\\\/\\\/www.eldiario.net\\\/portal\\\/#website\"},\"primaryImageOfPage\":{\"@id\":\"https:\\\/\\\/www.eldiario.net\\\/portal\\\/2025\\\/09\\\/19\\\/cual-candidato-podra-llevar-a-evo-ante-la-justicia\\\/#primaryimage\"},\"image\":{\"@id\":\"https:\\\/\\\/www.eldiario.net\\\/portal\\\/2025\\\/09\\\/19\\\/cual-candidato-podra-llevar-a-evo-ante-la-justicia\\\/#primaryimage\"},\"thumbnailUrl\":\"https:\\\/\\\/www.eldiario.net\\\/portal\\\/wp-content\\\/uploads\\\/2023\\\/06\\\/Fabian-Freire.jpg\",\"datePublished\":\"2025-09-19T05:48:38+00:00\",\"breadcrumb\":{\"@id\":\"https:\\\/\\\/www.eldiario.net\\\/portal\\\/2025\\\/09\\\/19\\\/cual-candidato-podra-llevar-a-evo-ante-la-justicia\\\/#breadcrumb\"},\"inLanguage\":\"es\",\"potentialAction\":[{\"@type\":\"ReadAction\",\"target\":[\"https:\\\/\\\/www.eldiario.net\\\/portal\\\/2025\\\/09\\\/19\\\/cual-candidato-podra-llevar-a-evo-ante-la-justicia\\\/\"]}]},{\"@type\":\"ImageObject\",\"inLanguage\":\"es\",\"@id\":\"https:\\\/\\\/www.eldiario.net\\\/portal\\\/2025\\\/09\\\/19\\\/cual-candidato-podra-llevar-a-evo-ante-la-justicia\\\/#primaryimage\",\"url\":\"https:\\\/\\\/www.eldiario.net\\\/portal\\\/wp-content\\\/uploads\\\/2023\\\/06\\\/Fabian-Freire.jpg\",\"contentUrl\":\"https:\\\/\\\/www.eldiario.net\\\/portal\\\/wp-content\\\/uploads\\\/2023\\\/06\\\/Fabian-Freire.jpg\",\"width\":1200,\"height\":628,\"caption\":\"Fabian Freire\"},{\"@type\":\"BreadcrumbList\",\"@id\":\"https:\\\/\\\/www.eldiario.net\\\/portal\\\/2025\\\/09\\\/19\\\/cual-candidato-podra-llevar-a-evo-ante-la-justicia\\\/#breadcrumb\",\"itemListElement\":[{\"@type\":\"ListItem\",\"position\":1,\"name\":\"Portada\",\"item\":\"https:\\\/\\\/www.eldiario.net\\\/portal\\\/\"},{\"@type\":\"ListItem\",\"position\":2,\"name\":\"\u00bfCu\u00e1l candidato podr\u00e1 llevar a Evo ante la justicia?\"}]},{\"@type\":\"WebSite\",\"@id\":\"https:\\\/\\\/www.eldiario.net\\\/portal\\\/#website\",\"url\":\"https:\\\/\\\/www.eldiario.net\\\/portal\\\/\",\"name\":\"El Diario - Decano de la prensa nacional\",\"description\":\"El Diario - Decano de la prensa nacional\",\"publisher\":{\"@id\":\"https:\\\/\\\/www.eldiario.net\\\/portal\\\/#organization\"},\"potentialAction\":[{\"@type\":\"SearchAction\",\"target\":{\"@type\":\"EntryPoint\",\"urlTemplate\":\"https:\\\/\\\/www.eldiario.net\\\/portal\\\/?s={search_term_string}\"},\"query-input\":{\"@type\":\"PropertyValueSpecification\",\"valueRequired\":true,\"valueName\":\"search_term_string\"}}],\"inLanguage\":\"es\"},{\"@type\":\"Organization\",\"@id\":\"https:\\\/\\\/www.eldiario.net\\\/portal\\\/#organization\",\"name\":\"El Diario - Decano de la prensa nacional\",\"url\":\"https:\\\/\\\/www.eldiario.net\\\/portal\\\/\",\"logo\":{\"@type\":\"ImageObject\",\"inLanguage\":\"es\",\"@id\":\"https:\\\/\\\/www.eldiario.net\\\/portal\\\/#\\\/schema\\\/logo\\\/image\\\/\",\"url\":\"https:\\\/\\\/www.eldiario.net\\\/portal\\\/wp-content\\\/uploads\\\/2023\\\/07\\\/logo_ED.jpg\",\"contentUrl\":\"https:\\\/\\\/www.eldiario.net\\\/portal\\\/wp-content\\\/uploads\\\/2023\\\/07\\\/logo_ED.jpg\",\"width\":272,\"height\":52,\"caption\":\"El Diario - Decano de la prensa nacional\"},\"image\":{\"@id\":\"https:\\\/\\\/www.eldiario.net\\\/portal\\\/#\\\/schema\\\/logo\\\/image\\\/\"},\"sameAs\":[\"https:\\\/\\\/www.facebook.com\\\/eldiario.bolivia\\\/\",\"https:\\\/\\\/x.com\\\/eldiario_net\"]},{\"@type\":\"Person\",\"@id\":\"https:\\\/\\\/www.eldiario.net\\\/portal\\\/#\\\/schema\\\/person\\\/f46445640444750d7d753ccd04ae01b7\",\"name\":\"Jeanette\",\"image\":{\"@type\":\"ImageObject\",\"inLanguage\":\"es\",\"@id\":\"https:\\\/\\\/secure.gravatar.com\\\/avatar\\\/3ea2118a5f7dad2b7138b1187a6b7ee55f160b9968b66013c3a3ef39dd7e5798?s=96&d=mm&r=g\",\"url\":\"https:\\\/\\\/secure.gravatar.com\\\/avatar\\\/3ea2118a5f7dad2b7138b1187a6b7ee55f160b9968b66013c3a3ef39dd7e5798?s=96&d=mm&r=g\",\"contentUrl\":\"https:\\\/\\\/secure.gravatar.com\\\/avatar\\\/3ea2118a5f7dad2b7138b1187a6b7ee55f160b9968b66013c3a3ef39dd7e5798?s=96&d=mm&r=g\",\"caption\":\"Jeanette\"},\"sameAs\":[\"https:\\\/\\\/www.eldiario.net\\\/portal\"],\"url\":\"https:\\\/\\\/www.eldiario.net\\\/portal\\\/author\\\/jeanette\\\/\"}]}<\/script>\n<!-- \/ Yoast SEO plugin. -->","yoast_head_json":{"title":"\u00bfCu\u00e1l candidato podr\u00e1 llevar a Evo ante la justicia? - El Diario - Bolivia","robots":{"index":"index","follow":"follow","max-snippet":"max-snippet:-1","max-image-preview":"max-image-preview:large","max-video-preview":"max-video-preview:-1"},"canonical":"https:\/\/www.eldiario.net\/portal\/2025\/09\/19\/cual-candidato-podra-llevar-a-evo-ante-la-justicia\/","og_locale":"es_ES","og_type":"article","og_title":"\u00bfCu\u00e1l candidato podr\u00e1 llevar a Evo ante la justicia? - El Diario - Bolivia","og_description":"Una de las preguntas m\u00e1s recurrentes en la \u00faltima elecci\u00f3n fue cu\u00e1l ser\u00eda la postura adoptada respecto a Evo Morales. La gran mayor\u00eda de candidatos afirmaron que har\u00edan cumplir la ley y lo llevar\u00edan ante la justicia. Respecto a los dos que quedan en carrera, Quiroga ha afirmado que meter\u00eda preso a Evo sin titubeos, [&hellip;]","og_url":"https:\/\/www.eldiario.net\/portal\/2025\/09\/19\/cual-candidato-podra-llevar-a-evo-ante-la-justicia\/","og_site_name":"El Diario - Bolivia","article_publisher":"https:\/\/www.facebook.com\/eldiario.bolivia\/","article_published_time":"2025-09-19T05:48:38+00:00","og_image":[{"width":1200,"height":628,"url":"https:\/\/www.eldiario.net\/portal\/wp-content\/uploads\/2023\/06\/Fabian-Freire.jpg","type":"image\/jpeg"}],"author":"Jeanette","twitter_card":"summary_large_image","twitter_creator":"@eldiario_net","twitter_site":"@eldiario_net","twitter_misc":{"Escrito por":"Jeanette","Tiempo de lectura":"4 minutos"},"schema":{"@context":"https:\/\/schema.org","@graph":[{"@type":"Article","@id":"https:\/\/www.eldiario.net\/portal\/2025\/09\/19\/cual-candidato-podra-llevar-a-evo-ante-la-justicia\/#article","isPartOf":{"@id":"https:\/\/www.eldiario.net\/portal\/2025\/09\/19\/cual-candidato-podra-llevar-a-evo-ante-la-justicia\/"},"author":{"name":"Jeanette","@id":"https:\/\/www.eldiario.net\/portal\/#\/schema\/person\/f46445640444750d7d753ccd04ae01b7"},"headline":"\u00bfCu\u00e1l candidato podr\u00e1 llevar a Evo ante la justicia?","datePublished":"2025-09-19T05:48:38+00:00","mainEntityOfPage":{"@id":"https:\/\/www.eldiario.net\/portal\/2025\/09\/19\/cual-candidato-podra-llevar-a-evo-ante-la-justicia\/"},"wordCount":703,"publisher":{"@id":"https:\/\/www.eldiario.net\/portal\/#organization"},"image":{"@id":"https:\/\/www.eldiario.net\/portal\/2025\/09\/19\/cual-candidato-podra-llevar-a-evo-ante-la-justicia\/#primaryimage"},"thumbnailUrl":"https:\/\/www.eldiario.net\/portal\/wp-content\/uploads\/2023\/06\/Fabian-Freire.jpg","articleSection":["Opini\u00f3n"],"inLanguage":"es"},{"@type":"WebPage","@id":"https:\/\/www.eldiario.net\/portal\/2025\/09\/19\/cual-candidato-podra-llevar-a-evo-ante-la-justicia\/","url":"https:\/\/www.eldiario.net\/portal\/2025\/09\/19\/cual-candidato-podra-llevar-a-evo-ante-la-justicia\/","name":"\u00bfCu\u00e1l candidato podr\u00e1 llevar a Evo ante la justicia? - El Diario - Bolivia","isPartOf":{"@id":"https:\/\/www.eldiario.net\/portal\/#website"},"primaryImageOfPage":{"@id":"https:\/\/www.eldiario.net\/portal\/2025\/09\/19\/cual-candidato-podra-llevar-a-evo-ante-la-justicia\/#primaryimage"},"image":{"@id":"https:\/\/www.eldiario.net\/portal\/2025\/09\/19\/cual-candidato-podra-llevar-a-evo-ante-la-justicia\/#primaryimage"},"thumbnailUrl":"https:\/\/www.eldiario.net\/portal\/wp-content\/uploads\/2023\/06\/Fabian-Freire.jpg","datePublished":"2025-09-19T05:48:38+00:00","breadcrumb":{"@id":"https:\/\/www.eldiario.net\/portal\/2025\/09\/19\/cual-candidato-podra-llevar-a-evo-ante-la-justicia\/#breadcrumb"},"inLanguage":"es","potentialAction":[{"@type":"ReadAction","target":["https:\/\/www.eldiario.net\/portal\/2025\/09\/19\/cual-candidato-podra-llevar-a-evo-ante-la-justicia\/"]}]},{"@type":"ImageObject","inLanguage":"es","@id":"https:\/\/www.eldiario.net\/portal\/2025\/09\/19\/cual-candidato-podra-llevar-a-evo-ante-la-justicia\/#primaryimage","url":"https:\/\/www.eldiario.net\/portal\/wp-content\/uploads\/2023\/06\/Fabian-Freire.jpg","contentUrl":"https:\/\/www.eldiario.net\/portal\/wp-content\/uploads\/2023\/06\/Fabian-Freire.jpg","width":1200,"height":628,"caption":"Fabian Freire"},{"@type":"BreadcrumbList","@id":"https:\/\/www.eldiario.net\/portal\/2025\/09\/19\/cual-candidato-podra-llevar-a-evo-ante-la-justicia\/#breadcrumb","itemListElement":[{"@type":"ListItem","position":1,"name":"Portada","item":"https:\/\/www.eldiario.net\/portal\/"},{"@type":"ListItem","position":2,"name":"\u00bfCu\u00e1l candidato podr\u00e1 llevar a Evo ante la justicia?"}]},{"@type":"WebSite","@id":"https:\/\/www.eldiario.net\/portal\/#website","url":"https:\/\/www.eldiario.net\/portal\/","name":"El Diario - Decano de la prensa nacional","description":"El Diario - Decano de la prensa nacional","publisher":{"@id":"https:\/\/www.eldiario.net\/portal\/#organization"},"potentialAction":[{"@type":"SearchAction","target":{"@type":"EntryPoint","urlTemplate":"https:\/\/www.eldiario.net\/portal\/?s={search_term_string}"},"query-input":{"@type":"PropertyValueSpecification","valueRequired":true,"valueName":"search_term_string"}}],"inLanguage":"es"},{"@type":"Organization","@id":"https:\/\/www.eldiario.net\/portal\/#organization","name":"El Diario - Decano de la prensa nacional","url":"https:\/\/www.eldiario.net\/portal\/","logo":{"@type":"ImageObject","inLanguage":"es","@id":"https:\/\/www.eldiario.net\/portal\/#\/schema\/logo\/image\/","url":"https:\/\/www.eldiario.net\/portal\/wp-content\/uploads\/2023\/07\/logo_ED.jpg","contentUrl":"https:\/\/www.eldiario.net\/portal\/wp-content\/uploads\/2023\/07\/logo_ED.jpg","width":272,"height":52,"caption":"El Diario - Decano de la prensa nacional"},"image":{"@id":"https:\/\/www.eldiario.net\/portal\/#\/schema\/logo\/image\/"},"sameAs":["https:\/\/www.facebook.com\/eldiario.bolivia\/","https:\/\/x.com\/eldiario_net"]},{"@type":"Person","@id":"https:\/\/www.eldiario.net\/portal\/#\/schema\/person\/f46445640444750d7d753ccd04ae01b7","name":"Jeanette","image":{"@type":"ImageObject","inLanguage":"es","@id":"https:\/\/secure.gravatar.com\/avatar\/3ea2118a5f7dad2b7138b1187a6b7ee55f160b9968b66013c3a3ef39dd7e5798?s=96&d=mm&r=g","url":"https:\/\/secure.gravatar.com\/avatar\/3ea2118a5f7dad2b7138b1187a6b7ee55f160b9968b66013c3a3ef39dd7e5798?s=96&d=mm&r=g","contentUrl":"https:\/\/secure.gravatar.com\/avatar\/3ea2118a5f7dad2b7138b1187a6b7ee55f160b9968b66013c3a3ef39dd7e5798?s=96&d=mm&r=g","caption":"Jeanette"},"sameAs":["https:\/\/www.eldiario.net\/portal"],"url":"https:\/\/www.eldiario.net\/portal\/author\/jeanette\/"}]}},"_links":{"self":[{"href":"https:\/\/www.eldiario.net\/portal\/wp-json\/wp\/v2\/posts\/332340","targetHints":{"allow":["GET"]}}],"collection":[{"href":"https:\/\/www.eldiario.net\/portal\/wp-json\/wp\/v2\/posts"}],"about":[{"href":"https:\/\/www.eldiario.net\/portal\/wp-json\/wp\/v2\/types\/post"}],"author":[{"embeddable":true,"href":"https:\/\/www.eldiario.net\/portal\/wp-json\/wp\/v2\/users\/1"}],"replies":[{"embeddable":true,"href":"https:\/\/www.eldiario.net\/portal\/wp-json\/wp\/v2\/comments?post=332340"}],"version-history":[{"count":1,"href":"https:\/\/www.eldiario.net\/portal\/wp-json\/wp\/v2\/posts\/332340\/revisions"}],"predecessor-version":[{"id":332341,"href":"https:\/\/www.eldiario.net\/portal\/wp-json\/wp\/v2\/posts\/332340\/revisions\/332341"}],"wp:featuredmedia":[{"embeddable":true,"href":"https:\/\/www.eldiario.net\/portal\/wp-json\/wp\/v2\/media\/161834"}],"wp:attachment":[{"href":"https:\/\/www.eldiario.net\/portal\/wp-json\/wp\/v2\/media?parent=332340"}],"wp:term":[{"taxonomy":"category","embeddable":true,"href":"https:\/\/www.eldiario.net\/portal\/wp-json\/wp\/v2\/categories?post=332340"},{"taxonomy":"post_tag","embeddable":true,"href":"https:\/\/www.eldiario.net\/portal\/wp-json\/wp\/v2\/tags?post=332340"}],"curies":[{"name":"wp","href":"https:\/\/api.w.org\/{rel}","templated":true}]}}