{"id":332338,"date":"2025-09-19T01:48:06","date_gmt":"2025-09-19T05:48:06","guid":{"rendered":"https:\/\/www.eldiario.net\/portal\/?p=332338"},"modified":"2025-09-18T23:48:32","modified_gmt":"2025-09-19T03:48:32","slug":"limites-de-la-reforma-judicial-durante-la-democracia-pactada","status":"publish","type":"post","link":"https:\/\/www.eldiario.net\/portal\/2025\/09\/19\/limites-de-la-reforma-judicial-durante-la-democracia-pactada\/","title":{"rendered":"L\u00edmites de la Reforma Judicial durante la Democracia Pactada"},"content":{"rendered":"<p>La transici\u00f3n a la democracia en octubre de 1982 gener\u00f3 grandes expectativas de cambio institucional. Sin embargo, el regreso a la democracia coincidi\u00f3 con una grave crisis econ\u00f3mica, caracterizada por hiperinflaci\u00f3n y recesi\u00f3n, que limit\u00f3 las reformas estatales. A pesar de estos desaf\u00edos, la crisis tambi\u00e9n present\u00f3 una oportunidad para reimaginar el funcionamiento de las instituciones p\u00fablicas.<br \/>\nDurante el gobierno de Hern\u00e1n Siles Zuazo (1982-1985), fueron intentadas algunas reformas para restaurar la independencia formal del poder judicial y desmantelar los mecanismos de represi\u00f3n pol\u00edtica del per\u00edodo militar. No obstante, estas reformas fueron limitadas y no alteraron los patrones de funcionamiento del sistema. La inestabilidad econ\u00f3mica y pol\u00edtica impidi\u00f3 una transformaci\u00f3n, y la justicia continu\u00f3 siendo percibida como lenta, ineficiente, corrupta e inaccesible para la mayor\u00eda de la poblaci\u00f3n.<br \/>\nEl per\u00edodo de la \u201cDemocracia Pactada\u201d (1985-2005) se caracteriz\u00f3 por una sucesi\u00f3n de gobiernos de partidos tradicionales (MNR, MIR, ADN) que buscaron la estabilizaci\u00f3n econ\u00f3mica y la modernizaci\u00f3n del Estado. Durante estos a\u00f1os, se llevaron a cabo los intentos m\u00e1s serios y ambiciosos de reforma judicial en la historia del pa\u00eds.<br \/>\nUna de las reformas m\u00e1s importantes fue la promulgaci\u00f3n de la Ley de Organizaci\u00f3n Judicial en 1993. Esta ley estableci\u00f3 un marco normativo moderno, introduciendo la carrera judicial, criterios meritocr\u00e1ticos para la designaci\u00f3n de jueces, y mecanismos de supervisi\u00f3n y control. A pesar de sus buenas intenciones, la implementaci\u00f3n fue deficiente, debido a la falta de recursos, la resistencia corporativa y la interferencia pol\u00edtica, lo que impidi\u00f3 mejoras sustanciales. Muchas de sus disposiciones quedaron sin efecto pr\u00e1ctico.<br \/>\nEn 1999, se cre\u00f3 el Consejo de la Judicatura, como un \u00f3rgano aut\u00f3nomo para administrar y disciplinar el sistema judicial, buscando garantizar su independencia y eficiencia. Esta reforma fue un avance institucional, ya que separaba la administraci\u00f3n judicial del control directo de los poderes ejecutivo y legislativo. Empero, en la pr\u00e1ctica, el Consejo enfrent\u00f3 severas limitaciones, incluyendo la interferencia pol\u00edtica, la falta de fondos y la resistencia interna.<br \/>\nUna de las reformas m\u00e1s ambiciosas fue la implementaci\u00f3n del nuevo C\u00f3digo de Procedimiento Penal en 2001. Este c\u00f3digo introdujo el sistema acusatorio y el juicio oral p\u00fablico, un cambio paradigm\u00e1tico respecto al sistema inquisitivo tradicional. Si bien se lograron avances en la celeridad y la transparencia de los procesos, la reforma se top\u00f3 con obst\u00e1culos como la falta de infraestructura, la capacitaci\u00f3n insuficiente de los operadores de justicia, la resistencia cultural al cambio y la persistencia de la corrupci\u00f3n.<br \/>\nA pesar de estos grandes esfuerzos de modernizaci\u00f3n, el sistema judicial boliviano continu\u00f3 siendo percibido como uno de los m\u00e1s deficientes de Am\u00e9rica Latina. Al final de la \u201cDemocracia Pactada\u201d, las encuestas de opini\u00f3n p\u00fablica reflejaban una profunda desconfianza ciudadana en la justicia, situ\u00e1ndola entre las instituciones menos cre\u00edbles del pa\u00eds.<br \/>\nLos problemas estructurales persistieron: procesos extremadamente lentos, altos costos, corrupci\u00f3n sist\u00e9mica, discriminaci\u00f3n hacia los sectores populares, y un acceso limitado a la justicia para la mayor\u00eda de la poblaci\u00f3n. La impunidad para los sectores privilegiados se mantuvo, generando un descontento social creciente que, a la postre, contribuir\u00eda al cuestionamiento del orden pol\u00edtico tradicional.<\/p>\n<p>El autor es polit\u00f3logo-abogado y docente universitario.<br \/>\nrcoteja100@gmail.com<\/p>\n","protected":false},"excerpt":{"rendered":"<p>La transici\u00f3n a la democracia en octubre de 1982 gener\u00f3 grandes expectativas de cambio institucional. Sin embargo, el regreso a la democracia coincidi\u00f3 con una grave crisis econ\u00f3mica, caracterizada por hiperinflaci\u00f3n y recesi\u00f3n, que limit\u00f3 las reformas estatales. A pesar de estos desaf\u00edos, la crisis tambi\u00e9n present\u00f3 una oportunidad para reimaginar el funcionamiento de las [&hellip;]<\/p>\n","protected":false},"author":1,"featured_media":163307,"comment_status":"closed","ping_status":"open","sticky":false,"template":"","format":"standard","meta":{"_acf_changed":false,"footnotes":""},"categories":[9],"tags":[],"class_list":["post-332338","post","type-post","status-publish","format-standard","has-post-thumbnail","category-opinion"],"acf":{"antetitulo":""},"yoast_head":"<!-- This site is optimized with the Yoast SEO plugin v28.3 - https:\/\/yoast.com\/product\/yoast-seo-wordpress\/ -->\n<title>L\u00edmites de la Reforma Judicial durante la Democracia Pactada - El Diario - Bolivia<\/title>\n<meta name=\"robots\" content=\"index, follow, max-snippet:-1, max-image-preview:large, max-video-preview:-1\" \/>\n<link rel=\"canonical\" href=\"https:\/\/www.eldiario.net\/portal\/2025\/09\/19\/limites-de-la-reforma-judicial-durante-la-democracia-pactada\/\" \/>\n<meta property=\"og:locale\" content=\"es_ES\" \/>\n<meta property=\"og:type\" content=\"article\" \/>\n<meta property=\"og:title\" content=\"L\u00edmites de la Reforma Judicial durante la Democracia Pactada - El Diario - Bolivia\" \/>\n<meta property=\"og:description\" content=\"La transici\u00f3n a la democracia en octubre de 1982 gener\u00f3 grandes expectativas de cambio institucional. Sin embargo, el regreso a la democracia coincidi\u00f3 con una grave crisis econ\u00f3mica, caracterizada por hiperinflaci\u00f3n y recesi\u00f3n, que limit\u00f3 las reformas estatales. A pesar de estos desaf\u00edos, la crisis tambi\u00e9n present\u00f3 una oportunidad para reimaginar el funcionamiento de las [&hellip;]\" \/>\n<meta property=\"og:url\" content=\"https:\/\/www.eldiario.net\/portal\/2025\/09\/19\/limites-de-la-reforma-judicial-durante-la-democracia-pactada\/\" \/>\n<meta property=\"og:site_name\" content=\"El Diario - Bolivia\" \/>\n<meta property=\"article:publisher\" content=\"https:\/\/www.facebook.com\/eldiario.bolivia\/\" \/>\n<meta property=\"article:published_time\" content=\"2025-09-19T05:48:06+00:00\" \/>\n<meta property=\"og:image\" content=\"https:\/\/www.eldiario.net\/portal\/wp-content\/uploads\/2023\/07\/Rolando-Coteja-Mollo2.jpg\" \/>\n\t<meta property=\"og:image:width\" content=\"1200\" \/>\n\t<meta property=\"og:image:height\" content=\"628\" \/>\n\t<meta property=\"og:image:type\" content=\"image\/jpeg\" \/>\n<meta name=\"author\" content=\"Jeanette\" \/>\n<meta name=\"twitter:card\" content=\"summary_large_image\" \/>\n<meta name=\"twitter:creator\" content=\"@eldiario_net\" \/>\n<meta name=\"twitter:site\" content=\"@eldiario_net\" \/>\n<meta name=\"twitter:label1\" content=\"Escrito por\" \/>\n\t<meta name=\"twitter:data1\" content=\"Jeanette\" \/>\n\t<meta name=\"twitter:label2\" content=\"Tiempo de lectura\" \/>\n\t<meta name=\"twitter:data2\" content=\"3 minutos\" \/>\n<script type=\"application\/ld+json\" class=\"yoast-schema-graph\">{\"@context\":\"https:\\\/\\\/schema.org\",\"@graph\":[{\"@type\":\"Article\",\"@id\":\"https:\\\/\\\/www.eldiario.net\\\/portal\\\/2025\\\/09\\\/19\\\/limites-de-la-reforma-judicial-durante-la-democracia-pactada\\\/#article\",\"isPartOf\":{\"@id\":\"https:\\\/\\\/www.eldiario.net\\\/portal\\\/2025\\\/09\\\/19\\\/limites-de-la-reforma-judicial-durante-la-democracia-pactada\\\/\"},\"author\":{\"name\":\"Jeanette\",\"@id\":\"https:\\\/\\\/www.eldiario.net\\\/portal\\\/#\\\/schema\\\/person\\\/f46445640444750d7d753ccd04ae01b7\"},\"headline\":\"L\u00edmites de la Reforma Judicial durante la Democracia Pactada\",\"datePublished\":\"2025-09-19T05:48:06+00:00\",\"mainEntityOfPage\":{\"@id\":\"https:\\\/\\\/www.eldiario.net\\\/portal\\\/2025\\\/09\\\/19\\\/limites-de-la-reforma-judicial-durante-la-democracia-pactada\\\/\"},\"wordCount\":586,\"publisher\":{\"@id\":\"https:\\\/\\\/www.eldiario.net\\\/portal\\\/#organization\"},\"image\":{\"@id\":\"https:\\\/\\\/www.eldiario.net\\\/portal\\\/2025\\\/09\\\/19\\\/limites-de-la-reforma-judicial-durante-la-democracia-pactada\\\/#primaryimage\"},\"thumbnailUrl\":\"https:\\\/\\\/www.eldiario.net\\\/portal\\\/wp-content\\\/uploads\\\/2023\\\/07\\\/Rolando-Coteja-Mollo2.jpg\",\"articleSection\":[\"Opini\u00f3n\"],\"inLanguage\":\"es\"},{\"@type\":\"WebPage\",\"@id\":\"https:\\\/\\\/www.eldiario.net\\\/portal\\\/2025\\\/09\\\/19\\\/limites-de-la-reforma-judicial-durante-la-democracia-pactada\\\/\",\"url\":\"https:\\\/\\\/www.eldiario.net\\\/portal\\\/2025\\\/09\\\/19\\\/limites-de-la-reforma-judicial-durante-la-democracia-pactada\\\/\",\"name\":\"L\u00edmites de la Reforma Judicial durante la Democracia Pactada - El Diario - Bolivia\",\"isPartOf\":{\"@id\":\"https:\\\/\\\/www.eldiario.net\\\/portal\\\/#website\"},\"primaryImageOfPage\":{\"@id\":\"https:\\\/\\\/www.eldiario.net\\\/portal\\\/2025\\\/09\\\/19\\\/limites-de-la-reforma-judicial-durante-la-democracia-pactada\\\/#primaryimage\"},\"image\":{\"@id\":\"https:\\\/\\\/www.eldiario.net\\\/portal\\\/2025\\\/09\\\/19\\\/limites-de-la-reforma-judicial-durante-la-democracia-pactada\\\/#primaryimage\"},\"thumbnailUrl\":\"https:\\\/\\\/www.eldiario.net\\\/portal\\\/wp-content\\\/uploads\\\/2023\\\/07\\\/Rolando-Coteja-Mollo2.jpg\",\"datePublished\":\"2025-09-19T05:48:06+00:00\",\"breadcrumb\":{\"@id\":\"https:\\\/\\\/www.eldiario.net\\\/portal\\\/2025\\\/09\\\/19\\\/limites-de-la-reforma-judicial-durante-la-democracia-pactada\\\/#breadcrumb\"},\"inLanguage\":\"es\",\"potentialAction\":[{\"@type\":\"ReadAction\",\"target\":[\"https:\\\/\\\/www.eldiario.net\\\/portal\\\/2025\\\/09\\\/19\\\/limites-de-la-reforma-judicial-durante-la-democracia-pactada\\\/\"]}]},{\"@type\":\"ImageObject\",\"inLanguage\":\"es\",\"@id\":\"https:\\\/\\\/www.eldiario.net\\\/portal\\\/2025\\\/09\\\/19\\\/limites-de-la-reforma-judicial-durante-la-democracia-pactada\\\/#primaryimage\",\"url\":\"https:\\\/\\\/www.eldiario.net\\\/portal\\\/wp-content\\\/uploads\\\/2023\\\/07\\\/Rolando-Coteja-Mollo2.jpg\",\"contentUrl\":\"https:\\\/\\\/www.eldiario.net\\\/portal\\\/wp-content\\\/uploads\\\/2023\\\/07\\\/Rolando-Coteja-Mollo2.jpg\",\"width\":1200,\"height\":628,\"caption\":\"Rolando Coteja Mollo\"},{\"@type\":\"BreadcrumbList\",\"@id\":\"https:\\\/\\\/www.eldiario.net\\\/portal\\\/2025\\\/09\\\/19\\\/limites-de-la-reforma-judicial-durante-la-democracia-pactada\\\/#breadcrumb\",\"itemListElement\":[{\"@type\":\"ListItem\",\"position\":1,\"name\":\"Portada\",\"item\":\"https:\\\/\\\/www.eldiario.net\\\/portal\\\/\"},{\"@type\":\"ListItem\",\"position\":2,\"name\":\"L\u00edmites de la Reforma Judicial durante la Democracia Pactada\"}]},{\"@type\":\"WebSite\",\"@id\":\"https:\\\/\\\/www.eldiario.net\\\/portal\\\/#website\",\"url\":\"https:\\\/\\\/www.eldiario.net\\\/portal\\\/\",\"name\":\"El Diario - Decano de la prensa nacional\",\"description\":\"El Diario - Decano de la prensa nacional\",\"publisher\":{\"@id\":\"https:\\\/\\\/www.eldiario.net\\\/portal\\\/#organization\"},\"potentialAction\":[{\"@type\":\"SearchAction\",\"target\":{\"@type\":\"EntryPoint\",\"urlTemplate\":\"https:\\\/\\\/www.eldiario.net\\\/portal\\\/?s={search_term_string}\"},\"query-input\":{\"@type\":\"PropertyValueSpecification\",\"valueRequired\":true,\"valueName\":\"search_term_string\"}}],\"inLanguage\":\"es\"},{\"@type\":\"Organization\",\"@id\":\"https:\\\/\\\/www.eldiario.net\\\/portal\\\/#organization\",\"name\":\"El Diario - Decano de la prensa nacional\",\"url\":\"https:\\\/\\\/www.eldiario.net\\\/portal\\\/\",\"logo\":{\"@type\":\"ImageObject\",\"inLanguage\":\"es\",\"@id\":\"https:\\\/\\\/www.eldiario.net\\\/portal\\\/#\\\/schema\\\/logo\\\/image\\\/\",\"url\":\"https:\\\/\\\/www.eldiario.net\\\/portal\\\/wp-content\\\/uploads\\\/2023\\\/07\\\/logo_ED.jpg\",\"contentUrl\":\"https:\\\/\\\/www.eldiario.net\\\/portal\\\/wp-content\\\/uploads\\\/2023\\\/07\\\/logo_ED.jpg\",\"width\":272,\"height\":52,\"caption\":\"El Diario - Decano de la prensa nacional\"},\"image\":{\"@id\":\"https:\\\/\\\/www.eldiario.net\\\/portal\\\/#\\\/schema\\\/logo\\\/image\\\/\"},\"sameAs\":[\"https:\\\/\\\/www.facebook.com\\\/eldiario.bolivia\\\/\",\"https:\\\/\\\/x.com\\\/eldiario_net\"]},{\"@type\":\"Person\",\"@id\":\"https:\\\/\\\/www.eldiario.net\\\/portal\\\/#\\\/schema\\\/person\\\/f46445640444750d7d753ccd04ae01b7\",\"name\":\"Jeanette\",\"image\":{\"@type\":\"ImageObject\",\"inLanguage\":\"es\",\"@id\":\"https:\\\/\\\/secure.gravatar.com\\\/avatar\\\/3ea2118a5f7dad2b7138b1187a6b7ee55f160b9968b66013c3a3ef39dd7e5798?s=96&d=mm&r=g\",\"url\":\"https:\\\/\\\/secure.gravatar.com\\\/avatar\\\/3ea2118a5f7dad2b7138b1187a6b7ee55f160b9968b66013c3a3ef39dd7e5798?s=96&d=mm&r=g\",\"contentUrl\":\"https:\\\/\\\/secure.gravatar.com\\\/avatar\\\/3ea2118a5f7dad2b7138b1187a6b7ee55f160b9968b66013c3a3ef39dd7e5798?s=96&d=mm&r=g\",\"caption\":\"Jeanette\"},\"sameAs\":[\"https:\\\/\\\/www.eldiario.net\\\/portal\"],\"url\":\"https:\\\/\\\/www.eldiario.net\\\/portal\\\/author\\\/jeanette\\\/\"}]}<\/script>\n<!-- \/ Yoast SEO plugin. -->","yoast_head_json":{"title":"L\u00edmites de la Reforma Judicial durante la Democracia Pactada - El Diario - Bolivia","robots":{"index":"index","follow":"follow","max-snippet":"max-snippet:-1","max-image-preview":"max-image-preview:large","max-video-preview":"max-video-preview:-1"},"canonical":"https:\/\/www.eldiario.net\/portal\/2025\/09\/19\/limites-de-la-reforma-judicial-durante-la-democracia-pactada\/","og_locale":"es_ES","og_type":"article","og_title":"L\u00edmites de la Reforma Judicial durante la Democracia Pactada - El Diario - Bolivia","og_description":"La transici\u00f3n a la democracia en octubre de 1982 gener\u00f3 grandes expectativas de cambio institucional. Sin embargo, el regreso a la democracia coincidi\u00f3 con una grave crisis econ\u00f3mica, caracterizada por hiperinflaci\u00f3n y recesi\u00f3n, que limit\u00f3 las reformas estatales. A pesar de estos desaf\u00edos, la crisis tambi\u00e9n present\u00f3 una oportunidad para reimaginar el funcionamiento de las [&hellip;]","og_url":"https:\/\/www.eldiario.net\/portal\/2025\/09\/19\/limites-de-la-reforma-judicial-durante-la-democracia-pactada\/","og_site_name":"El Diario - Bolivia","article_publisher":"https:\/\/www.facebook.com\/eldiario.bolivia\/","article_published_time":"2025-09-19T05:48:06+00:00","og_image":[{"width":1200,"height":628,"url":"https:\/\/www.eldiario.net\/portal\/wp-content\/uploads\/2023\/07\/Rolando-Coteja-Mollo2.jpg","type":"image\/jpeg"}],"author":"Jeanette","twitter_card":"summary_large_image","twitter_creator":"@eldiario_net","twitter_site":"@eldiario_net","twitter_misc":{"Escrito por":"Jeanette","Tiempo de lectura":"3 minutos"},"schema":{"@context":"https:\/\/schema.org","@graph":[{"@type":"Article","@id":"https:\/\/www.eldiario.net\/portal\/2025\/09\/19\/limites-de-la-reforma-judicial-durante-la-democracia-pactada\/#article","isPartOf":{"@id":"https:\/\/www.eldiario.net\/portal\/2025\/09\/19\/limites-de-la-reforma-judicial-durante-la-democracia-pactada\/"},"author":{"name":"Jeanette","@id":"https:\/\/www.eldiario.net\/portal\/#\/schema\/person\/f46445640444750d7d753ccd04ae01b7"},"headline":"L\u00edmites de la Reforma Judicial durante la Democracia Pactada","datePublished":"2025-09-19T05:48:06+00:00","mainEntityOfPage":{"@id":"https:\/\/www.eldiario.net\/portal\/2025\/09\/19\/limites-de-la-reforma-judicial-durante-la-democracia-pactada\/"},"wordCount":586,"publisher":{"@id":"https:\/\/www.eldiario.net\/portal\/#organization"},"image":{"@id":"https:\/\/www.eldiario.net\/portal\/2025\/09\/19\/limites-de-la-reforma-judicial-durante-la-democracia-pactada\/#primaryimage"},"thumbnailUrl":"https:\/\/www.eldiario.net\/portal\/wp-content\/uploads\/2023\/07\/Rolando-Coteja-Mollo2.jpg","articleSection":["Opini\u00f3n"],"inLanguage":"es"},{"@type":"WebPage","@id":"https:\/\/www.eldiario.net\/portal\/2025\/09\/19\/limites-de-la-reforma-judicial-durante-la-democracia-pactada\/","url":"https:\/\/www.eldiario.net\/portal\/2025\/09\/19\/limites-de-la-reforma-judicial-durante-la-democracia-pactada\/","name":"L\u00edmites de la Reforma Judicial durante la Democracia Pactada - El Diario - Bolivia","isPartOf":{"@id":"https:\/\/www.eldiario.net\/portal\/#website"},"primaryImageOfPage":{"@id":"https:\/\/www.eldiario.net\/portal\/2025\/09\/19\/limites-de-la-reforma-judicial-durante-la-democracia-pactada\/#primaryimage"},"image":{"@id":"https:\/\/www.eldiario.net\/portal\/2025\/09\/19\/limites-de-la-reforma-judicial-durante-la-democracia-pactada\/#primaryimage"},"thumbnailUrl":"https:\/\/www.eldiario.net\/portal\/wp-content\/uploads\/2023\/07\/Rolando-Coteja-Mollo2.jpg","datePublished":"2025-09-19T05:48:06+00:00","breadcrumb":{"@id":"https:\/\/www.eldiario.net\/portal\/2025\/09\/19\/limites-de-la-reforma-judicial-durante-la-democracia-pactada\/#breadcrumb"},"inLanguage":"es","potentialAction":[{"@type":"ReadAction","target":["https:\/\/www.eldiario.net\/portal\/2025\/09\/19\/limites-de-la-reforma-judicial-durante-la-democracia-pactada\/"]}]},{"@type":"ImageObject","inLanguage":"es","@id":"https:\/\/www.eldiario.net\/portal\/2025\/09\/19\/limites-de-la-reforma-judicial-durante-la-democracia-pactada\/#primaryimage","url":"https:\/\/www.eldiario.net\/portal\/wp-content\/uploads\/2023\/07\/Rolando-Coteja-Mollo2.jpg","contentUrl":"https:\/\/www.eldiario.net\/portal\/wp-content\/uploads\/2023\/07\/Rolando-Coteja-Mollo2.jpg","width":1200,"height":628,"caption":"Rolando Coteja Mollo"},{"@type":"BreadcrumbList","@id":"https:\/\/www.eldiario.net\/portal\/2025\/09\/19\/limites-de-la-reforma-judicial-durante-la-democracia-pactada\/#breadcrumb","itemListElement":[{"@type":"ListItem","position":1,"name":"Portada","item":"https:\/\/www.eldiario.net\/portal\/"},{"@type":"ListItem","position":2,"name":"L\u00edmites de la Reforma Judicial durante la Democracia Pactada"}]},{"@type":"WebSite","@id":"https:\/\/www.eldiario.net\/portal\/#website","url":"https:\/\/www.eldiario.net\/portal\/","name":"El Diario - Decano de la prensa nacional","description":"El Diario - Decano de la prensa nacional","publisher":{"@id":"https:\/\/www.eldiario.net\/portal\/#organization"},"potentialAction":[{"@type":"SearchAction","target":{"@type":"EntryPoint","urlTemplate":"https:\/\/www.eldiario.net\/portal\/?s={search_term_string}"},"query-input":{"@type":"PropertyValueSpecification","valueRequired":true,"valueName":"search_term_string"}}],"inLanguage":"es"},{"@type":"Organization","@id":"https:\/\/www.eldiario.net\/portal\/#organization","name":"El Diario - Decano de la prensa nacional","url":"https:\/\/www.eldiario.net\/portal\/","logo":{"@type":"ImageObject","inLanguage":"es","@id":"https:\/\/www.eldiario.net\/portal\/#\/schema\/logo\/image\/","url":"https:\/\/www.eldiario.net\/portal\/wp-content\/uploads\/2023\/07\/logo_ED.jpg","contentUrl":"https:\/\/www.eldiario.net\/portal\/wp-content\/uploads\/2023\/07\/logo_ED.jpg","width":272,"height":52,"caption":"El Diario - Decano de la prensa nacional"},"image":{"@id":"https:\/\/www.eldiario.net\/portal\/#\/schema\/logo\/image\/"},"sameAs":["https:\/\/www.facebook.com\/eldiario.bolivia\/","https:\/\/x.com\/eldiario_net"]},{"@type":"Person","@id":"https:\/\/www.eldiario.net\/portal\/#\/schema\/person\/f46445640444750d7d753ccd04ae01b7","name":"Jeanette","image":{"@type":"ImageObject","inLanguage":"es","@id":"https:\/\/secure.gravatar.com\/avatar\/3ea2118a5f7dad2b7138b1187a6b7ee55f160b9968b66013c3a3ef39dd7e5798?s=96&d=mm&r=g","url":"https:\/\/secure.gravatar.com\/avatar\/3ea2118a5f7dad2b7138b1187a6b7ee55f160b9968b66013c3a3ef39dd7e5798?s=96&d=mm&r=g","contentUrl":"https:\/\/secure.gravatar.com\/avatar\/3ea2118a5f7dad2b7138b1187a6b7ee55f160b9968b66013c3a3ef39dd7e5798?s=96&d=mm&r=g","caption":"Jeanette"},"sameAs":["https:\/\/www.eldiario.net\/portal"],"url":"https:\/\/www.eldiario.net\/portal\/author\/jeanette\/"}]}},"_links":{"self":[{"href":"https:\/\/www.eldiario.net\/portal\/wp-json\/wp\/v2\/posts\/332338","targetHints":{"allow":["GET"]}}],"collection":[{"href":"https:\/\/www.eldiario.net\/portal\/wp-json\/wp\/v2\/posts"}],"about":[{"href":"https:\/\/www.eldiario.net\/portal\/wp-json\/wp\/v2\/types\/post"}],"author":[{"embeddable":true,"href":"https:\/\/www.eldiario.net\/portal\/wp-json\/wp\/v2\/users\/1"}],"replies":[{"embeddable":true,"href":"https:\/\/www.eldiario.net\/portal\/wp-json\/wp\/v2\/comments?post=332338"}],"version-history":[{"count":1,"href":"https:\/\/www.eldiario.net\/portal\/wp-json\/wp\/v2\/posts\/332338\/revisions"}],"predecessor-version":[{"id":332339,"href":"https:\/\/www.eldiario.net\/portal\/wp-json\/wp\/v2\/posts\/332338\/revisions\/332339"}],"wp:featuredmedia":[{"embeddable":true,"href":"https:\/\/www.eldiario.net\/portal\/wp-json\/wp\/v2\/media\/163307"}],"wp:attachment":[{"href":"https:\/\/www.eldiario.net\/portal\/wp-json\/wp\/v2\/media?parent=332338"}],"wp:term":[{"taxonomy":"category","embeddable":true,"href":"https:\/\/www.eldiario.net\/portal\/wp-json\/wp\/v2\/categories?post=332338"},{"taxonomy":"post_tag","embeddable":true,"href":"https:\/\/www.eldiario.net\/portal\/wp-json\/wp\/v2\/tags?post=332338"}],"curies":[{"name":"wp","href":"https:\/\/api.w.org\/{rel}","templated":true}]}}