{"id":332331,"date":"2025-09-19T01:45:26","date_gmt":"2025-09-19T05:45:26","guid":{"rendered":"https:\/\/www.eldiario.net\/portal\/?p=332331"},"modified":"2025-09-18T23:46:09","modified_gmt":"2025-09-19T03:46:09","slug":"basta-de-atentar-contra-la-libertad-de-expresion","status":"publish","type":"post","link":"https:\/\/www.eldiario.net\/portal\/2025\/09\/19\/basta-de-atentar-contra-la-libertad-de-expresion\/","title":{"rendered":"\u00a1Basta de atentar contra la libertad de expresi\u00f3n!"},"content":{"rendered":"<p><em>La cultura autoritaria en Bolivia se remonta a siglos atr\u00e1s y lamentablemente un simple cambio de gobierno no la eliminar\u00e1, al menos no en el corto plazo. En la pol\u00edtica, esta cultura se demuestra en el deseo de los gobernantes de mandar con mano de hierro o de que todo el mundo est\u00e9 a su merced. Y como las instituciones est\u00e1n administradas por personas de carne y hueso, aquellas tienen ciertos dejos autoritarios que dificultan la sana praxis democr\u00e1tica. Es el caso, entre muchos, del TSE, que por petici\u00f3n del SIFDE (Sistema Intercultural de Fortalecimiento de la Democracia) pretende multar a tres medios de prensa escrita (dos peri\u00f3dicos de circulaci\u00f3n nacional y dos portales digitales de noticias) por haber \u00e9stos publicado tres columnas de opini\u00f3n de tres analistas: el periodista Carlos Valverde, el activista Manuel Morales y el abogado Augusto Vera Riveros.<\/em><br \/>\n<em>Hace unos d\u00edas, el mundo de la prensa escrita amaneci\u00f3 con la ingrata noticia de que el TSE pretend\u00eda multar econ\u00f3micamente a Correo del Sur, Urgente.bo, Br\u00fajula Digital y esta casa period\u00edstica que cuenta con m\u00e1s de 120 a\u00f1os de recorrido, por haber publicado notas de opini\u00f3n que, seg\u00fan la instituci\u00f3n electoral, o favorecieron o perjudicaron a alguno de los candidatos de las elecciones nacionales. Seg\u00fan el TSE, esos art\u00edculos vulneraron la Ley 026, que proh\u00edbe la publicaci\u00f3n de textos electorales d\u00edas antes de la jornada electoral y el d\u00eda de la votaci\u00f3n, ley que, dicho sea de paso, transgrede la Ley de Imprenta y la CPE, pues \u00e9sta en su art\u00edculo 106 garantiza la libertad de expresi\u00f3n.<\/em><br \/>\n<em>Hay algo peligroso y grave en este asunto: si la Sala Plena del TSE decide censurar los tres art\u00edculos de opini\u00f3n, adem\u00e1s de cometer una arbitrariedad contra los medios que las publicaron y sus respectivos autores, estar\u00eda abriendo una puerta a la censura de textos de opini\u00f3n que minuto a minuto son publicados en las redes sociales o en soportes virtuales, como los blogs. No vamos a decir que un par de d\u00edas antes de las elecciones o el d\u00eda mismo de estas no hubo miles de publicaciones que realmente o favorec\u00edan o perjudicaban a uno u otro candidato\u2026 Entonces, \u00bfhabr\u00eda que censurarlas o vetarlas?<\/em><br \/>\n<em>No olvidemos que la libertad de expresi\u00f3n (que no de difamaci\u00f3n o de publicaci\u00f3n de noticas falsas o calumnias infundadas) es esencial en un pa\u00eds que se precie de ser democr\u00e1tico. Decir lo que uno quiere es base de un sistema de libertades ciudadanas inalienables que sustentan la democracia. En el caso que ata\u00f1e a EL DIARIO, esta casa period\u00edstica ha sido blanco de un ataque sistem\u00e1tico por parte del r\u00e9gimen antidemocr\u00e1tico y populista de 20 a\u00f1os del MAS, sin que la calidad de su periodismo decaiga. La nota del columnista Augusto Vera Riveros, titulada \u201cHablemos de campa\u00f1as\u2026 y campa\u00f1as\u201d y publicada el 15 de agosto, no hace sino un an\u00e1lisis cr\u00edtico de las campa\u00f1as de los candidatos, sin \u201cfavorecer\u201d ni \u201cperjudicar\u201d a ninguno de ellos. Por tanto, EL DIARIO rechaza enf\u00e1ticamente la eventual censura que pueda hacer el TSE.<\/em><br \/>\n<em>La prensa libre e independiente debe mantenerse vigilante y unida frente a este tipo de arremetidas autoritarias. \u00a1Basta de atentar contra la libertad de expresi\u00f3n!<\/em><\/p>\n","protected":false},"excerpt":{"rendered":"<p>La cultura autoritaria en Bolivia se remonta a siglos atr\u00e1s y lamentablemente un simple cambio de gobierno no la eliminar\u00e1, al menos no en el corto plazo. En la pol\u00edtica, esta cultura se demuestra en el deseo de los gobernantes de mandar con mano de hierro o de que todo el mundo est\u00e9 a su [&hellip;]<\/p>\n","protected":false},"author":1,"featured_media":194776,"comment_status":"closed","ping_status":"open","sticky":false,"template":"","format":"standard","meta":{"_acf_changed":false,"footnotes":""},"categories":[4],"tags":[],"class_list":["post-332331","post","type-post","status-publish","format-standard","has-post-thumbnail","category-editorial"],"acf":{"antetitulo":""},"yoast_head":"<!-- This site is optimized with the Yoast SEO plugin v28.4 - https:\/\/yoast.com\/product\/yoast-seo-wordpress\/ -->\n<title>\u00a1Basta de atentar contra la libertad de expresi\u00f3n! - El Diario - Bolivia<\/title>\n<meta name=\"robots\" content=\"index, follow, max-snippet:-1, max-image-preview:large, max-video-preview:-1\" \/>\n<link rel=\"canonical\" href=\"https:\/\/www.eldiario.net\/portal\/2025\/09\/19\/basta-de-atentar-contra-la-libertad-de-expresion\/\" \/>\n<meta property=\"og:locale\" content=\"es_ES\" \/>\n<meta property=\"og:type\" content=\"article\" \/>\n<meta property=\"og:title\" content=\"\u00a1Basta de atentar contra la libertad de expresi\u00f3n! - El Diario - Bolivia\" \/>\n<meta property=\"og:description\" content=\"La cultura autoritaria en Bolivia se remonta a siglos atr\u00e1s y lamentablemente un simple cambio de gobierno no la eliminar\u00e1, al menos no en el corto plazo. En la pol\u00edtica, esta cultura se demuestra en el deseo de los gobernantes de mandar con mano de hierro o de que todo el mundo est\u00e9 a su [&hellip;]\" \/>\n<meta property=\"og:url\" content=\"https:\/\/www.eldiario.net\/portal\/2025\/09\/19\/basta-de-atentar-contra-la-libertad-de-expresion\/\" \/>\n<meta property=\"og:site_name\" content=\"El Diario - Bolivia\" \/>\n<meta property=\"article:publisher\" content=\"https:\/\/www.facebook.com\/eldiario.bolivia\/\" \/>\n<meta property=\"article:published_time\" content=\"2025-09-19T05:45:26+00:00\" \/>\n<meta property=\"og:image\" content=\"https:\/\/www.eldiario.net\/portal\/wp-content\/uploads\/2023\/12\/Editorial.jpg\" \/>\n\t<meta property=\"og:image:width\" content=\"800\" \/>\n\t<meta property=\"og:image:height\" content=\"500\" \/>\n\t<meta property=\"og:image:type\" content=\"image\/jpeg\" \/>\n<meta name=\"author\" content=\"Jeanette\" \/>\n<meta name=\"twitter:card\" content=\"summary_large_image\" \/>\n<meta name=\"twitter:creator\" content=\"@eldiario_net\" \/>\n<meta name=\"twitter:site\" content=\"@eldiario_net\" \/>\n<meta name=\"twitter:label1\" content=\"Escrito por\" \/>\n\t<meta name=\"twitter:data1\" content=\"Jeanette\" \/>\n\t<meta name=\"twitter:label2\" content=\"Tiempo de lectura\" \/>\n\t<meta name=\"twitter:data2\" content=\"3 minutos\" \/>\n<script type=\"application\/ld+json\" class=\"yoast-schema-graph\">{\"@context\":\"https:\\\/\\\/schema.org\",\"@graph\":[{\"@type\":\"Article\",\"@id\":\"https:\\\/\\\/www.eldiario.net\\\/portal\\\/2025\\\/09\\\/19\\\/basta-de-atentar-contra-la-libertad-de-expresion\\\/#article\",\"isPartOf\":{\"@id\":\"https:\\\/\\\/www.eldiario.net\\\/portal\\\/2025\\\/09\\\/19\\\/basta-de-atentar-contra-la-libertad-de-expresion\\\/\"},\"author\":{\"name\":\"Jeanette\",\"@id\":\"https:\\\/\\\/www.eldiario.net\\\/portal\\\/#\\\/schema\\\/person\\\/f46445640444750d7d753ccd04ae01b7\"},\"headline\":\"\u00a1Basta de atentar contra la libertad de expresi\u00f3n!\",\"datePublished\":\"2025-09-19T05:45:26+00:00\",\"mainEntityOfPage\":{\"@id\":\"https:\\\/\\\/www.eldiario.net\\\/portal\\\/2025\\\/09\\\/19\\\/basta-de-atentar-contra-la-libertad-de-expresion\\\/\"},\"wordCount\":589,\"publisher\":{\"@id\":\"https:\\\/\\\/www.eldiario.net\\\/portal\\\/#organization\"},\"image\":{\"@id\":\"https:\\\/\\\/www.eldiario.net\\\/portal\\\/2025\\\/09\\\/19\\\/basta-de-atentar-contra-la-libertad-de-expresion\\\/#primaryimage\"},\"thumbnailUrl\":\"https:\\\/\\\/www.eldiario.net\\\/portal\\\/wp-content\\\/uploads\\\/2023\\\/12\\\/Editorial.jpg\",\"articleSection\":[\"Editorial\"],\"inLanguage\":\"es\"},{\"@type\":\"WebPage\",\"@id\":\"https:\\\/\\\/www.eldiario.net\\\/portal\\\/2025\\\/09\\\/19\\\/basta-de-atentar-contra-la-libertad-de-expresion\\\/\",\"url\":\"https:\\\/\\\/www.eldiario.net\\\/portal\\\/2025\\\/09\\\/19\\\/basta-de-atentar-contra-la-libertad-de-expresion\\\/\",\"name\":\"\u00a1Basta de atentar contra la libertad de expresi\u00f3n! - El Diario - Bolivia\",\"isPartOf\":{\"@id\":\"https:\\\/\\\/www.eldiario.net\\\/portal\\\/#website\"},\"primaryImageOfPage\":{\"@id\":\"https:\\\/\\\/www.eldiario.net\\\/portal\\\/2025\\\/09\\\/19\\\/basta-de-atentar-contra-la-libertad-de-expresion\\\/#primaryimage\"},\"image\":{\"@id\":\"https:\\\/\\\/www.eldiario.net\\\/portal\\\/2025\\\/09\\\/19\\\/basta-de-atentar-contra-la-libertad-de-expresion\\\/#primaryimage\"},\"thumbnailUrl\":\"https:\\\/\\\/www.eldiario.net\\\/portal\\\/wp-content\\\/uploads\\\/2023\\\/12\\\/Editorial.jpg\",\"datePublished\":\"2025-09-19T05:45:26+00:00\",\"breadcrumb\":{\"@id\":\"https:\\\/\\\/www.eldiario.net\\\/portal\\\/2025\\\/09\\\/19\\\/basta-de-atentar-contra-la-libertad-de-expresion\\\/#breadcrumb\"},\"inLanguage\":\"es\",\"potentialAction\":[{\"@type\":\"ReadAction\",\"target\":[\"https:\\\/\\\/www.eldiario.net\\\/portal\\\/2025\\\/09\\\/19\\\/basta-de-atentar-contra-la-libertad-de-expresion\\\/\"]}]},{\"@type\":\"ImageObject\",\"inLanguage\":\"es\",\"@id\":\"https:\\\/\\\/www.eldiario.net\\\/portal\\\/2025\\\/09\\\/19\\\/basta-de-atentar-contra-la-libertad-de-expresion\\\/#primaryimage\",\"url\":\"https:\\\/\\\/www.eldiario.net\\\/portal\\\/wp-content\\\/uploads\\\/2023\\\/12\\\/Editorial.jpg\",\"contentUrl\":\"https:\\\/\\\/www.eldiario.net\\\/portal\\\/wp-content\\\/uploads\\\/2023\\\/12\\\/Editorial.jpg\",\"width\":800,\"height\":500},{\"@type\":\"BreadcrumbList\",\"@id\":\"https:\\\/\\\/www.eldiario.net\\\/portal\\\/2025\\\/09\\\/19\\\/basta-de-atentar-contra-la-libertad-de-expresion\\\/#breadcrumb\",\"itemListElement\":[{\"@type\":\"ListItem\",\"position\":1,\"name\":\"Portada\",\"item\":\"https:\\\/\\\/www.eldiario.net\\\/portal\\\/\"},{\"@type\":\"ListItem\",\"position\":2,\"name\":\"\u00a1Basta de atentar contra la libertad de expresi\u00f3n!\"}]},{\"@type\":\"WebSite\",\"@id\":\"https:\\\/\\\/www.eldiario.net\\\/portal\\\/#website\",\"url\":\"https:\\\/\\\/www.eldiario.net\\\/portal\\\/\",\"name\":\"El Diario - Decano de la prensa nacional\",\"description\":\"El Diario - Decano de la prensa nacional\",\"publisher\":{\"@id\":\"https:\\\/\\\/www.eldiario.net\\\/portal\\\/#organization\"},\"potentialAction\":[{\"@type\":\"SearchAction\",\"target\":{\"@type\":\"EntryPoint\",\"urlTemplate\":\"https:\\\/\\\/www.eldiario.net\\\/portal\\\/?s={search_term_string}\"},\"query-input\":{\"@type\":\"PropertyValueSpecification\",\"valueRequired\":true,\"valueName\":\"search_term_string\"}}],\"inLanguage\":\"es\"},{\"@type\":\"Organization\",\"@id\":\"https:\\\/\\\/www.eldiario.net\\\/portal\\\/#organization\",\"name\":\"El Diario - Decano de la prensa nacional\",\"url\":\"https:\\\/\\\/www.eldiario.net\\\/portal\\\/\",\"logo\":{\"@type\":\"ImageObject\",\"inLanguage\":\"es\",\"@id\":\"https:\\\/\\\/www.eldiario.net\\\/portal\\\/#\\\/schema\\\/logo\\\/image\\\/\",\"url\":\"https:\\\/\\\/www.eldiario.net\\\/portal\\\/wp-content\\\/uploads\\\/2023\\\/07\\\/logo_ED.jpg\",\"contentUrl\":\"https:\\\/\\\/www.eldiario.net\\\/portal\\\/wp-content\\\/uploads\\\/2023\\\/07\\\/logo_ED.jpg\",\"width\":272,\"height\":52,\"caption\":\"El Diario - Decano de la prensa nacional\"},\"image\":{\"@id\":\"https:\\\/\\\/www.eldiario.net\\\/portal\\\/#\\\/schema\\\/logo\\\/image\\\/\"},\"sameAs\":[\"https:\\\/\\\/www.facebook.com\\\/eldiario.bolivia\\\/\",\"https:\\\/\\\/x.com\\\/eldiario_net\"]},{\"@type\":\"Person\",\"@id\":\"https:\\\/\\\/www.eldiario.net\\\/portal\\\/#\\\/schema\\\/person\\\/f46445640444750d7d753ccd04ae01b7\",\"name\":\"Jeanette\",\"image\":{\"@type\":\"ImageObject\",\"inLanguage\":\"es\",\"@id\":\"https:\\\/\\\/secure.gravatar.com\\\/avatar\\\/3ea2118a5f7dad2b7138b1187a6b7ee55f160b9968b66013c3a3ef39dd7e5798?s=96&d=mm&r=g\",\"url\":\"https:\\\/\\\/secure.gravatar.com\\\/avatar\\\/3ea2118a5f7dad2b7138b1187a6b7ee55f160b9968b66013c3a3ef39dd7e5798?s=96&d=mm&r=g\",\"contentUrl\":\"https:\\\/\\\/secure.gravatar.com\\\/avatar\\\/3ea2118a5f7dad2b7138b1187a6b7ee55f160b9968b66013c3a3ef39dd7e5798?s=96&d=mm&r=g\",\"caption\":\"Jeanette\"},\"sameAs\":[\"https:\\\/\\\/www.eldiario.net\\\/portal\"],\"url\":\"https:\\\/\\\/www.eldiario.net\\\/portal\\\/author\\\/jeanette\\\/\"}]}<\/script>\n<!-- \/ Yoast SEO plugin. -->","yoast_head_json":{"title":"\u00a1Basta de atentar contra la libertad de expresi\u00f3n! - El Diario - Bolivia","robots":{"index":"index","follow":"follow","max-snippet":"max-snippet:-1","max-image-preview":"max-image-preview:large","max-video-preview":"max-video-preview:-1"},"canonical":"https:\/\/www.eldiario.net\/portal\/2025\/09\/19\/basta-de-atentar-contra-la-libertad-de-expresion\/","og_locale":"es_ES","og_type":"article","og_title":"\u00a1Basta de atentar contra la libertad de expresi\u00f3n! - El Diario - Bolivia","og_description":"La cultura autoritaria en Bolivia se remonta a siglos atr\u00e1s y lamentablemente un simple cambio de gobierno no la eliminar\u00e1, al menos no en el corto plazo. En la pol\u00edtica, esta cultura se demuestra en el deseo de los gobernantes de mandar con mano de hierro o de que todo el mundo est\u00e9 a su [&hellip;]","og_url":"https:\/\/www.eldiario.net\/portal\/2025\/09\/19\/basta-de-atentar-contra-la-libertad-de-expresion\/","og_site_name":"El Diario - Bolivia","article_publisher":"https:\/\/www.facebook.com\/eldiario.bolivia\/","article_published_time":"2025-09-19T05:45:26+00:00","og_image":[{"width":800,"height":500,"url":"https:\/\/www.eldiario.net\/portal\/wp-content\/uploads\/2023\/12\/Editorial.jpg","type":"image\/jpeg"}],"author":"Jeanette","twitter_card":"summary_large_image","twitter_creator":"@eldiario_net","twitter_site":"@eldiario_net","twitter_misc":{"Escrito por":"Jeanette","Tiempo de lectura":"3 minutos"},"schema":{"@context":"https:\/\/schema.org","@graph":[{"@type":"Article","@id":"https:\/\/www.eldiario.net\/portal\/2025\/09\/19\/basta-de-atentar-contra-la-libertad-de-expresion\/#article","isPartOf":{"@id":"https:\/\/www.eldiario.net\/portal\/2025\/09\/19\/basta-de-atentar-contra-la-libertad-de-expresion\/"},"author":{"name":"Jeanette","@id":"https:\/\/www.eldiario.net\/portal\/#\/schema\/person\/f46445640444750d7d753ccd04ae01b7"},"headline":"\u00a1Basta de atentar contra la libertad de expresi\u00f3n!","datePublished":"2025-09-19T05:45:26+00:00","mainEntityOfPage":{"@id":"https:\/\/www.eldiario.net\/portal\/2025\/09\/19\/basta-de-atentar-contra-la-libertad-de-expresion\/"},"wordCount":589,"publisher":{"@id":"https:\/\/www.eldiario.net\/portal\/#organization"},"image":{"@id":"https:\/\/www.eldiario.net\/portal\/2025\/09\/19\/basta-de-atentar-contra-la-libertad-de-expresion\/#primaryimage"},"thumbnailUrl":"https:\/\/www.eldiario.net\/portal\/wp-content\/uploads\/2023\/12\/Editorial.jpg","articleSection":["Editorial"],"inLanguage":"es"},{"@type":"WebPage","@id":"https:\/\/www.eldiario.net\/portal\/2025\/09\/19\/basta-de-atentar-contra-la-libertad-de-expresion\/","url":"https:\/\/www.eldiario.net\/portal\/2025\/09\/19\/basta-de-atentar-contra-la-libertad-de-expresion\/","name":"\u00a1Basta de atentar contra la libertad de expresi\u00f3n! - El Diario - Bolivia","isPartOf":{"@id":"https:\/\/www.eldiario.net\/portal\/#website"},"primaryImageOfPage":{"@id":"https:\/\/www.eldiario.net\/portal\/2025\/09\/19\/basta-de-atentar-contra-la-libertad-de-expresion\/#primaryimage"},"image":{"@id":"https:\/\/www.eldiario.net\/portal\/2025\/09\/19\/basta-de-atentar-contra-la-libertad-de-expresion\/#primaryimage"},"thumbnailUrl":"https:\/\/www.eldiario.net\/portal\/wp-content\/uploads\/2023\/12\/Editorial.jpg","datePublished":"2025-09-19T05:45:26+00:00","breadcrumb":{"@id":"https:\/\/www.eldiario.net\/portal\/2025\/09\/19\/basta-de-atentar-contra-la-libertad-de-expresion\/#breadcrumb"},"inLanguage":"es","potentialAction":[{"@type":"ReadAction","target":["https:\/\/www.eldiario.net\/portal\/2025\/09\/19\/basta-de-atentar-contra-la-libertad-de-expresion\/"]}]},{"@type":"ImageObject","inLanguage":"es","@id":"https:\/\/www.eldiario.net\/portal\/2025\/09\/19\/basta-de-atentar-contra-la-libertad-de-expresion\/#primaryimage","url":"https:\/\/www.eldiario.net\/portal\/wp-content\/uploads\/2023\/12\/Editorial.jpg","contentUrl":"https:\/\/www.eldiario.net\/portal\/wp-content\/uploads\/2023\/12\/Editorial.jpg","width":800,"height":500},{"@type":"BreadcrumbList","@id":"https:\/\/www.eldiario.net\/portal\/2025\/09\/19\/basta-de-atentar-contra-la-libertad-de-expresion\/#breadcrumb","itemListElement":[{"@type":"ListItem","position":1,"name":"Portada","item":"https:\/\/www.eldiario.net\/portal\/"},{"@type":"ListItem","position":2,"name":"\u00a1Basta de atentar contra la libertad de expresi\u00f3n!"}]},{"@type":"WebSite","@id":"https:\/\/www.eldiario.net\/portal\/#website","url":"https:\/\/www.eldiario.net\/portal\/","name":"El Diario - Decano de la prensa nacional","description":"El Diario - Decano de la prensa nacional","publisher":{"@id":"https:\/\/www.eldiario.net\/portal\/#organization"},"potentialAction":[{"@type":"SearchAction","target":{"@type":"EntryPoint","urlTemplate":"https:\/\/www.eldiario.net\/portal\/?s={search_term_string}"},"query-input":{"@type":"PropertyValueSpecification","valueRequired":true,"valueName":"search_term_string"}}],"inLanguage":"es"},{"@type":"Organization","@id":"https:\/\/www.eldiario.net\/portal\/#organization","name":"El Diario - Decano de la prensa nacional","url":"https:\/\/www.eldiario.net\/portal\/","logo":{"@type":"ImageObject","inLanguage":"es","@id":"https:\/\/www.eldiario.net\/portal\/#\/schema\/logo\/image\/","url":"https:\/\/www.eldiario.net\/portal\/wp-content\/uploads\/2023\/07\/logo_ED.jpg","contentUrl":"https:\/\/www.eldiario.net\/portal\/wp-content\/uploads\/2023\/07\/logo_ED.jpg","width":272,"height":52,"caption":"El Diario - Decano de la prensa nacional"},"image":{"@id":"https:\/\/www.eldiario.net\/portal\/#\/schema\/logo\/image\/"},"sameAs":["https:\/\/www.facebook.com\/eldiario.bolivia\/","https:\/\/x.com\/eldiario_net"]},{"@type":"Person","@id":"https:\/\/www.eldiario.net\/portal\/#\/schema\/person\/f46445640444750d7d753ccd04ae01b7","name":"Jeanette","image":{"@type":"ImageObject","inLanguage":"es","@id":"https:\/\/secure.gravatar.com\/avatar\/3ea2118a5f7dad2b7138b1187a6b7ee55f160b9968b66013c3a3ef39dd7e5798?s=96&d=mm&r=g","url":"https:\/\/secure.gravatar.com\/avatar\/3ea2118a5f7dad2b7138b1187a6b7ee55f160b9968b66013c3a3ef39dd7e5798?s=96&d=mm&r=g","contentUrl":"https:\/\/secure.gravatar.com\/avatar\/3ea2118a5f7dad2b7138b1187a6b7ee55f160b9968b66013c3a3ef39dd7e5798?s=96&d=mm&r=g","caption":"Jeanette"},"sameAs":["https:\/\/www.eldiario.net\/portal"],"url":"https:\/\/www.eldiario.net\/portal\/author\/jeanette\/"}]}},"_links":{"self":[{"href":"https:\/\/www.eldiario.net\/portal\/wp-json\/wp\/v2\/posts\/332331","targetHints":{"allow":["GET"]}}],"collection":[{"href":"https:\/\/www.eldiario.net\/portal\/wp-json\/wp\/v2\/posts"}],"about":[{"href":"https:\/\/www.eldiario.net\/portal\/wp-json\/wp\/v2\/types\/post"}],"author":[{"embeddable":true,"href":"https:\/\/www.eldiario.net\/portal\/wp-json\/wp\/v2\/users\/1"}],"replies":[{"embeddable":true,"href":"https:\/\/www.eldiario.net\/portal\/wp-json\/wp\/v2\/comments?post=332331"}],"version-history":[{"count":1,"href":"https:\/\/www.eldiario.net\/portal\/wp-json\/wp\/v2\/posts\/332331\/revisions"}],"predecessor-version":[{"id":332332,"href":"https:\/\/www.eldiario.net\/portal\/wp-json\/wp\/v2\/posts\/332331\/revisions\/332332"}],"wp:featuredmedia":[{"embeddable":true,"href":"https:\/\/www.eldiario.net\/portal\/wp-json\/wp\/v2\/media\/194776"}],"wp:attachment":[{"href":"https:\/\/www.eldiario.net\/portal\/wp-json\/wp\/v2\/media?parent=332331"}],"wp:term":[{"taxonomy":"category","embeddable":true,"href":"https:\/\/www.eldiario.net\/portal\/wp-json\/wp\/v2\/categories?post=332331"},{"taxonomy":"post_tag","embeddable":true,"href":"https:\/\/www.eldiario.net\/portal\/wp-json\/wp\/v2\/tags?post=332331"}],"curies":[{"name":"wp","href":"https:\/\/api.w.org\/{rel}","templated":true}]}}