{"id":332325,"date":"2025-09-19T01:42:50","date_gmt":"2025-09-19T05:42:50","guid":{"rendered":"https:\/\/www.eldiario.net\/portal\/?p=332325"},"modified":"2025-09-18T23:43:24","modified_gmt":"2025-09-19T03:43:24","slug":"intereses-se-oponen-al-proyecto-de-designacion-de-nuevos-vocales","status":"publish","type":"post","link":"https:\/\/www.eldiario.net\/portal\/2025\/09\/19\/intereses-se-oponen-al-proyecto-de-designacion-de-nuevos-vocales\/","title":{"rendered":"Intereses se oponen al proyecto  de designaci\u00f3n de nuevos vocales"},"content":{"rendered":"<p>Cuestionando los criterios que se oponen a la aprobaci\u00f3n del proyecto de ley para la selecci\u00f3n y designaci\u00f3n de nuevos vocales del Tribunal Supremo Electoral (TSE), la senadora por Comunidad Ciudadana (CC), Silvia Salame, advirti\u00f3 \u201cintereses oscuros\u201d y desconocimiento por parte de quienes rechazan dicha normativa y piden su postergaci\u00f3n para la siguiente legislatura.<br \/>\nSeg\u00fan la legisladora representante de la capital del Estado, uno de los principales motivos para impulsar una ley que regule la convocatoria a selecci\u00f3n y designaci\u00f3n de nuevos vocales del TSE, son los tiempos para proceder con esta tarea.<br \/>\n\u201cCuando se activa la competencia de la Asamblea Legislativa para emitir la convocatoria es 45 d\u00edas antes al cese de funciones de los miembros del \u00d3rgano Electoral, es decir que, el 2 de noviembre la Asamblea Legislativa actual tendr\u00eda que sacar esta convocatoria\u201d, asegur\u00f3 Salame.<br \/>\nAsimismo, puntualiz\u00f3 que esta convocatoria no puede disponerse si no existe una ley que defina los tiempos y procedimientos a seguir, hecho que hace fundamental viabilizar el proyecto recientemente aprobado en instancias del Senado y remitido a Diputados.<br \/>\nSobre los criterios que se oponen a que la actual Asamblea Legislativa Plurinacional (ALP) trate la designaci\u00f3n de nuevos vocales del TSE cuestionando la legitimidad de un Parlamento en el final de su mandato, Salame apunt\u00f3 a una mala interpretaci\u00f3n del esp\u00edritu de la norma y la intervenci\u00f3n de intereses ajenos a los intereses del pa\u00eds.<br \/>\n\u201cYo creo que lamentablemente hay una mala interpretaci\u00f3n, una mala informaci\u00f3n o algo as\u00ed para que se hubiera dado este rechazo y algunos comentarios antojadizos\u201d, dijo.<br \/>\nAnte las cr\u00edticas expresadas, advirti\u00f3 que la norma en cuesti\u00f3n cumple con toda la t\u00e9cnica legislativa y fue aprobada en el Senado cumpliendo con todos los procedimientos para su an\u00e1lisis y aprobaci\u00f3n.<br \/>\n\u201cSe trata de una ley corriente y ordinaria que no necesita dos tercios para su aprobaci\u00f3n, pero si se revisan las im\u00e1genes (de la sesi\u00f3n), fue aprobada por m\u00e1s de dos tercios y ha habido una sola senadora que se ha opuesto\u201d, indic\u00f3.<br \/>\nPor lo expuest y tomando en cuenta que los plazos entre la posesi\u00f3n de la nueva ALP y la fecha en que fenece el mandato de los actuales vocales del TSE, hacen inviable cumplir con los plazos establecidos en la Ley N\u00ba 018 (del \u00d3rgano Electoral), Salame insisti\u00f3 en que materialmente es improbable que el nuevo Parlamento pueda realizar esta tarea.<br \/>\nEn ese sentido, afirm\u00f3 que la \u00fanica explicaci\u00f3n para que exista rechazo y cuestionamientos hacia esta norma en particular es que existe gente con \u201cintereses oscuros\u201d o un preocupante desconocimiento del proyecto en s\u00ed y de la ley 018.<br \/>\nEsta semana, argumentando que el proyecto para la convocatoria a selecci\u00f3n y designaci\u00f3n de vocales del TSE no fue aprobado por dos tercios en el Senado, varios legisladores cuestionaron su legalidad y exigieron su devoluci\u00f3n a la C\u00e1mara Alta.<br \/>\nAl respecto, el diputado oficialista Zacar\u00edas Laura afirm\u00f3 que el proyecto de Ley de Selecci\u00f3n de Vocales del TSE debe ser considerado en esta legislatura y que el pleno de la C\u00e1mara de Diputados est\u00e1 en los tiempos establecidos para dar curso a la normativa.<br \/>\n\u201cDebemos cumplir nuestra gesti\u00f3n hasta el \u00faltimo d\u00eda, que concluye el 8 de noviembre; de no hacerlo, podr\u00edamos ser sujetos a juicio de responsabilidades\u201d, agreg\u00f3.<br \/>\nEl pasado 26 de agosto, el pleno de la C\u00e1mara de Senadores aprob\u00f3 por mayor\u00eda absoluta, la Ley Transitoria de Selecci\u00f3n, Elecci\u00f3n y Designaci\u00f3n de Vocales del Tribunal Supremo Electoral, remitiendo la norma a la C\u00e1mara de Diputados para su revisi\u00f3n.<\/p>\n","protected":false},"excerpt":{"rendered":"<p>Cuestionando los criterios que se oponen a la aprobaci\u00f3n del proyecto de ley para la selecci\u00f3n y designaci\u00f3n de nuevos vocales del Tribunal Supremo Electoral (TSE), la senadora por Comunidad Ciudadana (CC), Silvia Salame, advirti\u00f3 \u201cintereses oscuros\u201d y desconocimiento por parte de quienes rechazan dicha normativa y piden su postergaci\u00f3n para la siguiente legislatura. Seg\u00fan [&hellip;]<\/p>\n","protected":false},"author":1,"featured_media":332326,"comment_status":"closed","ping_status":"open","sticky":false,"template":"","format":"standard","meta":{"_acf_changed":false,"footnotes":""},"categories":[14],"tags":[],"class_list":["post-332325","post","type-post","status-publish","format-standard","has-post-thumbnail","category-politica"],"acf":{"antetitulo":"Ven mala interpretaci\u00f3n "},"yoast_head":"<!-- This site is optimized with the Yoast SEO plugin v28.4 - https:\/\/yoast.com\/product\/yoast-seo-wordpress\/ -->\n<title>Intereses se oponen al proyecto de designaci\u00f3n de nuevos vocales - El Diario - Bolivia<\/title>\n<meta name=\"robots\" content=\"index, follow, max-snippet:-1, max-image-preview:large, max-video-preview:-1\" \/>\n<link rel=\"canonical\" href=\"https:\/\/www.eldiario.net\/portal\/2025\/09\/19\/intereses-se-oponen-al-proyecto-de-designacion-de-nuevos-vocales\/\" \/>\n<meta property=\"og:locale\" content=\"es_ES\" \/>\n<meta property=\"og:type\" content=\"article\" \/>\n<meta property=\"og:title\" content=\"Intereses se oponen al proyecto de designaci\u00f3n de nuevos vocales - El Diario - Bolivia\" \/>\n<meta property=\"og:description\" content=\"Cuestionando los criterios que se oponen a la aprobaci\u00f3n del proyecto de ley para la selecci\u00f3n y designaci\u00f3n de nuevos vocales del Tribunal Supremo Electoral (TSE), la senadora por Comunidad Ciudadana (CC), Silvia Salame, advirti\u00f3 \u201cintereses oscuros\u201d y desconocimiento por parte de quienes rechazan dicha normativa y piden su postergaci\u00f3n para la siguiente legislatura. Seg\u00fan [&hellip;]\" \/>\n<meta property=\"og:url\" content=\"https:\/\/www.eldiario.net\/portal\/2025\/09\/19\/intereses-se-oponen-al-proyecto-de-designacion-de-nuevos-vocales\/\" \/>\n<meta property=\"og:site_name\" content=\"El Diario - Bolivia\" \/>\n<meta property=\"article:publisher\" content=\"https:\/\/www.facebook.com\/eldiario.bolivia\/\" \/>\n<meta property=\"article:published_time\" content=\"2025-09-19T05:42:50+00:00\" \/>\n<meta property=\"og:image\" content=\"https:\/\/www.eldiario.net\/portal\/wp-content\/uploads\/2025\/09\/40-POL-8.webp\" \/>\n\t<meta property=\"og:image:width\" content=\"1371\" \/>\n\t<meta property=\"og:image:height\" content=\"979\" \/>\n\t<meta property=\"og:image:type\" content=\"image\/webp\" \/>\n<meta name=\"author\" content=\"Jeanette\" \/>\n<meta name=\"twitter:card\" content=\"summary_large_image\" \/>\n<meta name=\"twitter:creator\" content=\"@eldiario_net\" \/>\n<meta name=\"twitter:site\" content=\"@eldiario_net\" \/>\n<meta name=\"twitter:label1\" content=\"Escrito por\" \/>\n\t<meta name=\"twitter:data1\" content=\"Jeanette\" \/>\n\t<meta name=\"twitter:label2\" content=\"Tiempo de lectura\" \/>\n\t<meta name=\"twitter:data2\" content=\"3 minutos\" \/>\n<script type=\"application\/ld+json\" class=\"yoast-schema-graph\">{\"@context\":\"https:\\\/\\\/schema.org\",\"@graph\":[{\"@type\":\"Article\",\"@id\":\"https:\\\/\\\/www.eldiario.net\\\/portal\\\/2025\\\/09\\\/19\\\/intereses-se-oponen-al-proyecto-de-designacion-de-nuevos-vocales\\\/#article\",\"isPartOf\":{\"@id\":\"https:\\\/\\\/www.eldiario.net\\\/portal\\\/2025\\\/09\\\/19\\\/intereses-se-oponen-al-proyecto-de-designacion-de-nuevos-vocales\\\/\"},\"author\":{\"name\":\"Jeanette\",\"@id\":\"https:\\\/\\\/www.eldiario.net\\\/portal\\\/#\\\/schema\\\/person\\\/f46445640444750d7d753ccd04ae01b7\"},\"headline\":\"Intereses se oponen al proyecto de designaci\u00f3n de nuevos vocales\",\"datePublished\":\"2025-09-19T05:42:50+00:00\",\"mainEntityOfPage\":{\"@id\":\"https:\\\/\\\/www.eldiario.net\\\/portal\\\/2025\\\/09\\\/19\\\/intereses-se-oponen-al-proyecto-de-designacion-de-nuevos-vocales\\\/\"},\"wordCount\":632,\"publisher\":{\"@id\":\"https:\\\/\\\/www.eldiario.net\\\/portal\\\/#organization\"},\"image\":{\"@id\":\"https:\\\/\\\/www.eldiario.net\\\/portal\\\/2025\\\/09\\\/19\\\/intereses-se-oponen-al-proyecto-de-designacion-de-nuevos-vocales\\\/#primaryimage\"},\"thumbnailUrl\":\"https:\\\/\\\/www.eldiario.net\\\/portal\\\/wp-content\\\/uploads\\\/2025\\\/09\\\/40-POL-8.webp\",\"articleSection\":[\"Pol\u00edtica\"],\"inLanguage\":\"es\"},{\"@type\":\"WebPage\",\"@id\":\"https:\\\/\\\/www.eldiario.net\\\/portal\\\/2025\\\/09\\\/19\\\/intereses-se-oponen-al-proyecto-de-designacion-de-nuevos-vocales\\\/\",\"url\":\"https:\\\/\\\/www.eldiario.net\\\/portal\\\/2025\\\/09\\\/19\\\/intereses-se-oponen-al-proyecto-de-designacion-de-nuevos-vocales\\\/\",\"name\":\"Intereses se oponen al proyecto de designaci\u00f3n de nuevos vocales - El Diario - Bolivia\",\"isPartOf\":{\"@id\":\"https:\\\/\\\/www.eldiario.net\\\/portal\\\/#website\"},\"primaryImageOfPage\":{\"@id\":\"https:\\\/\\\/www.eldiario.net\\\/portal\\\/2025\\\/09\\\/19\\\/intereses-se-oponen-al-proyecto-de-designacion-de-nuevos-vocales\\\/#primaryimage\"},\"image\":{\"@id\":\"https:\\\/\\\/www.eldiario.net\\\/portal\\\/2025\\\/09\\\/19\\\/intereses-se-oponen-al-proyecto-de-designacion-de-nuevos-vocales\\\/#primaryimage\"},\"thumbnailUrl\":\"https:\\\/\\\/www.eldiario.net\\\/portal\\\/wp-content\\\/uploads\\\/2025\\\/09\\\/40-POL-8.webp\",\"datePublished\":\"2025-09-19T05:42:50+00:00\",\"breadcrumb\":{\"@id\":\"https:\\\/\\\/www.eldiario.net\\\/portal\\\/2025\\\/09\\\/19\\\/intereses-se-oponen-al-proyecto-de-designacion-de-nuevos-vocales\\\/#breadcrumb\"},\"inLanguage\":\"es\",\"potentialAction\":[{\"@type\":\"ReadAction\",\"target\":[\"https:\\\/\\\/www.eldiario.net\\\/portal\\\/2025\\\/09\\\/19\\\/intereses-se-oponen-al-proyecto-de-designacion-de-nuevos-vocales\\\/\"]}]},{\"@type\":\"ImageObject\",\"inLanguage\":\"es\",\"@id\":\"https:\\\/\\\/www.eldiario.net\\\/portal\\\/2025\\\/09\\\/19\\\/intereses-se-oponen-al-proyecto-de-designacion-de-nuevos-vocales\\\/#primaryimage\",\"url\":\"https:\\\/\\\/www.eldiario.net\\\/portal\\\/wp-content\\\/uploads\\\/2025\\\/09\\\/40-POL-8.webp\",\"contentUrl\":\"https:\\\/\\\/www.eldiario.net\\\/portal\\\/wp-content\\\/uploads\\\/2025\\\/09\\\/40-POL-8.webp\",\"width\":1371,\"height\":979,\"caption\":\"Senadora Silvia Salame (CC).\"},{\"@type\":\"BreadcrumbList\",\"@id\":\"https:\\\/\\\/www.eldiario.net\\\/portal\\\/2025\\\/09\\\/19\\\/intereses-se-oponen-al-proyecto-de-designacion-de-nuevos-vocales\\\/#breadcrumb\",\"itemListElement\":[{\"@type\":\"ListItem\",\"position\":1,\"name\":\"Portada\",\"item\":\"https:\\\/\\\/www.eldiario.net\\\/portal\\\/\"},{\"@type\":\"ListItem\",\"position\":2,\"name\":\"Intereses se oponen al proyecto de designaci\u00f3n de nuevos vocales\"}]},{\"@type\":\"WebSite\",\"@id\":\"https:\\\/\\\/www.eldiario.net\\\/portal\\\/#website\",\"url\":\"https:\\\/\\\/www.eldiario.net\\\/portal\\\/\",\"name\":\"El Diario - Decano de la prensa nacional\",\"description\":\"El Diario - Decano de la prensa nacional\",\"publisher\":{\"@id\":\"https:\\\/\\\/www.eldiario.net\\\/portal\\\/#organization\"},\"potentialAction\":[{\"@type\":\"SearchAction\",\"target\":{\"@type\":\"EntryPoint\",\"urlTemplate\":\"https:\\\/\\\/www.eldiario.net\\\/portal\\\/?s={search_term_string}\"},\"query-input\":{\"@type\":\"PropertyValueSpecification\",\"valueRequired\":true,\"valueName\":\"search_term_string\"}}],\"inLanguage\":\"es\"},{\"@type\":\"Organization\",\"@id\":\"https:\\\/\\\/www.eldiario.net\\\/portal\\\/#organization\",\"name\":\"El Diario - Decano de la prensa nacional\",\"url\":\"https:\\\/\\\/www.eldiario.net\\\/portal\\\/\",\"logo\":{\"@type\":\"ImageObject\",\"inLanguage\":\"es\",\"@id\":\"https:\\\/\\\/www.eldiario.net\\\/portal\\\/#\\\/schema\\\/logo\\\/image\\\/\",\"url\":\"https:\\\/\\\/www.eldiario.net\\\/portal\\\/wp-content\\\/uploads\\\/2023\\\/07\\\/logo_ED.jpg\",\"contentUrl\":\"https:\\\/\\\/www.eldiario.net\\\/portal\\\/wp-content\\\/uploads\\\/2023\\\/07\\\/logo_ED.jpg\",\"width\":272,\"height\":52,\"caption\":\"El Diario - Decano de la prensa nacional\"},\"image\":{\"@id\":\"https:\\\/\\\/www.eldiario.net\\\/portal\\\/#\\\/schema\\\/logo\\\/image\\\/\"},\"sameAs\":[\"https:\\\/\\\/www.facebook.com\\\/eldiario.bolivia\\\/\",\"https:\\\/\\\/x.com\\\/eldiario_net\"]},{\"@type\":\"Person\",\"@id\":\"https:\\\/\\\/www.eldiario.net\\\/portal\\\/#\\\/schema\\\/person\\\/f46445640444750d7d753ccd04ae01b7\",\"name\":\"Jeanette\",\"image\":{\"@type\":\"ImageObject\",\"inLanguage\":\"es\",\"@id\":\"https:\\\/\\\/secure.gravatar.com\\\/avatar\\\/3ea2118a5f7dad2b7138b1187a6b7ee55f160b9968b66013c3a3ef39dd7e5798?s=96&d=mm&r=g\",\"url\":\"https:\\\/\\\/secure.gravatar.com\\\/avatar\\\/3ea2118a5f7dad2b7138b1187a6b7ee55f160b9968b66013c3a3ef39dd7e5798?s=96&d=mm&r=g\",\"contentUrl\":\"https:\\\/\\\/secure.gravatar.com\\\/avatar\\\/3ea2118a5f7dad2b7138b1187a6b7ee55f160b9968b66013c3a3ef39dd7e5798?s=96&d=mm&r=g\",\"caption\":\"Jeanette\"},\"sameAs\":[\"https:\\\/\\\/www.eldiario.net\\\/portal\"],\"url\":\"https:\\\/\\\/www.eldiario.net\\\/portal\\\/author\\\/jeanette\\\/\"}]}<\/script>\n<!-- \/ Yoast SEO plugin. -->","yoast_head_json":{"title":"Intereses se oponen al proyecto de designaci\u00f3n de nuevos vocales - El Diario - Bolivia","robots":{"index":"index","follow":"follow","max-snippet":"max-snippet:-1","max-image-preview":"max-image-preview:large","max-video-preview":"max-video-preview:-1"},"canonical":"https:\/\/www.eldiario.net\/portal\/2025\/09\/19\/intereses-se-oponen-al-proyecto-de-designacion-de-nuevos-vocales\/","og_locale":"es_ES","og_type":"article","og_title":"Intereses se oponen al proyecto de designaci\u00f3n de nuevos vocales - El Diario - Bolivia","og_description":"Cuestionando los criterios que se oponen a la aprobaci\u00f3n del proyecto de ley para la selecci\u00f3n y designaci\u00f3n de nuevos vocales del Tribunal Supremo Electoral (TSE), la senadora por Comunidad Ciudadana (CC), Silvia Salame, advirti\u00f3 \u201cintereses oscuros\u201d y desconocimiento por parte de quienes rechazan dicha normativa y piden su postergaci\u00f3n para la siguiente legislatura. Seg\u00fan [&hellip;]","og_url":"https:\/\/www.eldiario.net\/portal\/2025\/09\/19\/intereses-se-oponen-al-proyecto-de-designacion-de-nuevos-vocales\/","og_site_name":"El Diario - Bolivia","article_publisher":"https:\/\/www.facebook.com\/eldiario.bolivia\/","article_published_time":"2025-09-19T05:42:50+00:00","og_image":[{"width":1371,"height":979,"url":"https:\/\/www.eldiario.net\/portal\/wp-content\/uploads\/2025\/09\/40-POL-8.webp","type":"image\/webp"}],"author":"Jeanette","twitter_card":"summary_large_image","twitter_creator":"@eldiario_net","twitter_site":"@eldiario_net","twitter_misc":{"Escrito por":"Jeanette","Tiempo de lectura":"3 minutos"},"schema":{"@context":"https:\/\/schema.org","@graph":[{"@type":"Article","@id":"https:\/\/www.eldiario.net\/portal\/2025\/09\/19\/intereses-se-oponen-al-proyecto-de-designacion-de-nuevos-vocales\/#article","isPartOf":{"@id":"https:\/\/www.eldiario.net\/portal\/2025\/09\/19\/intereses-se-oponen-al-proyecto-de-designacion-de-nuevos-vocales\/"},"author":{"name":"Jeanette","@id":"https:\/\/www.eldiario.net\/portal\/#\/schema\/person\/f46445640444750d7d753ccd04ae01b7"},"headline":"Intereses se oponen al proyecto de designaci\u00f3n de nuevos vocales","datePublished":"2025-09-19T05:42:50+00:00","mainEntityOfPage":{"@id":"https:\/\/www.eldiario.net\/portal\/2025\/09\/19\/intereses-se-oponen-al-proyecto-de-designacion-de-nuevos-vocales\/"},"wordCount":632,"publisher":{"@id":"https:\/\/www.eldiario.net\/portal\/#organization"},"image":{"@id":"https:\/\/www.eldiario.net\/portal\/2025\/09\/19\/intereses-se-oponen-al-proyecto-de-designacion-de-nuevos-vocales\/#primaryimage"},"thumbnailUrl":"https:\/\/www.eldiario.net\/portal\/wp-content\/uploads\/2025\/09\/40-POL-8.webp","articleSection":["Pol\u00edtica"],"inLanguage":"es"},{"@type":"WebPage","@id":"https:\/\/www.eldiario.net\/portal\/2025\/09\/19\/intereses-se-oponen-al-proyecto-de-designacion-de-nuevos-vocales\/","url":"https:\/\/www.eldiario.net\/portal\/2025\/09\/19\/intereses-se-oponen-al-proyecto-de-designacion-de-nuevos-vocales\/","name":"Intereses se oponen al proyecto de designaci\u00f3n de nuevos vocales - El Diario - Bolivia","isPartOf":{"@id":"https:\/\/www.eldiario.net\/portal\/#website"},"primaryImageOfPage":{"@id":"https:\/\/www.eldiario.net\/portal\/2025\/09\/19\/intereses-se-oponen-al-proyecto-de-designacion-de-nuevos-vocales\/#primaryimage"},"image":{"@id":"https:\/\/www.eldiario.net\/portal\/2025\/09\/19\/intereses-se-oponen-al-proyecto-de-designacion-de-nuevos-vocales\/#primaryimage"},"thumbnailUrl":"https:\/\/www.eldiario.net\/portal\/wp-content\/uploads\/2025\/09\/40-POL-8.webp","datePublished":"2025-09-19T05:42:50+00:00","breadcrumb":{"@id":"https:\/\/www.eldiario.net\/portal\/2025\/09\/19\/intereses-se-oponen-al-proyecto-de-designacion-de-nuevos-vocales\/#breadcrumb"},"inLanguage":"es","potentialAction":[{"@type":"ReadAction","target":["https:\/\/www.eldiario.net\/portal\/2025\/09\/19\/intereses-se-oponen-al-proyecto-de-designacion-de-nuevos-vocales\/"]}]},{"@type":"ImageObject","inLanguage":"es","@id":"https:\/\/www.eldiario.net\/portal\/2025\/09\/19\/intereses-se-oponen-al-proyecto-de-designacion-de-nuevos-vocales\/#primaryimage","url":"https:\/\/www.eldiario.net\/portal\/wp-content\/uploads\/2025\/09\/40-POL-8.webp","contentUrl":"https:\/\/www.eldiario.net\/portal\/wp-content\/uploads\/2025\/09\/40-POL-8.webp","width":1371,"height":979,"caption":"Senadora Silvia Salame (CC)."},{"@type":"BreadcrumbList","@id":"https:\/\/www.eldiario.net\/portal\/2025\/09\/19\/intereses-se-oponen-al-proyecto-de-designacion-de-nuevos-vocales\/#breadcrumb","itemListElement":[{"@type":"ListItem","position":1,"name":"Portada","item":"https:\/\/www.eldiario.net\/portal\/"},{"@type":"ListItem","position":2,"name":"Intereses se oponen al proyecto de designaci\u00f3n de nuevos vocales"}]},{"@type":"WebSite","@id":"https:\/\/www.eldiario.net\/portal\/#website","url":"https:\/\/www.eldiario.net\/portal\/","name":"El Diario - Decano de la prensa nacional","description":"El Diario - Decano de la prensa nacional","publisher":{"@id":"https:\/\/www.eldiario.net\/portal\/#organization"},"potentialAction":[{"@type":"SearchAction","target":{"@type":"EntryPoint","urlTemplate":"https:\/\/www.eldiario.net\/portal\/?s={search_term_string}"},"query-input":{"@type":"PropertyValueSpecification","valueRequired":true,"valueName":"search_term_string"}}],"inLanguage":"es"},{"@type":"Organization","@id":"https:\/\/www.eldiario.net\/portal\/#organization","name":"El Diario - Decano de la prensa nacional","url":"https:\/\/www.eldiario.net\/portal\/","logo":{"@type":"ImageObject","inLanguage":"es","@id":"https:\/\/www.eldiario.net\/portal\/#\/schema\/logo\/image\/","url":"https:\/\/www.eldiario.net\/portal\/wp-content\/uploads\/2023\/07\/logo_ED.jpg","contentUrl":"https:\/\/www.eldiario.net\/portal\/wp-content\/uploads\/2023\/07\/logo_ED.jpg","width":272,"height":52,"caption":"El Diario - Decano de la prensa nacional"},"image":{"@id":"https:\/\/www.eldiario.net\/portal\/#\/schema\/logo\/image\/"},"sameAs":["https:\/\/www.facebook.com\/eldiario.bolivia\/","https:\/\/x.com\/eldiario_net"]},{"@type":"Person","@id":"https:\/\/www.eldiario.net\/portal\/#\/schema\/person\/f46445640444750d7d753ccd04ae01b7","name":"Jeanette","image":{"@type":"ImageObject","inLanguage":"es","@id":"https:\/\/secure.gravatar.com\/avatar\/3ea2118a5f7dad2b7138b1187a6b7ee55f160b9968b66013c3a3ef39dd7e5798?s=96&d=mm&r=g","url":"https:\/\/secure.gravatar.com\/avatar\/3ea2118a5f7dad2b7138b1187a6b7ee55f160b9968b66013c3a3ef39dd7e5798?s=96&d=mm&r=g","contentUrl":"https:\/\/secure.gravatar.com\/avatar\/3ea2118a5f7dad2b7138b1187a6b7ee55f160b9968b66013c3a3ef39dd7e5798?s=96&d=mm&r=g","caption":"Jeanette"},"sameAs":["https:\/\/www.eldiario.net\/portal"],"url":"https:\/\/www.eldiario.net\/portal\/author\/jeanette\/"}]}},"_links":{"self":[{"href":"https:\/\/www.eldiario.net\/portal\/wp-json\/wp\/v2\/posts\/332325","targetHints":{"allow":["GET"]}}],"collection":[{"href":"https:\/\/www.eldiario.net\/portal\/wp-json\/wp\/v2\/posts"}],"about":[{"href":"https:\/\/www.eldiario.net\/portal\/wp-json\/wp\/v2\/types\/post"}],"author":[{"embeddable":true,"href":"https:\/\/www.eldiario.net\/portal\/wp-json\/wp\/v2\/users\/1"}],"replies":[{"embeddable":true,"href":"https:\/\/www.eldiario.net\/portal\/wp-json\/wp\/v2\/comments?post=332325"}],"version-history":[{"count":1,"href":"https:\/\/www.eldiario.net\/portal\/wp-json\/wp\/v2\/posts\/332325\/revisions"}],"predecessor-version":[{"id":332327,"href":"https:\/\/www.eldiario.net\/portal\/wp-json\/wp\/v2\/posts\/332325\/revisions\/332327"}],"wp:featuredmedia":[{"embeddable":true,"href":"https:\/\/www.eldiario.net\/portal\/wp-json\/wp\/v2\/media\/332326"}],"wp:attachment":[{"href":"https:\/\/www.eldiario.net\/portal\/wp-json\/wp\/v2\/media?parent=332325"}],"wp:term":[{"taxonomy":"category","embeddable":true,"href":"https:\/\/www.eldiario.net\/portal\/wp-json\/wp\/v2\/categories?post=332325"},{"taxonomy":"post_tag","embeddable":true,"href":"https:\/\/www.eldiario.net\/portal\/wp-json\/wp\/v2\/tags?post=332325"}],"curies":[{"name":"wp","href":"https:\/\/api.w.org\/{rel}","templated":true}]}}