{"id":332314,"date":"2025-09-19T01:38:38","date_gmt":"2025-09-19T05:38:38","guid":{"rendered":"https:\/\/www.eldiario.net\/portal\/?p=332314"},"modified":"2025-09-18T23:38:51","modified_gmt":"2025-09-19T03:38:51","slug":"activan-protocolos-tras-hallazgo-de-droga-en-terminal-pacena","status":"publish","type":"post","link":"https:\/\/www.eldiario.net\/portal\/2025\/09\/19\/activan-protocolos-tras-hallazgo-de-droga-en-terminal-pacena\/","title":{"rendered":"Activan protocolos tras hallazgo de droga en terminal pace\u00f1a"},"content":{"rendered":"<p>Luego de que hallaran tres maletas sospechosas de contener droga y corroborar que una de ellas conten\u00eda sustancias il\u00edcitas, la comuna pace\u00f1a y la Direcci\u00f3n de la Terminal de Buses de La Paz informaron que se activaron los protocolos de seguridad, tambi\u00e9n se reforzar\u00e1 la presencia policial, adem\u00e1s ampliar\u00e1n y mejorar\u00e1n la estaci\u00f3n policial del Batall\u00f3n de Seguridad F\u00edsica que funciona dentro del recinto, entre otras acciones.<br \/>\nLa directora de la Terminal de Buses de La Paz, Iveliz Asturizaga, explic\u00f3 que el hallazgo fue posible gracias al aviso de un operador de transporte y al monitoreo de m\u00e1s de 75 c\u00e1maras de seguridad que vigilan la terminal.<br \/>\n\u201cEste resultado demuestra la eficiencia de nuestros protocolos y el trabajo conjunto con el Batall\u00f3n de Seguridad F\u00edsica Estatal y la Fuerza Especial de Lucha Contra el Narcotr\u00e1fico (Felcn). Nuestra prioridad es la seguridad de los usuarios\u201d, apunt\u00f3 la directora.<br \/>\nSeg\u00fan reporte oficial, efectivos del Batall\u00f3n de Seguridad F\u00edsica acudieron de inmediato y verificaron que los equipajes podr\u00edan contener sustancias il\u00edcitas, por lo que convocaron a expertos de la Felcn. Tras realizar las pruebas de campo, se confirm\u00f3 la presencia de droga en uno de los bultos, que fue precintado y trasladado bajo custodia policial.<br \/>\nAsturizaga destac\u00f3 que la terminal terrestre cuenta con un sistema reforzado de c\u00e1maras de seguridad, con vigilancia las 24 horas del d\u00eda, lo que permiti\u00f3 identificar im\u00e1genes claves que ser\u00e1n parte de la investigaci\u00f3n.<br \/>\n\u201cEs una terminal segura, estamos trabajando de manera permanente para dar confianza a la poblaci\u00f3n. Tenemos 75 c\u00e1maras actualmente y cuatro c\u00e1maras de seguridad exteriores que nos ayudan a identificar rostros\u201d, afirm\u00f3 la autoridad.<br \/>\nAhora, se revisa las grabaciones y la investigaci\u00f3n contin\u00faa para dar con los responsables del il\u00edcito.<br \/>\nLa directora reiter\u00f3 que los controles se intensificar\u00e1n y que los pasajeros pueden estar tranquilos de que el recinto cuenta con protocolos de seguridad s\u00f3lidos.<br \/>\nSEGURIDAD<br \/>\nPor otro lado, tambi\u00e9n se anunci\u00f3 el traslado y la ampliaci\u00f3n de la estaci\u00f3n policial que est\u00e1 al interior de la terminal pace\u00f1a, con el objetivo de acercar la atenci\u00f3n de seguridad a la poblaci\u00f3n. Es decir, se contar\u00e1 con una estaci\u00f3n policial m\u00e1s amplia y accesible para los usuarios, los efectivos del Batall\u00f3n de Seguridad F\u00edsica del Estado, encargados de rondas internas y verificaciones externas, ser\u00e1n reubicados en un espacio c\u00e9ntrico y refaccionado, lo que permitir\u00e1 brindar atenci\u00f3n inmediata en caso de denuncias o emergencias.<br \/>\n\u201cEste espacio era muy peque\u00f1o, apenas una oficina de monitoreo, pero ahora lo estamos ampliando con dos niveles. En la planta baja funcionar\u00e1 la oficina policial y en el segundo piso estar\u00e1n las habitaciones para el personal. Queremos que la Polic\u00eda est\u00e9 m\u00e1s cercana a la poblaci\u00f3n y al flujo principal de los viajeros\u201d, se\u00f1al\u00f3 Asturizaga.<br \/>\nLa nueva infraestructura permitir\u00e1 que los efectivos policiales cuenten con mejores condiciones para su labor preventiva y de reacci\u00f3n inmediata.<br \/>\nAdem\u00e1s de la seguridad, la directora indic\u00f3 que la terminal mantiene un sistema de pantallas digitales que difunden informaci\u00f3n sobre personas desaparecidas, en coordinaci\u00f3n con la Fiscal\u00eda y Seguridad Ciudadana.<br \/>\n\u201cEs un servicio poco conocido, pero vital. Aqu\u00ed proyectamos alertas de b\u00fasqueda con datos de la Fiscal\u00eda para que la poblaci\u00f3n pueda colaborar\u201d, asever\u00f3.<\/p>\n","protected":false},"excerpt":{"rendered":"<p>Luego de que hallaran tres maletas sospechosas de contener droga y corroborar que una de ellas conten\u00eda sustancias il\u00edcitas, la comuna pace\u00f1a y la Direcci\u00f3n de la Terminal de Buses de La Paz informaron que se activaron los protocolos de seguridad, tambi\u00e9n se reforzar\u00e1 la presencia policial, adem\u00e1s ampliar\u00e1n y mejorar\u00e1n la estaci\u00f3n policial del [&hellip;]<\/p>\n","protected":false},"author":1,"featured_media":332315,"comment_status":"closed","ping_status":"open","sticky":false,"template":"","format":"standard","meta":{"_acf_changed":false,"footnotes":""},"categories":[12],"tags":[],"class_list":["post-332314","post","type-post","status-publish","format-standard","has-post-thumbnail","category-nacional"],"acf":{"antetitulo":"Mejorar\u00e1n estaci\u00f3n policial"},"yoast_head":"<!-- This site is optimized with the Yoast SEO plugin v28.4 - https:\/\/yoast.com\/product\/yoast-seo-wordpress\/ -->\n<title>Activan protocolos tras hallazgo de droga en terminal pace\u00f1a - El Diario - Bolivia<\/title>\n<meta name=\"robots\" content=\"index, follow, max-snippet:-1, max-image-preview:large, max-video-preview:-1\" \/>\n<link rel=\"canonical\" href=\"https:\/\/www.eldiario.net\/portal\/2025\/09\/19\/activan-protocolos-tras-hallazgo-de-droga-en-terminal-pacena\/\" \/>\n<meta property=\"og:locale\" content=\"es_ES\" \/>\n<meta property=\"og:type\" content=\"article\" \/>\n<meta property=\"og:title\" content=\"Activan protocolos tras hallazgo de droga en terminal pace\u00f1a - El Diario - Bolivia\" \/>\n<meta property=\"og:description\" content=\"Luego de que hallaran tres maletas sospechosas de contener droga y corroborar que una de ellas conten\u00eda sustancias il\u00edcitas, la comuna pace\u00f1a y la Direcci\u00f3n de la Terminal de Buses de La Paz informaron que se activaron los protocolos de seguridad, tambi\u00e9n se reforzar\u00e1 la presencia policial, adem\u00e1s ampliar\u00e1n y mejorar\u00e1n la estaci\u00f3n policial del [&hellip;]\" \/>\n<meta property=\"og:url\" content=\"https:\/\/www.eldiario.net\/portal\/2025\/09\/19\/activan-protocolos-tras-hallazgo-de-droga-en-terminal-pacena\/\" \/>\n<meta property=\"og:site_name\" content=\"El Diario - Bolivia\" \/>\n<meta property=\"article:publisher\" content=\"https:\/\/www.facebook.com\/eldiario.bolivia\/\" \/>\n<meta property=\"article:published_time\" content=\"2025-09-19T05:38:38+00:00\" \/>\n<meta property=\"og:image\" content=\"https:\/\/www.eldiario.net\/portal\/wp-content\/uploads\/2025\/09\/F-1-protocolos.webp\" \/>\n\t<meta property=\"og:image:width\" content=\"900\" \/>\n\t<meta property=\"og:image:height\" content=\"879\" \/>\n\t<meta property=\"og:image:type\" content=\"image\/webp\" \/>\n<meta name=\"author\" content=\"Jeanette\" \/>\n<meta name=\"twitter:card\" content=\"summary_large_image\" \/>\n<meta name=\"twitter:creator\" content=\"@eldiario_net\" \/>\n<meta name=\"twitter:site\" content=\"@eldiario_net\" \/>\n<meta name=\"twitter:label1\" content=\"Escrito por\" \/>\n\t<meta name=\"twitter:data1\" content=\"Jeanette\" \/>\n\t<meta name=\"twitter:label2\" content=\"Tiempo de lectura\" \/>\n\t<meta name=\"twitter:data2\" content=\"3 minutos\" \/>\n<script type=\"application\/ld+json\" class=\"yoast-schema-graph\">{\"@context\":\"https:\\\/\\\/schema.org\",\"@graph\":[{\"@type\":\"Article\",\"@id\":\"https:\\\/\\\/www.eldiario.net\\\/portal\\\/2025\\\/09\\\/19\\\/activan-protocolos-tras-hallazgo-de-droga-en-terminal-pacena\\\/#article\",\"isPartOf\":{\"@id\":\"https:\\\/\\\/www.eldiario.net\\\/portal\\\/2025\\\/09\\\/19\\\/activan-protocolos-tras-hallazgo-de-droga-en-terminal-pacena\\\/\"},\"author\":{\"name\":\"Jeanette\",\"@id\":\"https:\\\/\\\/www.eldiario.net\\\/portal\\\/#\\\/schema\\\/person\\\/f46445640444750d7d753ccd04ae01b7\"},\"headline\":\"Activan protocolos tras hallazgo de droga en terminal pace\u00f1a\",\"datePublished\":\"2025-09-19T05:38:38+00:00\",\"mainEntityOfPage\":{\"@id\":\"https:\\\/\\\/www.eldiario.net\\\/portal\\\/2025\\\/09\\\/19\\\/activan-protocolos-tras-hallazgo-de-droga-en-terminal-pacena\\\/\"},\"wordCount\":596,\"publisher\":{\"@id\":\"https:\\\/\\\/www.eldiario.net\\\/portal\\\/#organization\"},\"image\":{\"@id\":\"https:\\\/\\\/www.eldiario.net\\\/portal\\\/2025\\\/09\\\/19\\\/activan-protocolos-tras-hallazgo-de-droga-en-terminal-pacena\\\/#primaryimage\"},\"thumbnailUrl\":\"https:\\\/\\\/www.eldiario.net\\\/portal\\\/wp-content\\\/uploads\\\/2025\\\/09\\\/F-1-protocolos.webp\",\"articleSection\":[\"Nacional\"],\"inLanguage\":\"es\"},{\"@type\":\"WebPage\",\"@id\":\"https:\\\/\\\/www.eldiario.net\\\/portal\\\/2025\\\/09\\\/19\\\/activan-protocolos-tras-hallazgo-de-droga-en-terminal-pacena\\\/\",\"url\":\"https:\\\/\\\/www.eldiario.net\\\/portal\\\/2025\\\/09\\\/19\\\/activan-protocolos-tras-hallazgo-de-droga-en-terminal-pacena\\\/\",\"name\":\"Activan protocolos tras hallazgo de droga en terminal pace\u00f1a - El Diario - Bolivia\",\"isPartOf\":{\"@id\":\"https:\\\/\\\/www.eldiario.net\\\/portal\\\/#website\"},\"primaryImageOfPage\":{\"@id\":\"https:\\\/\\\/www.eldiario.net\\\/portal\\\/2025\\\/09\\\/19\\\/activan-protocolos-tras-hallazgo-de-droga-en-terminal-pacena\\\/#primaryimage\"},\"image\":{\"@id\":\"https:\\\/\\\/www.eldiario.net\\\/portal\\\/2025\\\/09\\\/19\\\/activan-protocolos-tras-hallazgo-de-droga-en-terminal-pacena\\\/#primaryimage\"},\"thumbnailUrl\":\"https:\\\/\\\/www.eldiario.net\\\/portal\\\/wp-content\\\/uploads\\\/2025\\\/09\\\/F-1-protocolos.webp\",\"datePublished\":\"2025-09-19T05:38:38+00:00\",\"breadcrumb\":{\"@id\":\"https:\\\/\\\/www.eldiario.net\\\/portal\\\/2025\\\/09\\\/19\\\/activan-protocolos-tras-hallazgo-de-droga-en-terminal-pacena\\\/#breadcrumb\"},\"inLanguage\":\"es\",\"potentialAction\":[{\"@type\":\"ReadAction\",\"target\":[\"https:\\\/\\\/www.eldiario.net\\\/portal\\\/2025\\\/09\\\/19\\\/activan-protocolos-tras-hallazgo-de-droga-en-terminal-pacena\\\/\"]}]},{\"@type\":\"ImageObject\",\"inLanguage\":\"es\",\"@id\":\"https:\\\/\\\/www.eldiario.net\\\/portal\\\/2025\\\/09\\\/19\\\/activan-protocolos-tras-hallazgo-de-droga-en-terminal-pacena\\\/#primaryimage\",\"url\":\"https:\\\/\\\/www.eldiario.net\\\/portal\\\/wp-content\\\/uploads\\\/2025\\\/09\\\/F-1-protocolos.webp\",\"contentUrl\":\"https:\\\/\\\/www.eldiario.net\\\/portal\\\/wp-content\\\/uploads\\\/2025\\\/09\\\/F-1-protocolos.webp\",\"width\":900,\"height\":879,\"caption\":\"Buscan brindar mayor seguridad a los usuarios.\"},{\"@type\":\"BreadcrumbList\",\"@id\":\"https:\\\/\\\/www.eldiario.net\\\/portal\\\/2025\\\/09\\\/19\\\/activan-protocolos-tras-hallazgo-de-droga-en-terminal-pacena\\\/#breadcrumb\",\"itemListElement\":[{\"@type\":\"ListItem\",\"position\":1,\"name\":\"Portada\",\"item\":\"https:\\\/\\\/www.eldiario.net\\\/portal\\\/\"},{\"@type\":\"ListItem\",\"position\":2,\"name\":\"Activan protocolos tras hallazgo de droga en terminal pace\u00f1a\"}]},{\"@type\":\"WebSite\",\"@id\":\"https:\\\/\\\/www.eldiario.net\\\/portal\\\/#website\",\"url\":\"https:\\\/\\\/www.eldiario.net\\\/portal\\\/\",\"name\":\"El Diario - Decano de la prensa nacional\",\"description\":\"El Diario - Decano de la prensa nacional\",\"publisher\":{\"@id\":\"https:\\\/\\\/www.eldiario.net\\\/portal\\\/#organization\"},\"potentialAction\":[{\"@type\":\"SearchAction\",\"target\":{\"@type\":\"EntryPoint\",\"urlTemplate\":\"https:\\\/\\\/www.eldiario.net\\\/portal\\\/?s={search_term_string}\"},\"query-input\":{\"@type\":\"PropertyValueSpecification\",\"valueRequired\":true,\"valueName\":\"search_term_string\"}}],\"inLanguage\":\"es\"},{\"@type\":\"Organization\",\"@id\":\"https:\\\/\\\/www.eldiario.net\\\/portal\\\/#organization\",\"name\":\"El Diario - Decano de la prensa nacional\",\"url\":\"https:\\\/\\\/www.eldiario.net\\\/portal\\\/\",\"logo\":{\"@type\":\"ImageObject\",\"inLanguage\":\"es\",\"@id\":\"https:\\\/\\\/www.eldiario.net\\\/portal\\\/#\\\/schema\\\/logo\\\/image\\\/\",\"url\":\"https:\\\/\\\/www.eldiario.net\\\/portal\\\/wp-content\\\/uploads\\\/2023\\\/07\\\/logo_ED.jpg\",\"contentUrl\":\"https:\\\/\\\/www.eldiario.net\\\/portal\\\/wp-content\\\/uploads\\\/2023\\\/07\\\/logo_ED.jpg\",\"width\":272,\"height\":52,\"caption\":\"El Diario - Decano de la prensa nacional\"},\"image\":{\"@id\":\"https:\\\/\\\/www.eldiario.net\\\/portal\\\/#\\\/schema\\\/logo\\\/image\\\/\"},\"sameAs\":[\"https:\\\/\\\/www.facebook.com\\\/eldiario.bolivia\\\/\",\"https:\\\/\\\/x.com\\\/eldiario_net\"]},{\"@type\":\"Person\",\"@id\":\"https:\\\/\\\/www.eldiario.net\\\/portal\\\/#\\\/schema\\\/person\\\/f46445640444750d7d753ccd04ae01b7\",\"name\":\"Jeanette\",\"image\":{\"@type\":\"ImageObject\",\"inLanguage\":\"es\",\"@id\":\"https:\\\/\\\/secure.gravatar.com\\\/avatar\\\/3ea2118a5f7dad2b7138b1187a6b7ee55f160b9968b66013c3a3ef39dd7e5798?s=96&d=mm&r=g\",\"url\":\"https:\\\/\\\/secure.gravatar.com\\\/avatar\\\/3ea2118a5f7dad2b7138b1187a6b7ee55f160b9968b66013c3a3ef39dd7e5798?s=96&d=mm&r=g\",\"contentUrl\":\"https:\\\/\\\/secure.gravatar.com\\\/avatar\\\/3ea2118a5f7dad2b7138b1187a6b7ee55f160b9968b66013c3a3ef39dd7e5798?s=96&d=mm&r=g\",\"caption\":\"Jeanette\"},\"sameAs\":[\"https:\\\/\\\/www.eldiario.net\\\/portal\"],\"url\":\"https:\\\/\\\/www.eldiario.net\\\/portal\\\/author\\\/jeanette\\\/\"}]}<\/script>\n<!-- \/ Yoast SEO plugin. -->","yoast_head_json":{"title":"Activan protocolos tras hallazgo de droga en terminal pace\u00f1a - El Diario - Bolivia","robots":{"index":"index","follow":"follow","max-snippet":"max-snippet:-1","max-image-preview":"max-image-preview:large","max-video-preview":"max-video-preview:-1"},"canonical":"https:\/\/www.eldiario.net\/portal\/2025\/09\/19\/activan-protocolos-tras-hallazgo-de-droga-en-terminal-pacena\/","og_locale":"es_ES","og_type":"article","og_title":"Activan protocolos tras hallazgo de droga en terminal pace\u00f1a - El Diario - Bolivia","og_description":"Luego de que hallaran tres maletas sospechosas de contener droga y corroborar que una de ellas conten\u00eda sustancias il\u00edcitas, la comuna pace\u00f1a y la Direcci\u00f3n de la Terminal de Buses de La Paz informaron que se activaron los protocolos de seguridad, tambi\u00e9n se reforzar\u00e1 la presencia policial, adem\u00e1s ampliar\u00e1n y mejorar\u00e1n la estaci\u00f3n policial del [&hellip;]","og_url":"https:\/\/www.eldiario.net\/portal\/2025\/09\/19\/activan-protocolos-tras-hallazgo-de-droga-en-terminal-pacena\/","og_site_name":"El Diario - Bolivia","article_publisher":"https:\/\/www.facebook.com\/eldiario.bolivia\/","article_published_time":"2025-09-19T05:38:38+00:00","og_image":[{"width":900,"height":879,"url":"https:\/\/www.eldiario.net\/portal\/wp-content\/uploads\/2025\/09\/F-1-protocolos.webp","type":"image\/webp"}],"author":"Jeanette","twitter_card":"summary_large_image","twitter_creator":"@eldiario_net","twitter_site":"@eldiario_net","twitter_misc":{"Escrito por":"Jeanette","Tiempo de lectura":"3 minutos"},"schema":{"@context":"https:\/\/schema.org","@graph":[{"@type":"Article","@id":"https:\/\/www.eldiario.net\/portal\/2025\/09\/19\/activan-protocolos-tras-hallazgo-de-droga-en-terminal-pacena\/#article","isPartOf":{"@id":"https:\/\/www.eldiario.net\/portal\/2025\/09\/19\/activan-protocolos-tras-hallazgo-de-droga-en-terminal-pacena\/"},"author":{"name":"Jeanette","@id":"https:\/\/www.eldiario.net\/portal\/#\/schema\/person\/f46445640444750d7d753ccd04ae01b7"},"headline":"Activan protocolos tras hallazgo de droga en terminal pace\u00f1a","datePublished":"2025-09-19T05:38:38+00:00","mainEntityOfPage":{"@id":"https:\/\/www.eldiario.net\/portal\/2025\/09\/19\/activan-protocolos-tras-hallazgo-de-droga-en-terminal-pacena\/"},"wordCount":596,"publisher":{"@id":"https:\/\/www.eldiario.net\/portal\/#organization"},"image":{"@id":"https:\/\/www.eldiario.net\/portal\/2025\/09\/19\/activan-protocolos-tras-hallazgo-de-droga-en-terminal-pacena\/#primaryimage"},"thumbnailUrl":"https:\/\/www.eldiario.net\/portal\/wp-content\/uploads\/2025\/09\/F-1-protocolos.webp","articleSection":["Nacional"],"inLanguage":"es"},{"@type":"WebPage","@id":"https:\/\/www.eldiario.net\/portal\/2025\/09\/19\/activan-protocolos-tras-hallazgo-de-droga-en-terminal-pacena\/","url":"https:\/\/www.eldiario.net\/portal\/2025\/09\/19\/activan-protocolos-tras-hallazgo-de-droga-en-terminal-pacena\/","name":"Activan protocolos tras hallazgo de droga en terminal pace\u00f1a - El Diario - Bolivia","isPartOf":{"@id":"https:\/\/www.eldiario.net\/portal\/#website"},"primaryImageOfPage":{"@id":"https:\/\/www.eldiario.net\/portal\/2025\/09\/19\/activan-protocolos-tras-hallazgo-de-droga-en-terminal-pacena\/#primaryimage"},"image":{"@id":"https:\/\/www.eldiario.net\/portal\/2025\/09\/19\/activan-protocolos-tras-hallazgo-de-droga-en-terminal-pacena\/#primaryimage"},"thumbnailUrl":"https:\/\/www.eldiario.net\/portal\/wp-content\/uploads\/2025\/09\/F-1-protocolos.webp","datePublished":"2025-09-19T05:38:38+00:00","breadcrumb":{"@id":"https:\/\/www.eldiario.net\/portal\/2025\/09\/19\/activan-protocolos-tras-hallazgo-de-droga-en-terminal-pacena\/#breadcrumb"},"inLanguage":"es","potentialAction":[{"@type":"ReadAction","target":["https:\/\/www.eldiario.net\/portal\/2025\/09\/19\/activan-protocolos-tras-hallazgo-de-droga-en-terminal-pacena\/"]}]},{"@type":"ImageObject","inLanguage":"es","@id":"https:\/\/www.eldiario.net\/portal\/2025\/09\/19\/activan-protocolos-tras-hallazgo-de-droga-en-terminal-pacena\/#primaryimage","url":"https:\/\/www.eldiario.net\/portal\/wp-content\/uploads\/2025\/09\/F-1-protocolos.webp","contentUrl":"https:\/\/www.eldiario.net\/portal\/wp-content\/uploads\/2025\/09\/F-1-protocolos.webp","width":900,"height":879,"caption":"Buscan brindar mayor seguridad a los usuarios."},{"@type":"BreadcrumbList","@id":"https:\/\/www.eldiario.net\/portal\/2025\/09\/19\/activan-protocolos-tras-hallazgo-de-droga-en-terminal-pacena\/#breadcrumb","itemListElement":[{"@type":"ListItem","position":1,"name":"Portada","item":"https:\/\/www.eldiario.net\/portal\/"},{"@type":"ListItem","position":2,"name":"Activan protocolos tras hallazgo de droga en terminal pace\u00f1a"}]},{"@type":"WebSite","@id":"https:\/\/www.eldiario.net\/portal\/#website","url":"https:\/\/www.eldiario.net\/portal\/","name":"El Diario - Decano de la prensa nacional","description":"El Diario - Decano de la prensa nacional","publisher":{"@id":"https:\/\/www.eldiario.net\/portal\/#organization"},"potentialAction":[{"@type":"SearchAction","target":{"@type":"EntryPoint","urlTemplate":"https:\/\/www.eldiario.net\/portal\/?s={search_term_string}"},"query-input":{"@type":"PropertyValueSpecification","valueRequired":true,"valueName":"search_term_string"}}],"inLanguage":"es"},{"@type":"Organization","@id":"https:\/\/www.eldiario.net\/portal\/#organization","name":"El Diario - Decano de la prensa nacional","url":"https:\/\/www.eldiario.net\/portal\/","logo":{"@type":"ImageObject","inLanguage":"es","@id":"https:\/\/www.eldiario.net\/portal\/#\/schema\/logo\/image\/","url":"https:\/\/www.eldiario.net\/portal\/wp-content\/uploads\/2023\/07\/logo_ED.jpg","contentUrl":"https:\/\/www.eldiario.net\/portal\/wp-content\/uploads\/2023\/07\/logo_ED.jpg","width":272,"height":52,"caption":"El Diario - Decano de la prensa nacional"},"image":{"@id":"https:\/\/www.eldiario.net\/portal\/#\/schema\/logo\/image\/"},"sameAs":["https:\/\/www.facebook.com\/eldiario.bolivia\/","https:\/\/x.com\/eldiario_net"]},{"@type":"Person","@id":"https:\/\/www.eldiario.net\/portal\/#\/schema\/person\/f46445640444750d7d753ccd04ae01b7","name":"Jeanette","image":{"@type":"ImageObject","inLanguage":"es","@id":"https:\/\/secure.gravatar.com\/avatar\/3ea2118a5f7dad2b7138b1187a6b7ee55f160b9968b66013c3a3ef39dd7e5798?s=96&d=mm&r=g","url":"https:\/\/secure.gravatar.com\/avatar\/3ea2118a5f7dad2b7138b1187a6b7ee55f160b9968b66013c3a3ef39dd7e5798?s=96&d=mm&r=g","contentUrl":"https:\/\/secure.gravatar.com\/avatar\/3ea2118a5f7dad2b7138b1187a6b7ee55f160b9968b66013c3a3ef39dd7e5798?s=96&d=mm&r=g","caption":"Jeanette"},"sameAs":["https:\/\/www.eldiario.net\/portal"],"url":"https:\/\/www.eldiario.net\/portal\/author\/jeanette\/"}]}},"_links":{"self":[{"href":"https:\/\/www.eldiario.net\/portal\/wp-json\/wp\/v2\/posts\/332314","targetHints":{"allow":["GET"]}}],"collection":[{"href":"https:\/\/www.eldiario.net\/portal\/wp-json\/wp\/v2\/posts"}],"about":[{"href":"https:\/\/www.eldiario.net\/portal\/wp-json\/wp\/v2\/types\/post"}],"author":[{"embeddable":true,"href":"https:\/\/www.eldiario.net\/portal\/wp-json\/wp\/v2\/users\/1"}],"replies":[{"embeddable":true,"href":"https:\/\/www.eldiario.net\/portal\/wp-json\/wp\/v2\/comments?post=332314"}],"version-history":[{"count":1,"href":"https:\/\/www.eldiario.net\/portal\/wp-json\/wp\/v2\/posts\/332314\/revisions"}],"predecessor-version":[{"id":332316,"href":"https:\/\/www.eldiario.net\/portal\/wp-json\/wp\/v2\/posts\/332314\/revisions\/332316"}],"wp:featuredmedia":[{"embeddable":true,"href":"https:\/\/www.eldiario.net\/portal\/wp-json\/wp\/v2\/media\/332315"}],"wp:attachment":[{"href":"https:\/\/www.eldiario.net\/portal\/wp-json\/wp\/v2\/media?parent=332314"}],"wp:term":[{"taxonomy":"category","embeddable":true,"href":"https:\/\/www.eldiario.net\/portal\/wp-json\/wp\/v2\/categories?post=332314"},{"taxonomy":"post_tag","embeddable":true,"href":"https:\/\/www.eldiario.net\/portal\/wp-json\/wp\/v2\/tags?post=332314"}],"curies":[{"name":"wp","href":"https:\/\/api.w.org\/{rel}","templated":true}]}}