{"id":332281,"date":"2025-09-19T00:36:39","date_gmt":"2025-09-19T04:36:39","guid":{"rendered":"https:\/\/www.eldiario.net\/portal\/?p=332281"},"modified":"2025-09-18T22:37:19","modified_gmt":"2025-09-19T02:37:19","slug":"aumenta-nivel-de-contaminacion-del-aire-en-santa-cruz-por-incendios","status":"publish","type":"post","link":"https:\/\/www.eldiario.net\/portal\/2025\/09\/19\/aumenta-nivel-de-contaminacion-del-aire-en-santa-cruz-por-incendios\/","title":{"rendered":"Aumenta nivel de contaminaci\u00f3n  del aire en Santa Cruz por incendios"},"content":{"rendered":"<p>Los incendios forestales en el departamento de Santa Cruz aumentaron los niveles de contaminaci\u00f3n en la ciudad, por lo que se recomend\u00f3 precauci\u00f3n a los grupos de riesgo.<\/p>\n<p>\u201cSanta Cruz desde el viernes 12 (de septiembre) viene experimentando un incremento gradual de los niveles de contaminaci\u00f3n. Si bien mantenemos en una calidad de aire aceptable, no es necesario que la poblaci\u00f3n se alarme, pues es un adelanto de que los incendios forestales est\u00e1n haciendo un impacto sobre la calidad del aire\u201d, afirm\u00f3 el jefe departamental de contaminaci\u00f3n atmosf\u00e9rica, Diego Rojas.<\/p>\n<p>El experto dijo que los \u00edndices de contaminaci\u00f3n aumentan, sobre todo, en las madrugadas y las noches, porque la velocidad de los vientos disminuye y se genera una mayor acumulaci\u00f3n de part\u00edculas contaminantes, provenientes del parque automotor y de los incendios.<\/p>\n<p>Rojas pidi\u00f3 a los grupos de riesgo y las personas sensibles a la contaminaci\u00f3n, que tomen previsiones ante el aumento de la contaminaci\u00f3n.<\/p>\n<p>Recomend\u00f3 que deben evitar exposiciones prolongadas en espacios abiertos y tambi\u00e9n actividades f\u00edsicas intensas.<\/p>\n<p>VIENTOS FUERTES<\/p>\n<p>Los incendios forestales en el departamento de Santa Cruz tienen condiciones para acentuarse, consider\u00f3 el experto en agrometereolog\u00eda, Luis Alpire, que apunt\u00f3 a las altas temperaturas de los pr\u00f3ximos d\u00edas y el viento como \u201ccondiciones\u201d para que el fuego se expanda.<\/p>\n<p>\u201cSe van a acentuar las condiciones cr\u00edticas, porque las temperaturas van a subir hasta el fin de semana, hasta 37 grados en el Norte Integrado, la capital. R\u00e1fagas de viento m\u00e1s de 70 por hora, igual en la Chiquitan\u00eda hasta 41 grados, con vientos de 70 kil\u00f3metros por hora\u201d, afirm\u00f3 Alpire.<\/p>\n<p>Dijo que las provincias de la Chiquitan\u00eda tendr\u00e1n altas temperaturas e incluso los valles, lo que sumado a los vientos generar\u00e1 condiciones para mayores incendios.<\/p>\n<p>Se\u00f1al\u00f3 que estas condiciones son \u201cadecuadas y favorables\u201d para que los incendios se acent\u00faen y da\u00f1en la flora y la fauna de la regi\u00f3n.<\/p>\n<p>Record\u00f3 que la semana pasada fue muy cr\u00edtica porque las temperaturas subieron y los vientos se intensificaron, sobre todo en la Chiquitan\u00eda, que acapara la mayor cantidad de incendios. (Santa Cruz, con datos de Unitel)<\/p>\n","protected":false},"excerpt":{"rendered":"<p>Los incendios forestales en el departamento de Santa Cruz aumentaron los niveles de contaminaci\u00f3n en la ciudad, por lo que se recomend\u00f3 precauci\u00f3n a los grupos de riesgo. \u201cSanta Cruz desde el viernes 12 (de septiembre) viene experimentando un incremento gradual de los niveles de contaminaci\u00f3n. Si bien mantenemos en una calidad de aire aceptable, [&hellip;]<\/p>\n","protected":false},"author":1,"featured_media":332282,"comment_status":"closed","ping_status":"open","sticky":false,"template":"","format":"standard","meta":{"_acf_changed":false,"footnotes":""},"categories":[12],"tags":[],"class_list":["post-332281","post","type-post","status-publish","format-standard","has-post-thumbnail","category-nacional"],"acf":{"antetitulo":""},"yoast_head":"<!-- This site is optimized with the Yoast SEO plugin v28.4 - https:\/\/yoast.com\/product\/yoast-seo-wordpress\/ -->\n<title>Aumenta nivel de contaminaci\u00f3n del aire en Santa Cruz por incendios - El Diario - Bolivia<\/title>\n<meta name=\"robots\" content=\"index, follow, max-snippet:-1, max-image-preview:large, max-video-preview:-1\" \/>\n<link rel=\"canonical\" href=\"https:\/\/www.eldiario.net\/portal\/2025\/09\/19\/aumenta-nivel-de-contaminacion-del-aire-en-santa-cruz-por-incendios\/\" \/>\n<meta property=\"og:locale\" content=\"es_ES\" \/>\n<meta property=\"og:type\" content=\"article\" \/>\n<meta property=\"og:title\" content=\"Aumenta nivel de contaminaci\u00f3n del aire en Santa Cruz por incendios - El Diario - Bolivia\" \/>\n<meta property=\"og:description\" content=\"Los incendios forestales en el departamento de Santa Cruz aumentaron los niveles de contaminaci\u00f3n en la ciudad, por lo que se recomend\u00f3 precauci\u00f3n a los grupos de riesgo. \u201cSanta Cruz desde el viernes 12 (de septiembre) viene experimentando un incremento gradual de los niveles de contaminaci\u00f3n. Si bien mantenemos en una calidad de aire aceptable, [&hellip;]\" \/>\n<meta property=\"og:url\" content=\"https:\/\/www.eldiario.net\/portal\/2025\/09\/19\/aumenta-nivel-de-contaminacion-del-aire-en-santa-cruz-por-incendios\/\" \/>\n<meta property=\"og:site_name\" content=\"El Diario - Bolivia\" \/>\n<meta property=\"article:publisher\" content=\"https:\/\/www.facebook.com\/eldiario.bolivia\/\" \/>\n<meta property=\"article:published_time\" content=\"2025-09-19T04:36:39+00:00\" \/>\n<meta property=\"og:image\" content=\"https:\/\/www.eldiario.net\/portal\/wp-content\/uploads\/2025\/09\/CONTAMINA-FOTO.webp\" \/>\n\t<meta property=\"og:image:width\" content=\"1200\" \/>\n\t<meta property=\"og:image:height\" content=\"511\" \/>\n\t<meta property=\"og:image:type\" content=\"image\/webp\" \/>\n<meta name=\"author\" content=\"Jeanette\" \/>\n<meta name=\"twitter:card\" content=\"summary_large_image\" \/>\n<meta name=\"twitter:creator\" content=\"@eldiario_net\" \/>\n<meta name=\"twitter:site\" content=\"@eldiario_net\" \/>\n<meta name=\"twitter:label1\" content=\"Escrito por\" \/>\n\t<meta name=\"twitter:data1\" content=\"Jeanette\" \/>\n\t<meta name=\"twitter:label2\" content=\"Tiempo de lectura\" \/>\n\t<meta name=\"twitter:data2\" content=\"2 minutos\" \/>\n<script type=\"application\/ld+json\" class=\"yoast-schema-graph\">{\"@context\":\"https:\\\/\\\/schema.org\",\"@graph\":[{\"@type\":\"Article\",\"@id\":\"https:\\\/\\\/www.eldiario.net\\\/portal\\\/2025\\\/09\\\/19\\\/aumenta-nivel-de-contaminacion-del-aire-en-santa-cruz-por-incendios\\\/#article\",\"isPartOf\":{\"@id\":\"https:\\\/\\\/www.eldiario.net\\\/portal\\\/2025\\\/09\\\/19\\\/aumenta-nivel-de-contaminacion-del-aire-en-santa-cruz-por-incendios\\\/\"},\"author\":{\"name\":\"Jeanette\",\"@id\":\"https:\\\/\\\/www.eldiario.net\\\/portal\\\/#\\\/schema\\\/person\\\/2c57cf2b7a7ae032e449e4c9b1019eac\"},\"headline\":\"Aumenta nivel de contaminaci\u00f3n del aire en Santa Cruz por incendios\",\"datePublished\":\"2025-09-19T04:36:39+00:00\",\"mainEntityOfPage\":{\"@id\":\"https:\\\/\\\/www.eldiario.net\\\/portal\\\/2025\\\/09\\\/19\\\/aumenta-nivel-de-contaminacion-del-aire-en-santa-cruz-por-incendios\\\/\"},\"wordCount\":383,\"publisher\":{\"@id\":\"https:\\\/\\\/www.eldiario.net\\\/portal\\\/#organization\"},\"image\":{\"@id\":\"https:\\\/\\\/www.eldiario.net\\\/portal\\\/2025\\\/09\\\/19\\\/aumenta-nivel-de-contaminacion-del-aire-en-santa-cruz-por-incendios\\\/#primaryimage\"},\"thumbnailUrl\":\"https:\\\/\\\/www.eldiario.net\\\/portal\\\/wp-content\\\/uploads\\\/2025\\\/09\\\/CONTAMINA-FOTO.webp\",\"articleSection\":[\"Nacional\"],\"inLanguage\":\"es\"},{\"@type\":\"WebPage\",\"@id\":\"https:\\\/\\\/www.eldiario.net\\\/portal\\\/2025\\\/09\\\/19\\\/aumenta-nivel-de-contaminacion-del-aire-en-santa-cruz-por-incendios\\\/\",\"url\":\"https:\\\/\\\/www.eldiario.net\\\/portal\\\/2025\\\/09\\\/19\\\/aumenta-nivel-de-contaminacion-del-aire-en-santa-cruz-por-incendios\\\/\",\"name\":\"Aumenta nivel de contaminaci\u00f3n del aire en Santa Cruz por incendios - El Diario - Bolivia\",\"isPartOf\":{\"@id\":\"https:\\\/\\\/www.eldiario.net\\\/portal\\\/#website\"},\"primaryImageOfPage\":{\"@id\":\"https:\\\/\\\/www.eldiario.net\\\/portal\\\/2025\\\/09\\\/19\\\/aumenta-nivel-de-contaminacion-del-aire-en-santa-cruz-por-incendios\\\/#primaryimage\"},\"image\":{\"@id\":\"https:\\\/\\\/www.eldiario.net\\\/portal\\\/2025\\\/09\\\/19\\\/aumenta-nivel-de-contaminacion-del-aire-en-santa-cruz-por-incendios\\\/#primaryimage\"},\"thumbnailUrl\":\"https:\\\/\\\/www.eldiario.net\\\/portal\\\/wp-content\\\/uploads\\\/2025\\\/09\\\/CONTAMINA-FOTO.webp\",\"datePublished\":\"2025-09-19T04:36:39+00:00\",\"breadcrumb\":{\"@id\":\"https:\\\/\\\/www.eldiario.net\\\/portal\\\/2025\\\/09\\\/19\\\/aumenta-nivel-de-contaminacion-del-aire-en-santa-cruz-por-incendios\\\/#breadcrumb\"},\"inLanguage\":\"es\",\"potentialAction\":[{\"@type\":\"ReadAction\",\"target\":[\"https:\\\/\\\/www.eldiario.net\\\/portal\\\/2025\\\/09\\\/19\\\/aumenta-nivel-de-contaminacion-del-aire-en-santa-cruz-por-incendios\\\/\"]}]},{\"@type\":\"ImageObject\",\"inLanguage\":\"es\",\"@id\":\"https:\\\/\\\/www.eldiario.net\\\/portal\\\/2025\\\/09\\\/19\\\/aumenta-nivel-de-contaminacion-del-aire-en-santa-cruz-por-incendios\\\/#primaryimage\",\"url\":\"https:\\\/\\\/www.eldiario.net\\\/portal\\\/wp-content\\\/uploads\\\/2025\\\/09\\\/CONTAMINA-FOTO.webp\",\"contentUrl\":\"https:\\\/\\\/www.eldiario.net\\\/portal\\\/wp-content\\\/uploads\\\/2025\\\/09\\\/CONTAMINA-FOTO.webp\",\"width\":1200,\"height\":511,\"caption\":\"LA ESCENA DE FOTO TOMADA A FINES DEL A\u00d1O PASADO SE PUEDE VOLVER A REPERTIR. FOTO:APG\"},{\"@type\":\"BreadcrumbList\",\"@id\":\"https:\\\/\\\/www.eldiario.net\\\/portal\\\/2025\\\/09\\\/19\\\/aumenta-nivel-de-contaminacion-del-aire-en-santa-cruz-por-incendios\\\/#breadcrumb\",\"itemListElement\":[{\"@type\":\"ListItem\",\"position\":1,\"name\":\"Portada\",\"item\":\"https:\\\/\\\/www.eldiario.net\\\/portal\\\/\"},{\"@type\":\"ListItem\",\"position\":2,\"name\":\"Aumenta nivel de contaminaci\u00f3n del aire en Santa Cruz por incendios\"}]},{\"@type\":\"WebSite\",\"@id\":\"https:\\\/\\\/www.eldiario.net\\\/portal\\\/#website\",\"url\":\"https:\\\/\\\/www.eldiario.net\\\/portal\\\/\",\"name\":\"El Diario - Decano de la prensa nacional\",\"description\":\"El Diario - Decano de la prensa nacional\",\"publisher\":{\"@id\":\"https:\\\/\\\/www.eldiario.net\\\/portal\\\/#organization\"},\"potentialAction\":[{\"@type\":\"SearchAction\",\"target\":{\"@type\":\"EntryPoint\",\"urlTemplate\":\"https:\\\/\\\/www.eldiario.net\\\/portal\\\/?s={search_term_string}\"},\"query-input\":{\"@type\":\"PropertyValueSpecification\",\"valueRequired\":true,\"valueName\":\"search_term_string\"}}],\"inLanguage\":\"es\"},{\"@type\":\"Organization\",\"@id\":\"https:\\\/\\\/www.eldiario.net\\\/portal\\\/#organization\",\"name\":\"El Diario - Decano de la prensa nacional\",\"url\":\"https:\\\/\\\/www.eldiario.net\\\/portal\\\/\",\"logo\":{\"@type\":\"ImageObject\",\"inLanguage\":\"es\",\"@id\":\"https:\\\/\\\/www.eldiario.net\\\/portal\\\/#\\\/schema\\\/logo\\\/image\\\/\",\"url\":\"https:\\\/\\\/www.eldiario.net\\\/portal\\\/wp-content\\\/uploads\\\/2023\\\/07\\\/logo_ED.jpg\",\"contentUrl\":\"https:\\\/\\\/www.eldiario.net\\\/portal\\\/wp-content\\\/uploads\\\/2023\\\/07\\\/logo_ED.jpg\",\"width\":272,\"height\":52,\"caption\":\"El Diario - Decano de la prensa nacional\"},\"image\":{\"@id\":\"https:\\\/\\\/www.eldiario.net\\\/portal\\\/#\\\/schema\\\/logo\\\/image\\\/\"},\"sameAs\":[\"https:\\\/\\\/www.facebook.com\\\/eldiario.bolivia\\\/\",\"https:\\\/\\\/x.com\\\/eldiario_net\"]},{\"@type\":\"Person\",\"@id\":\"https:\\\/\\\/www.eldiario.net\\\/portal\\\/#\\\/schema\\\/person\\\/2c57cf2b7a7ae032e449e4c9b1019eac\",\"name\":\"Jeanette\",\"image\":{\"@type\":\"ImageObject\",\"inLanguage\":\"es\",\"@id\":\"https:\\\/\\\/secure.gravatar.com\\\/avatar\\\/3ea2118a5f7dad2b7138b1187a6b7ee55f160b9968b66013c3a3ef39dd7e5798?s=96&d=mm&r=g\",\"url\":\"https:\\\/\\\/secure.gravatar.com\\\/avatar\\\/3ea2118a5f7dad2b7138b1187a6b7ee55f160b9968b66013c3a3ef39dd7e5798?s=96&d=mm&r=g\",\"contentUrl\":\"https:\\\/\\\/secure.gravatar.com\\\/avatar\\\/3ea2118a5f7dad2b7138b1187a6b7ee55f160b9968b66013c3a3ef39dd7e5798?s=96&d=mm&r=g\",\"caption\":\"Jeanette\"},\"sameAs\":[\"https:\\\/\\\/www.eldiario.net\\\/portal\"],\"url\":\"https:\\\/\\\/www.eldiario.net\\\/portal\\\/author\\\/jeanette\\\/\"}]}<\/script>\n<!-- \/ Yoast SEO plugin. -->","yoast_head_json":{"title":"Aumenta nivel de contaminaci\u00f3n del aire en Santa Cruz por incendios - El Diario - Bolivia","robots":{"index":"index","follow":"follow","max-snippet":"max-snippet:-1","max-image-preview":"max-image-preview:large","max-video-preview":"max-video-preview:-1"},"canonical":"https:\/\/www.eldiario.net\/portal\/2025\/09\/19\/aumenta-nivel-de-contaminacion-del-aire-en-santa-cruz-por-incendios\/","og_locale":"es_ES","og_type":"article","og_title":"Aumenta nivel de contaminaci\u00f3n del aire en Santa Cruz por incendios - El Diario - Bolivia","og_description":"Los incendios forestales en el departamento de Santa Cruz aumentaron los niveles de contaminaci\u00f3n en la ciudad, por lo que se recomend\u00f3 precauci\u00f3n a los grupos de riesgo. \u201cSanta Cruz desde el viernes 12 (de septiembre) viene experimentando un incremento gradual de los niveles de contaminaci\u00f3n. Si bien mantenemos en una calidad de aire aceptable, [&hellip;]","og_url":"https:\/\/www.eldiario.net\/portal\/2025\/09\/19\/aumenta-nivel-de-contaminacion-del-aire-en-santa-cruz-por-incendios\/","og_site_name":"El Diario - Bolivia","article_publisher":"https:\/\/www.facebook.com\/eldiario.bolivia\/","article_published_time":"2025-09-19T04:36:39+00:00","og_image":[{"width":1200,"height":511,"url":"https:\/\/www.eldiario.net\/portal\/wp-content\/uploads\/2025\/09\/CONTAMINA-FOTO.webp","type":"image\/webp"}],"author":"Jeanette","twitter_card":"summary_large_image","twitter_creator":"@eldiario_net","twitter_site":"@eldiario_net","twitter_misc":{"Escrito por":"Jeanette","Tiempo de lectura":"2 minutos"},"schema":{"@context":"https:\/\/schema.org","@graph":[{"@type":"Article","@id":"https:\/\/www.eldiario.net\/portal\/2025\/09\/19\/aumenta-nivel-de-contaminacion-del-aire-en-santa-cruz-por-incendios\/#article","isPartOf":{"@id":"https:\/\/www.eldiario.net\/portal\/2025\/09\/19\/aumenta-nivel-de-contaminacion-del-aire-en-santa-cruz-por-incendios\/"},"author":{"name":"Jeanette","@id":"https:\/\/www.eldiario.net\/portal\/#\/schema\/person\/2c57cf2b7a7ae032e449e4c9b1019eac"},"headline":"Aumenta nivel de contaminaci\u00f3n del aire en Santa Cruz por incendios","datePublished":"2025-09-19T04:36:39+00:00","mainEntityOfPage":{"@id":"https:\/\/www.eldiario.net\/portal\/2025\/09\/19\/aumenta-nivel-de-contaminacion-del-aire-en-santa-cruz-por-incendios\/"},"wordCount":383,"publisher":{"@id":"https:\/\/www.eldiario.net\/portal\/#organization"},"image":{"@id":"https:\/\/www.eldiario.net\/portal\/2025\/09\/19\/aumenta-nivel-de-contaminacion-del-aire-en-santa-cruz-por-incendios\/#primaryimage"},"thumbnailUrl":"https:\/\/www.eldiario.net\/portal\/wp-content\/uploads\/2025\/09\/CONTAMINA-FOTO.webp","articleSection":["Nacional"],"inLanguage":"es"},{"@type":"WebPage","@id":"https:\/\/www.eldiario.net\/portal\/2025\/09\/19\/aumenta-nivel-de-contaminacion-del-aire-en-santa-cruz-por-incendios\/","url":"https:\/\/www.eldiario.net\/portal\/2025\/09\/19\/aumenta-nivel-de-contaminacion-del-aire-en-santa-cruz-por-incendios\/","name":"Aumenta nivel de contaminaci\u00f3n del aire en Santa Cruz por incendios - El Diario - Bolivia","isPartOf":{"@id":"https:\/\/www.eldiario.net\/portal\/#website"},"primaryImageOfPage":{"@id":"https:\/\/www.eldiario.net\/portal\/2025\/09\/19\/aumenta-nivel-de-contaminacion-del-aire-en-santa-cruz-por-incendios\/#primaryimage"},"image":{"@id":"https:\/\/www.eldiario.net\/portal\/2025\/09\/19\/aumenta-nivel-de-contaminacion-del-aire-en-santa-cruz-por-incendios\/#primaryimage"},"thumbnailUrl":"https:\/\/www.eldiario.net\/portal\/wp-content\/uploads\/2025\/09\/CONTAMINA-FOTO.webp","datePublished":"2025-09-19T04:36:39+00:00","breadcrumb":{"@id":"https:\/\/www.eldiario.net\/portal\/2025\/09\/19\/aumenta-nivel-de-contaminacion-del-aire-en-santa-cruz-por-incendios\/#breadcrumb"},"inLanguage":"es","potentialAction":[{"@type":"ReadAction","target":["https:\/\/www.eldiario.net\/portal\/2025\/09\/19\/aumenta-nivel-de-contaminacion-del-aire-en-santa-cruz-por-incendios\/"]}]},{"@type":"ImageObject","inLanguage":"es","@id":"https:\/\/www.eldiario.net\/portal\/2025\/09\/19\/aumenta-nivel-de-contaminacion-del-aire-en-santa-cruz-por-incendios\/#primaryimage","url":"https:\/\/www.eldiario.net\/portal\/wp-content\/uploads\/2025\/09\/CONTAMINA-FOTO.webp","contentUrl":"https:\/\/www.eldiario.net\/portal\/wp-content\/uploads\/2025\/09\/CONTAMINA-FOTO.webp","width":1200,"height":511,"caption":"LA ESCENA DE FOTO TOMADA A FINES DEL A\u00d1O PASADO SE PUEDE VOLVER A REPERTIR. FOTO:APG"},{"@type":"BreadcrumbList","@id":"https:\/\/www.eldiario.net\/portal\/2025\/09\/19\/aumenta-nivel-de-contaminacion-del-aire-en-santa-cruz-por-incendios\/#breadcrumb","itemListElement":[{"@type":"ListItem","position":1,"name":"Portada","item":"https:\/\/www.eldiario.net\/portal\/"},{"@type":"ListItem","position":2,"name":"Aumenta nivel de contaminaci\u00f3n del aire en Santa Cruz por incendios"}]},{"@type":"WebSite","@id":"https:\/\/www.eldiario.net\/portal\/#website","url":"https:\/\/www.eldiario.net\/portal\/","name":"El Diario - Decano de la prensa nacional","description":"El Diario - Decano de la prensa nacional","publisher":{"@id":"https:\/\/www.eldiario.net\/portal\/#organization"},"potentialAction":[{"@type":"SearchAction","target":{"@type":"EntryPoint","urlTemplate":"https:\/\/www.eldiario.net\/portal\/?s={search_term_string}"},"query-input":{"@type":"PropertyValueSpecification","valueRequired":true,"valueName":"search_term_string"}}],"inLanguage":"es"},{"@type":"Organization","@id":"https:\/\/www.eldiario.net\/portal\/#organization","name":"El Diario - Decano de la prensa nacional","url":"https:\/\/www.eldiario.net\/portal\/","logo":{"@type":"ImageObject","inLanguage":"es","@id":"https:\/\/www.eldiario.net\/portal\/#\/schema\/logo\/image\/","url":"https:\/\/www.eldiario.net\/portal\/wp-content\/uploads\/2023\/07\/logo_ED.jpg","contentUrl":"https:\/\/www.eldiario.net\/portal\/wp-content\/uploads\/2023\/07\/logo_ED.jpg","width":272,"height":52,"caption":"El Diario - Decano de la prensa nacional"},"image":{"@id":"https:\/\/www.eldiario.net\/portal\/#\/schema\/logo\/image\/"},"sameAs":["https:\/\/www.facebook.com\/eldiario.bolivia\/","https:\/\/x.com\/eldiario_net"]},{"@type":"Person","@id":"https:\/\/www.eldiario.net\/portal\/#\/schema\/person\/2c57cf2b7a7ae032e449e4c9b1019eac","name":"Jeanette","image":{"@type":"ImageObject","inLanguage":"es","@id":"https:\/\/secure.gravatar.com\/avatar\/3ea2118a5f7dad2b7138b1187a6b7ee55f160b9968b66013c3a3ef39dd7e5798?s=96&d=mm&r=g","url":"https:\/\/secure.gravatar.com\/avatar\/3ea2118a5f7dad2b7138b1187a6b7ee55f160b9968b66013c3a3ef39dd7e5798?s=96&d=mm&r=g","contentUrl":"https:\/\/secure.gravatar.com\/avatar\/3ea2118a5f7dad2b7138b1187a6b7ee55f160b9968b66013c3a3ef39dd7e5798?s=96&d=mm&r=g","caption":"Jeanette"},"sameAs":["https:\/\/www.eldiario.net\/portal"],"url":"https:\/\/www.eldiario.net\/portal\/author\/jeanette\/"}]}},"_links":{"self":[{"href":"https:\/\/www.eldiario.net\/portal\/wp-json\/wp\/v2\/posts\/332281","targetHints":{"allow":["GET"]}}],"collection":[{"href":"https:\/\/www.eldiario.net\/portal\/wp-json\/wp\/v2\/posts"}],"about":[{"href":"https:\/\/www.eldiario.net\/portal\/wp-json\/wp\/v2\/types\/post"}],"author":[{"embeddable":true,"href":"https:\/\/www.eldiario.net\/portal\/wp-json\/wp\/v2\/users\/1"}],"replies":[{"embeddable":true,"href":"https:\/\/www.eldiario.net\/portal\/wp-json\/wp\/v2\/comments?post=332281"}],"version-history":[{"count":1,"href":"https:\/\/www.eldiario.net\/portal\/wp-json\/wp\/v2\/posts\/332281\/revisions"}],"predecessor-version":[{"id":332283,"href":"https:\/\/www.eldiario.net\/portal\/wp-json\/wp\/v2\/posts\/332281\/revisions\/332283"}],"wp:featuredmedia":[{"embeddable":true,"href":"https:\/\/www.eldiario.net\/portal\/wp-json\/wp\/v2\/media\/332282"}],"wp:attachment":[{"href":"https:\/\/www.eldiario.net\/portal\/wp-json\/wp\/v2\/media?parent=332281"}],"wp:term":[{"taxonomy":"category","embeddable":true,"href":"https:\/\/www.eldiario.net\/portal\/wp-json\/wp\/v2\/categories?post=332281"},{"taxonomy":"post_tag","embeddable":true,"href":"https:\/\/www.eldiario.net\/portal\/wp-json\/wp\/v2\/tags?post=332281"}],"curies":[{"name":"wp","href":"https:\/\/api.w.org\/{rel}","templated":true}]}}