{"id":331812,"date":"2025-09-17T00:02:07","date_gmt":"2025-09-17T04:02:07","guid":{"rendered":"https:\/\/www.eldiario.net\/portal\/?p=331812"},"modified":"2025-09-16T22:06:04","modified_gmt":"2025-09-17T02:06:04","slug":"la-orquesta-sinfonica-nacional-de-bolivia-presenta-gala-rusa","status":"publish","type":"post","link":"https:\/\/www.eldiario.net\/portal\/2025\/09\/17\/la-orquesta-sinfonica-nacional-de-bolivia-presenta-gala-rusa\/","title":{"rendered":"La Orquesta Sinf\u00f3nica Nacional  de Bolivia presenta \u201cGala Rusa\u201d"},"content":{"rendered":"<p>La Orquesta Sinf\u00f3nica Nacional de Bolivia (OSNB) celebrar\u00e1 sus 80 a\u00f1os de trayectoria art\u00edstica y el Bicentenario de Bolivia con el programa \u201cGala Rusa\u201d, que ser\u00e1 presentado este mi\u00e9rcoles 17 y jueves 18 de septiembre, a partir de las 20:00 horas, en el Centro Sinf\u00f3nico Nacional.<\/p>\n<p>El programa de estas veladas, que se enmarcan en la Temporada 2025 de la instituci\u00f3n sinf\u00f3nica m\u00e1s importante del pa\u00eds, busca tender puentes entre la cultura musical boliviana y la tradici\u00f3n rusa, uniendo \u00e9pocas y estilos que reflejan la fuerza transformadora de la m\u00fasica como pilar de unidad y desarrollo cultural, menciona la nota de prensa de la OSNB.<\/p>\n<p>El concierto se abrir\u00e1 con la <em>Rapsodia Tiwanaku in Memoriam<\/em> del compositor boliviano Gast\u00f3n Arce Cejas, interpretada por el violinista solista Julio Monta\u00f1o. Posteriormente, se contar\u00e1 con la magistral participaci\u00f3n del pianista italiano Davide Cava, quien llega por primera vez a Bolivia para interpretar el <em>Concierto para piano Nro. 3 en re menor, Op. 30<\/em>, de Serguei Rachmaninov, c\u00e9lebre por su lirismo y por ser considerado uno de los conciertos m\u00e1s exigentes del repertorio pian\u00edstico.<\/p>\n<p>En la segunda parte del programa, la OSNB interpretar\u00e1 la <em>Sinfon\u00eda Nro. 1 en fa menor, Op. 10<\/em>, obra temprana y emblem\u00e1tica de Dmitri Schostakowich.<\/p>\n<p>\u201cLa historia de la cooperaci\u00f3n musical entre Bolivia y Rusia tiene p\u00e1ginas entra\u00f1ables. En los setenta, la Orquesta fue dirigida durante cinco a\u00f1os por el destacado maestro sovi\u00e9tico de origen armenio Rub\u00e9n Vartanyan. Su trabajo marc\u00f3 una etapa fundamental en el desarrollo sinf\u00f3nico boliviano y dej\u00f3 una huella imborrable. Hoy, d\u00e9cadas despu\u00e9s, volvemos a sentir esa uni\u00f3n espiritual que solo la m\u00fasica puede dar, m\u00e1s all\u00e1 de fronteras e idiomas\u201d, destac\u00f3 el embajador de Rusia en Bolivia, Dmitry Verchenko.<\/p>\n<p>\u201cLa Gala Rusa no s\u00f3lo rinde homenaje a la hist\u00f3rica cooperaci\u00f3n cultural entre Bolivia y Rusia, sino tambi\u00e9n se convierte en un tributo a la amistad entre naciones y a la vigencia de la m\u00fasica universal, reafirmando el compromiso de la Orquesta con la excelencia art\u00edstica y con el fortalecimiento del di\u00e1logo cultural\u201d, afirm\u00f3 el maestro Daniel Montes, Director General Ejecutivo de la OSNB.<\/p>\n<p>La Orquesta Sinf\u00f3nica Nacional invita al p\u00fablico a ser parte de esta experiencia inolvidable, en la que cada nota de Schostakowich y cada acorde de Rachmaninov resonar\u00e1n como s\u00edmbolos de uni\u00f3n, inspiraci\u00f3n y celebraci\u00f3n.<\/p>\n<p><strong>COMPRA TUS ENTRADAS<\/strong><\/p>\n<p>Las entradas est\u00e1n a la venta en la boleter\u00eda del Centro Sinf\u00f3nico Nacional (de 12:00 a 19:00), ubicado en la calle Ayacucho N\u00b0 366, casi esquina Potos\u00ed. Tambi\u00e9n pueden ser adquiridas v\u00eda transferencia bancaria a la cuenta del Banco Uni\u00f3n n\u00famero 10000004670407, a nombre de la Orquesta Sinf\u00f3nica Nacional. Las entradas son accesibles desde los Bs.15.<\/p>\n<p>Contactos \ud83d\udcde 2145353 \ud83d\udcf162562541<\/p>\n<p><strong>SOBRE LOS M\u00daSICOS INT\u00c9RPRETES<\/strong><\/p>\n<p>DAVIDE CAVA<\/p>\n<p>Davide Cava, pianista originario de Tur\u00edn, Italia, se gradu\u00f3 con honores en el Conservatorio Estatal de M\u00fasica de su ciudad. Continu\u00f3 sus estudios en la Southern Methodist University en Dallas, donde obtuvo un Diploma de Int\u00e9rprete, un M\u00e1ster en Interpretaci\u00f3n Pian\u00edstica y un Certificado de Artista bajo la tutela de Joaqu\u00edn Ach\u00facarro.<\/p>\n<p>Particip\u00f3 en prestigiosos concursos internacionales, logrando reconocimientos como la Medalla de Plata en el Concurso Internacional de Piano de Panam\u00e1. Su trayectoria incluye recitales en Europa y Am\u00e9rica, colaboraciones con destacados m\u00fasicos y clases magistrales con pianistas como Lang Lang y Maria Jo\u00e3o Pires.<\/p>\n<p>Desde 2024 es solista en la serie Candlelight de Fever, con un repertorio que combina cl\u00e1sicos de Mozart y Chopin con homenajes a la m\u00fasica cinematogr\u00e1fica.<\/p>\n<p>JULIO MONTA\u00d1O<\/p>\n<p>Julio Monta\u00f1o es un violinista y violista boliviano que inici\u00f3 sus estudios musicales a los 24 a\u00f1os en la Escuela Municipal de las Artes de El Alto. Gracias a una beca del Kennedy Center of the Arts, perfeccion\u00f3 su t\u00e9cnica con Philippe Chao en Washington y Nueva York, adem\u00e1s de recibir clases magistrales de reconocidos m\u00fasicos.<\/p>\n<p>Particip\u00f3 como solista, concertino y gu\u00eda en la Sinf\u00f3nica de El Alto e integr\u00f3, como invitado, la Orquesta Sinf\u00f3nica Nacional de Bolivia, la Filarm\u00f3nica de Bolivia y otras agrupaciones del pa\u00eds. Tambi\u00e9n fue docente en el Conservatorio Plurinacional de M\u00fasica y dirigi\u00f3 proyectos de orquestas infantiles y juveniles en El Alto.<\/p>\n<p><strong>LOS COMPOSITORES<\/strong><\/p>\n<p>GAST\u00d3N ARCE<\/p>\n<p>Gast\u00f3n Arce es compositor, director de orquesta e investigador. Naci\u00f3 en La Paz en 1964. Estudi\u00f3 composici\u00f3n y direcci\u00f3n orquestal en la Universidad Nacional de La Plata, Argentina. Fue fundador y Jefe de la Carrera de M\u00fasica de la Universidad Loyola y docente de varias instituciones de formaci\u00f3n musical dentro y fuera de Bolivia. Entre 2001 y 2002 realiz\u00f3 una residencia en la Escuela Superior de M\u00fasica de Freiburg, Alemania.<\/p>\n<p>Fue director de diversas orquestas de c\u00e1mara, sinf\u00f3nicas y grupos de m\u00fasica contempor\u00e1nea. Desde 2021 es director invitado y forma parte de la Fundaci\u00f3n del Movimiento Sinf\u00f3nico de El Alto (MSEA).<\/p>\n<p>Su m\u00fasica consta de m\u00e1s de 80 obras y es regularmente ejecutada dentro y fuera de Bolivia. En 2016 gan\u00f3 el Premio Nacional de Composici\u00f3n \u201cOrlando Alandia Pantoja\u201d. En 2017 fue invitado a ser miembro de la Academia Valenciana de M\u00fasica y public\u00f3 el libro <em>Avatares de la M\u00fasica Contempor\u00e1nea en Bolivia<\/em>. Desde 2022 es miembro del Colegio Latinoamericano de Compositores de M\u00fasica de Arte (con sede en M\u00e9xico). En agosto de 2025 recibi\u00f3 la Medalla al M\u00e9rito Bicentenario de la Asamblea Legislativa Plurinacional. Actualmente es Director Musical de la Camerata Oruro y viene preparando su segundo libro sobre la m\u00fasica boliviana actual.<\/p>\n<p>SERGUEI RACHMANINOV<\/p>\n<p>Serguei Rachmaninov (1873 \u2013 1943) fue un compositor, pianista y director de orquesta ruso, considerado uno de los \u00faltimos grandes representantes del romanticismo musical.<\/p>\n<p>Su m\u00fasica se caracteriza por su profundo lirismo, intensidad emocional, gran riqueza arm\u00f3nica y virtuosismo pian\u00edstico.<\/p>\n<p>Entre sus obras destacadas est\u00e1n sus Conciertos para piano n.\u00ba 2 y n.\u00ba 3 y la Rapsodia sobre un tema de Paganini. Sus Preludios para piano est\u00e1n entre las piezas m\u00e1s interpretadas del repertorio cl\u00e1sico.<\/p>\n<p>Tras la Revoluci\u00f3n Rusa de 1917, emigr\u00f3 a Estados Unidos, donde continu\u00f3 su carrera como concertista y director. Es recordado como uno de los pianistas m\u00e1s brillantes de la historia y un compositor cuya m\u00fasica une la tradici\u00f3n rom\u00e1ntica con el virtuosismo pian\u00edstico.<\/p>\n<p>DMITRI SCHOSTAKOWICH<\/p>\n<p>Dmitri Schostakowich (1906 \u2013 1975) fue un compositor y pianista sovi\u00e9tico, considerado uno de los m\u00fasicos m\u00e1s importantes del Siglo XX. Su obra combina el lenguaje moderno, la iron\u00eda y la profunda expresividad, a menudo marcada por las tensiones pol\u00edticas de la Uni\u00f3n Sovi\u00e9tica.<\/p>\n<p>Vivi\u00f3 bajo la dictadura de Stalin, lo que lo oblig\u00f3 a equilibrar su inspiraci\u00f3n art\u00edstica con las exigencias del realismo socialista.<\/p>\n<p>Compuso 15 sinfon\u00edas, 15 cuartetos de cuerda, conciertos, \u00f3peras (como Lady Macbeth de Mtsensk), m\u00fasica para cine y piezas de c\u00e1mara.<\/p>\n<p>Su m\u00fasica refleja tanto la tragedia y el dolor de su tiempo como la resistencia y el ingenio humano, convirti\u00e9ndolo en una voz \u00fanica de la historia de la m\u00fasica. Obras como la Quinta Sinfon\u00eda o la S\u00e9ptima \u201cLeningrado\u201d lo consolidaron como un maestro que transform\u00f3 la tensi\u00f3n de su tiempo en arte eterno.<\/p>\n\r\n                <style type=\"text\/css\">\r\n                    \r\n                    #tdi_1  .td-doubleSlider-2 .td-item1 {\r\n                        background: url(https:\/\/www.eldiario.net\/portal\/wp-content\/uploads\/2025\/09\/1-PRINCIPAL-7-80x60.webp) 0 0 no-repeat;\r\n                    }\r\n                    #tdi_1  .td-doubleSlider-2 .td-item2 {\r\n                        background: url(https:\/\/www.eldiario.net\/portal\/wp-content\/uploads\/2025\/09\/2.-Serguei-Rachmaninov--80x60.webp) 0 0 no-repeat;\r\n                    }\r\n                    #tdi_1  .td-doubleSlider-2 .td-item3 {\r\n                        background: url(https:\/\/www.eldiario.net\/portal\/wp-content\/uploads\/2025\/09\/3.-Dmitri-Shostakovich--80x60.webp) 0 0 no-repeat;\r\n                    }\r\n                    #tdi_1  .td-doubleSlider-2 .td-item4 {\r\n                        background: url(https:\/\/www.eldiario.net\/portal\/wp-content\/uploads\/2025\/09\/4-Davide-Cava--80x60.webp) 0 0 no-repeat;\r\n                    }\r\n                    #tdi_1  .td-doubleSlider-2 .td-item5 {\r\n                        background: url(https:\/\/www.eldiario.net\/portal\/wp-content\/uploads\/2025\/09\/5.-Julio-Montano--80x60.webp) 0 0 no-repeat;\r\n                    }\r\n                    #tdi_1  .td-doubleSlider-2 .td-item6 {\r\n                        background: url(https:\/\/www.eldiario.net\/portal\/wp-content\/uploads\/2025\/09\/6.-Gaston-Arce--80x60.webp) 0 0 no-repeat;\r\n                    }\r\n                    #tdi_1  .td-doubleSlider-2 .td-item7 {\r\n                        background: url(https:\/\/www.eldiario.net\/portal\/wp-content\/uploads\/2025\/09\/7-1-1-80x60.webp) 0 0 no-repeat;\r\n                    }\r\n                    #tdi_1  .td-doubleSlider-2 .td-item8 {\r\n                        background: url(https:\/\/www.eldiario.net\/portal\/wp-content\/uploads\/2025\/09\/8-1-1-80x60.webp) 0 0 no-repeat;\r\n                    }\r\n                <\/style>\r\n\r\n                <div id=\"tdi_1\" class=\"td-gallery td-slide-on-2-columns\">\r\n                    <div class=\"post_td_gallery\">\r\n                        <div class=\"td-gallery-slide-top\">\r\n                           <div class=\"td-gallery-title\"><\/div>\r\n\r\n                            <div class=\"td-gallery-controls-wrapper\">\r\n                                <div class=\"td-gallery-slide-count\"><span class=\"td-gallery-slide-item-focus\">1<\/span> de 8<\/div>\r\n                                <div class=\"td-gallery-slide-prev-next-but\">\r\n                                    <i class = \"td-icon-left doubleSliderPrevButton\"><\/i>\r\n                                    <i class = \"td-icon-right doubleSliderNextButton\"><\/i>\r\n                                <\/div>\r\n                            <\/div>\r\n                        <\/div>\r\n\r\n                        <div class = \"td-doubleSlider-1 \">\r\n                            <div class = \"td-slider\">\r\n                                \r\n                    <div class = \"td-slide-item td-item1\">\r\n                        <figure class=\"td-slide-galery-figure td-slide-popup-gallery\">\r\n                            <a class=\"slide-gallery-image-link\" href=\"https:\/\/www.eldiario.net\/portal\/wp-content\/uploads\/2025\/09\/1-PRINCIPAL-7.webp\" title=\"1---PRINCIPAL\"  data-caption=\"\"  data-description=\"\">\r\n                                <img decoding=\"async\" src=\"https:\/\/www.eldiario.net\/portal\/wp-content\/uploads\/2025\/09\/1-PRINCIPAL-7-293x420.webp\" srcset=\"https:\/\/www.eldiario.net\/portal\/wp-content\/uploads\/2025\/09\/1-PRINCIPAL-7-293x420.webp 293w, https:\/\/www.eldiario.net\/portal\/wp-content\/uploads\/2025\/09\/1-PRINCIPAL-7-209x300.webp 209w, https:\/\/www.eldiario.net\/portal\/wp-content\/uploads\/2025\/09\/1-PRINCIPAL-7-714x1024.webp 714w, https:\/\/www.eldiario.net\/portal\/wp-content\/uploads\/2025\/09\/1-PRINCIPAL-7-150x215.webp 150w, https:\/\/www.eldiario.net\/portal\/wp-content\/uploads\/2025\/09\/1-PRINCIPAL-7-300x430.webp 300w, https:\/\/www.eldiario.net\/portal\/wp-content\/uploads\/2025\/09\/1-PRINCIPAL-7-696x998.webp 696w, https:\/\/www.eldiario.net\/portal\/wp-content\/uploads\/2025\/09\/1-PRINCIPAL-7.webp 767w\" sizes=\"(max-width: 293px) 100vw, 293px\" alt=\"\">\r\n                            <\/a>\r\n                            \r\n                        <\/figure>\r\n                    <\/div>\r\n                    <div class = \"td-slide-item td-item2\">\r\n                        <figure class=\"td-slide-galery-figure td-slide-popup-gallery\">\r\n                            <a class=\"slide-gallery-image-link\" href=\"https:\/\/www.eldiario.net\/portal\/wp-content\/uploads\/2025\/09\/2.-Serguei-Rachmaninov-.webp\" title=\"2.-Sergu\u00e9i-Rachm\u00e1ninov-\"  data-caption=\"\"  data-description=\"\">\r\n                                <img decoding=\"async\" src=\"https:\/\/www.eldiario.net\/portal\/wp-content\/uploads\/2025\/09\/2.-Serguei-Rachmaninov--300x420.webp\" srcset=\"https:\/\/www.eldiario.net\/portal\/wp-content\/uploads\/2025\/09\/2.-Serguei-Rachmaninov--300x420.webp 300w, https:\/\/www.eldiario.net\/portal\/wp-content\/uploads\/2025\/09\/2.-Serguei-Rachmaninov--214x300.webp 214w, https:\/\/www.eldiario.net\/portal\/wp-content\/uploads\/2025\/09\/2.-Serguei-Rachmaninov--731x1024.webp 731w, https:\/\/www.eldiario.net\/portal\/wp-content\/uploads\/2025\/09\/2.-Serguei-Rachmaninov--768x1075.webp 768w, https:\/\/www.eldiario.net\/portal\/wp-content\/uploads\/2025\/09\/2.-Serguei-Rachmaninov--150x210.webp 150w, https:\/\/www.eldiario.net\/portal\/wp-content\/uploads\/2025\/09\/2.-Serguei-Rachmaninov--696x975.webp 696w, https:\/\/www.eldiario.net\/portal\/wp-content\/uploads\/2025\/09\/2.-Serguei-Rachmaninov-.webp 857w\" sizes=\"(max-width: 300px) 100vw, 300px\" alt=\"\">\r\n                            <\/a>\r\n                            \r\n                        <\/figure>\r\n                    <\/div>\r\n                    <div class = \"td-slide-item td-item3\">\r\n                        <figure class=\"td-slide-galery-figure td-slide-popup-gallery\">\r\n                            <a class=\"slide-gallery-image-link\" href=\"https:\/\/www.eldiario.net\/portal\/wp-content\/uploads\/2025\/09\/3.-Dmitri-Shostakovich-.webp\" title=\"3.-Dmitri-Shostak\u00f3vich-\"  data-caption=\"\"  data-description=\"\">\r\n                                <img decoding=\"async\" src=\"https:\/\/www.eldiario.net\/portal\/wp-content\/uploads\/2025\/09\/3.-Dmitri-Shostakovich--301x420.webp\" srcset=\"https:\/\/www.eldiario.net\/portal\/wp-content\/uploads\/2025\/09\/3.-Dmitri-Shostakovich--301x420.webp 301w, https:\/\/www.eldiario.net\/portal\/wp-content\/uploads\/2025\/09\/3.-Dmitri-Shostakovich--215x300.webp 215w, https:\/\/www.eldiario.net\/portal\/wp-content\/uploads\/2025\/09\/3.-Dmitri-Shostakovich--733x1024.webp 733w, https:\/\/www.eldiario.net\/portal\/wp-content\/uploads\/2025\/09\/3.-Dmitri-Shostakovich--768x1072.webp 768w, https:\/\/www.eldiario.net\/portal\/wp-content\/uploads\/2025\/09\/3.-Dmitri-Shostakovich--150x209.webp 150w, https:\/\/www.eldiario.net\/portal\/wp-content\/uploads\/2025\/09\/3.-Dmitri-Shostakovich--300x419.webp 300w, https:\/\/www.eldiario.net\/portal\/wp-content\/uploads\/2025\/09\/3.-Dmitri-Shostakovich--696x972.webp 696w, https:\/\/www.eldiario.net\/portal\/wp-content\/uploads\/2025\/09\/3.-Dmitri-Shostakovich-.webp 805w\" sizes=\"(max-width: 301px) 100vw, 301px\" alt=\"\">\r\n                            <\/a>\r\n                            \r\n                        <\/figure>\r\n                    <\/div>\r\n                    <div class = \"td-slide-item td-item4\">\r\n                        <figure class=\"td-slide-galery-figure td-slide-popup-gallery\">\r\n                            <a class=\"slide-gallery-image-link\" href=\"https:\/\/www.eldiario.net\/portal\/wp-content\/uploads\/2025\/09\/4-Davide-Cava-.webp\" title=\"4--Davide-Cava-\"  data-caption=\"\"  data-description=\"\">\r\n                                <img decoding=\"async\" src=\"https:\/\/www.eldiario.net\/portal\/wp-content\/uploads\/2025\/09\/4-Davide-Cava--315x420.webp\" srcset=\"https:\/\/www.eldiario.net\/portal\/wp-content\/uploads\/2025\/09\/4-Davide-Cava--315x420.webp 315w, https:\/\/www.eldiario.net\/portal\/wp-content\/uploads\/2025\/09\/4-Davide-Cava--225x300.webp 225w, https:\/\/www.eldiario.net\/portal\/wp-content\/uploads\/2025\/09\/4-Davide-Cava--768x1024.webp 768w, https:\/\/www.eldiario.net\/portal\/wp-content\/uploads\/2025\/09\/4-Davide-Cava--150x200.webp 150w, https:\/\/www.eldiario.net\/portal\/wp-content\/uploads\/2025\/09\/4-Davide-Cava--300x400.webp 300w, https:\/\/www.eldiario.net\/portal\/wp-content\/uploads\/2025\/09\/4-Davide-Cava--696x928.webp 696w, https:\/\/www.eldiario.net\/portal\/wp-content\/uploads\/2025\/09\/4-Davide-Cava--1068x1424.webp 1068w, https:\/\/www.eldiario.net\/portal\/wp-content\/uploads\/2025\/09\/4-Davide-Cava-.webp 1152w\" sizes=\"(max-width: 315px) 100vw, 315px\" alt=\"\">\r\n                            <\/a>\r\n                            \r\n                        <\/figure>\r\n                    <\/div>\r\n                    <div class = \"td-slide-item td-item5\">\r\n                        <figure class=\"td-slide-galery-figure td-slide-popup-gallery\">\r\n                            <a class=\"slide-gallery-image-link\" href=\"https:\/\/www.eldiario.net\/portal\/wp-content\/uploads\/2025\/09\/5.-Julio-Montano-.webp\" title=\"5.-Julio-Monta\u00f1o-\"  data-caption=\"\"  data-description=\"\">\r\n                                <img decoding=\"async\" src=\"https:\/\/www.eldiario.net\/portal\/wp-content\/uploads\/2025\/09\/5.-Julio-Montano--391x420.webp\" srcset=\"https:\/\/www.eldiario.net\/portal\/wp-content\/uploads\/2025\/09\/5.-Julio-Montano--391x420.webp 391w, https:\/\/www.eldiario.net\/portal\/wp-content\/uploads\/2025\/09\/5.-Julio-Montano--279x300.webp 279w, https:\/\/www.eldiario.net\/portal\/wp-content\/uploads\/2025\/09\/5.-Julio-Montano--953x1024.webp 953w, https:\/\/www.eldiario.net\/portal\/wp-content\/uploads\/2025\/09\/5.-Julio-Montano--768x825.webp 768w, https:\/\/www.eldiario.net\/portal\/wp-content\/uploads\/2025\/09\/5.-Julio-Montano--150x161.webp 150w, https:\/\/www.eldiario.net\/portal\/wp-content\/uploads\/2025\/09\/5.-Julio-Montano--300x322.webp 300w, https:\/\/www.eldiario.net\/portal\/wp-content\/uploads\/2025\/09\/5.-Julio-Montano--696x748.webp 696w, https:\/\/www.eldiario.net\/portal\/wp-content\/uploads\/2025\/09\/5.-Julio-Montano--1068x1147.webp 1068w, https:\/\/www.eldiario.net\/portal\/wp-content\/uploads\/2025\/09\/5.-Julio-Montano-.webp 1117w\" sizes=\"(max-width: 391px) 100vw, 391px\" alt=\"\">\r\n                            <\/a>\r\n                            \r\n                        <\/figure>\r\n                    <\/div>\r\n                    <div class = \"td-slide-item td-item6\">\r\n                        <figure class=\"td-slide-galery-figure td-slide-popup-gallery\">\r\n                            <a class=\"slide-gallery-image-link\" href=\"https:\/\/www.eldiario.net\/portal\/wp-content\/uploads\/2025\/09\/6.-Gaston-Arce-.webp\" title=\"6.--Gast\u00f3n-Arce-\"  data-caption=\"\"  data-description=\"\">\r\n                                <img decoding=\"async\" src=\"https:\/\/www.eldiario.net\/portal\/wp-content\/uploads\/2025\/09\/6.-Gaston-Arce--280x420.webp\" srcset=\"https:\/\/www.eldiario.net\/portal\/wp-content\/uploads\/2025\/09\/6.-Gaston-Arce--280x420.webp 280w, https:\/\/www.eldiario.net\/portal\/wp-content\/uploads\/2025\/09\/6.-Gaston-Arce--200x300.webp 200w, https:\/\/www.eldiario.net\/portal\/wp-content\/uploads\/2025\/09\/6.-Gaston-Arce--683x1024.webp 683w, https:\/\/www.eldiario.net\/portal\/wp-content\/uploads\/2025\/09\/6.-Gaston-Arce--150x225.webp 150w, https:\/\/www.eldiario.net\/portal\/wp-content\/uploads\/2025\/09\/6.-Gaston-Arce--300x450.webp 300w, https:\/\/www.eldiario.net\/portal\/wp-content\/uploads\/2025\/09\/6.-Gaston-Arce--696x1044.webp 696w, https:\/\/www.eldiario.net\/portal\/wp-content\/uploads\/2025\/09\/6.-Gaston-Arce-.webp 702w\" sizes=\"(max-width: 280px) 100vw, 280px\" alt=\"\">\r\n                            <\/a>\r\n                            \r\n                        <\/figure>\r\n                    <\/div>\r\n                    <div class = \"td-slide-item td-item7\">\r\n                        <figure class=\"td-slide-galery-figure td-slide-popup-gallery\">\r\n                            <a class=\"slide-gallery-image-link\" href=\"https:\/\/www.eldiario.net\/portal\/wp-content\/uploads\/2025\/09\/7-1-1.webp\" title=\"7-\"  data-caption=\"\"  data-description=\"\">\r\n                                <img decoding=\"async\" src=\"https:\/\/www.eldiario.net\/portal\/wp-content\/uploads\/2025\/09\/7-1-1.webp\" srcset=\"https:\/\/www.eldiario.net\/portal\/wp-content\/uploads\/2025\/09\/7-1-1.webp 655w, https:\/\/www.eldiario.net\/portal\/wp-content\/uploads\/2025\/09\/7-1-1-300x155.webp 300w, https:\/\/www.eldiario.net\/portal\/wp-content\/uploads\/2025\/09\/7-1-1-150x77.webp 150w\" sizes=\"(max-width: 655px) 100vw, 655px\" alt=\"\">\r\n                            <\/a>\r\n                            \r\n                        <\/figure>\r\n                    <\/div>\r\n                    <div class = \"td-slide-item td-item8\">\r\n                        <figure class=\"td-slide-galery-figure td-slide-popup-gallery\">\r\n                            <a class=\"slide-gallery-image-link\" href=\"https:\/\/www.eldiario.net\/portal\/wp-content\/uploads\/2025\/09\/8-1-1.webp\" title=\"8-\"  data-caption=\"\"  data-description=\"\">\r\n                                <img decoding=\"async\" src=\"https:\/\/www.eldiario.net\/portal\/wp-content\/uploads\/2025\/09\/8-1-1-555x420.webp\" srcset=\"https:\/\/www.eldiario.net\/portal\/wp-content\/uploads\/2025\/09\/8-1-1-555x420.webp 555w, https:\/\/www.eldiario.net\/portal\/wp-content\/uploads\/2025\/09\/8-1-1-300x227.webp 300w, https:\/\/www.eldiario.net\/portal\/wp-content\/uploads\/2025\/09\/8-1-1-768x582.webp 768w, https:\/\/www.eldiario.net\/portal\/wp-content\/uploads\/2025\/09\/8-1-1-80x60.webp 80w, https:\/\/www.eldiario.net\/portal\/wp-content\/uploads\/2025\/09\/8-1-1-150x114.webp 150w, https:\/\/www.eldiario.net\/portal\/wp-content\/uploads\/2025\/09\/8-1-1-696x527.webp 696w, https:\/\/www.eldiario.net\/portal\/wp-content\/uploads\/2025\/09\/8-1-1.webp 795w\" sizes=\"(max-width: 555px) 100vw, 555px\" alt=\"\">\r\n                            <\/a>\r\n                            \r\n                        <\/figure>\r\n                    <\/div>\r\n                            <\/div>\r\n                        <\/div>\r\n\r\n                        <div class = \"td-doubleSlider-2\">\r\n                            <div class = \"td-slider\">\r\n                                \r\n                    <div class = \"td-button td-item1\">\r\n                        <div class = \"td-border\"><\/div>\r\n                    <\/div>\r\n                    <div class = \"td-button td-item2\">\r\n                        <div class = \"td-border\"><\/div>\r\n                    <\/div>\r\n                    <div class = \"td-button td-item3\">\r\n                        <div class = \"td-border\"><\/div>\r\n                    <\/div>\r\n                    <div class = \"td-button td-item4\">\r\n                        <div class = \"td-border\"><\/div>\r\n                    <\/div>\r\n                    <div class = \"td-button td-item5\">\r\n                        <div class = \"td-border\"><\/div>\r\n                    <\/div>\r\n                    <div class = \"td-button td-item6\">\r\n                        <div class = \"td-border\"><\/div>\r\n                    <\/div>\r\n                    <div class = \"td-button td-item7\">\r\n                        <div class = \"td-border\"><\/div>\r\n                    <\/div>\r\n                    <div class = \"td-button td-item8\">\r\n                        <div class = \"td-border\"><\/div>\r\n                    <\/div>\r\n                            <\/div>\r\n                        <\/div>\r\n\r\n                    <\/div>\r\n\r\n                <\/div>\r\n                \n<p>&nbsp;<\/p>\n","protected":false},"excerpt":{"rendered":"<p>La Orquesta Sinf\u00f3nica Nacional de Bolivia (OSNB) celebrar\u00e1 sus 80 a\u00f1os de trayectoria art\u00edstica y el Bicentenario de Bolivia con el programa \u201cGala Rusa\u201d, que ser\u00e1 presentado este mi\u00e9rcoles 17 y jueves 18 de septiembre, a partir de las 20:00 horas, en el Centro Sinf\u00f3nico Nacional. El programa de estas veladas, que se enmarcan en [&hellip;]<\/p>\n","protected":false},"author":1,"featured_media":331813,"comment_status":"closed","ping_status":"open","sticky":false,"template":"","format":"standard","meta":{"_acf_changed":false,"footnotes":""},"categories":[41],"tags":[],"class_list":["post-331812","post","type-post","status-publish","format-standard","has-post-thumbnail","category-la-guia"],"acf":{"antetitulo":""},"yoast_head":"<!-- This site is optimized with the Yoast SEO plugin v28.4 - https:\/\/yoast.com\/product\/yoast-seo-wordpress\/ -->\n<title>La Orquesta Sinf\u00f3nica Nacional de Bolivia presenta \u201cGala Rusa\u201d - El Diario - Bolivia<\/title>\n<meta name=\"robots\" content=\"index, follow, max-snippet:-1, max-image-preview:large, max-video-preview:-1\" \/>\n<link rel=\"canonical\" href=\"https:\/\/www.eldiario.net\/portal\/2025\/09\/17\/la-orquesta-sinfonica-nacional-de-bolivia-presenta-gala-rusa\/\" \/>\n<meta property=\"og:locale\" content=\"es_ES\" \/>\n<meta property=\"og:type\" content=\"article\" \/>\n<meta property=\"og:title\" content=\"La Orquesta Sinf\u00f3nica Nacional de Bolivia presenta \u201cGala Rusa\u201d - El Diario - Bolivia\" \/>\n<meta property=\"og:description\" content=\"La Orquesta Sinf\u00f3nica Nacional de Bolivia (OSNB) celebrar\u00e1 sus 80 a\u00f1os de trayectoria art\u00edstica y el Bicentenario de Bolivia con el programa \u201cGala Rusa\u201d, que ser\u00e1 presentado este mi\u00e9rcoles 17 y jueves 18 de septiembre, a partir de las 20:00 horas, en el Centro Sinf\u00f3nico Nacional. El programa de estas veladas, que se enmarcan en [&hellip;]\" \/>\n<meta property=\"og:url\" content=\"https:\/\/www.eldiario.net\/portal\/2025\/09\/17\/la-orquesta-sinfonica-nacional-de-bolivia-presenta-gala-rusa\/\" \/>\n<meta property=\"og:site_name\" content=\"El Diario - Bolivia\" \/>\n<meta property=\"article:publisher\" content=\"https:\/\/www.facebook.com\/eldiario.bolivia\/\" \/>\n<meta property=\"article:published_time\" content=\"2025-09-17T04:02:07+00:00\" \/>\n<meta property=\"og:image\" content=\"https:\/\/www.eldiario.net\/portal\/wp-content\/uploads\/2025\/09\/1-PRINCIPAL-7.webp\" \/>\n\t<meta property=\"og:image:width\" content=\"767\" \/>\n\t<meta property=\"og:image:height\" content=\"1100\" \/>\n\t<meta property=\"og:image:type\" content=\"image\/webp\" \/>\n<meta name=\"author\" content=\"Jeanette\" \/>\n<meta name=\"twitter:card\" content=\"summary_large_image\" \/>\n<meta name=\"twitter:creator\" content=\"@eldiario_net\" \/>\n<meta name=\"twitter:site\" content=\"@eldiario_net\" \/>\n<meta name=\"twitter:label1\" content=\"Escrito por\" \/>\n\t<meta name=\"twitter:data1\" content=\"Jeanette\" \/>\n\t<meta name=\"twitter:label2\" content=\"Tiempo de lectura\" \/>\n\t<meta name=\"twitter:data2\" content=\"6 minutos\" \/>\n<script type=\"application\/ld+json\" class=\"yoast-schema-graph\">{\"@context\":\"https:\\\/\\\/schema.org\",\"@graph\":[{\"@type\":\"Article\",\"@id\":\"https:\\\/\\\/www.eldiario.net\\\/portal\\\/2025\\\/09\\\/17\\\/la-orquesta-sinfonica-nacional-de-bolivia-presenta-gala-rusa\\\/#article\",\"isPartOf\":{\"@id\":\"https:\\\/\\\/www.eldiario.net\\\/portal\\\/2025\\\/09\\\/17\\\/la-orquesta-sinfonica-nacional-de-bolivia-presenta-gala-rusa\\\/\"},\"author\":{\"name\":\"Jeanette\",\"@id\":\"https:\\\/\\\/www.eldiario.net\\\/portal\\\/#\\\/schema\\\/person\\\/2c57cf2b7a7ae032e449e4c9b1019eac\"},\"headline\":\"La Orquesta Sinf\u00f3nica Nacional de Bolivia presenta \u201cGala Rusa\u201d\",\"datePublished\":\"2025-09-17T04:02:07+00:00\",\"mainEntityOfPage\":{\"@id\":\"https:\\\/\\\/www.eldiario.net\\\/portal\\\/2025\\\/09\\\/17\\\/la-orquesta-sinfonica-nacional-de-bolivia-presenta-gala-rusa\\\/\"},\"wordCount\":1270,\"publisher\":{\"@id\":\"https:\\\/\\\/www.eldiario.net\\\/portal\\\/#organization\"},\"image\":{\"@id\":\"https:\\\/\\\/www.eldiario.net\\\/portal\\\/2025\\\/09\\\/17\\\/la-orquesta-sinfonica-nacional-de-bolivia-presenta-gala-rusa\\\/#primaryimage\"},\"thumbnailUrl\":\"https:\\\/\\\/www.eldiario.net\\\/portal\\\/wp-content\\\/uploads\\\/2025\\\/09\\\/1-PRINCIPAL-7.webp\",\"articleSection\":[\"La Gu\u00eda\"],\"inLanguage\":\"es\"},{\"@type\":\"WebPage\",\"@id\":\"https:\\\/\\\/www.eldiario.net\\\/portal\\\/2025\\\/09\\\/17\\\/la-orquesta-sinfonica-nacional-de-bolivia-presenta-gala-rusa\\\/\",\"url\":\"https:\\\/\\\/www.eldiario.net\\\/portal\\\/2025\\\/09\\\/17\\\/la-orquesta-sinfonica-nacional-de-bolivia-presenta-gala-rusa\\\/\",\"name\":\"La Orquesta Sinf\u00f3nica Nacional de Bolivia presenta \u201cGala Rusa\u201d - El Diario - Bolivia\",\"isPartOf\":{\"@id\":\"https:\\\/\\\/www.eldiario.net\\\/portal\\\/#website\"},\"primaryImageOfPage\":{\"@id\":\"https:\\\/\\\/www.eldiario.net\\\/portal\\\/2025\\\/09\\\/17\\\/la-orquesta-sinfonica-nacional-de-bolivia-presenta-gala-rusa\\\/#primaryimage\"},\"image\":{\"@id\":\"https:\\\/\\\/www.eldiario.net\\\/portal\\\/2025\\\/09\\\/17\\\/la-orquesta-sinfonica-nacional-de-bolivia-presenta-gala-rusa\\\/#primaryimage\"},\"thumbnailUrl\":\"https:\\\/\\\/www.eldiario.net\\\/portal\\\/wp-content\\\/uploads\\\/2025\\\/09\\\/1-PRINCIPAL-7.webp\",\"datePublished\":\"2025-09-17T04:02:07+00:00\",\"breadcrumb\":{\"@id\":\"https:\\\/\\\/www.eldiario.net\\\/portal\\\/2025\\\/09\\\/17\\\/la-orquesta-sinfonica-nacional-de-bolivia-presenta-gala-rusa\\\/#breadcrumb\"},\"inLanguage\":\"es\",\"potentialAction\":[{\"@type\":\"ReadAction\",\"target\":[\"https:\\\/\\\/www.eldiario.net\\\/portal\\\/2025\\\/09\\\/17\\\/la-orquesta-sinfonica-nacional-de-bolivia-presenta-gala-rusa\\\/\"]}]},{\"@type\":\"ImageObject\",\"inLanguage\":\"es\",\"@id\":\"https:\\\/\\\/www.eldiario.net\\\/portal\\\/2025\\\/09\\\/17\\\/la-orquesta-sinfonica-nacional-de-bolivia-presenta-gala-rusa\\\/#primaryimage\",\"url\":\"https:\\\/\\\/www.eldiario.net\\\/portal\\\/wp-content\\\/uploads\\\/2025\\\/09\\\/1-PRINCIPAL-7.webp\",\"contentUrl\":\"https:\\\/\\\/www.eldiario.net\\\/portal\\\/wp-content\\\/uploads\\\/2025\\\/09\\\/1-PRINCIPAL-7.webp\",\"width\":767,\"height\":1100},{\"@type\":\"BreadcrumbList\",\"@id\":\"https:\\\/\\\/www.eldiario.net\\\/portal\\\/2025\\\/09\\\/17\\\/la-orquesta-sinfonica-nacional-de-bolivia-presenta-gala-rusa\\\/#breadcrumb\",\"itemListElement\":[{\"@type\":\"ListItem\",\"position\":1,\"name\":\"Portada\",\"item\":\"https:\\\/\\\/www.eldiario.net\\\/portal\\\/\"},{\"@type\":\"ListItem\",\"position\":2,\"name\":\"La Orquesta Sinf\u00f3nica Nacional de Bolivia presenta \u201cGala Rusa\u201d\"}]},{\"@type\":\"WebSite\",\"@id\":\"https:\\\/\\\/www.eldiario.net\\\/portal\\\/#website\",\"url\":\"https:\\\/\\\/www.eldiario.net\\\/portal\\\/\",\"name\":\"El Diario - Decano de la prensa nacional\",\"description\":\"El Diario - Decano de la prensa nacional\",\"publisher\":{\"@id\":\"https:\\\/\\\/www.eldiario.net\\\/portal\\\/#organization\"},\"potentialAction\":[{\"@type\":\"SearchAction\",\"target\":{\"@type\":\"EntryPoint\",\"urlTemplate\":\"https:\\\/\\\/www.eldiario.net\\\/portal\\\/?s={search_term_string}\"},\"query-input\":{\"@type\":\"PropertyValueSpecification\",\"valueRequired\":true,\"valueName\":\"search_term_string\"}}],\"inLanguage\":\"es\"},{\"@type\":\"Organization\",\"@id\":\"https:\\\/\\\/www.eldiario.net\\\/portal\\\/#organization\",\"name\":\"El Diario - Decano de la prensa nacional\",\"url\":\"https:\\\/\\\/www.eldiario.net\\\/portal\\\/\",\"logo\":{\"@type\":\"ImageObject\",\"inLanguage\":\"es\",\"@id\":\"https:\\\/\\\/www.eldiario.net\\\/portal\\\/#\\\/schema\\\/logo\\\/image\\\/\",\"url\":\"https:\\\/\\\/www.eldiario.net\\\/portal\\\/wp-content\\\/uploads\\\/2023\\\/07\\\/logo_ED.jpg\",\"contentUrl\":\"https:\\\/\\\/www.eldiario.net\\\/portal\\\/wp-content\\\/uploads\\\/2023\\\/07\\\/logo_ED.jpg\",\"width\":272,\"height\":52,\"caption\":\"El Diario - Decano de la prensa nacional\"},\"image\":{\"@id\":\"https:\\\/\\\/www.eldiario.net\\\/portal\\\/#\\\/schema\\\/logo\\\/image\\\/\"},\"sameAs\":[\"https:\\\/\\\/www.facebook.com\\\/eldiario.bolivia\\\/\",\"https:\\\/\\\/x.com\\\/eldiario_net\"]},{\"@type\":\"Person\",\"@id\":\"https:\\\/\\\/www.eldiario.net\\\/portal\\\/#\\\/schema\\\/person\\\/2c57cf2b7a7ae032e449e4c9b1019eac\",\"name\":\"Jeanette\",\"image\":{\"@type\":\"ImageObject\",\"inLanguage\":\"es\",\"@id\":\"https:\\\/\\\/secure.gravatar.com\\\/avatar\\\/3ea2118a5f7dad2b7138b1187a6b7ee55f160b9968b66013c3a3ef39dd7e5798?s=96&d=mm&r=g\",\"url\":\"https:\\\/\\\/secure.gravatar.com\\\/avatar\\\/3ea2118a5f7dad2b7138b1187a6b7ee55f160b9968b66013c3a3ef39dd7e5798?s=96&d=mm&r=g\",\"contentUrl\":\"https:\\\/\\\/secure.gravatar.com\\\/avatar\\\/3ea2118a5f7dad2b7138b1187a6b7ee55f160b9968b66013c3a3ef39dd7e5798?s=96&d=mm&r=g\",\"caption\":\"Jeanette\"},\"sameAs\":[\"https:\\\/\\\/www.eldiario.net\\\/portal\"],\"url\":\"https:\\\/\\\/www.eldiario.net\\\/portal\\\/author\\\/jeanette\\\/\"}]}<\/script>\n<!-- \/ Yoast SEO plugin. -->","yoast_head_json":{"title":"La Orquesta Sinf\u00f3nica Nacional de Bolivia presenta \u201cGala Rusa\u201d - El Diario - Bolivia","robots":{"index":"index","follow":"follow","max-snippet":"max-snippet:-1","max-image-preview":"max-image-preview:large","max-video-preview":"max-video-preview:-1"},"canonical":"https:\/\/www.eldiario.net\/portal\/2025\/09\/17\/la-orquesta-sinfonica-nacional-de-bolivia-presenta-gala-rusa\/","og_locale":"es_ES","og_type":"article","og_title":"La Orquesta Sinf\u00f3nica Nacional de Bolivia presenta \u201cGala Rusa\u201d - El Diario - Bolivia","og_description":"La Orquesta Sinf\u00f3nica Nacional de Bolivia (OSNB) celebrar\u00e1 sus 80 a\u00f1os de trayectoria art\u00edstica y el Bicentenario de Bolivia con el programa \u201cGala Rusa\u201d, que ser\u00e1 presentado este mi\u00e9rcoles 17 y jueves 18 de septiembre, a partir de las 20:00 horas, en el Centro Sinf\u00f3nico Nacional. El programa de estas veladas, que se enmarcan en [&hellip;]","og_url":"https:\/\/www.eldiario.net\/portal\/2025\/09\/17\/la-orquesta-sinfonica-nacional-de-bolivia-presenta-gala-rusa\/","og_site_name":"El Diario - Bolivia","article_publisher":"https:\/\/www.facebook.com\/eldiario.bolivia\/","article_published_time":"2025-09-17T04:02:07+00:00","og_image":[{"width":767,"height":1100,"url":"https:\/\/www.eldiario.net\/portal\/wp-content\/uploads\/2025\/09\/1-PRINCIPAL-7.webp","type":"image\/webp"}],"author":"Jeanette","twitter_card":"summary_large_image","twitter_creator":"@eldiario_net","twitter_site":"@eldiario_net","twitter_misc":{"Escrito por":"Jeanette","Tiempo de lectura":"6 minutos"},"schema":{"@context":"https:\/\/schema.org","@graph":[{"@type":"Article","@id":"https:\/\/www.eldiario.net\/portal\/2025\/09\/17\/la-orquesta-sinfonica-nacional-de-bolivia-presenta-gala-rusa\/#article","isPartOf":{"@id":"https:\/\/www.eldiario.net\/portal\/2025\/09\/17\/la-orquesta-sinfonica-nacional-de-bolivia-presenta-gala-rusa\/"},"author":{"name":"Jeanette","@id":"https:\/\/www.eldiario.net\/portal\/#\/schema\/person\/2c57cf2b7a7ae032e449e4c9b1019eac"},"headline":"La Orquesta Sinf\u00f3nica Nacional de Bolivia presenta \u201cGala Rusa\u201d","datePublished":"2025-09-17T04:02:07+00:00","mainEntityOfPage":{"@id":"https:\/\/www.eldiario.net\/portal\/2025\/09\/17\/la-orquesta-sinfonica-nacional-de-bolivia-presenta-gala-rusa\/"},"wordCount":1270,"publisher":{"@id":"https:\/\/www.eldiario.net\/portal\/#organization"},"image":{"@id":"https:\/\/www.eldiario.net\/portal\/2025\/09\/17\/la-orquesta-sinfonica-nacional-de-bolivia-presenta-gala-rusa\/#primaryimage"},"thumbnailUrl":"https:\/\/www.eldiario.net\/portal\/wp-content\/uploads\/2025\/09\/1-PRINCIPAL-7.webp","articleSection":["La Gu\u00eda"],"inLanguage":"es"},{"@type":"WebPage","@id":"https:\/\/www.eldiario.net\/portal\/2025\/09\/17\/la-orquesta-sinfonica-nacional-de-bolivia-presenta-gala-rusa\/","url":"https:\/\/www.eldiario.net\/portal\/2025\/09\/17\/la-orquesta-sinfonica-nacional-de-bolivia-presenta-gala-rusa\/","name":"La Orquesta Sinf\u00f3nica Nacional de Bolivia presenta \u201cGala Rusa\u201d - El Diario - Bolivia","isPartOf":{"@id":"https:\/\/www.eldiario.net\/portal\/#website"},"primaryImageOfPage":{"@id":"https:\/\/www.eldiario.net\/portal\/2025\/09\/17\/la-orquesta-sinfonica-nacional-de-bolivia-presenta-gala-rusa\/#primaryimage"},"image":{"@id":"https:\/\/www.eldiario.net\/portal\/2025\/09\/17\/la-orquesta-sinfonica-nacional-de-bolivia-presenta-gala-rusa\/#primaryimage"},"thumbnailUrl":"https:\/\/www.eldiario.net\/portal\/wp-content\/uploads\/2025\/09\/1-PRINCIPAL-7.webp","datePublished":"2025-09-17T04:02:07+00:00","breadcrumb":{"@id":"https:\/\/www.eldiario.net\/portal\/2025\/09\/17\/la-orquesta-sinfonica-nacional-de-bolivia-presenta-gala-rusa\/#breadcrumb"},"inLanguage":"es","potentialAction":[{"@type":"ReadAction","target":["https:\/\/www.eldiario.net\/portal\/2025\/09\/17\/la-orquesta-sinfonica-nacional-de-bolivia-presenta-gala-rusa\/"]}]},{"@type":"ImageObject","inLanguage":"es","@id":"https:\/\/www.eldiario.net\/portal\/2025\/09\/17\/la-orquesta-sinfonica-nacional-de-bolivia-presenta-gala-rusa\/#primaryimage","url":"https:\/\/www.eldiario.net\/portal\/wp-content\/uploads\/2025\/09\/1-PRINCIPAL-7.webp","contentUrl":"https:\/\/www.eldiario.net\/portal\/wp-content\/uploads\/2025\/09\/1-PRINCIPAL-7.webp","width":767,"height":1100},{"@type":"BreadcrumbList","@id":"https:\/\/www.eldiario.net\/portal\/2025\/09\/17\/la-orquesta-sinfonica-nacional-de-bolivia-presenta-gala-rusa\/#breadcrumb","itemListElement":[{"@type":"ListItem","position":1,"name":"Portada","item":"https:\/\/www.eldiario.net\/portal\/"},{"@type":"ListItem","position":2,"name":"La Orquesta Sinf\u00f3nica Nacional de Bolivia presenta \u201cGala Rusa\u201d"}]},{"@type":"WebSite","@id":"https:\/\/www.eldiario.net\/portal\/#website","url":"https:\/\/www.eldiario.net\/portal\/","name":"El Diario - Decano de la prensa nacional","description":"El Diario - Decano de la prensa nacional","publisher":{"@id":"https:\/\/www.eldiario.net\/portal\/#organization"},"potentialAction":[{"@type":"SearchAction","target":{"@type":"EntryPoint","urlTemplate":"https:\/\/www.eldiario.net\/portal\/?s={search_term_string}"},"query-input":{"@type":"PropertyValueSpecification","valueRequired":true,"valueName":"search_term_string"}}],"inLanguage":"es"},{"@type":"Organization","@id":"https:\/\/www.eldiario.net\/portal\/#organization","name":"El Diario - Decano de la prensa nacional","url":"https:\/\/www.eldiario.net\/portal\/","logo":{"@type":"ImageObject","inLanguage":"es","@id":"https:\/\/www.eldiario.net\/portal\/#\/schema\/logo\/image\/","url":"https:\/\/www.eldiario.net\/portal\/wp-content\/uploads\/2023\/07\/logo_ED.jpg","contentUrl":"https:\/\/www.eldiario.net\/portal\/wp-content\/uploads\/2023\/07\/logo_ED.jpg","width":272,"height":52,"caption":"El Diario - Decano de la prensa nacional"},"image":{"@id":"https:\/\/www.eldiario.net\/portal\/#\/schema\/logo\/image\/"},"sameAs":["https:\/\/www.facebook.com\/eldiario.bolivia\/","https:\/\/x.com\/eldiario_net"]},{"@type":"Person","@id":"https:\/\/www.eldiario.net\/portal\/#\/schema\/person\/2c57cf2b7a7ae032e449e4c9b1019eac","name":"Jeanette","image":{"@type":"ImageObject","inLanguage":"es","@id":"https:\/\/secure.gravatar.com\/avatar\/3ea2118a5f7dad2b7138b1187a6b7ee55f160b9968b66013c3a3ef39dd7e5798?s=96&d=mm&r=g","url":"https:\/\/secure.gravatar.com\/avatar\/3ea2118a5f7dad2b7138b1187a6b7ee55f160b9968b66013c3a3ef39dd7e5798?s=96&d=mm&r=g","contentUrl":"https:\/\/secure.gravatar.com\/avatar\/3ea2118a5f7dad2b7138b1187a6b7ee55f160b9968b66013c3a3ef39dd7e5798?s=96&d=mm&r=g","caption":"Jeanette"},"sameAs":["https:\/\/www.eldiario.net\/portal"],"url":"https:\/\/www.eldiario.net\/portal\/author\/jeanette\/"}]}},"_links":{"self":[{"href":"https:\/\/www.eldiario.net\/portal\/wp-json\/wp\/v2\/posts\/331812","targetHints":{"allow":["GET"]}}],"collection":[{"href":"https:\/\/www.eldiario.net\/portal\/wp-json\/wp\/v2\/posts"}],"about":[{"href":"https:\/\/www.eldiario.net\/portal\/wp-json\/wp\/v2\/types\/post"}],"author":[{"embeddable":true,"href":"https:\/\/www.eldiario.net\/portal\/wp-json\/wp\/v2\/users\/1"}],"replies":[{"embeddable":true,"href":"https:\/\/www.eldiario.net\/portal\/wp-json\/wp\/v2\/comments?post=331812"}],"version-history":[{"count":1,"href":"https:\/\/www.eldiario.net\/portal\/wp-json\/wp\/v2\/posts\/331812\/revisions"}],"predecessor-version":[{"id":331821,"href":"https:\/\/www.eldiario.net\/portal\/wp-json\/wp\/v2\/posts\/331812\/revisions\/331821"}],"wp:featuredmedia":[{"embeddable":true,"href":"https:\/\/www.eldiario.net\/portal\/wp-json\/wp\/v2\/media\/331813"}],"wp:attachment":[{"href":"https:\/\/www.eldiario.net\/portal\/wp-json\/wp\/v2\/media?parent=331812"}],"wp:term":[{"taxonomy":"category","embeddable":true,"href":"https:\/\/www.eldiario.net\/portal\/wp-json\/wp\/v2\/categories?post=331812"},{"taxonomy":"post_tag","embeddable":true,"href":"https:\/\/www.eldiario.net\/portal\/wp-json\/wp\/v2\/tags?post=331812"}],"curies":[{"name":"wp","href":"https:\/\/api.w.org\/{rel}","templated":true}]}}