{"id":331777,"date":"2025-09-17T00:45:11","date_gmt":"2025-09-17T04:45:11","guid":{"rendered":"https:\/\/www.eldiario.net\/portal\/?p=331777"},"modified":"2025-09-16T21:47:03","modified_gmt":"2025-09-17T01:47:03","slug":"mousse-de-cacao-y-quinua-real","status":"publish","type":"post","link":"https:\/\/www.eldiario.net\/portal\/2025\/09\/17\/mousse-de-cacao-y-quinua-real\/","title":{"rendered":"MOUSSE DE CACAO Y QUINUA REAL"},"content":{"rendered":"<p>Queridos lectores, en el mes de lucha contra la depresi\u00f3n debemos decir que, m\u00e1s que un trastorno del \u00e1nimo, es un estado que afecta la energ\u00eda vital, el sue\u00f1o, la concentraci\u00f3n y, de manera silenciosa, tambi\u00e9n la relaci\u00f3n con la comida. En muchos casos, el apetito disminuye o se transforma, inclin\u00e1ndose hacia los extremos: la falta total de inter\u00e9s por alimentarse o el refugio en comidas ultraprocesadas. Sin embargo, la ciencia moderna confirma lo que las culturas ancestrales ya intu\u00edan: la alimentaci\u00f3n influye directamente en el equilibrio de la mente. Nutrientes como el tript\u00f3fano, el magnesio, los antioxidantes y las vitaminas del complejo B intervienen en la producci\u00f3n de neurotransmisores como la serotonina y la dopamina, responsables del bienestar y la motivaci\u00f3n. Comer bien, especialmente en la depresi\u00f3n, no es un lujo: es una herramienta terap\u00e9utica complementaria.<\/p>\n<p>Dentro de este v\u00ednculo entre alimento y emoci\u00f3n, el cacao ocupa un lugar privilegiado. Originario de las selvas tropicales de Am\u00e9rica, se cultivaba hace m\u00e1s de tres mil a\u00f1os en civilizaciones como la olmeca, la maya y la azteca, quienes lo consideraban un regalo divino. El grano del cacao era usado como moneda, como bebida ritual para dar vigor y como medicina espiritual que fortalec\u00eda cuerpo y alma. Con la llegada de los espa\u00f1oles, el cacao viaj\u00f3 a Europa y se transform\u00f3 en chocolate, s\u00edmbolo de placer y energ\u00eda. Desde entonces, su prestigio como alimento estimulante y reconfortante no ha dejado de crecer.<\/p>\n<p>En Bolivia, el cacao tiene un valor especial. El cacao amaz\u00f3nico boliviano, particularmente en regiones como Beni y Pando es reconocido internacionalmente por su sabor complejo, afrutado y floral, considerado uno de los m\u00e1s finos del mundo. Su cultivo, en sistemas agroforestales, lo conecta con la biodiversidad y con pr\u00e1cticas sostenibles de comunidades ind\u00edgenas y campesinas que mantienen viva la tradici\u00f3n de cosecharlo y fermentarlo con esmero.<\/p>\n<p>Desde el punto de vista nutricional, el cacao boliviano aporta magnesio, mineral fundamental para relajar el sistema nervioso y combatir la fatiga, flavonoides, antioxidantes que protegen las neuronas del estr\u00e9s oxidativo y teobromina, un alcaloide natural que estimula suavemente, mejorando el estado de alerta sin la intensidad de la cafe\u00edna. Adem\u00e1s, estimula la liberaci\u00f3n de serotonina y endorfinas, que producen sensaci\u00f3n de placer y calma, actuando como un b\u00e1lsamo natural frente a la tristeza y el des\u00e1nimo.<\/p>\n<p>Cuando se combina con granos ancestrales como la quinua real, el cacao no solo se convierte en un ingrediente de postres placenteros, sino en un alimento completo que une lo emocional con lo nutricional. Queridos lectores este mousse no es simplemente un dulce: es una muestra de c\u00f3mo la herencia gastron\u00f3mica de los Andes y la Amazon\u00eda puede dialogar con la ciencia moderna para ofrecer alivio, energ\u00eda y bienestar emocional en tiempos de depresi\u00f3n.<\/p>\n<p>\u00a1Disfruten este binomio de salud mental!<\/p>\n<p>&nbsp;<\/p>\n<p><strong>MOUSSE DE CACAO Y QUINUA REAL<\/strong><\/p>\n<p>(postre nutritivo para levantar el \u00e1nimo y aportar energ\u00eda)<\/p>\n<p><strong>Ingredientes:<\/strong><\/p>\n<p>Para 4 porciones<\/p>\n<p>100 gr de chocolate amargo (m\u00ednimo 70% cacao)<\/p>\n<p>\u00bd taza de quinua real cocida (bien escurrida)<\/p>\n<p>200 ml de crema de leche (puede ser vegetal: tarhui, almendra o soya)<\/p>\n<p>2 cucharadas de miel de abeja<\/p>\n<p>1 pizca de canela en polvo<\/p>\n<p>Ralladura de cacao o nibs para decorar<\/p>\n<p>&nbsp;<\/p>\n<p><strong>Preparaci\u00f3n:<\/strong><\/p>\n<p>Colocar el chocolate troceado a ba\u00f1o mar\u00eda hasta que quede completamente fundido.<\/p>\n<p>En una licuadora o procesadora, mezclar el chocolate derretido con la quinua cocida hasta obtener una crema fina.<\/p>\n<p>Batir la crema de leche hasta que est\u00e9 semimontada (espumosa, pero no demasiado firme).<\/p>\n<p>Incorporar la mezcla de chocolate y quinua a la crema batida con movimientos envolventes. Endulzar con miel y a\u00f1adir la pizca de canela.<\/p>\n<p>Distribuir en copas o vasos peque\u00f1os y dejar enfriar al menos 2 horas en el refrigerador.<\/p>\n<p><strong>Servir:<\/strong><\/p>\n<p>Decorar con ralladura de cacao o nibs antes de servir.<\/p>\n<p><strong>Beneficios para la salud mental<\/strong><\/p>\n<p><strong>Cacao:<\/strong> estimula endorfinas y serotonina, mejorando el estado de \u00e1nimo.<\/p>\n<p><strong>Quinua real:<\/strong> aporta tript\u00f3fano, hierro y magnesio, fundamentales para la energ\u00eda y el equilibrio emocional.<\/p>\n<p><strong>Miel:<\/strong> endulza de forma natural, aporta energ\u00eda r\u00e1pida y sensaci\u00f3n de confort.<\/p>\n<p>Un postre que es, al mismo tiempo placentero, ancestral y terap\u00e9utico<\/p>\n<p>Queridos lectores hasta la pr\u00f3xima cucharada de sabidur\u00eda gastron\u00f3mica y no olviden que:<\/p>\n<p>&nbsp;<\/p>\n<p>\u201cLa gastronom\u00eda hecha con amor, f\u00edsica, qu\u00edmica y biol\u00f3gicamente sabe mejor\u201d<\/p>\n<p>Chef Franz R. Arandia Belmonte<\/p>\n<p>Gastr\u00f3nomo Profesional e Investigador Gastron\u00f3mico<\/p>\n<p>Facebook Fan Page: Chef Ara\u00f1a<\/p>\n<p>Facebook: Paladar Mundial Un Gusto Surreal<\/p>\n<p>Blog: Gastrobiologia.wordpress.com<\/p>\n<p>Instagram: Arana_del_monte<\/p>\n<p>Tik tok: chef.aranha<\/p>\n<p>&nbsp;<\/p>\n","protected":false},"excerpt":{"rendered":"<p>Queridos lectores, en el mes de lucha contra la depresi\u00f3n debemos decir que, m\u00e1s que un trastorno del \u00e1nimo, es un estado que afecta la energ\u00eda vital, el sue\u00f1o, la concentraci\u00f3n y, de manera silenciosa, tambi\u00e9n la relaci\u00f3n con la comida. En muchos casos, el apetito disminuye o se transforma, inclin\u00e1ndose hacia los extremos: la [&hellip;]<\/p>\n","protected":false},"author":1,"featured_media":331778,"comment_status":"closed","ping_status":"open","sticky":false,"template":"","format":"standard","meta":{"_acf_changed":false,"footnotes":""},"categories":[42],"tags":[],"class_list":["post-331777","post","type-post","status-publish","format-standard","has-post-thumbnail","category-femenina"],"acf":{"antetitulo":""},"yoast_head":"<!-- This site is optimized with the Yoast SEO plugin v28.4 - https:\/\/yoast.com\/product\/yoast-seo-wordpress\/ -->\n<title>MOUSSE DE CACAO Y QUINUA REAL - El Diario - Bolivia<\/title>\n<meta name=\"robots\" content=\"index, follow, max-snippet:-1, max-image-preview:large, max-video-preview:-1\" \/>\n<link rel=\"canonical\" href=\"https:\/\/www.eldiario.net\/portal\/2025\/09\/17\/mousse-de-cacao-y-quinua-real\/\" \/>\n<meta property=\"og:locale\" content=\"es_ES\" \/>\n<meta property=\"og:type\" content=\"article\" \/>\n<meta property=\"og:title\" content=\"MOUSSE DE CACAO Y QUINUA REAL - El Diario - Bolivia\" \/>\n<meta property=\"og:description\" content=\"Queridos lectores, en el mes de lucha contra la depresi\u00f3n debemos decir que, m\u00e1s que un trastorno del \u00e1nimo, es un estado que afecta la energ\u00eda vital, el sue\u00f1o, la concentraci\u00f3n y, de manera silenciosa, tambi\u00e9n la relaci\u00f3n con la comida. En muchos casos, el apetito disminuye o se transforma, inclin\u00e1ndose hacia los extremos: la [&hellip;]\" \/>\n<meta property=\"og:url\" content=\"https:\/\/www.eldiario.net\/portal\/2025\/09\/17\/mousse-de-cacao-y-quinua-real\/\" \/>\n<meta property=\"og:site_name\" content=\"El Diario - Bolivia\" \/>\n<meta property=\"article:publisher\" content=\"https:\/\/www.facebook.com\/eldiario.bolivia\/\" \/>\n<meta property=\"article:published_time\" content=\"2025-09-17T04:45:11+00:00\" \/>\n<meta property=\"og:image\" content=\"https:\/\/www.eldiario.net\/portal\/wp-content\/uploads\/2025\/09\/NOTA-4-FOTO-1-2.webp\" \/>\n\t<meta property=\"og:image:width\" content=\"450\" \/>\n\t<meta property=\"og:image:height\" content=\"560\" \/>\n\t<meta property=\"og:image:type\" content=\"image\/webp\" \/>\n<meta name=\"author\" content=\"Jeanette\" \/>\n<meta name=\"twitter:card\" content=\"summary_large_image\" \/>\n<meta name=\"twitter:creator\" content=\"@eldiario_net\" \/>\n<meta name=\"twitter:site\" content=\"@eldiario_net\" \/>\n<meta name=\"twitter:label1\" content=\"Escrito por\" \/>\n\t<meta name=\"twitter:data1\" content=\"Jeanette\" \/>\n\t<meta name=\"twitter:label2\" content=\"Tiempo de lectura\" \/>\n\t<meta name=\"twitter:data2\" content=\"4 minutos\" \/>\n<script type=\"application\/ld+json\" class=\"yoast-schema-graph\">{\"@context\":\"https:\\\/\\\/schema.org\",\"@graph\":[{\"@type\":\"Article\",\"@id\":\"https:\\\/\\\/www.eldiario.net\\\/portal\\\/2025\\\/09\\\/17\\\/mousse-de-cacao-y-quinua-real\\\/#article\",\"isPartOf\":{\"@id\":\"https:\\\/\\\/www.eldiario.net\\\/portal\\\/2025\\\/09\\\/17\\\/mousse-de-cacao-y-quinua-real\\\/\"},\"author\":{\"name\":\"Jeanette\",\"@id\":\"https:\\\/\\\/www.eldiario.net\\\/portal\\\/#\\\/schema\\\/person\\\/2c57cf2b7a7ae032e449e4c9b1019eac\"},\"headline\":\"MOUSSE DE CACAO Y QUINUA REAL\",\"datePublished\":\"2025-09-17T04:45:11+00:00\",\"mainEntityOfPage\":{\"@id\":\"https:\\\/\\\/www.eldiario.net\\\/portal\\\/2025\\\/09\\\/17\\\/mousse-de-cacao-y-quinua-real\\\/\"},\"wordCount\":803,\"publisher\":{\"@id\":\"https:\\\/\\\/www.eldiario.net\\\/portal\\\/#organization\"},\"image\":{\"@id\":\"https:\\\/\\\/www.eldiario.net\\\/portal\\\/2025\\\/09\\\/17\\\/mousse-de-cacao-y-quinua-real\\\/#primaryimage\"},\"thumbnailUrl\":\"https:\\\/\\\/www.eldiario.net\\\/portal\\\/wp-content\\\/uploads\\\/2025\\\/09\\\/NOTA-4-FOTO-1-2.webp\",\"articleSection\":[\"Femenina\"],\"inLanguage\":\"es\"},{\"@type\":\"WebPage\",\"@id\":\"https:\\\/\\\/www.eldiario.net\\\/portal\\\/2025\\\/09\\\/17\\\/mousse-de-cacao-y-quinua-real\\\/\",\"url\":\"https:\\\/\\\/www.eldiario.net\\\/portal\\\/2025\\\/09\\\/17\\\/mousse-de-cacao-y-quinua-real\\\/\",\"name\":\"MOUSSE DE CACAO Y QUINUA REAL - El Diario - Bolivia\",\"isPartOf\":{\"@id\":\"https:\\\/\\\/www.eldiario.net\\\/portal\\\/#website\"},\"primaryImageOfPage\":{\"@id\":\"https:\\\/\\\/www.eldiario.net\\\/portal\\\/2025\\\/09\\\/17\\\/mousse-de-cacao-y-quinua-real\\\/#primaryimage\"},\"image\":{\"@id\":\"https:\\\/\\\/www.eldiario.net\\\/portal\\\/2025\\\/09\\\/17\\\/mousse-de-cacao-y-quinua-real\\\/#primaryimage\"},\"thumbnailUrl\":\"https:\\\/\\\/www.eldiario.net\\\/portal\\\/wp-content\\\/uploads\\\/2025\\\/09\\\/NOTA-4-FOTO-1-2.webp\",\"datePublished\":\"2025-09-17T04:45:11+00:00\",\"breadcrumb\":{\"@id\":\"https:\\\/\\\/www.eldiario.net\\\/portal\\\/2025\\\/09\\\/17\\\/mousse-de-cacao-y-quinua-real\\\/#breadcrumb\"},\"inLanguage\":\"es\",\"potentialAction\":[{\"@type\":\"ReadAction\",\"target\":[\"https:\\\/\\\/www.eldiario.net\\\/portal\\\/2025\\\/09\\\/17\\\/mousse-de-cacao-y-quinua-real\\\/\"]}]},{\"@type\":\"ImageObject\",\"inLanguage\":\"es\",\"@id\":\"https:\\\/\\\/www.eldiario.net\\\/portal\\\/2025\\\/09\\\/17\\\/mousse-de-cacao-y-quinua-real\\\/#primaryimage\",\"url\":\"https:\\\/\\\/www.eldiario.net\\\/portal\\\/wp-content\\\/uploads\\\/2025\\\/09\\\/NOTA-4-FOTO-1-2.webp\",\"contentUrl\":\"https:\\\/\\\/www.eldiario.net\\\/portal\\\/wp-content\\\/uploads\\\/2025\\\/09\\\/NOTA-4-FOTO-1-2.webp\",\"width\":450,\"height\":560,\"caption\":\"MOUSSE DE CACAO Y QUINUA REAL\"},{\"@type\":\"BreadcrumbList\",\"@id\":\"https:\\\/\\\/www.eldiario.net\\\/portal\\\/2025\\\/09\\\/17\\\/mousse-de-cacao-y-quinua-real\\\/#breadcrumb\",\"itemListElement\":[{\"@type\":\"ListItem\",\"position\":1,\"name\":\"Portada\",\"item\":\"https:\\\/\\\/www.eldiario.net\\\/portal\\\/\"},{\"@type\":\"ListItem\",\"position\":2,\"name\":\"MOUSSE DE CACAO Y QUINUA REAL\"}]},{\"@type\":\"WebSite\",\"@id\":\"https:\\\/\\\/www.eldiario.net\\\/portal\\\/#website\",\"url\":\"https:\\\/\\\/www.eldiario.net\\\/portal\\\/\",\"name\":\"El Diario - Decano de la prensa nacional\",\"description\":\"El Diario - Decano de la prensa nacional\",\"publisher\":{\"@id\":\"https:\\\/\\\/www.eldiario.net\\\/portal\\\/#organization\"},\"potentialAction\":[{\"@type\":\"SearchAction\",\"target\":{\"@type\":\"EntryPoint\",\"urlTemplate\":\"https:\\\/\\\/www.eldiario.net\\\/portal\\\/?s={search_term_string}\"},\"query-input\":{\"@type\":\"PropertyValueSpecification\",\"valueRequired\":true,\"valueName\":\"search_term_string\"}}],\"inLanguage\":\"es\"},{\"@type\":\"Organization\",\"@id\":\"https:\\\/\\\/www.eldiario.net\\\/portal\\\/#organization\",\"name\":\"El Diario - Decano de la prensa nacional\",\"url\":\"https:\\\/\\\/www.eldiario.net\\\/portal\\\/\",\"logo\":{\"@type\":\"ImageObject\",\"inLanguage\":\"es\",\"@id\":\"https:\\\/\\\/www.eldiario.net\\\/portal\\\/#\\\/schema\\\/logo\\\/image\\\/\",\"url\":\"https:\\\/\\\/www.eldiario.net\\\/portal\\\/wp-content\\\/uploads\\\/2023\\\/07\\\/logo_ED.jpg\",\"contentUrl\":\"https:\\\/\\\/www.eldiario.net\\\/portal\\\/wp-content\\\/uploads\\\/2023\\\/07\\\/logo_ED.jpg\",\"width\":272,\"height\":52,\"caption\":\"El Diario - Decano de la prensa nacional\"},\"image\":{\"@id\":\"https:\\\/\\\/www.eldiario.net\\\/portal\\\/#\\\/schema\\\/logo\\\/image\\\/\"},\"sameAs\":[\"https:\\\/\\\/www.facebook.com\\\/eldiario.bolivia\\\/\",\"https:\\\/\\\/x.com\\\/eldiario_net\"]},{\"@type\":\"Person\",\"@id\":\"https:\\\/\\\/www.eldiario.net\\\/portal\\\/#\\\/schema\\\/person\\\/2c57cf2b7a7ae032e449e4c9b1019eac\",\"name\":\"Jeanette\",\"image\":{\"@type\":\"ImageObject\",\"inLanguage\":\"es\",\"@id\":\"https:\\\/\\\/secure.gravatar.com\\\/avatar\\\/3ea2118a5f7dad2b7138b1187a6b7ee55f160b9968b66013c3a3ef39dd7e5798?s=96&d=mm&r=g\",\"url\":\"https:\\\/\\\/secure.gravatar.com\\\/avatar\\\/3ea2118a5f7dad2b7138b1187a6b7ee55f160b9968b66013c3a3ef39dd7e5798?s=96&d=mm&r=g\",\"contentUrl\":\"https:\\\/\\\/secure.gravatar.com\\\/avatar\\\/3ea2118a5f7dad2b7138b1187a6b7ee55f160b9968b66013c3a3ef39dd7e5798?s=96&d=mm&r=g\",\"caption\":\"Jeanette\"},\"sameAs\":[\"https:\\\/\\\/www.eldiario.net\\\/portal\"],\"url\":\"https:\\\/\\\/www.eldiario.net\\\/portal\\\/author\\\/jeanette\\\/\"}]}<\/script>\n<!-- \/ Yoast SEO plugin. -->","yoast_head_json":{"title":"MOUSSE DE CACAO Y QUINUA REAL - El Diario - Bolivia","robots":{"index":"index","follow":"follow","max-snippet":"max-snippet:-1","max-image-preview":"max-image-preview:large","max-video-preview":"max-video-preview:-1"},"canonical":"https:\/\/www.eldiario.net\/portal\/2025\/09\/17\/mousse-de-cacao-y-quinua-real\/","og_locale":"es_ES","og_type":"article","og_title":"MOUSSE DE CACAO Y QUINUA REAL - El Diario - Bolivia","og_description":"Queridos lectores, en el mes de lucha contra la depresi\u00f3n debemos decir que, m\u00e1s que un trastorno del \u00e1nimo, es un estado que afecta la energ\u00eda vital, el sue\u00f1o, la concentraci\u00f3n y, de manera silenciosa, tambi\u00e9n la relaci\u00f3n con la comida. En muchos casos, el apetito disminuye o se transforma, inclin\u00e1ndose hacia los extremos: la [&hellip;]","og_url":"https:\/\/www.eldiario.net\/portal\/2025\/09\/17\/mousse-de-cacao-y-quinua-real\/","og_site_name":"El Diario - Bolivia","article_publisher":"https:\/\/www.facebook.com\/eldiario.bolivia\/","article_published_time":"2025-09-17T04:45:11+00:00","og_image":[{"width":450,"height":560,"url":"https:\/\/www.eldiario.net\/portal\/wp-content\/uploads\/2025\/09\/NOTA-4-FOTO-1-2.webp","type":"image\/webp"}],"author":"Jeanette","twitter_card":"summary_large_image","twitter_creator":"@eldiario_net","twitter_site":"@eldiario_net","twitter_misc":{"Escrito por":"Jeanette","Tiempo de lectura":"4 minutos"},"schema":{"@context":"https:\/\/schema.org","@graph":[{"@type":"Article","@id":"https:\/\/www.eldiario.net\/portal\/2025\/09\/17\/mousse-de-cacao-y-quinua-real\/#article","isPartOf":{"@id":"https:\/\/www.eldiario.net\/portal\/2025\/09\/17\/mousse-de-cacao-y-quinua-real\/"},"author":{"name":"Jeanette","@id":"https:\/\/www.eldiario.net\/portal\/#\/schema\/person\/2c57cf2b7a7ae032e449e4c9b1019eac"},"headline":"MOUSSE DE CACAO Y QUINUA REAL","datePublished":"2025-09-17T04:45:11+00:00","mainEntityOfPage":{"@id":"https:\/\/www.eldiario.net\/portal\/2025\/09\/17\/mousse-de-cacao-y-quinua-real\/"},"wordCount":803,"publisher":{"@id":"https:\/\/www.eldiario.net\/portal\/#organization"},"image":{"@id":"https:\/\/www.eldiario.net\/portal\/2025\/09\/17\/mousse-de-cacao-y-quinua-real\/#primaryimage"},"thumbnailUrl":"https:\/\/www.eldiario.net\/portal\/wp-content\/uploads\/2025\/09\/NOTA-4-FOTO-1-2.webp","articleSection":["Femenina"],"inLanguage":"es"},{"@type":"WebPage","@id":"https:\/\/www.eldiario.net\/portal\/2025\/09\/17\/mousse-de-cacao-y-quinua-real\/","url":"https:\/\/www.eldiario.net\/portal\/2025\/09\/17\/mousse-de-cacao-y-quinua-real\/","name":"MOUSSE DE CACAO Y QUINUA REAL - El Diario - Bolivia","isPartOf":{"@id":"https:\/\/www.eldiario.net\/portal\/#website"},"primaryImageOfPage":{"@id":"https:\/\/www.eldiario.net\/portal\/2025\/09\/17\/mousse-de-cacao-y-quinua-real\/#primaryimage"},"image":{"@id":"https:\/\/www.eldiario.net\/portal\/2025\/09\/17\/mousse-de-cacao-y-quinua-real\/#primaryimage"},"thumbnailUrl":"https:\/\/www.eldiario.net\/portal\/wp-content\/uploads\/2025\/09\/NOTA-4-FOTO-1-2.webp","datePublished":"2025-09-17T04:45:11+00:00","breadcrumb":{"@id":"https:\/\/www.eldiario.net\/portal\/2025\/09\/17\/mousse-de-cacao-y-quinua-real\/#breadcrumb"},"inLanguage":"es","potentialAction":[{"@type":"ReadAction","target":["https:\/\/www.eldiario.net\/portal\/2025\/09\/17\/mousse-de-cacao-y-quinua-real\/"]}]},{"@type":"ImageObject","inLanguage":"es","@id":"https:\/\/www.eldiario.net\/portal\/2025\/09\/17\/mousse-de-cacao-y-quinua-real\/#primaryimage","url":"https:\/\/www.eldiario.net\/portal\/wp-content\/uploads\/2025\/09\/NOTA-4-FOTO-1-2.webp","contentUrl":"https:\/\/www.eldiario.net\/portal\/wp-content\/uploads\/2025\/09\/NOTA-4-FOTO-1-2.webp","width":450,"height":560,"caption":"MOUSSE DE CACAO Y QUINUA REAL"},{"@type":"BreadcrumbList","@id":"https:\/\/www.eldiario.net\/portal\/2025\/09\/17\/mousse-de-cacao-y-quinua-real\/#breadcrumb","itemListElement":[{"@type":"ListItem","position":1,"name":"Portada","item":"https:\/\/www.eldiario.net\/portal\/"},{"@type":"ListItem","position":2,"name":"MOUSSE DE CACAO Y QUINUA REAL"}]},{"@type":"WebSite","@id":"https:\/\/www.eldiario.net\/portal\/#website","url":"https:\/\/www.eldiario.net\/portal\/","name":"El Diario - Decano de la prensa nacional","description":"El Diario - Decano de la prensa nacional","publisher":{"@id":"https:\/\/www.eldiario.net\/portal\/#organization"},"potentialAction":[{"@type":"SearchAction","target":{"@type":"EntryPoint","urlTemplate":"https:\/\/www.eldiario.net\/portal\/?s={search_term_string}"},"query-input":{"@type":"PropertyValueSpecification","valueRequired":true,"valueName":"search_term_string"}}],"inLanguage":"es"},{"@type":"Organization","@id":"https:\/\/www.eldiario.net\/portal\/#organization","name":"El Diario - Decano de la prensa nacional","url":"https:\/\/www.eldiario.net\/portal\/","logo":{"@type":"ImageObject","inLanguage":"es","@id":"https:\/\/www.eldiario.net\/portal\/#\/schema\/logo\/image\/","url":"https:\/\/www.eldiario.net\/portal\/wp-content\/uploads\/2023\/07\/logo_ED.jpg","contentUrl":"https:\/\/www.eldiario.net\/portal\/wp-content\/uploads\/2023\/07\/logo_ED.jpg","width":272,"height":52,"caption":"El Diario - Decano de la prensa nacional"},"image":{"@id":"https:\/\/www.eldiario.net\/portal\/#\/schema\/logo\/image\/"},"sameAs":["https:\/\/www.facebook.com\/eldiario.bolivia\/","https:\/\/x.com\/eldiario_net"]},{"@type":"Person","@id":"https:\/\/www.eldiario.net\/portal\/#\/schema\/person\/2c57cf2b7a7ae032e449e4c9b1019eac","name":"Jeanette","image":{"@type":"ImageObject","inLanguage":"es","@id":"https:\/\/secure.gravatar.com\/avatar\/3ea2118a5f7dad2b7138b1187a6b7ee55f160b9968b66013c3a3ef39dd7e5798?s=96&d=mm&r=g","url":"https:\/\/secure.gravatar.com\/avatar\/3ea2118a5f7dad2b7138b1187a6b7ee55f160b9968b66013c3a3ef39dd7e5798?s=96&d=mm&r=g","contentUrl":"https:\/\/secure.gravatar.com\/avatar\/3ea2118a5f7dad2b7138b1187a6b7ee55f160b9968b66013c3a3ef39dd7e5798?s=96&d=mm&r=g","caption":"Jeanette"},"sameAs":["https:\/\/www.eldiario.net\/portal"],"url":"https:\/\/www.eldiario.net\/portal\/author\/jeanette\/"}]}},"_links":{"self":[{"href":"https:\/\/www.eldiario.net\/portal\/wp-json\/wp\/v2\/posts\/331777","targetHints":{"allow":["GET"]}}],"collection":[{"href":"https:\/\/www.eldiario.net\/portal\/wp-json\/wp\/v2\/posts"}],"about":[{"href":"https:\/\/www.eldiario.net\/portal\/wp-json\/wp\/v2\/types\/post"}],"author":[{"embeddable":true,"href":"https:\/\/www.eldiario.net\/portal\/wp-json\/wp\/v2\/users\/1"}],"replies":[{"embeddable":true,"href":"https:\/\/www.eldiario.net\/portal\/wp-json\/wp\/v2\/comments?post=331777"}],"version-history":[{"count":1,"href":"https:\/\/www.eldiario.net\/portal\/wp-json\/wp\/v2\/posts\/331777\/revisions"}],"predecessor-version":[{"id":331779,"href":"https:\/\/www.eldiario.net\/portal\/wp-json\/wp\/v2\/posts\/331777\/revisions\/331779"}],"wp:featuredmedia":[{"embeddable":true,"href":"https:\/\/www.eldiario.net\/portal\/wp-json\/wp\/v2\/media\/331778"}],"wp:attachment":[{"href":"https:\/\/www.eldiario.net\/portal\/wp-json\/wp\/v2\/media?parent=331777"}],"wp:term":[{"taxonomy":"category","embeddable":true,"href":"https:\/\/www.eldiario.net\/portal\/wp-json\/wp\/v2\/categories?post=331777"},{"taxonomy":"post_tag","embeddable":true,"href":"https:\/\/www.eldiario.net\/portal\/wp-json\/wp\/v2\/tags?post=331777"}],"curies":[{"name":"wp","href":"https:\/\/api.w.org\/{rel}","templated":true}]}}