{"id":331771,"date":"2025-09-17T00:42:21","date_gmt":"2025-09-17T04:42:21","guid":{"rendered":"https:\/\/www.eldiario.net\/portal\/?p=331771"},"modified":"2025-09-16T21:44:07","modified_gmt":"2025-09-17T01:44:07","slug":"megacentro-avenida-brasil-un-paseo-por-la-musica-crucena","status":"publish","type":"post","link":"https:\/\/www.eldiario.net\/portal\/2025\/09\/17\/megacentro-avenida-brasil-un-paseo-por-la-musica-crucena\/","title":{"rendered":"Megacentro Avenida Brasil: Un paseo por la m\u00fasica cruce\u00f1a"},"content":{"rendered":"<p>Septiembre llega con el sentir del folclore cruce\u00f1o, y este a\u00f1o, el Megacentro Avenida Brasil se convierte en un escenario vibrante, donde la m\u00fasica, la cultura y la gastronom\u00eda local se unen para rendir homenaje a Santa Cruz.<\/p>\n<p>La ambientaci\u00f3n, cuidadosamente dise\u00f1ada con base en las letras de las canciones m\u00e1s emblem\u00e1ticas de Santa Cruz de anta\u00f1o, invita a recorrer los pasillos de la Planta Baja, el supermercado, el \u00e1rea de juegos y hasta la Plaza de Comidas. Este entorno permite capturar el recuerdo perfecto de la celebraci\u00f3n y llevarse a casa souvenirs t\u00edpicos como regalos de la visita.<\/p>\n<p>Cada rinc\u00f3n del centro comercial se viste de recuerdos con las canciones que han marcado la historia de la tierra cruce\u00f1a, lo que genera un momento \u00fanico para todos los visitantes. El espacio est\u00e1 dise\u00f1ado para tomar fotograf\u00edas, leer las letras e incluso cantarlas.<\/p>\n<p>La experiencia no estar\u00eda completa sin la gastronom\u00eda local. En la Plaza de Comidas, los visitantes pueden disfrutar de los aut\u00e9nticos sabores de la cocina cruce\u00f1a, transformando cada visita en un viaje sensorial completo donde se unen: m\u00fasica, tradici\u00f3n y sabores que representan la esencia de Santa Cruz.<\/p>\n<p>El pr\u00f3ximo s\u00e1bado 20 de septiembre, el centro comercial, ubicado en la zona este, cumple 2 a\u00f1os convertido en un referente del entretenimiento, las compras y la gastronom\u00eda. Para celebrarlo, se han preparado diferentes actividades para festejar junto a sus visitantes a partir de las 14:00 horas, con m\u00fasica en vivo, regalos para todos los asistentes y ofertas en todos sus locales y tiendas comerciales.<\/p>\n<p>Asimismo, el Megacentro Avenida Brasil invita a la poblaci\u00f3n a visitar y sumarse a los festejos de septiembre para celebrar al ritmo de la m\u00fasica en la serenata a Santa Cruz el 23 por la noche, y disfrutar de sus espacios ambientados para llevarse un pedacito de la cultura cruce\u00f1a en cada fotograf\u00eda y bocado.<\/p>\n\r\n                <style type=\"text\/css\">\r\n                    \r\n                    #tdi_1  .td-doubleSlider-2 .td-item1 {\r\n                        background: url(https:\/\/www.eldiario.net\/portal\/wp-content\/uploads\/2025\/09\/NOTA-5-FOTO-3-80x60.webp) 0 0 no-repeat;\r\n                    }\r\n                    #tdi_1  .td-doubleSlider-2 .td-item2 {\r\n                        background: url(https:\/\/www.eldiario.net\/portal\/wp-content\/uploads\/2025\/09\/NOTA-5-FOTO-4-80x60.webp) 0 0 no-repeat;\r\n                    }\r\n                    #tdi_1  .td-doubleSlider-2 .td-item3 {\r\n                        background: url(https:\/\/www.eldiario.net\/portal\/wp-content\/uploads\/2025\/09\/NOTA-5-FOTO-1-1-80x60.webp) 0 0 no-repeat;\r\n                    }\r\n                    #tdi_1  .td-doubleSlider-2 .td-item4 {\r\n                        background: url(https:\/\/www.eldiario.net\/portal\/wp-content\/uploads\/2025\/09\/NOTA-5-FOTO-2-80x60.webp) 0 0 no-repeat;\r\n                    }\r\n                <\/style>\r\n\r\n                <div id=\"tdi_1\" class=\"td-gallery td-slide-on-2-columns\">\r\n                    <div class=\"post_td_gallery\">\r\n                        <div class=\"td-gallery-slide-top\">\r\n                           <div class=\"td-gallery-title\"><\/div>\r\n\r\n                            <div class=\"td-gallery-controls-wrapper\">\r\n                                <div class=\"td-gallery-slide-count\"><span class=\"td-gallery-slide-item-focus\">1<\/span> de 4<\/div>\r\n                                <div class=\"td-gallery-slide-prev-next-but\">\r\n                                    <i class = \"td-icon-left doubleSliderPrevButton\"><\/i>\r\n                                    <i class = \"td-icon-right doubleSliderNextButton\"><\/i>\r\n                                <\/div>\r\n                            <\/div>\r\n                        <\/div>\r\n\r\n                        <div class = \"td-doubleSlider-1 \">\r\n                            <div class = \"td-slider\">\r\n                                \r\n                    <div class = \"td-slide-item td-item1\">\r\n                        <figure class=\"td-slide-galery-figure td-slide-popup-gallery\">\r\n                            <a class=\"slide-gallery-image-link\" href=\"https:\/\/www.eldiario.net\/portal\/wp-content\/uploads\/2025\/09\/NOTA-5-FOTO-3.webp\" title=\"NOTA 5 FOTO 3\"  data-caption=\"\"  data-description=\"\">\r\n                                <img decoding=\"async\" src=\"https:\/\/www.eldiario.net\/portal\/wp-content\/uploads\/2025\/09\/NOTA-5-FOTO-3.webp\" srcset=\"https:\/\/www.eldiario.net\/portal\/wp-content\/uploads\/2025\/09\/NOTA-5-FOTO-3.webp 500w, https:\/\/www.eldiario.net\/portal\/wp-content\/uploads\/2025\/09\/NOTA-5-FOTO-3-300x225.webp 300w, https:\/\/www.eldiario.net\/portal\/wp-content\/uploads\/2025\/09\/NOTA-5-FOTO-3-80x60.webp 80w, https:\/\/www.eldiario.net\/portal\/wp-content\/uploads\/2025\/09\/NOTA-5-FOTO-3-150x113.webp 150w\" sizes=\"(max-width: 500px) 100vw, 500px\" alt=\"\">\r\n                            <\/a>\r\n                            \r\n                        <\/figure>\r\n                    <\/div>\r\n                    <div class = \"td-slide-item td-item2\">\r\n                        <figure class=\"td-slide-galery-figure td-slide-popup-gallery\">\r\n                            <a class=\"slide-gallery-image-link\" href=\"https:\/\/www.eldiario.net\/portal\/wp-content\/uploads\/2025\/09\/NOTA-5-FOTO-4.webp\" title=\"NOTA 5 FOTO 4\"  data-caption=\"\"  data-description=\"\">\r\n                                <img decoding=\"async\" src=\"https:\/\/www.eldiario.net\/portal\/wp-content\/uploads\/2025\/09\/NOTA-5-FOTO-4-315x420.webp\" srcset=\"https:\/\/www.eldiario.net\/portal\/wp-content\/uploads\/2025\/09\/NOTA-5-FOTO-4-315x420.webp 315w, https:\/\/www.eldiario.net\/portal\/wp-content\/uploads\/2025\/09\/NOTA-5-FOTO-4-225x300.webp 225w, https:\/\/www.eldiario.net\/portal\/wp-content\/uploads\/2025\/09\/NOTA-5-FOTO-4-150x200.webp 150w, https:\/\/www.eldiario.net\/portal\/wp-content\/uploads\/2025\/09\/NOTA-5-FOTO-4-300x400.webp 300w, https:\/\/www.eldiario.net\/portal\/wp-content\/uploads\/2025\/09\/NOTA-5-FOTO-4.webp 400w\" sizes=\"(max-width: 315px) 100vw, 315px\" alt=\"\">\r\n                            <\/a>\r\n                            \r\n                        <\/figure>\r\n                    <\/div>\r\n                    <div class = \"td-slide-item td-item3\">\r\n                        <figure class=\"td-slide-galery-figure td-slide-popup-gallery\">\r\n                            <a class=\"slide-gallery-image-link\" href=\"https:\/\/www.eldiario.net\/portal\/wp-content\/uploads\/2025\/09\/NOTA-5-FOTO-1-1.webp\" title=\"NOTA 5 FOTO 1\"  data-caption=\"\"  data-description=\"\">\r\n                                <img decoding=\"async\" src=\"https:\/\/www.eldiario.net\/portal\/wp-content\/uploads\/2025\/09\/NOTA-5-FOTO-1-1-315x420.webp\" srcset=\"https:\/\/www.eldiario.net\/portal\/wp-content\/uploads\/2025\/09\/NOTA-5-FOTO-1-1-315x420.webp 315w, https:\/\/www.eldiario.net\/portal\/wp-content\/uploads\/2025\/09\/NOTA-5-FOTO-1-1-225x300.webp 225w, https:\/\/www.eldiario.net\/portal\/wp-content\/uploads\/2025\/09\/NOTA-5-FOTO-1-1-150x200.webp 150w, https:\/\/www.eldiario.net\/portal\/wp-content\/uploads\/2025\/09\/NOTA-5-FOTO-1-1-300x400.webp 300w, https:\/\/www.eldiario.net\/portal\/wp-content\/uploads\/2025\/09\/NOTA-5-FOTO-1-1.webp 600w\" sizes=\"(max-width: 315px) 100vw, 315px\" alt=\"\">\r\n                            <\/a>\r\n                            \r\n                        <\/figure>\r\n                    <\/div>\r\n                    <div class = \"td-slide-item td-item4\">\r\n                        <figure class=\"td-slide-galery-figure td-slide-popup-gallery\">\r\n                            <a class=\"slide-gallery-image-link\" href=\"https:\/\/www.eldiario.net\/portal\/wp-content\/uploads\/2025\/09\/NOTA-5-FOTO-2.webp\" title=\"NOTA 5 FOTO 2\"  data-caption=\"\"  data-description=\"\">\r\n                                <img decoding=\"async\" src=\"https:\/\/www.eldiario.net\/portal\/wp-content\/uploads\/2025\/09\/NOTA-5-FOTO-2.webp\" srcset=\"https:\/\/www.eldiario.net\/portal\/wp-content\/uploads\/2025\/09\/NOTA-5-FOTO-2.webp 500w, https:\/\/www.eldiario.net\/portal\/wp-content\/uploads\/2025\/09\/NOTA-5-FOTO-2-300x225.webp 300w, https:\/\/www.eldiario.net\/portal\/wp-content\/uploads\/2025\/09\/NOTA-5-FOTO-2-80x60.webp 80w, https:\/\/www.eldiario.net\/portal\/wp-content\/uploads\/2025\/09\/NOTA-5-FOTO-2-150x113.webp 150w\" sizes=\"(max-width: 500px) 100vw, 500px\" alt=\"\">\r\n                            <\/a>\r\n                            \r\n                        <\/figure>\r\n                    <\/div>\r\n                            <\/div>\r\n                        <\/div>\r\n\r\n                        <div class = \"td-doubleSlider-2\">\r\n                            <div class = \"td-slider\">\r\n                                \r\n                    <div class = \"td-button td-item1\">\r\n                        <div class = \"td-border\"><\/div>\r\n                    <\/div>\r\n                    <div class = \"td-button td-item2\">\r\n                        <div class = \"td-border\"><\/div>\r\n                    <\/div>\r\n                    <div class = \"td-button td-item3\">\r\n                        <div class = \"td-border\"><\/div>\r\n                    <\/div>\r\n                    <div class = \"td-button td-item4\">\r\n                        <div class = \"td-border\"><\/div>\r\n                    <\/div>\r\n                            <\/div>\r\n                        <\/div>\r\n\r\n                    <\/div>\r\n\r\n                <\/div>\r\n                \n","protected":false},"excerpt":{"rendered":"<p>Septiembre llega con el sentir del folclore cruce\u00f1o, y este a\u00f1o, el Megacentro Avenida Brasil se convierte en un escenario vibrante, donde la m\u00fasica, la cultura y la gastronom\u00eda local se unen para rendir homenaje a Santa Cruz. La ambientaci\u00f3n, cuidadosamente dise\u00f1ada con base en las letras de las canciones m\u00e1s emblem\u00e1ticas de Santa Cruz [&hellip;]<\/p>\n","protected":false},"author":1,"featured_media":331774,"comment_status":"closed","ping_status":"open","sticky":false,"template":"","format":"standard","meta":{"_acf_changed":false,"footnotes":""},"categories":[42],"tags":[],"class_list":["post-331771","post","type-post","status-publish","format-standard","has-post-thumbnail","category-femenina"],"acf":{"antetitulo":"Homenaje a Santa Cruz"},"yoast_head":"<!-- This site is optimized with the Yoast SEO plugin v28.4 - https:\/\/yoast.com\/product\/yoast-seo-wordpress\/ -->\n<title>Megacentro Avenida Brasil: Un paseo por la m\u00fasica cruce\u00f1a - El Diario - Bolivia<\/title>\n<meta name=\"robots\" content=\"index, follow, max-snippet:-1, max-image-preview:large, max-video-preview:-1\" \/>\n<link rel=\"canonical\" href=\"https:\/\/www.eldiario.net\/portal\/2025\/09\/17\/megacentro-avenida-brasil-un-paseo-por-la-musica-crucena\/\" \/>\n<meta property=\"og:locale\" content=\"es_ES\" \/>\n<meta property=\"og:type\" content=\"article\" \/>\n<meta property=\"og:title\" content=\"Megacentro Avenida Brasil: Un paseo por la m\u00fasica cruce\u00f1a - El Diario - Bolivia\" \/>\n<meta property=\"og:description\" content=\"Septiembre llega con el sentir del folclore cruce\u00f1o, y este a\u00f1o, el Megacentro Avenida Brasil se convierte en un escenario vibrante, donde la m\u00fasica, la cultura y la gastronom\u00eda local se unen para rendir homenaje a Santa Cruz. La ambientaci\u00f3n, cuidadosamente dise\u00f1ada con base en las letras de las canciones m\u00e1s emblem\u00e1ticas de Santa Cruz [&hellip;]\" \/>\n<meta property=\"og:url\" content=\"https:\/\/www.eldiario.net\/portal\/2025\/09\/17\/megacentro-avenida-brasil-un-paseo-por-la-musica-crucena\/\" \/>\n<meta property=\"og:site_name\" content=\"El Diario - Bolivia\" \/>\n<meta property=\"article:publisher\" content=\"https:\/\/www.facebook.com\/eldiario.bolivia\/\" \/>\n<meta property=\"article:published_time\" content=\"2025-09-17T04:42:21+00:00\" \/>\n<meta property=\"og:image\" content=\"https:\/\/www.eldiario.net\/portal\/wp-content\/uploads\/2025\/09\/NOTA-5-FOTO-1-1.webp\" \/>\n\t<meta property=\"og:image:width\" content=\"600\" \/>\n\t<meta property=\"og:image:height\" content=\"800\" \/>\n\t<meta property=\"og:image:type\" content=\"image\/webp\" \/>\n<meta name=\"author\" content=\"Jeanette\" \/>\n<meta name=\"twitter:card\" content=\"summary_large_image\" \/>\n<meta name=\"twitter:creator\" content=\"@eldiario_net\" \/>\n<meta name=\"twitter:site\" content=\"@eldiario_net\" \/>\n<meta name=\"twitter:label1\" content=\"Escrito por\" \/>\n\t<meta name=\"twitter:data1\" content=\"Jeanette\" \/>\n\t<meta name=\"twitter:label2\" content=\"Tiempo de lectura\" \/>\n\t<meta name=\"twitter:data2\" content=\"2 minutos\" \/>\n<script type=\"application\/ld+json\" class=\"yoast-schema-graph\">{\"@context\":\"https:\\\/\\\/schema.org\",\"@graph\":[{\"@type\":\"Article\",\"@id\":\"https:\\\/\\\/www.eldiario.net\\\/portal\\\/2025\\\/09\\\/17\\\/megacentro-avenida-brasil-un-paseo-por-la-musica-crucena\\\/#article\",\"isPartOf\":{\"@id\":\"https:\\\/\\\/www.eldiario.net\\\/portal\\\/2025\\\/09\\\/17\\\/megacentro-avenida-brasil-un-paseo-por-la-musica-crucena\\\/\"},\"author\":{\"name\":\"Jeanette\",\"@id\":\"https:\\\/\\\/www.eldiario.net\\\/portal\\\/#\\\/schema\\\/person\\\/2c57cf2b7a7ae032e449e4c9b1019eac\"},\"headline\":\"Megacentro Avenida Brasil: Un paseo por la m\u00fasica cruce\u00f1a\",\"datePublished\":\"2025-09-17T04:42:21+00:00\",\"mainEntityOfPage\":{\"@id\":\"https:\\\/\\\/www.eldiario.net\\\/portal\\\/2025\\\/09\\\/17\\\/megacentro-avenida-brasil-un-paseo-por-la-musica-crucena\\\/\"},\"wordCount\":357,\"publisher\":{\"@id\":\"https:\\\/\\\/www.eldiario.net\\\/portal\\\/#organization\"},\"image\":{\"@id\":\"https:\\\/\\\/www.eldiario.net\\\/portal\\\/2025\\\/09\\\/17\\\/megacentro-avenida-brasil-un-paseo-por-la-musica-crucena\\\/#primaryimage\"},\"thumbnailUrl\":\"https:\\\/\\\/www.eldiario.net\\\/portal\\\/wp-content\\\/uploads\\\/2025\\\/09\\\/NOTA-5-FOTO-1-1.webp\",\"articleSection\":[\"Femenina\"],\"inLanguage\":\"es\"},{\"@type\":\"WebPage\",\"@id\":\"https:\\\/\\\/www.eldiario.net\\\/portal\\\/2025\\\/09\\\/17\\\/megacentro-avenida-brasil-un-paseo-por-la-musica-crucena\\\/\",\"url\":\"https:\\\/\\\/www.eldiario.net\\\/portal\\\/2025\\\/09\\\/17\\\/megacentro-avenida-brasil-un-paseo-por-la-musica-crucena\\\/\",\"name\":\"Megacentro Avenida Brasil: Un paseo por la m\u00fasica cruce\u00f1a - El Diario - Bolivia\",\"isPartOf\":{\"@id\":\"https:\\\/\\\/www.eldiario.net\\\/portal\\\/#website\"},\"primaryImageOfPage\":{\"@id\":\"https:\\\/\\\/www.eldiario.net\\\/portal\\\/2025\\\/09\\\/17\\\/megacentro-avenida-brasil-un-paseo-por-la-musica-crucena\\\/#primaryimage\"},\"image\":{\"@id\":\"https:\\\/\\\/www.eldiario.net\\\/portal\\\/2025\\\/09\\\/17\\\/megacentro-avenida-brasil-un-paseo-por-la-musica-crucena\\\/#primaryimage\"},\"thumbnailUrl\":\"https:\\\/\\\/www.eldiario.net\\\/portal\\\/wp-content\\\/uploads\\\/2025\\\/09\\\/NOTA-5-FOTO-1-1.webp\",\"datePublished\":\"2025-09-17T04:42:21+00:00\",\"breadcrumb\":{\"@id\":\"https:\\\/\\\/www.eldiario.net\\\/portal\\\/2025\\\/09\\\/17\\\/megacentro-avenida-brasil-un-paseo-por-la-musica-crucena\\\/#breadcrumb\"},\"inLanguage\":\"es\",\"potentialAction\":[{\"@type\":\"ReadAction\",\"target\":[\"https:\\\/\\\/www.eldiario.net\\\/portal\\\/2025\\\/09\\\/17\\\/megacentro-avenida-brasil-un-paseo-por-la-musica-crucena\\\/\"]}]},{\"@type\":\"ImageObject\",\"inLanguage\":\"es\",\"@id\":\"https:\\\/\\\/www.eldiario.net\\\/portal\\\/2025\\\/09\\\/17\\\/megacentro-avenida-brasil-un-paseo-por-la-musica-crucena\\\/#primaryimage\",\"url\":\"https:\\\/\\\/www.eldiario.net\\\/portal\\\/wp-content\\\/uploads\\\/2025\\\/09\\\/NOTA-5-FOTO-1-1.webp\",\"contentUrl\":\"https:\\\/\\\/www.eldiario.net\\\/portal\\\/wp-content\\\/uploads\\\/2025\\\/09\\\/NOTA-5-FOTO-1-1.webp\",\"width\":600,\"height\":800},{\"@type\":\"BreadcrumbList\",\"@id\":\"https:\\\/\\\/www.eldiario.net\\\/portal\\\/2025\\\/09\\\/17\\\/megacentro-avenida-brasil-un-paseo-por-la-musica-crucena\\\/#breadcrumb\",\"itemListElement\":[{\"@type\":\"ListItem\",\"position\":1,\"name\":\"Portada\",\"item\":\"https:\\\/\\\/www.eldiario.net\\\/portal\\\/\"},{\"@type\":\"ListItem\",\"position\":2,\"name\":\"Megacentro Avenida Brasil: Un paseo por la m\u00fasica cruce\u00f1a\"}]},{\"@type\":\"WebSite\",\"@id\":\"https:\\\/\\\/www.eldiario.net\\\/portal\\\/#website\",\"url\":\"https:\\\/\\\/www.eldiario.net\\\/portal\\\/\",\"name\":\"El Diario - Decano de la prensa nacional\",\"description\":\"El Diario - Decano de la prensa nacional\",\"publisher\":{\"@id\":\"https:\\\/\\\/www.eldiario.net\\\/portal\\\/#organization\"},\"potentialAction\":[{\"@type\":\"SearchAction\",\"target\":{\"@type\":\"EntryPoint\",\"urlTemplate\":\"https:\\\/\\\/www.eldiario.net\\\/portal\\\/?s={search_term_string}\"},\"query-input\":{\"@type\":\"PropertyValueSpecification\",\"valueRequired\":true,\"valueName\":\"search_term_string\"}}],\"inLanguage\":\"es\"},{\"@type\":\"Organization\",\"@id\":\"https:\\\/\\\/www.eldiario.net\\\/portal\\\/#organization\",\"name\":\"El Diario - Decano de la prensa nacional\",\"url\":\"https:\\\/\\\/www.eldiario.net\\\/portal\\\/\",\"logo\":{\"@type\":\"ImageObject\",\"inLanguage\":\"es\",\"@id\":\"https:\\\/\\\/www.eldiario.net\\\/portal\\\/#\\\/schema\\\/logo\\\/image\\\/\",\"url\":\"https:\\\/\\\/www.eldiario.net\\\/portal\\\/wp-content\\\/uploads\\\/2023\\\/07\\\/logo_ED.jpg\",\"contentUrl\":\"https:\\\/\\\/www.eldiario.net\\\/portal\\\/wp-content\\\/uploads\\\/2023\\\/07\\\/logo_ED.jpg\",\"width\":272,\"height\":52,\"caption\":\"El Diario - Decano de la prensa nacional\"},\"image\":{\"@id\":\"https:\\\/\\\/www.eldiario.net\\\/portal\\\/#\\\/schema\\\/logo\\\/image\\\/\"},\"sameAs\":[\"https:\\\/\\\/www.facebook.com\\\/eldiario.bolivia\\\/\",\"https:\\\/\\\/x.com\\\/eldiario_net\"]},{\"@type\":\"Person\",\"@id\":\"https:\\\/\\\/www.eldiario.net\\\/portal\\\/#\\\/schema\\\/person\\\/2c57cf2b7a7ae032e449e4c9b1019eac\",\"name\":\"Jeanette\",\"image\":{\"@type\":\"ImageObject\",\"inLanguage\":\"es\",\"@id\":\"https:\\\/\\\/secure.gravatar.com\\\/avatar\\\/3ea2118a5f7dad2b7138b1187a6b7ee55f160b9968b66013c3a3ef39dd7e5798?s=96&d=mm&r=g\",\"url\":\"https:\\\/\\\/secure.gravatar.com\\\/avatar\\\/3ea2118a5f7dad2b7138b1187a6b7ee55f160b9968b66013c3a3ef39dd7e5798?s=96&d=mm&r=g\",\"contentUrl\":\"https:\\\/\\\/secure.gravatar.com\\\/avatar\\\/3ea2118a5f7dad2b7138b1187a6b7ee55f160b9968b66013c3a3ef39dd7e5798?s=96&d=mm&r=g\",\"caption\":\"Jeanette\"},\"sameAs\":[\"https:\\\/\\\/www.eldiario.net\\\/portal\"],\"url\":\"https:\\\/\\\/www.eldiario.net\\\/portal\\\/author\\\/jeanette\\\/\"}]}<\/script>\n<!-- \/ Yoast SEO plugin. -->","yoast_head_json":{"title":"Megacentro Avenida Brasil: Un paseo por la m\u00fasica cruce\u00f1a - El Diario - Bolivia","robots":{"index":"index","follow":"follow","max-snippet":"max-snippet:-1","max-image-preview":"max-image-preview:large","max-video-preview":"max-video-preview:-1"},"canonical":"https:\/\/www.eldiario.net\/portal\/2025\/09\/17\/megacentro-avenida-brasil-un-paseo-por-la-musica-crucena\/","og_locale":"es_ES","og_type":"article","og_title":"Megacentro Avenida Brasil: Un paseo por la m\u00fasica cruce\u00f1a - El Diario - Bolivia","og_description":"Septiembre llega con el sentir del folclore cruce\u00f1o, y este a\u00f1o, el Megacentro Avenida Brasil se convierte en un escenario vibrante, donde la m\u00fasica, la cultura y la gastronom\u00eda local se unen para rendir homenaje a Santa Cruz. La ambientaci\u00f3n, cuidadosamente dise\u00f1ada con base en las letras de las canciones m\u00e1s emblem\u00e1ticas de Santa Cruz [&hellip;]","og_url":"https:\/\/www.eldiario.net\/portal\/2025\/09\/17\/megacentro-avenida-brasil-un-paseo-por-la-musica-crucena\/","og_site_name":"El Diario - Bolivia","article_publisher":"https:\/\/www.facebook.com\/eldiario.bolivia\/","article_published_time":"2025-09-17T04:42:21+00:00","og_image":[{"width":600,"height":800,"url":"https:\/\/www.eldiario.net\/portal\/wp-content\/uploads\/2025\/09\/NOTA-5-FOTO-1-1.webp","type":"image\/webp"}],"author":"Jeanette","twitter_card":"summary_large_image","twitter_creator":"@eldiario_net","twitter_site":"@eldiario_net","twitter_misc":{"Escrito por":"Jeanette","Tiempo de lectura":"2 minutos"},"schema":{"@context":"https:\/\/schema.org","@graph":[{"@type":"Article","@id":"https:\/\/www.eldiario.net\/portal\/2025\/09\/17\/megacentro-avenida-brasil-un-paseo-por-la-musica-crucena\/#article","isPartOf":{"@id":"https:\/\/www.eldiario.net\/portal\/2025\/09\/17\/megacentro-avenida-brasil-un-paseo-por-la-musica-crucena\/"},"author":{"name":"Jeanette","@id":"https:\/\/www.eldiario.net\/portal\/#\/schema\/person\/2c57cf2b7a7ae032e449e4c9b1019eac"},"headline":"Megacentro Avenida Brasil: Un paseo por la m\u00fasica cruce\u00f1a","datePublished":"2025-09-17T04:42:21+00:00","mainEntityOfPage":{"@id":"https:\/\/www.eldiario.net\/portal\/2025\/09\/17\/megacentro-avenida-brasil-un-paseo-por-la-musica-crucena\/"},"wordCount":357,"publisher":{"@id":"https:\/\/www.eldiario.net\/portal\/#organization"},"image":{"@id":"https:\/\/www.eldiario.net\/portal\/2025\/09\/17\/megacentro-avenida-brasil-un-paseo-por-la-musica-crucena\/#primaryimage"},"thumbnailUrl":"https:\/\/www.eldiario.net\/portal\/wp-content\/uploads\/2025\/09\/NOTA-5-FOTO-1-1.webp","articleSection":["Femenina"],"inLanguage":"es"},{"@type":"WebPage","@id":"https:\/\/www.eldiario.net\/portal\/2025\/09\/17\/megacentro-avenida-brasil-un-paseo-por-la-musica-crucena\/","url":"https:\/\/www.eldiario.net\/portal\/2025\/09\/17\/megacentro-avenida-brasil-un-paseo-por-la-musica-crucena\/","name":"Megacentro Avenida Brasil: Un paseo por la m\u00fasica cruce\u00f1a - El Diario - Bolivia","isPartOf":{"@id":"https:\/\/www.eldiario.net\/portal\/#website"},"primaryImageOfPage":{"@id":"https:\/\/www.eldiario.net\/portal\/2025\/09\/17\/megacentro-avenida-brasil-un-paseo-por-la-musica-crucena\/#primaryimage"},"image":{"@id":"https:\/\/www.eldiario.net\/portal\/2025\/09\/17\/megacentro-avenida-brasil-un-paseo-por-la-musica-crucena\/#primaryimage"},"thumbnailUrl":"https:\/\/www.eldiario.net\/portal\/wp-content\/uploads\/2025\/09\/NOTA-5-FOTO-1-1.webp","datePublished":"2025-09-17T04:42:21+00:00","breadcrumb":{"@id":"https:\/\/www.eldiario.net\/portal\/2025\/09\/17\/megacentro-avenida-brasil-un-paseo-por-la-musica-crucena\/#breadcrumb"},"inLanguage":"es","potentialAction":[{"@type":"ReadAction","target":["https:\/\/www.eldiario.net\/portal\/2025\/09\/17\/megacentro-avenida-brasil-un-paseo-por-la-musica-crucena\/"]}]},{"@type":"ImageObject","inLanguage":"es","@id":"https:\/\/www.eldiario.net\/portal\/2025\/09\/17\/megacentro-avenida-brasil-un-paseo-por-la-musica-crucena\/#primaryimage","url":"https:\/\/www.eldiario.net\/portal\/wp-content\/uploads\/2025\/09\/NOTA-5-FOTO-1-1.webp","contentUrl":"https:\/\/www.eldiario.net\/portal\/wp-content\/uploads\/2025\/09\/NOTA-5-FOTO-1-1.webp","width":600,"height":800},{"@type":"BreadcrumbList","@id":"https:\/\/www.eldiario.net\/portal\/2025\/09\/17\/megacentro-avenida-brasil-un-paseo-por-la-musica-crucena\/#breadcrumb","itemListElement":[{"@type":"ListItem","position":1,"name":"Portada","item":"https:\/\/www.eldiario.net\/portal\/"},{"@type":"ListItem","position":2,"name":"Megacentro Avenida Brasil: Un paseo por la m\u00fasica cruce\u00f1a"}]},{"@type":"WebSite","@id":"https:\/\/www.eldiario.net\/portal\/#website","url":"https:\/\/www.eldiario.net\/portal\/","name":"El Diario - Decano de la prensa nacional","description":"El Diario - Decano de la prensa nacional","publisher":{"@id":"https:\/\/www.eldiario.net\/portal\/#organization"},"potentialAction":[{"@type":"SearchAction","target":{"@type":"EntryPoint","urlTemplate":"https:\/\/www.eldiario.net\/portal\/?s={search_term_string}"},"query-input":{"@type":"PropertyValueSpecification","valueRequired":true,"valueName":"search_term_string"}}],"inLanguage":"es"},{"@type":"Organization","@id":"https:\/\/www.eldiario.net\/portal\/#organization","name":"El Diario - Decano de la prensa nacional","url":"https:\/\/www.eldiario.net\/portal\/","logo":{"@type":"ImageObject","inLanguage":"es","@id":"https:\/\/www.eldiario.net\/portal\/#\/schema\/logo\/image\/","url":"https:\/\/www.eldiario.net\/portal\/wp-content\/uploads\/2023\/07\/logo_ED.jpg","contentUrl":"https:\/\/www.eldiario.net\/portal\/wp-content\/uploads\/2023\/07\/logo_ED.jpg","width":272,"height":52,"caption":"El Diario - Decano de la prensa nacional"},"image":{"@id":"https:\/\/www.eldiario.net\/portal\/#\/schema\/logo\/image\/"},"sameAs":["https:\/\/www.facebook.com\/eldiario.bolivia\/","https:\/\/x.com\/eldiario_net"]},{"@type":"Person","@id":"https:\/\/www.eldiario.net\/portal\/#\/schema\/person\/2c57cf2b7a7ae032e449e4c9b1019eac","name":"Jeanette","image":{"@type":"ImageObject","inLanguage":"es","@id":"https:\/\/secure.gravatar.com\/avatar\/3ea2118a5f7dad2b7138b1187a6b7ee55f160b9968b66013c3a3ef39dd7e5798?s=96&d=mm&r=g","url":"https:\/\/secure.gravatar.com\/avatar\/3ea2118a5f7dad2b7138b1187a6b7ee55f160b9968b66013c3a3ef39dd7e5798?s=96&d=mm&r=g","contentUrl":"https:\/\/secure.gravatar.com\/avatar\/3ea2118a5f7dad2b7138b1187a6b7ee55f160b9968b66013c3a3ef39dd7e5798?s=96&d=mm&r=g","caption":"Jeanette"},"sameAs":["https:\/\/www.eldiario.net\/portal"],"url":"https:\/\/www.eldiario.net\/portal\/author\/jeanette\/"}]}},"_links":{"self":[{"href":"https:\/\/www.eldiario.net\/portal\/wp-json\/wp\/v2\/posts\/331771","targetHints":{"allow":["GET"]}}],"collection":[{"href":"https:\/\/www.eldiario.net\/portal\/wp-json\/wp\/v2\/posts"}],"about":[{"href":"https:\/\/www.eldiario.net\/portal\/wp-json\/wp\/v2\/types\/post"}],"author":[{"embeddable":true,"href":"https:\/\/www.eldiario.net\/portal\/wp-json\/wp\/v2\/users\/1"}],"replies":[{"embeddable":true,"href":"https:\/\/www.eldiario.net\/portal\/wp-json\/wp\/v2\/comments?post=331771"}],"version-history":[{"count":1,"href":"https:\/\/www.eldiario.net\/portal\/wp-json\/wp\/v2\/posts\/331771\/revisions"}],"predecessor-version":[{"id":331776,"href":"https:\/\/www.eldiario.net\/portal\/wp-json\/wp\/v2\/posts\/331771\/revisions\/331776"}],"wp:featuredmedia":[{"embeddable":true,"href":"https:\/\/www.eldiario.net\/portal\/wp-json\/wp\/v2\/media\/331774"}],"wp:attachment":[{"href":"https:\/\/www.eldiario.net\/portal\/wp-json\/wp\/v2\/media?parent=331771"}],"wp:term":[{"taxonomy":"category","embeddable":true,"href":"https:\/\/www.eldiario.net\/portal\/wp-json\/wp\/v2\/categories?post=331771"},{"taxonomy":"post_tag","embeddable":true,"href":"https:\/\/www.eldiario.net\/portal\/wp-json\/wp\/v2\/tags?post=331771"}],"curies":[{"name":"wp","href":"https:\/\/api.w.org\/{rel}","templated":true}]}}