{"id":331731,"date":"2025-09-16T18:57:55","date_gmt":"2025-09-16T22:57:55","guid":{"rendered":"https:\/\/www.eldiario.net\/portal\/?p=331731"},"modified":"2025-09-16T18:57:55","modified_gmt":"2025-09-16T22:57:55","slug":"bolsonaro-es-hospitalizado-en-brasilia-tras-sufrir-complicaciones-de-salud-1858","status":"publish","type":"post","link":"https:\/\/www.eldiario.net\/portal\/2025\/09\/16\/bolsonaro-es-hospitalizado-en-brasilia-tras-sufrir-complicaciones-de-salud-1858\/","title":{"rendered":"Bolsonaro es hospitalizado en Brasilia tras sufrir complicaciones de salud (18:58)"},"content":{"rendered":"<p>El expresidente brasile\u00f1o Jair Bolsonaro fue hospitalizado de urgencia en Brasilia tras sufrir una fuerte crisis de hipo, v\u00f3mitos y presi\u00f3n arterial baja.<\/p>\n<p>Su hijo, Fl\u00e1vio Bolsonaro, inform\u00f3 que el exmandatario, de 70 a\u00f1os, permanece bajo custodia policial debido a su arresto domiciliario por un proceso relacionado con el intento de golpe de Estado de 2022, por el que fue condenado a 27 a\u00f1os de prisi\u00f3n, sentencia que sus abogados anunciaron que apelar\u00e1n.<\/p>\n<p>Bolsonaro ha enfrentado diversos problemas de salud en los \u00faltimos meses, secuelas de la pu\u00f1alada que sufri\u00f3 en 2018. Recientemente fue sometido a un procedimiento m\u00e9dico por lesiones en la piel y tambi\u00e9n padece anemia.<\/p>\n<p>Adem\u00e1s, la justicia brasile\u00f1a le impuso el pago de una indemnizaci\u00f3n millonaria por comentarios racistas realizados en 2021. (Europa Press)<\/p>\n","protected":false},"excerpt":{"rendered":"<p>El expresidente brasile\u00f1o Jair Bolsonaro fue hospitalizado de urgencia en Brasilia tras sufrir una fuerte crisis de hipo, v\u00f3mitos y presi\u00f3n arterial baja. Su hijo, Fl\u00e1vio Bolsonaro, inform\u00f3 que el exmandatario, de 70 a\u00f1os, permanece bajo custodia policial debido a su arresto domiciliario por un proceso relacionado con el intento de golpe de Estado de [&hellip;]<\/p>\n","protected":false},"author":7,"featured_media":331732,"comment_status":"closed","ping_status":"open","sticky":false,"template":"","format":"standard","meta":{"_acf_changed":false,"footnotes":""},"categories":[51],"tags":[],"class_list":["post-331731","post","type-post","status-publish","format-standard","has-post-thumbnail","category-ultima-hora"],"acf":{"antetitulo":""},"yoast_head":"<!-- This site is optimized with the Yoast SEO plugin v28.4 - https:\/\/yoast.com\/product\/yoast-seo-wordpress\/ -->\n<title>Bolsonaro es hospitalizado en Brasilia tras sufrir complicaciones de salud (18:58) - El Diario - Bolivia<\/title>\n<meta name=\"robots\" content=\"index, follow, max-snippet:-1, max-image-preview:large, max-video-preview:-1\" \/>\n<link rel=\"canonical\" href=\"https:\/\/www.eldiario.net\/portal\/2025\/09\/16\/bolsonaro-es-hospitalizado-en-brasilia-tras-sufrir-complicaciones-de-salud-1858\/\" \/>\n<meta property=\"og:locale\" content=\"es_ES\" \/>\n<meta property=\"og:type\" content=\"article\" \/>\n<meta property=\"og:title\" content=\"Bolsonaro es hospitalizado en Brasilia tras sufrir complicaciones de salud (18:58) - El Diario - Bolivia\" \/>\n<meta property=\"og:description\" content=\"El expresidente brasile\u00f1o Jair Bolsonaro fue hospitalizado de urgencia en Brasilia tras sufrir una fuerte crisis de hipo, v\u00f3mitos y presi\u00f3n arterial baja. Su hijo, Fl\u00e1vio Bolsonaro, inform\u00f3 que el exmandatario, de 70 a\u00f1os, permanece bajo custodia policial debido a su arresto domiciliario por un proceso relacionado con el intento de golpe de Estado de [&hellip;]\" \/>\n<meta property=\"og:url\" content=\"https:\/\/www.eldiario.net\/portal\/2025\/09\/16\/bolsonaro-es-hospitalizado-en-brasilia-tras-sufrir-complicaciones-de-salud-1858\/\" \/>\n<meta property=\"og:site_name\" content=\"El Diario - Bolivia\" \/>\n<meta property=\"article:publisher\" content=\"https:\/\/www.facebook.com\/eldiario.bolivia\/\" \/>\n<meta property=\"article:published_time\" content=\"2025-09-16T22:57:55+00:00\" \/>\n<meta property=\"og:image\" content=\"https:\/\/www.eldiario.net\/portal\/wp-content\/uploads\/2025\/09\/bolsonaro-2-e1758063434208.png\" \/>\n\t<meta property=\"og:image:width\" content=\"250\" \/>\n\t<meta property=\"og:image:height\" content=\"226\" \/>\n\t<meta property=\"og:image:type\" content=\"image\/png\" \/>\n<meta name=\"author\" content=\"Viviana Monrroy\" \/>\n<meta name=\"twitter:card\" content=\"summary_large_image\" \/>\n<meta name=\"twitter:creator\" content=\"@eldiario_net\" \/>\n<meta name=\"twitter:site\" content=\"@eldiario_net\" \/>\n<meta name=\"twitter:label1\" content=\"Escrito por\" \/>\n\t<meta name=\"twitter:data1\" content=\"Viviana Monrroy\" \/>\n\t<meta name=\"twitter:label2\" content=\"Tiempo de lectura\" \/>\n\t<meta name=\"twitter:data2\" content=\"1 minuto\" \/>\n<script type=\"application\/ld+json\" class=\"yoast-schema-graph\">{\"@context\":\"https:\\\/\\\/schema.org\",\"@graph\":[{\"@type\":\"Article\",\"@id\":\"https:\\\/\\\/www.eldiario.net\\\/portal\\\/2025\\\/09\\\/16\\\/bolsonaro-es-hospitalizado-en-brasilia-tras-sufrir-complicaciones-de-salud-1858\\\/#article\",\"isPartOf\":{\"@id\":\"https:\\\/\\\/www.eldiario.net\\\/portal\\\/2025\\\/09\\\/16\\\/bolsonaro-es-hospitalizado-en-brasilia-tras-sufrir-complicaciones-de-salud-1858\\\/\"},\"author\":{\"name\":\"Viviana Monrroy\",\"@id\":\"https:\\\/\\\/www.eldiario.net\\\/portal\\\/#\\\/schema\\\/person\\\/32cc89e801dfcbad3a54f91da7f2ea06\"},\"headline\":\"Bolsonaro es hospitalizado en Brasilia tras sufrir complicaciones de salud (18:58)\",\"datePublished\":\"2025-09-16T22:57:55+00:00\",\"mainEntityOfPage\":{\"@id\":\"https:\\\/\\\/www.eldiario.net\\\/portal\\\/2025\\\/09\\\/16\\\/bolsonaro-es-hospitalizado-en-brasilia-tras-sufrir-complicaciones-de-salud-1858\\\/\"},\"wordCount\":147,\"publisher\":{\"@id\":\"https:\\\/\\\/www.eldiario.net\\\/portal\\\/#organization\"},\"image\":{\"@id\":\"https:\\\/\\\/www.eldiario.net\\\/portal\\\/2025\\\/09\\\/16\\\/bolsonaro-es-hospitalizado-en-brasilia-tras-sufrir-complicaciones-de-salud-1858\\\/#primaryimage\"},\"thumbnailUrl\":\"https:\\\/\\\/www.eldiario.net\\\/portal\\\/wp-content\\\/uploads\\\/2025\\\/09\\\/bolsonaro-2-e1758063434208.png\",\"articleSection\":[\"\u00daltima Hora\"],\"inLanguage\":\"es\"},{\"@type\":\"WebPage\",\"@id\":\"https:\\\/\\\/www.eldiario.net\\\/portal\\\/2025\\\/09\\\/16\\\/bolsonaro-es-hospitalizado-en-brasilia-tras-sufrir-complicaciones-de-salud-1858\\\/\",\"url\":\"https:\\\/\\\/www.eldiario.net\\\/portal\\\/2025\\\/09\\\/16\\\/bolsonaro-es-hospitalizado-en-brasilia-tras-sufrir-complicaciones-de-salud-1858\\\/\",\"name\":\"Bolsonaro es hospitalizado en Brasilia tras sufrir complicaciones de salud (18:58) - El Diario - Bolivia\",\"isPartOf\":{\"@id\":\"https:\\\/\\\/www.eldiario.net\\\/portal\\\/#website\"},\"primaryImageOfPage\":{\"@id\":\"https:\\\/\\\/www.eldiario.net\\\/portal\\\/2025\\\/09\\\/16\\\/bolsonaro-es-hospitalizado-en-brasilia-tras-sufrir-complicaciones-de-salud-1858\\\/#primaryimage\"},\"image\":{\"@id\":\"https:\\\/\\\/www.eldiario.net\\\/portal\\\/2025\\\/09\\\/16\\\/bolsonaro-es-hospitalizado-en-brasilia-tras-sufrir-complicaciones-de-salud-1858\\\/#primaryimage\"},\"thumbnailUrl\":\"https:\\\/\\\/www.eldiario.net\\\/portal\\\/wp-content\\\/uploads\\\/2025\\\/09\\\/bolsonaro-2-e1758063434208.png\",\"datePublished\":\"2025-09-16T22:57:55+00:00\",\"breadcrumb\":{\"@id\":\"https:\\\/\\\/www.eldiario.net\\\/portal\\\/2025\\\/09\\\/16\\\/bolsonaro-es-hospitalizado-en-brasilia-tras-sufrir-complicaciones-de-salud-1858\\\/#breadcrumb\"},\"inLanguage\":\"es\",\"potentialAction\":[{\"@type\":\"ReadAction\",\"target\":[\"https:\\\/\\\/www.eldiario.net\\\/portal\\\/2025\\\/09\\\/16\\\/bolsonaro-es-hospitalizado-en-brasilia-tras-sufrir-complicaciones-de-salud-1858\\\/\"]}]},{\"@type\":\"ImageObject\",\"inLanguage\":\"es\",\"@id\":\"https:\\\/\\\/www.eldiario.net\\\/portal\\\/2025\\\/09\\\/16\\\/bolsonaro-es-hospitalizado-en-brasilia-tras-sufrir-complicaciones-de-salud-1858\\\/#primaryimage\",\"url\":\"https:\\\/\\\/www.eldiario.net\\\/portal\\\/wp-content\\\/uploads\\\/2025\\\/09\\\/bolsonaro-2-e1758063434208.png\",\"contentUrl\":\"https:\\\/\\\/www.eldiario.net\\\/portal\\\/wp-content\\\/uploads\\\/2025\\\/09\\\/bolsonaro-2-e1758063434208.png\",\"width\":250,\"height\":226,\"caption\":\"Foto: RR.SS.\"},{\"@type\":\"BreadcrumbList\",\"@id\":\"https:\\\/\\\/www.eldiario.net\\\/portal\\\/2025\\\/09\\\/16\\\/bolsonaro-es-hospitalizado-en-brasilia-tras-sufrir-complicaciones-de-salud-1858\\\/#breadcrumb\",\"itemListElement\":[{\"@type\":\"ListItem\",\"position\":1,\"name\":\"Portada\",\"item\":\"https:\\\/\\\/www.eldiario.net\\\/portal\\\/\"},{\"@type\":\"ListItem\",\"position\":2,\"name\":\"Bolsonaro es hospitalizado en Brasilia tras sufrir complicaciones de salud (18:58)\"}]},{\"@type\":\"WebSite\",\"@id\":\"https:\\\/\\\/www.eldiario.net\\\/portal\\\/#website\",\"url\":\"https:\\\/\\\/www.eldiario.net\\\/portal\\\/\",\"name\":\"El Diario - Decano de la prensa nacional\",\"description\":\"El Diario - Decano de la prensa nacional\",\"publisher\":{\"@id\":\"https:\\\/\\\/www.eldiario.net\\\/portal\\\/#organization\"},\"potentialAction\":[{\"@type\":\"SearchAction\",\"target\":{\"@type\":\"EntryPoint\",\"urlTemplate\":\"https:\\\/\\\/www.eldiario.net\\\/portal\\\/?s={search_term_string}\"},\"query-input\":{\"@type\":\"PropertyValueSpecification\",\"valueRequired\":true,\"valueName\":\"search_term_string\"}}],\"inLanguage\":\"es\"},{\"@type\":\"Organization\",\"@id\":\"https:\\\/\\\/www.eldiario.net\\\/portal\\\/#organization\",\"name\":\"El Diario - Decano de la prensa nacional\",\"url\":\"https:\\\/\\\/www.eldiario.net\\\/portal\\\/\",\"logo\":{\"@type\":\"ImageObject\",\"inLanguage\":\"es\",\"@id\":\"https:\\\/\\\/www.eldiario.net\\\/portal\\\/#\\\/schema\\\/logo\\\/image\\\/\",\"url\":\"https:\\\/\\\/www.eldiario.net\\\/portal\\\/wp-content\\\/uploads\\\/2023\\\/07\\\/logo_ED.jpg\",\"contentUrl\":\"https:\\\/\\\/www.eldiario.net\\\/portal\\\/wp-content\\\/uploads\\\/2023\\\/07\\\/logo_ED.jpg\",\"width\":272,\"height\":52,\"caption\":\"El Diario - Decano de la prensa nacional\"},\"image\":{\"@id\":\"https:\\\/\\\/www.eldiario.net\\\/portal\\\/#\\\/schema\\\/logo\\\/image\\\/\"},\"sameAs\":[\"https:\\\/\\\/www.facebook.com\\\/eldiario.bolivia\\\/\",\"https:\\\/\\\/x.com\\\/eldiario_net\"]},{\"@type\":\"Person\",\"@id\":\"https:\\\/\\\/www.eldiario.net\\\/portal\\\/#\\\/schema\\\/person\\\/32cc89e801dfcbad3a54f91da7f2ea06\",\"name\":\"Viviana Monrroy\",\"image\":{\"@type\":\"ImageObject\",\"inLanguage\":\"es\",\"@id\":\"https:\\\/\\\/secure.gravatar.com\\\/avatar\\\/dfd1611ed5600959a0e5a9754503b6c05d1dcf190010998e0363aee2ad98afca?s=96&d=mm&r=g\",\"url\":\"https:\\\/\\\/secure.gravatar.com\\\/avatar\\\/dfd1611ed5600959a0e5a9754503b6c05d1dcf190010998e0363aee2ad98afca?s=96&d=mm&r=g\",\"contentUrl\":\"https:\\\/\\\/secure.gravatar.com\\\/avatar\\\/dfd1611ed5600959a0e5a9754503b6c05d1dcf190010998e0363aee2ad98afca?s=96&d=mm&r=g\",\"caption\":\"Viviana Monrroy\"},\"sameAs\":[\"http:\\\/\\\/www.eldiario.net\"],\"url\":\"https:\\\/\\\/www.eldiario.net\\\/portal\\\/author\\\/vivianamonrroy\\\/\"}]}<\/script>\n<!-- \/ Yoast SEO plugin. -->","yoast_head_json":{"title":"Bolsonaro es hospitalizado en Brasilia tras sufrir complicaciones de salud (18:58) - El Diario - Bolivia","robots":{"index":"index","follow":"follow","max-snippet":"max-snippet:-1","max-image-preview":"max-image-preview:large","max-video-preview":"max-video-preview:-1"},"canonical":"https:\/\/www.eldiario.net\/portal\/2025\/09\/16\/bolsonaro-es-hospitalizado-en-brasilia-tras-sufrir-complicaciones-de-salud-1858\/","og_locale":"es_ES","og_type":"article","og_title":"Bolsonaro es hospitalizado en Brasilia tras sufrir complicaciones de salud (18:58) - El Diario - Bolivia","og_description":"El expresidente brasile\u00f1o Jair Bolsonaro fue hospitalizado de urgencia en Brasilia tras sufrir una fuerte crisis de hipo, v\u00f3mitos y presi\u00f3n arterial baja. Su hijo, Fl\u00e1vio Bolsonaro, inform\u00f3 que el exmandatario, de 70 a\u00f1os, permanece bajo custodia policial debido a su arresto domiciliario por un proceso relacionado con el intento de golpe de Estado de [&hellip;]","og_url":"https:\/\/www.eldiario.net\/portal\/2025\/09\/16\/bolsonaro-es-hospitalizado-en-brasilia-tras-sufrir-complicaciones-de-salud-1858\/","og_site_name":"El Diario - Bolivia","article_publisher":"https:\/\/www.facebook.com\/eldiario.bolivia\/","article_published_time":"2025-09-16T22:57:55+00:00","og_image":[{"width":250,"height":226,"url":"https:\/\/www.eldiario.net\/portal\/wp-content\/uploads\/2025\/09\/bolsonaro-2-e1758063434208.png","type":"image\/png"}],"author":"Viviana Monrroy","twitter_card":"summary_large_image","twitter_creator":"@eldiario_net","twitter_site":"@eldiario_net","twitter_misc":{"Escrito por":"Viviana Monrroy","Tiempo de lectura":"1 minuto"},"schema":{"@context":"https:\/\/schema.org","@graph":[{"@type":"Article","@id":"https:\/\/www.eldiario.net\/portal\/2025\/09\/16\/bolsonaro-es-hospitalizado-en-brasilia-tras-sufrir-complicaciones-de-salud-1858\/#article","isPartOf":{"@id":"https:\/\/www.eldiario.net\/portal\/2025\/09\/16\/bolsonaro-es-hospitalizado-en-brasilia-tras-sufrir-complicaciones-de-salud-1858\/"},"author":{"name":"Viviana Monrroy","@id":"https:\/\/www.eldiario.net\/portal\/#\/schema\/person\/32cc89e801dfcbad3a54f91da7f2ea06"},"headline":"Bolsonaro es hospitalizado en Brasilia tras sufrir complicaciones de salud (18:58)","datePublished":"2025-09-16T22:57:55+00:00","mainEntityOfPage":{"@id":"https:\/\/www.eldiario.net\/portal\/2025\/09\/16\/bolsonaro-es-hospitalizado-en-brasilia-tras-sufrir-complicaciones-de-salud-1858\/"},"wordCount":147,"publisher":{"@id":"https:\/\/www.eldiario.net\/portal\/#organization"},"image":{"@id":"https:\/\/www.eldiario.net\/portal\/2025\/09\/16\/bolsonaro-es-hospitalizado-en-brasilia-tras-sufrir-complicaciones-de-salud-1858\/#primaryimage"},"thumbnailUrl":"https:\/\/www.eldiario.net\/portal\/wp-content\/uploads\/2025\/09\/bolsonaro-2-e1758063434208.png","articleSection":["\u00daltima Hora"],"inLanguage":"es"},{"@type":"WebPage","@id":"https:\/\/www.eldiario.net\/portal\/2025\/09\/16\/bolsonaro-es-hospitalizado-en-brasilia-tras-sufrir-complicaciones-de-salud-1858\/","url":"https:\/\/www.eldiario.net\/portal\/2025\/09\/16\/bolsonaro-es-hospitalizado-en-brasilia-tras-sufrir-complicaciones-de-salud-1858\/","name":"Bolsonaro es hospitalizado en Brasilia tras sufrir complicaciones de salud (18:58) - El Diario - Bolivia","isPartOf":{"@id":"https:\/\/www.eldiario.net\/portal\/#website"},"primaryImageOfPage":{"@id":"https:\/\/www.eldiario.net\/portal\/2025\/09\/16\/bolsonaro-es-hospitalizado-en-brasilia-tras-sufrir-complicaciones-de-salud-1858\/#primaryimage"},"image":{"@id":"https:\/\/www.eldiario.net\/portal\/2025\/09\/16\/bolsonaro-es-hospitalizado-en-brasilia-tras-sufrir-complicaciones-de-salud-1858\/#primaryimage"},"thumbnailUrl":"https:\/\/www.eldiario.net\/portal\/wp-content\/uploads\/2025\/09\/bolsonaro-2-e1758063434208.png","datePublished":"2025-09-16T22:57:55+00:00","breadcrumb":{"@id":"https:\/\/www.eldiario.net\/portal\/2025\/09\/16\/bolsonaro-es-hospitalizado-en-brasilia-tras-sufrir-complicaciones-de-salud-1858\/#breadcrumb"},"inLanguage":"es","potentialAction":[{"@type":"ReadAction","target":["https:\/\/www.eldiario.net\/portal\/2025\/09\/16\/bolsonaro-es-hospitalizado-en-brasilia-tras-sufrir-complicaciones-de-salud-1858\/"]}]},{"@type":"ImageObject","inLanguage":"es","@id":"https:\/\/www.eldiario.net\/portal\/2025\/09\/16\/bolsonaro-es-hospitalizado-en-brasilia-tras-sufrir-complicaciones-de-salud-1858\/#primaryimage","url":"https:\/\/www.eldiario.net\/portal\/wp-content\/uploads\/2025\/09\/bolsonaro-2-e1758063434208.png","contentUrl":"https:\/\/www.eldiario.net\/portal\/wp-content\/uploads\/2025\/09\/bolsonaro-2-e1758063434208.png","width":250,"height":226,"caption":"Foto: RR.SS."},{"@type":"BreadcrumbList","@id":"https:\/\/www.eldiario.net\/portal\/2025\/09\/16\/bolsonaro-es-hospitalizado-en-brasilia-tras-sufrir-complicaciones-de-salud-1858\/#breadcrumb","itemListElement":[{"@type":"ListItem","position":1,"name":"Portada","item":"https:\/\/www.eldiario.net\/portal\/"},{"@type":"ListItem","position":2,"name":"Bolsonaro es hospitalizado en Brasilia tras sufrir complicaciones de salud (18:58)"}]},{"@type":"WebSite","@id":"https:\/\/www.eldiario.net\/portal\/#website","url":"https:\/\/www.eldiario.net\/portal\/","name":"El Diario - Decano de la prensa nacional","description":"El Diario - Decano de la prensa nacional","publisher":{"@id":"https:\/\/www.eldiario.net\/portal\/#organization"},"potentialAction":[{"@type":"SearchAction","target":{"@type":"EntryPoint","urlTemplate":"https:\/\/www.eldiario.net\/portal\/?s={search_term_string}"},"query-input":{"@type":"PropertyValueSpecification","valueRequired":true,"valueName":"search_term_string"}}],"inLanguage":"es"},{"@type":"Organization","@id":"https:\/\/www.eldiario.net\/portal\/#organization","name":"El Diario - Decano de la prensa nacional","url":"https:\/\/www.eldiario.net\/portal\/","logo":{"@type":"ImageObject","inLanguage":"es","@id":"https:\/\/www.eldiario.net\/portal\/#\/schema\/logo\/image\/","url":"https:\/\/www.eldiario.net\/portal\/wp-content\/uploads\/2023\/07\/logo_ED.jpg","contentUrl":"https:\/\/www.eldiario.net\/portal\/wp-content\/uploads\/2023\/07\/logo_ED.jpg","width":272,"height":52,"caption":"El Diario - Decano de la prensa nacional"},"image":{"@id":"https:\/\/www.eldiario.net\/portal\/#\/schema\/logo\/image\/"},"sameAs":["https:\/\/www.facebook.com\/eldiario.bolivia\/","https:\/\/x.com\/eldiario_net"]},{"@type":"Person","@id":"https:\/\/www.eldiario.net\/portal\/#\/schema\/person\/32cc89e801dfcbad3a54f91da7f2ea06","name":"Viviana Monrroy","image":{"@type":"ImageObject","inLanguage":"es","@id":"https:\/\/secure.gravatar.com\/avatar\/dfd1611ed5600959a0e5a9754503b6c05d1dcf190010998e0363aee2ad98afca?s=96&d=mm&r=g","url":"https:\/\/secure.gravatar.com\/avatar\/dfd1611ed5600959a0e5a9754503b6c05d1dcf190010998e0363aee2ad98afca?s=96&d=mm&r=g","contentUrl":"https:\/\/secure.gravatar.com\/avatar\/dfd1611ed5600959a0e5a9754503b6c05d1dcf190010998e0363aee2ad98afca?s=96&d=mm&r=g","caption":"Viviana Monrroy"},"sameAs":["http:\/\/www.eldiario.net"],"url":"https:\/\/www.eldiario.net\/portal\/author\/vivianamonrroy\/"}]}},"_links":{"self":[{"href":"https:\/\/www.eldiario.net\/portal\/wp-json\/wp\/v2\/posts\/331731","targetHints":{"allow":["GET"]}}],"collection":[{"href":"https:\/\/www.eldiario.net\/portal\/wp-json\/wp\/v2\/posts"}],"about":[{"href":"https:\/\/www.eldiario.net\/portal\/wp-json\/wp\/v2\/types\/post"}],"author":[{"embeddable":true,"href":"https:\/\/www.eldiario.net\/portal\/wp-json\/wp\/v2\/users\/7"}],"replies":[{"embeddable":true,"href":"https:\/\/www.eldiario.net\/portal\/wp-json\/wp\/v2\/comments?post=331731"}],"version-history":[{"count":1,"href":"https:\/\/www.eldiario.net\/portal\/wp-json\/wp\/v2\/posts\/331731\/revisions"}],"predecessor-version":[{"id":331733,"href":"https:\/\/www.eldiario.net\/portal\/wp-json\/wp\/v2\/posts\/331731\/revisions\/331733"}],"wp:featuredmedia":[{"embeddable":true,"href":"https:\/\/www.eldiario.net\/portal\/wp-json\/wp\/v2\/media\/331732"}],"wp:attachment":[{"href":"https:\/\/www.eldiario.net\/portal\/wp-json\/wp\/v2\/media?parent=331731"}],"wp:term":[{"taxonomy":"category","embeddable":true,"href":"https:\/\/www.eldiario.net\/portal\/wp-json\/wp\/v2\/categories?post=331731"},{"taxonomy":"post_tag","embeddable":true,"href":"https:\/\/www.eldiario.net\/portal\/wp-json\/wp\/v2\/tags?post=331731"}],"curies":[{"name":"wp","href":"https:\/\/api.w.org\/{rel}","templated":true}]}}