{"id":331726,"date":"2025-09-16T18:51:39","date_gmt":"2025-09-16T22:51:39","guid":{"rendered":"https:\/\/www.eldiario.net\/portal\/?p=331726"},"modified":"2025-09-16T18:51:39","modified_gmt":"2025-09-16T22:51:39","slug":"fiscalia-acusa-a-tyler-robinson-por-la-muerte-de-kirk-y-buscara-la-pena-maxima-1850","status":"publish","type":"post","link":"https:\/\/www.eldiario.net\/portal\/2025\/09\/16\/fiscalia-acusa-a-tyler-robinson-por-la-muerte-de-kirk-y-buscara-la-pena-maxima-1850\/","title":{"rendered":"Fiscal\u00eda acusa a Tyler Robinson por la muerte de Kirk y buscar\u00e1 la pena m\u00e1xima (18:50)"},"content":{"rendered":"<p>Tyler Robinson, de 22 a\u00f1os, fue acusado formalmente de homicidio agravado por el asesinato del activista conservador Charlie Kirk durante un evento en Utah.<\/p>\n<p>El fiscal del condado, Jeff Gray, anunci\u00f3 que solicitar\u00e1 la pena de muerte y agreg\u00f3 cargos por obstrucci\u00f3n a la justicia, uso de arma de fuego y manipulaci\u00f3n de testigos. Robinson permanece detenido sin derecho a fianza.<\/p>\n<p>De acuerdo con documentos judiciales, el sospechoso dej\u00f3 mensajes y una nota en la que adelantaba sus intenciones contra Kirk, adem\u00e1s de pedir a su compa\u00f1ero de cuarto eliminar pruebas.<\/p>\n<p>El fiscal calific\u00f3 el hecho como una \u201ctragedia estadounidense\u201d y destac\u00f3 el legado del l\u00edder de Turning Point USA, expresando condolencias a su familia y allegados. (Agencias)<\/p>\n","protected":false},"excerpt":{"rendered":"<p>Tyler Robinson, de 22 a\u00f1os, fue acusado formalmente de homicidio agravado por el asesinato del activista conservador Charlie Kirk durante un evento en Utah. El fiscal del condado, Jeff Gray, anunci\u00f3 que solicitar\u00e1 la pena de muerte y agreg\u00f3 cargos por obstrucci\u00f3n a la justicia, uso de arma de fuego y manipulaci\u00f3n de testigos. Robinson [&hellip;]<\/p>\n","protected":false},"author":7,"featured_media":331727,"comment_status":"closed","ping_status":"open","sticky":false,"template":"","format":"standard","meta":{"_acf_changed":false,"footnotes":""},"categories":[51],"tags":[],"class_list":["post-331726","post","type-post","status-publish","format-standard","has-post-thumbnail","category-ultima-hora"],"acf":{"antetitulo":""},"yoast_head":"<!-- This site is optimized with the Yoast SEO plugin v28.4 - https:\/\/yoast.com\/product\/yoast-seo-wordpress\/ -->\n<title>Fiscal\u00eda acusa a Tyler Robinson por la muerte de Kirk y buscar\u00e1 la pena m\u00e1xima (18:50) - El Diario - Bolivia<\/title>\n<meta name=\"robots\" content=\"index, follow, max-snippet:-1, max-image-preview:large, max-video-preview:-1\" \/>\n<link rel=\"canonical\" href=\"https:\/\/www.eldiario.net\/portal\/2025\/09\/16\/fiscalia-acusa-a-tyler-robinson-por-la-muerte-de-kirk-y-buscara-la-pena-maxima-1850\/\" \/>\n<meta property=\"og:locale\" content=\"es_ES\" \/>\n<meta property=\"og:type\" content=\"article\" \/>\n<meta property=\"og:title\" content=\"Fiscal\u00eda acusa a Tyler Robinson por la muerte de Kirk y buscar\u00e1 la pena m\u00e1xima (18:50) - El Diario - Bolivia\" \/>\n<meta property=\"og:description\" content=\"Tyler Robinson, de 22 a\u00f1os, fue acusado formalmente de homicidio agravado por el asesinato del activista conservador Charlie Kirk durante un evento en Utah. El fiscal del condado, Jeff Gray, anunci\u00f3 que solicitar\u00e1 la pena de muerte y agreg\u00f3 cargos por obstrucci\u00f3n a la justicia, uso de arma de fuego y manipulaci\u00f3n de testigos. Robinson [&hellip;]\" \/>\n<meta property=\"og:url\" content=\"https:\/\/www.eldiario.net\/portal\/2025\/09\/16\/fiscalia-acusa-a-tyler-robinson-por-la-muerte-de-kirk-y-buscara-la-pena-maxima-1850\/\" \/>\n<meta property=\"og:site_name\" content=\"El Diario - Bolivia\" \/>\n<meta property=\"article:publisher\" content=\"https:\/\/www.facebook.com\/eldiario.bolivia\/\" \/>\n<meta property=\"article:published_time\" content=\"2025-09-16T22:51:39+00:00\" \/>\n<meta property=\"og:image\" content=\"https:\/\/www.eldiario.net\/portal\/wp-content\/uploads\/2025\/09\/Tyler-Robinson-e1758063069356.png\" \/>\n\t<meta property=\"og:image:width\" content=\"350\" \/>\n\t<meta property=\"og:image:height\" content=\"291\" \/>\n\t<meta property=\"og:image:type\" content=\"image\/png\" \/>\n<meta name=\"author\" content=\"Viviana Monrroy\" \/>\n<meta name=\"twitter:card\" content=\"summary_large_image\" \/>\n<meta name=\"twitter:creator\" content=\"@eldiario_net\" \/>\n<meta name=\"twitter:site\" content=\"@eldiario_net\" \/>\n<meta name=\"twitter:label1\" content=\"Escrito por\" \/>\n\t<meta name=\"twitter:data1\" content=\"Viviana Monrroy\" \/>\n\t<meta name=\"twitter:label2\" content=\"Tiempo de lectura\" \/>\n\t<meta name=\"twitter:data2\" content=\"1 minuto\" \/>\n<script type=\"application\/ld+json\" class=\"yoast-schema-graph\">{\"@context\":\"https:\\\/\\\/schema.org\",\"@graph\":[{\"@type\":\"Article\",\"@id\":\"https:\\\/\\\/www.eldiario.net\\\/portal\\\/2025\\\/09\\\/16\\\/fiscalia-acusa-a-tyler-robinson-por-la-muerte-de-kirk-y-buscara-la-pena-maxima-1850\\\/#article\",\"isPartOf\":{\"@id\":\"https:\\\/\\\/www.eldiario.net\\\/portal\\\/2025\\\/09\\\/16\\\/fiscalia-acusa-a-tyler-robinson-por-la-muerte-de-kirk-y-buscara-la-pena-maxima-1850\\\/\"},\"author\":{\"name\":\"Viviana Monrroy\",\"@id\":\"https:\\\/\\\/www.eldiario.net\\\/portal\\\/#\\\/schema\\\/person\\\/32cc89e801dfcbad3a54f91da7f2ea06\"},\"headline\":\"Fiscal\u00eda acusa a Tyler Robinson por la muerte de Kirk y buscar\u00e1 la pena m\u00e1xima (18:50)\",\"datePublished\":\"2025-09-16T22:51:39+00:00\",\"mainEntityOfPage\":{\"@id\":\"https:\\\/\\\/www.eldiario.net\\\/portal\\\/2025\\\/09\\\/16\\\/fiscalia-acusa-a-tyler-robinson-por-la-muerte-de-kirk-y-buscara-la-pena-maxima-1850\\\/\"},\"wordCount\":140,\"publisher\":{\"@id\":\"https:\\\/\\\/www.eldiario.net\\\/portal\\\/#organization\"},\"image\":{\"@id\":\"https:\\\/\\\/www.eldiario.net\\\/portal\\\/2025\\\/09\\\/16\\\/fiscalia-acusa-a-tyler-robinson-por-la-muerte-de-kirk-y-buscara-la-pena-maxima-1850\\\/#primaryimage\"},\"thumbnailUrl\":\"https:\\\/\\\/www.eldiario.net\\\/portal\\\/wp-content\\\/uploads\\\/2025\\\/09\\\/Tyler-Robinson-e1758063069356.png\",\"articleSection\":[\"\u00daltima Hora\"],\"inLanguage\":\"es\"},{\"@type\":\"WebPage\",\"@id\":\"https:\\\/\\\/www.eldiario.net\\\/portal\\\/2025\\\/09\\\/16\\\/fiscalia-acusa-a-tyler-robinson-por-la-muerte-de-kirk-y-buscara-la-pena-maxima-1850\\\/\",\"url\":\"https:\\\/\\\/www.eldiario.net\\\/portal\\\/2025\\\/09\\\/16\\\/fiscalia-acusa-a-tyler-robinson-por-la-muerte-de-kirk-y-buscara-la-pena-maxima-1850\\\/\",\"name\":\"Fiscal\u00eda acusa a Tyler Robinson por la muerte de Kirk y buscar\u00e1 la pena m\u00e1xima (18:50) - El Diario - Bolivia\",\"isPartOf\":{\"@id\":\"https:\\\/\\\/www.eldiario.net\\\/portal\\\/#website\"},\"primaryImageOfPage\":{\"@id\":\"https:\\\/\\\/www.eldiario.net\\\/portal\\\/2025\\\/09\\\/16\\\/fiscalia-acusa-a-tyler-robinson-por-la-muerte-de-kirk-y-buscara-la-pena-maxima-1850\\\/#primaryimage\"},\"image\":{\"@id\":\"https:\\\/\\\/www.eldiario.net\\\/portal\\\/2025\\\/09\\\/16\\\/fiscalia-acusa-a-tyler-robinson-por-la-muerte-de-kirk-y-buscara-la-pena-maxima-1850\\\/#primaryimage\"},\"thumbnailUrl\":\"https:\\\/\\\/www.eldiario.net\\\/portal\\\/wp-content\\\/uploads\\\/2025\\\/09\\\/Tyler-Robinson-e1758063069356.png\",\"datePublished\":\"2025-09-16T22:51:39+00:00\",\"breadcrumb\":{\"@id\":\"https:\\\/\\\/www.eldiario.net\\\/portal\\\/2025\\\/09\\\/16\\\/fiscalia-acusa-a-tyler-robinson-por-la-muerte-de-kirk-y-buscara-la-pena-maxima-1850\\\/#breadcrumb\"},\"inLanguage\":\"es\",\"potentialAction\":[{\"@type\":\"ReadAction\",\"target\":[\"https:\\\/\\\/www.eldiario.net\\\/portal\\\/2025\\\/09\\\/16\\\/fiscalia-acusa-a-tyler-robinson-por-la-muerte-de-kirk-y-buscara-la-pena-maxima-1850\\\/\"]}]},{\"@type\":\"ImageObject\",\"inLanguage\":\"es\",\"@id\":\"https:\\\/\\\/www.eldiario.net\\\/portal\\\/2025\\\/09\\\/16\\\/fiscalia-acusa-a-tyler-robinson-por-la-muerte-de-kirk-y-buscara-la-pena-maxima-1850\\\/#primaryimage\",\"url\":\"https:\\\/\\\/www.eldiario.net\\\/portal\\\/wp-content\\\/uploads\\\/2025\\\/09\\\/Tyler-Robinson-e1758063069356.png\",\"contentUrl\":\"https:\\\/\\\/www.eldiario.net\\\/portal\\\/wp-content\\\/uploads\\\/2025\\\/09\\\/Tyler-Robinson-e1758063069356.png\",\"width\":350,\"height\":291,\"caption\":\"Foto: RR.SS.\"},{\"@type\":\"BreadcrumbList\",\"@id\":\"https:\\\/\\\/www.eldiario.net\\\/portal\\\/2025\\\/09\\\/16\\\/fiscalia-acusa-a-tyler-robinson-por-la-muerte-de-kirk-y-buscara-la-pena-maxima-1850\\\/#breadcrumb\",\"itemListElement\":[{\"@type\":\"ListItem\",\"position\":1,\"name\":\"Portada\",\"item\":\"https:\\\/\\\/www.eldiario.net\\\/portal\\\/\"},{\"@type\":\"ListItem\",\"position\":2,\"name\":\"Fiscal\u00eda acusa a Tyler Robinson por la muerte de Kirk y buscar\u00e1 la pena m\u00e1xima (18:50)\"}]},{\"@type\":\"WebSite\",\"@id\":\"https:\\\/\\\/www.eldiario.net\\\/portal\\\/#website\",\"url\":\"https:\\\/\\\/www.eldiario.net\\\/portal\\\/\",\"name\":\"El Diario - Decano de la prensa nacional\",\"description\":\"El Diario - Decano de la prensa nacional\",\"publisher\":{\"@id\":\"https:\\\/\\\/www.eldiario.net\\\/portal\\\/#organization\"},\"potentialAction\":[{\"@type\":\"SearchAction\",\"target\":{\"@type\":\"EntryPoint\",\"urlTemplate\":\"https:\\\/\\\/www.eldiario.net\\\/portal\\\/?s={search_term_string}\"},\"query-input\":{\"@type\":\"PropertyValueSpecification\",\"valueRequired\":true,\"valueName\":\"search_term_string\"}}],\"inLanguage\":\"es\"},{\"@type\":\"Organization\",\"@id\":\"https:\\\/\\\/www.eldiario.net\\\/portal\\\/#organization\",\"name\":\"El Diario - Decano de la prensa nacional\",\"url\":\"https:\\\/\\\/www.eldiario.net\\\/portal\\\/\",\"logo\":{\"@type\":\"ImageObject\",\"inLanguage\":\"es\",\"@id\":\"https:\\\/\\\/www.eldiario.net\\\/portal\\\/#\\\/schema\\\/logo\\\/image\\\/\",\"url\":\"https:\\\/\\\/www.eldiario.net\\\/portal\\\/wp-content\\\/uploads\\\/2023\\\/07\\\/logo_ED.jpg\",\"contentUrl\":\"https:\\\/\\\/www.eldiario.net\\\/portal\\\/wp-content\\\/uploads\\\/2023\\\/07\\\/logo_ED.jpg\",\"width\":272,\"height\":52,\"caption\":\"El Diario - Decano de la prensa nacional\"},\"image\":{\"@id\":\"https:\\\/\\\/www.eldiario.net\\\/portal\\\/#\\\/schema\\\/logo\\\/image\\\/\"},\"sameAs\":[\"https:\\\/\\\/www.facebook.com\\\/eldiario.bolivia\\\/\",\"https:\\\/\\\/x.com\\\/eldiario_net\"]},{\"@type\":\"Person\",\"@id\":\"https:\\\/\\\/www.eldiario.net\\\/portal\\\/#\\\/schema\\\/person\\\/32cc89e801dfcbad3a54f91da7f2ea06\",\"name\":\"Viviana Monrroy\",\"image\":{\"@type\":\"ImageObject\",\"inLanguage\":\"es\",\"@id\":\"https:\\\/\\\/secure.gravatar.com\\\/avatar\\\/dfd1611ed5600959a0e5a9754503b6c05d1dcf190010998e0363aee2ad98afca?s=96&d=mm&r=g\",\"url\":\"https:\\\/\\\/secure.gravatar.com\\\/avatar\\\/dfd1611ed5600959a0e5a9754503b6c05d1dcf190010998e0363aee2ad98afca?s=96&d=mm&r=g\",\"contentUrl\":\"https:\\\/\\\/secure.gravatar.com\\\/avatar\\\/dfd1611ed5600959a0e5a9754503b6c05d1dcf190010998e0363aee2ad98afca?s=96&d=mm&r=g\",\"caption\":\"Viviana Monrroy\"},\"sameAs\":[\"http:\\\/\\\/www.eldiario.net\"],\"url\":\"https:\\\/\\\/www.eldiario.net\\\/portal\\\/author\\\/vivianamonrroy\\\/\"}]}<\/script>\n<!-- \/ Yoast SEO plugin. -->","yoast_head_json":{"title":"Fiscal\u00eda acusa a Tyler Robinson por la muerte de Kirk y buscar\u00e1 la pena m\u00e1xima (18:50) - El Diario - Bolivia","robots":{"index":"index","follow":"follow","max-snippet":"max-snippet:-1","max-image-preview":"max-image-preview:large","max-video-preview":"max-video-preview:-1"},"canonical":"https:\/\/www.eldiario.net\/portal\/2025\/09\/16\/fiscalia-acusa-a-tyler-robinson-por-la-muerte-de-kirk-y-buscara-la-pena-maxima-1850\/","og_locale":"es_ES","og_type":"article","og_title":"Fiscal\u00eda acusa a Tyler Robinson por la muerte de Kirk y buscar\u00e1 la pena m\u00e1xima (18:50) - El Diario - Bolivia","og_description":"Tyler Robinson, de 22 a\u00f1os, fue acusado formalmente de homicidio agravado por el asesinato del activista conservador Charlie Kirk durante un evento en Utah. El fiscal del condado, Jeff Gray, anunci\u00f3 que solicitar\u00e1 la pena de muerte y agreg\u00f3 cargos por obstrucci\u00f3n a la justicia, uso de arma de fuego y manipulaci\u00f3n de testigos. Robinson [&hellip;]","og_url":"https:\/\/www.eldiario.net\/portal\/2025\/09\/16\/fiscalia-acusa-a-tyler-robinson-por-la-muerte-de-kirk-y-buscara-la-pena-maxima-1850\/","og_site_name":"El Diario - Bolivia","article_publisher":"https:\/\/www.facebook.com\/eldiario.bolivia\/","article_published_time":"2025-09-16T22:51:39+00:00","og_image":[{"width":350,"height":291,"url":"https:\/\/www.eldiario.net\/portal\/wp-content\/uploads\/2025\/09\/Tyler-Robinson-e1758063069356.png","type":"image\/png"}],"author":"Viviana Monrroy","twitter_card":"summary_large_image","twitter_creator":"@eldiario_net","twitter_site":"@eldiario_net","twitter_misc":{"Escrito por":"Viviana Monrroy","Tiempo de lectura":"1 minuto"},"schema":{"@context":"https:\/\/schema.org","@graph":[{"@type":"Article","@id":"https:\/\/www.eldiario.net\/portal\/2025\/09\/16\/fiscalia-acusa-a-tyler-robinson-por-la-muerte-de-kirk-y-buscara-la-pena-maxima-1850\/#article","isPartOf":{"@id":"https:\/\/www.eldiario.net\/portal\/2025\/09\/16\/fiscalia-acusa-a-tyler-robinson-por-la-muerte-de-kirk-y-buscara-la-pena-maxima-1850\/"},"author":{"name":"Viviana Monrroy","@id":"https:\/\/www.eldiario.net\/portal\/#\/schema\/person\/32cc89e801dfcbad3a54f91da7f2ea06"},"headline":"Fiscal\u00eda acusa a Tyler Robinson por la muerte de Kirk y buscar\u00e1 la pena m\u00e1xima (18:50)","datePublished":"2025-09-16T22:51:39+00:00","mainEntityOfPage":{"@id":"https:\/\/www.eldiario.net\/portal\/2025\/09\/16\/fiscalia-acusa-a-tyler-robinson-por-la-muerte-de-kirk-y-buscara-la-pena-maxima-1850\/"},"wordCount":140,"publisher":{"@id":"https:\/\/www.eldiario.net\/portal\/#organization"},"image":{"@id":"https:\/\/www.eldiario.net\/portal\/2025\/09\/16\/fiscalia-acusa-a-tyler-robinson-por-la-muerte-de-kirk-y-buscara-la-pena-maxima-1850\/#primaryimage"},"thumbnailUrl":"https:\/\/www.eldiario.net\/portal\/wp-content\/uploads\/2025\/09\/Tyler-Robinson-e1758063069356.png","articleSection":["\u00daltima Hora"],"inLanguage":"es"},{"@type":"WebPage","@id":"https:\/\/www.eldiario.net\/portal\/2025\/09\/16\/fiscalia-acusa-a-tyler-robinson-por-la-muerte-de-kirk-y-buscara-la-pena-maxima-1850\/","url":"https:\/\/www.eldiario.net\/portal\/2025\/09\/16\/fiscalia-acusa-a-tyler-robinson-por-la-muerte-de-kirk-y-buscara-la-pena-maxima-1850\/","name":"Fiscal\u00eda acusa a Tyler Robinson por la muerte de Kirk y buscar\u00e1 la pena m\u00e1xima (18:50) - El Diario - Bolivia","isPartOf":{"@id":"https:\/\/www.eldiario.net\/portal\/#website"},"primaryImageOfPage":{"@id":"https:\/\/www.eldiario.net\/portal\/2025\/09\/16\/fiscalia-acusa-a-tyler-robinson-por-la-muerte-de-kirk-y-buscara-la-pena-maxima-1850\/#primaryimage"},"image":{"@id":"https:\/\/www.eldiario.net\/portal\/2025\/09\/16\/fiscalia-acusa-a-tyler-robinson-por-la-muerte-de-kirk-y-buscara-la-pena-maxima-1850\/#primaryimage"},"thumbnailUrl":"https:\/\/www.eldiario.net\/portal\/wp-content\/uploads\/2025\/09\/Tyler-Robinson-e1758063069356.png","datePublished":"2025-09-16T22:51:39+00:00","breadcrumb":{"@id":"https:\/\/www.eldiario.net\/portal\/2025\/09\/16\/fiscalia-acusa-a-tyler-robinson-por-la-muerte-de-kirk-y-buscara-la-pena-maxima-1850\/#breadcrumb"},"inLanguage":"es","potentialAction":[{"@type":"ReadAction","target":["https:\/\/www.eldiario.net\/portal\/2025\/09\/16\/fiscalia-acusa-a-tyler-robinson-por-la-muerte-de-kirk-y-buscara-la-pena-maxima-1850\/"]}]},{"@type":"ImageObject","inLanguage":"es","@id":"https:\/\/www.eldiario.net\/portal\/2025\/09\/16\/fiscalia-acusa-a-tyler-robinson-por-la-muerte-de-kirk-y-buscara-la-pena-maxima-1850\/#primaryimage","url":"https:\/\/www.eldiario.net\/portal\/wp-content\/uploads\/2025\/09\/Tyler-Robinson-e1758063069356.png","contentUrl":"https:\/\/www.eldiario.net\/portal\/wp-content\/uploads\/2025\/09\/Tyler-Robinson-e1758063069356.png","width":350,"height":291,"caption":"Foto: RR.SS."},{"@type":"BreadcrumbList","@id":"https:\/\/www.eldiario.net\/portal\/2025\/09\/16\/fiscalia-acusa-a-tyler-robinson-por-la-muerte-de-kirk-y-buscara-la-pena-maxima-1850\/#breadcrumb","itemListElement":[{"@type":"ListItem","position":1,"name":"Portada","item":"https:\/\/www.eldiario.net\/portal\/"},{"@type":"ListItem","position":2,"name":"Fiscal\u00eda acusa a Tyler Robinson por la muerte de Kirk y buscar\u00e1 la pena m\u00e1xima (18:50)"}]},{"@type":"WebSite","@id":"https:\/\/www.eldiario.net\/portal\/#website","url":"https:\/\/www.eldiario.net\/portal\/","name":"El Diario - Decano de la prensa nacional","description":"El Diario - Decano de la prensa nacional","publisher":{"@id":"https:\/\/www.eldiario.net\/portal\/#organization"},"potentialAction":[{"@type":"SearchAction","target":{"@type":"EntryPoint","urlTemplate":"https:\/\/www.eldiario.net\/portal\/?s={search_term_string}"},"query-input":{"@type":"PropertyValueSpecification","valueRequired":true,"valueName":"search_term_string"}}],"inLanguage":"es"},{"@type":"Organization","@id":"https:\/\/www.eldiario.net\/portal\/#organization","name":"El Diario - Decano de la prensa nacional","url":"https:\/\/www.eldiario.net\/portal\/","logo":{"@type":"ImageObject","inLanguage":"es","@id":"https:\/\/www.eldiario.net\/portal\/#\/schema\/logo\/image\/","url":"https:\/\/www.eldiario.net\/portal\/wp-content\/uploads\/2023\/07\/logo_ED.jpg","contentUrl":"https:\/\/www.eldiario.net\/portal\/wp-content\/uploads\/2023\/07\/logo_ED.jpg","width":272,"height":52,"caption":"El Diario - Decano de la prensa nacional"},"image":{"@id":"https:\/\/www.eldiario.net\/portal\/#\/schema\/logo\/image\/"},"sameAs":["https:\/\/www.facebook.com\/eldiario.bolivia\/","https:\/\/x.com\/eldiario_net"]},{"@type":"Person","@id":"https:\/\/www.eldiario.net\/portal\/#\/schema\/person\/32cc89e801dfcbad3a54f91da7f2ea06","name":"Viviana Monrroy","image":{"@type":"ImageObject","inLanguage":"es","@id":"https:\/\/secure.gravatar.com\/avatar\/dfd1611ed5600959a0e5a9754503b6c05d1dcf190010998e0363aee2ad98afca?s=96&d=mm&r=g","url":"https:\/\/secure.gravatar.com\/avatar\/dfd1611ed5600959a0e5a9754503b6c05d1dcf190010998e0363aee2ad98afca?s=96&d=mm&r=g","contentUrl":"https:\/\/secure.gravatar.com\/avatar\/dfd1611ed5600959a0e5a9754503b6c05d1dcf190010998e0363aee2ad98afca?s=96&d=mm&r=g","caption":"Viviana Monrroy"},"sameAs":["http:\/\/www.eldiario.net"],"url":"https:\/\/www.eldiario.net\/portal\/author\/vivianamonrroy\/"}]}},"_links":{"self":[{"href":"https:\/\/www.eldiario.net\/portal\/wp-json\/wp\/v2\/posts\/331726","targetHints":{"allow":["GET"]}}],"collection":[{"href":"https:\/\/www.eldiario.net\/portal\/wp-json\/wp\/v2\/posts"}],"about":[{"href":"https:\/\/www.eldiario.net\/portal\/wp-json\/wp\/v2\/types\/post"}],"author":[{"embeddable":true,"href":"https:\/\/www.eldiario.net\/portal\/wp-json\/wp\/v2\/users\/7"}],"replies":[{"embeddable":true,"href":"https:\/\/www.eldiario.net\/portal\/wp-json\/wp\/v2\/comments?post=331726"}],"version-history":[{"count":1,"href":"https:\/\/www.eldiario.net\/portal\/wp-json\/wp\/v2\/posts\/331726\/revisions"}],"predecessor-version":[{"id":331728,"href":"https:\/\/www.eldiario.net\/portal\/wp-json\/wp\/v2\/posts\/331726\/revisions\/331728"}],"wp:featuredmedia":[{"embeddable":true,"href":"https:\/\/www.eldiario.net\/portal\/wp-json\/wp\/v2\/media\/331727"}],"wp:attachment":[{"href":"https:\/\/www.eldiario.net\/portal\/wp-json\/wp\/v2\/media?parent=331726"}],"wp:term":[{"taxonomy":"category","embeddable":true,"href":"https:\/\/www.eldiario.net\/portal\/wp-json\/wp\/v2\/categories?post=331726"},{"taxonomy":"post_tag","embeddable":true,"href":"https:\/\/www.eldiario.net\/portal\/wp-json\/wp\/v2\/tags?post=331726"}],"curies":[{"name":"wp","href":"https:\/\/api.w.org\/{rel}","templated":true}]}}