{"id":331306,"date":"2025-09-15T01:10:01","date_gmt":"2025-09-15T05:10:01","guid":{"rendered":"https:\/\/www.eldiario.net\/portal\/?p=331306"},"modified":"2025-09-14T21:10:47","modified_gmt":"2025-09-15T01:10:47","slug":"mondacca-teatro-lleva-a-escena-metamorfosis-b","status":"publish","type":"post","link":"https:\/\/www.eldiario.net\/portal\/2025\/09\/15\/mondacca-teatro-lleva-a-escena-metamorfosis-b\/","title":{"rendered":"Mondacca\/Teatro lleva a  escena Metamorfosis B"},"content":{"rendered":"<p>Mondacca\/Teatro presenta <em>Metamorfosis B<\/em>, unipersonal sobre textos de Kafka, este jueves 18 y viernes 19 de septiembre, a horas 19:30, en el Goethe Institut, ubicado en la avenida Arce, esquina Campos.<\/p>\n<p>La obra ser\u00e1 presentada por el reconocido actor David Mondacca, bajo la direcci\u00f3n y puesta en escena de Claudia Andrade.<\/p>\n<p><em>Metamorfosis B<\/em> es un atajo indiscreto a la obra literaria del gran escritor checo Franz Kafka. El texto toma presencia f\u00edsica en un escenario minimalista, haci\u00e9ndote c\u00f3mplice y testigo del drama de la familia Samsa.<\/p>\n<p>\u201cNuestra premisa, como elenco de teatro, siempre ha sido y es el fomento a la difusi\u00f3n de la literatura. Durante d\u00e9cadas lo hicimos con novelistas y poetas bolivianos y ahora extendemos nuestra mirada a la literatura universal\u201d, comenta el maestro David Mondacca, quien ya lleva m\u00e1s 50 a\u00f1os de reconocida trayectoria actoral.<\/p>\n<p>\u201cEn <em>La Metamorfosis<\/em> de Franz Kafka est\u00e1 presente en nuestra memoria de los a\u00f1os de colegio la idea truculenta de aquel muchacho que se convierte en un insecto. Esto causa revuelo en su hogar, pero no por haberse transformado en un bicho sino por el hecho de que no podr\u00e1 mantener a su familia y deber\u00e1 dejar su trabajo. Luego la soledad, el amparo, lo har\u00e1 presa de la indiferencia y desprecio de su familia que, por considerarlo un estorbo, empieza a distanciarse y aborrecerlo. Consideramos que es un cruel retrato de nuestra sociedad. Tambi\u00e9n pensamos que Gregorios y Gregorias hay muchos\u2026 Mujeres y hombres que viven esta transformaci\u00f3n ante un sistema despiadado e indolente que desecha a aquel que no produce, que no gana dinero, que termina siendo considerado un miembro in\u00fatil. Eso pasa con la familia de Gregorio Samsa. Samsa vive entre nosotros. Bien puede habitar frente a tu casa o en tu propio hogar, o en el piso de arriba o de abajo\u2026 Esa muchacha o esa joven v\u00edctima de la indiferencia de su familia al no llegar a producir lo que la familia espera, se vuelve un insecto. Kafka vive en las familias, por supuesto. La literatura nos hace conscientes de nuestra situaci\u00f3n en el mundo. Nos despierta y eso es lo importante. Tal vez viendo <em>Metamorfosis B<\/em> entendamos que todos necesitamos afecto y que la solidaridad es la \u00fanica salvaci\u00f3n\u201d, menciona Mondacca.<\/p>\n<p><strong>FICHA T\u00c9CNICA<\/strong><\/p>\n<p><em>Metamorfosis B<\/em> tiene las voces en off de Claudia Andrade, Jhazel Vargas y David Mondacca.<\/p>\n<p>La musicalizaci\u00f3n es de Luis Enrique El\u00edas Zamorano.<\/p>\n<p>La escenograf\u00eda y construcci\u00f3n de objetos animados est\u00e1n a cargo de Ramiro Vargas. Y el dise\u00f1o de afiche le corresponde a Jhazelita Vargas.<\/p>\n<p>Informes mediante el n\u00famero de celular: 71515724.<\/p>\n\r\n                <style type=\"text\/css\">\r\n                    \r\n                    #tdi_1  .td-doubleSlider-2 .td-item1 {\r\n                        background: url(https:\/\/www.eldiario.net\/portal\/wp-content\/uploads\/2025\/09\/1-PRINCIPAL-6-80x60.webp) 0 0 no-repeat;\r\n                    }\r\n                    #tdi_1  .td-doubleSlider-2 .td-item2 {\r\n                        background: url(https:\/\/www.eldiario.net\/portal\/wp-content\/uploads\/2025\/09\/3-teatro--80x60.webp) 0 0 no-repeat;\r\n                    }\r\n                    #tdi_1  .td-doubleSlider-2 .td-item3 {\r\n                        background: url(https:\/\/www.eldiario.net\/portal\/wp-content\/uploads\/2025\/09\/2-teatro-pie-de-foto-Claudia-Andrade-y-David-Mondacca-80x60.webp) 0 0 no-repeat;\r\n                    }\r\n                <\/style>\r\n\r\n                <div id=\"tdi_1\" class=\"td-gallery td-slide-on-2-columns\">\r\n                    <div class=\"post_td_gallery\">\r\n                        <div class=\"td-gallery-slide-top\">\r\n                           <div class=\"td-gallery-title\"><\/div>\r\n\r\n                            <div class=\"td-gallery-controls-wrapper\">\r\n                                <div class=\"td-gallery-slide-count\"><span class=\"td-gallery-slide-item-focus\">1<\/span> de 3<\/div>\r\n                                <div class=\"td-gallery-slide-prev-next-but\">\r\n                                    <i class = \"td-icon-left doubleSliderPrevButton\"><\/i>\r\n                                    <i class = \"td-icon-right doubleSliderNextButton\"><\/i>\r\n                                <\/div>\r\n                            <\/div>\r\n                        <\/div>\r\n\r\n                        <div class = \"td-doubleSlider-1 \">\r\n                            <div class = \"td-slider\">\r\n                                \r\n                    <div class = \"td-slide-item td-item1\">\r\n                        <figure class=\"td-slide-galery-figure td-slide-popup-gallery\">\r\n                            <a class=\"slide-gallery-image-link\" href=\"https:\/\/www.eldiario.net\/portal\/wp-content\/uploads\/2025\/09\/1-PRINCIPAL-6.webp\" title=\"1-PRINCIPAL\"  data-caption=\"\"  data-description=\"\">\r\n                                <img decoding=\"async\" src=\"https:\/\/www.eldiario.net\/portal\/wp-content\/uploads\/2025\/09\/1-PRINCIPAL-6-747x420.webp\" srcset=\"https:\/\/www.eldiario.net\/portal\/wp-content\/uploads\/2025\/09\/1-PRINCIPAL-6-747x420.webp 747w, https:\/\/www.eldiario.net\/portal\/wp-content\/uploads\/2025\/09\/1-PRINCIPAL-6-300x169.webp 300w, https:\/\/www.eldiario.net\/portal\/wp-content\/uploads\/2025\/09\/1-PRINCIPAL-6-1024x576.webp 1024w, https:\/\/www.eldiario.net\/portal\/wp-content\/uploads\/2025\/09\/1-PRINCIPAL-6-768x432.webp 768w, https:\/\/www.eldiario.net\/portal\/wp-content\/uploads\/2025\/09\/1-PRINCIPAL-6-150x84.webp 150w, https:\/\/www.eldiario.net\/portal\/wp-content\/uploads\/2025\/09\/1-PRINCIPAL-6-696x392.webp 696w, https:\/\/www.eldiario.net\/portal\/wp-content\/uploads\/2025\/09\/1-PRINCIPAL-6-1068x601.webp 1068w, https:\/\/www.eldiario.net\/portal\/wp-content\/uploads\/2025\/09\/1-PRINCIPAL-6.webp 1200w\" sizes=\"(max-width: 747px) 100vw, 747px\" alt=\"\">\r\n                            <\/a>\r\n                            \r\n                        <\/figure>\r\n                    <\/div>\r\n                    <div class = \"td-slide-item td-item2\">\r\n                        <figure class=\"td-slide-galery-figure td-slide-popup-gallery\">\r\n                            <a class=\"slide-gallery-image-link\" href=\"https:\/\/www.eldiario.net\/portal\/wp-content\/uploads\/2025\/09\/3-teatro-.webp\" title=\"3 teatro-\"  data-caption=\"\"  data-description=\"\">\r\n                                <img decoding=\"async\" src=\"https:\/\/www.eldiario.net\/portal\/wp-content\/uploads\/2025\/09\/3-teatro--293x420.webp\" srcset=\"https:\/\/www.eldiario.net\/portal\/wp-content\/uploads\/2025\/09\/3-teatro--293x420.webp 293w, https:\/\/www.eldiario.net\/portal\/wp-content\/uploads\/2025\/09\/3-teatro--209x300.webp 209w, https:\/\/www.eldiario.net\/portal\/wp-content\/uploads\/2025\/09\/3-teatro--150x215.webp 150w, https:\/\/www.eldiario.net\/portal\/wp-content\/uploads\/2025\/09\/3-teatro--300x431.webp 300w, https:\/\/www.eldiario.net\/portal\/wp-content\/uploads\/2025\/09\/3-teatro-.webp 535w\" sizes=\"(max-width: 293px) 100vw, 293px\" alt=\"\">\r\n                            <\/a>\r\n                            \r\n                        <\/figure>\r\n                    <\/div>\r\n                    <div class = \"td-slide-item td-item3\">\r\n                        <figure class=\"td-slide-galery-figure td-slide-popup-gallery\">\r\n                            <a class=\"slide-gallery-image-link\" href=\"https:\/\/www.eldiario.net\/portal\/wp-content\/uploads\/2025\/09\/2-teatro-pie-de-foto-Claudia-Andrade-y-David-Mondacca.webp\" title=\"2 teatro pie de foto Claudia Andrade y David Mondacca\"  data-caption=\"\"  data-description=\"\">\r\n                                <img decoding=\"async\" src=\"https:\/\/www.eldiario.net\/portal\/wp-content\/uploads\/2025\/09\/2-teatro-pie-de-foto-Claudia-Andrade-y-David-Mondacca-263x420.webp\" srcset=\"https:\/\/www.eldiario.net\/portal\/wp-content\/uploads\/2025\/09\/2-teatro-pie-de-foto-Claudia-Andrade-y-David-Mondacca-263x420.webp 263w, https:\/\/www.eldiario.net\/portal\/wp-content\/uploads\/2025\/09\/2-teatro-pie-de-foto-Claudia-Andrade-y-David-Mondacca-188x300.webp 188w, https:\/\/www.eldiario.net\/portal\/wp-content\/uploads\/2025\/09\/2-teatro-pie-de-foto-Claudia-Andrade-y-David-Mondacca-642x1024.webp 642w, https:\/\/www.eldiario.net\/portal\/wp-content\/uploads\/2025\/09\/2-teatro-pie-de-foto-Claudia-Andrade-y-David-Mondacca-150x239.webp 150w, https:\/\/www.eldiario.net\/portal\/wp-content\/uploads\/2025\/09\/2-teatro-pie-de-foto-Claudia-Andrade-y-David-Mondacca-300x478.webp 300w, https:\/\/www.eldiario.net\/portal\/wp-content\/uploads\/2025\/09\/2-teatro-pie-de-foto-Claudia-Andrade-y-David-Mondacca-696x1110.webp 696w, https:\/\/www.eldiario.net\/portal\/wp-content\/uploads\/2025\/09\/2-teatro-pie-de-foto-Claudia-Andrade-y-David-Mondacca.webp 720w\" sizes=\"(max-width: 263px) 100vw, 263px\" alt=\"\">\r\n                            <\/a>\r\n                            \r\n                        <\/figure>\r\n                    <\/div>\r\n                            <\/div>\r\n                        <\/div>\r\n\r\n                        <div class = \"td-doubleSlider-2\">\r\n                            <div class = \"td-slider\">\r\n                                \r\n                    <div class = \"td-button td-item1\">\r\n                        <div class = \"td-border\"><\/div>\r\n                    <\/div>\r\n                    <div class = \"td-button td-item2\">\r\n                        <div class = \"td-border\"><\/div>\r\n                    <\/div>\r\n                    <div class = \"td-button td-item3\">\r\n                        <div class = \"td-border\"><\/div>\r\n                    <\/div>\r\n                            <\/div>\r\n                        <\/div>\r\n\r\n                    <\/div>\r\n\r\n                <\/div>\r\n                \n","protected":false},"excerpt":{"rendered":"<p>Mondacca\/Teatro presenta Metamorfosis B, unipersonal sobre textos de Kafka, este jueves 18 y viernes 19 de septiembre, a horas 19:30, en el Goethe Institut, ubicado en la avenida Arce, esquina Campos. La obra ser\u00e1 presentada por el reconocido actor David Mondacca, bajo la direcci\u00f3n y puesta en escena de Claudia Andrade. Metamorfosis B es un [&hellip;]<\/p>\n","protected":false},"author":1,"featured_media":331307,"comment_status":"closed","ping_status":"open","sticky":false,"template":"","format":"standard","meta":{"_acf_changed":false,"footnotes":""},"categories":[41],"tags":[],"class_list":["post-331306","post","type-post","status-publish","format-standard","has-post-thumbnail","category-la-guia"],"acf":{"antetitulo":""},"yoast_head":"<!-- This site is optimized with the Yoast SEO plugin v28.4 - https:\/\/yoast.com\/product\/yoast-seo-wordpress\/ -->\n<title>Mondacca\/Teatro lleva a escena Metamorfosis B - El Diario - Bolivia<\/title>\n<meta name=\"robots\" content=\"index, follow, max-snippet:-1, max-image-preview:large, max-video-preview:-1\" \/>\n<link rel=\"canonical\" href=\"https:\/\/www.eldiario.net\/portal\/2025\/09\/15\/mondacca-teatro-lleva-a-escena-metamorfosis-b\/\" \/>\n<meta property=\"og:locale\" content=\"es_ES\" \/>\n<meta property=\"og:type\" content=\"article\" \/>\n<meta property=\"og:title\" content=\"Mondacca\/Teatro lleva a escena Metamorfosis B - El Diario - Bolivia\" \/>\n<meta property=\"og:description\" content=\"Mondacca\/Teatro presenta Metamorfosis B, unipersonal sobre textos de Kafka, este jueves 18 y viernes 19 de septiembre, a horas 19:30, en el Goethe Institut, ubicado en la avenida Arce, esquina Campos. La obra ser\u00e1 presentada por el reconocido actor David Mondacca, bajo la direcci\u00f3n y puesta en escena de Claudia Andrade. Metamorfosis B es un [&hellip;]\" \/>\n<meta property=\"og:url\" content=\"https:\/\/www.eldiario.net\/portal\/2025\/09\/15\/mondacca-teatro-lleva-a-escena-metamorfosis-b\/\" \/>\n<meta property=\"og:site_name\" content=\"El Diario - Bolivia\" \/>\n<meta property=\"article:publisher\" content=\"https:\/\/www.facebook.com\/eldiario.bolivia\/\" \/>\n<meta property=\"article:published_time\" content=\"2025-09-15T05:10:01+00:00\" \/>\n<meta property=\"og:image\" content=\"https:\/\/www.eldiario.net\/portal\/wp-content\/uploads\/2025\/09\/1-PRINCIPAL-6.webp\" \/>\n\t<meta property=\"og:image:width\" content=\"1200\" \/>\n\t<meta property=\"og:image:height\" content=\"675\" \/>\n\t<meta property=\"og:image:type\" content=\"image\/webp\" \/>\n<meta name=\"author\" content=\"Jeanette\" \/>\n<meta name=\"twitter:card\" content=\"summary_large_image\" \/>\n<meta name=\"twitter:creator\" content=\"@eldiario_net\" \/>\n<meta name=\"twitter:site\" content=\"@eldiario_net\" \/>\n<meta name=\"twitter:label1\" content=\"Escrito por\" \/>\n\t<meta name=\"twitter:data1\" content=\"Jeanette\" \/>\n\t<meta name=\"twitter:label2\" content=\"Tiempo de lectura\" \/>\n\t<meta name=\"twitter:data2\" content=\"3 minutos\" \/>\n<script type=\"application\/ld+json\" class=\"yoast-schema-graph\">{\"@context\":\"https:\\\/\\\/schema.org\",\"@graph\":[{\"@type\":\"Article\",\"@id\":\"https:\\\/\\\/www.eldiario.net\\\/portal\\\/2025\\\/09\\\/15\\\/mondacca-teatro-lleva-a-escena-metamorfosis-b\\\/#article\",\"isPartOf\":{\"@id\":\"https:\\\/\\\/www.eldiario.net\\\/portal\\\/2025\\\/09\\\/15\\\/mondacca-teatro-lleva-a-escena-metamorfosis-b\\\/\"},\"author\":{\"name\":\"Jeanette\",\"@id\":\"https:\\\/\\\/www.eldiario.net\\\/portal\\\/#\\\/schema\\\/person\\\/2c57cf2b7a7ae032e449e4c9b1019eac\"},\"headline\":\"Mondacca\\\/Teatro lleva a escena Metamorfosis B\",\"datePublished\":\"2025-09-15T05:10:01+00:00\",\"mainEntityOfPage\":{\"@id\":\"https:\\\/\\\/www.eldiario.net\\\/portal\\\/2025\\\/09\\\/15\\\/mondacca-teatro-lleva-a-escena-metamorfosis-b\\\/\"},\"wordCount\":465,\"publisher\":{\"@id\":\"https:\\\/\\\/www.eldiario.net\\\/portal\\\/#organization\"},\"image\":{\"@id\":\"https:\\\/\\\/www.eldiario.net\\\/portal\\\/2025\\\/09\\\/15\\\/mondacca-teatro-lleva-a-escena-metamorfosis-b\\\/#primaryimage\"},\"thumbnailUrl\":\"https:\\\/\\\/www.eldiario.net\\\/portal\\\/wp-content\\\/uploads\\\/2025\\\/09\\\/1-PRINCIPAL-6.webp\",\"articleSection\":[\"La Gu\u00eda\"],\"inLanguage\":\"es\"},{\"@type\":\"WebPage\",\"@id\":\"https:\\\/\\\/www.eldiario.net\\\/portal\\\/2025\\\/09\\\/15\\\/mondacca-teatro-lleva-a-escena-metamorfosis-b\\\/\",\"url\":\"https:\\\/\\\/www.eldiario.net\\\/portal\\\/2025\\\/09\\\/15\\\/mondacca-teatro-lleva-a-escena-metamorfosis-b\\\/\",\"name\":\"Mondacca\\\/Teatro lleva a escena Metamorfosis B - El Diario - Bolivia\",\"isPartOf\":{\"@id\":\"https:\\\/\\\/www.eldiario.net\\\/portal\\\/#website\"},\"primaryImageOfPage\":{\"@id\":\"https:\\\/\\\/www.eldiario.net\\\/portal\\\/2025\\\/09\\\/15\\\/mondacca-teatro-lleva-a-escena-metamorfosis-b\\\/#primaryimage\"},\"image\":{\"@id\":\"https:\\\/\\\/www.eldiario.net\\\/portal\\\/2025\\\/09\\\/15\\\/mondacca-teatro-lleva-a-escena-metamorfosis-b\\\/#primaryimage\"},\"thumbnailUrl\":\"https:\\\/\\\/www.eldiario.net\\\/portal\\\/wp-content\\\/uploads\\\/2025\\\/09\\\/1-PRINCIPAL-6.webp\",\"datePublished\":\"2025-09-15T05:10:01+00:00\",\"breadcrumb\":{\"@id\":\"https:\\\/\\\/www.eldiario.net\\\/portal\\\/2025\\\/09\\\/15\\\/mondacca-teatro-lleva-a-escena-metamorfosis-b\\\/#breadcrumb\"},\"inLanguage\":\"es\",\"potentialAction\":[{\"@type\":\"ReadAction\",\"target\":[\"https:\\\/\\\/www.eldiario.net\\\/portal\\\/2025\\\/09\\\/15\\\/mondacca-teatro-lleva-a-escena-metamorfosis-b\\\/\"]}]},{\"@type\":\"ImageObject\",\"inLanguage\":\"es\",\"@id\":\"https:\\\/\\\/www.eldiario.net\\\/portal\\\/2025\\\/09\\\/15\\\/mondacca-teatro-lleva-a-escena-metamorfosis-b\\\/#primaryimage\",\"url\":\"https:\\\/\\\/www.eldiario.net\\\/portal\\\/wp-content\\\/uploads\\\/2025\\\/09\\\/1-PRINCIPAL-6.webp\",\"contentUrl\":\"https:\\\/\\\/www.eldiario.net\\\/portal\\\/wp-content\\\/uploads\\\/2025\\\/09\\\/1-PRINCIPAL-6.webp\",\"width\":1200,\"height\":675},{\"@type\":\"BreadcrumbList\",\"@id\":\"https:\\\/\\\/www.eldiario.net\\\/portal\\\/2025\\\/09\\\/15\\\/mondacca-teatro-lleva-a-escena-metamorfosis-b\\\/#breadcrumb\",\"itemListElement\":[{\"@type\":\"ListItem\",\"position\":1,\"name\":\"Portada\",\"item\":\"https:\\\/\\\/www.eldiario.net\\\/portal\\\/\"},{\"@type\":\"ListItem\",\"position\":2,\"name\":\"Mondacca\\\/Teatro lleva a escena Metamorfosis B\"}]},{\"@type\":\"WebSite\",\"@id\":\"https:\\\/\\\/www.eldiario.net\\\/portal\\\/#website\",\"url\":\"https:\\\/\\\/www.eldiario.net\\\/portal\\\/\",\"name\":\"El Diario - Decano de la prensa nacional\",\"description\":\"El Diario - Decano de la prensa nacional\",\"publisher\":{\"@id\":\"https:\\\/\\\/www.eldiario.net\\\/portal\\\/#organization\"},\"potentialAction\":[{\"@type\":\"SearchAction\",\"target\":{\"@type\":\"EntryPoint\",\"urlTemplate\":\"https:\\\/\\\/www.eldiario.net\\\/portal\\\/?s={search_term_string}\"},\"query-input\":{\"@type\":\"PropertyValueSpecification\",\"valueRequired\":true,\"valueName\":\"search_term_string\"}}],\"inLanguage\":\"es\"},{\"@type\":\"Organization\",\"@id\":\"https:\\\/\\\/www.eldiario.net\\\/portal\\\/#organization\",\"name\":\"El Diario - Decano de la prensa nacional\",\"url\":\"https:\\\/\\\/www.eldiario.net\\\/portal\\\/\",\"logo\":{\"@type\":\"ImageObject\",\"inLanguage\":\"es\",\"@id\":\"https:\\\/\\\/www.eldiario.net\\\/portal\\\/#\\\/schema\\\/logo\\\/image\\\/\",\"url\":\"https:\\\/\\\/www.eldiario.net\\\/portal\\\/wp-content\\\/uploads\\\/2023\\\/07\\\/logo_ED.jpg\",\"contentUrl\":\"https:\\\/\\\/www.eldiario.net\\\/portal\\\/wp-content\\\/uploads\\\/2023\\\/07\\\/logo_ED.jpg\",\"width\":272,\"height\":52,\"caption\":\"El Diario - Decano de la prensa nacional\"},\"image\":{\"@id\":\"https:\\\/\\\/www.eldiario.net\\\/portal\\\/#\\\/schema\\\/logo\\\/image\\\/\"},\"sameAs\":[\"https:\\\/\\\/www.facebook.com\\\/eldiario.bolivia\\\/\",\"https:\\\/\\\/x.com\\\/eldiario_net\"]},{\"@type\":\"Person\",\"@id\":\"https:\\\/\\\/www.eldiario.net\\\/portal\\\/#\\\/schema\\\/person\\\/2c57cf2b7a7ae032e449e4c9b1019eac\",\"name\":\"Jeanette\",\"image\":{\"@type\":\"ImageObject\",\"inLanguage\":\"es\",\"@id\":\"https:\\\/\\\/secure.gravatar.com\\\/avatar\\\/3ea2118a5f7dad2b7138b1187a6b7ee55f160b9968b66013c3a3ef39dd7e5798?s=96&d=mm&r=g\",\"url\":\"https:\\\/\\\/secure.gravatar.com\\\/avatar\\\/3ea2118a5f7dad2b7138b1187a6b7ee55f160b9968b66013c3a3ef39dd7e5798?s=96&d=mm&r=g\",\"contentUrl\":\"https:\\\/\\\/secure.gravatar.com\\\/avatar\\\/3ea2118a5f7dad2b7138b1187a6b7ee55f160b9968b66013c3a3ef39dd7e5798?s=96&d=mm&r=g\",\"caption\":\"Jeanette\"},\"sameAs\":[\"https:\\\/\\\/www.eldiario.net\\\/portal\"],\"url\":\"https:\\\/\\\/www.eldiario.net\\\/portal\\\/author\\\/jeanette\\\/\"}]}<\/script>\n<!-- \/ Yoast SEO plugin. -->","yoast_head_json":{"title":"Mondacca\/Teatro lleva a escena Metamorfosis B - El Diario - Bolivia","robots":{"index":"index","follow":"follow","max-snippet":"max-snippet:-1","max-image-preview":"max-image-preview:large","max-video-preview":"max-video-preview:-1"},"canonical":"https:\/\/www.eldiario.net\/portal\/2025\/09\/15\/mondacca-teatro-lleva-a-escena-metamorfosis-b\/","og_locale":"es_ES","og_type":"article","og_title":"Mondacca\/Teatro lleva a escena Metamorfosis B - El Diario - Bolivia","og_description":"Mondacca\/Teatro presenta Metamorfosis B, unipersonal sobre textos de Kafka, este jueves 18 y viernes 19 de septiembre, a horas 19:30, en el Goethe Institut, ubicado en la avenida Arce, esquina Campos. La obra ser\u00e1 presentada por el reconocido actor David Mondacca, bajo la direcci\u00f3n y puesta en escena de Claudia Andrade. Metamorfosis B es un [&hellip;]","og_url":"https:\/\/www.eldiario.net\/portal\/2025\/09\/15\/mondacca-teatro-lleva-a-escena-metamorfosis-b\/","og_site_name":"El Diario - Bolivia","article_publisher":"https:\/\/www.facebook.com\/eldiario.bolivia\/","article_published_time":"2025-09-15T05:10:01+00:00","og_image":[{"width":1200,"height":675,"url":"https:\/\/www.eldiario.net\/portal\/wp-content\/uploads\/2025\/09\/1-PRINCIPAL-6.webp","type":"image\/webp"}],"author":"Jeanette","twitter_card":"summary_large_image","twitter_creator":"@eldiario_net","twitter_site":"@eldiario_net","twitter_misc":{"Escrito por":"Jeanette","Tiempo de lectura":"3 minutos"},"schema":{"@context":"https:\/\/schema.org","@graph":[{"@type":"Article","@id":"https:\/\/www.eldiario.net\/portal\/2025\/09\/15\/mondacca-teatro-lleva-a-escena-metamorfosis-b\/#article","isPartOf":{"@id":"https:\/\/www.eldiario.net\/portal\/2025\/09\/15\/mondacca-teatro-lleva-a-escena-metamorfosis-b\/"},"author":{"name":"Jeanette","@id":"https:\/\/www.eldiario.net\/portal\/#\/schema\/person\/2c57cf2b7a7ae032e449e4c9b1019eac"},"headline":"Mondacca\/Teatro lleva a escena Metamorfosis B","datePublished":"2025-09-15T05:10:01+00:00","mainEntityOfPage":{"@id":"https:\/\/www.eldiario.net\/portal\/2025\/09\/15\/mondacca-teatro-lleva-a-escena-metamorfosis-b\/"},"wordCount":465,"publisher":{"@id":"https:\/\/www.eldiario.net\/portal\/#organization"},"image":{"@id":"https:\/\/www.eldiario.net\/portal\/2025\/09\/15\/mondacca-teatro-lleva-a-escena-metamorfosis-b\/#primaryimage"},"thumbnailUrl":"https:\/\/www.eldiario.net\/portal\/wp-content\/uploads\/2025\/09\/1-PRINCIPAL-6.webp","articleSection":["La Gu\u00eda"],"inLanguage":"es"},{"@type":"WebPage","@id":"https:\/\/www.eldiario.net\/portal\/2025\/09\/15\/mondacca-teatro-lleva-a-escena-metamorfosis-b\/","url":"https:\/\/www.eldiario.net\/portal\/2025\/09\/15\/mondacca-teatro-lleva-a-escena-metamorfosis-b\/","name":"Mondacca\/Teatro lleva a escena Metamorfosis B - El Diario - Bolivia","isPartOf":{"@id":"https:\/\/www.eldiario.net\/portal\/#website"},"primaryImageOfPage":{"@id":"https:\/\/www.eldiario.net\/portal\/2025\/09\/15\/mondacca-teatro-lleva-a-escena-metamorfosis-b\/#primaryimage"},"image":{"@id":"https:\/\/www.eldiario.net\/portal\/2025\/09\/15\/mondacca-teatro-lleva-a-escena-metamorfosis-b\/#primaryimage"},"thumbnailUrl":"https:\/\/www.eldiario.net\/portal\/wp-content\/uploads\/2025\/09\/1-PRINCIPAL-6.webp","datePublished":"2025-09-15T05:10:01+00:00","breadcrumb":{"@id":"https:\/\/www.eldiario.net\/portal\/2025\/09\/15\/mondacca-teatro-lleva-a-escena-metamorfosis-b\/#breadcrumb"},"inLanguage":"es","potentialAction":[{"@type":"ReadAction","target":["https:\/\/www.eldiario.net\/portal\/2025\/09\/15\/mondacca-teatro-lleva-a-escena-metamorfosis-b\/"]}]},{"@type":"ImageObject","inLanguage":"es","@id":"https:\/\/www.eldiario.net\/portal\/2025\/09\/15\/mondacca-teatro-lleva-a-escena-metamorfosis-b\/#primaryimage","url":"https:\/\/www.eldiario.net\/portal\/wp-content\/uploads\/2025\/09\/1-PRINCIPAL-6.webp","contentUrl":"https:\/\/www.eldiario.net\/portal\/wp-content\/uploads\/2025\/09\/1-PRINCIPAL-6.webp","width":1200,"height":675},{"@type":"BreadcrumbList","@id":"https:\/\/www.eldiario.net\/portal\/2025\/09\/15\/mondacca-teatro-lleva-a-escena-metamorfosis-b\/#breadcrumb","itemListElement":[{"@type":"ListItem","position":1,"name":"Portada","item":"https:\/\/www.eldiario.net\/portal\/"},{"@type":"ListItem","position":2,"name":"Mondacca\/Teatro lleva a escena Metamorfosis B"}]},{"@type":"WebSite","@id":"https:\/\/www.eldiario.net\/portal\/#website","url":"https:\/\/www.eldiario.net\/portal\/","name":"El Diario - Decano de la prensa nacional","description":"El Diario - Decano de la prensa nacional","publisher":{"@id":"https:\/\/www.eldiario.net\/portal\/#organization"},"potentialAction":[{"@type":"SearchAction","target":{"@type":"EntryPoint","urlTemplate":"https:\/\/www.eldiario.net\/portal\/?s={search_term_string}"},"query-input":{"@type":"PropertyValueSpecification","valueRequired":true,"valueName":"search_term_string"}}],"inLanguage":"es"},{"@type":"Organization","@id":"https:\/\/www.eldiario.net\/portal\/#organization","name":"El Diario - Decano de la prensa nacional","url":"https:\/\/www.eldiario.net\/portal\/","logo":{"@type":"ImageObject","inLanguage":"es","@id":"https:\/\/www.eldiario.net\/portal\/#\/schema\/logo\/image\/","url":"https:\/\/www.eldiario.net\/portal\/wp-content\/uploads\/2023\/07\/logo_ED.jpg","contentUrl":"https:\/\/www.eldiario.net\/portal\/wp-content\/uploads\/2023\/07\/logo_ED.jpg","width":272,"height":52,"caption":"El Diario - Decano de la prensa nacional"},"image":{"@id":"https:\/\/www.eldiario.net\/portal\/#\/schema\/logo\/image\/"},"sameAs":["https:\/\/www.facebook.com\/eldiario.bolivia\/","https:\/\/x.com\/eldiario_net"]},{"@type":"Person","@id":"https:\/\/www.eldiario.net\/portal\/#\/schema\/person\/2c57cf2b7a7ae032e449e4c9b1019eac","name":"Jeanette","image":{"@type":"ImageObject","inLanguage":"es","@id":"https:\/\/secure.gravatar.com\/avatar\/3ea2118a5f7dad2b7138b1187a6b7ee55f160b9968b66013c3a3ef39dd7e5798?s=96&d=mm&r=g","url":"https:\/\/secure.gravatar.com\/avatar\/3ea2118a5f7dad2b7138b1187a6b7ee55f160b9968b66013c3a3ef39dd7e5798?s=96&d=mm&r=g","contentUrl":"https:\/\/secure.gravatar.com\/avatar\/3ea2118a5f7dad2b7138b1187a6b7ee55f160b9968b66013c3a3ef39dd7e5798?s=96&d=mm&r=g","caption":"Jeanette"},"sameAs":["https:\/\/www.eldiario.net\/portal"],"url":"https:\/\/www.eldiario.net\/portal\/author\/jeanette\/"}]}},"_links":{"self":[{"href":"https:\/\/www.eldiario.net\/portal\/wp-json\/wp\/v2\/posts\/331306","targetHints":{"allow":["GET"]}}],"collection":[{"href":"https:\/\/www.eldiario.net\/portal\/wp-json\/wp\/v2\/posts"}],"about":[{"href":"https:\/\/www.eldiario.net\/portal\/wp-json\/wp\/v2\/types\/post"}],"author":[{"embeddable":true,"href":"https:\/\/www.eldiario.net\/portal\/wp-json\/wp\/v2\/users\/1"}],"replies":[{"embeddable":true,"href":"https:\/\/www.eldiario.net\/portal\/wp-json\/wp\/v2\/comments?post=331306"}],"version-history":[{"count":1,"href":"https:\/\/www.eldiario.net\/portal\/wp-json\/wp\/v2\/posts\/331306\/revisions"}],"predecessor-version":[{"id":331310,"href":"https:\/\/www.eldiario.net\/portal\/wp-json\/wp\/v2\/posts\/331306\/revisions\/331310"}],"wp:featuredmedia":[{"embeddable":true,"href":"https:\/\/www.eldiario.net\/portal\/wp-json\/wp\/v2\/media\/331307"}],"wp:attachment":[{"href":"https:\/\/www.eldiario.net\/portal\/wp-json\/wp\/v2\/media?parent=331306"}],"wp:term":[{"taxonomy":"category","embeddable":true,"href":"https:\/\/www.eldiario.net\/portal\/wp-json\/wp\/v2\/categories?post=331306"},{"taxonomy":"post_tag","embeddable":true,"href":"https:\/\/www.eldiario.net\/portal\/wp-json\/wp\/v2\/tags?post=331306"}],"curies":[{"name":"wp","href":"https:\/\/api.w.org\/{rel}","templated":true}]}}