{"id":331296,"date":"2025-09-15T01:02:49","date_gmt":"2025-09-15T05:02:49","guid":{"rendered":"https:\/\/www.eldiario.net\/portal\/?p=331296"},"modified":"2025-09-14T21:03:28","modified_gmt":"2025-09-15T01:03:28","slug":"apple-redisena-su-ecosistema-llega-el-iphone-air-ultradelgado","status":"publish","type":"post","link":"https:\/\/www.eldiario.net\/portal\/2025\/09\/15\/apple-redisena-su-ecosistema-llega-el-iphone-air-ultradelgado\/","title":{"rendered":"Apple redise\u00f1a su ecosistema: llega el iPhone Air ultradelgado"},"content":{"rendered":"<p>Apple ha presentado una de sus actualizaciones m\u00e1s ambiciosas en a\u00f1os. El protagonista principal es el nuevo iPhone Air, el modelo m\u00e1s fino que la compa\u00f1\u00eda ha fabricado hasta ahora, con apenas 5,5 mil\u00edmetros de grosor y compatibilidad exclusiva con eSIM. A pesar de las presiones comerciales y los aranceles, Apple ha decidido mantener los precios de sus dispositivos.<\/p>\n<p>Cada septiembre, la empresa lanza nuevos modelos de iPhone, aunque desde el iPhone X en 2017, los cambios en dise\u00f1o han sido m\u00ednimos. Esta vez, sin embargo, Apple ha dado un giro significativo con un dispositivo que redefine la est\u00e9tica y la funcionalidad: el iPhone Air, tan delgado que apenas tiene espacio para el puerto USB-C.<\/p>\n<p>El evento de presentaci\u00f3n, celebrado en el Steve Jobs Theater en Cupertino, ha sido uno de los m\u00e1s cargados de novedades en la \u00faltima d\u00e9cada. Bajo el lema \u00abAwe Dropping\u00bb, Apple no solo revel\u00f3 la nueva familia del iPhone 17, con el Air como estrella principal, sino tambi\u00e9n una renovaci\u00f3n completa de sus relojes inteligentes y auriculares. El Apple Watch Ultra ahora puede conectarse a sat\u00e9lites para enviar mensajes de emergencia, y los AirPods Pro 3 incorporan inteligencia artificial y sensores capaces de monitorear el ritmo card\u00edaco y traducir conversaciones en tiempo real.<\/p>\n<p><strong>iPhone 17: redise\u00f1o y potencia<\/strong><\/p>\n<p>La gran novedad del d\u00eda fue la reestructuraci\u00f3n de la l\u00ednea de iPhones. Apple elimin\u00f3 el modelo \u00abPlus\u00bb y present\u00f3 el iPhone Air, un dispositivo que combina una pantalla de 6,5 pulgadas con un cuerpo ultraligero. Para lograr esta delgadez, se ha incorporado una \u00fanica c\u00e1mara trasera de 48 megap\u00edxeles y el nuevo chip A19 Pro, dise\u00f1ado para ofrecer eficiencia energ\u00e9tica y autonom\u00eda durante toda la jornada.<\/p>\n<p>Los modelos m\u00e1s avanzados, el iPhone 17 Pro y el iPhone 17 Pro Max, tambi\u00e9n han recibido importantes mejoras. Apple ha dejado atr\u00e1s el titanio y ha vuelto al aluminio, buscando reducir el peso y mejorar la disipaci\u00f3n t\u00e9rmica. El cambio m\u00e1s notable est\u00e1 en la parte trasera: el tradicional m\u00f3dulo cuadrado de c\u00e1maras ha sido reemplazado por una barra horizontal que recorre la parte superior del dispositivo, optimizando el espacio y unificando el dise\u00f1o.<\/p>\n<p>En cuanto a capacidades fotogr\u00e1ficas, el iPhone 17 Pro Max incorpora por primera vez tres sensores de 48 megap\u00edxeles: principal, ultra gran angular y teleobjetivo. Este \u00faltimo incluye una lente tetraprisma mejorada que permite un zoom \u00f3ptico de 4X, ampliable hasta 8X con recorte a 12 megap\u00edxeles, y hasta 40X en modo digital.<\/p>\n<p>La c\u00e1mara frontal tambi\u00e9n ha sido renovada en toda la gama, con un sensor de 18 megap\u00edxeles que mejora la calidad de selfies y videollamadas, gracias a su nuevo formato cuadrado y mayor sensibilidad a la luz. Adem\u00e1s, Apple ha integrado la grabaci\u00f3n simult\u00e1nea con las c\u00e1maras delantera y trasera directamente en la app de c\u00e1mara, una funci\u00f3n muy esperada por los creadores de contenido.<\/p>\n<p>Bajo el cap\u00f3, los modelos Pro estrenan el chip\u00a0A19 Pro, fabricado en un proceso de 3 nan\u00f3metros como el A18 Pro, pero con un redise\u00f1o interno de los diferentes componentes que lo hacen m\u00e1s eficiente y potente. Un sistema de refrigeraci\u00f3n m\u00e1s avanzado, construido sobre una c\u00e1mara de vapor, har\u00e1 que tambi\u00e9n pueda funcionar a pleno rendimiento m\u00e1s tiempo que en los modelos pasados.<\/p>\n<p>El iPhone 17,ahora s\u00f3lo disponible en un tama\u00f1o, tiene tambi\u00e9n importantes novedades, como el chip A19 y, por fin con pantallas\u00a0ProMotion\u00a0de hasta 120Hz, lo que proporciona una fluidez excepcional en todas las interacciones y mejor bater\u00eda. Todos los iPhoned este a\u00f1o, de hecho, han ganado en autonom\u00eda y velocidad de carga.<\/p>\n","protected":false},"excerpt":{"rendered":"<p>Apple ha presentado una de sus actualizaciones m\u00e1s ambiciosas en a\u00f1os. El protagonista principal es el nuevo iPhone Air, el modelo m\u00e1s fino que la compa\u00f1\u00eda ha fabricado hasta ahora, con apenas 5,5 mil\u00edmetros de grosor y compatibilidad exclusiva con eSIM. A pesar de las presiones comerciales y los aranceles, Apple ha decidido mantener los [&hellip;]<\/p>\n","protected":false},"author":1,"featured_media":331297,"comment_status":"closed","ping_status":"open","sticky":false,"template":"","format":"standard","meta":{"_acf_changed":false,"footnotes":""},"categories":[46],"tags":[],"class_list":["post-331296","post","type-post","status-publish","format-standard","has-post-thumbnail","category-ciencia-computacion"],"acf":{"antetitulo":""},"yoast_head":"<!-- This site is optimized with the Yoast SEO plugin v28.4 - https:\/\/yoast.com\/product\/yoast-seo-wordpress\/ -->\n<title>Apple redise\u00f1a su ecosistema: llega el iPhone Air ultradelgado - El Diario - Bolivia<\/title>\n<meta name=\"robots\" content=\"index, follow, max-snippet:-1, max-image-preview:large, max-video-preview:-1\" \/>\n<link rel=\"canonical\" href=\"https:\/\/www.eldiario.net\/portal\/2025\/09\/15\/apple-redisena-su-ecosistema-llega-el-iphone-air-ultradelgado\/\" \/>\n<meta property=\"og:locale\" content=\"es_ES\" \/>\n<meta property=\"og:type\" content=\"article\" \/>\n<meta property=\"og:title\" content=\"Apple redise\u00f1a su ecosistema: llega el iPhone Air ultradelgado - El Diario - Bolivia\" \/>\n<meta property=\"og:description\" content=\"Apple ha presentado una de sus actualizaciones m\u00e1s ambiciosas en a\u00f1os. El protagonista principal es el nuevo iPhone Air, el modelo m\u00e1s fino que la compa\u00f1\u00eda ha fabricado hasta ahora, con apenas 5,5 mil\u00edmetros de grosor y compatibilidad exclusiva con eSIM. A pesar de las presiones comerciales y los aranceles, Apple ha decidido mantener los [&hellip;]\" \/>\n<meta property=\"og:url\" content=\"https:\/\/www.eldiario.net\/portal\/2025\/09\/15\/apple-redisena-su-ecosistema-llega-el-iphone-air-ultradelgado\/\" \/>\n<meta property=\"og:site_name\" content=\"El Diario - Bolivia\" \/>\n<meta property=\"article:publisher\" content=\"https:\/\/www.facebook.com\/eldiario.bolivia\/\" \/>\n<meta property=\"article:published_time\" content=\"2025-09-15T05:02:49+00:00\" \/>\n<meta property=\"og:image\" content=\"https:\/\/www.eldiario.net\/portal\/wp-content\/uploads\/2025\/09\/5-A.webp\" \/>\n\t<meta property=\"og:image:width\" content=\"877\" \/>\n\t<meta property=\"og:image:height\" content=\"494\" \/>\n\t<meta property=\"og:image:type\" content=\"image\/webp\" \/>\n<meta name=\"author\" content=\"Jeanette\" \/>\n<meta name=\"twitter:card\" content=\"summary_large_image\" \/>\n<meta name=\"twitter:creator\" content=\"@eldiario_net\" \/>\n<meta name=\"twitter:site\" content=\"@eldiario_net\" \/>\n<meta name=\"twitter:label1\" content=\"Escrito por\" \/>\n\t<meta name=\"twitter:data1\" content=\"Jeanette\" \/>\n\t<meta name=\"twitter:label2\" content=\"Tiempo de lectura\" \/>\n\t<meta name=\"twitter:data2\" content=\"3 minutos\" \/>\n<script type=\"application\/ld+json\" class=\"yoast-schema-graph\">{\"@context\":\"https:\\\/\\\/schema.org\",\"@graph\":[{\"@type\":\"Article\",\"@id\":\"https:\\\/\\\/www.eldiario.net\\\/portal\\\/2025\\\/09\\\/15\\\/apple-redisena-su-ecosistema-llega-el-iphone-air-ultradelgado\\\/#article\",\"isPartOf\":{\"@id\":\"https:\\\/\\\/www.eldiario.net\\\/portal\\\/2025\\\/09\\\/15\\\/apple-redisena-su-ecosistema-llega-el-iphone-air-ultradelgado\\\/\"},\"author\":{\"name\":\"Jeanette\",\"@id\":\"https:\\\/\\\/www.eldiario.net\\\/portal\\\/#\\\/schema\\\/person\\\/2c57cf2b7a7ae032e449e4c9b1019eac\"},\"headline\":\"Apple redise\u00f1a su ecosistema: llega el iPhone Air ultradelgado\",\"datePublished\":\"2025-09-15T05:02:49+00:00\",\"mainEntityOfPage\":{\"@id\":\"https:\\\/\\\/www.eldiario.net\\\/portal\\\/2025\\\/09\\\/15\\\/apple-redisena-su-ecosistema-llega-el-iphone-air-ultradelgado\\\/\"},\"wordCount\":646,\"publisher\":{\"@id\":\"https:\\\/\\\/www.eldiario.net\\\/portal\\\/#organization\"},\"image\":{\"@id\":\"https:\\\/\\\/www.eldiario.net\\\/portal\\\/2025\\\/09\\\/15\\\/apple-redisena-su-ecosistema-llega-el-iphone-air-ultradelgado\\\/#primaryimage\"},\"thumbnailUrl\":\"https:\\\/\\\/www.eldiario.net\\\/portal\\\/wp-content\\\/uploads\\\/2025\\\/09\\\/5-A.webp\",\"articleSection\":[\"Ciencia y Computaci\u00f3n\"],\"inLanguage\":\"es\"},{\"@type\":\"WebPage\",\"@id\":\"https:\\\/\\\/www.eldiario.net\\\/portal\\\/2025\\\/09\\\/15\\\/apple-redisena-su-ecosistema-llega-el-iphone-air-ultradelgado\\\/\",\"url\":\"https:\\\/\\\/www.eldiario.net\\\/portal\\\/2025\\\/09\\\/15\\\/apple-redisena-su-ecosistema-llega-el-iphone-air-ultradelgado\\\/\",\"name\":\"Apple redise\u00f1a su ecosistema: llega el iPhone Air ultradelgado - El Diario - Bolivia\",\"isPartOf\":{\"@id\":\"https:\\\/\\\/www.eldiario.net\\\/portal\\\/#website\"},\"primaryImageOfPage\":{\"@id\":\"https:\\\/\\\/www.eldiario.net\\\/portal\\\/2025\\\/09\\\/15\\\/apple-redisena-su-ecosistema-llega-el-iphone-air-ultradelgado\\\/#primaryimage\"},\"image\":{\"@id\":\"https:\\\/\\\/www.eldiario.net\\\/portal\\\/2025\\\/09\\\/15\\\/apple-redisena-su-ecosistema-llega-el-iphone-air-ultradelgado\\\/#primaryimage\"},\"thumbnailUrl\":\"https:\\\/\\\/www.eldiario.net\\\/portal\\\/wp-content\\\/uploads\\\/2025\\\/09\\\/5-A.webp\",\"datePublished\":\"2025-09-15T05:02:49+00:00\",\"breadcrumb\":{\"@id\":\"https:\\\/\\\/www.eldiario.net\\\/portal\\\/2025\\\/09\\\/15\\\/apple-redisena-su-ecosistema-llega-el-iphone-air-ultradelgado\\\/#breadcrumb\"},\"inLanguage\":\"es\",\"potentialAction\":[{\"@type\":\"ReadAction\",\"target\":[\"https:\\\/\\\/www.eldiario.net\\\/portal\\\/2025\\\/09\\\/15\\\/apple-redisena-su-ecosistema-llega-el-iphone-air-ultradelgado\\\/\"]}]},{\"@type\":\"ImageObject\",\"inLanguage\":\"es\",\"@id\":\"https:\\\/\\\/www.eldiario.net\\\/portal\\\/2025\\\/09\\\/15\\\/apple-redisena-su-ecosistema-llega-el-iphone-air-ultradelgado\\\/#primaryimage\",\"url\":\"https:\\\/\\\/www.eldiario.net\\\/portal\\\/wp-content\\\/uploads\\\/2025\\\/09\\\/5-A.webp\",\"contentUrl\":\"https:\\\/\\\/www.eldiario.net\\\/portal\\\/wp-content\\\/uploads\\\/2025\\\/09\\\/5-A.webp\",\"width\":877,\"height\":494},{\"@type\":\"BreadcrumbList\",\"@id\":\"https:\\\/\\\/www.eldiario.net\\\/portal\\\/2025\\\/09\\\/15\\\/apple-redisena-su-ecosistema-llega-el-iphone-air-ultradelgado\\\/#breadcrumb\",\"itemListElement\":[{\"@type\":\"ListItem\",\"position\":1,\"name\":\"Portada\",\"item\":\"https:\\\/\\\/www.eldiario.net\\\/portal\\\/\"},{\"@type\":\"ListItem\",\"position\":2,\"name\":\"Apple redise\u00f1a su ecosistema: llega el iPhone Air ultradelgado\"}]},{\"@type\":\"WebSite\",\"@id\":\"https:\\\/\\\/www.eldiario.net\\\/portal\\\/#website\",\"url\":\"https:\\\/\\\/www.eldiario.net\\\/portal\\\/\",\"name\":\"El Diario - Decano de la prensa nacional\",\"description\":\"El Diario - Decano de la prensa nacional\",\"publisher\":{\"@id\":\"https:\\\/\\\/www.eldiario.net\\\/portal\\\/#organization\"},\"potentialAction\":[{\"@type\":\"SearchAction\",\"target\":{\"@type\":\"EntryPoint\",\"urlTemplate\":\"https:\\\/\\\/www.eldiario.net\\\/portal\\\/?s={search_term_string}\"},\"query-input\":{\"@type\":\"PropertyValueSpecification\",\"valueRequired\":true,\"valueName\":\"search_term_string\"}}],\"inLanguage\":\"es\"},{\"@type\":\"Organization\",\"@id\":\"https:\\\/\\\/www.eldiario.net\\\/portal\\\/#organization\",\"name\":\"El Diario - Decano de la prensa nacional\",\"url\":\"https:\\\/\\\/www.eldiario.net\\\/portal\\\/\",\"logo\":{\"@type\":\"ImageObject\",\"inLanguage\":\"es\",\"@id\":\"https:\\\/\\\/www.eldiario.net\\\/portal\\\/#\\\/schema\\\/logo\\\/image\\\/\",\"url\":\"https:\\\/\\\/www.eldiario.net\\\/portal\\\/wp-content\\\/uploads\\\/2023\\\/07\\\/logo_ED.jpg\",\"contentUrl\":\"https:\\\/\\\/www.eldiario.net\\\/portal\\\/wp-content\\\/uploads\\\/2023\\\/07\\\/logo_ED.jpg\",\"width\":272,\"height\":52,\"caption\":\"El Diario - Decano de la prensa nacional\"},\"image\":{\"@id\":\"https:\\\/\\\/www.eldiario.net\\\/portal\\\/#\\\/schema\\\/logo\\\/image\\\/\"},\"sameAs\":[\"https:\\\/\\\/www.facebook.com\\\/eldiario.bolivia\\\/\",\"https:\\\/\\\/x.com\\\/eldiario_net\"]},{\"@type\":\"Person\",\"@id\":\"https:\\\/\\\/www.eldiario.net\\\/portal\\\/#\\\/schema\\\/person\\\/2c57cf2b7a7ae032e449e4c9b1019eac\",\"name\":\"Jeanette\",\"image\":{\"@type\":\"ImageObject\",\"inLanguage\":\"es\",\"@id\":\"https:\\\/\\\/secure.gravatar.com\\\/avatar\\\/3ea2118a5f7dad2b7138b1187a6b7ee55f160b9968b66013c3a3ef39dd7e5798?s=96&d=mm&r=g\",\"url\":\"https:\\\/\\\/secure.gravatar.com\\\/avatar\\\/3ea2118a5f7dad2b7138b1187a6b7ee55f160b9968b66013c3a3ef39dd7e5798?s=96&d=mm&r=g\",\"contentUrl\":\"https:\\\/\\\/secure.gravatar.com\\\/avatar\\\/3ea2118a5f7dad2b7138b1187a6b7ee55f160b9968b66013c3a3ef39dd7e5798?s=96&d=mm&r=g\",\"caption\":\"Jeanette\"},\"sameAs\":[\"https:\\\/\\\/www.eldiario.net\\\/portal\"],\"url\":\"https:\\\/\\\/www.eldiario.net\\\/portal\\\/author\\\/jeanette\\\/\"}]}<\/script>\n<!-- \/ Yoast SEO plugin. -->","yoast_head_json":{"title":"Apple redise\u00f1a su ecosistema: llega el iPhone Air ultradelgado - El Diario - Bolivia","robots":{"index":"index","follow":"follow","max-snippet":"max-snippet:-1","max-image-preview":"max-image-preview:large","max-video-preview":"max-video-preview:-1"},"canonical":"https:\/\/www.eldiario.net\/portal\/2025\/09\/15\/apple-redisena-su-ecosistema-llega-el-iphone-air-ultradelgado\/","og_locale":"es_ES","og_type":"article","og_title":"Apple redise\u00f1a su ecosistema: llega el iPhone Air ultradelgado - El Diario - Bolivia","og_description":"Apple ha presentado una de sus actualizaciones m\u00e1s ambiciosas en a\u00f1os. El protagonista principal es el nuevo iPhone Air, el modelo m\u00e1s fino que la compa\u00f1\u00eda ha fabricado hasta ahora, con apenas 5,5 mil\u00edmetros de grosor y compatibilidad exclusiva con eSIM. A pesar de las presiones comerciales y los aranceles, Apple ha decidido mantener los [&hellip;]","og_url":"https:\/\/www.eldiario.net\/portal\/2025\/09\/15\/apple-redisena-su-ecosistema-llega-el-iphone-air-ultradelgado\/","og_site_name":"El Diario - Bolivia","article_publisher":"https:\/\/www.facebook.com\/eldiario.bolivia\/","article_published_time":"2025-09-15T05:02:49+00:00","og_image":[{"width":877,"height":494,"url":"https:\/\/www.eldiario.net\/portal\/wp-content\/uploads\/2025\/09\/5-A.webp","type":"image\/webp"}],"author":"Jeanette","twitter_card":"summary_large_image","twitter_creator":"@eldiario_net","twitter_site":"@eldiario_net","twitter_misc":{"Escrito por":"Jeanette","Tiempo de lectura":"3 minutos"},"schema":{"@context":"https:\/\/schema.org","@graph":[{"@type":"Article","@id":"https:\/\/www.eldiario.net\/portal\/2025\/09\/15\/apple-redisena-su-ecosistema-llega-el-iphone-air-ultradelgado\/#article","isPartOf":{"@id":"https:\/\/www.eldiario.net\/portal\/2025\/09\/15\/apple-redisena-su-ecosistema-llega-el-iphone-air-ultradelgado\/"},"author":{"name":"Jeanette","@id":"https:\/\/www.eldiario.net\/portal\/#\/schema\/person\/2c57cf2b7a7ae032e449e4c9b1019eac"},"headline":"Apple redise\u00f1a su ecosistema: llega el iPhone Air ultradelgado","datePublished":"2025-09-15T05:02:49+00:00","mainEntityOfPage":{"@id":"https:\/\/www.eldiario.net\/portal\/2025\/09\/15\/apple-redisena-su-ecosistema-llega-el-iphone-air-ultradelgado\/"},"wordCount":646,"publisher":{"@id":"https:\/\/www.eldiario.net\/portal\/#organization"},"image":{"@id":"https:\/\/www.eldiario.net\/portal\/2025\/09\/15\/apple-redisena-su-ecosistema-llega-el-iphone-air-ultradelgado\/#primaryimage"},"thumbnailUrl":"https:\/\/www.eldiario.net\/portal\/wp-content\/uploads\/2025\/09\/5-A.webp","articleSection":["Ciencia y Computaci\u00f3n"],"inLanguage":"es"},{"@type":"WebPage","@id":"https:\/\/www.eldiario.net\/portal\/2025\/09\/15\/apple-redisena-su-ecosistema-llega-el-iphone-air-ultradelgado\/","url":"https:\/\/www.eldiario.net\/portal\/2025\/09\/15\/apple-redisena-su-ecosistema-llega-el-iphone-air-ultradelgado\/","name":"Apple redise\u00f1a su ecosistema: llega el iPhone Air ultradelgado - El Diario - Bolivia","isPartOf":{"@id":"https:\/\/www.eldiario.net\/portal\/#website"},"primaryImageOfPage":{"@id":"https:\/\/www.eldiario.net\/portal\/2025\/09\/15\/apple-redisena-su-ecosistema-llega-el-iphone-air-ultradelgado\/#primaryimage"},"image":{"@id":"https:\/\/www.eldiario.net\/portal\/2025\/09\/15\/apple-redisena-su-ecosistema-llega-el-iphone-air-ultradelgado\/#primaryimage"},"thumbnailUrl":"https:\/\/www.eldiario.net\/portal\/wp-content\/uploads\/2025\/09\/5-A.webp","datePublished":"2025-09-15T05:02:49+00:00","breadcrumb":{"@id":"https:\/\/www.eldiario.net\/portal\/2025\/09\/15\/apple-redisena-su-ecosistema-llega-el-iphone-air-ultradelgado\/#breadcrumb"},"inLanguage":"es","potentialAction":[{"@type":"ReadAction","target":["https:\/\/www.eldiario.net\/portal\/2025\/09\/15\/apple-redisena-su-ecosistema-llega-el-iphone-air-ultradelgado\/"]}]},{"@type":"ImageObject","inLanguage":"es","@id":"https:\/\/www.eldiario.net\/portal\/2025\/09\/15\/apple-redisena-su-ecosistema-llega-el-iphone-air-ultradelgado\/#primaryimage","url":"https:\/\/www.eldiario.net\/portal\/wp-content\/uploads\/2025\/09\/5-A.webp","contentUrl":"https:\/\/www.eldiario.net\/portal\/wp-content\/uploads\/2025\/09\/5-A.webp","width":877,"height":494},{"@type":"BreadcrumbList","@id":"https:\/\/www.eldiario.net\/portal\/2025\/09\/15\/apple-redisena-su-ecosistema-llega-el-iphone-air-ultradelgado\/#breadcrumb","itemListElement":[{"@type":"ListItem","position":1,"name":"Portada","item":"https:\/\/www.eldiario.net\/portal\/"},{"@type":"ListItem","position":2,"name":"Apple redise\u00f1a su ecosistema: llega el iPhone Air ultradelgado"}]},{"@type":"WebSite","@id":"https:\/\/www.eldiario.net\/portal\/#website","url":"https:\/\/www.eldiario.net\/portal\/","name":"El Diario - Decano de la prensa nacional","description":"El Diario - Decano de la prensa nacional","publisher":{"@id":"https:\/\/www.eldiario.net\/portal\/#organization"},"potentialAction":[{"@type":"SearchAction","target":{"@type":"EntryPoint","urlTemplate":"https:\/\/www.eldiario.net\/portal\/?s={search_term_string}"},"query-input":{"@type":"PropertyValueSpecification","valueRequired":true,"valueName":"search_term_string"}}],"inLanguage":"es"},{"@type":"Organization","@id":"https:\/\/www.eldiario.net\/portal\/#organization","name":"El Diario - Decano de la prensa nacional","url":"https:\/\/www.eldiario.net\/portal\/","logo":{"@type":"ImageObject","inLanguage":"es","@id":"https:\/\/www.eldiario.net\/portal\/#\/schema\/logo\/image\/","url":"https:\/\/www.eldiario.net\/portal\/wp-content\/uploads\/2023\/07\/logo_ED.jpg","contentUrl":"https:\/\/www.eldiario.net\/portal\/wp-content\/uploads\/2023\/07\/logo_ED.jpg","width":272,"height":52,"caption":"El Diario - Decano de la prensa nacional"},"image":{"@id":"https:\/\/www.eldiario.net\/portal\/#\/schema\/logo\/image\/"},"sameAs":["https:\/\/www.facebook.com\/eldiario.bolivia\/","https:\/\/x.com\/eldiario_net"]},{"@type":"Person","@id":"https:\/\/www.eldiario.net\/portal\/#\/schema\/person\/2c57cf2b7a7ae032e449e4c9b1019eac","name":"Jeanette","image":{"@type":"ImageObject","inLanguage":"es","@id":"https:\/\/secure.gravatar.com\/avatar\/3ea2118a5f7dad2b7138b1187a6b7ee55f160b9968b66013c3a3ef39dd7e5798?s=96&d=mm&r=g","url":"https:\/\/secure.gravatar.com\/avatar\/3ea2118a5f7dad2b7138b1187a6b7ee55f160b9968b66013c3a3ef39dd7e5798?s=96&d=mm&r=g","contentUrl":"https:\/\/secure.gravatar.com\/avatar\/3ea2118a5f7dad2b7138b1187a6b7ee55f160b9968b66013c3a3ef39dd7e5798?s=96&d=mm&r=g","caption":"Jeanette"},"sameAs":["https:\/\/www.eldiario.net\/portal"],"url":"https:\/\/www.eldiario.net\/portal\/author\/jeanette\/"}]}},"_links":{"self":[{"href":"https:\/\/www.eldiario.net\/portal\/wp-json\/wp\/v2\/posts\/331296","targetHints":{"allow":["GET"]}}],"collection":[{"href":"https:\/\/www.eldiario.net\/portal\/wp-json\/wp\/v2\/posts"}],"about":[{"href":"https:\/\/www.eldiario.net\/portal\/wp-json\/wp\/v2\/types\/post"}],"author":[{"embeddable":true,"href":"https:\/\/www.eldiario.net\/portal\/wp-json\/wp\/v2\/users\/1"}],"replies":[{"embeddable":true,"href":"https:\/\/www.eldiario.net\/portal\/wp-json\/wp\/v2\/comments?post=331296"}],"version-history":[{"count":1,"href":"https:\/\/www.eldiario.net\/portal\/wp-json\/wp\/v2\/posts\/331296\/revisions"}],"predecessor-version":[{"id":331298,"href":"https:\/\/www.eldiario.net\/portal\/wp-json\/wp\/v2\/posts\/331296\/revisions\/331298"}],"wp:featuredmedia":[{"embeddable":true,"href":"https:\/\/www.eldiario.net\/portal\/wp-json\/wp\/v2\/media\/331297"}],"wp:attachment":[{"href":"https:\/\/www.eldiario.net\/portal\/wp-json\/wp\/v2\/media?parent=331296"}],"wp:term":[{"taxonomy":"category","embeddable":true,"href":"https:\/\/www.eldiario.net\/portal\/wp-json\/wp\/v2\/categories?post=331296"},{"taxonomy":"post_tag","embeddable":true,"href":"https:\/\/www.eldiario.net\/portal\/wp-json\/wp\/v2\/tags?post=331296"}],"curies":[{"name":"wp","href":"https:\/\/api.w.org\/{rel}","templated":true}]}}