{"id":330966,"date":"2025-09-13T07:47:12","date_gmt":"2025-09-13T11:47:12","guid":{"rendered":"https:\/\/www.eldiario.net\/portal\/?p=330966"},"modified":"2025-09-13T07:47:12","modified_gmt":"2025-09-13T11:47:12","slug":"el-ultimo-blues-del-croata-llega-al-cine-con-una-historia-emotiva-y-rebelde","status":"publish","type":"post","link":"https:\/\/www.eldiario.net\/portal\/2025\/09\/13\/el-ultimo-blues-del-croata-llega-al-cine-con-una-historia-emotiva-y-rebelde\/","title":{"rendered":"\u201cEl \u00faltimo blues del croata\u201d llega al cine  con una historia emotiva y rebelde"},"content":{"rendered":"<p>\u201cEl \u00faltimo blues del croata\u201d llega a las salas de cine de Bolivia para conquistar al p\u00fablico con una historia emotiva y rebelde. Su estreno ser\u00e1 este 18 de septiembre.<\/p>\n<p>Dirigida por el talentoso cineasta cubano-boliviano Alejandro Su\u00e1rez Castro, \u00abEl \u00faltimo blues del croata\u00bb es una pel\u00edcula que no solo te atrapar\u00e1 con su trama \u00fanica, sino que tambi\u00e9n te har\u00e1 reflexionar sobre la vida, la muerte y lo m\u00e1s importante: la amistad.<\/p>\n<p>La pel\u00edcula nos introduce en la vida de Drazen, un ex m\u00fasico de rock y blues, quien, tras su muerte solitaria y olvidada, deja a sus amigos Perla y Willy con la misi\u00f3n de darle un adi\u00f3s digno. Ambos, sin dinero ni documentos, enfrentan un gran reto burocr\u00e1tico en el que la vida y la muerte se encuentran en un delicado equilibrio. En 72 horas, deben conseguir que el cuerpo de Drazen no termine en una fosa com\u00fan ni en la mesa de disecci\u00f3n de alguna facultad.<\/p>\n<p>La pel\u00edcula est\u00e1 inspirada en la muerte del m\u00fasico croata Drago Dogan, quien vivi\u00f3 en La Paz y\u00a0 Santa Cruz de la Sierra. El guion toma este suceso como punto de partida para crear una narrativa de ficci\u00f3n.<\/p>\n<p><strong>UNA APUESTA POR EL CINE LOCAL DE ALTA CALIDAD<\/strong><\/p>\n<p>\u201cEl \u00faltimo blues del croata\u201d no es solo una pel\u00edcula, es una propuesta fresca del cine boliviano que combina comedia negra y drama, con la m\u00fasica como una pieza fundamental en la narrativa. A trav\u00e9s de los g\u00e9neros blues y rock, la pel\u00edcula revive el alma bohemia y rebelde de los artistas an\u00f3nimos, aquellos cuyas historias, aunque inolvidables, suelen ser olvidadas por la sociedad.<\/p>\n<p>La historia es interpretada por Pedro Grossman (Willy), Mariana Bredow (Perla) y otros actores destacados, como Jorge Arturo Lora, Josue Luj\u00e1n, Iran Zeit\u00fan, Ariel Vargas, Hugo Francisquini y Mauricio Toledo. Cada uno de ellos da vida a personajes profundamente humanos, que luchan por un final digno en medio de una trama llena de emoci\u00f3n y tensiones. El equipo t\u00e9cnico incluye a Marco Antonio Cortez en la producci\u00f3n ejecutiva, Eduardo Osorio en la direcci\u00f3n de fotograf\u00eda y Arturo Salva en el sonido.<\/p>\n<p><strong>UN PROYECTO INDEPENDIENTE QUE MARCA LA DIFERENCIA<\/strong><\/p>\n<p>A pesar de los recursos limitados, \u00abEl \u00faltimo blues del croata\u00bb demuestra que el cine boliviano tiene una enorme capacidad de contar historias universales con gran calidad y profundidad, menciona la nota de prensa sobre el estreno de la pel\u00edcula.<\/p>\n<p>Dirigida por Alejandro Su\u00e1rez Castro, quien tambi\u00e9n es guionista, la pel\u00edcula destaca no solo por su historia, sino por su capacidad para conectar emocionalmente con la audiencia.<\/p>\n<p>\u00abEl \u00faltimo blues del croata\u00bb ha sido reconocida como una obra destacada del cine boliviano, lo que le vali\u00f3 que fuera beneficiaria del Fondo de Fomento al Cine y Arte Audiovisual Bolivianos por la Agencia del Desarrollo del Cine y el Audiovisual Boliviano (Adecine)<\/p>\n<p>\u00a1Prep\u00e1rate para vivir una experiencia cinematogr\u00e1fica \u00fanica!<\/p>\n<p>El esperado estreno de \u00abEl \u00faltimo blues del croata\u00bb ser\u00e1 el 18 de septiembre de 2025 en los cines de Bolivia. \u00a1No te pierdas esta conmovedora comedia negra que no solo resalta la vida y legado de los artistas, sino tambi\u00e9n lo que significa luchar por el recuerdo de aquellos que nos dejan demasiado pronto!<\/p>\n<p>La Gu\u00eda convers\u00f3 con el experimentado actor Pedro Grossman, quien da vida a Willy, uno de los protagonistas de la pel\u00edcula, y esto fue lo que nos cont\u00f3.<\/p>\n<p><strong>LG: \u00bfQu\u00e9 signific\u00f3 para ti ser parte de \u201cEl \u00faltimo blues del croata?<\/strong><\/p>\n<p>P: Un honor muy grande porque he tenido la oportunidad de trabajar con un maravilloso equipo de gente, con quienes nos hemos entendido muy bien para lograr un trabajo muy arduo en el poco tiempo de filmaci\u00f3n. Y por otro lado, (es) un honor el hacer un homenaje a Drago Dogan, quien fue un amigo y m\u00fasico importante del blues en La Paz y Santa Cruz en los a\u00f1os 80 y posteriormente en los 90.<\/p>\n<p><strong>LG: \u00bfQu\u00e9 es lo que m\u00e1s destacas de la pel\u00edcula?<\/strong><\/p>\n<p>P: De la pel\u00edcula destaco c\u00f3mo a trav\u00e9s de un poco de humor negro, se puede dramatizar un tema que es medio dif\u00edcil. Habla sobre la muerte de un amigo, por lo tanto, exacerba lo que es la amistad, el repensar la amistad, entre los personajes principales, Willy y Perla. Eso hace que se descubran entre ellos mismos y que se descubra cada uno frente al personaje que ya no est\u00e1, que es Drazen.<\/p>\n<p><strong>LG: \u00bfQui\u00e9n es Willy, descr\u00edbelo?<\/strong><\/p>\n<p>P: Willy es un personaje de unos 60 a\u00f1os, que se podr\u00eda decir que se frustr\u00f3 con la m\u00fasica y la dej\u00f3 para despu\u00e9s dedicarse al negocio del padre, que era una ferreter\u00eda, y cuando la vende, poner una empresa de transporte con un camioncito y con un ayudante, interpretado por Josue Luj\u00e1n. Es en el cami\u00f3n donde van a pasar toda la aventura de la pel\u00edcula junto a Perla, que es Mariana Bredown, la otra protagonista de la pel\u00edcula.<\/p>\n<p><strong>LG: \u00bfC\u00f3mo fue el trabajo con el director Alejandro Su\u00e1rez?<\/strong><\/p>\n<p>P: No conoc\u00eda personalmente a Alejandro Su\u00e1rez, lo conozco a trav\u00e9s de una recomendaci\u00f3n de Mauricio Toledo, quien hizo el couching de actores, o la direcci\u00f3n actoral, y gracias a \u00e9l pude hacer el casting para entrar en la pel\u00edcula. Trabajar con Alejandro, incluso siendo su \u00f3pera prima, ha sido un placer enorme, porque hemos podido encontrar un lugar de intercambio de ideas. \u00c9l ha sido muy amplio en recibir propuestas actorales, as\u00ed que ha sido un trabajo que ha fluido de ida y de vuelta, lo que ha facilitado el trabajo, yo creo para todo el equipo y, bueno, pues, feliz de conocer a este novel director y gran escritor, adem\u00e1s.<\/p>\n<p><strong>LG: \u00bfPor qu\u00e9 el p\u00fablico debe ir a ver \u201cEl \u00faltimo blues del croata?<\/strong><\/p>\n<p>P: El p\u00fablico no tiene la obligaci\u00f3n de ir a ver \u201cEl \u00faltimo blues del croata\u201d, pero creo que, si la ve, el p\u00fablico de Santa Cruz se va a reconocer a trav\u00e9s de sus calles, sus avenidas, su gente, los lugares conocidos, y el p\u00fablico nacional se va a reconocer en la leyenda de alguien que, si bien no conoci\u00f3, en los a\u00f1os 80 y 90, para la gente joven es una historia que puede repetirse en otros artistas. Entonces, de todas maneras, creo que el p\u00fablico se va a reconocer en la historia.<\/p>\n\r\n                <style type=\"text\/css\">\r\n                    \r\n                    #tdi_1  .td-doubleSlider-2 .td-item1 {\r\n                        background: url(https:\/\/www.eldiario.net\/portal\/wp-content\/uploads\/2025\/09\/1-PRINCIPAL-5-80x60.webp) 0 0 no-repeat;\r\n                    }\r\n                    #tdi_1  .td-doubleSlider-2 .td-item2 {\r\n                        background: url(https:\/\/www.eldiario.net\/portal\/wp-content\/uploads\/2025\/09\/2-4-80x60.webp) 0 0 no-repeat;\r\n                    }\r\n                    #tdi_1  .td-doubleSlider-2 .td-item3 {\r\n                        background: url(https:\/\/www.eldiario.net\/portal\/wp-content\/uploads\/2025\/09\/3-2-80x60.webp) 0 0 no-repeat;\r\n                    }\r\n                    #tdi_1  .td-doubleSlider-2 .td-item4 {\r\n                        background: url(https:\/\/www.eldiario.net\/portal\/wp-content\/uploads\/2025\/09\/4-2-80x60.webp) 0 0 no-repeat;\r\n                    }\r\n                    #tdi_1  .td-doubleSlider-2 .td-item5 {\r\n                        background: url(https:\/\/www.eldiario.net\/portal\/wp-content\/uploads\/2025\/09\/5-3-80x60.webp) 0 0 no-repeat;\r\n                    }\r\n                    #tdi_1  .td-doubleSlider-2 .td-item6 {\r\n                        background: url(https:\/\/www.eldiario.net\/portal\/wp-content\/uploads\/2025\/09\/6-80x60.webp) 0 0 no-repeat;\r\n                    }\r\n                    #tdi_1  .td-doubleSlider-2 .td-item7 {\r\n                        background: url(https:\/\/www.eldiario.net\/portal\/wp-content\/uploads\/2025\/09\/7-1-80x60.webp) 0 0 no-repeat;\r\n                    }\r\n                <\/style>\r\n\r\n                <div id=\"tdi_1\" class=\"td-gallery td-slide-on-2-columns\">\r\n                    <div class=\"post_td_gallery\">\r\n                        <div class=\"td-gallery-slide-top\">\r\n                           <div class=\"td-gallery-title\"><\/div>\r\n\r\n                            <div class=\"td-gallery-controls-wrapper\">\r\n                                <div class=\"td-gallery-slide-count\"><span class=\"td-gallery-slide-item-focus\">1<\/span> de 7<\/div>\r\n                                <div class=\"td-gallery-slide-prev-next-but\">\r\n                                    <i class = \"td-icon-left doubleSliderPrevButton\"><\/i>\r\n                                    <i class = \"td-icon-right doubleSliderNextButton\"><\/i>\r\n                                <\/div>\r\n                            <\/div>\r\n                        <\/div>\r\n\r\n                        <div class = \"td-doubleSlider-1 \">\r\n                            <div class = \"td-slider\">\r\n                                \r\n                    <div class = \"td-slide-item td-item1\">\r\n                        <figure class=\"td-slide-galery-figure td-slide-popup-gallery\">\r\n                            <a class=\"slide-gallery-image-link\" href=\"https:\/\/www.eldiario.net\/portal\/wp-content\/uploads\/2025\/09\/1-PRINCIPAL-5.webp\" title=\"1-PRINCIPAL\"  data-caption=\"\"  data-description=\"\">\r\n                                <img decoding=\"async\" src=\"https:\/\/www.eldiario.net\/portal\/wp-content\/uploads\/2025\/09\/1-PRINCIPAL-5-797x420.webp\" srcset=\"https:\/\/www.eldiario.net\/portal\/wp-content\/uploads\/2025\/09\/1-PRINCIPAL-5-797x420.webp 797w, https:\/\/www.eldiario.net\/portal\/wp-content\/uploads\/2025\/09\/1-PRINCIPAL-5-300x158.webp 300w, https:\/\/www.eldiario.net\/portal\/wp-content\/uploads\/2025\/09\/1-PRINCIPAL-5-1024x540.webp 1024w, https:\/\/www.eldiario.net\/portal\/wp-content\/uploads\/2025\/09\/1-PRINCIPAL-5-768x405.webp 768w, https:\/\/www.eldiario.net\/portal\/wp-content\/uploads\/2025\/09\/1-PRINCIPAL-5-1536x809.webp 1536w, https:\/\/www.eldiario.net\/portal\/wp-content\/uploads\/2025\/09\/1-PRINCIPAL-5-150x79.webp 150w, https:\/\/www.eldiario.net\/portal\/wp-content\/uploads\/2025\/09\/1-PRINCIPAL-5-696x367.webp 696w, https:\/\/www.eldiario.net\/portal\/wp-content\/uploads\/2025\/09\/1-PRINCIPAL-5-1068x563.webp 1068w, https:\/\/www.eldiario.net\/portal\/wp-content\/uploads\/2025\/09\/1-PRINCIPAL-5.webp 1600w\" sizes=\"(max-width: 797px) 100vw, 797px\" alt=\"\">\r\n                            <\/a>\r\n                            \r\n                        <\/figure>\r\n                    <\/div>\r\n                    <div class = \"td-slide-item td-item2\">\r\n                        <figure class=\"td-slide-galery-figure td-slide-popup-gallery\">\r\n                            <a class=\"slide-gallery-image-link\" href=\"https:\/\/www.eldiario.net\/portal\/wp-content\/uploads\/2025\/09\/2-4.webp\" title=\"2\"  data-caption=\"\"  data-description=\"\">\r\n                                <img decoding=\"async\" src=\"https:\/\/www.eldiario.net\/portal\/wp-content\/uploads\/2025\/09\/2-4-797x420.webp\" srcset=\"https:\/\/www.eldiario.net\/portal\/wp-content\/uploads\/2025\/09\/2-4-797x420.webp 797w, https:\/\/www.eldiario.net\/portal\/wp-content\/uploads\/2025\/09\/2-4-300x158.webp 300w, https:\/\/www.eldiario.net\/portal\/wp-content\/uploads\/2025\/09\/2-4-1024x540.webp 1024w, https:\/\/www.eldiario.net\/portal\/wp-content\/uploads\/2025\/09\/2-4-768x405.webp 768w, https:\/\/www.eldiario.net\/portal\/wp-content\/uploads\/2025\/09\/2-4-1536x809.webp 1536w, https:\/\/www.eldiario.net\/portal\/wp-content\/uploads\/2025\/09\/2-4-150x79.webp 150w, https:\/\/www.eldiario.net\/portal\/wp-content\/uploads\/2025\/09\/2-4-696x367.webp 696w, https:\/\/www.eldiario.net\/portal\/wp-content\/uploads\/2025\/09\/2-4-1068x563.webp 1068w, https:\/\/www.eldiario.net\/portal\/wp-content\/uploads\/2025\/09\/2-4.webp 1600w\" sizes=\"(max-width: 797px) 100vw, 797px\" alt=\"\">\r\n                            <\/a>\r\n                            \r\n                        <\/figure>\r\n                    <\/div>\r\n                    <div class = \"td-slide-item td-item3\">\r\n                        <figure class=\"td-slide-galery-figure td-slide-popup-gallery\">\r\n                            <a class=\"slide-gallery-image-link\" href=\"https:\/\/www.eldiario.net\/portal\/wp-content\/uploads\/2025\/09\/3-2.webp\" title=\"3\"  data-caption=\"\"  data-description=\"\">\r\n                                <img decoding=\"async\" src=\"https:\/\/www.eldiario.net\/portal\/wp-content\/uploads\/2025\/09\/3-2-797x420.webp\" srcset=\"https:\/\/www.eldiario.net\/portal\/wp-content\/uploads\/2025\/09\/3-2-797x420.webp 797w, https:\/\/www.eldiario.net\/portal\/wp-content\/uploads\/2025\/09\/3-2-300x158.webp 300w, https:\/\/www.eldiario.net\/portal\/wp-content\/uploads\/2025\/09\/3-2-1024x540.webp 1024w, https:\/\/www.eldiario.net\/portal\/wp-content\/uploads\/2025\/09\/3-2-768x405.webp 768w, https:\/\/www.eldiario.net\/portal\/wp-content\/uploads\/2025\/09\/3-2-1536x809.webp 1536w, https:\/\/www.eldiario.net\/portal\/wp-content\/uploads\/2025\/09\/3-2-150x79.webp 150w, https:\/\/www.eldiario.net\/portal\/wp-content\/uploads\/2025\/09\/3-2-696x367.webp 696w, https:\/\/www.eldiario.net\/portal\/wp-content\/uploads\/2025\/09\/3-2-1068x563.webp 1068w, https:\/\/www.eldiario.net\/portal\/wp-content\/uploads\/2025\/09\/3-2.webp 1600w\" sizes=\"(max-width: 797px) 100vw, 797px\" alt=\"\">\r\n                            <\/a>\r\n                            \r\n                        <\/figure>\r\n                    <\/div>\r\n                    <div class = \"td-slide-item td-item4\">\r\n                        <figure class=\"td-slide-galery-figure td-slide-popup-gallery\">\r\n                            <a class=\"slide-gallery-image-link\" href=\"https:\/\/www.eldiario.net\/portal\/wp-content\/uploads\/2025\/09\/4-2.webp\" title=\"4\"  data-caption=\"\"  data-description=\"\">\r\n                                <img decoding=\"async\" src=\"https:\/\/www.eldiario.net\/portal\/wp-content\/uploads\/2025\/09\/4-2-797x420.webp\" srcset=\"https:\/\/www.eldiario.net\/portal\/wp-content\/uploads\/2025\/09\/4-2-797x420.webp 797w, https:\/\/www.eldiario.net\/portal\/wp-content\/uploads\/2025\/09\/4-2-300x158.webp 300w, https:\/\/www.eldiario.net\/portal\/wp-content\/uploads\/2025\/09\/4-2-1024x540.webp 1024w, https:\/\/www.eldiario.net\/portal\/wp-content\/uploads\/2025\/09\/4-2-768x405.webp 768w, https:\/\/www.eldiario.net\/portal\/wp-content\/uploads\/2025\/09\/4-2-1536x809.webp 1536w, https:\/\/www.eldiario.net\/portal\/wp-content\/uploads\/2025\/09\/4-2-150x79.webp 150w, https:\/\/www.eldiario.net\/portal\/wp-content\/uploads\/2025\/09\/4-2-696x367.webp 696w, https:\/\/www.eldiario.net\/portal\/wp-content\/uploads\/2025\/09\/4-2-1068x563.webp 1068w, https:\/\/www.eldiario.net\/portal\/wp-content\/uploads\/2025\/09\/4-2.webp 1600w\" sizes=\"(max-width: 797px) 100vw, 797px\" alt=\"\">\r\n                            <\/a>\r\n                            \r\n                        <\/figure>\r\n                    <\/div>\r\n                    <div class = \"td-slide-item td-item5\">\r\n                        <figure class=\"td-slide-galery-figure td-slide-popup-gallery\">\r\n                            <a class=\"slide-gallery-image-link\" href=\"https:\/\/www.eldiario.net\/portal\/wp-content\/uploads\/2025\/09\/5-3.webp\" title=\"5\"  data-caption=\"\"  data-description=\"\">\r\n                                <img decoding=\"async\" src=\"https:\/\/www.eldiario.net\/portal\/wp-content\/uploads\/2025\/09\/5-3-797x420.webp\" srcset=\"https:\/\/www.eldiario.net\/portal\/wp-content\/uploads\/2025\/09\/5-3-797x420.webp 797w, https:\/\/www.eldiario.net\/portal\/wp-content\/uploads\/2025\/09\/5-3-300x158.webp 300w, https:\/\/www.eldiario.net\/portal\/wp-content\/uploads\/2025\/09\/5-3-1024x540.webp 1024w, https:\/\/www.eldiario.net\/portal\/wp-content\/uploads\/2025\/09\/5-3-768x405.webp 768w, https:\/\/www.eldiario.net\/portal\/wp-content\/uploads\/2025\/09\/5-3-1536x809.webp 1536w, https:\/\/www.eldiario.net\/portal\/wp-content\/uploads\/2025\/09\/5-3-150x79.webp 150w, https:\/\/www.eldiario.net\/portal\/wp-content\/uploads\/2025\/09\/5-3-696x367.webp 696w, https:\/\/www.eldiario.net\/portal\/wp-content\/uploads\/2025\/09\/5-3-1068x563.webp 1068w, https:\/\/www.eldiario.net\/portal\/wp-content\/uploads\/2025\/09\/5-3.webp 1600w\" sizes=\"(max-width: 797px) 100vw, 797px\" alt=\"\">\r\n                            <\/a>\r\n                            \r\n                        <\/figure>\r\n                    <\/div>\r\n                    <div class = \"td-slide-item td-item6\">\r\n                        <figure class=\"td-slide-galery-figure td-slide-popup-gallery\">\r\n                            <a class=\"slide-gallery-image-link\" href=\"https:\/\/www.eldiario.net\/portal\/wp-content\/uploads\/2025\/09\/6.webp\" title=\"6\"  data-caption=\"\"  data-description=\"\">\r\n                                <img decoding=\"async\" src=\"https:\/\/www.eldiario.net\/portal\/wp-content\/uploads\/2025\/09\/6-797x420.webp\" srcset=\"https:\/\/www.eldiario.net\/portal\/wp-content\/uploads\/2025\/09\/6-797x420.webp 797w, https:\/\/www.eldiario.net\/portal\/wp-content\/uploads\/2025\/09\/6-300x158.webp 300w, https:\/\/www.eldiario.net\/portal\/wp-content\/uploads\/2025\/09\/6-1024x540.webp 1024w, https:\/\/www.eldiario.net\/portal\/wp-content\/uploads\/2025\/09\/6-768x405.webp 768w, https:\/\/www.eldiario.net\/portal\/wp-content\/uploads\/2025\/09\/6-1536x809.webp 1536w, https:\/\/www.eldiario.net\/portal\/wp-content\/uploads\/2025\/09\/6-150x79.webp 150w, https:\/\/www.eldiario.net\/portal\/wp-content\/uploads\/2025\/09\/6-696x367.webp 696w, https:\/\/www.eldiario.net\/portal\/wp-content\/uploads\/2025\/09\/6-1068x563.webp 1068w, https:\/\/www.eldiario.net\/portal\/wp-content\/uploads\/2025\/09\/6.webp 1600w\" sizes=\"(max-width: 797px) 100vw, 797px\" alt=\"\">\r\n                            <\/a>\r\n                            \r\n                        <\/figure>\r\n                    <\/div>\r\n                    <div class = \"td-slide-item td-item7\">\r\n                        <figure class=\"td-slide-galery-figure td-slide-popup-gallery\">\r\n                            <a class=\"slide-gallery-image-link\" href=\"https:\/\/www.eldiario.net\/portal\/wp-content\/uploads\/2025\/09\/7-1.webp\" title=\"7\"  data-caption=\"\"  data-description=\"\">\r\n                                <img decoding=\"async\" src=\"https:\/\/www.eldiario.net\/portal\/wp-content\/uploads\/2025\/09\/7-1-797x420.webp\" srcset=\"https:\/\/www.eldiario.net\/portal\/wp-content\/uploads\/2025\/09\/7-1-797x420.webp 797w, https:\/\/www.eldiario.net\/portal\/wp-content\/uploads\/2025\/09\/7-1-300x158.webp 300w, https:\/\/www.eldiario.net\/portal\/wp-content\/uploads\/2025\/09\/7-1-1024x540.webp 1024w, https:\/\/www.eldiario.net\/portal\/wp-content\/uploads\/2025\/09\/7-1-768x405.webp 768w, https:\/\/www.eldiario.net\/portal\/wp-content\/uploads\/2025\/09\/7-1-1536x809.webp 1536w, https:\/\/www.eldiario.net\/portal\/wp-content\/uploads\/2025\/09\/7-1-150x79.webp 150w, https:\/\/www.eldiario.net\/portal\/wp-content\/uploads\/2025\/09\/7-1-696x367.webp 696w, https:\/\/www.eldiario.net\/portal\/wp-content\/uploads\/2025\/09\/7-1-1068x563.webp 1068w, https:\/\/www.eldiario.net\/portal\/wp-content\/uploads\/2025\/09\/7-1.webp 1600w\" sizes=\"(max-width: 797px) 100vw, 797px\" alt=\"\">\r\n                            <\/a>\r\n                            \r\n                        <\/figure>\r\n                    <\/div>\r\n                            <\/div>\r\n                        <\/div>\r\n\r\n                        <div class = \"td-doubleSlider-2\">\r\n                            <div class = \"td-slider\">\r\n                                \r\n                    <div class = \"td-button td-item1\">\r\n                        <div class = \"td-border\"><\/div>\r\n                    <\/div>\r\n                    <div class = \"td-button td-item2\">\r\n                        <div class = \"td-border\"><\/div>\r\n                    <\/div>\r\n                    <div class = \"td-button td-item3\">\r\n                        <div class = \"td-border\"><\/div>\r\n                    <\/div>\r\n                    <div class = \"td-button td-item4\">\r\n                        <div class = \"td-border\"><\/div>\r\n                    <\/div>\r\n                    <div class = \"td-button td-item5\">\r\n                        <div class = \"td-border\"><\/div>\r\n                    <\/div>\r\n                    <div class = \"td-button td-item6\">\r\n                        <div class = \"td-border\"><\/div>\r\n                    <\/div>\r\n                    <div class = \"td-button td-item7\">\r\n                        <div class = \"td-border\"><\/div>\r\n                    <\/div>\r\n                            <\/div>\r\n                        <\/div>\r\n\r\n                    <\/div>\r\n\r\n                <\/div>\r\n                \n","protected":false},"excerpt":{"rendered":"<p>\u201cEl \u00faltimo blues del croata\u201d llega a las salas de cine de Bolivia para conquistar al p\u00fablico con una historia emotiva y rebelde. Su estreno ser\u00e1 este 18 de septiembre. Dirigida por el talentoso cineasta cubano-boliviano Alejandro Su\u00e1rez Castro, \u00abEl \u00faltimo blues del croata\u00bb es una pel\u00edcula que no solo te atrapar\u00e1 con su trama [&hellip;]<\/p>\n","protected":false},"author":1,"featured_media":330967,"comment_status":"closed","ping_status":"open","sticky":false,"template":"","format":"standard","meta":{"_acf_changed":false,"footnotes":""},"categories":[41],"tags":[],"class_list":["post-330966","post","type-post","status-publish","format-standard","has-post-thumbnail","category-la-guia"],"acf":{"antetitulo":""},"yoast_head":"<!-- This site is optimized with the Yoast SEO plugin v28.4 - https:\/\/yoast.com\/product\/yoast-seo-wordpress\/ -->\n<title>\u201cEl \u00faltimo blues del croata\u201d llega al cine con una historia emotiva y rebelde - El Diario - Bolivia<\/title>\n<meta name=\"robots\" content=\"index, follow, max-snippet:-1, max-image-preview:large, max-video-preview:-1\" \/>\n<link rel=\"canonical\" href=\"https:\/\/www.eldiario.net\/portal\/2025\/09\/13\/el-ultimo-blues-del-croata-llega-al-cine-con-una-historia-emotiva-y-rebelde\/\" \/>\n<meta property=\"og:locale\" content=\"es_ES\" \/>\n<meta property=\"og:type\" content=\"article\" \/>\n<meta property=\"og:title\" content=\"\u201cEl \u00faltimo blues del croata\u201d llega al cine con una historia emotiva y rebelde - El Diario - Bolivia\" \/>\n<meta property=\"og:description\" content=\"\u201cEl \u00faltimo blues del croata\u201d llega a las salas de cine de Bolivia para conquistar al p\u00fablico con una historia emotiva y rebelde. Su estreno ser\u00e1 este 18 de septiembre. Dirigida por el talentoso cineasta cubano-boliviano Alejandro Su\u00e1rez Castro, \u00abEl \u00faltimo blues del croata\u00bb es una pel\u00edcula que no solo te atrapar\u00e1 con su trama [&hellip;]\" \/>\n<meta property=\"og:url\" content=\"https:\/\/www.eldiario.net\/portal\/2025\/09\/13\/el-ultimo-blues-del-croata-llega-al-cine-con-una-historia-emotiva-y-rebelde\/\" \/>\n<meta property=\"og:site_name\" content=\"El Diario - Bolivia\" \/>\n<meta property=\"article:publisher\" content=\"https:\/\/www.facebook.com\/eldiario.bolivia\/\" \/>\n<meta property=\"article:published_time\" content=\"2025-09-13T11:47:12+00:00\" \/>\n<meta property=\"og:image\" content=\"https:\/\/www.eldiario.net\/portal\/wp-content\/uploads\/2025\/09\/1-PRINCIPAL-5.webp\" \/>\n\t<meta property=\"og:image:width\" content=\"1600\" \/>\n\t<meta property=\"og:image:height\" content=\"843\" \/>\n\t<meta property=\"og:image:type\" content=\"image\/webp\" \/>\n<meta name=\"author\" content=\"Jeanette\" \/>\n<meta name=\"twitter:card\" content=\"summary_large_image\" \/>\n<meta name=\"twitter:creator\" content=\"@eldiario_net\" \/>\n<meta name=\"twitter:site\" content=\"@eldiario_net\" \/>\n<meta name=\"twitter:label1\" content=\"Escrito por\" \/>\n\t<meta name=\"twitter:data1\" content=\"Jeanette\" \/>\n\t<meta name=\"twitter:label2\" content=\"Tiempo de lectura\" \/>\n\t<meta name=\"twitter:data2\" content=\"6 minutos\" \/>\n<script type=\"application\/ld+json\" class=\"yoast-schema-graph\">{\"@context\":\"https:\\\/\\\/schema.org\",\"@graph\":[{\"@type\":\"Article\",\"@id\":\"https:\\\/\\\/www.eldiario.net\\\/portal\\\/2025\\\/09\\\/13\\\/el-ultimo-blues-del-croata-llega-al-cine-con-una-historia-emotiva-y-rebelde\\\/#article\",\"isPartOf\":{\"@id\":\"https:\\\/\\\/www.eldiario.net\\\/portal\\\/2025\\\/09\\\/13\\\/el-ultimo-blues-del-croata-llega-al-cine-con-una-historia-emotiva-y-rebelde\\\/\"},\"author\":{\"name\":\"Jeanette\",\"@id\":\"https:\\\/\\\/www.eldiario.net\\\/portal\\\/#\\\/schema\\\/person\\\/2c57cf2b7a7ae032e449e4c9b1019eac\"},\"headline\":\"\u201cEl \u00faltimo blues del croata\u201d llega al cine con una historia emotiva y rebelde\",\"datePublished\":\"2025-09-13T11:47:12+00:00\",\"mainEntityOfPage\":{\"@id\":\"https:\\\/\\\/www.eldiario.net\\\/portal\\\/2025\\\/09\\\/13\\\/el-ultimo-blues-del-croata-llega-al-cine-con-una-historia-emotiva-y-rebelde\\\/\"},\"wordCount\":1136,\"publisher\":{\"@id\":\"https:\\\/\\\/www.eldiario.net\\\/portal\\\/#organization\"},\"image\":{\"@id\":\"https:\\\/\\\/www.eldiario.net\\\/portal\\\/2025\\\/09\\\/13\\\/el-ultimo-blues-del-croata-llega-al-cine-con-una-historia-emotiva-y-rebelde\\\/#primaryimage\"},\"thumbnailUrl\":\"https:\\\/\\\/www.eldiario.net\\\/portal\\\/wp-content\\\/uploads\\\/2025\\\/09\\\/1-PRINCIPAL-5.webp\",\"articleSection\":[\"La Gu\u00eda\"],\"inLanguage\":\"es\"},{\"@type\":\"WebPage\",\"@id\":\"https:\\\/\\\/www.eldiario.net\\\/portal\\\/2025\\\/09\\\/13\\\/el-ultimo-blues-del-croata-llega-al-cine-con-una-historia-emotiva-y-rebelde\\\/\",\"url\":\"https:\\\/\\\/www.eldiario.net\\\/portal\\\/2025\\\/09\\\/13\\\/el-ultimo-blues-del-croata-llega-al-cine-con-una-historia-emotiva-y-rebelde\\\/\",\"name\":\"\u201cEl \u00faltimo blues del croata\u201d llega al cine con una historia emotiva y rebelde - El Diario - Bolivia\",\"isPartOf\":{\"@id\":\"https:\\\/\\\/www.eldiario.net\\\/portal\\\/#website\"},\"primaryImageOfPage\":{\"@id\":\"https:\\\/\\\/www.eldiario.net\\\/portal\\\/2025\\\/09\\\/13\\\/el-ultimo-blues-del-croata-llega-al-cine-con-una-historia-emotiva-y-rebelde\\\/#primaryimage\"},\"image\":{\"@id\":\"https:\\\/\\\/www.eldiario.net\\\/portal\\\/2025\\\/09\\\/13\\\/el-ultimo-blues-del-croata-llega-al-cine-con-una-historia-emotiva-y-rebelde\\\/#primaryimage\"},\"thumbnailUrl\":\"https:\\\/\\\/www.eldiario.net\\\/portal\\\/wp-content\\\/uploads\\\/2025\\\/09\\\/1-PRINCIPAL-5.webp\",\"datePublished\":\"2025-09-13T11:47:12+00:00\",\"breadcrumb\":{\"@id\":\"https:\\\/\\\/www.eldiario.net\\\/portal\\\/2025\\\/09\\\/13\\\/el-ultimo-blues-del-croata-llega-al-cine-con-una-historia-emotiva-y-rebelde\\\/#breadcrumb\"},\"inLanguage\":\"es\",\"potentialAction\":[{\"@type\":\"ReadAction\",\"target\":[\"https:\\\/\\\/www.eldiario.net\\\/portal\\\/2025\\\/09\\\/13\\\/el-ultimo-blues-del-croata-llega-al-cine-con-una-historia-emotiva-y-rebelde\\\/\"]}]},{\"@type\":\"ImageObject\",\"inLanguage\":\"es\",\"@id\":\"https:\\\/\\\/www.eldiario.net\\\/portal\\\/2025\\\/09\\\/13\\\/el-ultimo-blues-del-croata-llega-al-cine-con-una-historia-emotiva-y-rebelde\\\/#primaryimage\",\"url\":\"https:\\\/\\\/www.eldiario.net\\\/portal\\\/wp-content\\\/uploads\\\/2025\\\/09\\\/1-PRINCIPAL-5.webp\",\"contentUrl\":\"https:\\\/\\\/www.eldiario.net\\\/portal\\\/wp-content\\\/uploads\\\/2025\\\/09\\\/1-PRINCIPAL-5.webp\",\"width\":1600,\"height\":843},{\"@type\":\"BreadcrumbList\",\"@id\":\"https:\\\/\\\/www.eldiario.net\\\/portal\\\/2025\\\/09\\\/13\\\/el-ultimo-blues-del-croata-llega-al-cine-con-una-historia-emotiva-y-rebelde\\\/#breadcrumb\",\"itemListElement\":[{\"@type\":\"ListItem\",\"position\":1,\"name\":\"Portada\",\"item\":\"https:\\\/\\\/www.eldiario.net\\\/portal\\\/\"},{\"@type\":\"ListItem\",\"position\":2,\"name\":\"\u201cEl \u00faltimo blues del croata\u201d llega al cine con una historia emotiva y rebelde\"}]},{\"@type\":\"WebSite\",\"@id\":\"https:\\\/\\\/www.eldiario.net\\\/portal\\\/#website\",\"url\":\"https:\\\/\\\/www.eldiario.net\\\/portal\\\/\",\"name\":\"El Diario - Decano de la prensa nacional\",\"description\":\"El Diario - Decano de la prensa nacional\",\"publisher\":{\"@id\":\"https:\\\/\\\/www.eldiario.net\\\/portal\\\/#organization\"},\"potentialAction\":[{\"@type\":\"SearchAction\",\"target\":{\"@type\":\"EntryPoint\",\"urlTemplate\":\"https:\\\/\\\/www.eldiario.net\\\/portal\\\/?s={search_term_string}\"},\"query-input\":{\"@type\":\"PropertyValueSpecification\",\"valueRequired\":true,\"valueName\":\"search_term_string\"}}],\"inLanguage\":\"es\"},{\"@type\":\"Organization\",\"@id\":\"https:\\\/\\\/www.eldiario.net\\\/portal\\\/#organization\",\"name\":\"El Diario - Decano de la prensa nacional\",\"url\":\"https:\\\/\\\/www.eldiario.net\\\/portal\\\/\",\"logo\":{\"@type\":\"ImageObject\",\"inLanguage\":\"es\",\"@id\":\"https:\\\/\\\/www.eldiario.net\\\/portal\\\/#\\\/schema\\\/logo\\\/image\\\/\",\"url\":\"https:\\\/\\\/www.eldiario.net\\\/portal\\\/wp-content\\\/uploads\\\/2023\\\/07\\\/logo_ED.jpg\",\"contentUrl\":\"https:\\\/\\\/www.eldiario.net\\\/portal\\\/wp-content\\\/uploads\\\/2023\\\/07\\\/logo_ED.jpg\",\"width\":272,\"height\":52,\"caption\":\"El Diario - Decano de la prensa nacional\"},\"image\":{\"@id\":\"https:\\\/\\\/www.eldiario.net\\\/portal\\\/#\\\/schema\\\/logo\\\/image\\\/\"},\"sameAs\":[\"https:\\\/\\\/www.facebook.com\\\/eldiario.bolivia\\\/\",\"https:\\\/\\\/x.com\\\/eldiario_net\"]},{\"@type\":\"Person\",\"@id\":\"https:\\\/\\\/www.eldiario.net\\\/portal\\\/#\\\/schema\\\/person\\\/2c57cf2b7a7ae032e449e4c9b1019eac\",\"name\":\"Jeanette\",\"image\":{\"@type\":\"ImageObject\",\"inLanguage\":\"es\",\"@id\":\"https:\\\/\\\/secure.gravatar.com\\\/avatar\\\/3ea2118a5f7dad2b7138b1187a6b7ee55f160b9968b66013c3a3ef39dd7e5798?s=96&d=mm&r=g\",\"url\":\"https:\\\/\\\/secure.gravatar.com\\\/avatar\\\/3ea2118a5f7dad2b7138b1187a6b7ee55f160b9968b66013c3a3ef39dd7e5798?s=96&d=mm&r=g\",\"contentUrl\":\"https:\\\/\\\/secure.gravatar.com\\\/avatar\\\/3ea2118a5f7dad2b7138b1187a6b7ee55f160b9968b66013c3a3ef39dd7e5798?s=96&d=mm&r=g\",\"caption\":\"Jeanette\"},\"sameAs\":[\"https:\\\/\\\/www.eldiario.net\\\/portal\"],\"url\":\"https:\\\/\\\/www.eldiario.net\\\/portal\\\/author\\\/jeanette\\\/\"}]}<\/script>\n<!-- \/ Yoast SEO plugin. -->","yoast_head_json":{"title":"\u201cEl \u00faltimo blues del croata\u201d llega al cine con una historia emotiva y rebelde - El Diario - Bolivia","robots":{"index":"index","follow":"follow","max-snippet":"max-snippet:-1","max-image-preview":"max-image-preview:large","max-video-preview":"max-video-preview:-1"},"canonical":"https:\/\/www.eldiario.net\/portal\/2025\/09\/13\/el-ultimo-blues-del-croata-llega-al-cine-con-una-historia-emotiva-y-rebelde\/","og_locale":"es_ES","og_type":"article","og_title":"\u201cEl \u00faltimo blues del croata\u201d llega al cine con una historia emotiva y rebelde - El Diario - Bolivia","og_description":"\u201cEl \u00faltimo blues del croata\u201d llega a las salas de cine de Bolivia para conquistar al p\u00fablico con una historia emotiva y rebelde. Su estreno ser\u00e1 este 18 de septiembre. Dirigida por el talentoso cineasta cubano-boliviano Alejandro Su\u00e1rez Castro, \u00abEl \u00faltimo blues del croata\u00bb es una pel\u00edcula que no solo te atrapar\u00e1 con su trama [&hellip;]","og_url":"https:\/\/www.eldiario.net\/portal\/2025\/09\/13\/el-ultimo-blues-del-croata-llega-al-cine-con-una-historia-emotiva-y-rebelde\/","og_site_name":"El Diario - Bolivia","article_publisher":"https:\/\/www.facebook.com\/eldiario.bolivia\/","article_published_time":"2025-09-13T11:47:12+00:00","og_image":[{"width":1600,"height":843,"url":"https:\/\/www.eldiario.net\/portal\/wp-content\/uploads\/2025\/09\/1-PRINCIPAL-5.webp","type":"image\/webp"}],"author":"Jeanette","twitter_card":"summary_large_image","twitter_creator":"@eldiario_net","twitter_site":"@eldiario_net","twitter_misc":{"Escrito por":"Jeanette","Tiempo de lectura":"6 minutos"},"schema":{"@context":"https:\/\/schema.org","@graph":[{"@type":"Article","@id":"https:\/\/www.eldiario.net\/portal\/2025\/09\/13\/el-ultimo-blues-del-croata-llega-al-cine-con-una-historia-emotiva-y-rebelde\/#article","isPartOf":{"@id":"https:\/\/www.eldiario.net\/portal\/2025\/09\/13\/el-ultimo-blues-del-croata-llega-al-cine-con-una-historia-emotiva-y-rebelde\/"},"author":{"name":"Jeanette","@id":"https:\/\/www.eldiario.net\/portal\/#\/schema\/person\/2c57cf2b7a7ae032e449e4c9b1019eac"},"headline":"\u201cEl \u00faltimo blues del croata\u201d llega al cine con una historia emotiva y rebelde","datePublished":"2025-09-13T11:47:12+00:00","mainEntityOfPage":{"@id":"https:\/\/www.eldiario.net\/portal\/2025\/09\/13\/el-ultimo-blues-del-croata-llega-al-cine-con-una-historia-emotiva-y-rebelde\/"},"wordCount":1136,"publisher":{"@id":"https:\/\/www.eldiario.net\/portal\/#organization"},"image":{"@id":"https:\/\/www.eldiario.net\/portal\/2025\/09\/13\/el-ultimo-blues-del-croata-llega-al-cine-con-una-historia-emotiva-y-rebelde\/#primaryimage"},"thumbnailUrl":"https:\/\/www.eldiario.net\/portal\/wp-content\/uploads\/2025\/09\/1-PRINCIPAL-5.webp","articleSection":["La Gu\u00eda"],"inLanguage":"es"},{"@type":"WebPage","@id":"https:\/\/www.eldiario.net\/portal\/2025\/09\/13\/el-ultimo-blues-del-croata-llega-al-cine-con-una-historia-emotiva-y-rebelde\/","url":"https:\/\/www.eldiario.net\/portal\/2025\/09\/13\/el-ultimo-blues-del-croata-llega-al-cine-con-una-historia-emotiva-y-rebelde\/","name":"\u201cEl \u00faltimo blues del croata\u201d llega al cine con una historia emotiva y rebelde - El Diario - Bolivia","isPartOf":{"@id":"https:\/\/www.eldiario.net\/portal\/#website"},"primaryImageOfPage":{"@id":"https:\/\/www.eldiario.net\/portal\/2025\/09\/13\/el-ultimo-blues-del-croata-llega-al-cine-con-una-historia-emotiva-y-rebelde\/#primaryimage"},"image":{"@id":"https:\/\/www.eldiario.net\/portal\/2025\/09\/13\/el-ultimo-blues-del-croata-llega-al-cine-con-una-historia-emotiva-y-rebelde\/#primaryimage"},"thumbnailUrl":"https:\/\/www.eldiario.net\/portal\/wp-content\/uploads\/2025\/09\/1-PRINCIPAL-5.webp","datePublished":"2025-09-13T11:47:12+00:00","breadcrumb":{"@id":"https:\/\/www.eldiario.net\/portal\/2025\/09\/13\/el-ultimo-blues-del-croata-llega-al-cine-con-una-historia-emotiva-y-rebelde\/#breadcrumb"},"inLanguage":"es","potentialAction":[{"@type":"ReadAction","target":["https:\/\/www.eldiario.net\/portal\/2025\/09\/13\/el-ultimo-blues-del-croata-llega-al-cine-con-una-historia-emotiva-y-rebelde\/"]}]},{"@type":"ImageObject","inLanguage":"es","@id":"https:\/\/www.eldiario.net\/portal\/2025\/09\/13\/el-ultimo-blues-del-croata-llega-al-cine-con-una-historia-emotiva-y-rebelde\/#primaryimage","url":"https:\/\/www.eldiario.net\/portal\/wp-content\/uploads\/2025\/09\/1-PRINCIPAL-5.webp","contentUrl":"https:\/\/www.eldiario.net\/portal\/wp-content\/uploads\/2025\/09\/1-PRINCIPAL-5.webp","width":1600,"height":843},{"@type":"BreadcrumbList","@id":"https:\/\/www.eldiario.net\/portal\/2025\/09\/13\/el-ultimo-blues-del-croata-llega-al-cine-con-una-historia-emotiva-y-rebelde\/#breadcrumb","itemListElement":[{"@type":"ListItem","position":1,"name":"Portada","item":"https:\/\/www.eldiario.net\/portal\/"},{"@type":"ListItem","position":2,"name":"\u201cEl \u00faltimo blues del croata\u201d llega al cine con una historia emotiva y rebelde"}]},{"@type":"WebSite","@id":"https:\/\/www.eldiario.net\/portal\/#website","url":"https:\/\/www.eldiario.net\/portal\/","name":"El Diario - Decano de la prensa nacional","description":"El Diario - Decano de la prensa nacional","publisher":{"@id":"https:\/\/www.eldiario.net\/portal\/#organization"},"potentialAction":[{"@type":"SearchAction","target":{"@type":"EntryPoint","urlTemplate":"https:\/\/www.eldiario.net\/portal\/?s={search_term_string}"},"query-input":{"@type":"PropertyValueSpecification","valueRequired":true,"valueName":"search_term_string"}}],"inLanguage":"es"},{"@type":"Organization","@id":"https:\/\/www.eldiario.net\/portal\/#organization","name":"El Diario - Decano de la prensa nacional","url":"https:\/\/www.eldiario.net\/portal\/","logo":{"@type":"ImageObject","inLanguage":"es","@id":"https:\/\/www.eldiario.net\/portal\/#\/schema\/logo\/image\/","url":"https:\/\/www.eldiario.net\/portal\/wp-content\/uploads\/2023\/07\/logo_ED.jpg","contentUrl":"https:\/\/www.eldiario.net\/portal\/wp-content\/uploads\/2023\/07\/logo_ED.jpg","width":272,"height":52,"caption":"El Diario - Decano de la prensa nacional"},"image":{"@id":"https:\/\/www.eldiario.net\/portal\/#\/schema\/logo\/image\/"},"sameAs":["https:\/\/www.facebook.com\/eldiario.bolivia\/","https:\/\/x.com\/eldiario_net"]},{"@type":"Person","@id":"https:\/\/www.eldiario.net\/portal\/#\/schema\/person\/2c57cf2b7a7ae032e449e4c9b1019eac","name":"Jeanette","image":{"@type":"ImageObject","inLanguage":"es","@id":"https:\/\/secure.gravatar.com\/avatar\/3ea2118a5f7dad2b7138b1187a6b7ee55f160b9968b66013c3a3ef39dd7e5798?s=96&d=mm&r=g","url":"https:\/\/secure.gravatar.com\/avatar\/3ea2118a5f7dad2b7138b1187a6b7ee55f160b9968b66013c3a3ef39dd7e5798?s=96&d=mm&r=g","contentUrl":"https:\/\/secure.gravatar.com\/avatar\/3ea2118a5f7dad2b7138b1187a6b7ee55f160b9968b66013c3a3ef39dd7e5798?s=96&d=mm&r=g","caption":"Jeanette"},"sameAs":["https:\/\/www.eldiario.net\/portal"],"url":"https:\/\/www.eldiario.net\/portal\/author\/jeanette\/"}]}},"_links":{"self":[{"href":"https:\/\/www.eldiario.net\/portal\/wp-json\/wp\/v2\/posts\/330966","targetHints":{"allow":["GET"]}}],"collection":[{"href":"https:\/\/www.eldiario.net\/portal\/wp-json\/wp\/v2\/posts"}],"about":[{"href":"https:\/\/www.eldiario.net\/portal\/wp-json\/wp\/v2\/types\/post"}],"author":[{"embeddable":true,"href":"https:\/\/www.eldiario.net\/portal\/wp-json\/wp\/v2\/users\/1"}],"replies":[{"embeddable":true,"href":"https:\/\/www.eldiario.net\/portal\/wp-json\/wp\/v2\/comments?post=330966"}],"version-history":[{"count":1,"href":"https:\/\/www.eldiario.net\/portal\/wp-json\/wp\/v2\/posts\/330966\/revisions"}],"predecessor-version":[{"id":330974,"href":"https:\/\/www.eldiario.net\/portal\/wp-json\/wp\/v2\/posts\/330966\/revisions\/330974"}],"wp:featuredmedia":[{"embeddable":true,"href":"https:\/\/www.eldiario.net\/portal\/wp-json\/wp\/v2\/media\/330967"}],"wp:attachment":[{"href":"https:\/\/www.eldiario.net\/portal\/wp-json\/wp\/v2\/media?parent=330966"}],"wp:term":[{"taxonomy":"category","embeddable":true,"href":"https:\/\/www.eldiario.net\/portal\/wp-json\/wp\/v2\/categories?post=330966"},{"taxonomy":"post_tag","embeddable":true,"href":"https:\/\/www.eldiario.net\/portal\/wp-json\/wp\/v2\/tags?post=330966"}],"curies":[{"name":"wp","href":"https:\/\/api.w.org\/{rel}","templated":true}]}}