{"id":330573,"date":"2025-09-12T00:26:12","date_gmt":"2025-09-12T04:26:12","guid":{"rendered":"https:\/\/www.eldiario.net\/portal\/?p=330573"},"modified":"2025-09-11T22:31:29","modified_gmt":"2025-09-12T02:31:29","slug":"se-viene-el-concierto-20-anos-del-club-nostalgias","status":"publish","type":"post","link":"https:\/\/www.eldiario.net\/portal\/2025\/09\/12\/se-viene-el-concierto-20-anos-del-club-nostalgias\/","title":{"rendered":"Se viene el Concierto 20  a\u00f1os del Club Nostalgias"},"content":{"rendered":"<p>El Club Nostalgias, bajo el slogan El \u201cElenco rom\u00e1ntico m\u00e1s grande\u201d, celebrar\u00e1 sus veinte a\u00f1os de ininterrumpida labor musical el viernes 19 de septiembre, a horas 19:00, en el Cine Teatro 16 de Julio, ubicado en el tradicional paseo El Prado de la ciudad de La Paz.<\/p>\n<p>Nostalgias es una agrupaci\u00f3n nacional que naci\u00f3 el 21 de septiembre del a\u00f1o 2005 con la idea de difundir la m\u00fasica del recuerdo de los m\u00e1s grandes exponentes, gracias a la iniciativa de su fundador y director, Enrique D\u00edaz Flores.<\/p>\n<p>Primero fue un proyecto radial nocturno con muchos adeptos, llamado \u201cSentimientos y Nostalgias\u201d, que era conducido por el propio Enrique D\u00edaz. El programa transit\u00f3 por varios medios de comunicaci\u00f3n, como Qhana, Radio Libertad y otros.<\/p>\n<p>A la par y casi simult\u00e1neamente llega el Karaoke Club Nostalgias, que no cambia la idea central con la difusi\u00f3n de la m\u00fasica del recuerdo. All\u00ed se descubre a talentosas voces.<\/p>\n<p>Algunos nombres para recordar y que dieron inicio precisamente a Nostalgias fueron: Silvia Paris, Vivian Ramos, Freddy Calle, Jos\u00e9 Luis Arraya Jos\u00e9 Luis Flores, Pavel Churqui y Henry.<\/p>\n<p>M\u00e1s adelante llegar\u00eda el talento de Pedro Vargas, Jes\u00fas Delgado, Maribel Herrera, Tito Saavedra, Benito Moya, Yascara Zalles, Coco Venegas, Yosete Aguilar, Ramiro P\u00e9rez, Omar \u00c1ngel, Cristian Barrientos y muchos otros que por diferentes razones dejaron el club.<\/p>\n<p>\u201cA lo largo de los veinte a\u00f1os fueron muchos los invitados de lujo que realzaron con su presencia nuestras actividades, como la se\u00f1ora Luisa Molina, el maestro Franz Chuquimia, el gran Vico Vega, el patr\u00f3n de la cumbia Pitty Zapata y el mariachi Los Reales, entre otros\u201d, recuerda Enrique D\u00edaz.<\/p>\n<p>Otro aporte importante fue el que brind\u00f3 el grupo no vidente Los Inseparables, que estuvieron algunos a\u00f1os; Los Signos, junto a Efra\u00edn Salazar, voz l\u00edder de la ic\u00f3nica banda boliviana; y La Sonora Sensaci\u00f3n, orquesta nacional de renombre.<\/p>\n<p>Entre las voces a las que el Club Nostalgias rindi\u00f3 homenaje est\u00e1n las de Vicente Fern\u00e1ndez, Pimpinela, Yolanda del Rio, Roc\u00edo D\u00farcal, Jos\u00e9 Jos\u00e9, Sandro, Los Galos, Dino y muchas m\u00e1s.<\/p>\n<p>Al cabo de veinte a\u00f1os, el grupo que festejar\u00e1 el presente aniversario est\u00e1 conformado por: Mirco Monta\u00f1o, voz exquisita que nos traer\u00e1 las canciones de Los \u00c1ngeles Negros y Los Golpes de Chile; Denise Zu\u00f1agua, voz rom\u00e1ntica y experimentada, que recordar\u00e1 a Miriam Hern\u00e1ndez, Isabel Pantoja y otras cantantes; Mois\u00e9s P\u00e9rez evocar\u00e1 la inconfundible voz de Leonardo Favio; Ramiro Mendoza rememorar\u00e1 al D\u00fao Visconti y Henry har\u00e1 un repaso a las mejores canciones del legendario grupo uruguayo Los Iracundos.<\/p>\n<p>Pero eso no ser\u00e1 todo. El Club Nostalgias ha invitado para esta especial ocasi\u00f3n a Evelin Flores, espectacular voz de la agrupaci\u00f3n A\u00f1oranzas, y al maestro Vico Laura, recordado por los \u00e9xitos que consigui\u00f3 en las orquestas Rumba 7 y Tropicana Caliente, de la que actualmente es su director.<\/p>\n<p>Tambi\u00e9n se debe destacar el aporte fundamental e importante de Lourdes Ventura, sub directora y maestra de ceremonias oficial del Club Nostalgias. De Elmer Jos\u00e9, ingeniero de sonido y t\u00e9cnico, que tiene una gran experiencia en su campo. De Mary Ross J\u00e1uregui, voz off de spots, publicaci\u00f3n y difusi\u00f3n en medios. Y de Nelson Quispe, t\u00e9cnico en mantenimiento.<\/p>\n<p>Quienes deseen ser parte de esta rom\u00e1ntica celebraci\u00f3n junto al Club Nostalgias pueden recabar mayor informaci\u00f3n mediante los n\u00fameros de celulares: 73246735 y 72520102.<\/p>\n<p><strong>PARA DESTACAR<\/strong><\/p>\n<p>Para Enrique D\u00edaz es una gran satisfacci\u00f3n y enorme alegr\u00eda que el Club Nostalgias sea el elenco m\u00e1s grande especializado en m\u00fasica rom\u00e1ntica a nivel nacional.<\/p>\n<p>\u201cSabemos que nuestro mercado musical es bastante complejo en estos tiempos, pero el amor a lo que hacemos gan\u00f3 con los a\u00f1os. Cada vez que realizamos una presentaci\u00f3n siempre estamos con mucho p\u00fablico y eso nos satisface\u201d, resalt\u00f3 el creador y director del elenco musical en una anterior entrevista con La Gu\u00eda.<\/p>\n<p>D\u00edaz afirm\u00f3 que la m\u00fasica del recuerdo est\u00e1 m\u00e1s vigente que nunca porque es \u201c\u00fanica, m\u00e1gica, maravillosa\u201d. Por eso tiene fervientes fan\u00e1ticos y seguidores, como los que aglutina el Club Nostalgias.<\/p>\n<p>\u201cCreemos en el club que nada hay igual que las canciones del ayer, en su contenido, mensaje, versos y en las voces. Sin duda, quienes estamos en el club, hemos elegido ese camino musical y amamos de verdad lo que hacemos. Amamos la m\u00fasica del recuerdo, ese fue el cimiento para edificar el Club Nostalgias\u201d, enfatiz\u00f3.<\/p>\n<p>Enrique dijo que en este tiempo el club cambi\u00f3 much\u00edsimo. \u201cA menudo recordamos los primeros a\u00f1os y las presentaciones casi en familia y privadas, s\u00f3lo con allegados y amigos. Hoy es distinto, tenemos un p\u00fablico que nos sigue permanentemente a donde vamos y reclama que realicemos presentaciones m\u00e1s continuas. Realizamos tantos conciertos que ya formamos parte de la preferencia de quienes aman los recuerdos. Obviamente, en estos a\u00f1os cambiamos tambi\u00e9n algunas voces y las recordamos con cari\u00f1o. El actual elenco del club, modestia aparte, nada tiene que envidiar a cantantes del exterior. Somos bastante profesionales y responsables, y eso es lo que siempre buscamos\u201d, expres\u00f3.<\/p>\n<p>Seg\u00fan D\u00edaz, la mayor satisfacci\u00f3n del club es haber llegado hoy \u201csiempre unido, con altibajos, alegr\u00edas, pero firmes ante nuestras metas\u201d. \u201cSabemos que somos para nuestro p\u00fablico el medio para transportarlos al ayer a trav\u00e9s de la m\u00fasica y traer un poquito esos recuerdos que mucha gente no olvida, el club se encarga de mantenerlos vivos\u201d, subray\u00f3.<\/p>\n\r\n                <style type=\"text\/css\">\r\n                    \r\n                    #tdi_1  .td-doubleSlider-2 .td-item1 {\r\n                        background: url(https:\/\/www.eldiario.net\/portal\/wp-content\/uploads\/2025\/09\/1-PRINCIPAL-4-80x60.webp) 0 0 no-repeat;\r\n                    }\r\n                    #tdi_1  .td-doubleSlider-2 .td-item2 {\r\n                        background: url(https:\/\/www.eldiario.net\/portal\/wp-content\/uploads\/2025\/09\/2-3-80x60.webp) 0 0 no-repeat;\r\n                    }\r\n                    #tdi_1  .td-doubleSlider-2 .td-item3 {\r\n                        background: url(https:\/\/www.eldiario.net\/portal\/wp-content\/uploads\/2025\/09\/3-1-3-80x60.webp) 0 0 no-repeat;\r\n                    }\r\n                    #tdi_1  .td-doubleSlider-2 .td-item4 {\r\n                        background: url(https:\/\/www.eldiario.net\/portal\/wp-content\/uploads\/2025\/09\/4-1-3-80x60.webp) 0 0 no-repeat;\r\n                    }\r\n                    #tdi_1  .td-doubleSlider-2 .td-item5 {\r\n                        background: url(https:\/\/www.eldiario.net\/portal\/wp-content\/uploads\/2025\/09\/5-2-80x60.webp) 0 0 no-repeat;\r\n                    }\r\n                <\/style>\r\n\r\n                <div id=\"tdi_1\" class=\"td-gallery td-slide-on-2-columns\">\r\n                    <div class=\"post_td_gallery\">\r\n                        <div class=\"td-gallery-slide-top\">\r\n                           <div class=\"td-gallery-title\"><\/div>\r\n\r\n                            <div class=\"td-gallery-controls-wrapper\">\r\n                                <div class=\"td-gallery-slide-count\"><span class=\"td-gallery-slide-item-focus\">1<\/span> de 5<\/div>\r\n                                <div class=\"td-gallery-slide-prev-next-but\">\r\n                                    <i class = \"td-icon-left doubleSliderPrevButton\"><\/i>\r\n                                    <i class = \"td-icon-right doubleSliderNextButton\"><\/i>\r\n                                <\/div>\r\n                            <\/div>\r\n                        <\/div>\r\n\r\n                        <div class = \"td-doubleSlider-1 \">\r\n                            <div class = \"td-slider\">\r\n                                \r\n                    <div class = \"td-slide-item td-item1\">\r\n                        <figure class=\"td-slide-galery-figure td-slide-popup-gallery\">\r\n                            <a class=\"slide-gallery-image-link\" href=\"https:\/\/www.eldiario.net\/portal\/wp-content\/uploads\/2025\/09\/1-PRINCIPAL-4.webp\" title=\"1-PRINCIPAL\"  data-caption=\"\"  data-description=\"\">\r\n                                <img decoding=\"async\" src=\"https:\/\/www.eldiario.net\/portal\/wp-content\/uploads\/2025\/09\/1-PRINCIPAL-4-582x420.webp\" srcset=\"https:\/\/www.eldiario.net\/portal\/wp-content\/uploads\/2025\/09\/1-PRINCIPAL-4-582x420.webp 582w, https:\/\/www.eldiario.net\/portal\/wp-content\/uploads\/2025\/09\/1-PRINCIPAL-4-300x217.webp 300w, https:\/\/www.eldiario.net\/portal\/wp-content\/uploads\/2025\/09\/1-PRINCIPAL-4-1024x739.webp 1024w, https:\/\/www.eldiario.net\/portal\/wp-content\/uploads\/2025\/09\/1-PRINCIPAL-4-768x554.webp 768w, https:\/\/www.eldiario.net\/portal\/wp-content\/uploads\/2025\/09\/1-PRINCIPAL-4-150x108.webp 150w, https:\/\/www.eldiario.net\/portal\/wp-content\/uploads\/2025\/09\/1-PRINCIPAL-4-696x502.webp 696w, https:\/\/www.eldiario.net\/portal\/wp-content\/uploads\/2025\/09\/1-PRINCIPAL-4-1068x771.webp 1068w, https:\/\/www.eldiario.net\/portal\/wp-content\/uploads\/2025\/09\/1-PRINCIPAL-4.webp 1200w\" sizes=\"(max-width: 582px) 100vw, 582px\" alt=\"\">\r\n                            <\/a>\r\n                            \r\n                        <\/figure>\r\n                    <\/div>\r\n                    <div class = \"td-slide-item td-item2\">\r\n                        <figure class=\"td-slide-galery-figure td-slide-popup-gallery\">\r\n                            <a class=\"slide-gallery-image-link\" href=\"https:\/\/www.eldiario.net\/portal\/wp-content\/uploads\/2025\/09\/2-3.webp\" title=\"2\"  data-caption=\"\"  data-description=\"\">\r\n                                <img decoding=\"async\" src=\"https:\/\/www.eldiario.net\/portal\/wp-content\/uploads\/2025\/09\/2-3-630x420.webp\" srcset=\"https:\/\/www.eldiario.net\/portal\/wp-content\/uploads\/2025\/09\/2-3-630x420.webp 630w, https:\/\/www.eldiario.net\/portal\/wp-content\/uploads\/2025\/09\/2-3-300x200.webp 300w, https:\/\/www.eldiario.net\/portal\/wp-content\/uploads\/2025\/09\/2-3-1024x683.webp 1024w, https:\/\/www.eldiario.net\/portal\/wp-content\/uploads\/2025\/09\/2-3-768x512.webp 768w, https:\/\/www.eldiario.net\/portal\/wp-content\/uploads\/2025\/09\/2-3-150x100.webp 150w, https:\/\/www.eldiario.net\/portal\/wp-content\/uploads\/2025\/09\/2-3-696x464.webp 696w, https:\/\/www.eldiario.net\/portal\/wp-content\/uploads\/2025\/09\/2-3-1068x712.webp 1068w, https:\/\/www.eldiario.net\/portal\/wp-content\/uploads\/2025\/09\/2-3.webp 1200w\" sizes=\"(max-width: 630px) 100vw, 630px\" alt=\"\">\r\n                            <\/a>\r\n                            \r\n                        <\/figure>\r\n                    <\/div>\r\n                    <div class = \"td-slide-item td-item3\">\r\n                        <figure class=\"td-slide-galery-figure td-slide-popup-gallery\">\r\n                            <a class=\"slide-gallery-image-link\" href=\"https:\/\/www.eldiario.net\/portal\/wp-content\/uploads\/2025\/09\/3-1-3.webp\" title=\"3-\"  data-caption=\"\"  data-description=\"\">\r\n                                <img decoding=\"async\" src=\"https:\/\/www.eldiario.net\/portal\/wp-content\/uploads\/2025\/09\/3-1-3-280x420.webp\" srcset=\"https:\/\/www.eldiario.net\/portal\/wp-content\/uploads\/2025\/09\/3-1-3-280x420.webp 280w, https:\/\/www.eldiario.net\/portal\/wp-content\/uploads\/2025\/09\/3-1-3-200x300.webp 200w, https:\/\/www.eldiario.net\/portal\/wp-content\/uploads\/2025\/09\/3-1-3-682x1024.webp 682w, https:\/\/www.eldiario.net\/portal\/wp-content\/uploads\/2025\/09\/3-1-3-768x1153.webp 768w, https:\/\/www.eldiario.net\/portal\/wp-content\/uploads\/2025\/09\/3-1-3-1023x1536.webp 1023w, https:\/\/www.eldiario.net\/portal\/wp-content\/uploads\/2025\/09\/3-1-3-150x225.webp 150w, https:\/\/www.eldiario.net\/portal\/wp-content\/uploads\/2025\/09\/3-1-3-300x450.webp 300w, https:\/\/www.eldiario.net\/portal\/wp-content\/uploads\/2025\/09\/3-1-3-696x1045.webp 696w, https:\/\/www.eldiario.net\/portal\/wp-content\/uploads\/2025\/09\/3-1-3.webp 1066w\" sizes=\"(max-width: 280px) 100vw, 280px\" alt=\"\">\r\n                            <\/a>\r\n                            \r\n                        <\/figure>\r\n                    <\/div>\r\n                    <div class = \"td-slide-item td-item4\">\r\n                        <figure class=\"td-slide-galery-figure td-slide-popup-gallery\">\r\n                            <a class=\"slide-gallery-image-link\" href=\"https:\/\/www.eldiario.net\/portal\/wp-content\/uploads\/2025\/09\/4-1-3.webp\" title=\"4-\"  data-caption=\"\"  data-description=\"\">\r\n                                <img decoding=\"async\" src=\"https:\/\/www.eldiario.net\/portal\/wp-content\/uploads\/2025\/09\/4-1-3-280x420.webp\" srcset=\"https:\/\/www.eldiario.net\/portal\/wp-content\/uploads\/2025\/09\/4-1-3-280x420.webp 280w, https:\/\/www.eldiario.net\/portal\/wp-content\/uploads\/2025\/09\/4-1-3-200x300.webp 200w, https:\/\/www.eldiario.net\/portal\/wp-content\/uploads\/2025\/09\/4-1-3-683x1024.webp 683w, https:\/\/www.eldiario.net\/portal\/wp-content\/uploads\/2025\/09\/4-1-3-150x225.webp 150w, https:\/\/www.eldiario.net\/portal\/wp-content\/uploads\/2025\/09\/4-1-3-300x450.webp 300w, https:\/\/www.eldiario.net\/portal\/wp-content\/uploads\/2025\/09\/4-1-3.webp 694w\" sizes=\"(max-width: 280px) 100vw, 280px\" alt=\"\">\r\n                            <\/a>\r\n                            \r\n                        <\/figure>\r\n                    <\/div>\r\n                    <div class = \"td-slide-item td-item5\">\r\n                        <figure class=\"td-slide-galery-figure td-slide-popup-gallery\">\r\n                            <a class=\"slide-gallery-image-link\" href=\"https:\/\/www.eldiario.net\/portal\/wp-content\/uploads\/2025\/09\/5-2.webp\" title=\"5\"  data-caption=\"\"  data-description=\"\">\r\n                                <img decoding=\"async\" src=\"https:\/\/www.eldiario.net\/portal\/wp-content\/uploads\/2025\/09\/5-2-406x420.webp\" srcset=\"https:\/\/www.eldiario.net\/portal\/wp-content\/uploads\/2025\/09\/5-2-406x420.webp 406w, https:\/\/www.eldiario.net\/portal\/wp-content\/uploads\/2025\/09\/5-2-290x300.webp 290w, https:\/\/www.eldiario.net\/portal\/wp-content\/uploads\/2025\/09\/5-2-768x794.webp 768w, https:\/\/www.eldiario.net\/portal\/wp-content\/uploads\/2025\/09\/5-2-150x155.webp 150w, https:\/\/www.eldiario.net\/portal\/wp-content\/uploads\/2025\/09\/5-2-300x310.webp 300w, https:\/\/www.eldiario.net\/portal\/wp-content\/uploads\/2025\/09\/5-2-696x720.webp 696w, https:\/\/www.eldiario.net\/portal\/wp-content\/uploads\/2025\/09\/5-2.webp 846w\" sizes=\"(max-width: 406px) 100vw, 406px\" alt=\"\">\r\n                            <\/a>\r\n                            \r\n                        <\/figure>\r\n                    <\/div>\r\n                            <\/div>\r\n                        <\/div>\r\n\r\n                        <div class = \"td-doubleSlider-2\">\r\n                            <div class = \"td-slider\">\r\n                                \r\n                    <div class = \"td-button td-item1\">\r\n                        <div class = \"td-border\"><\/div>\r\n                    <\/div>\r\n                    <div class = \"td-button td-item2\">\r\n                        <div class = \"td-border\"><\/div>\r\n                    <\/div>\r\n                    <div class = \"td-button td-item3\">\r\n                        <div class = \"td-border\"><\/div>\r\n                    <\/div>\r\n                    <div class = \"td-button td-item4\">\r\n                        <div class = \"td-border\"><\/div>\r\n                    <\/div>\r\n                    <div class = \"td-button td-item5\">\r\n                        <div class = \"td-border\"><\/div>\r\n                    <\/div>\r\n                            <\/div>\r\n                        <\/div>\r\n\r\n                    <\/div>\r\n\r\n                <\/div>\r\n                \n","protected":false},"excerpt":{"rendered":"<p>El Club Nostalgias, bajo el slogan El \u201cElenco rom\u00e1ntico m\u00e1s grande\u201d, celebrar\u00e1 sus veinte a\u00f1os de ininterrumpida labor musical el viernes 19 de septiembre, a horas 19:00, en el Cine Teatro 16 de Julio, ubicado en el tradicional paseo El Prado de la ciudad de La Paz. Nostalgias es una agrupaci\u00f3n nacional que naci\u00f3 el [&hellip;]<\/p>\n","protected":false},"author":1,"featured_media":330574,"comment_status":"closed","ping_status":"open","sticky":false,"template":"","format":"standard","meta":{"_acf_changed":false,"footnotes":""},"categories":[41],"tags":[],"class_list":["post-330573","post","type-post","status-publish","format-standard","has-post-thumbnail","category-la-guia"],"acf":{"antetitulo":""},"yoast_head":"<!-- This site is optimized with the Yoast SEO plugin v28.4 - https:\/\/yoast.com\/product\/yoast-seo-wordpress\/ -->\n<title>Se viene el Concierto 20 a\u00f1os del Club Nostalgias - El Diario - Bolivia<\/title>\n<meta name=\"robots\" content=\"index, follow, max-snippet:-1, max-image-preview:large, max-video-preview:-1\" \/>\n<link rel=\"canonical\" href=\"https:\/\/www.eldiario.net\/portal\/2025\/09\/12\/se-viene-el-concierto-20-anos-del-club-nostalgias\/\" \/>\n<meta property=\"og:locale\" content=\"es_ES\" \/>\n<meta property=\"og:type\" content=\"article\" \/>\n<meta property=\"og:title\" content=\"Se viene el Concierto 20 a\u00f1os del Club Nostalgias - El Diario - Bolivia\" \/>\n<meta property=\"og:description\" content=\"El Club Nostalgias, bajo el slogan El \u201cElenco rom\u00e1ntico m\u00e1s grande\u201d, celebrar\u00e1 sus veinte a\u00f1os de ininterrumpida labor musical el viernes 19 de septiembre, a horas 19:00, en el Cine Teatro 16 de Julio, ubicado en el tradicional paseo El Prado de la ciudad de La Paz. Nostalgias es una agrupaci\u00f3n nacional que naci\u00f3 el [&hellip;]\" \/>\n<meta property=\"og:url\" content=\"https:\/\/www.eldiario.net\/portal\/2025\/09\/12\/se-viene-el-concierto-20-anos-del-club-nostalgias\/\" \/>\n<meta property=\"og:site_name\" content=\"El Diario - Bolivia\" \/>\n<meta property=\"article:publisher\" content=\"https:\/\/www.facebook.com\/eldiario.bolivia\/\" \/>\n<meta property=\"article:published_time\" content=\"2025-09-12T04:26:12+00:00\" \/>\n<meta property=\"og:image\" content=\"https:\/\/www.eldiario.net\/portal\/wp-content\/uploads\/2025\/09\/1-PRINCIPAL-4.webp\" \/>\n\t<meta property=\"og:image:width\" content=\"1200\" \/>\n\t<meta property=\"og:image:height\" content=\"866\" \/>\n\t<meta property=\"og:image:type\" content=\"image\/webp\" \/>\n<meta name=\"author\" content=\"Jeanette\" \/>\n<meta name=\"twitter:card\" content=\"summary_large_image\" \/>\n<meta name=\"twitter:creator\" content=\"@eldiario_net\" \/>\n<meta name=\"twitter:site\" content=\"@eldiario_net\" \/>\n<meta name=\"twitter:label1\" content=\"Escrito por\" \/>\n\t<meta name=\"twitter:data1\" content=\"Jeanette\" \/>\n\t<meta name=\"twitter:label2\" content=\"Tiempo de lectura\" \/>\n\t<meta name=\"twitter:data2\" content=\"5 minutos\" \/>\n<script type=\"application\/ld+json\" class=\"yoast-schema-graph\">{\"@context\":\"https:\\\/\\\/schema.org\",\"@graph\":[{\"@type\":\"Article\",\"@id\":\"https:\\\/\\\/www.eldiario.net\\\/portal\\\/2025\\\/09\\\/12\\\/se-viene-el-concierto-20-anos-del-club-nostalgias\\\/#article\",\"isPartOf\":{\"@id\":\"https:\\\/\\\/www.eldiario.net\\\/portal\\\/2025\\\/09\\\/12\\\/se-viene-el-concierto-20-anos-del-club-nostalgias\\\/\"},\"author\":{\"name\":\"Jeanette\",\"@id\":\"https:\\\/\\\/www.eldiario.net\\\/portal\\\/#\\\/schema\\\/person\\\/2c57cf2b7a7ae032e449e4c9b1019eac\"},\"headline\":\"Se viene el Concierto 20 a\u00f1os del Club Nostalgias\",\"datePublished\":\"2025-09-12T04:26:12+00:00\",\"mainEntityOfPage\":{\"@id\":\"https:\\\/\\\/www.eldiario.net\\\/portal\\\/2025\\\/09\\\/12\\\/se-viene-el-concierto-20-anos-del-club-nostalgias\\\/\"},\"wordCount\":970,\"publisher\":{\"@id\":\"https:\\\/\\\/www.eldiario.net\\\/portal\\\/#organization\"},\"image\":{\"@id\":\"https:\\\/\\\/www.eldiario.net\\\/portal\\\/2025\\\/09\\\/12\\\/se-viene-el-concierto-20-anos-del-club-nostalgias\\\/#primaryimage\"},\"thumbnailUrl\":\"https:\\\/\\\/www.eldiario.net\\\/portal\\\/wp-content\\\/uploads\\\/2025\\\/09\\\/1-PRINCIPAL-4.webp\",\"articleSection\":[\"La Gu\u00eda\"],\"inLanguage\":\"es\"},{\"@type\":\"WebPage\",\"@id\":\"https:\\\/\\\/www.eldiario.net\\\/portal\\\/2025\\\/09\\\/12\\\/se-viene-el-concierto-20-anos-del-club-nostalgias\\\/\",\"url\":\"https:\\\/\\\/www.eldiario.net\\\/portal\\\/2025\\\/09\\\/12\\\/se-viene-el-concierto-20-anos-del-club-nostalgias\\\/\",\"name\":\"Se viene el Concierto 20 a\u00f1os del Club Nostalgias - El Diario - Bolivia\",\"isPartOf\":{\"@id\":\"https:\\\/\\\/www.eldiario.net\\\/portal\\\/#website\"},\"primaryImageOfPage\":{\"@id\":\"https:\\\/\\\/www.eldiario.net\\\/portal\\\/2025\\\/09\\\/12\\\/se-viene-el-concierto-20-anos-del-club-nostalgias\\\/#primaryimage\"},\"image\":{\"@id\":\"https:\\\/\\\/www.eldiario.net\\\/portal\\\/2025\\\/09\\\/12\\\/se-viene-el-concierto-20-anos-del-club-nostalgias\\\/#primaryimage\"},\"thumbnailUrl\":\"https:\\\/\\\/www.eldiario.net\\\/portal\\\/wp-content\\\/uploads\\\/2025\\\/09\\\/1-PRINCIPAL-4.webp\",\"datePublished\":\"2025-09-12T04:26:12+00:00\",\"breadcrumb\":{\"@id\":\"https:\\\/\\\/www.eldiario.net\\\/portal\\\/2025\\\/09\\\/12\\\/se-viene-el-concierto-20-anos-del-club-nostalgias\\\/#breadcrumb\"},\"inLanguage\":\"es\",\"potentialAction\":[{\"@type\":\"ReadAction\",\"target\":[\"https:\\\/\\\/www.eldiario.net\\\/portal\\\/2025\\\/09\\\/12\\\/se-viene-el-concierto-20-anos-del-club-nostalgias\\\/\"]}]},{\"@type\":\"ImageObject\",\"inLanguage\":\"es\",\"@id\":\"https:\\\/\\\/www.eldiario.net\\\/portal\\\/2025\\\/09\\\/12\\\/se-viene-el-concierto-20-anos-del-club-nostalgias\\\/#primaryimage\",\"url\":\"https:\\\/\\\/www.eldiario.net\\\/portal\\\/wp-content\\\/uploads\\\/2025\\\/09\\\/1-PRINCIPAL-4.webp\",\"contentUrl\":\"https:\\\/\\\/www.eldiario.net\\\/portal\\\/wp-content\\\/uploads\\\/2025\\\/09\\\/1-PRINCIPAL-4.webp\",\"width\":1200,\"height\":866},{\"@type\":\"BreadcrumbList\",\"@id\":\"https:\\\/\\\/www.eldiario.net\\\/portal\\\/2025\\\/09\\\/12\\\/se-viene-el-concierto-20-anos-del-club-nostalgias\\\/#breadcrumb\",\"itemListElement\":[{\"@type\":\"ListItem\",\"position\":1,\"name\":\"Portada\",\"item\":\"https:\\\/\\\/www.eldiario.net\\\/portal\\\/\"},{\"@type\":\"ListItem\",\"position\":2,\"name\":\"Se viene el Concierto 20 a\u00f1os del Club Nostalgias\"}]},{\"@type\":\"WebSite\",\"@id\":\"https:\\\/\\\/www.eldiario.net\\\/portal\\\/#website\",\"url\":\"https:\\\/\\\/www.eldiario.net\\\/portal\\\/\",\"name\":\"El Diario - Decano de la prensa nacional\",\"description\":\"El Diario - Decano de la prensa nacional\",\"publisher\":{\"@id\":\"https:\\\/\\\/www.eldiario.net\\\/portal\\\/#organization\"},\"potentialAction\":[{\"@type\":\"SearchAction\",\"target\":{\"@type\":\"EntryPoint\",\"urlTemplate\":\"https:\\\/\\\/www.eldiario.net\\\/portal\\\/?s={search_term_string}\"},\"query-input\":{\"@type\":\"PropertyValueSpecification\",\"valueRequired\":true,\"valueName\":\"search_term_string\"}}],\"inLanguage\":\"es\"},{\"@type\":\"Organization\",\"@id\":\"https:\\\/\\\/www.eldiario.net\\\/portal\\\/#organization\",\"name\":\"El Diario - Decano de la prensa nacional\",\"url\":\"https:\\\/\\\/www.eldiario.net\\\/portal\\\/\",\"logo\":{\"@type\":\"ImageObject\",\"inLanguage\":\"es\",\"@id\":\"https:\\\/\\\/www.eldiario.net\\\/portal\\\/#\\\/schema\\\/logo\\\/image\\\/\",\"url\":\"https:\\\/\\\/www.eldiario.net\\\/portal\\\/wp-content\\\/uploads\\\/2023\\\/07\\\/logo_ED.jpg\",\"contentUrl\":\"https:\\\/\\\/www.eldiario.net\\\/portal\\\/wp-content\\\/uploads\\\/2023\\\/07\\\/logo_ED.jpg\",\"width\":272,\"height\":52,\"caption\":\"El Diario - Decano de la prensa nacional\"},\"image\":{\"@id\":\"https:\\\/\\\/www.eldiario.net\\\/portal\\\/#\\\/schema\\\/logo\\\/image\\\/\"},\"sameAs\":[\"https:\\\/\\\/www.facebook.com\\\/eldiario.bolivia\\\/\",\"https:\\\/\\\/x.com\\\/eldiario_net\"]},{\"@type\":\"Person\",\"@id\":\"https:\\\/\\\/www.eldiario.net\\\/portal\\\/#\\\/schema\\\/person\\\/2c57cf2b7a7ae032e449e4c9b1019eac\",\"name\":\"Jeanette\",\"image\":{\"@type\":\"ImageObject\",\"inLanguage\":\"es\",\"@id\":\"https:\\\/\\\/secure.gravatar.com\\\/avatar\\\/3ea2118a5f7dad2b7138b1187a6b7ee55f160b9968b66013c3a3ef39dd7e5798?s=96&d=mm&r=g\",\"url\":\"https:\\\/\\\/secure.gravatar.com\\\/avatar\\\/3ea2118a5f7dad2b7138b1187a6b7ee55f160b9968b66013c3a3ef39dd7e5798?s=96&d=mm&r=g\",\"contentUrl\":\"https:\\\/\\\/secure.gravatar.com\\\/avatar\\\/3ea2118a5f7dad2b7138b1187a6b7ee55f160b9968b66013c3a3ef39dd7e5798?s=96&d=mm&r=g\",\"caption\":\"Jeanette\"},\"sameAs\":[\"https:\\\/\\\/www.eldiario.net\\\/portal\"],\"url\":\"https:\\\/\\\/www.eldiario.net\\\/portal\\\/author\\\/jeanette\\\/\"}]}<\/script>\n<!-- \/ Yoast SEO plugin. -->","yoast_head_json":{"title":"Se viene el Concierto 20 a\u00f1os del Club Nostalgias - El Diario - Bolivia","robots":{"index":"index","follow":"follow","max-snippet":"max-snippet:-1","max-image-preview":"max-image-preview:large","max-video-preview":"max-video-preview:-1"},"canonical":"https:\/\/www.eldiario.net\/portal\/2025\/09\/12\/se-viene-el-concierto-20-anos-del-club-nostalgias\/","og_locale":"es_ES","og_type":"article","og_title":"Se viene el Concierto 20 a\u00f1os del Club Nostalgias - El Diario - Bolivia","og_description":"El Club Nostalgias, bajo el slogan El \u201cElenco rom\u00e1ntico m\u00e1s grande\u201d, celebrar\u00e1 sus veinte a\u00f1os de ininterrumpida labor musical el viernes 19 de septiembre, a horas 19:00, en el Cine Teatro 16 de Julio, ubicado en el tradicional paseo El Prado de la ciudad de La Paz. Nostalgias es una agrupaci\u00f3n nacional que naci\u00f3 el [&hellip;]","og_url":"https:\/\/www.eldiario.net\/portal\/2025\/09\/12\/se-viene-el-concierto-20-anos-del-club-nostalgias\/","og_site_name":"El Diario - Bolivia","article_publisher":"https:\/\/www.facebook.com\/eldiario.bolivia\/","article_published_time":"2025-09-12T04:26:12+00:00","og_image":[{"width":1200,"height":866,"url":"https:\/\/www.eldiario.net\/portal\/wp-content\/uploads\/2025\/09\/1-PRINCIPAL-4.webp","type":"image\/webp"}],"author":"Jeanette","twitter_card":"summary_large_image","twitter_creator":"@eldiario_net","twitter_site":"@eldiario_net","twitter_misc":{"Escrito por":"Jeanette","Tiempo de lectura":"5 minutos"},"schema":{"@context":"https:\/\/schema.org","@graph":[{"@type":"Article","@id":"https:\/\/www.eldiario.net\/portal\/2025\/09\/12\/se-viene-el-concierto-20-anos-del-club-nostalgias\/#article","isPartOf":{"@id":"https:\/\/www.eldiario.net\/portal\/2025\/09\/12\/se-viene-el-concierto-20-anos-del-club-nostalgias\/"},"author":{"name":"Jeanette","@id":"https:\/\/www.eldiario.net\/portal\/#\/schema\/person\/2c57cf2b7a7ae032e449e4c9b1019eac"},"headline":"Se viene el Concierto 20 a\u00f1os del Club Nostalgias","datePublished":"2025-09-12T04:26:12+00:00","mainEntityOfPage":{"@id":"https:\/\/www.eldiario.net\/portal\/2025\/09\/12\/se-viene-el-concierto-20-anos-del-club-nostalgias\/"},"wordCount":970,"publisher":{"@id":"https:\/\/www.eldiario.net\/portal\/#organization"},"image":{"@id":"https:\/\/www.eldiario.net\/portal\/2025\/09\/12\/se-viene-el-concierto-20-anos-del-club-nostalgias\/#primaryimage"},"thumbnailUrl":"https:\/\/www.eldiario.net\/portal\/wp-content\/uploads\/2025\/09\/1-PRINCIPAL-4.webp","articleSection":["La Gu\u00eda"],"inLanguage":"es"},{"@type":"WebPage","@id":"https:\/\/www.eldiario.net\/portal\/2025\/09\/12\/se-viene-el-concierto-20-anos-del-club-nostalgias\/","url":"https:\/\/www.eldiario.net\/portal\/2025\/09\/12\/se-viene-el-concierto-20-anos-del-club-nostalgias\/","name":"Se viene el Concierto 20 a\u00f1os del Club Nostalgias - El Diario - Bolivia","isPartOf":{"@id":"https:\/\/www.eldiario.net\/portal\/#website"},"primaryImageOfPage":{"@id":"https:\/\/www.eldiario.net\/portal\/2025\/09\/12\/se-viene-el-concierto-20-anos-del-club-nostalgias\/#primaryimage"},"image":{"@id":"https:\/\/www.eldiario.net\/portal\/2025\/09\/12\/se-viene-el-concierto-20-anos-del-club-nostalgias\/#primaryimage"},"thumbnailUrl":"https:\/\/www.eldiario.net\/portal\/wp-content\/uploads\/2025\/09\/1-PRINCIPAL-4.webp","datePublished":"2025-09-12T04:26:12+00:00","breadcrumb":{"@id":"https:\/\/www.eldiario.net\/portal\/2025\/09\/12\/se-viene-el-concierto-20-anos-del-club-nostalgias\/#breadcrumb"},"inLanguage":"es","potentialAction":[{"@type":"ReadAction","target":["https:\/\/www.eldiario.net\/portal\/2025\/09\/12\/se-viene-el-concierto-20-anos-del-club-nostalgias\/"]}]},{"@type":"ImageObject","inLanguage":"es","@id":"https:\/\/www.eldiario.net\/portal\/2025\/09\/12\/se-viene-el-concierto-20-anos-del-club-nostalgias\/#primaryimage","url":"https:\/\/www.eldiario.net\/portal\/wp-content\/uploads\/2025\/09\/1-PRINCIPAL-4.webp","contentUrl":"https:\/\/www.eldiario.net\/portal\/wp-content\/uploads\/2025\/09\/1-PRINCIPAL-4.webp","width":1200,"height":866},{"@type":"BreadcrumbList","@id":"https:\/\/www.eldiario.net\/portal\/2025\/09\/12\/se-viene-el-concierto-20-anos-del-club-nostalgias\/#breadcrumb","itemListElement":[{"@type":"ListItem","position":1,"name":"Portada","item":"https:\/\/www.eldiario.net\/portal\/"},{"@type":"ListItem","position":2,"name":"Se viene el Concierto 20 a\u00f1os del Club Nostalgias"}]},{"@type":"WebSite","@id":"https:\/\/www.eldiario.net\/portal\/#website","url":"https:\/\/www.eldiario.net\/portal\/","name":"El Diario - Decano de la prensa nacional","description":"El Diario - Decano de la prensa nacional","publisher":{"@id":"https:\/\/www.eldiario.net\/portal\/#organization"},"potentialAction":[{"@type":"SearchAction","target":{"@type":"EntryPoint","urlTemplate":"https:\/\/www.eldiario.net\/portal\/?s={search_term_string}"},"query-input":{"@type":"PropertyValueSpecification","valueRequired":true,"valueName":"search_term_string"}}],"inLanguage":"es"},{"@type":"Organization","@id":"https:\/\/www.eldiario.net\/portal\/#organization","name":"El Diario - Decano de la prensa nacional","url":"https:\/\/www.eldiario.net\/portal\/","logo":{"@type":"ImageObject","inLanguage":"es","@id":"https:\/\/www.eldiario.net\/portal\/#\/schema\/logo\/image\/","url":"https:\/\/www.eldiario.net\/portal\/wp-content\/uploads\/2023\/07\/logo_ED.jpg","contentUrl":"https:\/\/www.eldiario.net\/portal\/wp-content\/uploads\/2023\/07\/logo_ED.jpg","width":272,"height":52,"caption":"El Diario - Decano de la prensa nacional"},"image":{"@id":"https:\/\/www.eldiario.net\/portal\/#\/schema\/logo\/image\/"},"sameAs":["https:\/\/www.facebook.com\/eldiario.bolivia\/","https:\/\/x.com\/eldiario_net"]},{"@type":"Person","@id":"https:\/\/www.eldiario.net\/portal\/#\/schema\/person\/2c57cf2b7a7ae032e449e4c9b1019eac","name":"Jeanette","image":{"@type":"ImageObject","inLanguage":"es","@id":"https:\/\/secure.gravatar.com\/avatar\/3ea2118a5f7dad2b7138b1187a6b7ee55f160b9968b66013c3a3ef39dd7e5798?s=96&d=mm&r=g","url":"https:\/\/secure.gravatar.com\/avatar\/3ea2118a5f7dad2b7138b1187a6b7ee55f160b9968b66013c3a3ef39dd7e5798?s=96&d=mm&r=g","contentUrl":"https:\/\/secure.gravatar.com\/avatar\/3ea2118a5f7dad2b7138b1187a6b7ee55f160b9968b66013c3a3ef39dd7e5798?s=96&d=mm&r=g","caption":"Jeanette"},"sameAs":["https:\/\/www.eldiario.net\/portal"],"url":"https:\/\/www.eldiario.net\/portal\/author\/jeanette\/"}]}},"_links":{"self":[{"href":"https:\/\/www.eldiario.net\/portal\/wp-json\/wp\/v2\/posts\/330573","targetHints":{"allow":["GET"]}}],"collection":[{"href":"https:\/\/www.eldiario.net\/portal\/wp-json\/wp\/v2\/posts"}],"about":[{"href":"https:\/\/www.eldiario.net\/portal\/wp-json\/wp\/v2\/types\/post"}],"author":[{"embeddable":true,"href":"https:\/\/www.eldiario.net\/portal\/wp-json\/wp\/v2\/users\/1"}],"replies":[{"embeddable":true,"href":"https:\/\/www.eldiario.net\/portal\/wp-json\/wp\/v2\/comments?post=330573"}],"version-history":[{"count":1,"href":"https:\/\/www.eldiario.net\/portal\/wp-json\/wp\/v2\/posts\/330573\/revisions"}],"predecessor-version":[{"id":330579,"href":"https:\/\/www.eldiario.net\/portal\/wp-json\/wp\/v2\/posts\/330573\/revisions\/330579"}],"wp:featuredmedia":[{"embeddable":true,"href":"https:\/\/www.eldiario.net\/portal\/wp-json\/wp\/v2\/media\/330574"}],"wp:attachment":[{"href":"https:\/\/www.eldiario.net\/portal\/wp-json\/wp\/v2\/media?parent=330573"}],"wp:term":[{"taxonomy":"category","embeddable":true,"href":"https:\/\/www.eldiario.net\/portal\/wp-json\/wp\/v2\/categories?post=330573"},{"taxonomy":"post_tag","embeddable":true,"href":"https:\/\/www.eldiario.net\/portal\/wp-json\/wp\/v2\/tags?post=330573"}],"curies":[{"name":"wp","href":"https:\/\/api.w.org\/{rel}","templated":true}]}}